{"id":47086,"date":"2026-04-08T15:51:31","date_gmt":"2026-04-08T13:51:31","guid":{"rendered":"https:\/\/www.organisator.ch\/de\/?p=47086"},"modified":"2026-04-08T15:51:31","modified_gmt":"2026-04-08T13:51:31","slug":"logistik-hubs-temperaturmanagement-verursacht-41-prozent-der-emissionen","status":"publish","type":"post","link":"https:\/\/www.organisator.ch\/it\/sustainability\/2026-04-08\/logistik-hubs-temperaturmanagement-verursacht-41-prozent-der-emissionen\/","title":{"rendered":"Hub logistici: la gestione della temperatura causa il 41% delle emissioni"},"content":{"rendered":"<figure id=\"attachment_47085\" aria-describedby=\"caption-attachment-47085\" style=\"width: 1400px\" class=\"wp-caption alignnone\"><img loading=\"lazy\" decoding=\"async\" class=\"size-full wp-image-47085\" src=\"https:\/\/www.organisator.ch\/wp-content\/uploads\/2026\/04\/Net_Zero_Warehouse_Grafik-scaled.jpg\" alt=\"\" width=\"1400\" height=\"788\" srcset=\"https:\/\/www.organisator.ch\/wp-content\/uploads\/2026\/04\/Net_Zero_Warehouse_Grafik-scaled.jpg 1400w, https:\/\/www.organisator.ch\/wp-content\/uploads\/2026\/04\/Net_Zero_Warehouse_Grafik-680x383.jpg 680w, https:\/\/www.organisator.ch\/wp-content\/uploads\/2026\/04\/Net_Zero_Warehouse_Grafik-1024x576.jpg 1024w, https:\/\/www.organisator.ch\/wp-content\/uploads\/2026\/04\/Net_Zero_Warehouse_Grafik-768x432.jpg 768w, https:\/\/www.organisator.ch\/wp-content\/uploads\/2026\/04\/Net_Zero_Warehouse_Grafik-1536x864.jpg 1536w, https:\/\/www.organisator.ch\/wp-content\/uploads\/2026\/04\/Net_Zero_Warehouse_Grafik-2048x1153.jpg 2048w, https:\/\/www.organisator.ch\/wp-content\/uploads\/2026\/04\/Net_Zero_Warehouse_Grafik-18x10.jpg 18w, https:\/\/www.organisator.ch\/wp-content\/uploads\/2026\/04\/Net_Zero_Warehouse_Grafik-375x211.jpg 375w, https:\/\/www.organisator.ch\/wp-content\/uploads\/2026\/04\/Net_Zero_Warehouse_Grafik-622x350.jpg 622w, https:\/\/www.organisator.ch\/wp-content\/uploads\/2026\/04\/Net_Zero_Warehouse_Grafik-1000x563.jpg 1000w\" sizes=\"auto, (max-width: 1400px) 100vw, 1400px\" \/><figcaption id=\"caption-attachment-47085\" class=\"wp-caption-text\">Magazzino a zero emissioni: il futuro della logistica sostenibile. Fonte: zvg<\/figcaption><\/figure>\n<p>La logistica e la movimentazione internazionale delle merci emettono circa l'8% delle emissioni globali di CO\u2082 all'anno, l'11% se si includono porti e magazzini. Questi sono i risultati dei ricercatori del Massachusetts Institute of Technology (MIT) dell'iniziativa Sustainable Supply Chains. La tendenza \u00e8 in aumento. Le emissioni elevate sono associate a un aumento dei costi per le aziende, che possono essere risparmiati se le risorse vengono utilizzate in modo efficiente.<\/p>\n<h3>Trasparenza sul proprio consumo di risorse<\/h3>\n<p>Nel suo studio di mercato annuale GILA, l'Istituto Fraunhofer per il flusso di materiali e la logistica IML ha analizzato le emissioni di gas serra delle sedi logistiche in tutto il mondo. Lo studio di mercato GILA viene condotto dal 2019 ed \u00e8 il risultato del progetto di ricerca \u00abGerman, Italian &amp; Latin American consortium for resource efficient logistics hubs &amp; transport\u00bb (GILA), finanziato dal Ministero federale tedesco dell'Istruzione e della Ricerca. Gli studi di mercato saranno portati avanti dal Fraunhofer IML con i partner GILA Politecnico di Milano e Greenrouter.<\/p>\n<p>L'obiettivo \u00e8 quello di comprendere meglio le prestazioni ambientali delle sedi logistiche, colmare le lacune dei dati e ricavare raccomandazioni per l'azione. Tuttavia, le informazioni aiutano anche le singole sedi, spiega la dottoressa Kerstin Dobers, autrice dello studio: \u00abLa trasparenza sul proprio consumo di risorse e sulle emissioni di gas serra associate \u00e8 un passo importante per comprendere e migliorare le prestazioni individuali, sia in termini di efficienza energetica che di intensit\u00e0 delle emissioni\u00bb.\u00bb<\/p>\n<h3>La gestione della temperatura come principale fattore di emissione<\/h3>\n<p>Le sedi logistiche sono molto diverse tra loro perch\u00e9 i requisiti delle merci sono molto vari. Con il 41%, la gestione della temperatura \u00e8 una delle principali fonti di emissioni di gas serra nelle propriet\u00e0 logistiche. Questo settore comprende, ad esempio, il raffreddamento o il riscaldamento delle aree di stoccaggio, a seconda dei requisiti delle merci. Al secondo posto c'\u00e8 l'illuminazione delle aree logistiche, che causa il 18% delle emissioni medie. Un'altra fonte significativa \u00e8 l'intralogistica, con circa il 16%, che comprende la tecnologia dei nastri trasportatori, i carrelli elevatori e la tecnologia dei magazzini automatizzati.<\/p>\n<p>Quasi 1000 sedi logistiche in tutto il mondo stanno partecipando allo studio di mercato. Lo studio analizza principalmente l'efficienza energetica, le emissioni annuali di gas serra, l'intensit\u00e0 delle emissioni delle singole sedi e le prestazioni medie delle varie categorie di hub logistici.<\/p>\n<h3>Sei campi d'azione centrali<\/h3>\n<p>I ricercatori hanno sviluppato sei campi d'azione chiave per far progredire ulteriormente la decarbonizzazione degli hub logistici. Questi includono l'intralogistica e l'automazione, i processi operativi e gli edifici e le aree esterne sostenibili. Per presentare i potenziali risparmi di emissioni realizzati, sono stati utilizzati casi di studio selezionati dall'industria su sistemi di illuminazione ad alta efficienza energetica, sistemi di monitoraggio intelligenti, sistemi fotovoltaici per l'autogenerazione di elettricit\u00e0 e pompe di calore.<\/p>\n<p>Le raccomandazioni di intervento efficaci per ogni sede sono individuali. Per determinarlo in modo mirato, le aziende devono aumentare la loro trasparenza: \u00abLo studio di mercato di quest'anno ha dimostrato ancora una volta che la maggior parte delle sedi non \u00e8 in grado di fornire informazioni dettagliate sull'utilizzo dell'elettricit\u00e0. Tuttavia, si tratta di informazioni importanti per identificare le misure di efficienza pertinenti e decidere gli investimenti\u00bb, afferma Dobers.<\/p>\n<p><em>Ulteriori informazioni: <a href=\"https:\/\/www.iml.fraunhofer.de\" target=\"_blank\" rel=\"noopener\">www.iml.fraunhofer.de<\/a><\/em><\/p>","protected":false},"excerpt":{"rendered":"<p>Secondo il MIT, la logistica emette dall'8 all'11% delle emissioni globali di CO\u2082 ogni anno - e la tendenza \u00e8 in aumento. Nel suo studio di mercato GILA, l'Istituto Fraunhofer per il flusso di materiali e la logistica ha identificato le principali fonti di emissioni di gas serra nelle sedi logistiche. La gestione della temperatura \u00e8 in testa con il 41%, seguita dall'illuminazione e dall'intralogistica.<\/p>","protected":false},"author":107,"featured_media":47085,"comment_status":"closed","ping_status":"closed","sticky":false,"template":"","format":"standard","meta":{"_acf_changed":false,"_yoast_wpseo_focuskw":"Logistik-Hubs","_yoast_wpseo_metadesc":"Fraunhofer-Studie zeigt: Temperaturmanagement verursacht 41% der Emissionen in Logistik-Hubs. Handlungsfelder zur Dekarbonisierung.","articlekey":"","footnotes":""},"categories":[580],"tags":[969,328,459,5950],"class_list":["post-47086","post","type-post","status-publish","format-standard","has-post-thumbnail","hentry","category-sustainability","tag-dekarbonisierung","tag-logistik","tag-studie","tag-temperaturmanagement"],"acf":[],"yoast_head":"<!-- This site is optimized with the Yoast SEO plugin v27.4 - https:\/\/yoast.com\/product\/yoast-seo-wordpress\/ -->\n<title>Logistik-Hubs: Temperaturmanagement verursacht 41 Prozent der Emissionen - Organisator<\/title>\n<meta name=\"description\" content=\"Fraunhofer-Studie zeigt: Temperaturmanagement verursacht 41% der Emissionen in Logistik-Hubs. Handlungsfelder zur Dekarbonisierung.\" \/>\n<meta name=\"robots\" content=\"index, follow, max-snippet:-1, max-image-preview:large, max-video-preview:-1\" \/>\n<link rel=\"canonical\" href=\"https:\/\/www.organisator.ch\/it\/sostenibilita\/2026-04-08\/logistik-hubs-temperaturmanagement-verursacht-41-prozent-der-emissionen\/\" \/>\n<meta property=\"og:locale\" content=\"it_IT\" \/>\n<meta property=\"og:type\" content=\"article\" \/>\n<meta property=\"og:title\" content=\"Logistik-Hubs: Temperaturmanagement verursacht 41 Prozent der Emissionen\" \/>\n<meta property=\"og:description\" content=\"Fraunhofer-Studie zeigt: Temperaturmanagement verursacht 41% der Emissionen in Logistik-Hubs. Handlungsfelder zur Dekarbonisierung.\" \/>\n<meta property=\"og:url\" content=\"https:\/\/www.organisator.ch\/it\/sostenibilita\/2026-04-08\/logistik-hubs-temperaturmanagement-verursacht-41-prozent-der-emissionen\/\" \/>\n<meta property=\"og:site_name\" content=\"Organisator\" \/>\n<meta property=\"article:publisher\" content=\"https:\/\/www.facebook.com\/OrganisatorFachmagazin\" \/>\n<meta property=\"article:published_time\" content=\"2026-04-08T13:51:31+00:00\" \/>\n<meta property=\"og:image\" content=\"https:\/\/www.organisator.ch\/wp-content\/uploads\/2026\/04\/Net_Zero_Warehouse_Grafik-scaled.jpg\" \/>\n\t<meta property=\"og:image:width\" content=\"1400\" \/>\n\t<meta property=\"og:image:height\" content=\"788\" \/>\n\t<meta property=\"og:image:type\" content=\"image\/jpeg\" \/>\n<meta name=\"author\" content=\"n8n\" \/>\n<meta name=\"twitter:card\" content=\"summary_large_image\" \/>\n<meta name=\"twitter:title\" content=\"#Logistik-Hubs: #Temperaturmanagement verursacht 41 Prozent der Emissionen\" \/>\n<meta name=\"twitter:description\" content=\"#Fraunhofer-Studie zeigt: #Temperaturmanagement verursacht 41% der Emissionen in #Logistik-Hubs. Handlungsfelder zur #Dekarbonisierung.\" \/>\n<meta name=\"twitter:image\" content=\"https:\/\/www.organisator.ch\/wp-content\/uploads\/2026\/04\/Net_Zero_Warehouse_Grafik-scaled.jpg\" \/>\n<script type=\"application\/ld+json\" class=\"yoast-schema-graph\">{\"@context\":\"https:\\\/\\\/schema.org\",\"@graph\":[{\"@type\":\"Article\",\"@id\":\"https:\\\/\\\/www.organisator.ch\\\/sustainability\\\/2026-04-08\\\/logistik-hubs-temperaturmanagement-verursacht-41-prozent-der-emissionen\\\/#article\",\"isPartOf\":{\"@id\":\"https:\\\/\\\/www.organisator.ch\\\/sustainability\\\/2026-04-08\\\/logistik-hubs-temperaturmanagement-verursacht-41-prozent-der-emissionen\\\/\"},\"author\":{\"name\":\"n8n\",\"@id\":\"https:\\\/\\\/www.organisator.ch\\\/#\\\/schema\\\/person\\\/a9d0e0eff238db87a8f840f3b50359f0\"},\"headline\":\"Logistik-Hubs: Temperaturmanagement verursacht 41 Prozent der Emissionen\",\"datePublished\":\"2026-04-08T13:51:31+00:00\",\"mainEntityOfPage\":{\"@id\":\"https:\\\/\\\/www.organisator.ch\\\/sustainability\\\/2026-04-08\\\/logistik-hubs-temperaturmanagement-verursacht-41-prozent-der-emissionen\\\/\"},\"wordCount\":467,\"publisher\":{\"@id\":\"https:\\\/\\\/www.organisator.ch\\\/#organization\"},\"image\":{\"@id\":\"https:\\\/\\\/www.organisator.ch\\\/sustainability\\\/2026-04-08\\\/logistik-hubs-temperaturmanagement-verursacht-41-prozent-der-emissionen\\\/#primaryimage\"},\"thumbnailUrl\":\"https:\\\/\\\/www.organisator.ch\\\/wp-content\\\/uploads\\\/2026\\\/04\\\/Net_Zero_Warehouse_Grafik-scaled.jpg\",\"keywords\":[\"Dekarbonisierung\",\"Logistik\",\"Studie\",\"Temperaturmanagement\"],\"articleSection\":[\"SUSTAINABILITY\"],\"inLanguage\":\"it-IT\"},{\"@type\":\"WebPage\",\"@id\":\"https:\\\/\\\/www.organisator.ch\\\/sustainability\\\/2026-04-08\\\/logistik-hubs-temperaturmanagement-verursacht-41-prozent-der-emissionen\\\/\",\"url\":\"https:\\\/\\\/www.organisator.ch\\\/sustainability\\\/2026-04-08\\\/logistik-hubs-temperaturmanagement-verursacht-41-prozent-der-emissionen\\\/\",\"name\":\"Logistik-Hubs: Temperaturmanagement verursacht 41 Prozent der Emissionen - Organisator\",\"isPartOf\":{\"@id\":\"https:\\\/\\\/www.organisator.ch\\\/#website\"},\"primaryImageOfPage\":{\"@id\":\"https:\\\/\\\/www.organisator.ch\\\/sustainability\\\/2026-04-08\\\/logistik-hubs-temperaturmanagement-verursacht-41-prozent-der-emissionen\\\/#primaryimage\"},\"image\":{\"@id\":\"https:\\\/\\\/www.organisator.ch\\\/sustainability\\\/2026-04-08\\\/logistik-hubs-temperaturmanagement-verursacht-41-prozent-der-emissionen\\\/#primaryimage\"},\"thumbnailUrl\":\"https:\\\/\\\/www.organisator.ch\\\/wp-content\\\/uploads\\\/2026\\\/04\\\/Net_Zero_Warehouse_Grafik-scaled.jpg\",\"datePublished\":\"2026-04-08T13:51:31+00:00\",\"description\":\"Fraunhofer-Studie zeigt: Temperaturmanagement verursacht 41% der Emissionen in Logistik-Hubs. Handlungsfelder zur Dekarbonisierung.\",\"breadcrumb\":{\"@id\":\"https:\\\/\\\/www.organisator.ch\\\/sustainability\\\/2026-04-08\\\/logistik-hubs-temperaturmanagement-verursacht-41-prozent-der-emissionen\\\/#breadcrumb\"},\"inLanguage\":\"it-IT\",\"potentialAction\":[{\"@type\":\"ReadAction\",\"target\":[\"https:\\\/\\\/www.organisator.ch\\\/sustainability\\\/2026-04-08\\\/logistik-hubs-temperaturmanagement-verursacht-41-prozent-der-emissionen\\\/\"]}]},{\"@type\":\"ImageObject\",\"inLanguage\":\"it-IT\",\"@id\":\"https:\\\/\\\/www.organisator.ch\\\/sustainability\\\/2026-04-08\\\/logistik-hubs-temperaturmanagement-verursacht-41-prozent-der-emissionen\\\/#primaryimage\",\"url\":\"https:\\\/\\\/www.organisator.ch\\\/wp-content\\\/uploads\\\/2026\\\/04\\\/Net_Zero_Warehouse_Grafik-scaled.jpg\",\"contentUrl\":\"https:\\\/\\\/www.organisator.ch\\\/wp-content\\\/uploads\\\/2026\\\/04\\\/Net_Zero_Warehouse_Grafik-scaled.jpg\",\"width\":1400,\"height\":788,\"caption\":\"Netto-Null-Lagerhaus: Zukunft der nachhaltigen Logistik. Quelle: zvg\"},{\"@type\":\"BreadcrumbList\",\"@id\":\"https:\\\/\\\/www.organisator.ch\\\/sustainability\\\/2026-04-08\\\/logistik-hubs-temperaturmanagement-verursacht-41-prozent-der-emissionen\\\/#breadcrumb\",\"itemListElement\":[{\"@type\":\"ListItem\",\"position\":1,\"name\":\"Home\",\"item\":\"https:\\\/\\\/www.organisator.ch\\\/\"},{\"@type\":\"ListItem\",\"position\":2,\"name\":\"Logistik-Hubs: Temperaturmanagement verursacht 41 Prozent der Emissionen\"}]},{\"@type\":\"WebSite\",\"@id\":\"https:\\\/\\\/www.organisator.ch\\\/#website\",\"url\":\"https:\\\/\\\/www.organisator.ch\\\/\",\"name\":\"Organisator\",\"description\":\"Kompetent. Praxisnah. Der ORGANISATOR bereitet in 10 Ausgaben pro Jahr die wesentlichen Themen f\u00fcr F\u00fchrungskr\u00e4fte von KMU auf.\",\"publisher\":{\"@id\":\"https:\\\/\\\/www.organisator.ch\\\/#organization\"},\"potentialAction\":[{\"@type\":\"SearchAction\",\"target\":{\"@type\":\"EntryPoint\",\"urlTemplate\":\"https:\\\/\\\/www.organisator.ch\\\/?s={search_term_string}\"},\"query-input\":{\"@type\":\"PropertyValueSpecification\",\"valueRequired\":true,\"valueName\":\"search_term_string\"}}],\"inLanguage\":\"it-IT\"},{\"@type\":\"Organization\",\"@id\":\"https:\\\/\\\/www.organisator.ch\\\/#organization\",\"name\":\"Organisator\",\"url\":\"https:\\\/\\\/www.organisator.ch\\\/\",\"logo\":{\"@type\":\"ImageObject\",\"inLanguage\":\"it-IT\",\"@id\":\"https:\\\/\\\/www.organisator.ch\\\/#\\\/schema\\\/logo\\\/image\\\/\",\"url\":\"https:\\\/\\\/www.organisator.ch\\\/wp-content\\\/uploads\\\/2022\\\/01\\\/Logo_Organisator_Website.png\",\"contentUrl\":\"https:\\\/\\\/www.organisator.ch\\\/wp-content\\\/uploads\\\/2022\\\/01\\\/Logo_Organisator_Website.png\",\"width\":800,\"height\":77,\"caption\":\"Organisator\"},\"image\":{\"@id\":\"https:\\\/\\\/www.organisator.ch\\\/#\\\/schema\\\/logo\\\/image\\\/\"},\"sameAs\":[\"https:\\\/\\\/www.facebook.com\\\/OrganisatorFachmagazin\",\"https:\\\/\\\/www.linkedin.com\\\/showcase\\\/organisator-das-magazin-fr-kmu\",\"https:\\\/\\\/www.xing.com\\\/news\\\/pages\\\/organisator-ch-695\",\"https:\\\/\\\/www.youtube.com\\\/channel\\\/UCGP2Sq0iWaZwT3BdIAQFYpw\"]},{\"@type\":\"Person\",\"@id\":\"https:\\\/\\\/www.organisator.ch\\\/#\\\/schema\\\/person\\\/a9d0e0eff238db87a8f840f3b50359f0\",\"name\":\"n8n\",\"image\":{\"@type\":\"ImageObject\",\"inLanguage\":\"it-IT\",\"@id\":\"https:\\\/\\\/secure.gravatar.com\\\/avatar\\\/5368fb9d03fd415a6f335cece4c15af2502d6ca8651efbd6e8f98427a9795400?s=96&d=mm&r=g\",\"url\":\"https:\\\/\\\/secure.gravatar.com\\\/avatar\\\/5368fb9d03fd415a6f335cece4c15af2502d6ca8651efbd6e8f98427a9795400?s=96&d=mm&r=g\",\"contentUrl\":\"https:\\\/\\\/secure.gravatar.com\\\/avatar\\\/5368fb9d03fd415a6f335cece4c15af2502d6ca8651efbd6e8f98427a9795400?s=96&d=mm&r=g\",\"caption\":\"n8n\"},\"url\":\"https:\\\/\\\/www.organisator.ch\\\/it\\\/author\\\/n8n\\\/\"}]}<\/script>\n<!-- \/ Yoast SEO plugin. -->","yoast_head_json":{"title":"Hub logistici: la gestione della temperatura causa il 41% delle emissioni - Organizzatore","description":"Lo studio del Fraunhofer dimostra che la gestione della temperatura causa 41% di emissioni negli hub logistici. Campi d'azione per la decarbonizzazione.","robots":{"index":"index","follow":"follow","max-snippet":"max-snippet:-1","max-image-preview":"max-image-preview:large","max-video-preview":"max-video-preview:-1"},"canonical":"https:\/\/www.organisator.ch\/it\/sostenibilita\/2026-04-08\/logistik-hubs-temperaturmanagement-verursacht-41-prozent-der-emissionen\/","og_locale":"it_IT","og_type":"article","og_title":"Logistik-Hubs: Temperaturmanagement verursacht 41 Prozent der Emissionen","og_description":"Fraunhofer-Studie zeigt: Temperaturmanagement verursacht 41% der Emissionen in Logistik-Hubs. Handlungsfelder zur Dekarbonisierung.","og_url":"https:\/\/www.organisator.ch\/it\/sostenibilita\/2026-04-08\/logistik-hubs-temperaturmanagement-verursacht-41-prozent-der-emissionen\/","og_site_name":"Organisator","article_publisher":"https:\/\/www.facebook.com\/OrganisatorFachmagazin","article_published_time":"2026-04-08T13:51:31+00:00","og_image":[{"width":1400,"height":788,"url":"https:\/\/www.organisator.ch\/wp-content\/uploads\/2026\/04\/Net_Zero_Warehouse_Grafik-scaled.jpg","type":"image\/jpeg"}],"author":"n8n","twitter_card":"summary_large_image","twitter_title":"#Logistik-Hubs: #Temperaturmanagement verursacht 41 Prozent der Emissionen","twitter_description":"#Fraunhofer-Studie zeigt: #Temperaturmanagement verursacht 41% der Emissionen in #Logistik-Hubs. Handlungsfelder zur #Dekarbonisierung.","twitter_image":"https:\/\/www.organisator.ch\/wp-content\/uploads\/2026\/04\/Net_Zero_Warehouse_Grafik-scaled.jpg","schema":{"@context":"https:\/\/schema.org","@graph":[{"@type":"Article","@id":"https:\/\/www.organisator.ch\/sustainability\/2026-04-08\/logistik-hubs-temperaturmanagement-verursacht-41-prozent-der-emissionen\/#article","isPartOf":{"@id":"https:\/\/www.organisator.ch\/sustainability\/2026-04-08\/logistik-hubs-temperaturmanagement-verursacht-41-prozent-der-emissionen\/"},"author":{"name":"n8n","@id":"https:\/\/www.organisator.ch\/#\/schema\/person\/a9d0e0eff238db87a8f840f3b50359f0"},"headline":"Logistik-Hubs: Temperaturmanagement verursacht 41 Prozent der Emissionen","datePublished":"2026-04-08T13:51:31+00:00","mainEntityOfPage":{"@id":"https:\/\/www.organisator.ch\/sustainability\/2026-04-08\/logistik-hubs-temperaturmanagement-verursacht-41-prozent-der-emissionen\/"},"wordCount":467,"publisher":{"@id":"https:\/\/www.organisator.ch\/#organization"},"image":{"@id":"https:\/\/www.organisator.ch\/sustainability\/2026-04-08\/logistik-hubs-temperaturmanagement-verursacht-41-prozent-der-emissionen\/#primaryimage"},"thumbnailUrl":"https:\/\/www.organisator.ch\/wp-content\/uploads\/2026\/04\/Net_Zero_Warehouse_Grafik-scaled.jpg","keywords":["Dekarbonisierung","Logistik","Studie","Temperaturmanagement"],"articleSection":["SUSTAINABILITY"],"inLanguage":"it-IT"},{"@type":"WebPage","@id":"https:\/\/www.organisator.ch\/sustainability\/2026-04-08\/logistik-hubs-temperaturmanagement-verursacht-41-prozent-der-emissionen\/","url":"https:\/\/www.organisator.ch\/sustainability\/2026-04-08\/logistik-hubs-temperaturmanagement-verursacht-41-prozent-der-emissionen\/","name":"Hub logistici: la gestione della temperatura causa il 41% delle emissioni - Organizzatore","isPartOf":{"@id":"https:\/\/www.organisator.ch\/#website"},"primaryImageOfPage":{"@id":"https:\/\/www.organisator.ch\/sustainability\/2026-04-08\/logistik-hubs-temperaturmanagement-verursacht-41-prozent-der-emissionen\/#primaryimage"},"image":{"@id":"https:\/\/www.organisator.ch\/sustainability\/2026-04-08\/logistik-hubs-temperaturmanagement-verursacht-41-prozent-der-emissionen\/#primaryimage"},"thumbnailUrl":"https:\/\/www.organisator.ch\/wp-content\/uploads\/2026\/04\/Net_Zero_Warehouse_Grafik-scaled.jpg","datePublished":"2026-04-08T13:51:31+00:00","description":"Lo studio del Fraunhofer dimostra che la gestione della temperatura causa 41% di emissioni negli hub logistici. Campi d'azione per la decarbonizzazione.","breadcrumb":{"@id":"https:\/\/www.organisator.ch\/sustainability\/2026-04-08\/logistik-hubs-temperaturmanagement-verursacht-41-prozent-der-emissionen\/#breadcrumb"},"inLanguage":"it-IT","potentialAction":[{"@type":"ReadAction","target":["https:\/\/www.organisator.ch\/sustainability\/2026-04-08\/logistik-hubs-temperaturmanagement-verursacht-41-prozent-der-emissionen\/"]}]},{"@type":"ImageObject","inLanguage":"it-IT","@id":"https:\/\/www.organisator.ch\/sustainability\/2026-04-08\/logistik-hubs-temperaturmanagement-verursacht-41-prozent-der-emissionen\/#primaryimage","url":"https:\/\/www.organisator.ch\/wp-content\/uploads\/2026\/04\/Net_Zero_Warehouse_Grafik-scaled.jpg","contentUrl":"https:\/\/www.organisator.ch\/wp-content\/uploads\/2026\/04\/Net_Zero_Warehouse_Grafik-scaled.jpg","width":1400,"height":788,"caption":"Netto-Null-Lagerhaus: Zukunft der nachhaltigen Logistik. Quelle: zvg"},{"@type":"BreadcrumbList","@id":"https:\/\/www.organisator.ch\/sustainability\/2026-04-08\/logistik-hubs-temperaturmanagement-verursacht-41-prozent-der-emissionen\/#breadcrumb","itemListElement":[{"@type":"ListItem","position":1,"name":"Home","item":"https:\/\/www.organisator.ch\/"},{"@type":"ListItem","position":2,"name":"Logistik-Hubs: Temperaturmanagement verursacht 41 Prozent der Emissionen"}]},{"@type":"WebSite","@id":"https:\/\/www.organisator.ch\/#website","url":"https:\/\/www.organisator.ch\/","name":"Organizzatore","description":"Competente. Pratico. In 10 numeri all'anno, ORGANISATOR presenta i temi essenziali per i manager delle PMI.","publisher":{"@id":"https:\/\/www.organisator.ch\/#organization"},"potentialAction":[{"@type":"SearchAction","target":{"@type":"EntryPoint","urlTemplate":"https:\/\/www.organisator.ch\/?s={search_term_string}"},"query-input":{"@type":"PropertyValueSpecification","valueRequired":true,"valueName":"search_term_string"}}],"inLanguage":"it-IT"},{"@type":"Organization","@id":"https:\/\/www.organisator.ch\/#organization","name":"Organizzatore","url":"https:\/\/www.organisator.ch\/","logo":{"@type":"ImageObject","inLanguage":"it-IT","@id":"https:\/\/www.organisator.ch\/#\/schema\/logo\/image\/","url":"https:\/\/www.organisator.ch\/wp-content\/uploads\/2022\/01\/Logo_Organisator_Website.png","contentUrl":"https:\/\/www.organisator.ch\/wp-content\/uploads\/2022\/01\/Logo_Organisator_Website.png","width":800,"height":77,"caption":"Organisator"},"image":{"@id":"https:\/\/www.organisator.ch\/#\/schema\/logo\/image\/"},"sameAs":["https:\/\/www.facebook.com\/OrganisatorFachmagazin","https:\/\/www.linkedin.com\/showcase\/organisator-das-magazin-fr-kmu","https:\/\/www.xing.com\/news\/pages\/organisator-ch-695","https:\/\/www.youtube.com\/channel\/UCGP2Sq0iWaZwT3BdIAQFYpw"]},{"@type":"Person","@id":"https:\/\/www.organisator.ch\/#\/schema\/person\/a9d0e0eff238db87a8f840f3b50359f0","name":"n8n","image":{"@type":"ImageObject","inLanguage":"it-IT","@id":"https:\/\/secure.gravatar.com\/avatar\/5368fb9d03fd415a6f335cece4c15af2502d6ca8651efbd6e8f98427a9795400?s=96&d=mm&r=g","url":"https:\/\/secure.gravatar.com\/avatar\/5368fb9d03fd415a6f335cece4c15af2502d6ca8651efbd6e8f98427a9795400?s=96&d=mm&r=g","contentUrl":"https:\/\/secure.gravatar.com\/avatar\/5368fb9d03fd415a6f335cece4c15af2502d6ca8651efbd6e8f98427a9795400?s=96&d=mm&r=g","caption":"n8n"},"url":"https:\/\/www.organisator.ch\/it\/author\/n8n\/"}]}},"_links":{"self":[{"href":"https:\/\/www.organisator.ch\/it\/wp-json\/wp\/v2\/posts\/47086","targetHints":{"allow":["GET"]}}],"collection":[{"href":"https:\/\/www.organisator.ch\/it\/wp-json\/wp\/v2\/posts"}],"about":[{"href":"https:\/\/www.organisator.ch\/it\/wp-json\/wp\/v2\/types\/post"}],"author":[{"embeddable":true,"href":"https:\/\/www.organisator.ch\/it\/wp-json\/wp\/v2\/users\/107"}],"replies":[{"embeddable":true,"href":"https:\/\/www.organisator.ch\/it\/wp-json\/wp\/v2\/comments?post=47086"}],"version-history":[{"count":6,"href":"https:\/\/www.organisator.ch\/it\/wp-json\/wp\/v2\/posts\/47086\/revisions"}],"predecessor-version":[{"id":47310,"href":"https:\/\/www.organisator.ch\/it\/wp-json\/wp\/v2\/posts\/47086\/revisions\/47310"}],"wp:featuredmedia":[{"embeddable":true,"href":"https:\/\/www.organisator.ch\/it\/wp-json\/wp\/v2\/media\/47085"}],"wp:attachment":[{"href":"https:\/\/www.organisator.ch\/it\/wp-json\/wp\/v2\/media?parent=47086"}],"wp:term":[{"taxonomy":"category","embeddable":true,"href":"https:\/\/www.organisator.ch\/it\/wp-json\/wp\/v2\/categories?post=47086"},{"taxonomy":"post_tag","embeddable":true,"href":"https:\/\/www.organisator.ch\/it\/wp-json\/wp\/v2\/tags?post=47086"}],"curies":[{"name":"wp","href":"https:\/\/api.w.org\/{rel}","templated":true}]}}