{"id":47088,"date":"2026-04-08T14:46:19","date_gmt":"2026-04-08T12:46:19","guid":{"rendered":"https:\/\/www.organisator.ch\/?p=47088"},"modified":"2026-04-08T14:46:19","modified_gmt":"2026-04-08T12:46:19","slug":"exportwirtschaft-trotzt-globaler-unsicherheit","status":"publish","type":"post","link":"https:\/\/www.organisator.ch\/it\/management\/2026-04-08\/exportwirtschaft-trotzt-globaler-unsicherheit\/","title":{"rendered":"L'industria dell'export sfida l'incertezza globale"},"content":{"rendered":"<figure id=\"attachment_47090\" aria-describedby=\"caption-attachment-47090\" style=\"width: 680px\" class=\"wp-caption alignnone\"><img loading=\"lazy\" decoding=\"async\" class=\"size-full wp-image-47090\" src=\"https:\/\/www.organisator.ch\/wp-content\/uploads\/2026\/04\/Exportwirtschaft-trotzt-globaler-Unsicherheit_Organisator.jpg\" alt=\"\" width=\"680\" height=\"454\" srcset=\"https:\/\/www.organisator.ch\/wp-content\/uploads\/2026\/04\/Exportwirtschaft-trotzt-globaler-Unsicherheit_Organisator.jpg 680w, https:\/\/www.organisator.ch\/wp-content\/uploads\/2026\/04\/Exportwirtschaft-trotzt-globaler-Unsicherheit_Organisator-18x12.jpg 18w, https:\/\/www.organisator.ch\/wp-content\/uploads\/2026\/04\/Exportwirtschaft-trotzt-globaler-Unsicherheit_Organisator-375x250.jpg 375w, https:\/\/www.organisator.ch\/wp-content\/uploads\/2026\/04\/Exportwirtschaft-trotzt-globaler-Unsicherheit_Organisator-524x350.jpg 524w\" sizes=\"auto, (max-width: 680px) 100vw, 680px\" \/><figcaption id=\"caption-attachment-47090\" class=\"wp-caption-text\">L'ambiente pu\u00f2 essere cupo, ma l'economia delle esportazioni in Svizzera e Germania \u00e8 sorprendentemente solida. (Immagine: Unsplash.com)<\/figcaption><\/figure>\n<p>Il cessate il fuoco nel conflitto tra Stati Uniti e Iran, dichiarato nella notte tra il 7 e l'8 aprile, ha portato sollievo al mondo economico. Ci\u00f2 si \u00e8 riflesso direttamente nell'aumento dei prezzi delle azioni e nel calo del prezzo del petrolio. Tuttavia, resta da vedere quanto questo allentamento delle tensioni sar\u00e0 sostenibile per l'industria dell'esportazione.<\/p>\n<h3><strong>Ottimismo nonostante l'incertezza<\/strong><\/h3>\n<p>Le tensioni geopolitiche, ad esempio in Medio Oriente, e non da ultimo la politica tariffaria del presidente statunitense Donald Trump, in vigore dal 2025, hanno messo sotto pressione i mercati delle esportazioni. In questo contesto, \u00e8 sorprendente che le aziende orientate all'esportazione siano comunque piuttosto ottimiste sulle loro prospettive. Questa \u00e8 la conclusione di due recenti indagini condotte da Allianz Trade e Switzerland Global Enterprise (S-GE). Mentre il Trade Global Survey, pubblicato l'8 aprile, ha intervistato 6.000 aziende in Brasile, Cina, Francia, Germania, India, Italia, Polonia, Singapore, Spagna, Emirati Arabi Uniti, Regno Unito, Stati Uniti e Vietnam, l'indagine di S-GE riflette il sentimento di esportazione delle aziende svizzere. \u00c8 stato pubblicato nel gennaio 2026 e quindi non tiene ancora conto dello scoppio della guerra nel Golfo Persico. Entrambe le indagini sono quindi delle istantanee.<\/p>\n<h3><strong>Gli esportatori tedeschi rimangono sorprendentemente solidi<\/strong><\/h3>\n<p>Per prima cosa, diamo uno sguardo al nostro vicino settentrionale, che rimane il mercato di esportazione pi\u00f9 importante per le aziende svizzere: Come valutano le prospettive le aziende orientate all'export? Secondo Allianz Trade, gli esportatori tedeschi sono pi\u00f9 resistenti di molti altri concorrenti internazionali. L'83% delle aziende intervistate prevede un aumento delle vendite all'estero nonostante l'escalation in Medio Oriente; il 41% prevede un aumento moderato dal 2 al 5% nei prossimi dodici mesi.<\/p>\n<p>Allo stesso tempo, la fiducia \u00e8 accompagnata dallo scetticismo: il 49% si aspetta ancora che la guerra commerciale statunitense abbia un impatto negativo nel 2026 e quasi la met\u00e0 prevede un deterioramento delle pratiche di pagamento all'estero. I rischi maggiori includono le gi\u00e0 citate incertezze geopolitiche, ma anche i problemi della catena di approvvigionamento, i rischi di trasporto e di finanziamento.<\/p>\n<h3><strong>Adattamento invece di aspettare<\/strong><\/h3>\n<p>Come si spiega questo ottimismo? La risposta \u00e8 probabilmente da ricercare nella maggiore resilienza delle aziende tedesche. Molte di esse hanno gi\u00e0 reagito al nuovo contesto: l\u00ab80% ha adattato le rotte commerciali e della catena di approvvigionamento dal giorno della Liberazione e il 40% sta ripensando o ritardando i piani di produzione all'estero. Le strategie pi\u00f9 importanti sono il friendshoring, ossia le relazioni commerciali con Paesi \u00bbamici\", i nuovi prodotti, le partnership locali e una gestione pi\u00f9 rigorosa dei rischi.<\/p>\n<p>Le aziende si concentrano anche su una maggiore sicurezza delle loro catene di approvvigionamento: il 60% sta creando scorte, il 55% sta sviluppando nuovi fornitori e il 52% si sta espandendo in nuovi mercati. Nel confronto internazionale, gli esportatori tedeschi tendono ad agire con cautela; secondo lo studio di Allianz Trade, l'impulso a dirottare le merci verso Paesi terzi \u00e8 pi\u00f9 marcato a livello mondiale che in Germania.<\/p>\n<figure id=\"attachment_47089\" aria-describedby=\"caption-attachment-47089\" style=\"width: 680px\" class=\"wp-caption alignnone\"><img loading=\"lazy\" decoding=\"async\" class=\"size-full wp-image-47089\" src=\"https:\/\/www.organisator.ch\/wp-content\/uploads\/2026\/04\/Exportwirtschaft-trotzt-globaler-Unsicherheit-2_Organisator.jpg\" alt=\"\" width=\"680\" height=\"457\" srcset=\"https:\/\/www.organisator.ch\/wp-content\/uploads\/2026\/04\/Exportwirtschaft-trotzt-globaler-Unsicherheit-2_Organisator.jpg 680w, https:\/\/www.organisator.ch\/wp-content\/uploads\/2026\/04\/Exportwirtschaft-trotzt-globaler-Unsicherheit-2_Organisator-18x12.jpg 18w, https:\/\/www.organisator.ch\/wp-content\/uploads\/2026\/04\/Exportwirtschaft-trotzt-globaler-Unsicherheit-2_Organisator-375x252.jpg 375w, https:\/\/www.organisator.ch\/wp-content\/uploads\/2026\/04\/Exportwirtschaft-trotzt-globaler-Unsicherheit-2_Organisator-521x350.jpg 521w\" sizes=\"auto, (max-width: 680px) 100vw, 680px\" \/><figcaption id=\"caption-attachment-47089\" class=\"wp-caption-text\">Queste sono le priorit\u00e0 che le aziende si pongono per operare e crescere a livello internazionale nonostante i rischi geopolitici. (Grafico: Allianz Trade)<\/figcaption><\/figure>\n<h3><strong>Svizzera: cauto ottimismo<\/strong><\/h3>\n<p>Anche la fiducia nelle esportazioni in Svizzera \u00e8 migliore del previsto. La situazione sta migliorando soprattutto per le PMI svizzere - almeno questa \u00e8 la valutazione per l'inizio del 2026. Secondo il sondaggio S-GE, il sentimento delle esportazioni \u00e8 di nuovo chiaramente al di sopra della soglia di crescita con 63,5 punti; il 57,2% prevede un aumento delle esportazioni nella prima met\u00e0 del 2026, mentre solo il 15,9% prevede un calo. Per l'intero 2026, il 63% prevede un trend positivo.<\/p>\n<p>Tuttavia, il rapporto sottolinea che non si pu\u00f2 dedurre un'inversione di tendenza verso una crescita sostenuta. Quattro aziende su cinque intervistate prevedono solo lievi variazioni del volume delle esportazioni, per lo pi\u00f9 nell'ordine di pi\u00f9 o meno il 10%. L'umore rimane quindi caratterizzato da un \u00abmovimento a zig zag\u00bb che riflette l'elevata volatilit\u00e0 dell'economia globale dal 2022.<\/p>\n<h3><strong>Sollievo attraverso i dazi statunitensi<\/strong><\/h3>\n<p>Una spinta significativa al sentiment arriva dagli Stati Uniti: le aziende svizzere hanno reagito con sollievo alla riduzione dei dazi statunitensi dal 39 al 15%. Sebbene il 40% preveda ancora effetti negativi, questo dato \u00e8 inferiore a quello dell'estate 2025, quando il 58% vedeva ancora oneri derivanti dai dazi statunitensi.<\/p>\n<p>Circa tre aziende su cinque hanno quindi gi\u00e0 adottato o stanno pianificando misure, come la riduzione dei margini, l'adeguamento dei prezzi o l'esame di mercati alternativi. Colpisce in particolare l'importanza che sta assumendo l'opzione di una maggiore presenza locale negli Stati Uniti: la percentuale di aziende che prevedono una presenza di questo tipo \u00e8 quasi raddoppiata nel giro di sei mesi.<\/p>\n<h3><strong>Il libero scambio come motore della crescita<\/strong><\/h3>\n<p>Gli accordi di libero scambio svolgono un ruolo sempre pi\u00f9 importante per le PMI svizzere. Il 69% beneficia gi\u00e0 di almeno un accordo e il 61% prevede di beneficiare di accordi nuovi o previsti in futuro, in particolare con l'India.<\/p>\n<p>Allo stesso tempo, lo studio mostra che ci sono ancora lacune nella conoscenza e nell'attuazione. La mancanza di competenze interne, gli ostacoli amministrativi e le complesse norme di origine rendono difficile per molte aziende utilizzare appieno gli accordi esistenti. Ci\u00f2 significa che il libero scambio, pur rimanendo un'importante fonte di speranza, non \u00e8 ancora un successo sicuro.<\/p>\n<h3><strong>Modello comune<\/strong><\/h3>\n<p>Entrambi i Paesi condividono uno schema di base simile: le aziende vedono opportunit\u00e0, ma tengono maggiormente conto dell'incertezza, degli shock geopolitici e delle maggiori perdite per attrito nel commercio globale. Gli esportatori tedeschi stanno reagendo in particolare con coperture e ristrutturazioni, mentre le PMI svizzere si affidano all'allentamento dei dazi statunitensi e agli accordi di libero scambio. \u00a0<\/p>\n<p>La prospettiva futura non \u00e8 quindi euforica, ma nemmeno rassegnata. In Germania domina la resilienza sotto pressione, in Svizzera un cauto ottimismo in vista di nuove aree commerciali. Flessibilit\u00e0 e adattabilit\u00e0 continuano a essere fattori decisivi per gli esportatori. La diversificazione dei mercati di vendita e le catene di approvvigionamento resistenti restano all'ordine del giorno. Anche la ricerca e lo sviluppo stanno acquisendo ulteriore importanza: solo con una costante innovazione le aziende potranno raggiungere e mantenere la leadership di mercato nei loro settori. Un aspetto che le PMI in Svizzera e anche in Germania <a href=\"https:\/\/www.organisator.ch\/de\/operational-excellence\/2026-04-01\/patentanmeldungen-aus-der-schweiz-bleiben-auf-hohem-niveau\/\">sono sempre stati bravi a<\/a>.<\/p>\n<p><em>Fonti: <a href=\"http:\/\/www.allianz-trade.de\">Alleanza commerciale<\/a> e <a href=\"http:\/\/www.s-ge.com\">Svizzera Impresa Globale S-GE<\/a><\/em><\/p>","protected":false},"excerpt":{"rendered":"<p>Nonostante il conflitto in Medio Oriente, la controversia doganale e le tensioni geopolitiche, le aziende tedesche e svizzere sono sorprendentemente ottimiste sulle loro prospettive di esportazione. Mentre gli esportatori tedeschi sono soprattutto alle prese con i rischi e le pressioni per adattarsi, il sentimento delle PMI svizzere per le esportazioni \u00e8 di nuovo in ripresa dopo la riduzione dei dazi statunitensi. Tuttavia, la fiducia \u00e8 ancora molto debole.<\/p>","protected":false},"author":4,"featured_media":47090,"comment_status":"closed","ping_status":"closed","sticky":true,"template":"","format":"standard","meta":{"_acf_changed":false,"_yoast_wpseo_focuskw":"Exportwirtschaft","_yoast_wpseo_metadesc":"Trotz Zollstreit und geopolitischer Spannungen sch\u00e4tzen Unternehmen in Deutschland und der Schweiz ihre Exportaussichten optimistisch ein.","articlekey":"","footnotes":""},"categories":[28],"tags":[2994,335,418,459],"class_list":["post-47088","post","type-post","status-publish","format-standard","has-post-thumbnail","hentry","category-management","tag-exportwirtschaft","tag-management-und-unternehmensfuehrung","tag-risikomanagement","tag-studie"],"acf":[],"yoast_head":"<!-- This site is optimized with the Yoast SEO plugin v27.4 - https:\/\/yoast.com\/product\/yoast-seo-wordpress\/ -->\n<title>Exportwirtschaft trotzt globaler Unsicherheit - Organisator<\/title>\n<meta name=\"description\" content=\"Trotz Zollstreit und geopolitischer Spannungen sch\u00e4tzen Unternehmen in Deutschland und der Schweiz ihre Exportaussichten optimistisch ein.\" \/>\n<meta name=\"robots\" content=\"index, follow, max-snippet:-1, max-image-preview:large, max-video-preview:-1\" \/>\n<link rel=\"canonical\" href=\"https:\/\/www.organisator.ch\/it\/gestione-2\/2026-04-08\/exportwirtschaft-trotzt-globaler-unsicherheit\/\" \/>\n<meta property=\"og:locale\" content=\"it_IT\" \/>\n<meta property=\"og:type\" content=\"article\" \/>\n<meta property=\"og:title\" content=\"Exportwirtschaft trotzt globaler Unsicherheit\" \/>\n<meta property=\"og:description\" content=\"Trotz Zollstreit und geopolitischer Spannungen sch\u00e4tzen Unternehmen in Deutschland und der Schweiz ihre Exportaussichten optimistisch ein.\" \/>\n<meta property=\"og:url\" content=\"https:\/\/www.organisator.ch\/it\/gestione-2\/2026-04-08\/exportwirtschaft-trotzt-globaler-unsicherheit\/\" \/>\n<meta property=\"og:site_name\" content=\"Organisator\" \/>\n<meta property=\"article:publisher\" content=\"https:\/\/www.facebook.com\/OrganisatorFachmagazin\" \/>\n<meta property=\"article:published_time\" content=\"2026-04-08T12:46:19+00:00\" \/>\n<meta property=\"og:image\" content=\"https:\/\/www.organisator.ch\/wp-content\/uploads\/2026\/04\/Exportwirtschaft-trotzt-globaler-Unsicherheit_Organisator.jpg\" \/>\n\t<meta property=\"og:image:width\" content=\"680\" \/>\n\t<meta property=\"og:image:height\" content=\"454\" \/>\n\t<meta property=\"og:image:type\" content=\"image\/jpeg\" \/>\n<meta name=\"author\" content=\"thomas.berner\" \/>\n<meta name=\"twitter:card\" content=\"summary_large_image\" \/>\n<meta name=\"twitter:title\" content=\"#Exportwirtschaft trotzt globaler #Unsicherheit\" \/>\n<meta name=\"twitter:description\" content=\"Trotz #Zollstreit und geopolitischer Spannungen sch\u00e4tzen #Unternehmen in Deutschland und der Schweiz ihre #Exportaussichten optimistisch ein.\" \/>\n<meta name=\"twitter:image\" content=\"https:\/\/www.organisator.ch\/wp-content\/uploads\/2026\/04\/Exportwirtschaft-trotzt-globaler-Unsicherheit_Organisator.jpg\" \/>\n<script type=\"application\/ld+json\" class=\"yoast-schema-graph\">{\"@context\":\"https:\\\/\\\/schema.org\",\"@graph\":[{\"@type\":\"Article\",\"@id\":\"https:\\\/\\\/www.organisator.ch\\\/management\\\/2026-04-08\\\/exportwirtschaft-trotzt-globaler-unsicherheit\\\/#article\",\"isPartOf\":{\"@id\":\"https:\\\/\\\/www.organisator.ch\\\/management\\\/2026-04-08\\\/exportwirtschaft-trotzt-globaler-unsicherheit\\\/\"},\"author\":{\"name\":\"thomas.berner\",\"@id\":\"https:\\\/\\\/www.organisator.ch\\\/#\\\/schema\\\/person\\\/6f650f90b2842cd4c0cc334b4e36f67e\"},\"headline\":\"Exportwirtschaft trotzt globaler Unsicherheit\",\"datePublished\":\"2026-04-08T12:46:19+00:00\",\"mainEntityOfPage\":{\"@id\":\"https:\\\/\\\/www.organisator.ch\\\/management\\\/2026-04-08\\\/exportwirtschaft-trotzt-globaler-unsicherheit\\\/\"},\"wordCount\":979,\"publisher\":{\"@id\":\"https:\\\/\\\/www.organisator.ch\\\/#organization\"},\"image\":{\"@id\":\"https:\\\/\\\/www.organisator.ch\\\/management\\\/2026-04-08\\\/exportwirtschaft-trotzt-globaler-unsicherheit\\\/#primaryimage\"},\"thumbnailUrl\":\"https:\\\/\\\/www.organisator.ch\\\/wp-content\\\/uploads\\\/2026\\\/04\\\/Exportwirtschaft-trotzt-globaler-Unsicherheit_Organisator.jpg\",\"keywords\":[\"Exportwirtschaft\",\"Management und Unternehmensf\u00fchrung\",\"Risikomanagement\",\"Studie\"],\"articleSection\":[\"MANAGEMENT\"],\"inLanguage\":\"it-IT\"},{\"@type\":\"WebPage\",\"@id\":\"https:\\\/\\\/www.organisator.ch\\\/management\\\/2026-04-08\\\/exportwirtschaft-trotzt-globaler-unsicherheit\\\/\",\"url\":\"https:\\\/\\\/www.organisator.ch\\\/management\\\/2026-04-08\\\/exportwirtschaft-trotzt-globaler-unsicherheit\\\/\",\"name\":\"Exportwirtschaft trotzt globaler Unsicherheit - Organisator\",\"isPartOf\":{\"@id\":\"https:\\\/\\\/www.organisator.ch\\\/#website\"},\"primaryImageOfPage\":{\"@id\":\"https:\\\/\\\/www.organisator.ch\\\/management\\\/2026-04-08\\\/exportwirtschaft-trotzt-globaler-unsicherheit\\\/#primaryimage\"},\"image\":{\"@id\":\"https:\\\/\\\/www.organisator.ch\\\/management\\\/2026-04-08\\\/exportwirtschaft-trotzt-globaler-unsicherheit\\\/#primaryimage\"},\"thumbnailUrl\":\"https:\\\/\\\/www.organisator.ch\\\/wp-content\\\/uploads\\\/2026\\\/04\\\/Exportwirtschaft-trotzt-globaler-Unsicherheit_Organisator.jpg\",\"datePublished\":\"2026-04-08T12:46:19+00:00\",\"description\":\"Trotz Zollstreit und geopolitischer Spannungen sch\u00e4tzen Unternehmen in Deutschland und der Schweiz ihre Exportaussichten optimistisch ein.\",\"breadcrumb\":{\"@id\":\"https:\\\/\\\/www.organisator.ch\\\/management\\\/2026-04-08\\\/exportwirtschaft-trotzt-globaler-unsicherheit\\\/#breadcrumb\"},\"inLanguage\":\"it-IT\",\"potentialAction\":[{\"@type\":\"ReadAction\",\"target\":[\"https:\\\/\\\/www.organisator.ch\\\/management\\\/2026-04-08\\\/exportwirtschaft-trotzt-globaler-unsicherheit\\\/\"]}]},{\"@type\":\"ImageObject\",\"inLanguage\":\"it-IT\",\"@id\":\"https:\\\/\\\/www.organisator.ch\\\/management\\\/2026-04-08\\\/exportwirtschaft-trotzt-globaler-unsicherheit\\\/#primaryimage\",\"url\":\"https:\\\/\\\/www.organisator.ch\\\/wp-content\\\/uploads\\\/2026\\\/04\\\/Exportwirtschaft-trotzt-globaler-Unsicherheit_Organisator.jpg\",\"contentUrl\":\"https:\\\/\\\/www.organisator.ch\\\/wp-content\\\/uploads\\\/2026\\\/04\\\/Exportwirtschaft-trotzt-globaler-Unsicherheit_Organisator.jpg\",\"width\":680,\"height\":454,\"caption\":\"Das Umfeld mag d\u00fcster sein, dennoch zeigt sich die Exportwirtschaft in der Schweiz und in Deutschland erstaunlich robust. (Bild: Unsplash.com)\"},{\"@type\":\"BreadcrumbList\",\"@id\":\"https:\\\/\\\/www.organisator.ch\\\/management\\\/2026-04-08\\\/exportwirtschaft-trotzt-globaler-unsicherheit\\\/#breadcrumb\",\"itemListElement\":[{\"@type\":\"ListItem\",\"position\":1,\"name\":\"Home\",\"item\":\"https:\\\/\\\/www.organisator.ch\\\/\"},{\"@type\":\"ListItem\",\"position\":2,\"name\":\"Exportwirtschaft trotzt globaler Unsicherheit\"}]},{\"@type\":\"WebSite\",\"@id\":\"https:\\\/\\\/www.organisator.ch\\\/#website\",\"url\":\"https:\\\/\\\/www.organisator.ch\\\/\",\"name\":\"Organisator\",\"description\":\"Kompetent. Praxisnah. Der ORGANISATOR bereitet in 10 Ausgaben pro Jahr die wesentlichen Themen f\u00fcr F\u00fchrungskr\u00e4fte von KMU auf.\",\"publisher\":{\"@id\":\"https:\\\/\\\/www.organisator.ch\\\/#organization\"},\"potentialAction\":[{\"@type\":\"SearchAction\",\"target\":{\"@type\":\"EntryPoint\",\"urlTemplate\":\"https:\\\/\\\/www.organisator.ch\\\/?s={search_term_string}\"},\"query-input\":{\"@type\":\"PropertyValueSpecification\",\"valueRequired\":true,\"valueName\":\"search_term_string\"}}],\"inLanguage\":\"it-IT\"},{\"@type\":\"Organization\",\"@id\":\"https:\\\/\\\/www.organisator.ch\\\/#organization\",\"name\":\"Organisator\",\"url\":\"https:\\\/\\\/www.organisator.ch\\\/\",\"logo\":{\"@type\":\"ImageObject\",\"inLanguage\":\"it-IT\",\"@id\":\"https:\\\/\\\/www.organisator.ch\\\/#\\\/schema\\\/logo\\\/image\\\/\",\"url\":\"https:\\\/\\\/www.organisator.ch\\\/wp-content\\\/uploads\\\/2022\\\/01\\\/Logo_Organisator_Website.png\",\"contentUrl\":\"https:\\\/\\\/www.organisator.ch\\\/wp-content\\\/uploads\\\/2022\\\/01\\\/Logo_Organisator_Website.png\",\"width\":800,\"height\":77,\"caption\":\"Organisator\"},\"image\":{\"@id\":\"https:\\\/\\\/www.organisator.ch\\\/#\\\/schema\\\/logo\\\/image\\\/\"},\"sameAs\":[\"https:\\\/\\\/www.facebook.com\\\/OrganisatorFachmagazin\",\"https:\\\/\\\/www.linkedin.com\\\/showcase\\\/organisator-das-magazin-fr-kmu\",\"https:\\\/\\\/www.xing.com\\\/news\\\/pages\\\/organisator-ch-695\",\"https:\\\/\\\/www.youtube.com\\\/channel\\\/UCGP2Sq0iWaZwT3BdIAQFYpw\"]},{\"@type\":\"Person\",\"@id\":\"https:\\\/\\\/www.organisator.ch\\\/#\\\/schema\\\/person\\\/6f650f90b2842cd4c0cc334b4e36f67e\",\"name\":\"thomas.berner\",\"image\":{\"@type\":\"ImageObject\",\"inLanguage\":\"it-IT\",\"@id\":\"https:\\\/\\\/secure.gravatar.com\\\/avatar\\\/ac5001d2a36cb6c6cd3e50789007ffca834b477b74a2144564522e944eabff61?s=96&d=mm&r=g\",\"url\":\"https:\\\/\\\/secure.gravatar.com\\\/avatar\\\/ac5001d2a36cb6c6cd3e50789007ffca834b477b74a2144564522e944eabff61?s=96&d=mm&r=g\",\"contentUrl\":\"https:\\\/\\\/secure.gravatar.com\\\/avatar\\\/ac5001d2a36cb6c6cd3e50789007ffca834b477b74a2144564522e944eabff61?s=96&d=mm&r=g\",\"caption\":\"thomas.berner\"},\"url\":\"https:\\\/\\\/www.organisator.ch\\\/it\\\/author\\\/thomas-berner\\\/\"}]}<\/script>\n<!-- \/ Yoast SEO plugin. -->","yoast_head_json":{"title":"L'industria dell'esportazione sfida l'incertezza globale - Organizzatore","description":"Nonostante la controversia doganale e le tensioni geopolitiche, le aziende tedesche e svizzere sono ottimiste sulle prospettive di esportazione.","robots":{"index":"index","follow":"follow","max-snippet":"max-snippet:-1","max-image-preview":"max-image-preview:large","max-video-preview":"max-video-preview:-1"},"canonical":"https:\/\/www.organisator.ch\/it\/gestione-2\/2026-04-08\/exportwirtschaft-trotzt-globaler-unsicherheit\/","og_locale":"it_IT","og_type":"article","og_title":"Exportwirtschaft trotzt globaler Unsicherheit","og_description":"Trotz Zollstreit und geopolitischer Spannungen sch\u00e4tzen Unternehmen in Deutschland und der Schweiz ihre Exportaussichten optimistisch ein.","og_url":"https:\/\/www.organisator.ch\/it\/gestione-2\/2026-04-08\/exportwirtschaft-trotzt-globaler-unsicherheit\/","og_site_name":"Organisator","article_publisher":"https:\/\/www.facebook.com\/OrganisatorFachmagazin","article_published_time":"2026-04-08T12:46:19+00:00","og_image":[{"width":680,"height":454,"url":"https:\/\/www.organisator.ch\/wp-content\/uploads\/2026\/04\/Exportwirtschaft-trotzt-globaler-Unsicherheit_Organisator.jpg","type":"image\/jpeg"}],"author":"thomas.berner","twitter_card":"summary_large_image","twitter_title":"#Exportwirtschaft trotzt globaler #Unsicherheit","twitter_description":"Trotz #Zollstreit und geopolitischer Spannungen sch\u00e4tzen #Unternehmen in Deutschland und der Schweiz ihre #Exportaussichten optimistisch ein.","twitter_image":"https:\/\/www.organisator.ch\/wp-content\/uploads\/2026\/04\/Exportwirtschaft-trotzt-globaler-Unsicherheit_Organisator.jpg","schema":{"@context":"https:\/\/schema.org","@graph":[{"@type":"Article","@id":"https:\/\/www.organisator.ch\/management\/2026-04-08\/exportwirtschaft-trotzt-globaler-unsicherheit\/#article","isPartOf":{"@id":"https:\/\/www.organisator.ch\/management\/2026-04-08\/exportwirtschaft-trotzt-globaler-unsicherheit\/"},"author":{"name":"thomas.berner","@id":"https:\/\/www.organisator.ch\/#\/schema\/person\/6f650f90b2842cd4c0cc334b4e36f67e"},"headline":"Exportwirtschaft trotzt globaler Unsicherheit","datePublished":"2026-04-08T12:46:19+00:00","mainEntityOfPage":{"@id":"https:\/\/www.organisator.ch\/management\/2026-04-08\/exportwirtschaft-trotzt-globaler-unsicherheit\/"},"wordCount":979,"publisher":{"@id":"https:\/\/www.organisator.ch\/#organization"},"image":{"@id":"https:\/\/www.organisator.ch\/management\/2026-04-08\/exportwirtschaft-trotzt-globaler-unsicherheit\/#primaryimage"},"thumbnailUrl":"https:\/\/www.organisator.ch\/wp-content\/uploads\/2026\/04\/Exportwirtschaft-trotzt-globaler-Unsicherheit_Organisator.jpg","keywords":["Exportwirtschaft","Management und Unternehmensf\u00fchrung","Risikomanagement","Studie"],"articleSection":["MANAGEMENT"],"inLanguage":"it-IT"},{"@type":"WebPage","@id":"https:\/\/www.organisator.ch\/management\/2026-04-08\/exportwirtschaft-trotzt-globaler-unsicherheit\/","url":"https:\/\/www.organisator.ch\/management\/2026-04-08\/exportwirtschaft-trotzt-globaler-unsicherheit\/","name":"L'industria dell'esportazione sfida l'incertezza globale - Organizzatore","isPartOf":{"@id":"https:\/\/www.organisator.ch\/#website"},"primaryImageOfPage":{"@id":"https:\/\/www.organisator.ch\/management\/2026-04-08\/exportwirtschaft-trotzt-globaler-unsicherheit\/#primaryimage"},"image":{"@id":"https:\/\/www.organisator.ch\/management\/2026-04-08\/exportwirtschaft-trotzt-globaler-unsicherheit\/#primaryimage"},"thumbnailUrl":"https:\/\/www.organisator.ch\/wp-content\/uploads\/2026\/04\/Exportwirtschaft-trotzt-globaler-Unsicherheit_Organisator.jpg","datePublished":"2026-04-08T12:46:19+00:00","description":"Nonostante la controversia doganale e le tensioni geopolitiche, le aziende tedesche e svizzere sono ottimiste sulle prospettive di esportazione.","breadcrumb":{"@id":"https:\/\/www.organisator.ch\/management\/2026-04-08\/exportwirtschaft-trotzt-globaler-unsicherheit\/#breadcrumb"},"inLanguage":"it-IT","potentialAction":[{"@type":"ReadAction","target":["https:\/\/www.organisator.ch\/management\/2026-04-08\/exportwirtschaft-trotzt-globaler-unsicherheit\/"]}]},{"@type":"ImageObject","inLanguage":"it-IT","@id":"https:\/\/www.organisator.ch\/management\/2026-04-08\/exportwirtschaft-trotzt-globaler-unsicherheit\/#primaryimage","url":"https:\/\/www.organisator.ch\/wp-content\/uploads\/2026\/04\/Exportwirtschaft-trotzt-globaler-Unsicherheit_Organisator.jpg","contentUrl":"https:\/\/www.organisator.ch\/wp-content\/uploads\/2026\/04\/Exportwirtschaft-trotzt-globaler-Unsicherheit_Organisator.jpg","width":680,"height":454,"caption":"Das Umfeld mag d\u00fcster sein, dennoch zeigt sich die Exportwirtschaft in der Schweiz und in Deutschland erstaunlich robust. (Bild: Unsplash.com)"},{"@type":"BreadcrumbList","@id":"https:\/\/www.organisator.ch\/management\/2026-04-08\/exportwirtschaft-trotzt-globaler-unsicherheit\/#breadcrumb","itemListElement":[{"@type":"ListItem","position":1,"name":"Home","item":"https:\/\/www.organisator.ch\/"},{"@type":"ListItem","position":2,"name":"Exportwirtschaft trotzt globaler Unsicherheit"}]},{"@type":"WebSite","@id":"https:\/\/www.organisator.ch\/#website","url":"https:\/\/www.organisator.ch\/","name":"Organizzatore","description":"Competente. Pratico. In 10 numeri all'anno, ORGANISATOR presenta i temi essenziali per i manager delle PMI.","publisher":{"@id":"https:\/\/www.organisator.ch\/#organization"},"potentialAction":[{"@type":"SearchAction","target":{"@type":"EntryPoint","urlTemplate":"https:\/\/www.organisator.ch\/?s={search_term_string}"},"query-input":{"@type":"PropertyValueSpecification","valueRequired":true,"valueName":"search_term_string"}}],"inLanguage":"it-IT"},{"@type":"Organization","@id":"https:\/\/www.organisator.ch\/#organization","name":"Organizzatore","url":"https:\/\/www.organisator.ch\/","logo":{"@type":"ImageObject","inLanguage":"it-IT","@id":"https:\/\/www.organisator.ch\/#\/schema\/logo\/image\/","url":"https:\/\/www.organisator.ch\/wp-content\/uploads\/2022\/01\/Logo_Organisator_Website.png","contentUrl":"https:\/\/www.organisator.ch\/wp-content\/uploads\/2022\/01\/Logo_Organisator_Website.png","width":800,"height":77,"caption":"Organisator"},"image":{"@id":"https:\/\/www.organisator.ch\/#\/schema\/logo\/image\/"},"sameAs":["https:\/\/www.facebook.com\/OrganisatorFachmagazin","https:\/\/www.linkedin.com\/showcase\/organisator-das-magazin-fr-kmu","https:\/\/www.xing.com\/news\/pages\/organisator-ch-695","https:\/\/www.youtube.com\/channel\/UCGP2Sq0iWaZwT3BdIAQFYpw"]},{"@type":"Person","@id":"https:\/\/www.organisator.ch\/#\/schema\/person\/6f650f90b2842cd4c0cc334b4e36f67e","name":"Tommaso.berner","image":{"@type":"ImageObject","inLanguage":"it-IT","@id":"https:\/\/secure.gravatar.com\/avatar\/ac5001d2a36cb6c6cd3e50789007ffca834b477b74a2144564522e944eabff61?s=96&d=mm&r=g","url":"https:\/\/secure.gravatar.com\/avatar\/ac5001d2a36cb6c6cd3e50789007ffca834b477b74a2144564522e944eabff61?s=96&d=mm&r=g","contentUrl":"https:\/\/secure.gravatar.com\/avatar\/ac5001d2a36cb6c6cd3e50789007ffca834b477b74a2144564522e944eabff61?s=96&d=mm&r=g","caption":"thomas.berner"},"url":"https:\/\/www.organisator.ch\/it\/author\/thomas-berner\/"}]}},"_links":{"self":[{"href":"https:\/\/www.organisator.ch\/it\/wp-json\/wp\/v2\/posts\/47088","targetHints":{"allow":["GET"]}}],"collection":[{"href":"https:\/\/www.organisator.ch\/it\/wp-json\/wp\/v2\/posts"}],"about":[{"href":"https:\/\/www.organisator.ch\/it\/wp-json\/wp\/v2\/types\/post"}],"author":[{"embeddable":true,"href":"https:\/\/www.organisator.ch\/it\/wp-json\/wp\/v2\/users\/4"}],"replies":[{"embeddable":true,"href":"https:\/\/www.organisator.ch\/it\/wp-json\/wp\/v2\/comments?post=47088"}],"version-history":[{"count":4,"href":"https:\/\/www.organisator.ch\/it\/wp-json\/wp\/v2\/posts\/47088\/revisions"}],"predecessor-version":[{"id":47198,"href":"https:\/\/www.organisator.ch\/it\/wp-json\/wp\/v2\/posts\/47088\/revisions\/47198"}],"wp:featuredmedia":[{"embeddable":true,"href":"https:\/\/www.organisator.ch\/it\/wp-json\/wp\/v2\/media\/47090"}],"wp:attachment":[{"href":"https:\/\/www.organisator.ch\/it\/wp-json\/wp\/v2\/media?parent=47088"}],"wp:term":[{"taxonomy":"category","embeddable":true,"href":"https:\/\/www.organisator.ch\/it\/wp-json\/wp\/v2\/categories?post=47088"},{"taxonomy":"post_tag","embeddable":true,"href":"https:\/\/www.organisator.ch\/it\/wp-json\/wp\/v2\/tags?post=47088"}],"curies":[{"name":"wp","href":"https:\/\/api.w.org\/{rel}","templated":true}]}}