{"id":4718,"date":"2019-01-10T10:44:59","date_gmt":"2019-01-10T09:44:59","guid":{"rendered":"https:\/\/www.organisator.ch\/?p=4718"},"modified":"2019-01-10T10:44:59","modified_gmt":"2019-01-10T09:44:59","slug":"mehr-kuendigungen-durch-strukturwandel-ue50-unter-druck","status":"publish","type":"post","link":"https:\/\/www.organisator.ch\/it\/human-resources\/hrm\/2019-01-10\/mehr-kuendigungen-durch-strukturwandel-ue50-unter-druck\/","title":{"rendered":"Pi\u00f9 licenziamenti a causa del cambiamento strutturale - \u00dc50 sotto pressione"},"content":{"rendered":"<figure id=\"attachment_4719\" aria-describedby=\"caption-attachment-4719\" style=\"width: 680px\" class=\"wp-caption alignnone\"><img loading=\"lazy\" decoding=\"async\" class=\"size-medium wp-image-4719\" src=\"https:\/\/www.organisator.ch\/wp-content\/uploads\/2019\/01\/Mehr-Kuendigungen-durch-Strukturwandel-Ue50-unter-Druck_Organisator.jpg\" alt=\"\" width=\"680\" height=\"430\" srcset=\"https:\/\/www.organisator.ch\/wp-content\/uploads\/2019\/01\/Mehr-Kuendigungen-durch-Strukturwandel-Ue50-unter-Druck_Organisator.jpg 680w, https:\/\/www.organisator.ch\/wp-content\/uploads\/2019\/01\/Mehr-Kuendigungen-durch-Strukturwandel-Ue50-unter-Druck_Organisator-16x10.jpg 16w, https:\/\/www.organisator.ch\/wp-content\/uploads\/2019\/01\/Mehr-Kuendigungen-durch-Strukturwandel-Ue50-unter-Druck_Organisator-277x175.jpg 277w, https:\/\/www.organisator.ch\/wp-content\/uploads\/2019\/01\/Mehr-Kuendigungen-durch-Strukturwandel-Ue50-unter-Druck_Organisator-553x350.jpg 553w, https:\/\/www.organisator.ch\/wp-content\/uploads\/2019\/01\/Mehr-Kuendigungen-durch-Strukturwandel-Ue50-unter-Druck_Organisator-300x190.jpg 300w\" sizes=\"auto, (max-width: 680px) 100vw, 680px\" \/><figcaption id=\"caption-attachment-4719\" class=\"wp-caption-text\">Il cambiamento strutturale porta a pi\u00f9 licenziamenti, non le ragioni cicliche, secondo un risultato dell'ultimo Barometro del mercato del lavoro di von Rundstedt. (Immagine: Pauline \/ pixelio.de)<\/figcaption><\/figure>\n<p>La societ\u00e0 di consulenza outplacement von Rundstedt \u00e8 stata fondata nel 1985 ed \u00e8 oggi uno dei principali fornitori di outplacement in Germania, Austria e Svizzera. von Rundstedt lavora con aziende di tutti i settori in caso di riduzioni di personale e licenziamenti e supporta i dipendenti colpiti da licenziamenti nel riorientamento professionale. L'azienda pubblica regolarmente un barometro del mercato del lavoro basato sui risultati delle attuali consultazioni di outplacement. Le statistiche recentemente pubblicate nel gennaio 2019 mostrano un quadro interessante dell'umore sul mercato del lavoro in tutta la Svizzera nel 2018. I risultati pi\u00f9 importanti possono essere riassunti come segue:<\/p>\n<h2>\"Meno pressione economica, ma pi\u00f9 licenziamenti a causa del cambiamento strutturale\".<\/h2>\n<p>Diversi dati indicano che il numero complessivo di cessazioni nel 2018 \u00e8 stato caratterizzato pi\u00f9 dalla pressione strutturale che dalla necessit\u00e0 ciclica. In particolare, il settore finanziario, che sta attraversando importanti cambiamenti strutturali, ha visto un forte aumento delle cessazioni, da 22% nel 2017 a 32% nel 2018. Anche nel settore farmaceutico, storicamente soggetto a grandi pressioni strutturali per la sua natura di progetto, il tasso di cessazione rimane elevato, secondo von Rundstedt (24% nel 2017; 27% nel 2018). L'industria classica, d'altra parte, ha sperimentato un calo significativo, che pu\u00f2 essere spiegato dalla ripresa economica e dalle migliori condizioni macroeconomiche. Dopo aver rappresentato 29% nel 2017, i licenziamenti nell'industria rappresentano solo 22% nel 2018. Anche le giustificazioni dei licenziamenti vanno in questa direzione. Per esempio, le misure di ridimensionamento sono diminuite bruscamente da 26% a 20%, mentre le cessazioni di ristrutturazione sono aumentate nello stesso tempo (da 40% a 46%). Questa tendenza pu\u00f2 essere vista anche nelle funzioni interessate. Cos\u00ec, nel 2018, c'\u00e8 stato pi\u00f9 turnover tra i dirigenti (aumento da 33% a 36%) e i quadri (aumento da 21% a 28%), mentre relativamente meno cessazioni sono state fatte tra i professionisti. Dopo 25% nel 2017, ci sono stati solo 17% qui nel 2018. Questo indica anche un cambiamento strutturale pi\u00f9 forte, meno la pressione ciclica.<\/p>\n<h2>\u00dc50: la situazione rimane tesa<\/h2>\n<p>Dopo gli ultimi due anni, gli over 50 sono stati relativamente colpiti dai licenziamenti pi\u00f9 o meno nella stessa misura degli altri gruppi di et\u00e0, c'\u00e8 stato un leggero aumento nel 2018. Cos\u00ec, 34% dei licenziamenti considerati riguardavano ora i lavoratori anziani di oltre 50 anni. Questa cifra \u00e8 leggermente superiore al valore di riferimento di 30%, che corrisponde alla quota di oltre 50 anni nella forza lavoro totale.<\/p>\n<p>I lavoratori anziani oltre i 50 anni hanno ancora pi\u00f9 difficolt\u00e0 a trovare un lavoro rispetto ai loro colleghi pi\u00f9 giovani. La durata media della ricerca di 6,8 mesi per gli over 50 si discosta significativamente dalla media generale di 5,3 mesi. Ci\u00f2 che \u00e8 decisivo qui, tuttavia, \u00e8 che la varianza statistica all'interno del gruppo degli ultracinquantenni \u00e8 molto pi\u00f9 alta che in altri gruppi. Questo significa che molti over 50 trovano un nuovo lavoro molto rapidamente, ma molti devono anche cercare per molto tempo. Si pu\u00f2 dedurre da questo che non c'\u00e8 una discriminazione generale dell'et\u00e0 nel mercato, ma che le condizioni variano molto da persona a persona e sono fortemente influenzate da altri aspetti.<\/p>\n<h2>Le offerte di lavoro vengono pubblicizzate sempre pi\u00f9 frequentemente<\/h2>\n<p>Sempre pi\u00f9 clienti dell'outplacement counselling trovano il loro nuovo lavoro grazie alle pubblicit\u00e0 e agli annunci di lavoro online sul mercato del lavoro aperto. Nel 2018, 24% dei clienti di von Rundstedt hanno ottenuto un lavoro ufficialmente pubblicizzato (2017 solo 20%). Allo stesso tempo, i successi di ricerca attraverso il mercato del lavoro nascosto sono diminuiti da 52% a 41%. Il mercato del lavoro nascosto rimane quindi ancora di gran lunga il canale di ricerca di maggior successo, ma lo sviluppo \u00e8 comunque chiaro e significativo. Questo \u00e8 dovuto principalmente al fatto che sempre pi\u00f9 datori di lavoro utilizzano le possibilit\u00e0 digitali della pubblicit\u00e0 di lavoro online (pagina web, social media, piattaforme di candidatura) e che queste possono essere gestite in modo ottimale in termini di costi e sforzi. L'obbligo di notifica del lavoro introdotto di recente (attuazione MEI) rafforzer\u00e0 ulteriormente questa tendenza in futuro, ritiene von Rundstedt.<\/p>\n<h2>Tendenza al lavoro autonomo<\/h2>\n<p>Le cifre esprimono che il lavoro autonomo sta diventando un'opzione sempre pi\u00f9 comune per le persone in un riorientamento professionale. Nel 2018, 12% dei clienti di von Rundstedt hanno deciso di diventare lavoratori autonomi e di mettersi in proprio. Questo aumento \u00e8 enorme, secondo i consulenti di outplacement. Per questo tasso di lavoro autonomo era solo 5% nel 2017. Ci possono essere due ragioni per questo sviluppo: In primo luogo, c'\u00e8 una tendenza generale verso il ridimensionamento delle strutture aziendali e la crescente frammentazione dei mercati dei fornitori - in altre parole, ancora una volta un cambiamento strutturale. La sharing economy, la gig economy e la tendenza dei freelance sono viste come le forze trainanti di questo sviluppo. In secondo luogo, c'\u00e8 anche una ragione pragmatica: il lavoro autonomo \u00e8 spesso l'unico modo per i lavoratori anziani con un profilo difficile e una minore occupabilit\u00e0 di rimanere nel mercato del lavoro.<\/p>\n<h2>Zero Gap: i datori di lavoro possono ancora permettersi di assumere senza compromessi<\/h2>\n<p>Zero Gap significa che i datori di lavoro mostrano poca tolleranza per la deviazione dal profilo perfetto desiderato nel reclutamento e si attengono al profilo perfetto dei requisiti. Cos\u00ec, non \u00e8 ancora facile per i clienti passare a una nuova industria o funzione. Nel 2018, solo 25% dei clienti consigliati da von Rundstedt sono riusciti a cambiare settore, e anche la cifra per il cambio di funzione \u00e8 di 25%. Lo Zero Gap continua quindi ad essere un ostacolo per le persone che hanno bisogno di riorientarsi e riposizionarsi a causa dei cambiamenti strutturali. Questo pone grandi difficolt\u00e0 a molti di loro, specialmente sullo sfondo della digitalizzazione.<\/p>\n<h2>I segni della carriera dell'arco sono visibili per la prima volta<\/h2>\n<p>La carriera ad arco \u00e8 stata scritta in teoria per molto tempo. Si dice che sia un concetto efficace per proteggere i datori di lavoro anziani oltre i 50 anni. Tuttavia, finora sembra avere grandi difficolt\u00e0 a funzionare nella pratica. Tuttavia, l'evoluzione salariale dei clienti dell'outplacement per fascia d'et\u00e0 mostra per la prima volta uno sviluppo interessante. Nel 2018, von Rundstedt ha riscontrato una significativa tendenza salariale negativa (-12%) tra gli ultracinquantenni in caso di cambiamenti di lavoro dovuti alla cessazione, mentre allo stesso tempo i lavoratori pi\u00f9 giovani hanno sperimentato una tendenza salariale positiva (+9%). Da un lato, questo illustra la crescente pressione sul gruppo degli over 50. Dall'altro, mostra anche che l'ostacolo dei costi salariali per gli over 50 pu\u00f2 ovviamente essere superato con flessibilit\u00e0 da entrambe le parti (datore di lavoro e dipendente) e che il mercato sembra funzionare anche attraverso la flessibilit\u00e0 salariale. Questa \u00e8 una buona testimonianza di un mercato del lavoro funzionante. Cos\u00ec, il concetto di carriera ad arco sembra funzionare lentamente nella pratica.<\/p>\n<p><em>Fonte: <a href=\"http:\/\/www.rundstedt.ch\">von Rundstedt<\/a><\/em><\/p>","protected":false},"excerpt":{"rendered":"<p>Die Outplacement-Beratung von Rundstedt wurde 1985 gegr\u00fcndet und ist heute ein f\u00fchrender Outplacement-Anbieter in Deutschland, \u00d6sterreich und der Schweiz. von Rundstedt arbeitet im Falle von Personalabbau und K\u00fcndigungen mit Unternehmen aller Branchen zusammen und unterst\u00fctzt die von K\u00fcndigungen betroffenen Mitarbeiter bei der beruflichen Neuorientierung. Das Unternehmen ver\u00f6ffentlicht regelm\u00e4ssig einen Arbeitsmarkt-Barometer gest\u00fctzt auf Erkenntnissen aktueller Outplacement-Beratungen. [&hellip;]<\/p>\n","protected":false},"author":4,"featured_media":4719,"comment_status":"open","ping_status":"open","sticky":false,"template":"","format":"standard","meta":{"_acf_changed":false,"_yoast_wpseo_focuskw":"Strukturwandel","_yoast_wpseo_metadesc":"Gem\u00e4ss der aktuellen von Rundstedt Outplacement-Statistik nehmen K\u00fcndigungen aufgrund von Strukturwandel zu. Auch Arbeitnehmende \u00dc50 stehen unter Druck.","articlekey":"","footnotes":""},"categories":[26],"tags":[47,49,254,452],"class_list":["post-4718","post","type-post","status-publish","format-standard","has-post-thumbnail","hentry","category-hrm","tag-arbeitsmarkt","tag-arbeitspatz","tag-hrm","tag-statistik"],"acf":[],"yoast_head":"<!-- This site is optimized with the Yoast SEO plugin v27.4 - https:\/\/yoast.com\/product\/yoast-seo-wordpress\/ -->\n<title>Mehr K\u00fcndigungen durch Strukturwandel - \u00dc50 unter Druck - Organisator<\/title>\n<meta name=\"description\" content=\"Gem\u00e4ss der aktuellen von Rundstedt Outplacement-Statistik nehmen K\u00fcndigungen aufgrund von Strukturwandel zu. Auch Arbeitnehmende \u00dc50 stehen unter Druck.\" \/>\n<meta name=\"robots\" content=\"index, follow, max-snippet:-1, max-image-preview:large, max-video-preview:-1\" \/>\n<link rel=\"canonical\" href=\"https:\/\/www.organisator.ch\/it\/risorse-umane\/hrm\/2019-01-10\/mehr-kuendigungen-durch-strukturwandel-ue50-unter-druck\/\" \/>\n<meta property=\"og:locale\" content=\"it_IT\" \/>\n<meta property=\"og:type\" content=\"article\" \/>\n<meta property=\"og:title\" content=\"Mehr K\u00fcndigungen durch Strukturwandel - \u00dc50 unter Druck\" \/>\n<meta property=\"og:description\" content=\"Gem\u00e4ss der aktuellen von Rundstedt Outplacement-Statistik nehmen K\u00fcndigungen aufgrund von Strukturwandel zu. Auch Arbeitnehmende \u00dc50 stehen unter Druck.\" \/>\n<meta property=\"og:url\" content=\"https:\/\/www.organisator.ch\/it\/risorse-umane\/hrm\/2019-01-10\/mehr-kuendigungen-durch-strukturwandel-ue50-unter-druck\/\" \/>\n<meta property=\"og:site_name\" content=\"Organisator\" \/>\n<meta property=\"article:publisher\" content=\"https:\/\/www.facebook.com\/OrganisatorFachmagazin\" \/>\n<meta property=\"article:published_time\" content=\"2019-01-10T09:44:59+00:00\" \/>\n<meta property=\"og:image\" content=\"https:\/\/www.organisator.ch\/wp-content\/uploads\/2019\/01\/Mehr-Kuendigungen-durch-Strukturwandel-Ue50-unter-Druck_Organisator.jpg\" \/>\n\t<meta property=\"og:image:width\" content=\"680\" \/>\n\t<meta property=\"og:image:height\" content=\"430\" \/>\n\t<meta property=\"og:image:type\" content=\"image\/jpeg\" \/>\n<meta name=\"author\" content=\"thomas.berner\" \/>\n<meta name=\"twitter:card\" content=\"summary_large_image\" \/>\n<meta name=\"twitter:title\" content=\"Mehr #K\u00fcndigungen durch #Strukturwandel - \u00dc50 unter Druck\" \/>\n<meta name=\"twitter:description\" content=\"Gem\u00e4ss der aktuellen von #Rundstedt Outplacement-Statistik nehmen #K\u00fcndigungen aufgrund von #Strukturwandel zu. Auch Arbeitnehmende \u00dc50 stehen unter Druck.\" \/>\n<meta name=\"twitter:image\" content=\"https:\/\/www.organisator.ch\/wp-content\/uploads\/2019\/01\/Mehr-K\u00fcndigungen-durch-Strukturwandel-\u00dc50-unter-Druck_Organisator.jpg\" \/>\n<script type=\"application\/ld+json\" class=\"yoast-schema-graph\">{\"@context\":\"https:\\\/\\\/schema.org\",\"@graph\":[{\"@type\":\"Article\",\"@id\":\"https:\\\/\\\/www.organisator.ch\\\/human-resources\\\/hrm\\\/2019-01-10\\\/mehr-kuendigungen-durch-strukturwandel-ue50-unter-druck\\\/#article\",\"isPartOf\":{\"@id\":\"https:\\\/\\\/www.organisator.ch\\\/human-resources\\\/hrm\\\/2019-01-10\\\/mehr-kuendigungen-durch-strukturwandel-ue50-unter-druck\\\/\"},\"author\":{\"name\":\"thomas.berner\",\"@id\":\"https:\\\/\\\/www.organisator.ch\\\/#\\\/schema\\\/person\\\/6f650f90b2842cd4c0cc334b4e36f67e\"},\"headline\":\"Mehr K\u00fcndigungen durch Strukturwandel &#8211; \u00dc50 unter Druck\",\"datePublished\":\"2019-01-10T09:44:59+00:00\",\"mainEntityOfPage\":{\"@id\":\"https:\\\/\\\/www.organisator.ch\\\/human-resources\\\/hrm\\\/2019-01-10\\\/mehr-kuendigungen-durch-strukturwandel-ue50-unter-druck\\\/\"},\"wordCount\":1014,\"commentCount\":1,\"publisher\":{\"@id\":\"https:\\\/\\\/www.organisator.ch\\\/#organization\"},\"image\":{\"@id\":\"https:\\\/\\\/www.organisator.ch\\\/human-resources\\\/hrm\\\/2019-01-10\\\/mehr-kuendigungen-durch-strukturwandel-ue50-unter-druck\\\/#primaryimage\"},\"thumbnailUrl\":\"https:\\\/\\\/www.organisator.ch\\\/wp-content\\\/uploads\\\/2019\\\/01\\\/Mehr-Kuendigungen-durch-Strukturwandel-Ue50-unter-Druck_Organisator.jpg\",\"keywords\":[\"Arbeitsmarkt\",\"Arbeitspatz\",\"HRM\",\"Statistik\"],\"articleSection\":[\"HRM\"],\"inLanguage\":\"it-IT\"},{\"@type\":\"WebPage\",\"@id\":\"https:\\\/\\\/www.organisator.ch\\\/human-resources\\\/hrm\\\/2019-01-10\\\/mehr-kuendigungen-durch-strukturwandel-ue50-unter-druck\\\/\",\"url\":\"https:\\\/\\\/www.organisator.ch\\\/human-resources\\\/hrm\\\/2019-01-10\\\/mehr-kuendigungen-durch-strukturwandel-ue50-unter-druck\\\/\",\"name\":\"Mehr K\u00fcndigungen durch Strukturwandel - \u00dc50 unter Druck - Organisator\",\"isPartOf\":{\"@id\":\"https:\\\/\\\/www.organisator.ch\\\/#website\"},\"primaryImageOfPage\":{\"@id\":\"https:\\\/\\\/www.organisator.ch\\\/human-resources\\\/hrm\\\/2019-01-10\\\/mehr-kuendigungen-durch-strukturwandel-ue50-unter-druck\\\/#primaryimage\"},\"image\":{\"@id\":\"https:\\\/\\\/www.organisator.ch\\\/human-resources\\\/hrm\\\/2019-01-10\\\/mehr-kuendigungen-durch-strukturwandel-ue50-unter-druck\\\/#primaryimage\"},\"thumbnailUrl\":\"https:\\\/\\\/www.organisator.ch\\\/wp-content\\\/uploads\\\/2019\\\/01\\\/Mehr-Kuendigungen-durch-Strukturwandel-Ue50-unter-Druck_Organisator.jpg\",\"datePublished\":\"2019-01-10T09:44:59+00:00\",\"description\":\"Gem\u00e4ss der aktuellen von Rundstedt Outplacement-Statistik nehmen K\u00fcndigungen aufgrund von Strukturwandel zu. Auch Arbeitnehmende \u00dc50 stehen unter Druck.\",\"breadcrumb\":{\"@id\":\"https:\\\/\\\/www.organisator.ch\\\/human-resources\\\/hrm\\\/2019-01-10\\\/mehr-kuendigungen-durch-strukturwandel-ue50-unter-druck\\\/#breadcrumb\"},\"inLanguage\":\"it-IT\",\"potentialAction\":[{\"@type\":\"ReadAction\",\"target\":[\"https:\\\/\\\/www.organisator.ch\\\/human-resources\\\/hrm\\\/2019-01-10\\\/mehr-kuendigungen-durch-strukturwandel-ue50-unter-druck\\\/\"]}]},{\"@type\":\"ImageObject\",\"inLanguage\":\"it-IT\",\"@id\":\"https:\\\/\\\/www.organisator.ch\\\/human-resources\\\/hrm\\\/2019-01-10\\\/mehr-kuendigungen-durch-strukturwandel-ue50-unter-druck\\\/#primaryimage\",\"url\":\"https:\\\/\\\/www.organisator.ch\\\/wp-content\\\/uploads\\\/2019\\\/01\\\/Mehr-Kuendigungen-durch-Strukturwandel-Ue50-unter-Druck_Organisator.jpg\",\"contentUrl\":\"https:\\\/\\\/www.organisator.ch\\\/wp-content\\\/uploads\\\/2019\\\/01\\\/Mehr-Kuendigungen-durch-Strukturwandel-Ue50-unter-Druck_Organisator.jpg\",\"width\":680,\"height\":430,\"caption\":\"Der Strukturwandel f\u00fchrt zu mehr K\u00fcndigungen, nicht konjunkturelle Gr\u00fcnde, so eine Erkenntnis des j\u00fcngsten von Rundstedt Arbeitsmarkt-Barometers. (Bild: Pauline \\\/ pixelio.de)\"},{\"@type\":\"BreadcrumbList\",\"@id\":\"https:\\\/\\\/www.organisator.ch\\\/human-resources\\\/hrm\\\/2019-01-10\\\/mehr-kuendigungen-durch-strukturwandel-ue50-unter-druck\\\/#breadcrumb\",\"itemListElement\":[{\"@type\":\"ListItem\",\"position\":1,\"name\":\"Home\",\"item\":\"https:\\\/\\\/www.organisator.ch\\\/\"},{\"@type\":\"ListItem\",\"position\":2,\"name\":\"Mehr K\u00fcndigungen durch Strukturwandel &#8211; \u00dc50 unter Druck\"}]},{\"@type\":\"WebSite\",\"@id\":\"https:\\\/\\\/www.organisator.ch\\\/#website\",\"url\":\"https:\\\/\\\/www.organisator.ch\\\/\",\"name\":\"Organisator\",\"description\":\"Kompetent. Praxisnah. Der ORGANISATOR bereitet in 10 Ausgaben pro Jahr die wesentlichen Themen f\u00fcr F\u00fchrungskr\u00e4fte von KMU auf.\",\"publisher\":{\"@id\":\"https:\\\/\\\/www.organisator.ch\\\/#organization\"},\"potentialAction\":[{\"@type\":\"SearchAction\",\"target\":{\"@type\":\"EntryPoint\",\"urlTemplate\":\"https:\\\/\\\/www.organisator.ch\\\/?s={search_term_string}\"},\"query-input\":{\"@type\":\"PropertyValueSpecification\",\"valueRequired\":true,\"valueName\":\"search_term_string\"}}],\"inLanguage\":\"it-IT\"},{\"@type\":\"Organization\",\"@id\":\"https:\\\/\\\/www.organisator.ch\\\/#organization\",\"name\":\"Organisator\",\"url\":\"https:\\\/\\\/www.organisator.ch\\\/\",\"logo\":{\"@type\":\"ImageObject\",\"inLanguage\":\"it-IT\",\"@id\":\"https:\\\/\\\/www.organisator.ch\\\/#\\\/schema\\\/logo\\\/image\\\/\",\"url\":\"https:\\\/\\\/www.organisator.ch\\\/wp-content\\\/uploads\\\/2022\\\/01\\\/Logo_Organisator_Website.png\",\"contentUrl\":\"https:\\\/\\\/www.organisator.ch\\\/wp-content\\\/uploads\\\/2022\\\/01\\\/Logo_Organisator_Website.png\",\"width\":800,\"height\":77,\"caption\":\"Organisator\"},\"image\":{\"@id\":\"https:\\\/\\\/www.organisator.ch\\\/#\\\/schema\\\/logo\\\/image\\\/\"},\"sameAs\":[\"https:\\\/\\\/www.facebook.com\\\/OrganisatorFachmagazin\",\"https:\\\/\\\/www.linkedin.com\\\/showcase\\\/organisator-das-magazin-fr-kmu\",\"https:\\\/\\\/www.xing.com\\\/news\\\/pages\\\/organisator-ch-695\",\"https:\\\/\\\/www.youtube.com\\\/channel\\\/UCGP2Sq0iWaZwT3BdIAQFYpw\"]},{\"@type\":\"Person\",\"@id\":\"https:\\\/\\\/www.organisator.ch\\\/#\\\/schema\\\/person\\\/6f650f90b2842cd4c0cc334b4e36f67e\",\"name\":\"thomas.berner\",\"image\":{\"@type\":\"ImageObject\",\"inLanguage\":\"it-IT\",\"@id\":\"https:\\\/\\\/secure.gravatar.com\\\/avatar\\\/ac5001d2a36cb6c6cd3e50789007ffca834b477b74a2144564522e944eabff61?s=96&d=mm&r=g\",\"url\":\"https:\\\/\\\/secure.gravatar.com\\\/avatar\\\/ac5001d2a36cb6c6cd3e50789007ffca834b477b74a2144564522e944eabff61?s=96&d=mm&r=g\",\"contentUrl\":\"https:\\\/\\\/secure.gravatar.com\\\/avatar\\\/ac5001d2a36cb6c6cd3e50789007ffca834b477b74a2144564522e944eabff61?s=96&d=mm&r=g\",\"caption\":\"thomas.berner\"},\"url\":\"https:\\\/\\\/www.organisator.ch\\\/it\\\/author\\\/thomas-berner\\\/\"}]}<\/script>\n<!-- \/ Yoast SEO plugin. -->","yoast_head_json":{"title":"Altri licenziamenti a causa di cambiamenti strutturali - \u00dc50 sotto pressione - Organizzatore","description":"Secondo le ultime statistiche di von Rundstedt sull'outplacement, i licenziamenti sono in aumento a causa dei cambiamenti strutturali. Anche i dipendenti over 50 sono sotto pressione.","robots":{"index":"index","follow":"follow","max-snippet":"max-snippet:-1","max-image-preview":"max-image-preview:large","max-video-preview":"max-video-preview:-1"},"canonical":"https:\/\/www.organisator.ch\/it\/risorse-umane\/hrm\/2019-01-10\/mehr-kuendigungen-durch-strukturwandel-ue50-unter-druck\/","og_locale":"it_IT","og_type":"article","og_title":"Mehr K\u00fcndigungen durch Strukturwandel - \u00dc50 unter Druck","og_description":"Gem\u00e4ss der aktuellen von Rundstedt Outplacement-Statistik nehmen K\u00fcndigungen aufgrund von Strukturwandel zu. Auch Arbeitnehmende \u00dc50 stehen unter Druck.","og_url":"https:\/\/www.organisator.ch\/it\/risorse-umane\/hrm\/2019-01-10\/mehr-kuendigungen-durch-strukturwandel-ue50-unter-druck\/","og_site_name":"Organisator","article_publisher":"https:\/\/www.facebook.com\/OrganisatorFachmagazin","article_published_time":"2019-01-10T09:44:59+00:00","og_image":[{"width":680,"height":430,"url":"https:\/\/www.organisator.ch\/wp-content\/uploads\/2019\/01\/Mehr-Kuendigungen-durch-Strukturwandel-Ue50-unter-Druck_Organisator.jpg","type":"image\/jpeg"}],"author":"thomas.berner","twitter_card":"summary_large_image","twitter_title":"Mehr #K\u00fcndigungen durch #Strukturwandel - \u00dc50 unter Druck","twitter_description":"Gem\u00e4ss der aktuellen von #Rundstedt Outplacement-Statistik nehmen #K\u00fcndigungen aufgrund von #Strukturwandel zu. Auch Arbeitnehmende \u00dc50 stehen unter Druck.","twitter_image":"https:\/\/www.organisator.ch\/wp-content\/uploads\/2019\/01\/Mehr-K\u00fcndigungen-durch-Strukturwandel-\u00dc50-unter-Druck_Organisator.jpg","schema":{"@context":"https:\/\/schema.org","@graph":[{"@type":"Article","@id":"https:\/\/www.organisator.ch\/human-resources\/hrm\/2019-01-10\/mehr-kuendigungen-durch-strukturwandel-ue50-unter-druck\/#article","isPartOf":{"@id":"https:\/\/www.organisator.ch\/human-resources\/hrm\/2019-01-10\/mehr-kuendigungen-durch-strukturwandel-ue50-unter-druck\/"},"author":{"name":"thomas.berner","@id":"https:\/\/www.organisator.ch\/#\/schema\/person\/6f650f90b2842cd4c0cc334b4e36f67e"},"headline":"Mehr K\u00fcndigungen durch Strukturwandel &#8211; \u00dc50 unter Druck","datePublished":"2019-01-10T09:44:59+00:00","mainEntityOfPage":{"@id":"https:\/\/www.organisator.ch\/human-resources\/hrm\/2019-01-10\/mehr-kuendigungen-durch-strukturwandel-ue50-unter-druck\/"},"wordCount":1014,"commentCount":1,"publisher":{"@id":"https:\/\/www.organisator.ch\/#organization"},"image":{"@id":"https:\/\/www.organisator.ch\/human-resources\/hrm\/2019-01-10\/mehr-kuendigungen-durch-strukturwandel-ue50-unter-druck\/#primaryimage"},"thumbnailUrl":"https:\/\/www.organisator.ch\/wp-content\/uploads\/2019\/01\/Mehr-Kuendigungen-durch-Strukturwandel-Ue50-unter-Druck_Organisator.jpg","keywords":["Arbeitsmarkt","Arbeitspatz","HRM","Statistik"],"articleSection":["HRM"],"inLanguage":"it-IT"},{"@type":"WebPage","@id":"https:\/\/www.organisator.ch\/human-resources\/hrm\/2019-01-10\/mehr-kuendigungen-durch-strukturwandel-ue50-unter-druck\/","url":"https:\/\/www.organisator.ch\/human-resources\/hrm\/2019-01-10\/mehr-kuendigungen-durch-strukturwandel-ue50-unter-druck\/","name":"Altri licenziamenti a causa di cambiamenti strutturali - \u00dc50 sotto pressione - Organizzatore","isPartOf":{"@id":"https:\/\/www.organisator.ch\/#website"},"primaryImageOfPage":{"@id":"https:\/\/www.organisator.ch\/human-resources\/hrm\/2019-01-10\/mehr-kuendigungen-durch-strukturwandel-ue50-unter-druck\/#primaryimage"},"image":{"@id":"https:\/\/www.organisator.ch\/human-resources\/hrm\/2019-01-10\/mehr-kuendigungen-durch-strukturwandel-ue50-unter-druck\/#primaryimage"},"thumbnailUrl":"https:\/\/www.organisator.ch\/wp-content\/uploads\/2019\/01\/Mehr-Kuendigungen-durch-Strukturwandel-Ue50-unter-Druck_Organisator.jpg","datePublished":"2019-01-10T09:44:59+00:00","description":"Secondo le ultime statistiche di von Rundstedt sull'outplacement, i licenziamenti sono in aumento a causa dei cambiamenti strutturali. Anche i dipendenti over 50 sono sotto pressione.","breadcrumb":{"@id":"https:\/\/www.organisator.ch\/human-resources\/hrm\/2019-01-10\/mehr-kuendigungen-durch-strukturwandel-ue50-unter-druck\/#breadcrumb"},"inLanguage":"it-IT","potentialAction":[{"@type":"ReadAction","target":["https:\/\/www.organisator.ch\/human-resources\/hrm\/2019-01-10\/mehr-kuendigungen-durch-strukturwandel-ue50-unter-druck\/"]}]},{"@type":"ImageObject","inLanguage":"it-IT","@id":"https:\/\/www.organisator.ch\/human-resources\/hrm\/2019-01-10\/mehr-kuendigungen-durch-strukturwandel-ue50-unter-druck\/#primaryimage","url":"https:\/\/www.organisator.ch\/wp-content\/uploads\/2019\/01\/Mehr-Kuendigungen-durch-Strukturwandel-Ue50-unter-Druck_Organisator.jpg","contentUrl":"https:\/\/www.organisator.ch\/wp-content\/uploads\/2019\/01\/Mehr-Kuendigungen-durch-Strukturwandel-Ue50-unter-Druck_Organisator.jpg","width":680,"height":430,"caption":"Der Strukturwandel f\u00fchrt zu mehr K\u00fcndigungen, nicht konjunkturelle Gr\u00fcnde, so eine Erkenntnis des j\u00fcngsten von Rundstedt Arbeitsmarkt-Barometers. (Bild: Pauline \/ pixelio.de)"},{"@type":"BreadcrumbList","@id":"https:\/\/www.organisator.ch\/human-resources\/hrm\/2019-01-10\/mehr-kuendigungen-durch-strukturwandel-ue50-unter-druck\/#breadcrumb","itemListElement":[{"@type":"ListItem","position":1,"name":"Home","item":"https:\/\/www.organisator.ch\/"},{"@type":"ListItem","position":2,"name":"Mehr K\u00fcndigungen durch Strukturwandel &#8211; \u00dc50 unter Druck"}]},{"@type":"WebSite","@id":"https:\/\/www.organisator.ch\/#website","url":"https:\/\/www.organisator.ch\/","name":"Organizzatore","description":"Competente. Pratico. In 10 numeri all'anno, ORGANISATOR presenta i temi essenziali per i manager delle PMI.","publisher":{"@id":"https:\/\/www.organisator.ch\/#organization"},"potentialAction":[{"@type":"SearchAction","target":{"@type":"EntryPoint","urlTemplate":"https:\/\/www.organisator.ch\/?s={search_term_string}"},"query-input":{"@type":"PropertyValueSpecification","valueRequired":true,"valueName":"search_term_string"}}],"inLanguage":"it-IT"},{"@type":"Organization","@id":"https:\/\/www.organisator.ch\/#organization","name":"Organizzatore","url":"https:\/\/www.organisator.ch\/","logo":{"@type":"ImageObject","inLanguage":"it-IT","@id":"https:\/\/www.organisator.ch\/#\/schema\/logo\/image\/","url":"https:\/\/www.organisator.ch\/wp-content\/uploads\/2022\/01\/Logo_Organisator_Website.png","contentUrl":"https:\/\/www.organisator.ch\/wp-content\/uploads\/2022\/01\/Logo_Organisator_Website.png","width":800,"height":77,"caption":"Organisator"},"image":{"@id":"https:\/\/www.organisator.ch\/#\/schema\/logo\/image\/"},"sameAs":["https:\/\/www.facebook.com\/OrganisatorFachmagazin","https:\/\/www.linkedin.com\/showcase\/organisator-das-magazin-fr-kmu","https:\/\/www.xing.com\/news\/pages\/organisator-ch-695","https:\/\/www.youtube.com\/channel\/UCGP2Sq0iWaZwT3BdIAQFYpw"]},{"@type":"Person","@id":"https:\/\/www.organisator.ch\/#\/schema\/person\/6f650f90b2842cd4c0cc334b4e36f67e","name":"Tommaso.berner","image":{"@type":"ImageObject","inLanguage":"it-IT","@id":"https:\/\/secure.gravatar.com\/avatar\/ac5001d2a36cb6c6cd3e50789007ffca834b477b74a2144564522e944eabff61?s=96&d=mm&r=g","url":"https:\/\/secure.gravatar.com\/avatar\/ac5001d2a36cb6c6cd3e50789007ffca834b477b74a2144564522e944eabff61?s=96&d=mm&r=g","contentUrl":"https:\/\/secure.gravatar.com\/avatar\/ac5001d2a36cb6c6cd3e50789007ffca834b477b74a2144564522e944eabff61?s=96&d=mm&r=g","caption":"thomas.berner"},"url":"https:\/\/www.organisator.ch\/it\/author\/thomas-berner\/"}]}},"_links":{"self":[{"href":"https:\/\/www.organisator.ch\/it\/wp-json\/wp\/v2\/posts\/4718","targetHints":{"allow":["GET"]}}],"collection":[{"href":"https:\/\/www.organisator.ch\/it\/wp-json\/wp\/v2\/posts"}],"about":[{"href":"https:\/\/www.organisator.ch\/it\/wp-json\/wp\/v2\/types\/post"}],"author":[{"embeddable":true,"href":"https:\/\/www.organisator.ch\/it\/wp-json\/wp\/v2\/users\/4"}],"replies":[{"embeddable":true,"href":"https:\/\/www.organisator.ch\/it\/wp-json\/wp\/v2\/comments?post=4718"}],"version-history":[{"count":0,"href":"https:\/\/www.organisator.ch\/it\/wp-json\/wp\/v2\/posts\/4718\/revisions"}],"wp:featuredmedia":[{"embeddable":true,"href":"https:\/\/www.organisator.ch\/it\/wp-json\/wp\/v2\/media\/4719"}],"wp:attachment":[{"href":"https:\/\/www.organisator.ch\/it\/wp-json\/wp\/v2\/media?parent=4718"}],"wp:term":[{"taxonomy":"category","embeddable":true,"href":"https:\/\/www.organisator.ch\/it\/wp-json\/wp\/v2\/categories?post=4718"},{"taxonomy":"post_tag","embeddable":true,"href":"https:\/\/www.organisator.ch\/it\/wp-json\/wp\/v2\/tags?post=4718"}],"curies":[{"name":"wp","href":"https:\/\/api.w.org\/{rel}","templated":true}]}}