{"id":4721,"date":"2019-01-10T14:02:28","date_gmt":"2019-01-10T13:02:28","guid":{"rendered":"https:\/\/www.organisator.ch\/?p=4721"},"modified":"2019-01-10T14:02:28","modified_gmt":"2019-01-10T13:02:28","slug":"karriereentwicklungs-und-outplacement-dienstleistungen-immer-staerker-nachgefragt","status":"publish","type":"post","link":"https:\/\/www.organisator.ch\/it\/management\/2019-01-10\/karriereentwicklungs-und-outplacement-dienstleistungen-immer-staerker-nachgefragt\/","title":{"rendered":"Sviluppo della carriera e servizi di outplacement sempre pi\u00f9 richiesti"},"content":{"rendered":"<figure id=\"attachment_4723\" aria-describedby=\"caption-attachment-4723\" style=\"width: 680px\" class=\"wp-caption alignnone\"><img loading=\"lazy\" decoding=\"async\" class=\"size-medium wp-image-4723\" src=\"https:\/\/www.organisator.ch\/wp-content\/uploads\/2019\/01\/Karriereentwicklungs-und-Outplacement-Dienstleistungen-immer-staerker-nachgefragt_Organisator.jpg\" alt=\"\" width=\"680\" height=\"431\" srcset=\"https:\/\/www.organisator.ch\/wp-content\/uploads\/2019\/01\/Karriereentwicklungs-und-Outplacement-Dienstleistungen-immer-staerker-nachgefragt_Organisator.jpg 680w, https:\/\/www.organisator.ch\/wp-content\/uploads\/2019\/01\/Karriereentwicklungs-und-Outplacement-Dienstleistungen-immer-staerker-nachgefragt_Organisator-16x10.jpg 16w, https:\/\/www.organisator.ch\/wp-content\/uploads\/2019\/01\/Karriereentwicklungs-und-Outplacement-Dienstleistungen-immer-staerker-nachgefragt_Organisator-276x175.jpg 276w, https:\/\/www.organisator.ch\/wp-content\/uploads\/2019\/01\/Karriereentwicklungs-und-Outplacement-Dienstleistungen-immer-staerker-nachgefragt_Organisator-552x350.jpg 552w, https:\/\/www.organisator.ch\/wp-content\/uploads\/2019\/01\/Karriereentwicklungs-und-Outplacement-Dienstleistungen-immer-staerker-nachgefragt_Organisator-300x190.jpg 300w\" sizes=\"auto, (max-width: 680px) 100vw, 680px\" \/><figcaption id=\"caption-attachment-4723\" class=\"wp-caption-text\">Il top management si affida sempre pi\u00f9 spesso ai servizi di sviluppo della carriera e di outplacement. Lo dimostra una valutazione triennale di Grass &amp; Partner AG. (Immagine: Fotolia.com)<\/figcaption><\/figure>\n<p>Nel presente confronto triennale di Grass &amp; Partner AG per il periodo 2016-2018, emerge un ripensamento sui nuovi orientamenti e sulle modalit\u00e0 di successione, in particolare tra i dirigenti e i membri del consiglio di amministrazione delle PMI. Le ragioni di ci\u00f2 risiedono negli attuali cambiamenti del mercato del lavoro. I cambiamenti strutturali, le influenze economiche e, soprattutto, la digitalizzazione stanno portando a nuovi requisiti in termini di competenze e cultura. \u00c8 richiesta una maggiore diversit\u00e0, soprattutto nel senso di diversit\u00e0 di istruzione, talento ed et\u00e0. Le persone colpite ricorrono quindi sempre pi\u00f9 spesso a un supporto professionale per lo sviluppo della carriera e il ricollocamento.\u00a0<span lang=\"DE\">L'indagine triennale della societ\u00e0, che \u00e8 uno dei principali fornitori di servizi di outplacement in Svizzera, si basa su un sondaggio condotto tra circa 700 dirigenti e specialisti di diversi settori. <\/span><\/p>\n<h2>La crescente pressione aumenta la domanda di servizi di outplacement<\/h2>\n<p>Lo studio attuale mostra che la pressione sui dipendenti con funzioni di staff e di gestione \u00e8 aumentata ulteriormente. Il tasso di riorientamento \u00e8 passato dal 23% del 2017 al 30% del 2018. Le ragioni di questo fenomeno risiedono essenzialmente negli sviluppi economici e tecnologici, che pongono anche i livelli dirigenziali di fronte a nuovi profili di requisiti.<\/p>\n<p><span lang=\"DE\">La situazione economica generalmente pi\u00f9 stabile dello scorso anno ha avuto un effetto positivo sul settore industriale. In questo caso, l'attuale indagine triennale di Grass &amp; Partner AG registra un calo del numero di persone che si occupano di nuovi processi di ricollocamento dal 22% del 2017 all'11% del 2018.\u00a0<\/span><span lang=\"DE\">Il tasso di assistenza nel settore del commercio \u00e8 diminuito da 10% nel 2017 a 7% lo scorso anno. Anche il settore pubblico ha registrato un calo delle separazioni. La quota \u00e8 scesa da 11% nel 2017 a 7% nel 2018. <\/span><span lang=\"DE\">L'anno scorso sia il settore dei servizi che quello dell'informatica sono stati sotto pressione. Rispetto all'anno precedente, hanno registrato un aumento significativo delle separazioni, passando rispettivamente da 5% a 12% e da 11% a 16%. \u00c8 aumentato anche il ricorso ai servizi di outplacement per il personale e le funzioni di supporto alla gestione: <\/span><span lang=\"DE\">La quota \u00e8 passata da 23% nel 2017 a 30% nel 2018.<\/span><\/p>\n<h2>Continuano le tendenze positive per i lavoratori anziani<\/h2>\n<p>Un'altra tendenza del mercato del lavoro si riscontra nel settore dei lavoratori anziani. In questo caso, l'attuale indagine triennale riflette un forte aumento del numero di ultracinquantenni e ultracinquantacinquenni. Grazie a un sostegno professionale efficace, le loro possibilit\u00e0 di riorientamento professionale sono migliorate in modo significativo. Sulla base di tutti i mandati di newplacement dello scorso anno, Grass &amp; Partner \u00e8 riuscita a ridurre il tempo necessario agli interessati per iniziare un nuovo lavoro da 6 mesi nel 2017 a 5,6 mesi nel 2018. L'attuale elevata domanda di dipendenti esperti e di portatori di know-how nell'ambiente in forte espansione delle PMI ha certamente contribuito a questo sviluppo. Per questa clientela, l'attenzione si concentra sempre pi\u00f9 sulla pianificazione della successione, sulle partecipazioni azionarie e sulle acquisizioni aziendali.<\/p>\n<h2>Le donne colgono le loro opportunit\u00e0<\/h2>\n<p>I dati attuali sulla presenza delle donne nei piani dirigenziali delle aziende svizzere sono in calo. Questo dato trova riscontro nel fatto che Grass &amp; Partner registra un aumento costante delle donne manager che ricevono un supporto mirato nell'area dello sviluppo della carriera o che lo avviano autonomamente. Questo certamente anche con l'intento di contrastare proattivamente questa tendenza. La prossima indagine triennale potrebbe fornire informazioni sugli ulteriori sviluppi del mercato del lavoro svizzero in questo senso.<\/p>\n<p><span lang=\"DE\">Grass &amp; Partner ha condotto il primo studio di questo tipo per gli anni dal 2005 al 2007. Da allora, l'azienda effettua le indagini triennali e fornisce cos\u00ec informazioni rilevanti sulla situazione del mercato del lavoro, in particolare ai membri degli organi direttivi e a livello di quadri.<\/span><\/p>\n<p><em>Fonte e ulteriori informazioni:\u00a0<\/em><em><a href=\"http:\/\/www.grassgroup.ch\/\">www.grassgroup.ch<\/a><\/em><\/p>\n<p><em>Un altro articolo recente sul tema dei servizi di outplacement \u00e8 disponibile al seguente indirizzo <a href=\"https:\/\/www.organisator.ch\/mehr-kuendigungen-durch-strukturwandel-ue50-unter-druck\/\">qui<\/a>.<\/em><\/p>","protected":false},"excerpt":{"rendered":"<p>Im vorliegenden Dreijahresvergleich der Grass &amp; Partner AG f\u00fcr den Zeitraum 2016-2018 zeichnet sich insbesondere bei KMU-Gesch\u00e4ftsleitungen und -VR-Mitgliedern ein Umdenken hinsichtlich Neuorientierungen und Nachfolgeregelungen ab. Die Gr\u00fcnde daf\u00fcr liegen in den aktuellen Ver\u00e4nderungen auf dem Arbeitsmarkt. Der Strukturwandel, wirtschaftliche Einfl\u00fcsse und vor allem die Digitalisierung f\u00fchren zu neuen Anforderungen hinsichtlich Skills und Kultur. Mehr [&hellip;]<\/p>\n","protected":false},"author":4,"featured_media":4723,"comment_status":"open","ping_status":"open","sticky":false,"template":"","format":"standard","meta":{"_acf_changed":false,"_yoast_wpseo_focuskw":"Outplacement-Dienstleistungen","_yoast_wpseo_metadesc":"Eine Dreijahreserhebung 2016 - 2018 der Grass & Partner AG best\u00e4tigt eine gestiegene Nachfrage f\u00fcr Outplacement-Dienstleistungen und Karriereentwicklungen.","articlekey":"","footnotes":""},"categories":[28],"tags":[254,294,371],"class_list":["post-4721","post","type-post","status-publish","format-standard","has-post-thumbnail","hentry","category-management","tag-hrm","tag-karriere","tag-outplacement"],"acf":[],"yoast_head":"<!-- This site is optimized with the Yoast SEO plugin v27.4 - https:\/\/yoast.com\/product\/yoast-seo-wordpress\/ -->\n<title>Karriereentwicklungs- und Outplacement-Dienstleistungen immer st\u00e4rker nachgefragt - Organisator<\/title>\n<meta name=\"description\" content=\"Eine Dreijahreserhebung 2016 - 2018 der Grass &amp; Partner AG best\u00e4tigt eine gestiegene Nachfrage f\u00fcr Outplacement-Dienstleistungen und Karriereentwicklungen.\" \/>\n<meta name=\"robots\" content=\"index, follow, max-snippet:-1, max-image-preview:large, max-video-preview:-1\" \/>\n<link rel=\"canonical\" href=\"https:\/\/www.organisator.ch\/it\/gestione-2\/2019-01-10\/karriereentwicklungs-und-outplacement-dienstleistungen-immer-staerker-nachgefragt\/\" \/>\n<meta property=\"og:locale\" content=\"it_IT\" \/>\n<meta property=\"og:type\" content=\"article\" \/>\n<meta property=\"og:title\" content=\"Karriereentwicklungs- und Outplacement-Dienstleistungen immer st\u00e4rker nachgefragt\" \/>\n<meta property=\"og:description\" content=\"Eine Dreijahreserhebung 2016 - 2018 der Grass &amp; Partner AG best\u00e4tigt eine gestiegene Nachfrage f\u00fcr Outplacement-Dienstleistungen und Karriereentwicklungen.\" \/>\n<meta property=\"og:url\" content=\"https:\/\/www.organisator.ch\/it\/gestione-2\/2019-01-10\/karriereentwicklungs-und-outplacement-dienstleistungen-immer-staerker-nachgefragt\/\" \/>\n<meta property=\"og:site_name\" content=\"Organisator\" \/>\n<meta property=\"article:publisher\" content=\"https:\/\/www.facebook.com\/OrganisatorFachmagazin\" \/>\n<meta property=\"article:published_time\" content=\"2019-01-10T13:02:28+00:00\" \/>\n<meta property=\"og:image\" content=\"https:\/\/www.organisator.ch\/wp-content\/uploads\/2019\/01\/Karriereentwicklungs-und-Outplacement-Dienstleistungen-immer-staerker-nachgefragt_Organisator.jpg\" \/>\n\t<meta property=\"og:image:width\" content=\"680\" \/>\n\t<meta property=\"og:image:height\" content=\"431\" \/>\n\t<meta property=\"og:image:type\" content=\"image\/jpeg\" \/>\n<meta name=\"author\" content=\"thomas.berner\" \/>\n<meta name=\"twitter:card\" content=\"summary_large_image\" \/>\n<meta name=\"twitter:title\" content=\"Karriereentwicklungs- und #Outplacement-Dienstleistungen immer st\u00e4rker nachgefragt\" \/>\n<meta name=\"twitter:description\" content=\"Eine Dreijahreserhebung 2016 - 2018 der Grass &amp; Partner AG best\u00e4tigt eine gestiegene Nachfrage f\u00fcr #Outplacement-Dienstleistungen und Karriereentwicklungen.\" \/>\n<meta name=\"twitter:image\" content=\"https:\/\/www.organisator.ch\/wp-content\/uploads\/2019\/01\/Karriereentwicklungs-und-Outplacement-Dienstleistungen-immer-st\u00e4rker-nachgefragt_Organisator.jpg\" \/>\n<script type=\"application\/ld+json\" class=\"yoast-schema-graph\">{\"@context\":\"https:\\\/\\\/schema.org\",\"@graph\":[{\"@type\":\"Article\",\"@id\":\"https:\\\/\\\/www.organisator.ch\\\/management\\\/2019-01-10\\\/karriereentwicklungs-und-outplacement-dienstleistungen-immer-staerker-nachgefragt\\\/#article\",\"isPartOf\":{\"@id\":\"https:\\\/\\\/www.organisator.ch\\\/management\\\/2019-01-10\\\/karriereentwicklungs-und-outplacement-dienstleistungen-immer-staerker-nachgefragt\\\/\"},\"author\":{\"name\":\"thomas.berner\",\"@id\":\"https:\\\/\\\/www.organisator.ch\\\/#\\\/schema\\\/person\\\/6f650f90b2842cd4c0cc334b4e36f67e\"},\"headline\":\"Karriereentwicklungs- und Outplacement-Dienstleistungen immer st\u00e4rker nachgefragt\",\"datePublished\":\"2019-01-10T13:02:28+00:00\",\"mainEntityOfPage\":{\"@id\":\"https:\\\/\\\/www.organisator.ch\\\/management\\\/2019-01-10\\\/karriereentwicklungs-und-outplacement-dienstleistungen-immer-staerker-nachgefragt\\\/\"},\"wordCount\":590,\"commentCount\":0,\"publisher\":{\"@id\":\"https:\\\/\\\/www.organisator.ch\\\/#organization\"},\"image\":{\"@id\":\"https:\\\/\\\/www.organisator.ch\\\/management\\\/2019-01-10\\\/karriereentwicklungs-und-outplacement-dienstleistungen-immer-staerker-nachgefragt\\\/#primaryimage\"},\"thumbnailUrl\":\"https:\\\/\\\/www.organisator.ch\\\/wp-content\\\/uploads\\\/2019\\\/01\\\/Karriereentwicklungs-und-Outplacement-Dienstleistungen-immer-staerker-nachgefragt_Organisator.jpg\",\"keywords\":[\"HRM\",\"Karriere\",\"Outplacement\"],\"articleSection\":[\"MANAGEMENT\"],\"inLanguage\":\"it-IT\"},{\"@type\":\"WebPage\",\"@id\":\"https:\\\/\\\/www.organisator.ch\\\/management\\\/2019-01-10\\\/karriereentwicklungs-und-outplacement-dienstleistungen-immer-staerker-nachgefragt\\\/\",\"url\":\"https:\\\/\\\/www.organisator.ch\\\/management\\\/2019-01-10\\\/karriereentwicklungs-und-outplacement-dienstleistungen-immer-staerker-nachgefragt\\\/\",\"name\":\"Karriereentwicklungs- und Outplacement-Dienstleistungen immer st\u00e4rker nachgefragt - Organisator\",\"isPartOf\":{\"@id\":\"https:\\\/\\\/www.organisator.ch\\\/#website\"},\"primaryImageOfPage\":{\"@id\":\"https:\\\/\\\/www.organisator.ch\\\/management\\\/2019-01-10\\\/karriereentwicklungs-und-outplacement-dienstleistungen-immer-staerker-nachgefragt\\\/#primaryimage\"},\"image\":{\"@id\":\"https:\\\/\\\/www.organisator.ch\\\/management\\\/2019-01-10\\\/karriereentwicklungs-und-outplacement-dienstleistungen-immer-staerker-nachgefragt\\\/#primaryimage\"},\"thumbnailUrl\":\"https:\\\/\\\/www.organisator.ch\\\/wp-content\\\/uploads\\\/2019\\\/01\\\/Karriereentwicklungs-und-Outplacement-Dienstleistungen-immer-staerker-nachgefragt_Organisator.jpg\",\"datePublished\":\"2019-01-10T13:02:28+00:00\",\"description\":\"Eine Dreijahreserhebung 2016 - 2018 der Grass & Partner AG best\u00e4tigt eine gestiegene Nachfrage f\u00fcr Outplacement-Dienstleistungen und Karriereentwicklungen.\",\"breadcrumb\":{\"@id\":\"https:\\\/\\\/www.organisator.ch\\\/management\\\/2019-01-10\\\/karriereentwicklungs-und-outplacement-dienstleistungen-immer-staerker-nachgefragt\\\/#breadcrumb\"},\"inLanguage\":\"it-IT\",\"potentialAction\":[{\"@type\":\"ReadAction\",\"target\":[\"https:\\\/\\\/www.organisator.ch\\\/management\\\/2019-01-10\\\/karriereentwicklungs-und-outplacement-dienstleistungen-immer-staerker-nachgefragt\\\/\"]}]},{\"@type\":\"ImageObject\",\"inLanguage\":\"it-IT\",\"@id\":\"https:\\\/\\\/www.organisator.ch\\\/management\\\/2019-01-10\\\/karriereentwicklungs-und-outplacement-dienstleistungen-immer-staerker-nachgefragt\\\/#primaryimage\",\"url\":\"https:\\\/\\\/www.organisator.ch\\\/wp-content\\\/uploads\\\/2019\\\/01\\\/Karriereentwicklungs-und-Outplacement-Dienstleistungen-immer-staerker-nachgefragt_Organisator.jpg\",\"contentUrl\":\"https:\\\/\\\/www.organisator.ch\\\/wp-content\\\/uploads\\\/2019\\\/01\\\/Karriereentwicklungs-und-Outplacement-Dienstleistungen-immer-staerker-nachgefragt_Organisator.jpg\",\"width\":680,\"height\":431,\"caption\":\"Oberste F\u00fchrungsgremien vertrauen verst\u00e4rkt auf Karriereentwicklungs- und Outplacement-Dienstleistungen. Dies zeigt eine Dreijahres-Auswertung von Grass & Partner AG. (Bild: Fotolia.com)\"},{\"@type\":\"BreadcrumbList\",\"@id\":\"https:\\\/\\\/www.organisator.ch\\\/management\\\/2019-01-10\\\/karriereentwicklungs-und-outplacement-dienstleistungen-immer-staerker-nachgefragt\\\/#breadcrumb\",\"itemListElement\":[{\"@type\":\"ListItem\",\"position\":1,\"name\":\"Home\",\"item\":\"https:\\\/\\\/www.organisator.ch\\\/\"},{\"@type\":\"ListItem\",\"position\":2,\"name\":\"Karriereentwicklungs- und Outplacement-Dienstleistungen immer st\u00e4rker nachgefragt\"}]},{\"@type\":\"WebSite\",\"@id\":\"https:\\\/\\\/www.organisator.ch\\\/#website\",\"url\":\"https:\\\/\\\/www.organisator.ch\\\/\",\"name\":\"Organisator\",\"description\":\"Kompetent. Praxisnah. Der ORGANISATOR bereitet in 10 Ausgaben pro Jahr die wesentlichen Themen f\u00fcr F\u00fchrungskr\u00e4fte von KMU auf.\",\"publisher\":{\"@id\":\"https:\\\/\\\/www.organisator.ch\\\/#organization\"},\"potentialAction\":[{\"@type\":\"SearchAction\",\"target\":{\"@type\":\"EntryPoint\",\"urlTemplate\":\"https:\\\/\\\/www.organisator.ch\\\/?s={search_term_string}\"},\"query-input\":{\"@type\":\"PropertyValueSpecification\",\"valueRequired\":true,\"valueName\":\"search_term_string\"}}],\"inLanguage\":\"it-IT\"},{\"@type\":\"Organization\",\"@id\":\"https:\\\/\\\/www.organisator.ch\\\/#organization\",\"name\":\"Organisator\",\"url\":\"https:\\\/\\\/www.organisator.ch\\\/\",\"logo\":{\"@type\":\"ImageObject\",\"inLanguage\":\"it-IT\",\"@id\":\"https:\\\/\\\/www.organisator.ch\\\/#\\\/schema\\\/logo\\\/image\\\/\",\"url\":\"https:\\\/\\\/www.organisator.ch\\\/wp-content\\\/uploads\\\/2022\\\/01\\\/Logo_Organisator_Website.png\",\"contentUrl\":\"https:\\\/\\\/www.organisator.ch\\\/wp-content\\\/uploads\\\/2022\\\/01\\\/Logo_Organisator_Website.png\",\"width\":800,\"height\":77,\"caption\":\"Organisator\"},\"image\":{\"@id\":\"https:\\\/\\\/www.organisator.ch\\\/#\\\/schema\\\/logo\\\/image\\\/\"},\"sameAs\":[\"https:\\\/\\\/www.facebook.com\\\/OrganisatorFachmagazin\",\"https:\\\/\\\/www.linkedin.com\\\/showcase\\\/organisator-das-magazin-fr-kmu\",\"https:\\\/\\\/www.xing.com\\\/news\\\/pages\\\/organisator-ch-695\",\"https:\\\/\\\/www.youtube.com\\\/channel\\\/UCGP2Sq0iWaZwT3BdIAQFYpw\"]},{\"@type\":\"Person\",\"@id\":\"https:\\\/\\\/www.organisator.ch\\\/#\\\/schema\\\/person\\\/6f650f90b2842cd4c0cc334b4e36f67e\",\"name\":\"thomas.berner\",\"image\":{\"@type\":\"ImageObject\",\"inLanguage\":\"it-IT\",\"@id\":\"https:\\\/\\\/secure.gravatar.com\\\/avatar\\\/ac5001d2a36cb6c6cd3e50789007ffca834b477b74a2144564522e944eabff61?s=96&d=mm&r=g\",\"url\":\"https:\\\/\\\/secure.gravatar.com\\\/avatar\\\/ac5001d2a36cb6c6cd3e50789007ffca834b477b74a2144564522e944eabff61?s=96&d=mm&r=g\",\"contentUrl\":\"https:\\\/\\\/secure.gravatar.com\\\/avatar\\\/ac5001d2a36cb6c6cd3e50789007ffca834b477b74a2144564522e944eabff61?s=96&d=mm&r=g\",\"caption\":\"thomas.berner\"},\"url\":\"https:\\\/\\\/www.organisator.ch\\\/it\\\/author\\\/thomas-berner\\\/\"}]}<\/script>\n<!-- \/ Yoast SEO plugin. -->","yoast_head_json":{"title":"I servizi di sviluppo della carriera e di outplacement sono sempre pi\u00f9 richiesti - Organizzatore","description":"Un'indagine triennale 2016 - 2018 di Grass &amp; Partner AG conferma un aumento della domanda di servizi di outplacement e sviluppo della carriera.","robots":{"index":"index","follow":"follow","max-snippet":"max-snippet:-1","max-image-preview":"max-image-preview:large","max-video-preview":"max-video-preview:-1"},"canonical":"https:\/\/www.organisator.ch\/it\/gestione-2\/2019-01-10\/karriereentwicklungs-und-outplacement-dienstleistungen-immer-staerker-nachgefragt\/","og_locale":"it_IT","og_type":"article","og_title":"Karriereentwicklungs- und Outplacement-Dienstleistungen immer st\u00e4rker nachgefragt","og_description":"Eine Dreijahreserhebung 2016 - 2018 der Grass & Partner AG best\u00e4tigt eine gestiegene Nachfrage f\u00fcr Outplacement-Dienstleistungen und Karriereentwicklungen.","og_url":"https:\/\/www.organisator.ch\/it\/gestione-2\/2019-01-10\/karriereentwicklungs-und-outplacement-dienstleistungen-immer-staerker-nachgefragt\/","og_site_name":"Organisator","article_publisher":"https:\/\/www.facebook.com\/OrganisatorFachmagazin","article_published_time":"2019-01-10T13:02:28+00:00","og_image":[{"width":680,"height":431,"url":"https:\/\/www.organisator.ch\/wp-content\/uploads\/2019\/01\/Karriereentwicklungs-und-Outplacement-Dienstleistungen-immer-staerker-nachgefragt_Organisator.jpg","type":"image\/jpeg"}],"author":"thomas.berner","twitter_card":"summary_large_image","twitter_title":"Karriereentwicklungs- und #Outplacement-Dienstleistungen immer st\u00e4rker nachgefragt","twitter_description":"Eine Dreijahreserhebung 2016 - 2018 der Grass & Partner AG best\u00e4tigt eine gestiegene Nachfrage f\u00fcr #Outplacement-Dienstleistungen und Karriereentwicklungen.","twitter_image":"https:\/\/www.organisator.ch\/wp-content\/uploads\/2019\/01\/Karriereentwicklungs-und-Outplacement-Dienstleistungen-immer-st\u00e4rker-nachgefragt_Organisator.jpg","schema":{"@context":"https:\/\/schema.org","@graph":[{"@type":"Article","@id":"https:\/\/www.organisator.ch\/management\/2019-01-10\/karriereentwicklungs-und-outplacement-dienstleistungen-immer-staerker-nachgefragt\/#article","isPartOf":{"@id":"https:\/\/www.organisator.ch\/management\/2019-01-10\/karriereentwicklungs-und-outplacement-dienstleistungen-immer-staerker-nachgefragt\/"},"author":{"name":"thomas.berner","@id":"https:\/\/www.organisator.ch\/#\/schema\/person\/6f650f90b2842cd4c0cc334b4e36f67e"},"headline":"Karriereentwicklungs- und Outplacement-Dienstleistungen immer st\u00e4rker nachgefragt","datePublished":"2019-01-10T13:02:28+00:00","mainEntityOfPage":{"@id":"https:\/\/www.organisator.ch\/management\/2019-01-10\/karriereentwicklungs-und-outplacement-dienstleistungen-immer-staerker-nachgefragt\/"},"wordCount":590,"commentCount":0,"publisher":{"@id":"https:\/\/www.organisator.ch\/#organization"},"image":{"@id":"https:\/\/www.organisator.ch\/management\/2019-01-10\/karriereentwicklungs-und-outplacement-dienstleistungen-immer-staerker-nachgefragt\/#primaryimage"},"thumbnailUrl":"https:\/\/www.organisator.ch\/wp-content\/uploads\/2019\/01\/Karriereentwicklungs-und-Outplacement-Dienstleistungen-immer-staerker-nachgefragt_Organisator.jpg","keywords":["HRM","Karriere","Outplacement"],"articleSection":["MANAGEMENT"],"inLanguage":"it-IT"},{"@type":"WebPage","@id":"https:\/\/www.organisator.ch\/management\/2019-01-10\/karriereentwicklungs-und-outplacement-dienstleistungen-immer-staerker-nachgefragt\/","url":"https:\/\/www.organisator.ch\/management\/2019-01-10\/karriereentwicklungs-und-outplacement-dienstleistungen-immer-staerker-nachgefragt\/","name":"I servizi di sviluppo della carriera e di outplacement sono sempre pi\u00f9 richiesti - Organizzatore","isPartOf":{"@id":"https:\/\/www.organisator.ch\/#website"},"primaryImageOfPage":{"@id":"https:\/\/www.organisator.ch\/management\/2019-01-10\/karriereentwicklungs-und-outplacement-dienstleistungen-immer-staerker-nachgefragt\/#primaryimage"},"image":{"@id":"https:\/\/www.organisator.ch\/management\/2019-01-10\/karriereentwicklungs-und-outplacement-dienstleistungen-immer-staerker-nachgefragt\/#primaryimage"},"thumbnailUrl":"https:\/\/www.organisator.ch\/wp-content\/uploads\/2019\/01\/Karriereentwicklungs-und-Outplacement-Dienstleistungen-immer-staerker-nachgefragt_Organisator.jpg","datePublished":"2019-01-10T13:02:28+00:00","description":"Un'indagine triennale 2016 - 2018 di Grass &amp; Partner AG conferma un aumento della domanda di servizi di outplacement e sviluppo della carriera.","breadcrumb":{"@id":"https:\/\/www.organisator.ch\/management\/2019-01-10\/karriereentwicklungs-und-outplacement-dienstleistungen-immer-staerker-nachgefragt\/#breadcrumb"},"inLanguage":"it-IT","potentialAction":[{"@type":"ReadAction","target":["https:\/\/www.organisator.ch\/management\/2019-01-10\/karriereentwicklungs-und-outplacement-dienstleistungen-immer-staerker-nachgefragt\/"]}]},{"@type":"ImageObject","inLanguage":"it-IT","@id":"https:\/\/www.organisator.ch\/management\/2019-01-10\/karriereentwicklungs-und-outplacement-dienstleistungen-immer-staerker-nachgefragt\/#primaryimage","url":"https:\/\/www.organisator.ch\/wp-content\/uploads\/2019\/01\/Karriereentwicklungs-und-Outplacement-Dienstleistungen-immer-staerker-nachgefragt_Organisator.jpg","contentUrl":"https:\/\/www.organisator.ch\/wp-content\/uploads\/2019\/01\/Karriereentwicklungs-und-Outplacement-Dienstleistungen-immer-staerker-nachgefragt_Organisator.jpg","width":680,"height":431,"caption":"Oberste F\u00fchrungsgremien vertrauen verst\u00e4rkt auf Karriereentwicklungs- und Outplacement-Dienstleistungen. Dies zeigt eine Dreijahres-Auswertung von Grass & Partner AG. (Bild: Fotolia.com)"},{"@type":"BreadcrumbList","@id":"https:\/\/www.organisator.ch\/management\/2019-01-10\/karriereentwicklungs-und-outplacement-dienstleistungen-immer-staerker-nachgefragt\/#breadcrumb","itemListElement":[{"@type":"ListItem","position":1,"name":"Home","item":"https:\/\/www.organisator.ch\/"},{"@type":"ListItem","position":2,"name":"Karriereentwicklungs- und Outplacement-Dienstleistungen immer st\u00e4rker nachgefragt"}]},{"@type":"WebSite","@id":"https:\/\/www.organisator.ch\/#website","url":"https:\/\/www.organisator.ch\/","name":"Organizzatore","description":"Competente. Pratico. In 10 numeri all'anno, ORGANISATOR presenta i temi essenziali per i manager delle PMI.","publisher":{"@id":"https:\/\/www.organisator.ch\/#organization"},"potentialAction":[{"@type":"SearchAction","target":{"@type":"EntryPoint","urlTemplate":"https:\/\/www.organisator.ch\/?s={search_term_string}"},"query-input":{"@type":"PropertyValueSpecification","valueRequired":true,"valueName":"search_term_string"}}],"inLanguage":"it-IT"},{"@type":"Organization","@id":"https:\/\/www.organisator.ch\/#organization","name":"Organizzatore","url":"https:\/\/www.organisator.ch\/","logo":{"@type":"ImageObject","inLanguage":"it-IT","@id":"https:\/\/www.organisator.ch\/#\/schema\/logo\/image\/","url":"https:\/\/www.organisator.ch\/wp-content\/uploads\/2022\/01\/Logo_Organisator_Website.png","contentUrl":"https:\/\/www.organisator.ch\/wp-content\/uploads\/2022\/01\/Logo_Organisator_Website.png","width":800,"height":77,"caption":"Organisator"},"image":{"@id":"https:\/\/www.organisator.ch\/#\/schema\/logo\/image\/"},"sameAs":["https:\/\/www.facebook.com\/OrganisatorFachmagazin","https:\/\/www.linkedin.com\/showcase\/organisator-das-magazin-fr-kmu","https:\/\/www.xing.com\/news\/pages\/organisator-ch-695","https:\/\/www.youtube.com\/channel\/UCGP2Sq0iWaZwT3BdIAQFYpw"]},{"@type":"Person","@id":"https:\/\/www.organisator.ch\/#\/schema\/person\/6f650f90b2842cd4c0cc334b4e36f67e","name":"Tommaso.berner","image":{"@type":"ImageObject","inLanguage":"it-IT","@id":"https:\/\/secure.gravatar.com\/avatar\/ac5001d2a36cb6c6cd3e50789007ffca834b477b74a2144564522e944eabff61?s=96&d=mm&r=g","url":"https:\/\/secure.gravatar.com\/avatar\/ac5001d2a36cb6c6cd3e50789007ffca834b477b74a2144564522e944eabff61?s=96&d=mm&r=g","contentUrl":"https:\/\/secure.gravatar.com\/avatar\/ac5001d2a36cb6c6cd3e50789007ffca834b477b74a2144564522e944eabff61?s=96&d=mm&r=g","caption":"thomas.berner"},"url":"https:\/\/www.organisator.ch\/it\/author\/thomas-berner\/"}]}},"_links":{"self":[{"href":"https:\/\/www.organisator.ch\/it\/wp-json\/wp\/v2\/posts\/4721","targetHints":{"allow":["GET"]}}],"collection":[{"href":"https:\/\/www.organisator.ch\/it\/wp-json\/wp\/v2\/posts"}],"about":[{"href":"https:\/\/www.organisator.ch\/it\/wp-json\/wp\/v2\/types\/post"}],"author":[{"embeddable":true,"href":"https:\/\/www.organisator.ch\/it\/wp-json\/wp\/v2\/users\/4"}],"replies":[{"embeddable":true,"href":"https:\/\/www.organisator.ch\/it\/wp-json\/wp\/v2\/comments?post=4721"}],"version-history":[{"count":0,"href":"https:\/\/www.organisator.ch\/it\/wp-json\/wp\/v2\/posts\/4721\/revisions"}],"wp:featuredmedia":[{"embeddable":true,"href":"https:\/\/www.organisator.ch\/it\/wp-json\/wp\/v2\/media\/4723"}],"wp:attachment":[{"href":"https:\/\/www.organisator.ch\/it\/wp-json\/wp\/v2\/media?parent=4721"}],"wp:term":[{"taxonomy":"category","embeddable":true,"href":"https:\/\/www.organisator.ch\/it\/wp-json\/wp\/v2\/categories?post=4721"},{"taxonomy":"post_tag","embeddable":true,"href":"https:\/\/www.organisator.ch\/it\/wp-json\/wp\/v2\/tags?post=4721"}],"curies":[{"name":"wp","href":"https:\/\/api.w.org\/{rel}","templated":true}]}}