{"id":47273,"date":"2026-04-13T15:13:27","date_gmt":"2026-04-13T13:13:27","guid":{"rendered":"https:\/\/www.organisator.ch\/?p=47273"},"modified":"2026-04-10T14:29:27","modified_gmt":"2026-04-10T12:29:27","slug":"gallup-studie-schweizer-beschaeftigte-bewerten-arbeitsmarkt-wieder-positiver","status":"publish","type":"post","link":"https:\/\/www.organisator.ch\/it\/human-resources\/2026-04-13\/gallup-studie-schweizer-beschaeftigte-bewerten-arbeitsmarkt-wieder-positiver\/","title":{"rendered":"Studio Gallup: i lavoratori svizzeri tornano a valutare positivamente il mercato del lavoro"},"content":{"rendered":"<figure id=\"attachment_47278\" aria-describedby=\"caption-attachment-47278\" style=\"width: 680px\" class=\"wp-caption alignnone\"><img loading=\"lazy\" decoding=\"async\" class=\"size-full wp-image-47278\" src=\"https:\/\/www.organisator.ch\/wp-content\/uploads\/2026\/04\/Gallup-Studie-Schweizer-Beschaeftigte-bewerten-Arbeitsmarkt-wieder-positiver_Organisator.jpg\" alt=\"\" width=\"680\" height=\"453\" srcset=\"https:\/\/www.organisator.ch\/wp-content\/uploads\/2026\/04\/Gallup-Studie-Schweizer-Beschaeftigte-bewerten-Arbeitsmarkt-wieder-positiver_Organisator.jpg 680w, https:\/\/www.organisator.ch\/wp-content\/uploads\/2026\/04\/Gallup-Studie-Schweizer-Beschaeftigte-bewerten-Arbeitsmarkt-wieder-positiver_Organisator-18x12.jpg 18w, https:\/\/www.organisator.ch\/wp-content\/uploads\/2026\/04\/Gallup-Studie-Schweizer-Beschaeftigte-bewerten-Arbeitsmarkt-wieder-positiver_Organisator-375x250.jpg 375w, https:\/\/www.organisator.ch\/wp-content\/uploads\/2026\/04\/Gallup-Studie-Schweizer-Beschaeftigte-bewerten-Arbeitsmarkt-wieder-positiver_Organisator-525x350.jpg 525w\" sizes=\"auto, (max-width: 680px) 100vw, 680px\" \/><figcaption id=\"caption-attachment-47278\" class=\"wp-caption-text\">Il buon umore \u00e8 ingannevole: la maggioranza dei dipendenti svizzeri \u00e8 positiva sulle prospettive di lavoro. Allo stesso tempo, solo l'8% \u00e8 emotivamente molto impegnato - uno dei valori pi\u00f9 bassi in Europa. (Immagine: Brooke Cagle \/ Unsplash.com)<\/figcaption><\/figure>\n<p>Lo \u00abState of the Global Workplace\u00bb di Gallup \u00e8 un barometro ampiamente citato sullo stato d'animo del mondo del lavoro. Per la recente edizione 2026, sono stati intervistati telefonicamente o di persona 141.444 dipendenti in 149 Paesi, di cui 48.897 in Europa (38 Paesi) e 3086 nella regione DACH. Gli intervistati sono stati selezionati a caso. I risultati sono rappresentativi della forza lavoro del rispettivo Paese.<\/p>\n<h3><strong>Il mercato del lavoro torna ad essere positivo<\/strong><\/h3>\n<p>In Svizzera, il 58% dei lavoratori afferma che attualmente \u00e8 un buon momento per trovare lavoro. Questo dato \u00e8 leggermente superiore alla media europea del 57%, ma significativamente inferiore a quello della regione DACH, che si attesta al 66%. Rispetto all'anno precedente, la valutazione in Svizzera \u00e8 aumentata di tre punti percentuali. Gallup ritiene che questo sia un segnale di cauto ottimismo sul mercato del lavoro. Questo moderato ottimismo \u00e8 correlato agli ultimi dati sul mercato del lavoro della SECO: il numero di disoccupati \u00e8 sceso di 4821 unit\u00e0 (-3,2 %) a 146.255 nel marzo 2026 rispetto al mese precedente, ma la disoccupazione \u00e8 aumentata di 13.686 unit\u00e0 (+10,3%) rispetto allo stesso mese dell'anno precedente. Il tasso di disoccupazione \u00e8 invece diminuito di 0,1 punti percentuali, passando a 3,1% nel marzo 2026 rispetto al mese precedente.<\/p>\n<h3><strong>Bassa fedelt\u00e0 al datore di lavoro<\/strong><\/h3>\n<p>La fedelt\u00e0 emotiva al datore di lavoro \u00e8 molto pi\u00f9 debole: Secondo Gallup, solo l'8% dei dipendenti svizzeri \u00e8 altamente impegnato. Si tratta di uno dei valori pi\u00f9 bassi in Europa; insieme alla Francia, la Svizzera \u00e8 al penultimo posto, mentre l'Europa nel suo complesso si attesta al 12%. L'85% si sente solo leggermente impegnato e svolge il proprio lavoro in modo doveroso senza dare un ulteriore contributo significativo. Anche la percentuale di dipendenti senza alcun legame emotivo \u00e8 bassa, pari all'8%.<\/p>\n<h3><strong>Benessere con luce e ombra<\/strong><\/h3>\n<p>Anche in termini di benessere generale, la Svizzera \u00e8 al di sotto della media europea, anche se non in modo drammatico: il 46% valuta positivamente la propria vita attuale e il proprio futuro, rispetto al 49% in Europa. Allo stesso tempo, il livello di stress quotidiano in Svizzera \u00e8 salito al 34%, ma rimane inferiore al dato europeo del 39%. Inoltre, il 19 percento ha riferito tristezza, il 14 percento rabbia e il 15 percento solitudine il giorno prima del sondaggio. Nel confronto europeo, la Svizzera si colloca quindi nella fascia medio-bassa.<\/p>\n<h3><strong>F<\/strong><strong>\u00fc<\/strong><strong>Sfruttato dall'economia<\/strong><\/h3>\n<p>Gallup sottolinea che un elevato attaccamento emotivo \u00e8 strettamente legato a una buona leadership e ha un effetto positivo su soddisfazione, stress e motivazione. Secondo una meta-analisi condotta sempre da Gallup nel 2024, i dipendenti altamente impegnati sono, tra l'altro, meno assenti, pi\u00f9 disposti a licenziarsi e pi\u00f9 produttivi. Il messaggio per le aziende svizzere \u00e8 quindi chiaro: il mercato del lavoro pu\u00f2 essere in ripresa, ma senza una maggiore fidelizzazione il potenziale rimane inutilizzato. \u00abSe si vuole attrarre e trattenere i talenti, \u00e8 necessario concentrarsi maggiormente sulla leadership, sulla chiarezza e sulle opportunit\u00e0 di sviluppo. Per i datori di lavoro, questo aumenta la necessit\u00e0 di fornire una guida, costruire la fiducia e creare un ambiente di lavoro che favorisca una genuina lealt\u00e0. Per gli amministratori delegati, non si tratta di una questione culturale soft, ma di una questione di leadership e performance hard\u00bb, afferma Diana Sonnenberg, Principal di Gallup.<\/p>\n<p><em>Fonte: <a href=\"https:\/\/www.gallup.com\/de\">Gallup<\/a><\/em><\/p>","protected":false},"excerpt":{"rendered":"<p>I dipendenti svizzeri sono di nuovo un po\u00ab pi\u00f9 fiduciosi sul mercato del lavoro, ma rimangono relativamente poco legati al proprio datore di lavoro. Lo dimostra il nuovo studio Gallup \u00bbState of the Global Workplace 2026\", in cui la Svizzera si colloca in fondo alla classifica europea in diversi indicatori chiave.<\/p>","protected":false},"author":4,"featured_media":47278,"comment_status":"closed","ping_status":"closed","sticky":false,"template":"","format":"standard","meta":{"_acf_changed":false,"_yoast_wpseo_focuskw":"Gallup-Studie","_yoast_wpseo_metadesc":"Gallup-Studie: Schweizer Besch\u00e4ftigte sehen den Arbeitsmarkt wieder etwas zuversichtlicher, die Bindung an den Arbeitgeber ist aber schwach.","articlekey":"","footnotes":""},"categories":[579],"tags":[47,254,459],"class_list":["post-47273","post","type-post","status-publish","format-standard","has-post-thumbnail","hentry","category-human-resources","tag-arbeitsmarkt","tag-hrm","tag-studie"],"acf":[],"yoast_head":"<!-- This site is optimized with the Yoast SEO plugin v27.4 - https:\/\/yoast.com\/product\/yoast-seo-wordpress\/ -->\n<title>Gallup-Studie: Schweizer Besch\u00e4ftigte bewerten Arbeitsmarkt wieder positiver - Organisator<\/title>\n<meta name=\"description\" content=\"Gallup-Studie: Schweizer Besch\u00e4ftigte sehen den Arbeitsmarkt wieder etwas zuversichtlicher, die Bindung an den Arbeitgeber ist aber schwach.\" \/>\n<meta name=\"robots\" content=\"index, follow, max-snippet:-1, max-image-preview:large, max-video-preview:-1\" \/>\n<link rel=\"canonical\" href=\"https:\/\/www.organisator.ch\/it\/?p=47273\" \/>\n<meta property=\"og:locale\" content=\"it_IT\" \/>\n<meta property=\"og:type\" content=\"article\" \/>\n<meta property=\"og:title\" content=\"Gallup-Studie: Schweizer Besch\u00e4ftigte bewerten Arbeitsmarkt wieder positiver\" \/>\n<meta property=\"og:description\" content=\"Gallup-Studie: Schweizer Besch\u00e4ftigte sehen den Arbeitsmarkt wieder etwas zuversichtlicher, die Bindung an den Arbeitgeber ist aber schwach.\" \/>\n<meta property=\"og:url\" content=\"https:\/\/www.organisator.ch\/it\/?p=47273\" \/>\n<meta property=\"og:site_name\" content=\"Organisator\" \/>\n<meta property=\"article:publisher\" content=\"https:\/\/www.facebook.com\/OrganisatorFachmagazin\" \/>\n<meta property=\"article:published_time\" content=\"2026-04-13T13:13:27+00:00\" \/>\n<meta property=\"og:image\" content=\"https:\/\/www.organisator.ch\/wp-content\/uploads\/2026\/04\/Gallup-Studie-Schweizer-Beschaeftigte-bewerten-Arbeitsmarkt-wieder-positiver_Organisator.jpg\" \/>\n\t<meta property=\"og:image:width\" content=\"680\" \/>\n\t<meta property=\"og:image:height\" content=\"453\" \/>\n\t<meta property=\"og:image:type\" content=\"image\/jpeg\" \/>\n<meta name=\"author\" content=\"thomas.berner\" \/>\n<meta name=\"twitter:card\" content=\"summary_large_image\" \/>\n<meta name=\"twitter:title\" content=\"#Gallup-Studie: Schweizer Besch\u00e4ftigte bewerten #Arbeitsmarkt wieder positiver\" \/>\n<meta name=\"twitter:description\" content=\"#Gallup-Studie: Schweizer Besch\u00e4ftigte sehen den Arbeitsmarkt wieder etwas zuversichtlicher, die #Bindung an den Arbeitgeber ist aber schwach.\" \/>\n<meta name=\"twitter:image\" content=\"https:\/\/www.organisator.ch\/wp-content\/uploads\/2026\/04\/Gallup-Studie-Schweizer-Beschaeftigte-bewerten-Arbeitsmarkt-wieder-positiver_Organisator.jpg\" \/>\n<script type=\"application\/ld+json\" class=\"yoast-schema-graph\">{\"@context\":\"https:\\\/\\\/schema.org\",\"@graph\":[{\"@type\":\"Article\",\"@id\":\"https:\\\/\\\/www.organisator.ch\\\/?p=47273#article\",\"isPartOf\":{\"@id\":\"https:\\\/\\\/www.organisator.ch\\\/?p=47273\"},\"author\":{\"name\":\"thomas.berner\",\"@id\":\"https:\\\/\\\/www.organisator.ch\\\/#\\\/schema\\\/person\\\/6f650f90b2842cd4c0cc334b4e36f67e\"},\"headline\":\"Gallup-Studie: Schweizer Besch\u00e4ftigte bewerten Arbeitsmarkt wieder positiver\",\"datePublished\":\"2026-04-13T13:13:27+00:00\",\"mainEntityOfPage\":{\"@id\":\"https:\\\/\\\/www.organisator.ch\\\/?p=47273\"},\"wordCount\":549,\"publisher\":{\"@id\":\"https:\\\/\\\/www.organisator.ch\\\/#organization\"},\"image\":{\"@id\":\"https:\\\/\\\/www.organisator.ch\\\/?p=47273#primaryimage\"},\"thumbnailUrl\":\"https:\\\/\\\/www.organisator.ch\\\/wp-content\\\/uploads\\\/2026\\\/04\\\/Gallup-Studie-Schweizer-Beschaeftigte-bewerten-Arbeitsmarkt-wieder-positiver_Organisator.jpg\",\"keywords\":[\"Arbeitsmarkt\",\"HRM\",\"Studie\"],\"articleSection\":[\"HUMAN RESOURCES\"],\"inLanguage\":\"it-IT\"},{\"@type\":\"WebPage\",\"@id\":\"https:\\\/\\\/www.organisator.ch\\\/?p=47273\",\"url\":\"https:\\\/\\\/www.organisator.ch\\\/?p=47273\",\"name\":\"Gallup-Studie: Schweizer Besch\u00e4ftigte bewerten Arbeitsmarkt wieder positiver - Organisator\",\"isPartOf\":{\"@id\":\"https:\\\/\\\/www.organisator.ch\\\/#website\"},\"primaryImageOfPage\":{\"@id\":\"https:\\\/\\\/www.organisator.ch\\\/?p=47273#primaryimage\"},\"image\":{\"@id\":\"https:\\\/\\\/www.organisator.ch\\\/?p=47273#primaryimage\"},\"thumbnailUrl\":\"https:\\\/\\\/www.organisator.ch\\\/wp-content\\\/uploads\\\/2026\\\/04\\\/Gallup-Studie-Schweizer-Beschaeftigte-bewerten-Arbeitsmarkt-wieder-positiver_Organisator.jpg\",\"datePublished\":\"2026-04-13T13:13:27+00:00\",\"description\":\"Gallup-Studie: Schweizer Besch\u00e4ftigte sehen den Arbeitsmarkt wieder etwas zuversichtlicher, die Bindung an den Arbeitgeber ist aber schwach.\",\"breadcrumb\":{\"@id\":\"https:\\\/\\\/www.organisator.ch\\\/?p=47273#breadcrumb\"},\"inLanguage\":\"it-IT\",\"potentialAction\":[{\"@type\":\"ReadAction\",\"target\":[\"https:\\\/\\\/www.organisator.ch\\\/?p=47273\"]}]},{\"@type\":\"ImageObject\",\"inLanguage\":\"it-IT\",\"@id\":\"https:\\\/\\\/www.organisator.ch\\\/?p=47273#primaryimage\",\"url\":\"https:\\\/\\\/www.organisator.ch\\\/wp-content\\\/uploads\\\/2026\\\/04\\\/Gallup-Studie-Schweizer-Beschaeftigte-bewerten-Arbeitsmarkt-wieder-positiver_Organisator.jpg\",\"contentUrl\":\"https:\\\/\\\/www.organisator.ch\\\/wp-content\\\/uploads\\\/2026\\\/04\\\/Gallup-Studie-Schweizer-Beschaeftigte-bewerten-Arbeitsmarkt-wieder-positiver_Organisator.jpg\",\"width\":680,\"height\":453,\"caption\":\"Die gute Laune t\u00e4uscht: Schweizer Besch\u00e4ftigte beurteilen die Jobaussichten zwar positiv. Gleichzeitig sind nur 8 Prozent emotional hoch gebunden \u2013 einer der niedrigsten Werte in Europa. (Bild: Brooke Cagle \\\/ Unsplash.com)\"},{\"@type\":\"BreadcrumbList\",\"@id\":\"https:\\\/\\\/www.organisator.ch\\\/?p=47273#breadcrumb\",\"itemListElement\":[{\"@type\":\"ListItem\",\"position\":1,\"name\":\"Home\",\"item\":\"https:\\\/\\\/www.organisator.ch\\\/\"},{\"@type\":\"ListItem\",\"position\":2,\"name\":\"Gallup-Studie: Schweizer Besch\u00e4ftigte bewerten Arbeitsmarkt wieder positiver\"}]},{\"@type\":\"WebSite\",\"@id\":\"https:\\\/\\\/www.organisator.ch\\\/#website\",\"url\":\"https:\\\/\\\/www.organisator.ch\\\/\",\"name\":\"Organisator\",\"description\":\"Kompetent. Praxisnah. Der ORGANISATOR bereitet in 10 Ausgaben pro Jahr die wesentlichen Themen f\u00fcr F\u00fchrungskr\u00e4fte von KMU auf.\",\"publisher\":{\"@id\":\"https:\\\/\\\/www.organisator.ch\\\/#organization\"},\"potentialAction\":[{\"@type\":\"SearchAction\",\"target\":{\"@type\":\"EntryPoint\",\"urlTemplate\":\"https:\\\/\\\/www.organisator.ch\\\/?s={search_term_string}\"},\"query-input\":{\"@type\":\"PropertyValueSpecification\",\"valueRequired\":true,\"valueName\":\"search_term_string\"}}],\"inLanguage\":\"it-IT\"},{\"@type\":\"Organization\",\"@id\":\"https:\\\/\\\/www.organisator.ch\\\/#organization\",\"name\":\"Organisator\",\"url\":\"https:\\\/\\\/www.organisator.ch\\\/\",\"logo\":{\"@type\":\"ImageObject\",\"inLanguage\":\"it-IT\",\"@id\":\"https:\\\/\\\/www.organisator.ch\\\/#\\\/schema\\\/logo\\\/image\\\/\",\"url\":\"https:\\\/\\\/www.organisator.ch\\\/wp-content\\\/uploads\\\/2022\\\/01\\\/Logo_Organisator_Website.png\",\"contentUrl\":\"https:\\\/\\\/www.organisator.ch\\\/wp-content\\\/uploads\\\/2022\\\/01\\\/Logo_Organisator_Website.png\",\"width\":800,\"height\":77,\"caption\":\"Organisator\"},\"image\":{\"@id\":\"https:\\\/\\\/www.organisator.ch\\\/#\\\/schema\\\/logo\\\/image\\\/\"},\"sameAs\":[\"https:\\\/\\\/www.facebook.com\\\/OrganisatorFachmagazin\",\"https:\\\/\\\/www.linkedin.com\\\/showcase\\\/organisator-das-magazin-fr-kmu\",\"https:\\\/\\\/www.xing.com\\\/news\\\/pages\\\/organisator-ch-695\",\"https:\\\/\\\/www.youtube.com\\\/channel\\\/UCGP2Sq0iWaZwT3BdIAQFYpw\"]},{\"@type\":\"Person\",\"@id\":\"https:\\\/\\\/www.organisator.ch\\\/#\\\/schema\\\/person\\\/6f650f90b2842cd4c0cc334b4e36f67e\",\"name\":\"thomas.berner\",\"image\":{\"@type\":\"ImageObject\",\"inLanguage\":\"it-IT\",\"@id\":\"https:\\\/\\\/secure.gravatar.com\\\/avatar\\\/ac5001d2a36cb6c6cd3e50789007ffca834b477b74a2144564522e944eabff61?s=96&d=mm&r=g\",\"url\":\"https:\\\/\\\/secure.gravatar.com\\\/avatar\\\/ac5001d2a36cb6c6cd3e50789007ffca834b477b74a2144564522e944eabff61?s=96&d=mm&r=g\",\"contentUrl\":\"https:\\\/\\\/secure.gravatar.com\\\/avatar\\\/ac5001d2a36cb6c6cd3e50789007ffca834b477b74a2144564522e944eabff61?s=96&d=mm&r=g\",\"caption\":\"thomas.berner\"},\"url\":\"https:\\\/\\\/www.organisator.ch\\\/it\\\/author\\\/thomas-berner\\\/\"}]}<\/script>\n<!-- \/ Yoast SEO plugin. -->","yoast_head_json":{"title":"Studio Gallup: i lavoratori svizzeri tornano a valutare positivamente il mercato del lavoro - Organizzatore","description":"Studio Gallup: i lavoratori svizzeri sono di nuovo un po' pi\u00f9 fiduciosi sul mercato del lavoro, ma la loro fedelt\u00e0 al datore di lavoro \u00e8 debole.","robots":{"index":"index","follow":"follow","max-snippet":"max-snippet:-1","max-image-preview":"max-image-preview:large","max-video-preview":"max-video-preview:-1"},"canonical":"https:\/\/www.organisator.ch\/it\/?p=47273","og_locale":"it_IT","og_type":"article","og_title":"Gallup-Studie: Schweizer Besch\u00e4ftigte bewerten Arbeitsmarkt wieder positiver","og_description":"Gallup-Studie: Schweizer Besch\u00e4ftigte sehen den Arbeitsmarkt wieder etwas zuversichtlicher, die Bindung an den Arbeitgeber ist aber schwach.","og_url":"https:\/\/www.organisator.ch\/it\/?p=47273","og_site_name":"Organisator","article_publisher":"https:\/\/www.facebook.com\/OrganisatorFachmagazin","article_published_time":"2026-04-13T13:13:27+00:00","og_image":[{"width":680,"height":453,"url":"https:\/\/www.organisator.ch\/wp-content\/uploads\/2026\/04\/Gallup-Studie-Schweizer-Beschaeftigte-bewerten-Arbeitsmarkt-wieder-positiver_Organisator.jpg","type":"image\/jpeg"}],"author":"thomas.berner","twitter_card":"summary_large_image","twitter_title":"#Gallup-Studie: Schweizer Besch\u00e4ftigte bewerten #Arbeitsmarkt wieder positiver","twitter_description":"#Gallup-Studie: Schweizer Besch\u00e4ftigte sehen den Arbeitsmarkt wieder etwas zuversichtlicher, die #Bindung an den Arbeitgeber ist aber schwach.","twitter_image":"https:\/\/www.organisator.ch\/wp-content\/uploads\/2026\/04\/Gallup-Studie-Schweizer-Beschaeftigte-bewerten-Arbeitsmarkt-wieder-positiver_Organisator.jpg","schema":{"@context":"https:\/\/schema.org","@graph":[{"@type":"Article","@id":"https:\/\/www.organisator.ch\/?p=47273#article","isPartOf":{"@id":"https:\/\/www.organisator.ch\/?p=47273"},"author":{"name":"thomas.berner","@id":"https:\/\/www.organisator.ch\/#\/schema\/person\/6f650f90b2842cd4c0cc334b4e36f67e"},"headline":"Gallup-Studie: Schweizer Besch\u00e4ftigte bewerten Arbeitsmarkt wieder positiver","datePublished":"2026-04-13T13:13:27+00:00","mainEntityOfPage":{"@id":"https:\/\/www.organisator.ch\/?p=47273"},"wordCount":549,"publisher":{"@id":"https:\/\/www.organisator.ch\/#organization"},"image":{"@id":"https:\/\/www.organisator.ch\/?p=47273#primaryimage"},"thumbnailUrl":"https:\/\/www.organisator.ch\/wp-content\/uploads\/2026\/04\/Gallup-Studie-Schweizer-Beschaeftigte-bewerten-Arbeitsmarkt-wieder-positiver_Organisator.jpg","keywords":["Arbeitsmarkt","HRM","Studie"],"articleSection":["HUMAN RESOURCES"],"inLanguage":"it-IT"},{"@type":"WebPage","@id":"https:\/\/www.organisator.ch\/?p=47273","url":"https:\/\/www.organisator.ch\/?p=47273","name":"Studio Gallup: i lavoratori svizzeri tornano a valutare positivamente il mercato del lavoro - Organizzatore","isPartOf":{"@id":"https:\/\/www.organisator.ch\/#website"},"primaryImageOfPage":{"@id":"https:\/\/www.organisator.ch\/?p=47273#primaryimage"},"image":{"@id":"https:\/\/www.organisator.ch\/?p=47273#primaryimage"},"thumbnailUrl":"https:\/\/www.organisator.ch\/wp-content\/uploads\/2026\/04\/Gallup-Studie-Schweizer-Beschaeftigte-bewerten-Arbeitsmarkt-wieder-positiver_Organisator.jpg","datePublished":"2026-04-13T13:13:27+00:00","description":"Studio Gallup: i lavoratori svizzeri sono di nuovo un po' pi\u00f9 fiduciosi sul mercato del lavoro, ma la loro fedelt\u00e0 al datore di lavoro \u00e8 debole.","breadcrumb":{"@id":"https:\/\/www.organisator.ch\/?p=47273#breadcrumb"},"inLanguage":"it-IT","potentialAction":[{"@type":"ReadAction","target":["https:\/\/www.organisator.ch\/?p=47273"]}]},{"@type":"ImageObject","inLanguage":"it-IT","@id":"https:\/\/www.organisator.ch\/?p=47273#primaryimage","url":"https:\/\/www.organisator.ch\/wp-content\/uploads\/2026\/04\/Gallup-Studie-Schweizer-Beschaeftigte-bewerten-Arbeitsmarkt-wieder-positiver_Organisator.jpg","contentUrl":"https:\/\/www.organisator.ch\/wp-content\/uploads\/2026\/04\/Gallup-Studie-Schweizer-Beschaeftigte-bewerten-Arbeitsmarkt-wieder-positiver_Organisator.jpg","width":680,"height":453,"caption":"Die gute Laune t\u00e4uscht: Schweizer Besch\u00e4ftigte beurteilen die Jobaussichten zwar positiv. Gleichzeitig sind nur 8 Prozent emotional hoch gebunden \u2013 einer der niedrigsten Werte in Europa. (Bild: Brooke Cagle \/ Unsplash.com)"},{"@type":"BreadcrumbList","@id":"https:\/\/www.organisator.ch\/?p=47273#breadcrumb","itemListElement":[{"@type":"ListItem","position":1,"name":"Home","item":"https:\/\/www.organisator.ch\/"},{"@type":"ListItem","position":2,"name":"Gallup-Studie: Schweizer Besch\u00e4ftigte bewerten Arbeitsmarkt wieder positiver"}]},{"@type":"WebSite","@id":"https:\/\/www.organisator.ch\/#website","url":"https:\/\/www.organisator.ch\/","name":"Organizzatore","description":"Competente. Pratico. In 10 numeri all'anno, ORGANISATOR presenta i temi essenziali per i manager delle PMI.","publisher":{"@id":"https:\/\/www.organisator.ch\/#organization"},"potentialAction":[{"@type":"SearchAction","target":{"@type":"EntryPoint","urlTemplate":"https:\/\/www.organisator.ch\/?s={search_term_string}"},"query-input":{"@type":"PropertyValueSpecification","valueRequired":true,"valueName":"search_term_string"}}],"inLanguage":"it-IT"},{"@type":"Organization","@id":"https:\/\/www.organisator.ch\/#organization","name":"Organizzatore","url":"https:\/\/www.organisator.ch\/","logo":{"@type":"ImageObject","inLanguage":"it-IT","@id":"https:\/\/www.organisator.ch\/#\/schema\/logo\/image\/","url":"https:\/\/www.organisator.ch\/wp-content\/uploads\/2022\/01\/Logo_Organisator_Website.png","contentUrl":"https:\/\/www.organisator.ch\/wp-content\/uploads\/2022\/01\/Logo_Organisator_Website.png","width":800,"height":77,"caption":"Organisator"},"image":{"@id":"https:\/\/www.organisator.ch\/#\/schema\/logo\/image\/"},"sameAs":["https:\/\/www.facebook.com\/OrganisatorFachmagazin","https:\/\/www.linkedin.com\/showcase\/organisator-das-magazin-fr-kmu","https:\/\/www.xing.com\/news\/pages\/organisator-ch-695","https:\/\/www.youtube.com\/channel\/UCGP2Sq0iWaZwT3BdIAQFYpw"]},{"@type":"Person","@id":"https:\/\/www.organisator.ch\/#\/schema\/person\/6f650f90b2842cd4c0cc334b4e36f67e","name":"Tommaso.berner","image":{"@type":"ImageObject","inLanguage":"it-IT","@id":"https:\/\/secure.gravatar.com\/avatar\/ac5001d2a36cb6c6cd3e50789007ffca834b477b74a2144564522e944eabff61?s=96&d=mm&r=g","url":"https:\/\/secure.gravatar.com\/avatar\/ac5001d2a36cb6c6cd3e50789007ffca834b477b74a2144564522e944eabff61?s=96&d=mm&r=g","contentUrl":"https:\/\/secure.gravatar.com\/avatar\/ac5001d2a36cb6c6cd3e50789007ffca834b477b74a2144564522e944eabff61?s=96&d=mm&r=g","caption":"thomas.berner"},"url":"https:\/\/www.organisator.ch\/it\/author\/thomas-berner\/"}]}},"_links":{"self":[{"href":"https:\/\/www.organisator.ch\/it\/wp-json\/wp\/v2\/posts\/47273","targetHints":{"allow":["GET"]}}],"collection":[{"href":"https:\/\/www.organisator.ch\/it\/wp-json\/wp\/v2\/posts"}],"about":[{"href":"https:\/\/www.organisator.ch\/it\/wp-json\/wp\/v2\/types\/post"}],"author":[{"embeddable":true,"href":"https:\/\/www.organisator.ch\/it\/wp-json\/wp\/v2\/users\/4"}],"replies":[{"embeddable":true,"href":"https:\/\/www.organisator.ch\/it\/wp-json\/wp\/v2\/comments?post=47273"}],"version-history":[{"count":4,"href":"https:\/\/www.organisator.ch\/it\/wp-json\/wp\/v2\/posts\/47273\/revisions"}],"predecessor-version":[{"id":47383,"href":"https:\/\/www.organisator.ch\/it\/wp-json\/wp\/v2\/posts\/47273\/revisions\/47383"}],"wp:featuredmedia":[{"embeddable":true,"href":"https:\/\/www.organisator.ch\/it\/wp-json\/wp\/v2\/media\/47278"}],"wp:attachment":[{"href":"https:\/\/www.organisator.ch\/it\/wp-json\/wp\/v2\/media?parent=47273"}],"wp:term":[{"taxonomy":"category","embeddable":true,"href":"https:\/\/www.organisator.ch\/it\/wp-json\/wp\/v2\/categories?post=47273"},{"taxonomy":"post_tag","embeddable":true,"href":"https:\/\/www.organisator.ch\/it\/wp-json\/wp\/v2\/tags?post=47273"}],"curies":[{"name":"wp","href":"https:\/\/api.w.org\/{rel}","templated":true}]}}