{"id":47284,"date":"2026-04-10T15:38:12","date_gmt":"2026-04-10T13:38:12","guid":{"rendered":"https:\/\/www.organisator.ch\/de\/?p=47284"},"modified":"2026-04-10T15:38:12","modified_gmt":"2026-04-10T13:38:12","slug":"schweizer-pensionskassen-mit-verlust-im-maerz","status":"publish","type":"post","link":"https:\/\/www.organisator.ch\/it\/management\/finanzen_recht\/2026-04-10\/schweizer-pensionskassen-mit-verlust-im-maerz\/","title":{"rendered":"I fondi pensione svizzeri registrano una perdita a marzo"},"content":{"rendered":"<figure id=\"attachment_47283\" aria-describedby=\"caption-attachment-47283\" style=\"width: 1280px\" class=\"wp-caption alignnone\"><img loading=\"lazy\" decoding=\"async\" class=\"wp-image-47283 size-full\" src=\"https:\/\/www.organisator.ch\/wp-content\/uploads\/2026\/04\/85e39a7ea4ec3980f96bef8c02423546.jpeg\" alt=\"\" width=\"1280\" height=\"640\" srcset=\"https:\/\/www.organisator.ch\/wp-content\/uploads\/2026\/04\/85e39a7ea4ec3980f96bef8c02423546.jpeg 1280w, https:\/\/www.organisator.ch\/wp-content\/uploads\/2026\/04\/85e39a7ea4ec3980f96bef8c02423546-680x340.jpeg 680w, https:\/\/www.organisator.ch\/wp-content\/uploads\/2026\/04\/85e39a7ea4ec3980f96bef8c02423546-1024x512.jpeg 1024w, https:\/\/www.organisator.ch\/wp-content\/uploads\/2026\/04\/85e39a7ea4ec3980f96bef8c02423546-768x384.jpeg 768w, https:\/\/www.organisator.ch\/wp-content\/uploads\/2026\/04\/85e39a7ea4ec3980f96bef8c02423546-18x9.jpeg 18w, https:\/\/www.organisator.ch\/wp-content\/uploads\/2026\/04\/85e39a7ea4ec3980f96bef8c02423546-375x188.jpeg 375w, https:\/\/www.organisator.ch\/wp-content\/uploads\/2026\/04\/85e39a7ea4ec3980f96bef8c02423546-700x350.jpeg 700w, https:\/\/www.organisator.ch\/wp-content\/uploads\/2026\/04\/85e39a7ea4ec3980f96bef8c02423546-1000x500.jpeg 1000w\" sizes=\"auto, (max-width: 1280px) 100vw, 1280px\" \/><figcaption id=\"caption-attachment-47283\" class=\"wp-caption-text\">Le prospettive sono gi\u00e0 migliorate: i fondi pensione svizzeri hanno registrato una performance mista a marzo. Fonte: zvg<\/figcaption><\/figure>\n<h3>Brusco calo a marzo<\/h3>\n<p>A marzo i fondi pensione in Svizzera hanno ottenuto una performance media del -2,63% al netto delle commissioni. I singoli fondi pensione hanno registrato performance comprese tra -4,54 e -0,4%. Il rendimento da inizio anno \u00e8 pari a -0,76% e il rendimento annualizzato dal lancio di UBS Pension Fund Performance nel 2006 \u00e8 del 3,24%.<\/p>\n<p>Il mese scorso, la performance mediana dei piccoli fondi pensione con un patrimonio in gestione inferiore a 300 milioni di franchi svizzeri \u00e8 stata pari a -2,76%, inferiore alla performance mediana dei grandi fondi pensione con un patrimonio in gestione superiore a un miliardo di franchi svizzeri, pari a -2,56%. Lo Sharpe ratio degli ultimi 36 mesi \u00e8 stato in media pari a 1,17, inferiore al valore del mese precedente (1,67).<\/p>\n<h3>Performance mista delle classi di attivit\u00e0<\/h3>\n<p>A marzo la performance media delle singole classi d'investimento \u00e8 stata eterogenea. Misurate in franchi svizzeri, le classi di investimento hanno registrato le seguenti performance in ordine decrescente: Hedge fund con il 3,79%, private equity con il 3,13%, investimenti in infrastrutture con l'1,52%, immobili diretti con lo 0,09%, immobili indiretti con il -0,1%, obbligazioni in valuta estera con il -0,18%, obbligazioni in franchi svizzeri con il -1,17%, azioni globali con il -3,99% e azioni svizzere con il -7,36%.<\/p>\n<h3>Le tensioni geopolitiche pesano sui mercati<\/h3>\n<p>Nel marzo 2026, i mercati azionari e obbligazionari globali hanno subito forti ribassi. L'indice MSCI AC World \u00e8 sceso del 6,2% e l'S&amp;P 500 del 5,0%, entrambi in dollari. Anche i principali indici obbligazionari si sono ritirati a causa della reazione degli investitori all'escalation delle tensioni geopolitiche e all'aumento dei prezzi dell'energia. Anche i timori di una nuova inflazione e la prospettiva di una politica monetaria pi\u00f9 restrittiva da parte delle banche centrali hanno pesato sui mercati obbligazionari.<\/p>\n<p>In alcuni momenti gli investitori hanno anticipato fino a tre rialzi dei tassi di interesse da parte della Banca Centrale Europea e della Banca d'Inghilterra e hanno persino preso in considerazione un possibile inasprimento da parte della Federal Reserve statunitense. Questo nonostante il tono cauto dei vertici delle banche centrali, che hanno sottolineato di stare monitorando l'impatto economico del conflitto in Medio Oriente, ma non hanno segnalato l'imminenza di un inasprimento dei tassi di interesse.<\/p>\n<h3>Raccomandazioni per gli investitori istituzionali<\/h3>\n<p>Poich\u00e9 le prospettive della guerra in Iran rimangono molto incerte nonostante il cessate il fuoco concordato, il Chief Investment Office di UBS sottolinea che la diversificazione e la copertura sono strategie importanti per gestire la volatilit\u00e0 a breve termine e sfruttare le opportunit\u00e0 a lungo termine. Un conflitto prolungato potrebbe portare a un aumento permanente dei costi dell'energia, che potrebbe avere un impatto sulla fiducia dei consumatori e sulla crescita economica. In questo contesto, il CIO raccomanda di concentrarsi sulla gestione del rischio, di essere selettivi nell'esposizione ai mercati vulnerabili all'aumento dei prezzi del petrolio e di diversificare oltre le classi di attivit\u00e0 tradizionali.<\/p>","protected":false},"excerpt":{"rendered":"<p>I fondi pensione svizzeri hanno registrato una performance media del -2,63% nel marzo 2026. Le azioni e le obbligazioni globali hanno subito un forte calo. Ci\u00f2 \u00e8 dovuto all'escalation delle tensioni geopolitiche e all'aumento dei prezzi dell'energia, che hanno pesato sui mercati. Questo \u00e8 quanto emerge dall'ultima panoramica di UBS sulla performance dei fondi pensione.<\/p>","protected":false},"author":107,"featured_media":47283,"comment_status":"closed","ping_status":"closed","sticky":false,"template":"","format":"standard","meta":{"_acf_changed":false,"_yoast_wpseo_focuskw":"Pensionskassen Performance M\u00e4rz 2026","_yoast_wpseo_metadesc":"Schweizer Pensionskassen verzeichneten im M\u00e4rz 2026 durchschnittlich -2,63% Performance. Geopolitische Spannungen belasten M\u00e4rkte.","articlekey":"","footnotes":""},"categories":[24],"tags":[],"class_list":["post-47284","post","type-post","status-publish","format-standard","has-post-thumbnail","hentry","category-finanzen_recht"],"acf":[],"yoast_head":"<!-- This site is optimized with the Yoast SEO plugin v27.4 - https:\/\/yoast.com\/product\/yoast-seo-wordpress\/ -->\n<title>Schweizer Pensionskassen mit Verlust im M\u00e4rz - Organisator<\/title>\n<meta name=\"description\" content=\"Schweizer Pensionskassen verzeichneten im M\u00e4rz 2026 durchschnittlich -2,63% Performance. Geopolitische Spannungen belasten M\u00e4rkte.\" \/>\n<meta name=\"robots\" content=\"index, follow, max-snippet:-1, max-image-preview:large, max-video-preview:-1\" \/>\n<link rel=\"canonical\" href=\"https:\/\/www.organisator.ch\/it\/gestione-2\/finanzen_recht\/2026-04-10\/schweizer-pensionskassen-mit-verlust-im-maerz\/\" \/>\n<meta property=\"og:locale\" content=\"it_IT\" \/>\n<meta property=\"og:type\" content=\"article\" \/>\n<meta property=\"og:title\" content=\"Schweizer Pensionskassen mit Verlust im M\u00e4rz\" \/>\n<meta property=\"og:description\" content=\"Schweizer Pensionskassen verzeichneten im M\u00e4rz 2026 durchschnittlich -2,63% Performance. Geopolitische Spannungen belasten M\u00e4rkte.\" \/>\n<meta property=\"og:url\" content=\"https:\/\/www.organisator.ch\/it\/gestione-2\/finanzen_recht\/2026-04-10\/schweizer-pensionskassen-mit-verlust-im-maerz\/\" \/>\n<meta property=\"og:site_name\" content=\"Organisator\" \/>\n<meta property=\"article:publisher\" content=\"https:\/\/www.facebook.com\/OrganisatorFachmagazin\" \/>\n<meta property=\"article:published_time\" content=\"2026-04-10T13:38:12+00:00\" \/>\n<meta property=\"og:image\" content=\"https:\/\/www.organisator.ch\/wp-content\/uploads\/2026\/04\/85e39a7ea4ec3980f96bef8c02423546.jpeg\" \/>\n\t<meta property=\"og:image:width\" content=\"1280\" \/>\n\t<meta property=\"og:image:height\" content=\"640\" \/>\n\t<meta property=\"og:image:type\" content=\"image\/jpeg\" \/>\n<meta name=\"author\" content=\"n8n\" \/>\n<meta name=\"twitter:card\" content=\"summary_large_image\" \/>\n<meta name=\"twitter:title\" content=\"Schweizer #Pensionskassen mit Verlust im M\u00e4rz\" \/>\n<meta name=\"twitter:description\" content=\"Schweizer #Pensionskassen verzeichneten im M\u00e4rz 2026 durchschnittlich -2,63% #Performance. Geopolitische Spannungen belasten M\u00e4rkte.\" \/>\n<meta name=\"twitter:image\" content=\"https:\/\/www.organisator.ch\/wp-content\/uploads\/2026\/04\/85e39a7ea4ec3980f96bef8c02423546.jpeg\" \/>\n<script type=\"application\/ld+json\" class=\"yoast-schema-graph\">{\"@context\":\"https:\\\/\\\/schema.org\",\"@graph\":[{\"@type\":\"Article\",\"@id\":\"https:\\\/\\\/www.organisator.ch\\\/management\\\/finanzen_recht\\\/2026-04-10\\\/schweizer-pensionskassen-mit-verlust-im-maerz\\\/#article\",\"isPartOf\":{\"@id\":\"https:\\\/\\\/www.organisator.ch\\\/management\\\/finanzen_recht\\\/2026-04-10\\\/schweizer-pensionskassen-mit-verlust-im-maerz\\\/\"},\"author\":{\"name\":\"n8n\",\"@id\":\"https:\\\/\\\/www.organisator.ch\\\/#\\\/schema\\\/person\\\/a9d0e0eff238db87a8f840f3b50359f0\"},\"headline\":\"Schweizer Pensionskassen mit Verlust im M\u00e4rz\",\"datePublished\":\"2026-04-10T13:38:12+00:00\",\"mainEntityOfPage\":{\"@id\":\"https:\\\/\\\/www.organisator.ch\\\/management\\\/finanzen_recht\\\/2026-04-10\\\/schweizer-pensionskassen-mit-verlust-im-maerz\\\/\"},\"wordCount\":467,\"publisher\":{\"@id\":\"https:\\\/\\\/www.organisator.ch\\\/#organization\"},\"image\":{\"@id\":\"https:\\\/\\\/www.organisator.ch\\\/management\\\/finanzen_recht\\\/2026-04-10\\\/schweizer-pensionskassen-mit-verlust-im-maerz\\\/#primaryimage\"},\"thumbnailUrl\":\"https:\\\/\\\/www.organisator.ch\\\/wp-content\\\/uploads\\\/2026\\\/04\\\/85e39a7ea4ec3980f96bef8c02423546.jpeg\",\"articleSection\":[\"FINANZEN\\\/RECHT\"],\"inLanguage\":\"it-IT\"},{\"@type\":\"WebPage\",\"@id\":\"https:\\\/\\\/www.organisator.ch\\\/management\\\/finanzen_recht\\\/2026-04-10\\\/schweizer-pensionskassen-mit-verlust-im-maerz\\\/\",\"url\":\"https:\\\/\\\/www.organisator.ch\\\/management\\\/finanzen_recht\\\/2026-04-10\\\/schweizer-pensionskassen-mit-verlust-im-maerz\\\/\",\"name\":\"Schweizer Pensionskassen mit Verlust im M\u00e4rz - Organisator\",\"isPartOf\":{\"@id\":\"https:\\\/\\\/www.organisator.ch\\\/#website\"},\"primaryImageOfPage\":{\"@id\":\"https:\\\/\\\/www.organisator.ch\\\/management\\\/finanzen_recht\\\/2026-04-10\\\/schweizer-pensionskassen-mit-verlust-im-maerz\\\/#primaryimage\"},\"image\":{\"@id\":\"https:\\\/\\\/www.organisator.ch\\\/management\\\/finanzen_recht\\\/2026-04-10\\\/schweizer-pensionskassen-mit-verlust-im-maerz\\\/#primaryimage\"},\"thumbnailUrl\":\"https:\\\/\\\/www.organisator.ch\\\/wp-content\\\/uploads\\\/2026\\\/04\\\/85e39a7ea4ec3980f96bef8c02423546.jpeg\",\"datePublished\":\"2026-04-10T13:38:12+00:00\",\"description\":\"Schweizer Pensionskassen verzeichneten im M\u00e4rz 2026 durchschnittlich -2,63% Performance. Geopolitische Spannungen belasten M\u00e4rkte.\",\"breadcrumb\":{\"@id\":\"https:\\\/\\\/www.organisator.ch\\\/management\\\/finanzen_recht\\\/2026-04-10\\\/schweizer-pensionskassen-mit-verlust-im-maerz\\\/#breadcrumb\"},\"inLanguage\":\"it-IT\",\"potentialAction\":[{\"@type\":\"ReadAction\",\"target\":[\"https:\\\/\\\/www.organisator.ch\\\/management\\\/finanzen_recht\\\/2026-04-10\\\/schweizer-pensionskassen-mit-verlust-im-maerz\\\/\"]}]},{\"@type\":\"ImageObject\",\"inLanguage\":\"it-IT\",\"@id\":\"https:\\\/\\\/www.organisator.ch\\\/management\\\/finanzen_recht\\\/2026-04-10\\\/schweizer-pensionskassen-mit-verlust-im-maerz\\\/#primaryimage\",\"url\":\"https:\\\/\\\/www.organisator.ch\\\/wp-content\\\/uploads\\\/2026\\\/04\\\/85e39a7ea4ec3980f96bef8c02423546.jpeg\",\"contentUrl\":\"https:\\\/\\\/www.organisator.ch\\\/wp-content\\\/uploads\\\/2026\\\/04\\\/85e39a7ea4ec3980f96bef8c02423546.jpeg\",\"width\":1280,\"height\":640,\"caption\":\"Schweizer Pensionskassen mit durchzogener Performance im M\u00e4rz. Quelle: zvg\"},{\"@type\":\"BreadcrumbList\",\"@id\":\"https:\\\/\\\/www.organisator.ch\\\/management\\\/finanzen_recht\\\/2026-04-10\\\/schweizer-pensionskassen-mit-verlust-im-maerz\\\/#breadcrumb\",\"itemListElement\":[{\"@type\":\"ListItem\",\"position\":1,\"name\":\"Home\",\"item\":\"https:\\\/\\\/www.organisator.ch\\\/\"},{\"@type\":\"ListItem\",\"position\":2,\"name\":\"Schweizer Pensionskassen mit Verlust im M\u00e4rz\"}]},{\"@type\":\"WebSite\",\"@id\":\"https:\\\/\\\/www.organisator.ch\\\/#website\",\"url\":\"https:\\\/\\\/www.organisator.ch\\\/\",\"name\":\"Organisator\",\"description\":\"Kompetent. Praxisnah. Der ORGANISATOR bereitet in 10 Ausgaben pro Jahr die wesentlichen Themen f\u00fcr F\u00fchrungskr\u00e4fte von KMU auf.\",\"publisher\":{\"@id\":\"https:\\\/\\\/www.organisator.ch\\\/#organization\"},\"potentialAction\":[{\"@type\":\"SearchAction\",\"target\":{\"@type\":\"EntryPoint\",\"urlTemplate\":\"https:\\\/\\\/www.organisator.ch\\\/?s={search_term_string}\"},\"query-input\":{\"@type\":\"PropertyValueSpecification\",\"valueRequired\":true,\"valueName\":\"search_term_string\"}}],\"inLanguage\":\"it-IT\"},{\"@type\":\"Organization\",\"@id\":\"https:\\\/\\\/www.organisator.ch\\\/#organization\",\"name\":\"Organisator\",\"url\":\"https:\\\/\\\/www.organisator.ch\\\/\",\"logo\":{\"@type\":\"ImageObject\",\"inLanguage\":\"it-IT\",\"@id\":\"https:\\\/\\\/www.organisator.ch\\\/#\\\/schema\\\/logo\\\/image\\\/\",\"url\":\"https:\\\/\\\/www.organisator.ch\\\/wp-content\\\/uploads\\\/2022\\\/01\\\/Logo_Organisator_Website.png\",\"contentUrl\":\"https:\\\/\\\/www.organisator.ch\\\/wp-content\\\/uploads\\\/2022\\\/01\\\/Logo_Organisator_Website.png\",\"width\":800,\"height\":77,\"caption\":\"Organisator\"},\"image\":{\"@id\":\"https:\\\/\\\/www.organisator.ch\\\/#\\\/schema\\\/logo\\\/image\\\/\"},\"sameAs\":[\"https:\\\/\\\/www.facebook.com\\\/OrganisatorFachmagazin\",\"https:\\\/\\\/www.linkedin.com\\\/showcase\\\/organisator-das-magazin-fr-kmu\",\"https:\\\/\\\/www.xing.com\\\/news\\\/pages\\\/organisator-ch-695\",\"https:\\\/\\\/www.youtube.com\\\/channel\\\/UCGP2Sq0iWaZwT3BdIAQFYpw\"]},{\"@type\":\"Person\",\"@id\":\"https:\\\/\\\/www.organisator.ch\\\/#\\\/schema\\\/person\\\/a9d0e0eff238db87a8f840f3b50359f0\",\"name\":\"n8n\",\"image\":{\"@type\":\"ImageObject\",\"inLanguage\":\"it-IT\",\"@id\":\"https:\\\/\\\/secure.gravatar.com\\\/avatar\\\/5368fb9d03fd415a6f335cece4c15af2502d6ca8651efbd6e8f98427a9795400?s=96&d=mm&r=g\",\"url\":\"https:\\\/\\\/secure.gravatar.com\\\/avatar\\\/5368fb9d03fd415a6f335cece4c15af2502d6ca8651efbd6e8f98427a9795400?s=96&d=mm&r=g\",\"contentUrl\":\"https:\\\/\\\/secure.gravatar.com\\\/avatar\\\/5368fb9d03fd415a6f335cece4c15af2502d6ca8651efbd6e8f98427a9795400?s=96&d=mm&r=g\",\"caption\":\"n8n\"},\"url\":\"https:\\\/\\\/www.organisator.ch\\\/it\\\/author\\\/n8n\\\/\"}]}<\/script>\n<!-- \/ Yoast SEO plugin. -->","yoast_head_json":{"title":"I fondi pensione svizzeri registrano una perdita a marzo - Organizer","description":"I fondi pensione svizzeri hanno registrato una performance media di -2,63% nel marzo 2026. Le tensioni geopolitiche pesano sui mercati.","robots":{"index":"index","follow":"follow","max-snippet":"max-snippet:-1","max-image-preview":"max-image-preview:large","max-video-preview":"max-video-preview:-1"},"canonical":"https:\/\/www.organisator.ch\/it\/gestione-2\/finanzen_recht\/2026-04-10\/schweizer-pensionskassen-mit-verlust-im-maerz\/","og_locale":"it_IT","og_type":"article","og_title":"Schweizer Pensionskassen mit Verlust im M\u00e4rz","og_description":"Schweizer Pensionskassen verzeichneten im M\u00e4rz 2026 durchschnittlich -2,63% Performance. Geopolitische Spannungen belasten M\u00e4rkte.","og_url":"https:\/\/www.organisator.ch\/it\/gestione-2\/finanzen_recht\/2026-04-10\/schweizer-pensionskassen-mit-verlust-im-maerz\/","og_site_name":"Organisator","article_publisher":"https:\/\/www.facebook.com\/OrganisatorFachmagazin","article_published_time":"2026-04-10T13:38:12+00:00","og_image":[{"width":1280,"height":640,"url":"https:\/\/www.organisator.ch\/wp-content\/uploads\/2026\/04\/85e39a7ea4ec3980f96bef8c02423546.jpeg","type":"image\/jpeg"}],"author":"n8n","twitter_card":"summary_large_image","twitter_title":"Schweizer #Pensionskassen mit Verlust im M\u00e4rz","twitter_description":"Schweizer #Pensionskassen verzeichneten im M\u00e4rz 2026 durchschnittlich -2,63% #Performance. Geopolitische Spannungen belasten M\u00e4rkte.","twitter_image":"https:\/\/www.organisator.ch\/wp-content\/uploads\/2026\/04\/85e39a7ea4ec3980f96bef8c02423546.jpeg","schema":{"@context":"https:\/\/schema.org","@graph":[{"@type":"Article","@id":"https:\/\/www.organisator.ch\/management\/finanzen_recht\/2026-04-10\/schweizer-pensionskassen-mit-verlust-im-maerz\/#article","isPartOf":{"@id":"https:\/\/www.organisator.ch\/management\/finanzen_recht\/2026-04-10\/schweizer-pensionskassen-mit-verlust-im-maerz\/"},"author":{"name":"n8n","@id":"https:\/\/www.organisator.ch\/#\/schema\/person\/a9d0e0eff238db87a8f840f3b50359f0"},"headline":"Schweizer Pensionskassen mit Verlust im M\u00e4rz","datePublished":"2026-04-10T13:38:12+00:00","mainEntityOfPage":{"@id":"https:\/\/www.organisator.ch\/management\/finanzen_recht\/2026-04-10\/schweizer-pensionskassen-mit-verlust-im-maerz\/"},"wordCount":467,"publisher":{"@id":"https:\/\/www.organisator.ch\/#organization"},"image":{"@id":"https:\/\/www.organisator.ch\/management\/finanzen_recht\/2026-04-10\/schweizer-pensionskassen-mit-verlust-im-maerz\/#primaryimage"},"thumbnailUrl":"https:\/\/www.organisator.ch\/wp-content\/uploads\/2026\/04\/85e39a7ea4ec3980f96bef8c02423546.jpeg","articleSection":["FINANZEN\/RECHT"],"inLanguage":"it-IT"},{"@type":"WebPage","@id":"https:\/\/www.organisator.ch\/management\/finanzen_recht\/2026-04-10\/schweizer-pensionskassen-mit-verlust-im-maerz\/","url":"https:\/\/www.organisator.ch\/management\/finanzen_recht\/2026-04-10\/schweizer-pensionskassen-mit-verlust-im-maerz\/","name":"I fondi pensione svizzeri registrano una perdita a marzo - Organizer","isPartOf":{"@id":"https:\/\/www.organisator.ch\/#website"},"primaryImageOfPage":{"@id":"https:\/\/www.organisator.ch\/management\/finanzen_recht\/2026-04-10\/schweizer-pensionskassen-mit-verlust-im-maerz\/#primaryimage"},"image":{"@id":"https:\/\/www.organisator.ch\/management\/finanzen_recht\/2026-04-10\/schweizer-pensionskassen-mit-verlust-im-maerz\/#primaryimage"},"thumbnailUrl":"https:\/\/www.organisator.ch\/wp-content\/uploads\/2026\/04\/85e39a7ea4ec3980f96bef8c02423546.jpeg","datePublished":"2026-04-10T13:38:12+00:00","description":"I fondi pensione svizzeri hanno registrato una performance media di -2,63% nel marzo 2026. Le tensioni geopolitiche pesano sui mercati.","breadcrumb":{"@id":"https:\/\/www.organisator.ch\/management\/finanzen_recht\/2026-04-10\/schweizer-pensionskassen-mit-verlust-im-maerz\/#breadcrumb"},"inLanguage":"it-IT","potentialAction":[{"@type":"ReadAction","target":["https:\/\/www.organisator.ch\/management\/finanzen_recht\/2026-04-10\/schweizer-pensionskassen-mit-verlust-im-maerz\/"]}]},{"@type":"ImageObject","inLanguage":"it-IT","@id":"https:\/\/www.organisator.ch\/management\/finanzen_recht\/2026-04-10\/schweizer-pensionskassen-mit-verlust-im-maerz\/#primaryimage","url":"https:\/\/www.organisator.ch\/wp-content\/uploads\/2026\/04\/85e39a7ea4ec3980f96bef8c02423546.jpeg","contentUrl":"https:\/\/www.organisator.ch\/wp-content\/uploads\/2026\/04\/85e39a7ea4ec3980f96bef8c02423546.jpeg","width":1280,"height":640,"caption":"Schweizer Pensionskassen mit durchzogener Performance im M\u00e4rz. Quelle: zvg"},{"@type":"BreadcrumbList","@id":"https:\/\/www.organisator.ch\/management\/finanzen_recht\/2026-04-10\/schweizer-pensionskassen-mit-verlust-im-maerz\/#breadcrumb","itemListElement":[{"@type":"ListItem","position":1,"name":"Home","item":"https:\/\/www.organisator.ch\/"},{"@type":"ListItem","position":2,"name":"Schweizer Pensionskassen mit Verlust im M\u00e4rz"}]},{"@type":"WebSite","@id":"https:\/\/www.organisator.ch\/#website","url":"https:\/\/www.organisator.ch\/","name":"Organizzatore","description":"Competente. Pratico. In 10 numeri all'anno, ORGANISATOR presenta i temi essenziali per i manager delle PMI.","publisher":{"@id":"https:\/\/www.organisator.ch\/#organization"},"potentialAction":[{"@type":"SearchAction","target":{"@type":"EntryPoint","urlTemplate":"https:\/\/www.organisator.ch\/?s={search_term_string}"},"query-input":{"@type":"PropertyValueSpecification","valueRequired":true,"valueName":"search_term_string"}}],"inLanguage":"it-IT"},{"@type":"Organization","@id":"https:\/\/www.organisator.ch\/#organization","name":"Organizzatore","url":"https:\/\/www.organisator.ch\/","logo":{"@type":"ImageObject","inLanguage":"it-IT","@id":"https:\/\/www.organisator.ch\/#\/schema\/logo\/image\/","url":"https:\/\/www.organisator.ch\/wp-content\/uploads\/2022\/01\/Logo_Organisator_Website.png","contentUrl":"https:\/\/www.organisator.ch\/wp-content\/uploads\/2022\/01\/Logo_Organisator_Website.png","width":800,"height":77,"caption":"Organisator"},"image":{"@id":"https:\/\/www.organisator.ch\/#\/schema\/logo\/image\/"},"sameAs":["https:\/\/www.facebook.com\/OrganisatorFachmagazin","https:\/\/www.linkedin.com\/showcase\/organisator-das-magazin-fr-kmu","https:\/\/www.xing.com\/news\/pages\/organisator-ch-695","https:\/\/www.youtube.com\/channel\/UCGP2Sq0iWaZwT3BdIAQFYpw"]},{"@type":"Person","@id":"https:\/\/www.organisator.ch\/#\/schema\/person\/a9d0e0eff238db87a8f840f3b50359f0","name":"n8n","image":{"@type":"ImageObject","inLanguage":"it-IT","@id":"https:\/\/secure.gravatar.com\/avatar\/5368fb9d03fd415a6f335cece4c15af2502d6ca8651efbd6e8f98427a9795400?s=96&d=mm&r=g","url":"https:\/\/secure.gravatar.com\/avatar\/5368fb9d03fd415a6f335cece4c15af2502d6ca8651efbd6e8f98427a9795400?s=96&d=mm&r=g","contentUrl":"https:\/\/secure.gravatar.com\/avatar\/5368fb9d03fd415a6f335cece4c15af2502d6ca8651efbd6e8f98427a9795400?s=96&d=mm&r=g","caption":"n8n"},"url":"https:\/\/www.organisator.ch\/it\/author\/n8n\/"}]}},"_links":{"self":[{"href":"https:\/\/www.organisator.ch\/it\/wp-json\/wp\/v2\/posts\/47284","targetHints":{"allow":["GET"]}}],"collection":[{"href":"https:\/\/www.organisator.ch\/it\/wp-json\/wp\/v2\/posts"}],"about":[{"href":"https:\/\/www.organisator.ch\/it\/wp-json\/wp\/v2\/types\/post"}],"author":[{"embeddable":true,"href":"https:\/\/www.organisator.ch\/it\/wp-json\/wp\/v2\/users\/107"}],"replies":[{"embeddable":true,"href":"https:\/\/www.organisator.ch\/it\/wp-json\/wp\/v2\/comments?post=47284"}],"version-history":[{"count":5,"href":"https:\/\/www.organisator.ch\/it\/wp-json\/wp\/v2\/posts\/47284\/revisions"}],"predecessor-version":[{"id":47385,"href":"https:\/\/www.organisator.ch\/it\/wp-json\/wp\/v2\/posts\/47284\/revisions\/47385"}],"wp:featuredmedia":[{"embeddable":true,"href":"https:\/\/www.organisator.ch\/it\/wp-json\/wp\/v2\/media\/47283"}],"wp:attachment":[{"href":"https:\/\/www.organisator.ch\/it\/wp-json\/wp\/v2\/media?parent=47284"}],"wp:term":[{"taxonomy":"category","embeddable":true,"href":"https:\/\/www.organisator.ch\/it\/wp-json\/wp\/v2\/categories?post=47284"},{"taxonomy":"post_tag","embeddable":true,"href":"https:\/\/www.organisator.ch\/it\/wp-json\/wp\/v2\/tags?post=47284"}],"curies":[{"name":"wp","href":"https:\/\/api.w.org\/{rel}","templated":true}]}}