{"id":47463,"date":"2026-04-20T08:33:29","date_gmt":"2026-04-20T06:33:29","guid":{"rendered":"https:\/\/www.markt-kom.com\/de\/?p=253737"},"modified":"2026-04-20T08:26:31","modified_gmt":"2026-04-20T06:26:31","slug":"future-summit-thenewnow-wenn-marken-an-relevanz-verlieren-liegt-es-selten-am-material","status":"publish","type":"post","link":"https:\/\/www.organisator.ch\/it\/marketing\/2026-04-20\/future-summit-thenewnow-wenn-marken-an-relevanz-verlieren-liegt-es-selten-am-material\/","title":{"rendered":"Future Summit TheNewNow: \u00abQuando i marchi perdono rilevanza, raramente \u00e8 a causa del materiale\u00bb.\u00bb"},"content":{"rendered":"<figure id=\"attachment_253735\" class=\"wp-caption alignnone\" style=\"width: 1400px;\" aria-describedby=\"caption-attachment-253735\"><img class=\"size-full wp-image-253735\" src=\"https:\/\/www.markt-kom.com\/wp-content\/uploads\/2026\/04\/IMG_3591-scaled.jpg\" alt=\"\" width=\"1400\" height=\"1345\" \/>\r\n<figcaption id=\"caption-attachment-253735\" class=\"wp-caption-text\">Evelyn Gorgos vi invita al Future Summit TheNewNow. Fonte: KO Photography<\/figcaption>\r\n<\/figure>\r\n<p>Il lusso \u00e8 in una fase di profonda riorganizzazione. L'accelerazione tecnologica, il cambiamento dei valori dei clienti e le nuove generazioni stanno mettendo in discussione i presupposti consolidati. Il Future Summit crea lo spazio per riflettere insieme su questi cambiamenti - in modo onesto, attraverso i settori e ad un livello di attenzione. Come ulteriore sviluppo dello Swiss Deluxe Hotels Media Summit, il format riunisce per la prima volta l'intera industria svizzera del lusso: ospitalit\u00e0, marchi di orologi, banche private, settore sanitario e retail di lusso. Circa 350 decisori, creativi e innovatori organizzeranno la propria giornata, con oltre 100 sessioni nei settori dei media, del business, dell'AI e del nuovo lavoro.  Cinque discorsi chiave daranno il tono alla giornata, integrati da workshop, panel e dialoghi aperti. La sede riflette il concetto: la rete di quartieri generali di Zurigo non offre solo infrastrutture, ma anche atmosfera. Ci\u00f2 che deve rimanere sono nuove connessioni - con persone, idee e passi successivi concreti. Abbiamo chiesto alla promotrice Evelyn Gorgos cosa c'\u00e8 dietro a tutto questo.<\/p>\r\n<p><strong>Cosa distingue il Future Summit dalle conferenze tradizionali nel campo del business e dell'innovazione?<\/strong><\/p>\r\n<p>Al Future Summit non c'\u00e8 un piano generale che annunciamo dal palco. Creiamo invece uno spazio in cui sono possibili incontri reali, con attriti, cambi di prospettiva e dialogo aperto. I partecipanti organizzano autonomamente la giornata e scelgono tra oltre 100 sessioni ci\u00f2 che li aiuter\u00e0 davvero a progredire. Meno insegnamento frontale e pi\u00f9 intelligenza collettiva in azione.<\/p>\r\n<p><strong>Perch\u00e9 il Future Summit si concentra sulla \u201erilevanza invece che sullo status\u201c?<\/strong><\/p>\r\n<p>Oggi il lusso non \u00e8 pi\u00f9 definito dal prezzo, ma dal significato, dall'autenticit\u00e0 e dal legame culturale. Quando i marchi perdono rilevanza, raramente \u00e8 a causa del materiale. \u00c8 perch\u00e9 hanno perso la connessione emotiva con le persone. \u00c8 proprio questa la domanda che vogliamo porci insieme: Cosa rende un marchio veramente significativo oggi?<\/p>\r\n<p><strong>Quale ruolo specifico svolge l'AI per il lusso, la gestione dei marchi e la comunicazione?<\/strong><\/p>\r\n<p>L'intelligenza artificiale sta cambiando radicalmente i processi creativi. Un buon esempio \u00e8 Oliver Rust, un ex fotografo di fama che ora utilizza attivamente l'IA. S\u00e9bastien F\u00e9lix (Influence Society) analizza come l'IA stia innescando la disruption creativa e cosa significhi per l'atteggiamento e la mentalit\u00e0 dei manager. La domanda cruciale non \u00e8: cosa pu\u00f2 fare l'IA? Ma piuttosto: Cosa rimane profondamente umano e come possiamo proteggerlo in futuro?<\/p>\r\n<p><strong>Come sta cambiando la definizione di lusso secondo gli esperti del Future Summit?<\/strong><\/p>\r\n<p>Stiamo vivendo una fase di auto-esame nel segmento del lusso. La rilevanza si crea attraverso storie autentiche e connessioni genuine. Per comprendere il termine \u00abnuovo lusso\u00bb, vale la pena dare uno sguardo anche all'Asia - dove questo movimento \u00e8 in atto da tempo - con una dinamica diversa e una connessione nativa tra tecnologia, cultura e consumo. Non possiamo ignorarlo.<\/p>\r\n<p><strong>Quali settori traggono particolare vantaggio dal dialogo interdisciplinare?<\/strong><\/p>\r\n<p>Che si tratti di un marchio di orologi, di una banca privata, di un fornitore di servizi di mobilit\u00e0, del settore sanitario o del retail di lusso, le questioni strategiche sono le stesse ed \u00e8 proprio per questo che le riuniamo. Le soluzioni che non sarebbero mai emerse all'interno di un singolo segmento nascono dall'incontro di diverse prospettive.<\/p>\r\n<p><strong>Perch\u00e9 il Future Summit si concentra deliberatamente sui formati di dialogo invece che sulle conferenze pure?<\/strong><\/p>\r\n<p>Perch\u00e9 una lezione trasferisce conoscenze, ma un dialogo cambia il pensiero. Non vogliamo che le persone vadano a casa con un quaderno pieno di input e poi tornino alla loro vita quotidiana. Vogliamo idee e formati che diano spazio a ci\u00f2 che nasce nell'interazione umana. Ecco perch\u00e9 utilizziamo deliberatamente il formato del workshop: con Claudio Del Principe, con un laboratorio di pasta per un'esperienza di team building, con la packaging artist Manuela Menzi, che mostra cosa pu\u00f2 fare il lavoro con i colori e i collage, con Gaudenz Looser, che avvia una sessione aperta di domande e risposte, e con il fitness coach Stefan Cerny. Artigianato, comunit\u00e0, azione reale: anche questa \u00e8 una forma di dialogo.<\/p>\r\n<p><strong>Quali sono le intuizioni concrete e i \u201epassi successivi\u201c che i partecipanti possono aspettarsi?<\/strong><\/p>\r\n<p>I partecipanti traggono ispirazione da altri settori e da persone che hanno gi\u00e0 fatto quello che molti stanno per fare. Allo stesso tempo, incontrano persone con cui \u00e8 possibile creare qualcosa: un progetto, una collaborazione, una nuova prospettiva sulla propria attivit\u00e0. Come dice Anil Varghese, CEO di Headsquarter: \"Si tratta di trovare la persona giusta al momento giusto. Questo \u00e8 esattamente ci\u00f2 che vogliamo rendere possibile: punti di contatto concreti, primi approcci alle soluzioni e la sensazione di aver portato via qualcosa.<\/p>\r\n<p><strong>Come vengono affrontati il nuovo lavoro e la leadership nel contesto del cambiamento tecnologico?<\/strong><\/p>\r\n<p>Non si tratta di nuove parole d'ordine sul lavoro, ma della domanda: di cosa ha bisogno la leadership quando la tecnologia accelera tutto e l'affidabilit\u00e0 deve essere ridefinita? Allo stesso tempo, esaminiamo il significato di cultura, il modo in cui vengono creati spazi e strutture in cui le persone possono lavorare davvero bene.<\/p>\r\n<p><strong>Che significato hanno gli incontri personali in un mondo digitale?<\/strong><\/p>\r\n<p>Per me, TheNewNow \u00e8 una dichiarazione: la connessione batte la portata. In un mondo di informazioni in rapida evoluzione, la rilevanza deriva dalla fiducia e la fiducia deriva dagli incontri personali.<\/p>\r\n<p><strong>Per chi \u00e8 particolarmente importante il Future Summit e chi non dovrebbe mancare?<\/strong><\/p>\r\n<p>Tutti coloro che non vogliono aspettare che siano gli altri a formulare le risposte per loro e sono aperti a prospettive che vanno oltre la propria bolla di sapone.<\/p>\r\n<hr \/>\r\n<p>Ulteriori informazioni sul Future Summit TheNewNow sono disponibili al seguente indirizzo <a href=\"https:\/\/www.thenewnow.ch\/\" rel=\"noopener\">www.thenewnow.ch<\/a>.<\/p>\r\n<p><img class=\"alignnone size-full wp-image-253741\" src=\"https:\/\/www.markt-kom.com\/wp-content\/uploads\/2026\/04\/TNNspecial20-scaled.png\" sizes=\"(max-width: 1120px) 100vw, 1120px\" srcset=\"https:\/\/www.markt-kom.com\/wp-content\/uploads\/2026\/04\/TNNspecial20-scaled.png 800w, https:\/\/www.markt-kom.com\/wp-content\/uploads\/2026\/04\/TNNspecial20-480x600.png 480w, https:\/\/www.markt-kom.com\/wp-content\/uploads\/2026\/04\/TNNspecial20-768x960.png 768w, https:\/\/www.markt-kom.com\/wp-content\/uploads\/2026\/04\/TNNspecial20-1229x1536.png 1229w, https:\/\/www.markt-kom.com\/wp-content\/uploads\/2026\/04\/TNNspecial20-1638x2048.png 1638w, https:\/\/www.markt-kom.com\/wp-content\/uploads\/2026\/04\/TNNspecial20-10x12.png 10w, https:\/\/www.markt-kom.com\/wp-content\/uploads\/2026\/04\/TNNspecial20-140x175.png 140w, https:\/\/www.markt-kom.com\/wp-content\/uploads\/2026\/04\/TNNspecial20-280x350.png 280w, https:\/\/www.markt-kom.com\/wp-content\/uploads\/2026\/04\/TNNspecial20-640x800.png 640w\" alt=\"\" width=\"1120\" height=\"1400\" \/><\/p>","protected":false},"excerpt":{"rendered":"<p>Il 22 aprile 2026 si terr\u00e0 a Zurigo il NewNow Future Summit. L'evento si concentra sul dialogo anzich\u00e9 sull'insegnamento frontale e offre pi\u00f9 di 100 sessioni su temi quali l'intelligenza artificiale, il nuovo lusso e la leadership. In un'intervista esclusiva a m&amp;k, l'organizzatrice Evelyn Gorgos spiega che l'attenzione si concentra sulla questione di ci\u00f2 che rende i marchi veramente significativi oggi.<\/p>","protected":false},"author":107,"featured_media":0,"comment_status":"closed","ping_status":"closed","sticky":false,"template":"","format":"standard","meta":{"_acf_changed":false,"_yoast_wpseo_focuskw":"Future Summit","_yoast_wpseo_metadesc":"Am 22. April 2026 findet in Z\u00fcrich der Future Summit TheNewNow statt. Die Veranstaltung setzt auf Dialog statt Frontalunterricht.","articlekey":"","footnotes":""},"categories":[29],"tags":[5964,4343],"class_list":["post-47463","post","type-post","status-publish","format-standard","hentry","category-marketing","tag-future-summit","tag-markom"],"acf":[],"yoast_head":"<!-- This site is optimized with the Yoast SEO plugin v27.5 - https:\/\/yoast.com\/product\/yoast-seo-wordpress\/ -->\n<title>Future Summit TheNewNow: \u00abWenn Marken an Relevanz verlieren, liegt es selten am Material\u00bb - Organisator<\/title>\n<meta name=\"description\" content=\"Am 22. April 2026 findet in Z\u00fcrich der Future Summit TheNewNow statt. Die Veranstaltung setzt auf Dialog statt Frontalunterricht.\" \/>\n<meta name=\"robots\" content=\"index, follow, max-snippet:-1, max-image-preview:large, max-video-preview:-1\" \/>\n<link rel=\"canonical\" href=\"https:\/\/www.organisator.ch\/it\/marketing\/2026-04-20\/future-summit-thenewnow-wenn-marken-an-relevanz-verlieren-liegt-es-selten-am-material\/\" \/>\n<meta property=\"og:locale\" content=\"it_IT\" \/>\n<meta property=\"og:type\" content=\"article\" \/>\n<meta property=\"og:title\" content=\"Future Summit TheNewNow: \u00abWenn Marken an Relevanz verlieren, liegt es selten am Material\u00bb - Organisator\" \/>\n<meta property=\"og:description\" content=\"Am 22. April 2026 findet in Z\u00fcrich der Future Summit TheNewNow statt. Die Veranstaltung setzt auf Dialog statt Frontalunterricht.\" \/>\n<meta property=\"og:url\" content=\"https:\/\/www.organisator.ch\/it\/marketing\/2026-04-20\/future-summit-thenewnow-wenn-marken-an-relevanz-verlieren-liegt-es-selten-am-material\/\" \/>\n<meta property=\"og:site_name\" content=\"Organisator\" \/>\n<meta property=\"article:publisher\" content=\"https:\/\/www.facebook.com\/OrganisatorFachmagazin\" \/>\n<meta property=\"article:published_time\" content=\"2026-04-20T06:33:29+00:00\" \/>\n<meta name=\"author\" content=\"n8n\" \/>\n<meta name=\"twitter:card\" content=\"summary_large_image\" \/>\n<script type=\"application\/ld+json\" class=\"yoast-schema-graph\">{\"@context\":\"https:\\\/\\\/schema.org\",\"@graph\":[{\"@type\":\"Article\",\"@id\":\"https:\\\/\\\/www.organisator.ch\\\/marketing\\\/2026-04-20\\\/future-summit-thenewnow-wenn-marken-an-relevanz-verlieren-liegt-es-selten-am-material\\\/#article\",\"isPartOf\":{\"@id\":\"https:\\\/\\\/www.organisator.ch\\\/marketing\\\/2026-04-20\\\/future-summit-thenewnow-wenn-marken-an-relevanz-verlieren-liegt-es-selten-am-material\\\/\"},\"author\":{\"name\":\"n8n\",\"@id\":\"https:\\\/\\\/www.organisator.ch\\\/#\\\/schema\\\/person\\\/a9d0e0eff238db87a8f840f3b50359f0\"},\"headline\":\"Future Summit TheNewNow: \u00abWenn Marken an Relevanz verlieren, liegt es selten am Material\u00bb\",\"datePublished\":\"2026-04-20T06:33:29+00:00\",\"mainEntityOfPage\":{\"@id\":\"https:\\\/\\\/www.organisator.ch\\\/marketing\\\/2026-04-20\\\/future-summit-thenewnow-wenn-marken-an-relevanz-verlieren-liegt-es-selten-am-material\\\/\"},\"wordCount\":859,\"publisher\":{\"@id\":\"https:\\\/\\\/www.organisator.ch\\\/#organization\"},\"image\":{\"@id\":\"https:\\\/\\\/www.organisator.ch\\\/marketing\\\/2026-04-20\\\/future-summit-thenewnow-wenn-marken-an-relevanz-verlieren-liegt-es-selten-am-material\\\/#primaryimage\"},\"thumbnailUrl\":\"https:\\\/\\\/www.markt-kom.com\\\/wp-content\\\/uploads\\\/2026\\\/04\\\/IMG_3591-scaled.jpg\",\"keywords\":[\"Future Summit\",\"MarKom\"],\"articleSection\":[\"MARKETING\"],\"inLanguage\":\"it-IT\"},{\"@type\":\"WebPage\",\"@id\":\"https:\\\/\\\/www.organisator.ch\\\/marketing\\\/2026-04-20\\\/future-summit-thenewnow-wenn-marken-an-relevanz-verlieren-liegt-es-selten-am-material\\\/\",\"url\":\"https:\\\/\\\/www.organisator.ch\\\/marketing\\\/2026-04-20\\\/future-summit-thenewnow-wenn-marken-an-relevanz-verlieren-liegt-es-selten-am-material\\\/\",\"name\":\"Future Summit TheNewNow: \u00abWenn Marken an Relevanz verlieren, liegt es selten am Material\u00bb - Organisator\",\"isPartOf\":{\"@id\":\"https:\\\/\\\/www.organisator.ch\\\/#website\"},\"primaryImageOfPage\":{\"@id\":\"https:\\\/\\\/www.organisator.ch\\\/marketing\\\/2026-04-20\\\/future-summit-thenewnow-wenn-marken-an-relevanz-verlieren-liegt-es-selten-am-material\\\/#primaryimage\"},\"image\":{\"@id\":\"https:\\\/\\\/www.organisator.ch\\\/marketing\\\/2026-04-20\\\/future-summit-thenewnow-wenn-marken-an-relevanz-verlieren-liegt-es-selten-am-material\\\/#primaryimage\"},\"thumbnailUrl\":\"https:\\\/\\\/www.markt-kom.com\\\/wp-content\\\/uploads\\\/2026\\\/04\\\/IMG_3591-scaled.jpg\",\"datePublished\":\"2026-04-20T06:33:29+00:00\",\"description\":\"Am 22. April 2026 findet in Z\u00fcrich der Future Summit TheNewNow statt. Die Veranstaltung setzt auf Dialog statt Frontalunterricht.\",\"breadcrumb\":{\"@id\":\"https:\\\/\\\/www.organisator.ch\\\/marketing\\\/2026-04-20\\\/future-summit-thenewnow-wenn-marken-an-relevanz-verlieren-liegt-es-selten-am-material\\\/#breadcrumb\"},\"inLanguage\":\"it-IT\",\"potentialAction\":[{\"@type\":\"ReadAction\",\"target\":[\"https:\\\/\\\/www.organisator.ch\\\/marketing\\\/2026-04-20\\\/future-summit-thenewnow-wenn-marken-an-relevanz-verlieren-liegt-es-selten-am-material\\\/\"]}]},{\"@type\":\"ImageObject\",\"inLanguage\":\"it-IT\",\"@id\":\"https:\\\/\\\/www.organisator.ch\\\/marketing\\\/2026-04-20\\\/future-summit-thenewnow-wenn-marken-an-relevanz-verlieren-liegt-es-selten-am-material\\\/#primaryimage\",\"url\":\"https:\\\/\\\/www.markt-kom.com\\\/wp-content\\\/uploads\\\/2026\\\/04\\\/IMG_3591-scaled.jpg\",\"contentUrl\":\"https:\\\/\\\/www.markt-kom.com\\\/wp-content\\\/uploads\\\/2026\\\/04\\\/IMG_3591-scaled.jpg\"},{\"@type\":\"BreadcrumbList\",\"@id\":\"https:\\\/\\\/www.organisator.ch\\\/marketing\\\/2026-04-20\\\/future-summit-thenewnow-wenn-marken-an-relevanz-verlieren-liegt-es-selten-am-material\\\/#breadcrumb\",\"itemListElement\":[{\"@type\":\"ListItem\",\"position\":1,\"name\":\"Home\",\"item\":\"https:\\\/\\\/www.organisator.ch\\\/\"},{\"@type\":\"ListItem\",\"position\":2,\"name\":\"Future Summit TheNewNow: \u00abWenn Marken an Relevanz verlieren, liegt es selten am Material\u00bb\"}]},{\"@type\":\"WebSite\",\"@id\":\"https:\\\/\\\/www.organisator.ch\\\/#website\",\"url\":\"https:\\\/\\\/www.organisator.ch\\\/\",\"name\":\"Organisator\",\"description\":\"Kompetent. Praxisnah. Der ORGANISATOR bereitet in 10 Ausgaben pro Jahr die wesentlichen Themen f\u00fcr F\u00fchrungskr\u00e4fte von KMU auf.\",\"publisher\":{\"@id\":\"https:\\\/\\\/www.organisator.ch\\\/#organization\"},\"potentialAction\":[{\"@type\":\"SearchAction\",\"target\":{\"@type\":\"EntryPoint\",\"urlTemplate\":\"https:\\\/\\\/www.organisator.ch\\\/?s={search_term_string}\"},\"query-input\":{\"@type\":\"PropertyValueSpecification\",\"valueRequired\":true,\"valueName\":\"search_term_string\"}}],\"inLanguage\":\"it-IT\"},{\"@type\":\"Organization\",\"@id\":\"https:\\\/\\\/www.organisator.ch\\\/#organization\",\"name\":\"Organisator\",\"url\":\"https:\\\/\\\/www.organisator.ch\\\/\",\"logo\":{\"@type\":\"ImageObject\",\"inLanguage\":\"it-IT\",\"@id\":\"https:\\\/\\\/www.organisator.ch\\\/#\\\/schema\\\/logo\\\/image\\\/\",\"url\":\"https:\\\/\\\/www.organisator.ch\\\/wp-content\\\/uploads\\\/2022\\\/01\\\/Logo_Organisator_Website.png\",\"contentUrl\":\"https:\\\/\\\/www.organisator.ch\\\/wp-content\\\/uploads\\\/2022\\\/01\\\/Logo_Organisator_Website.png\",\"width\":800,\"height\":77,\"caption\":\"Organisator\"},\"image\":{\"@id\":\"https:\\\/\\\/www.organisator.ch\\\/#\\\/schema\\\/logo\\\/image\\\/\"},\"sameAs\":[\"https:\\\/\\\/www.facebook.com\\\/OrganisatorFachmagazin\",\"https:\\\/\\\/www.linkedin.com\\\/showcase\\\/organisator-das-magazin-fr-kmu\",\"https:\\\/\\\/www.xing.com\\\/news\\\/pages\\\/organisator-ch-695\",\"https:\\\/\\\/www.youtube.com\\\/channel\\\/UCGP2Sq0iWaZwT3BdIAQFYpw\"]},{\"@type\":\"Person\",\"@id\":\"https:\\\/\\\/www.organisator.ch\\\/#\\\/schema\\\/person\\\/a9d0e0eff238db87a8f840f3b50359f0\",\"name\":\"n8n\",\"image\":{\"@type\":\"ImageObject\",\"inLanguage\":\"it-IT\",\"@id\":\"https:\\\/\\\/secure.gravatar.com\\\/avatar\\\/5368fb9d03fd415a6f335cece4c15af2502d6ca8651efbd6e8f98427a9795400?s=96&d=mm&r=g\",\"url\":\"https:\\\/\\\/secure.gravatar.com\\\/avatar\\\/5368fb9d03fd415a6f335cece4c15af2502d6ca8651efbd6e8f98427a9795400?s=96&d=mm&r=g\",\"contentUrl\":\"https:\\\/\\\/secure.gravatar.com\\\/avatar\\\/5368fb9d03fd415a6f335cece4c15af2502d6ca8651efbd6e8f98427a9795400?s=96&d=mm&r=g\",\"caption\":\"n8n\"},\"url\":\"https:\\\/\\\/www.organisator.ch\\\/it\\\/author\\\/n8n\\\/\"}]}<\/script>\n<!-- \/ Yoast SEO plugin. -->","yoast_head_json":{"title":"Future Summit TheNewNow: \u00abQuando i marchi perdono rilevanza, raramente \u00e8 a causa del materiale\u00bb - Organizzatore","description":"Il 22 aprile 2026 si terr\u00e0 a Zurigo il NewNow Future Summit. L'evento si concentra sul dialogo anzich\u00e9 sull'insegnamento frontale.","robots":{"index":"index","follow":"follow","max-snippet":"max-snippet:-1","max-image-preview":"max-image-preview:large","max-video-preview":"max-video-preview:-1"},"canonical":"https:\/\/www.organisator.ch\/it\/marketing\/2026-04-20\/future-summit-thenewnow-wenn-marken-an-relevanz-verlieren-liegt-es-selten-am-material\/","og_locale":"it_IT","og_type":"article","og_title":"Future Summit TheNewNow: \u00abWenn Marken an Relevanz verlieren, liegt es selten am Material\u00bb - Organisator","og_description":"Am 22. April 2026 findet in Z\u00fcrich der Future Summit TheNewNow statt. Die Veranstaltung setzt auf Dialog statt Frontalunterricht.","og_url":"https:\/\/www.organisator.ch\/it\/marketing\/2026-04-20\/future-summit-thenewnow-wenn-marken-an-relevanz-verlieren-liegt-es-selten-am-material\/","og_site_name":"Organisator","article_publisher":"https:\/\/www.facebook.com\/OrganisatorFachmagazin","article_published_time":"2026-04-20T06:33:29+00:00","author":"n8n","twitter_card":"summary_large_image","schema":{"@context":"https:\/\/schema.org","@graph":[{"@type":"Article","@id":"https:\/\/www.organisator.ch\/marketing\/2026-04-20\/future-summit-thenewnow-wenn-marken-an-relevanz-verlieren-liegt-es-selten-am-material\/#article","isPartOf":{"@id":"https:\/\/www.organisator.ch\/marketing\/2026-04-20\/future-summit-thenewnow-wenn-marken-an-relevanz-verlieren-liegt-es-selten-am-material\/"},"author":{"name":"n8n","@id":"https:\/\/www.organisator.ch\/#\/schema\/person\/a9d0e0eff238db87a8f840f3b50359f0"},"headline":"Future Summit TheNewNow: \u00abWenn Marken an Relevanz verlieren, liegt es selten am Material\u00bb","datePublished":"2026-04-20T06:33:29+00:00","mainEntityOfPage":{"@id":"https:\/\/www.organisator.ch\/marketing\/2026-04-20\/future-summit-thenewnow-wenn-marken-an-relevanz-verlieren-liegt-es-selten-am-material\/"},"wordCount":859,"publisher":{"@id":"https:\/\/www.organisator.ch\/#organization"},"image":{"@id":"https:\/\/www.organisator.ch\/marketing\/2026-04-20\/future-summit-thenewnow-wenn-marken-an-relevanz-verlieren-liegt-es-selten-am-material\/#primaryimage"},"thumbnailUrl":"https:\/\/www.markt-kom.com\/wp-content\/uploads\/2026\/04\/IMG_3591-scaled.jpg","keywords":["Future Summit","MarKom"],"articleSection":["MARKETING"],"inLanguage":"it-IT"},{"@type":"WebPage","@id":"https:\/\/www.organisator.ch\/marketing\/2026-04-20\/future-summit-thenewnow-wenn-marken-an-relevanz-verlieren-liegt-es-selten-am-material\/","url":"https:\/\/www.organisator.ch\/marketing\/2026-04-20\/future-summit-thenewnow-wenn-marken-an-relevanz-verlieren-liegt-es-selten-am-material\/","name":"Future Summit TheNewNow: \u00abQuando i marchi perdono rilevanza, raramente \u00e8 a causa del materiale\u00bb - Organizzatore","isPartOf":{"@id":"https:\/\/www.organisator.ch\/#website"},"primaryImageOfPage":{"@id":"https:\/\/www.organisator.ch\/marketing\/2026-04-20\/future-summit-thenewnow-wenn-marken-an-relevanz-verlieren-liegt-es-selten-am-material\/#primaryimage"},"image":{"@id":"https:\/\/www.organisator.ch\/marketing\/2026-04-20\/future-summit-thenewnow-wenn-marken-an-relevanz-verlieren-liegt-es-selten-am-material\/#primaryimage"},"thumbnailUrl":"https:\/\/www.markt-kom.com\/wp-content\/uploads\/2026\/04\/IMG_3591-scaled.jpg","datePublished":"2026-04-20T06:33:29+00:00","description":"Il 22 aprile 2026 si terr\u00e0 a Zurigo il NewNow Future Summit. L'evento si concentra sul dialogo anzich\u00e9 sull'insegnamento frontale.","breadcrumb":{"@id":"https:\/\/www.organisator.ch\/marketing\/2026-04-20\/future-summit-thenewnow-wenn-marken-an-relevanz-verlieren-liegt-es-selten-am-material\/#breadcrumb"},"inLanguage":"it-IT","potentialAction":[{"@type":"ReadAction","target":["https:\/\/www.organisator.ch\/marketing\/2026-04-20\/future-summit-thenewnow-wenn-marken-an-relevanz-verlieren-liegt-es-selten-am-material\/"]}]},{"@type":"ImageObject","inLanguage":"it-IT","@id":"https:\/\/www.organisator.ch\/marketing\/2026-04-20\/future-summit-thenewnow-wenn-marken-an-relevanz-verlieren-liegt-es-selten-am-material\/#primaryimage","url":"https:\/\/www.markt-kom.com\/wp-content\/uploads\/2026\/04\/IMG_3591-scaled.jpg","contentUrl":"https:\/\/www.markt-kom.com\/wp-content\/uploads\/2026\/04\/IMG_3591-scaled.jpg"},{"@type":"BreadcrumbList","@id":"https:\/\/www.organisator.ch\/marketing\/2026-04-20\/future-summit-thenewnow-wenn-marken-an-relevanz-verlieren-liegt-es-selten-am-material\/#breadcrumb","itemListElement":[{"@type":"ListItem","position":1,"name":"Home","item":"https:\/\/www.organisator.ch\/"},{"@type":"ListItem","position":2,"name":"Future Summit TheNewNow: \u00abWenn Marken an Relevanz verlieren, liegt es selten am Material\u00bb"}]},{"@type":"WebSite","@id":"https:\/\/www.organisator.ch\/#website","url":"https:\/\/www.organisator.ch\/","name":"Organizzatore","description":"Competente. Pratico. In 10 numeri all'anno, ORGANISATOR presenta i temi essenziali per i manager delle PMI.","publisher":{"@id":"https:\/\/www.organisator.ch\/#organization"},"potentialAction":[{"@type":"SearchAction","target":{"@type":"EntryPoint","urlTemplate":"https:\/\/www.organisator.ch\/?s={search_term_string}"},"query-input":{"@type":"PropertyValueSpecification","valueRequired":true,"valueName":"search_term_string"}}],"inLanguage":"it-IT"},{"@type":"Organization","@id":"https:\/\/www.organisator.ch\/#organization","name":"Organizzatore","url":"https:\/\/www.organisator.ch\/","logo":{"@type":"ImageObject","inLanguage":"it-IT","@id":"https:\/\/www.organisator.ch\/#\/schema\/logo\/image\/","url":"https:\/\/www.organisator.ch\/wp-content\/uploads\/2022\/01\/Logo_Organisator_Website.png","contentUrl":"https:\/\/www.organisator.ch\/wp-content\/uploads\/2022\/01\/Logo_Organisator_Website.png","width":800,"height":77,"caption":"Organisator"},"image":{"@id":"https:\/\/www.organisator.ch\/#\/schema\/logo\/image\/"},"sameAs":["https:\/\/www.facebook.com\/OrganisatorFachmagazin","https:\/\/www.linkedin.com\/showcase\/organisator-das-magazin-fr-kmu","https:\/\/www.xing.com\/news\/pages\/organisator-ch-695","https:\/\/www.youtube.com\/channel\/UCGP2Sq0iWaZwT3BdIAQFYpw"]},{"@type":"Person","@id":"https:\/\/www.organisator.ch\/#\/schema\/person\/a9d0e0eff238db87a8f840f3b50359f0","name":"n8n","image":{"@type":"ImageObject","inLanguage":"it-IT","@id":"https:\/\/secure.gravatar.com\/avatar\/5368fb9d03fd415a6f335cece4c15af2502d6ca8651efbd6e8f98427a9795400?s=96&d=mm&r=g","url":"https:\/\/secure.gravatar.com\/avatar\/5368fb9d03fd415a6f335cece4c15af2502d6ca8651efbd6e8f98427a9795400?s=96&d=mm&r=g","contentUrl":"https:\/\/secure.gravatar.com\/avatar\/5368fb9d03fd415a6f335cece4c15af2502d6ca8651efbd6e8f98427a9795400?s=96&d=mm&r=g","caption":"n8n"},"url":"https:\/\/www.organisator.ch\/it\/author\/n8n\/"}]}},"_links":{"self":[{"href":"https:\/\/www.organisator.ch\/it\/wp-json\/wp\/v2\/posts\/47463","targetHints":{"allow":["GET"]}}],"collection":[{"href":"https:\/\/www.organisator.ch\/it\/wp-json\/wp\/v2\/posts"}],"about":[{"href":"https:\/\/www.organisator.ch\/it\/wp-json\/wp\/v2\/types\/post"}],"author":[{"embeddable":true,"href":"https:\/\/www.organisator.ch\/it\/wp-json\/wp\/v2\/users\/107"}],"replies":[{"embeddable":true,"href":"https:\/\/www.organisator.ch\/it\/wp-json\/wp\/v2\/comments?post=47463"}],"version-history":[{"count":5,"href":"https:\/\/www.organisator.ch\/it\/wp-json\/wp\/v2\/posts\/47463\/revisions"}],"predecessor-version":[{"id":47734,"href":"https:\/\/www.organisator.ch\/it\/wp-json\/wp\/v2\/posts\/47463\/revisions\/47734"}],"wp:attachment":[{"href":"https:\/\/www.organisator.ch\/it\/wp-json\/wp\/v2\/media?parent=47463"}],"wp:term":[{"taxonomy":"category","embeddable":true,"href":"https:\/\/www.organisator.ch\/it\/wp-json\/wp\/v2\/categories?post=47463"},{"taxonomy":"post_tag","embeddable":true,"href":"https:\/\/www.organisator.ch\/it\/wp-json\/wp\/v2\/tags?post=47463"}],"curies":[{"name":"wp","href":"https:\/\/api.w.org\/{rel}","templated":true}]}}