{"id":4754,"date":"2019-01-18T08:57:45","date_gmt":"2019-01-18T07:57:45","guid":{"rendered":"https:\/\/www.organisator.ch\/?p=4754"},"modified":"2019-01-18T08:57:45","modified_gmt":"2019-01-18T07:57:45","slug":"das-smartphone-laesst-geschaeftliches-und-privates-immer-mehr-vermischen","status":"publish","type":"post","link":"https:\/\/www.organisator.ch\/it\/management\/2019-01-18\/das-smartphone-laesst-geschaeftliches-und-privates-immer-mehr-vermischen\/","title":{"rendered":"Lo smartphone mescola sempre pi\u00f9 lavoro e vita privata"},"content":{"rendered":"<figure id=\"attachment_4755\" aria-describedby=\"caption-attachment-4755\" style=\"width: 680px\" class=\"wp-caption alignnone\"><img loading=\"lazy\" decoding=\"async\" class=\"size-medium wp-image-4755\" src=\"https:\/\/www.organisator.ch\/wp-content\/uploads\/2019\/01\/Das-Smartphone-laesst-Geschaeftliches-und-Privates-immer-mehr-vermischen-1_Organisator.jpg\" alt=\"\" width=\"680\" height=\"452\" srcset=\"https:\/\/www.organisator.ch\/wp-content\/uploads\/2019\/01\/Das-Smartphone-laesst-Geschaeftliches-und-Privates-immer-mehr-vermischen-1_Organisator.jpg 680w, https:\/\/www.organisator.ch\/wp-content\/uploads\/2019\/01\/Das-Smartphone-laesst-Geschaeftliches-und-Privates-immer-mehr-vermischen-1_Organisator-16x12.jpg 16w, https:\/\/www.organisator.ch\/wp-content\/uploads\/2019\/01\/Das-Smartphone-laesst-Geschaeftliches-und-Privates-immer-mehr-vermischen-1_Organisator-263x175.jpg 263w, https:\/\/www.organisator.ch\/wp-content\/uploads\/2019\/01\/Das-Smartphone-laesst-Geschaeftliches-und-Privates-immer-mehr-vermischen-1_Organisator-527x350.jpg 527w, https:\/\/www.organisator.ch\/wp-content\/uploads\/2019\/01\/Das-Smartphone-laesst-Geschaeftliches-und-Privates-immer-mehr-vermischen-1_Organisator-300x199.jpg 300w\" sizes=\"auto, (max-width: 680px) 100vw, 680px\" \/><figcaption id=\"caption-attachment-4755\" class=\"wp-caption-text\">Oggi \u00e8 impossibile immaginare il mondo degli affari senza lo smartphone. (Immagine: pixabay)<\/figcaption><\/figure>\n<p>Sempre pi\u00f9 persone in Svizzera lavorano durante il tempo libero: 68% dichiarano di lavorare con lo smartphone durante il tempo libero; 29% lo fanno addirittura spesso o molto spesso. Allo stesso tempo, 84% utilizzano il loro dispositivo per scopi privati durante l'orario di lavoro. In futuro, lo smartphone diventer\u00e0 probabilmente uno strumento di lavoro molto pi\u00f9 prezioso: I processi saranno gestiti in mobilit\u00e0, i dati raccolti in loco saranno trattati direttamente e resi disponibili alle persone autorizzate. In generale, lo smartphone sta diventando sempre pi\u00f9 uno strumento di controllo per la vita e il lavoro: in Svizzera, 92% possiedono un dispositivo di questo tipo e 97% lo utilizzano quotidianamente, non da ultimo per il lavoro. Questo \u00e8 il risultato di un sondaggio condotto su oltre 1.000 consumatori in Svizzera e su un totale di 54.150 persone di altri 34 Paesi industrializzati ed emergenti per la Deloitte Global Mobile Consumer Survey.<\/p>\n<p>Dalle risposte di tutti i possessori di smartphone in attivit\u00e0 alle domande sull'uso professionale e privato dei loro dispositivi si possono formare quattro gruppi (vedi figura sotto). Il gruppo pi\u00f9 piccolo, pari al 6%, \u00e8 costituito da coloro che utilizzano lo smartphone per lavoro nel tempo libero, ma non fanno mai attivit\u00e0 private durante l'orario di lavoro. Il secondo gruppo pi\u00f9 comune (10%) \u00e8 costituito da coloro che continuano a separare rigorosamente lavoro e vita privata. Questo gruppo \u00e8 composto prevalentemente da donne (61%) e tende ad essere pi\u00f9 anziano.<\/p>\n<h2>La maggioranza non si separa quasi mai<\/h2>\n<p>Quasi quattro volte pi\u00f9 grande del primo gruppo \u00e8 quello di coloro che dedicano il tempo di lavoro a questioni private, ma non il tempo libero agli affari (23%). Questo gruppo comprende anche una maggioranza di donne, come emerge dallo studio Deloitte. La maggior parte di loro frequenta i propri profili sui social media o scambia messaggi privati durante l'orario di lavoro, di tanto in tanto. Tuttavia, un buon terzo lo fa spesso o molto spesso. La stragrande maggioranza dei lavoratori in Svizzera (62%) combina lavoro e tempo libero con il cellulare in entrambe le direzioni; gli uomini sono in maggioranza (58%).<\/p>\n<figure id=\"attachment_4756\" aria-describedby=\"caption-attachment-4756\" style=\"width: 680px\" class=\"wp-caption alignnone\"><img loading=\"lazy\" decoding=\"async\" class=\"size-medium wp-image-4756\" src=\"https:\/\/www.organisator.ch\/wp-content\/uploads\/2019\/01\/Das-Smartphone-laesst-Geschaeftliches-und-Privates-immer-mehr-vermischen-2_Organisator.jpg\" alt=\"\" width=\"680\" height=\"606\" srcset=\"https:\/\/www.organisator.ch\/wp-content\/uploads\/2019\/01\/Das-Smartphone-laesst-Geschaeftliches-und-Privates-immer-mehr-vermischen-2_Organisator.jpg 680w, https:\/\/www.organisator.ch\/wp-content\/uploads\/2019\/01\/Das-Smartphone-laesst-Geschaeftliches-und-Privates-immer-mehr-vermischen-2_Organisator-13x12.jpg 13w, https:\/\/www.organisator.ch\/wp-content\/uploads\/2019\/01\/Das-Smartphone-laesst-Geschaeftliches-und-Privates-immer-mehr-vermischen-2_Organisator-196x175.jpg 196w, https:\/\/www.organisator.ch\/wp-content\/uploads\/2019\/01\/Das-Smartphone-laesst-Geschaeftliches-und-Privates-immer-mehr-vermischen-2_Organisator-393x350.jpg 393w, https:\/\/www.organisator.ch\/wp-content\/uploads\/2019\/01\/Das-Smartphone-laesst-Geschaeftliches-und-Privates-immer-mehr-vermischen-2_Organisator-300x267.jpg 300w\" sizes=\"auto, (max-width: 680px) 100vw, 680px\" \/><figcaption id=\"caption-attachment-4756\" class=\"wp-caption-text\">Risposte di tutti i possessori di smartphone in attivit\u00e0 alle domande \"In una settimana abituale, quanto spesso, se mai, utilizzi il tuo smartphone al di fuori dell'orario di lavoro per motivi di lavoro?\", \"In una settimana abituale, quanto spesso, se mai, utilizzi il tuo smartphone durante l'orario di lavoro per scopi privati\" (Grafico: Deloitte)<\/figcaption><\/figure>\n<h2>Uso simile privato e commerciale<\/h2>\n<p>Le applicazioni aziendali pi\u00f9 importanti sono la posta elettronica (48%), il telefono (44%), il calendario (36%) e la messaggistica istantanea (35%). Appena il 10% degli intervistati utilizza lo smartphone per completare processi amministrativi come il monitoraggio delle spese, la pianificazione degli incarichi di lavoro, la fatturazione delle ore o la gestione dei progetti. \"Il maggiore utilizzo degli smartphone per i processi amministrativi offre un grande potenziale di aumento dell'efficienza, che le aziende dovrebbero sfruttare per risparmiare sui costi e rimanere competitive. Inoltre, alleggerisce i dipendenti da noiose pratiche burocratiche\", afferma Myriam Denk, Partner e Responsabile del Futuro del Lavoro di Deloitte Svizzera.<\/p>\n<p>Con un'interfaccia utente semplice e intuitiva sullo smartphone, \u00e8 possibile integrare e digitalizzare completamente fasi del processo che sono separate l'una dall'altra e che richiedono molto impegno. Ad esempio, il personal trainer pu\u00f2 non solo gestire pi\u00f9 facilmente gli appuntamenti con i suoi clienti o fatturarli automaticamente su base regolare, ma anche misurare continuamente i dati vitali dei suoi clienti e inviare i progressi individuali elaborati graficamente direttamente dopo l'allenamento, senza dover tornare in ufficio.<\/p>\n<h2>Proiettare le istruzioni sulla superficie di lavoro<\/h2>\n<p>Inoltre, integrando nuove tecnologie come la realt\u00e0 aumentata (AR), lo smartphone pu\u00f2 trasformare completamente il nostro modo di lavorare. L'AR pu\u00f2 essere applicata in vari settori, come l'istruzione, la medicina o l'industria. Ad esempio, il montatore pu\u00f2 proiettare istruzioni o informazioni direttamente sulla sua superficie di lavoro, in modo da poter lavorare con maggiore precisione e rapidit\u00e0. Durante i lavori di manutenzione, i punti deboli del materiale vengono evidenziati o le fasi di lavoro complesse vengono visualizzate passo dopo passo direttamente sul dispositivo.<br \/>\n\"Il mondo del lavoro \u00e8 sempre pi\u00f9 orientato verso la flessibilit\u00e0, la collaborazione e la connettivit\u00e0. Le nuove tecnologie digitali pongono il rapporto tra dipendenti e azienda su una base completamente nuova; cambiano anche il luogo di lavoro e le mansioni stesse. I dispositivi mobili e il loro uso flessibile e autodeterminato sono un elemento essenziale per realizzare il nuovo mondo del lavoro. Tuttavia, le aziende e i dipendenti hanno ancora molto da recuperare\", afferma Myriam Denk. Ad esempio, 42% degli intervistati nello studio Deloitte sul futuro del posto di lavoro dichiarano di non avere a disposizione alcun dispositivo digitale mobile da parte del proprio datore di lavoro.<\/p>\n<h2>Sicurezza e protezione dei dati<\/h2>\n<p>Il crescente utilizzo della tecnologia digitale mobile richiede anche investimenti nella sicurezza informatica. I reparti IT e i fornitori esterni di servizi IT dovranno quindi confrontarsi maggiormente con le nuove possibilit\u00e0 e le potenziali vulnerabilit\u00e0 dei sistemi digitali mobili. I database collegati in rete e la condivisione delle informazioni in tempo reale comportano ulteriori sfide: inserimenti errati potrebbero rapidamente diffondersi in lungo e in largo o persone non autorizzate potrebbero accedere a dati e sistemi. Oltre alla sicurezza dei dati, \u00e8 necessario garantire anche la protezione dei dati, definendo e controllando con precisione quali informazioni sui clienti possono essere utilizzate, come e per quale scopo.<\/p>\n<h2>Mantenere la salute al centro dell'attenzione<\/h2>\n<p>Inoltre, non bisogna dimenticare i rischi individuali di un'ulteriore flessibilizzazione del lavoro. Nel sondaggio, 66% dichiarano di essere distratti dal lavoro dall'uso privato del proprio smartphone, e per 19% questo accade spesso o molto spesso. Inoltre, la mancanza di periodi di riposo e la costante reperibilit\u00e0 possono avere un impatto negativo sulla salute dei dipendenti. \u00c8 quindi importante utilizzare gli smartphone in modo consapevole e responsabile anche sul posto di lavoro. I datori di lavoro devono sensibilizzare i propri dipendenti e, se necessario, emanare delle regole.<\/p>\n<p><em>Fonte: <a href=\"http:\/\/www.deloitte.com\/ch\/about\">Deloitte<\/a><\/em><\/p>","protected":false},"excerpt":{"rendered":"<p>Immer mehr Menschen in der Schweiz arbeiten, w\u00e4hrend sie frei haben: 68% geben an, dass sie auf ihrem Smartphone w\u00e4hrend der Freizeit Gesch\u00e4ftliches erledigen; 29% tun dies sogar oft oder sehr oft. Gleichzeitig nutzen 84% ihr Ger\u00e4t w\u00e4hrend der Arbeitszeit f\u00fcr Privates. Und in Zukunft d\u00fcrfte das Smartphone zu einem weit wertvolleren Arbeitsinstrument werden: Prozesse [&hellip;]<\/p>\n","protected":false},"author":4,"featured_media":4755,"comment_status":"open","ping_status":"open","sticky":false,"template":"","format":"standard","meta":{"_acf_changed":false,"_yoast_wpseo_focuskw":"Smartphone","_yoast_wpseo_metadesc":"Arbeiten auf dem Smartphone: Zwei Drittel erledigen Gesch\u00e4ftliches w\u00e4hrend der Freizeit. Das Ger\u00e4t wird w\u00e4hrend der Arbeit auch f\u00fcr Privates genutzt.","articlekey":"","footnotes":""},"categories":[28],"tags":[42,51,156,286,334,459],"class_list":["post-4754","post","type-post","status-publish","format-standard","has-post-thumbnail","hentry","category-management","tag-arbeit","tag-arbeitsplatzgestaltung","tag-digitalisierung","tag-it","tag-management","tag-studie"],"acf":[],"yoast_head":"<!-- This site is optimized with the Yoast SEO plugin v27.4 - https:\/\/yoast.com\/product\/yoast-seo-wordpress\/ -->\n<title>Das Smartphone l\u00e4sst Gesch\u00e4ftliches und Privates immer mehr vermischen - Organisator<\/title>\n<meta name=\"description\" content=\"Arbeiten auf dem Smartphone: Zwei Drittel erledigen Gesch\u00e4ftliches w\u00e4hrend der Freizeit. Das Ger\u00e4t wird w\u00e4hrend der Arbeit auch f\u00fcr Privates genutzt.\" \/>\n<meta name=\"robots\" content=\"index, follow, max-snippet:-1, max-image-preview:large, max-video-preview:-1\" \/>\n<link rel=\"canonical\" href=\"https:\/\/www.organisator.ch\/it\/gestione-2\/2019-01-18\/das-smartphone-laesst-geschaeftliches-und-privates-immer-mehr-vermischen\/\" \/>\n<meta property=\"og:locale\" content=\"it_IT\" \/>\n<meta property=\"og:type\" content=\"article\" \/>\n<meta property=\"og:title\" content=\"Das Smartphone l\u00e4sst Gesch\u00e4ftliches und Privates immer mehr vermischen\" \/>\n<meta property=\"og:description\" content=\"Arbeiten auf dem Smartphone: Zwei Drittel erledigen Gesch\u00e4ftliches w\u00e4hrend der Freizeit. Das Ger\u00e4t wird w\u00e4hrend der Arbeit auch f\u00fcr Privates genutzt.\" \/>\n<meta property=\"og:url\" content=\"https:\/\/www.organisator.ch\/it\/gestione-2\/2019-01-18\/das-smartphone-laesst-geschaeftliches-und-privates-immer-mehr-vermischen\/\" \/>\n<meta property=\"og:site_name\" content=\"Organisator\" \/>\n<meta property=\"article:publisher\" content=\"https:\/\/www.facebook.com\/OrganisatorFachmagazin\" \/>\n<meta property=\"article:published_time\" content=\"2019-01-18T07:57:45+00:00\" \/>\n<meta property=\"og:image\" content=\"https:\/\/www.organisator.ch\/wp-content\/uploads\/2019\/01\/Das-Smartphone-laesst-Geschaeftliches-und-Privates-immer-mehr-vermischen-1_Organisator.jpg\" \/>\n\t<meta property=\"og:image:width\" content=\"680\" \/>\n\t<meta property=\"og:image:height\" content=\"452\" \/>\n\t<meta property=\"og:image:type\" content=\"image\/jpeg\" \/>\n<meta name=\"author\" content=\"thomas.berner\" \/>\n<meta name=\"twitter:card\" content=\"summary_large_image\" \/>\n<meta name=\"twitter:title\" content=\"Das #Smartphone l\u00e4sst Gesch\u00e4ftliches und Privates immer mehr vermischen\" \/>\n<meta name=\"twitter:description\" content=\"Arbeiten auf dem #Smartphone: Zwei Drittel erledigen Gesch\u00e4ftliches w\u00e4hrend der Freizeit. Das Ger\u00e4t wird w\u00e4hrend der Arbeit auch f\u00fcr Privates genutzt.\" \/>\n<meta name=\"twitter:image\" content=\"https:\/\/www.organisator.ch\/wp-content\/uploads\/2019\/01\/Das-Smartphone-l\u00e4sst-Gesch\u00e4ftliches-und-Privates-immer-mehr-vermischen-1_Organisator.jpg\" \/>\n<script type=\"application\/ld+json\" class=\"yoast-schema-graph\">{\"@context\":\"https:\\\/\\\/schema.org\",\"@graph\":[{\"@type\":\"Article\",\"@id\":\"https:\\\/\\\/www.organisator.ch\\\/management\\\/2019-01-18\\\/das-smartphone-laesst-geschaeftliches-und-privates-immer-mehr-vermischen\\\/#article\",\"isPartOf\":{\"@id\":\"https:\\\/\\\/www.organisator.ch\\\/management\\\/2019-01-18\\\/das-smartphone-laesst-geschaeftliches-und-privates-immer-mehr-vermischen\\\/\"},\"author\":{\"name\":\"thomas.berner\",\"@id\":\"https:\\\/\\\/www.organisator.ch\\\/#\\\/schema\\\/person\\\/6f650f90b2842cd4c0cc334b4e36f67e\"},\"headline\":\"Das Smartphone l\u00e4sst Gesch\u00e4ftliches und Privates immer mehr vermischen\",\"datePublished\":\"2019-01-18T07:57:45+00:00\",\"mainEntityOfPage\":{\"@id\":\"https:\\\/\\\/www.organisator.ch\\\/management\\\/2019-01-18\\\/das-smartphone-laesst-geschaeftliches-und-privates-immer-mehr-vermischen\\\/\"},\"wordCount\":936,\"commentCount\":0,\"publisher\":{\"@id\":\"https:\\\/\\\/www.organisator.ch\\\/#organization\"},\"image\":{\"@id\":\"https:\\\/\\\/www.organisator.ch\\\/management\\\/2019-01-18\\\/das-smartphone-laesst-geschaeftliches-und-privates-immer-mehr-vermischen\\\/#primaryimage\"},\"thumbnailUrl\":\"https:\\\/\\\/www.organisator.ch\\\/wp-content\\\/uploads\\\/2019\\\/01\\\/Das-Smartphone-laesst-Geschaeftliches-und-Privates-immer-mehr-vermischen-1_Organisator.jpg\",\"keywords\":[\"Arbeit\",\"Arbeitsplatzgestaltung\",\"Digitalisierung\",\"IT\",\"Management\",\"Studie\"],\"articleSection\":[\"MANAGEMENT\"],\"inLanguage\":\"it-IT\"},{\"@type\":\"WebPage\",\"@id\":\"https:\\\/\\\/www.organisator.ch\\\/management\\\/2019-01-18\\\/das-smartphone-laesst-geschaeftliches-und-privates-immer-mehr-vermischen\\\/\",\"url\":\"https:\\\/\\\/www.organisator.ch\\\/management\\\/2019-01-18\\\/das-smartphone-laesst-geschaeftliches-und-privates-immer-mehr-vermischen\\\/\",\"name\":\"Das Smartphone l\u00e4sst Gesch\u00e4ftliches und Privates immer mehr vermischen - Organisator\",\"isPartOf\":{\"@id\":\"https:\\\/\\\/www.organisator.ch\\\/#website\"},\"primaryImageOfPage\":{\"@id\":\"https:\\\/\\\/www.organisator.ch\\\/management\\\/2019-01-18\\\/das-smartphone-laesst-geschaeftliches-und-privates-immer-mehr-vermischen\\\/#primaryimage\"},\"image\":{\"@id\":\"https:\\\/\\\/www.organisator.ch\\\/management\\\/2019-01-18\\\/das-smartphone-laesst-geschaeftliches-und-privates-immer-mehr-vermischen\\\/#primaryimage\"},\"thumbnailUrl\":\"https:\\\/\\\/www.organisator.ch\\\/wp-content\\\/uploads\\\/2019\\\/01\\\/Das-Smartphone-laesst-Geschaeftliches-und-Privates-immer-mehr-vermischen-1_Organisator.jpg\",\"datePublished\":\"2019-01-18T07:57:45+00:00\",\"description\":\"Arbeiten auf dem Smartphone: Zwei Drittel erledigen Gesch\u00e4ftliches w\u00e4hrend der Freizeit. Das Ger\u00e4t wird w\u00e4hrend der Arbeit auch f\u00fcr Privates genutzt.\",\"breadcrumb\":{\"@id\":\"https:\\\/\\\/www.organisator.ch\\\/management\\\/2019-01-18\\\/das-smartphone-laesst-geschaeftliches-und-privates-immer-mehr-vermischen\\\/#breadcrumb\"},\"inLanguage\":\"it-IT\",\"potentialAction\":[{\"@type\":\"ReadAction\",\"target\":[\"https:\\\/\\\/www.organisator.ch\\\/management\\\/2019-01-18\\\/das-smartphone-laesst-geschaeftliches-und-privates-immer-mehr-vermischen\\\/\"]}]},{\"@type\":\"ImageObject\",\"inLanguage\":\"it-IT\",\"@id\":\"https:\\\/\\\/www.organisator.ch\\\/management\\\/2019-01-18\\\/das-smartphone-laesst-geschaeftliches-und-privates-immer-mehr-vermischen\\\/#primaryimage\",\"url\":\"https:\\\/\\\/www.organisator.ch\\\/wp-content\\\/uploads\\\/2019\\\/01\\\/Das-Smartphone-laesst-Geschaeftliches-und-Privates-immer-mehr-vermischen-1_Organisator.jpg\",\"contentUrl\":\"https:\\\/\\\/www.organisator.ch\\\/wp-content\\\/uploads\\\/2019\\\/01\\\/Das-Smartphone-laesst-Geschaeftliches-und-Privates-immer-mehr-vermischen-1_Organisator.jpg\",\"width\":680,\"height\":452,\"caption\":\"Das Smartphone ist heute aus der Gesch\u00e4ftswelt nicht mehr wegzudenken. (Bild: pixabay)\"},{\"@type\":\"BreadcrumbList\",\"@id\":\"https:\\\/\\\/www.organisator.ch\\\/management\\\/2019-01-18\\\/das-smartphone-laesst-geschaeftliches-und-privates-immer-mehr-vermischen\\\/#breadcrumb\",\"itemListElement\":[{\"@type\":\"ListItem\",\"position\":1,\"name\":\"Home\",\"item\":\"https:\\\/\\\/www.organisator.ch\\\/\"},{\"@type\":\"ListItem\",\"position\":2,\"name\":\"Das Smartphone l\u00e4sst Gesch\u00e4ftliches und Privates immer mehr vermischen\"}]},{\"@type\":\"WebSite\",\"@id\":\"https:\\\/\\\/www.organisator.ch\\\/#website\",\"url\":\"https:\\\/\\\/www.organisator.ch\\\/\",\"name\":\"Organisator\",\"description\":\"Kompetent. Praxisnah. Der ORGANISATOR bereitet in 10 Ausgaben pro Jahr die wesentlichen Themen f\u00fcr F\u00fchrungskr\u00e4fte von KMU auf.\",\"publisher\":{\"@id\":\"https:\\\/\\\/www.organisator.ch\\\/#organization\"},\"potentialAction\":[{\"@type\":\"SearchAction\",\"target\":{\"@type\":\"EntryPoint\",\"urlTemplate\":\"https:\\\/\\\/www.organisator.ch\\\/?s={search_term_string}\"},\"query-input\":{\"@type\":\"PropertyValueSpecification\",\"valueRequired\":true,\"valueName\":\"search_term_string\"}}],\"inLanguage\":\"it-IT\"},{\"@type\":\"Organization\",\"@id\":\"https:\\\/\\\/www.organisator.ch\\\/#organization\",\"name\":\"Organisator\",\"url\":\"https:\\\/\\\/www.organisator.ch\\\/\",\"logo\":{\"@type\":\"ImageObject\",\"inLanguage\":\"it-IT\",\"@id\":\"https:\\\/\\\/www.organisator.ch\\\/#\\\/schema\\\/logo\\\/image\\\/\",\"url\":\"https:\\\/\\\/www.organisator.ch\\\/wp-content\\\/uploads\\\/2022\\\/01\\\/Logo_Organisator_Website.png\",\"contentUrl\":\"https:\\\/\\\/www.organisator.ch\\\/wp-content\\\/uploads\\\/2022\\\/01\\\/Logo_Organisator_Website.png\",\"width\":800,\"height\":77,\"caption\":\"Organisator\"},\"image\":{\"@id\":\"https:\\\/\\\/www.organisator.ch\\\/#\\\/schema\\\/logo\\\/image\\\/\"},\"sameAs\":[\"https:\\\/\\\/www.facebook.com\\\/OrganisatorFachmagazin\",\"https:\\\/\\\/www.linkedin.com\\\/showcase\\\/organisator-das-magazin-fr-kmu\",\"https:\\\/\\\/www.xing.com\\\/news\\\/pages\\\/organisator-ch-695\",\"https:\\\/\\\/www.youtube.com\\\/channel\\\/UCGP2Sq0iWaZwT3BdIAQFYpw\"]},{\"@type\":\"Person\",\"@id\":\"https:\\\/\\\/www.organisator.ch\\\/#\\\/schema\\\/person\\\/6f650f90b2842cd4c0cc334b4e36f67e\",\"name\":\"thomas.berner\",\"image\":{\"@type\":\"ImageObject\",\"inLanguage\":\"it-IT\",\"@id\":\"https:\\\/\\\/secure.gravatar.com\\\/avatar\\\/ac5001d2a36cb6c6cd3e50789007ffca834b477b74a2144564522e944eabff61?s=96&d=mm&r=g\",\"url\":\"https:\\\/\\\/secure.gravatar.com\\\/avatar\\\/ac5001d2a36cb6c6cd3e50789007ffca834b477b74a2144564522e944eabff61?s=96&d=mm&r=g\",\"contentUrl\":\"https:\\\/\\\/secure.gravatar.com\\\/avatar\\\/ac5001d2a36cb6c6cd3e50789007ffca834b477b74a2144564522e944eabff61?s=96&d=mm&r=g\",\"caption\":\"thomas.berner\"},\"url\":\"https:\\\/\\\/www.organisator.ch\\\/it\\\/author\\\/thomas-berner\\\/\"}]}<\/script>\n<!-- \/ Yoast SEO plugin. -->","yoast_head_json":{"title":"Lo smartphone mescola sempre pi\u00f9 lavoro e vita privata - Organizzatore","description":"Lavorare con lo smartphone: due terzi fanno affari durante il tempo libero. Il dispositivo viene utilizzato anche per scopi privati durante il lavoro.","robots":{"index":"index","follow":"follow","max-snippet":"max-snippet:-1","max-image-preview":"max-image-preview:large","max-video-preview":"max-video-preview:-1"},"canonical":"https:\/\/www.organisator.ch\/it\/gestione-2\/2019-01-18\/das-smartphone-laesst-geschaeftliches-und-privates-immer-mehr-vermischen\/","og_locale":"it_IT","og_type":"article","og_title":"Das Smartphone l\u00e4sst Gesch\u00e4ftliches und Privates immer mehr vermischen","og_description":"Arbeiten auf dem Smartphone: Zwei Drittel erledigen Gesch\u00e4ftliches w\u00e4hrend der Freizeit. Das Ger\u00e4t wird w\u00e4hrend der Arbeit auch f\u00fcr Privates genutzt.","og_url":"https:\/\/www.organisator.ch\/it\/gestione-2\/2019-01-18\/das-smartphone-laesst-geschaeftliches-und-privates-immer-mehr-vermischen\/","og_site_name":"Organisator","article_publisher":"https:\/\/www.facebook.com\/OrganisatorFachmagazin","article_published_time":"2019-01-18T07:57:45+00:00","og_image":[{"width":680,"height":452,"url":"https:\/\/www.organisator.ch\/wp-content\/uploads\/2019\/01\/Das-Smartphone-laesst-Geschaeftliches-und-Privates-immer-mehr-vermischen-1_Organisator.jpg","type":"image\/jpeg"}],"author":"thomas.berner","twitter_card":"summary_large_image","twitter_title":"Das #Smartphone l\u00e4sst Gesch\u00e4ftliches und Privates immer mehr vermischen","twitter_description":"Arbeiten auf dem #Smartphone: Zwei Drittel erledigen Gesch\u00e4ftliches w\u00e4hrend der Freizeit. Das Ger\u00e4t wird w\u00e4hrend der Arbeit auch f\u00fcr Privates genutzt.","twitter_image":"https:\/\/www.organisator.ch\/wp-content\/uploads\/2019\/01\/Das-Smartphone-l\u00e4sst-Gesch\u00e4ftliches-und-Privates-immer-mehr-vermischen-1_Organisator.jpg","schema":{"@context":"https:\/\/schema.org","@graph":[{"@type":"Article","@id":"https:\/\/www.organisator.ch\/management\/2019-01-18\/das-smartphone-laesst-geschaeftliches-und-privates-immer-mehr-vermischen\/#article","isPartOf":{"@id":"https:\/\/www.organisator.ch\/management\/2019-01-18\/das-smartphone-laesst-geschaeftliches-und-privates-immer-mehr-vermischen\/"},"author":{"name":"thomas.berner","@id":"https:\/\/www.organisator.ch\/#\/schema\/person\/6f650f90b2842cd4c0cc334b4e36f67e"},"headline":"Das Smartphone l\u00e4sst Gesch\u00e4ftliches und Privates immer mehr vermischen","datePublished":"2019-01-18T07:57:45+00:00","mainEntityOfPage":{"@id":"https:\/\/www.organisator.ch\/management\/2019-01-18\/das-smartphone-laesst-geschaeftliches-und-privates-immer-mehr-vermischen\/"},"wordCount":936,"commentCount":0,"publisher":{"@id":"https:\/\/www.organisator.ch\/#organization"},"image":{"@id":"https:\/\/www.organisator.ch\/management\/2019-01-18\/das-smartphone-laesst-geschaeftliches-und-privates-immer-mehr-vermischen\/#primaryimage"},"thumbnailUrl":"https:\/\/www.organisator.ch\/wp-content\/uploads\/2019\/01\/Das-Smartphone-laesst-Geschaeftliches-und-Privates-immer-mehr-vermischen-1_Organisator.jpg","keywords":["Arbeit","Arbeitsplatzgestaltung","Digitalisierung","IT","Management","Studie"],"articleSection":["MANAGEMENT"],"inLanguage":"it-IT"},{"@type":"WebPage","@id":"https:\/\/www.organisator.ch\/management\/2019-01-18\/das-smartphone-laesst-geschaeftliches-und-privates-immer-mehr-vermischen\/","url":"https:\/\/www.organisator.ch\/management\/2019-01-18\/das-smartphone-laesst-geschaeftliches-und-privates-immer-mehr-vermischen\/","name":"Lo smartphone mescola sempre pi\u00f9 lavoro e vita privata - Organizzatore","isPartOf":{"@id":"https:\/\/www.organisator.ch\/#website"},"primaryImageOfPage":{"@id":"https:\/\/www.organisator.ch\/management\/2019-01-18\/das-smartphone-laesst-geschaeftliches-und-privates-immer-mehr-vermischen\/#primaryimage"},"image":{"@id":"https:\/\/www.organisator.ch\/management\/2019-01-18\/das-smartphone-laesst-geschaeftliches-und-privates-immer-mehr-vermischen\/#primaryimage"},"thumbnailUrl":"https:\/\/www.organisator.ch\/wp-content\/uploads\/2019\/01\/Das-Smartphone-laesst-Geschaeftliches-und-Privates-immer-mehr-vermischen-1_Organisator.jpg","datePublished":"2019-01-18T07:57:45+00:00","description":"Lavorare con lo smartphone: due terzi fanno affari durante il tempo libero. Il dispositivo viene utilizzato anche per scopi privati durante il lavoro.","breadcrumb":{"@id":"https:\/\/www.organisator.ch\/management\/2019-01-18\/das-smartphone-laesst-geschaeftliches-und-privates-immer-mehr-vermischen\/#breadcrumb"},"inLanguage":"it-IT","potentialAction":[{"@type":"ReadAction","target":["https:\/\/www.organisator.ch\/management\/2019-01-18\/das-smartphone-laesst-geschaeftliches-und-privates-immer-mehr-vermischen\/"]}]},{"@type":"ImageObject","inLanguage":"it-IT","@id":"https:\/\/www.organisator.ch\/management\/2019-01-18\/das-smartphone-laesst-geschaeftliches-und-privates-immer-mehr-vermischen\/#primaryimage","url":"https:\/\/www.organisator.ch\/wp-content\/uploads\/2019\/01\/Das-Smartphone-laesst-Geschaeftliches-und-Privates-immer-mehr-vermischen-1_Organisator.jpg","contentUrl":"https:\/\/www.organisator.ch\/wp-content\/uploads\/2019\/01\/Das-Smartphone-laesst-Geschaeftliches-und-Privates-immer-mehr-vermischen-1_Organisator.jpg","width":680,"height":452,"caption":"Das Smartphone ist heute aus der Gesch\u00e4ftswelt nicht mehr wegzudenken. (Bild: pixabay)"},{"@type":"BreadcrumbList","@id":"https:\/\/www.organisator.ch\/management\/2019-01-18\/das-smartphone-laesst-geschaeftliches-und-privates-immer-mehr-vermischen\/#breadcrumb","itemListElement":[{"@type":"ListItem","position":1,"name":"Home","item":"https:\/\/www.organisator.ch\/"},{"@type":"ListItem","position":2,"name":"Das Smartphone l\u00e4sst Gesch\u00e4ftliches und Privates immer mehr vermischen"}]},{"@type":"WebSite","@id":"https:\/\/www.organisator.ch\/#website","url":"https:\/\/www.organisator.ch\/","name":"Organizzatore","description":"Competente. Pratico. In 10 numeri all'anno, ORGANISATOR presenta i temi essenziali per i manager delle PMI.","publisher":{"@id":"https:\/\/www.organisator.ch\/#organization"},"potentialAction":[{"@type":"SearchAction","target":{"@type":"EntryPoint","urlTemplate":"https:\/\/www.organisator.ch\/?s={search_term_string}"},"query-input":{"@type":"PropertyValueSpecification","valueRequired":true,"valueName":"search_term_string"}}],"inLanguage":"it-IT"},{"@type":"Organization","@id":"https:\/\/www.organisator.ch\/#organization","name":"Organizzatore","url":"https:\/\/www.organisator.ch\/","logo":{"@type":"ImageObject","inLanguage":"it-IT","@id":"https:\/\/www.organisator.ch\/#\/schema\/logo\/image\/","url":"https:\/\/www.organisator.ch\/wp-content\/uploads\/2022\/01\/Logo_Organisator_Website.png","contentUrl":"https:\/\/www.organisator.ch\/wp-content\/uploads\/2022\/01\/Logo_Organisator_Website.png","width":800,"height":77,"caption":"Organisator"},"image":{"@id":"https:\/\/www.organisator.ch\/#\/schema\/logo\/image\/"},"sameAs":["https:\/\/www.facebook.com\/OrganisatorFachmagazin","https:\/\/www.linkedin.com\/showcase\/organisator-das-magazin-fr-kmu","https:\/\/www.xing.com\/news\/pages\/organisator-ch-695","https:\/\/www.youtube.com\/channel\/UCGP2Sq0iWaZwT3BdIAQFYpw"]},{"@type":"Person","@id":"https:\/\/www.organisator.ch\/#\/schema\/person\/6f650f90b2842cd4c0cc334b4e36f67e","name":"Tommaso.berner","image":{"@type":"ImageObject","inLanguage":"it-IT","@id":"https:\/\/secure.gravatar.com\/avatar\/ac5001d2a36cb6c6cd3e50789007ffca834b477b74a2144564522e944eabff61?s=96&d=mm&r=g","url":"https:\/\/secure.gravatar.com\/avatar\/ac5001d2a36cb6c6cd3e50789007ffca834b477b74a2144564522e944eabff61?s=96&d=mm&r=g","contentUrl":"https:\/\/secure.gravatar.com\/avatar\/ac5001d2a36cb6c6cd3e50789007ffca834b477b74a2144564522e944eabff61?s=96&d=mm&r=g","caption":"thomas.berner"},"url":"https:\/\/www.organisator.ch\/it\/author\/thomas-berner\/"}]}},"_links":{"self":[{"href":"https:\/\/www.organisator.ch\/it\/wp-json\/wp\/v2\/posts\/4754","targetHints":{"allow":["GET"]}}],"collection":[{"href":"https:\/\/www.organisator.ch\/it\/wp-json\/wp\/v2\/posts"}],"about":[{"href":"https:\/\/www.organisator.ch\/it\/wp-json\/wp\/v2\/types\/post"}],"author":[{"embeddable":true,"href":"https:\/\/www.organisator.ch\/it\/wp-json\/wp\/v2\/users\/4"}],"replies":[{"embeddable":true,"href":"https:\/\/www.organisator.ch\/it\/wp-json\/wp\/v2\/comments?post=4754"}],"version-history":[{"count":0,"href":"https:\/\/www.organisator.ch\/it\/wp-json\/wp\/v2\/posts\/4754\/revisions"}],"wp:featuredmedia":[{"embeddable":true,"href":"https:\/\/www.organisator.ch\/it\/wp-json\/wp\/v2\/media\/4755"}],"wp:attachment":[{"href":"https:\/\/www.organisator.ch\/it\/wp-json\/wp\/v2\/media?parent=4754"}],"wp:term":[{"taxonomy":"category","embeddable":true,"href":"https:\/\/www.organisator.ch\/it\/wp-json\/wp\/v2\/categories?post=4754"},{"taxonomy":"post_tag","embeddable":true,"href":"https:\/\/www.organisator.ch\/it\/wp-json\/wp\/v2\/tags?post=4754"}],"curies":[{"name":"wp","href":"https:\/\/api.w.org\/{rel}","templated":true}]}}