{"id":4767,"date":"2019-01-22T17:11:42","date_gmt":"2019-01-22T16:11:42","guid":{"rendered":"https:\/\/www.organisator.ch\/?p=4767"},"modified":"2019-01-22T17:11:42","modified_gmt":"2019-01-22T16:11:42","slug":"digitalisierung-ist-kein-jobkiller","status":"publish","type":"post","link":"https:\/\/www.organisator.ch\/it\/human-resources\/hrm\/2019-01-22\/digitalisierung-ist-kein-jobkiller\/","title":{"rendered":"La digitalizzazione non \u00e8 un killer di posti di lavoro"},"content":{"rendered":"<figure id=\"attachment_4768\" aria-describedby=\"caption-attachment-4768\" style=\"width: 680px\" class=\"wp-caption alignnone\"><img loading=\"lazy\" decoding=\"async\" class=\"size-medium wp-image-4768\" src=\"https:\/\/www.organisator.ch\/wp-content\/uploads\/2019\/01\/Digitalisierung-ist-kein-Jobkiller_Organisator.jpg\" alt=\"\" width=\"680\" height=\"480\" srcset=\"https:\/\/www.organisator.ch\/wp-content\/uploads\/2019\/01\/Digitalisierung-ist-kein-Jobkiller_Organisator.jpg 680w, https:\/\/www.organisator.ch\/wp-content\/uploads\/2019\/01\/Digitalisierung-ist-kein-Jobkiller_Organisator-16x12.jpg 16w, https:\/\/www.organisator.ch\/wp-content\/uploads\/2019\/01\/Digitalisierung-ist-kein-Jobkiller_Organisator-248x175.jpg 248w, https:\/\/www.organisator.ch\/wp-content\/uploads\/2019\/01\/Digitalisierung-ist-kein-Jobkiller_Organisator-496x350.jpg 496w, https:\/\/www.organisator.ch\/wp-content\/uploads\/2019\/01\/Digitalisierung-ist-kein-Jobkiller_Organisator-300x212.jpg 300w\" sizes=\"auto, (max-width: 680px) 100vw, 680px\" \/><figcaption id=\"caption-attachment-4768\" class=\"wp-caption-text\">La trasformazione digitale non si sta rivelando il tanto decantato killer di posti di lavoro. (Immagine: Pixabay)<\/figcaption><\/figure>\n<p><span lang=\"DE-LI\">La trasformazione digitale sta avendo un impatto positivo sull'occupazione in tutte le discipline ed \u00e8 tutt'altro che un killer di posti di lavoro. Questo \u00e8 dimostrato dalla<span lang=\"DE-LI\"> rapporto annuale sulle risorse umane pubblicato dal fornitore di servizi per il personale Hays. <\/span>Nel complesso, gli intervistati dell'HR Report di quest'anno si aspettano pi\u00f9 opportunit\u00e0 che rischi (60 punti su una scala da 0 a 100). Il numero di posti di lavoro crescer\u00e0 soprattutto nel settore IT: il 54% prevede effetti positivi sull'occupazione. Gli intervistati prevedono inoltre una crescita significativa dei posti di lavoro nelle vendite (50%), nel marketing e nella ricerca e sviluppo (43% ciascuno). Secondo i responsabili delle decisioni, verranno creati nuovi profili professionali soprattutto nei settori della ricerca e sviluppo, dell'informatica e del marketing. Hays e l'Institute for Employment and Employability (IBE) hanno intervistato oltre 800 aziende per l'HR Report 2019. <\/span><\/p>\n<h2>Formazione continua e ampliamento dell'equilibrio tra lavoro e vita privata<\/h2>\n<p><span lang=\"DE-LI\">Per garantire l'occupabilit\u00e0 dei dipendenti, la formazione e lo sviluppo permanente sono considerati lo strumento pi\u00f9 importante (50%). Inoltre, l'ampliamento dell'equilibrio tra lavoro e vita privata (44%) e la cooperazione in team misti (39%) sono in cima alla lista delle misure adeguate.<\/span><\/p>\n<p><span lang=\"DE-LI\">\u00a0<\/span><span lang=\"DE-LI\">\"L'importanza dell'equilibrio tra lavoro e vita privata per l'occupabilit\u00e0 sta crescendo. Gli intervistati considerano la propria azienda pi\u00f9 responsabile di loro stessi. Tuttavia, la realizzazione dell'equilibrio tra lavoro e vita privata \u00e8 ancora chiaramente carente\", afferma la Prof.ssa Jutta Rump, Direttore dell'IBE. <\/span><\/p>\n<h2><span lang=\"DE-LI\">I generalisti sono richiesti<\/span><\/h2>\n<p><span lang=\"DE-LI\">Per dare forma con successo alla trasformazione digitale, i generalisti (61%) sono pi\u00f9 richiesti degli esperti di materia. Inoltre, le aziende si affidano pi\u00f9 spesso a esperti (57%) che a laureati (43%). Inoltre, le menti creative (56%) sono in vantaggio rispetto ai dipendenti orientati all'implementazione o ai processi (44%). <\/span><span lang=\"DE-LI\">\"Combinare le diverse competenze e abilit\u00e0 delle persone in modo significativo far\u00e0 muovere le aziende ancora di pi\u00f9 nei prossimi anni. In futuro non sar\u00e0 pi\u00f9 sufficiente affidarsi principalmente alle conoscenze specialistiche. Le competenze mentali, come la gestione attiva del cambiamento, diventeranno invece le competenze centrali\", commenta Marc Lutz, direttore generale di Hays (Svizzera) AG. <\/span><\/p>\n<p><em><a href=\"http:\/\/www.hays.ch\/personaldienstleistung-aktuell\/studie\/hr-report-2019\">Fonte e ulteriori informazioni<\/a><\/em><\/p>","protected":false},"excerpt":{"rendered":"<p>Der digitale Wandel wirkt sich \u00fcber alle Fachbereiche hinweg positiv auf die Besch\u00e4ftigung aus und ist alles andere als ein Jobkiller. Dies zeigt der j\u00e4hrlich erscheinende HR-Report des Personaldienstleisters Hays. In Summe rechnen die Befragten des diesj\u00e4hrigen HR-Reports mit mehr Chancen als Risiken (60 Punkte auf einer Skala von 0 bis 100). Vor allem in [&hellip;]<\/p>\n","protected":false},"author":4,"featured_media":4768,"comment_status":"open","ping_status":"open","sticky":false,"template":"","format":"standard","meta":{"_acf_changed":false,"_yoast_wpseo_focuskw":"Jobkiller","_yoast_wpseo_metadesc":"Der digitale Wandel wird sich positiv auf die Zahl der Arbeitspl\u00e4tze auswirken, insbesondere in Forschung und Entwicklung, in der IT sowie im Marketing.","articlekey":"","footnotes":""},"categories":[26],"tags":[254,379,407,459],"class_list":["post-4767","post","type-post","status-publish","format-standard","has-post-thumbnail","hentry","category-hrm","tag-hrm","tag-personalauswahl","tag-recruiting","tag-studie"],"acf":[],"yoast_head":"<!-- This site is optimized with the Yoast SEO plugin v27.4 - https:\/\/yoast.com\/product\/yoast-seo-wordpress\/ -->\n<title>Digitalisierung ist kein Jobkiller - Organisator<\/title>\n<meta name=\"description\" content=\"Der digitale Wandel wird sich positiv auf die Zahl der Arbeitspl\u00e4tze auswirken, insbesondere in Forschung und Entwicklung, in der IT sowie im Marketing.\" \/>\n<meta name=\"robots\" content=\"index, follow, max-snippet:-1, max-image-preview:large, max-video-preview:-1\" \/>\n<link rel=\"canonical\" href=\"https:\/\/www.organisator.ch\/it\/risorse-umane\/hrm\/2019-01-22\/digitalisierung-ist-kein-jobkiller\/\" \/>\n<meta property=\"og:locale\" content=\"it_IT\" \/>\n<meta property=\"og:type\" content=\"article\" \/>\n<meta property=\"og:title\" content=\"Digitalisierung ist kein Jobkiller\" \/>\n<meta property=\"og:description\" content=\"Der digitale Wandel wird sich positiv auf die Zahl der Arbeitspl\u00e4tze auswirken, insbesondere in Forschung und Entwicklung, in der IT sowie im Marketing.\" \/>\n<meta property=\"og:url\" content=\"https:\/\/www.organisator.ch\/it\/risorse-umane\/hrm\/2019-01-22\/digitalisierung-ist-kein-jobkiller\/\" \/>\n<meta property=\"og:site_name\" content=\"Organisator\" \/>\n<meta property=\"article:publisher\" content=\"https:\/\/www.facebook.com\/OrganisatorFachmagazin\" \/>\n<meta property=\"article:published_time\" content=\"2019-01-22T16:11:42+00:00\" \/>\n<meta property=\"og:image\" content=\"https:\/\/www.organisator.ch\/wp-content\/uploads\/2019\/01\/Digitalisierung-ist-kein-Jobkiller_Organisator.jpg\" \/>\n\t<meta property=\"og:image:width\" content=\"680\" \/>\n\t<meta property=\"og:image:height\" content=\"480\" \/>\n\t<meta property=\"og:image:type\" content=\"image\/jpeg\" \/>\n<meta name=\"author\" content=\"thomas.berner\" \/>\n<meta name=\"twitter:card\" content=\"summary_large_image\" \/>\n<meta name=\"twitter:title\" content=\"Digitalisierung ist kein #Jobkiller\" \/>\n<meta name=\"twitter:description\" content=\"Der digitale Wandel wird sich positiv auf die Zahl der Arbeitspl\u00e4tze auswirken, insbesondere in Forschung und Entwicklung, in der IT sowie im Marketing.\" \/>\n<meta name=\"twitter:image\" content=\"https:\/\/www.organisator.ch\/wp-content\/uploads\/2019\/01\/Digitalisierung-ist-kein-Jobkiller_Organisator.jpg\" \/>\n<script type=\"application\/ld+json\" class=\"yoast-schema-graph\">{\"@context\":\"https:\\\/\\\/schema.org\",\"@graph\":[{\"@type\":\"Article\",\"@id\":\"https:\\\/\\\/www.organisator.ch\\\/human-resources\\\/hrm\\\/2019-01-22\\\/digitalisierung-ist-kein-jobkiller\\\/#article\",\"isPartOf\":{\"@id\":\"https:\\\/\\\/www.organisator.ch\\\/human-resources\\\/hrm\\\/2019-01-22\\\/digitalisierung-ist-kein-jobkiller\\\/\"},\"author\":{\"name\":\"thomas.berner\",\"@id\":\"https:\\\/\\\/www.organisator.ch\\\/#\\\/schema\\\/person\\\/6f650f90b2842cd4c0cc334b4e36f67e\"},\"headline\":\"Digitalisierung ist kein Jobkiller\",\"datePublished\":\"2019-01-22T16:11:42+00:00\",\"mainEntityOfPage\":{\"@id\":\"https:\\\/\\\/www.organisator.ch\\\/human-resources\\\/hrm\\\/2019-01-22\\\/digitalisierung-ist-kein-jobkiller\\\/\"},\"wordCount\":356,\"commentCount\":0,\"publisher\":{\"@id\":\"https:\\\/\\\/www.organisator.ch\\\/#organization\"},\"image\":{\"@id\":\"https:\\\/\\\/www.organisator.ch\\\/human-resources\\\/hrm\\\/2019-01-22\\\/digitalisierung-ist-kein-jobkiller\\\/#primaryimage\"},\"thumbnailUrl\":\"https:\\\/\\\/www.organisator.ch\\\/wp-content\\\/uploads\\\/2019\\\/01\\\/Digitalisierung-ist-kein-Jobkiller_Organisator.jpg\",\"keywords\":[\"HRM\",\"Personalauswahl\",\"Recruiting\",\"Studie\"],\"articleSection\":[\"HRM\"],\"inLanguage\":\"it-IT\"},{\"@type\":\"WebPage\",\"@id\":\"https:\\\/\\\/www.organisator.ch\\\/human-resources\\\/hrm\\\/2019-01-22\\\/digitalisierung-ist-kein-jobkiller\\\/\",\"url\":\"https:\\\/\\\/www.organisator.ch\\\/human-resources\\\/hrm\\\/2019-01-22\\\/digitalisierung-ist-kein-jobkiller\\\/\",\"name\":\"Digitalisierung ist kein Jobkiller - Organisator\",\"isPartOf\":{\"@id\":\"https:\\\/\\\/www.organisator.ch\\\/#website\"},\"primaryImageOfPage\":{\"@id\":\"https:\\\/\\\/www.organisator.ch\\\/human-resources\\\/hrm\\\/2019-01-22\\\/digitalisierung-ist-kein-jobkiller\\\/#primaryimage\"},\"image\":{\"@id\":\"https:\\\/\\\/www.organisator.ch\\\/human-resources\\\/hrm\\\/2019-01-22\\\/digitalisierung-ist-kein-jobkiller\\\/#primaryimage\"},\"thumbnailUrl\":\"https:\\\/\\\/www.organisator.ch\\\/wp-content\\\/uploads\\\/2019\\\/01\\\/Digitalisierung-ist-kein-Jobkiller_Organisator.jpg\",\"datePublished\":\"2019-01-22T16:11:42+00:00\",\"description\":\"Der digitale Wandel wird sich positiv auf die Zahl der Arbeitspl\u00e4tze auswirken, insbesondere in Forschung und Entwicklung, in der IT sowie im Marketing.\",\"breadcrumb\":{\"@id\":\"https:\\\/\\\/www.organisator.ch\\\/human-resources\\\/hrm\\\/2019-01-22\\\/digitalisierung-ist-kein-jobkiller\\\/#breadcrumb\"},\"inLanguage\":\"it-IT\",\"potentialAction\":[{\"@type\":\"ReadAction\",\"target\":[\"https:\\\/\\\/www.organisator.ch\\\/human-resources\\\/hrm\\\/2019-01-22\\\/digitalisierung-ist-kein-jobkiller\\\/\"]}]},{\"@type\":\"ImageObject\",\"inLanguage\":\"it-IT\",\"@id\":\"https:\\\/\\\/www.organisator.ch\\\/human-resources\\\/hrm\\\/2019-01-22\\\/digitalisierung-ist-kein-jobkiller\\\/#primaryimage\",\"url\":\"https:\\\/\\\/www.organisator.ch\\\/wp-content\\\/uploads\\\/2019\\\/01\\\/Digitalisierung-ist-kein-Jobkiller_Organisator.jpg\",\"contentUrl\":\"https:\\\/\\\/www.organisator.ch\\\/wp-content\\\/uploads\\\/2019\\\/01\\\/Digitalisierung-ist-kein-Jobkiller_Organisator.jpg\",\"width\":680,\"height\":480,\"caption\":\"Der digitale Wandel erweist sich nicht als der viel beschworene Jobkiller. (Bild: Pixabay)\"},{\"@type\":\"BreadcrumbList\",\"@id\":\"https:\\\/\\\/www.organisator.ch\\\/human-resources\\\/hrm\\\/2019-01-22\\\/digitalisierung-ist-kein-jobkiller\\\/#breadcrumb\",\"itemListElement\":[{\"@type\":\"ListItem\",\"position\":1,\"name\":\"Home\",\"item\":\"https:\\\/\\\/www.organisator.ch\\\/\"},{\"@type\":\"ListItem\",\"position\":2,\"name\":\"Digitalisierung ist kein Jobkiller\"}]},{\"@type\":\"WebSite\",\"@id\":\"https:\\\/\\\/www.organisator.ch\\\/#website\",\"url\":\"https:\\\/\\\/www.organisator.ch\\\/\",\"name\":\"Organisator\",\"description\":\"Kompetent. Praxisnah. Der ORGANISATOR bereitet in 10 Ausgaben pro Jahr die wesentlichen Themen f\u00fcr F\u00fchrungskr\u00e4fte von KMU auf.\",\"publisher\":{\"@id\":\"https:\\\/\\\/www.organisator.ch\\\/#organization\"},\"potentialAction\":[{\"@type\":\"SearchAction\",\"target\":{\"@type\":\"EntryPoint\",\"urlTemplate\":\"https:\\\/\\\/www.organisator.ch\\\/?s={search_term_string}\"},\"query-input\":{\"@type\":\"PropertyValueSpecification\",\"valueRequired\":true,\"valueName\":\"search_term_string\"}}],\"inLanguage\":\"it-IT\"},{\"@type\":\"Organization\",\"@id\":\"https:\\\/\\\/www.organisator.ch\\\/#organization\",\"name\":\"Organisator\",\"url\":\"https:\\\/\\\/www.organisator.ch\\\/\",\"logo\":{\"@type\":\"ImageObject\",\"inLanguage\":\"it-IT\",\"@id\":\"https:\\\/\\\/www.organisator.ch\\\/#\\\/schema\\\/logo\\\/image\\\/\",\"url\":\"https:\\\/\\\/www.organisator.ch\\\/wp-content\\\/uploads\\\/2022\\\/01\\\/Logo_Organisator_Website.png\",\"contentUrl\":\"https:\\\/\\\/www.organisator.ch\\\/wp-content\\\/uploads\\\/2022\\\/01\\\/Logo_Organisator_Website.png\",\"width\":800,\"height\":77,\"caption\":\"Organisator\"},\"image\":{\"@id\":\"https:\\\/\\\/www.organisator.ch\\\/#\\\/schema\\\/logo\\\/image\\\/\"},\"sameAs\":[\"https:\\\/\\\/www.facebook.com\\\/OrganisatorFachmagazin\",\"https:\\\/\\\/www.linkedin.com\\\/showcase\\\/organisator-das-magazin-fr-kmu\",\"https:\\\/\\\/www.xing.com\\\/news\\\/pages\\\/organisator-ch-695\",\"https:\\\/\\\/www.youtube.com\\\/channel\\\/UCGP2Sq0iWaZwT3BdIAQFYpw\"]},{\"@type\":\"Person\",\"@id\":\"https:\\\/\\\/www.organisator.ch\\\/#\\\/schema\\\/person\\\/6f650f90b2842cd4c0cc334b4e36f67e\",\"name\":\"thomas.berner\",\"image\":{\"@type\":\"ImageObject\",\"inLanguage\":\"it-IT\",\"@id\":\"https:\\\/\\\/secure.gravatar.com\\\/avatar\\\/ac5001d2a36cb6c6cd3e50789007ffca834b477b74a2144564522e944eabff61?s=96&d=mm&r=g\",\"url\":\"https:\\\/\\\/secure.gravatar.com\\\/avatar\\\/ac5001d2a36cb6c6cd3e50789007ffca834b477b74a2144564522e944eabff61?s=96&d=mm&r=g\",\"contentUrl\":\"https:\\\/\\\/secure.gravatar.com\\\/avatar\\\/ac5001d2a36cb6c6cd3e50789007ffca834b477b74a2144564522e944eabff61?s=96&d=mm&r=g\",\"caption\":\"thomas.berner\"},\"url\":\"https:\\\/\\\/www.organisator.ch\\\/it\\\/author\\\/thomas-berner\\\/\"}]}<\/script>\n<!-- \/ Yoast SEO plugin. -->","yoast_head_json":{"title":"La digitalizzazione non \u00e8 un killer di posti di lavoro - Organizzatore","description":"La trasformazione digitale avr\u00e0 un impatto positivo sul numero di posti di lavoro, soprattutto nei settori della ricerca e sviluppo, dell'informatica e del marketing.","robots":{"index":"index","follow":"follow","max-snippet":"max-snippet:-1","max-image-preview":"max-image-preview:large","max-video-preview":"max-video-preview:-1"},"canonical":"https:\/\/www.organisator.ch\/it\/risorse-umane\/hrm\/2019-01-22\/digitalisierung-ist-kein-jobkiller\/","og_locale":"it_IT","og_type":"article","og_title":"Digitalisierung ist kein Jobkiller","og_description":"Der digitale Wandel wird sich positiv auf die Zahl der Arbeitspl\u00e4tze auswirken, insbesondere in Forschung und Entwicklung, in der IT sowie im Marketing.","og_url":"https:\/\/www.organisator.ch\/it\/risorse-umane\/hrm\/2019-01-22\/digitalisierung-ist-kein-jobkiller\/","og_site_name":"Organisator","article_publisher":"https:\/\/www.facebook.com\/OrganisatorFachmagazin","article_published_time":"2019-01-22T16:11:42+00:00","og_image":[{"width":680,"height":480,"url":"https:\/\/www.organisator.ch\/wp-content\/uploads\/2019\/01\/Digitalisierung-ist-kein-Jobkiller_Organisator.jpg","type":"image\/jpeg"}],"author":"thomas.berner","twitter_card":"summary_large_image","twitter_title":"Digitalisierung ist kein #Jobkiller","twitter_description":"Der digitale Wandel wird sich positiv auf die Zahl der Arbeitspl\u00e4tze auswirken, insbesondere in Forschung und Entwicklung, in der IT sowie im Marketing.","twitter_image":"https:\/\/www.organisator.ch\/wp-content\/uploads\/2019\/01\/Digitalisierung-ist-kein-Jobkiller_Organisator.jpg","schema":{"@context":"https:\/\/schema.org","@graph":[{"@type":"Article","@id":"https:\/\/www.organisator.ch\/human-resources\/hrm\/2019-01-22\/digitalisierung-ist-kein-jobkiller\/#article","isPartOf":{"@id":"https:\/\/www.organisator.ch\/human-resources\/hrm\/2019-01-22\/digitalisierung-ist-kein-jobkiller\/"},"author":{"name":"thomas.berner","@id":"https:\/\/www.organisator.ch\/#\/schema\/person\/6f650f90b2842cd4c0cc334b4e36f67e"},"headline":"Digitalisierung ist kein Jobkiller","datePublished":"2019-01-22T16:11:42+00:00","mainEntityOfPage":{"@id":"https:\/\/www.organisator.ch\/human-resources\/hrm\/2019-01-22\/digitalisierung-ist-kein-jobkiller\/"},"wordCount":356,"commentCount":0,"publisher":{"@id":"https:\/\/www.organisator.ch\/#organization"},"image":{"@id":"https:\/\/www.organisator.ch\/human-resources\/hrm\/2019-01-22\/digitalisierung-ist-kein-jobkiller\/#primaryimage"},"thumbnailUrl":"https:\/\/www.organisator.ch\/wp-content\/uploads\/2019\/01\/Digitalisierung-ist-kein-Jobkiller_Organisator.jpg","keywords":["HRM","Personalauswahl","Recruiting","Studie"],"articleSection":["HRM"],"inLanguage":"it-IT"},{"@type":"WebPage","@id":"https:\/\/www.organisator.ch\/human-resources\/hrm\/2019-01-22\/digitalisierung-ist-kein-jobkiller\/","url":"https:\/\/www.organisator.ch\/human-resources\/hrm\/2019-01-22\/digitalisierung-ist-kein-jobkiller\/","name":"La digitalizzazione non \u00e8 un killer di posti di lavoro - Organizzatore","isPartOf":{"@id":"https:\/\/www.organisator.ch\/#website"},"primaryImageOfPage":{"@id":"https:\/\/www.organisator.ch\/human-resources\/hrm\/2019-01-22\/digitalisierung-ist-kein-jobkiller\/#primaryimage"},"image":{"@id":"https:\/\/www.organisator.ch\/human-resources\/hrm\/2019-01-22\/digitalisierung-ist-kein-jobkiller\/#primaryimage"},"thumbnailUrl":"https:\/\/www.organisator.ch\/wp-content\/uploads\/2019\/01\/Digitalisierung-ist-kein-Jobkiller_Organisator.jpg","datePublished":"2019-01-22T16:11:42+00:00","description":"La trasformazione digitale avr\u00e0 un impatto positivo sul numero di posti di lavoro, soprattutto nei settori della ricerca e sviluppo, dell'informatica e del marketing.","breadcrumb":{"@id":"https:\/\/www.organisator.ch\/human-resources\/hrm\/2019-01-22\/digitalisierung-ist-kein-jobkiller\/#breadcrumb"},"inLanguage":"it-IT","potentialAction":[{"@type":"ReadAction","target":["https:\/\/www.organisator.ch\/human-resources\/hrm\/2019-01-22\/digitalisierung-ist-kein-jobkiller\/"]}]},{"@type":"ImageObject","inLanguage":"it-IT","@id":"https:\/\/www.organisator.ch\/human-resources\/hrm\/2019-01-22\/digitalisierung-ist-kein-jobkiller\/#primaryimage","url":"https:\/\/www.organisator.ch\/wp-content\/uploads\/2019\/01\/Digitalisierung-ist-kein-Jobkiller_Organisator.jpg","contentUrl":"https:\/\/www.organisator.ch\/wp-content\/uploads\/2019\/01\/Digitalisierung-ist-kein-Jobkiller_Organisator.jpg","width":680,"height":480,"caption":"Der digitale Wandel erweist sich nicht als der viel beschworene Jobkiller. (Bild: Pixabay)"},{"@type":"BreadcrumbList","@id":"https:\/\/www.organisator.ch\/human-resources\/hrm\/2019-01-22\/digitalisierung-ist-kein-jobkiller\/#breadcrumb","itemListElement":[{"@type":"ListItem","position":1,"name":"Home","item":"https:\/\/www.organisator.ch\/"},{"@type":"ListItem","position":2,"name":"Digitalisierung ist kein Jobkiller"}]},{"@type":"WebSite","@id":"https:\/\/www.organisator.ch\/#website","url":"https:\/\/www.organisator.ch\/","name":"Organizzatore","description":"Competente. Pratico. In 10 numeri all'anno, ORGANISATOR presenta i temi essenziali per i manager delle PMI.","publisher":{"@id":"https:\/\/www.organisator.ch\/#organization"},"potentialAction":[{"@type":"SearchAction","target":{"@type":"EntryPoint","urlTemplate":"https:\/\/www.organisator.ch\/?s={search_term_string}"},"query-input":{"@type":"PropertyValueSpecification","valueRequired":true,"valueName":"search_term_string"}}],"inLanguage":"it-IT"},{"@type":"Organization","@id":"https:\/\/www.organisator.ch\/#organization","name":"Organizzatore","url":"https:\/\/www.organisator.ch\/","logo":{"@type":"ImageObject","inLanguage":"it-IT","@id":"https:\/\/www.organisator.ch\/#\/schema\/logo\/image\/","url":"https:\/\/www.organisator.ch\/wp-content\/uploads\/2022\/01\/Logo_Organisator_Website.png","contentUrl":"https:\/\/www.organisator.ch\/wp-content\/uploads\/2022\/01\/Logo_Organisator_Website.png","width":800,"height":77,"caption":"Organisator"},"image":{"@id":"https:\/\/www.organisator.ch\/#\/schema\/logo\/image\/"},"sameAs":["https:\/\/www.facebook.com\/OrganisatorFachmagazin","https:\/\/www.linkedin.com\/showcase\/organisator-das-magazin-fr-kmu","https:\/\/www.xing.com\/news\/pages\/organisator-ch-695","https:\/\/www.youtube.com\/channel\/UCGP2Sq0iWaZwT3BdIAQFYpw"]},{"@type":"Person","@id":"https:\/\/www.organisator.ch\/#\/schema\/person\/6f650f90b2842cd4c0cc334b4e36f67e","name":"Tommaso.berner","image":{"@type":"ImageObject","inLanguage":"it-IT","@id":"https:\/\/secure.gravatar.com\/avatar\/ac5001d2a36cb6c6cd3e50789007ffca834b477b74a2144564522e944eabff61?s=96&d=mm&r=g","url":"https:\/\/secure.gravatar.com\/avatar\/ac5001d2a36cb6c6cd3e50789007ffca834b477b74a2144564522e944eabff61?s=96&d=mm&r=g","contentUrl":"https:\/\/secure.gravatar.com\/avatar\/ac5001d2a36cb6c6cd3e50789007ffca834b477b74a2144564522e944eabff61?s=96&d=mm&r=g","caption":"thomas.berner"},"url":"https:\/\/www.organisator.ch\/it\/author\/thomas-berner\/"}]}},"_links":{"self":[{"href":"https:\/\/www.organisator.ch\/it\/wp-json\/wp\/v2\/posts\/4767","targetHints":{"allow":["GET"]}}],"collection":[{"href":"https:\/\/www.organisator.ch\/it\/wp-json\/wp\/v2\/posts"}],"about":[{"href":"https:\/\/www.organisator.ch\/it\/wp-json\/wp\/v2\/types\/post"}],"author":[{"embeddable":true,"href":"https:\/\/www.organisator.ch\/it\/wp-json\/wp\/v2\/users\/4"}],"replies":[{"embeddable":true,"href":"https:\/\/www.organisator.ch\/it\/wp-json\/wp\/v2\/comments?post=4767"}],"version-history":[{"count":0,"href":"https:\/\/www.organisator.ch\/it\/wp-json\/wp\/v2\/posts\/4767\/revisions"}],"wp:featuredmedia":[{"embeddable":true,"href":"https:\/\/www.organisator.ch\/it\/wp-json\/wp\/v2\/media\/4768"}],"wp:attachment":[{"href":"https:\/\/www.organisator.ch\/it\/wp-json\/wp\/v2\/media?parent=4767"}],"wp:term":[{"taxonomy":"category","embeddable":true,"href":"https:\/\/www.organisator.ch\/it\/wp-json\/wp\/v2\/categories?post=4767"},{"taxonomy":"post_tag","embeddable":true,"href":"https:\/\/www.organisator.ch\/it\/wp-json\/wp\/v2\/tags?post=4767"}],"curies":[{"name":"wp","href":"https:\/\/api.w.org\/{rel}","templated":true}]}}