{"id":47805,"date":"2026-04-22T00:01:42","date_gmt":"2026-04-21T22:01:42","guid":{"rendered":"https:\/\/www.organisator.ch\/?p=47805"},"modified":"2026-04-20T13:24:15","modified_gmt":"2026-04-20T11:24:15","slug":"das-apple-paradoxon-sicher-gebaut-unsicher-integriert","status":"publish","type":"post","link":"https:\/\/www.organisator.ch\/it\/publireportage\/2026-04-22\/das-apple-paradoxon-sicher-gebaut-unsicher-integriert\/","title":{"rendered":"Il paradosso Apple: costruito in modo sicuro - integrato in modo insicuro"},"content":{"rendered":"<figure id=\"attachment_47806\" aria-describedby=\"caption-attachment-47806\" style=\"width: 680px\" class=\"wp-caption alignnone\"><img loading=\"lazy\" decoding=\"async\" class=\"size-medium wp-image-47806\" src=\"https:\/\/www.organisator.ch\/wp-content\/uploads\/2026\/04\/UMB_AppleParadox_Visual-680x510.jpg\" alt=\"\" width=\"680\" height=\"510\" srcset=\"https:\/\/www.organisator.ch\/wp-content\/uploads\/2026\/04\/UMB_AppleParadox_Visual-680x510.jpg 680w, https:\/\/www.organisator.ch\/wp-content\/uploads\/2026\/04\/UMB_AppleParadox_Visual-768x576.jpg 768w, https:\/\/www.organisator.ch\/wp-content\/uploads\/2026\/04\/UMB_AppleParadox_Visual-16x12.jpg 16w, https:\/\/www.organisator.ch\/wp-content\/uploads\/2026\/04\/UMB_AppleParadox_Visual-375x281.jpg 375w, https:\/\/www.organisator.ch\/wp-content\/uploads\/2026\/04\/UMB_AppleParadox_Visual-467x350.jpg 467w, https:\/\/www.organisator.ch\/wp-content\/uploads\/2026\/04\/UMB_AppleParadox_Visual.jpg 840w\" sizes=\"auto, (max-width: 680px) 100vw, 680px\" \/><figcaption id=\"caption-attachment-47806\" class=\"wp-caption-text\">(Immagine: www.umb.ch)<\/figcaption><\/figure>\n<p>La trappola dell'integrazione nasce da un mix di abitudini storiche, mancanza di competenze e dall'errata convinzione che l'elevata sicurezza iniziale dei prodotti Apple renda superfluo un monitoraggio e un'integrazione centralizzati completi, con conseguenti punti oscuri, mancanza di trasparenza e potenziali vulnerabilit\u00e0. In tempi di phishing, exploit zero-day e rischio crescente di malware per Mac, questo errore di valutazione pu\u00f2 costare caro.<\/p>\n<h3>Sicuri alla scrivania, insicuri online?<\/h3>\n<p>In molte aziende, la situazione iniziale \u00e8 chiara: i client Windows sono adeguatamente inventariati, regolarmente patchati e controllati centralmente, mentre i dispositivi Apple sono spesso trattati come un'eccezione. Dopotutto, offrono funzionalit\u00e0 integrate come la crittografia automatica, il sandboxing delle app, controlli rigorosi sulla protezione dei dati e l'autenticazione biometrica come Face ID o Touch ID. Senza una connessione MDM (Mobile Device Management), tuttavia, manca la necessaria trasparenza sulle versioni operative del sistema operativo, sullo stato delle patch e sul software installato. Ci\u00f2 comporta lacune nella conformit\u00e0, in quanto questi dispositivi spesso non sono completamente inventariati e non soddisfano le linee guida di sicurezza esistenti, come la conformit\u00e0 al Regolamento generale sulla protezione dei dati (GDPR), la revisione della legge federale sulla protezione dei dati (nDSG) e vari standard ISO o requisiti specifici del settore, come l'HIPAA nel settore sanitario.\u00a0<\/p>\n<h3>Eccezioni rischiose e ruoli speciali<\/h3>\n<p>Ai dispositivi Apple vengono spesso assegnati ruoli speciali nelle aziende, ad esempio attraverso rischiose eccezioni all'accesso condizionato o all'accesso a servizi cloud come Microsoft 365, Azure o reti interne. Il pericolo \u00e8 che un singolo dispositivo non integrato possa causare pi\u00f9 danni di una politica di sicurezza mal configurata e diventare l'anello pi\u00f9 debole della catena di sicurezza. Esempio: un dipendente utilizza un Mac o un iPad non gestito per accedere a dati aziendali sensibili. Le app obsolete o gli exploit non rilevati possono diventare una porta d'accesso per il malware e avere conseguenze drammatiche: Esfiltrazione dei dati, furto di credenziali con conseguente presenza di ransomware nella rete, notifiche GDPR e multe. Inoltre, negli ambienti di lavoro ibridi, in cui i dispositivi vengono utilizzati alternativamente a casa e in ufficio, i rischi sono ancora maggiori a causa di reti Wi-Fi non protette o dell'uso di dispositivi privati per l'accesso all'azienda (Bring Your Own Device).<\/p>\n<h3>La gestione \u00e8 apprezzamento: perch\u00e9 il vostro team ne trae vantaggio<\/h3>\n<p>I dispositivi Apple gestiti in modo pulito non sono strumenti di controllo, ma offrono una migliore esperienza agli utenti. Quando un MacBook o un iPad vengono integrati in modo strutturato, gli utenti si sentono benvenuti e membri a pieno titolo del team fin dall'inizio. Una buona cultura di benvenuto significa che il dispositivo \u00e8 pronto all'uso fin dal primo minuto, senza che i membri del team debbano configurare manualmente profili, account e-mail o impostazioni, grazie a processi di iscrizione automatizzati come Apple Business Manager (ABM) con Automated Device Enrolment (ADE, in precedenza: DEP).<\/p>\n<p>Le app gestite e le linee guida di sicurezza standardizzate creano la base per un flusso di lavoro senza intoppi. Tutti gli strumenti utilizzati sono stabili e affidabili. L'accesso alle risorse aziendali funziona senza ostacoli inutili, ad esempio tramite VPN, single sign-on o strumenti di collaborazione integrati come Teams o Slack. Poich\u00e9 gli aggiornamenti e le configurazioni vengono eseguiti in background, il dispositivo rimane sicuro senza che l'utente debba diventare un esperto IT. In breve, un dispositivo ben gestito non solo riduce l'onere per l'IT, ma garantisce anche dipendenti pi\u00f9 produttivi e soddisfatti, riducendo al minimo i tempi di inattivit\u00e0 e creando un ambiente di lavoro moderno che attrae e fidelizza i talenti. Gli studi dimostrano che le organizzazioni con una perfetta integrazione dei dispositivi hanno una maggiore soddisfazione dei dipendenti e tassi di turnover pi\u00f9 bassi. La tecnologia viene percepita come un supporto, non come un ostacolo.\u00a0<\/p>\n<h3>Come risolviamo il paradosso per voi<\/h3>\n<p>Vi aiutiamo a trasformare i dispositivi Apple da eccezione a standard strategico nella vostra organizzazione. Il nostro approccio si basa su tre pilastri che lavorano insieme senza soluzione di continuit\u00e0 per evitare la trappola dell'integrazione e realizzare il pieno potenziale dei dispositivi Apple nel vostro panorama IT.\u00a0<br \/>\nCon il\u00a0<a href=\"https:\/\/www.umb.ch\/fileadmin\/user_upload\/Produkte\/Apple_Readiness_Assessment\/UMB_Factsheet_Apple_Readiness_Assessment_DE.pdf\" target=\"_blank\" rel=\"noopener\"><strong>Valutazione del grado di preparazione di Apple<\/strong><\/a><strong>\u00a0<\/strong>creiamo trasparenza analizzando il vostro ambiente attuale, identificando le lacune di conformit\u00e0 e mostrandovi un'architettura target pulita. Il risultato \u00e8 una base oggettiva per il processo decisionale con chiare raccomandazioni per l'azione, compresa una roadmap per l'integrazione passo dopo passo. Che si tratti della valutazione di strumenti esistenti come Jamf o Intune o dell'identificazione dello shadow IT, copriamo tutti gli aspetti per ridurre al minimo i rischi in una fase iniziale.\u00a0<\/p>\n<h3>Integriamo la vostra flotta Apple in modo sicuro nel vostro panorama IT<\/h3>\n<p><a href=\"https:\/\/www.umb.ch\/fileadmin\/user_upload\/Produkte\/UMB_Device_Management\/UMB_Device_Management_Factsheet_DE.pdf\" target=\"_blank\" rel=\"noopener\"><strong>UMB_Gestione dispositivi<\/strong><\/a>\u00a0integra il vostro parco macchine Apple nel panorama IT esistente. Introducendo o ottimizzando l'MDM, otteniamo lo stesso livello di sicurezza dei vostri client Windows, compresa la gestione del ciclo di vita e delle patch. Questo include aggiornamenti automatici, tracciamento dei dispositivi e deployment zero-touch, in modo che i nuovi dispositivi possano essere forniti senza alcun intervento manuale. In questo modo, colmiamo le lacune e garantiamo che i dispositivi Apple non agiscano in modo isolato, ma come parte integrante della vostra strategia di sicurezza.La gestione dei dispositivi \u00e8 solo met\u00e0 della battaglia.<\/p>\n<p>Con\u00a0<a href=\"https:\/\/www.umb.ch\/fileadmin\/user_upload\/Produkte\/UMB_Application_Packaging\/UMB_Application_Packaging_DE.pdf\" target=\"_blank\" rel=\"noopener\"><strong>UMB_Applicazione Imballaggio<\/strong><\/a>\u00a0garantiamo che le app siano fornite in modo controllato, aggiornato e configurato in modo sicuro. Niente crescita incontrollata, niente soluzioni manuali di emergenza, bens\u00ec distribuzione centralizzata delle app tramite MDM, con particolare attenzione alla compatibilit\u00e0 e alle prestazioni. In questo modo non solo si riducono i rischi per la sicurezza dovuti a software obsoleto, ma si ottimizza anche l'esperienza dell'utente garantendo che gli strumenti necessari siano sempre aggiornati.<\/p>\n<p>&nbsp;<\/p>\n<blockquote>\n<h3>UMB: siamo un partner tecnico premium di Apple<\/h3>\n<p>In qualit\u00e0 di Apple Business Partner, Apple Premium Technical Partner e specialista esperto del Modern Workplace, UMB vi supporta nell'implementazione olistica della vostra strategia Apple in azienda con soluzioni personalizzate per il vostro team IT. La vostra azienda \u00e8 pronta per l'integrazione dei dispositivi Apple? Scopritelo!<\/p>\n<p><a href=\"http:\/\/www.umb.ch\"><em>www.umb.ch<\/em><\/a><\/p>\n<\/blockquote>","protected":false},"excerpt":{"rendered":"<p>Mentre l'ambiente Windows in azienda \u00e8 solitamente gestito in modo coerente, i dispositivi Apple rimangono spesso degli outsider tollerati. Ne consegue il cosiddetto paradosso Apple. Mac, iPhone e iPad sono estremamente sicuri grazie al loro sistema operativo ex works. Tuttavia, questo vantaggio va perso se un'integrazione incompleta rallenta l'uso efficiente di questi dispositivi e, nel peggiore dei casi, li trasforma addirittura in un rischio per la sicurezza.<\/p>","protected":false},"author":4,"featured_media":47806,"comment_status":"closed","ping_status":"closed","sticky":false,"template":"","format":"standard","meta":{"_acf_changed":false,"_yoast_wpseo_focuskw":"Apple-Paradoxon","_yoast_wpseo_metadesc":"Das Apple-Paradoxon: Mac, iPhone und iPad gelten als ausgesprochen sicher. L\u00fcckenhafte Integration l\u00e4sst diesen Vorteil aber verpuffen.","articlekey":"","footnotes":""},"categories":[5330],"tags":[156,260,286],"class_list":["post-47805","post","type-post","status-publish","format-standard","has-post-thumbnail","hentry","category-publireportage","tag-digitalisierung","tag-ict-sicherheit","tag-it"],"acf":[],"yoast_head":"<!-- This site is optimized with the Yoast SEO plugin v27.4 - https:\/\/yoast.com\/product\/yoast-seo-wordpress\/ -->\n<title>Das Apple-Paradoxon: Sicher gebaut \u2013 unsicher integriert - Organisator<\/title>\n<meta name=\"description\" content=\"Das Apple-Paradoxon: Mac, iPhone und iPad gelten als ausgesprochen sicher. L\u00fcckenhafte Integration l\u00e4sst diesen Vorteil aber verpuffen.\" \/>\n<meta name=\"robots\" content=\"index, follow, max-snippet:-1, max-image-preview:large, max-video-preview:-1\" \/>\n<link rel=\"canonical\" href=\"https:\/\/www.organisator.ch\/it\/rapporto-pubblico\/2026-04-22\/das-apple-paradoxon-sicher-gebaut-unsicher-integriert\/\" \/>\n<meta property=\"og:locale\" content=\"it_IT\" \/>\n<meta property=\"og:type\" content=\"article\" \/>\n<meta property=\"og:title\" content=\"Das Apple-Paradoxon: Sicher gebaut \u2013 unsicher integriert - Organisator\" \/>\n<meta property=\"og:description\" content=\"Das Apple-Paradoxon: Mac, iPhone und iPad gelten als ausgesprochen sicher. L\u00fcckenhafte Integration l\u00e4sst diesen Vorteil aber verpuffen.\" \/>\n<meta property=\"og:url\" content=\"https:\/\/www.organisator.ch\/it\/rapporto-pubblico\/2026-04-22\/das-apple-paradoxon-sicher-gebaut-unsicher-integriert\/\" \/>\n<meta property=\"og:site_name\" content=\"Organisator\" \/>\n<meta property=\"article:publisher\" content=\"https:\/\/www.facebook.com\/OrganisatorFachmagazin\" \/>\n<meta property=\"article:published_time\" content=\"2026-04-21T22:01:42+00:00\" \/>\n<meta property=\"og:image\" content=\"https:\/\/www.organisator.ch\/wp-content\/uploads\/2026\/04\/UMB_AppleParadox_Visual.jpg\" \/>\n\t<meta property=\"og:image:width\" content=\"840\" \/>\n\t<meta property=\"og:image:height\" content=\"630\" \/>\n\t<meta property=\"og:image:type\" content=\"image\/jpeg\" \/>\n<meta name=\"author\" content=\"thomas.berner\" \/>\n<meta name=\"twitter:card\" content=\"summary_large_image\" \/>\n<script type=\"application\/ld+json\" class=\"yoast-schema-graph\">{\"@context\":\"https:\\\/\\\/schema.org\",\"@graph\":[{\"@type\":\"Article\",\"@id\":\"https:\\\/\\\/www.organisator.ch\\\/publireportage\\\/2026-04-22\\\/das-apple-paradoxon-sicher-gebaut-unsicher-integriert\\\/#article\",\"isPartOf\":{\"@id\":\"https:\\\/\\\/www.organisator.ch\\\/publireportage\\\/2026-04-22\\\/das-apple-paradoxon-sicher-gebaut-unsicher-integriert\\\/\"},\"author\":{\"name\":\"thomas.berner\",\"@id\":\"https:\\\/\\\/www.organisator.ch\\\/#\\\/schema\\\/person\\\/6f650f90b2842cd4c0cc334b4e36f67e\"},\"headline\":\"Das Apple-Paradoxon: Sicher gebaut \u2013 unsicher integriert\",\"datePublished\":\"2026-04-21T22:01:42+00:00\",\"mainEntityOfPage\":{\"@id\":\"https:\\\/\\\/www.organisator.ch\\\/publireportage\\\/2026-04-22\\\/das-apple-paradoxon-sicher-gebaut-unsicher-integriert\\\/\"},\"wordCount\":876,\"publisher\":{\"@id\":\"https:\\\/\\\/www.organisator.ch\\\/#organization\"},\"image\":{\"@id\":\"https:\\\/\\\/www.organisator.ch\\\/publireportage\\\/2026-04-22\\\/das-apple-paradoxon-sicher-gebaut-unsicher-integriert\\\/#primaryimage\"},\"thumbnailUrl\":\"https:\\\/\\\/www.organisator.ch\\\/wp-content\\\/uploads\\\/2026\\\/04\\\/UMB_AppleParadox_Visual.jpg\",\"keywords\":[\"Digitalisierung\",\"ICT-Sicherheit\",\"IT\"],\"articleSection\":[\"PUBLIREPORTAGE\"],\"inLanguage\":\"it-IT\"},{\"@type\":\"WebPage\",\"@id\":\"https:\\\/\\\/www.organisator.ch\\\/publireportage\\\/2026-04-22\\\/das-apple-paradoxon-sicher-gebaut-unsicher-integriert\\\/\",\"url\":\"https:\\\/\\\/www.organisator.ch\\\/publireportage\\\/2026-04-22\\\/das-apple-paradoxon-sicher-gebaut-unsicher-integriert\\\/\",\"name\":\"Das Apple-Paradoxon: Sicher gebaut \u2013 unsicher integriert - Organisator\",\"isPartOf\":{\"@id\":\"https:\\\/\\\/www.organisator.ch\\\/#website\"},\"primaryImageOfPage\":{\"@id\":\"https:\\\/\\\/www.organisator.ch\\\/publireportage\\\/2026-04-22\\\/das-apple-paradoxon-sicher-gebaut-unsicher-integriert\\\/#primaryimage\"},\"image\":{\"@id\":\"https:\\\/\\\/www.organisator.ch\\\/publireportage\\\/2026-04-22\\\/das-apple-paradoxon-sicher-gebaut-unsicher-integriert\\\/#primaryimage\"},\"thumbnailUrl\":\"https:\\\/\\\/www.organisator.ch\\\/wp-content\\\/uploads\\\/2026\\\/04\\\/UMB_AppleParadox_Visual.jpg\",\"datePublished\":\"2026-04-21T22:01:42+00:00\",\"description\":\"Das Apple-Paradoxon: Mac, iPhone und iPad gelten als ausgesprochen sicher. L\u00fcckenhafte Integration l\u00e4sst diesen Vorteil aber verpuffen.\",\"breadcrumb\":{\"@id\":\"https:\\\/\\\/www.organisator.ch\\\/publireportage\\\/2026-04-22\\\/das-apple-paradoxon-sicher-gebaut-unsicher-integriert\\\/#breadcrumb\"},\"inLanguage\":\"it-IT\",\"potentialAction\":[{\"@type\":\"ReadAction\",\"target\":[\"https:\\\/\\\/www.organisator.ch\\\/publireportage\\\/2026-04-22\\\/das-apple-paradoxon-sicher-gebaut-unsicher-integriert\\\/\"]}]},{\"@type\":\"ImageObject\",\"inLanguage\":\"it-IT\",\"@id\":\"https:\\\/\\\/www.organisator.ch\\\/publireportage\\\/2026-04-22\\\/das-apple-paradoxon-sicher-gebaut-unsicher-integriert\\\/#primaryimage\",\"url\":\"https:\\\/\\\/www.organisator.ch\\\/wp-content\\\/uploads\\\/2026\\\/04\\\/UMB_AppleParadox_Visual.jpg\",\"contentUrl\":\"https:\\\/\\\/www.organisator.ch\\\/wp-content\\\/uploads\\\/2026\\\/04\\\/UMB_AppleParadox_Visual.jpg\",\"width\":840,\"height\":630,\"caption\":\"(Bild: www.umb.ch)\"},{\"@type\":\"BreadcrumbList\",\"@id\":\"https:\\\/\\\/www.organisator.ch\\\/publireportage\\\/2026-04-22\\\/das-apple-paradoxon-sicher-gebaut-unsicher-integriert\\\/#breadcrumb\",\"itemListElement\":[{\"@type\":\"ListItem\",\"position\":1,\"name\":\"Home\",\"item\":\"https:\\\/\\\/www.organisator.ch\\\/\"},{\"@type\":\"ListItem\",\"position\":2,\"name\":\"Das Apple-Paradoxon: Sicher gebaut \u2013 unsicher integriert\"}]},{\"@type\":\"WebSite\",\"@id\":\"https:\\\/\\\/www.organisator.ch\\\/#website\",\"url\":\"https:\\\/\\\/www.organisator.ch\\\/\",\"name\":\"Organisator\",\"description\":\"Kompetent. Praxisnah. Der ORGANISATOR bereitet in 10 Ausgaben pro Jahr die wesentlichen Themen f\u00fcr F\u00fchrungskr\u00e4fte von KMU auf.\",\"publisher\":{\"@id\":\"https:\\\/\\\/www.organisator.ch\\\/#organization\"},\"potentialAction\":[{\"@type\":\"SearchAction\",\"target\":{\"@type\":\"EntryPoint\",\"urlTemplate\":\"https:\\\/\\\/www.organisator.ch\\\/?s={search_term_string}\"},\"query-input\":{\"@type\":\"PropertyValueSpecification\",\"valueRequired\":true,\"valueName\":\"search_term_string\"}}],\"inLanguage\":\"it-IT\"},{\"@type\":\"Organization\",\"@id\":\"https:\\\/\\\/www.organisator.ch\\\/#organization\",\"name\":\"Organisator\",\"url\":\"https:\\\/\\\/www.organisator.ch\\\/\",\"logo\":{\"@type\":\"ImageObject\",\"inLanguage\":\"it-IT\",\"@id\":\"https:\\\/\\\/www.organisator.ch\\\/#\\\/schema\\\/logo\\\/image\\\/\",\"url\":\"https:\\\/\\\/www.organisator.ch\\\/wp-content\\\/uploads\\\/2022\\\/01\\\/Logo_Organisator_Website.png\",\"contentUrl\":\"https:\\\/\\\/www.organisator.ch\\\/wp-content\\\/uploads\\\/2022\\\/01\\\/Logo_Organisator_Website.png\",\"width\":800,\"height\":77,\"caption\":\"Organisator\"},\"image\":{\"@id\":\"https:\\\/\\\/www.organisator.ch\\\/#\\\/schema\\\/logo\\\/image\\\/\"},\"sameAs\":[\"https:\\\/\\\/www.facebook.com\\\/OrganisatorFachmagazin\",\"https:\\\/\\\/www.linkedin.com\\\/showcase\\\/organisator-das-magazin-fr-kmu\",\"https:\\\/\\\/www.xing.com\\\/news\\\/pages\\\/organisator-ch-695\",\"https:\\\/\\\/www.youtube.com\\\/channel\\\/UCGP2Sq0iWaZwT3BdIAQFYpw\"]},{\"@type\":\"Person\",\"@id\":\"https:\\\/\\\/www.organisator.ch\\\/#\\\/schema\\\/person\\\/6f650f90b2842cd4c0cc334b4e36f67e\",\"name\":\"thomas.berner\",\"image\":{\"@type\":\"ImageObject\",\"inLanguage\":\"it-IT\",\"@id\":\"https:\\\/\\\/secure.gravatar.com\\\/avatar\\\/ac5001d2a36cb6c6cd3e50789007ffca834b477b74a2144564522e944eabff61?s=96&d=mm&r=g\",\"url\":\"https:\\\/\\\/secure.gravatar.com\\\/avatar\\\/ac5001d2a36cb6c6cd3e50789007ffca834b477b74a2144564522e944eabff61?s=96&d=mm&r=g\",\"contentUrl\":\"https:\\\/\\\/secure.gravatar.com\\\/avatar\\\/ac5001d2a36cb6c6cd3e50789007ffca834b477b74a2144564522e944eabff61?s=96&d=mm&r=g\",\"caption\":\"thomas.berner\"},\"url\":\"https:\\\/\\\/www.organisator.ch\\\/it\\\/author\\\/thomas-berner\\\/\"}]}<\/script>\n<!-- \/ Yoast SEO plugin. -->","yoast_head_json":{"title":"Il paradosso Apple: costruito in modo sicuro - integrato in modo insicuro - Organizzatore","description":"Il paradosso Apple: Mac, iPhone e iPad sono considerati estremamente sicuri. Tuttavia, questo vantaggio \u00e8 annullato da un'integrazione lacunosa.","robots":{"index":"index","follow":"follow","max-snippet":"max-snippet:-1","max-image-preview":"max-image-preview:large","max-video-preview":"max-video-preview:-1"},"canonical":"https:\/\/www.organisator.ch\/it\/rapporto-pubblico\/2026-04-22\/das-apple-paradoxon-sicher-gebaut-unsicher-integriert\/","og_locale":"it_IT","og_type":"article","og_title":"Das Apple-Paradoxon: Sicher gebaut \u2013 unsicher integriert - Organisator","og_description":"Das Apple-Paradoxon: Mac, iPhone und iPad gelten als ausgesprochen sicher. L\u00fcckenhafte Integration l\u00e4sst diesen Vorteil aber verpuffen.","og_url":"https:\/\/www.organisator.ch\/it\/rapporto-pubblico\/2026-04-22\/das-apple-paradoxon-sicher-gebaut-unsicher-integriert\/","og_site_name":"Organisator","article_publisher":"https:\/\/www.facebook.com\/OrganisatorFachmagazin","article_published_time":"2026-04-21T22:01:42+00:00","og_image":[{"width":840,"height":630,"url":"https:\/\/www.organisator.ch\/wp-content\/uploads\/2026\/04\/UMB_AppleParadox_Visual.jpg","type":"image\/jpeg"}],"author":"thomas.berner","twitter_card":"summary_large_image","schema":{"@context":"https:\/\/schema.org","@graph":[{"@type":"Article","@id":"https:\/\/www.organisator.ch\/publireportage\/2026-04-22\/das-apple-paradoxon-sicher-gebaut-unsicher-integriert\/#article","isPartOf":{"@id":"https:\/\/www.organisator.ch\/publireportage\/2026-04-22\/das-apple-paradoxon-sicher-gebaut-unsicher-integriert\/"},"author":{"name":"thomas.berner","@id":"https:\/\/www.organisator.ch\/#\/schema\/person\/6f650f90b2842cd4c0cc334b4e36f67e"},"headline":"Das Apple-Paradoxon: Sicher gebaut \u2013 unsicher integriert","datePublished":"2026-04-21T22:01:42+00:00","mainEntityOfPage":{"@id":"https:\/\/www.organisator.ch\/publireportage\/2026-04-22\/das-apple-paradoxon-sicher-gebaut-unsicher-integriert\/"},"wordCount":876,"publisher":{"@id":"https:\/\/www.organisator.ch\/#organization"},"image":{"@id":"https:\/\/www.organisator.ch\/publireportage\/2026-04-22\/das-apple-paradoxon-sicher-gebaut-unsicher-integriert\/#primaryimage"},"thumbnailUrl":"https:\/\/www.organisator.ch\/wp-content\/uploads\/2026\/04\/UMB_AppleParadox_Visual.jpg","keywords":["Digitalisierung","ICT-Sicherheit","IT"],"articleSection":["PUBLIREPORTAGE"],"inLanguage":"it-IT"},{"@type":"WebPage","@id":"https:\/\/www.organisator.ch\/publireportage\/2026-04-22\/das-apple-paradoxon-sicher-gebaut-unsicher-integriert\/","url":"https:\/\/www.organisator.ch\/publireportage\/2026-04-22\/das-apple-paradoxon-sicher-gebaut-unsicher-integriert\/","name":"Il paradosso Apple: costruito in modo sicuro - integrato in modo insicuro - Organizzatore","isPartOf":{"@id":"https:\/\/www.organisator.ch\/#website"},"primaryImageOfPage":{"@id":"https:\/\/www.organisator.ch\/publireportage\/2026-04-22\/das-apple-paradoxon-sicher-gebaut-unsicher-integriert\/#primaryimage"},"image":{"@id":"https:\/\/www.organisator.ch\/publireportage\/2026-04-22\/das-apple-paradoxon-sicher-gebaut-unsicher-integriert\/#primaryimage"},"thumbnailUrl":"https:\/\/www.organisator.ch\/wp-content\/uploads\/2026\/04\/UMB_AppleParadox_Visual.jpg","datePublished":"2026-04-21T22:01:42+00:00","description":"Il paradosso Apple: Mac, iPhone e iPad sono considerati estremamente sicuri. Tuttavia, questo vantaggio \u00e8 annullato da un'integrazione lacunosa.","breadcrumb":{"@id":"https:\/\/www.organisator.ch\/publireportage\/2026-04-22\/das-apple-paradoxon-sicher-gebaut-unsicher-integriert\/#breadcrumb"},"inLanguage":"it-IT","potentialAction":[{"@type":"ReadAction","target":["https:\/\/www.organisator.ch\/publireportage\/2026-04-22\/das-apple-paradoxon-sicher-gebaut-unsicher-integriert\/"]}]},{"@type":"ImageObject","inLanguage":"it-IT","@id":"https:\/\/www.organisator.ch\/publireportage\/2026-04-22\/das-apple-paradoxon-sicher-gebaut-unsicher-integriert\/#primaryimage","url":"https:\/\/www.organisator.ch\/wp-content\/uploads\/2026\/04\/UMB_AppleParadox_Visual.jpg","contentUrl":"https:\/\/www.organisator.ch\/wp-content\/uploads\/2026\/04\/UMB_AppleParadox_Visual.jpg","width":840,"height":630,"caption":"(Bild: www.umb.ch)"},{"@type":"BreadcrumbList","@id":"https:\/\/www.organisator.ch\/publireportage\/2026-04-22\/das-apple-paradoxon-sicher-gebaut-unsicher-integriert\/#breadcrumb","itemListElement":[{"@type":"ListItem","position":1,"name":"Home","item":"https:\/\/www.organisator.ch\/"},{"@type":"ListItem","position":2,"name":"Das Apple-Paradoxon: Sicher gebaut \u2013 unsicher integriert"}]},{"@type":"WebSite","@id":"https:\/\/www.organisator.ch\/#website","url":"https:\/\/www.organisator.ch\/","name":"Organizzatore","description":"Competente. Pratico. In 10 numeri all'anno, ORGANISATOR presenta i temi essenziali per i manager delle PMI.","publisher":{"@id":"https:\/\/www.organisator.ch\/#organization"},"potentialAction":[{"@type":"SearchAction","target":{"@type":"EntryPoint","urlTemplate":"https:\/\/www.organisator.ch\/?s={search_term_string}"},"query-input":{"@type":"PropertyValueSpecification","valueRequired":true,"valueName":"search_term_string"}}],"inLanguage":"it-IT"},{"@type":"Organization","@id":"https:\/\/www.organisator.ch\/#organization","name":"Organizzatore","url":"https:\/\/www.organisator.ch\/","logo":{"@type":"ImageObject","inLanguage":"it-IT","@id":"https:\/\/www.organisator.ch\/#\/schema\/logo\/image\/","url":"https:\/\/www.organisator.ch\/wp-content\/uploads\/2022\/01\/Logo_Organisator_Website.png","contentUrl":"https:\/\/www.organisator.ch\/wp-content\/uploads\/2022\/01\/Logo_Organisator_Website.png","width":800,"height":77,"caption":"Organisator"},"image":{"@id":"https:\/\/www.organisator.ch\/#\/schema\/logo\/image\/"},"sameAs":["https:\/\/www.facebook.com\/OrganisatorFachmagazin","https:\/\/www.linkedin.com\/showcase\/organisator-das-magazin-fr-kmu","https:\/\/www.xing.com\/news\/pages\/organisator-ch-695","https:\/\/www.youtube.com\/channel\/UCGP2Sq0iWaZwT3BdIAQFYpw"]},{"@type":"Person","@id":"https:\/\/www.organisator.ch\/#\/schema\/person\/6f650f90b2842cd4c0cc334b4e36f67e","name":"Tommaso.berner","image":{"@type":"ImageObject","inLanguage":"it-IT","@id":"https:\/\/secure.gravatar.com\/avatar\/ac5001d2a36cb6c6cd3e50789007ffca834b477b74a2144564522e944eabff61?s=96&d=mm&r=g","url":"https:\/\/secure.gravatar.com\/avatar\/ac5001d2a36cb6c6cd3e50789007ffca834b477b74a2144564522e944eabff61?s=96&d=mm&r=g","contentUrl":"https:\/\/secure.gravatar.com\/avatar\/ac5001d2a36cb6c6cd3e50789007ffca834b477b74a2144564522e944eabff61?s=96&d=mm&r=g","caption":"thomas.berner"},"url":"https:\/\/www.organisator.ch\/it\/author\/thomas-berner\/"}]}},"_links":{"self":[{"href":"https:\/\/www.organisator.ch\/it\/wp-json\/wp\/v2\/posts\/47805","targetHints":{"allow":["GET"]}}],"collection":[{"href":"https:\/\/www.organisator.ch\/it\/wp-json\/wp\/v2\/posts"}],"about":[{"href":"https:\/\/www.organisator.ch\/it\/wp-json\/wp\/v2\/types\/post"}],"author":[{"embeddable":true,"href":"https:\/\/www.organisator.ch\/it\/wp-json\/wp\/v2\/users\/4"}],"replies":[{"embeddable":true,"href":"https:\/\/www.organisator.ch\/it\/wp-json\/wp\/v2\/comments?post=47805"}],"version-history":[{"count":3,"href":"https:\/\/www.organisator.ch\/it\/wp-json\/wp\/v2\/posts\/47805\/revisions"}],"predecessor-version":[{"id":47929,"href":"https:\/\/www.organisator.ch\/it\/wp-json\/wp\/v2\/posts\/47805\/revisions\/47929"}],"wp:featuredmedia":[{"embeddable":true,"href":"https:\/\/www.organisator.ch\/it\/wp-json\/wp\/v2\/media\/47806"}],"wp:attachment":[{"href":"https:\/\/www.organisator.ch\/it\/wp-json\/wp\/v2\/media?parent=47805"}],"wp:term":[{"taxonomy":"category","embeddable":true,"href":"https:\/\/www.organisator.ch\/it\/wp-json\/wp\/v2\/categories?post=47805"},{"taxonomy":"post_tag","embeddable":true,"href":"https:\/\/www.organisator.ch\/it\/wp-json\/wp\/v2\/tags?post=47805"}],"curies":[{"name":"wp","href":"https:\/\/api.w.org\/{rel}","templated":true}]}}