{"id":4783,"date":"2019-01-25T09:35:26","date_gmt":"2019-01-25T08:35:26","guid":{"rendered":"https:\/\/www.organisator.ch\/?p=4783"},"modified":"2019-01-25T09:35:26","modified_gmt":"2019-01-25T08:35:26","slug":"stellenmeldepflicht-jedes-vierte-unternehmen-eingeschraenkt","status":"publish","type":"post","link":"https:\/\/www.organisator.ch\/it\/human-resources\/hrm\/2019-01-25\/stellenmeldepflicht-jedes-vierte-unternehmen-eingeschraenkt\/","title":{"rendered":"Notifica obbligatoria di lavoro: una societ\u00e0 su quattro limitata"},"content":{"rendered":"<figure id=\"attachment_4784\" aria-describedby=\"caption-attachment-4784\" style=\"width: 680px\" class=\"wp-caption alignnone\"><img loading=\"lazy\" decoding=\"async\" class=\"size-medium wp-image-4784\" src=\"https:\/\/www.organisator.ch\/wp-content\/uploads\/2019\/01\/Stellenmeldepflicht-Jedes-vierte-Unternehmen-eingeschraenkt_Organisator.jpg\" alt=\"\" width=\"680\" height=\"450\" srcset=\"https:\/\/www.organisator.ch\/wp-content\/uploads\/2019\/01\/Stellenmeldepflicht-Jedes-vierte-Unternehmen-eingeschraenkt_Organisator.jpg 680w, https:\/\/www.organisator.ch\/wp-content\/uploads\/2019\/01\/Stellenmeldepflicht-Jedes-vierte-Unternehmen-eingeschraenkt_Organisator-16x12.jpg 16w, https:\/\/www.organisator.ch\/wp-content\/uploads\/2019\/01\/Stellenmeldepflicht-Jedes-vierte-Unternehmen-eingeschraenkt_Organisator-264x175.jpg 264w, https:\/\/www.organisator.ch\/wp-content\/uploads\/2019\/01\/Stellenmeldepflicht-Jedes-vierte-Unternehmen-eingeschraenkt_Organisator-529x350.jpg 529w, https:\/\/www.organisator.ch\/wp-content\/uploads\/2019\/01\/Stellenmeldepflicht-Jedes-vierte-Unternehmen-eingeschraenkt_Organisator-300x199.jpg 300w\" sizes=\"auto, (max-width: 680px) 100vw, 680px\" \/><figcaption id=\"caption-attachment-4784\" class=\"wp-caption-text\">Notifica obbligatoria del lavoro: sebbene la procedura di notifica sia considerata semplice, la qualit\u00e0 dei dossier lascia molto a desiderare. (Immagine: Fotolia.com)<\/figcaption><\/figure>\n<p>A mezzo anno dall'introduzione della notifica obbligatoria di assunzione, un'azienda su quattro si vede limitata nelle assunzioni. Questo \u00e8 il risultato di un sondaggio condotto su 650 direttori generali e responsabili delle risorse umane dall'istituto di ricerca sociale e di mercato gfs-z\u00fcrich per conto di swissstaffing e dell'Associazione svizzera di categoria. La percentuale di aziende che si sentono fortemente colpite dalle restrizioni e dagli oneri amministrativi aggiuntivi \u00e8 ancora pi\u00f9 alta, pari al 39%. Il motivo: per ogni posto vacante \u00e8 necessario verificare l'obbligo di denuncia e, se necessario, effettuare una denuncia.<\/p>\n<h2>La segnalazione obbligatoria rallenta il reclutamento<\/h2>\n<p>\"Molte aziende dipendono dal personale con breve preavviso in caso di picchi di ordini e di eventi imprevisti come incidenti e malattie. Per poter occupare rapidamente i posti vacanti, il periodo di preavviso di cinque giorni \u00e8 troppo lungo. Molte aziende clienti delle societ\u00e0 di fornitura di personale temporaneo hanno bisogno dei dipendenti che cercano entro 24 ore\", afferma Leif Agn\u00e9us, presidente di swissstaffing e direttore generale di Manpower Svizzera, spiegando l'alta percentuale di aziende ristrette. Il risultato: ritardi, qualit\u00e0 inferiore, straordinari per il personale esistente, ordini persi.<\/p>\n<h2>Processo di rendicontazione riuscito, proposte di candidati carenti<\/h2>\n<p>L'attenzione della Confederazione e dei Cantoni per una procedura di notifica favorevole alle imprese ha dato i suoi frutti. L'80% delle aziende intervistate ritiene semplice la valutazione della subordinazione e la procedura di notifica. C'\u00e8 molto da recuperare per quanto riguarda le proposte dei candidati del RAV. Solo il 31% delle aziende intervistate li ha giudicati buoni. Alla luce di queste cifre, il direttore dell'Associazione svizzera di categoria, Hans-Ulrich Bigler, commenta: \"Finch\u00e9 la qualit\u00e0 dei dossier dell'URC non migliorer\u00e0, l'estensione dell'obbligo di registrazione alle professioni con un tasso di disoccupazione superiore al 5% non ha senso, ma comporta solo un ulteriore onere amministrativo per le PMI.<\/p>\n<h2>L'obbligo di notifica dei posti di lavoro riguarda in particolare la Svizzera francese<\/h2>\n<p>L'analisi del sondaggio per cantone mostra: L'obbligo di notifica dei posti di lavoro colpisce in modo particolare la Svizzera francese. Nel Cantone di Ginevra e nel Cantone di Vaud, rispettivamente il 72 e il 60% delle aziende dichiara di essere gravemente colpito dall'obbligo di notifica dei posti di lavoro. Inoltre, il 44% delle aziende del Cantone di Ginevra si sente fortemente limitato nelle assunzioni. \"Nel cantone di Ginevra ci sono pi\u00f9 posti di lavoro che abitanti in et\u00e0 lavorativa. Le opzioni di assunzione non complicate sono quindi particolarmente importanti\", spiega Marius Osterfeld, economista di swissstaffing. Alla luce della carenza di lavoratori qualificati e della concorrenza internazionale, l'obiettivo dovrebbe essere quello di creare un mercato del lavoro pi\u00f9 trasparente, pur preservando il mercato del lavoro liberale. Per i leader politici di Berna, i risultati del sondaggio sono un campanello d'allarme, poich\u00e9 \u00e8 prevedibile un ulteriore aumento dell'onere per l'economia a causa dell'estensione dell'obbligo di notifica dei posti di lavoro nel 2020 e dell'introduzione di controlli.<\/p>\n<p><em>Fonte: <a href=\"http:\/\/www.swissstaffing.ch\">Swissstaffing<\/a><\/em><\/p>","protected":false},"excerpt":{"rendered":"<p>Ein halbes Jahr nach der Einf\u00fchrung der Stellenmeldepflicht sieht sich jedes vierte Unternehmen in der Rekrutierung eingeschr\u00e4nkt. Dies zeigt eine Befragung unter 650 Gesch\u00e4ftsf\u00fchrenden und Personalverantwortlichen, die das Markt- und Sozialforschungsinstitut gfs-z\u00fcrich f\u00fcr swissstaffing und den Schweizerischen Gewerbeverband durchgef\u00fchrt hat. Der Anteil der Unternehmen, die sich durch Einschr\u00e4nkungen und administrative Mehrbelastung stark betroffen f\u00fchlen, liegt [&hellip;]<\/p>\n","protected":false},"author":4,"featured_media":4784,"comment_status":"open","ping_status":"open","sticky":false,"template":"","format":"standard","meta":{"_acf_changed":false,"_yoast_wpseo_focuskw":"Stellenmeldepflicht","_yoast_wpseo_metadesc":"Eine neue Studie zeigt, dass als Folge der Stellenmeldepflicht ein Viertel der Unternehmen starke Einschr\u00e4nkungen bei der Rekrutierung sieht.","articlekey":"","footnotes":""},"categories":[26],"tags":[47,254,407,459],"class_list":["post-4783","post","type-post","status-publish","format-standard","has-post-thumbnail","hentry","category-hrm","tag-arbeitsmarkt","tag-hrm","tag-recruiting","tag-studie"],"acf":[],"yoast_head":"<!-- This site is optimized with the Yoast SEO plugin v27.4 - https:\/\/yoast.com\/product\/yoast-seo-wordpress\/ -->\n<title>Stellenmeldepflicht: Jedes vierte Unternehmen eingeschr\u00e4nkt - Organisator<\/title>\n<meta name=\"description\" content=\"Eine neue Studie zeigt, dass als Folge der Stellenmeldepflicht ein Viertel der Unternehmen starke Einschr\u00e4nkungen bei der Rekrutierung sieht.\" \/>\n<meta name=\"robots\" content=\"index, follow, max-snippet:-1, max-image-preview:large, max-video-preview:-1\" \/>\n<link rel=\"canonical\" href=\"https:\/\/www.organisator.ch\/it\/risorse-umane\/hrm\/2019-01-25\/stellenmeldepflicht-jedes-vierte-unternehmen-eingeschraenkt\/\" \/>\n<meta property=\"og:locale\" content=\"it_IT\" \/>\n<meta property=\"og:type\" content=\"article\" \/>\n<meta property=\"og:title\" content=\"Stellenmeldepflicht: Jedes vierte Unternehmen eingeschr\u00e4nkt\" \/>\n<meta property=\"og:description\" content=\"Eine neue Studie zeigt, dass als Folge der Stellenmeldepflicht ein Viertel der Unternehmen starke Einschr\u00e4nkungen bei der Rekrutierung sieht.\" \/>\n<meta property=\"og:url\" content=\"https:\/\/www.organisator.ch\/it\/risorse-umane\/hrm\/2019-01-25\/stellenmeldepflicht-jedes-vierte-unternehmen-eingeschraenkt\/\" \/>\n<meta property=\"og:site_name\" content=\"Organisator\" \/>\n<meta property=\"article:publisher\" content=\"https:\/\/www.facebook.com\/OrganisatorFachmagazin\" \/>\n<meta property=\"article:published_time\" content=\"2019-01-25T08:35:26+00:00\" \/>\n<meta property=\"og:image\" content=\"https:\/\/www.organisator.ch\/wp-content\/uploads\/2019\/01\/Stellenmeldepflicht-Jedes-vierte-Unternehmen-eingeschraenkt_Organisator.jpg\" \/>\n\t<meta property=\"og:image:width\" content=\"680\" \/>\n\t<meta property=\"og:image:height\" content=\"450\" \/>\n\t<meta property=\"og:image:type\" content=\"image\/jpeg\" \/>\n<meta name=\"author\" content=\"thomas.berner\" \/>\n<meta name=\"twitter:card\" content=\"summary_large_image\" \/>\n<meta name=\"twitter:title\" content=\"#Stellenmeldepflicht: Jedes vierte Unternehmen eingeschr\u00e4nkt\" \/>\n<meta name=\"twitter:description\" content=\"Eine neue Studie zeigt, dass als Folge der #Stellenmeldepflicht ein Viertel der Unternehmen starke Einschr\u00e4nkungen bei der Rekrutierung sieht.\" \/>\n<meta name=\"twitter:image\" content=\"https:\/\/www.organisator.ch\/wp-content\/uploads\/2019\/01\/Stellenmeldepflicht-Jedes-vierte-Unternehmen-eingeschr\u00e4nkt_Organisator.jpg\" \/>\n<script type=\"application\/ld+json\" class=\"yoast-schema-graph\">{\"@context\":\"https:\\\/\\\/schema.org\",\"@graph\":[{\"@type\":\"Article\",\"@id\":\"https:\\\/\\\/www.organisator.ch\\\/human-resources\\\/hrm\\\/2019-01-25\\\/stellenmeldepflicht-jedes-vierte-unternehmen-eingeschraenkt\\\/#article\",\"isPartOf\":{\"@id\":\"https:\\\/\\\/www.organisator.ch\\\/human-resources\\\/hrm\\\/2019-01-25\\\/stellenmeldepflicht-jedes-vierte-unternehmen-eingeschraenkt\\\/\"},\"author\":{\"name\":\"thomas.berner\",\"@id\":\"https:\\\/\\\/www.organisator.ch\\\/#\\\/schema\\\/person\\\/6f650f90b2842cd4c0cc334b4e36f67e\"},\"headline\":\"Stellenmeldepflicht: Jedes vierte Unternehmen eingeschr\u00e4nkt\",\"datePublished\":\"2019-01-25T08:35:26+00:00\",\"mainEntityOfPage\":{\"@id\":\"https:\\\/\\\/www.organisator.ch\\\/human-resources\\\/hrm\\\/2019-01-25\\\/stellenmeldepflicht-jedes-vierte-unternehmen-eingeschraenkt\\\/\"},\"wordCount\":446,\"commentCount\":0,\"publisher\":{\"@id\":\"https:\\\/\\\/www.organisator.ch\\\/#organization\"},\"image\":{\"@id\":\"https:\\\/\\\/www.organisator.ch\\\/human-resources\\\/hrm\\\/2019-01-25\\\/stellenmeldepflicht-jedes-vierte-unternehmen-eingeschraenkt\\\/#primaryimage\"},\"thumbnailUrl\":\"https:\\\/\\\/www.organisator.ch\\\/wp-content\\\/uploads\\\/2019\\\/01\\\/Stellenmeldepflicht-Jedes-vierte-Unternehmen-eingeschraenkt_Organisator.jpg\",\"keywords\":[\"Arbeitsmarkt\",\"HRM\",\"Recruiting\",\"Studie\"],\"articleSection\":[\"HRM\"],\"inLanguage\":\"it-IT\"},{\"@type\":\"WebPage\",\"@id\":\"https:\\\/\\\/www.organisator.ch\\\/human-resources\\\/hrm\\\/2019-01-25\\\/stellenmeldepflicht-jedes-vierte-unternehmen-eingeschraenkt\\\/\",\"url\":\"https:\\\/\\\/www.organisator.ch\\\/human-resources\\\/hrm\\\/2019-01-25\\\/stellenmeldepflicht-jedes-vierte-unternehmen-eingeschraenkt\\\/\",\"name\":\"Stellenmeldepflicht: Jedes vierte Unternehmen eingeschr\u00e4nkt - Organisator\",\"isPartOf\":{\"@id\":\"https:\\\/\\\/www.organisator.ch\\\/#website\"},\"primaryImageOfPage\":{\"@id\":\"https:\\\/\\\/www.organisator.ch\\\/human-resources\\\/hrm\\\/2019-01-25\\\/stellenmeldepflicht-jedes-vierte-unternehmen-eingeschraenkt\\\/#primaryimage\"},\"image\":{\"@id\":\"https:\\\/\\\/www.organisator.ch\\\/human-resources\\\/hrm\\\/2019-01-25\\\/stellenmeldepflicht-jedes-vierte-unternehmen-eingeschraenkt\\\/#primaryimage\"},\"thumbnailUrl\":\"https:\\\/\\\/www.organisator.ch\\\/wp-content\\\/uploads\\\/2019\\\/01\\\/Stellenmeldepflicht-Jedes-vierte-Unternehmen-eingeschraenkt_Organisator.jpg\",\"datePublished\":\"2019-01-25T08:35:26+00:00\",\"description\":\"Eine neue Studie zeigt, dass als Folge der Stellenmeldepflicht ein Viertel der Unternehmen starke Einschr\u00e4nkungen bei der Rekrutierung sieht.\",\"breadcrumb\":{\"@id\":\"https:\\\/\\\/www.organisator.ch\\\/human-resources\\\/hrm\\\/2019-01-25\\\/stellenmeldepflicht-jedes-vierte-unternehmen-eingeschraenkt\\\/#breadcrumb\"},\"inLanguage\":\"it-IT\",\"potentialAction\":[{\"@type\":\"ReadAction\",\"target\":[\"https:\\\/\\\/www.organisator.ch\\\/human-resources\\\/hrm\\\/2019-01-25\\\/stellenmeldepflicht-jedes-vierte-unternehmen-eingeschraenkt\\\/\"]}]},{\"@type\":\"ImageObject\",\"inLanguage\":\"it-IT\",\"@id\":\"https:\\\/\\\/www.organisator.ch\\\/human-resources\\\/hrm\\\/2019-01-25\\\/stellenmeldepflicht-jedes-vierte-unternehmen-eingeschraenkt\\\/#primaryimage\",\"url\":\"https:\\\/\\\/www.organisator.ch\\\/wp-content\\\/uploads\\\/2019\\\/01\\\/Stellenmeldepflicht-Jedes-vierte-Unternehmen-eingeschraenkt_Organisator.jpg\",\"contentUrl\":\"https:\\\/\\\/www.organisator.ch\\\/wp-content\\\/uploads\\\/2019\\\/01\\\/Stellenmeldepflicht-Jedes-vierte-Unternehmen-eingeschraenkt_Organisator.jpg\",\"width\":680,\"height\":450,\"caption\":\"Stellenmeldepflicht: Das Meldeverfahren wird zwar als einfach beurteilt, die Qualit\u00e4t der Dossiers l\u00e4sst aber zu w\u00fcnschen \u00fcbrig. (Bild: Fotolia.com)\"},{\"@type\":\"BreadcrumbList\",\"@id\":\"https:\\\/\\\/www.organisator.ch\\\/human-resources\\\/hrm\\\/2019-01-25\\\/stellenmeldepflicht-jedes-vierte-unternehmen-eingeschraenkt\\\/#breadcrumb\",\"itemListElement\":[{\"@type\":\"ListItem\",\"position\":1,\"name\":\"Home\",\"item\":\"https:\\\/\\\/www.organisator.ch\\\/\"},{\"@type\":\"ListItem\",\"position\":2,\"name\":\"Stellenmeldepflicht: Jedes vierte Unternehmen eingeschr\u00e4nkt\"}]},{\"@type\":\"WebSite\",\"@id\":\"https:\\\/\\\/www.organisator.ch\\\/#website\",\"url\":\"https:\\\/\\\/www.organisator.ch\\\/\",\"name\":\"Organisator\",\"description\":\"Kompetent. Praxisnah. Der ORGANISATOR bereitet in 10 Ausgaben pro Jahr die wesentlichen Themen f\u00fcr F\u00fchrungskr\u00e4fte von KMU auf.\",\"publisher\":{\"@id\":\"https:\\\/\\\/www.organisator.ch\\\/#organization\"},\"potentialAction\":[{\"@type\":\"SearchAction\",\"target\":{\"@type\":\"EntryPoint\",\"urlTemplate\":\"https:\\\/\\\/www.organisator.ch\\\/?s={search_term_string}\"},\"query-input\":{\"@type\":\"PropertyValueSpecification\",\"valueRequired\":true,\"valueName\":\"search_term_string\"}}],\"inLanguage\":\"it-IT\"},{\"@type\":\"Organization\",\"@id\":\"https:\\\/\\\/www.organisator.ch\\\/#organization\",\"name\":\"Organisator\",\"url\":\"https:\\\/\\\/www.organisator.ch\\\/\",\"logo\":{\"@type\":\"ImageObject\",\"inLanguage\":\"it-IT\",\"@id\":\"https:\\\/\\\/www.organisator.ch\\\/#\\\/schema\\\/logo\\\/image\\\/\",\"url\":\"https:\\\/\\\/www.organisator.ch\\\/wp-content\\\/uploads\\\/2022\\\/01\\\/Logo_Organisator_Website.png\",\"contentUrl\":\"https:\\\/\\\/www.organisator.ch\\\/wp-content\\\/uploads\\\/2022\\\/01\\\/Logo_Organisator_Website.png\",\"width\":800,\"height\":77,\"caption\":\"Organisator\"},\"image\":{\"@id\":\"https:\\\/\\\/www.organisator.ch\\\/#\\\/schema\\\/logo\\\/image\\\/\"},\"sameAs\":[\"https:\\\/\\\/www.facebook.com\\\/OrganisatorFachmagazin\",\"https:\\\/\\\/www.linkedin.com\\\/showcase\\\/organisator-das-magazin-fr-kmu\",\"https:\\\/\\\/www.xing.com\\\/news\\\/pages\\\/organisator-ch-695\",\"https:\\\/\\\/www.youtube.com\\\/channel\\\/UCGP2Sq0iWaZwT3BdIAQFYpw\"]},{\"@type\":\"Person\",\"@id\":\"https:\\\/\\\/www.organisator.ch\\\/#\\\/schema\\\/person\\\/6f650f90b2842cd4c0cc334b4e36f67e\",\"name\":\"thomas.berner\",\"image\":{\"@type\":\"ImageObject\",\"inLanguage\":\"it-IT\",\"@id\":\"https:\\\/\\\/secure.gravatar.com\\\/avatar\\\/ac5001d2a36cb6c6cd3e50789007ffca834b477b74a2144564522e944eabff61?s=96&d=mm&r=g\",\"url\":\"https:\\\/\\\/secure.gravatar.com\\\/avatar\\\/ac5001d2a36cb6c6cd3e50789007ffca834b477b74a2144564522e944eabff61?s=96&d=mm&r=g\",\"contentUrl\":\"https:\\\/\\\/secure.gravatar.com\\\/avatar\\\/ac5001d2a36cb6c6cd3e50789007ffca834b477b74a2144564522e944eabff61?s=96&d=mm&r=g\",\"caption\":\"thomas.berner\"},\"url\":\"https:\\\/\\\/www.organisator.ch\\\/it\\\/author\\\/thomas-berner\\\/\"}]}<\/script>\n<!-- \/ Yoast SEO plugin. -->","yoast_head_json":{"title":"Obbligo di notifica del lavoro: un'azienda su quattro \u00e8 limitata - Organizzatore","description":"Un nuovo studio dimostra che, a causa dell'obbligo di notifica del lavoro, un quarto delle aziende subisce gravi limitazioni nelle assunzioni.","robots":{"index":"index","follow":"follow","max-snippet":"max-snippet:-1","max-image-preview":"max-image-preview:large","max-video-preview":"max-video-preview:-1"},"canonical":"https:\/\/www.organisator.ch\/it\/risorse-umane\/hrm\/2019-01-25\/stellenmeldepflicht-jedes-vierte-unternehmen-eingeschraenkt\/","og_locale":"it_IT","og_type":"article","og_title":"Stellenmeldepflicht: Jedes vierte Unternehmen eingeschr\u00e4nkt","og_description":"Eine neue Studie zeigt, dass als Folge der Stellenmeldepflicht ein Viertel der Unternehmen starke Einschr\u00e4nkungen bei der Rekrutierung sieht.","og_url":"https:\/\/www.organisator.ch\/it\/risorse-umane\/hrm\/2019-01-25\/stellenmeldepflicht-jedes-vierte-unternehmen-eingeschraenkt\/","og_site_name":"Organisator","article_publisher":"https:\/\/www.facebook.com\/OrganisatorFachmagazin","article_published_time":"2019-01-25T08:35:26+00:00","og_image":[{"width":680,"height":450,"url":"https:\/\/www.organisator.ch\/wp-content\/uploads\/2019\/01\/Stellenmeldepflicht-Jedes-vierte-Unternehmen-eingeschraenkt_Organisator.jpg","type":"image\/jpeg"}],"author":"thomas.berner","twitter_card":"summary_large_image","twitter_title":"#Stellenmeldepflicht: Jedes vierte Unternehmen eingeschr\u00e4nkt","twitter_description":"Eine neue Studie zeigt, dass als Folge der #Stellenmeldepflicht ein Viertel der Unternehmen starke Einschr\u00e4nkungen bei der Rekrutierung sieht.","twitter_image":"https:\/\/www.organisator.ch\/wp-content\/uploads\/2019\/01\/Stellenmeldepflicht-Jedes-vierte-Unternehmen-eingeschr\u00e4nkt_Organisator.jpg","schema":{"@context":"https:\/\/schema.org","@graph":[{"@type":"Article","@id":"https:\/\/www.organisator.ch\/human-resources\/hrm\/2019-01-25\/stellenmeldepflicht-jedes-vierte-unternehmen-eingeschraenkt\/#article","isPartOf":{"@id":"https:\/\/www.organisator.ch\/human-resources\/hrm\/2019-01-25\/stellenmeldepflicht-jedes-vierte-unternehmen-eingeschraenkt\/"},"author":{"name":"thomas.berner","@id":"https:\/\/www.organisator.ch\/#\/schema\/person\/6f650f90b2842cd4c0cc334b4e36f67e"},"headline":"Stellenmeldepflicht: Jedes vierte Unternehmen eingeschr\u00e4nkt","datePublished":"2019-01-25T08:35:26+00:00","mainEntityOfPage":{"@id":"https:\/\/www.organisator.ch\/human-resources\/hrm\/2019-01-25\/stellenmeldepflicht-jedes-vierte-unternehmen-eingeschraenkt\/"},"wordCount":446,"commentCount":0,"publisher":{"@id":"https:\/\/www.organisator.ch\/#organization"},"image":{"@id":"https:\/\/www.organisator.ch\/human-resources\/hrm\/2019-01-25\/stellenmeldepflicht-jedes-vierte-unternehmen-eingeschraenkt\/#primaryimage"},"thumbnailUrl":"https:\/\/www.organisator.ch\/wp-content\/uploads\/2019\/01\/Stellenmeldepflicht-Jedes-vierte-Unternehmen-eingeschraenkt_Organisator.jpg","keywords":["Arbeitsmarkt","HRM","Recruiting","Studie"],"articleSection":["HRM"],"inLanguage":"it-IT"},{"@type":"WebPage","@id":"https:\/\/www.organisator.ch\/human-resources\/hrm\/2019-01-25\/stellenmeldepflicht-jedes-vierte-unternehmen-eingeschraenkt\/","url":"https:\/\/www.organisator.ch\/human-resources\/hrm\/2019-01-25\/stellenmeldepflicht-jedes-vierte-unternehmen-eingeschraenkt\/","name":"Obbligo di notifica del lavoro: un'azienda su quattro \u00e8 limitata - Organizzatore","isPartOf":{"@id":"https:\/\/www.organisator.ch\/#website"},"primaryImageOfPage":{"@id":"https:\/\/www.organisator.ch\/human-resources\/hrm\/2019-01-25\/stellenmeldepflicht-jedes-vierte-unternehmen-eingeschraenkt\/#primaryimage"},"image":{"@id":"https:\/\/www.organisator.ch\/human-resources\/hrm\/2019-01-25\/stellenmeldepflicht-jedes-vierte-unternehmen-eingeschraenkt\/#primaryimage"},"thumbnailUrl":"https:\/\/www.organisator.ch\/wp-content\/uploads\/2019\/01\/Stellenmeldepflicht-Jedes-vierte-Unternehmen-eingeschraenkt_Organisator.jpg","datePublished":"2019-01-25T08:35:26+00:00","description":"Un nuovo studio dimostra che, a causa dell'obbligo di notifica del lavoro, un quarto delle aziende subisce gravi limitazioni nelle assunzioni.","breadcrumb":{"@id":"https:\/\/www.organisator.ch\/human-resources\/hrm\/2019-01-25\/stellenmeldepflicht-jedes-vierte-unternehmen-eingeschraenkt\/#breadcrumb"},"inLanguage":"it-IT","potentialAction":[{"@type":"ReadAction","target":["https:\/\/www.organisator.ch\/human-resources\/hrm\/2019-01-25\/stellenmeldepflicht-jedes-vierte-unternehmen-eingeschraenkt\/"]}]},{"@type":"ImageObject","inLanguage":"it-IT","@id":"https:\/\/www.organisator.ch\/human-resources\/hrm\/2019-01-25\/stellenmeldepflicht-jedes-vierte-unternehmen-eingeschraenkt\/#primaryimage","url":"https:\/\/www.organisator.ch\/wp-content\/uploads\/2019\/01\/Stellenmeldepflicht-Jedes-vierte-Unternehmen-eingeschraenkt_Organisator.jpg","contentUrl":"https:\/\/www.organisator.ch\/wp-content\/uploads\/2019\/01\/Stellenmeldepflicht-Jedes-vierte-Unternehmen-eingeschraenkt_Organisator.jpg","width":680,"height":450,"caption":"Stellenmeldepflicht: Das Meldeverfahren wird zwar als einfach beurteilt, die Qualit\u00e4t der Dossiers l\u00e4sst aber zu w\u00fcnschen \u00fcbrig. (Bild: Fotolia.com)"},{"@type":"BreadcrumbList","@id":"https:\/\/www.organisator.ch\/human-resources\/hrm\/2019-01-25\/stellenmeldepflicht-jedes-vierte-unternehmen-eingeschraenkt\/#breadcrumb","itemListElement":[{"@type":"ListItem","position":1,"name":"Home","item":"https:\/\/www.organisator.ch\/"},{"@type":"ListItem","position":2,"name":"Stellenmeldepflicht: Jedes vierte Unternehmen eingeschr\u00e4nkt"}]},{"@type":"WebSite","@id":"https:\/\/www.organisator.ch\/#website","url":"https:\/\/www.organisator.ch\/","name":"Organizzatore","description":"Competente. Pratico. In 10 numeri all'anno, ORGANISATOR presenta i temi essenziali per i manager delle PMI.","publisher":{"@id":"https:\/\/www.organisator.ch\/#organization"},"potentialAction":[{"@type":"SearchAction","target":{"@type":"EntryPoint","urlTemplate":"https:\/\/www.organisator.ch\/?s={search_term_string}"},"query-input":{"@type":"PropertyValueSpecification","valueRequired":true,"valueName":"search_term_string"}}],"inLanguage":"it-IT"},{"@type":"Organization","@id":"https:\/\/www.organisator.ch\/#organization","name":"Organizzatore","url":"https:\/\/www.organisator.ch\/","logo":{"@type":"ImageObject","inLanguage":"it-IT","@id":"https:\/\/www.organisator.ch\/#\/schema\/logo\/image\/","url":"https:\/\/www.organisator.ch\/wp-content\/uploads\/2022\/01\/Logo_Organisator_Website.png","contentUrl":"https:\/\/www.organisator.ch\/wp-content\/uploads\/2022\/01\/Logo_Organisator_Website.png","width":800,"height":77,"caption":"Organisator"},"image":{"@id":"https:\/\/www.organisator.ch\/#\/schema\/logo\/image\/"},"sameAs":["https:\/\/www.facebook.com\/OrganisatorFachmagazin","https:\/\/www.linkedin.com\/showcase\/organisator-das-magazin-fr-kmu","https:\/\/www.xing.com\/news\/pages\/organisator-ch-695","https:\/\/www.youtube.com\/channel\/UCGP2Sq0iWaZwT3BdIAQFYpw"]},{"@type":"Person","@id":"https:\/\/www.organisator.ch\/#\/schema\/person\/6f650f90b2842cd4c0cc334b4e36f67e","name":"Tommaso.berner","image":{"@type":"ImageObject","inLanguage":"it-IT","@id":"https:\/\/secure.gravatar.com\/avatar\/ac5001d2a36cb6c6cd3e50789007ffca834b477b74a2144564522e944eabff61?s=96&d=mm&r=g","url":"https:\/\/secure.gravatar.com\/avatar\/ac5001d2a36cb6c6cd3e50789007ffca834b477b74a2144564522e944eabff61?s=96&d=mm&r=g","contentUrl":"https:\/\/secure.gravatar.com\/avatar\/ac5001d2a36cb6c6cd3e50789007ffca834b477b74a2144564522e944eabff61?s=96&d=mm&r=g","caption":"thomas.berner"},"url":"https:\/\/www.organisator.ch\/it\/author\/thomas-berner\/"}]}},"_links":{"self":[{"href":"https:\/\/www.organisator.ch\/it\/wp-json\/wp\/v2\/posts\/4783","targetHints":{"allow":["GET"]}}],"collection":[{"href":"https:\/\/www.organisator.ch\/it\/wp-json\/wp\/v2\/posts"}],"about":[{"href":"https:\/\/www.organisator.ch\/it\/wp-json\/wp\/v2\/types\/post"}],"author":[{"embeddable":true,"href":"https:\/\/www.organisator.ch\/it\/wp-json\/wp\/v2\/users\/4"}],"replies":[{"embeddable":true,"href":"https:\/\/www.organisator.ch\/it\/wp-json\/wp\/v2\/comments?post=4783"}],"version-history":[{"count":0,"href":"https:\/\/www.organisator.ch\/it\/wp-json\/wp\/v2\/posts\/4783\/revisions"}],"wp:featuredmedia":[{"embeddable":true,"href":"https:\/\/www.organisator.ch\/it\/wp-json\/wp\/v2\/media\/4784"}],"wp:attachment":[{"href":"https:\/\/www.organisator.ch\/it\/wp-json\/wp\/v2\/media?parent=4783"}],"wp:term":[{"taxonomy":"category","embeddable":true,"href":"https:\/\/www.organisator.ch\/it\/wp-json\/wp\/v2\/categories?post=4783"},{"taxonomy":"post_tag","embeddable":true,"href":"https:\/\/www.organisator.ch\/it\/wp-json\/wp\/v2\/tags?post=4783"}],"curies":[{"name":"wp","href":"https:\/\/api.w.org\/{rel}","templated":true}]}}