{"id":4790,"date":"2019-01-29T09:30:13","date_gmt":"2019-01-29T08:30:13","guid":{"rendered":"https:\/\/www.organisator.ch\/?p=4790"},"modified":"2019-01-29T09:30:13","modified_gmt":"2019-01-29T08:30:13","slug":"100-jahre-snv-alte-dame-mit-jungen-gedanken","status":"publish","type":"post","link":"https:\/\/www.organisator.ch\/it\/management\/2019-01-29\/100-jahre-snv-alte-dame-mit-jungen-gedanken\/","title":{"rendered":"100 anni di SNV: una vecchia signora con pensieri giovani"},"content":{"rendered":"<figure id=\"attachment_4793\" aria-describedby=\"caption-attachment-4793\" style=\"width: 680px\" class=\"wp-caption alignnone\"><img loading=\"lazy\" decoding=\"async\" class=\"size-medium wp-image-4793\" src=\"https:\/\/www.organisator.ch\/wp-content\/uploads\/2019\/01\/100-Jahre-SNV-Alte-Dame-mit-jungen-Gedanken-1_Organisator.jpg\" alt=\"\" width=\"680\" height=\"510\" srcset=\"https:\/\/www.organisator.ch\/wp-content\/uploads\/2019\/01\/100-Jahre-SNV-Alte-Dame-mit-jungen-Gedanken-1_Organisator.jpg 680w, https:\/\/www.organisator.ch\/wp-content\/uploads\/2019\/01\/100-Jahre-SNV-Alte-Dame-mit-jungen-Gedanken-1_Organisator-16x12.jpg 16w, https:\/\/www.organisator.ch\/wp-content\/uploads\/2019\/01\/100-Jahre-SNV-Alte-Dame-mit-jungen-Gedanken-1_Organisator-233x175.jpg 233w, https:\/\/www.organisator.ch\/wp-content\/uploads\/2019\/01\/100-Jahre-SNV-Alte-Dame-mit-jungen-Gedanken-1_Organisator-467x350.jpg 467w, https:\/\/www.organisator.ch\/wp-content\/uploads\/2019\/01\/100-Jahre-SNV-Alte-Dame-mit-jungen-Gedanken-1_Organisator-300x225.jpg 300w\" sizes=\"auto, (max-width: 680px) 100vw, 680px\" \/><figcaption id=\"caption-attachment-4793\" class=\"wp-caption-text\">L'atto costitutivo dell'Associazione svizzera di normazione SNV, che nel 2019 festeggia il suo 100\u00b0 anniversario. (Immagine: zVg \/ SNV)<\/figcaption><\/figure>\n<p>Vent'anni prima della fondazione di un'organizzazione per la standardizzazione in Svizzera, si stavano gi\u00e0 compiendo i primi sforzi per definire regole generalmente applicabili. Nel 1898, ad esempio, i rappresentanti di diversi Paesi negoziano a Zurigo la standardizzazione di una filettatura metrica.<\/p>\n<h2><strong>Necessit\u00e0 di standard intersettoriali<\/strong><\/h2>\n<p>Nel luglio del 1919 fu fondata a Baden l'Associazione svizzera di standardizzazione, che pochi anni dopo cambi\u00f2 il nome in quello tuttora valido. <a href=\"https:\/\/www.snv.ch\/de\/\">Associazione svizzera per la standardizzazione<\/a> (SNV) \u00e8 modificato. Il primo incontro si tiene su iniziativa dell'Associazione svizzera dei costruttori di macchine (VSM) con l'obiettivo di scambiare opinioni sulla necessit\u00e0 di un lavoro di standardizzazione comune.<\/p>\n<h2><strong>Ruolo importante sulla scena internazionale<\/strong><\/h2>\n<p>Le attivit\u00e0 di standardizzazione della Svizzera sono state di grande importanza anche in una fase iniziale a livello internazionale. Gi\u00e0 nel 1926, alcuni esperti di standard svizzeri parteciparono alla fondazione della Federazione Internazionale delle Associazioni Nazionali di Standardizzazione (ISA). Curt Hoenig \u00e8 stato il primo presidente svizzero dell'ISA dal 1928 al 1931, da cui \u00e8 nata l'odierna Organizzazione Internazionale per la Standardizzazione (ISO) circa 20 anni dopo.<\/p>\n<p>Dopo la seconda guerra mondiale, la Svizzera \u00e8 uno dei membri fondatori dell'ISO, che ha sede a Ginevra. Nel 1947, la Neue Z\u00fcrcher Zeitung riportava che \"... queste decisioni testimoniano la stima di cui gode il nostro Paese, e in particolare la standardizzazione svizzera, negli ambienti internazionali\". Quando nel 1961 fu fondato il Comitato europeo di normalizzazione con il nome di Comit\u00e9 Europ\u00e9en de Normalisation (CEN), anche la prima pietra fu posata a Zurigo.<\/p>\n<h2><strong>Organizzazione secondo gli standard specifici della materia<\/strong><\/h2>\n<p>Nel 1962 l'SNV fu costituito come associazione e circa dieci anni dopo la sua struttura e i suoi metodi di lavoro corrispondevano all'organizzazione odierna per aree specializzate. Oggi l'SNV \u00e8 suddiviso nelle seguenti sette aree specialistiche<\/p>\n<ul>\n<li>Area degli standard interdisciplinari (INB)<\/li>\n<li>Industrie meccaniche, elettriche e metallurgiche (SWISSMEM)<\/li>\n<li>Ingegneria civile (SIA)<\/li>\n<li>Ingegneria stradale e del traffico (VSS)<\/li>\n<li>Industria orologiera (FH)<\/li>\n<li>Ingegneria elettrica (Electrosuisse)<\/li>\n<li>Telecomunicazioni (asut)<\/li>\n<\/ul>\n<h2><strong>SNV: un'anziana signora con giovani preoccupazioni<\/strong><\/h2>\n<p>Chiunque pensi che la SNV, che ha 100 anni, sia avanti con gli anni, non conosce i suoi ultimi compiti. Negli ultimi dieci decenni, ha sempre tenuto il passo con le esigenze dei vari settori industriali e vede tuttora nella standardizzazione il suo compito principale. Gli standard svizzeri, europei e internazionali sono sviluppati in collaborazione diretta con gli utenti. Ci\u00f2 garantisce che le linee guida generino benefici duraturi per l'economia e la societ\u00e0, per i produttori e i consumatori, e forniscano sicurezza. Questo processo di standardizzazione, accessibile a tutti, \u00e8 adatto a tutti i settori della vita. E poich\u00e9 il nostro mondo \u00e8 in continua evoluzione, anche l'SNV rimane assolutamente giovane nello spirito e si occupa attualmente di temi come Industria 4.0, tecnologie intelligenti, blockchain, protezione del clima e sostenibilit\u00e0.<\/p>\n<p>In qualit\u00e0 di polo informativo e centro di competenza indipendente, l'SNV garantisce un accesso efficiente agli standard nazionali e internazionali. Consente e promuove lo sviluppo e l'armonizzazione di nuovi standard attraverso l'influenza attiva dei suoi membri in qualit\u00e0 di esperti nei comitati di standardizzazione nazionali e internazionali.<\/p>\n<p>&nbsp;<\/p>\n<figure id=\"attachment_4794\" aria-describedby=\"caption-attachment-4794\" style=\"width: 680px\" class=\"wp-caption alignnone\"><img loading=\"lazy\" decoding=\"async\" class=\"size-medium wp-image-4794\" src=\"https:\/\/www.organisator.ch\/wp-content\/uploads\/2019\/01\/100-Jahre-SNV-Alte-Dame-mit-jungen-Gedanken-2_Organisator.jpg\" alt=\"\" width=\"680\" height=\"514\" srcset=\"https:\/\/www.organisator.ch\/wp-content\/uploads\/2019\/01\/100-Jahre-SNV-Alte-Dame-mit-jungen-Gedanken-2_Organisator.jpg 680w, https:\/\/www.organisator.ch\/wp-content\/uploads\/2019\/01\/100-Jahre-SNV-Alte-Dame-mit-jungen-Gedanken-2_Organisator-16x12.jpg 16w, https:\/\/www.organisator.ch\/wp-content\/uploads\/2019\/01\/100-Jahre-SNV-Alte-Dame-mit-jungen-Gedanken-2_Organisator-232x175.jpg 232w, https:\/\/www.organisator.ch\/wp-content\/uploads\/2019\/01\/100-Jahre-SNV-Alte-Dame-mit-jungen-Gedanken-2_Organisator-463x350.jpg 463w, https:\/\/www.organisator.ch\/wp-content\/uploads\/2019\/01\/100-Jahre-SNV-Alte-Dame-mit-jungen-Gedanken-2_Organisator-300x227.jpg 300w\" sizes=\"auto, (max-width: 680px) 100vw, 680px\" \/><figcaption id=\"caption-attachment-4794\" class=\"wp-caption-text\">Probabilmente l'esempio pi\u00f9 evidente di standard: Il formato della carta \u00e8 conforme alle norme DIN. (Immagine: zVg \/ SNV)<\/figcaption><\/figure>\n<h2><strong>DIN A4 - Lo standard di tutti gli standard<\/strong><\/h2>\n<p><em>Oggi tutti gli scolari conoscono il formato A4 che entra in ogni stampante, in ogni busta e in ogni cartella. Il fatto che ci sia una storia di sviluppo pi\u00f9 lunga alle spalle \u00e8 poco conosciuto.<\/em><\/p>\n<p><em>Cento anni fa, la questione del formato della cancelleria \u00e8 irrisolta in tutto il mondo. La richiesta di un formato cartaceo uniforme \u00e8 sempre pi\u00f9 forte, ma la moltitudine di formati esistenti rende difficile la standardizzazione. Nel verbale di fondazione dell'Associazione svizzera di normalizzazione del 1919, si legge che \"... si \u00e8 scelto il formato lettera 220 mm \u00d7 280 mm, che \u00e8 il pi\u00f9 comune e si adatta ai conservatori ovunque\".<\/em><\/p>\n<p><em>Il passo decisivo avvenne nel 1922 in Germania, quando l'ingegnere Walter Porstmann diffuse l'idea di un rapporto d'aspetto costante e lo stabil\u00ec infine come standard DIN. Il punto di partenza per i formati di carta \u00e8 il DIN A0 con una superficie di un metro quadrato. Tutti gli altri formati sono derivati da questo dimezzando o raddoppiando l'area in modo da ottenere un rapporto di aspetto costante di 1 : \u221a2. Infine, si ottiene anche il formato DIN A4 210 mm \u00d7 297 mm.<\/em><\/p>\n<p><em>Il VSM segue l'esempio tedesco e adotta il formato A4 per i documenti commerciali con il nome di \"formato lettera VSM\". Anche la Posta Svizzera standardizza i suoi formati cartacei e nel 1924 il Consiglio federale decide di introdurre i nuovi formati come standard nell'amministrazione federale. Il periodo di transizione fino all'esaurimento delle forniture e dei moduli esistenti dura dodici anni. Quando, all'inizio del 1941, le materie prime scarseggiano a causa della guerra, l'Ufficio Industria e Lavoro della Confederazione emette un ordine per la produzione esclusiva di carta finita della serie A. Con questa decisione, il formato DIN si afferma definitivamente come formato standard in Svizzera. (Fonte: Philipp Messner, <a href=\"http:\/\/www.academia.edu\/1049503\/Die_Normung_der_Papierformate_in_der_Schweiz\">La standardizzazione dei formati cartacei in Svizzera<\/a>)<\/em><\/p>\n<p>&nbsp;<\/p>\n<figure id=\"attachment_4808\" aria-describedby=\"caption-attachment-4808\" style=\"width: 680px\" class=\"wp-caption alignnone\"><img loading=\"lazy\" decoding=\"async\" class=\"size-medium wp-image-4808\" src=\"https:\/\/www.organisator.ch\/wp-content\/uploads\/2019\/01\/100-Jahre-SNV-Alte-Dame-mit-jungen-Gedanken-3_Organisator.jpg\" alt=\"\" width=\"680\" height=\"406\" srcset=\"https:\/\/www.organisator.ch\/wp-content\/uploads\/2019\/01\/100-Jahre-SNV-Alte-Dame-mit-jungen-Gedanken-3_Organisator.jpg 680w, https:\/\/www.organisator.ch\/wp-content\/uploads\/2019\/01\/100-Jahre-SNV-Alte-Dame-mit-jungen-Gedanken-3_Organisator-16x10.jpg 16w, https:\/\/www.organisator.ch\/wp-content\/uploads\/2019\/01\/100-Jahre-SNV-Alte-Dame-mit-jungen-Gedanken-3_Organisator-293x175.jpg 293w, https:\/\/www.organisator.ch\/wp-content\/uploads\/2019\/01\/100-Jahre-SNV-Alte-Dame-mit-jungen-Gedanken-3_Organisator-586x350.jpg 586w, https:\/\/www.organisator.ch\/wp-content\/uploads\/2019\/01\/100-Jahre-SNV-Alte-Dame-mit-jungen-Gedanken-3_Organisator-300x179.jpg 300w\" sizes=\"auto, (max-width: 680px) 100vw, 680px\" \/><figcaption id=\"caption-attachment-4808\" class=\"wp-caption-text\">Hans Z\u00fcrrer, direttore dell'SNV dal 1987 al 1999. (Foto: zVg \/ SNV)<\/figcaption><\/figure>\n<h2><strong>\"<\/strong><strong>Fatelo una volta, fatelo bene, fatelo a livello internazionale.<\/strong><strong>!\" <\/strong><\/h2>\n<p><em>Hans Z\u00fcrrer \u00e8 stato direttore dell'SNV dal 1987 al 1999. In una breve conversazione che abbiamo avuto con lui nell'ambito del nostro anniversario, ricorda alcuni momenti ed episodi del suo mandato.<\/em><\/p>\n<p><em><strong>Signor Z\u00fcrrer, qual \u00e8 stato per lei lo standard pi\u00f9 particolare su cui l'SNV ha lavorato durante il suo mandato di direttore?<\/strong><\/em><\/p>\n<p><em>In questo periodo sono stati sviluppati gli standard ISO 9000 per l'assicurazione della qualit\u00e0 e i successivi test e certificazioni. Questa nuova importante serie di norme, che ha avuto una grande influenza sulla gestione della qualit\u00e0 in tutti i settori, \u00e8 ora indispensabile. Tutti coloro che ci hanno lavorato all'epoca si sono impegnati e sfidati. Non da ultimo, perch\u00e9 all'epoca era necessario tradurre numerosi nuovi termini nelle tre lingue ISO e in aggiunta in tedesco per l'adozione nella CE.<\/em><\/p>\n<p><em><strong>\u00c8 stato facile per lei spiegare i compiti dell'SNV agli esterni?<\/strong><\/em><\/p>\n<p><em>No, non \u00e8 stato e non \u00e8 ancora facile. \u00c8 particolarmente impegnativo quando questi \"esterni\" sono i superiori degli standardizzatori. Dopo tutto, il lavoro di standardizzazione richiede soprattutto una comprensione dei tempi di riposo e del finanziamento degli esperti che lavorano su base volontaria. Inoltre, sono necessarie risorse finanziarie per l'infrastruttura, ossia per le organizzazioni SNV, CEN e ISO. \u00c8 particolarmente difficile quando lo smantellamento delle barriere tecniche al commercio non \u00e8 evidente per alcuni prodotti e settori. Il direttore \u00e8 stato spesso chiamato per colloqui di mediazione.<\/em><\/p>\n<p><em>Ci sono voluti molti sforzi anche prima che il governo svizzero, attraverso l'allora BAWI (ora SECO), riconoscesse l'importanza della riduzione delle barriere tecniche al commercio per l'industria svizzera delle esportazioni e sostenesse l'SNV con un mandato. Fino ad allora, la Svizzera era l'unico membro dell'ISO a non essere cofinanziato dallo Stato.<\/em><\/p>\n<p><em><strong>Qual \u00e8 stato l'atteggiamento degli esperti di standard nei confronti del no svizzero al SEE?<\/strong><\/em><\/p>\n<p><em>Qualche anno prima ero membro del gruppo dei presidenti di CEN, CENELEC ed ETSI e avevo contatti vivaci con i dirigenti e i rappresentanti governativi dell'UE. Il no al SEE \u00e8 arrivato inaspettato ed \u00e8 stato generalmente inteso come un rifiuto della Svizzera all'Europa. Tuttavia, ha avuto scarsa influenza sul lavoro di standardizzazione degli organismi europei. L'eliminazione delle barriere tecniche al commercio \u00e8 rimasta una priorit\u00e0 assoluta per la Svizzera in quanto membro dell'AELS. Per l'economia orientata all'esportazione e per i vari organismi politici, tuttavia, molte cose sarebbero diventate pi\u00f9 facili.<\/em><\/p>\n<p><em><strong>Cosa ha apprezzato di pi\u00f9 della cooperazione internazionale?<\/strong><\/em><\/p>\n<p><em>I direttori degli organismi nazionali di normazione sono stati assegnati principalmente ai comitati direttivi. Le conferenze internazionali hanno permesso ai responsabili degli standard di incontrarsi non solo tra loro, ma anche con i delegati governativi e i rappresentanti dell'industria e delle imprese. Molte relazioni utili e anche amicizie si sono sviluppate da conoscenze personali che sono durate oltre la pensione. Naturalmente, questo comportava anche un viaggio, con i ben noti vantaggi e svantaggi.<\/em><\/p>\n<p><em>Mi ha sempre colpito l'impegno congiunto di tecnologia, economia e politica e lo sviluppo del consenso. Il principio applicato era che in un determinato momento non tutti potevano essere sempre a favore, ma nessuno poteva essere contrario.<\/em><\/p>\n<p><em><strong>Tutti i paesi avevano la stessa comprensione delle esigenze della standardizzazione internazionale?<\/strong><\/em><\/p>\n<p><em>I grandi Paesi dispongono solitamente di un ampio corpus di norme e delle relative risorse. Inoltre, essi danno il tono al lavoro di standardizzazione e cercano di far valere i propri interessi nazionali a livello regionale e internazionale. Tuttavia, la ricerca del massimo comune denominatore possibile rafforza anche il lavoro di standardizzazione internazionale secondo il motto \"Fallo una volta, fallo bene, fallo a livello internazionale\".<\/em><\/p>\n<p><em>Un'altra particolarit\u00e0 a livello europeo \u00e8 stato il \"Nuovo approccio\" creato dalla Commissione UE. Il suo obiettivo \u00e8 quello di coordinare l'armonizzazione tecnica sia nella standardizzazione che nei regolamenti ufficiali. Le normative ufficiali contengono ormai solo requisiti di base in materia di salute, ambiente e sicurezza e fanno invece riferimento a standard, in cui i dettagli tecnici sono definiti dalla collaudata standardizzazione del settore privato. Dopo l'adozione a maggioranza qualificata, i Paesi membri dell'UE e dell'EFTA sono obbligati a ritirare i regolamenti o gli standard nazionali in conflitto. Il riferimento agli standard internazionali ha rafforzato ancora una volta il motto: \"Fallo una volta, fallo bene, fallo a livello internazionale!\".<\/em><\/p>\n<p><em>Altri membri dell'ISO si sono interessati all'idea del \"nuovo approccio\" e gli esperti sono stati delegati dalla Commissione CE. Negli Stati totalitari, il nuovo concetto significava un completo allontanamento dallo status quo, in quanto anche l\u00ec la standardizzazione non era organizzata su base privata. Ricordo le missioni ISO in Russia, Cina, Colombia e nei paesi dell'Europa orientale candidati all'adesione all'UE. La visita al membro sovietico dell'ISO a Mosca \u00e8 stata particolarmente impressionante. Il mio collega russo era a capo di un ministero e aveva la responsabilit\u00e0 di diverse migliaia di dipendenti. Oltre all'enorme paese con numerose filiali, erano presenti sotto un unico cappello tutti gli organismi ufficiali competenti, tutte le aree specialistiche di standardizzazione, certificazione, test, metrologia, telecomunicazioni, ecc.<\/em><\/p>\n<p><em><strong>C'\u00e8 un episodio o un aneddoto del suo periodo da regista che le piace particolarmente raccontare?<\/strong><\/em><\/p>\n<p><em>Subito dopo il no al SEE, si \u00e8 tenuta una riunione del CEN a Bruxelles. Poich\u00e9 il mio volo era in ritardo, sono arrivato un po' tardi alla riunione e il presidente mi ha preso in giro: \"Pensavamo che non saresti venuto affatto!\". Naturalmente, durante la pausa c'\u00e8 stata una vivace discussione in merito e soprattutto la maggior parte degli Stati ha dovuto essere spiegata ancora e ancora. Anche l'allora Presidente della Commissione europea Bangemann era molto interessato, soprattutto perch\u00e9 in precedenza gli avevo espresso la convinzione che il SEE sarebbe stato sicuramente adottato.<\/em><\/p>","protected":false},"excerpt":{"rendered":"<p>Bereits zwanzig Jahre vor der Gr\u00fcndung einer Normenorganisation in der Schweiz finden erste Bem\u00fchungen statt, um allgemein g\u00fcltige Regeln zu definieren. So verhandeln 1898 in Z\u00fcrich Vertreter mehrerer L\u00e4nder \u00fcber die Normung f\u00fcr ein metrisches Schraubengewinde. Branchen\u00fcbergreifendes Bed\u00fcrfnis nach Standards Im Juli 1919 wird in Baden der Schweizerische Normalien-Bund gegr\u00fcndet, dessen Namen einige Jahre sp\u00e4ter [&hellip;]<\/p>\n","protected":false},"author":4,"featured_media":4793,"comment_status":"open","ping_status":"open","sticky":false,"template":"","format":"standard","meta":{"_acf_changed":false,"_yoast_wpseo_focuskw":"SNV","_yoast_wpseo_metadesc":"Die Schweizerische Normen-Vereinigung SNV feiert 2019 ihr 100-j\u00e4hriges Bestehen. Normen pr\u00e4gen heute unsere Industrie - doch dem war nicht immer so.","articlekey":"","footnotes":""},"categories":[28],"tags":[266,335,503,508],"class_list":["post-4790","post","type-post","status-publish","format-standard","has-post-thumbnail","hentry","category-management","tag-industrie","tag-management-und-unternehmensfuehrung","tag-verbaende","tag-vermischtes"],"acf":[],"yoast_head":"<!-- This site is optimized with the Yoast SEO plugin v27.4 - https:\/\/yoast.com\/product\/yoast-seo-wordpress\/ -->\n<title>100 Jahre SNV: Alte Dame mit jungen Gedanken - Organisator<\/title>\n<meta name=\"description\" content=\"Die Schweizerische Normen-Vereinigung SNV feiert 2019 ihr 100-j\u00e4hriges Bestehen. Normen pr\u00e4gen heute unsere Industrie - doch dem war nicht immer so.\" \/>\n<meta name=\"robots\" content=\"index, follow, max-snippet:-1, max-image-preview:large, max-video-preview:-1\" \/>\n<link rel=\"canonical\" href=\"https:\/\/www.organisator.ch\/it\/gestione-2\/2019-01-29\/100-jahre-snv-alte-dame-mit-jungen-gedanken\/\" \/>\n<meta property=\"og:locale\" content=\"it_IT\" \/>\n<meta property=\"og:type\" content=\"article\" \/>\n<meta property=\"og:title\" content=\"100 Jahre SNV: Alte Dame mit jungen Gedanken\" \/>\n<meta property=\"og:description\" content=\"Die Schweizerische Normen-Vereinigung SNV feiert 2019 ihr 100-j\u00e4hriges Bestehen. Normen pr\u00e4gen heute unsere Industrie - doch dem war nicht immer so.\" \/>\n<meta property=\"og:url\" content=\"https:\/\/www.organisator.ch\/it\/gestione-2\/2019-01-29\/100-jahre-snv-alte-dame-mit-jungen-gedanken\/\" \/>\n<meta property=\"og:site_name\" content=\"Organisator\" \/>\n<meta property=\"article:publisher\" content=\"https:\/\/www.facebook.com\/OrganisatorFachmagazin\" \/>\n<meta property=\"article:published_time\" content=\"2019-01-29T08:30:13+00:00\" \/>\n<meta property=\"og:image\" content=\"https:\/\/www.organisator.ch\/wp-content\/uploads\/2019\/01\/100-Jahre-SNV-Alte-Dame-mit-jungen-Gedanken-1_Organisator.jpg\" \/>\n\t<meta property=\"og:image:width\" content=\"680\" \/>\n\t<meta property=\"og:image:height\" content=\"510\" \/>\n\t<meta property=\"og:image:type\" content=\"image\/jpeg\" \/>\n<meta name=\"author\" content=\"thomas.berner\" \/>\n<meta name=\"twitter:card\" content=\"summary_large_image\" \/>\n<meta name=\"twitter:title\" content=\"100 Jahre #SNV: Alte Dame mit jungen Gedanken\" \/>\n<meta name=\"twitter:description\" content=\"Die Schweizerische Normen-Vereinigung #SNV feiert 2019 ihr 100-j\u00e4hriges Bestehen. #Normen pr\u00e4gen heute unsere Industrie - doch dem war nicht immer so.\" \/>\n<meta name=\"twitter:image\" content=\"https:\/\/www.organisator.ch\/wp-content\/uploads\/2019\/01\/100-Jahre-SNV-Alte-Dame-mit-jungen-Gedanken-1_Organisator.jpg\" \/>\n<script type=\"application\/ld+json\" class=\"yoast-schema-graph\">{\"@context\":\"https:\\\/\\\/schema.org\",\"@graph\":[{\"@type\":\"Article\",\"@id\":\"https:\\\/\\\/www.organisator.ch\\\/management\\\/2019-01-29\\\/100-jahre-snv-alte-dame-mit-jungen-gedanken\\\/#article\",\"isPartOf\":{\"@id\":\"https:\\\/\\\/www.organisator.ch\\\/management\\\/2019-01-29\\\/100-jahre-snv-alte-dame-mit-jungen-gedanken\\\/\"},\"author\":{\"name\":\"thomas.berner\",\"@id\":\"https:\\\/\\\/www.organisator.ch\\\/#\\\/schema\\\/person\\\/6f650f90b2842cd4c0cc334b4e36f67e\"},\"headline\":\"100 Jahre SNV: Alte Dame mit jungen Gedanken\",\"datePublished\":\"2019-01-29T08:30:13+00:00\",\"mainEntityOfPage\":{\"@id\":\"https:\\\/\\\/www.organisator.ch\\\/management\\\/2019-01-29\\\/100-jahre-snv-alte-dame-mit-jungen-gedanken\\\/\"},\"wordCount\":1731,\"commentCount\":0,\"publisher\":{\"@id\":\"https:\\\/\\\/www.organisator.ch\\\/#organization\"},\"image\":{\"@id\":\"https:\\\/\\\/www.organisator.ch\\\/management\\\/2019-01-29\\\/100-jahre-snv-alte-dame-mit-jungen-gedanken\\\/#primaryimage\"},\"thumbnailUrl\":\"https:\\\/\\\/www.organisator.ch\\\/wp-content\\\/uploads\\\/2019\\\/01\\\/100-Jahre-SNV-Alte-Dame-mit-jungen-Gedanken-1_Organisator.jpg\",\"keywords\":[\"Industrie\",\"Management und Unternehmensf\u00fchrung\",\"Verb\u00e4nde\",\"Vermischtes\"],\"articleSection\":[\"MANAGEMENT\"],\"inLanguage\":\"it-IT\"},{\"@type\":\"WebPage\",\"@id\":\"https:\\\/\\\/www.organisator.ch\\\/management\\\/2019-01-29\\\/100-jahre-snv-alte-dame-mit-jungen-gedanken\\\/\",\"url\":\"https:\\\/\\\/www.organisator.ch\\\/management\\\/2019-01-29\\\/100-jahre-snv-alte-dame-mit-jungen-gedanken\\\/\",\"name\":\"100 Jahre SNV: Alte Dame mit jungen Gedanken - Organisator\",\"isPartOf\":{\"@id\":\"https:\\\/\\\/www.organisator.ch\\\/#website\"},\"primaryImageOfPage\":{\"@id\":\"https:\\\/\\\/www.organisator.ch\\\/management\\\/2019-01-29\\\/100-jahre-snv-alte-dame-mit-jungen-gedanken\\\/#primaryimage\"},\"image\":{\"@id\":\"https:\\\/\\\/www.organisator.ch\\\/management\\\/2019-01-29\\\/100-jahre-snv-alte-dame-mit-jungen-gedanken\\\/#primaryimage\"},\"thumbnailUrl\":\"https:\\\/\\\/www.organisator.ch\\\/wp-content\\\/uploads\\\/2019\\\/01\\\/100-Jahre-SNV-Alte-Dame-mit-jungen-Gedanken-1_Organisator.jpg\",\"datePublished\":\"2019-01-29T08:30:13+00:00\",\"description\":\"Die Schweizerische Normen-Vereinigung SNV feiert 2019 ihr 100-j\u00e4hriges Bestehen. Normen pr\u00e4gen heute unsere Industrie - doch dem war nicht immer so.\",\"breadcrumb\":{\"@id\":\"https:\\\/\\\/www.organisator.ch\\\/management\\\/2019-01-29\\\/100-jahre-snv-alte-dame-mit-jungen-gedanken\\\/#breadcrumb\"},\"inLanguage\":\"it-IT\",\"potentialAction\":[{\"@type\":\"ReadAction\",\"target\":[\"https:\\\/\\\/www.organisator.ch\\\/management\\\/2019-01-29\\\/100-jahre-snv-alte-dame-mit-jungen-gedanken\\\/\"]}]},{\"@type\":\"ImageObject\",\"inLanguage\":\"it-IT\",\"@id\":\"https:\\\/\\\/www.organisator.ch\\\/management\\\/2019-01-29\\\/100-jahre-snv-alte-dame-mit-jungen-gedanken\\\/#primaryimage\",\"url\":\"https:\\\/\\\/www.organisator.ch\\\/wp-content\\\/uploads\\\/2019\\\/01\\\/100-Jahre-SNV-Alte-Dame-mit-jungen-Gedanken-1_Organisator.jpg\",\"contentUrl\":\"https:\\\/\\\/www.organisator.ch\\\/wp-content\\\/uploads\\\/2019\\\/01\\\/100-Jahre-SNV-Alte-Dame-mit-jungen-Gedanken-1_Organisator.jpg\",\"width\":680,\"height\":510,\"caption\":\"Die Gr\u00fcndungsurkunde der Schweizerischen Normen-Vereinigung SNV, die 2019 ihr 100-j\u00e4hriges Jubli\u00e4um feiert. (Bild: zVg \\\/ SNV))\"},{\"@type\":\"BreadcrumbList\",\"@id\":\"https:\\\/\\\/www.organisator.ch\\\/management\\\/2019-01-29\\\/100-jahre-snv-alte-dame-mit-jungen-gedanken\\\/#breadcrumb\",\"itemListElement\":[{\"@type\":\"ListItem\",\"position\":1,\"name\":\"Home\",\"item\":\"https:\\\/\\\/www.organisator.ch\\\/\"},{\"@type\":\"ListItem\",\"position\":2,\"name\":\"100 Jahre SNV: Alte Dame mit jungen Gedanken\"}]},{\"@type\":\"WebSite\",\"@id\":\"https:\\\/\\\/www.organisator.ch\\\/#website\",\"url\":\"https:\\\/\\\/www.organisator.ch\\\/\",\"name\":\"Organisator\",\"description\":\"Kompetent. Praxisnah. Der ORGANISATOR bereitet in 10 Ausgaben pro Jahr die wesentlichen Themen f\u00fcr F\u00fchrungskr\u00e4fte von KMU auf.\",\"publisher\":{\"@id\":\"https:\\\/\\\/www.organisator.ch\\\/#organization\"},\"potentialAction\":[{\"@type\":\"SearchAction\",\"target\":{\"@type\":\"EntryPoint\",\"urlTemplate\":\"https:\\\/\\\/www.organisator.ch\\\/?s={search_term_string}\"},\"query-input\":{\"@type\":\"PropertyValueSpecification\",\"valueRequired\":true,\"valueName\":\"search_term_string\"}}],\"inLanguage\":\"it-IT\"},{\"@type\":\"Organization\",\"@id\":\"https:\\\/\\\/www.organisator.ch\\\/#organization\",\"name\":\"Organisator\",\"url\":\"https:\\\/\\\/www.organisator.ch\\\/\",\"logo\":{\"@type\":\"ImageObject\",\"inLanguage\":\"it-IT\",\"@id\":\"https:\\\/\\\/www.organisator.ch\\\/#\\\/schema\\\/logo\\\/image\\\/\",\"url\":\"https:\\\/\\\/www.organisator.ch\\\/wp-content\\\/uploads\\\/2022\\\/01\\\/Logo_Organisator_Website.png\",\"contentUrl\":\"https:\\\/\\\/www.organisator.ch\\\/wp-content\\\/uploads\\\/2022\\\/01\\\/Logo_Organisator_Website.png\",\"width\":800,\"height\":77,\"caption\":\"Organisator\"},\"image\":{\"@id\":\"https:\\\/\\\/www.organisator.ch\\\/#\\\/schema\\\/logo\\\/image\\\/\"},\"sameAs\":[\"https:\\\/\\\/www.facebook.com\\\/OrganisatorFachmagazin\",\"https:\\\/\\\/www.linkedin.com\\\/showcase\\\/organisator-das-magazin-fr-kmu\",\"https:\\\/\\\/www.xing.com\\\/news\\\/pages\\\/organisator-ch-695\",\"https:\\\/\\\/www.youtube.com\\\/channel\\\/UCGP2Sq0iWaZwT3BdIAQFYpw\"]},{\"@type\":\"Person\",\"@id\":\"https:\\\/\\\/www.organisator.ch\\\/#\\\/schema\\\/person\\\/6f650f90b2842cd4c0cc334b4e36f67e\",\"name\":\"thomas.berner\",\"image\":{\"@type\":\"ImageObject\",\"inLanguage\":\"it-IT\",\"@id\":\"https:\\\/\\\/secure.gravatar.com\\\/avatar\\\/ac5001d2a36cb6c6cd3e50789007ffca834b477b74a2144564522e944eabff61?s=96&d=mm&r=g\",\"url\":\"https:\\\/\\\/secure.gravatar.com\\\/avatar\\\/ac5001d2a36cb6c6cd3e50789007ffca834b477b74a2144564522e944eabff61?s=96&d=mm&r=g\",\"contentUrl\":\"https:\\\/\\\/secure.gravatar.com\\\/avatar\\\/ac5001d2a36cb6c6cd3e50789007ffca834b477b74a2144564522e944eabff61?s=96&d=mm&r=g\",\"caption\":\"thomas.berner\"},\"url\":\"https:\\\/\\\/www.organisator.ch\\\/it\\\/author\\\/thomas-berner\\\/\"}]}<\/script>\n<!-- \/ Yoast SEO plugin. -->","yoast_head_json":{"title":"100 anni di SNV: un'anziana signora con pensieri giovani - Organizzatore","description":"L'Associazione svizzera per la standardizzazione SNV festeggia il suo 100\u00b0 anniversario nel 2019. Oggi gli standard sono alla base del nostro settore, ma non \u00e8 sempre stato cos\u00ec.","robots":{"index":"index","follow":"follow","max-snippet":"max-snippet:-1","max-image-preview":"max-image-preview:large","max-video-preview":"max-video-preview:-1"},"canonical":"https:\/\/www.organisator.ch\/it\/gestione-2\/2019-01-29\/100-jahre-snv-alte-dame-mit-jungen-gedanken\/","og_locale":"it_IT","og_type":"article","og_title":"100 Jahre SNV: Alte Dame mit jungen Gedanken","og_description":"Die Schweizerische Normen-Vereinigung SNV feiert 2019 ihr 100-j\u00e4hriges Bestehen. Normen pr\u00e4gen heute unsere Industrie - doch dem war nicht immer so.","og_url":"https:\/\/www.organisator.ch\/it\/gestione-2\/2019-01-29\/100-jahre-snv-alte-dame-mit-jungen-gedanken\/","og_site_name":"Organisator","article_publisher":"https:\/\/www.facebook.com\/OrganisatorFachmagazin","article_published_time":"2019-01-29T08:30:13+00:00","og_image":[{"width":680,"height":510,"url":"https:\/\/www.organisator.ch\/wp-content\/uploads\/2019\/01\/100-Jahre-SNV-Alte-Dame-mit-jungen-Gedanken-1_Organisator.jpg","type":"image\/jpeg"}],"author":"thomas.berner","twitter_card":"summary_large_image","twitter_title":"100 Jahre #SNV: Alte Dame mit jungen Gedanken","twitter_description":"Die Schweizerische Normen-Vereinigung #SNV feiert 2019 ihr 100-j\u00e4hriges Bestehen. #Normen pr\u00e4gen heute unsere Industrie - doch dem war nicht immer so.","twitter_image":"https:\/\/www.organisator.ch\/wp-content\/uploads\/2019\/01\/100-Jahre-SNV-Alte-Dame-mit-jungen-Gedanken-1_Organisator.jpg","schema":{"@context":"https:\/\/schema.org","@graph":[{"@type":"Article","@id":"https:\/\/www.organisator.ch\/management\/2019-01-29\/100-jahre-snv-alte-dame-mit-jungen-gedanken\/#article","isPartOf":{"@id":"https:\/\/www.organisator.ch\/management\/2019-01-29\/100-jahre-snv-alte-dame-mit-jungen-gedanken\/"},"author":{"name":"thomas.berner","@id":"https:\/\/www.organisator.ch\/#\/schema\/person\/6f650f90b2842cd4c0cc334b4e36f67e"},"headline":"100 Jahre SNV: Alte Dame mit jungen Gedanken","datePublished":"2019-01-29T08:30:13+00:00","mainEntityOfPage":{"@id":"https:\/\/www.organisator.ch\/management\/2019-01-29\/100-jahre-snv-alte-dame-mit-jungen-gedanken\/"},"wordCount":1731,"commentCount":0,"publisher":{"@id":"https:\/\/www.organisator.ch\/#organization"},"image":{"@id":"https:\/\/www.organisator.ch\/management\/2019-01-29\/100-jahre-snv-alte-dame-mit-jungen-gedanken\/#primaryimage"},"thumbnailUrl":"https:\/\/www.organisator.ch\/wp-content\/uploads\/2019\/01\/100-Jahre-SNV-Alte-Dame-mit-jungen-Gedanken-1_Organisator.jpg","keywords":["Industrie","Management und Unternehmensf\u00fchrung","Verb\u00e4nde","Vermischtes"],"articleSection":["MANAGEMENT"],"inLanguage":"it-IT"},{"@type":"WebPage","@id":"https:\/\/www.organisator.ch\/management\/2019-01-29\/100-jahre-snv-alte-dame-mit-jungen-gedanken\/","url":"https:\/\/www.organisator.ch\/management\/2019-01-29\/100-jahre-snv-alte-dame-mit-jungen-gedanken\/","name":"100 anni di SNV: un'anziana signora con pensieri giovani - Organizzatore","isPartOf":{"@id":"https:\/\/www.organisator.ch\/#website"},"primaryImageOfPage":{"@id":"https:\/\/www.organisator.ch\/management\/2019-01-29\/100-jahre-snv-alte-dame-mit-jungen-gedanken\/#primaryimage"},"image":{"@id":"https:\/\/www.organisator.ch\/management\/2019-01-29\/100-jahre-snv-alte-dame-mit-jungen-gedanken\/#primaryimage"},"thumbnailUrl":"https:\/\/www.organisator.ch\/wp-content\/uploads\/2019\/01\/100-Jahre-SNV-Alte-Dame-mit-jungen-Gedanken-1_Organisator.jpg","datePublished":"2019-01-29T08:30:13+00:00","description":"L'Associazione svizzera per la standardizzazione SNV festeggia il suo 100\u00b0 anniversario nel 2019. Oggi gli standard sono alla base del nostro settore, ma non \u00e8 sempre stato cos\u00ec.","breadcrumb":{"@id":"https:\/\/www.organisator.ch\/management\/2019-01-29\/100-jahre-snv-alte-dame-mit-jungen-gedanken\/#breadcrumb"},"inLanguage":"it-IT","potentialAction":[{"@type":"ReadAction","target":["https:\/\/www.organisator.ch\/management\/2019-01-29\/100-jahre-snv-alte-dame-mit-jungen-gedanken\/"]}]},{"@type":"ImageObject","inLanguage":"it-IT","@id":"https:\/\/www.organisator.ch\/management\/2019-01-29\/100-jahre-snv-alte-dame-mit-jungen-gedanken\/#primaryimage","url":"https:\/\/www.organisator.ch\/wp-content\/uploads\/2019\/01\/100-Jahre-SNV-Alte-Dame-mit-jungen-Gedanken-1_Organisator.jpg","contentUrl":"https:\/\/www.organisator.ch\/wp-content\/uploads\/2019\/01\/100-Jahre-SNV-Alte-Dame-mit-jungen-Gedanken-1_Organisator.jpg","width":680,"height":510,"caption":"Die Gr\u00fcndungsurkunde der Schweizerischen Normen-Vereinigung SNV, die 2019 ihr 100-j\u00e4hriges Jubli\u00e4um feiert. (Bild: zVg \/ SNV))"},{"@type":"BreadcrumbList","@id":"https:\/\/www.organisator.ch\/management\/2019-01-29\/100-jahre-snv-alte-dame-mit-jungen-gedanken\/#breadcrumb","itemListElement":[{"@type":"ListItem","position":1,"name":"Home","item":"https:\/\/www.organisator.ch\/"},{"@type":"ListItem","position":2,"name":"100 Jahre SNV: Alte Dame mit jungen Gedanken"}]},{"@type":"WebSite","@id":"https:\/\/www.organisator.ch\/#website","url":"https:\/\/www.organisator.ch\/","name":"Organizzatore","description":"Competente. Pratico. In 10 numeri all'anno, ORGANISATOR presenta i temi essenziali per i manager delle PMI.","publisher":{"@id":"https:\/\/www.organisator.ch\/#organization"},"potentialAction":[{"@type":"SearchAction","target":{"@type":"EntryPoint","urlTemplate":"https:\/\/www.organisator.ch\/?s={search_term_string}"},"query-input":{"@type":"PropertyValueSpecification","valueRequired":true,"valueName":"search_term_string"}}],"inLanguage":"it-IT"},{"@type":"Organization","@id":"https:\/\/www.organisator.ch\/#organization","name":"Organizzatore","url":"https:\/\/www.organisator.ch\/","logo":{"@type":"ImageObject","inLanguage":"it-IT","@id":"https:\/\/www.organisator.ch\/#\/schema\/logo\/image\/","url":"https:\/\/www.organisator.ch\/wp-content\/uploads\/2022\/01\/Logo_Organisator_Website.png","contentUrl":"https:\/\/www.organisator.ch\/wp-content\/uploads\/2022\/01\/Logo_Organisator_Website.png","width":800,"height":77,"caption":"Organisator"},"image":{"@id":"https:\/\/www.organisator.ch\/#\/schema\/logo\/image\/"},"sameAs":["https:\/\/www.facebook.com\/OrganisatorFachmagazin","https:\/\/www.linkedin.com\/showcase\/organisator-das-magazin-fr-kmu","https:\/\/www.xing.com\/news\/pages\/organisator-ch-695","https:\/\/www.youtube.com\/channel\/UCGP2Sq0iWaZwT3BdIAQFYpw"]},{"@type":"Person","@id":"https:\/\/www.organisator.ch\/#\/schema\/person\/6f650f90b2842cd4c0cc334b4e36f67e","name":"Tommaso.berner","image":{"@type":"ImageObject","inLanguage":"it-IT","@id":"https:\/\/secure.gravatar.com\/avatar\/ac5001d2a36cb6c6cd3e50789007ffca834b477b74a2144564522e944eabff61?s=96&d=mm&r=g","url":"https:\/\/secure.gravatar.com\/avatar\/ac5001d2a36cb6c6cd3e50789007ffca834b477b74a2144564522e944eabff61?s=96&d=mm&r=g","contentUrl":"https:\/\/secure.gravatar.com\/avatar\/ac5001d2a36cb6c6cd3e50789007ffca834b477b74a2144564522e944eabff61?s=96&d=mm&r=g","caption":"thomas.berner"},"url":"https:\/\/www.organisator.ch\/it\/author\/thomas-berner\/"}]}},"_links":{"self":[{"href":"https:\/\/www.organisator.ch\/it\/wp-json\/wp\/v2\/posts\/4790","targetHints":{"allow":["GET"]}}],"collection":[{"href":"https:\/\/www.organisator.ch\/it\/wp-json\/wp\/v2\/posts"}],"about":[{"href":"https:\/\/www.organisator.ch\/it\/wp-json\/wp\/v2\/types\/post"}],"author":[{"embeddable":true,"href":"https:\/\/www.organisator.ch\/it\/wp-json\/wp\/v2\/users\/4"}],"replies":[{"embeddable":true,"href":"https:\/\/www.organisator.ch\/it\/wp-json\/wp\/v2\/comments?post=4790"}],"version-history":[{"count":0,"href":"https:\/\/www.organisator.ch\/it\/wp-json\/wp\/v2\/posts\/4790\/revisions"}],"wp:featuredmedia":[{"embeddable":true,"href":"https:\/\/www.organisator.ch\/it\/wp-json\/wp\/v2\/media\/4793"}],"wp:attachment":[{"href":"https:\/\/www.organisator.ch\/it\/wp-json\/wp\/v2\/media?parent=4790"}],"wp:term":[{"taxonomy":"category","embeddable":true,"href":"https:\/\/www.organisator.ch\/it\/wp-json\/wp\/v2\/categories?post=4790"},{"taxonomy":"post_tag","embeddable":true,"href":"https:\/\/www.organisator.ch\/it\/wp-json\/wp\/v2\/tags?post=4790"}],"curies":[{"name":"wp","href":"https:\/\/api.w.org\/{rel}","templated":true}]}}