{"id":47904,"date":"2026-04-22T08:37:24","date_gmt":"2026-04-22T06:37:24","guid":{"rendered":"https:\/\/www.organisator.ch\/de\/?p=47904"},"modified":"2026-04-22T08:37:24","modified_gmt":"2026-04-22T06:37:24","slug":"die-meistgesuchten-lehrberufe-2026","status":"publish","type":"post","link":"https:\/\/www.organisator.ch\/it\/weiterbildung\/2026-04-22\/die-meistgesuchten-lehrberufe-2026\/","title":{"rendered":"Gli apprendistati pi\u00f9 richiesti nel 2026"},"content":{"rendered":"<figure id=\"attachment_47903\" aria-describedby=\"caption-attachment-47903\" style=\"width: 1000px\" class=\"wp-caption alignnone\"><img loading=\"lazy\" decoding=\"async\" class=\"wp-image-47903 size-full\" src=\"https:\/\/www.organisator.ch\/wp-content\/uploads\/2026\/04\/Depositphotos_48459093_S.jpg\" alt=\"\" width=\"1000\" height=\"667\" srcset=\"https:\/\/www.organisator.ch\/wp-content\/uploads\/2026\/04\/Depositphotos_48459093_S.jpg 1000w, https:\/\/www.organisator.ch\/wp-content\/uploads\/2026\/04\/Depositphotos_48459093_S-680x454.jpg 680w, https:\/\/www.organisator.ch\/wp-content\/uploads\/2026\/04\/Depositphotos_48459093_S-768x512.jpg 768w, https:\/\/www.organisator.ch\/wp-content\/uploads\/2026\/04\/Depositphotos_48459093_S-18x12.jpg 18w, https:\/\/www.organisator.ch\/wp-content\/uploads\/2026\/04\/Depositphotos_48459093_S-375x250.jpg 375w, https:\/\/www.organisator.ch\/wp-content\/uploads\/2026\/04\/Depositphotos_48459093_S-525x350.jpg 525w\" sizes=\"auto, (max-width: 1000px) 100vw, 1000px\" \/><figcaption id=\"caption-attachment-47903\" class=\"wp-caption-text\">L'apprendistato commerciale \u00e8 ancora in cima alla scala di popolarit\u00e0. (Immagine simbolica; Depositphotos.com)<\/figcaption><\/figure>\n<p>L'apprendistato \u00e8 molto apprezzato in Svizzera, come conferma il barometro dei posti di lavoro della SEFRI: nell'estate del 2025, 50 % di tutti i diplomati hanno optato per una formazione professionale di base. Una valutazione dei posti di apprendistato pi\u00f9 richiesti nel 2026, basata sulle query di ricerca su <a href=\"https:\/\/www.yousty.ch\" target=\"_blank\" rel=\"noopener\">yousty.ch<\/a> nella Svizzera tedesca, mostra un quadro stabile con poche variazioni.<\/p>\n<h3>L'apprendistato commerciale \u00e8 indiscutibilmente al primo posto<\/h3>\n<p>La professione di impiegato commerciale EFZ \u00e8 ancora di gran lunga l'apprendistato pi\u00f9 richiesto. Su un totale di circa 5 milioni di ricerche, 1 milione riguardava solo questa professione. I cantoni di Neuch\u00e2tel (5,0 % al di sotto della media nazionale), Nidvaldo (-4,3 %) e Ginevra (-3,3 %) presentano la percentuale pi\u00f9 bassa di ricerche di KV.<\/p>\n<p>Il commercio al dettaglio e le professioni informatiche seguono direttamente l'apprendistato commerciale. Rispetto all'anno precedente, questi due settori - insieme alla logistica e al disegno - sono saliti o scesi leggermente nella classifica. Tutte le altre professioni della top 10 hanno mantenuto l'esatta posizione dell'anno precedente. Non ci sono nuovi ingressi nella top 10.<\/p>\n<h3>Offerte di lavoro in apprendistato e differenze regionali<\/h3>\n<p>Il barometro dei posti vacanti mostra che 13 % di apprendistati sono rimasti aperti nell'ultimo anno di reclutamento. Al 22 aprile 2026, 12.696 apprendistati sono ancora pubblicizzati su yousty.ch.<\/p>\n<p>Oltre alle tendenze generali, esistono anche differenze regionali: La professione di specialista in cure EFZ (FaBe) \u00e8 la meno ricercata nei cantoni della Svizzera centrale di Zugo, Svitto e Nidvaldo, mentre \u00e8 la pi\u00f9 ricercata nei cantoni della Svizzera occidentale di Ginevra, Friburgo, Vallese, Neuch\u00e2tel e Vaud. Come nell'anno precedente, il cantone di Neuch\u00e2tel \u00e8 in testa alle ricerche per l'occupazione di specialista in farmacia EFZ (ex assistente farmaceutico), seguito da Friburgo e Vallese. La domanda di questa professione \u00e8 pi\u00f9 bassa nei cantoni rurali di Obvaldo, Uri, Zugo, Appenzello Esterno, Lucerna e Svitto.<\/p>\n<p>Per ulteriori informazioni e per i posti di apprendistato in corso, consultare il sito <a href=\"https:\/\/www.yousty.ch\" target=\"_blank\" rel=\"noopener\">yousty.ch<\/a> disponibile.<\/p>","protected":false},"excerpt":{"rendered":"<p>L'impiegato di commercio EFZ rimane di gran lunga l'apprendistato pi\u00f9 richiesto in Svizzera. Lo dimostra un'analisi delle query di ricerca su yousty.ch: La classifica \u00e8 stabile, mentre il commercio al dettaglio, l'informatica e la logistica si contendono i posti dietro.<\/p>","protected":false},"author":107,"featured_media":47903,"comment_status":"closed","ping_status":"closed","sticky":false,"template":"","format":"standard","meta":{"_acf_changed":false,"_yoast_wpseo_focuskw":"Lehrberufe 2026","_yoast_wpseo_metadesc":"Kaufmann\/Kauffrau EFZ bleibt 2026 der meistgesuchte Lehrberuf der Schweiz. Welche Berufe folgen \u2013 und wo bleiben Lehrstellen offen?","articlekey":"","footnotes":""},"categories":[30],"tags":[62,4177,254,424],"class_list":["post-47904","post","type-post","status-publish","format-standard","has-post-thumbnail","hentry","category-weiterbildung","tag-aus-weiterbildung","tag-berufslehre","tag-hrm","tag-schweiz"],"acf":[],"yoast_head":"<!-- This site is optimized with the Yoast SEO plugin v27.4 - https:\/\/yoast.com\/product\/yoast-seo-wordpress\/ -->\n<title>Die meistgesuchten Lehrberufe 2026 - Organisator<\/title>\n<meta name=\"description\" content=\"Kaufmann\/Kauffrau EFZ bleibt 2026 der meistgesuchte Lehrberuf der Schweiz. Welche Berufe folgen \u2013 und wo bleiben Lehrstellen offen?\" \/>\n<meta name=\"robots\" content=\"index, follow, max-snippet:-1, max-image-preview:large, max-video-preview:-1\" \/>\n<link rel=\"canonical\" href=\"https:\/\/www.organisator.ch\/it\/formazione-continua\/2026-04-22\/die-meistgesuchten-lehrberufe-2026\/\" \/>\n<meta property=\"og:locale\" content=\"it_IT\" \/>\n<meta property=\"og:type\" content=\"article\" \/>\n<meta property=\"og:title\" content=\"Die meistgesuchten Lehrberufe 2026 - Organisator\" \/>\n<meta property=\"og:description\" content=\"Kaufmann\/Kauffrau EFZ bleibt 2026 der meistgesuchte Lehrberuf der Schweiz. Welche Berufe folgen \u2013 und wo bleiben Lehrstellen offen?\" \/>\n<meta property=\"og:url\" content=\"https:\/\/www.organisator.ch\/it\/formazione-continua\/2026-04-22\/die-meistgesuchten-lehrberufe-2026\/\" \/>\n<meta property=\"og:site_name\" content=\"Organisator\" \/>\n<meta property=\"article:publisher\" content=\"https:\/\/www.facebook.com\/OrganisatorFachmagazin\" \/>\n<meta property=\"article:published_time\" content=\"2026-04-22T06:37:24+00:00\" \/>\n<meta property=\"og:image\" content=\"https:\/\/www.organisator.ch\/wp-content\/uploads\/2026\/04\/Depositphotos_48459093_S.jpg\" \/>\n\t<meta property=\"og:image:width\" content=\"1000\" \/>\n\t<meta property=\"og:image:height\" content=\"667\" \/>\n\t<meta property=\"og:image:type\" content=\"image\/jpeg\" \/>\n<meta name=\"author\" content=\"n8n\" \/>\n<meta name=\"twitter:card\" content=\"summary_large_image\" \/>\n<script type=\"application\/ld+json\" class=\"yoast-schema-graph\">{\"@context\":\"https:\\\/\\\/schema.org\",\"@graph\":[{\"@type\":\"Article\",\"@id\":\"https:\\\/\\\/www.organisator.ch\\\/weiterbildung\\\/2026-04-22\\\/die-meistgesuchten-lehrberufe-2026\\\/#article\",\"isPartOf\":{\"@id\":\"https:\\\/\\\/www.organisator.ch\\\/weiterbildung\\\/2026-04-22\\\/die-meistgesuchten-lehrberufe-2026\\\/\"},\"author\":{\"name\":\"n8n\",\"@id\":\"https:\\\/\\\/www.organisator.ch\\\/#\\\/schema\\\/person\\\/a9d0e0eff238db87a8f840f3b50359f0\"},\"headline\":\"Die meistgesuchten Lehrberufe 2026\",\"datePublished\":\"2026-04-22T06:37:24+00:00\",\"mainEntityOfPage\":{\"@id\":\"https:\\\/\\\/www.organisator.ch\\\/weiterbildung\\\/2026-04-22\\\/die-meistgesuchten-lehrberufe-2026\\\/\"},\"wordCount\":316,\"publisher\":{\"@id\":\"https:\\\/\\\/www.organisator.ch\\\/#organization\"},\"image\":{\"@id\":\"https:\\\/\\\/www.organisator.ch\\\/weiterbildung\\\/2026-04-22\\\/die-meistgesuchten-lehrberufe-2026\\\/#primaryimage\"},\"thumbnailUrl\":\"https:\\\/\\\/www.organisator.ch\\\/wp-content\\\/uploads\\\/2026\\\/04\\\/Depositphotos_48459093_S.jpg\",\"keywords\":[\"Aus-\\\/Weiterbildung\",\"Berufslehre\",\"HRM\",\"Schweiz\"],\"articleSection\":[\"WEITERBILDUNG\"],\"inLanguage\":\"it-IT\"},{\"@type\":\"WebPage\",\"@id\":\"https:\\\/\\\/www.organisator.ch\\\/weiterbildung\\\/2026-04-22\\\/die-meistgesuchten-lehrberufe-2026\\\/\",\"url\":\"https:\\\/\\\/www.organisator.ch\\\/weiterbildung\\\/2026-04-22\\\/die-meistgesuchten-lehrberufe-2026\\\/\",\"name\":\"Die meistgesuchten Lehrberufe 2026 - Organisator\",\"isPartOf\":{\"@id\":\"https:\\\/\\\/www.organisator.ch\\\/#website\"},\"primaryImageOfPage\":{\"@id\":\"https:\\\/\\\/www.organisator.ch\\\/weiterbildung\\\/2026-04-22\\\/die-meistgesuchten-lehrberufe-2026\\\/#primaryimage\"},\"image\":{\"@id\":\"https:\\\/\\\/www.organisator.ch\\\/weiterbildung\\\/2026-04-22\\\/die-meistgesuchten-lehrberufe-2026\\\/#primaryimage\"},\"thumbnailUrl\":\"https:\\\/\\\/www.organisator.ch\\\/wp-content\\\/uploads\\\/2026\\\/04\\\/Depositphotos_48459093_S.jpg\",\"datePublished\":\"2026-04-22T06:37:24+00:00\",\"description\":\"Kaufmann\\\/Kauffrau EFZ bleibt 2026 der meistgesuchte Lehrberuf der Schweiz. Welche Berufe folgen \u2013 und wo bleiben Lehrstellen offen?\",\"breadcrumb\":{\"@id\":\"https:\\\/\\\/www.organisator.ch\\\/weiterbildung\\\/2026-04-22\\\/die-meistgesuchten-lehrberufe-2026\\\/#breadcrumb\"},\"inLanguage\":\"it-IT\",\"potentialAction\":[{\"@type\":\"ReadAction\",\"target\":[\"https:\\\/\\\/www.organisator.ch\\\/weiterbildung\\\/2026-04-22\\\/die-meistgesuchten-lehrberufe-2026\\\/\"]}]},{\"@type\":\"ImageObject\",\"inLanguage\":\"it-IT\",\"@id\":\"https:\\\/\\\/www.organisator.ch\\\/weiterbildung\\\/2026-04-22\\\/die-meistgesuchten-lehrberufe-2026\\\/#primaryimage\",\"url\":\"https:\\\/\\\/www.organisator.ch\\\/wp-content\\\/uploads\\\/2026\\\/04\\\/Depositphotos_48459093_S.jpg\",\"contentUrl\":\"https:\\\/\\\/www.organisator.ch\\\/wp-content\\\/uploads\\\/2026\\\/04\\\/Depositphotos_48459093_S.jpg\",\"width\":1000,\"height\":667,\"caption\":\"Neue L\u00f6sungen durch effektive Zusammenarbeit Quelle: zvg\"},{\"@type\":\"BreadcrumbList\",\"@id\":\"https:\\\/\\\/www.organisator.ch\\\/weiterbildung\\\/2026-04-22\\\/die-meistgesuchten-lehrberufe-2026\\\/#breadcrumb\",\"itemListElement\":[{\"@type\":\"ListItem\",\"position\":1,\"name\":\"Home\",\"item\":\"https:\\\/\\\/www.organisator.ch\\\/\"},{\"@type\":\"ListItem\",\"position\":2,\"name\":\"Die meistgesuchten Lehrberufe 2026\"}]},{\"@type\":\"WebSite\",\"@id\":\"https:\\\/\\\/www.organisator.ch\\\/#website\",\"url\":\"https:\\\/\\\/www.organisator.ch\\\/\",\"name\":\"Organisator\",\"description\":\"Kompetent. Praxisnah. Der ORGANISATOR bereitet in 10 Ausgaben pro Jahr die wesentlichen Themen f\u00fcr F\u00fchrungskr\u00e4fte von KMU auf.\",\"publisher\":{\"@id\":\"https:\\\/\\\/www.organisator.ch\\\/#organization\"},\"potentialAction\":[{\"@type\":\"SearchAction\",\"target\":{\"@type\":\"EntryPoint\",\"urlTemplate\":\"https:\\\/\\\/www.organisator.ch\\\/?s={search_term_string}\"},\"query-input\":{\"@type\":\"PropertyValueSpecification\",\"valueRequired\":true,\"valueName\":\"search_term_string\"}}],\"inLanguage\":\"it-IT\"},{\"@type\":\"Organization\",\"@id\":\"https:\\\/\\\/www.organisator.ch\\\/#organization\",\"name\":\"Organisator\",\"url\":\"https:\\\/\\\/www.organisator.ch\\\/\",\"logo\":{\"@type\":\"ImageObject\",\"inLanguage\":\"it-IT\",\"@id\":\"https:\\\/\\\/www.organisator.ch\\\/#\\\/schema\\\/logo\\\/image\\\/\",\"url\":\"https:\\\/\\\/www.organisator.ch\\\/wp-content\\\/uploads\\\/2022\\\/01\\\/Logo_Organisator_Website.png\",\"contentUrl\":\"https:\\\/\\\/www.organisator.ch\\\/wp-content\\\/uploads\\\/2022\\\/01\\\/Logo_Organisator_Website.png\",\"width\":800,\"height\":77,\"caption\":\"Organisator\"},\"image\":{\"@id\":\"https:\\\/\\\/www.organisator.ch\\\/#\\\/schema\\\/logo\\\/image\\\/\"},\"sameAs\":[\"https:\\\/\\\/www.facebook.com\\\/OrganisatorFachmagazin\",\"https:\\\/\\\/www.linkedin.com\\\/showcase\\\/organisator-das-magazin-fr-kmu\",\"https:\\\/\\\/www.xing.com\\\/news\\\/pages\\\/organisator-ch-695\",\"https:\\\/\\\/www.youtube.com\\\/channel\\\/UCGP2Sq0iWaZwT3BdIAQFYpw\"]},{\"@type\":\"Person\",\"@id\":\"https:\\\/\\\/www.organisator.ch\\\/#\\\/schema\\\/person\\\/a9d0e0eff238db87a8f840f3b50359f0\",\"name\":\"n8n\",\"image\":{\"@type\":\"ImageObject\",\"inLanguage\":\"it-IT\",\"@id\":\"https:\\\/\\\/secure.gravatar.com\\\/avatar\\\/5368fb9d03fd415a6f335cece4c15af2502d6ca8651efbd6e8f98427a9795400?s=96&d=mm&r=g\",\"url\":\"https:\\\/\\\/secure.gravatar.com\\\/avatar\\\/5368fb9d03fd415a6f335cece4c15af2502d6ca8651efbd6e8f98427a9795400?s=96&d=mm&r=g\",\"contentUrl\":\"https:\\\/\\\/secure.gravatar.com\\\/avatar\\\/5368fb9d03fd415a6f335cece4c15af2502d6ca8651efbd6e8f98427a9795400?s=96&d=mm&r=g\",\"caption\":\"n8n\"},\"url\":\"https:\\\/\\\/www.organisator.ch\\\/it\\\/author\\\/n8n\\\/\"}]}<\/script>\n<!-- \/ Yoast SEO plugin. -->","yoast_head_json":{"title":"Gli apprendistati pi\u00f9 richiesti nel 2026 - Organizer","description":"L'impiegato di commercio EFZ rimane l'apprendistato pi\u00f9 richiesto in Svizzera nel 2026. Quali professioni seguiranno e dove rimarranno vacanti gli apprendistati?","robots":{"index":"index","follow":"follow","max-snippet":"max-snippet:-1","max-image-preview":"max-image-preview:large","max-video-preview":"max-video-preview:-1"},"canonical":"https:\/\/www.organisator.ch\/it\/formazione-continua\/2026-04-22\/die-meistgesuchten-lehrberufe-2026\/","og_locale":"it_IT","og_type":"article","og_title":"Die meistgesuchten Lehrberufe 2026 - Organisator","og_description":"Kaufmann\/Kauffrau EFZ bleibt 2026 der meistgesuchte Lehrberuf der Schweiz. Welche Berufe folgen \u2013 und wo bleiben Lehrstellen offen?","og_url":"https:\/\/www.organisator.ch\/it\/formazione-continua\/2026-04-22\/die-meistgesuchten-lehrberufe-2026\/","og_site_name":"Organisator","article_publisher":"https:\/\/www.facebook.com\/OrganisatorFachmagazin","article_published_time":"2026-04-22T06:37:24+00:00","og_image":[{"width":1000,"height":667,"url":"https:\/\/www.organisator.ch\/wp-content\/uploads\/2026\/04\/Depositphotos_48459093_S.jpg","type":"image\/jpeg"}],"author":"n8n","twitter_card":"summary_large_image","schema":{"@context":"https:\/\/schema.org","@graph":[{"@type":"Article","@id":"https:\/\/www.organisator.ch\/weiterbildung\/2026-04-22\/die-meistgesuchten-lehrberufe-2026\/#article","isPartOf":{"@id":"https:\/\/www.organisator.ch\/weiterbildung\/2026-04-22\/die-meistgesuchten-lehrberufe-2026\/"},"author":{"name":"n8n","@id":"https:\/\/www.organisator.ch\/#\/schema\/person\/a9d0e0eff238db87a8f840f3b50359f0"},"headline":"Die meistgesuchten Lehrberufe 2026","datePublished":"2026-04-22T06:37:24+00:00","mainEntityOfPage":{"@id":"https:\/\/www.organisator.ch\/weiterbildung\/2026-04-22\/die-meistgesuchten-lehrberufe-2026\/"},"wordCount":316,"publisher":{"@id":"https:\/\/www.organisator.ch\/#organization"},"image":{"@id":"https:\/\/www.organisator.ch\/weiterbildung\/2026-04-22\/die-meistgesuchten-lehrberufe-2026\/#primaryimage"},"thumbnailUrl":"https:\/\/www.organisator.ch\/wp-content\/uploads\/2026\/04\/Depositphotos_48459093_S.jpg","keywords":["Aus-\/Weiterbildung","Berufslehre","HRM","Schweiz"],"articleSection":["WEITERBILDUNG"],"inLanguage":"it-IT"},{"@type":"WebPage","@id":"https:\/\/www.organisator.ch\/weiterbildung\/2026-04-22\/die-meistgesuchten-lehrberufe-2026\/","url":"https:\/\/www.organisator.ch\/weiterbildung\/2026-04-22\/die-meistgesuchten-lehrberufe-2026\/","name":"Gli apprendistati pi\u00f9 richiesti nel 2026 - Organizer","isPartOf":{"@id":"https:\/\/www.organisator.ch\/#website"},"primaryImageOfPage":{"@id":"https:\/\/www.organisator.ch\/weiterbildung\/2026-04-22\/die-meistgesuchten-lehrberufe-2026\/#primaryimage"},"image":{"@id":"https:\/\/www.organisator.ch\/weiterbildung\/2026-04-22\/die-meistgesuchten-lehrberufe-2026\/#primaryimage"},"thumbnailUrl":"https:\/\/www.organisator.ch\/wp-content\/uploads\/2026\/04\/Depositphotos_48459093_S.jpg","datePublished":"2026-04-22T06:37:24+00:00","description":"L'impiegato di commercio EFZ rimane l'apprendistato pi\u00f9 richiesto in Svizzera nel 2026. Quali professioni seguiranno e dove rimarranno vacanti gli apprendistati?","breadcrumb":{"@id":"https:\/\/www.organisator.ch\/weiterbildung\/2026-04-22\/die-meistgesuchten-lehrberufe-2026\/#breadcrumb"},"inLanguage":"it-IT","potentialAction":[{"@type":"ReadAction","target":["https:\/\/www.organisator.ch\/weiterbildung\/2026-04-22\/die-meistgesuchten-lehrberufe-2026\/"]}]},{"@type":"ImageObject","inLanguage":"it-IT","@id":"https:\/\/www.organisator.ch\/weiterbildung\/2026-04-22\/die-meistgesuchten-lehrberufe-2026\/#primaryimage","url":"https:\/\/www.organisator.ch\/wp-content\/uploads\/2026\/04\/Depositphotos_48459093_S.jpg","contentUrl":"https:\/\/www.organisator.ch\/wp-content\/uploads\/2026\/04\/Depositphotos_48459093_S.jpg","width":1000,"height":667,"caption":"Neue L\u00f6sungen durch effektive Zusammenarbeit Quelle: zvg"},{"@type":"BreadcrumbList","@id":"https:\/\/www.organisator.ch\/weiterbildung\/2026-04-22\/die-meistgesuchten-lehrberufe-2026\/#breadcrumb","itemListElement":[{"@type":"ListItem","position":1,"name":"Home","item":"https:\/\/www.organisator.ch\/"},{"@type":"ListItem","position":2,"name":"Die meistgesuchten Lehrberufe 2026"}]},{"@type":"WebSite","@id":"https:\/\/www.organisator.ch\/#website","url":"https:\/\/www.organisator.ch\/","name":"Organizzatore","description":"Competente. Pratico. In 10 numeri all'anno, ORGANISATOR presenta i temi essenziali per i manager delle PMI.","publisher":{"@id":"https:\/\/www.organisator.ch\/#organization"},"potentialAction":[{"@type":"SearchAction","target":{"@type":"EntryPoint","urlTemplate":"https:\/\/www.organisator.ch\/?s={search_term_string}"},"query-input":{"@type":"PropertyValueSpecification","valueRequired":true,"valueName":"search_term_string"}}],"inLanguage":"it-IT"},{"@type":"Organization","@id":"https:\/\/www.organisator.ch\/#organization","name":"Organizzatore","url":"https:\/\/www.organisator.ch\/","logo":{"@type":"ImageObject","inLanguage":"it-IT","@id":"https:\/\/www.organisator.ch\/#\/schema\/logo\/image\/","url":"https:\/\/www.organisator.ch\/wp-content\/uploads\/2022\/01\/Logo_Organisator_Website.png","contentUrl":"https:\/\/www.organisator.ch\/wp-content\/uploads\/2022\/01\/Logo_Organisator_Website.png","width":800,"height":77,"caption":"Organisator"},"image":{"@id":"https:\/\/www.organisator.ch\/#\/schema\/logo\/image\/"},"sameAs":["https:\/\/www.facebook.com\/OrganisatorFachmagazin","https:\/\/www.linkedin.com\/showcase\/organisator-das-magazin-fr-kmu","https:\/\/www.xing.com\/news\/pages\/organisator-ch-695","https:\/\/www.youtube.com\/channel\/UCGP2Sq0iWaZwT3BdIAQFYpw"]},{"@type":"Person","@id":"https:\/\/www.organisator.ch\/#\/schema\/person\/a9d0e0eff238db87a8f840f3b50359f0","name":"n8n","image":{"@type":"ImageObject","inLanguage":"it-IT","@id":"https:\/\/secure.gravatar.com\/avatar\/5368fb9d03fd415a6f335cece4c15af2502d6ca8651efbd6e8f98427a9795400?s=96&d=mm&r=g","url":"https:\/\/secure.gravatar.com\/avatar\/5368fb9d03fd415a6f335cece4c15af2502d6ca8651efbd6e8f98427a9795400?s=96&d=mm&r=g","contentUrl":"https:\/\/secure.gravatar.com\/avatar\/5368fb9d03fd415a6f335cece4c15af2502d6ca8651efbd6e8f98427a9795400?s=96&d=mm&r=g","caption":"n8n"},"url":"https:\/\/www.organisator.ch\/it\/author\/n8n\/"}]}},"_links":{"self":[{"href":"https:\/\/www.organisator.ch\/it\/wp-json\/wp\/v2\/posts\/47904","targetHints":{"allow":["GET"]}}],"collection":[{"href":"https:\/\/www.organisator.ch\/it\/wp-json\/wp\/v2\/posts"}],"about":[{"href":"https:\/\/www.organisator.ch\/it\/wp-json\/wp\/v2\/types\/post"}],"author":[{"embeddable":true,"href":"https:\/\/www.organisator.ch\/it\/wp-json\/wp\/v2\/users\/107"}],"replies":[{"embeddable":true,"href":"https:\/\/www.organisator.ch\/it\/wp-json\/wp\/v2\/comments?post=47904"}],"version-history":[{"count":3,"href":"https:\/\/www.organisator.ch\/it\/wp-json\/wp\/v2\/posts\/47904\/revisions"}],"predecessor-version":[{"id":47927,"href":"https:\/\/www.organisator.ch\/it\/wp-json\/wp\/v2\/posts\/47904\/revisions\/47927"}],"wp:featuredmedia":[{"embeddable":true,"href":"https:\/\/www.organisator.ch\/it\/wp-json\/wp\/v2\/media\/47903"}],"wp:attachment":[{"href":"https:\/\/www.organisator.ch\/it\/wp-json\/wp\/v2\/media?parent=47904"}],"wp:term":[{"taxonomy":"category","embeddable":true,"href":"https:\/\/www.organisator.ch\/it\/wp-json\/wp\/v2\/categories?post=47904"},{"taxonomy":"post_tag","embeddable":true,"href":"https:\/\/www.organisator.ch\/it\/wp-json\/wp\/v2\/tags?post=47904"}],"curies":[{"name":"wp","href":"https:\/\/api.w.org\/{rel}","templated":true}]}}