{"id":47919,"date":"2026-04-22T10:35:52","date_gmt":"2026-04-22T08:35:52","guid":{"rendered":"https:\/\/www.organisator.ch\/de\/?p=47919"},"modified":"2026-04-22T10:35:52","modified_gmt":"2026-04-22T08:35:52","slug":"schweizer-insolvenzen-erreichen-historischen-rekord","status":"publish","type":"post","link":"https:\/\/www.organisator.ch\/it\/management\/2026-04-22\/schweizer-insolvenzen-erreichen-historischen-rekord\/","title":{"rendered":"Le insolvenze svizzere raggiungono il record storico"},"content":{"rendered":"<figure id=\"attachment_47916\" aria-describedby=\"caption-attachment-47916\" style=\"width: 680px\" class=\"wp-caption alignnone\"><img loading=\"lazy\" decoding=\"async\" class=\"wp-image-47916 size-medium\" src=\"https:\/\/www.organisator.ch\/wp-content\/uploads\/2026\/04\/123866b6-d299-724f-233b-1927c42e7bd2-680x282.jpg\" alt=\"La Svizzera prevede 14.000 insolvenze, un record negativo di sempre. Fonte: zvg\" width=\"680\" height=\"282\" srcset=\"https:\/\/www.organisator.ch\/wp-content\/uploads\/2026\/04\/123866b6-d299-724f-233b-1927c42e7bd2-680x282.jpg 680w, https:\/\/www.organisator.ch\/wp-content\/uploads\/2026\/04\/123866b6-d299-724f-233b-1927c42e7bd2-1024x424.jpg 1024w, https:\/\/www.organisator.ch\/wp-content\/uploads\/2026\/04\/123866b6-d299-724f-233b-1927c42e7bd2-768x318.jpg 768w, https:\/\/www.organisator.ch\/wp-content\/uploads\/2026\/04\/123866b6-d299-724f-233b-1927c42e7bd2-1536x636.jpg 1536w, https:\/\/www.organisator.ch\/wp-content\/uploads\/2026\/04\/123866b6-d299-724f-233b-1927c42e7bd2-2048x849.jpg 2048w, https:\/\/www.organisator.ch\/wp-content\/uploads\/2026\/04\/123866b6-d299-724f-233b-1927c42e7bd2-18x7.jpg 18w, https:\/\/www.organisator.ch\/wp-content\/uploads\/2026\/04\/123866b6-d299-724f-233b-1927c42e7bd2-375x155.jpg 375w, https:\/\/www.organisator.ch\/wp-content\/uploads\/2026\/04\/123866b6-d299-724f-233b-1927c42e7bd2-760x315.jpg 760w, https:\/\/www.organisator.ch\/wp-content\/uploads\/2026\/04\/123866b6-d299-724f-233b-1927c42e7bd2-1000x414.jpg 1000w, https:\/\/www.organisator.ch\/wp-content\/uploads\/2026\/04\/123866b6-d299-724f-233b-1927c42e7bd2-scaled.jpg 1400w\" sizes=\"auto, (max-width: 680px) 100vw, 680px\" \/><figcaption id=\"caption-attachment-47916\" class=\"wp-caption-text\">Mappa di calore globale: In quale parte del mondo c'\u00e8 la maggiore minaccia di insolvenza? La sola Svizzera prevede 14.000 insolvenze, un record negativo di sempre. Fonte: Ricerca Allianz<\/figcaption><\/figure>\n<p>La Svizzera sta affrontando un aumento senza precedenti delle insolvenze aziendali. Secondo l'ultimo rapporto globale sulle insolvenze di Allianz Trade, il principale assicuratore creditizio al mondo, nel 2026 si prevedono circa 14.000 insolvenze in Svizzera. Si tratta del sesto aumento consecutivo, il doppio dei casi rispetto al 2022 e quasi il triplo rispetto alla media pre-pandemia.<\/p>\n<h3>Il nuovo sistema di insolvenza come fattore chiave<\/h3>\n<p>Un fattore decisivo di questo massiccio aumento \u00e8 il nuovo sistema di insolvenza svizzero, entrato in vigore il 1\u00b0 gennaio 2025. Con l'abrogazione dei commi 1 e 1bis dell'articolo 43 della Legge federale sull'esecuzione e il fallimento (DEBA), i debiti di diritto pubblico - tra cui l'IVA, le imposte e i contributi sociali - possono ora portare direttamente al fallimento di una societ\u00e0 iscritta nel registro delle imprese, anzich\u00e9 essere perseguiti attraverso la procedura di pignoramento come avveniva in precedenza. Questa riforma interessa tutte le societ\u00e0 e le strutture giuridiche registrate, compresi i lavoratori autonomi.<\/p>\n<p>Jan M\u00f6llmann, Amministratore Delegato di Allianz Trade in Svizzera, ha descritto la situazione come segue: \u00abOltre al nuovo sistema di insolvenza, anche le prospettive economiche e le previsioni di crescita inferiori alla media, che sono state riviste al ribasso a causa dell'aumento dei prezzi dell'energia e delle incertezze globali, contribuiscono al trend negativo. Attualmente prevediamo che l'aumento delle insolvenze sar\u00e0 di +20 % nel 2026 - dopo +38 % nel 2024 e +17 % nel 2023 - prima di una normalizzazione a partire dal 2027 (-3 %)\u00bb.\u00bb<\/p>\n<h3>Il conflitto in Medio Oriente aggrava la situazione di insolvenza globale<\/h3>\n<p>Anche a livello internazionale vi sono segnali di un significativo deterioramento. La crisi in Medio Oriente ha aumentato la volatilit\u00e0 dei mercati energetici, reso pi\u00f9 costosi i costi di trasporto e destabilizzato le catene di approvvigionamento globali. Allianz Trade prevede che il numero di insolvenze aziendali a livello mondiale aumenter\u00e0 di 6 % nel 2026, per la quinta volta consecutiva. Prima del conflitto, la previsione era di +3 %.<\/p>\n<p>Aylin Somersan Coqui, CEO di Allianz Trade, commenta: \u00abQuesta situazione sta facendo lievitare i costi lungo le catene del valore globali, dall'agricoltura e dall'alimentazione alla produzione, alla sanit\u00e0 e alla tecnologia. Inoltre, sta esacerbando la pressione sui settori ad alta intensit\u00e0 energetica come i trasporti, i prodotti chimici e i metalli. La combinazione di indebolimento della domanda, aumento dei costi dei fattori di produzione e condizioni finanziarie rigide sta pesando sulle aziende che hanno un debole potere di determinazione dei prezzi, margini bassi, un debito elevato o un fabbisogno di capitale circolante strutturalmente maggiore. Rispetto alle nostre previsioni pre-crisi, i danni diretti del conflitto in Medio Oriente comporteranno 7.000 insolvenze aziendali in pi\u00f9 a livello mondiale nel 2026 e 7.900 nel 2027\u00bb.\u00bb<\/p>\n<figure id=\"attachment_47917\" aria-describedby=\"caption-attachment-47917\" style=\"width: 1400px\" class=\"wp-caption alignnone\"><img loading=\"lazy\" decoding=\"async\" class=\"wp-image-47917 size-full\" src=\"https:\/\/www.organisator.ch\/wp-content\/uploads\/2026\/04\/cf85bc16-961c-411b-5a81-00d574379a28-scaled.jpg\" alt=\"\" width=\"1400\" height=\"1087\" srcset=\"https:\/\/www.organisator.ch\/wp-content\/uploads\/2026\/04\/cf85bc16-961c-411b-5a81-00d574379a28-scaled.jpg 1400w, https:\/\/www.organisator.ch\/wp-content\/uploads\/2026\/04\/cf85bc16-961c-411b-5a81-00d574379a28-680x528.jpg 680w, https:\/\/www.organisator.ch\/wp-content\/uploads\/2026\/04\/cf85bc16-961c-411b-5a81-00d574379a28-1024x795.jpg 1024w, https:\/\/www.organisator.ch\/wp-content\/uploads\/2026\/04\/cf85bc16-961c-411b-5a81-00d574379a28-768x596.jpg 768w, https:\/\/www.organisator.ch\/wp-content\/uploads\/2026\/04\/cf85bc16-961c-411b-5a81-00d574379a28-1536x1193.jpg 1536w, https:\/\/www.organisator.ch\/wp-content\/uploads\/2026\/04\/cf85bc16-961c-411b-5a81-00d574379a28-15x12.jpg 15w, https:\/\/www.organisator.ch\/wp-content\/uploads\/2026\/04\/cf85bc16-961c-411b-5a81-00d574379a28-375x291.jpg 375w, https:\/\/www.organisator.ch\/wp-content\/uploads\/2026\/04\/cf85bc16-961c-411b-5a81-00d574379a28-451x350.jpg 451w, https:\/\/www.organisator.ch\/wp-content\/uploads\/2026\/04\/cf85bc16-961c-411b-5a81-00d574379a28-1000x776.jpg 1000w\" sizes=\"auto, (max-width: 1400px) 100vw, 1400px\" \/><figcaption id=\"caption-attachment-47917\" class=\"wp-caption-text\">Principali insolvenze, dati trimestrali, per settore, a livello mondiale. Fonte: Allianz Research<\/figcaption><\/figure>\n<h3>Caso peggiore: l'escalation aggraverebbe ulteriormente la situazione.<\/h3>\n<p>Se lo Stretto di Hormuz dovesse rimanere bloccato a lungo termine, le conseguenze potrebbero essere notevolmente aggravate da prolungate interruzioni delle forniture di petrolio e gas e di altre materie prime come fertilizzanti ed elio. Maxime Lemerle, analista capo della ricerca sulle insolvenze di Allianz Trade, avverte: \u00abUn'escalation prolungata e diffusa porterebbe a un aumento delle insolvenze globali di 10 % nel 2026 e di 3 % nel 2027. Ci\u00f2 significherebbe circa 4100 insolvenze in pi\u00f9 negli Stati Uniti e 10.500 in Europa occidentale nel periodo 2026-2027\u2019.\u00bb<\/p>\n<h3>Milioni di posti di lavoro a rischio<\/h3>\n<p>Il previsto aumento delle insolvenze aziendali globali di 6 % nel 2026 metter\u00e0 sotto pressione anche i posti di lavoro. Secondo le stime di Allianz Trade, circa 2,2 milioni di posti di lavoro sarebbero direttamente a rischio - 94.000 in pi\u00f9 rispetto all'anno precedente. Secondo Lemerle, sarebbero particolarmente colpiti i settori dell'edilizia, del commercio al dettaglio e dei servizi. L'Europa \u00e8 in testa alle statistiche globali con 1,3 milioni di posti di lavoro potenzialmente interessati. L'Europa occidentale e il Nord America potrebbero registrare un massimo di 12 anni. Complessivamente, i posti di lavoro minacciati dalle insolvenze potrebbero rappresentare circa 6 % del numero totale di disoccupati negli Stati Uniti e in Europa.<\/p>\n<figure id=\"attachment_47918\" aria-describedby=\"caption-attachment-47918\" style=\"width: 1400px\" class=\"wp-caption alignnone\"><img loading=\"lazy\" decoding=\"async\" class=\"size-full wp-image-47918\" src=\"https:\/\/www.organisator.ch\/wp-content\/uploads\/2026\/04\/d8e14998-11ea-0eb0-026d-7dd52523c446-scaled.jpg\" alt=\"\" width=\"1400\" height=\"1062\" srcset=\"https:\/\/www.organisator.ch\/wp-content\/uploads\/2026\/04\/d8e14998-11ea-0eb0-026d-7dd52523c446-scaled.jpg 1400w, https:\/\/www.organisator.ch\/wp-content\/uploads\/2026\/04\/d8e14998-11ea-0eb0-026d-7dd52523c446-680x516.jpg 680w, https:\/\/www.organisator.ch\/wp-content\/uploads\/2026\/04\/d8e14998-11ea-0eb0-026d-7dd52523c446-1024x777.jpg 1024w, https:\/\/www.organisator.ch\/wp-content\/uploads\/2026\/04\/d8e14998-11ea-0eb0-026d-7dd52523c446-768x582.jpg 768w, https:\/\/www.organisator.ch\/wp-content\/uploads\/2026\/04\/d8e14998-11ea-0eb0-026d-7dd52523c446-1536x1165.jpg 1536w, https:\/\/www.organisator.ch\/wp-content\/uploads\/2026\/04\/d8e14998-11ea-0eb0-026d-7dd52523c446-16x12.jpg 16w, https:\/\/www.organisator.ch\/wp-content\/uploads\/2026\/04\/d8e14998-11ea-0eb0-026d-7dd52523c446-375x284.jpg 375w, https:\/\/www.organisator.ch\/wp-content\/uploads\/2026\/04\/d8e14998-11ea-0eb0-026d-7dd52523c446-461x350.jpg 461w, https:\/\/www.organisator.ch\/wp-content\/uploads\/2026\/04\/d8e14998-11ea-0eb0-026d-7dd52523c446-1000x758.jpg 1000w\" sizes=\"auto, (max-width: 1400px) 100vw, 1400px\" \/><figcaption id=\"caption-attachment-47918\" class=\"wp-caption-text\">Indici di insolvenza globali e regionali, livello annuale, base 100: media 2016-2019. Fonte: Allianz Research<\/figcaption><\/figure>\n<h3>La stabilizzazione non \u00e8 prevista prima del 2027<\/h3>\n<p>Allianz Trade prevede una stabilizzazione ad un livello elevato a livello globale nel 2027 - prima del conflitto in Medio Oriente era stato previsto un leggero calo. In Svizzera, si prevede una normalizzazione a partire dal 2027, con un calo del numero di insolvenze del 3 %. Fino ad allora, la situazione rimarr\u00e0 difficile per molte aziende, soprattutto per le PMI.<\/p>\n<figure id=\"attachment_47914\" aria-describedby=\"caption-attachment-47914\" style=\"width: 888px\" class=\"wp-caption alignnone\"><img loading=\"lazy\" decoding=\"async\" class=\"wp-image-47914 size-full\" src=\"https:\/\/www.organisator.ch\/wp-content\/uploads\/2026\/04\/930671ac-cace-9d62-5ae3-a107c36471b4-scaled.jpg\" alt=\"\" width=\"888\" height=\"1400\" srcset=\"https:\/\/www.organisator.ch\/wp-content\/uploads\/2026\/04\/930671ac-cace-9d62-5ae3-a107c36471b4-scaled.jpg 888w, https:\/\/www.organisator.ch\/wp-content\/uploads\/2026\/04\/930671ac-cace-9d62-5ae3-a107c36471b4-634x1000.jpg 634w, https:\/\/www.organisator.ch\/wp-content\/uploads\/2026\/04\/930671ac-cace-9d62-5ae3-a107c36471b4-650x1024.jpg 650w, https:\/\/www.organisator.ch\/wp-content\/uploads\/2026\/04\/930671ac-cace-9d62-5ae3-a107c36471b4-768x1210.jpg 768w, https:\/\/www.organisator.ch\/wp-content\/uploads\/2026\/04\/930671ac-cace-9d62-5ae3-a107c36471b4-975x1536.jpg 975w, https:\/\/www.organisator.ch\/wp-content\/uploads\/2026\/04\/930671ac-cace-9d62-5ae3-a107c36471b4-8x12.jpg 8w, https:\/\/www.organisator.ch\/wp-content\/uploads\/2026\/04\/930671ac-cace-9d62-5ae3-a107c36471b4-190x300.jpg 190w, https:\/\/www.organisator.ch\/wp-content\/uploads\/2026\/04\/930671ac-cace-9d62-5ae3-a107c36471b4-222x350.jpg 222w, https:\/\/www.organisator.ch\/wp-content\/uploads\/2026\/04\/930671ac-cace-9d62-5ae3-a107c36471b4-508x800.jpg 508w\" sizes=\"auto, (max-width: 888px) 100vw, 888px\" \/><figcaption id=\"caption-attachment-47914\" class=\"wp-caption-text\">Insolvenze 2026, variazione annuale in %. Fonte: Ricerca Allianz<\/figcaption><\/figure>\n<p><em>Fonte: <a href=\"http:\/\/www.allianz-trade.ch\">Alleanza commerciale<\/a><\/em><\/p>","protected":false},"excerpt":{"rendered":"<p>L'assicuratore creditizio globale Allianz Trade prevede circa 14.000 insolvenze aziendali in Svizzera nel 2026 - un nuovo record negativo di tutti i tempi. Il conflitto in Medio Oriente sta aggravando la situazione e sta portando i fallimenti globali a un massimo di cinque anni.<\/p>","protected":false},"author":107,"featured_media":47916,"comment_status":"closed","ping_status":"closed","sticky":false,"template":"","format":"standard","meta":{"_acf_changed":false,"_yoast_wpseo_focuskw":"Insolvenzen 2026","_yoast_wpseo_metadesc":"Allianz Trade prognostiziert 14'000 Insolvenzen in der Schweiz \u2013 ein Rekord. Nahostkonflikt versch\u00e4rft die globale Insolvenzlage weiter.","articlekey":"","footnotes":""},"categories":[28],"tags":[202,3741,335,2861],"class_list":["post-47919","post","type-post","status-publish","format-standard","has-post-thumbnail","hentry","category-management","tag-finanzenrecht","tag-insolvenzen","tag-management-und-unternehmensfuehrung","tag-weltwirtschaft"],"acf":[],"yoast_head":"<!-- This site is optimized with the Yoast SEO plugin v27.4 - https:\/\/yoast.com\/product\/yoast-seo-wordpress\/ -->\n<title>Schweizer Insolvenzen erreichen historischen Rekord - Organisator<\/title>\n<meta name=\"description\" content=\"Allianz Trade prognostiziert 14&#039;000 Insolvenzen in der Schweiz \u2013 ein Rekord. Nahostkonflikt versch\u00e4rft die globale Insolvenzlage weiter.\" \/>\n<meta name=\"robots\" content=\"index, follow, max-snippet:-1, max-image-preview:large, max-video-preview:-1\" \/>\n<link rel=\"canonical\" href=\"https:\/\/www.organisator.ch\/it\/gestione-2\/2026-04-22\/schweizer-insolvenzen-erreichen-historischen-rekord\/\" \/>\n<meta property=\"og:locale\" content=\"it_IT\" \/>\n<meta property=\"og:type\" content=\"article\" \/>\n<meta property=\"og:title\" content=\"Schweizer Insolvenzen erreichen historischen Rekord\" \/>\n<meta property=\"og:description\" content=\"Allianz Trade prognostiziert 14&#039;000 Insolvenzen in der Schweiz \u2013 ein Rekord. Nahostkonflikt versch\u00e4rft die globale Insolvenzlage weiter.\" \/>\n<meta property=\"og:url\" content=\"https:\/\/www.organisator.ch\/it\/gestione-2\/2026-04-22\/schweizer-insolvenzen-erreichen-historischen-rekord\/\" \/>\n<meta property=\"og:site_name\" content=\"Organisator\" \/>\n<meta property=\"article:publisher\" content=\"https:\/\/www.facebook.com\/OrganisatorFachmagazin\" \/>\n<meta property=\"article:published_time\" content=\"2026-04-22T08:35:52+00:00\" \/>\n<meta property=\"og:image\" content=\"https:\/\/www.organisator.ch\/wp-content\/uploads\/2026\/04\/123866b6-d299-724f-233b-1927c42e7bd2-scaled.jpg\" \/>\n\t<meta property=\"og:image:width\" content=\"1400\" \/>\n\t<meta property=\"og:image:height\" content=\"580\" \/>\n\t<meta property=\"og:image:type\" content=\"image\/jpeg\" \/>\n<meta name=\"author\" content=\"n8n\" \/>\n<meta name=\"twitter:card\" content=\"summary_large_image\" \/>\n<meta name=\"twitter:title\" content=\"Schweizer #Insolvenzen erreichen historischen #Rekord\" \/>\n<meta name=\"twitter:description\" content=\"Allianz Trade prognostiziert 14&#039;000 Insolvenzen in der Schweiz \u2013 ein #Rekord. #Nahostkonflikt versch\u00e4rft die globale #Insolvenzlage weiter.\" \/>\n<meta name=\"twitter:image\" content=\"https:\/\/www.organisator.ch\/wp-content\/uploads\/2026\/04\/123866b6-d299-724f-233b-1927c42e7bd2-scaled.jpg\" \/>\n<script type=\"application\/ld+json\" class=\"yoast-schema-graph\">{\"@context\":\"https:\\\/\\\/schema.org\",\"@graph\":[{\"@type\":\"Article\",\"@id\":\"https:\\\/\\\/www.organisator.ch\\\/management\\\/2026-04-22\\\/schweizer-insolvenzen-erreichen-historischen-rekord\\\/#article\",\"isPartOf\":{\"@id\":\"https:\\\/\\\/www.organisator.ch\\\/management\\\/2026-04-22\\\/schweizer-insolvenzen-erreichen-historischen-rekord\\\/\"},\"author\":{\"name\":\"n8n\",\"@id\":\"https:\\\/\\\/www.organisator.ch\\\/#\\\/schema\\\/person\\\/a9d0e0eff238db87a8f840f3b50359f0\"},\"headline\":\"Schweizer Insolvenzen erreichen historischen Rekord\",\"datePublished\":\"2026-04-22T08:35:52+00:00\",\"mainEntityOfPage\":{\"@id\":\"https:\\\/\\\/www.organisator.ch\\\/management\\\/2026-04-22\\\/schweizer-insolvenzen-erreichen-historischen-rekord\\\/\"},\"wordCount\":700,\"publisher\":{\"@id\":\"https:\\\/\\\/www.organisator.ch\\\/#organization\"},\"image\":{\"@id\":\"https:\\\/\\\/www.organisator.ch\\\/management\\\/2026-04-22\\\/schweizer-insolvenzen-erreichen-historischen-rekord\\\/#primaryimage\"},\"thumbnailUrl\":\"https:\\\/\\\/www.organisator.ch\\\/wp-content\\\/uploads\\\/2026\\\/04\\\/123866b6-d299-724f-233b-1927c42e7bd2-scaled.jpg\",\"keywords\":[\"Finanzen\\\/Recht\",\"Insolvenzen\",\"Management und Unternehmensf\u00fchrung\",\"Weltwirtschaft\"],\"articleSection\":[\"MANAGEMENT\"],\"inLanguage\":\"it-IT\"},{\"@type\":\"WebPage\",\"@id\":\"https:\\\/\\\/www.organisator.ch\\\/management\\\/2026-04-22\\\/schweizer-insolvenzen-erreichen-historischen-rekord\\\/\",\"url\":\"https:\\\/\\\/www.organisator.ch\\\/management\\\/2026-04-22\\\/schweizer-insolvenzen-erreichen-historischen-rekord\\\/\",\"name\":\"Schweizer Insolvenzen erreichen historischen Rekord - Organisator\",\"isPartOf\":{\"@id\":\"https:\\\/\\\/www.organisator.ch\\\/#website\"},\"primaryImageOfPage\":{\"@id\":\"https:\\\/\\\/www.organisator.ch\\\/management\\\/2026-04-22\\\/schweizer-insolvenzen-erreichen-historischen-rekord\\\/#primaryimage\"},\"image\":{\"@id\":\"https:\\\/\\\/www.organisator.ch\\\/management\\\/2026-04-22\\\/schweizer-insolvenzen-erreichen-historischen-rekord\\\/#primaryimage\"},\"thumbnailUrl\":\"https:\\\/\\\/www.organisator.ch\\\/wp-content\\\/uploads\\\/2026\\\/04\\\/123866b6-d299-724f-233b-1927c42e7bd2-scaled.jpg\",\"datePublished\":\"2026-04-22T08:35:52+00:00\",\"description\":\"Allianz Trade prognostiziert 14'000 Insolvenzen in der Schweiz \u2013 ein Rekord. Nahostkonflikt versch\u00e4rft die globale Insolvenzlage weiter.\",\"breadcrumb\":{\"@id\":\"https:\\\/\\\/www.organisator.ch\\\/management\\\/2026-04-22\\\/schweizer-insolvenzen-erreichen-historischen-rekord\\\/#breadcrumb\"},\"inLanguage\":\"it-IT\",\"potentialAction\":[{\"@type\":\"ReadAction\",\"target\":[\"https:\\\/\\\/www.organisator.ch\\\/management\\\/2026-04-22\\\/schweizer-insolvenzen-erreichen-historischen-rekord\\\/\"]}]},{\"@type\":\"ImageObject\",\"inLanguage\":\"it-IT\",\"@id\":\"https:\\\/\\\/www.organisator.ch\\\/management\\\/2026-04-22\\\/schweizer-insolvenzen-erreichen-historischen-rekord\\\/#primaryimage\",\"url\":\"https:\\\/\\\/www.organisator.ch\\\/wp-content\\\/uploads\\\/2026\\\/04\\\/123866b6-d299-724f-233b-1927c42e7bd2-scaled.jpg\",\"contentUrl\":\"https:\\\/\\\/www.organisator.ch\\\/wp-content\\\/uploads\\\/2026\\\/04\\\/123866b6-d299-724f-233b-1927c42e7bd2-scaled.jpg\",\"width\":1400,\"height\":580,\"caption\":\"Schweiz erwartet 14'000 Insolvenzen, ein historischer Negativrekord. Quelle: zvg\"},{\"@type\":\"BreadcrumbList\",\"@id\":\"https:\\\/\\\/www.organisator.ch\\\/management\\\/2026-04-22\\\/schweizer-insolvenzen-erreichen-historischen-rekord\\\/#breadcrumb\",\"itemListElement\":[{\"@type\":\"ListItem\",\"position\":1,\"name\":\"Home\",\"item\":\"https:\\\/\\\/www.organisator.ch\\\/\"},{\"@type\":\"ListItem\",\"position\":2,\"name\":\"Schweizer Insolvenzen erreichen historischen Rekord\"}]},{\"@type\":\"WebSite\",\"@id\":\"https:\\\/\\\/www.organisator.ch\\\/#website\",\"url\":\"https:\\\/\\\/www.organisator.ch\\\/\",\"name\":\"Organisator\",\"description\":\"Kompetent. Praxisnah. Der ORGANISATOR bereitet in 10 Ausgaben pro Jahr die wesentlichen Themen f\u00fcr F\u00fchrungskr\u00e4fte von KMU auf.\",\"publisher\":{\"@id\":\"https:\\\/\\\/www.organisator.ch\\\/#organization\"},\"potentialAction\":[{\"@type\":\"SearchAction\",\"target\":{\"@type\":\"EntryPoint\",\"urlTemplate\":\"https:\\\/\\\/www.organisator.ch\\\/?s={search_term_string}\"},\"query-input\":{\"@type\":\"PropertyValueSpecification\",\"valueRequired\":true,\"valueName\":\"search_term_string\"}}],\"inLanguage\":\"it-IT\"},{\"@type\":\"Organization\",\"@id\":\"https:\\\/\\\/www.organisator.ch\\\/#organization\",\"name\":\"Organisator\",\"url\":\"https:\\\/\\\/www.organisator.ch\\\/\",\"logo\":{\"@type\":\"ImageObject\",\"inLanguage\":\"it-IT\",\"@id\":\"https:\\\/\\\/www.organisator.ch\\\/#\\\/schema\\\/logo\\\/image\\\/\",\"url\":\"https:\\\/\\\/www.organisator.ch\\\/wp-content\\\/uploads\\\/2022\\\/01\\\/Logo_Organisator_Website.png\",\"contentUrl\":\"https:\\\/\\\/www.organisator.ch\\\/wp-content\\\/uploads\\\/2022\\\/01\\\/Logo_Organisator_Website.png\",\"width\":800,\"height\":77,\"caption\":\"Organisator\"},\"image\":{\"@id\":\"https:\\\/\\\/www.organisator.ch\\\/#\\\/schema\\\/logo\\\/image\\\/\"},\"sameAs\":[\"https:\\\/\\\/www.facebook.com\\\/OrganisatorFachmagazin\",\"https:\\\/\\\/www.linkedin.com\\\/showcase\\\/organisator-das-magazin-fr-kmu\",\"https:\\\/\\\/www.xing.com\\\/news\\\/pages\\\/organisator-ch-695\",\"https:\\\/\\\/www.youtube.com\\\/channel\\\/UCGP2Sq0iWaZwT3BdIAQFYpw\"]},{\"@type\":\"Person\",\"@id\":\"https:\\\/\\\/www.organisator.ch\\\/#\\\/schema\\\/person\\\/a9d0e0eff238db87a8f840f3b50359f0\",\"name\":\"n8n\",\"image\":{\"@type\":\"ImageObject\",\"inLanguage\":\"it-IT\",\"@id\":\"https:\\\/\\\/secure.gravatar.com\\\/avatar\\\/5368fb9d03fd415a6f335cece4c15af2502d6ca8651efbd6e8f98427a9795400?s=96&d=mm&r=g\",\"url\":\"https:\\\/\\\/secure.gravatar.com\\\/avatar\\\/5368fb9d03fd415a6f335cece4c15af2502d6ca8651efbd6e8f98427a9795400?s=96&d=mm&r=g\",\"contentUrl\":\"https:\\\/\\\/secure.gravatar.com\\\/avatar\\\/5368fb9d03fd415a6f335cece4c15af2502d6ca8651efbd6e8f98427a9795400?s=96&d=mm&r=g\",\"caption\":\"n8n\"},\"url\":\"https:\\\/\\\/www.organisator.ch\\\/it\\\/author\\\/n8n\\\/\"}]}<\/script>\n<!-- \/ Yoast SEO plugin. -->","yoast_head_json":{"title":"Le insolvenze svizzere raggiungono il record storico - Organizzatore","description":"Allianz Trade prevede 14.000 insolvenze in Svizzera, un record. Il conflitto in Medio Oriente aggrava ulteriormente la situazione globale delle insolvenze.","robots":{"index":"index","follow":"follow","max-snippet":"max-snippet:-1","max-image-preview":"max-image-preview:large","max-video-preview":"max-video-preview:-1"},"canonical":"https:\/\/www.organisator.ch\/it\/gestione-2\/2026-04-22\/schweizer-insolvenzen-erreichen-historischen-rekord\/","og_locale":"it_IT","og_type":"article","og_title":"Schweizer Insolvenzen erreichen historischen Rekord","og_description":"Allianz Trade prognostiziert 14'000 Insolvenzen in der Schweiz \u2013 ein Rekord. Nahostkonflikt versch\u00e4rft die globale Insolvenzlage weiter.","og_url":"https:\/\/www.organisator.ch\/it\/gestione-2\/2026-04-22\/schweizer-insolvenzen-erreichen-historischen-rekord\/","og_site_name":"Organisator","article_publisher":"https:\/\/www.facebook.com\/OrganisatorFachmagazin","article_published_time":"2026-04-22T08:35:52+00:00","og_image":[{"width":1400,"height":580,"url":"https:\/\/www.organisator.ch\/wp-content\/uploads\/2026\/04\/123866b6-d299-724f-233b-1927c42e7bd2-scaled.jpg","type":"image\/jpeg"}],"author":"n8n","twitter_card":"summary_large_image","twitter_title":"Schweizer #Insolvenzen erreichen historischen #Rekord","twitter_description":"Allianz Trade prognostiziert 14'000 Insolvenzen in der Schweiz \u2013 ein #Rekord. #Nahostkonflikt versch\u00e4rft die globale #Insolvenzlage weiter.","twitter_image":"https:\/\/www.organisator.ch\/wp-content\/uploads\/2026\/04\/123866b6-d299-724f-233b-1927c42e7bd2-scaled.jpg","schema":{"@context":"https:\/\/schema.org","@graph":[{"@type":"Article","@id":"https:\/\/www.organisator.ch\/management\/2026-04-22\/schweizer-insolvenzen-erreichen-historischen-rekord\/#article","isPartOf":{"@id":"https:\/\/www.organisator.ch\/management\/2026-04-22\/schweizer-insolvenzen-erreichen-historischen-rekord\/"},"author":{"name":"n8n","@id":"https:\/\/www.organisator.ch\/#\/schema\/person\/a9d0e0eff238db87a8f840f3b50359f0"},"headline":"Schweizer Insolvenzen erreichen historischen Rekord","datePublished":"2026-04-22T08:35:52+00:00","mainEntityOfPage":{"@id":"https:\/\/www.organisator.ch\/management\/2026-04-22\/schweizer-insolvenzen-erreichen-historischen-rekord\/"},"wordCount":700,"publisher":{"@id":"https:\/\/www.organisator.ch\/#organization"},"image":{"@id":"https:\/\/www.organisator.ch\/management\/2026-04-22\/schweizer-insolvenzen-erreichen-historischen-rekord\/#primaryimage"},"thumbnailUrl":"https:\/\/www.organisator.ch\/wp-content\/uploads\/2026\/04\/123866b6-d299-724f-233b-1927c42e7bd2-scaled.jpg","keywords":["Finanzen\/Recht","Insolvenzen","Management und Unternehmensf\u00fchrung","Weltwirtschaft"],"articleSection":["MANAGEMENT"],"inLanguage":"it-IT"},{"@type":"WebPage","@id":"https:\/\/www.organisator.ch\/management\/2026-04-22\/schweizer-insolvenzen-erreichen-historischen-rekord\/","url":"https:\/\/www.organisator.ch\/management\/2026-04-22\/schweizer-insolvenzen-erreichen-historischen-rekord\/","name":"Le insolvenze svizzere raggiungono il record storico - Organizzatore","isPartOf":{"@id":"https:\/\/www.organisator.ch\/#website"},"primaryImageOfPage":{"@id":"https:\/\/www.organisator.ch\/management\/2026-04-22\/schweizer-insolvenzen-erreichen-historischen-rekord\/#primaryimage"},"image":{"@id":"https:\/\/www.organisator.ch\/management\/2026-04-22\/schweizer-insolvenzen-erreichen-historischen-rekord\/#primaryimage"},"thumbnailUrl":"https:\/\/www.organisator.ch\/wp-content\/uploads\/2026\/04\/123866b6-d299-724f-233b-1927c42e7bd2-scaled.jpg","datePublished":"2026-04-22T08:35:52+00:00","description":"Allianz Trade prevede 14.000 insolvenze in Svizzera, un record. Il conflitto in Medio Oriente aggrava ulteriormente la situazione globale delle insolvenze.","breadcrumb":{"@id":"https:\/\/www.organisator.ch\/management\/2026-04-22\/schweizer-insolvenzen-erreichen-historischen-rekord\/#breadcrumb"},"inLanguage":"it-IT","potentialAction":[{"@type":"ReadAction","target":["https:\/\/www.organisator.ch\/management\/2026-04-22\/schweizer-insolvenzen-erreichen-historischen-rekord\/"]}]},{"@type":"ImageObject","inLanguage":"it-IT","@id":"https:\/\/www.organisator.ch\/management\/2026-04-22\/schweizer-insolvenzen-erreichen-historischen-rekord\/#primaryimage","url":"https:\/\/www.organisator.ch\/wp-content\/uploads\/2026\/04\/123866b6-d299-724f-233b-1927c42e7bd2-scaled.jpg","contentUrl":"https:\/\/www.organisator.ch\/wp-content\/uploads\/2026\/04\/123866b6-d299-724f-233b-1927c42e7bd2-scaled.jpg","width":1400,"height":580,"caption":"Schweiz erwartet 14'000 Insolvenzen, ein historischer Negativrekord. Quelle: zvg"},{"@type":"BreadcrumbList","@id":"https:\/\/www.organisator.ch\/management\/2026-04-22\/schweizer-insolvenzen-erreichen-historischen-rekord\/#breadcrumb","itemListElement":[{"@type":"ListItem","position":1,"name":"Home","item":"https:\/\/www.organisator.ch\/"},{"@type":"ListItem","position":2,"name":"Schweizer Insolvenzen erreichen historischen Rekord"}]},{"@type":"WebSite","@id":"https:\/\/www.organisator.ch\/#website","url":"https:\/\/www.organisator.ch\/","name":"Organizzatore","description":"Competente. Pratico. In 10 numeri all'anno, ORGANISATOR presenta i temi essenziali per i manager delle PMI.","publisher":{"@id":"https:\/\/www.organisator.ch\/#organization"},"potentialAction":[{"@type":"SearchAction","target":{"@type":"EntryPoint","urlTemplate":"https:\/\/www.organisator.ch\/?s={search_term_string}"},"query-input":{"@type":"PropertyValueSpecification","valueRequired":true,"valueName":"search_term_string"}}],"inLanguage":"it-IT"},{"@type":"Organization","@id":"https:\/\/www.organisator.ch\/#organization","name":"Organizzatore","url":"https:\/\/www.organisator.ch\/","logo":{"@type":"ImageObject","inLanguage":"it-IT","@id":"https:\/\/www.organisator.ch\/#\/schema\/logo\/image\/","url":"https:\/\/www.organisator.ch\/wp-content\/uploads\/2022\/01\/Logo_Organisator_Website.png","contentUrl":"https:\/\/www.organisator.ch\/wp-content\/uploads\/2022\/01\/Logo_Organisator_Website.png","width":800,"height":77,"caption":"Organisator"},"image":{"@id":"https:\/\/www.organisator.ch\/#\/schema\/logo\/image\/"},"sameAs":["https:\/\/www.facebook.com\/OrganisatorFachmagazin","https:\/\/www.linkedin.com\/showcase\/organisator-das-magazin-fr-kmu","https:\/\/www.xing.com\/news\/pages\/organisator-ch-695","https:\/\/www.youtube.com\/channel\/UCGP2Sq0iWaZwT3BdIAQFYpw"]},{"@type":"Person","@id":"https:\/\/www.organisator.ch\/#\/schema\/person\/a9d0e0eff238db87a8f840f3b50359f0","name":"n8n","image":{"@type":"ImageObject","inLanguage":"it-IT","@id":"https:\/\/secure.gravatar.com\/avatar\/5368fb9d03fd415a6f335cece4c15af2502d6ca8651efbd6e8f98427a9795400?s=96&d=mm&r=g","url":"https:\/\/secure.gravatar.com\/avatar\/5368fb9d03fd415a6f335cece4c15af2502d6ca8651efbd6e8f98427a9795400?s=96&d=mm&r=g","contentUrl":"https:\/\/secure.gravatar.com\/avatar\/5368fb9d03fd415a6f335cece4c15af2502d6ca8651efbd6e8f98427a9795400?s=96&d=mm&r=g","caption":"n8n"},"url":"https:\/\/www.organisator.ch\/it\/author\/n8n\/"}]}},"_links":{"self":[{"href":"https:\/\/www.organisator.ch\/it\/wp-json\/wp\/v2\/posts\/47919","targetHints":{"allow":["GET"]}}],"collection":[{"href":"https:\/\/www.organisator.ch\/it\/wp-json\/wp\/v2\/posts"}],"about":[{"href":"https:\/\/www.organisator.ch\/it\/wp-json\/wp\/v2\/types\/post"}],"author":[{"embeddable":true,"href":"https:\/\/www.organisator.ch\/it\/wp-json\/wp\/v2\/users\/107"}],"replies":[{"embeddable":true,"href":"https:\/\/www.organisator.ch\/it\/wp-json\/wp\/v2\/comments?post=47919"}],"version-history":[{"count":4,"href":"https:\/\/www.organisator.ch\/it\/wp-json\/wp\/v2\/posts\/47919\/revisions"}],"predecessor-version":[{"id":48051,"href":"https:\/\/www.organisator.ch\/it\/wp-json\/wp\/v2\/posts\/47919\/revisions\/48051"}],"wp:featuredmedia":[{"embeddable":true,"href":"https:\/\/www.organisator.ch\/it\/wp-json\/wp\/v2\/media\/47916"}],"wp:attachment":[{"href":"https:\/\/www.organisator.ch\/it\/wp-json\/wp\/v2\/media?parent=47919"}],"wp:term":[{"taxonomy":"category","embeddable":true,"href":"https:\/\/www.organisator.ch\/it\/wp-json\/wp\/v2\/categories?post=47919"},{"taxonomy":"post_tag","embeddable":true,"href":"https:\/\/www.organisator.ch\/it\/wp-json\/wp\/v2\/tags?post=47919"}],"curies":[{"name":"wp","href":"https:\/\/api.w.org\/{rel}","templated":true}]}}