{"id":4803,"date":"2021-09-04T06:16:04","date_gmt":"2021-09-04T04:16:04","guid":{"rendered":"https:\/\/www.umweltperspektiven.ch\/?p=4803"},"modified":"2022-02-09T11:06:45","modified_gmt":"2022-02-09T10:06:45","slug":"pionierhaus-neuartiges-praxislabor-fuer-kreislauffaehiges-bauen-und-wohnen","status":"publish","type":"post","link":"https:\/\/www.organisator.ch\/it\/sustainability\/2021-09-04\/pionierhaus-neuartiges-praxislabor-fuer-kreislauffaehiges-bauen-und-wohnen\/","title":{"rendered":"Nuovo \"laboratorio pratico\" per costruire e vivere in modo riciclabile"},"content":{"rendered":"<figure id=\"attachment_4805\" aria-describedby=\"caption-attachment-4805\" style=\"width: 680px\" class=\"wp-caption aligncenter\"><img loading=\"lazy\" decoding=\"async\" class=\"wp-image-4805 size-medium\" src=\"\/\/www.umweltperspektiven.ch\/wp-content\/uploads\/2021\/09\/210903-zhaw-kreis-haus-1.jpg\" alt=\"Kreishaus\" width=\"680\" height=\"453\" \/><figcaption id=\"caption-attachment-4805\" class=\"wp-caption-text\">Il <a href=\"\/\/www.zhaw.ch\/de\/lsfm\/institute-zentren\/iunr\/ecological-engineering\/oekotechnologie\/abwasser\/kreis-haus\/\">Kreishaus<\/a>. Immagine: Christoph Kaminski\/ZHAW<\/figcaption><\/figure>\n<p><span style=\"font-size: 10.5pt; font-family: 'Arial',sans-serif;\">Il settore dell'edilizia \u00e8 responsabile di oltre il 40% del consumo globale di risorse ed energia. Il potenziale per aumentare l'efficienza energetica e delle risorse negli edifici \u00e8 corrispondentemente grande. Nell'unica casa KREIS (<strong><span style=\"font-family: 'Arial',sans-serif;\">K<\/span><\/strong>lima e risorsa-<strong><span style=\"font-family: 'Arial',sans-serif;\">E<\/span><\/strong>fficiente <strong><span style=\"font-family: 'Arial',sans-serif;\">S<\/span><\/strong>uffizienz-Haus) a Feldbach sul lago di Zurigo, l'economia circolare ecologica viene studiata e resa tangibile. La casa dei pionieri, che \u00e8 stata inaugurata venerd\u00ec alla presenza di ospiti invitati e del consigliere del governo cantonale Martin Neukom, capo del dipartimento delle costruzioni del Cantone di Zurigo, offre uno spazio di ricerca per provare nella pratica nuove tecnologie e materiali riciclabili e per presentarli al pubblico sotto forma di prototipo.<\/span><\/p>\n<h2><strong><span style=\"font-size: 10.5pt; font-family: 'Arial',sans-serif;\">Ricerca applicata nella costruzione<\/span><\/strong><\/h2>\n<p><span style=\"font-size: 10.5pt; font-family: 'Arial',sans-serif;\">Gli interessati possono non solo visitare la casa del pioniere, ma anche passarci la notte. Da un lato, questo d\u00e0 loro un'esperienza diretta di cosa significa vivere in un edificio di economia circolare, e dall'altro, diventano anche parte di un progetto di ricerca dell'Istituto ZHAW per l'ambiente e le risorse naturali. Questo progetto sta indagando su come la casa circolare si dimostra nella vita quotidiana. In interazione con gli utenti, le applicazioni possono essere testate e migliorate. L'obiettivo del progetto di ricerca \u00e8 quello di creare un ambiente di vita quotidiana che protegga il clima e l'ambiente.<br \/>\nIl progetto \u00e8 stato avviato e concepito da Devi B\u00fchler, ingegnere ambientale della ZHAW e presidente dell'associazione Synergy Village. Sta guidando il progetto di collaborazione tra la ZHAW come partner di ricerca e l'associazione Synergy Village come partner di implementazione, che \u00e8 sostenuto da oltre 40 altri partner e sponsor. \"Abbiamo cercato di attuare il principio dell'economia circolare fino all'ultimo dettaglio e nel pi\u00f9 piccolo spazio possibile\", spiega Devi B\u00fchler. \"Con questo, vogliamo raccogliere sia le conoscenze pratiche che quelle scientifiche nella casa circondariale come un 'laboratorio pratico' per promuovere la costruzione sostenibile e circolare su larga scala\".\u00a0<\/span><\/p>\n<figure id=\"attachment_4807\" aria-describedby=\"caption-attachment-4807\" style=\"width: 680px\" class=\"wp-caption aligncenter\"><img loading=\"lazy\" decoding=\"async\" class=\"wp-image-4807 size-medium\" src=\"\/\/www.umweltperspektiven.ch\/wp-content\/uploads\/2021\/09\/210903-zhaw-kreis-haus-3.jpg\" alt=\"Kreishaus\" width=\"680\" height=\"453\" \/><figcaption id=\"caption-attachment-4807\" class=\"wp-caption-text\">Vista dell'interno. Immagine: Christoph Kaminski\/ZHAW<\/figcaption><\/figure>\n<h2><strong><span style=\"font-size: 10.5pt; font-family: 'Arial',sans-serif;\">Tutto costruito secondo il principio del ciclo<\/span><\/strong><\/h2>\n<p><span style=\"font-size: 10.5pt; font-family: 'Arial',sans-serif;\">La casa pioniera, che \u00e8 stata costruita sulla propriet\u00e0 dell'associazione Synergy Village, consiste in una piccola unit\u00e0 residenziale completamente sviluppata con un giardino d'inverno. Nell'economia circolare, i materiali di scarto diventano di nuovo materiali preziosi. Questa seconda o terza vita d\u00e0 ad ogni materiale il suo ciclo di vita individuale. Per la costruzione sono stati utilizzati materiali da costruzione naturali come argilla, calce e legno, ma anche materiali durevoli, riciclati e riutilizzati. Per esempio, un pavimento \u00e8 fatto di frammenti di vetro riciclato o le finestre sono riutilizzate da una demolizione. Il gabinetto di separazione a secco in un sistema a circuito chiuso risparmia acqua e permette il recupero delle sostanze nutritive, che vengono utilizzate come fertilizzante nel giardino pensile dopo il trattamento con un processo speciale. L'acqua di scarico leggermente inquinata della cucina e del bagno viene purificata direttamente nell'edificio e utilizzata per l'irrigazione. L'elettricit\u00e0 necessaria proviene dai moduli solari integrati nella veranda, con l'elettricit\u00e0 in eccesso immagazzinata nelle batterie di Second Life. L'intera casa poggia su una fondazione a vite senza cemento.<\/span><\/p>\n<p><em><span style=\"font-size: 10.5pt; font-family: 'Arial',sans-serif;\">Comunicato stampa ZHAW<\/span><\/em><\/p>\n<p><img loading=\"lazy\" decoding=\"async\" class=\"size-medium wp-image-4808\" src=\"\/\/www.umweltperspektiven.ch\/wp-content\/uploads\/2021\/09\/210903-zhaw-kreis-haus-4.jpg\" alt=\"Kreishaus\" width=\"680\" height=\"453\" \/><\/p>\n<p>Una soffitta per coltivare verdure. Immagine: Christoph Kaminski\/ZHAW<\/p>\n<blockquote><p><strong><span style=\"font-size: 10.5pt; font-family: 'Arial',sans-serif;\">Visualizzazione possibile<\/span><\/strong><span style=\"font-size: 10.5pt; font-family: 'Arial',sans-serif;\"><br \/>\nDa met\u00e0 settembre, le diverse storie della KREIS-Haus sui materiali e le tecniche utilizzate saranno presentate in regolari visite guidate sotto il titolo \"1001 Circulation\". Inoltre, si terranno regolarmente workshop su argomenti specifici dell'edilizia. Chiunque sia interessato a pernottare ha bisogno di un po' di pazienza, poich\u00e9 la Circle House \u00e8 attualmente al completo. Tuttavia, \u00e8 possibile iscriversi in una lista d'attesa.<\/span><\/p>\n<p><a href=\"\/\/www.zhaw.ch\/de\/lsfm\/institute-zentren\/iunr\/ecological-engineering\/oekotechnologie\/abwasser\/kreis-haus\/\"><span style=\"font-size: 10.5pt; font-family: 'Arial',sans-serif;\">Info qui\u00a0<\/span><\/a><\/p><\/blockquote>","protected":false},"excerpt":{"rendered":"<p>Der Geb\u00e4udesektor ist f\u00fcr mehr als 40 Prozent des weltweiten Ressourcen- und Energieverbrauchs verantwortlich. Entsprechend gross ist das Potenzial zur Steigerung der Energie- und Ressourceneffizienz bei Geb\u00e4uden. Im schweizweit einzigartigen KREIS-Haus (Klima und Ressourcen-Effizientes Suffizienz-Haus) in Feldbach am Z\u00fcrichsee wird umweltschonende Kreislaufwirtschaft erforscht und erlebbar gemacht. Das am Freitag in Anwesenheit von geladenen G\u00e4sten und [&hellip;]<\/p>\n","protected":false},"author":6,"featured_media":9841,"comment_status":"closed","ping_status":"closed","sticky":false,"template":"","format":"standard","meta":{"_acf_changed":false,"_yoast_wpseo_focuskw":"Kreishaus","_yoast_wpseo_metadesc":"Beim Kreishaus in Feldbach ZH ist alles nach dem Kreislauf-Prinzip aufgebaut \u2013 von den Baumaterialien bis zum Abwasser f\u00fcr den Dachgarten.","articlekey":"","footnotes":""},"categories":[580],"tags":[791,1567,1568,594],"class_list":["post-4803","post","type-post","status-publish","format-standard","has-post-thumbnail","hentry","category-sustainability","tag-bauwirtschaft","tag-kreis-haus","tag-kreishaus","tag-kreislaufwirtschaft"],"acf":[],"yoast_head":"<!-- This site is optimized with the Yoast SEO plugin v27.5 - https:\/\/yoast.com\/product\/yoast-seo-wordpress\/ -->\n<title>Neuartiges \u00abPraxislabor\u00bb f\u00fcr kreislauff\u00e4higes Bauen und Wohnen - Organisator<\/title>\n<meta name=\"description\" content=\"Beim Kreishaus in Feldbach ZH ist alles nach dem Kreislauf-Prinzip aufgebaut \u2013 von den Baumaterialien bis zum Abwasser f\u00fcr den Dachgarten.\" \/>\n<meta name=\"robots\" content=\"index, follow, max-snippet:-1, max-image-preview:large, max-video-preview:-1\" \/>\n<link rel=\"canonical\" href=\"https:\/\/www.organisator.ch\/it\/sostenibilita\/2021-09-04\/pionierhaus-neuartiges-praxislabor-fuer-kreislauffaehiges-bauen-und-wohnen\/\" \/>\n<meta property=\"og:locale\" content=\"it_IT\" \/>\n<meta property=\"og:type\" content=\"article\" \/>\n<meta property=\"og:title\" content=\"Neuartiges \u00abPraxislabor\u00bb f\u00fcr kreislauff\u00e4higes Bauen und Wohnen - Organisator\" \/>\n<meta property=\"og:description\" content=\"Beim Kreishaus in Feldbach ZH ist alles nach dem Kreislauf-Prinzip aufgebaut \u2013 von den Baumaterialien bis zum Abwasser f\u00fcr den Dachgarten.\" \/>\n<meta property=\"og:url\" content=\"https:\/\/www.organisator.ch\/it\/sostenibilita\/2021-09-04\/pionierhaus-neuartiges-praxislabor-fuer-kreislauffaehiges-bauen-und-wohnen\/\" \/>\n<meta property=\"og:site_name\" content=\"Organisator\" \/>\n<meta property=\"article:publisher\" content=\"https:\/\/www.facebook.com\/OrganisatorFachmagazin\" \/>\n<meta property=\"article:published_time\" content=\"2021-09-04T04:16:04+00:00\" \/>\n<meta property=\"article:modified_time\" content=\"2022-02-09T10:06:45+00:00\" \/>\n<meta property=\"og:image\" content=\"https:\/\/www.organisator.ch\/wp-content\/uploads\/2021\/09\/210903-zhaw-kreis-haus-1-scaled.jpg\" \/>\n\t<meta property=\"og:image:width\" content=\"2560\" \/>\n\t<meta property=\"og:image:height\" content=\"1707\" \/>\n\t<meta property=\"og:image:type\" content=\"image\/jpeg\" \/>\n<meta name=\"author\" content=\"roger.straessle\" \/>\n<meta name=\"twitter:card\" content=\"summary_large_image\" \/>\n<script type=\"application\/ld+json\" class=\"yoast-schema-graph\">{\"@context\":\"https:\\\/\\\/schema.org\",\"@graph\":[{\"@type\":\"Article\",\"@id\":\"https:\\\/\\\/www.organisator.ch\\\/sustainability\\\/2021-09-04\\\/pionierhaus-neuartiges-praxislabor-fuer-kreislauffaehiges-bauen-und-wohnen\\\/#article\",\"isPartOf\":{\"@id\":\"https:\\\/\\\/www.organisator.ch\\\/sustainability\\\/2021-09-04\\\/pionierhaus-neuartiges-praxislabor-fuer-kreislauffaehiges-bauen-und-wohnen\\\/\"},\"author\":{\"name\":\"roger.straessle\",\"@id\":\"https:\\\/\\\/www.organisator.ch\\\/#\\\/schema\\\/person\\\/a800b8c54e208b160517a7dcc323161d\"},\"headline\":\"Neuartiges \u00abPraxislabor\u00bb f\u00fcr kreislauff\u00e4higes Bauen und Wohnen\",\"datePublished\":\"2021-09-04T04:16:04+00:00\",\"dateModified\":\"2022-02-09T10:06:45+00:00\",\"mainEntityOfPage\":{\"@id\":\"https:\\\/\\\/www.organisator.ch\\\/sustainability\\\/2021-09-04\\\/pionierhaus-neuartiges-praxislabor-fuer-kreislauffaehiges-bauen-und-wohnen\\\/\"},\"wordCount\":561,\"publisher\":{\"@id\":\"https:\\\/\\\/www.organisator.ch\\\/#organization\"},\"image\":{\"@id\":\"https:\\\/\\\/www.organisator.ch\\\/sustainability\\\/2021-09-04\\\/pionierhaus-neuartiges-praxislabor-fuer-kreislauffaehiges-bauen-und-wohnen\\\/#primaryimage\"},\"thumbnailUrl\":\"https:\\\/\\\/www.organisator.ch\\\/wp-content\\\/uploads\\\/2021\\\/09\\\/210903-zhaw-kreis-haus-1-scaled.jpg\",\"keywords\":[\"Bauwirtschaft\",\"KREIS-Haus\",\"Kreishaus\",\"Kreislaufwirtschaft\"],\"articleSection\":[\"SUSTAINABILITY\"],\"inLanguage\":\"it-IT\"},{\"@type\":\"WebPage\",\"@id\":\"https:\\\/\\\/www.organisator.ch\\\/sustainability\\\/2021-09-04\\\/pionierhaus-neuartiges-praxislabor-fuer-kreislauffaehiges-bauen-und-wohnen\\\/\",\"url\":\"https:\\\/\\\/www.organisator.ch\\\/sustainability\\\/2021-09-04\\\/pionierhaus-neuartiges-praxislabor-fuer-kreislauffaehiges-bauen-und-wohnen\\\/\",\"name\":\"Neuartiges \u00abPraxislabor\u00bb f\u00fcr kreislauff\u00e4higes Bauen und Wohnen - Organisator\",\"isPartOf\":{\"@id\":\"https:\\\/\\\/www.organisator.ch\\\/#website\"},\"primaryImageOfPage\":{\"@id\":\"https:\\\/\\\/www.organisator.ch\\\/sustainability\\\/2021-09-04\\\/pionierhaus-neuartiges-praxislabor-fuer-kreislauffaehiges-bauen-und-wohnen\\\/#primaryimage\"},\"image\":{\"@id\":\"https:\\\/\\\/www.organisator.ch\\\/sustainability\\\/2021-09-04\\\/pionierhaus-neuartiges-praxislabor-fuer-kreislauffaehiges-bauen-und-wohnen\\\/#primaryimage\"},\"thumbnailUrl\":\"https:\\\/\\\/www.organisator.ch\\\/wp-content\\\/uploads\\\/2021\\\/09\\\/210903-zhaw-kreis-haus-1-scaled.jpg\",\"datePublished\":\"2021-09-04T04:16:04+00:00\",\"dateModified\":\"2022-02-09T10:06:45+00:00\",\"description\":\"Beim Kreishaus in Feldbach ZH ist alles nach dem Kreislauf-Prinzip aufgebaut \u2013 von den Baumaterialien bis zum Abwasser f\u00fcr den Dachgarten.\",\"breadcrumb\":{\"@id\":\"https:\\\/\\\/www.organisator.ch\\\/sustainability\\\/2021-09-04\\\/pionierhaus-neuartiges-praxislabor-fuer-kreislauffaehiges-bauen-und-wohnen\\\/#breadcrumb\"},\"inLanguage\":\"it-IT\",\"potentialAction\":[{\"@type\":\"ReadAction\",\"target\":[\"https:\\\/\\\/www.organisator.ch\\\/sustainability\\\/2021-09-04\\\/pionierhaus-neuartiges-praxislabor-fuer-kreislauffaehiges-bauen-und-wohnen\\\/\"]}]},{\"@type\":\"ImageObject\",\"inLanguage\":\"it-IT\",\"@id\":\"https:\\\/\\\/www.organisator.ch\\\/sustainability\\\/2021-09-04\\\/pionierhaus-neuartiges-praxislabor-fuer-kreislauffaehiges-bauen-und-wohnen\\\/#primaryimage\",\"url\":\"https:\\\/\\\/www.organisator.ch\\\/wp-content\\\/uploads\\\/2021\\\/09\\\/210903-zhaw-kreis-haus-1-scaled.jpg\",\"contentUrl\":\"https:\\\/\\\/www.organisator.ch\\\/wp-content\\\/uploads\\\/2021\\\/09\\\/210903-zhaw-kreis-haus-1-scaled.jpg\",\"width\":2560,\"height\":1707,\"caption\":\"Bild: Christoph Kaminski\\\/ZHAW\"},{\"@type\":\"BreadcrumbList\",\"@id\":\"https:\\\/\\\/www.organisator.ch\\\/sustainability\\\/2021-09-04\\\/pionierhaus-neuartiges-praxislabor-fuer-kreislauffaehiges-bauen-und-wohnen\\\/#breadcrumb\",\"itemListElement\":[{\"@type\":\"ListItem\",\"position\":1,\"name\":\"Home\",\"item\":\"https:\\\/\\\/www.organisator.ch\\\/\"},{\"@type\":\"ListItem\",\"position\":2,\"name\":\"Neuartiges \u00abPraxislabor\u00bb f\u00fcr kreislauff\u00e4higes Bauen und Wohnen\"}]},{\"@type\":\"WebSite\",\"@id\":\"https:\\\/\\\/www.organisator.ch\\\/#website\",\"url\":\"https:\\\/\\\/www.organisator.ch\\\/\",\"name\":\"Organisator\",\"description\":\"Kompetent. Praxisnah. Der ORGANISATOR bereitet in 10 Ausgaben pro Jahr die wesentlichen Themen f\u00fcr F\u00fchrungskr\u00e4fte von KMU auf.\",\"publisher\":{\"@id\":\"https:\\\/\\\/www.organisator.ch\\\/#organization\"},\"potentialAction\":[{\"@type\":\"SearchAction\",\"target\":{\"@type\":\"EntryPoint\",\"urlTemplate\":\"https:\\\/\\\/www.organisator.ch\\\/?s={search_term_string}\"},\"query-input\":{\"@type\":\"PropertyValueSpecification\",\"valueRequired\":true,\"valueName\":\"search_term_string\"}}],\"inLanguage\":\"it-IT\"},{\"@type\":\"Organization\",\"@id\":\"https:\\\/\\\/www.organisator.ch\\\/#organization\",\"name\":\"Organisator\",\"url\":\"https:\\\/\\\/www.organisator.ch\\\/\",\"logo\":{\"@type\":\"ImageObject\",\"inLanguage\":\"it-IT\",\"@id\":\"https:\\\/\\\/www.organisator.ch\\\/#\\\/schema\\\/logo\\\/image\\\/\",\"url\":\"https:\\\/\\\/www.organisator.ch\\\/wp-content\\\/uploads\\\/2022\\\/01\\\/Logo_Organisator_Website.png\",\"contentUrl\":\"https:\\\/\\\/www.organisator.ch\\\/wp-content\\\/uploads\\\/2022\\\/01\\\/Logo_Organisator_Website.png\",\"width\":800,\"height\":77,\"caption\":\"Organisator\"},\"image\":{\"@id\":\"https:\\\/\\\/www.organisator.ch\\\/#\\\/schema\\\/logo\\\/image\\\/\"},\"sameAs\":[\"https:\\\/\\\/www.facebook.com\\\/OrganisatorFachmagazin\",\"https:\\\/\\\/www.linkedin.com\\\/showcase\\\/organisator-das-magazin-fr-kmu\",\"https:\\\/\\\/www.xing.com\\\/news\\\/pages\\\/organisator-ch-695\",\"https:\\\/\\\/www.youtube.com\\\/channel\\\/UCGP2Sq0iWaZwT3BdIAQFYpw\"]},{\"@type\":\"Person\",\"@id\":\"https:\\\/\\\/www.organisator.ch\\\/#\\\/schema\\\/person\\\/a800b8c54e208b160517a7dcc323161d\",\"name\":\"roger.straessle\",\"image\":{\"@type\":\"ImageObject\",\"inLanguage\":\"it-IT\",\"@id\":\"https:\\\/\\\/secure.gravatar.com\\\/avatar\\\/?s=96&d=mm&r=g\",\"url\":\"https:\\\/\\\/secure.gravatar.com\\\/avatar\\\/?s=96&d=mm&r=g\",\"contentUrl\":\"https:\\\/\\\/secure.gravatar.com\\\/avatar\\\/?s=96&d=mm&r=g\",\"caption\":\"roger.straessle\"},\"url\":\"https:\\\/\\\/www.organisator.ch\\\/it\\\/author\\\/roger-straessle\\\/\"}]}<\/script>\n<!-- \/ Yoast SEO plugin. -->","yoast_head_json":{"title":"Un nuovo \"laboratorio pratico\" per l'edilizia e l'abitare circolare - Organizzatore","description":"Nella casa circondariale di Feldbach ZH, tutto \u00e8 costruito secondo il principio del ciclo chiuso, dai materiali da costruzione all'acqua di scarico per il giardino sul tetto.","robots":{"index":"index","follow":"follow","max-snippet":"max-snippet:-1","max-image-preview":"max-image-preview:large","max-video-preview":"max-video-preview:-1"},"canonical":"https:\/\/www.organisator.ch\/it\/sostenibilita\/2021-09-04\/pionierhaus-neuartiges-praxislabor-fuer-kreislauffaehiges-bauen-und-wohnen\/","og_locale":"it_IT","og_type":"article","og_title":"Neuartiges \u00abPraxislabor\u00bb f\u00fcr kreislauff\u00e4higes Bauen und Wohnen - Organisator","og_description":"Beim Kreishaus in Feldbach ZH ist alles nach dem Kreislauf-Prinzip aufgebaut \u2013 von den Baumaterialien bis zum Abwasser f\u00fcr den Dachgarten.","og_url":"https:\/\/www.organisator.ch\/it\/sostenibilita\/2021-09-04\/pionierhaus-neuartiges-praxislabor-fuer-kreislauffaehiges-bauen-und-wohnen\/","og_site_name":"Organisator","article_publisher":"https:\/\/www.facebook.com\/OrganisatorFachmagazin","article_published_time":"2021-09-04T04:16:04+00:00","article_modified_time":"2022-02-09T10:06:45+00:00","og_image":[{"width":2560,"height":1707,"url":"https:\/\/www.organisator.ch\/wp-content\/uploads\/2021\/09\/210903-zhaw-kreis-haus-1-scaled.jpg","type":"image\/jpeg"}],"author":"roger.straessle","twitter_card":"summary_large_image","schema":{"@context":"https:\/\/schema.org","@graph":[{"@type":"Article","@id":"https:\/\/www.organisator.ch\/sustainability\/2021-09-04\/pionierhaus-neuartiges-praxislabor-fuer-kreislauffaehiges-bauen-und-wohnen\/#article","isPartOf":{"@id":"https:\/\/www.organisator.ch\/sustainability\/2021-09-04\/pionierhaus-neuartiges-praxislabor-fuer-kreislauffaehiges-bauen-und-wohnen\/"},"author":{"name":"roger.straessle","@id":"https:\/\/www.organisator.ch\/#\/schema\/person\/a800b8c54e208b160517a7dcc323161d"},"headline":"Neuartiges \u00abPraxislabor\u00bb f\u00fcr kreislauff\u00e4higes Bauen und Wohnen","datePublished":"2021-09-04T04:16:04+00:00","dateModified":"2022-02-09T10:06:45+00:00","mainEntityOfPage":{"@id":"https:\/\/www.organisator.ch\/sustainability\/2021-09-04\/pionierhaus-neuartiges-praxislabor-fuer-kreislauffaehiges-bauen-und-wohnen\/"},"wordCount":561,"publisher":{"@id":"https:\/\/www.organisator.ch\/#organization"},"image":{"@id":"https:\/\/www.organisator.ch\/sustainability\/2021-09-04\/pionierhaus-neuartiges-praxislabor-fuer-kreislauffaehiges-bauen-und-wohnen\/#primaryimage"},"thumbnailUrl":"https:\/\/www.organisator.ch\/wp-content\/uploads\/2021\/09\/210903-zhaw-kreis-haus-1-scaled.jpg","keywords":["Bauwirtschaft","KREIS-Haus","Kreishaus","Kreislaufwirtschaft"],"articleSection":["SUSTAINABILITY"],"inLanguage":"it-IT"},{"@type":"WebPage","@id":"https:\/\/www.organisator.ch\/sustainability\/2021-09-04\/pionierhaus-neuartiges-praxislabor-fuer-kreislauffaehiges-bauen-und-wohnen\/","url":"https:\/\/www.organisator.ch\/sustainability\/2021-09-04\/pionierhaus-neuartiges-praxislabor-fuer-kreislauffaehiges-bauen-und-wohnen\/","name":"Un nuovo \"laboratorio pratico\" per l'edilizia e l'abitare circolare - Organizzatore","isPartOf":{"@id":"https:\/\/www.organisator.ch\/#website"},"primaryImageOfPage":{"@id":"https:\/\/www.organisator.ch\/sustainability\/2021-09-04\/pionierhaus-neuartiges-praxislabor-fuer-kreislauffaehiges-bauen-und-wohnen\/#primaryimage"},"image":{"@id":"https:\/\/www.organisator.ch\/sustainability\/2021-09-04\/pionierhaus-neuartiges-praxislabor-fuer-kreislauffaehiges-bauen-und-wohnen\/#primaryimage"},"thumbnailUrl":"https:\/\/www.organisator.ch\/wp-content\/uploads\/2021\/09\/210903-zhaw-kreis-haus-1-scaled.jpg","datePublished":"2021-09-04T04:16:04+00:00","dateModified":"2022-02-09T10:06:45+00:00","description":"Nella casa circondariale di Feldbach ZH, tutto \u00e8 costruito secondo il principio del ciclo chiuso, dai materiali da costruzione all'acqua di scarico per il giardino sul tetto.","breadcrumb":{"@id":"https:\/\/www.organisator.ch\/sustainability\/2021-09-04\/pionierhaus-neuartiges-praxislabor-fuer-kreislauffaehiges-bauen-und-wohnen\/#breadcrumb"},"inLanguage":"it-IT","potentialAction":[{"@type":"ReadAction","target":["https:\/\/www.organisator.ch\/sustainability\/2021-09-04\/pionierhaus-neuartiges-praxislabor-fuer-kreislauffaehiges-bauen-und-wohnen\/"]}]},{"@type":"ImageObject","inLanguage":"it-IT","@id":"https:\/\/www.organisator.ch\/sustainability\/2021-09-04\/pionierhaus-neuartiges-praxislabor-fuer-kreislauffaehiges-bauen-und-wohnen\/#primaryimage","url":"https:\/\/www.organisator.ch\/wp-content\/uploads\/2021\/09\/210903-zhaw-kreis-haus-1-scaled.jpg","contentUrl":"https:\/\/www.organisator.ch\/wp-content\/uploads\/2021\/09\/210903-zhaw-kreis-haus-1-scaled.jpg","width":2560,"height":1707,"caption":"Bild: Christoph Kaminski\/ZHAW"},{"@type":"BreadcrumbList","@id":"https:\/\/www.organisator.ch\/sustainability\/2021-09-04\/pionierhaus-neuartiges-praxislabor-fuer-kreislauffaehiges-bauen-und-wohnen\/#breadcrumb","itemListElement":[{"@type":"ListItem","position":1,"name":"Home","item":"https:\/\/www.organisator.ch\/"},{"@type":"ListItem","position":2,"name":"Neuartiges \u00abPraxislabor\u00bb f\u00fcr kreislauff\u00e4higes Bauen und Wohnen"}]},{"@type":"WebSite","@id":"https:\/\/www.organisator.ch\/#website","url":"https:\/\/www.organisator.ch\/","name":"Organizzatore","description":"Competente. Pratico. In 10 numeri all'anno, ORGANISATOR presenta i temi essenziali per i manager delle PMI.","publisher":{"@id":"https:\/\/www.organisator.ch\/#organization"},"potentialAction":[{"@type":"SearchAction","target":{"@type":"EntryPoint","urlTemplate":"https:\/\/www.organisator.ch\/?s={search_term_string}"},"query-input":{"@type":"PropertyValueSpecification","valueRequired":true,"valueName":"search_term_string"}}],"inLanguage":"it-IT"},{"@type":"Organization","@id":"https:\/\/www.organisator.ch\/#organization","name":"Organizzatore","url":"https:\/\/www.organisator.ch\/","logo":{"@type":"ImageObject","inLanguage":"it-IT","@id":"https:\/\/www.organisator.ch\/#\/schema\/logo\/image\/","url":"https:\/\/www.organisator.ch\/wp-content\/uploads\/2022\/01\/Logo_Organisator_Website.png","contentUrl":"https:\/\/www.organisator.ch\/wp-content\/uploads\/2022\/01\/Logo_Organisator_Website.png","width":800,"height":77,"caption":"Organisator"},"image":{"@id":"https:\/\/www.organisator.ch\/#\/schema\/logo\/image\/"},"sameAs":["https:\/\/www.facebook.com\/OrganisatorFachmagazin","https:\/\/www.linkedin.com\/showcase\/organisator-das-magazin-fr-kmu","https:\/\/www.xing.com\/news\/pages\/organisator-ch-695","https:\/\/www.youtube.com\/channel\/UCGP2Sq0iWaZwT3BdIAQFYpw"]},{"@type":"Person","@id":"https:\/\/www.organisator.ch\/#\/schema\/person\/a800b8c54e208b160517a7dcc323161d","name":"roger.straessle","image":{"@type":"ImageObject","inLanguage":"it-IT","@id":"https:\/\/secure.gravatar.com\/avatar\/?s=96&d=mm&r=g","url":"https:\/\/secure.gravatar.com\/avatar\/?s=96&d=mm&r=g","contentUrl":"https:\/\/secure.gravatar.com\/avatar\/?s=96&d=mm&r=g","caption":"roger.straessle"},"url":"https:\/\/www.organisator.ch\/it\/author\/roger-straessle\/"}]}},"_links":{"self":[{"href":"https:\/\/www.organisator.ch\/it\/wp-json\/wp\/v2\/posts\/4803","targetHints":{"allow":["GET"]}}],"collection":[{"href":"https:\/\/www.organisator.ch\/it\/wp-json\/wp\/v2\/posts"}],"about":[{"href":"https:\/\/www.organisator.ch\/it\/wp-json\/wp\/v2\/types\/post"}],"author":[{"embeddable":true,"href":"https:\/\/www.organisator.ch\/it\/wp-json\/wp\/v2\/users\/6"}],"replies":[{"embeddable":true,"href":"https:\/\/www.organisator.ch\/it\/wp-json\/wp\/v2\/comments?post=4803"}],"version-history":[{"count":1,"href":"https:\/\/www.organisator.ch\/it\/wp-json\/wp\/v2\/posts\/4803\/revisions"}],"predecessor-version":[{"id":10642,"href":"https:\/\/www.organisator.ch\/it\/wp-json\/wp\/v2\/posts\/4803\/revisions\/10642"}],"wp:featuredmedia":[{"embeddable":true,"href":"https:\/\/www.organisator.ch\/it\/wp-json\/wp\/v2\/media\/9841"}],"wp:attachment":[{"href":"https:\/\/www.organisator.ch\/it\/wp-json\/wp\/v2\/media?parent=4803"}],"wp:term":[{"taxonomy":"category","embeddable":true,"href":"https:\/\/www.organisator.ch\/it\/wp-json\/wp\/v2\/categories?post=4803"},{"taxonomy":"post_tag","embeddable":true,"href":"https:\/\/www.organisator.ch\/it\/wp-json\/wp\/v2\/tags?post=4803"}],"curies":[{"name":"wp","href":"https:\/\/api.w.org\/{rel}","templated":true}]}}