{"id":48185,"date":"2026-04-29T10:46:56","date_gmt":"2026-04-29T08:46:56","guid":{"rendered":"https:\/\/www.organisator.ch\/de\/?p=48185"},"modified":"2026-04-29T10:46:56","modified_gmt":"2026-04-29T08:46:56","slug":"swiss-staffingindex-temporaermarkt-dreht-nach-drei-jahren-ins-plus","status":"publish","type":"post","link":"https:\/\/www.organisator.ch\/it\/human-resources\/hrm\/2026-04-29\/swiss-staffingindex-temporaermarkt-dreht-nach-drei-jahren-ins-plus\/","title":{"rendered":"Swiss Staffingindex: il mercato del lavoro interinale torna positivo dopo tre anni"},"content":{"rendered":"<figure id=\"attachment_48183\" aria-describedby=\"caption-attachment-48183\" style=\"width: 1400px\" class=\"wp-caption alignnone\"><img loading=\"lazy\" decoding=\"async\" class=\"size-full wp-image-48183\" src=\"https:\/\/www.organisator.ch\/wp-content\/uploads\/2026\/04\/swiss-staffingindex-quartalsentwicklung-Q1-2026-de-scaled.jpg\" alt=\"\" width=\"1400\" height=\"900\" srcset=\"https:\/\/www.organisator.ch\/wp-content\/uploads\/2026\/04\/swiss-staffingindex-quartalsentwicklung-Q1-2026-de-scaled.jpg 1400w, https:\/\/www.organisator.ch\/wp-content\/uploads\/2026\/04\/swiss-staffingindex-quartalsentwicklung-Q1-2026-de-680x437.jpg 680w, https:\/\/www.organisator.ch\/wp-content\/uploads\/2026\/04\/swiss-staffingindex-quartalsentwicklung-Q1-2026-de-1024x658.jpg 1024w, https:\/\/www.organisator.ch\/wp-content\/uploads\/2026\/04\/swiss-staffingindex-quartalsentwicklung-Q1-2026-de-768x494.jpg 768w, https:\/\/www.organisator.ch\/wp-content\/uploads\/2026\/04\/swiss-staffingindex-quartalsentwicklung-Q1-2026-de-1536x987.jpg 1536w, https:\/\/www.organisator.ch\/wp-content\/uploads\/2026\/04\/swiss-staffingindex-quartalsentwicklung-Q1-2026-de-2048x1316.jpg 2048w, https:\/\/www.organisator.ch\/wp-content\/uploads\/2026\/04\/swiss-staffingindex-quartalsentwicklung-Q1-2026-de-18x12.jpg 18w, https:\/\/www.organisator.ch\/wp-content\/uploads\/2026\/04\/swiss-staffingindex-quartalsentwicklung-Q1-2026-de-375x241.jpg 375w, https:\/\/www.organisator.ch\/wp-content\/uploads\/2026\/04\/swiss-staffingindex-quartalsentwicklung-Q1-2026-de-545x350.jpg 545w, https:\/\/www.organisator.ch\/wp-content\/uploads\/2026\/04\/swiss-staffingindex-quartalsentwicklung-Q1-2026-de-1000x643.jpg 1000w\" sizes=\"auto, (max-width: 1400px) 100vw, 1400px\" \/><figcaption id=\"caption-attachment-48183\" class=\"wp-caption-text\">Mercato del lavoro a tempo determinato in forte calo fino al 1\u00b0 trimestre 2026. Fonte: zvg<\/figcaption><\/figure>\n<p>Nel primo trimestre del 2026 i fornitori svizzeri di servizi per il personale hanno interrotto una tendenza pluriennale al ribasso: dopo dodici trimestri con segno negativo, il numero di ore lavorate dal personale temporaneo \u00e8 aumentato dell'1,3% rispetto all'anno precedente. Il settore del collocamento a tempo indeterminato, invece, continua a risentire del rallentamento dell'economia e dell'incertezza economica: con una flessione del 16,9%, il segmento di mercato \u00e8 in calo per l'undicesimo trimestre consecutivo. Lo Swiss Staffingindex \u00e8 quindi un termometro clinico dell'economia svizzera, che riflette l'andamento complessivamente positivo ma fragile del mercato del lavoro e dell'economia.<\/p>\n<h3>Recupero selettivo con grandi differenze regionali<\/h3>\n<p>Il primo trimestre \u00e8 stato caratterizzato da una stabilizzazione a un livello basso del mercato temporaneo. Questo \u00e8 stato caratterizzato da marcate differenze regionali: Nella Svizzera orientale, un maggior numero di aziende industriali ha dovuto registrare il lavoro a orario ridotto per il proprio personale fisso, il che ha causato un calo della domanda di personale temporaneo nella regione del 2,2% rispetto allo stesso trimestre dell'anno precedente. L'Altopiano centrale, invece, ha registrato un aumento del 5,5%, a cui ha contribuito in modo significativo l'industria orologiera.<\/p>\n<p>Marcel Keller, Country President Adecco Group Switzerland, commenta: \u00abLa leggera ripresa del primo trimestre non \u00e8 una ripresa su larga scala, ma piuttosto una contromossa selettiva in singoli cluster industriali, in particolare nell'Altopiano centrale. Dopo diversi trimestri deboli, le aziende stanno rispondendo con cautela alle assunzioni temporanee, ma rimangono complessivamente molto caute.\u00bb<\/p>\n<h3>Conflitto in Iran: ancora nessun impatto sul business a marzo<\/h3>\n<p>Gli effetti del conflitto in Iran non erano ancora visibili nel marzo 2026. Le ore di lavoro sono cresciute dell\u00ab1,1% rispetto all'anno precedente - pi\u00f9 deboli rispetto a gennaio, ma pi\u00f9 forti rispetto a febbraio. Marius Osterfeld, economista di Swissstaffing, spiega: \u00bbIn un confronto storico, gli aumenti dei prezzi dell'energia a marzo sono stati moderati, nonostante le conseguenze evidenti alle pompe di benzina. Di conseguenza, il conflitto in Iran non ha avuto quasi alcun impatto sull'attivit\u00e0 delle agenzie di reclutamento\".\u00bb<\/p>\n<p>Si tratta di un dato significativo, in quanto marzo ha circa il 20% di ore lavorative in pi\u00f9 rispetto a gennaio a causa di fattori stagionali. Gli effetti negativi avrebbero avuto un impatto proporzionalmente maggiore sul risultato trimestrale.<\/p>\n<p>Tuttavia, Osterfeld non d\u00e0 il via libera per i prossimi mesi: \u00abSe il conflitto sullo Stretto di Hormuz non si risolve, l'industria svizzera ne risentir\u00e0 in modo particolare, e quindi anche il settore del temporary staffing\u00bb. Il settore industriale rappresenta circa un quarto del fatturato dei fornitori di servizi per il personale, il che significa che l'industria del temporary staffing \u00e8 fortemente influenzata dal suo sviluppo commerciale.<\/p>\n<h3>L'incertezza geopolitica rafforza i singoli segmenti<\/h3>\n<p>Tuttavia, il conflitto in Iran potrebbe anche rafforzare singoli segmenti di mercato: Secondo Osterfeld, l'incertezza legata ai prezzi della paraffina e alle cancellazioni dei voli spinger\u00e0 probabilmente un maggior numero di viaggiatori indecisi a fare una vacanza in Svizzera o a investire in beni di consumo invece di prenotare una vacanza. Ci\u00f2 far\u00e0 aumentare la domanda nei settori della ristorazione, degli alberghi, della logistica e del commercio al dettaglio. L'effetto complessivo rimarrebbe comunque negativo, poich\u00e9 parte del denaro risparmiato dovrebbe essere speso per l'aumento dei prezzi.<\/p>\n<p>Nonostante la situazione geopolitica tesa, i CEO delle aziende associate a Swissstaffing sono ottimisti: secondo un sondaggio condotto dall'istituto di ricerca sociale e d'opinione Gfs-Zurigo, il 38% dei CEO intervistati prevede un aumento degli affari nei prossimi sei mesi, una cifra paragonabile a quella del sondaggio del trimestre precedente.<\/p>\n<p><em>Fonte: <a href=\"https:\/\/www.swissstaffing.ch\" target=\"_blank\" rel=\"noopener\">Swissstaffing<\/a>.<\/em><\/p>","protected":false},"excerpt":{"rendered":"<p>Il mercato svizzero del lavoro interinale \u00e8 tornato a crescere per la prima volta dopo dodici trimestri in rosso. Nel primo trimestre del 2026, le ore di impiego sono aumentate dell'1,3%, nonostante le tensioni geopolitiche. Tuttavia, il settore del collocamento permanente rimane sotto forte pressione.<\/p>","protected":false},"author":107,"featured_media":48183,"comment_status":"closed","ping_status":"closed","sticky":false,"template":"","format":"standard","meta":{"_acf_changed":false,"_yoast_wpseo_focuskw":"Swiss Staffingindex Q1 2026","_yoast_wpseo_metadesc":"Nach 12 Quartalen w\u00e4chst der Schweizer Tempor\u00e4rmarkt wieder um 1,3%. Das Feststellengesch\u00e4ft bleibt unter Druck. Alle Zahlen zum Swiss Staffingindex Q1 2026.","articlekey":"","footnotes":""},"categories":[26],"tags":[47,3745],"class_list":["post-48185","post","type-post","status-publish","format-standard","has-post-thumbnail","hentry","category-hrm","tag-arbeitsmarkt","tag-temporaerarbeit"],"acf":[],"yoast_head":"<!-- This site is optimized with the Yoast SEO plugin v27.5 - https:\/\/yoast.com\/product\/yoast-seo-wordpress\/ -->\n<title>Swiss Staffingindex: Tempor\u00e4rmarkt dreht nach drei Jahren ins Plus - Organisator<\/title>\n<meta name=\"description\" content=\"Nach 12 Quartalen w\u00e4chst der Schweizer Tempor\u00e4rmarkt wieder um 1,3%. Das Feststellengesch\u00e4ft bleibt unter Druck. Alle Zahlen zum Swiss Staffingindex Q1 2026.\" \/>\n<meta name=\"robots\" content=\"index, follow, max-snippet:-1, max-image-preview:large, max-video-preview:-1\" \/>\n<link rel=\"canonical\" href=\"https:\/\/www.organisator.ch\/it\/risorse-umane\/hrm\/2026-04-29\/swiss-staffingindex-temporaermarkt-dreht-nach-drei-jahren-ins-plus\/\" \/>\n<meta property=\"og:locale\" content=\"it_IT\" \/>\n<meta property=\"og:type\" content=\"article\" \/>\n<meta property=\"og:title\" content=\"Swiss Staffingindex: Tempor\u00e4rmarkt dreht nach drei Jahren ins Plus\" \/>\n<meta property=\"og:description\" content=\"Nach 12 Quartalen w\u00e4chst der Schweizer Tempor\u00e4rmarkt wieder um 1,3%. Das Feststellengesch\u00e4ft bleibt unter Druck. Alle Zahlen zum Swiss Staffingindex Q1 2026.\" \/>\n<meta property=\"og:url\" content=\"https:\/\/www.organisator.ch\/it\/risorse-umane\/hrm\/2026-04-29\/swiss-staffingindex-temporaermarkt-dreht-nach-drei-jahren-ins-plus\/\" \/>\n<meta property=\"og:site_name\" content=\"Organisator\" \/>\n<meta property=\"article:publisher\" content=\"https:\/\/www.facebook.com\/OrganisatorFachmagazin\" \/>\n<meta property=\"article:published_time\" content=\"2026-04-29T08:46:56+00:00\" \/>\n<meta property=\"og:image\" content=\"https:\/\/www.organisator.ch\/wp-content\/uploads\/2026\/04\/swiss-staffingindex-quartalsentwicklung-Q1-2026-de-scaled.jpg\" \/>\n\t<meta property=\"og:image:width\" content=\"1400\" \/>\n\t<meta property=\"og:image:height\" content=\"900\" \/>\n\t<meta property=\"og:image:type\" content=\"image\/jpeg\" \/>\n<meta name=\"author\" content=\"n8n\" \/>\n<meta name=\"twitter:card\" content=\"summary_large_image\" \/>\n<meta name=\"twitter:title\" content=\"Swiss #Staffingindex: #Tempor\u00e4rmarkt dreht nach drei Jahren ins Plus\" \/>\n<meta name=\"twitter:description\" content=\"Nach 12 Quartalen w\u00e4chst der Schweizer #Tempor\u00e4rmarkt wieder um 1,3%. Das #Feststellengesch\u00e4ft bleibt unter Druck. Alle Zahlen zum Swiss #Staffingindex Q1 2026.\" \/>\n<meta name=\"twitter:image\" content=\"https:\/\/www.organisator.ch\/wp-content\/uploads\/2026\/04\/swiss-staffingindex-quartalsentwicklung-Q1-2026-de-scaled.jpg\" \/>\n<script type=\"application\/ld+json\" class=\"yoast-schema-graph\">{\"@context\":\"https:\\\/\\\/schema.org\",\"@graph\":[{\"@type\":\"Article\",\"@id\":\"https:\\\/\\\/www.organisator.ch\\\/human-resources\\\/hrm\\\/2026-04-29\\\/swiss-staffingindex-temporaermarkt-dreht-nach-drei-jahren-ins-plus\\\/#article\",\"isPartOf\":{\"@id\":\"https:\\\/\\\/www.organisator.ch\\\/human-resources\\\/hrm\\\/2026-04-29\\\/swiss-staffingindex-temporaermarkt-dreht-nach-drei-jahren-ins-plus\\\/\"},\"author\":{\"name\":\"n8n\",\"@id\":\"https:\\\/\\\/www.organisator.ch\\\/#\\\/schema\\\/person\\\/a9d0e0eff238db87a8f840f3b50359f0\"},\"headline\":\"Swiss Staffingindex: Tempor\u00e4rmarkt dreht nach drei Jahren ins Plus\",\"datePublished\":\"2026-04-29T08:46:56+00:00\",\"mainEntityOfPage\":{\"@id\":\"https:\\\/\\\/www.organisator.ch\\\/human-resources\\\/hrm\\\/2026-04-29\\\/swiss-staffingindex-temporaermarkt-dreht-nach-drei-jahren-ins-plus\\\/\"},\"wordCount\":522,\"publisher\":{\"@id\":\"https:\\\/\\\/www.organisator.ch\\\/#organization\"},\"image\":{\"@id\":\"https:\\\/\\\/www.organisator.ch\\\/human-resources\\\/hrm\\\/2026-04-29\\\/swiss-staffingindex-temporaermarkt-dreht-nach-drei-jahren-ins-plus\\\/#primaryimage\"},\"thumbnailUrl\":\"https:\\\/\\\/www.organisator.ch\\\/wp-content\\\/uploads\\\/2026\\\/04\\\/swiss-staffingindex-quartalsentwicklung-Q1-2026-de-scaled.jpg\",\"keywords\":[\"Arbeitsmarkt\",\"Tempor\u00e4rarbeit\"],\"articleSection\":[\"HRM\"],\"inLanguage\":\"it-IT\"},{\"@type\":\"WebPage\",\"@id\":\"https:\\\/\\\/www.organisator.ch\\\/human-resources\\\/hrm\\\/2026-04-29\\\/swiss-staffingindex-temporaermarkt-dreht-nach-drei-jahren-ins-plus\\\/\",\"url\":\"https:\\\/\\\/www.organisator.ch\\\/human-resources\\\/hrm\\\/2026-04-29\\\/swiss-staffingindex-temporaermarkt-dreht-nach-drei-jahren-ins-plus\\\/\",\"name\":\"Swiss Staffingindex: Tempor\u00e4rmarkt dreht nach drei Jahren ins Plus - Organisator\",\"isPartOf\":{\"@id\":\"https:\\\/\\\/www.organisator.ch\\\/#website\"},\"primaryImageOfPage\":{\"@id\":\"https:\\\/\\\/www.organisator.ch\\\/human-resources\\\/hrm\\\/2026-04-29\\\/swiss-staffingindex-temporaermarkt-dreht-nach-drei-jahren-ins-plus\\\/#primaryimage\"},\"image\":{\"@id\":\"https:\\\/\\\/www.organisator.ch\\\/human-resources\\\/hrm\\\/2026-04-29\\\/swiss-staffingindex-temporaermarkt-dreht-nach-drei-jahren-ins-plus\\\/#primaryimage\"},\"thumbnailUrl\":\"https:\\\/\\\/www.organisator.ch\\\/wp-content\\\/uploads\\\/2026\\\/04\\\/swiss-staffingindex-quartalsentwicklung-Q1-2026-de-scaled.jpg\",\"datePublished\":\"2026-04-29T08:46:56+00:00\",\"description\":\"Nach 12 Quartalen w\u00e4chst der Schweizer Tempor\u00e4rmarkt wieder um 1,3%. Das Feststellengesch\u00e4ft bleibt unter Druck. Alle Zahlen zum Swiss Staffingindex Q1 2026.\",\"breadcrumb\":{\"@id\":\"https:\\\/\\\/www.organisator.ch\\\/human-resources\\\/hrm\\\/2026-04-29\\\/swiss-staffingindex-temporaermarkt-dreht-nach-drei-jahren-ins-plus\\\/#breadcrumb\"},\"inLanguage\":\"it-IT\",\"potentialAction\":[{\"@type\":\"ReadAction\",\"target\":[\"https:\\\/\\\/www.organisator.ch\\\/human-resources\\\/hrm\\\/2026-04-29\\\/swiss-staffingindex-temporaermarkt-dreht-nach-drei-jahren-ins-plus\\\/\"]}]},{\"@type\":\"ImageObject\",\"inLanguage\":\"it-IT\",\"@id\":\"https:\\\/\\\/www.organisator.ch\\\/human-resources\\\/hrm\\\/2026-04-29\\\/swiss-staffingindex-temporaermarkt-dreht-nach-drei-jahren-ins-plus\\\/#primaryimage\",\"url\":\"https:\\\/\\\/www.organisator.ch\\\/wp-content\\\/uploads\\\/2026\\\/04\\\/swiss-staffingindex-quartalsentwicklung-Q1-2026-de-scaled.jpg\",\"contentUrl\":\"https:\\\/\\\/www.organisator.ch\\\/wp-content\\\/uploads\\\/2026\\\/04\\\/swiss-staffingindex-quartalsentwicklung-Q1-2026-de-scaled.jpg\",\"width\":1400,\"height\":900,\"caption\":\"Feststellenmarkt bis Q1 2026 stark r\u00fcckl\u00e4ufig. Quelle: zvg\"},{\"@type\":\"BreadcrumbList\",\"@id\":\"https:\\\/\\\/www.organisator.ch\\\/human-resources\\\/hrm\\\/2026-04-29\\\/swiss-staffingindex-temporaermarkt-dreht-nach-drei-jahren-ins-plus\\\/#breadcrumb\",\"itemListElement\":[{\"@type\":\"ListItem\",\"position\":1,\"name\":\"Home\",\"item\":\"https:\\\/\\\/www.organisator.ch\\\/\"},{\"@type\":\"ListItem\",\"position\":2,\"name\":\"Swiss Staffingindex: Tempor\u00e4rmarkt dreht nach drei Jahren ins Plus\"}]},{\"@type\":\"WebSite\",\"@id\":\"https:\\\/\\\/www.organisator.ch\\\/#website\",\"url\":\"https:\\\/\\\/www.organisator.ch\\\/\",\"name\":\"Organisator\",\"description\":\"Kompetent. Praxisnah. Der ORGANISATOR bereitet in 10 Ausgaben pro Jahr die wesentlichen Themen f\u00fcr F\u00fchrungskr\u00e4fte von KMU auf.\",\"publisher\":{\"@id\":\"https:\\\/\\\/www.organisator.ch\\\/#organization\"},\"potentialAction\":[{\"@type\":\"SearchAction\",\"target\":{\"@type\":\"EntryPoint\",\"urlTemplate\":\"https:\\\/\\\/www.organisator.ch\\\/?s={search_term_string}\"},\"query-input\":{\"@type\":\"PropertyValueSpecification\",\"valueRequired\":true,\"valueName\":\"search_term_string\"}}],\"inLanguage\":\"it-IT\"},{\"@type\":\"Organization\",\"@id\":\"https:\\\/\\\/www.organisator.ch\\\/#organization\",\"name\":\"Organisator\",\"url\":\"https:\\\/\\\/www.organisator.ch\\\/\",\"logo\":{\"@type\":\"ImageObject\",\"inLanguage\":\"it-IT\",\"@id\":\"https:\\\/\\\/www.organisator.ch\\\/#\\\/schema\\\/logo\\\/image\\\/\",\"url\":\"https:\\\/\\\/www.organisator.ch\\\/wp-content\\\/uploads\\\/2022\\\/01\\\/Logo_Organisator_Website.png\",\"contentUrl\":\"https:\\\/\\\/www.organisator.ch\\\/wp-content\\\/uploads\\\/2022\\\/01\\\/Logo_Organisator_Website.png\",\"width\":800,\"height\":77,\"caption\":\"Organisator\"},\"image\":{\"@id\":\"https:\\\/\\\/www.organisator.ch\\\/#\\\/schema\\\/logo\\\/image\\\/\"},\"sameAs\":[\"https:\\\/\\\/www.facebook.com\\\/OrganisatorFachmagazin\",\"https:\\\/\\\/www.linkedin.com\\\/showcase\\\/organisator-das-magazin-fr-kmu\",\"https:\\\/\\\/www.xing.com\\\/news\\\/pages\\\/organisator-ch-695\",\"https:\\\/\\\/www.youtube.com\\\/channel\\\/UCGP2Sq0iWaZwT3BdIAQFYpw\"]},{\"@type\":\"Person\",\"@id\":\"https:\\\/\\\/www.organisator.ch\\\/#\\\/schema\\\/person\\\/a9d0e0eff238db87a8f840f3b50359f0\",\"name\":\"n8n\",\"image\":{\"@type\":\"ImageObject\",\"inLanguage\":\"it-IT\",\"@id\":\"https:\\\/\\\/secure.gravatar.com\\\/avatar\\\/5368fb9d03fd415a6f335cece4c15af2502d6ca8651efbd6e8f98427a9795400?s=96&d=mm&r=g\",\"url\":\"https:\\\/\\\/secure.gravatar.com\\\/avatar\\\/5368fb9d03fd415a6f335cece4c15af2502d6ca8651efbd6e8f98427a9795400?s=96&d=mm&r=g\",\"contentUrl\":\"https:\\\/\\\/secure.gravatar.com\\\/avatar\\\/5368fb9d03fd415a6f335cece4c15af2502d6ca8651efbd6e8f98427a9795400?s=96&d=mm&r=g\",\"caption\":\"n8n\"},\"url\":\"https:\\\/\\\/www.organisator.ch\\\/it\\\/author\\\/n8n\\\/\"}]}<\/script>\n<!-- \/ Yoast SEO plugin. -->","yoast_head_json":{"title":"Swiss Staffingindex: il mercato del lavoro interinale torna positivo dopo tre anni - Organizer","description":"Dopo 12 trimestri, il mercato svizzero del lavoro temporaneo \u00e8 tornato a crescere di 1,3%. Il settore del collocamento permanente rimane sotto pressione. Tutti i dati dello Swiss Staffingindex Q1 2026.","robots":{"index":"index","follow":"follow","max-snippet":"max-snippet:-1","max-image-preview":"max-image-preview:large","max-video-preview":"max-video-preview:-1"},"canonical":"https:\/\/www.organisator.ch\/it\/risorse-umane\/hrm\/2026-04-29\/swiss-staffingindex-temporaermarkt-dreht-nach-drei-jahren-ins-plus\/","og_locale":"it_IT","og_type":"article","og_title":"Swiss Staffingindex: Tempor\u00e4rmarkt dreht nach drei Jahren ins Plus","og_description":"Nach 12 Quartalen w\u00e4chst der Schweizer Tempor\u00e4rmarkt wieder um 1,3%. Das Feststellengesch\u00e4ft bleibt unter Druck. Alle Zahlen zum Swiss Staffingindex Q1 2026.","og_url":"https:\/\/www.organisator.ch\/it\/risorse-umane\/hrm\/2026-04-29\/swiss-staffingindex-temporaermarkt-dreht-nach-drei-jahren-ins-plus\/","og_site_name":"Organisator","article_publisher":"https:\/\/www.facebook.com\/OrganisatorFachmagazin","article_published_time":"2026-04-29T08:46:56+00:00","og_image":[{"width":1400,"height":900,"url":"https:\/\/www.organisator.ch\/wp-content\/uploads\/2026\/04\/swiss-staffingindex-quartalsentwicklung-Q1-2026-de-scaled.jpg","type":"image\/jpeg"}],"author":"n8n","twitter_card":"summary_large_image","twitter_title":"Swiss #Staffingindex: #Tempor\u00e4rmarkt dreht nach drei Jahren ins Plus","twitter_description":"Nach 12 Quartalen w\u00e4chst der Schweizer #Tempor\u00e4rmarkt wieder um 1,3%. Das #Feststellengesch\u00e4ft bleibt unter Druck. Alle Zahlen zum Swiss #Staffingindex Q1 2026.","twitter_image":"https:\/\/www.organisator.ch\/wp-content\/uploads\/2026\/04\/swiss-staffingindex-quartalsentwicklung-Q1-2026-de-scaled.jpg","schema":{"@context":"https:\/\/schema.org","@graph":[{"@type":"Article","@id":"https:\/\/www.organisator.ch\/human-resources\/hrm\/2026-04-29\/swiss-staffingindex-temporaermarkt-dreht-nach-drei-jahren-ins-plus\/#article","isPartOf":{"@id":"https:\/\/www.organisator.ch\/human-resources\/hrm\/2026-04-29\/swiss-staffingindex-temporaermarkt-dreht-nach-drei-jahren-ins-plus\/"},"author":{"name":"n8n","@id":"https:\/\/www.organisator.ch\/#\/schema\/person\/a9d0e0eff238db87a8f840f3b50359f0"},"headline":"Swiss Staffingindex: Tempor\u00e4rmarkt dreht nach drei Jahren ins Plus","datePublished":"2026-04-29T08:46:56+00:00","mainEntityOfPage":{"@id":"https:\/\/www.organisator.ch\/human-resources\/hrm\/2026-04-29\/swiss-staffingindex-temporaermarkt-dreht-nach-drei-jahren-ins-plus\/"},"wordCount":522,"publisher":{"@id":"https:\/\/www.organisator.ch\/#organization"},"image":{"@id":"https:\/\/www.organisator.ch\/human-resources\/hrm\/2026-04-29\/swiss-staffingindex-temporaermarkt-dreht-nach-drei-jahren-ins-plus\/#primaryimage"},"thumbnailUrl":"https:\/\/www.organisator.ch\/wp-content\/uploads\/2026\/04\/swiss-staffingindex-quartalsentwicklung-Q1-2026-de-scaled.jpg","keywords":["Arbeitsmarkt","Tempor\u00e4rarbeit"],"articleSection":["HRM"],"inLanguage":"it-IT"},{"@type":"WebPage","@id":"https:\/\/www.organisator.ch\/human-resources\/hrm\/2026-04-29\/swiss-staffingindex-temporaermarkt-dreht-nach-drei-jahren-ins-plus\/","url":"https:\/\/www.organisator.ch\/human-resources\/hrm\/2026-04-29\/swiss-staffingindex-temporaermarkt-dreht-nach-drei-jahren-ins-plus\/","name":"Swiss Staffingindex: il mercato del lavoro interinale torna positivo dopo tre anni - Organizer","isPartOf":{"@id":"https:\/\/www.organisator.ch\/#website"},"primaryImageOfPage":{"@id":"https:\/\/www.organisator.ch\/human-resources\/hrm\/2026-04-29\/swiss-staffingindex-temporaermarkt-dreht-nach-drei-jahren-ins-plus\/#primaryimage"},"image":{"@id":"https:\/\/www.organisator.ch\/human-resources\/hrm\/2026-04-29\/swiss-staffingindex-temporaermarkt-dreht-nach-drei-jahren-ins-plus\/#primaryimage"},"thumbnailUrl":"https:\/\/www.organisator.ch\/wp-content\/uploads\/2026\/04\/swiss-staffingindex-quartalsentwicklung-Q1-2026-de-scaled.jpg","datePublished":"2026-04-29T08:46:56+00:00","description":"Dopo 12 trimestri, il mercato svizzero del lavoro temporaneo \u00e8 tornato a crescere di 1,3%. Il settore del collocamento permanente rimane sotto pressione. Tutti i dati dello Swiss Staffingindex Q1 2026.","breadcrumb":{"@id":"https:\/\/www.organisator.ch\/human-resources\/hrm\/2026-04-29\/swiss-staffingindex-temporaermarkt-dreht-nach-drei-jahren-ins-plus\/#breadcrumb"},"inLanguage":"it-IT","potentialAction":[{"@type":"ReadAction","target":["https:\/\/www.organisator.ch\/human-resources\/hrm\/2026-04-29\/swiss-staffingindex-temporaermarkt-dreht-nach-drei-jahren-ins-plus\/"]}]},{"@type":"ImageObject","inLanguage":"it-IT","@id":"https:\/\/www.organisator.ch\/human-resources\/hrm\/2026-04-29\/swiss-staffingindex-temporaermarkt-dreht-nach-drei-jahren-ins-plus\/#primaryimage","url":"https:\/\/www.organisator.ch\/wp-content\/uploads\/2026\/04\/swiss-staffingindex-quartalsentwicklung-Q1-2026-de-scaled.jpg","contentUrl":"https:\/\/www.organisator.ch\/wp-content\/uploads\/2026\/04\/swiss-staffingindex-quartalsentwicklung-Q1-2026-de-scaled.jpg","width":1400,"height":900,"caption":"Feststellenmarkt bis Q1 2026 stark r\u00fcckl\u00e4ufig. Quelle: zvg"},{"@type":"BreadcrumbList","@id":"https:\/\/www.organisator.ch\/human-resources\/hrm\/2026-04-29\/swiss-staffingindex-temporaermarkt-dreht-nach-drei-jahren-ins-plus\/#breadcrumb","itemListElement":[{"@type":"ListItem","position":1,"name":"Home","item":"https:\/\/www.organisator.ch\/"},{"@type":"ListItem","position":2,"name":"Swiss Staffingindex: Tempor\u00e4rmarkt dreht nach drei Jahren ins Plus"}]},{"@type":"WebSite","@id":"https:\/\/www.organisator.ch\/#website","url":"https:\/\/www.organisator.ch\/","name":"Organizzatore","description":"Competente. Pratico. In 10 numeri all'anno, ORGANISATOR presenta i temi essenziali per i manager delle PMI.","publisher":{"@id":"https:\/\/www.organisator.ch\/#organization"},"potentialAction":[{"@type":"SearchAction","target":{"@type":"EntryPoint","urlTemplate":"https:\/\/www.organisator.ch\/?s={search_term_string}"},"query-input":{"@type":"PropertyValueSpecification","valueRequired":true,"valueName":"search_term_string"}}],"inLanguage":"it-IT"},{"@type":"Organization","@id":"https:\/\/www.organisator.ch\/#organization","name":"Organizzatore","url":"https:\/\/www.organisator.ch\/","logo":{"@type":"ImageObject","inLanguage":"it-IT","@id":"https:\/\/www.organisator.ch\/#\/schema\/logo\/image\/","url":"https:\/\/www.organisator.ch\/wp-content\/uploads\/2022\/01\/Logo_Organisator_Website.png","contentUrl":"https:\/\/www.organisator.ch\/wp-content\/uploads\/2022\/01\/Logo_Organisator_Website.png","width":800,"height":77,"caption":"Organisator"},"image":{"@id":"https:\/\/www.organisator.ch\/#\/schema\/logo\/image\/"},"sameAs":["https:\/\/www.facebook.com\/OrganisatorFachmagazin","https:\/\/www.linkedin.com\/showcase\/organisator-das-magazin-fr-kmu","https:\/\/www.xing.com\/news\/pages\/organisator-ch-695","https:\/\/www.youtube.com\/channel\/UCGP2Sq0iWaZwT3BdIAQFYpw"]},{"@type":"Person","@id":"https:\/\/www.organisator.ch\/#\/schema\/person\/a9d0e0eff238db87a8f840f3b50359f0","name":"n8n","image":{"@type":"ImageObject","inLanguage":"it-IT","@id":"https:\/\/secure.gravatar.com\/avatar\/5368fb9d03fd415a6f335cece4c15af2502d6ca8651efbd6e8f98427a9795400?s=96&d=mm&r=g","url":"https:\/\/secure.gravatar.com\/avatar\/5368fb9d03fd415a6f335cece4c15af2502d6ca8651efbd6e8f98427a9795400?s=96&d=mm&r=g","contentUrl":"https:\/\/secure.gravatar.com\/avatar\/5368fb9d03fd415a6f335cece4c15af2502d6ca8651efbd6e8f98427a9795400?s=96&d=mm&r=g","caption":"n8n"},"url":"https:\/\/www.organisator.ch\/it\/author\/n8n\/"}]}},"_links":{"self":[{"href":"https:\/\/www.organisator.ch\/it\/wp-json\/wp\/v2\/posts\/48185","targetHints":{"allow":["GET"]}}],"collection":[{"href":"https:\/\/www.organisator.ch\/it\/wp-json\/wp\/v2\/posts"}],"about":[{"href":"https:\/\/www.organisator.ch\/it\/wp-json\/wp\/v2\/types\/post"}],"author":[{"embeddable":true,"href":"https:\/\/www.organisator.ch\/it\/wp-json\/wp\/v2\/users\/107"}],"replies":[{"embeddable":true,"href":"https:\/\/www.organisator.ch\/it\/wp-json\/wp\/v2\/comments?post=48185"}],"version-history":[{"count":4,"href":"https:\/\/www.organisator.ch\/it\/wp-json\/wp\/v2\/posts\/48185\/revisions"}],"predecessor-version":[{"id":48229,"href":"https:\/\/www.organisator.ch\/it\/wp-json\/wp\/v2\/posts\/48185\/revisions\/48229"}],"wp:featuredmedia":[{"embeddable":true,"href":"https:\/\/www.organisator.ch\/it\/wp-json\/wp\/v2\/media\/48183"}],"wp:attachment":[{"href":"https:\/\/www.organisator.ch\/it\/wp-json\/wp\/v2\/media?parent=48185"}],"wp:term":[{"taxonomy":"category","embeddable":true,"href":"https:\/\/www.organisator.ch\/it\/wp-json\/wp\/v2\/categories?post=48185"},{"taxonomy":"post_tag","embeddable":true,"href":"https:\/\/www.organisator.ch\/it\/wp-json\/wp\/v2\/tags?post=48185"}],"curies":[{"name":"wp","href":"https:\/\/api.w.org\/{rel}","templated":true}]}}