{"id":48243,"date":"2026-04-30T09:22:37","date_gmt":"2026-04-30T07:22:37","guid":{"rendered":"https:\/\/www.organisator.ch\/de\/?p=48243"},"modified":"2026-04-30T09:22:37","modified_gmt":"2026-04-30T07:22:37","slug":"ueber-500-teilnehmende-an-der-ai-in-marketing-konferenz-in-zuerich","status":"publish","type":"post","link":"https:\/\/www.organisator.ch\/it\/marketing\/2026-04-30\/ueber-500-teilnehmende-an-der-ai-in-marketing-konferenz-in-zuerich\/","title":{"rendered":"Oltre 500 partecipanti alla conferenza AI in Marketing a Zurigo"},"content":{"rendered":"<figure id=\"attachment_48242\" aria-describedby=\"caption-attachment-48242\" style=\"width: 1400px\" class=\"wp-caption alignnone\"><img loading=\"lazy\" decoding=\"async\" class=\"size-full wp-image-48242\" src=\"https:\/\/www.organisator.ch\/wp-content\/uploads\/2026\/04\/AIM_turing_00_stage-12-scaled.jpg\" alt=\"\" width=\"1400\" height=\"933\" srcset=\"https:\/\/www.organisator.ch\/wp-content\/uploads\/2026\/04\/AIM_turing_00_stage-12-scaled.jpg 1400w, https:\/\/www.organisator.ch\/wp-content\/uploads\/2026\/04\/AIM_turing_00_stage-12-680x453.jpg 680w, https:\/\/www.organisator.ch\/wp-content\/uploads\/2026\/04\/AIM_turing_00_stage-12-1024x683.jpg 1024w, https:\/\/www.organisator.ch\/wp-content\/uploads\/2026\/04\/AIM_turing_00_stage-12-768x512.jpg 768w, https:\/\/www.organisator.ch\/wp-content\/uploads\/2026\/04\/AIM_turing_00_stage-12-1536x1024.jpg 1536w, https:\/\/www.organisator.ch\/wp-content\/uploads\/2026\/04\/AIM_turing_00_stage-12-2048x1365.jpg 2048w, https:\/\/www.organisator.ch\/wp-content\/uploads\/2026\/04\/AIM_turing_00_stage-12-18x12.jpg 18w, https:\/\/www.organisator.ch\/wp-content\/uploads\/2026\/04\/AIM_turing_00_stage-12-375x250.jpg 375w, https:\/\/www.organisator.ch\/wp-content\/uploads\/2026\/04\/AIM_turing_00_stage-12-525x350.jpg 525w, https:\/\/www.organisator.ch\/wp-content\/uploads\/2026\/04\/AIM_turing_00_stage-12-1000x667.jpg 1000w\" sizes=\"auto, (max-width: 1400px) 100vw, 1400px\" \/><figcaption id=\"caption-attachment-48242\" class=\"wp-caption-text\">Tutto esaurito alla conferenza AI in Marketing di Zurigo. Fonte: zvg<\/figcaption><\/figure>\n<p>La seconda conferenza sull'intelligenza artificiale nel marketing ha fatto seguito al successo della sua prima edizione nel 2025. Pi\u00f9 di 500 professionisti del marketing, della comunicazione e della tecnologia hanno partecipato all'evento di un giorno presso il The Circle dell'aeroporto di Zurigo. Su quattro palchi paralleli, 12 keynote, 11 masterclass e un panel hanno offerto approfondimenti di grande attualit\u00e0 sugli ultimi sviluppi dell'intelligenza artificiale nel marketing.<\/p>\n<h3>41 esperti, quattro fasi, un tema<\/h3>\n<p>Nelle varie sessioni, un totale di 41 esperti ha condiviso le proprie conoscenze su temi quali l'IA generativa, gli agenti, l'automazione dei processi di marketing, le questioni legali legate all'IA e l'uso pratico di strumenti per la creazione di testi, immagini e video. Sono stati richiesti in particolare contributi che mostrassero come i team di marketing possano lavorare in modo pi\u00f9 efficiente e ottimizzare le strategie basate sui dati con l'aiuto dell'IA.<\/p>\n<p>Sono intervenuti Daniela Nyarko di Canva, Claudio Mirti di Microsoft, Anna Habighorst di Meta e il dottor Valerio Stallone dell'HWZ. Aziende come Helvetia e Syngenta e agenzie come Hase und Igel, Unic, Kuble e Jung von Matt hanno fornito informazioni sui loro processi di IA e hanno condiviso con il pubblico i loro insegnamenti e le loro best practice.<\/p>\n<h3>Gli studi mostrano un effetto ambivalente dell'IA<\/h3>\n<p>Sono stati presentati anche diversi studi dell'Universit\u00e0 di Berna, Unic in collaborazione con HWZ e Feinheit. I risultati hanno mostrato come l'uso dell'IA stia gi\u00e0 cambiando la cultura, l'uguaglianza e i processi di lavoro, e non sempre a vantaggio delle persone coinvolte.<\/p>\n<p>\u00abLa conferenza offre un'opportunit\u00e0 unica di dialogo con le parti interessate della pratica, della legislazione e della ricerca. Prospettive e priorit\u00e0 diverse si incontrano qui ad altezza d'uomo e portano a discussioni che hanno una certa risonanza\u00bb, afferma Tanja Herrmann, fondatrice e direttrice della conferenza AI in Marketing.<\/p>\n<h3>Mostra d'arte sull'AI e cena SkAI<\/h3>\n<p>La conferenza si \u00e8 conclusa con una mostra d'arte sull'intelligenza artificiale, in cui sono state esposte le opere di cinque artisti svizzeri. Nel panel \u00abIs this art or can it go away?\u00bb si \u00e8 svolta un'accesa discussione su quando qualcosa sia arte e su come debba essere definita la creativit\u00e0. La giornata della conferenza si \u00e8 conclusa con la nuova cena SkAI al nono piano con vista sull'aeroporto di Zurigo.<\/p>\n<p><em>Fonte e ulteriori informazioni: <a href=\"https:\/\/ai-in-marketing.ch\" target=\"_blank\" rel=\"noopener\">ai-in-marketing.ch<\/a><\/em><\/p>","protected":false},"excerpt":{"rendered":"<p>La seconda edizione della conferenza AI in Marketing ha registrato il tutto esaurito: Pi\u00f9 di 500 esperti di marketing, comunicazione e tecnologia hanno discusso gli ultimi sviluppi dell'intelligenza artificiale nel marketing al The Circle dell'aeroporto di Zurigo. La prossima edizione si terr\u00e0 il 21 aprile 2027.<\/p>","protected":false},"author":107,"featured_media":48242,"comment_status":"closed","ping_status":"closed","sticky":false,"template":"","format":"standard","meta":{"_acf_changed":false,"_yoast_wpseo_focuskw":"AI in Marketing Konferenz","_yoast_wpseo_metadesc":"\u00dcber 500 Fachpersonen diskutierten an der AI in Marketing Konferenz in Z\u00fcrich die neuesten KI-Trends im Marketing. Die n\u00e4chste Ausgabe folgt 2027.","articlekey":"","footnotes":""},"categories":[29],"tags":[193,5990,319,4343],"class_list":["post-48243","post","type-post","status-publish","format-standard","has-post-thumbnail","hentry","category-marketing","tag-fachkongressfachmesse","tag-ki-trends","tag-kuenstliche-intelligenz","tag-markom"],"acf":[],"yoast_head":"<!-- This site is optimized with the Yoast SEO plugin v27.5 - https:\/\/yoast.com\/product\/yoast-seo-wordpress\/ -->\n<title>\u00dcber 500 Teilnehmende an der AI in Marketing Konferenz in Z\u00fcrich - Organisator<\/title>\n<meta name=\"description\" content=\"\u00dcber 500 Fachpersonen diskutierten an der AI in Marketing Konferenz in Z\u00fcrich die neuesten KI-Trends im Marketing. Die n\u00e4chste Ausgabe folgt 2027.\" \/>\n<meta name=\"robots\" content=\"index, follow, max-snippet:-1, max-image-preview:large, max-video-preview:-1\" \/>\n<link rel=\"canonical\" href=\"https:\/\/www.organisator.ch\/it\/marketing\/2026-04-30\/ueber-500-teilnehmende-an-der-ai-in-marketing-konferenz-in-zuerich\/\" \/>\n<meta property=\"og:locale\" content=\"it_IT\" \/>\n<meta property=\"og:type\" content=\"article\" \/>\n<meta property=\"og:title\" content=\"\u00dcber 500 Teilnehmende an der AI in Marketing Konferenz in Z\u00fcrich\" \/>\n<meta property=\"og:description\" content=\"\u00dcber 500 Fachpersonen diskutierten an der AI in Marketing Konferenz in Z\u00fcrich die neuesten KI-Trends im Marketing. Die n\u00e4chste Ausgabe folgt 2027.\" \/>\n<meta property=\"og:url\" content=\"https:\/\/www.organisator.ch\/it\/marketing\/2026-04-30\/ueber-500-teilnehmende-an-der-ai-in-marketing-konferenz-in-zuerich\/\" \/>\n<meta property=\"og:site_name\" content=\"Organisator\" \/>\n<meta property=\"article:publisher\" content=\"https:\/\/www.facebook.com\/OrganisatorFachmagazin\" \/>\n<meta property=\"article:published_time\" content=\"2026-04-30T07:22:37+00:00\" \/>\n<meta property=\"og:image\" content=\"https:\/\/www.organisator.ch\/wp-content\/uploads\/2026\/04\/AIM_turing_00_stage-12-scaled.jpg\" \/>\n\t<meta property=\"og:image:width\" content=\"1400\" \/>\n\t<meta property=\"og:image:height\" content=\"933\" \/>\n\t<meta property=\"og:image:type\" content=\"image\/jpeg\" \/>\n<meta name=\"author\" content=\"n8n\" \/>\n<meta name=\"twitter:card\" content=\"summary_large_image\" \/>\n<meta name=\"twitter:title\" content=\"\u00dcber 500 Teilnehmende an der #AI in Marketing Konferenz in Z\u00fcrich\" \/>\n<meta name=\"twitter:description\" content=\"\u00dcber 500 Fachpersonen diskutierten an der AI in Marketing Konferenz in Z\u00fcrich die neuesten #KI-Trends im Marketing. Die n\u00e4chste Ausgabe folgt 2027.\" \/>\n<meta name=\"twitter:image\" content=\"https:\/\/www.organisator.ch\/wp-content\/uploads\/2026\/04\/AIM_turing_00_stage-12-scaled.jpg\" \/>\n<script type=\"application\/ld+json\" class=\"yoast-schema-graph\">{\"@context\":\"https:\\\/\\\/schema.org\",\"@graph\":[{\"@type\":\"Article\",\"@id\":\"https:\\\/\\\/www.organisator.ch\\\/marketing\\\/2026-04-30\\\/ueber-500-teilnehmende-an-der-ai-in-marketing-konferenz-in-zuerich\\\/#article\",\"isPartOf\":{\"@id\":\"https:\\\/\\\/www.organisator.ch\\\/marketing\\\/2026-04-30\\\/ueber-500-teilnehmende-an-der-ai-in-marketing-konferenz-in-zuerich\\\/\"},\"author\":{\"name\":\"n8n\",\"@id\":\"https:\\\/\\\/www.organisator.ch\\\/#\\\/schema\\\/person\\\/a9d0e0eff238db87a8f840f3b50359f0\"},\"headline\":\"\u00dcber 500 Teilnehmende an der AI in Marketing Konferenz in Z\u00fcrich\",\"datePublished\":\"2026-04-30T07:22:37+00:00\",\"mainEntityOfPage\":{\"@id\":\"https:\\\/\\\/www.organisator.ch\\\/marketing\\\/2026-04-30\\\/ueber-500-teilnehmende-an-der-ai-in-marketing-konferenz-in-zuerich\\\/\"},\"wordCount\":392,\"publisher\":{\"@id\":\"https:\\\/\\\/www.organisator.ch\\\/#organization\"},\"image\":{\"@id\":\"https:\\\/\\\/www.organisator.ch\\\/marketing\\\/2026-04-30\\\/ueber-500-teilnehmende-an-der-ai-in-marketing-konferenz-in-zuerich\\\/#primaryimage\"},\"thumbnailUrl\":\"https:\\\/\\\/www.organisator.ch\\\/wp-content\\\/uploads\\\/2026\\\/04\\\/AIM_turing_00_stage-12-scaled.jpg\",\"keywords\":[\"Fachkongress\\\/Fachmesse\",\"KI-Trends\",\"K\u00fcnstliche Intelligenz\",\"MarKom\"],\"articleSection\":[\"MARKETING\"],\"inLanguage\":\"it-IT\"},{\"@type\":\"WebPage\",\"@id\":\"https:\\\/\\\/www.organisator.ch\\\/marketing\\\/2026-04-30\\\/ueber-500-teilnehmende-an-der-ai-in-marketing-konferenz-in-zuerich\\\/\",\"url\":\"https:\\\/\\\/www.organisator.ch\\\/marketing\\\/2026-04-30\\\/ueber-500-teilnehmende-an-der-ai-in-marketing-konferenz-in-zuerich\\\/\",\"name\":\"\u00dcber 500 Teilnehmende an der AI in Marketing Konferenz in Z\u00fcrich - Organisator\",\"isPartOf\":{\"@id\":\"https:\\\/\\\/www.organisator.ch\\\/#website\"},\"primaryImageOfPage\":{\"@id\":\"https:\\\/\\\/www.organisator.ch\\\/marketing\\\/2026-04-30\\\/ueber-500-teilnehmende-an-der-ai-in-marketing-konferenz-in-zuerich\\\/#primaryimage\"},\"image\":{\"@id\":\"https:\\\/\\\/www.organisator.ch\\\/marketing\\\/2026-04-30\\\/ueber-500-teilnehmende-an-der-ai-in-marketing-konferenz-in-zuerich\\\/#primaryimage\"},\"thumbnailUrl\":\"https:\\\/\\\/www.organisator.ch\\\/wp-content\\\/uploads\\\/2026\\\/04\\\/AIM_turing_00_stage-12-scaled.jpg\",\"datePublished\":\"2026-04-30T07:22:37+00:00\",\"description\":\"\u00dcber 500 Fachpersonen diskutierten an der AI in Marketing Konferenz in Z\u00fcrich die neuesten KI-Trends im Marketing. Die n\u00e4chste Ausgabe folgt 2027.\",\"breadcrumb\":{\"@id\":\"https:\\\/\\\/www.organisator.ch\\\/marketing\\\/2026-04-30\\\/ueber-500-teilnehmende-an-der-ai-in-marketing-konferenz-in-zuerich\\\/#breadcrumb\"},\"inLanguage\":\"it-IT\",\"potentialAction\":[{\"@type\":\"ReadAction\",\"target\":[\"https:\\\/\\\/www.organisator.ch\\\/marketing\\\/2026-04-30\\\/ueber-500-teilnehmende-an-der-ai-in-marketing-konferenz-in-zuerich\\\/\"]}]},{\"@type\":\"ImageObject\",\"inLanguage\":\"it-IT\",\"@id\":\"https:\\\/\\\/www.organisator.ch\\\/marketing\\\/2026-04-30\\\/ueber-500-teilnehmende-an-der-ai-in-marketing-konferenz-in-zuerich\\\/#primaryimage\",\"url\":\"https:\\\/\\\/www.organisator.ch\\\/wp-content\\\/uploads\\\/2026\\\/04\\\/AIM_turing_00_stage-12-scaled.jpg\",\"contentUrl\":\"https:\\\/\\\/www.organisator.ch\\\/wp-content\\\/uploads\\\/2026\\\/04\\\/AIM_turing_00_stage-12-scaled.jpg\",\"width\":1400,\"height\":933,\"caption\":\"AI in Marketing Konferenz in Z\u00fcrich ausverkauft. Quelle: zvg\"},{\"@type\":\"BreadcrumbList\",\"@id\":\"https:\\\/\\\/www.organisator.ch\\\/marketing\\\/2026-04-30\\\/ueber-500-teilnehmende-an-der-ai-in-marketing-konferenz-in-zuerich\\\/#breadcrumb\",\"itemListElement\":[{\"@type\":\"ListItem\",\"position\":1,\"name\":\"Home\",\"item\":\"https:\\\/\\\/www.organisator.ch\\\/\"},{\"@type\":\"ListItem\",\"position\":2,\"name\":\"\u00dcber 500 Teilnehmende an der AI in Marketing Konferenz in Z\u00fcrich\"}]},{\"@type\":\"WebSite\",\"@id\":\"https:\\\/\\\/www.organisator.ch\\\/#website\",\"url\":\"https:\\\/\\\/www.organisator.ch\\\/\",\"name\":\"Organisator\",\"description\":\"Kompetent. Praxisnah. Der ORGANISATOR bereitet in 10 Ausgaben pro Jahr die wesentlichen Themen f\u00fcr F\u00fchrungskr\u00e4fte von KMU auf.\",\"publisher\":{\"@id\":\"https:\\\/\\\/www.organisator.ch\\\/#organization\"},\"potentialAction\":[{\"@type\":\"SearchAction\",\"target\":{\"@type\":\"EntryPoint\",\"urlTemplate\":\"https:\\\/\\\/www.organisator.ch\\\/?s={search_term_string}\"},\"query-input\":{\"@type\":\"PropertyValueSpecification\",\"valueRequired\":true,\"valueName\":\"search_term_string\"}}],\"inLanguage\":\"it-IT\"},{\"@type\":\"Organization\",\"@id\":\"https:\\\/\\\/www.organisator.ch\\\/#organization\",\"name\":\"Organisator\",\"url\":\"https:\\\/\\\/www.organisator.ch\\\/\",\"logo\":{\"@type\":\"ImageObject\",\"inLanguage\":\"it-IT\",\"@id\":\"https:\\\/\\\/www.organisator.ch\\\/#\\\/schema\\\/logo\\\/image\\\/\",\"url\":\"https:\\\/\\\/www.organisator.ch\\\/wp-content\\\/uploads\\\/2022\\\/01\\\/Logo_Organisator_Website.png\",\"contentUrl\":\"https:\\\/\\\/www.organisator.ch\\\/wp-content\\\/uploads\\\/2022\\\/01\\\/Logo_Organisator_Website.png\",\"width\":800,\"height\":77,\"caption\":\"Organisator\"},\"image\":{\"@id\":\"https:\\\/\\\/www.organisator.ch\\\/#\\\/schema\\\/logo\\\/image\\\/\"},\"sameAs\":[\"https:\\\/\\\/www.facebook.com\\\/OrganisatorFachmagazin\",\"https:\\\/\\\/www.linkedin.com\\\/showcase\\\/organisator-das-magazin-fr-kmu\",\"https:\\\/\\\/www.xing.com\\\/news\\\/pages\\\/organisator-ch-695\",\"https:\\\/\\\/www.youtube.com\\\/channel\\\/UCGP2Sq0iWaZwT3BdIAQFYpw\"]},{\"@type\":\"Person\",\"@id\":\"https:\\\/\\\/www.organisator.ch\\\/#\\\/schema\\\/person\\\/a9d0e0eff238db87a8f840f3b50359f0\",\"name\":\"n8n\",\"image\":{\"@type\":\"ImageObject\",\"inLanguage\":\"it-IT\",\"@id\":\"https:\\\/\\\/secure.gravatar.com\\\/avatar\\\/5368fb9d03fd415a6f335cece4c15af2502d6ca8651efbd6e8f98427a9795400?s=96&d=mm&r=g\",\"url\":\"https:\\\/\\\/secure.gravatar.com\\\/avatar\\\/5368fb9d03fd415a6f335cece4c15af2502d6ca8651efbd6e8f98427a9795400?s=96&d=mm&r=g\",\"contentUrl\":\"https:\\\/\\\/secure.gravatar.com\\\/avatar\\\/5368fb9d03fd415a6f335cece4c15af2502d6ca8651efbd6e8f98427a9795400?s=96&d=mm&r=g\",\"caption\":\"n8n\"},\"url\":\"https:\\\/\\\/www.organisator.ch\\\/it\\\/author\\\/n8n\\\/\"}]}<\/script>\n<!-- \/ Yoast SEO plugin. -->","yoast_head_json":{"title":"Oltre 500 partecipanti alla conferenza AI in Marketing di Zurigo - Organizzatore","description":"Oltre 500 esperti hanno discusso le ultime tendenze dell'intelligenza artificiale nel marketing alla conferenza AI in Marketing di Zurigo. La prossima edizione seguir\u00e0 nel 2027.","robots":{"index":"index","follow":"follow","max-snippet":"max-snippet:-1","max-image-preview":"max-image-preview:large","max-video-preview":"max-video-preview:-1"},"canonical":"https:\/\/www.organisator.ch\/it\/marketing\/2026-04-30\/ueber-500-teilnehmende-an-der-ai-in-marketing-konferenz-in-zuerich\/","og_locale":"it_IT","og_type":"article","og_title":"\u00dcber 500 Teilnehmende an der AI in Marketing Konferenz in Z\u00fcrich","og_description":"\u00dcber 500 Fachpersonen diskutierten an der AI in Marketing Konferenz in Z\u00fcrich die neuesten KI-Trends im Marketing. Die n\u00e4chste Ausgabe folgt 2027.","og_url":"https:\/\/www.organisator.ch\/it\/marketing\/2026-04-30\/ueber-500-teilnehmende-an-der-ai-in-marketing-konferenz-in-zuerich\/","og_site_name":"Organisator","article_publisher":"https:\/\/www.facebook.com\/OrganisatorFachmagazin","article_published_time":"2026-04-30T07:22:37+00:00","og_image":[{"width":1400,"height":933,"url":"https:\/\/www.organisator.ch\/wp-content\/uploads\/2026\/04\/AIM_turing_00_stage-12-scaled.jpg","type":"image\/jpeg"}],"author":"n8n","twitter_card":"summary_large_image","twitter_title":"\u00dcber 500 Teilnehmende an der #AI in Marketing Konferenz in Z\u00fcrich","twitter_description":"\u00dcber 500 Fachpersonen diskutierten an der AI in Marketing Konferenz in Z\u00fcrich die neuesten #KI-Trends im Marketing. Die n\u00e4chste Ausgabe folgt 2027.","twitter_image":"https:\/\/www.organisator.ch\/wp-content\/uploads\/2026\/04\/AIM_turing_00_stage-12-scaled.jpg","schema":{"@context":"https:\/\/schema.org","@graph":[{"@type":"Article","@id":"https:\/\/www.organisator.ch\/marketing\/2026-04-30\/ueber-500-teilnehmende-an-der-ai-in-marketing-konferenz-in-zuerich\/#article","isPartOf":{"@id":"https:\/\/www.organisator.ch\/marketing\/2026-04-30\/ueber-500-teilnehmende-an-der-ai-in-marketing-konferenz-in-zuerich\/"},"author":{"name":"n8n","@id":"https:\/\/www.organisator.ch\/#\/schema\/person\/a9d0e0eff238db87a8f840f3b50359f0"},"headline":"\u00dcber 500 Teilnehmende an der AI in Marketing Konferenz in Z\u00fcrich","datePublished":"2026-04-30T07:22:37+00:00","mainEntityOfPage":{"@id":"https:\/\/www.organisator.ch\/marketing\/2026-04-30\/ueber-500-teilnehmende-an-der-ai-in-marketing-konferenz-in-zuerich\/"},"wordCount":392,"publisher":{"@id":"https:\/\/www.organisator.ch\/#organization"},"image":{"@id":"https:\/\/www.organisator.ch\/marketing\/2026-04-30\/ueber-500-teilnehmende-an-der-ai-in-marketing-konferenz-in-zuerich\/#primaryimage"},"thumbnailUrl":"https:\/\/www.organisator.ch\/wp-content\/uploads\/2026\/04\/AIM_turing_00_stage-12-scaled.jpg","keywords":["Fachkongress\/Fachmesse","KI-Trends","K\u00fcnstliche Intelligenz","MarKom"],"articleSection":["MARKETING"],"inLanguage":"it-IT"},{"@type":"WebPage","@id":"https:\/\/www.organisator.ch\/marketing\/2026-04-30\/ueber-500-teilnehmende-an-der-ai-in-marketing-konferenz-in-zuerich\/","url":"https:\/\/www.organisator.ch\/marketing\/2026-04-30\/ueber-500-teilnehmende-an-der-ai-in-marketing-konferenz-in-zuerich\/","name":"Oltre 500 partecipanti alla conferenza AI in Marketing di Zurigo - Organizzatore","isPartOf":{"@id":"https:\/\/www.organisator.ch\/#website"},"primaryImageOfPage":{"@id":"https:\/\/www.organisator.ch\/marketing\/2026-04-30\/ueber-500-teilnehmende-an-der-ai-in-marketing-konferenz-in-zuerich\/#primaryimage"},"image":{"@id":"https:\/\/www.organisator.ch\/marketing\/2026-04-30\/ueber-500-teilnehmende-an-der-ai-in-marketing-konferenz-in-zuerich\/#primaryimage"},"thumbnailUrl":"https:\/\/www.organisator.ch\/wp-content\/uploads\/2026\/04\/AIM_turing_00_stage-12-scaled.jpg","datePublished":"2026-04-30T07:22:37+00:00","description":"Oltre 500 esperti hanno discusso le ultime tendenze dell'intelligenza artificiale nel marketing alla conferenza AI in Marketing di Zurigo. La prossima edizione seguir\u00e0 nel 2027.","breadcrumb":{"@id":"https:\/\/www.organisator.ch\/marketing\/2026-04-30\/ueber-500-teilnehmende-an-der-ai-in-marketing-konferenz-in-zuerich\/#breadcrumb"},"inLanguage":"it-IT","potentialAction":[{"@type":"ReadAction","target":["https:\/\/www.organisator.ch\/marketing\/2026-04-30\/ueber-500-teilnehmende-an-der-ai-in-marketing-konferenz-in-zuerich\/"]}]},{"@type":"ImageObject","inLanguage":"it-IT","@id":"https:\/\/www.organisator.ch\/marketing\/2026-04-30\/ueber-500-teilnehmende-an-der-ai-in-marketing-konferenz-in-zuerich\/#primaryimage","url":"https:\/\/www.organisator.ch\/wp-content\/uploads\/2026\/04\/AIM_turing_00_stage-12-scaled.jpg","contentUrl":"https:\/\/www.organisator.ch\/wp-content\/uploads\/2026\/04\/AIM_turing_00_stage-12-scaled.jpg","width":1400,"height":933,"caption":"AI in Marketing Konferenz in Z\u00fcrich ausverkauft. Quelle: zvg"},{"@type":"BreadcrumbList","@id":"https:\/\/www.organisator.ch\/marketing\/2026-04-30\/ueber-500-teilnehmende-an-der-ai-in-marketing-konferenz-in-zuerich\/#breadcrumb","itemListElement":[{"@type":"ListItem","position":1,"name":"Home","item":"https:\/\/www.organisator.ch\/"},{"@type":"ListItem","position":2,"name":"\u00dcber 500 Teilnehmende an der AI in Marketing Konferenz in Z\u00fcrich"}]},{"@type":"WebSite","@id":"https:\/\/www.organisator.ch\/#website","url":"https:\/\/www.organisator.ch\/","name":"Organizzatore","description":"Competente. Pratico. In 10 numeri all'anno, ORGANISATOR presenta i temi essenziali per i manager delle PMI.","publisher":{"@id":"https:\/\/www.organisator.ch\/#organization"},"potentialAction":[{"@type":"SearchAction","target":{"@type":"EntryPoint","urlTemplate":"https:\/\/www.organisator.ch\/?s={search_term_string}"},"query-input":{"@type":"PropertyValueSpecification","valueRequired":true,"valueName":"search_term_string"}}],"inLanguage":"it-IT"},{"@type":"Organization","@id":"https:\/\/www.organisator.ch\/#organization","name":"Organizzatore","url":"https:\/\/www.organisator.ch\/","logo":{"@type":"ImageObject","inLanguage":"it-IT","@id":"https:\/\/www.organisator.ch\/#\/schema\/logo\/image\/","url":"https:\/\/www.organisator.ch\/wp-content\/uploads\/2022\/01\/Logo_Organisator_Website.png","contentUrl":"https:\/\/www.organisator.ch\/wp-content\/uploads\/2022\/01\/Logo_Organisator_Website.png","width":800,"height":77,"caption":"Organisator"},"image":{"@id":"https:\/\/www.organisator.ch\/#\/schema\/logo\/image\/"},"sameAs":["https:\/\/www.facebook.com\/OrganisatorFachmagazin","https:\/\/www.linkedin.com\/showcase\/organisator-das-magazin-fr-kmu","https:\/\/www.xing.com\/news\/pages\/organisator-ch-695","https:\/\/www.youtube.com\/channel\/UCGP2Sq0iWaZwT3BdIAQFYpw"]},{"@type":"Person","@id":"https:\/\/www.organisator.ch\/#\/schema\/person\/a9d0e0eff238db87a8f840f3b50359f0","name":"n8n","image":{"@type":"ImageObject","inLanguage":"it-IT","@id":"https:\/\/secure.gravatar.com\/avatar\/5368fb9d03fd415a6f335cece4c15af2502d6ca8651efbd6e8f98427a9795400?s=96&d=mm&r=g","url":"https:\/\/secure.gravatar.com\/avatar\/5368fb9d03fd415a6f335cece4c15af2502d6ca8651efbd6e8f98427a9795400?s=96&d=mm&r=g","contentUrl":"https:\/\/secure.gravatar.com\/avatar\/5368fb9d03fd415a6f335cece4c15af2502d6ca8651efbd6e8f98427a9795400?s=96&d=mm&r=g","caption":"n8n"},"url":"https:\/\/www.organisator.ch\/it\/author\/n8n\/"}]}},"_links":{"self":[{"href":"https:\/\/www.organisator.ch\/it\/wp-json\/wp\/v2\/posts\/48243","targetHints":{"allow":["GET"]}}],"collection":[{"href":"https:\/\/www.organisator.ch\/it\/wp-json\/wp\/v2\/posts"}],"about":[{"href":"https:\/\/www.organisator.ch\/it\/wp-json\/wp\/v2\/types\/post"}],"author":[{"embeddable":true,"href":"https:\/\/www.organisator.ch\/it\/wp-json\/wp\/v2\/users\/107"}],"replies":[{"embeddable":true,"href":"https:\/\/www.organisator.ch\/it\/wp-json\/wp\/v2\/comments?post=48243"}],"version-history":[{"count":4,"href":"https:\/\/www.organisator.ch\/it\/wp-json\/wp\/v2\/posts\/48243\/revisions"}],"predecessor-version":[{"id":48314,"href":"https:\/\/www.organisator.ch\/it\/wp-json\/wp\/v2\/posts\/48243\/revisions\/48314"}],"wp:featuredmedia":[{"embeddable":true,"href":"https:\/\/www.organisator.ch\/it\/wp-json\/wp\/v2\/media\/48242"}],"wp:attachment":[{"href":"https:\/\/www.organisator.ch\/it\/wp-json\/wp\/v2\/media?parent=48243"}],"wp:term":[{"taxonomy":"category","embeddable":true,"href":"https:\/\/www.organisator.ch\/it\/wp-json\/wp\/v2\/categories?post=48243"},{"taxonomy":"post_tag","embeddable":true,"href":"https:\/\/www.organisator.ch\/it\/wp-json\/wp\/v2\/tags?post=48243"}],"curies":[{"name":"wp","href":"https:\/\/api.w.org\/{rel}","templated":true}]}}