{"id":48273,"date":"2026-04-30T13:32:44","date_gmt":"2026-04-30T11:32:44","guid":{"rendered":"https:\/\/www.organisator.ch\/de\/?p=48273"},"modified":"2026-04-30T13:32:44","modified_gmt":"2026-04-30T11:32:44","slug":"bike-to-work-2026-die-schweiz-faehrt-wieder-velo","status":"publish","type":"post","link":"https:\/\/www.organisator.ch\/it\/sustainability\/2026-04-30\/bike-to-work-2026-die-schweiz-faehrt-wieder-velo\/","title":{"rendered":"Bike to Work 2026: La Svizzera torna a pedalare"},"content":{"rendered":"<figure id=\"attachment_48272\" aria-describedby=\"caption-attachment-48272\" style=\"width: 1400px\" class=\"wp-caption alignnone\"><img loading=\"lazy\" decoding=\"async\" class=\"wp-image-48272 size-full\" src=\"https:\/\/www.organisator.ch\/wp-content\/uploads\/2026\/04\/Bike-to-Work-Bild-scaled.jpg\" alt=\"\" width=\"1400\" height=\"933\" srcset=\"https:\/\/www.organisator.ch\/wp-content\/uploads\/2026\/04\/Bike-to-Work-Bild-scaled.jpg 1400w, https:\/\/www.organisator.ch\/wp-content\/uploads\/2026\/04\/Bike-to-Work-Bild-680x453.jpg 680w, https:\/\/www.organisator.ch\/wp-content\/uploads\/2026\/04\/Bike-to-Work-Bild-1024x683.jpg 1024w, https:\/\/www.organisator.ch\/wp-content\/uploads\/2026\/04\/Bike-to-Work-Bild-768x512.jpg 768w, https:\/\/www.organisator.ch\/wp-content\/uploads\/2026\/04\/Bike-to-Work-Bild-18x12.jpg 18w, https:\/\/www.organisator.ch\/wp-content\/uploads\/2026\/04\/Bike-to-Work-Bild-375x250.jpg 375w, https:\/\/www.organisator.ch\/wp-content\/uploads\/2026\/04\/Bike-to-Work-Bild-525x350.jpg 525w, https:\/\/www.organisator.ch\/wp-content\/uploads\/2026\/04\/Bike-to-Work-Bild-1000x667.jpg 1000w\" sizes=\"auto, (max-width: 1400px) 100vw, 1400px\" \/><figcaption id=\"caption-attachment-48272\" class=\"wp-caption-text\">Gstaad \u00e8 caratterizzata da numerose strutture per i ciclisti. Nella zona pedonale del centro del paese, le biciclette devono ovviamente essere spinte. (Immagine: zVg)<\/figcaption><\/figure>\n<p>Dal 1\u00b0 maggio 2026, la Svizzera torner\u00e0 ad andare in bicicletta. Per uno o due mesi, decine di migliaia di persone si recheranno al lavoro nell'ambito della sfida \u2019bike to work\u2019. Ogni anno, oltre 100.000 partecipanti di quasi 4.000 aziende fanno della campagna un simbolo visibile di salute, mobilit\u00e0 sostenibile e spirito di squadra. Quella che era iniziata come una semplice campagna di mobilit\u00e0 \u00e8 oggi parte integrante delle moderne culture lavorative. Le aziende di tutti i settori utilizzano il bike to work per integrare l'esercizio fisico nella vita lavorativa quotidiana e per motivare i dipendenti in modo giocoso: semplice, a bassa soglia e di grande impatto.<\/p>\n<h3>Un esempio forte: Destinazione Gstaad<\/h3>\n<p>Movimento, sostenibilit\u00e0 e idoneit\u00e0 all'uso quotidiano vanno di pari passo a Gstaad. \u00abIl cambiamento inizia da noi stessi e offre opportunit\u00e0 che dobbiamo sfruttare\u00bb, afferma Patrick Bauer, responsabile dello sviluppo della sostenibilit\u00e0 della destinazione. Gstaad dimostra che la mobilit\u00e0 sostenibile \u00e8 possibile in ogni regione: la \u00abGST Challenge\u00bb organizzata da Destination Gstaad ha persino esteso il formato bike to work ai mesi da marzo a novembre. Nel 2025, 21 dei circa 45 dipendenti hanno partecipato regolarmente e insieme hanno percorso 11.726,2 km. Dall'inizio del 2023, hanno risparmiato un totale di 5,64 tonnellate di CO\u2082.<\/p>\n<h3>Modello di riferimento: l'icona dello slalom gigante Mike von Gr\u00fcnigen<\/h3>\n<p>Mike von Gr\u00fcnigen \u00e8 ora project manager presso Gstaad Saanenland Tourism ed \u00e8 responsabile dei viaggi per i media e del progetto \u00abGstaad on Tour\u00bb. Percorre regolarmente i suoi 9 chilometri per recarsi al lavoro in bicicletta e dimostra come la mobilit\u00e0 consapevole possa funzionare in modo naturale nella vita di tutti i giorni. \u00abLa motivazione principale per cui partecipo al bike to work \u00e8 che posso lasciare l'auto a casa. In questo modo, do un piccolo contributo al nostro bilancio di CO\u2082, faccio un po\u00bb di esercizio fisico e prendo un po' d'aria fresca dopo una giornata in ufficio\", dice von Gr\u00fcnigen.<\/p>\n<h3>Salire in bicicletta in modo sostenibile - e rimanerci<\/h3>\n<p>Molti partecipanti riferiscono che la sfida li ha riportati ad andare in bicicletta a lungo termine e che l'esercizio fisico \u00e8 tornato a far parte della loro vita quotidiana. Non \u00e8 la perfezione che conta, ma la costanza: Ogni chilometro percorso in bicicletta migliora il benessere e la forma fisica e, allo stesso tempo, aumenta la consapevolezza di una mobilit\u00e0 sana e rispettosa dell'ambiente. La comunicazione interna gioca un ruolo fondamentale nel garantire che le aziende raggiungano il maggior numero possibile di dipendenti: informazioni via e-mail e volantini, campagne motivazionali interne o piccole sfide interne al team assicurano che la bicicletta diventi visibile in azienda.<\/p>\n<h3>Oltre 1.300 premi per un valore di oltre 120.000 franchi<\/h3>\n<p>Un fattore importante per il successo della sfida \u00e8 lo spirito di squadra: in squadre di quattro persone si pedala insieme, ci si motiva a vicenda e a volte ci si lamenta del vento e del tempo. Chi persevera non solo ne beneficia in termini di salute, ma ha anche la possibilit\u00e0 di vincere uno degli oltre 1.300 premi in palio, per un totale di oltre 120.000 franchi. La campagna \u00e8 sostenuta dai partner principali Veloplus, Suva e Stromer e da numerosi sponsor dei premi.<\/p>\n<p>Le aziende possono ancora iscriversi alla sfida bike to work fino al 31 maggio 2026. Le aziende possono registrarsi su <a href=\"https:\/\/www.biketowork.ch\/fuer-betriebe\" target=\"_blank\" rel=\"noopener\">biketowork.ch\/per le aziende<\/a>. Una panoramica di tutte le aziende partecipanti \u00e8 disponibile all'indirizzo <a href=\"https:\/\/www.biketowork.ch\/challenge\" target=\"_blank\" rel=\"noopener\">biketowork.ch\/sfida<\/a> disponibile.<\/p>\n<p>Ulteriori informazioni sulla campagna ciclistica nazionale di Pro Velo sono disponibili all'indirizzo <a href=\"https:\/\/www.pro-velo.ch\" target=\"_blank\" rel=\"noopener\">pro-velo.ch<\/a> per trovare.<\/p>","protected":false},"excerpt":{"rendered":"<p>La sfida bike to work inizia la nuova stagione nel maggio 2026. Pi\u00f9 di 100.000 partecipanti di circa 4.000 aziende si recheranno al lavoro in squadra, per la salute, lo spirito di squadra e la mobilit\u00e0 sostenibile. Le aziende possono ancora iscriversi fino al 31 maggio.<\/p>","protected":false},"author":107,"featured_media":48272,"comment_status":"closed","ping_status":"closed","sticky":false,"template":"","format":"standard","meta":{"_acf_changed":false,"_yoast_wpseo_focuskw":"bike to work Challenge 2026","_yoast_wpseo_metadesc":"Die bike to work-Challenge 2026 startet: 100'000 Teilnehmende pendeln im Team zur Arbeit. Anmeldung f\u00fcr Betriebe bis 31. Mai m\u00f6glich.","articlekey":"","footnotes":""},"categories":[25,580],"tags":[77,81,358],"class_list":["post-48273","post","type-post","status-publish","format-standard","has-post-thumbnail","hentry","category-fit_im_job","category-sustainability","tag-betriebliches-gesundheitsmanagement","tag-bike-to-work","tag-nachhaltige-wirtschaft"],"acf":[],"yoast_head":"<!-- This site is optimized with the Yoast SEO plugin v27.5 - https:\/\/yoast.com\/product\/yoast-seo-wordpress\/ -->\n<title>Bike to Work 2026: Die Schweiz f\u00e4hrt wieder Velo - Organisator<\/title>\n<meta name=\"description\" content=\"Die bike to work-Challenge 2026 startet: 100&#039;000 Teilnehmende pendeln im Team zur Arbeit. Anmeldung f\u00fcr Betriebe bis 31. Mai m\u00f6glich.\" \/>\n<meta name=\"robots\" content=\"index, follow, max-snippet:-1, max-image-preview:large, max-video-preview:-1\" \/>\n<link rel=\"canonical\" href=\"https:\/\/www.organisator.ch\/it\/sostenibilita\/2026-04-30\/bike-to-work-2026-die-schweiz-faehrt-wieder-velo\/\" \/>\n<meta property=\"og:locale\" content=\"it_IT\" \/>\n<meta property=\"og:type\" content=\"article\" \/>\n<meta property=\"og:title\" content=\"Bike to Work 2026: Die Schweiz f\u00e4hrt wieder Velo\" \/>\n<meta property=\"og:description\" content=\"Die bike to work-Challenge 2026 startet: 100&#039;000 Teilnehmende pendeln im Team zur Arbeit. Anmeldung f\u00fcr Betriebe bis 31. Mai m\u00f6glich.\" \/>\n<meta property=\"og:url\" content=\"https:\/\/www.organisator.ch\/it\/sostenibilita\/2026-04-30\/bike-to-work-2026-die-schweiz-faehrt-wieder-velo\/\" \/>\n<meta property=\"og:site_name\" content=\"Organisator\" \/>\n<meta property=\"article:publisher\" content=\"https:\/\/www.facebook.com\/OrganisatorFachmagazin\" \/>\n<meta property=\"article:published_time\" content=\"2026-04-30T11:32:44+00:00\" \/>\n<meta property=\"og:image\" content=\"https:\/\/www.organisator.ch\/wp-content\/uploads\/2026\/04\/Bike-to-Work-Bild-scaled.jpg\" \/>\n\t<meta property=\"og:image:width\" content=\"1400\" \/>\n\t<meta property=\"og:image:height\" content=\"933\" \/>\n\t<meta property=\"og:image:type\" content=\"image\/jpeg\" \/>\n<meta name=\"author\" content=\"n8n\" \/>\n<meta name=\"twitter:card\" content=\"summary_large_image\" \/>\n<meta name=\"twitter:title\" content=\"#Bike to Work 2026: Die Schweiz f\u00e4hrt wieder #Velo\" \/>\n<meta name=\"twitter:description\" content=\"Die #bike to work-Challenge 2026 startet: 100&#039;000 Teilnehmende pendeln im Team zur Arbeit. Anmeldung f\u00fcr Betriebe bis 31. Mai m\u00f6glich.\" \/>\n<meta name=\"twitter:image\" content=\"https:\/\/www.organisator.ch\/wp-content\/uploads\/2026\/04\/Bike-to-Work-Bild-scaled.jpg\" \/>\n<script type=\"application\/ld+json\" class=\"yoast-schema-graph\">{\"@context\":\"https:\\\/\\\/schema.org\",\"@graph\":[{\"@type\":\"Article\",\"@id\":\"https:\\\/\\\/www.organisator.ch\\\/sustainability\\\/2026-04-30\\\/bike-to-work-2026-die-schweiz-faehrt-wieder-velo\\\/#article\",\"isPartOf\":{\"@id\":\"https:\\\/\\\/www.organisator.ch\\\/sustainability\\\/2026-04-30\\\/bike-to-work-2026-die-schweiz-faehrt-wieder-velo\\\/\"},\"author\":{\"name\":\"n8n\",\"@id\":\"https:\\\/\\\/www.organisator.ch\\\/#\\\/schema\\\/person\\\/a9d0e0eff238db87a8f840f3b50359f0\"},\"headline\":\"Bike to Work 2026: Die Schweiz f\u00e4hrt wieder Velo\",\"datePublished\":\"2026-04-30T11:32:44+00:00\",\"mainEntityOfPage\":{\"@id\":\"https:\\\/\\\/www.organisator.ch\\\/sustainability\\\/2026-04-30\\\/bike-to-work-2026-die-schweiz-faehrt-wieder-velo\\\/\"},\"wordCount\":539,\"publisher\":{\"@id\":\"https:\\\/\\\/www.organisator.ch\\\/#organization\"},\"image\":{\"@id\":\"https:\\\/\\\/www.organisator.ch\\\/sustainability\\\/2026-04-30\\\/bike-to-work-2026-die-schweiz-faehrt-wieder-velo\\\/#primaryimage\"},\"thumbnailUrl\":\"https:\\\/\\\/www.organisator.ch\\\/wp-content\\\/uploads\\\/2026\\\/04\\\/Bike-to-Work-Bild-scaled.jpg\",\"keywords\":[\"Betriebliches Gesundheitsmanagement\",\"Bike to Work\",\"Nachhaltige Wirtschaft\"],\"articleSection\":[\"FIT IM JOB\",\"SUSTAINABILITY\"],\"inLanguage\":\"it-IT\"},{\"@type\":\"WebPage\",\"@id\":\"https:\\\/\\\/www.organisator.ch\\\/sustainability\\\/2026-04-30\\\/bike-to-work-2026-die-schweiz-faehrt-wieder-velo\\\/\",\"url\":\"https:\\\/\\\/www.organisator.ch\\\/sustainability\\\/2026-04-30\\\/bike-to-work-2026-die-schweiz-faehrt-wieder-velo\\\/\",\"name\":\"Bike to Work 2026: Die Schweiz f\u00e4hrt wieder Velo - Organisator\",\"isPartOf\":{\"@id\":\"https:\\\/\\\/www.organisator.ch\\\/#website\"},\"primaryImageOfPage\":{\"@id\":\"https:\\\/\\\/www.organisator.ch\\\/sustainability\\\/2026-04-30\\\/bike-to-work-2026-die-schweiz-faehrt-wieder-velo\\\/#primaryimage\"},\"image\":{\"@id\":\"https:\\\/\\\/www.organisator.ch\\\/sustainability\\\/2026-04-30\\\/bike-to-work-2026-die-schweiz-faehrt-wieder-velo\\\/#primaryimage\"},\"thumbnailUrl\":\"https:\\\/\\\/www.organisator.ch\\\/wp-content\\\/uploads\\\/2026\\\/04\\\/Bike-to-Work-Bild-scaled.jpg\",\"datePublished\":\"2026-04-30T11:32:44+00:00\",\"description\":\"Die bike to work-Challenge 2026 startet: 100'000 Teilnehmende pendeln im Team zur Arbeit. Anmeldung f\u00fcr Betriebe bis 31. Mai m\u00f6glich.\",\"breadcrumb\":{\"@id\":\"https:\\\/\\\/www.organisator.ch\\\/sustainability\\\/2026-04-30\\\/bike-to-work-2026-die-schweiz-faehrt-wieder-velo\\\/#breadcrumb\"},\"inLanguage\":\"it-IT\",\"potentialAction\":[{\"@type\":\"ReadAction\",\"target\":[\"https:\\\/\\\/www.organisator.ch\\\/sustainability\\\/2026-04-30\\\/bike-to-work-2026-die-schweiz-faehrt-wieder-velo\\\/\"]}]},{\"@type\":\"ImageObject\",\"inLanguage\":\"it-IT\",\"@id\":\"https:\\\/\\\/www.organisator.ch\\\/sustainability\\\/2026-04-30\\\/bike-to-work-2026-die-schweiz-faehrt-wieder-velo\\\/#primaryimage\",\"url\":\"https:\\\/\\\/www.organisator.ch\\\/wp-content\\\/uploads\\\/2026\\\/04\\\/Bike-to-Work-Bild-scaled.jpg\",\"contentUrl\":\"https:\\\/\\\/www.organisator.ch\\\/wp-content\\\/uploads\\\/2026\\\/04\\\/Bike-to-Work-Bild-scaled.jpg\",\"width\":1400,\"height\":933,\"caption\":\"Radfahrerinnen starten in die neue bike to work Saison. Quelle: zvg\"},{\"@type\":\"BreadcrumbList\",\"@id\":\"https:\\\/\\\/www.organisator.ch\\\/sustainability\\\/2026-04-30\\\/bike-to-work-2026-die-schweiz-faehrt-wieder-velo\\\/#breadcrumb\",\"itemListElement\":[{\"@type\":\"ListItem\",\"position\":1,\"name\":\"Home\",\"item\":\"https:\\\/\\\/www.organisator.ch\\\/\"},{\"@type\":\"ListItem\",\"position\":2,\"name\":\"Bike to Work 2026: Die Schweiz f\u00e4hrt wieder Velo\"}]},{\"@type\":\"WebSite\",\"@id\":\"https:\\\/\\\/www.organisator.ch\\\/#website\",\"url\":\"https:\\\/\\\/www.organisator.ch\\\/\",\"name\":\"Organisator\",\"description\":\"Kompetent. Praxisnah. Der ORGANISATOR bereitet in 10 Ausgaben pro Jahr die wesentlichen Themen f\u00fcr F\u00fchrungskr\u00e4fte von KMU auf.\",\"publisher\":{\"@id\":\"https:\\\/\\\/www.organisator.ch\\\/#organization\"},\"potentialAction\":[{\"@type\":\"SearchAction\",\"target\":{\"@type\":\"EntryPoint\",\"urlTemplate\":\"https:\\\/\\\/www.organisator.ch\\\/?s={search_term_string}\"},\"query-input\":{\"@type\":\"PropertyValueSpecification\",\"valueRequired\":true,\"valueName\":\"search_term_string\"}}],\"inLanguage\":\"it-IT\"},{\"@type\":\"Organization\",\"@id\":\"https:\\\/\\\/www.organisator.ch\\\/#organization\",\"name\":\"Organisator\",\"url\":\"https:\\\/\\\/www.organisator.ch\\\/\",\"logo\":{\"@type\":\"ImageObject\",\"inLanguage\":\"it-IT\",\"@id\":\"https:\\\/\\\/www.organisator.ch\\\/#\\\/schema\\\/logo\\\/image\\\/\",\"url\":\"https:\\\/\\\/www.organisator.ch\\\/wp-content\\\/uploads\\\/2022\\\/01\\\/Logo_Organisator_Website.png\",\"contentUrl\":\"https:\\\/\\\/www.organisator.ch\\\/wp-content\\\/uploads\\\/2022\\\/01\\\/Logo_Organisator_Website.png\",\"width\":800,\"height\":77,\"caption\":\"Organisator\"},\"image\":{\"@id\":\"https:\\\/\\\/www.organisator.ch\\\/#\\\/schema\\\/logo\\\/image\\\/\"},\"sameAs\":[\"https:\\\/\\\/www.facebook.com\\\/OrganisatorFachmagazin\",\"https:\\\/\\\/www.linkedin.com\\\/showcase\\\/organisator-das-magazin-fr-kmu\",\"https:\\\/\\\/www.xing.com\\\/news\\\/pages\\\/organisator-ch-695\",\"https:\\\/\\\/www.youtube.com\\\/channel\\\/UCGP2Sq0iWaZwT3BdIAQFYpw\"]},{\"@type\":\"Person\",\"@id\":\"https:\\\/\\\/www.organisator.ch\\\/#\\\/schema\\\/person\\\/a9d0e0eff238db87a8f840f3b50359f0\",\"name\":\"n8n\",\"image\":{\"@type\":\"ImageObject\",\"inLanguage\":\"it-IT\",\"@id\":\"https:\\\/\\\/secure.gravatar.com\\\/avatar\\\/5368fb9d03fd415a6f335cece4c15af2502d6ca8651efbd6e8f98427a9795400?s=96&d=mm&r=g\",\"url\":\"https:\\\/\\\/secure.gravatar.com\\\/avatar\\\/5368fb9d03fd415a6f335cece4c15af2502d6ca8651efbd6e8f98427a9795400?s=96&d=mm&r=g\",\"contentUrl\":\"https:\\\/\\\/secure.gravatar.com\\\/avatar\\\/5368fb9d03fd415a6f335cece4c15af2502d6ca8651efbd6e8f98427a9795400?s=96&d=mm&r=g\",\"caption\":\"n8n\"},\"url\":\"https:\\\/\\\/www.organisator.ch\\\/it\\\/author\\\/n8n\\\/\"}]}<\/script>\n<!-- \/ Yoast SEO plugin. -->","yoast_head_json":{"title":"Bike to Work 2026: La Svizzera torna a pedalare - Organizzatore","description":"Parte la sfida bike to work 2026: 100.000 partecipanti si recano al lavoro in squadra. Le aziende possono iscriversi fino al 31 maggio.","robots":{"index":"index","follow":"follow","max-snippet":"max-snippet:-1","max-image-preview":"max-image-preview:large","max-video-preview":"max-video-preview:-1"},"canonical":"https:\/\/www.organisator.ch\/it\/sostenibilita\/2026-04-30\/bike-to-work-2026-die-schweiz-faehrt-wieder-velo\/","og_locale":"it_IT","og_type":"article","og_title":"Bike to Work 2026: Die Schweiz f\u00e4hrt wieder Velo","og_description":"Die bike to work-Challenge 2026 startet: 100'000 Teilnehmende pendeln im Team zur Arbeit. Anmeldung f\u00fcr Betriebe bis 31. Mai m\u00f6glich.","og_url":"https:\/\/www.organisator.ch\/it\/sostenibilita\/2026-04-30\/bike-to-work-2026-die-schweiz-faehrt-wieder-velo\/","og_site_name":"Organisator","article_publisher":"https:\/\/www.facebook.com\/OrganisatorFachmagazin","article_published_time":"2026-04-30T11:32:44+00:00","og_image":[{"width":1400,"height":933,"url":"https:\/\/www.organisator.ch\/wp-content\/uploads\/2026\/04\/Bike-to-Work-Bild-scaled.jpg","type":"image\/jpeg"}],"author":"n8n","twitter_card":"summary_large_image","twitter_title":"#Bike to Work 2026: Die Schweiz f\u00e4hrt wieder #Velo","twitter_description":"Die #bike to work-Challenge 2026 startet: 100'000 Teilnehmende pendeln im Team zur Arbeit. Anmeldung f\u00fcr Betriebe bis 31. Mai m\u00f6glich.","twitter_image":"https:\/\/www.organisator.ch\/wp-content\/uploads\/2026\/04\/Bike-to-Work-Bild-scaled.jpg","schema":{"@context":"https:\/\/schema.org","@graph":[{"@type":"Article","@id":"https:\/\/www.organisator.ch\/sustainability\/2026-04-30\/bike-to-work-2026-die-schweiz-faehrt-wieder-velo\/#article","isPartOf":{"@id":"https:\/\/www.organisator.ch\/sustainability\/2026-04-30\/bike-to-work-2026-die-schweiz-faehrt-wieder-velo\/"},"author":{"name":"n8n","@id":"https:\/\/www.organisator.ch\/#\/schema\/person\/a9d0e0eff238db87a8f840f3b50359f0"},"headline":"Bike to Work 2026: Die Schweiz f\u00e4hrt wieder Velo","datePublished":"2026-04-30T11:32:44+00:00","mainEntityOfPage":{"@id":"https:\/\/www.organisator.ch\/sustainability\/2026-04-30\/bike-to-work-2026-die-schweiz-faehrt-wieder-velo\/"},"wordCount":539,"publisher":{"@id":"https:\/\/www.organisator.ch\/#organization"},"image":{"@id":"https:\/\/www.organisator.ch\/sustainability\/2026-04-30\/bike-to-work-2026-die-schweiz-faehrt-wieder-velo\/#primaryimage"},"thumbnailUrl":"https:\/\/www.organisator.ch\/wp-content\/uploads\/2026\/04\/Bike-to-Work-Bild-scaled.jpg","keywords":["Betriebliches Gesundheitsmanagement","Bike to Work","Nachhaltige Wirtschaft"],"articleSection":["FIT IM JOB","SUSTAINABILITY"],"inLanguage":"it-IT"},{"@type":"WebPage","@id":"https:\/\/www.organisator.ch\/sustainability\/2026-04-30\/bike-to-work-2026-die-schweiz-faehrt-wieder-velo\/","url":"https:\/\/www.organisator.ch\/sustainability\/2026-04-30\/bike-to-work-2026-die-schweiz-faehrt-wieder-velo\/","name":"Bike to Work 2026: La Svizzera torna a pedalare - Organizzatore","isPartOf":{"@id":"https:\/\/www.organisator.ch\/#website"},"primaryImageOfPage":{"@id":"https:\/\/www.organisator.ch\/sustainability\/2026-04-30\/bike-to-work-2026-die-schweiz-faehrt-wieder-velo\/#primaryimage"},"image":{"@id":"https:\/\/www.organisator.ch\/sustainability\/2026-04-30\/bike-to-work-2026-die-schweiz-faehrt-wieder-velo\/#primaryimage"},"thumbnailUrl":"https:\/\/www.organisator.ch\/wp-content\/uploads\/2026\/04\/Bike-to-Work-Bild-scaled.jpg","datePublished":"2026-04-30T11:32:44+00:00","description":"Parte la sfida bike to work 2026: 100.000 partecipanti si recano al lavoro in squadra. Le aziende possono iscriversi fino al 31 maggio.","breadcrumb":{"@id":"https:\/\/www.organisator.ch\/sustainability\/2026-04-30\/bike-to-work-2026-die-schweiz-faehrt-wieder-velo\/#breadcrumb"},"inLanguage":"it-IT","potentialAction":[{"@type":"ReadAction","target":["https:\/\/www.organisator.ch\/sustainability\/2026-04-30\/bike-to-work-2026-die-schweiz-faehrt-wieder-velo\/"]}]},{"@type":"ImageObject","inLanguage":"it-IT","@id":"https:\/\/www.organisator.ch\/sustainability\/2026-04-30\/bike-to-work-2026-die-schweiz-faehrt-wieder-velo\/#primaryimage","url":"https:\/\/www.organisator.ch\/wp-content\/uploads\/2026\/04\/Bike-to-Work-Bild-scaled.jpg","contentUrl":"https:\/\/www.organisator.ch\/wp-content\/uploads\/2026\/04\/Bike-to-Work-Bild-scaled.jpg","width":1400,"height":933,"caption":"Radfahrerinnen starten in die neue bike to work Saison. Quelle: zvg"},{"@type":"BreadcrumbList","@id":"https:\/\/www.organisator.ch\/sustainability\/2026-04-30\/bike-to-work-2026-die-schweiz-faehrt-wieder-velo\/#breadcrumb","itemListElement":[{"@type":"ListItem","position":1,"name":"Home","item":"https:\/\/www.organisator.ch\/"},{"@type":"ListItem","position":2,"name":"Bike to Work 2026: Die Schweiz f\u00e4hrt wieder Velo"}]},{"@type":"WebSite","@id":"https:\/\/www.organisator.ch\/#website","url":"https:\/\/www.organisator.ch\/","name":"Organizzatore","description":"Competente. Pratico. In 10 numeri all'anno, ORGANISATOR presenta i temi essenziali per i manager delle PMI.","publisher":{"@id":"https:\/\/www.organisator.ch\/#organization"},"potentialAction":[{"@type":"SearchAction","target":{"@type":"EntryPoint","urlTemplate":"https:\/\/www.organisator.ch\/?s={search_term_string}"},"query-input":{"@type":"PropertyValueSpecification","valueRequired":true,"valueName":"search_term_string"}}],"inLanguage":"it-IT"},{"@type":"Organization","@id":"https:\/\/www.organisator.ch\/#organization","name":"Organizzatore","url":"https:\/\/www.organisator.ch\/","logo":{"@type":"ImageObject","inLanguage":"it-IT","@id":"https:\/\/www.organisator.ch\/#\/schema\/logo\/image\/","url":"https:\/\/www.organisator.ch\/wp-content\/uploads\/2022\/01\/Logo_Organisator_Website.png","contentUrl":"https:\/\/www.organisator.ch\/wp-content\/uploads\/2022\/01\/Logo_Organisator_Website.png","width":800,"height":77,"caption":"Organisator"},"image":{"@id":"https:\/\/www.organisator.ch\/#\/schema\/logo\/image\/"},"sameAs":["https:\/\/www.facebook.com\/OrganisatorFachmagazin","https:\/\/www.linkedin.com\/showcase\/organisator-das-magazin-fr-kmu","https:\/\/www.xing.com\/news\/pages\/organisator-ch-695","https:\/\/www.youtube.com\/channel\/UCGP2Sq0iWaZwT3BdIAQFYpw"]},{"@type":"Person","@id":"https:\/\/www.organisator.ch\/#\/schema\/person\/a9d0e0eff238db87a8f840f3b50359f0","name":"n8n","image":{"@type":"ImageObject","inLanguage":"it-IT","@id":"https:\/\/secure.gravatar.com\/avatar\/5368fb9d03fd415a6f335cece4c15af2502d6ca8651efbd6e8f98427a9795400?s=96&d=mm&r=g","url":"https:\/\/secure.gravatar.com\/avatar\/5368fb9d03fd415a6f335cece4c15af2502d6ca8651efbd6e8f98427a9795400?s=96&d=mm&r=g","contentUrl":"https:\/\/secure.gravatar.com\/avatar\/5368fb9d03fd415a6f335cece4c15af2502d6ca8651efbd6e8f98427a9795400?s=96&d=mm&r=g","caption":"n8n"},"url":"https:\/\/www.organisator.ch\/it\/author\/n8n\/"}]}},"_links":{"self":[{"href":"https:\/\/www.organisator.ch\/it\/wp-json\/wp\/v2\/posts\/48273","targetHints":{"allow":["GET"]}}],"collection":[{"href":"https:\/\/www.organisator.ch\/it\/wp-json\/wp\/v2\/posts"}],"about":[{"href":"https:\/\/www.organisator.ch\/it\/wp-json\/wp\/v2\/types\/post"}],"author":[{"embeddable":true,"href":"https:\/\/www.organisator.ch\/it\/wp-json\/wp\/v2\/users\/107"}],"replies":[{"embeddable":true,"href":"https:\/\/www.organisator.ch\/it\/wp-json\/wp\/v2\/comments?post=48273"}],"version-history":[{"count":3,"href":"https:\/\/www.organisator.ch\/it\/wp-json\/wp\/v2\/posts\/48273\/revisions"}],"predecessor-version":[{"id":48313,"href":"https:\/\/www.organisator.ch\/it\/wp-json\/wp\/v2\/posts\/48273\/revisions\/48313"}],"wp:featuredmedia":[{"embeddable":true,"href":"https:\/\/www.organisator.ch\/it\/wp-json\/wp\/v2\/media\/48272"}],"wp:attachment":[{"href":"https:\/\/www.organisator.ch\/it\/wp-json\/wp\/v2\/media?parent=48273"}],"wp:term":[{"taxonomy":"category","embeddable":true,"href":"https:\/\/www.organisator.ch\/it\/wp-json\/wp\/v2\/categories?post=48273"},{"taxonomy":"post_tag","embeddable":true,"href":"https:\/\/www.organisator.ch\/it\/wp-json\/wp\/v2\/tags?post=48273"}],"curies":[{"name":"wp","href":"https:\/\/api.w.org\/{rel}","templated":true}]}}