{"id":4846,"date":"2019-02-05T16:19:35","date_gmt":"2019-02-05T15:19:35","guid":{"rendered":"https:\/\/www.organisator.ch\/?p=4846"},"modified":"2019-02-05T16:19:35","modified_gmt":"2019-02-05T15:19:35","slug":"buchtipp-die-orbit-organisation","status":"publish","type":"post","link":"https:\/\/www.organisator.ch\/it\/management\/2019-02-05\/buchtipp-die-orbit-organisation\/","title":{"rendered":"L'organizzazione Orbit"},"content":{"rendered":"<p>Per sviluppare nuove idee imprenditoriali innovative \u00e8 necessaria una struttura organizzativa adeguata. Oltre alla disponibilit\u00e0 permanente al cambiamento, la velocit\u00e0 \u00e8 d'obbligo per essere preparati al nostro futuro ad alta velocit\u00e0. Eppure innumerevoli aziende, visualizzate da un organigramma comune, rimangono bloccate in un modello organizzativo statico e risalente alla parte pi\u00f9 profonda del secolo scorso. \u00c8 qui che entra in gioco il modello Orbit. Propaga la transizione da un'organizzazione aziendale piramidale ormai superata a un'organizzazione aziendale circolare orientata al futuro. Sviluppato da Anne M. Sch\u00fcller e Alex T. Steffen, entrambi esperti di business e di trasformazione, indica la strada per una cultura dell'innovazione che sia in grado di adattarsi in modo agile e anticipato ai requisiti della nuova era. Vengono affrontati nove campi d'azione. In \"The Orbit Organisation\", i due autori descrivono gli effetti positivi del loro modello su tutti i settori dell'azienda in modo orientato alla pratica, con idee fresche e numerosi esempi. In questo modo sono riusciti a produrre un manuale completo che pu\u00f2 essere utilizzato per implementare rapidamente i processi di cambiamento necessari. Il risultato? Un'organizzazione ottimamente posizionata per il futuro digitale: altamente redditizia e profondamente umana allo stesso tempo.<\/p>\n<p>Oltre allo scopo aziendale, il senso dell'esistenza di un'azienda, la centralit\u00e0 del cliente gioca un ruolo di primo piano nell'organizzazione di Orbit. Sta diventando il compito aziendale numero uno del futuro. Perch\u00e9 chi vuole decollare non ha solo bisogno di nuovi concetti di gestione. Deve anche mettersi radicalmente dalla parte del cliente. Gli autori presentano cos\u00ec il primo modello organizzativo che mette effettivamente e visibilmente il cliente al centro. \u00c8 anche il primo modello che integra in modo specifico le funzioni di costruzione di ponti sempre pi\u00f9 necessarie. Perch\u00e9 trasformazione significa sempre transizione. Ci\u00f2 richiede persone che aprano la strada a nuovi territori e creino connessioni tra interno ed esterno, nonch\u00e9 tra intelligenza umana e artificiale. Inoltre, \u00e8 necessario abbinare nuovi tipi di partnership tra aziende vecchie e giovani. \u00c8 cos\u00ec che le organizzazioni orbitanti creano un'attrazione irresistibile. \"Sono un porto di casa per i talenti dei dipendenti e un luogo di desiderio per i clienti\", affermano i due autori.<\/p>\n<h2>Gli autori<\/h2>\n<ul>\n<li><em><strong>Anne M. Sch\u00fcller<\/strong> \u00e8 un pensatore manageriale, un oratore di spicco, un pluripremiato autore di bestseller e un business coach. \u00c8 una delle oratrici pi\u00f9 richieste nel mondo di lingua tedesca. \u00c8 stata nominata Top Voice 2017\/2018 dal business network LinkedIn e Top XING Writer 2018 da XING. Ulteriori informazioni: <a href=\"http:\/\/www.anneschueller.de\">www.anneschueller.de<\/a> <\/em><\/li>\n<li><em><strong>Alex T. Steffen<\/strong> \u00e8 un oratore, formatore di leadership e imprenditore. Nel suo lavoro con aziende e ministeri internazionali, contribuisce a unire meglio il digitale e l'umano per promuovere l'alfabetizzazione digitale e una mentalit\u00e0 imprenditoriale. Per saperne di pi\u00f9: <a href=\"http:\/\/www.alextsteffen.com\">www.alextsteffen.com <\/a><\/em><\/li>\n<\/ul>\n<h2>Il libro<\/h2>\n<figure id=\"attachment_4848\" aria-describedby=\"caption-attachment-4848\" style=\"width: 340px\" class=\"wp-caption alignnone\"><img loading=\"lazy\" decoding=\"async\" class=\"size-full wp-image-4848\" src=\"https:\/\/www.organisator.ch\/wp-content\/uploads\/2019\/02\/Buchtipp-Die-Orbit-Organisation_Organisator.jpg\" alt=\"\" width=\"340\" height=\"511\" srcset=\"https:\/\/www.organisator.ch\/wp-content\/uploads\/2019\/02\/Buchtipp-Die-Orbit-Organisation_Organisator.jpg 340w, https:\/\/www.organisator.ch\/wp-content\/uploads\/2019\/02\/Buchtipp-Die-Orbit-Organisation_Organisator-8x12.jpg 8w, https:\/\/www.organisator.ch\/wp-content\/uploads\/2019\/02\/Buchtipp-Die-Orbit-Organisation_Organisator-116x175.jpg 116w, https:\/\/www.organisator.ch\/wp-content\/uploads\/2019\/02\/Buchtipp-Die-Orbit-Organisation_Organisator-233x350.jpg 233w, https:\/\/www.organisator.ch\/wp-content\/uploads\/2019\/02\/Buchtipp-Die-Orbit-Organisation_Organisator-300x451.jpg 300w\" sizes=\"auto, (max-width: 340px) 100vw, 340px\" \/><figcaption id=\"caption-attachment-4848\" class=\"wp-caption-text\">(Immagine: Gabal Verlag)<\/figcaption><\/figure>\n<p><em>Anne M. Sch\u00fcller \/ Alex T. Steffen: L'Organizzazione Orbit. In 9 passi verso un modello aziendale per il futuro digitale. 312 pagine, copertina rigida, ISBN 978-3-86936-899-3, GABAL Verlag, Offenbach 2019.<\/em><\/p>","protected":false},"excerpt":{"rendered":"<p>Um bahnbrechend neue Gesch\u00e4ftsideen zu entwickeln, braucht es eine passende organisationale Struktur. Neben permanenter Wandlungsbereitschaft ist Tempo ein Muss, um f\u00fcr unsere Hochgeschwindigkeitszukunft ger\u00fcstet zu sein. Doch zahllose Unternehmen bleiben, visualisiert durch ein \u00fcbliches Organigramm, einem Organisationsmodell verhaftet, das statisch ist und aus dem tiefsten letzten Jahrhundert stammt. Hier setzt das Orbit-Modell an. Es propagiert [&hellip;]<\/p>\n","protected":false},"author":4,"featured_media":4848,"comment_status":"open","ping_status":"open","sticky":false,"template":"","format":"standard","meta":{"_acf_changed":false,"_yoast_wpseo_focuskw":"Orbit-Organisation","_yoast_wpseo_metadesc":"Von Anne M. Sch\u00fcller und Alex T. Steffen ist im Gabal-Verlag ein neues Buch erschienen mit dem Titel \"Die Orbit-Organisation\".","articlekey":"","footnotes":""},"categories":[28],"tags":[92,95,156,335],"class_list":["post-4846","post","type-post","status-publish","format-standard","has-post-thumbnail","hentry","category-management","tag-buch","tag-buchtipps","tag-digitalisierung","tag-management-und-unternehmensfuehrung"],"acf":[],"yoast_head":"<!-- This site is optimized with the Yoast SEO plugin v27.4 - https:\/\/yoast.com\/product\/yoast-seo-wordpress\/ -->\n<title>Die Orbit-Organisation - Organisator<\/title>\n<meta name=\"description\" content=\"Von Anne M. Sch\u00fcller und Alex T. Steffen ist im Gabal-Verlag ein neues Buch erschienen mit dem Titel &quot;Die Orbit-Organisation&quot;.\" \/>\n<meta name=\"robots\" content=\"index, follow, max-snippet:-1, max-image-preview:large, max-video-preview:-1\" \/>\n<link rel=\"canonical\" href=\"https:\/\/www.organisator.ch\/it\/gestione-2\/2019-02-05\/buchtipp-die-orbit-organisation\/\" \/>\n<meta property=\"og:locale\" content=\"it_IT\" \/>\n<meta property=\"og:type\" content=\"article\" \/>\n<meta property=\"og:title\" content=\"Buchtipp: Die Orbit-Organisation\" \/>\n<meta property=\"og:description\" content=\"Von Anne M. Sch\u00fcller und Alex T. Steffen ist im Gabal-Verlag ein neues Buch erschienen mit dem Titel &quot;Die Orbit-Organisation&quot;.\" \/>\n<meta property=\"og:url\" content=\"https:\/\/www.organisator.ch\/it\/gestione-2\/2019-02-05\/buchtipp-die-orbit-organisation\/\" \/>\n<meta property=\"og:site_name\" content=\"Organisator\" \/>\n<meta property=\"article:publisher\" content=\"https:\/\/www.facebook.com\/OrganisatorFachmagazin\" \/>\n<meta property=\"article:published_time\" content=\"2019-02-05T15:19:35+00:00\" \/>\n<meta property=\"og:image\" content=\"https:\/\/www.organisator.ch\/wp-content\/uploads\/2019\/02\/Buchtipp-Die-Orbit-Organisation_Organisator.jpg\" \/>\n\t<meta property=\"og:image:width\" content=\"340\" \/>\n\t<meta property=\"og:image:height\" content=\"511\" \/>\n\t<meta property=\"og:image:type\" content=\"image\/jpeg\" \/>\n<meta name=\"author\" content=\"thomas.berner\" \/>\n<meta name=\"twitter:card\" content=\"summary_large_image\" \/>\n<meta name=\"twitter:title\" content=\"#Buchtipp: Die #Orbit-Organisation\" \/>\n<meta name=\"twitter:description\" content=\"Von Anne M. Sch\u00fcller und Alex T. Steffen ist im Gabal-Verlag ein neues Buch erschienen mit dem Titel &quot;Die #Orbit-Organisation&quot;.\" \/>\n<meta name=\"twitter:image\" content=\"https:\/\/www.organisator.ch\/wp-content\/uploads\/2019\/02\/Buchtipp-Die-Orbit-Organisation_Organisator.jpg\" \/>\n<script type=\"application\/ld+json\" class=\"yoast-schema-graph\">{\"@context\":\"https:\\\/\\\/schema.org\",\"@graph\":[{\"@type\":\"Article\",\"@id\":\"https:\\\/\\\/www.organisator.ch\\\/management\\\/2019-02-05\\\/buchtipp-die-orbit-organisation\\\/#article\",\"isPartOf\":{\"@id\":\"https:\\\/\\\/www.organisator.ch\\\/management\\\/2019-02-05\\\/buchtipp-die-orbit-organisation\\\/\"},\"author\":{\"name\":\"thomas.berner\",\"@id\":\"https:\\\/\\\/www.organisator.ch\\\/#\\\/schema\\\/person\\\/6f650f90b2842cd4c0cc334b4e36f67e\"},\"headline\":\"Die Orbit-Organisation\",\"datePublished\":\"2019-02-05T15:19:35+00:00\",\"mainEntityOfPage\":{\"@id\":\"https:\\\/\\\/www.organisator.ch\\\/management\\\/2019-02-05\\\/buchtipp-die-orbit-organisation\\\/\"},\"wordCount\":459,\"commentCount\":0,\"publisher\":{\"@id\":\"https:\\\/\\\/www.organisator.ch\\\/#organization\"},\"image\":{\"@id\":\"https:\\\/\\\/www.organisator.ch\\\/management\\\/2019-02-05\\\/buchtipp-die-orbit-organisation\\\/#primaryimage\"},\"thumbnailUrl\":\"https:\\\/\\\/www.organisator.ch\\\/wp-content\\\/uploads\\\/2019\\\/02\\\/Buchtipp-Die-Orbit-Organisation_Organisator.jpg\",\"keywords\":[\"Buch\",\"Buchtipps\",\"Digitalisierung\",\"Management und Unternehmensf\u00fchrung\"],\"articleSection\":[\"MANAGEMENT\"],\"inLanguage\":\"it-IT\"},{\"@type\":\"WebPage\",\"@id\":\"https:\\\/\\\/www.organisator.ch\\\/management\\\/2019-02-05\\\/buchtipp-die-orbit-organisation\\\/\",\"url\":\"https:\\\/\\\/www.organisator.ch\\\/management\\\/2019-02-05\\\/buchtipp-die-orbit-organisation\\\/\",\"name\":\"Die Orbit-Organisation - Organisator\",\"isPartOf\":{\"@id\":\"https:\\\/\\\/www.organisator.ch\\\/#website\"},\"primaryImageOfPage\":{\"@id\":\"https:\\\/\\\/www.organisator.ch\\\/management\\\/2019-02-05\\\/buchtipp-die-orbit-organisation\\\/#primaryimage\"},\"image\":{\"@id\":\"https:\\\/\\\/www.organisator.ch\\\/management\\\/2019-02-05\\\/buchtipp-die-orbit-organisation\\\/#primaryimage\"},\"thumbnailUrl\":\"https:\\\/\\\/www.organisator.ch\\\/wp-content\\\/uploads\\\/2019\\\/02\\\/Buchtipp-Die-Orbit-Organisation_Organisator.jpg\",\"datePublished\":\"2019-02-05T15:19:35+00:00\",\"description\":\"Von Anne M. Sch\u00fcller und Alex T. Steffen ist im Gabal-Verlag ein neues Buch erschienen mit dem Titel \\\"Die Orbit-Organisation\\\".\",\"breadcrumb\":{\"@id\":\"https:\\\/\\\/www.organisator.ch\\\/management\\\/2019-02-05\\\/buchtipp-die-orbit-organisation\\\/#breadcrumb\"},\"inLanguage\":\"it-IT\",\"potentialAction\":[{\"@type\":\"ReadAction\",\"target\":[\"https:\\\/\\\/www.organisator.ch\\\/management\\\/2019-02-05\\\/buchtipp-die-orbit-organisation\\\/\"]}]},{\"@type\":\"ImageObject\",\"inLanguage\":\"it-IT\",\"@id\":\"https:\\\/\\\/www.organisator.ch\\\/management\\\/2019-02-05\\\/buchtipp-die-orbit-organisation\\\/#primaryimage\",\"url\":\"https:\\\/\\\/www.organisator.ch\\\/wp-content\\\/uploads\\\/2019\\\/02\\\/Buchtipp-Die-Orbit-Organisation_Organisator.jpg\",\"contentUrl\":\"https:\\\/\\\/www.organisator.ch\\\/wp-content\\\/uploads\\\/2019\\\/02\\\/Buchtipp-Die-Orbit-Organisation_Organisator.jpg\",\"width\":340,\"height\":511,\"caption\":\"(Bild: Gabal Verlag)\"},{\"@type\":\"BreadcrumbList\",\"@id\":\"https:\\\/\\\/www.organisator.ch\\\/management\\\/2019-02-05\\\/buchtipp-die-orbit-organisation\\\/#breadcrumb\",\"itemListElement\":[{\"@type\":\"ListItem\",\"position\":1,\"name\":\"Home\",\"item\":\"https:\\\/\\\/www.organisator.ch\\\/\"},{\"@type\":\"ListItem\",\"position\":2,\"name\":\"Die Orbit-Organisation\"}]},{\"@type\":\"WebSite\",\"@id\":\"https:\\\/\\\/www.organisator.ch\\\/#website\",\"url\":\"https:\\\/\\\/www.organisator.ch\\\/\",\"name\":\"Organisator\",\"description\":\"Kompetent. Praxisnah. Der ORGANISATOR bereitet in 10 Ausgaben pro Jahr die wesentlichen Themen f\u00fcr F\u00fchrungskr\u00e4fte von KMU auf.\",\"publisher\":{\"@id\":\"https:\\\/\\\/www.organisator.ch\\\/#organization\"},\"potentialAction\":[{\"@type\":\"SearchAction\",\"target\":{\"@type\":\"EntryPoint\",\"urlTemplate\":\"https:\\\/\\\/www.organisator.ch\\\/?s={search_term_string}\"},\"query-input\":{\"@type\":\"PropertyValueSpecification\",\"valueRequired\":true,\"valueName\":\"search_term_string\"}}],\"inLanguage\":\"it-IT\"},{\"@type\":\"Organization\",\"@id\":\"https:\\\/\\\/www.organisator.ch\\\/#organization\",\"name\":\"Organisator\",\"url\":\"https:\\\/\\\/www.organisator.ch\\\/\",\"logo\":{\"@type\":\"ImageObject\",\"inLanguage\":\"it-IT\",\"@id\":\"https:\\\/\\\/www.organisator.ch\\\/#\\\/schema\\\/logo\\\/image\\\/\",\"url\":\"https:\\\/\\\/www.organisator.ch\\\/wp-content\\\/uploads\\\/2022\\\/01\\\/Logo_Organisator_Website.png\",\"contentUrl\":\"https:\\\/\\\/www.organisator.ch\\\/wp-content\\\/uploads\\\/2022\\\/01\\\/Logo_Organisator_Website.png\",\"width\":800,\"height\":77,\"caption\":\"Organisator\"},\"image\":{\"@id\":\"https:\\\/\\\/www.organisator.ch\\\/#\\\/schema\\\/logo\\\/image\\\/\"},\"sameAs\":[\"https:\\\/\\\/www.facebook.com\\\/OrganisatorFachmagazin\",\"https:\\\/\\\/www.linkedin.com\\\/showcase\\\/organisator-das-magazin-fr-kmu\",\"https:\\\/\\\/www.xing.com\\\/news\\\/pages\\\/organisator-ch-695\",\"https:\\\/\\\/www.youtube.com\\\/channel\\\/UCGP2Sq0iWaZwT3BdIAQFYpw\"]},{\"@type\":\"Person\",\"@id\":\"https:\\\/\\\/www.organisator.ch\\\/#\\\/schema\\\/person\\\/6f650f90b2842cd4c0cc334b4e36f67e\",\"name\":\"thomas.berner\",\"image\":{\"@type\":\"ImageObject\",\"inLanguage\":\"it-IT\",\"@id\":\"https:\\\/\\\/secure.gravatar.com\\\/avatar\\\/ac5001d2a36cb6c6cd3e50789007ffca834b477b74a2144564522e944eabff61?s=96&d=mm&r=g\",\"url\":\"https:\\\/\\\/secure.gravatar.com\\\/avatar\\\/ac5001d2a36cb6c6cd3e50789007ffca834b477b74a2144564522e944eabff61?s=96&d=mm&r=g\",\"contentUrl\":\"https:\\\/\\\/secure.gravatar.com\\\/avatar\\\/ac5001d2a36cb6c6cd3e50789007ffca834b477b74a2144564522e944eabff61?s=96&d=mm&r=g\",\"caption\":\"thomas.berner\"},\"url\":\"https:\\\/\\\/www.organisator.ch\\\/it\\\/author\\\/thomas-berner\\\/\"}]}<\/script>\n<!-- \/ Yoast SEO plugin. -->","yoast_head_json":{"title":"Organizzazione Orbit - Organizzatore","description":"Un nuovo libro di Anne M. Sch\u00fcller e Alex T. Steffen \u00e8 stato pubblicato da Gabal-Verlag con il titolo \"Die Orbit-Organisation\".","robots":{"index":"index","follow":"follow","max-snippet":"max-snippet:-1","max-image-preview":"max-image-preview:large","max-video-preview":"max-video-preview:-1"},"canonical":"https:\/\/www.organisator.ch\/it\/gestione-2\/2019-02-05\/buchtipp-die-orbit-organisation\/","og_locale":"it_IT","og_type":"article","og_title":"Buchtipp: Die Orbit-Organisation","og_description":"Von Anne M. Sch\u00fcller und Alex T. Steffen ist im Gabal-Verlag ein neues Buch erschienen mit dem Titel \"Die Orbit-Organisation\".","og_url":"https:\/\/www.organisator.ch\/it\/gestione-2\/2019-02-05\/buchtipp-die-orbit-organisation\/","og_site_name":"Organisator","article_publisher":"https:\/\/www.facebook.com\/OrganisatorFachmagazin","article_published_time":"2019-02-05T15:19:35+00:00","og_image":[{"width":340,"height":511,"url":"https:\/\/www.organisator.ch\/wp-content\/uploads\/2019\/02\/Buchtipp-Die-Orbit-Organisation_Organisator.jpg","type":"image\/jpeg"}],"author":"thomas.berner","twitter_card":"summary_large_image","twitter_title":"#Buchtipp: Die #Orbit-Organisation","twitter_description":"Von Anne M. Sch\u00fcller und Alex T. Steffen ist im Gabal-Verlag ein neues Buch erschienen mit dem Titel \"Die #Orbit-Organisation\".","twitter_image":"https:\/\/www.organisator.ch\/wp-content\/uploads\/2019\/02\/Buchtipp-Die-Orbit-Organisation_Organisator.jpg","schema":{"@context":"https:\/\/schema.org","@graph":[{"@type":"Article","@id":"https:\/\/www.organisator.ch\/management\/2019-02-05\/buchtipp-die-orbit-organisation\/#article","isPartOf":{"@id":"https:\/\/www.organisator.ch\/management\/2019-02-05\/buchtipp-die-orbit-organisation\/"},"author":{"name":"thomas.berner","@id":"https:\/\/www.organisator.ch\/#\/schema\/person\/6f650f90b2842cd4c0cc334b4e36f67e"},"headline":"Die Orbit-Organisation","datePublished":"2019-02-05T15:19:35+00:00","mainEntityOfPage":{"@id":"https:\/\/www.organisator.ch\/management\/2019-02-05\/buchtipp-die-orbit-organisation\/"},"wordCount":459,"commentCount":0,"publisher":{"@id":"https:\/\/www.organisator.ch\/#organization"},"image":{"@id":"https:\/\/www.organisator.ch\/management\/2019-02-05\/buchtipp-die-orbit-organisation\/#primaryimage"},"thumbnailUrl":"https:\/\/www.organisator.ch\/wp-content\/uploads\/2019\/02\/Buchtipp-Die-Orbit-Organisation_Organisator.jpg","keywords":["Buch","Buchtipps","Digitalisierung","Management und Unternehmensf\u00fchrung"],"articleSection":["MANAGEMENT"],"inLanguage":"it-IT"},{"@type":"WebPage","@id":"https:\/\/www.organisator.ch\/management\/2019-02-05\/buchtipp-die-orbit-organisation\/","url":"https:\/\/www.organisator.ch\/management\/2019-02-05\/buchtipp-die-orbit-organisation\/","name":"Organizzazione Orbit - Organizzatore","isPartOf":{"@id":"https:\/\/www.organisator.ch\/#website"},"primaryImageOfPage":{"@id":"https:\/\/www.organisator.ch\/management\/2019-02-05\/buchtipp-die-orbit-organisation\/#primaryimage"},"image":{"@id":"https:\/\/www.organisator.ch\/management\/2019-02-05\/buchtipp-die-orbit-organisation\/#primaryimage"},"thumbnailUrl":"https:\/\/www.organisator.ch\/wp-content\/uploads\/2019\/02\/Buchtipp-Die-Orbit-Organisation_Organisator.jpg","datePublished":"2019-02-05T15:19:35+00:00","description":"Un nuovo libro di Anne M. Sch\u00fcller e Alex T. Steffen \u00e8 stato pubblicato da Gabal-Verlag con il titolo \"Die Orbit-Organisation\".","breadcrumb":{"@id":"https:\/\/www.organisator.ch\/management\/2019-02-05\/buchtipp-die-orbit-organisation\/#breadcrumb"},"inLanguage":"it-IT","potentialAction":[{"@type":"ReadAction","target":["https:\/\/www.organisator.ch\/management\/2019-02-05\/buchtipp-die-orbit-organisation\/"]}]},{"@type":"ImageObject","inLanguage":"it-IT","@id":"https:\/\/www.organisator.ch\/management\/2019-02-05\/buchtipp-die-orbit-organisation\/#primaryimage","url":"https:\/\/www.organisator.ch\/wp-content\/uploads\/2019\/02\/Buchtipp-Die-Orbit-Organisation_Organisator.jpg","contentUrl":"https:\/\/www.organisator.ch\/wp-content\/uploads\/2019\/02\/Buchtipp-Die-Orbit-Organisation_Organisator.jpg","width":340,"height":511,"caption":"(Bild: Gabal Verlag)"},{"@type":"BreadcrumbList","@id":"https:\/\/www.organisator.ch\/management\/2019-02-05\/buchtipp-die-orbit-organisation\/#breadcrumb","itemListElement":[{"@type":"ListItem","position":1,"name":"Home","item":"https:\/\/www.organisator.ch\/"},{"@type":"ListItem","position":2,"name":"Die Orbit-Organisation"}]},{"@type":"WebSite","@id":"https:\/\/www.organisator.ch\/#website","url":"https:\/\/www.organisator.ch\/","name":"Organizzatore","description":"Competente. Pratico. In 10 numeri all'anno, ORGANISATOR presenta i temi essenziali per i manager delle PMI.","publisher":{"@id":"https:\/\/www.organisator.ch\/#organization"},"potentialAction":[{"@type":"SearchAction","target":{"@type":"EntryPoint","urlTemplate":"https:\/\/www.organisator.ch\/?s={search_term_string}"},"query-input":{"@type":"PropertyValueSpecification","valueRequired":true,"valueName":"search_term_string"}}],"inLanguage":"it-IT"},{"@type":"Organization","@id":"https:\/\/www.organisator.ch\/#organization","name":"Organizzatore","url":"https:\/\/www.organisator.ch\/","logo":{"@type":"ImageObject","inLanguage":"it-IT","@id":"https:\/\/www.organisator.ch\/#\/schema\/logo\/image\/","url":"https:\/\/www.organisator.ch\/wp-content\/uploads\/2022\/01\/Logo_Organisator_Website.png","contentUrl":"https:\/\/www.organisator.ch\/wp-content\/uploads\/2022\/01\/Logo_Organisator_Website.png","width":800,"height":77,"caption":"Organisator"},"image":{"@id":"https:\/\/www.organisator.ch\/#\/schema\/logo\/image\/"},"sameAs":["https:\/\/www.facebook.com\/OrganisatorFachmagazin","https:\/\/www.linkedin.com\/showcase\/organisator-das-magazin-fr-kmu","https:\/\/www.xing.com\/news\/pages\/organisator-ch-695","https:\/\/www.youtube.com\/channel\/UCGP2Sq0iWaZwT3BdIAQFYpw"]},{"@type":"Person","@id":"https:\/\/www.organisator.ch\/#\/schema\/person\/6f650f90b2842cd4c0cc334b4e36f67e","name":"Tommaso.berner","image":{"@type":"ImageObject","inLanguage":"it-IT","@id":"https:\/\/secure.gravatar.com\/avatar\/ac5001d2a36cb6c6cd3e50789007ffca834b477b74a2144564522e944eabff61?s=96&d=mm&r=g","url":"https:\/\/secure.gravatar.com\/avatar\/ac5001d2a36cb6c6cd3e50789007ffca834b477b74a2144564522e944eabff61?s=96&d=mm&r=g","contentUrl":"https:\/\/secure.gravatar.com\/avatar\/ac5001d2a36cb6c6cd3e50789007ffca834b477b74a2144564522e944eabff61?s=96&d=mm&r=g","caption":"thomas.berner"},"url":"https:\/\/www.organisator.ch\/it\/author\/thomas-berner\/"}]}},"_links":{"self":[{"href":"https:\/\/www.organisator.ch\/it\/wp-json\/wp\/v2\/posts\/4846","targetHints":{"allow":["GET"]}}],"collection":[{"href":"https:\/\/www.organisator.ch\/it\/wp-json\/wp\/v2\/posts"}],"about":[{"href":"https:\/\/www.organisator.ch\/it\/wp-json\/wp\/v2\/types\/post"}],"author":[{"embeddable":true,"href":"https:\/\/www.organisator.ch\/it\/wp-json\/wp\/v2\/users\/4"}],"replies":[{"embeddable":true,"href":"https:\/\/www.organisator.ch\/it\/wp-json\/wp\/v2\/comments?post=4846"}],"version-history":[{"count":0,"href":"https:\/\/www.organisator.ch\/it\/wp-json\/wp\/v2\/posts\/4846\/revisions"}],"wp:featuredmedia":[{"embeddable":true,"href":"https:\/\/www.organisator.ch\/it\/wp-json\/wp\/v2\/media\/4848"}],"wp:attachment":[{"href":"https:\/\/www.organisator.ch\/it\/wp-json\/wp\/v2\/media?parent=4846"}],"wp:term":[{"taxonomy":"category","embeddable":true,"href":"https:\/\/www.organisator.ch\/it\/wp-json\/wp\/v2\/categories?post=4846"},{"taxonomy":"post_tag","embeddable":true,"href":"https:\/\/www.organisator.ch\/it\/wp-json\/wp\/v2\/tags?post=4846"}],"curies":[{"name":"wp","href":"https:\/\/api.w.org\/{rel}","templated":true}]}}