{"id":4867,"date":"2019-02-12T09:27:35","date_gmt":"2019-02-12T08:27:35","guid":{"rendered":"https:\/\/www.organisator.ch\/?p=4867"},"modified":"2019-02-12T09:27:35","modified_gmt":"2019-02-12T08:27:35","slug":"der-nachfolgebus-auch-2019-wieder-auf-tour-start-im-april","status":"publish","type":"post","link":"https:\/\/www.organisator.ch\/it\/management\/2019-02-12\/der-nachfolgebus-auch-2019-wieder-auf-tour-start-im-april\/","title":{"rendered":"L'autobus di successo di nuovo in tour nel 2019 - inizio ad aprile"},"content":{"rendered":"<figure id=\"attachment_4868\" aria-describedby=\"caption-attachment-4868\" style=\"width: 680px\" class=\"wp-caption alignnone\"><img loading=\"lazy\" decoding=\"async\" class=\"size-medium wp-image-4868\" src=\"https:\/\/www.organisator.ch\/wp-content\/uploads\/2019\/02\/Der-Nachfolgebus-auch-2019-wieder-auf-Tour-Start-im-April_Organisator.jpg\" alt=\"\" width=\"680\" height=\"296\" srcset=\"https:\/\/www.organisator.ch\/wp-content\/uploads\/2019\/02\/Der-Nachfolgebus-auch-2019-wieder-auf-Tour-Start-im-April_Organisator.jpg 680w, https:\/\/www.organisator.ch\/wp-content\/uploads\/2019\/02\/Der-Nachfolgebus-auch-2019-wieder-auf-Tour-Start-im-April_Organisator-16x7.jpg 16w, https:\/\/www.organisator.ch\/wp-content\/uploads\/2019\/02\/Der-Nachfolgebus-auch-2019-wieder-auf-Tour-Start-im-April_Organisator-375x163.jpg 375w, https:\/\/www.organisator.ch\/wp-content\/uploads\/2019\/02\/Der-Nachfolgebus-auch-2019-wieder-auf-Tour-Start-im-April_Organisator-300x131.jpg 300w\" sizes=\"auto, (max-width: 680px) 100vw, 680px\" \/><figcaption id=\"caption-attachment-4868\" class=\"wp-caption-text\">L'autobus di successo andr\u00e0 di nuovo in tour da aprile e far\u00e0 delle apparizioni in sei citt\u00e0.<\/figcaption><\/figure>\n<p>Delle circa 600.000 aziende in Svizzera, quasi 74.000 stanno affrontando un piano di successione. Il 30% fallisce in questo compito. Le ragioni sono molteplici. Ma in molti casi, il processo di pianificazione della successione, che \u00e8 associato ad aspetti multistrato e complessit\u00e0, impedisce agli imprenditori delle PMI in particolare di affrontare questo importante argomento in tempo utile o del tutto. Quando diventa inevitabile, spesso \u00e8 troppo tardi. Ogni anno si perdono ben 5.000 aziende e 30.000 posti di lavoro.<\/p>\n<h2>Gli esperti di successione sono disponibili per rispondere alle domande<\/h2>\n<p>Quello che manca \u00e8 un'informazione completa e fondata che crei chiarezza, mostri le possibili soluzioni e motivi. Si pu\u00f2 fare qualcosa per questo. Il bus della successione si \u00e8 posto il compito di portare il tema della successione direttamente \"al popolo\". Su iniziativa dell'esperta di successione Carla Kaufmann, questo info-mobile sulla successione aziendale ha attraversato per la prima volta la Svizzera tedesca nel 2018. A bordo c'erano 15 esperti di successione che hanno risposto alle domande degli imprenditori interessati in colloqui gratuiti su tutti gli aspetti della successione.<\/p>\n<h2>L'autobus successore inizia il 4 aprile<\/h2>\n<p>La risposta alla prima dell'\"Initiative Nachfolgebus\" \u00e8 stata estremamente positiva. Dopo ben 170 ore di colloqui informativi e 950 chilometri in tour, \u00e8 stato chiaro: il bus successore torner\u00e0 sulla strada nel 2019. Il tour inizier\u00e0 il 4 aprile a Zurigo. Un assaggio \u00e8 fornito dal\u00a0<a href=\"https:\/\/www.youtube.com\/watch?time_continue=5&amp;v=5fT0LfXpYgM\">Trailer<\/a>\u00a0con le impressioni del tour 2018. E gi\u00e0 ora un <a href=\"http:\/\/nachfolgebus.ch\/index.php\/terminbuchung\/\">Appuntamento<\/a> libro al Roadshow.<\/p>\n<p><a href=\"http:\/\/www.nachfolgebus.ch\"><em>www.nachfolgebus.ch<\/em><\/a><\/p>","protected":false},"excerpt":{"rendered":"<p>Von den rund 600\u2019000 Unternehmen in der Schweiz stehen derzeit fast 74\u2019000 vor einer Nachfolgeregelung. 30 Prozent scheitern an dieser Aufgabe. Die Gr\u00fcnde sind vielf\u00e4ltig. Aber in vielen F\u00e4llen h\u00e4lt der mit vielschichtigen Aspekten und Komplexit\u00e4t verbundene Prozess der\u00a0Nachfolgeregelung insbesondere KMU-Unternehmerinnen und -Unternehmer davon ab, sich rechtzeitig oder \u00fcberhaupt mit diesem wichtigen Thema auseinanderzusetzen. Wenn [&hellip;]<\/p>\n","protected":false},"author":4,"featured_media":4868,"comment_status":"open","ping_status":"open","sticky":false,"template":"","format":"standard","meta":{"_acf_changed":false,"_yoast_wpseo_focuskw":"Der Nachfolgebus","_yoast_wpseo_metadesc":"Die erste Tour im Jahr 2018 war ein voller Erfolg. Der Nachfolgebus rollt nun auch in diesem Jahr durch die Deutschschweiz.","articlekey":"","footnotes":""},"categories":[28],"tags":[207,335,357,502],"class_list":["post-4867","post","type-post","status-publish","format-standard","has-post-thumbnail","hentry","category-management","tag-firmennachfolge","tag-management-und-unternehmensfuehrung","tag-nachfolgeregelung","tag-veranstaltungen"],"acf":[],"yoast_head":"<!-- This site is optimized with the Yoast SEO plugin v27.5 - https:\/\/yoast.com\/product\/yoast-seo-wordpress\/ -->\n<title>Der Nachfolgebus auch 2019 wieder auf Tour - Start im April - Organisator<\/title>\n<meta name=\"description\" content=\"Die erste Tour im Jahr 2018 war ein voller Erfolg. Der Nachfolgebus rollt nun auch in diesem Jahr durch die Deutschschweiz.\" \/>\n<meta name=\"robots\" content=\"index, follow, max-snippet:-1, max-image-preview:large, max-video-preview:-1\" \/>\n<link rel=\"canonical\" href=\"https:\/\/www.organisator.ch\/it\/gestione-2\/2019-02-12\/der-nachfolgebus-auch-2019-wieder-auf-tour-start-im-april\/\" \/>\n<meta property=\"og:locale\" content=\"it_IT\" \/>\n<meta property=\"og:type\" content=\"article\" \/>\n<meta property=\"og:title\" content=\"Der Nachfolgebus auch 2019 wieder auf Tour - Start im April\" \/>\n<meta property=\"og:description\" content=\"Die erste Tour im Jahr 2018 war ein voller Erfolg. Der Nachfolgebus rollt nun auch in diesem Jahr durch die Deutschschweiz.\" \/>\n<meta property=\"og:url\" content=\"https:\/\/www.organisator.ch\/it\/gestione-2\/2019-02-12\/der-nachfolgebus-auch-2019-wieder-auf-tour-start-im-april\/\" \/>\n<meta property=\"og:site_name\" content=\"Organisator\" \/>\n<meta property=\"article:publisher\" content=\"https:\/\/www.facebook.com\/OrganisatorFachmagazin\" \/>\n<meta property=\"article:published_time\" content=\"2019-02-12T08:27:35+00:00\" \/>\n<meta property=\"og:image\" content=\"https:\/\/www.organisator.ch\/wp-content\/uploads\/2019\/02\/Der-Nachfolgebus-auch-2019-wieder-auf-Tour-Start-im-April_Organisator.jpg\" \/>\n\t<meta property=\"og:image:width\" content=\"680\" \/>\n\t<meta property=\"og:image:height\" content=\"296\" \/>\n\t<meta property=\"og:image:type\" content=\"image\/jpeg\" \/>\n<meta name=\"author\" content=\"thomas.berner\" \/>\n<meta name=\"twitter:card\" content=\"summary_large_image\" \/>\n<meta name=\"twitter:title\" content=\"Der #Nachfolgebus auch 2019 wieder auf Tour - Start im April\" \/>\n<meta name=\"twitter:description\" content=\"Die erste Tour im Jahr 2018 war ein voller Erfolg. Der #Nachfolgebus rollt nun auch in diesem Jahr durch die Deutschschweiz.\" \/>\n<meta name=\"twitter:image\" content=\"https:\/\/www.organisator.ch\/wp-content\/uploads\/2019\/02\/Der-Nachfolgebus-auch-2019-wieder-auf-Tour-Start-im-April_Organisator.jpg\" \/>\n<script type=\"application\/ld+json\" class=\"yoast-schema-graph\">{\"@context\":\"https:\\\/\\\/schema.org\",\"@graph\":[{\"@type\":\"Article\",\"@id\":\"https:\\\/\\\/www.organisator.ch\\\/management\\\/2019-02-12\\\/der-nachfolgebus-auch-2019-wieder-auf-tour-start-im-april\\\/#article\",\"isPartOf\":{\"@id\":\"https:\\\/\\\/www.organisator.ch\\\/management\\\/2019-02-12\\\/der-nachfolgebus-auch-2019-wieder-auf-tour-start-im-april\\\/\"},\"author\":{\"name\":\"thomas.berner\",\"@id\":\"https:\\\/\\\/www.organisator.ch\\\/#\\\/schema\\\/person\\\/6f650f90b2842cd4c0cc334b4e36f67e\"},\"headline\":\"Der Nachfolgebus auch 2019 wieder auf Tour &#8211; Start im April\",\"datePublished\":\"2019-02-12T08:27:35+00:00\",\"mainEntityOfPage\":{\"@id\":\"https:\\\/\\\/www.organisator.ch\\\/management\\\/2019-02-12\\\/der-nachfolgebus-auch-2019-wieder-auf-tour-start-im-april\\\/\"},\"wordCount\":256,\"commentCount\":0,\"publisher\":{\"@id\":\"https:\\\/\\\/www.organisator.ch\\\/#organization\"},\"image\":{\"@id\":\"https:\\\/\\\/www.organisator.ch\\\/management\\\/2019-02-12\\\/der-nachfolgebus-auch-2019-wieder-auf-tour-start-im-april\\\/#primaryimage\"},\"thumbnailUrl\":\"https:\\\/\\\/www.organisator.ch\\\/wp-content\\\/uploads\\\/2019\\\/02\\\/Der-Nachfolgebus-auch-2019-wieder-auf-Tour-Start-im-April_Organisator.jpg\",\"keywords\":[\"Firmennachfolge\",\"Management und Unternehmensf\u00fchrung\",\"Nachfolgeregelung\",\"Veranstaltungen\"],\"articleSection\":[\"MANAGEMENT\"],\"inLanguage\":\"it-IT\"},{\"@type\":\"WebPage\",\"@id\":\"https:\\\/\\\/www.organisator.ch\\\/management\\\/2019-02-12\\\/der-nachfolgebus-auch-2019-wieder-auf-tour-start-im-april\\\/\",\"url\":\"https:\\\/\\\/www.organisator.ch\\\/management\\\/2019-02-12\\\/der-nachfolgebus-auch-2019-wieder-auf-tour-start-im-april\\\/\",\"name\":\"Der Nachfolgebus auch 2019 wieder auf Tour - Start im April - Organisator\",\"isPartOf\":{\"@id\":\"https:\\\/\\\/www.organisator.ch\\\/#website\"},\"primaryImageOfPage\":{\"@id\":\"https:\\\/\\\/www.organisator.ch\\\/management\\\/2019-02-12\\\/der-nachfolgebus-auch-2019-wieder-auf-tour-start-im-april\\\/#primaryimage\"},\"image\":{\"@id\":\"https:\\\/\\\/www.organisator.ch\\\/management\\\/2019-02-12\\\/der-nachfolgebus-auch-2019-wieder-auf-tour-start-im-april\\\/#primaryimage\"},\"thumbnailUrl\":\"https:\\\/\\\/www.organisator.ch\\\/wp-content\\\/uploads\\\/2019\\\/02\\\/Der-Nachfolgebus-auch-2019-wieder-auf-Tour-Start-im-April_Organisator.jpg\",\"datePublished\":\"2019-02-12T08:27:35+00:00\",\"description\":\"Die erste Tour im Jahr 2018 war ein voller Erfolg. Der Nachfolgebus rollt nun auch in diesem Jahr durch die Deutschschweiz.\",\"breadcrumb\":{\"@id\":\"https:\\\/\\\/www.organisator.ch\\\/management\\\/2019-02-12\\\/der-nachfolgebus-auch-2019-wieder-auf-tour-start-im-april\\\/#breadcrumb\"},\"inLanguage\":\"it-IT\",\"potentialAction\":[{\"@type\":\"ReadAction\",\"target\":[\"https:\\\/\\\/www.organisator.ch\\\/management\\\/2019-02-12\\\/der-nachfolgebus-auch-2019-wieder-auf-tour-start-im-april\\\/\"]}]},{\"@type\":\"ImageObject\",\"inLanguage\":\"it-IT\",\"@id\":\"https:\\\/\\\/www.organisator.ch\\\/management\\\/2019-02-12\\\/der-nachfolgebus-auch-2019-wieder-auf-tour-start-im-april\\\/#primaryimage\",\"url\":\"https:\\\/\\\/www.organisator.ch\\\/wp-content\\\/uploads\\\/2019\\\/02\\\/Der-Nachfolgebus-auch-2019-wieder-auf-Tour-Start-im-April_Organisator.jpg\",\"contentUrl\":\"https:\\\/\\\/www.organisator.ch\\\/wp-content\\\/uploads\\\/2019\\\/02\\\/Der-Nachfolgebus-auch-2019-wieder-auf-Tour-Start-im-April_Organisator.jpg\",\"width\":680,\"height\":296,\"caption\":\"Der Nachfolgebus geht ab April wieder auf Tour und wird in sechs St\u00e4dten gastieren.\"},{\"@type\":\"BreadcrumbList\",\"@id\":\"https:\\\/\\\/www.organisator.ch\\\/management\\\/2019-02-12\\\/der-nachfolgebus-auch-2019-wieder-auf-tour-start-im-april\\\/#breadcrumb\",\"itemListElement\":[{\"@type\":\"ListItem\",\"position\":1,\"name\":\"Home\",\"item\":\"https:\\\/\\\/www.organisator.ch\\\/\"},{\"@type\":\"ListItem\",\"position\":2,\"name\":\"Der Nachfolgebus auch 2019 wieder auf Tour &#8211; Start im April\"}]},{\"@type\":\"WebSite\",\"@id\":\"https:\\\/\\\/www.organisator.ch\\\/#website\",\"url\":\"https:\\\/\\\/www.organisator.ch\\\/\",\"name\":\"Organisator\",\"description\":\"Kompetent. Praxisnah. Der ORGANISATOR bereitet in 10 Ausgaben pro Jahr die wesentlichen Themen f\u00fcr F\u00fchrungskr\u00e4fte von KMU auf.\",\"publisher\":{\"@id\":\"https:\\\/\\\/www.organisator.ch\\\/#organization\"},\"potentialAction\":[{\"@type\":\"SearchAction\",\"target\":{\"@type\":\"EntryPoint\",\"urlTemplate\":\"https:\\\/\\\/www.organisator.ch\\\/?s={search_term_string}\"},\"query-input\":{\"@type\":\"PropertyValueSpecification\",\"valueRequired\":true,\"valueName\":\"search_term_string\"}}],\"inLanguage\":\"it-IT\"},{\"@type\":\"Organization\",\"@id\":\"https:\\\/\\\/www.organisator.ch\\\/#organization\",\"name\":\"Organisator\",\"url\":\"https:\\\/\\\/www.organisator.ch\\\/\",\"logo\":{\"@type\":\"ImageObject\",\"inLanguage\":\"it-IT\",\"@id\":\"https:\\\/\\\/www.organisator.ch\\\/#\\\/schema\\\/logo\\\/image\\\/\",\"url\":\"https:\\\/\\\/www.organisator.ch\\\/wp-content\\\/uploads\\\/2022\\\/01\\\/Logo_Organisator_Website.png\",\"contentUrl\":\"https:\\\/\\\/www.organisator.ch\\\/wp-content\\\/uploads\\\/2022\\\/01\\\/Logo_Organisator_Website.png\",\"width\":800,\"height\":77,\"caption\":\"Organisator\"},\"image\":{\"@id\":\"https:\\\/\\\/www.organisator.ch\\\/#\\\/schema\\\/logo\\\/image\\\/\"},\"sameAs\":[\"https:\\\/\\\/www.facebook.com\\\/OrganisatorFachmagazin\",\"https:\\\/\\\/www.linkedin.com\\\/showcase\\\/organisator-das-magazin-fr-kmu\",\"https:\\\/\\\/www.xing.com\\\/news\\\/pages\\\/organisator-ch-695\",\"https:\\\/\\\/www.youtube.com\\\/channel\\\/UCGP2Sq0iWaZwT3BdIAQFYpw\"]},{\"@type\":\"Person\",\"@id\":\"https:\\\/\\\/www.organisator.ch\\\/#\\\/schema\\\/person\\\/6f650f90b2842cd4c0cc334b4e36f67e\",\"name\":\"thomas.berner\",\"image\":{\"@type\":\"ImageObject\",\"inLanguage\":\"it-IT\",\"@id\":\"https:\\\/\\\/secure.gravatar.com\\\/avatar\\\/ac5001d2a36cb6c6cd3e50789007ffca834b477b74a2144564522e944eabff61?s=96&d=mm&r=g\",\"url\":\"https:\\\/\\\/secure.gravatar.com\\\/avatar\\\/ac5001d2a36cb6c6cd3e50789007ffca834b477b74a2144564522e944eabff61?s=96&d=mm&r=g\",\"contentUrl\":\"https:\\\/\\\/secure.gravatar.com\\\/avatar\\\/ac5001d2a36cb6c6cd3e50789007ffca834b477b74a2144564522e944eabff61?s=96&d=mm&r=g\",\"caption\":\"thomas.berner\"},\"url\":\"https:\\\/\\\/www.organisator.ch\\\/it\\\/author\\\/thomas-berner\\\/\"}]}<\/script>\n<!-- \/ Yoast SEO plugin. -->","yoast_head_json":{"title":"L'autobus di follow-up sar\u00e0 di nuovo in tour nel 2019 - inizio ad aprile - organizzatore","description":"Il primo tour del 2018 \u00e8 stato un completo successo. Anche quest'anno il follow-up bus sta attraversando la Svizzera tedesca.","robots":{"index":"index","follow":"follow","max-snippet":"max-snippet:-1","max-image-preview":"max-image-preview:large","max-video-preview":"max-video-preview:-1"},"canonical":"https:\/\/www.organisator.ch\/it\/gestione-2\/2019-02-12\/der-nachfolgebus-auch-2019-wieder-auf-tour-start-im-april\/","og_locale":"it_IT","og_type":"article","og_title":"Der Nachfolgebus auch 2019 wieder auf Tour - Start im April","og_description":"Die erste Tour im Jahr 2018 war ein voller Erfolg. Der Nachfolgebus rollt nun auch in diesem Jahr durch die Deutschschweiz.","og_url":"https:\/\/www.organisator.ch\/it\/gestione-2\/2019-02-12\/der-nachfolgebus-auch-2019-wieder-auf-tour-start-im-april\/","og_site_name":"Organisator","article_publisher":"https:\/\/www.facebook.com\/OrganisatorFachmagazin","article_published_time":"2019-02-12T08:27:35+00:00","og_image":[{"width":680,"height":296,"url":"https:\/\/www.organisator.ch\/wp-content\/uploads\/2019\/02\/Der-Nachfolgebus-auch-2019-wieder-auf-Tour-Start-im-April_Organisator.jpg","type":"image\/jpeg"}],"author":"thomas.berner","twitter_card":"summary_large_image","twitter_title":"Der #Nachfolgebus auch 2019 wieder auf Tour - Start im April","twitter_description":"Die erste Tour im Jahr 2018 war ein voller Erfolg. Der #Nachfolgebus rollt nun auch in diesem Jahr durch die Deutschschweiz.","twitter_image":"https:\/\/www.organisator.ch\/wp-content\/uploads\/2019\/02\/Der-Nachfolgebus-auch-2019-wieder-auf-Tour-Start-im-April_Organisator.jpg","schema":{"@context":"https:\/\/schema.org","@graph":[{"@type":"Article","@id":"https:\/\/www.organisator.ch\/management\/2019-02-12\/der-nachfolgebus-auch-2019-wieder-auf-tour-start-im-april\/#article","isPartOf":{"@id":"https:\/\/www.organisator.ch\/management\/2019-02-12\/der-nachfolgebus-auch-2019-wieder-auf-tour-start-im-april\/"},"author":{"name":"thomas.berner","@id":"https:\/\/www.organisator.ch\/#\/schema\/person\/6f650f90b2842cd4c0cc334b4e36f67e"},"headline":"Der Nachfolgebus auch 2019 wieder auf Tour &#8211; Start im April","datePublished":"2019-02-12T08:27:35+00:00","mainEntityOfPage":{"@id":"https:\/\/www.organisator.ch\/management\/2019-02-12\/der-nachfolgebus-auch-2019-wieder-auf-tour-start-im-april\/"},"wordCount":256,"commentCount":0,"publisher":{"@id":"https:\/\/www.organisator.ch\/#organization"},"image":{"@id":"https:\/\/www.organisator.ch\/management\/2019-02-12\/der-nachfolgebus-auch-2019-wieder-auf-tour-start-im-april\/#primaryimage"},"thumbnailUrl":"https:\/\/www.organisator.ch\/wp-content\/uploads\/2019\/02\/Der-Nachfolgebus-auch-2019-wieder-auf-Tour-Start-im-April_Organisator.jpg","keywords":["Firmennachfolge","Management und Unternehmensf\u00fchrung","Nachfolgeregelung","Veranstaltungen"],"articleSection":["MANAGEMENT"],"inLanguage":"it-IT"},{"@type":"WebPage","@id":"https:\/\/www.organisator.ch\/management\/2019-02-12\/der-nachfolgebus-auch-2019-wieder-auf-tour-start-im-april\/","url":"https:\/\/www.organisator.ch\/management\/2019-02-12\/der-nachfolgebus-auch-2019-wieder-auf-tour-start-im-april\/","name":"L'autobus di follow-up sar\u00e0 di nuovo in tour nel 2019 - inizio ad aprile - organizzatore","isPartOf":{"@id":"https:\/\/www.organisator.ch\/#website"},"primaryImageOfPage":{"@id":"https:\/\/www.organisator.ch\/management\/2019-02-12\/der-nachfolgebus-auch-2019-wieder-auf-tour-start-im-april\/#primaryimage"},"image":{"@id":"https:\/\/www.organisator.ch\/management\/2019-02-12\/der-nachfolgebus-auch-2019-wieder-auf-tour-start-im-april\/#primaryimage"},"thumbnailUrl":"https:\/\/www.organisator.ch\/wp-content\/uploads\/2019\/02\/Der-Nachfolgebus-auch-2019-wieder-auf-Tour-Start-im-April_Organisator.jpg","datePublished":"2019-02-12T08:27:35+00:00","description":"Il primo tour del 2018 \u00e8 stato un completo successo. Anche quest'anno il follow-up bus sta attraversando la Svizzera tedesca.","breadcrumb":{"@id":"https:\/\/www.organisator.ch\/management\/2019-02-12\/der-nachfolgebus-auch-2019-wieder-auf-tour-start-im-april\/#breadcrumb"},"inLanguage":"it-IT","potentialAction":[{"@type":"ReadAction","target":["https:\/\/www.organisator.ch\/management\/2019-02-12\/der-nachfolgebus-auch-2019-wieder-auf-tour-start-im-april\/"]}]},{"@type":"ImageObject","inLanguage":"it-IT","@id":"https:\/\/www.organisator.ch\/management\/2019-02-12\/der-nachfolgebus-auch-2019-wieder-auf-tour-start-im-april\/#primaryimage","url":"https:\/\/www.organisator.ch\/wp-content\/uploads\/2019\/02\/Der-Nachfolgebus-auch-2019-wieder-auf-Tour-Start-im-April_Organisator.jpg","contentUrl":"https:\/\/www.organisator.ch\/wp-content\/uploads\/2019\/02\/Der-Nachfolgebus-auch-2019-wieder-auf-Tour-Start-im-April_Organisator.jpg","width":680,"height":296,"caption":"Der Nachfolgebus geht ab April wieder auf Tour und wird in sechs St\u00e4dten gastieren."},{"@type":"BreadcrumbList","@id":"https:\/\/www.organisator.ch\/management\/2019-02-12\/der-nachfolgebus-auch-2019-wieder-auf-tour-start-im-april\/#breadcrumb","itemListElement":[{"@type":"ListItem","position":1,"name":"Home","item":"https:\/\/www.organisator.ch\/"},{"@type":"ListItem","position":2,"name":"Der Nachfolgebus auch 2019 wieder auf Tour &#8211; Start im April"}]},{"@type":"WebSite","@id":"https:\/\/www.organisator.ch\/#website","url":"https:\/\/www.organisator.ch\/","name":"Organizzatore","description":"Competente. Pratico. In 10 numeri all'anno, ORGANISATOR presenta i temi essenziali per i manager delle PMI.","publisher":{"@id":"https:\/\/www.organisator.ch\/#organization"},"potentialAction":[{"@type":"SearchAction","target":{"@type":"EntryPoint","urlTemplate":"https:\/\/www.organisator.ch\/?s={search_term_string}"},"query-input":{"@type":"PropertyValueSpecification","valueRequired":true,"valueName":"search_term_string"}}],"inLanguage":"it-IT"},{"@type":"Organization","@id":"https:\/\/www.organisator.ch\/#organization","name":"Organizzatore","url":"https:\/\/www.organisator.ch\/","logo":{"@type":"ImageObject","inLanguage":"it-IT","@id":"https:\/\/www.organisator.ch\/#\/schema\/logo\/image\/","url":"https:\/\/www.organisator.ch\/wp-content\/uploads\/2022\/01\/Logo_Organisator_Website.png","contentUrl":"https:\/\/www.organisator.ch\/wp-content\/uploads\/2022\/01\/Logo_Organisator_Website.png","width":800,"height":77,"caption":"Organisator"},"image":{"@id":"https:\/\/www.organisator.ch\/#\/schema\/logo\/image\/"},"sameAs":["https:\/\/www.facebook.com\/OrganisatorFachmagazin","https:\/\/www.linkedin.com\/showcase\/organisator-das-magazin-fr-kmu","https:\/\/www.xing.com\/news\/pages\/organisator-ch-695","https:\/\/www.youtube.com\/channel\/UCGP2Sq0iWaZwT3BdIAQFYpw"]},{"@type":"Person","@id":"https:\/\/www.organisator.ch\/#\/schema\/person\/6f650f90b2842cd4c0cc334b4e36f67e","name":"Tommaso.berner","image":{"@type":"ImageObject","inLanguage":"it-IT","@id":"https:\/\/secure.gravatar.com\/avatar\/ac5001d2a36cb6c6cd3e50789007ffca834b477b74a2144564522e944eabff61?s=96&d=mm&r=g","url":"https:\/\/secure.gravatar.com\/avatar\/ac5001d2a36cb6c6cd3e50789007ffca834b477b74a2144564522e944eabff61?s=96&d=mm&r=g","contentUrl":"https:\/\/secure.gravatar.com\/avatar\/ac5001d2a36cb6c6cd3e50789007ffca834b477b74a2144564522e944eabff61?s=96&d=mm&r=g","caption":"thomas.berner"},"url":"https:\/\/www.organisator.ch\/it\/author\/thomas-berner\/"}]}},"_links":{"self":[{"href":"https:\/\/www.organisator.ch\/it\/wp-json\/wp\/v2\/posts\/4867","targetHints":{"allow":["GET"]}}],"collection":[{"href":"https:\/\/www.organisator.ch\/it\/wp-json\/wp\/v2\/posts"}],"about":[{"href":"https:\/\/www.organisator.ch\/it\/wp-json\/wp\/v2\/types\/post"}],"author":[{"embeddable":true,"href":"https:\/\/www.organisator.ch\/it\/wp-json\/wp\/v2\/users\/4"}],"replies":[{"embeddable":true,"href":"https:\/\/www.organisator.ch\/it\/wp-json\/wp\/v2\/comments?post=4867"}],"version-history":[{"count":0,"href":"https:\/\/www.organisator.ch\/it\/wp-json\/wp\/v2\/posts\/4867\/revisions"}],"wp:featuredmedia":[{"embeddable":true,"href":"https:\/\/www.organisator.ch\/it\/wp-json\/wp\/v2\/media\/4868"}],"wp:attachment":[{"href":"https:\/\/www.organisator.ch\/it\/wp-json\/wp\/v2\/media?parent=4867"}],"wp:term":[{"taxonomy":"category","embeddable":true,"href":"https:\/\/www.organisator.ch\/it\/wp-json\/wp\/v2\/categories?post=4867"},{"taxonomy":"post_tag","embeddable":true,"href":"https:\/\/www.organisator.ch\/it\/wp-json\/wp\/v2\/tags?post=4867"}],"curies":[{"name":"wp","href":"https:\/\/api.w.org\/{rel}","templated":true}]}}