{"id":489,"date":"2016-08-25T15:56:58","date_gmt":"2016-08-25T13:56:58","guid":{"rendered":"https:\/\/dev.umweltperspektiven.ch\/?p=489"},"modified":"2016-08-25T15:56:58","modified_gmt":"2016-08-25T13:56:58","slug":"energieeffizienz-schiene-schlaegt-strasse-um-faktor-5","status":"publish","type":"post","link":"https:\/\/www.organisator.ch\/it\/allgemein\/2016-08-25\/energieeffizienz-schiene-schlaegt-strasse-um-faktor-5\/","title":{"rendered":"Efficienza energetica: la ferrovia batte la strada di un fattore 5"},"content":{"rendered":"<figure id=\"attachment_490\" aria-describedby=\"caption-attachment-490\" style=\"width: 680px\" class=\"wp-caption alignnone\"><a href=\"\/\/dev.umweltperspektiven.ch\/wp-content\/uploads\/2016\/12\/Energieeffizienz-Schiene-schl\u00e4gt-Strasse-um-Faktor-5-umweltperspektiven2.jpg\"><img loading=\"lazy\" decoding=\"async\" class=\"wp-image-490 size-medium\" src=\"\/\/www.umweltperspektiven.ch\/wp-content\/uploads\/2016\/12\/Energieeffizienz-Schiene-schl\u00e4gt-Strasse-um-Faktor-5-umweltperspektiven2.jpg\" alt=\"Il trasporto pubblico consuma molta meno energia per persona-chilometro rispetto all&#039;automobile.\" width=\"680\" height=\"454\" \/><\/a><figcaption id=\"caption-attachment-490\" class=\"wp-caption-text\">Il trasporto pubblico consuma molta meno energia per persona-chilometro rispetto all'automobile.<\/figcaption><\/figure>\n<p>I trasporti in Svizzera consumano circa 38% dell'energia finale totale. Di questi, 87% sono a carico delle strade; solo poco meno di 5% sono spesi per il trasporto ferroviario.<\/p>\n<p>Le prestazioni dei due modi di trasporto sono paragonabili: la ripartizione modale tra strada e ferrovia \u00e8 76 a 24% per il trasporto passeggeri e 61 a 39% per il trasporto merci.<\/p>\n<p>Questo \u00e8 dimostrato dall'analisi delle cifre del trasporto pubblico pubblicate recentemente dal servizio d'informazione sul trasporto pubblico Litra.<\/p>\n<p>Nel complesso, i trasporti continuano a crescere rapidamente: nel 2014, in Svizzera sono stati percorsi 124.656 milioni di chilometri, solo nel trasporto di persone. Nell'anno precedente, questa cifra era di 2000 milioni di chilometri in meno, e nel 2000, quasi 20.000 milioni di chilometri in meno. Dal 1950, le prestazioni di trasporto sono quindi quasi decuplicate: all'epoca, sono stati percorsi solo 14.798 milioni di chilometri - 57% dei quali, per inciso, con i mezzi pubblici.<\/p>\n<figure id=\"attachment_491\" aria-describedby=\"caption-attachment-491\" style=\"width: 680px\" class=\"wp-caption alignnone\"><a href=\"\/\/dev.umweltperspektiven.ch\/wp-content\/uploads\/2016\/12\/Energieeffizienz-Schiene-schl\u00e4gt-Strasse-um-Faktor-5-umweltperspektiven1.jpg\"><img loading=\"lazy\" decoding=\"async\" class=\"wp-image-491 size-medium\" src=\"\/\/www.umweltperspektiven.ch\/wp-content\/uploads\/2016\/12\/Energieeffizienz-Schiene-schl\u00e4gt-Strasse-um-Faktor-5-umweltperspektiven1.jpg\" alt=\"Confronto tra le modalit\u00e0 di trasporto passeggeri e merci sulle emissioni e il consumo di energia. (Grafite: Litra)\" width=\"680\" height=\"293\" \/><\/a><figcaption id=\"caption-attachment-491\" class=\"wp-caption-text\">Confronto tra le modalit\u00e0 di trasporto passeggeri e merci sulle emissioni e il consumo di energia. (Grafite: Litra)<\/figcaption><\/figure>","protected":false},"excerpt":{"rendered":"<p>Der Verkehr in der Schweiz verbraucht rund 38% der gesamten Endenergie. Davon geht 87% auf Kosten der Strasse;\u00a0nur knapp 5% wird von Schienenverkehr verbracht. Dabei liegt die Leistung der beiden Verkehrstr\u00e4ger in einer vergleichbaren Gr\u00f6ssenordnung:\u00a0Der Modalsplit Strasse-Schiene betr\u00e4gt im Personenverkehr 76 zu 24%, im G\u00fcterverkehr 61 zu 39%. Dies zeigt die Auswertung der Zahlen zum [&hellip;]<\/p>\n","protected":false},"author":1,"featured_media":9410,"comment_status":"open","ping_status":"open","sticky":false,"template":"","format":"standard","meta":{"_acf_changed":false,"_yoast_wpseo_focuskw":"Energieeffizienz","_yoast_wpseo_metadesc":"Energieeffizienz: Die Bahn transprortiert 24% aller Personen und 39% der G\u00fcter, braucht aber dabei nur 5% der f\u00fcr die Mobilit\u00e4t verwendeten Energie.","articlekey":"","footnotes":""},"categories":[1],"tags":[766,1634,452,2214],"class_list":["post-489","post","type-post","status-publish","format-standard","has-post-thumbnail","hentry","category-allgemein","tag-bahnverkehr","tag-litra","tag-statistik","tag-strassenverkehr"],"acf":[],"yoast_head":"<!-- This site is optimized with the Yoast SEO plugin v27.4 - https:\/\/yoast.com\/product\/yoast-seo-wordpress\/ -->\n<title>Energieeffizienz: Schiene schl\u00e4gt Strasse um Faktor 5 - Organisator<\/title>\n<meta name=\"description\" content=\"Energieeffizienz: Die Bahn transprortiert 24% aller Personen und 39% der G\u00fcter, braucht aber dabei nur 5% der f\u00fcr die Mobilit\u00e4t verwendeten Energie.\" \/>\n<meta name=\"robots\" content=\"index, follow, max-snippet:-1, max-image-preview:large, max-video-preview:-1\" \/>\n<link rel=\"canonical\" href=\"https:\/\/www.organisator.ch\/it\/generale\/2016-08-25\/energieeffizienz-schiene-schlaegt-strasse-um-faktor-5\/\" \/>\n<meta property=\"og:locale\" content=\"it_IT\" \/>\n<meta property=\"og:type\" content=\"article\" \/>\n<meta property=\"og:title\" content=\"Energieeffizienz: Schiene schl\u00e4gt Strasse um Faktor 5 - Organisator\" \/>\n<meta property=\"og:description\" content=\"Energieeffizienz: Die Bahn transprortiert 24% aller Personen und 39% der G\u00fcter, braucht aber dabei nur 5% der f\u00fcr die Mobilit\u00e4t verwendeten Energie.\" \/>\n<meta property=\"og:url\" content=\"https:\/\/www.organisator.ch\/it\/generale\/2016-08-25\/energieeffizienz-schiene-schlaegt-strasse-um-faktor-5\/\" \/>\n<meta property=\"og:site_name\" content=\"Organisator\" \/>\n<meta property=\"article:publisher\" content=\"https:\/\/www.facebook.com\/OrganisatorFachmagazin\" \/>\n<meta property=\"article:published_time\" content=\"2016-08-25T13:56:58+00:00\" \/>\n<meta property=\"og:image\" content=\"https:\/\/www.organisator.ch\/wp-content\/uploads\/2016\/12\/Energieeffizienz-Schiene-schlaegt-Strasse-um-Faktor-5-umweltperspektiven2.jpg\" \/>\n\t<meta property=\"og:image:width\" content=\"1000\" \/>\n\t<meta property=\"og:image:height\" content=\"667\" \/>\n\t<meta property=\"og:image:type\" content=\"image\/jpeg\" \/>\n<meta name=\"author\" content=\"admin\" \/>\n<meta name=\"twitter:card\" content=\"summary_large_image\" \/>\n<script type=\"application\/ld+json\" class=\"yoast-schema-graph\">{\"@context\":\"https:\\\/\\\/schema.org\",\"@graph\":[{\"@type\":\"Article\",\"@id\":\"https:\\\/\\\/www.organisator.ch\\\/de\\\/allgemein\\\/2016-08-25\\\/energieeffizienz-schiene-schlaegt-strasse-um-faktor-5\\\/#article\",\"isPartOf\":{\"@id\":\"https:\\\/\\\/www.organisator.ch\\\/de\\\/allgemein\\\/2016-08-25\\\/energieeffizienz-schiene-schlaegt-strasse-um-faktor-5\\\/\"},\"author\":{\"name\":\"admin\",\"@id\":\"https:\\\/\\\/www.organisator.ch\\\/#\\\/schema\\\/person\\\/aa2bace6c5c5aad60102004a50c4eb1c\"},\"headline\":\"Energieeffizienz: Schiene schl\u00e4gt Strasse um Faktor 5\",\"datePublished\":\"2016-08-25T13:56:58+00:00\",\"mainEntityOfPage\":{\"@id\":\"https:\\\/\\\/www.organisator.ch\\\/de\\\/allgemein\\\/2016-08-25\\\/energieeffizienz-schiene-schlaegt-strasse-um-faktor-5\\\/\"},\"wordCount\":177,\"commentCount\":0,\"publisher\":{\"@id\":\"https:\\\/\\\/www.organisator.ch\\\/#organization\"},\"image\":{\"@id\":\"https:\\\/\\\/www.organisator.ch\\\/de\\\/allgemein\\\/2016-08-25\\\/energieeffizienz-schiene-schlaegt-strasse-um-faktor-5\\\/#primaryimage\"},\"thumbnailUrl\":\"https:\\\/\\\/www.organisator.ch\\\/wp-content\\\/uploads\\\/2016\\\/12\\\/Energieeffizienz-Schiene-schlaegt-Strasse-um-Faktor-5-umweltperspektiven2.jpg\",\"keywords\":[\"Bahnverkehr\",\"Litra\",\"Statistik\",\"Strassenverkehr\"],\"articleSection\":[\"Allgemein\"],\"inLanguage\":\"it-IT\"},{\"@type\":\"WebPage\",\"@id\":\"https:\\\/\\\/www.organisator.ch\\\/de\\\/allgemein\\\/2016-08-25\\\/energieeffizienz-schiene-schlaegt-strasse-um-faktor-5\\\/\",\"url\":\"https:\\\/\\\/www.organisator.ch\\\/de\\\/allgemein\\\/2016-08-25\\\/energieeffizienz-schiene-schlaegt-strasse-um-faktor-5\\\/\",\"name\":\"Energieeffizienz: Schiene schl\u00e4gt Strasse um Faktor 5 - Organisator\",\"isPartOf\":{\"@id\":\"https:\\\/\\\/www.organisator.ch\\\/#website\"},\"primaryImageOfPage\":{\"@id\":\"https:\\\/\\\/www.organisator.ch\\\/de\\\/allgemein\\\/2016-08-25\\\/energieeffizienz-schiene-schlaegt-strasse-um-faktor-5\\\/#primaryimage\"},\"image\":{\"@id\":\"https:\\\/\\\/www.organisator.ch\\\/de\\\/allgemein\\\/2016-08-25\\\/energieeffizienz-schiene-schlaegt-strasse-um-faktor-5\\\/#primaryimage\"},\"thumbnailUrl\":\"https:\\\/\\\/www.organisator.ch\\\/wp-content\\\/uploads\\\/2016\\\/12\\\/Energieeffizienz-Schiene-schlaegt-Strasse-um-Faktor-5-umweltperspektiven2.jpg\",\"datePublished\":\"2016-08-25T13:56:58+00:00\",\"description\":\"Energieeffizienz: Die Bahn transprortiert 24% aller Personen und 39% der G\u00fcter, braucht aber dabei nur 5% der f\u00fcr die Mobilit\u00e4t verwendeten Energie.\",\"breadcrumb\":{\"@id\":\"https:\\\/\\\/www.organisator.ch\\\/de\\\/allgemein\\\/2016-08-25\\\/energieeffizienz-schiene-schlaegt-strasse-um-faktor-5\\\/#breadcrumb\"},\"inLanguage\":\"it-IT\",\"potentialAction\":[{\"@type\":\"ReadAction\",\"target\":[\"https:\\\/\\\/www.organisator.ch\\\/de\\\/allgemein\\\/2016-08-25\\\/energieeffizienz-schiene-schlaegt-strasse-um-faktor-5\\\/\"]}]},{\"@type\":\"ImageObject\",\"inLanguage\":\"it-IT\",\"@id\":\"https:\\\/\\\/www.organisator.ch\\\/de\\\/allgemein\\\/2016-08-25\\\/energieeffizienz-schiene-schlaegt-strasse-um-faktor-5\\\/#primaryimage\",\"url\":\"https:\\\/\\\/www.organisator.ch\\\/wp-content\\\/uploads\\\/2016\\\/12\\\/Energieeffizienz-Schiene-schlaegt-Strasse-um-Faktor-5-umweltperspektiven2.jpg\",\"contentUrl\":\"https:\\\/\\\/www.organisator.ch\\\/wp-content\\\/uploads\\\/2016\\\/12\\\/Energieeffizienz-Schiene-schlaegt-Strasse-um-Faktor-5-umweltperspektiven2.jpg\",\"width\":1000,\"height\":667,\"caption\":\"Der \u00f6ffentliche Verkehr verbraucht deutlich weniger Energie pro Personenkilometer als das Auto.\"},{\"@type\":\"BreadcrumbList\",\"@id\":\"https:\\\/\\\/www.organisator.ch\\\/de\\\/allgemein\\\/2016-08-25\\\/energieeffizienz-schiene-schlaegt-strasse-um-faktor-5\\\/#breadcrumb\",\"itemListElement\":[{\"@type\":\"ListItem\",\"position\":1,\"name\":\"Home\",\"item\":\"https:\\\/\\\/www.organisator.ch\\\/\"},{\"@type\":\"ListItem\",\"position\":2,\"name\":\"Energieeffizienz: Schiene schl\u00e4gt Strasse um Faktor 5\"}]},{\"@type\":\"WebSite\",\"@id\":\"https:\\\/\\\/www.organisator.ch\\\/#website\",\"url\":\"https:\\\/\\\/www.organisator.ch\\\/\",\"name\":\"Organisator\",\"description\":\"Kompetent. Praxisnah. Der ORGANISATOR bereitet in 10 Ausgaben pro Jahr die wesentlichen Themen f\u00fcr F\u00fchrungskr\u00e4fte von KMU auf.\",\"publisher\":{\"@id\":\"https:\\\/\\\/www.organisator.ch\\\/#organization\"},\"potentialAction\":[{\"@type\":\"SearchAction\",\"target\":{\"@type\":\"EntryPoint\",\"urlTemplate\":\"https:\\\/\\\/www.organisator.ch\\\/?s={search_term_string}\"},\"query-input\":{\"@type\":\"PropertyValueSpecification\",\"valueRequired\":true,\"valueName\":\"search_term_string\"}}],\"inLanguage\":\"it-IT\"},{\"@type\":\"Organization\",\"@id\":\"https:\\\/\\\/www.organisator.ch\\\/#organization\",\"name\":\"Organisator\",\"url\":\"https:\\\/\\\/www.organisator.ch\\\/\",\"logo\":{\"@type\":\"ImageObject\",\"inLanguage\":\"it-IT\",\"@id\":\"https:\\\/\\\/www.organisator.ch\\\/#\\\/schema\\\/logo\\\/image\\\/\",\"url\":\"https:\\\/\\\/www.organisator.ch\\\/wp-content\\\/uploads\\\/2022\\\/01\\\/Logo_Organisator_Website.png\",\"contentUrl\":\"https:\\\/\\\/www.organisator.ch\\\/wp-content\\\/uploads\\\/2022\\\/01\\\/Logo_Organisator_Website.png\",\"width\":800,\"height\":77,\"caption\":\"Organisator\"},\"image\":{\"@id\":\"https:\\\/\\\/www.organisator.ch\\\/#\\\/schema\\\/logo\\\/image\\\/\"},\"sameAs\":[\"https:\\\/\\\/www.facebook.com\\\/OrganisatorFachmagazin\",\"https:\\\/\\\/www.linkedin.com\\\/showcase\\\/organisator-das-magazin-fr-kmu\",\"https:\\\/\\\/www.xing.com\\\/news\\\/pages\\\/organisator-ch-695\",\"https:\\\/\\\/www.youtube.com\\\/channel\\\/UCGP2Sq0iWaZwT3BdIAQFYpw\"]},{\"@type\":\"Person\",\"@id\":\"https:\\\/\\\/www.organisator.ch\\\/#\\\/schema\\\/person\\\/aa2bace6c5c5aad60102004a50c4eb1c\",\"name\":\"admin\",\"image\":{\"@type\":\"ImageObject\",\"inLanguage\":\"it-IT\",\"@id\":\"https:\\\/\\\/secure.gravatar.com\\\/avatar\\\/ae2f4d718e6c49043e314ce431e7e645d646302a24a5ef5a8bc8e3f5a032e319?s=96&d=mm&r=g\",\"url\":\"https:\\\/\\\/secure.gravatar.com\\\/avatar\\\/ae2f4d718e6c49043e314ce431e7e645d646302a24a5ef5a8bc8e3f5a032e319?s=96&d=mm&r=g\",\"contentUrl\":\"https:\\\/\\\/secure.gravatar.com\\\/avatar\\\/ae2f4d718e6c49043e314ce431e7e645d646302a24a5ef5a8bc8e3f5a032e319?s=96&d=mm&r=g\",\"caption\":\"admin\"},\"sameAs\":[\"https:\\\/\\\/www.organisator.ch\"],\"url\":\"https:\\\/\\\/www.organisator.ch\\\/it\\\/author\\\/admin\\\/\"}]}<\/script>\n<!-- \/ Yoast SEO plugin. -->","yoast_head_json":{"title":"Efficienza energetica: la ferrovia batte la strada di 5 volte - Organizzatore","description":"Efficienza energetica: la ferrovia trasporta 24% di passeggeri e 39% di merci, ma richiede solo 5% dell'energia utilizzata per la mobilit\u00e0.","robots":{"index":"index","follow":"follow","max-snippet":"max-snippet:-1","max-image-preview":"max-image-preview:large","max-video-preview":"max-video-preview:-1"},"canonical":"https:\/\/www.organisator.ch\/it\/generale\/2016-08-25\/energieeffizienz-schiene-schlaegt-strasse-um-faktor-5\/","og_locale":"it_IT","og_type":"article","og_title":"Energieeffizienz: Schiene schl\u00e4gt Strasse um Faktor 5 - Organisator","og_description":"Energieeffizienz: Die Bahn transprortiert 24% aller Personen und 39% der G\u00fcter, braucht aber dabei nur 5% der f\u00fcr die Mobilit\u00e4t verwendeten Energie.","og_url":"https:\/\/www.organisator.ch\/it\/generale\/2016-08-25\/energieeffizienz-schiene-schlaegt-strasse-um-faktor-5\/","og_site_name":"Organisator","article_publisher":"https:\/\/www.facebook.com\/OrganisatorFachmagazin","article_published_time":"2016-08-25T13:56:58+00:00","og_image":[{"width":1000,"height":667,"url":"https:\/\/www.organisator.ch\/wp-content\/uploads\/2016\/12\/Energieeffizienz-Schiene-schlaegt-Strasse-um-Faktor-5-umweltperspektiven2.jpg","type":"image\/jpeg"}],"author":"admin","twitter_card":"summary_large_image","schema":{"@context":"https:\/\/schema.org","@graph":[{"@type":"Article","@id":"https:\/\/www.organisator.ch\/de\/allgemein\/2016-08-25\/energieeffizienz-schiene-schlaegt-strasse-um-faktor-5\/#article","isPartOf":{"@id":"https:\/\/www.organisator.ch\/de\/allgemein\/2016-08-25\/energieeffizienz-schiene-schlaegt-strasse-um-faktor-5\/"},"author":{"name":"admin","@id":"https:\/\/www.organisator.ch\/#\/schema\/person\/aa2bace6c5c5aad60102004a50c4eb1c"},"headline":"Energieeffizienz: Schiene schl\u00e4gt Strasse um Faktor 5","datePublished":"2016-08-25T13:56:58+00:00","mainEntityOfPage":{"@id":"https:\/\/www.organisator.ch\/de\/allgemein\/2016-08-25\/energieeffizienz-schiene-schlaegt-strasse-um-faktor-5\/"},"wordCount":177,"commentCount":0,"publisher":{"@id":"https:\/\/www.organisator.ch\/#organization"},"image":{"@id":"https:\/\/www.organisator.ch\/de\/allgemein\/2016-08-25\/energieeffizienz-schiene-schlaegt-strasse-um-faktor-5\/#primaryimage"},"thumbnailUrl":"https:\/\/www.organisator.ch\/wp-content\/uploads\/2016\/12\/Energieeffizienz-Schiene-schlaegt-Strasse-um-Faktor-5-umweltperspektiven2.jpg","keywords":["Bahnverkehr","Litra","Statistik","Strassenverkehr"],"articleSection":["Allgemein"],"inLanguage":"it-IT"},{"@type":"WebPage","@id":"https:\/\/www.organisator.ch\/de\/allgemein\/2016-08-25\/energieeffizienz-schiene-schlaegt-strasse-um-faktor-5\/","url":"https:\/\/www.organisator.ch\/de\/allgemein\/2016-08-25\/energieeffizienz-schiene-schlaegt-strasse-um-faktor-5\/","name":"Efficienza energetica: la ferrovia batte la strada di 5 volte - Organizzatore","isPartOf":{"@id":"https:\/\/www.organisator.ch\/#website"},"primaryImageOfPage":{"@id":"https:\/\/www.organisator.ch\/de\/allgemein\/2016-08-25\/energieeffizienz-schiene-schlaegt-strasse-um-faktor-5\/#primaryimage"},"image":{"@id":"https:\/\/www.organisator.ch\/de\/allgemein\/2016-08-25\/energieeffizienz-schiene-schlaegt-strasse-um-faktor-5\/#primaryimage"},"thumbnailUrl":"https:\/\/www.organisator.ch\/wp-content\/uploads\/2016\/12\/Energieeffizienz-Schiene-schlaegt-Strasse-um-Faktor-5-umweltperspektiven2.jpg","datePublished":"2016-08-25T13:56:58+00:00","description":"Efficienza energetica: la ferrovia trasporta 24% di passeggeri e 39% di merci, ma richiede solo 5% dell'energia utilizzata per la mobilit\u00e0.","breadcrumb":{"@id":"https:\/\/www.organisator.ch\/de\/allgemein\/2016-08-25\/energieeffizienz-schiene-schlaegt-strasse-um-faktor-5\/#breadcrumb"},"inLanguage":"it-IT","potentialAction":[{"@type":"ReadAction","target":["https:\/\/www.organisator.ch\/de\/allgemein\/2016-08-25\/energieeffizienz-schiene-schlaegt-strasse-um-faktor-5\/"]}]},{"@type":"ImageObject","inLanguage":"it-IT","@id":"https:\/\/www.organisator.ch\/de\/allgemein\/2016-08-25\/energieeffizienz-schiene-schlaegt-strasse-um-faktor-5\/#primaryimage","url":"https:\/\/www.organisator.ch\/wp-content\/uploads\/2016\/12\/Energieeffizienz-Schiene-schlaegt-Strasse-um-Faktor-5-umweltperspektiven2.jpg","contentUrl":"https:\/\/www.organisator.ch\/wp-content\/uploads\/2016\/12\/Energieeffizienz-Schiene-schlaegt-Strasse-um-Faktor-5-umweltperspektiven2.jpg","width":1000,"height":667,"caption":"Der \u00f6ffentliche Verkehr verbraucht deutlich weniger Energie pro Personenkilometer als das Auto."},{"@type":"BreadcrumbList","@id":"https:\/\/www.organisator.ch\/de\/allgemein\/2016-08-25\/energieeffizienz-schiene-schlaegt-strasse-um-faktor-5\/#breadcrumb","itemListElement":[{"@type":"ListItem","position":1,"name":"Home","item":"https:\/\/www.organisator.ch\/"},{"@type":"ListItem","position":2,"name":"Energieeffizienz: Schiene schl\u00e4gt Strasse um Faktor 5"}]},{"@type":"WebSite","@id":"https:\/\/www.organisator.ch\/#website","url":"https:\/\/www.organisator.ch\/","name":"Organizzatore","description":"Competente. Pratico. In 10 numeri all'anno, ORGANISATOR presenta i temi essenziali per i manager delle PMI.","publisher":{"@id":"https:\/\/www.organisator.ch\/#organization"},"potentialAction":[{"@type":"SearchAction","target":{"@type":"EntryPoint","urlTemplate":"https:\/\/www.organisator.ch\/?s={search_term_string}"},"query-input":{"@type":"PropertyValueSpecification","valueRequired":true,"valueName":"search_term_string"}}],"inLanguage":"it-IT"},{"@type":"Organization","@id":"https:\/\/www.organisator.ch\/#organization","name":"Organizzatore","url":"https:\/\/www.organisator.ch\/","logo":{"@type":"ImageObject","inLanguage":"it-IT","@id":"https:\/\/www.organisator.ch\/#\/schema\/logo\/image\/","url":"https:\/\/www.organisator.ch\/wp-content\/uploads\/2022\/01\/Logo_Organisator_Website.png","contentUrl":"https:\/\/www.organisator.ch\/wp-content\/uploads\/2022\/01\/Logo_Organisator_Website.png","width":800,"height":77,"caption":"Organisator"},"image":{"@id":"https:\/\/www.organisator.ch\/#\/schema\/logo\/image\/"},"sameAs":["https:\/\/www.facebook.com\/OrganisatorFachmagazin","https:\/\/www.linkedin.com\/showcase\/organisator-das-magazin-fr-kmu","https:\/\/www.xing.com\/news\/pages\/organisator-ch-695","https:\/\/www.youtube.com\/channel\/UCGP2Sq0iWaZwT3BdIAQFYpw"]},{"@type":"Person","@id":"https:\/\/www.organisator.ch\/#\/schema\/person\/aa2bace6c5c5aad60102004a50c4eb1c","name":"amministratore","image":{"@type":"ImageObject","inLanguage":"it-IT","@id":"https:\/\/secure.gravatar.com\/avatar\/ae2f4d718e6c49043e314ce431e7e645d646302a24a5ef5a8bc8e3f5a032e319?s=96&d=mm&r=g","url":"https:\/\/secure.gravatar.com\/avatar\/ae2f4d718e6c49043e314ce431e7e645d646302a24a5ef5a8bc8e3f5a032e319?s=96&d=mm&r=g","contentUrl":"https:\/\/secure.gravatar.com\/avatar\/ae2f4d718e6c49043e314ce431e7e645d646302a24a5ef5a8bc8e3f5a032e319?s=96&d=mm&r=g","caption":"admin"},"sameAs":["https:\/\/www.organisator.ch"],"url":"https:\/\/www.organisator.ch\/it\/author\/admin\/"}]}},"_links":{"self":[{"href":"https:\/\/www.organisator.ch\/it\/wp-json\/wp\/v2\/posts\/489","targetHints":{"allow":["GET"]}}],"collection":[{"href":"https:\/\/www.organisator.ch\/it\/wp-json\/wp\/v2\/posts"}],"about":[{"href":"https:\/\/www.organisator.ch\/it\/wp-json\/wp\/v2\/types\/post"}],"author":[{"embeddable":true,"href":"https:\/\/www.organisator.ch\/it\/wp-json\/wp\/v2\/users\/1"}],"replies":[{"embeddable":true,"href":"https:\/\/www.organisator.ch\/it\/wp-json\/wp\/v2\/comments?post=489"}],"version-history":[{"count":0,"href":"https:\/\/www.organisator.ch\/it\/wp-json\/wp\/v2\/posts\/489\/revisions"}],"wp:featuredmedia":[{"embeddable":true,"href":"https:\/\/www.organisator.ch\/it\/wp-json\/wp\/v2\/media\/9410"}],"wp:attachment":[{"href":"https:\/\/www.organisator.ch\/it\/wp-json\/wp\/v2\/media?parent=489"}],"wp:term":[{"taxonomy":"category","embeddable":true,"href":"https:\/\/www.organisator.ch\/it\/wp-json\/wp\/v2\/categories?post=489"},{"taxonomy":"post_tag","embeddable":true,"href":"https:\/\/www.organisator.ch\/it\/wp-json\/wp\/v2\/tags?post=489"}],"curies":[{"name":"wp","href":"https:\/\/api.w.org\/{rel}","templated":true}]}}