{"id":4893,"date":"2019-02-19T07:58:41","date_gmt":"2019-02-19T06:58:41","guid":{"rendered":"https:\/\/www.organisator.ch\/?p=4893"},"modified":"2019-02-19T07:58:41","modified_gmt":"2019-02-19T06:58:41","slug":"matthias-rebellius-ist-neuer-ceo-bei-siemens-schweiz","status":"publish","type":"post","link":"https:\/\/www.organisator.ch\/it\/management\/2019-02-19\/matthias-rebellius-ist-neuer-ceo-bei-siemens-schweiz\/","title":{"rendered":"Matthias Rebellius \u00e8 il nuovo CEO di Siemens Svizzera"},"content":{"rendered":"<figure id=\"attachment_4894\" aria-describedby=\"caption-attachment-4894\" style=\"width: 680px\" class=\"wp-caption alignnone\"><img loading=\"lazy\" decoding=\"async\" class=\"size-medium wp-image-4894\" src=\"https:\/\/www.organisator.ch\/wp-content\/uploads\/2019\/02\/Matthias-Rebellius-ist-neuer-CEO-bei-Siemens-Schweiz_Organisator.jpg\" alt=\"\" width=\"680\" height=\"538\" srcset=\"https:\/\/www.organisator.ch\/wp-content\/uploads\/2019\/02\/Matthias-Rebellius-ist-neuer-CEO-bei-Siemens-Schweiz_Organisator.jpg 680w, https:\/\/www.organisator.ch\/wp-content\/uploads\/2019\/02\/Matthias-Rebellius-ist-neuer-CEO-bei-Siemens-Schweiz_Organisator-16x12.jpg 16w, https:\/\/www.organisator.ch\/wp-content\/uploads\/2019\/02\/Matthias-Rebellius-ist-neuer-CEO-bei-Siemens-Schweiz_Organisator-221x175.jpg 221w, https:\/\/www.organisator.ch\/wp-content\/uploads\/2019\/02\/Matthias-Rebellius-ist-neuer-CEO-bei-Siemens-Schweiz_Organisator-442x350.jpg 442w, https:\/\/www.organisator.ch\/wp-content\/uploads\/2019\/02\/Matthias-Rebellius-ist-neuer-CEO-bei-Siemens-Schweiz_Organisator-300x237.jpg 300w\" sizes=\"auto, (max-width: 680px) 100vw, 680px\" \/><figcaption id=\"caption-attachment-4894\" class=\"wp-caption-text\">Nuovo CEO di Siemens Svizzera: Matthias Rebellius. (Immagine: Siemens Svizzera)<\/figcaption><\/figure>\n<p>Matthias Rebellius \u00e8 il nuovo CEO di Siemens Svizzera. \u00c8 anche Chief Operating Officer (COO) di Smart Infrastructure (SI), la nuova societ\u00e0 operativa di Siemens AG. A partire da aprile 2019, la sede globale di SI a Zugo gestir\u00e0 i 70.000 dipendenti in tutto il mondo che lavorano nei settori della tecnologia degli edifici e della distribuzione di energia. Con un volume d'affari di circa 14 miliardi di euro (dati proforma), SI \u00e8 una delle pi\u00f9 grandi sedi industriali del mondo con sede in Svizzera.<\/p>\n<p>\"Siemens \u00e8 presente in Svizzera gi\u00e0 da 125 anni\", afferma Matthias Rebellius. \"Grazie al nostro ampio portafoglio e alla nostra competenza nella digitalizzazione, continueremo a svolgere un ruolo formativo nei prossimi decenni. Inoltre, il fatto che gestiamo l'attivit\u00e0 globale di Smart Infrastructure da Zugo \u00e8 ovviamente molto positivo per il nostro Paese.\"<\/p>\n<p>Matthias Rebellius ha diretto la divisione Building Technologies (BT) di Siemens, attiva a livello globale, negli ultimi quattro anni. Sotto la sua guida, le attivit\u00e0 di tecnologia edilizia si sono sviluppate fino a diventare uno dei pi\u00f9 importanti motori di guadagno di Siemens AG. L'ingegnere qualificato aveva gi\u00e0 lavorato in Svizzera per quasi dieci anni. Successivamente, Rebellius ha lavorato negli Stati Uniti dal 2012 al 2015 ed \u00e8 stato responsabile dell'attivit\u00e0 di BT nell'intera regione delle Americhe.<\/p>\n<p>Siemens impiega pi\u00f9 di 5700 persone in oltre 20 sedi in Svizzera, diventando uno dei maggiori datori di lavoro industriali. L'azienda ha una forte posizione di mercato in Svizzera, in particolare nei settori della tecnologia per l'edilizia e l'energia, dell'automazione industriale e della tecnologia di azionamento, dell'automazione ferroviaria e del traffico stradale e della tecnologia medica.<\/p>\n<p><em><a href=\"http:\/\/www.siemens.ch\">www.siemens.ch<\/a><\/em><\/p>","protected":false},"excerpt":{"rendered":"<p>Matthias Rebellius ist neuer CEO von Siemens Schweiz. Er ist gleichzeitig auch Chief Operating Officer (COO) von Smart Infrastructure (SI), der neuen Operating Company der Siemens AG. Ab April 2019 werden vom globalen SI-Headquarter in Zug die weltweit 70 000 Mitarbeitenden gef\u00fchrt, die in den Bereichen Geb\u00e4udetechnik und Energieverteilung t\u00e4tig sind. Mit einem Gesch\u00e4ftsvolumen von [&hellip;]<\/p>\n","protected":false},"author":4,"featured_media":4894,"comment_status":"open","ping_status":"open","sticky":false,"template":"","format":"standard","meta":{"_acf_changed":false,"_yoast_wpseo_focuskw":"Matthias Rebellius","_yoast_wpseo_metadesc":"Der Vorstand der Siemens AG hat Matthias Rebellius (54) zum neuen Chief Executive Officer (CEO) der Regionalgesellschaft Siemens Schweiz ernannt.","articlekey":"","footnotes":""},"categories":[28],"tags":[334,381,492],"class_list":["post-4893","post","type-post","status-publish","format-standard","has-post-thumbnail","hentry","category-management","tag-management","tag-personalia","tag-unternehmen"],"acf":[],"yoast_head":"<!-- This site is optimized with the Yoast SEO plugin v27.4 - https:\/\/yoast.com\/product\/yoast-seo-wordpress\/ -->\n<title>Matthias Rebellius ist neuer CEO bei Siemens Schweiz - Organisator<\/title>\n<meta name=\"description\" content=\"Der Vorstand der Siemens AG hat Matthias Rebellius (54) zum neuen Chief Executive Officer (CEO) der Regionalgesellschaft Siemens Schweiz ernannt.\" \/>\n<meta name=\"robots\" content=\"index, follow, max-snippet:-1, max-image-preview:large, max-video-preview:-1\" \/>\n<link rel=\"canonical\" href=\"https:\/\/www.organisator.ch\/it\/gestione-2\/2019-02-19\/matthias-rebellius-ist-neuer-ceo-bei-siemens-schweiz\/\" \/>\n<meta property=\"og:locale\" content=\"it_IT\" \/>\n<meta property=\"og:type\" content=\"article\" \/>\n<meta property=\"og:title\" content=\"Matthias Rebellius ist neuer CEO bei Siemens Schweiz\" \/>\n<meta property=\"og:description\" content=\"Der Vorstand der Siemens AG hat Matthias Rebellius (54) zum neuen Chief Executive Officer (CEO) der Regionalgesellschaft Siemens Schweiz ernannt.\" \/>\n<meta property=\"og:url\" content=\"https:\/\/www.organisator.ch\/it\/gestione-2\/2019-02-19\/matthias-rebellius-ist-neuer-ceo-bei-siemens-schweiz\/\" \/>\n<meta property=\"og:site_name\" content=\"Organisator\" \/>\n<meta property=\"article:publisher\" content=\"https:\/\/www.facebook.com\/OrganisatorFachmagazin\" \/>\n<meta property=\"article:published_time\" content=\"2019-02-19T06:58:41+00:00\" \/>\n<meta property=\"og:image\" content=\"https:\/\/www.organisator.ch\/wp-content\/uploads\/2019\/02\/Matthias-Rebellius-ist-neuer-CEO-bei-Siemens-Schweiz_Organisator.jpg\" \/>\n\t<meta property=\"og:image:width\" content=\"680\" \/>\n\t<meta property=\"og:image:height\" content=\"538\" \/>\n\t<meta property=\"og:image:type\" content=\"image\/jpeg\" \/>\n<meta name=\"author\" content=\"thomas.berner\" \/>\n<meta name=\"twitter:card\" content=\"summary_large_image\" \/>\n<meta name=\"twitter:title\" content=\"Matthias #Rebellius ist neuer CEO bei Siemens Schweiz\" \/>\n<meta name=\"twitter:description\" content=\"Der Vorstand der #Siemens AG hat Matthias #Rebellius (54) zum neuen Chief Executive Officer (CEO) der Regionalgesellschaft Siemens Schweiz ernannt.\" \/>\n<meta name=\"twitter:image\" content=\"https:\/\/www.organisator.ch\/wp-content\/uploads\/2019\/02\/Matthias-Rebellius-ist-neuer-CEO-bei-Siemens-Schweiz_Organisator.jpg\" \/>\n<script type=\"application\/ld+json\" class=\"yoast-schema-graph\">{\"@context\":\"https:\\\/\\\/schema.org\",\"@graph\":[{\"@type\":\"Article\",\"@id\":\"https:\\\/\\\/www.organisator.ch\\\/management\\\/2019-02-19\\\/matthias-rebellius-ist-neuer-ceo-bei-siemens-schweiz\\\/#article\",\"isPartOf\":{\"@id\":\"https:\\\/\\\/www.organisator.ch\\\/management\\\/2019-02-19\\\/matthias-rebellius-ist-neuer-ceo-bei-siemens-schweiz\\\/\"},\"author\":{\"name\":\"thomas.berner\",\"@id\":\"https:\\\/\\\/www.organisator.ch\\\/#\\\/schema\\\/person\\\/6f650f90b2842cd4c0cc334b4e36f67e\"},\"headline\":\"Matthias Rebellius ist neuer CEO bei Siemens Schweiz\",\"datePublished\":\"2019-02-19T06:58:41+00:00\",\"mainEntityOfPage\":{\"@id\":\"https:\\\/\\\/www.organisator.ch\\\/management\\\/2019-02-19\\\/matthias-rebellius-ist-neuer-ceo-bei-siemens-schweiz\\\/\"},\"wordCount\":282,\"commentCount\":0,\"publisher\":{\"@id\":\"https:\\\/\\\/www.organisator.ch\\\/#organization\"},\"image\":{\"@id\":\"https:\\\/\\\/www.organisator.ch\\\/management\\\/2019-02-19\\\/matthias-rebellius-ist-neuer-ceo-bei-siemens-schweiz\\\/#primaryimage\"},\"thumbnailUrl\":\"https:\\\/\\\/www.organisator.ch\\\/wp-content\\\/uploads\\\/2019\\\/02\\\/Matthias-Rebellius-ist-neuer-CEO-bei-Siemens-Schweiz_Organisator.jpg\",\"keywords\":[\"Management\",\"Personalia\",\"Unternehmen\"],\"articleSection\":[\"MANAGEMENT\"],\"inLanguage\":\"it-IT\"},{\"@type\":\"WebPage\",\"@id\":\"https:\\\/\\\/www.organisator.ch\\\/management\\\/2019-02-19\\\/matthias-rebellius-ist-neuer-ceo-bei-siemens-schweiz\\\/\",\"url\":\"https:\\\/\\\/www.organisator.ch\\\/management\\\/2019-02-19\\\/matthias-rebellius-ist-neuer-ceo-bei-siemens-schweiz\\\/\",\"name\":\"Matthias Rebellius ist neuer CEO bei Siemens Schweiz - Organisator\",\"isPartOf\":{\"@id\":\"https:\\\/\\\/www.organisator.ch\\\/#website\"},\"primaryImageOfPage\":{\"@id\":\"https:\\\/\\\/www.organisator.ch\\\/management\\\/2019-02-19\\\/matthias-rebellius-ist-neuer-ceo-bei-siemens-schweiz\\\/#primaryimage\"},\"image\":{\"@id\":\"https:\\\/\\\/www.organisator.ch\\\/management\\\/2019-02-19\\\/matthias-rebellius-ist-neuer-ceo-bei-siemens-schweiz\\\/#primaryimage\"},\"thumbnailUrl\":\"https:\\\/\\\/www.organisator.ch\\\/wp-content\\\/uploads\\\/2019\\\/02\\\/Matthias-Rebellius-ist-neuer-CEO-bei-Siemens-Schweiz_Organisator.jpg\",\"datePublished\":\"2019-02-19T06:58:41+00:00\",\"description\":\"Der Vorstand der Siemens AG hat Matthias Rebellius (54) zum neuen Chief Executive Officer (CEO) der Regionalgesellschaft Siemens Schweiz ernannt.\",\"breadcrumb\":{\"@id\":\"https:\\\/\\\/www.organisator.ch\\\/management\\\/2019-02-19\\\/matthias-rebellius-ist-neuer-ceo-bei-siemens-schweiz\\\/#breadcrumb\"},\"inLanguage\":\"it-IT\",\"potentialAction\":[{\"@type\":\"ReadAction\",\"target\":[\"https:\\\/\\\/www.organisator.ch\\\/management\\\/2019-02-19\\\/matthias-rebellius-ist-neuer-ceo-bei-siemens-schweiz\\\/\"]}]},{\"@type\":\"ImageObject\",\"inLanguage\":\"it-IT\",\"@id\":\"https:\\\/\\\/www.organisator.ch\\\/management\\\/2019-02-19\\\/matthias-rebellius-ist-neuer-ceo-bei-siemens-schweiz\\\/#primaryimage\",\"url\":\"https:\\\/\\\/www.organisator.ch\\\/wp-content\\\/uploads\\\/2019\\\/02\\\/Matthias-Rebellius-ist-neuer-CEO-bei-Siemens-Schweiz_Organisator.jpg\",\"contentUrl\":\"https:\\\/\\\/www.organisator.ch\\\/wp-content\\\/uploads\\\/2019\\\/02\\\/Matthias-Rebellius-ist-neuer-CEO-bei-Siemens-Schweiz_Organisator.jpg\",\"width\":680,\"height\":538,\"caption\":\"Neuer CEO von Siemens Schweiz: Matthias Rebellius. (Bild: Siemens Schweiz)\"},{\"@type\":\"BreadcrumbList\",\"@id\":\"https:\\\/\\\/www.organisator.ch\\\/management\\\/2019-02-19\\\/matthias-rebellius-ist-neuer-ceo-bei-siemens-schweiz\\\/#breadcrumb\",\"itemListElement\":[{\"@type\":\"ListItem\",\"position\":1,\"name\":\"Home\",\"item\":\"https:\\\/\\\/www.organisator.ch\\\/\"},{\"@type\":\"ListItem\",\"position\":2,\"name\":\"Matthias Rebellius ist neuer CEO bei Siemens Schweiz\"}]},{\"@type\":\"WebSite\",\"@id\":\"https:\\\/\\\/www.organisator.ch\\\/#website\",\"url\":\"https:\\\/\\\/www.organisator.ch\\\/\",\"name\":\"Organisator\",\"description\":\"Kompetent. Praxisnah. Der ORGANISATOR bereitet in 10 Ausgaben pro Jahr die wesentlichen Themen f\u00fcr F\u00fchrungskr\u00e4fte von KMU auf.\",\"publisher\":{\"@id\":\"https:\\\/\\\/www.organisator.ch\\\/#organization\"},\"potentialAction\":[{\"@type\":\"SearchAction\",\"target\":{\"@type\":\"EntryPoint\",\"urlTemplate\":\"https:\\\/\\\/www.organisator.ch\\\/?s={search_term_string}\"},\"query-input\":{\"@type\":\"PropertyValueSpecification\",\"valueRequired\":true,\"valueName\":\"search_term_string\"}}],\"inLanguage\":\"it-IT\"},{\"@type\":\"Organization\",\"@id\":\"https:\\\/\\\/www.organisator.ch\\\/#organization\",\"name\":\"Organisator\",\"url\":\"https:\\\/\\\/www.organisator.ch\\\/\",\"logo\":{\"@type\":\"ImageObject\",\"inLanguage\":\"it-IT\",\"@id\":\"https:\\\/\\\/www.organisator.ch\\\/#\\\/schema\\\/logo\\\/image\\\/\",\"url\":\"https:\\\/\\\/www.organisator.ch\\\/wp-content\\\/uploads\\\/2022\\\/01\\\/Logo_Organisator_Website.png\",\"contentUrl\":\"https:\\\/\\\/www.organisator.ch\\\/wp-content\\\/uploads\\\/2022\\\/01\\\/Logo_Organisator_Website.png\",\"width\":800,\"height\":77,\"caption\":\"Organisator\"},\"image\":{\"@id\":\"https:\\\/\\\/www.organisator.ch\\\/#\\\/schema\\\/logo\\\/image\\\/\"},\"sameAs\":[\"https:\\\/\\\/www.facebook.com\\\/OrganisatorFachmagazin\",\"https:\\\/\\\/www.linkedin.com\\\/showcase\\\/organisator-das-magazin-fr-kmu\",\"https:\\\/\\\/www.xing.com\\\/news\\\/pages\\\/organisator-ch-695\",\"https:\\\/\\\/www.youtube.com\\\/channel\\\/UCGP2Sq0iWaZwT3BdIAQFYpw\"]},{\"@type\":\"Person\",\"@id\":\"https:\\\/\\\/www.organisator.ch\\\/#\\\/schema\\\/person\\\/6f650f90b2842cd4c0cc334b4e36f67e\",\"name\":\"thomas.berner\",\"image\":{\"@type\":\"ImageObject\",\"inLanguage\":\"it-IT\",\"@id\":\"https:\\\/\\\/secure.gravatar.com\\\/avatar\\\/ac5001d2a36cb6c6cd3e50789007ffca834b477b74a2144564522e944eabff61?s=96&d=mm&r=g\",\"url\":\"https:\\\/\\\/secure.gravatar.com\\\/avatar\\\/ac5001d2a36cb6c6cd3e50789007ffca834b477b74a2144564522e944eabff61?s=96&d=mm&r=g\",\"contentUrl\":\"https:\\\/\\\/secure.gravatar.com\\\/avatar\\\/ac5001d2a36cb6c6cd3e50789007ffca834b477b74a2144564522e944eabff61?s=96&d=mm&r=g\",\"caption\":\"thomas.berner\"},\"url\":\"https:\\\/\\\/www.organisator.ch\\\/it\\\/author\\\/thomas-berner\\\/\"}]}<\/script>\n<!-- \/ Yoast SEO plugin. -->","yoast_head_json":{"title":"Matthias Rebellius \u00e8 il nuovo CEO di Siemens Svizzera - Organizzatore","description":"Il Consiglio direttivo di Siemens AG ha nominato Matthias Rebellius (54 anni) nuovo Amministratore delegato (CEO) della societ\u00e0 regionale Siemens Svizzera.","robots":{"index":"index","follow":"follow","max-snippet":"max-snippet:-1","max-image-preview":"max-image-preview:large","max-video-preview":"max-video-preview:-1"},"canonical":"https:\/\/www.organisator.ch\/it\/gestione-2\/2019-02-19\/matthias-rebellius-ist-neuer-ceo-bei-siemens-schweiz\/","og_locale":"it_IT","og_type":"article","og_title":"Matthias Rebellius ist neuer CEO bei Siemens Schweiz","og_description":"Der Vorstand der Siemens AG hat Matthias Rebellius (54) zum neuen Chief Executive Officer (CEO) der Regionalgesellschaft Siemens Schweiz ernannt.","og_url":"https:\/\/www.organisator.ch\/it\/gestione-2\/2019-02-19\/matthias-rebellius-ist-neuer-ceo-bei-siemens-schweiz\/","og_site_name":"Organisator","article_publisher":"https:\/\/www.facebook.com\/OrganisatorFachmagazin","article_published_time":"2019-02-19T06:58:41+00:00","og_image":[{"width":680,"height":538,"url":"https:\/\/www.organisator.ch\/wp-content\/uploads\/2019\/02\/Matthias-Rebellius-ist-neuer-CEO-bei-Siemens-Schweiz_Organisator.jpg","type":"image\/jpeg"}],"author":"thomas.berner","twitter_card":"summary_large_image","twitter_title":"Matthias #Rebellius ist neuer CEO bei Siemens Schweiz","twitter_description":"Der Vorstand der #Siemens AG hat Matthias #Rebellius (54) zum neuen Chief Executive Officer (CEO) der Regionalgesellschaft Siemens Schweiz ernannt.","twitter_image":"https:\/\/www.organisator.ch\/wp-content\/uploads\/2019\/02\/Matthias-Rebellius-ist-neuer-CEO-bei-Siemens-Schweiz_Organisator.jpg","schema":{"@context":"https:\/\/schema.org","@graph":[{"@type":"Article","@id":"https:\/\/www.organisator.ch\/management\/2019-02-19\/matthias-rebellius-ist-neuer-ceo-bei-siemens-schweiz\/#article","isPartOf":{"@id":"https:\/\/www.organisator.ch\/management\/2019-02-19\/matthias-rebellius-ist-neuer-ceo-bei-siemens-schweiz\/"},"author":{"name":"thomas.berner","@id":"https:\/\/www.organisator.ch\/#\/schema\/person\/6f650f90b2842cd4c0cc334b4e36f67e"},"headline":"Matthias Rebellius ist neuer CEO bei Siemens Schweiz","datePublished":"2019-02-19T06:58:41+00:00","mainEntityOfPage":{"@id":"https:\/\/www.organisator.ch\/management\/2019-02-19\/matthias-rebellius-ist-neuer-ceo-bei-siemens-schweiz\/"},"wordCount":282,"commentCount":0,"publisher":{"@id":"https:\/\/www.organisator.ch\/#organization"},"image":{"@id":"https:\/\/www.organisator.ch\/management\/2019-02-19\/matthias-rebellius-ist-neuer-ceo-bei-siemens-schweiz\/#primaryimage"},"thumbnailUrl":"https:\/\/www.organisator.ch\/wp-content\/uploads\/2019\/02\/Matthias-Rebellius-ist-neuer-CEO-bei-Siemens-Schweiz_Organisator.jpg","keywords":["Management","Personalia","Unternehmen"],"articleSection":["MANAGEMENT"],"inLanguage":"it-IT"},{"@type":"WebPage","@id":"https:\/\/www.organisator.ch\/management\/2019-02-19\/matthias-rebellius-ist-neuer-ceo-bei-siemens-schweiz\/","url":"https:\/\/www.organisator.ch\/management\/2019-02-19\/matthias-rebellius-ist-neuer-ceo-bei-siemens-schweiz\/","name":"Matthias Rebellius \u00e8 il nuovo CEO di Siemens Svizzera - Organizzatore","isPartOf":{"@id":"https:\/\/www.organisator.ch\/#website"},"primaryImageOfPage":{"@id":"https:\/\/www.organisator.ch\/management\/2019-02-19\/matthias-rebellius-ist-neuer-ceo-bei-siemens-schweiz\/#primaryimage"},"image":{"@id":"https:\/\/www.organisator.ch\/management\/2019-02-19\/matthias-rebellius-ist-neuer-ceo-bei-siemens-schweiz\/#primaryimage"},"thumbnailUrl":"https:\/\/www.organisator.ch\/wp-content\/uploads\/2019\/02\/Matthias-Rebellius-ist-neuer-CEO-bei-Siemens-Schweiz_Organisator.jpg","datePublished":"2019-02-19T06:58:41+00:00","description":"Il Consiglio direttivo di Siemens AG ha nominato Matthias Rebellius (54 anni) nuovo Amministratore delegato (CEO) della societ\u00e0 regionale Siemens Svizzera.","breadcrumb":{"@id":"https:\/\/www.organisator.ch\/management\/2019-02-19\/matthias-rebellius-ist-neuer-ceo-bei-siemens-schweiz\/#breadcrumb"},"inLanguage":"it-IT","potentialAction":[{"@type":"ReadAction","target":["https:\/\/www.organisator.ch\/management\/2019-02-19\/matthias-rebellius-ist-neuer-ceo-bei-siemens-schweiz\/"]}]},{"@type":"ImageObject","inLanguage":"it-IT","@id":"https:\/\/www.organisator.ch\/management\/2019-02-19\/matthias-rebellius-ist-neuer-ceo-bei-siemens-schweiz\/#primaryimage","url":"https:\/\/www.organisator.ch\/wp-content\/uploads\/2019\/02\/Matthias-Rebellius-ist-neuer-CEO-bei-Siemens-Schweiz_Organisator.jpg","contentUrl":"https:\/\/www.organisator.ch\/wp-content\/uploads\/2019\/02\/Matthias-Rebellius-ist-neuer-CEO-bei-Siemens-Schweiz_Organisator.jpg","width":680,"height":538,"caption":"Neuer CEO von Siemens Schweiz: Matthias Rebellius. (Bild: Siemens Schweiz)"},{"@type":"BreadcrumbList","@id":"https:\/\/www.organisator.ch\/management\/2019-02-19\/matthias-rebellius-ist-neuer-ceo-bei-siemens-schweiz\/#breadcrumb","itemListElement":[{"@type":"ListItem","position":1,"name":"Home","item":"https:\/\/www.organisator.ch\/"},{"@type":"ListItem","position":2,"name":"Matthias Rebellius ist neuer CEO bei Siemens Schweiz"}]},{"@type":"WebSite","@id":"https:\/\/www.organisator.ch\/#website","url":"https:\/\/www.organisator.ch\/","name":"Organizzatore","description":"Competente. Pratico. In 10 numeri all'anno, ORGANISATOR presenta i temi essenziali per i manager delle PMI.","publisher":{"@id":"https:\/\/www.organisator.ch\/#organization"},"potentialAction":[{"@type":"SearchAction","target":{"@type":"EntryPoint","urlTemplate":"https:\/\/www.organisator.ch\/?s={search_term_string}"},"query-input":{"@type":"PropertyValueSpecification","valueRequired":true,"valueName":"search_term_string"}}],"inLanguage":"it-IT"},{"@type":"Organization","@id":"https:\/\/www.organisator.ch\/#organization","name":"Organizzatore","url":"https:\/\/www.organisator.ch\/","logo":{"@type":"ImageObject","inLanguage":"it-IT","@id":"https:\/\/www.organisator.ch\/#\/schema\/logo\/image\/","url":"https:\/\/www.organisator.ch\/wp-content\/uploads\/2022\/01\/Logo_Organisator_Website.png","contentUrl":"https:\/\/www.organisator.ch\/wp-content\/uploads\/2022\/01\/Logo_Organisator_Website.png","width":800,"height":77,"caption":"Organisator"},"image":{"@id":"https:\/\/www.organisator.ch\/#\/schema\/logo\/image\/"},"sameAs":["https:\/\/www.facebook.com\/OrganisatorFachmagazin","https:\/\/www.linkedin.com\/showcase\/organisator-das-magazin-fr-kmu","https:\/\/www.xing.com\/news\/pages\/organisator-ch-695","https:\/\/www.youtube.com\/channel\/UCGP2Sq0iWaZwT3BdIAQFYpw"]},{"@type":"Person","@id":"https:\/\/www.organisator.ch\/#\/schema\/person\/6f650f90b2842cd4c0cc334b4e36f67e","name":"Tommaso.berner","image":{"@type":"ImageObject","inLanguage":"it-IT","@id":"https:\/\/secure.gravatar.com\/avatar\/ac5001d2a36cb6c6cd3e50789007ffca834b477b74a2144564522e944eabff61?s=96&d=mm&r=g","url":"https:\/\/secure.gravatar.com\/avatar\/ac5001d2a36cb6c6cd3e50789007ffca834b477b74a2144564522e944eabff61?s=96&d=mm&r=g","contentUrl":"https:\/\/secure.gravatar.com\/avatar\/ac5001d2a36cb6c6cd3e50789007ffca834b477b74a2144564522e944eabff61?s=96&d=mm&r=g","caption":"thomas.berner"},"url":"https:\/\/www.organisator.ch\/it\/author\/thomas-berner\/"}]}},"_links":{"self":[{"href":"https:\/\/www.organisator.ch\/it\/wp-json\/wp\/v2\/posts\/4893","targetHints":{"allow":["GET"]}}],"collection":[{"href":"https:\/\/www.organisator.ch\/it\/wp-json\/wp\/v2\/posts"}],"about":[{"href":"https:\/\/www.organisator.ch\/it\/wp-json\/wp\/v2\/types\/post"}],"author":[{"embeddable":true,"href":"https:\/\/www.organisator.ch\/it\/wp-json\/wp\/v2\/users\/4"}],"replies":[{"embeddable":true,"href":"https:\/\/www.organisator.ch\/it\/wp-json\/wp\/v2\/comments?post=4893"}],"version-history":[{"count":0,"href":"https:\/\/www.organisator.ch\/it\/wp-json\/wp\/v2\/posts\/4893\/revisions"}],"wp:featuredmedia":[{"embeddable":true,"href":"https:\/\/www.organisator.ch\/it\/wp-json\/wp\/v2\/media\/4894"}],"wp:attachment":[{"href":"https:\/\/www.organisator.ch\/it\/wp-json\/wp\/v2\/media?parent=4893"}],"wp:term":[{"taxonomy":"category","embeddable":true,"href":"https:\/\/www.organisator.ch\/it\/wp-json\/wp\/v2\/categories?post=4893"},{"taxonomy":"post_tag","embeddable":true,"href":"https:\/\/www.organisator.ch\/it\/wp-json\/wp\/v2\/tags?post=4893"}],"curies":[{"name":"wp","href":"https:\/\/api.w.org\/{rel}","templated":true}]}}