{"id":4905,"date":"2019-02-20T08:11:03","date_gmt":"2019-02-20T07:11:03","guid":{"rendered":"https:\/\/www.organisator.ch\/?p=4905"},"modified":"2019-02-20T08:11:03","modified_gmt":"2019-02-20T07:11:03","slug":"matt-moser-verstaerkt-das-team-bei-continuum-ag","status":"publish","type":"post","link":"https:\/\/www.organisator.ch\/it\/management\/2019-02-20\/matt-moser-verstaerkt-das-team-bei-continuum-ag\/","title":{"rendered":"Matt Moser si unisce al team di Continuum AG"},"content":{"rendered":"<figure id=\"attachment_4906\" aria-describedby=\"caption-attachment-4906\" style=\"width: 680px\" class=\"wp-caption alignnone\"><img loading=\"lazy\" decoding=\"async\" class=\"size-medium wp-image-4906\" src=\"https:\/\/www.organisator.ch\/wp-content\/uploads\/2019\/02\/Matt-Moser-verstaerkt-das-Team-bei-Continuum-AG_Organisator.jpg\" alt=\"\" width=\"680\" height=\"435\" srcset=\"https:\/\/www.organisator.ch\/wp-content\/uploads\/2019\/02\/Matt-Moser-verstaerkt-das-Team-bei-Continuum-AG_Organisator.jpg 1112w, https:\/\/www.organisator.ch\/wp-content\/uploads\/2019\/02\/Matt-Moser-verstaerkt-das-Team-bei-Continuum-AG_Organisator-680x435.jpg 680w, https:\/\/www.organisator.ch\/wp-content\/uploads\/2019\/02\/Matt-Moser-verstaerkt-das-Team-bei-Continuum-AG_Organisator-1024x656.jpg 1024w, https:\/\/www.organisator.ch\/wp-content\/uploads\/2019\/02\/Matt-Moser-verstaerkt-das-Team-bei-Continuum-AG_Organisator-768x492.jpg 768w, https:\/\/www.organisator.ch\/wp-content\/uploads\/2019\/02\/Matt-Moser-verstaerkt-das-Team-bei-Continuum-AG_Organisator-16x10.jpg 16w, https:\/\/www.organisator.ch\/wp-content\/uploads\/2019\/02\/Matt-Moser-verstaerkt-das-Team-bei-Continuum-AG_Organisator-273x175.jpg 273w, https:\/\/www.organisator.ch\/wp-content\/uploads\/2019\/02\/Matt-Moser-verstaerkt-das-Team-bei-Continuum-AG_Organisator-547x350.jpg 547w, https:\/\/www.organisator.ch\/wp-content\/uploads\/2019\/02\/Matt-Moser-verstaerkt-das-Team-bei-Continuum-AG_Organisator-920x589.jpg 920w, https:\/\/www.organisator.ch\/wp-content\/uploads\/2019\/02\/Matt-Moser-verstaerkt-das-Team-bei-Continuum-AG_Organisator-300x192.jpg 300w\" sizes=\"auto, (max-width: 680px) 100vw, 680px\" \/><figcaption id=\"caption-attachment-4906\" class=\"wp-caption-text\">Matt Moser entra a far parte di Continuum AG nella regione della Svizzera nordoccidentale. (Foto pd)<\/figcaption><\/figure>\n<p>Da 16 anni Continuum AG offre consulenza e supporto alle aziende di medie e grandi dimensioni nel loro sviluppo a lungo termine e aiuta le famiglie a risolvere le loro sfide nel processo di successione. Oltre a Zurigo, l'azienda \u00e8 presente a San Gallo dal 2013 con il Partner &amp; Location Manager Rolf Brunner e il Senior Manager Stefan Schneider. A partire da febbraio, Matt Moser affiancher\u00e0 il team come Associate Partner e amplier\u00e0 la rete nella regione della Svizzera nordoccidentale. Matt Moser ha un'ampia esperienza nella consulenza gestionale, con particolare attenzione, tra l'altro, alla strutturazione di finanziamenti e al supporto dei consigli di amministrazione. Inoltre, ha gi\u00e0 apportato una vasta gamma di esperienze alla societ\u00e0 di consulenza.<\/p>\n<p>Cresciuto a Lenzburg e Wynental, Matt Moser ha svolto dapprima un apprendistato come impiegato di banca, seguito da diversi corsi di perfezionamento internazionali nei settori della<br \/>\nfinanza e gestione del rischio. Ha un'esperienza pluriennale nel campo della finanza aziendale, in particolare nelle aree dei mutui e del credito. Dal 1984 al 2012 ha lavorato per il Credit Suisse in Svizzera e all'estero. La sua profonda conoscenza nella creazione e nell'implementazione di modelli finanziari e analisi di scenario per la successione aziendale completer\u00e0 positivamente la gamma di servizi di Continuum AG per i nostri clienti.<\/p>\n<p>Rolf Brunner, che da sei anni, in qualit\u00e0 di partner a San Gallo, assiste le aziende nei processi di sviluppo e di successione, si rallegra del rafforzamento: \"L'ormai gi\u00e0 ampia<br \/>\nIl campo di competenza di Continuum AG \u00e8 idealmente completato dall'aggiunta di Matt Moser\".<\/p>\n<p><a href=\"http:\/\/www.continuum.ch\"><em>www.continuum.ch<\/em><\/a><\/p>","protected":false},"excerpt":{"rendered":"<p>Die Continuum AG ber\u00e4t und unterst\u00fctzt seit 16 Jahren mittlere und gr\u00f6ssere Unternehmen in ihrer langfristigen Weiterentwicklung und hilft Familien bei der L\u00f6sung ihrer Herausforderungen im Nachfolgeprozess. Nebst Z\u00fcrich besteht das Unternehmen seit 2013 in St.Gallen mit Partner &amp; Standortleiter Rolf Brunner und Senior Manager Stefan Schneider. Ab Februar wird Matt Moser als Associate Partner [&hellip;]<\/p>\n","protected":false},"author":4,"featured_media":4906,"comment_status":"open","ping_status":"open","sticky":false,"template":"","format":"standard","meta":{"_acf_changed":false,"_yoast_wpseo_focuskw":"Matt Moser","_yoast_wpseo_metadesc":"Die Continuum AG baut ihre Standorte in der Schweiz aus: Matt Moser erg\u00e4nzt als Berater das Unternehmen in der Nordwestschweiz.","articlekey":"","footnotes":""},"categories":[28],"tags":[335,356,381,492],"class_list":["post-4905","post","type-post","status-publish","format-standard","has-post-thumbnail","hentry","category-management","tag-management-und-unternehmensfuehrung","tag-nachfolgeplanung","tag-personalia","tag-unternehmen"],"acf":[],"yoast_head":"<!-- This site is optimized with the Yoast SEO plugin v27.4 - https:\/\/yoast.com\/product\/yoast-seo-wordpress\/ -->\n<title>Matt Moser verst\u00e4rkt das Team bei Continuum AG - Organisator<\/title>\n<meta name=\"description\" content=\"Die Continuum AG baut ihre Standorte in der Schweiz aus: Matt Moser erg\u00e4nzt als Berater das Unternehmen in der Nordwestschweiz.\" \/>\n<meta name=\"robots\" content=\"index, follow, max-snippet:-1, max-image-preview:large, max-video-preview:-1\" \/>\n<link rel=\"canonical\" href=\"https:\/\/www.organisator.ch\/it\/gestione-2\/2019-02-20\/matt-moser-verstaerkt-das-team-bei-continuum-ag\/\" \/>\n<meta property=\"og:locale\" content=\"it_IT\" \/>\n<meta property=\"og:type\" content=\"article\" \/>\n<meta property=\"og:title\" content=\"Matt Moser verst\u00e4rkt das Team bei Continuum AG\" \/>\n<meta property=\"og:description\" content=\"Die Continuum AG baut ihre Standorte in der Schweiz aus: Matt Moser erg\u00e4nzt als Berater das Unternehmen in der Nordwestschweiz.\" \/>\n<meta property=\"og:url\" content=\"https:\/\/www.organisator.ch\/it\/gestione-2\/2019-02-20\/matt-moser-verstaerkt-das-team-bei-continuum-ag\/\" \/>\n<meta property=\"og:site_name\" content=\"Organisator\" \/>\n<meta property=\"article:publisher\" content=\"https:\/\/www.facebook.com\/OrganisatorFachmagazin\" \/>\n<meta property=\"article:published_time\" content=\"2019-02-20T07:11:03+00:00\" \/>\n<meta property=\"og:image\" content=\"https:\/\/www.organisator.ch\/wp-content\/uploads\/2019\/02\/Matt-Moser-verstaerkt-das-Team-bei-Continuum-AG_Organisator.jpg\" \/>\n\t<meta property=\"og:image:width\" content=\"1112\" \/>\n\t<meta property=\"og:image:height\" content=\"712\" \/>\n\t<meta property=\"og:image:type\" content=\"image\/jpeg\" \/>\n<meta name=\"author\" content=\"thomas.berner\" \/>\n<meta name=\"twitter:card\" content=\"summary_large_image\" \/>\n<meta name=\"twitter:title\" content=\"Matt Moser verst\u00e4rkt das Team bei Continuum AG\" \/>\n<meta name=\"twitter:description\" content=\"Die Continuum AG baut ihre Standorte in der Schweiz aus: Matt Moser erg\u00e4nzt als Berater das Unternehmen in der Nordwestschweiz.\" \/>\n<meta name=\"twitter:image\" content=\"https:\/\/www.organisator.ch\/wp-content\/uploads\/2019\/02\/Matt-Moser-verst\u00e4rkt-das-Team-bei-Continuum-AG_Organisator.jpg\" \/>\n<script type=\"application\/ld+json\" class=\"yoast-schema-graph\">{\"@context\":\"https:\\\/\\\/schema.org\",\"@graph\":[{\"@type\":\"Article\",\"@id\":\"https:\\\/\\\/www.organisator.ch\\\/management\\\/2019-02-20\\\/matt-moser-verstaerkt-das-team-bei-continuum-ag\\\/#article\",\"isPartOf\":{\"@id\":\"https:\\\/\\\/www.organisator.ch\\\/management\\\/2019-02-20\\\/matt-moser-verstaerkt-das-team-bei-continuum-ag\\\/\"},\"author\":{\"name\":\"thomas.berner\",\"@id\":\"https:\\\/\\\/www.organisator.ch\\\/#\\\/schema\\\/person\\\/6f650f90b2842cd4c0cc334b4e36f67e\"},\"headline\":\"Matt Moser verst\u00e4rkt das Team bei Continuum AG\",\"datePublished\":\"2019-02-20T07:11:03+00:00\",\"mainEntityOfPage\":{\"@id\":\"https:\\\/\\\/www.organisator.ch\\\/management\\\/2019-02-20\\\/matt-moser-verstaerkt-das-team-bei-continuum-ag\\\/\"},\"wordCount\":262,\"commentCount\":0,\"publisher\":{\"@id\":\"https:\\\/\\\/www.organisator.ch\\\/#organization\"},\"image\":{\"@id\":\"https:\\\/\\\/www.organisator.ch\\\/management\\\/2019-02-20\\\/matt-moser-verstaerkt-das-team-bei-continuum-ag\\\/#primaryimage\"},\"thumbnailUrl\":\"https:\\\/\\\/www.organisator.ch\\\/wp-content\\\/uploads\\\/2019\\\/02\\\/Matt-Moser-verstaerkt-das-Team-bei-Continuum-AG_Organisator.jpg\",\"keywords\":[\"Management und Unternehmensf\u00fchrung\",\"Nachfolgeplanung\",\"Personalia\",\"Unternehmen\"],\"articleSection\":[\"MANAGEMENT\"],\"inLanguage\":\"it-IT\"},{\"@type\":\"WebPage\",\"@id\":\"https:\\\/\\\/www.organisator.ch\\\/management\\\/2019-02-20\\\/matt-moser-verstaerkt-das-team-bei-continuum-ag\\\/\",\"url\":\"https:\\\/\\\/www.organisator.ch\\\/management\\\/2019-02-20\\\/matt-moser-verstaerkt-das-team-bei-continuum-ag\\\/\",\"name\":\"Matt Moser verst\u00e4rkt das Team bei Continuum AG - Organisator\",\"isPartOf\":{\"@id\":\"https:\\\/\\\/www.organisator.ch\\\/#website\"},\"primaryImageOfPage\":{\"@id\":\"https:\\\/\\\/www.organisator.ch\\\/management\\\/2019-02-20\\\/matt-moser-verstaerkt-das-team-bei-continuum-ag\\\/#primaryimage\"},\"image\":{\"@id\":\"https:\\\/\\\/www.organisator.ch\\\/management\\\/2019-02-20\\\/matt-moser-verstaerkt-das-team-bei-continuum-ag\\\/#primaryimage\"},\"thumbnailUrl\":\"https:\\\/\\\/www.organisator.ch\\\/wp-content\\\/uploads\\\/2019\\\/02\\\/Matt-Moser-verstaerkt-das-Team-bei-Continuum-AG_Organisator.jpg\",\"datePublished\":\"2019-02-20T07:11:03+00:00\",\"description\":\"Die Continuum AG baut ihre Standorte in der Schweiz aus: Matt Moser erg\u00e4nzt als Berater das Unternehmen in der Nordwestschweiz.\",\"breadcrumb\":{\"@id\":\"https:\\\/\\\/www.organisator.ch\\\/management\\\/2019-02-20\\\/matt-moser-verstaerkt-das-team-bei-continuum-ag\\\/#breadcrumb\"},\"inLanguage\":\"it-IT\",\"potentialAction\":[{\"@type\":\"ReadAction\",\"target\":[\"https:\\\/\\\/www.organisator.ch\\\/management\\\/2019-02-20\\\/matt-moser-verstaerkt-das-team-bei-continuum-ag\\\/\"]}]},{\"@type\":\"ImageObject\",\"inLanguage\":\"it-IT\",\"@id\":\"https:\\\/\\\/www.organisator.ch\\\/management\\\/2019-02-20\\\/matt-moser-verstaerkt-das-team-bei-continuum-ag\\\/#primaryimage\",\"url\":\"https:\\\/\\\/www.organisator.ch\\\/wp-content\\\/uploads\\\/2019\\\/02\\\/Matt-Moser-verstaerkt-das-Team-bei-Continuum-AG_Organisator.jpg\",\"contentUrl\":\"https:\\\/\\\/www.organisator.ch\\\/wp-content\\\/uploads\\\/2019\\\/02\\\/Matt-Moser-verstaerkt-das-Team-bei-Continuum-AG_Organisator.jpg\",\"width\":1112,\"height\":712,\"caption\":\"Matt Moser verst\u00e4rkt die CONTINUUM AG in der Region Nordwestschweiz. (Foto pd)\"},{\"@type\":\"BreadcrumbList\",\"@id\":\"https:\\\/\\\/www.organisator.ch\\\/management\\\/2019-02-20\\\/matt-moser-verstaerkt-das-team-bei-continuum-ag\\\/#breadcrumb\",\"itemListElement\":[{\"@type\":\"ListItem\",\"position\":1,\"name\":\"Home\",\"item\":\"https:\\\/\\\/www.organisator.ch\\\/\"},{\"@type\":\"ListItem\",\"position\":2,\"name\":\"Matt Moser verst\u00e4rkt das Team bei Continuum AG\"}]},{\"@type\":\"WebSite\",\"@id\":\"https:\\\/\\\/www.organisator.ch\\\/#website\",\"url\":\"https:\\\/\\\/www.organisator.ch\\\/\",\"name\":\"Organisator\",\"description\":\"Kompetent. Praxisnah. Der ORGANISATOR bereitet in 10 Ausgaben pro Jahr die wesentlichen Themen f\u00fcr F\u00fchrungskr\u00e4fte von KMU auf.\",\"publisher\":{\"@id\":\"https:\\\/\\\/www.organisator.ch\\\/#organization\"},\"potentialAction\":[{\"@type\":\"SearchAction\",\"target\":{\"@type\":\"EntryPoint\",\"urlTemplate\":\"https:\\\/\\\/www.organisator.ch\\\/?s={search_term_string}\"},\"query-input\":{\"@type\":\"PropertyValueSpecification\",\"valueRequired\":true,\"valueName\":\"search_term_string\"}}],\"inLanguage\":\"it-IT\"},{\"@type\":\"Organization\",\"@id\":\"https:\\\/\\\/www.organisator.ch\\\/#organization\",\"name\":\"Organisator\",\"url\":\"https:\\\/\\\/www.organisator.ch\\\/\",\"logo\":{\"@type\":\"ImageObject\",\"inLanguage\":\"it-IT\",\"@id\":\"https:\\\/\\\/www.organisator.ch\\\/#\\\/schema\\\/logo\\\/image\\\/\",\"url\":\"https:\\\/\\\/www.organisator.ch\\\/wp-content\\\/uploads\\\/2022\\\/01\\\/Logo_Organisator_Website.png\",\"contentUrl\":\"https:\\\/\\\/www.organisator.ch\\\/wp-content\\\/uploads\\\/2022\\\/01\\\/Logo_Organisator_Website.png\",\"width\":800,\"height\":77,\"caption\":\"Organisator\"},\"image\":{\"@id\":\"https:\\\/\\\/www.organisator.ch\\\/#\\\/schema\\\/logo\\\/image\\\/\"},\"sameAs\":[\"https:\\\/\\\/www.facebook.com\\\/OrganisatorFachmagazin\",\"https:\\\/\\\/www.linkedin.com\\\/showcase\\\/organisator-das-magazin-fr-kmu\",\"https:\\\/\\\/www.xing.com\\\/news\\\/pages\\\/organisator-ch-695\",\"https:\\\/\\\/www.youtube.com\\\/channel\\\/UCGP2Sq0iWaZwT3BdIAQFYpw\"]},{\"@type\":\"Person\",\"@id\":\"https:\\\/\\\/www.organisator.ch\\\/#\\\/schema\\\/person\\\/6f650f90b2842cd4c0cc334b4e36f67e\",\"name\":\"thomas.berner\",\"image\":{\"@type\":\"ImageObject\",\"inLanguage\":\"it-IT\",\"@id\":\"https:\\\/\\\/secure.gravatar.com\\\/avatar\\\/ac5001d2a36cb6c6cd3e50789007ffca834b477b74a2144564522e944eabff61?s=96&d=mm&r=g\",\"url\":\"https:\\\/\\\/secure.gravatar.com\\\/avatar\\\/ac5001d2a36cb6c6cd3e50789007ffca834b477b74a2144564522e944eabff61?s=96&d=mm&r=g\",\"contentUrl\":\"https:\\\/\\\/secure.gravatar.com\\\/avatar\\\/ac5001d2a36cb6c6cd3e50789007ffca834b477b74a2144564522e944eabff61?s=96&d=mm&r=g\",\"caption\":\"thomas.berner\"},\"url\":\"https:\\\/\\\/www.organisator.ch\\\/it\\\/author\\\/thomas-berner\\\/\"}]}<\/script>\n<!-- \/ Yoast SEO plugin. -->","yoast_head_json":{"title":"Matt Moser si unisce al team di Continuum AG - Organizzatore","description":"Continuum AG sta ampliando le sue sedi in Svizzera: Matt Moser entra in azienda come consulente nella Svizzera nordoccidentale.","robots":{"index":"index","follow":"follow","max-snippet":"max-snippet:-1","max-image-preview":"max-image-preview:large","max-video-preview":"max-video-preview:-1"},"canonical":"https:\/\/www.organisator.ch\/it\/gestione-2\/2019-02-20\/matt-moser-verstaerkt-das-team-bei-continuum-ag\/","og_locale":"it_IT","og_type":"article","og_title":"Matt Moser verst\u00e4rkt das Team bei Continuum AG","og_description":"Die Continuum AG baut ihre Standorte in der Schweiz aus: Matt Moser erg\u00e4nzt als Berater das Unternehmen in der Nordwestschweiz.","og_url":"https:\/\/www.organisator.ch\/it\/gestione-2\/2019-02-20\/matt-moser-verstaerkt-das-team-bei-continuum-ag\/","og_site_name":"Organisator","article_publisher":"https:\/\/www.facebook.com\/OrganisatorFachmagazin","article_published_time":"2019-02-20T07:11:03+00:00","og_image":[{"width":1112,"height":712,"url":"https:\/\/www.organisator.ch\/wp-content\/uploads\/2019\/02\/Matt-Moser-verstaerkt-das-Team-bei-Continuum-AG_Organisator.jpg","type":"image\/jpeg"}],"author":"thomas.berner","twitter_card":"summary_large_image","twitter_title":"Matt Moser verst\u00e4rkt das Team bei Continuum AG","twitter_description":"Die Continuum AG baut ihre Standorte in der Schweiz aus: Matt Moser erg\u00e4nzt als Berater das Unternehmen in der Nordwestschweiz.","twitter_image":"https:\/\/www.organisator.ch\/wp-content\/uploads\/2019\/02\/Matt-Moser-verst\u00e4rkt-das-Team-bei-Continuum-AG_Organisator.jpg","schema":{"@context":"https:\/\/schema.org","@graph":[{"@type":"Article","@id":"https:\/\/www.organisator.ch\/management\/2019-02-20\/matt-moser-verstaerkt-das-team-bei-continuum-ag\/#article","isPartOf":{"@id":"https:\/\/www.organisator.ch\/management\/2019-02-20\/matt-moser-verstaerkt-das-team-bei-continuum-ag\/"},"author":{"name":"thomas.berner","@id":"https:\/\/www.organisator.ch\/#\/schema\/person\/6f650f90b2842cd4c0cc334b4e36f67e"},"headline":"Matt Moser verst\u00e4rkt das Team bei Continuum AG","datePublished":"2019-02-20T07:11:03+00:00","mainEntityOfPage":{"@id":"https:\/\/www.organisator.ch\/management\/2019-02-20\/matt-moser-verstaerkt-das-team-bei-continuum-ag\/"},"wordCount":262,"commentCount":0,"publisher":{"@id":"https:\/\/www.organisator.ch\/#organization"},"image":{"@id":"https:\/\/www.organisator.ch\/management\/2019-02-20\/matt-moser-verstaerkt-das-team-bei-continuum-ag\/#primaryimage"},"thumbnailUrl":"https:\/\/www.organisator.ch\/wp-content\/uploads\/2019\/02\/Matt-Moser-verstaerkt-das-Team-bei-Continuum-AG_Organisator.jpg","keywords":["Management und Unternehmensf\u00fchrung","Nachfolgeplanung","Personalia","Unternehmen"],"articleSection":["MANAGEMENT"],"inLanguage":"it-IT"},{"@type":"WebPage","@id":"https:\/\/www.organisator.ch\/management\/2019-02-20\/matt-moser-verstaerkt-das-team-bei-continuum-ag\/","url":"https:\/\/www.organisator.ch\/management\/2019-02-20\/matt-moser-verstaerkt-das-team-bei-continuum-ag\/","name":"Matt Moser si unisce al team di Continuum AG - Organizzatore","isPartOf":{"@id":"https:\/\/www.organisator.ch\/#website"},"primaryImageOfPage":{"@id":"https:\/\/www.organisator.ch\/management\/2019-02-20\/matt-moser-verstaerkt-das-team-bei-continuum-ag\/#primaryimage"},"image":{"@id":"https:\/\/www.organisator.ch\/management\/2019-02-20\/matt-moser-verstaerkt-das-team-bei-continuum-ag\/#primaryimage"},"thumbnailUrl":"https:\/\/www.organisator.ch\/wp-content\/uploads\/2019\/02\/Matt-Moser-verstaerkt-das-Team-bei-Continuum-AG_Organisator.jpg","datePublished":"2019-02-20T07:11:03+00:00","description":"Continuum AG sta ampliando le sue sedi in Svizzera: Matt Moser entra in azienda come consulente nella Svizzera nordoccidentale.","breadcrumb":{"@id":"https:\/\/www.organisator.ch\/management\/2019-02-20\/matt-moser-verstaerkt-das-team-bei-continuum-ag\/#breadcrumb"},"inLanguage":"it-IT","potentialAction":[{"@type":"ReadAction","target":["https:\/\/www.organisator.ch\/management\/2019-02-20\/matt-moser-verstaerkt-das-team-bei-continuum-ag\/"]}]},{"@type":"ImageObject","inLanguage":"it-IT","@id":"https:\/\/www.organisator.ch\/management\/2019-02-20\/matt-moser-verstaerkt-das-team-bei-continuum-ag\/#primaryimage","url":"https:\/\/www.organisator.ch\/wp-content\/uploads\/2019\/02\/Matt-Moser-verstaerkt-das-Team-bei-Continuum-AG_Organisator.jpg","contentUrl":"https:\/\/www.organisator.ch\/wp-content\/uploads\/2019\/02\/Matt-Moser-verstaerkt-das-Team-bei-Continuum-AG_Organisator.jpg","width":1112,"height":712,"caption":"Matt Moser verst\u00e4rkt die CONTINUUM AG in der Region Nordwestschweiz. (Foto pd)"},{"@type":"BreadcrumbList","@id":"https:\/\/www.organisator.ch\/management\/2019-02-20\/matt-moser-verstaerkt-das-team-bei-continuum-ag\/#breadcrumb","itemListElement":[{"@type":"ListItem","position":1,"name":"Home","item":"https:\/\/www.organisator.ch\/"},{"@type":"ListItem","position":2,"name":"Matt Moser verst\u00e4rkt das Team bei Continuum AG"}]},{"@type":"WebSite","@id":"https:\/\/www.organisator.ch\/#website","url":"https:\/\/www.organisator.ch\/","name":"Organizzatore","description":"Competente. Pratico. In 10 numeri all'anno, ORGANISATOR presenta i temi essenziali per i manager delle PMI.","publisher":{"@id":"https:\/\/www.organisator.ch\/#organization"},"potentialAction":[{"@type":"SearchAction","target":{"@type":"EntryPoint","urlTemplate":"https:\/\/www.organisator.ch\/?s={search_term_string}"},"query-input":{"@type":"PropertyValueSpecification","valueRequired":true,"valueName":"search_term_string"}}],"inLanguage":"it-IT"},{"@type":"Organization","@id":"https:\/\/www.organisator.ch\/#organization","name":"Organizzatore","url":"https:\/\/www.organisator.ch\/","logo":{"@type":"ImageObject","inLanguage":"it-IT","@id":"https:\/\/www.organisator.ch\/#\/schema\/logo\/image\/","url":"https:\/\/www.organisator.ch\/wp-content\/uploads\/2022\/01\/Logo_Organisator_Website.png","contentUrl":"https:\/\/www.organisator.ch\/wp-content\/uploads\/2022\/01\/Logo_Organisator_Website.png","width":800,"height":77,"caption":"Organisator"},"image":{"@id":"https:\/\/www.organisator.ch\/#\/schema\/logo\/image\/"},"sameAs":["https:\/\/www.facebook.com\/OrganisatorFachmagazin","https:\/\/www.linkedin.com\/showcase\/organisator-das-magazin-fr-kmu","https:\/\/www.xing.com\/news\/pages\/organisator-ch-695","https:\/\/www.youtube.com\/channel\/UCGP2Sq0iWaZwT3BdIAQFYpw"]},{"@type":"Person","@id":"https:\/\/www.organisator.ch\/#\/schema\/person\/6f650f90b2842cd4c0cc334b4e36f67e","name":"Tommaso.berner","image":{"@type":"ImageObject","inLanguage":"it-IT","@id":"https:\/\/secure.gravatar.com\/avatar\/ac5001d2a36cb6c6cd3e50789007ffca834b477b74a2144564522e944eabff61?s=96&d=mm&r=g","url":"https:\/\/secure.gravatar.com\/avatar\/ac5001d2a36cb6c6cd3e50789007ffca834b477b74a2144564522e944eabff61?s=96&d=mm&r=g","contentUrl":"https:\/\/secure.gravatar.com\/avatar\/ac5001d2a36cb6c6cd3e50789007ffca834b477b74a2144564522e944eabff61?s=96&d=mm&r=g","caption":"thomas.berner"},"url":"https:\/\/www.organisator.ch\/it\/author\/thomas-berner\/"}]}},"_links":{"self":[{"href":"https:\/\/www.organisator.ch\/it\/wp-json\/wp\/v2\/posts\/4905","targetHints":{"allow":["GET"]}}],"collection":[{"href":"https:\/\/www.organisator.ch\/it\/wp-json\/wp\/v2\/posts"}],"about":[{"href":"https:\/\/www.organisator.ch\/it\/wp-json\/wp\/v2\/types\/post"}],"author":[{"embeddable":true,"href":"https:\/\/www.organisator.ch\/it\/wp-json\/wp\/v2\/users\/4"}],"replies":[{"embeddable":true,"href":"https:\/\/www.organisator.ch\/it\/wp-json\/wp\/v2\/comments?post=4905"}],"version-history":[{"count":0,"href":"https:\/\/www.organisator.ch\/it\/wp-json\/wp\/v2\/posts\/4905\/revisions"}],"wp:featuredmedia":[{"embeddable":true,"href":"https:\/\/www.organisator.ch\/it\/wp-json\/wp\/v2\/media\/4906"}],"wp:attachment":[{"href":"https:\/\/www.organisator.ch\/it\/wp-json\/wp\/v2\/media?parent=4905"}],"wp:term":[{"taxonomy":"category","embeddable":true,"href":"https:\/\/www.organisator.ch\/it\/wp-json\/wp\/v2\/categories?post=4905"},{"taxonomy":"post_tag","embeddable":true,"href":"https:\/\/www.organisator.ch\/it\/wp-json\/wp\/v2\/tags?post=4905"}],"curies":[{"name":"wp","href":"https:\/\/api.w.org\/{rel}","templated":true}]}}