{"id":4933,"date":"2019-02-25T11:28:11","date_gmt":"2019-02-25T10:28:11","guid":{"rendered":"https:\/\/www.organisator.ch\/?p=4933"},"modified":"2019-02-25T11:28:11","modified_gmt":"2019-02-25T10:28:11","slug":"betriebliche-gesundheitsfoerderung-ausgleich-macht-erfolgreich","status":"publish","type":"post","link":"https:\/\/www.organisator.ch\/it\/human-resources\/fit_im_job\/2019-02-25\/betriebliche-gesundheitsfoerderung-ausgleich-macht-erfolgreich\/","title":{"rendered":"Promozione della salute sul posto di lavoro: l'equilibrio fa il successo"},"content":{"rendered":"<figure id=\"attachment_4941\" aria-describedby=\"caption-attachment-4941\" style=\"width: 680px\" class=\"wp-caption alignnone\"><img loading=\"lazy\" decoding=\"async\" class=\"size-medium wp-image-4941\" src=\"https:\/\/www.organisator.ch\/wp-content\/uploads\/2019\/02\/Betriebliche-Gesundheitsfoerderung-Ausgleich-macht-erfolgreich_Organisator.jpg\" alt=\"\" width=\"680\" height=\"446\" srcset=\"https:\/\/www.organisator.ch\/wp-content\/uploads\/2019\/02\/Betriebliche-Gesundheitsfoerderung-Ausgleich-macht-erfolgreich_Organisator.jpg 680w, https:\/\/www.organisator.ch\/wp-content\/uploads\/2019\/02\/Betriebliche-Gesundheitsfoerderung-Ausgleich-macht-erfolgreich_Organisator-16x10.jpg 16w, https:\/\/www.organisator.ch\/wp-content\/uploads\/2019\/02\/Betriebliche-Gesundheitsfoerderung-Ausgleich-macht-erfolgreich_Organisator-267x175.jpg 267w, https:\/\/www.organisator.ch\/wp-content\/uploads\/2019\/02\/Betriebliche-Gesundheitsfoerderung-Ausgleich-macht-erfolgreich_Organisator-534x350.jpg 534w, https:\/\/www.organisator.ch\/wp-content\/uploads\/2019\/02\/Betriebliche-Gesundheitsfoerderung-Ausgleich-macht-erfolgreich_Organisator-300x197.jpg 300w\" sizes=\"auto, (max-width: 680px) 100vw, 680px\" \/><figcaption id=\"caption-attachment-4941\" class=\"wp-caption-text\">L'equilibrio fa il successo: \u00e8 qui che dovrebbe entrare in gioco la promozione della salute sul posto di lavoro, secondo uno studio dell'Universit\u00e0 di Scienze Applicate di Berna e dei sindacati. (Immagine: Fotolia.com)<\/figcaption><\/figure>\n<p>La soddisfazione e lo stress sul lavoro variano a seconda della persona, della qualifica, della funzione e dell'azienda. Le condizioni di lavoro e il clima lavorativo influenzano la motivazione individuale al lavoro, cos\u00ec come la percezione della fiducia, del riconoscimento e delle prospettive. Anche la partecipazione agli sviluppi e ai successi dell'azienda \u00e8 un fattore motivante per i dipendenti. Infine, ma non meno importante, i criteri esterni influenzano l'umore sul lavoro, ad esempio la salute, il tenore di vita, il senso di comunit\u00e0 e l'autonomia temporale.<\/p>\n<h2>I dipendenti criticano la situazione lavorativa<\/h2>\n<p>Ovviamente, lavoro e soddisfazione di vita sono strettamente legati, ma spesso non sono in equilibrio. In un'ampia variet\u00e0 di sondaggi, i dipendenti hanno espresso numerose critiche riguardo alla cooperazione non coordinata, alle interruzioni del lavoro non pianificate, all'eccessiva pressione sul tempo, alle troppe ore di straordinario e alla scarsa compatibilit\u00e0 con la vita privata. Anche le sensazioni di sfruttamento, la mancanza di informazioni e i superiori opportunisti sono ripetutamente lamentati, cos\u00ec come i problemi di concentrazione, la paura di sbagliare, la stanchezza e l'insonnia. Per molti dipendenti, i cambiamenti prevedibili nel mondo del lavoro rappresentano un ulteriore onere: automazione, digitalizzazione e razionalizzazione dei compiti e dei processi lavorativi.<\/p>\n<h2>Misure compensative<\/h2>\n<p>\u00c8 ovvio che tali condizioni di lavoro riducono la motivazione e la produttivit\u00e0 di molti dipendenti. Le istituzioni e le aziende che si impegnano per condizioni di lavoro pi\u00f9 equilibrate per i propri dipendenti hanno un vantaggio competitivo. Un prerequisito per la promozione della salute sul posto di lavoro e la prevenzione dello stress orientate al successo \u00e8 la conoscenza delle condizioni e delle esigenze personali del dipendente: ad esempio, l'autosviluppo, le prestazioni, lo sviluppo, il successo e il riconoscimento, ma anche la salute, l'impegno sociale, la famiglia, gli amici e il piacere della vita. Nelle indagini sui dipendenti, oltre alla costituzione e alle esigenze dell'azienda, possono essere convalidate anche le misure compensative adeguate contro i vari fattori di stress.<\/p>\n<p>Il seguente elenco non pretende di essere esaustivo:<\/p>\n<ol>\n<li>Integrare la pianificazione del progetto e del calendario;<\/li>\n<li>Processi di aggiustamento dei programmi e di co-determinazione;<\/li>\n<li>Regole di informazione della cooperazione;<\/li>\n<li>Gestione trasparente delle interfacce;<\/li>\n<li>Riunioni pi\u00f9 brevi in piedi invece che seduti;<\/li>\n<li>Postazioni di lavoro in ufficio schermate;<\/li>\n<li>Opzioni e regole per l'home office;<\/li>\n<li>Orario di lavoro favorevole ai pendolari;<\/li>\n<li>Gestione dell'impiego e degli straordinari, ecc.<\/li>\n<\/ol>\n<p>L'inclusione dei dipendenti fornisce ai responsabili una base accettata per misure compensative efficaci. Ci\u00f2 che conta \u00e8 l'applicabilit\u00e0 semplice e trasparente nelle singole aree di lavoro. Il risultato sar\u00e0 una riduzione dell'assenteismo e delle fluttuazioni, una maggiore concentrazione e identificazione dei dipendenti.<\/p>\n<h2>Arretrati<\/h2>\n<p>I risultati dello studio sopra citato sono stati pubblicati nell'ottobre 2018. Ulteriori informazioni sono disponibili <a href=\"https:\/\/www.travailsuisse.ch\/themen\/arbeit\/barometer_gute_arbeit\">qui<\/a> e <a href=\"https:\/\/syna.ch\/aktuell\/und-der-druck-steigt-weiter\">qui (incl. grafico interattivo)<\/a>. Altri <a href=\"https:\/\/www.organisator.ch\/schweizer-bevoelkerung-zufrieden-im-job-aber-schlecht-vorbereitet-fuer-die-zukuenftige-arbeitswelt\/\">Studi<\/a> Sebbene dipingano un quadro pi\u00f9 positivo della soddisfazione lavorativa, vedono anche la necessit\u00e0 di recuperare in molte aree in termini di promozione della salute sul posto di lavoro.<\/p>\n<p><em><strong>Autore:<br \/>\n<\/strong>Jens Feger \u00e8 il proprietario di Feger Marketing, <a href=\"http:\/\/www.fegermarketing.ch\">www.fegermarketing.ch<\/a><\/em><\/p>","protected":false},"excerpt":{"rendered":"<p>Die Arbeitszufriedenheit und Stress variieren je nach Person, Qualifikation, Funktion und Betrieb. Arbeitsbedingungen und Arbeitsklima beeinflussen die individuelle Arbeitsmotivation ebenso wie die Wahrnehmung von Vertrauen, Anerkennung und Perspektiven. Auch die Beteiligung an betrieblichen Entwicklungen und Erfolgen sind Motivationsfaktoren f\u00fcr die Mitarbeitenden. Nicht zuletzt beeinflussen ausserbetriebliche Kriterien die Arbeitsstimmung, beispielsweise Gesundheit, Lebensstandard, Gemeinschaftsgef\u00fchl und Zeitautonomie. Mitarbeitende [&hellip;]<\/p>\n","protected":false},"author":4,"featured_media":4941,"comment_status":"open","ping_status":"open","sticky":false,"template":"","format":"standard","meta":{"_acf_changed":false,"_yoast_wpseo_focuskw":"Betriebliche Gesundheitsf\u00f6rderung","_yoast_wpseo_metadesc":"40% der Arbeitenden f\u00fchlen sich oft gestresst und 30% stark durch Stress belastet, was die Motivation und Produktivit\u00e4t der Mitarbeitenden reduzieren kann.","articlekey":"","footnotes":""},"categories":[25],"tags":[77,208,254,459],"class_list":["post-4933","post","type-post","status-publish","format-standard","has-post-thumbnail","hentry","category-fit_im_job","tag-betriebliches-gesundheitsmanagement","tag-fit-im-job","tag-hrm","tag-studie"],"acf":[],"yoast_head":"<!-- This site is optimized with the Yoast SEO plugin v27.5 - https:\/\/yoast.com\/product\/yoast-seo-wordpress\/ -->\n<title>Betriebliche Gesundheitsf\u00f6rderung: Ausgleich macht erfolgreich - Organisator<\/title>\n<meta name=\"description\" content=\"40% der Arbeitenden f\u00fchlen sich oft gestresst und 30% stark durch Stress belastet, was die Motivation und Produktivit\u00e4t der Mitarbeitenden reduzieren kann.\" \/>\n<meta name=\"robots\" content=\"index, follow, max-snippet:-1, max-image-preview:large, max-video-preview:-1\" \/>\n<link rel=\"canonical\" href=\"https:\/\/www.organisator.ch\/it\/risorse-umane\/fit_im_job\/2019-02-25\/betriebliche-gesundheitsfoerderung-ausgleich-macht-erfolgreich\/\" \/>\n<meta property=\"og:locale\" content=\"it_IT\" \/>\n<meta property=\"og:type\" content=\"article\" \/>\n<meta property=\"og:title\" content=\"Betriebliche Gesundheitsf\u00f6rderung: Ausgleich macht erfolgreich\" \/>\n<meta property=\"og:description\" content=\"40% der Arbeitenden f\u00fchlen sich oft gestresst und 30% stark durch Stress belastet, was die Motivation und Produktivit\u00e4t der Mitarbeitenden reduzieren kann.\" \/>\n<meta property=\"og:url\" content=\"https:\/\/www.organisator.ch\/it\/risorse-umane\/fit_im_job\/2019-02-25\/betriebliche-gesundheitsfoerderung-ausgleich-macht-erfolgreich\/\" \/>\n<meta property=\"og:site_name\" content=\"Organisator\" \/>\n<meta property=\"article:publisher\" content=\"https:\/\/www.facebook.com\/OrganisatorFachmagazin\" \/>\n<meta property=\"article:published_time\" content=\"2019-02-25T10:28:11+00:00\" \/>\n<meta property=\"og:image\" content=\"https:\/\/www.organisator.ch\/wp-content\/uploads\/2019\/02\/Betriebliche-Gesundheitsfoerderung-Ausgleich-macht-erfolgreich_Organisator.jpg\" \/>\n\t<meta property=\"og:image:width\" content=\"680\" \/>\n\t<meta property=\"og:image:height\" content=\"446\" \/>\n\t<meta property=\"og:image:type\" content=\"image\/jpeg\" \/>\n<meta name=\"author\" content=\"thomas.berner\" \/>\n<meta name=\"twitter:card\" content=\"summary_large_image\" \/>\n<meta name=\"twitter:title\" content=\"Betriebliche #Gesundheitsf\u00f6rderung: Ausgleich macht erfolgreich\" \/>\n<meta name=\"twitter:description\" content=\"40% der Arbeitenden f\u00fchlen sich oft gestresst und 30% stark durch #Stress belastet, was die Motivation und Produktivit\u00e4t der Mitarbeitenden reduzieren kann.\" \/>\n<meta name=\"twitter:image\" content=\"https:\/\/www.organisator.ch\/wp-content\/uploads\/2019\/02\/Betriebliche-Gesundheitsf\u00f6rderung-Ausgleich-macht-erfolgreich_Organisator.jpg\" \/>\n<script type=\"application\/ld+json\" class=\"yoast-schema-graph\">{\"@context\":\"https:\\\/\\\/schema.org\",\"@graph\":[{\"@type\":\"Article\",\"@id\":\"https:\\\/\\\/www.organisator.ch\\\/human-resources\\\/fit_im_job\\\/2019-02-25\\\/betriebliche-gesundheitsfoerderung-ausgleich-macht-erfolgreich\\\/#article\",\"isPartOf\":{\"@id\":\"https:\\\/\\\/www.organisator.ch\\\/human-resources\\\/fit_im_job\\\/2019-02-25\\\/betriebliche-gesundheitsfoerderung-ausgleich-macht-erfolgreich\\\/\"},\"author\":{\"name\":\"thomas.berner\",\"@id\":\"https:\\\/\\\/www.organisator.ch\\\/#\\\/schema\\\/person\\\/6f650f90b2842cd4c0cc334b4e36f67e\"},\"headline\":\"Betriebliche Gesundheitsf\u00f6rderung: Ausgleich macht erfolgreich\",\"datePublished\":\"2019-02-25T10:28:11+00:00\",\"mainEntityOfPage\":{\"@id\":\"https:\\\/\\\/www.organisator.ch\\\/human-resources\\\/fit_im_job\\\/2019-02-25\\\/betriebliche-gesundheitsfoerderung-ausgleich-macht-erfolgreich\\\/\"},\"wordCount\":405,\"commentCount\":0,\"publisher\":{\"@id\":\"https:\\\/\\\/www.organisator.ch\\\/#organization\"},\"image\":{\"@id\":\"https:\\\/\\\/www.organisator.ch\\\/human-resources\\\/fit_im_job\\\/2019-02-25\\\/betriebliche-gesundheitsfoerderung-ausgleich-macht-erfolgreich\\\/#primaryimage\"},\"thumbnailUrl\":\"https:\\\/\\\/www.organisator.ch\\\/wp-content\\\/uploads\\\/2019\\\/02\\\/Betriebliche-Gesundheitsfoerderung-Ausgleich-macht-erfolgreich_Organisator.jpg\",\"keywords\":[\"Betriebliches Gesundheitsmanagement\",\"Fit im Job\",\"HRM\",\"Studie\"],\"articleSection\":[\"FIT IM JOB\"],\"inLanguage\":\"it-IT\"},{\"@type\":\"WebPage\",\"@id\":\"https:\\\/\\\/www.organisator.ch\\\/human-resources\\\/fit_im_job\\\/2019-02-25\\\/betriebliche-gesundheitsfoerderung-ausgleich-macht-erfolgreich\\\/\",\"url\":\"https:\\\/\\\/www.organisator.ch\\\/human-resources\\\/fit_im_job\\\/2019-02-25\\\/betriebliche-gesundheitsfoerderung-ausgleich-macht-erfolgreich\\\/\",\"name\":\"Betriebliche Gesundheitsf\u00f6rderung: Ausgleich macht erfolgreich - Organisator\",\"isPartOf\":{\"@id\":\"https:\\\/\\\/www.organisator.ch\\\/#website\"},\"primaryImageOfPage\":{\"@id\":\"https:\\\/\\\/www.organisator.ch\\\/human-resources\\\/fit_im_job\\\/2019-02-25\\\/betriebliche-gesundheitsfoerderung-ausgleich-macht-erfolgreich\\\/#primaryimage\"},\"image\":{\"@id\":\"https:\\\/\\\/www.organisator.ch\\\/human-resources\\\/fit_im_job\\\/2019-02-25\\\/betriebliche-gesundheitsfoerderung-ausgleich-macht-erfolgreich\\\/#primaryimage\"},\"thumbnailUrl\":\"https:\\\/\\\/www.organisator.ch\\\/wp-content\\\/uploads\\\/2019\\\/02\\\/Betriebliche-Gesundheitsfoerderung-Ausgleich-macht-erfolgreich_Organisator.jpg\",\"datePublished\":\"2019-02-25T10:28:11+00:00\",\"description\":\"40% der Arbeitenden f\u00fchlen sich oft gestresst und 30% stark durch Stress belastet, was die Motivation und Produktivit\u00e4t der Mitarbeitenden reduzieren kann.\",\"breadcrumb\":{\"@id\":\"https:\\\/\\\/www.organisator.ch\\\/human-resources\\\/fit_im_job\\\/2019-02-25\\\/betriebliche-gesundheitsfoerderung-ausgleich-macht-erfolgreich\\\/#breadcrumb\"},\"inLanguage\":\"it-IT\",\"potentialAction\":[{\"@type\":\"ReadAction\",\"target\":[\"https:\\\/\\\/www.organisator.ch\\\/human-resources\\\/fit_im_job\\\/2019-02-25\\\/betriebliche-gesundheitsfoerderung-ausgleich-macht-erfolgreich\\\/\"]}]},{\"@type\":\"ImageObject\",\"inLanguage\":\"it-IT\",\"@id\":\"https:\\\/\\\/www.organisator.ch\\\/human-resources\\\/fit_im_job\\\/2019-02-25\\\/betriebliche-gesundheitsfoerderung-ausgleich-macht-erfolgreich\\\/#primaryimage\",\"url\":\"https:\\\/\\\/www.organisator.ch\\\/wp-content\\\/uploads\\\/2019\\\/02\\\/Betriebliche-Gesundheitsfoerderung-Ausgleich-macht-erfolgreich_Organisator.jpg\",\"contentUrl\":\"https:\\\/\\\/www.organisator.ch\\\/wp-content\\\/uploads\\\/2019\\\/02\\\/Betriebliche-Gesundheitsfoerderung-Ausgleich-macht-erfolgreich_Organisator.jpg\",\"width\":680,\"height\":446,\"caption\":\"Ausgleich macht erfolgreich: Hier sollte betriebliche Gesundheitsf\u00f6rderung ansetzen, so eine Folgerung einer Studie der Berner Fachhochschule und Gewerkschaften. (Bild: Fotolia.com)\"},{\"@type\":\"BreadcrumbList\",\"@id\":\"https:\\\/\\\/www.organisator.ch\\\/human-resources\\\/fit_im_job\\\/2019-02-25\\\/betriebliche-gesundheitsfoerderung-ausgleich-macht-erfolgreich\\\/#breadcrumb\",\"itemListElement\":[{\"@type\":\"ListItem\",\"position\":1,\"name\":\"Home\",\"item\":\"https:\\\/\\\/www.organisator.ch\\\/\"},{\"@type\":\"ListItem\",\"position\":2,\"name\":\"Betriebliche Gesundheitsf\u00f6rderung: Ausgleich macht erfolgreich\"}]},{\"@type\":\"WebSite\",\"@id\":\"https:\\\/\\\/www.organisator.ch\\\/#website\",\"url\":\"https:\\\/\\\/www.organisator.ch\\\/\",\"name\":\"Organisator\",\"description\":\"Kompetent. Praxisnah. Der ORGANISATOR bereitet in 10 Ausgaben pro Jahr die wesentlichen Themen f\u00fcr F\u00fchrungskr\u00e4fte von KMU auf.\",\"publisher\":{\"@id\":\"https:\\\/\\\/www.organisator.ch\\\/#organization\"},\"potentialAction\":[{\"@type\":\"SearchAction\",\"target\":{\"@type\":\"EntryPoint\",\"urlTemplate\":\"https:\\\/\\\/www.organisator.ch\\\/?s={search_term_string}\"},\"query-input\":{\"@type\":\"PropertyValueSpecification\",\"valueRequired\":true,\"valueName\":\"search_term_string\"}}],\"inLanguage\":\"it-IT\"},{\"@type\":\"Organization\",\"@id\":\"https:\\\/\\\/www.organisator.ch\\\/#organization\",\"name\":\"Organisator\",\"url\":\"https:\\\/\\\/www.organisator.ch\\\/\",\"logo\":{\"@type\":\"ImageObject\",\"inLanguage\":\"it-IT\",\"@id\":\"https:\\\/\\\/www.organisator.ch\\\/#\\\/schema\\\/logo\\\/image\\\/\",\"url\":\"https:\\\/\\\/www.organisator.ch\\\/wp-content\\\/uploads\\\/2022\\\/01\\\/Logo_Organisator_Website.png\",\"contentUrl\":\"https:\\\/\\\/www.organisator.ch\\\/wp-content\\\/uploads\\\/2022\\\/01\\\/Logo_Organisator_Website.png\",\"width\":800,\"height\":77,\"caption\":\"Organisator\"},\"image\":{\"@id\":\"https:\\\/\\\/www.organisator.ch\\\/#\\\/schema\\\/logo\\\/image\\\/\"},\"sameAs\":[\"https:\\\/\\\/www.facebook.com\\\/OrganisatorFachmagazin\",\"https:\\\/\\\/www.linkedin.com\\\/showcase\\\/organisator-das-magazin-fr-kmu\",\"https:\\\/\\\/www.xing.com\\\/news\\\/pages\\\/organisator-ch-695\",\"https:\\\/\\\/www.youtube.com\\\/channel\\\/UCGP2Sq0iWaZwT3BdIAQFYpw\"]},{\"@type\":\"Person\",\"@id\":\"https:\\\/\\\/www.organisator.ch\\\/#\\\/schema\\\/person\\\/6f650f90b2842cd4c0cc334b4e36f67e\",\"name\":\"thomas.berner\",\"image\":{\"@type\":\"ImageObject\",\"inLanguage\":\"it-IT\",\"@id\":\"https:\\\/\\\/secure.gravatar.com\\\/avatar\\\/ac5001d2a36cb6c6cd3e50789007ffca834b477b74a2144564522e944eabff61?s=96&d=mm&r=g\",\"url\":\"https:\\\/\\\/secure.gravatar.com\\\/avatar\\\/ac5001d2a36cb6c6cd3e50789007ffca834b477b74a2144564522e944eabff61?s=96&d=mm&r=g\",\"contentUrl\":\"https:\\\/\\\/secure.gravatar.com\\\/avatar\\\/ac5001d2a36cb6c6cd3e50789007ffca834b477b74a2144564522e944eabff61?s=96&d=mm&r=g\",\"caption\":\"thomas.berner\"},\"url\":\"https:\\\/\\\/www.organisator.ch\\\/it\\\/author\\\/thomas-berner\\\/\"}]}<\/script>\n<!-- \/ Yoast SEO plugin. -->","yoast_head_json":{"title":"Promozione della salute sul luogo di lavoro: l'equilibrio fa il successo - Organizzatore","description":"40% dei lavoratori si sentono spesso stressati e 30% pesantemente oppressi dallo stress, che pu\u00f2 ridurre la motivazione e la produttivit\u00e0 dei dipendenti.","robots":{"index":"index","follow":"follow","max-snippet":"max-snippet:-1","max-image-preview":"max-image-preview:large","max-video-preview":"max-video-preview:-1"},"canonical":"https:\/\/www.organisator.ch\/it\/risorse-umane\/fit_im_job\/2019-02-25\/betriebliche-gesundheitsfoerderung-ausgleich-macht-erfolgreich\/","og_locale":"it_IT","og_type":"article","og_title":"Betriebliche Gesundheitsf\u00f6rderung: Ausgleich macht erfolgreich","og_description":"40% der Arbeitenden f\u00fchlen sich oft gestresst und 30% stark durch Stress belastet, was die Motivation und Produktivit\u00e4t der Mitarbeitenden reduzieren kann.","og_url":"https:\/\/www.organisator.ch\/it\/risorse-umane\/fit_im_job\/2019-02-25\/betriebliche-gesundheitsfoerderung-ausgleich-macht-erfolgreich\/","og_site_name":"Organisator","article_publisher":"https:\/\/www.facebook.com\/OrganisatorFachmagazin","article_published_time":"2019-02-25T10:28:11+00:00","og_image":[{"width":680,"height":446,"url":"https:\/\/www.organisator.ch\/wp-content\/uploads\/2019\/02\/Betriebliche-Gesundheitsfoerderung-Ausgleich-macht-erfolgreich_Organisator.jpg","type":"image\/jpeg"}],"author":"thomas.berner","twitter_card":"summary_large_image","twitter_title":"Betriebliche #Gesundheitsf\u00f6rderung: Ausgleich macht erfolgreich","twitter_description":"40% der Arbeitenden f\u00fchlen sich oft gestresst und 30% stark durch #Stress belastet, was die Motivation und Produktivit\u00e4t der Mitarbeitenden reduzieren kann.","twitter_image":"https:\/\/www.organisator.ch\/wp-content\/uploads\/2019\/02\/Betriebliche-Gesundheitsf\u00f6rderung-Ausgleich-macht-erfolgreich_Organisator.jpg","schema":{"@context":"https:\/\/schema.org","@graph":[{"@type":"Article","@id":"https:\/\/www.organisator.ch\/human-resources\/fit_im_job\/2019-02-25\/betriebliche-gesundheitsfoerderung-ausgleich-macht-erfolgreich\/#article","isPartOf":{"@id":"https:\/\/www.organisator.ch\/human-resources\/fit_im_job\/2019-02-25\/betriebliche-gesundheitsfoerderung-ausgleich-macht-erfolgreich\/"},"author":{"name":"thomas.berner","@id":"https:\/\/www.organisator.ch\/#\/schema\/person\/6f650f90b2842cd4c0cc334b4e36f67e"},"headline":"Betriebliche Gesundheitsf\u00f6rderung: Ausgleich macht erfolgreich","datePublished":"2019-02-25T10:28:11+00:00","mainEntityOfPage":{"@id":"https:\/\/www.organisator.ch\/human-resources\/fit_im_job\/2019-02-25\/betriebliche-gesundheitsfoerderung-ausgleich-macht-erfolgreich\/"},"wordCount":405,"commentCount":0,"publisher":{"@id":"https:\/\/www.organisator.ch\/#organization"},"image":{"@id":"https:\/\/www.organisator.ch\/human-resources\/fit_im_job\/2019-02-25\/betriebliche-gesundheitsfoerderung-ausgleich-macht-erfolgreich\/#primaryimage"},"thumbnailUrl":"https:\/\/www.organisator.ch\/wp-content\/uploads\/2019\/02\/Betriebliche-Gesundheitsfoerderung-Ausgleich-macht-erfolgreich_Organisator.jpg","keywords":["Betriebliches Gesundheitsmanagement","Fit im Job","HRM","Studie"],"articleSection":["FIT IM JOB"],"inLanguage":"it-IT"},{"@type":"WebPage","@id":"https:\/\/www.organisator.ch\/human-resources\/fit_im_job\/2019-02-25\/betriebliche-gesundheitsfoerderung-ausgleich-macht-erfolgreich\/","url":"https:\/\/www.organisator.ch\/human-resources\/fit_im_job\/2019-02-25\/betriebliche-gesundheitsfoerderung-ausgleich-macht-erfolgreich\/","name":"Promozione della salute sul luogo di lavoro: l'equilibrio fa il successo - Organizzatore","isPartOf":{"@id":"https:\/\/www.organisator.ch\/#website"},"primaryImageOfPage":{"@id":"https:\/\/www.organisator.ch\/human-resources\/fit_im_job\/2019-02-25\/betriebliche-gesundheitsfoerderung-ausgleich-macht-erfolgreich\/#primaryimage"},"image":{"@id":"https:\/\/www.organisator.ch\/human-resources\/fit_im_job\/2019-02-25\/betriebliche-gesundheitsfoerderung-ausgleich-macht-erfolgreich\/#primaryimage"},"thumbnailUrl":"https:\/\/www.organisator.ch\/wp-content\/uploads\/2019\/02\/Betriebliche-Gesundheitsfoerderung-Ausgleich-macht-erfolgreich_Organisator.jpg","datePublished":"2019-02-25T10:28:11+00:00","description":"40% dei lavoratori si sentono spesso stressati e 30% pesantemente oppressi dallo stress, che pu\u00f2 ridurre la motivazione e la produttivit\u00e0 dei dipendenti.","breadcrumb":{"@id":"https:\/\/www.organisator.ch\/human-resources\/fit_im_job\/2019-02-25\/betriebliche-gesundheitsfoerderung-ausgleich-macht-erfolgreich\/#breadcrumb"},"inLanguage":"it-IT","potentialAction":[{"@type":"ReadAction","target":["https:\/\/www.organisator.ch\/human-resources\/fit_im_job\/2019-02-25\/betriebliche-gesundheitsfoerderung-ausgleich-macht-erfolgreich\/"]}]},{"@type":"ImageObject","inLanguage":"it-IT","@id":"https:\/\/www.organisator.ch\/human-resources\/fit_im_job\/2019-02-25\/betriebliche-gesundheitsfoerderung-ausgleich-macht-erfolgreich\/#primaryimage","url":"https:\/\/www.organisator.ch\/wp-content\/uploads\/2019\/02\/Betriebliche-Gesundheitsfoerderung-Ausgleich-macht-erfolgreich_Organisator.jpg","contentUrl":"https:\/\/www.organisator.ch\/wp-content\/uploads\/2019\/02\/Betriebliche-Gesundheitsfoerderung-Ausgleich-macht-erfolgreich_Organisator.jpg","width":680,"height":446,"caption":"Ausgleich macht erfolgreich: Hier sollte betriebliche Gesundheitsf\u00f6rderung ansetzen, so eine Folgerung einer Studie der Berner Fachhochschule und Gewerkschaften. (Bild: Fotolia.com)"},{"@type":"BreadcrumbList","@id":"https:\/\/www.organisator.ch\/human-resources\/fit_im_job\/2019-02-25\/betriebliche-gesundheitsfoerderung-ausgleich-macht-erfolgreich\/#breadcrumb","itemListElement":[{"@type":"ListItem","position":1,"name":"Home","item":"https:\/\/www.organisator.ch\/"},{"@type":"ListItem","position":2,"name":"Betriebliche Gesundheitsf\u00f6rderung: Ausgleich macht erfolgreich"}]},{"@type":"WebSite","@id":"https:\/\/www.organisator.ch\/#website","url":"https:\/\/www.organisator.ch\/","name":"Organizzatore","description":"Competente. Pratico. In 10 numeri all'anno, ORGANISATOR presenta i temi essenziali per i manager delle PMI.","publisher":{"@id":"https:\/\/www.organisator.ch\/#organization"},"potentialAction":[{"@type":"SearchAction","target":{"@type":"EntryPoint","urlTemplate":"https:\/\/www.organisator.ch\/?s={search_term_string}"},"query-input":{"@type":"PropertyValueSpecification","valueRequired":true,"valueName":"search_term_string"}}],"inLanguage":"it-IT"},{"@type":"Organization","@id":"https:\/\/www.organisator.ch\/#organization","name":"Organizzatore","url":"https:\/\/www.organisator.ch\/","logo":{"@type":"ImageObject","inLanguage":"it-IT","@id":"https:\/\/www.organisator.ch\/#\/schema\/logo\/image\/","url":"https:\/\/www.organisator.ch\/wp-content\/uploads\/2022\/01\/Logo_Organisator_Website.png","contentUrl":"https:\/\/www.organisator.ch\/wp-content\/uploads\/2022\/01\/Logo_Organisator_Website.png","width":800,"height":77,"caption":"Organisator"},"image":{"@id":"https:\/\/www.organisator.ch\/#\/schema\/logo\/image\/"},"sameAs":["https:\/\/www.facebook.com\/OrganisatorFachmagazin","https:\/\/www.linkedin.com\/showcase\/organisator-das-magazin-fr-kmu","https:\/\/www.xing.com\/news\/pages\/organisator-ch-695","https:\/\/www.youtube.com\/channel\/UCGP2Sq0iWaZwT3BdIAQFYpw"]},{"@type":"Person","@id":"https:\/\/www.organisator.ch\/#\/schema\/person\/6f650f90b2842cd4c0cc334b4e36f67e","name":"Tommaso.berner","image":{"@type":"ImageObject","inLanguage":"it-IT","@id":"https:\/\/secure.gravatar.com\/avatar\/ac5001d2a36cb6c6cd3e50789007ffca834b477b74a2144564522e944eabff61?s=96&d=mm&r=g","url":"https:\/\/secure.gravatar.com\/avatar\/ac5001d2a36cb6c6cd3e50789007ffca834b477b74a2144564522e944eabff61?s=96&d=mm&r=g","contentUrl":"https:\/\/secure.gravatar.com\/avatar\/ac5001d2a36cb6c6cd3e50789007ffca834b477b74a2144564522e944eabff61?s=96&d=mm&r=g","caption":"thomas.berner"},"url":"https:\/\/www.organisator.ch\/it\/author\/thomas-berner\/"}]}},"_links":{"self":[{"href":"https:\/\/www.organisator.ch\/it\/wp-json\/wp\/v2\/posts\/4933","targetHints":{"allow":["GET"]}}],"collection":[{"href":"https:\/\/www.organisator.ch\/it\/wp-json\/wp\/v2\/posts"}],"about":[{"href":"https:\/\/www.organisator.ch\/it\/wp-json\/wp\/v2\/types\/post"}],"author":[{"embeddable":true,"href":"https:\/\/www.organisator.ch\/it\/wp-json\/wp\/v2\/users\/4"}],"replies":[{"embeddable":true,"href":"https:\/\/www.organisator.ch\/it\/wp-json\/wp\/v2\/comments?post=4933"}],"version-history":[{"count":0,"href":"https:\/\/www.organisator.ch\/it\/wp-json\/wp\/v2\/posts\/4933\/revisions"}],"wp:featuredmedia":[{"embeddable":true,"href":"https:\/\/www.organisator.ch\/it\/wp-json\/wp\/v2\/media\/4941"}],"wp:attachment":[{"href":"https:\/\/www.organisator.ch\/it\/wp-json\/wp\/v2\/media?parent=4933"}],"wp:term":[{"taxonomy":"category","embeddable":true,"href":"https:\/\/www.organisator.ch\/it\/wp-json\/wp\/v2\/categories?post=4933"},{"taxonomy":"post_tag","embeddable":true,"href":"https:\/\/www.organisator.ch\/it\/wp-json\/wp\/v2\/tags?post=4933"}],"curies":[{"name":"wp","href":"https:\/\/api.w.org\/{rel}","templated":true}]}}