{"id":494,"date":"2016-05-17T11:09:57","date_gmt":"2016-05-17T09:09:57","guid":{"rendered":"http:\/\/dev.organisator.ch\/?p=494"},"modified":"2016-05-17T11:09:57","modified_gmt":"2016-05-17T09:09:57","slug":"work-life-balance-wichtiger-als-die-eigene-karriere","status":"publish","type":"post","link":"https:\/\/www.organisator.ch\/it\/allgemein\/2016-05-17\/work-life-balance-wichtiger-als-die-eigene-karriere\/","title":{"rendered":"L'equilibrio tra lavoro e vita privata \u00e8 pi\u00f9 importante della propria carriera"},"content":{"rendered":"<figure id=\"attachment_495\" aria-describedby=\"caption-attachment-495\" style=\"width: 680px\" class=\"wp-caption alignnone\"><img loading=\"lazy\" decoding=\"async\" class=\"size-medium wp-image-495\" src=\"https:\/\/organisator.ch\/wp-content\/uploads\/2016\/12\/Work-Life-Balance-wichtiger-als-die-eigene-Karriere-organisator.jpg\" alt=\"\" width=\"680\" height=\"528\" srcset=\"https:\/\/www.organisator.ch\/wp-content\/uploads\/2016\/12\/Work-Life-Balance-wichtiger-als-die-eigene-Karriere-organisator.jpg 773w, https:\/\/www.organisator.ch\/wp-content\/uploads\/2016\/12\/Work-Life-Balance-wichtiger-als-die-eigene-Karriere-organisator-680x528.jpg 680w, https:\/\/www.organisator.ch\/wp-content\/uploads\/2016\/12\/Work-Life-Balance-wichtiger-als-die-eigene-Karriere-organisator-768x596.jpg 768w, https:\/\/www.organisator.ch\/wp-content\/uploads\/2016\/12\/Work-Life-Balance-wichtiger-als-die-eigene-Karriere-organisator-16x12.jpg 16w, https:\/\/www.organisator.ch\/wp-content\/uploads\/2016\/12\/Work-Life-Balance-wichtiger-als-die-eigene-Karriere-organisator-225x175.jpg 225w, https:\/\/www.organisator.ch\/wp-content\/uploads\/2016\/12\/Work-Life-Balance-wichtiger-als-die-eigene-Karriere-organisator-451x350.jpg 451w, https:\/\/www.organisator.ch\/wp-content\/uploads\/2016\/12\/Work-Life-Balance-wichtiger-als-die-eigene-Karriere-organisator-300x233.jpg 300w\" sizes=\"auto, (max-width: 680px) 100vw, 680px\" \/><figcaption id=\"caption-attachment-495\" class=\"wp-caption-text\">Per pi\u00f9 di tre quarti degli impiegati, l'equilibrio vita-lavoro viene prima del salario. (Immagine: Fotolia.com)<\/figcaption><\/figure>\n<p>Per lo studio, 1.486 persone tra i 16 e i 60 anni sono state intervistate durante la loro ricerca attiva e passiva di lavoro.  Probabilmente il risultato pi\u00f9 chiaro dello studio \u00e8 che ben il 78% degli intervistati preferirebbe un buon equilibrio tra lavoro e vita privata ad una posizione elevata in azienda.<\/p>\n<p>Solo il 43% ha detto che la loro carriera era molto importante per loro. L'avanzamento personale sembra essere pi\u00f9 importante per gli svizzeri occidentali che per gli svizzeri tedeschi (52 contro 40 per cento). Se la \"chimica\" \u00e8 giusta, gli intervistati possono ben immaginare di rimanere con lo stesso datore di lavoro per pi\u00f9 di cinque anni (89%). Anche la generazione pi\u00f9 giovane tra i 16 e i 24 anni non vede alcun problema (81%).<\/p>\n<p><strong>Svizzera francese pi\u00f9 attiva<\/strong><\/p>\n<p>Per quanto riguarda la distribuzione delle persone in cerca di lavoro, ci sono pi\u00f9 persone attive e passive nella Svizzera tedesca nel suo complesso: 41% rispetto al 36% della Svizzera francese. Tuttavia, gli svizzeri di lingua francese sono pi\u00f9 attivi: il 45% di loro ha fatto domanda di lavoro negli ultimi 12 mesi.<\/p>\n<p>Nella Svizzera tedesca, la cifra era solo del 38%. Nello stesso periodo, i francesi hanno inviato una media di 28 domande, mentre la Svizzera tedesca ne ha inviate solo 15 a persona. In generale, si pu\u00f2 osservare che le persone pi\u00f9 anziane in cerca di lavoro si sono candidate pi\u00f9 spesso di quelle pi\u00f9 giovani.<\/p>\n<p><strong>Canali popolari<\/strong><\/p>\n<p>Il canale pi\u00f9 popolare per le ricerche di lavoro sono i portali di lavoro online con il 65%. Questo \u00e8 un aumento del due per cento rispetto all'anno precedente. I siti web aziendali sono al secondo posto con il 53%, la stessa cifra dell'anno scorso. Gli annunci su giornali e riviste sono usati meno ogni anno per la ricerca di lavoro (meno 6 per cento rispetto all'anno precedente).<\/p>\n<p>Al 21%, i social network giocano ancora un ruolo piuttosto subordinato nella ricerca del lavoro dei sogni.<\/p>\n<p><a href=\"http:\/\/www.jobcloud.ch\" target=\"_blank\" data-cke-saved-href=\"http:\/\/www.jobcloud.ch\" rel=\"noopener\">http:\/\/www.jobcloud.ch<\/a><\/p>\n<figure id=\"attachment_497\" aria-describedby=\"caption-attachment-497\" style=\"width: 680px\" class=\"wp-caption alignnone\"><img loading=\"lazy\" decoding=\"async\" class=\"size-medium wp-image-497\" src=\"https:\/\/organisator.ch\/wp-content\/uploads\/2016\/12\/Work-Life-Balance-wichtiger-als-die-eigene-Karriere2-organisator.png\" alt=\"\" width=\"680\" height=\"481\" srcset=\"https:\/\/www.organisator.ch\/wp-content\/uploads\/2016\/12\/Work-Life-Balance-wichtiger-als-die-eigene-Karriere2-organisator.png 3508w, https:\/\/www.organisator.ch\/wp-content\/uploads\/2016\/12\/Work-Life-Balance-wichtiger-als-die-eigene-Karriere2-organisator-680x481.png 680w, https:\/\/www.organisator.ch\/wp-content\/uploads\/2016\/12\/Work-Life-Balance-wichtiger-als-die-eigene-Karriere2-organisator-1024x724.png 1024w, https:\/\/www.organisator.ch\/wp-content\/uploads\/2016\/12\/Work-Life-Balance-wichtiger-als-die-eigene-Karriere2-organisator-768x543.png 768w, https:\/\/www.organisator.ch\/wp-content\/uploads\/2016\/12\/Work-Life-Balance-wichtiger-als-die-eigene-Karriere2-organisator-1536x1086.png 1536w, https:\/\/www.organisator.ch\/wp-content\/uploads\/2016\/12\/Work-Life-Balance-wichtiger-als-die-eigene-Karriere2-organisator-2048x1448.png 2048w, https:\/\/www.organisator.ch\/wp-content\/uploads\/2016\/12\/Work-Life-Balance-wichtiger-als-die-eigene-Karriere2-organisator-16x12.png 16w, https:\/\/www.organisator.ch\/wp-content\/uploads\/2016\/12\/Work-Life-Balance-wichtiger-als-die-eigene-Karriere2-organisator-248x175.png 248w, https:\/\/www.organisator.ch\/wp-content\/uploads\/2016\/12\/Work-Life-Balance-wichtiger-als-die-eigene-Karriere2-organisator-495x350.png 495w, https:\/\/www.organisator.ch\/wp-content\/uploads\/2016\/12\/Work-Life-Balance-wichtiger-als-die-eigene-Karriere2-organisator-1132x800.png 1132w, https:\/\/www.organisator.ch\/wp-content\/uploads\/2016\/12\/Work-Life-Balance-wichtiger-als-die-eigene-Karriere2-organisator-920x650.png 920w, https:\/\/www.organisator.ch\/wp-content\/uploads\/2016\/12\/Work-Life-Balance-wichtiger-als-die-eigene-Karriere2-organisator-1400x990.png 1400w, https:\/\/www.organisator.ch\/wp-content\/uploads\/2016\/12\/Work-Life-Balance-wichtiger-als-die-eigene-Karriere2-organisator-1980x1400.png 1980w, https:\/\/www.organisator.ch\/wp-content\/uploads\/2016\/12\/Work-Life-Balance-wichtiger-als-die-eigene-Karriere2-organisator-300x212.png 300w\" sizes=\"auto, (max-width: 680px) 100vw, 680px\" \/><figcaption id=\"caption-attachment-497\" class=\"wp-caption-text\">(ZvG: JobCloudAG)<\/figcaption><\/figure>\n<p>&nbsp;<\/p>","protected":false},"excerpt":{"rendered":"<p>F\u00fcr die Studie wurden 1\u2018486 Personen im Alter zwischen 16 und 60 Jahren bei der aktiven und passiven Stellensuche befragt.\u00a0 Das wohl deutlichste Ergebnis der Studie ist, dass immerhin 78 Prozent der Befragten eine gute Work-Life-Balance einer hohen Position im Unternehmen vorziehen w\u00fcrden. Nur 43 Prozent sprachen sich daf\u00fcr aus, dass die Karriere f\u00fcr sie [&hellip;]<\/p>\n","protected":false},"author":1,"featured_media":496,"comment_status":"open","ping_status":"open","sticky":false,"template":"","format":"standard","meta":{"_acf_changed":false,"_yoast_wpseo_focuskw":"Work Life Balance","_yoast_wpseo_metadesc":"Arbeitgeber m\u00fcssen ihren Mitarbeitenden in Zukunft mehr bieten als ein dickes Gehalt und steile Karriereaussichten \u2013 Work Life Balance.","articlekey":"","footnotes":""},"categories":[1],"tags":[459],"class_list":["post-494","post","type-post","status-publish","format-standard","has-post-thumbnail","hentry","category-allgemein","tag-studie"],"acf":[],"yoast_head":"<!-- This site is optimized with the Yoast SEO plugin v27.4 - https:\/\/yoast.com\/product\/yoast-seo-wordpress\/ -->\n<title>Work-Life-Balance wichtiger als die eigene Karriere - Organisator<\/title>\n<meta name=\"description\" content=\"Arbeitgeber m\u00fcssen ihren Mitarbeitenden in Zukunft mehr bieten als ein dickes Gehalt und steile Karriereaussichten \u2013 Work Life Balance.\" \/>\n<meta name=\"robots\" content=\"index, follow, max-snippet:-1, max-image-preview:large, max-video-preview:-1\" \/>\n<link rel=\"canonical\" href=\"https:\/\/www.organisator.ch\/it\/generale\/2016-05-17\/work-life-balance-wichtiger-als-die-eigene-karriere\/\" \/>\n<meta property=\"og:locale\" content=\"it_IT\" \/>\n<meta property=\"og:type\" content=\"article\" \/>\n<meta property=\"og:title\" content=\"Work-Life-Balance wichtiger als die eigene Karriere\" \/>\n<meta property=\"og:description\" content=\"Arbeitgeber m\u00fcssen ihren Mitarbeitenden in Zukunft mehr bieten als ein dickes Gehalt und steile Karriereaussichten. Sind Mitarbeitende einmal auf Jobsuche, sind die Romands aktiver als die Deutschschweizer. Das sind Ergebnisse einer Studie der JobCloud AG, die in Zusammenarbeit mit dem Link Institut durchgef\u00fchrt wurde.\" \/>\n<meta property=\"og:url\" content=\"https:\/\/www.organisator.ch\/it\/generale\/2016-05-17\/work-life-balance-wichtiger-als-die-eigene-karriere\/\" \/>\n<meta property=\"og:site_name\" content=\"Organisator\" \/>\n<meta property=\"article:publisher\" content=\"https:\/\/www.facebook.com\/OrganisatorFachmagazin\" \/>\n<meta property=\"article:published_time\" content=\"2016-05-17T09:09:57+00:00\" \/>\n<meta name=\"author\" content=\"admin\" \/>\n<meta name=\"twitter:card\" content=\"summary_large_image\" \/>\n<meta name=\"twitter:image\" content=\"https:\/\/www.organisator.ch\/wp-content\/uploads\/2016\/12\/Work-Life-Balance-wichtiger-als-die-eigene-Karriere-organisator-1.jpg\" \/>\n<script type=\"application\/ld+json\" class=\"yoast-schema-graph\">{\"@context\":\"https:\\\/\\\/schema.org\",\"@graph\":[{\"@type\":\"Article\",\"@id\":\"https:\\\/\\\/www.organisator.ch\\\/it\\\/generale\\\/2016-05-17\\\/work-life-balance-wichtiger-als-die-eigene-karriere\\\/#article\",\"isPartOf\":{\"@id\":\"https:\\\/\\\/www.organisator.ch\\\/it\\\/generale\\\/2016-05-17\\\/work-life-balance-wichtiger-als-die-eigene-karriere\\\/\"},\"author\":{\"name\":\"admin\",\"@id\":\"https:\\\/\\\/www.organisator.ch\\\/#\\\/schema\\\/person\\\/aa2bace6c5c5aad60102004a50c4eb1c\"},\"headline\":\"Work-Life-Balance wichtiger als die eigene Karriere\",\"datePublished\":\"2016-05-17T09:09:57+00:00\",\"mainEntityOfPage\":{\"@id\":\"https:\\\/\\\/www.organisator.ch\\\/it\\\/generale\\\/2016-05-17\\\/work-life-balance-wichtiger-als-die-eigene-karriere\\\/\"},\"wordCount\":312,\"commentCount\":0,\"publisher\":{\"@id\":\"https:\\\/\\\/www.organisator.ch\\\/#organization\"},\"image\":{\"@id\":\"https:\\\/\\\/www.organisator.ch\\\/it\\\/generale\\\/2016-05-17\\\/work-life-balance-wichtiger-als-die-eigene-karriere\\\/#primaryimage\"},\"thumbnailUrl\":\"https:\\\/\\\/www.organisator.ch\\\/wp-content\\\/uploads\\\/2016\\\/12\\\/Work-Life-Balance-wichtiger-als-die-eigene-Karriere-organisator-1.jpg\",\"keywords\":[\"Studie\"],\"articleSection\":[\"Allgemein\"],\"inLanguage\":\"it-IT\"},{\"@type\":\"WebPage\",\"@id\":\"https:\\\/\\\/www.organisator.ch\\\/it\\\/generale\\\/2016-05-17\\\/work-life-balance-wichtiger-als-die-eigene-karriere\\\/\",\"url\":\"https:\\\/\\\/www.organisator.ch\\\/it\\\/generale\\\/2016-05-17\\\/work-life-balance-wichtiger-als-die-eigene-karriere\\\/\",\"name\":\"Work-Life-Balance wichtiger als die eigene Karriere - Organisator\",\"isPartOf\":{\"@id\":\"https:\\\/\\\/www.organisator.ch\\\/#website\"},\"primaryImageOfPage\":{\"@id\":\"https:\\\/\\\/www.organisator.ch\\\/it\\\/generale\\\/2016-05-17\\\/work-life-balance-wichtiger-als-die-eigene-karriere\\\/#primaryimage\"},\"image\":{\"@id\":\"https:\\\/\\\/www.organisator.ch\\\/it\\\/generale\\\/2016-05-17\\\/work-life-balance-wichtiger-als-die-eigene-karriere\\\/#primaryimage\"},\"thumbnailUrl\":\"https:\\\/\\\/www.organisator.ch\\\/wp-content\\\/uploads\\\/2016\\\/12\\\/Work-Life-Balance-wichtiger-als-die-eigene-Karriere-organisator-1.jpg\",\"datePublished\":\"2016-05-17T09:09:57+00:00\",\"description\":\"Arbeitgeber m\u00fcssen ihren Mitarbeitenden in Zukunft mehr bieten als ein dickes Gehalt und steile Karriereaussichten \u2013 Work Life Balance.\",\"breadcrumb\":{\"@id\":\"https:\\\/\\\/www.organisator.ch\\\/it\\\/generale\\\/2016-05-17\\\/work-life-balance-wichtiger-als-die-eigene-karriere\\\/#breadcrumb\"},\"inLanguage\":\"it-IT\",\"potentialAction\":[{\"@type\":\"ReadAction\",\"target\":[\"https:\\\/\\\/www.organisator.ch\\\/it\\\/generale\\\/2016-05-17\\\/work-life-balance-wichtiger-als-die-eigene-karriere\\\/\"]}]},{\"@type\":\"ImageObject\",\"inLanguage\":\"it-IT\",\"@id\":\"https:\\\/\\\/www.organisator.ch\\\/it\\\/generale\\\/2016-05-17\\\/work-life-balance-wichtiger-als-die-eigene-karriere\\\/#primaryimage\",\"url\":\"https:\\\/\\\/www.organisator.ch\\\/wp-content\\\/uploads\\\/2016\\\/12\\\/Work-Life-Balance-wichtiger-als-die-eigene-Karriere-organisator-1.jpg\",\"contentUrl\":\"https:\\\/\\\/www.organisator.ch\\\/wp-content\\\/uploads\\\/2016\\\/12\\\/Work-Life-Balance-wichtiger-als-die-eigene-Karriere-organisator-1.jpg\",\"width\":773,\"height\":600},{\"@type\":\"BreadcrumbList\",\"@id\":\"https:\\\/\\\/www.organisator.ch\\\/it\\\/generale\\\/2016-05-17\\\/work-life-balance-wichtiger-als-die-eigene-karriere\\\/#breadcrumb\",\"itemListElement\":[{\"@type\":\"ListItem\",\"position\":1,\"name\":\"Home\",\"item\":\"https:\\\/\\\/www.organisator.ch\\\/\"},{\"@type\":\"ListItem\",\"position\":2,\"name\":\"Work-Life-Balance wichtiger als die eigene Karriere\"}]},{\"@type\":\"WebSite\",\"@id\":\"https:\\\/\\\/www.organisator.ch\\\/#website\",\"url\":\"https:\\\/\\\/www.organisator.ch\\\/\",\"name\":\"Organisator\",\"description\":\"Kompetent. Praxisnah. Der ORGANISATOR bereitet in 10 Ausgaben pro Jahr die wesentlichen Themen f\u00fcr F\u00fchrungskr\u00e4fte von KMU auf.\",\"publisher\":{\"@id\":\"https:\\\/\\\/www.organisator.ch\\\/#organization\"},\"potentialAction\":[{\"@type\":\"SearchAction\",\"target\":{\"@type\":\"EntryPoint\",\"urlTemplate\":\"https:\\\/\\\/www.organisator.ch\\\/?s={search_term_string}\"},\"query-input\":{\"@type\":\"PropertyValueSpecification\",\"valueRequired\":true,\"valueName\":\"search_term_string\"}}],\"inLanguage\":\"it-IT\"},{\"@type\":\"Organization\",\"@id\":\"https:\\\/\\\/www.organisator.ch\\\/#organization\",\"name\":\"Organisator\",\"url\":\"https:\\\/\\\/www.organisator.ch\\\/\",\"logo\":{\"@type\":\"ImageObject\",\"inLanguage\":\"it-IT\",\"@id\":\"https:\\\/\\\/www.organisator.ch\\\/#\\\/schema\\\/logo\\\/image\\\/\",\"url\":\"https:\\\/\\\/www.organisator.ch\\\/wp-content\\\/uploads\\\/2022\\\/01\\\/Logo_Organisator_Website.png\",\"contentUrl\":\"https:\\\/\\\/www.organisator.ch\\\/wp-content\\\/uploads\\\/2022\\\/01\\\/Logo_Organisator_Website.png\",\"width\":800,\"height\":77,\"caption\":\"Organisator\"},\"image\":{\"@id\":\"https:\\\/\\\/www.organisator.ch\\\/#\\\/schema\\\/logo\\\/image\\\/\"},\"sameAs\":[\"https:\\\/\\\/www.facebook.com\\\/OrganisatorFachmagazin\",\"https:\\\/\\\/www.linkedin.com\\\/showcase\\\/organisator-das-magazin-fr-kmu\",\"https:\\\/\\\/www.xing.com\\\/news\\\/pages\\\/organisator-ch-695\",\"https:\\\/\\\/www.youtube.com\\\/channel\\\/UCGP2Sq0iWaZwT3BdIAQFYpw\"]},{\"@type\":\"Person\",\"@id\":\"https:\\\/\\\/www.organisator.ch\\\/#\\\/schema\\\/person\\\/aa2bace6c5c5aad60102004a50c4eb1c\",\"name\":\"admin\",\"image\":{\"@type\":\"ImageObject\",\"inLanguage\":\"it-IT\",\"@id\":\"https:\\\/\\\/secure.gravatar.com\\\/avatar\\\/ae2f4d718e6c49043e314ce431e7e645d646302a24a5ef5a8bc8e3f5a032e319?s=96&d=mm&r=g\",\"url\":\"https:\\\/\\\/secure.gravatar.com\\\/avatar\\\/ae2f4d718e6c49043e314ce431e7e645d646302a24a5ef5a8bc8e3f5a032e319?s=96&d=mm&r=g\",\"contentUrl\":\"https:\\\/\\\/secure.gravatar.com\\\/avatar\\\/ae2f4d718e6c49043e314ce431e7e645d646302a24a5ef5a8bc8e3f5a032e319?s=96&d=mm&r=g\",\"caption\":\"admin\"},\"sameAs\":[\"https:\\\/\\\/www.organisator.ch\"],\"url\":\"https:\\\/\\\/www.organisator.ch\\\/it\\\/author\\\/admin\\\/\"}]}<\/script>\n<!-- \/ Yoast SEO plugin. -->","yoast_head_json":{"title":"L'equilibrio tra lavoro e vita privata \u00e8 pi\u00f9 importante della propria carriera - Organizzatore","description":"In futuro, i datori di lavoro dovranno offrire ai propri dipendenti qualcosa di pi\u00f9 di un lauto stipendio e di prospettive di carriera elevate: l'equilibrio tra lavoro e vita privata.","robots":{"index":"index","follow":"follow","max-snippet":"max-snippet:-1","max-image-preview":"max-image-preview:large","max-video-preview":"max-video-preview:-1"},"canonical":"https:\/\/www.organisator.ch\/it\/generale\/2016-05-17\/work-life-balance-wichtiger-als-die-eigene-karriere\/","og_locale":"it_IT","og_type":"article","og_title":"Work-Life-Balance wichtiger als die eigene Karriere","og_description":"Arbeitgeber m\u00fcssen ihren Mitarbeitenden in Zukunft mehr bieten als ein dickes Gehalt und steile Karriereaussichten. Sind Mitarbeitende einmal auf Jobsuche, sind die Romands aktiver als die Deutschschweizer. Das sind Ergebnisse einer Studie der JobCloud AG, die in Zusammenarbeit mit dem Link Institut durchgef\u00fchrt wurde.","og_url":"https:\/\/www.organisator.ch\/it\/generale\/2016-05-17\/work-life-balance-wichtiger-als-die-eigene-karriere\/","og_site_name":"Organisator","article_publisher":"https:\/\/www.facebook.com\/OrganisatorFachmagazin","article_published_time":"2016-05-17T09:09:57+00:00","author":"admin","twitter_card":"summary_large_image","twitter_image":"https:\/\/www.organisator.ch\/wp-content\/uploads\/2016\/12\/Work-Life-Balance-wichtiger-als-die-eigene-Karriere-organisator-1.jpg","schema":{"@context":"https:\/\/schema.org","@graph":[{"@type":"Article","@id":"https:\/\/www.organisator.ch\/it\/generale\/2016-05-17\/work-life-balance-wichtiger-als-die-eigene-karriere\/#article","isPartOf":{"@id":"https:\/\/www.organisator.ch\/it\/generale\/2016-05-17\/work-life-balance-wichtiger-als-die-eigene-karriere\/"},"author":{"name":"admin","@id":"https:\/\/www.organisator.ch\/#\/schema\/person\/aa2bace6c5c5aad60102004a50c4eb1c"},"headline":"Work-Life-Balance wichtiger als die eigene Karriere","datePublished":"2016-05-17T09:09:57+00:00","mainEntityOfPage":{"@id":"https:\/\/www.organisator.ch\/it\/generale\/2016-05-17\/work-life-balance-wichtiger-als-die-eigene-karriere\/"},"wordCount":312,"commentCount":0,"publisher":{"@id":"https:\/\/www.organisator.ch\/#organization"},"image":{"@id":"https:\/\/www.organisator.ch\/it\/generale\/2016-05-17\/work-life-balance-wichtiger-als-die-eigene-karriere\/#primaryimage"},"thumbnailUrl":"https:\/\/www.organisator.ch\/wp-content\/uploads\/2016\/12\/Work-Life-Balance-wichtiger-als-die-eigene-Karriere-organisator-1.jpg","keywords":["Studie"],"articleSection":["Allgemein"],"inLanguage":"it-IT"},{"@type":"WebPage","@id":"https:\/\/www.organisator.ch\/it\/generale\/2016-05-17\/work-life-balance-wichtiger-als-die-eigene-karriere\/","url":"https:\/\/www.organisator.ch\/it\/generale\/2016-05-17\/work-life-balance-wichtiger-als-die-eigene-karriere\/","name":"L'equilibrio tra lavoro e vita privata \u00e8 pi\u00f9 importante della propria carriera - Organizzatore","isPartOf":{"@id":"https:\/\/www.organisator.ch\/#website"},"primaryImageOfPage":{"@id":"https:\/\/www.organisator.ch\/it\/generale\/2016-05-17\/work-life-balance-wichtiger-als-die-eigene-karriere\/#primaryimage"},"image":{"@id":"https:\/\/www.organisator.ch\/it\/generale\/2016-05-17\/work-life-balance-wichtiger-als-die-eigene-karriere\/#primaryimage"},"thumbnailUrl":"https:\/\/www.organisator.ch\/wp-content\/uploads\/2016\/12\/Work-Life-Balance-wichtiger-als-die-eigene-Karriere-organisator-1.jpg","datePublished":"2016-05-17T09:09:57+00:00","description":"In futuro, i datori di lavoro dovranno offrire ai propri dipendenti qualcosa di pi\u00f9 di un lauto stipendio e di prospettive di carriera elevate: l'equilibrio tra lavoro e vita privata.","breadcrumb":{"@id":"https:\/\/www.organisator.ch\/it\/generale\/2016-05-17\/work-life-balance-wichtiger-als-die-eigene-karriere\/#breadcrumb"},"inLanguage":"it-IT","potentialAction":[{"@type":"ReadAction","target":["https:\/\/www.organisator.ch\/it\/generale\/2016-05-17\/work-life-balance-wichtiger-als-die-eigene-karriere\/"]}]},{"@type":"ImageObject","inLanguage":"it-IT","@id":"https:\/\/www.organisator.ch\/it\/generale\/2016-05-17\/work-life-balance-wichtiger-als-die-eigene-karriere\/#primaryimage","url":"https:\/\/www.organisator.ch\/wp-content\/uploads\/2016\/12\/Work-Life-Balance-wichtiger-als-die-eigene-Karriere-organisator-1.jpg","contentUrl":"https:\/\/www.organisator.ch\/wp-content\/uploads\/2016\/12\/Work-Life-Balance-wichtiger-als-die-eigene-Karriere-organisator-1.jpg","width":773,"height":600},{"@type":"BreadcrumbList","@id":"https:\/\/www.organisator.ch\/it\/generale\/2016-05-17\/work-life-balance-wichtiger-als-die-eigene-karriere\/#breadcrumb","itemListElement":[{"@type":"ListItem","position":1,"name":"Home","item":"https:\/\/www.organisator.ch\/"},{"@type":"ListItem","position":2,"name":"Work-Life-Balance wichtiger als die eigene Karriere"}]},{"@type":"WebSite","@id":"https:\/\/www.organisator.ch\/#website","url":"https:\/\/www.organisator.ch\/","name":"Organizzatore","description":"Competente. Pratico. In 10 numeri all'anno, ORGANISATOR presenta i temi essenziali per i manager delle PMI.","publisher":{"@id":"https:\/\/www.organisator.ch\/#organization"},"potentialAction":[{"@type":"SearchAction","target":{"@type":"EntryPoint","urlTemplate":"https:\/\/www.organisator.ch\/?s={search_term_string}"},"query-input":{"@type":"PropertyValueSpecification","valueRequired":true,"valueName":"search_term_string"}}],"inLanguage":"it-IT"},{"@type":"Organization","@id":"https:\/\/www.organisator.ch\/#organization","name":"Organizzatore","url":"https:\/\/www.organisator.ch\/","logo":{"@type":"ImageObject","inLanguage":"it-IT","@id":"https:\/\/www.organisator.ch\/#\/schema\/logo\/image\/","url":"https:\/\/www.organisator.ch\/wp-content\/uploads\/2022\/01\/Logo_Organisator_Website.png","contentUrl":"https:\/\/www.organisator.ch\/wp-content\/uploads\/2022\/01\/Logo_Organisator_Website.png","width":800,"height":77,"caption":"Organisator"},"image":{"@id":"https:\/\/www.organisator.ch\/#\/schema\/logo\/image\/"},"sameAs":["https:\/\/www.facebook.com\/OrganisatorFachmagazin","https:\/\/www.linkedin.com\/showcase\/organisator-das-magazin-fr-kmu","https:\/\/www.xing.com\/news\/pages\/organisator-ch-695","https:\/\/www.youtube.com\/channel\/UCGP2Sq0iWaZwT3BdIAQFYpw"]},{"@type":"Person","@id":"https:\/\/www.organisator.ch\/#\/schema\/person\/aa2bace6c5c5aad60102004a50c4eb1c","name":"amministratore","image":{"@type":"ImageObject","inLanguage":"it-IT","@id":"https:\/\/secure.gravatar.com\/avatar\/ae2f4d718e6c49043e314ce431e7e645d646302a24a5ef5a8bc8e3f5a032e319?s=96&d=mm&r=g","url":"https:\/\/secure.gravatar.com\/avatar\/ae2f4d718e6c49043e314ce431e7e645d646302a24a5ef5a8bc8e3f5a032e319?s=96&d=mm&r=g","contentUrl":"https:\/\/secure.gravatar.com\/avatar\/ae2f4d718e6c49043e314ce431e7e645d646302a24a5ef5a8bc8e3f5a032e319?s=96&d=mm&r=g","caption":"admin"},"sameAs":["https:\/\/www.organisator.ch"],"url":"https:\/\/www.organisator.ch\/it\/author\/admin\/"}]}},"_links":{"self":[{"href":"https:\/\/www.organisator.ch\/it\/wp-json\/wp\/v2\/posts\/494","targetHints":{"allow":["GET"]}}],"collection":[{"href":"https:\/\/www.organisator.ch\/it\/wp-json\/wp\/v2\/posts"}],"about":[{"href":"https:\/\/www.organisator.ch\/it\/wp-json\/wp\/v2\/types\/post"}],"author":[{"embeddable":true,"href":"https:\/\/www.organisator.ch\/it\/wp-json\/wp\/v2\/users\/1"}],"replies":[{"embeddable":true,"href":"https:\/\/www.organisator.ch\/it\/wp-json\/wp\/v2\/comments?post=494"}],"version-history":[{"count":0,"href":"https:\/\/www.organisator.ch\/it\/wp-json\/wp\/v2\/posts\/494\/revisions"}],"wp:featuredmedia":[{"embeddable":true,"href":"https:\/\/www.organisator.ch\/it\/wp-json\/wp\/v2\/media\/496"}],"wp:attachment":[{"href":"https:\/\/www.organisator.ch\/it\/wp-json\/wp\/v2\/media?parent=494"}],"wp:term":[{"taxonomy":"category","embeddable":true,"href":"https:\/\/www.organisator.ch\/it\/wp-json\/wp\/v2\/categories?post=494"},{"taxonomy":"post_tag","embeddable":true,"href":"https:\/\/www.organisator.ch\/it\/wp-json\/wp\/v2\/tags?post=494"}],"curies":[{"name":"wp","href":"https:\/\/api.w.org\/{rel}","templated":true}]}}