{"id":4948,"date":"2019-02-26T13:45:28","date_gmt":"2019-02-26T12:45:28","guid":{"rendered":"https:\/\/www.organisator.ch\/?p=4948"},"modified":"2019-02-26T13:45:28","modified_gmt":"2019-02-26T12:45:28","slug":"100-jahre-snv-die-goldenen-zwanziger-ausgelassen-rasant-und-unglaublich-innovativ","status":"publish","type":"post","link":"https:\/\/www.organisator.ch\/it\/allgemein\/2019-02-26\/100-jahre-snv-die-goldenen-zwanziger-ausgelassen-rasant-und-unglaublich-innovativ\/","title":{"rendered":"100 anni di SNV: The Golden Twenties - esuberante, vivace e incredibilmente innovativo"},"content":{"rendered":"<figure id=\"attachment_4960\" aria-describedby=\"caption-attachment-4960\" style=\"width: 680px\" class=\"wp-caption alignnone\"><img loading=\"lazy\" decoding=\"async\" class=\"size-medium wp-image-4960\" src=\"https:\/\/www.organisator.ch\/wp-content\/uploads\/2019\/02\/Die-Goldenen-Zwanziger-Ausgelassen-rasant-und-unglaublich-innovativ_Organisator.jpg\" alt=\"\" width=\"680\" height=\"390\" srcset=\"https:\/\/www.organisator.ch\/wp-content\/uploads\/2019\/02\/Die-Goldenen-Zwanziger-Ausgelassen-rasant-und-unglaublich-innovativ_Organisator.jpg 680w, https:\/\/www.organisator.ch\/wp-content\/uploads\/2019\/02\/Die-Goldenen-Zwanziger-Ausgelassen-rasant-und-unglaublich-innovativ_Organisator-16x9.jpg 16w, https:\/\/www.organisator.ch\/wp-content\/uploads\/2019\/02\/Die-Goldenen-Zwanziger-Ausgelassen-rasant-und-unglaublich-innovativ_Organisator-305x175.jpg 305w, https:\/\/www.organisator.ch\/wp-content\/uploads\/2019\/02\/Die-Goldenen-Zwanziger-Ausgelassen-rasant-und-unglaublich-innovativ_Organisator-610x350.jpg 610w, https:\/\/www.organisator.ch\/wp-content\/uploads\/2019\/02\/Die-Goldenen-Zwanziger-Ausgelassen-rasant-und-unglaublich-innovativ_Organisator-300x172.jpg 300w\" sizes=\"auto, (max-width: 680px) 100vw, 680px\" \/><figcaption id=\"caption-attachment-4960\" class=\"wp-caption-text\">Giovani donne in gonne corte ballano esuberanti il Charleston per tutta la notte. (Immagine: zVg \/ SNV)<\/figcaption><\/figure>\n<p>Una generazione di giovani uomini viene spazzata via o traumatizzata. Forse \u00e8 lo sconforto collettivo e la sensazione che non ci sia pi\u00f9 nulla da perdere a creare un'atmosfera fenomenale di sconvolgimento e cambiamento. Gli anni Venti non sono solo sinonimo di ritmi incalzanti e di ammalianti suoni di tromba, ma sono anche un decennio ricco di invenzioni notevoli. In questa sede vengono presi in considerazione i seguenti temi principali:<\/p>\n<h2><strong>Medicina: la scoperta della penicillina<\/strong><\/h2>\n<p>Nel settembre del 1928, il batteriologo scozzese Alexander Fleming nota per caso in laboratorio che una muffa ha un effetto inibitore della crescita sulle sue colture di stafilococco dimenticate. Ulteriori ricerche portano poi alla creazione dell'antibiotico penicillina, che aumenter\u00e0 in modo significativo l'aspettativa di vita dell'uomo. Per la sua scoperta, Fleming riceve il premio Nobel nel 1945 insieme a Howard Walter Florey ed Ernst Boris Chain, che proseguono le sue ricerche, \"per la scoperta della penicillina e del suo effetto curativo in varie malattie infettive\".<\/p>\n<p>La standardizzazione svolge un lavoro prezioso per le strutture e le attrezzature di laboratorio, rendendo possibile l'adattamento di strumenti e materiali e quindi l'efficienza del processo. Ad esempio, l'introduzione di colori e connessioni standardizzate per i gas ha fatto s\u00ec che gli anestesisti non confondessero protossido di azoto, ossigeno e azoto.<\/p>\n<h2><strong>Fisica: Albert Einstein riceve il premio Nobel<\/strong><\/h2>\n<p>Poich\u00e9 il giovane tedesco Albert Einstein voleva studiare all'odierno Politecnico di Zurigo, all'et\u00e0 di 17 anni si trasfer\u00ec ad Aarau, dove complet\u00f2 la maturit\u00e0 e si diplom\u00f2 come insegnante specializzato di matematica e fisica. Sospettava allora che sarebbe diventato lo scienziato pi\u00f9 noto al mondo dei tempi moderni? Dopo vari progetti di ricerca e pubblicazioni, il suo percorso lo ha portato all'ufficio brevetti di Berna e all'insegnamento in diverse universit\u00e0. Nel dicembre 1922, Albert Einstein ricevette il Premio Nobel \"per i suoi servizi alla fisica teorica, in particolare per la scoperta della legge dell'effetto fotoelettrico\".<\/p>\n<h2><strong>Cosa c'entrano le innovazioni con gli standard?<\/strong><\/h2>\n<p>Gli standard possono fungere da catalizzatore per l'innovazione e contribuire a portare pi\u00f9 rapidamente le soluzioni sul mercato. Pu\u00f2 essere cruciale per il successo del mercato portare gli aspetti di un'innovazione nella standardizzazione per preparare il mercato ad accoglierla. In particolare, le innovazioni che attraversano i settori e le catene del valore stanno diventando sempre pi\u00f9 significative. Gli standard portano ulteriori vantaggi:<\/p>\n<ul>\n<li><strong>Gli standard come catalizzatore dell'innovazione: <\/strong>Gli standard possono fungere da catalizzatore per l'innovazione e contribuire a portare pi\u00f9 rapidamente le soluzioni sul mercato. Pu\u00f2 essere cruciale per il successo del mercato portare gli aspetti di un'innovazione nella standardizzazione per preparare il mercato ad accoglierla. In particolare, le innovazioni che attraversano i settori e le catene del valore stanno diventando sempre pi\u00f9 significative.<\/li>\n<li><strong>Gli standard definiscono le interfacce e i requisiti di compatibilit\u00e0: <\/strong>Nell'attuale mondo in rete, le interfacce chiaramente definite e la compatibilit\u00e0 tra i singoli componenti e sistemi sono pi\u00f9 importanti che mai. In particolare, i fornitori che operano a livello transfrontaliero devono assicurarsi di continuare a soddisfare i requisiti operativi delle aziende che riforniscono nell'era dell'Industria 4.0. Chi non rispetta gli standard pu\u00f2 essere rapidamente escluso dal mercato.<\/li>\n<li><strong>Gli standard facilitano l'accesso al mercato: <\/strong>Gli standard, in quanto linguaggio globale della tecnologia, riducono le barriere tecniche al commercio e facilitano la libera circolazione delle merci. Gli standard servono ad aprire le porte e a promuovere le esportazioni: gli standard europei (EN) aprono l'accesso al mercato interno dell'UE, quelli internazionali (ISO) al mercato mondiale. Oggi, in Europa, per le merci vale il principio: uno standard - un test - accettato ovunque.<\/li>\n<li><strong>Gli standard servono a risparmiare sui costi: <\/strong>Gli standard consentono di aumentare l'efficienza e di risparmiare sui costi in tutte le aree dell'azienda, come R&amp;S (ricerca e sviluppo), progettazione, acquisti, produzione, qualit\u00e0 e ingegneria dei sistemi. Inoltre, gli standard consentono una produzione pi\u00f9 razionale ed efficiente in termini di costi, soddisfacendo cos\u00ec il desiderio dei consumatori di avere servizi economici e allo stesso tempo di buona qualit\u00e0.<\/li>\n<li><strong>Gli standard migliorano la sicurezza dei prodotti: <\/strong>Gli standard definiscono la qualit\u00e0 e i requisiti minimi e forniscono soluzioni riconosciute per la protezione dei consumatori, della salute, della sicurezza e dell'ambiente. Il rispetto degli standard di qualit\u00e0 e sicurezza pu\u00f2 ridurre in modo dimostrabile il rischio di incidenti, contribuendo cos\u00ec in modo significativo alla tutela della salute dei consumatori e dei lavoratori.<\/li>\n<li><strong>Gli standard riducono il rischio di responsabilit\u00e0 del prodotto: <\/strong>Gli standard forniscono chiarezza sulle propriet\u00e0 di un prodotto e sono considerati come regole chiare e riconosciute della tecnologia. Nei contratti, il riferimento agli standard garantisce una maggiore certezza giuridica. Inoltre, leggi, ordinanze e regolamenti fanno sempre pi\u00f9 spesso riferimento a standard nazionali, europei o internazionali per adeguarli allo stato dello sviluppo tecnico.<\/li>\n<\/ul>\n<h2>Galleria di immagini: Quelli erano gli anni '20<\/h2>\n<p>&nbsp;<\/p>\n<div id='gallery-1' class='gallery galleryid-4948 gallery-columns-3 gallery-size-thumbnail'><figure class='gallery-item'>\n\t\t\t<div class='gallery-icon landscape'>\n\t\t\t\t<a href='https:\/\/www.organisator.ch\/it\/allgemein\/2019-02-26\/100-jahre-snv-die-goldenen-zwanziger-ausgelassen-rasant-und-unglaublich-innovativ\/attachment\/abb-maschinen\/'><img loading=\"lazy\" decoding=\"async\" width=\"150\" height=\"150\" src=\"https:\/\/www.organisator.ch\/wp-content\/uploads\/2019\/02\/ABB-Maschinen-150x150.jpg\" class=\"attachment-thumbnail size-thumbnail\" alt=\"\" aria-describedby=\"gallery-1-4955\" srcset=\"https:\/\/www.organisator.ch\/wp-content\/uploads\/2019\/02\/ABB-Maschinen-150x150.jpg 150w, https:\/\/www.organisator.ch\/wp-content\/uploads\/2019\/02\/ABB-Maschinen-100x100.jpg 100w\" sizes=\"auto, (max-width: 150px) 100vw, 150px\" \/><\/a>\n\t\t\t<\/div>\n\t\t\t\t<figcaption class='wp-caption-text gallery-caption' id='gallery-1-4955'>\n\t\t\t\tBBC (ora ABB) si aggiudica il contratto per la costruzione della pi\u00f9 grande unit\u00e0 di macchine al mondo per New York. (Immagine: zVg \/ ABB)\n\t\t\t\t<\/figcaption><\/figure><figure class='gallery-item'>\n\t\t\t<div class='gallery-icon landscape'>\n\t\t\t\t<a href='https:\/\/www.organisator.ch\/it\/allgemein\/2019-02-26\/100-jahre-snv-die-goldenen-zwanziger-ausgelassen-rasant-und-unglaublich-innovativ\/attachment\/reissverschluss\/'><img loading=\"lazy\" decoding=\"async\" width=\"150\" height=\"150\" src=\"https:\/\/www.organisator.ch\/wp-content\/uploads\/2019\/02\/Reissverschluss-150x150.jpg\" class=\"attachment-thumbnail size-thumbnail\" alt=\"\" aria-describedby=\"gallery-1-4954\" srcset=\"https:\/\/www.organisator.ch\/wp-content\/uploads\/2019\/02\/Reissverschluss-150x150.jpg 150w, https:\/\/www.organisator.ch\/wp-content\/uploads\/2019\/02\/Reissverschluss-100x100.jpg 100w\" sizes=\"auto, (max-width: 150px) 100vw, 150px\" \/><\/a>\n\t\t\t<\/div>\n\t\t\t\t<figcaption class='wp-caption-text gallery-caption' id='gallery-1-4954'>\n\t\t\t\tRiri lancia la prima cerniera lampo prodotta in serie sul mercato. Oggi le cerniere possono essere testate in modo uniforme grazie alla norma EN 16732. (Immagine: zVg \/ Archivio SNV)\n\t\t\t\t<\/figcaption><\/figure><figure class='gallery-item'>\n\t\t\t<div class='gallery-icon landscape'>\n\t\t\t\t<a href='https:\/\/www.organisator.ch\/it\/allgemein\/2019-02-26\/100-jahre-snv-die-goldenen-zwanziger-ausgelassen-rasant-und-unglaublich-innovativ\/attachment\/tetro-tv-vintage\/'><img loading=\"lazy\" decoding=\"async\" width=\"150\" height=\"150\" src=\"https:\/\/www.organisator.ch\/wp-content\/uploads\/2019\/02\/Tetro-TV-Vintage-150x150.jpg\" class=\"attachment-thumbnail size-thumbnail\" alt=\"\" aria-describedby=\"gallery-1-4953\" srcset=\"https:\/\/www.organisator.ch\/wp-content\/uploads\/2019\/02\/Tetro-TV-Vintage-150x150.jpg 150w, https:\/\/www.organisator.ch\/wp-content\/uploads\/2019\/02\/Tetro-TV-Vintage-100x100.jpg 100w\" sizes=\"auto, (max-width: 150px) 100vw, 150px\" \/><\/a>\n\t\t\t<\/div>\n\t\t\t\t<figcaption class='wp-caption-text gallery-caption' id='gallery-1-4953'>\n\t\t\t\tSolo uno scambio di dati standardizzato consente la trasmissione di informazioni visive. Nel 1929, in Germania, viene stabilito il primo standard televisivo. (Foto: zVg \/ Archivio SNV)\n\t\t\t\t<\/figcaption><\/figure><figure class='gallery-item'>\n\t\t\t<div class='gallery-icon landscape'>\n\t\t\t\t<a href='https:\/\/www.organisator.ch\/it\/allgemein\/2019-02-26\/100-jahre-snv-die-goldenen-zwanziger-ausgelassen-rasant-und-unglaublich-innovativ\/attachment\/charles-lindbergh-propeller-flugzeug_web\/'><img loading=\"lazy\" decoding=\"async\" width=\"150\" height=\"150\" src=\"https:\/\/www.organisator.ch\/wp-content\/uploads\/2019\/02\/Charles-Lindbergh-Propeller-Flugzeug_Web-150x150.jpg\" class=\"attachment-thumbnail size-thumbnail\" alt=\"\" aria-describedby=\"gallery-1-4952\" srcset=\"https:\/\/www.organisator.ch\/wp-content\/uploads\/2019\/02\/Charles-Lindbergh-Propeller-Flugzeug_Web-150x150.jpg 150w, https:\/\/www.organisator.ch\/wp-content\/uploads\/2019\/02\/Charles-Lindbergh-Propeller-Flugzeug_Web-250x250.jpg 250w, https:\/\/www.organisator.ch\/wp-content\/uploads\/2019\/02\/Charles-Lindbergh-Propeller-Flugzeug_Web-100x100.jpg 100w\" sizes=\"auto, (max-width: 150px) 100vw, 150px\" \/><\/a>\n\t\t\t<\/div>\n\t\t\t\t<figcaption class='wp-caption-text gallery-caption' id='gallery-1-4952'>\n\t\t\t\tCharles Lindbergh divenne famoso in tutto il mondo con la sua traversata atlantica da New York a Parigi. (Foto: zVg \/ Archivio SNV)\n\t\t\t\t<\/figcaption><\/figure><figure class='gallery-item'>\n\t\t\t<div class='gallery-icon landscape'>\n\t\t\t\t<a href='https:\/\/www.organisator.ch\/it\/allgemein\/2019-02-26\/100-jahre-snv-die-goldenen-zwanziger-ausgelassen-rasant-und-unglaublich-innovativ\/attachment\/snv_mann-arbeitet-mit-leder_web\/'><img loading=\"lazy\" decoding=\"async\" width=\"150\" height=\"150\" src=\"https:\/\/www.organisator.ch\/wp-content\/uploads\/2019\/02\/SNV_Mann-arbeitet-mit-Leder_Web-150x150.jpg\" class=\"attachment-thumbnail size-thumbnail\" alt=\"\" aria-describedby=\"gallery-1-4951\" srcset=\"https:\/\/www.organisator.ch\/wp-content\/uploads\/2019\/02\/SNV_Mann-arbeitet-mit-Leder_Web-150x150.jpg 150w, https:\/\/www.organisator.ch\/wp-content\/uploads\/2019\/02\/SNV_Mann-arbeitet-mit-Leder_Web-100x100.jpg 100w\" sizes=\"auto, (max-width: 150px) 100vw, 150px\" \/><\/a>\n\t\t\t<\/div>\n\t\t\t\t<figcaption class='wp-caption-text gallery-caption' id='gallery-1-4951'>\n\t\t\t\tIl maestro sellaio Guccio Gucci fonda a Firenze un piccolo laboratorio di pelletteria e valigeria. (Foto: zVg \/ Archivio SNV)\n\t\t\t\t<\/figcaption><\/figure><figure class='gallery-item'>\n\t\t\t<div class='gallery-icon landscape'>\n\t\t\t\t<a href='https:\/\/www.organisator.ch\/it\/allgemein\/2019-02-26\/100-jahre-snv-die-goldenen-zwanziger-ausgelassen-rasant-und-unglaublich-innovativ\/attachment\/fliessbandarbeit\/'><img loading=\"lazy\" decoding=\"async\" width=\"150\" height=\"150\" src=\"https:\/\/www.organisator.ch\/wp-content\/uploads\/2019\/02\/Fliessbandarbeit-150x150.jpg\" class=\"attachment-thumbnail size-thumbnail\" alt=\"\" aria-describedby=\"gallery-1-4950\" srcset=\"https:\/\/www.organisator.ch\/wp-content\/uploads\/2019\/02\/Fliessbandarbeit-150x150.jpg 150w, https:\/\/www.organisator.ch\/wp-content\/uploads\/2019\/02\/Fliessbandarbeit-100x100.jpg 100w\" sizes=\"auto, (max-width: 150px) 100vw, 150px\" \/><\/a>\n\t\t\t<\/div>\n\t\t\t\t<figcaption class='wp-caption-text gallery-caption' id='gallery-1-4950'>\n\t\t\t\tLa standardizzazione degli elementi delle macchine era il prerequisito per la produzione di massa e il lavoro in catena di montaggio. (Foto: zVg SNV \/ ABB)\n\t\t\t\t<\/figcaption><\/figure><figure class='gallery-item'>\n\t\t\t<div class='gallery-icon landscape'>\n\t\t\t\t<a href='https:\/\/www.organisator.ch\/it\/allgemein\/2019-02-26\/100-jahre-snv-die-goldenen-zwanziger-ausgelassen-rasant-und-unglaublich-innovativ\/attachment\/snv_charleston\/'><img loading=\"lazy\" decoding=\"async\" width=\"150\" height=\"150\" src=\"https:\/\/www.organisator.ch\/wp-content\/uploads\/2019\/02\/SNV_Charleston-150x150.jpg\" class=\"attachment-thumbnail size-thumbnail\" alt=\"\" aria-describedby=\"gallery-1-4949\" srcset=\"https:\/\/www.organisator.ch\/wp-content\/uploads\/2019\/02\/SNV_Charleston-150x150.jpg 150w, https:\/\/www.organisator.ch\/wp-content\/uploads\/2019\/02\/SNV_Charleston-100x100.jpg 100w\" sizes=\"auto, (max-width: 150px) 100vw, 150px\" \/><\/a>\n\t\t\t<\/div>\n\t\t\t\t<figcaption class='wp-caption-text gallery-caption' id='gallery-1-4949'>\n\t\t\t\tGiovani donne in gonne corte ballano esuberanti il Charleston per tutta la notte. (Foto: zVg \/ Archivio SNV)\n\t\t\t\t<\/figcaption><\/figure>\n\t\t<\/div>\n\n<p><em>Fonti: Wikipedia, Stern.de, Consiglio di fondazione del Museo della Scienza (Penicillina), ABB<\/em><\/p>\n<h2>100 anni di SNV: concorso per gli anniversari<\/h2>\n<p>Nell'ambito del suo 100\u00b0 anniversario, l'SNV organizza ogni mese un concorso. Rispondete alla domanda del concorso e vincete interessanti premi.<\/p>\n<p><a href=\"https:\/\/www.snv.ch\/de\/100-jahre-snv\/monatswettbewerb.html\">https:\/\/www.snv.ch\/de\/100-jahre-snv\/monatswettbewerb.html<\/a><\/p>","protected":false},"excerpt":{"rendered":"<p>Eine Generation junger M\u00e4nner ist ausgel\u00f6scht oder traumatisiert. Vielleicht sind es die kollektive Niedergeschlagenheit und das Gef\u00fchl, nichts mehr verlieren zu k\u00f6nnen, die eine ph\u00e4nomenale Auf- und Umbruchstimmung hervorrufen. Die 1920er stehen nicht nur f\u00fcr schnelle Takte und bet\u00f6rende Trompetenkl\u00e4nge, sie sind auch ein Jahrzehnt voller bemerkenswerter Erfindungen. Betrachtet werden hier folgende Fokusthemen: Medizin: Die [&hellip;]<\/p>\n","protected":false},"author":4,"featured_media":4960,"comment_status":"open","ping_status":"open","sticky":false,"template":"","format":"standard","meta":{"_acf_changed":false,"_yoast_wpseo_focuskw":"100 Jahre SNV","_yoast_wpseo_metadesc":"Bis heute sind die Goldenen Zwanziger der Inbegriff von Vergn\u00fcgen und Lebenslust. Dabei steht die Welt zu Beginn der 1920er-Jahre vor einem Scherbenhaufen.","articlekey":"","footnotes":""},"categories":[1],"tags":[206,292,492,508],"class_list":["post-4948","post","type-post","status-publish","format-standard","has-post-thumbnail","hentry","category-allgemein","tag-firmenjubilaeum","tag-jubilaeum","tag-unternehmen","tag-vermischtes"],"acf":[],"yoast_head":"<!-- This site is optimized with the Yoast SEO plugin v27.4 - https:\/\/yoast.com\/product\/yoast-seo-wordpress\/ -->\n<title>100 Jahre SNV: Die Goldenen Zwanziger \u2013 Ausgelassen, rasant und unglaublich innovativ - Organisator<\/title>\n<meta name=\"description\" content=\"Bis heute sind die Goldenen Zwanziger der Inbegriff von Vergn\u00fcgen und Lebenslust. Dabei steht die Welt zu Beginn der 1920er-Jahre vor einem Scherbenhaufen.\" \/>\n<meta name=\"robots\" content=\"index, follow, max-snippet:-1, max-image-preview:large, max-video-preview:-1\" \/>\n<link rel=\"canonical\" href=\"https:\/\/www.organisator.ch\/it\/generale\/2019-02-26\/100-jahre-snv-die-goldenen-zwanziger-ausgelassen-rasant-und-unglaublich-innovativ\/\" \/>\n<meta property=\"og:locale\" content=\"it_IT\" \/>\n<meta property=\"og:type\" content=\"article\" \/>\n<meta property=\"og:title\" content=\"100 Jahre SNV: Die Goldenen Zwanziger \u2013 Ausgelassen, rasant und unglaublich innovativ\" \/>\n<meta property=\"og:description\" content=\"Bis heute sind die Goldenen Zwanziger der Inbegriff von Vergn\u00fcgen und Lebenslust. Dabei steht die Welt zu Beginn der 1920er-Jahre vor einem Scherbenhaufen.\" \/>\n<meta property=\"og:url\" content=\"https:\/\/www.organisator.ch\/it\/generale\/2019-02-26\/100-jahre-snv-die-goldenen-zwanziger-ausgelassen-rasant-und-unglaublich-innovativ\/\" \/>\n<meta property=\"og:site_name\" content=\"Organisator\" \/>\n<meta property=\"article:publisher\" content=\"https:\/\/www.facebook.com\/OrganisatorFachmagazin\" \/>\n<meta property=\"article:published_time\" content=\"2019-02-26T12:45:28+00:00\" \/>\n<meta property=\"og:image\" content=\"https:\/\/www.organisator.ch\/wp-content\/uploads\/2019\/02\/Die-Goldenen-Zwanziger-Ausgelassen-rasant-und-unglaublich-innovativ_Organisator.jpg\" \/>\n\t<meta property=\"og:image:width\" content=\"680\" \/>\n\t<meta property=\"og:image:height\" content=\"390\" \/>\n\t<meta property=\"og:image:type\" content=\"image\/jpeg\" \/>\n<meta name=\"author\" content=\"thomas.berner\" \/>\n<meta name=\"twitter:card\" content=\"summary_large_image\" \/>\n<meta name=\"twitter:title\" content=\"100 Jahre SNV: Die Goldenen Zwanziger \u2013 Ausgelassen, rasant und unglaublich innovativ\" \/>\n<meta name=\"twitter:description\" content=\"Bis heute sind die Goldenen Zwanziger der Inbegriff von Vergn\u00fcgen und Lebenslust. Dabei steht die Welt zu Beginn der 1920er-Jahre vor einem Scherbenhaufen.\" \/>\n<meta name=\"twitter:image\" content=\"https:\/\/www.organisator.ch\/wp-content\/uploads\/2019\/02\/Die-Goldenen-Zwanziger-Ausgelassen-rasant-und-unglaublich-innovativ_Organisator.jpg\" \/>\n<script type=\"application\/ld+json\" class=\"yoast-schema-graph\">{\"@context\":\"https:\\\/\\\/schema.org\",\"@graph\":[{\"@type\":\"Article\",\"@id\":\"https:\\\/\\\/www.organisator.ch\\\/en\\\/general\\\/2019-02-26\\\/100-jahre-snv-die-goldenen-zwanziger-ausgelassen-rasant-und-unglaublich-innovativ\\\/#article\",\"isPartOf\":{\"@id\":\"https:\\\/\\\/www.organisator.ch\\\/en\\\/general\\\/2019-02-26\\\/100-jahre-snv-die-goldenen-zwanziger-ausgelassen-rasant-und-unglaublich-innovativ\\\/\"},\"author\":{\"name\":\"thomas.berner\",\"@id\":\"https:\\\/\\\/www.organisator.ch\\\/#\\\/schema\\\/person\\\/6f650f90b2842cd4c0cc334b4e36f67e\"},\"headline\":\"100 Jahre SNV: Die Goldenen Zwanziger \u2013 Ausgelassen, rasant und unglaublich innovativ\",\"datePublished\":\"2019-02-26T12:45:28+00:00\",\"mainEntityOfPage\":{\"@id\":\"https:\\\/\\\/www.organisator.ch\\\/en\\\/general\\\/2019-02-26\\\/100-jahre-snv-die-goldenen-zwanziger-ausgelassen-rasant-und-unglaublich-innovativ\\\/\"},\"wordCount\":810,\"commentCount\":0,\"publisher\":{\"@id\":\"https:\\\/\\\/www.organisator.ch\\\/#organization\"},\"image\":{\"@id\":\"https:\\\/\\\/www.organisator.ch\\\/en\\\/general\\\/2019-02-26\\\/100-jahre-snv-die-goldenen-zwanziger-ausgelassen-rasant-und-unglaublich-innovativ\\\/#primaryimage\"},\"thumbnailUrl\":\"https:\\\/\\\/www.organisator.ch\\\/wp-content\\\/uploads\\\/2019\\\/02\\\/Die-Goldenen-Zwanziger-Ausgelassen-rasant-und-unglaublich-innovativ_Organisator.jpg\",\"keywords\":[\"Firmenjubil\u00e4um\",\"Jubil\u00e4um\",\"Unternehmen\",\"Vermischtes\"],\"articleSection\":[\"Allgemein\"],\"inLanguage\":\"it-IT\"},{\"@type\":\"WebPage\",\"@id\":\"https:\\\/\\\/www.organisator.ch\\\/en\\\/general\\\/2019-02-26\\\/100-jahre-snv-die-goldenen-zwanziger-ausgelassen-rasant-und-unglaublich-innovativ\\\/\",\"url\":\"https:\\\/\\\/www.organisator.ch\\\/en\\\/general\\\/2019-02-26\\\/100-jahre-snv-die-goldenen-zwanziger-ausgelassen-rasant-und-unglaublich-innovativ\\\/\",\"name\":\"100 Jahre SNV: Die Goldenen Zwanziger \u2013 Ausgelassen, rasant und unglaublich innovativ - Organisator\",\"isPartOf\":{\"@id\":\"https:\\\/\\\/www.organisator.ch\\\/#website\"},\"primaryImageOfPage\":{\"@id\":\"https:\\\/\\\/www.organisator.ch\\\/en\\\/general\\\/2019-02-26\\\/100-jahre-snv-die-goldenen-zwanziger-ausgelassen-rasant-und-unglaublich-innovativ\\\/#primaryimage\"},\"image\":{\"@id\":\"https:\\\/\\\/www.organisator.ch\\\/en\\\/general\\\/2019-02-26\\\/100-jahre-snv-die-goldenen-zwanziger-ausgelassen-rasant-und-unglaublich-innovativ\\\/#primaryimage\"},\"thumbnailUrl\":\"https:\\\/\\\/www.organisator.ch\\\/wp-content\\\/uploads\\\/2019\\\/02\\\/Die-Goldenen-Zwanziger-Ausgelassen-rasant-und-unglaublich-innovativ_Organisator.jpg\",\"datePublished\":\"2019-02-26T12:45:28+00:00\",\"description\":\"Bis heute sind die Goldenen Zwanziger der Inbegriff von Vergn\u00fcgen und Lebenslust. Dabei steht die Welt zu Beginn der 1920er-Jahre vor einem Scherbenhaufen.\",\"breadcrumb\":{\"@id\":\"https:\\\/\\\/www.organisator.ch\\\/en\\\/general\\\/2019-02-26\\\/100-jahre-snv-die-goldenen-zwanziger-ausgelassen-rasant-und-unglaublich-innovativ\\\/#breadcrumb\"},\"inLanguage\":\"it-IT\",\"potentialAction\":[{\"@type\":\"ReadAction\",\"target\":[\"https:\\\/\\\/www.organisator.ch\\\/en\\\/general\\\/2019-02-26\\\/100-jahre-snv-die-goldenen-zwanziger-ausgelassen-rasant-und-unglaublich-innovativ\\\/\"]}]},{\"@type\":\"ImageObject\",\"inLanguage\":\"it-IT\",\"@id\":\"https:\\\/\\\/www.organisator.ch\\\/en\\\/general\\\/2019-02-26\\\/100-jahre-snv-die-goldenen-zwanziger-ausgelassen-rasant-und-unglaublich-innovativ\\\/#primaryimage\",\"url\":\"https:\\\/\\\/www.organisator.ch\\\/wp-content\\\/uploads\\\/2019\\\/02\\\/Die-Goldenen-Zwanziger-Ausgelassen-rasant-und-unglaublich-innovativ_Organisator.jpg\",\"contentUrl\":\"https:\\\/\\\/www.organisator.ch\\\/wp-content\\\/uploads\\\/2019\\\/02\\\/Die-Goldenen-Zwanziger-Ausgelassen-rasant-und-unglaublich-innovativ_Organisator.jpg\",\"width\":680,\"height\":390,\"caption\":\"Junge Frauen in kurzen R\u00f6cken tanzen ausgelassen die ganze Nacht durch den Charleston. (Bild: zVg \\\/ SNV)\"},{\"@type\":\"BreadcrumbList\",\"@id\":\"https:\\\/\\\/www.organisator.ch\\\/en\\\/general\\\/2019-02-26\\\/100-jahre-snv-die-goldenen-zwanziger-ausgelassen-rasant-und-unglaublich-innovativ\\\/#breadcrumb\",\"itemListElement\":[{\"@type\":\"ListItem\",\"position\":1,\"name\":\"Home\",\"item\":\"https:\\\/\\\/www.organisator.ch\\\/\"},{\"@type\":\"ListItem\",\"position\":2,\"name\":\"100 Jahre SNV: Die Goldenen Zwanziger \u2013 Ausgelassen, rasant und unglaublich innovativ\"}]},{\"@type\":\"WebSite\",\"@id\":\"https:\\\/\\\/www.organisator.ch\\\/#website\",\"url\":\"https:\\\/\\\/www.organisator.ch\\\/\",\"name\":\"Organisator\",\"description\":\"Kompetent. Praxisnah. Der ORGANISATOR bereitet in 10 Ausgaben pro Jahr die wesentlichen Themen f\u00fcr F\u00fchrungskr\u00e4fte von KMU auf.\",\"publisher\":{\"@id\":\"https:\\\/\\\/www.organisator.ch\\\/#organization\"},\"potentialAction\":[{\"@type\":\"SearchAction\",\"target\":{\"@type\":\"EntryPoint\",\"urlTemplate\":\"https:\\\/\\\/www.organisator.ch\\\/?s={search_term_string}\"},\"query-input\":{\"@type\":\"PropertyValueSpecification\",\"valueRequired\":true,\"valueName\":\"search_term_string\"}}],\"inLanguage\":\"it-IT\"},{\"@type\":\"Organization\",\"@id\":\"https:\\\/\\\/www.organisator.ch\\\/#organization\",\"name\":\"Organisator\",\"url\":\"https:\\\/\\\/www.organisator.ch\\\/\",\"logo\":{\"@type\":\"ImageObject\",\"inLanguage\":\"it-IT\",\"@id\":\"https:\\\/\\\/www.organisator.ch\\\/#\\\/schema\\\/logo\\\/image\\\/\",\"url\":\"https:\\\/\\\/www.organisator.ch\\\/wp-content\\\/uploads\\\/2022\\\/01\\\/Logo_Organisator_Website.png\",\"contentUrl\":\"https:\\\/\\\/www.organisator.ch\\\/wp-content\\\/uploads\\\/2022\\\/01\\\/Logo_Organisator_Website.png\",\"width\":800,\"height\":77,\"caption\":\"Organisator\"},\"image\":{\"@id\":\"https:\\\/\\\/www.organisator.ch\\\/#\\\/schema\\\/logo\\\/image\\\/\"},\"sameAs\":[\"https:\\\/\\\/www.facebook.com\\\/OrganisatorFachmagazin\",\"https:\\\/\\\/www.linkedin.com\\\/showcase\\\/organisator-das-magazin-fr-kmu\",\"https:\\\/\\\/www.xing.com\\\/news\\\/pages\\\/organisator-ch-695\",\"https:\\\/\\\/www.youtube.com\\\/channel\\\/UCGP2Sq0iWaZwT3BdIAQFYpw\"]},{\"@type\":\"Person\",\"@id\":\"https:\\\/\\\/www.organisator.ch\\\/#\\\/schema\\\/person\\\/6f650f90b2842cd4c0cc334b4e36f67e\",\"name\":\"thomas.berner\",\"image\":{\"@type\":\"ImageObject\",\"inLanguage\":\"it-IT\",\"@id\":\"https:\\\/\\\/secure.gravatar.com\\\/avatar\\\/ac5001d2a36cb6c6cd3e50789007ffca834b477b74a2144564522e944eabff61?s=96&d=mm&r=g\",\"url\":\"https:\\\/\\\/secure.gravatar.com\\\/avatar\\\/ac5001d2a36cb6c6cd3e50789007ffca834b477b74a2144564522e944eabff61?s=96&d=mm&r=g\",\"contentUrl\":\"https:\\\/\\\/secure.gravatar.com\\\/avatar\\\/ac5001d2a36cb6c6cd3e50789007ffca834b477b74a2144564522e944eabff61?s=96&d=mm&r=g\",\"caption\":\"thomas.berner\"},\"url\":\"https:\\\/\\\/www.organisator.ch\\\/it\\\/author\\\/thomas-berner\\\/\"}]}<\/script>\n<!-- \/ Yoast SEO plugin. -->","yoast_head_json":{"title":"100 anni di SNV: gli anni d'oro - Esuberante, vivace e incredibilmente innovativo - Organizzatore","description":"Ancora oggi, i Golden Twenties sono l'epitome del piacere e della gioia di vivere. Eppure, all'inizio degli anni Venti, il mondo si trova di fronte a una catastrofe.","robots":{"index":"index","follow":"follow","max-snippet":"max-snippet:-1","max-image-preview":"max-image-preview:large","max-video-preview":"max-video-preview:-1"},"canonical":"https:\/\/www.organisator.ch\/it\/generale\/2019-02-26\/100-jahre-snv-die-goldenen-zwanziger-ausgelassen-rasant-und-unglaublich-innovativ\/","og_locale":"it_IT","og_type":"article","og_title":"100 Jahre SNV: Die Goldenen Zwanziger \u2013 Ausgelassen, rasant und unglaublich innovativ","og_description":"Bis heute sind die Goldenen Zwanziger der Inbegriff von Vergn\u00fcgen und Lebenslust. Dabei steht die Welt zu Beginn der 1920er-Jahre vor einem Scherbenhaufen.","og_url":"https:\/\/www.organisator.ch\/it\/generale\/2019-02-26\/100-jahre-snv-die-goldenen-zwanziger-ausgelassen-rasant-und-unglaublich-innovativ\/","og_site_name":"Organisator","article_publisher":"https:\/\/www.facebook.com\/OrganisatorFachmagazin","article_published_time":"2019-02-26T12:45:28+00:00","og_image":[{"width":680,"height":390,"url":"https:\/\/www.organisator.ch\/wp-content\/uploads\/2019\/02\/Die-Goldenen-Zwanziger-Ausgelassen-rasant-und-unglaublich-innovativ_Organisator.jpg","type":"image\/jpeg"}],"author":"thomas.berner","twitter_card":"summary_large_image","twitter_title":"100 Jahre SNV: Die Goldenen Zwanziger \u2013 Ausgelassen, rasant und unglaublich innovativ","twitter_description":"Bis heute sind die Goldenen Zwanziger der Inbegriff von Vergn\u00fcgen und Lebenslust. Dabei steht die Welt zu Beginn der 1920er-Jahre vor einem Scherbenhaufen.","twitter_image":"https:\/\/www.organisator.ch\/wp-content\/uploads\/2019\/02\/Die-Goldenen-Zwanziger-Ausgelassen-rasant-und-unglaublich-innovativ_Organisator.jpg","schema":{"@context":"https:\/\/schema.org","@graph":[{"@type":"Article","@id":"https:\/\/www.organisator.ch\/en\/general\/2019-02-26\/100-jahre-snv-die-goldenen-zwanziger-ausgelassen-rasant-und-unglaublich-innovativ\/#article","isPartOf":{"@id":"https:\/\/www.organisator.ch\/en\/general\/2019-02-26\/100-jahre-snv-die-goldenen-zwanziger-ausgelassen-rasant-und-unglaublich-innovativ\/"},"author":{"name":"thomas.berner","@id":"https:\/\/www.organisator.ch\/#\/schema\/person\/6f650f90b2842cd4c0cc334b4e36f67e"},"headline":"100 Jahre SNV: Die Goldenen Zwanziger \u2013 Ausgelassen, rasant und unglaublich innovativ","datePublished":"2019-02-26T12:45:28+00:00","mainEntityOfPage":{"@id":"https:\/\/www.organisator.ch\/en\/general\/2019-02-26\/100-jahre-snv-die-goldenen-zwanziger-ausgelassen-rasant-und-unglaublich-innovativ\/"},"wordCount":810,"commentCount":0,"publisher":{"@id":"https:\/\/www.organisator.ch\/#organization"},"image":{"@id":"https:\/\/www.organisator.ch\/en\/general\/2019-02-26\/100-jahre-snv-die-goldenen-zwanziger-ausgelassen-rasant-und-unglaublich-innovativ\/#primaryimage"},"thumbnailUrl":"https:\/\/www.organisator.ch\/wp-content\/uploads\/2019\/02\/Die-Goldenen-Zwanziger-Ausgelassen-rasant-und-unglaublich-innovativ_Organisator.jpg","keywords":["Firmenjubil\u00e4um","Jubil\u00e4um","Unternehmen","Vermischtes"],"articleSection":["Allgemein"],"inLanguage":"it-IT"},{"@type":"WebPage","@id":"https:\/\/www.organisator.ch\/en\/general\/2019-02-26\/100-jahre-snv-die-goldenen-zwanziger-ausgelassen-rasant-und-unglaublich-innovativ\/","url":"https:\/\/www.organisator.ch\/en\/general\/2019-02-26\/100-jahre-snv-die-goldenen-zwanziger-ausgelassen-rasant-und-unglaublich-innovativ\/","name":"100 anni di SNV: gli anni d'oro - Esuberante, vivace e incredibilmente innovativo - Organizzatore","isPartOf":{"@id":"https:\/\/www.organisator.ch\/#website"},"primaryImageOfPage":{"@id":"https:\/\/www.organisator.ch\/en\/general\/2019-02-26\/100-jahre-snv-die-goldenen-zwanziger-ausgelassen-rasant-und-unglaublich-innovativ\/#primaryimage"},"image":{"@id":"https:\/\/www.organisator.ch\/en\/general\/2019-02-26\/100-jahre-snv-die-goldenen-zwanziger-ausgelassen-rasant-und-unglaublich-innovativ\/#primaryimage"},"thumbnailUrl":"https:\/\/www.organisator.ch\/wp-content\/uploads\/2019\/02\/Die-Goldenen-Zwanziger-Ausgelassen-rasant-und-unglaublich-innovativ_Organisator.jpg","datePublished":"2019-02-26T12:45:28+00:00","description":"Ancora oggi, i Golden Twenties sono l'epitome del piacere e della gioia di vivere. Eppure, all'inizio degli anni Venti, il mondo si trova di fronte a una catastrofe.","breadcrumb":{"@id":"https:\/\/www.organisator.ch\/en\/general\/2019-02-26\/100-jahre-snv-die-goldenen-zwanziger-ausgelassen-rasant-und-unglaublich-innovativ\/#breadcrumb"},"inLanguage":"it-IT","potentialAction":[{"@type":"ReadAction","target":["https:\/\/www.organisator.ch\/en\/general\/2019-02-26\/100-jahre-snv-die-goldenen-zwanziger-ausgelassen-rasant-und-unglaublich-innovativ\/"]}]},{"@type":"ImageObject","inLanguage":"it-IT","@id":"https:\/\/www.organisator.ch\/en\/general\/2019-02-26\/100-jahre-snv-die-goldenen-zwanziger-ausgelassen-rasant-und-unglaublich-innovativ\/#primaryimage","url":"https:\/\/www.organisator.ch\/wp-content\/uploads\/2019\/02\/Die-Goldenen-Zwanziger-Ausgelassen-rasant-und-unglaublich-innovativ_Organisator.jpg","contentUrl":"https:\/\/www.organisator.ch\/wp-content\/uploads\/2019\/02\/Die-Goldenen-Zwanziger-Ausgelassen-rasant-und-unglaublich-innovativ_Organisator.jpg","width":680,"height":390,"caption":"Junge Frauen in kurzen R\u00f6cken tanzen ausgelassen die ganze Nacht durch den Charleston. (Bild: zVg \/ SNV)"},{"@type":"BreadcrumbList","@id":"https:\/\/www.organisator.ch\/en\/general\/2019-02-26\/100-jahre-snv-die-goldenen-zwanziger-ausgelassen-rasant-und-unglaublich-innovativ\/#breadcrumb","itemListElement":[{"@type":"ListItem","position":1,"name":"Home","item":"https:\/\/www.organisator.ch\/"},{"@type":"ListItem","position":2,"name":"100 Jahre SNV: Die Goldenen Zwanziger \u2013 Ausgelassen, rasant und unglaublich innovativ"}]},{"@type":"WebSite","@id":"https:\/\/www.organisator.ch\/#website","url":"https:\/\/www.organisator.ch\/","name":"Organizzatore","description":"Competente. Pratico. In 10 numeri all'anno, ORGANISATOR presenta i temi essenziali per i manager delle PMI.","publisher":{"@id":"https:\/\/www.organisator.ch\/#organization"},"potentialAction":[{"@type":"SearchAction","target":{"@type":"EntryPoint","urlTemplate":"https:\/\/www.organisator.ch\/?s={search_term_string}"},"query-input":{"@type":"PropertyValueSpecification","valueRequired":true,"valueName":"search_term_string"}}],"inLanguage":"it-IT"},{"@type":"Organization","@id":"https:\/\/www.organisator.ch\/#organization","name":"Organizzatore","url":"https:\/\/www.organisator.ch\/","logo":{"@type":"ImageObject","inLanguage":"it-IT","@id":"https:\/\/www.organisator.ch\/#\/schema\/logo\/image\/","url":"https:\/\/www.organisator.ch\/wp-content\/uploads\/2022\/01\/Logo_Organisator_Website.png","contentUrl":"https:\/\/www.organisator.ch\/wp-content\/uploads\/2022\/01\/Logo_Organisator_Website.png","width":800,"height":77,"caption":"Organisator"},"image":{"@id":"https:\/\/www.organisator.ch\/#\/schema\/logo\/image\/"},"sameAs":["https:\/\/www.facebook.com\/OrganisatorFachmagazin","https:\/\/www.linkedin.com\/showcase\/organisator-das-magazin-fr-kmu","https:\/\/www.xing.com\/news\/pages\/organisator-ch-695","https:\/\/www.youtube.com\/channel\/UCGP2Sq0iWaZwT3BdIAQFYpw"]},{"@type":"Person","@id":"https:\/\/www.organisator.ch\/#\/schema\/person\/6f650f90b2842cd4c0cc334b4e36f67e","name":"Tommaso.berner","image":{"@type":"ImageObject","inLanguage":"it-IT","@id":"https:\/\/secure.gravatar.com\/avatar\/ac5001d2a36cb6c6cd3e50789007ffca834b477b74a2144564522e944eabff61?s=96&d=mm&r=g","url":"https:\/\/secure.gravatar.com\/avatar\/ac5001d2a36cb6c6cd3e50789007ffca834b477b74a2144564522e944eabff61?s=96&d=mm&r=g","contentUrl":"https:\/\/secure.gravatar.com\/avatar\/ac5001d2a36cb6c6cd3e50789007ffca834b477b74a2144564522e944eabff61?s=96&d=mm&r=g","caption":"thomas.berner"},"url":"https:\/\/www.organisator.ch\/it\/author\/thomas-berner\/"}]}},"_links":{"self":[{"href":"https:\/\/www.organisator.ch\/it\/wp-json\/wp\/v2\/posts\/4948","targetHints":{"allow":["GET"]}}],"collection":[{"href":"https:\/\/www.organisator.ch\/it\/wp-json\/wp\/v2\/posts"}],"about":[{"href":"https:\/\/www.organisator.ch\/it\/wp-json\/wp\/v2\/types\/post"}],"author":[{"embeddable":true,"href":"https:\/\/www.organisator.ch\/it\/wp-json\/wp\/v2\/users\/4"}],"replies":[{"embeddable":true,"href":"https:\/\/www.organisator.ch\/it\/wp-json\/wp\/v2\/comments?post=4948"}],"version-history":[{"count":0,"href":"https:\/\/www.organisator.ch\/it\/wp-json\/wp\/v2\/posts\/4948\/revisions"}],"wp:featuredmedia":[{"embeddable":true,"href":"https:\/\/www.organisator.ch\/it\/wp-json\/wp\/v2\/media\/4960"}],"wp:attachment":[{"href":"https:\/\/www.organisator.ch\/it\/wp-json\/wp\/v2\/media?parent=4948"}],"wp:term":[{"taxonomy":"category","embeddable":true,"href":"https:\/\/www.organisator.ch\/it\/wp-json\/wp\/v2\/categories?post=4948"},{"taxonomy":"post_tag","embeddable":true,"href":"https:\/\/www.organisator.ch\/it\/wp-json\/wp\/v2\/tags?post=4948"}],"curies":[{"name":"wp","href":"https:\/\/api.w.org\/{rel}","templated":true}]}}