{"id":4984,"date":"2019-03-06T08:10:27","date_gmt":"2019-03-06T07:10:27","guid":{"rendered":"https:\/\/www.organisator.ch\/?p=4984"},"modified":"2019-03-06T08:10:27","modified_gmt":"2019-03-06T07:10:27","slug":"nachfolge-geregelt-jamei-uebernimmt-marken-und-sortiment-der-thurnherr-vertretungen-gmbh","status":"publish","type":"post","link":"https:\/\/www.organisator.ch\/it\/management\/2019-03-06\/nachfolge-geregelt-jamei-uebernimmt-marken-und-sortiment-der-thurnherr-vertretungen-gmbh\/","title":{"rendered":"Successione stabilita: Jamei rileva i marchi e la gamma di prodotti di Thurnherr Vertretungen GmbH"},"content":{"rendered":"<figure id=\"attachment_4985\" aria-describedby=\"caption-attachment-4985\" style=\"width: 653px\" class=\"wp-caption alignnone\"><img loading=\"lazy\" decoding=\"async\" class=\"size-full wp-image-4985\" src=\"https:\/\/www.organisator.ch\/wp-content\/uploads\/2019\/03\/Nachfolge-geregelt-Jamei-uebernimmt-Marken-und-Sortiment-der-Thurnherr-Vertretungen-GmbH_Organisator.jpg\" alt=\"\" width=\"653\" height=\"337\" srcset=\"https:\/\/www.organisator.ch\/wp-content\/uploads\/2019\/03\/Nachfolge-geregelt-Jamei-uebernimmt-Marken-und-Sortiment-der-Thurnherr-Vertretungen-GmbH_Organisator.jpg 653w, https:\/\/www.organisator.ch\/wp-content\/uploads\/2019\/03\/Nachfolge-geregelt-Jamei-uebernimmt-Marken-und-Sortiment-der-Thurnherr-Vertretungen-GmbH_Organisator-16x8.jpg 16w, https:\/\/www.organisator.ch\/wp-content\/uploads\/2019\/03\/Nachfolge-geregelt-Jamei-uebernimmt-Marken-und-Sortiment-der-Thurnherr-Vertretungen-GmbH_Organisator-339x175.jpg 339w, https:\/\/www.organisator.ch\/wp-content\/uploads\/2019\/03\/Nachfolge-geregelt-Jamei-uebernimmt-Marken-und-Sortiment-der-Thurnherr-Vertretungen-GmbH_Organisator-300x155.jpg 300w\" sizes=\"auto, (max-width: 653px) 100vw, 653px\" \/><figcaption id=\"caption-attachment-4985\" class=\"wp-caption-text\">Martin Dubs (a sinistra) cede la sua attivit\u00e0 a Patrick Strumpf, amministratore delegato di Jamei AG, ma rimarr\u00e0 come persona di contatto per i clienti. (Immagine: zVg)<\/figcaption><\/figure>\n<p>Martin Dubs, gi\u00e0 amministratore delegato e proprietario di Thurnherr Vertretungen, era alla ricerca di un partner adatto nell'ambito di un piano di successione e lo ha trovato in Jamei AG. \"La forte logistica, l'esperienza nell'e-commerce e l'orientamento al cliente mi hanno convinto che Jamei ha il potenziale per espandere ulteriormente l'attivit\u00e0 con i nostri marchi di punta e continuare a fornire un supporto completo ai nostri clienti\". I clienti Thurnherr esistenti, che sono gi\u00e0 stati informati del cambiamento, manterranno il loro referente: Dubs passer\u00e0 alla nuova societ\u00e0 come Key Account Manager a partire dal 1\u00b0 maggio. L'acquisizione della base clienti e della gamma di prodotti rientra nella strategia di crescita di Jamei. \"Siamo molto soddisfatti che Martin Dubs ci abbia scelto come partner. I nuovi marchi completano perfettamente il nostro assortimento e il nostro team acquisisce un esperto specialista di articoli per la casa che supporter\u00e0 i nostri partner commerciali specializzati nel miglior modo possibile\", afferma Patrick Strumpf, Amministratore Delegato di Jamei AG.<\/p>\n<p>Thurnherr Vertretungen GmbH rileva da Jamei marchi come Bialetti, Simplehuman, Asobu, ADE e Handpresso, che l'azienda ha costruito e fatto conoscere nel commercio svizzero fin dalla sua fondazione nel 1994. Dopo l'integrazione di questi marchi, tutti i clienti potranno accedere a un totale di 10.000 prodotti di 40 grandi marchi internazionali. Tutti i prodotti sono disponibili a magazzino presso il centro logistico di Willisau. Gli ordini effettuati prima delle 17.00 vengono consegnati il giorno lavorativo successivo. Grazie al negozio online B2B, i rivenditori possono controllare le scorte online ed effettuare gli ordini 24 ore su 24. Ci\u00f2 comporta una notevole riduzione dei costi di stoccaggio da parte del commercio specializzato, con una migliore disponibilit\u00e0 delle merci. Inoltre, Jamei non prevede un valore minimo d'ordine.<\/p>\n<p><em><a href=\"http:\/\/www.jamei.ch\">Ulteriori informazioni e negozio online<\/a><\/em><\/p>","protected":false},"excerpt":{"rendered":"<p>Martin Dubs, bisher Gesch\u00e4ftsf\u00fchrer und Inhaber bei Thurnherr Vertretungen, hat im Rahmen einer Nachfolgeregelung einen geeigneten Partner gesucht und ihn in der Jamei AG gefunden. \u00abDie starke Logistik, die E-Commerce-Kompetenz und die Kundenorientierung haben mich davon \u00fcberzeugt, dass Jamei \u00fcber das Potenzial verf\u00fcgt, das Gesch\u00e4ft mit unseren Top-Marken weiter auszubauen und unsere Kunden weiterhin umfassend [&hellip;]<\/p>\n","protected":false},"author":4,"featured_media":4985,"comment_status":"open","ping_status":"open","sticky":false,"template":"","format":"standard","meta":{"_acf_changed":false,"_yoast_wpseo_focuskw":"Jamei","_yoast_wpseo_metadesc":"Jamei AG \u00fcbernimmt aufgrund einer Nachfolgeregelung per April 2019 Kundenstamm, Markensortiment und Lagerbest\u00e4nde der Thurnherr Vertretungen GmbH.","articlekey":"","footnotes":""},"categories":[28],"tags":[207,335,492],"class_list":["post-4984","post","type-post","status-publish","format-standard","has-post-thumbnail","hentry","category-management","tag-firmennachfolge","tag-management-und-unternehmensfuehrung","tag-unternehmen"],"acf":[],"yoast_head":"<!-- This site is optimized with the Yoast SEO plugin v27.5 - https:\/\/yoast.com\/product\/yoast-seo-wordpress\/ -->\n<title>Nachfolge geregelt: Jamei \u00fcbernimmt Marken und Sortiment der Thurnherr Vertretungen GmbH - Organisator<\/title>\n<meta name=\"description\" content=\"Jamei AG \u00fcbernimmt aufgrund einer Nachfolgeregelung per April 2019 Kundenstamm, Markensortiment und Lagerbest\u00e4nde der Thurnherr Vertretungen GmbH.\" \/>\n<meta name=\"robots\" content=\"index, follow, max-snippet:-1, max-image-preview:large, max-video-preview:-1\" \/>\n<link rel=\"canonical\" href=\"https:\/\/www.organisator.ch\/it\/gestione-2\/2019-03-06\/nachfolge-geregelt-jamei-uebernimmt-marken-und-sortiment-der-thurnherr-vertretungen-gmbh\/\" \/>\n<meta property=\"og:locale\" content=\"it_IT\" \/>\n<meta property=\"og:type\" content=\"article\" \/>\n<meta property=\"og:title\" content=\"Nachfolge geregelt: Jamei \u00fcbernimmt Marken und Sortiment der Thurnherr Vertretungen GmbH\" \/>\n<meta property=\"og:description\" content=\"Jamei AG \u00fcbernimmt aufgrund einer Nachfolgeregelung per April 2019 Kundenstamm, Markensortiment und Lagerbest\u00e4nde der Thurnherr Vertretungen GmbH.\" \/>\n<meta property=\"og:url\" content=\"https:\/\/www.organisator.ch\/it\/gestione-2\/2019-03-06\/nachfolge-geregelt-jamei-uebernimmt-marken-und-sortiment-der-thurnherr-vertretungen-gmbh\/\" \/>\n<meta property=\"og:site_name\" content=\"Organisator\" \/>\n<meta property=\"article:publisher\" content=\"https:\/\/www.facebook.com\/OrganisatorFachmagazin\" \/>\n<meta property=\"article:published_time\" content=\"2019-03-06T07:10:27+00:00\" \/>\n<meta property=\"og:image\" content=\"https:\/\/www.organisator.ch\/wp-content\/uploads\/2019\/03\/Nachfolge-geregelt-Jamei-uebernimmt-Marken-und-Sortiment-der-Thurnherr-Vertretungen-GmbH_Organisator.jpg\" \/>\n\t<meta property=\"og:image:width\" content=\"653\" \/>\n\t<meta property=\"og:image:height\" content=\"337\" \/>\n\t<meta property=\"og:image:type\" content=\"image\/jpeg\" \/>\n<meta name=\"author\" content=\"thomas.berner\" \/>\n<meta name=\"twitter:card\" content=\"summary_large_image\" \/>\n<meta name=\"twitter:title\" content=\"Nachfolge geregelt: #Jamei \u00fcbernimmt Marken und Sortiment der #Thurnherr Vertretungen GmbH\" \/>\n<meta name=\"twitter:description\" content=\"#Jamei AG \u00fcbernimmt aufgrund einer Nachfolgeregelung per April 2019 Kundenstamm, Markensortiment und Lagerbest\u00e4nde der #Thurnherr Vertretungen GmbH.\" \/>\n<meta name=\"twitter:image\" content=\"https:\/\/www.organisator.ch\/wp-content\/uploads\/2019\/03\/Nachfolge-geregelt-Jamei-\u00fcbernimmt-Marken-und-Sortiment-der-Thurnherr-Vertretungen-GmbH_Organisator.jpg\" \/>\n<script type=\"application\/ld+json\" class=\"yoast-schema-graph\">{\"@context\":\"https:\\\/\\\/schema.org\",\"@graph\":[{\"@type\":\"Article\",\"@id\":\"https:\\\/\\\/www.organisator.ch\\\/management\\\/2019-03-06\\\/nachfolge-geregelt-jamei-uebernimmt-marken-und-sortiment-der-thurnherr-vertretungen-gmbh\\\/#article\",\"isPartOf\":{\"@id\":\"https:\\\/\\\/www.organisator.ch\\\/management\\\/2019-03-06\\\/nachfolge-geregelt-jamei-uebernimmt-marken-und-sortiment-der-thurnherr-vertretungen-gmbh\\\/\"},\"author\":{\"name\":\"thomas.berner\",\"@id\":\"https:\\\/\\\/www.organisator.ch\\\/#\\\/schema\\\/person\\\/6f650f90b2842cd4c0cc334b4e36f67e\"},\"headline\":\"Nachfolge geregelt: Jamei \u00fcbernimmt Marken und Sortiment der Thurnherr Vertretungen GmbH\",\"datePublished\":\"2019-03-06T07:10:27+00:00\",\"mainEntityOfPage\":{\"@id\":\"https:\\\/\\\/www.organisator.ch\\\/management\\\/2019-03-06\\\/nachfolge-geregelt-jamei-uebernimmt-marken-und-sortiment-der-thurnherr-vertretungen-gmbh\\\/\"},\"wordCount\":312,\"commentCount\":0,\"publisher\":{\"@id\":\"https:\\\/\\\/www.organisator.ch\\\/#organization\"},\"image\":{\"@id\":\"https:\\\/\\\/www.organisator.ch\\\/management\\\/2019-03-06\\\/nachfolge-geregelt-jamei-uebernimmt-marken-und-sortiment-der-thurnherr-vertretungen-gmbh\\\/#primaryimage\"},\"thumbnailUrl\":\"https:\\\/\\\/www.organisator.ch\\\/wp-content\\\/uploads\\\/2019\\\/03\\\/Nachfolge-geregelt-Jamei-uebernimmt-Marken-und-Sortiment-der-Thurnherr-Vertretungen-GmbH_Organisator.jpg\",\"keywords\":[\"Firmennachfolge\",\"Management und Unternehmensf\u00fchrung\",\"Unternehmen\"],\"articleSection\":[\"MANAGEMENT\"],\"inLanguage\":\"it-IT\"},{\"@type\":\"WebPage\",\"@id\":\"https:\\\/\\\/www.organisator.ch\\\/management\\\/2019-03-06\\\/nachfolge-geregelt-jamei-uebernimmt-marken-und-sortiment-der-thurnherr-vertretungen-gmbh\\\/\",\"url\":\"https:\\\/\\\/www.organisator.ch\\\/management\\\/2019-03-06\\\/nachfolge-geregelt-jamei-uebernimmt-marken-und-sortiment-der-thurnherr-vertretungen-gmbh\\\/\",\"name\":\"Nachfolge geregelt: Jamei \u00fcbernimmt Marken und Sortiment der Thurnherr Vertretungen GmbH - Organisator\",\"isPartOf\":{\"@id\":\"https:\\\/\\\/www.organisator.ch\\\/#website\"},\"primaryImageOfPage\":{\"@id\":\"https:\\\/\\\/www.organisator.ch\\\/management\\\/2019-03-06\\\/nachfolge-geregelt-jamei-uebernimmt-marken-und-sortiment-der-thurnherr-vertretungen-gmbh\\\/#primaryimage\"},\"image\":{\"@id\":\"https:\\\/\\\/www.organisator.ch\\\/management\\\/2019-03-06\\\/nachfolge-geregelt-jamei-uebernimmt-marken-und-sortiment-der-thurnherr-vertretungen-gmbh\\\/#primaryimage\"},\"thumbnailUrl\":\"https:\\\/\\\/www.organisator.ch\\\/wp-content\\\/uploads\\\/2019\\\/03\\\/Nachfolge-geregelt-Jamei-uebernimmt-Marken-und-Sortiment-der-Thurnherr-Vertretungen-GmbH_Organisator.jpg\",\"datePublished\":\"2019-03-06T07:10:27+00:00\",\"description\":\"Jamei AG \u00fcbernimmt aufgrund einer Nachfolgeregelung per April 2019 Kundenstamm, Markensortiment und Lagerbest\u00e4nde der Thurnherr Vertretungen GmbH.\",\"breadcrumb\":{\"@id\":\"https:\\\/\\\/www.organisator.ch\\\/management\\\/2019-03-06\\\/nachfolge-geregelt-jamei-uebernimmt-marken-und-sortiment-der-thurnherr-vertretungen-gmbh\\\/#breadcrumb\"},\"inLanguage\":\"it-IT\",\"potentialAction\":[{\"@type\":\"ReadAction\",\"target\":[\"https:\\\/\\\/www.organisator.ch\\\/management\\\/2019-03-06\\\/nachfolge-geregelt-jamei-uebernimmt-marken-und-sortiment-der-thurnherr-vertretungen-gmbh\\\/\"]}]},{\"@type\":\"ImageObject\",\"inLanguage\":\"it-IT\",\"@id\":\"https:\\\/\\\/www.organisator.ch\\\/management\\\/2019-03-06\\\/nachfolge-geregelt-jamei-uebernimmt-marken-und-sortiment-der-thurnherr-vertretungen-gmbh\\\/#primaryimage\",\"url\":\"https:\\\/\\\/www.organisator.ch\\\/wp-content\\\/uploads\\\/2019\\\/03\\\/Nachfolge-geregelt-Jamei-uebernimmt-Marken-und-Sortiment-der-Thurnherr-Vertretungen-GmbH_Organisator.jpg\",\"contentUrl\":\"https:\\\/\\\/www.organisator.ch\\\/wp-content\\\/uploads\\\/2019\\\/03\\\/Nachfolge-geregelt-Jamei-uebernimmt-Marken-und-Sortiment-der-Thurnherr-Vertretungen-GmbH_Organisator.jpg\",\"width\":653,\"height\":337,\"caption\":\"Martin Dubs (links) \u00fcbergibt sein Gesch\u00e4ft an Patrick Strumpf - bleibt aber als Ansprechpartner f\u00fcr die Kunden erhalten. (Bild: zVg)\"},{\"@type\":\"BreadcrumbList\",\"@id\":\"https:\\\/\\\/www.organisator.ch\\\/management\\\/2019-03-06\\\/nachfolge-geregelt-jamei-uebernimmt-marken-und-sortiment-der-thurnherr-vertretungen-gmbh\\\/#breadcrumb\",\"itemListElement\":[{\"@type\":\"ListItem\",\"position\":1,\"name\":\"Home\",\"item\":\"https:\\\/\\\/www.organisator.ch\\\/\"},{\"@type\":\"ListItem\",\"position\":2,\"name\":\"Nachfolge geregelt: Jamei \u00fcbernimmt Marken und Sortiment der Thurnherr Vertretungen GmbH\"}]},{\"@type\":\"WebSite\",\"@id\":\"https:\\\/\\\/www.organisator.ch\\\/#website\",\"url\":\"https:\\\/\\\/www.organisator.ch\\\/\",\"name\":\"Organisator\",\"description\":\"Kompetent. Praxisnah. Der ORGANISATOR bereitet in 10 Ausgaben pro Jahr die wesentlichen Themen f\u00fcr F\u00fchrungskr\u00e4fte von KMU auf.\",\"publisher\":{\"@id\":\"https:\\\/\\\/www.organisator.ch\\\/#organization\"},\"potentialAction\":[{\"@type\":\"SearchAction\",\"target\":{\"@type\":\"EntryPoint\",\"urlTemplate\":\"https:\\\/\\\/www.organisator.ch\\\/?s={search_term_string}\"},\"query-input\":{\"@type\":\"PropertyValueSpecification\",\"valueRequired\":true,\"valueName\":\"search_term_string\"}}],\"inLanguage\":\"it-IT\"},{\"@type\":\"Organization\",\"@id\":\"https:\\\/\\\/www.organisator.ch\\\/#organization\",\"name\":\"Organisator\",\"url\":\"https:\\\/\\\/www.organisator.ch\\\/\",\"logo\":{\"@type\":\"ImageObject\",\"inLanguage\":\"it-IT\",\"@id\":\"https:\\\/\\\/www.organisator.ch\\\/#\\\/schema\\\/logo\\\/image\\\/\",\"url\":\"https:\\\/\\\/www.organisator.ch\\\/wp-content\\\/uploads\\\/2022\\\/01\\\/Logo_Organisator_Website.png\",\"contentUrl\":\"https:\\\/\\\/www.organisator.ch\\\/wp-content\\\/uploads\\\/2022\\\/01\\\/Logo_Organisator_Website.png\",\"width\":800,\"height\":77,\"caption\":\"Organisator\"},\"image\":{\"@id\":\"https:\\\/\\\/www.organisator.ch\\\/#\\\/schema\\\/logo\\\/image\\\/\"},\"sameAs\":[\"https:\\\/\\\/www.facebook.com\\\/OrganisatorFachmagazin\",\"https:\\\/\\\/www.linkedin.com\\\/showcase\\\/organisator-das-magazin-fr-kmu\",\"https:\\\/\\\/www.xing.com\\\/news\\\/pages\\\/organisator-ch-695\",\"https:\\\/\\\/www.youtube.com\\\/channel\\\/UCGP2Sq0iWaZwT3BdIAQFYpw\"]},{\"@type\":\"Person\",\"@id\":\"https:\\\/\\\/www.organisator.ch\\\/#\\\/schema\\\/person\\\/6f650f90b2842cd4c0cc334b4e36f67e\",\"name\":\"thomas.berner\",\"image\":{\"@type\":\"ImageObject\",\"inLanguage\":\"it-IT\",\"@id\":\"https:\\\/\\\/secure.gravatar.com\\\/avatar\\\/ac5001d2a36cb6c6cd3e50789007ffca834b477b74a2144564522e944eabff61?s=96&d=mm&r=g\",\"url\":\"https:\\\/\\\/secure.gravatar.com\\\/avatar\\\/ac5001d2a36cb6c6cd3e50789007ffca834b477b74a2144564522e944eabff61?s=96&d=mm&r=g\",\"contentUrl\":\"https:\\\/\\\/secure.gravatar.com\\\/avatar\\\/ac5001d2a36cb6c6cd3e50789007ffca834b477b74a2144564522e944eabff61?s=96&d=mm&r=g\",\"caption\":\"thomas.berner\"},\"url\":\"https:\\\/\\\/www.organisator.ch\\\/it\\\/author\\\/thomas-berner\\\/\"}]}<\/script>\n<!-- \/ Yoast SEO plugin. -->","yoast_head_json":{"title":"Successione regolata: Jamei rileva i marchi e la gamma di prodotti di Thurnherr Vertretungen GmbH - Organizzatore","description":"In base a un accordo di successione, Jamei AG rilever\u00e0 la base clienti, la gamma di marchi e le scorte di Thurnherr Vertretungen GmbH a partire da aprile 2019.","robots":{"index":"index","follow":"follow","max-snippet":"max-snippet:-1","max-image-preview":"max-image-preview:large","max-video-preview":"max-video-preview:-1"},"canonical":"https:\/\/www.organisator.ch\/it\/gestione-2\/2019-03-06\/nachfolge-geregelt-jamei-uebernimmt-marken-und-sortiment-der-thurnherr-vertretungen-gmbh\/","og_locale":"it_IT","og_type":"article","og_title":"Nachfolge geregelt: Jamei \u00fcbernimmt Marken und Sortiment der Thurnherr Vertretungen GmbH","og_description":"Jamei AG \u00fcbernimmt aufgrund einer Nachfolgeregelung per April 2019 Kundenstamm, Markensortiment und Lagerbest\u00e4nde der Thurnherr Vertretungen GmbH.","og_url":"https:\/\/www.organisator.ch\/it\/gestione-2\/2019-03-06\/nachfolge-geregelt-jamei-uebernimmt-marken-und-sortiment-der-thurnherr-vertretungen-gmbh\/","og_site_name":"Organisator","article_publisher":"https:\/\/www.facebook.com\/OrganisatorFachmagazin","article_published_time":"2019-03-06T07:10:27+00:00","og_image":[{"width":653,"height":337,"url":"https:\/\/www.organisator.ch\/wp-content\/uploads\/2019\/03\/Nachfolge-geregelt-Jamei-uebernimmt-Marken-und-Sortiment-der-Thurnherr-Vertretungen-GmbH_Organisator.jpg","type":"image\/jpeg"}],"author":"thomas.berner","twitter_card":"summary_large_image","twitter_title":"Nachfolge geregelt: #Jamei \u00fcbernimmt Marken und Sortiment der #Thurnherr Vertretungen GmbH","twitter_description":"#Jamei AG \u00fcbernimmt aufgrund einer Nachfolgeregelung per April 2019 Kundenstamm, Markensortiment und Lagerbest\u00e4nde der #Thurnherr Vertretungen GmbH.","twitter_image":"https:\/\/www.organisator.ch\/wp-content\/uploads\/2019\/03\/Nachfolge-geregelt-Jamei-\u00fcbernimmt-Marken-und-Sortiment-der-Thurnherr-Vertretungen-GmbH_Organisator.jpg","schema":{"@context":"https:\/\/schema.org","@graph":[{"@type":"Article","@id":"https:\/\/www.organisator.ch\/management\/2019-03-06\/nachfolge-geregelt-jamei-uebernimmt-marken-und-sortiment-der-thurnherr-vertretungen-gmbh\/#article","isPartOf":{"@id":"https:\/\/www.organisator.ch\/management\/2019-03-06\/nachfolge-geregelt-jamei-uebernimmt-marken-und-sortiment-der-thurnherr-vertretungen-gmbh\/"},"author":{"name":"thomas.berner","@id":"https:\/\/www.organisator.ch\/#\/schema\/person\/6f650f90b2842cd4c0cc334b4e36f67e"},"headline":"Nachfolge geregelt: Jamei \u00fcbernimmt Marken und Sortiment der Thurnherr Vertretungen GmbH","datePublished":"2019-03-06T07:10:27+00:00","mainEntityOfPage":{"@id":"https:\/\/www.organisator.ch\/management\/2019-03-06\/nachfolge-geregelt-jamei-uebernimmt-marken-und-sortiment-der-thurnherr-vertretungen-gmbh\/"},"wordCount":312,"commentCount":0,"publisher":{"@id":"https:\/\/www.organisator.ch\/#organization"},"image":{"@id":"https:\/\/www.organisator.ch\/management\/2019-03-06\/nachfolge-geregelt-jamei-uebernimmt-marken-und-sortiment-der-thurnherr-vertretungen-gmbh\/#primaryimage"},"thumbnailUrl":"https:\/\/www.organisator.ch\/wp-content\/uploads\/2019\/03\/Nachfolge-geregelt-Jamei-uebernimmt-Marken-und-Sortiment-der-Thurnherr-Vertretungen-GmbH_Organisator.jpg","keywords":["Firmennachfolge","Management und Unternehmensf\u00fchrung","Unternehmen"],"articleSection":["MANAGEMENT"],"inLanguage":"it-IT"},{"@type":"WebPage","@id":"https:\/\/www.organisator.ch\/management\/2019-03-06\/nachfolge-geregelt-jamei-uebernimmt-marken-und-sortiment-der-thurnherr-vertretungen-gmbh\/","url":"https:\/\/www.organisator.ch\/management\/2019-03-06\/nachfolge-geregelt-jamei-uebernimmt-marken-und-sortiment-der-thurnherr-vertretungen-gmbh\/","name":"Successione regolata: Jamei rileva i marchi e la gamma di prodotti di Thurnherr Vertretungen GmbH - Organizzatore","isPartOf":{"@id":"https:\/\/www.organisator.ch\/#website"},"primaryImageOfPage":{"@id":"https:\/\/www.organisator.ch\/management\/2019-03-06\/nachfolge-geregelt-jamei-uebernimmt-marken-und-sortiment-der-thurnherr-vertretungen-gmbh\/#primaryimage"},"image":{"@id":"https:\/\/www.organisator.ch\/management\/2019-03-06\/nachfolge-geregelt-jamei-uebernimmt-marken-und-sortiment-der-thurnherr-vertretungen-gmbh\/#primaryimage"},"thumbnailUrl":"https:\/\/www.organisator.ch\/wp-content\/uploads\/2019\/03\/Nachfolge-geregelt-Jamei-uebernimmt-Marken-und-Sortiment-der-Thurnherr-Vertretungen-GmbH_Organisator.jpg","datePublished":"2019-03-06T07:10:27+00:00","description":"In base a un accordo di successione, Jamei AG rilever\u00e0 la base clienti, la gamma di marchi e le scorte di Thurnherr Vertretungen GmbH a partire da aprile 2019.","breadcrumb":{"@id":"https:\/\/www.organisator.ch\/management\/2019-03-06\/nachfolge-geregelt-jamei-uebernimmt-marken-und-sortiment-der-thurnherr-vertretungen-gmbh\/#breadcrumb"},"inLanguage":"it-IT","potentialAction":[{"@type":"ReadAction","target":["https:\/\/www.organisator.ch\/management\/2019-03-06\/nachfolge-geregelt-jamei-uebernimmt-marken-und-sortiment-der-thurnherr-vertretungen-gmbh\/"]}]},{"@type":"ImageObject","inLanguage":"it-IT","@id":"https:\/\/www.organisator.ch\/management\/2019-03-06\/nachfolge-geregelt-jamei-uebernimmt-marken-und-sortiment-der-thurnherr-vertretungen-gmbh\/#primaryimage","url":"https:\/\/www.organisator.ch\/wp-content\/uploads\/2019\/03\/Nachfolge-geregelt-Jamei-uebernimmt-Marken-und-Sortiment-der-Thurnherr-Vertretungen-GmbH_Organisator.jpg","contentUrl":"https:\/\/www.organisator.ch\/wp-content\/uploads\/2019\/03\/Nachfolge-geregelt-Jamei-uebernimmt-Marken-und-Sortiment-der-Thurnherr-Vertretungen-GmbH_Organisator.jpg","width":653,"height":337,"caption":"Martin Dubs (links) \u00fcbergibt sein Gesch\u00e4ft an Patrick Strumpf - bleibt aber als Ansprechpartner f\u00fcr die Kunden erhalten. (Bild: zVg)"},{"@type":"BreadcrumbList","@id":"https:\/\/www.organisator.ch\/management\/2019-03-06\/nachfolge-geregelt-jamei-uebernimmt-marken-und-sortiment-der-thurnherr-vertretungen-gmbh\/#breadcrumb","itemListElement":[{"@type":"ListItem","position":1,"name":"Home","item":"https:\/\/www.organisator.ch\/"},{"@type":"ListItem","position":2,"name":"Nachfolge geregelt: Jamei \u00fcbernimmt Marken und Sortiment der Thurnherr Vertretungen GmbH"}]},{"@type":"WebSite","@id":"https:\/\/www.organisator.ch\/#website","url":"https:\/\/www.organisator.ch\/","name":"Organizzatore","description":"Competente. Pratico. In 10 numeri all'anno, ORGANISATOR presenta i temi essenziali per i manager delle PMI.","publisher":{"@id":"https:\/\/www.organisator.ch\/#organization"},"potentialAction":[{"@type":"SearchAction","target":{"@type":"EntryPoint","urlTemplate":"https:\/\/www.organisator.ch\/?s={search_term_string}"},"query-input":{"@type":"PropertyValueSpecification","valueRequired":true,"valueName":"search_term_string"}}],"inLanguage":"it-IT"},{"@type":"Organization","@id":"https:\/\/www.organisator.ch\/#organization","name":"Organizzatore","url":"https:\/\/www.organisator.ch\/","logo":{"@type":"ImageObject","inLanguage":"it-IT","@id":"https:\/\/www.organisator.ch\/#\/schema\/logo\/image\/","url":"https:\/\/www.organisator.ch\/wp-content\/uploads\/2022\/01\/Logo_Organisator_Website.png","contentUrl":"https:\/\/www.organisator.ch\/wp-content\/uploads\/2022\/01\/Logo_Organisator_Website.png","width":800,"height":77,"caption":"Organisator"},"image":{"@id":"https:\/\/www.organisator.ch\/#\/schema\/logo\/image\/"},"sameAs":["https:\/\/www.facebook.com\/OrganisatorFachmagazin","https:\/\/www.linkedin.com\/showcase\/organisator-das-magazin-fr-kmu","https:\/\/www.xing.com\/news\/pages\/organisator-ch-695","https:\/\/www.youtube.com\/channel\/UCGP2Sq0iWaZwT3BdIAQFYpw"]},{"@type":"Person","@id":"https:\/\/www.organisator.ch\/#\/schema\/person\/6f650f90b2842cd4c0cc334b4e36f67e","name":"Tommaso.berner","image":{"@type":"ImageObject","inLanguage":"it-IT","@id":"https:\/\/secure.gravatar.com\/avatar\/ac5001d2a36cb6c6cd3e50789007ffca834b477b74a2144564522e944eabff61?s=96&d=mm&r=g","url":"https:\/\/secure.gravatar.com\/avatar\/ac5001d2a36cb6c6cd3e50789007ffca834b477b74a2144564522e944eabff61?s=96&d=mm&r=g","contentUrl":"https:\/\/secure.gravatar.com\/avatar\/ac5001d2a36cb6c6cd3e50789007ffca834b477b74a2144564522e944eabff61?s=96&d=mm&r=g","caption":"thomas.berner"},"url":"https:\/\/www.organisator.ch\/it\/author\/thomas-berner\/"}]}},"_links":{"self":[{"href":"https:\/\/www.organisator.ch\/it\/wp-json\/wp\/v2\/posts\/4984","targetHints":{"allow":["GET"]}}],"collection":[{"href":"https:\/\/www.organisator.ch\/it\/wp-json\/wp\/v2\/posts"}],"about":[{"href":"https:\/\/www.organisator.ch\/it\/wp-json\/wp\/v2\/types\/post"}],"author":[{"embeddable":true,"href":"https:\/\/www.organisator.ch\/it\/wp-json\/wp\/v2\/users\/4"}],"replies":[{"embeddable":true,"href":"https:\/\/www.organisator.ch\/it\/wp-json\/wp\/v2\/comments?post=4984"}],"version-history":[{"count":0,"href":"https:\/\/www.organisator.ch\/it\/wp-json\/wp\/v2\/posts\/4984\/revisions"}],"wp:featuredmedia":[{"embeddable":true,"href":"https:\/\/www.organisator.ch\/it\/wp-json\/wp\/v2\/media\/4985"}],"wp:attachment":[{"href":"https:\/\/www.organisator.ch\/it\/wp-json\/wp\/v2\/media?parent=4984"}],"wp:term":[{"taxonomy":"category","embeddable":true,"href":"https:\/\/www.organisator.ch\/it\/wp-json\/wp\/v2\/categories?post=4984"},{"taxonomy":"post_tag","embeddable":true,"href":"https:\/\/www.organisator.ch\/it\/wp-json\/wp\/v2\/tags?post=4984"}],"curies":[{"name":"wp","href":"https:\/\/api.w.org\/{rel}","templated":true}]}}