{"id":4995,"date":"2021-10-22T08:00:07","date_gmt":"2021-10-22T06:00:07","guid":{"rendered":"https:\/\/www.umweltperspektiven.ch\/?p=4995"},"modified":"2022-02-09T11:10:47","modified_gmt":"2022-02-09T10:10:47","slug":"branchentreffpunkt-aqua-suisse-mit-fachtagung-wasser","status":"publish","type":"post","link":"https:\/\/www.organisator.ch\/it\/sustainability\/2021-10-22\/branchentreffpunkt-aqua-suisse-mit-fachtagung-wasser\/","title":{"rendered":"Aqua Suisse punto d'incontro dell'industria con il simposio sull'acqua"},"content":{"rendered":"<figure id=\"attachment_4996\" aria-describedby=\"caption-attachment-4996\" style=\"width: 680px\" class=\"wp-caption aligncenter\"><img loading=\"lazy\" decoding=\"async\" class=\"size-medium wp-image-4996\" src=\"\/\/www.umweltperspektiven.ch\/wp-content\/uploads\/2021\/10\/Publi_63449_Bild_2.jpg\" alt=\"\" width=\"680\" height=\"453\" \/><figcaption id=\"caption-attachment-4996\" class=\"wp-caption-text\">Foto: Dmitry Volochek<\/figcaption><\/figure>\n<p>Circa 190 espositori, insieme a Pumps &amp; Valves e alla manutenzione Svizzera, saranno presenti alla <a href=\"\/\/www.aqua-suisse-zuerich.ch\">Aqua Suisse 2021<\/a>\u00a0insieme alle associazioni industriali, rappresenter\u00e0 un ampio spaccato dell'importante settore industriale dell'industria svizzera dell'acqua e delle acque reflue. A questo scopo, i partner premium della fiera come vonRoll Hydro (Suisse) AG, Hawle Armaturen AG con sede a Sirnach, lo specialista della fusione TMH Hagenbucher AG, lo specialista degli idranti Hinni AG o Wild Armaturen AG di Jona presenteranno le loro innovazioni e servizi all'industria insieme a un interessante programma trasversale di conferenze di esperti nel Solution Centre.<\/p>\n<h2><strong>Ampio sostegno dell'associazione <\/strong><\/h2>\n<p>Aqua Suisse forma inoltre una forte rete a beneficio dei visitatori e degli espositori grazie alla collaborazione attiva e al sostegno dell'Associazione svizzera dell'industria del gas e dell'acqua SVGW\/SSIGE, della VSA e di aqua suisse nonch\u00e9 dell'Associazione Swissmem dell'industria meccanica, elettrica e dei metalli. La fiera leader nella Svizzera tedesca completa anche la fiera partner \"Aqua pro\" nella Svizzera francese per rappresentare e indirizzare l'intera industria svizzera.<\/p>\n<h2><strong>Aqua Suisse con un know-how approfondito <\/strong><\/h2>\n<p>Tra molti altri argomenti fattuali, la questione della fornitura di acqua potabile nei tempi che cambiano \u00e8 di grande importanza. Questo include aspetti come le tendenze e le previsioni, l'infrastruttura della rete, la qualit\u00e0 dell'acqua, la valutazione e l'analisi delle condizioni fino al lavaggio della rete, il problema dell'aria e, ultimo ma non meno importante, il cambiamento climatico. Parallelamente ad Aqua Suisse e a Pumps &amp; Valves, si terr\u00e0 il Simposio sull'acqua, 23\u00b0 seminario Lippuner con il tema.<a href=\"\/\/www.lipartner.ch\/de\/wasserfachtagung\/tagungsprogramm-2021\"> Edifici infrastrutturali<\/a>\u00a0avr\u00e0 luogo nel padiglione 4 a Zurigo.<\/p>\n<p>Alla fiera, i visitatori e gli espositori troveranno un passaggio fluido tra l'industria dell'acqua, delle acque reflue e del gas, la manutenzione industriale e il settore delle pompe e delle valvole. Presentazioni di esperti di professionisti attendono i visitatori il primo giorno della fiera, il 17 novembre 2021, alle 9.30 nel \"SolutionCenter\" (cfr. <a href=\"\/\/www.aqua-suisse-zuerich.ch\/de\/programm\/\">Programma qui<\/a>). Il partner di contenuto SVGW aprir\u00e0 la serie di conferenze con una vasta gamma di argomenti all'inizio. Christos Br\u00e4unle, responsabile della comunicazione e dell'editoria della SVGW, dice: \"Oltre all'insieme di norme e regolamenti che la SVGW sviluppa in un sistema di milizia insieme all'industria nei settori dell'acqua, del gas e del teleriscaldamento, l'associazione offre una vasta gamma di formazione. Consulenza, certificazione e numerose informazioni tecniche completano l'offerta principale della SVGW\". Il 17 novembre, Rolf Meier, vicedirettore della SVGW e capo della divisione Acqua, parler\u00e0 di temi attuali relativi all'acqua, come il microinquinamento nell'acqua grezza e potabile, i cambiamenti nell'approvvigionamento idrico dovuti al cambiamento climatico e affronter\u00e0 le sfide future per un approvvigionamento sicuro di acqua potabile di alta qualit\u00e0 in quantit\u00e0 sufficiente per la popolazione svizzera. Il 18 novembre, Markus Biner, specialista dell'acqua della SVGW, continuer\u00e0 con l'argomento \"L'autocontrollo reso facile per i fornitori d'acqua\" sul tema \"Linea guida del settore per la buona pratica W12 e \"AquaPilot - come i fornitori d'acqua implementano l'autocontrollo richiesto dalla legge in modo efficiente e digitale\".<\/p>\n<h2><strong>Internet delle cose come turbo industria<\/strong><\/h2>\n<p>Seguiranno le presentazioni di esperti di TMH Hagenbucher AG, vonRoll hydro, Schenk AG, Hinni AG, Wild Armaturen AG, Hawle Suisse, Endress + Hauser Schweiz AG e GWF MessSystem AG, per esempio sul tema \"Come sar\u00e0 il futuro dell'Internet delle cose (IoT) nel 2020-2025 e oltre? Istituti di ricerca come Statista ipotizzano pi\u00f9 di 30 miliardi di dispositivi in rete nel 2020 e 75 miliardi nel 2025. Per i fornitori di energia, le soluzioni IoT permettono di rendere ancora pi\u00f9 efficiente la gestione operativa delle reti di gas, acqua e teleriscaldamento. La manutenzione preventiva, il monitoraggio e l'analisi dei dati offrono nuovi modelli di business. GWF, come integratore di sistema leader di soluzioni IoT nell'industria energetica, dimostrer\u00e0 l'uso di tali soluzioni moderne con esempi pratici. La Egeplast International GmbH parler\u00e0 del tema \"Tubo di plastica con controllo delle perdite per il trasporto sicuro delle acque reflue attraverso le aree di protezione delle acque\" e presenter\u00e0 le ultime soluzioni collaudate della manutenzione industriale.<\/p>\n<p><em>Fonte: Easyfairs<\/em><\/p>\n<p><strong>\u00a0<\/strong><\/p>\n<blockquote><p><strong>Biglietti gratuiti <\/strong><\/p>\n<p>Con ulteriori misure comunicative e contenutistiche come giornate online, webinar e blog, Easyfairs utilizzer\u00e0 il tempo per creare un ulteriore valore aggiunto per la community e quindi aumentare ulteriormente l'attesa dell'evento live ad Aqua Suisse 2021 a Zurigo.<\/p>\n<p>Tutte le ultime informazioni in merito possono essere trovate sul sito web della fiera. Gli interessati possono registrarsi all'evento industriale con il <strong>Registrati con il codice visitatore \"2501\" per ricevere un biglietto d'ingresso gratuito. <\/strong>per l'Aqua Suisse, il\u00a0<a href=\"\/\/www.maintenance-schweiz.ch\">manutenzione Svizzera<\/a>\u00a0e\u00a0<a href=\"\/\/www.pumps-valves.ch\">Pompe e valvole<\/a> per ottenere.<\/p>\n<p><a href=\"\/\/www.aqua-suisse-zuerich.ch\/\">www.aqua-suisse-zuerich.ch<\/a><\/p><\/blockquote>\n<p>&nbsp;<\/p>","protected":false},"excerpt":{"rendered":"<p>Rund 190 Aussteller, gemeinsam mit Pumps &amp; Valves und der maintenance Schweiz, werden an der Aqua Suisse 2021\u00a0zusammen mit den Branchenverb\u00e4nde einen breiten Querschnitt durch den wichtigen Industriezweig der Schweizer Wasser- und Abwasserwirtschaft abbilden. Dazu werden die Premium-Partner der Messe wie vonRoll Hydro (Suisse) AG, die Sirnacher Hawle Armaturen AG, der Gussspezialist TMH Hagenbucher AG, [&hellip;]<\/p>\n","protected":false},"author":6,"featured_media":9861,"comment_status":"closed","ping_status":"closed","sticky":false,"template":"","format":"standard","meta":{"_acf_changed":false,"_yoast_wpseo_focuskw":"Aqua Suisse","_yoast_wpseo_metadesc":"An der Premiere der Aqua Suisse (17. bis 18. November 2021) in Z\u00fcrich zeigen 85 Anbieter den neusten technischen Stand zur Versorgung mit Wasser und Gas.","articlekey":"","footnotes":""},"categories":[580],"tags":[663,719,1241,502,600],"class_list":["post-4995","post","type-post","status-publish","format-standard","has-post-thumbnail","hentry","category-sustainability","tag-abwasser","tag-aqua-suisse","tag-gas","tag-veranstaltungen","tag-wasser"],"acf":[],"yoast_head":"<!-- This site is optimized with the Yoast SEO plugin v27.4 - https:\/\/yoast.com\/product\/yoast-seo-wordpress\/ -->\n<title>Branchentreffpunkt Aqua Suisse mit Fachtagung Wasser - Organisator<\/title>\n<meta name=\"description\" content=\"An der Premiere der Aqua Suisse (17. bis 18. November 2021) in Z\u00fcrich zeigen 85 Anbieter den neusten technischen Stand zur Versorgung mit Wasser und Gas.\" \/>\n<meta name=\"robots\" content=\"index, follow, max-snippet:-1, max-image-preview:large, max-video-preview:-1\" \/>\n<link rel=\"canonical\" href=\"https:\/\/www.organisator.ch\/it\/sostenibilita\/2021-10-22\/branchentreffpunkt-aqua-suisse-mit-fachtagung-wasser\/\" \/>\n<meta property=\"og:locale\" content=\"it_IT\" \/>\n<meta property=\"og:type\" content=\"article\" \/>\n<meta property=\"og:title\" content=\"Branchentreffpunkt Aqua Suisse mit Fachtagung Wasser - Organisator\" \/>\n<meta property=\"og:description\" content=\"An der Premiere der Aqua Suisse (17. bis 18. November 2021) in Z\u00fcrich zeigen 85 Anbieter den neusten technischen Stand zur Versorgung mit Wasser und Gas.\" \/>\n<meta property=\"og:url\" content=\"https:\/\/www.organisator.ch\/it\/sostenibilita\/2021-10-22\/branchentreffpunkt-aqua-suisse-mit-fachtagung-wasser\/\" \/>\n<meta property=\"og:site_name\" content=\"Organisator\" \/>\n<meta property=\"article:publisher\" content=\"https:\/\/www.facebook.com\/OrganisatorFachmagazin\" \/>\n<meta property=\"article:published_time\" content=\"2021-10-22T06:00:07+00:00\" \/>\n<meta property=\"article:modified_time\" content=\"2022-02-09T10:10:47+00:00\" \/>\n<meta property=\"og:image\" content=\"https:\/\/www.organisator.ch\/wp-content\/uploads\/2021\/10\/Publi_63449_Bild_2-scaled.jpg\" \/>\n\t<meta property=\"og:image:width\" content=\"2560\" \/>\n\t<meta property=\"og:image:height\" content=\"1707\" \/>\n\t<meta property=\"og:image:type\" content=\"image\/jpeg\" \/>\n<meta name=\"author\" content=\"roger.straessle\" \/>\n<meta name=\"twitter:card\" content=\"summary_large_image\" \/>\n<script type=\"application\/ld+json\" class=\"yoast-schema-graph\">{\"@context\":\"https:\\\/\\\/schema.org\",\"@graph\":[{\"@type\":\"Article\",\"@id\":\"https:\\\/\\\/www.organisator.ch\\\/sustainability\\\/2021-10-22\\\/branchentreffpunkt-aqua-suisse-mit-fachtagung-wasser\\\/#article\",\"isPartOf\":{\"@id\":\"https:\\\/\\\/www.organisator.ch\\\/sustainability\\\/2021-10-22\\\/branchentreffpunkt-aqua-suisse-mit-fachtagung-wasser\\\/\"},\"author\":{\"name\":\"roger.straessle\",\"@id\":\"https:\\\/\\\/www.organisator.ch\\\/#\\\/schema\\\/person\\\/a800b8c54e208b160517a7dcc323161d\"},\"headline\":\"Branchentreffpunkt Aqua Suisse mit Fachtagung Wasser\",\"datePublished\":\"2021-10-22T06:00:07+00:00\",\"dateModified\":\"2022-02-09T10:10:47+00:00\",\"mainEntityOfPage\":{\"@id\":\"https:\\\/\\\/www.organisator.ch\\\/sustainability\\\/2021-10-22\\\/branchentreffpunkt-aqua-suisse-mit-fachtagung-wasser\\\/\"},\"wordCount\":697,\"publisher\":{\"@id\":\"https:\\\/\\\/www.organisator.ch\\\/#organization\"},\"image\":{\"@id\":\"https:\\\/\\\/www.organisator.ch\\\/sustainability\\\/2021-10-22\\\/branchentreffpunkt-aqua-suisse-mit-fachtagung-wasser\\\/#primaryimage\"},\"thumbnailUrl\":\"https:\\\/\\\/www.organisator.ch\\\/wp-content\\\/uploads\\\/2021\\\/10\\\/Publi_63449_Bild_2-scaled.jpg\",\"keywords\":[\"Abwasser\",\"AQUA Suisse\",\"Gas\",\"Veranstaltungen\",\"WASSER\"],\"articleSection\":[\"SUSTAINABILITY\"],\"inLanguage\":\"it-IT\"},{\"@type\":\"WebPage\",\"@id\":\"https:\\\/\\\/www.organisator.ch\\\/sustainability\\\/2021-10-22\\\/branchentreffpunkt-aqua-suisse-mit-fachtagung-wasser\\\/\",\"url\":\"https:\\\/\\\/www.organisator.ch\\\/sustainability\\\/2021-10-22\\\/branchentreffpunkt-aqua-suisse-mit-fachtagung-wasser\\\/\",\"name\":\"Branchentreffpunkt Aqua Suisse mit Fachtagung Wasser - Organisator\",\"isPartOf\":{\"@id\":\"https:\\\/\\\/www.organisator.ch\\\/#website\"},\"primaryImageOfPage\":{\"@id\":\"https:\\\/\\\/www.organisator.ch\\\/sustainability\\\/2021-10-22\\\/branchentreffpunkt-aqua-suisse-mit-fachtagung-wasser\\\/#primaryimage\"},\"image\":{\"@id\":\"https:\\\/\\\/www.organisator.ch\\\/sustainability\\\/2021-10-22\\\/branchentreffpunkt-aqua-suisse-mit-fachtagung-wasser\\\/#primaryimage\"},\"thumbnailUrl\":\"https:\\\/\\\/www.organisator.ch\\\/wp-content\\\/uploads\\\/2021\\\/10\\\/Publi_63449_Bild_2-scaled.jpg\",\"datePublished\":\"2021-10-22T06:00:07+00:00\",\"dateModified\":\"2022-02-09T10:10:47+00:00\",\"description\":\"An der Premiere der Aqua Suisse (17. bis 18. November 2021) in Z\u00fcrich zeigen 85 Anbieter den neusten technischen Stand zur Versorgung mit Wasser und Gas.\",\"breadcrumb\":{\"@id\":\"https:\\\/\\\/www.organisator.ch\\\/sustainability\\\/2021-10-22\\\/branchentreffpunkt-aqua-suisse-mit-fachtagung-wasser\\\/#breadcrumb\"},\"inLanguage\":\"it-IT\",\"potentialAction\":[{\"@type\":\"ReadAction\",\"target\":[\"https:\\\/\\\/www.organisator.ch\\\/sustainability\\\/2021-10-22\\\/branchentreffpunkt-aqua-suisse-mit-fachtagung-wasser\\\/\"]}]},{\"@type\":\"ImageObject\",\"inLanguage\":\"it-IT\",\"@id\":\"https:\\\/\\\/www.organisator.ch\\\/sustainability\\\/2021-10-22\\\/branchentreffpunkt-aqua-suisse-mit-fachtagung-wasser\\\/#primaryimage\",\"url\":\"https:\\\/\\\/www.organisator.ch\\\/wp-content\\\/uploads\\\/2021\\\/10\\\/Publi_63449_Bild_2-scaled.jpg\",\"contentUrl\":\"https:\\\/\\\/www.organisator.ch\\\/wp-content\\\/uploads\\\/2021\\\/10\\\/Publi_63449_Bild_2-scaled.jpg\",\"width\":2560,\"height\":1707,\"caption\":\"Foto: Dmitry Volochek\"},{\"@type\":\"BreadcrumbList\",\"@id\":\"https:\\\/\\\/www.organisator.ch\\\/sustainability\\\/2021-10-22\\\/branchentreffpunkt-aqua-suisse-mit-fachtagung-wasser\\\/#breadcrumb\",\"itemListElement\":[{\"@type\":\"ListItem\",\"position\":1,\"name\":\"Home\",\"item\":\"https:\\\/\\\/www.organisator.ch\\\/\"},{\"@type\":\"ListItem\",\"position\":2,\"name\":\"Branchentreffpunkt Aqua Suisse mit Fachtagung Wasser\"}]},{\"@type\":\"WebSite\",\"@id\":\"https:\\\/\\\/www.organisator.ch\\\/#website\",\"url\":\"https:\\\/\\\/www.organisator.ch\\\/\",\"name\":\"Organisator\",\"description\":\"Kompetent. Praxisnah. Der ORGANISATOR bereitet in 10 Ausgaben pro Jahr die wesentlichen Themen f\u00fcr F\u00fchrungskr\u00e4fte von KMU auf.\",\"publisher\":{\"@id\":\"https:\\\/\\\/www.organisator.ch\\\/#organization\"},\"potentialAction\":[{\"@type\":\"SearchAction\",\"target\":{\"@type\":\"EntryPoint\",\"urlTemplate\":\"https:\\\/\\\/www.organisator.ch\\\/?s={search_term_string}\"},\"query-input\":{\"@type\":\"PropertyValueSpecification\",\"valueRequired\":true,\"valueName\":\"search_term_string\"}}],\"inLanguage\":\"it-IT\"},{\"@type\":\"Organization\",\"@id\":\"https:\\\/\\\/www.organisator.ch\\\/#organization\",\"name\":\"Organisator\",\"url\":\"https:\\\/\\\/www.organisator.ch\\\/\",\"logo\":{\"@type\":\"ImageObject\",\"inLanguage\":\"it-IT\",\"@id\":\"https:\\\/\\\/www.organisator.ch\\\/#\\\/schema\\\/logo\\\/image\\\/\",\"url\":\"https:\\\/\\\/www.organisator.ch\\\/wp-content\\\/uploads\\\/2022\\\/01\\\/Logo_Organisator_Website.png\",\"contentUrl\":\"https:\\\/\\\/www.organisator.ch\\\/wp-content\\\/uploads\\\/2022\\\/01\\\/Logo_Organisator_Website.png\",\"width\":800,\"height\":77,\"caption\":\"Organisator\"},\"image\":{\"@id\":\"https:\\\/\\\/www.organisator.ch\\\/#\\\/schema\\\/logo\\\/image\\\/\"},\"sameAs\":[\"https:\\\/\\\/www.facebook.com\\\/OrganisatorFachmagazin\",\"https:\\\/\\\/www.linkedin.com\\\/showcase\\\/organisator-das-magazin-fr-kmu\",\"https:\\\/\\\/www.xing.com\\\/news\\\/pages\\\/organisator-ch-695\",\"https:\\\/\\\/www.youtube.com\\\/channel\\\/UCGP2Sq0iWaZwT3BdIAQFYpw\"]},{\"@type\":\"Person\",\"@id\":\"https:\\\/\\\/www.organisator.ch\\\/#\\\/schema\\\/person\\\/a800b8c54e208b160517a7dcc323161d\",\"name\":\"roger.straessle\",\"image\":{\"@type\":\"ImageObject\",\"inLanguage\":\"it-IT\",\"@id\":\"https:\\\/\\\/secure.gravatar.com\\\/avatar\\\/?s=96&d=mm&r=g\",\"url\":\"https:\\\/\\\/secure.gravatar.com\\\/avatar\\\/?s=96&d=mm&r=g\",\"contentUrl\":\"https:\\\/\\\/secure.gravatar.com\\\/avatar\\\/?s=96&d=mm&r=g\",\"caption\":\"roger.straessle\"},\"url\":\"https:\\\/\\\/www.organisator.ch\\\/it\\\/author\\\/roger-straessle\\\/\"}]}<\/script>\n<!-- \/ Yoast SEO plugin. -->","yoast_head_json":{"title":"Aqua Suisse punto d'incontro dell'industria con il simposio sull'acqua - Organizzatore","description":"Alla prima di Aqua Suisse (17-18 novembre 2021) a Zurigo, 85 fornitori mostreranno gli ultimi sviluppi tecnici nella fornitura di acqua e gas.","robots":{"index":"index","follow":"follow","max-snippet":"max-snippet:-1","max-image-preview":"max-image-preview:large","max-video-preview":"max-video-preview:-1"},"canonical":"https:\/\/www.organisator.ch\/it\/sostenibilita\/2021-10-22\/branchentreffpunkt-aqua-suisse-mit-fachtagung-wasser\/","og_locale":"it_IT","og_type":"article","og_title":"Branchentreffpunkt Aqua Suisse mit Fachtagung Wasser - Organisator","og_description":"An der Premiere der Aqua Suisse (17. bis 18. November 2021) in Z\u00fcrich zeigen 85 Anbieter den neusten technischen Stand zur Versorgung mit Wasser und Gas.","og_url":"https:\/\/www.organisator.ch\/it\/sostenibilita\/2021-10-22\/branchentreffpunkt-aqua-suisse-mit-fachtagung-wasser\/","og_site_name":"Organisator","article_publisher":"https:\/\/www.facebook.com\/OrganisatorFachmagazin","article_published_time":"2021-10-22T06:00:07+00:00","article_modified_time":"2022-02-09T10:10:47+00:00","og_image":[{"width":2560,"height":1707,"url":"https:\/\/www.organisator.ch\/wp-content\/uploads\/2021\/10\/Publi_63449_Bild_2-scaled.jpg","type":"image\/jpeg"}],"author":"roger.straessle","twitter_card":"summary_large_image","schema":{"@context":"https:\/\/schema.org","@graph":[{"@type":"Article","@id":"https:\/\/www.organisator.ch\/sustainability\/2021-10-22\/branchentreffpunkt-aqua-suisse-mit-fachtagung-wasser\/#article","isPartOf":{"@id":"https:\/\/www.organisator.ch\/sustainability\/2021-10-22\/branchentreffpunkt-aqua-suisse-mit-fachtagung-wasser\/"},"author":{"name":"roger.straessle","@id":"https:\/\/www.organisator.ch\/#\/schema\/person\/a800b8c54e208b160517a7dcc323161d"},"headline":"Branchentreffpunkt Aqua Suisse mit Fachtagung Wasser","datePublished":"2021-10-22T06:00:07+00:00","dateModified":"2022-02-09T10:10:47+00:00","mainEntityOfPage":{"@id":"https:\/\/www.organisator.ch\/sustainability\/2021-10-22\/branchentreffpunkt-aqua-suisse-mit-fachtagung-wasser\/"},"wordCount":697,"publisher":{"@id":"https:\/\/www.organisator.ch\/#organization"},"image":{"@id":"https:\/\/www.organisator.ch\/sustainability\/2021-10-22\/branchentreffpunkt-aqua-suisse-mit-fachtagung-wasser\/#primaryimage"},"thumbnailUrl":"https:\/\/www.organisator.ch\/wp-content\/uploads\/2021\/10\/Publi_63449_Bild_2-scaled.jpg","keywords":["Abwasser","AQUA Suisse","Gas","Veranstaltungen","WASSER"],"articleSection":["SUSTAINABILITY"],"inLanguage":"it-IT"},{"@type":"WebPage","@id":"https:\/\/www.organisator.ch\/sustainability\/2021-10-22\/branchentreffpunkt-aqua-suisse-mit-fachtagung-wasser\/","url":"https:\/\/www.organisator.ch\/sustainability\/2021-10-22\/branchentreffpunkt-aqua-suisse-mit-fachtagung-wasser\/","name":"Aqua Suisse punto d'incontro dell'industria con il simposio sull'acqua - Organizzatore","isPartOf":{"@id":"https:\/\/www.organisator.ch\/#website"},"primaryImageOfPage":{"@id":"https:\/\/www.organisator.ch\/sustainability\/2021-10-22\/branchentreffpunkt-aqua-suisse-mit-fachtagung-wasser\/#primaryimage"},"image":{"@id":"https:\/\/www.organisator.ch\/sustainability\/2021-10-22\/branchentreffpunkt-aqua-suisse-mit-fachtagung-wasser\/#primaryimage"},"thumbnailUrl":"https:\/\/www.organisator.ch\/wp-content\/uploads\/2021\/10\/Publi_63449_Bild_2-scaled.jpg","datePublished":"2021-10-22T06:00:07+00:00","dateModified":"2022-02-09T10:10:47+00:00","description":"Alla prima di Aqua Suisse (17-18 novembre 2021) a Zurigo, 85 fornitori mostreranno gli ultimi sviluppi tecnici nella fornitura di acqua e gas.","breadcrumb":{"@id":"https:\/\/www.organisator.ch\/sustainability\/2021-10-22\/branchentreffpunkt-aqua-suisse-mit-fachtagung-wasser\/#breadcrumb"},"inLanguage":"it-IT","potentialAction":[{"@type":"ReadAction","target":["https:\/\/www.organisator.ch\/sustainability\/2021-10-22\/branchentreffpunkt-aqua-suisse-mit-fachtagung-wasser\/"]}]},{"@type":"ImageObject","inLanguage":"it-IT","@id":"https:\/\/www.organisator.ch\/sustainability\/2021-10-22\/branchentreffpunkt-aqua-suisse-mit-fachtagung-wasser\/#primaryimage","url":"https:\/\/www.organisator.ch\/wp-content\/uploads\/2021\/10\/Publi_63449_Bild_2-scaled.jpg","contentUrl":"https:\/\/www.organisator.ch\/wp-content\/uploads\/2021\/10\/Publi_63449_Bild_2-scaled.jpg","width":2560,"height":1707,"caption":"Foto: Dmitry Volochek"},{"@type":"BreadcrumbList","@id":"https:\/\/www.organisator.ch\/sustainability\/2021-10-22\/branchentreffpunkt-aqua-suisse-mit-fachtagung-wasser\/#breadcrumb","itemListElement":[{"@type":"ListItem","position":1,"name":"Home","item":"https:\/\/www.organisator.ch\/"},{"@type":"ListItem","position":2,"name":"Branchentreffpunkt Aqua Suisse mit Fachtagung Wasser"}]},{"@type":"WebSite","@id":"https:\/\/www.organisator.ch\/#website","url":"https:\/\/www.organisator.ch\/","name":"Organizzatore","description":"Competente. Pratico. In 10 numeri all'anno, ORGANISATOR presenta i temi essenziali per i manager delle PMI.","publisher":{"@id":"https:\/\/www.organisator.ch\/#organization"},"potentialAction":[{"@type":"SearchAction","target":{"@type":"EntryPoint","urlTemplate":"https:\/\/www.organisator.ch\/?s={search_term_string}"},"query-input":{"@type":"PropertyValueSpecification","valueRequired":true,"valueName":"search_term_string"}}],"inLanguage":"it-IT"},{"@type":"Organization","@id":"https:\/\/www.organisator.ch\/#organization","name":"Organizzatore","url":"https:\/\/www.organisator.ch\/","logo":{"@type":"ImageObject","inLanguage":"it-IT","@id":"https:\/\/www.organisator.ch\/#\/schema\/logo\/image\/","url":"https:\/\/www.organisator.ch\/wp-content\/uploads\/2022\/01\/Logo_Organisator_Website.png","contentUrl":"https:\/\/www.organisator.ch\/wp-content\/uploads\/2022\/01\/Logo_Organisator_Website.png","width":800,"height":77,"caption":"Organisator"},"image":{"@id":"https:\/\/www.organisator.ch\/#\/schema\/logo\/image\/"},"sameAs":["https:\/\/www.facebook.com\/OrganisatorFachmagazin","https:\/\/www.linkedin.com\/showcase\/organisator-das-magazin-fr-kmu","https:\/\/www.xing.com\/news\/pages\/organisator-ch-695","https:\/\/www.youtube.com\/channel\/UCGP2Sq0iWaZwT3BdIAQFYpw"]},{"@type":"Person","@id":"https:\/\/www.organisator.ch\/#\/schema\/person\/a800b8c54e208b160517a7dcc323161d","name":"roger.straessle","image":{"@type":"ImageObject","inLanguage":"it-IT","@id":"https:\/\/secure.gravatar.com\/avatar\/?s=96&d=mm&r=g","url":"https:\/\/secure.gravatar.com\/avatar\/?s=96&d=mm&r=g","contentUrl":"https:\/\/secure.gravatar.com\/avatar\/?s=96&d=mm&r=g","caption":"roger.straessle"},"url":"https:\/\/www.organisator.ch\/it\/author\/roger-straessle\/"}]}},"_links":{"self":[{"href":"https:\/\/www.organisator.ch\/it\/wp-json\/wp\/v2\/posts\/4995","targetHints":{"allow":["GET"]}}],"collection":[{"href":"https:\/\/www.organisator.ch\/it\/wp-json\/wp\/v2\/posts"}],"about":[{"href":"https:\/\/www.organisator.ch\/it\/wp-json\/wp\/v2\/types\/post"}],"author":[{"embeddable":true,"href":"https:\/\/www.organisator.ch\/it\/wp-json\/wp\/v2\/users\/6"}],"replies":[{"embeddable":true,"href":"https:\/\/www.organisator.ch\/it\/wp-json\/wp\/v2\/comments?post=4995"}],"version-history":[{"count":1,"href":"https:\/\/www.organisator.ch\/it\/wp-json\/wp\/v2\/posts\/4995\/revisions"}],"predecessor-version":[{"id":10982,"href":"https:\/\/www.organisator.ch\/it\/wp-json\/wp\/v2\/posts\/4995\/revisions\/10982"}],"wp:featuredmedia":[{"embeddable":true,"href":"https:\/\/www.organisator.ch\/it\/wp-json\/wp\/v2\/media\/9861"}],"wp:attachment":[{"href":"https:\/\/www.organisator.ch\/it\/wp-json\/wp\/v2\/media?parent=4995"}],"wp:term":[{"taxonomy":"category","embeddable":true,"href":"https:\/\/www.organisator.ch\/it\/wp-json\/wp\/v2\/categories?post=4995"},{"taxonomy":"post_tag","embeddable":true,"href":"https:\/\/www.organisator.ch\/it\/wp-json\/wp\/v2\/tags?post=4995"}],"curies":[{"name":"wp","href":"https:\/\/api.w.org\/{rel}","templated":true}]}}