{"id":5008,"date":"2019-03-13T08:47:47","date_gmt":"2019-03-13T07:47:47","guid":{"rendered":"https:\/\/www.organisator.ch\/?p=5008"},"modified":"2019-03-13T08:47:47","modified_gmt":"2019-03-13T07:47:47","slug":"gig-economy-freiberufler-und-befristet-beschaeftigte-draengen-auf-den-arbeitsmarkt","status":"publish","type":"post","link":"https:\/\/www.organisator.ch\/it\/human-resources\/hrm\/2019-03-13\/gig-economy-freiberufler-und-befristet-beschaeftigte-draengen-auf-den-arbeitsmarkt\/","title":{"rendered":"Gig economy: freelance e lavoratori temporanei entrano nel mercato del lavoro"},"content":{"rendered":"<figure id=\"attachment_5009\" aria-describedby=\"caption-attachment-5009\" style=\"width: 659px\" class=\"wp-caption alignnone\"><img loading=\"lazy\" decoding=\"async\" class=\"size-full wp-image-5009\" src=\"https:\/\/www.organisator.ch\/wp-content\/uploads\/2019\/03\/Gig-Economy-Freiberufler-und-befristet-Beschaeftigte-draengen-auf-den-Arbeitsmarkt_Organisator.jpg\" alt=\"\" width=\"659\" height=\"370\" srcset=\"https:\/\/www.organisator.ch\/wp-content\/uploads\/2019\/03\/Gig-Economy-Freiberufler-und-befristet-Beschaeftigte-draengen-auf-den-Arbeitsmarkt_Organisator.jpg 659w, https:\/\/www.organisator.ch\/wp-content\/uploads\/2019\/03\/Gig-Economy-Freiberufler-und-befristet-Beschaeftigte-draengen-auf-den-Arbeitsmarkt_Organisator-16x9.jpg 16w, https:\/\/www.organisator.ch\/wp-content\/uploads\/2019\/03\/Gig-Economy-Freiberufler-und-befristet-Beschaeftigte-draengen-auf-den-Arbeitsmarkt_Organisator-312x175.jpg 312w, https:\/\/www.organisator.ch\/wp-content\/uploads\/2019\/03\/Gig-Economy-Freiberufler-und-befristet-Beschaeftigte-draengen-auf-den-Arbeitsmarkt_Organisator-623x350.jpg 623w, https:\/\/www.organisator.ch\/wp-content\/uploads\/2019\/03\/Gig-Economy-Freiberufler-und-befristet-Beschaeftigte-draengen-auf-den-Arbeitsmarkt_Organisator-300x168.jpg 300w\" sizes=\"auto, (max-width: 659px) 100vw, 659px\" \/><figcaption id=\"caption-attachment-5009\" class=\"wp-caption-text\">Gig economy: secondo un nuovo studio, nei prossimi anni i freelance e i lavoratori contingenti sostituiranno ampiamente i dipendenti a tempo pieno. (Immagine: pixabay.com)<\/figcaption><\/figure>\n<p>In un ambiente competitivo in cui l'intelligenza artificiale, la digitalizzazione e l'automazione stanno causando notevoli sconvolgimenti, non solo i processi di lavoro cambiano costantemente, ma anche chi svolge il lavoro. I dirigenti prevedono una tendenza al rialzo in particolare per la gig economy: il 79% in tutto il mondo prevede che i lavoratori contingenti e i freelance sostituiranno ampiamente i dipendenti a tempo pieno nei prossimi anni. Questo \u00e8 uno dei risultati principali del nuovo Global Talent Trends Study 2019 di Mercer. Lo studio fornisce informazioni sulle opinioni di oltre 7.300 dirigenti, professionisti delle risorse umane e dipendenti in nove settori e 16 regioni del mondo. Quasi tre quarti (73%) dei dirigenti a livello globale prevedono una significativa disruption per le loro organizzazioni nei prossimi tre anni. Nel 2018, solo il 26% ha previsto sviluppi dirompenti. In risposta ai prossimi sconvolgimenti, si stanno avviando processi di trasformazione, che per\u00f2 comportano rischi significativi per le risorse umane. Tuttavia, solo un manager su tre a livello globale ritiene che la propria azienda sia in grado di ridurre al minimo tali rischi e, ad esempio, di ridurre efficacemente i deficit di competenze o di superare definitivamente la fatica del cambiamento dei dipendenti.<\/p>\n<h2>Ricerca della stabilit\u00e0<\/h2>\n<p>Nell'attuale clima di incertezza, i dipendenti cercano stabilit\u00e0. Lo studio conclude che la sicurezza del posto di lavoro \u00e8 una delle ragioni pi\u00f9 importanti a livello mondiale per cui i dipendenti entrano nella loro azienda e il motivo principale per cui rimangono. Tuttavia, uno su tre teme che l'intelligenza artificiale e l'automazione possano sostituire il proprio lavoro. Un approccio per dare ai lavoratori un senso di sicurezza \u00e8 quello di promuovere le relazioni sociali. Lo studio sottolinea anche questo aspetto: i dipendenti in buona salute, economicamente benestanti e soddisfatti della propria carriera descrivono il proprio ruolo in azienda come \"incentrato sulle relazioni sociali\" e l'ambiente di lavoro come \"collaborativo\", con una frequenza doppia rispetto ai dipendenti che non si caratterizzano in tal senso.<\/p>\n<p>\"Il futuro del lavoro risiede nella capacit\u00e0 di costruire relazioni e reti e di creare un ambiente di lavoro che si rivolga ai dipendenti di oggi. A tal fine, \u00e8 necessario che i dipendenti abbiano la sensazione di non essere intercambiabili. Inoltre, dovrebbe essere possibile personalizzare le offerte ai dipendenti in base ai dati. Ad esempio, le comunicazioni aziendali, i benefit e le opportunit\u00e0 di formazione possono essere adattati alle esigenze e ai desideri dei dipendenti\", spiega Kate Bravery, Global Leader of Career di Mercer.<\/p>\n<h2>Quattro tendenze principali<\/h2>\n<p>Tra tutti gli argomenti, lo studio identifica quattro tendenze globali principali che le aziende leader stanno perseguendo nel 2019:<\/p>\n<ul>\n<li><strong>Allineare il lavoro alla creazione di valore futuro:<\/strong> A livello globale, il 60% delle aziende prevede di automatizzare un numero sempre maggiore di processi lavorativi entro i prossimi dodici mesi. In termini di investimento sui talenti, i dirigenti si aspettano che la riprogettazione delle mansioni abbia il pi\u00f9 alto potenziale di ritorno sugli investimenti. Questa riprogettazione coinvolge anche i dipendenti, il 65% dei quali vuole responsabilit\u00e0 pi\u00f9 chiaramente definite. La sfida per la gestione delle risorse umane consiste nello sviluppare una strategia integrata per le persone (un approccio quattro volte pi\u00f9 probabile nelle aziende a forte crescita) e nel condurre le giuste analisi dei talenti per prendere decisioni informate sulle dimensioni e sulla struttura future dell'organizzazione. Tuttavia, solo un terzo delle organizzazioni di tutto il mondo analizza l'efficacia delle proprie strategie di talento e comprende l'impatto della creazione di talenti all'interno, del reclutamento esterno, dell'assunzione temporanea o dell'automazione dei processi per salvare i posti di lavoro.<\/li>\n<li><strong>Costruire l'impatto del marchio:<\/strong> Per i dipendenti e le persone in cerca di lavoro, il modo in cui un'azienda conduce la propria attivit\u00e0 e sostiene i valori del proprio marchio \u00e8 importante. In un mondo trasparente in cui i social media stanno diventando sempre pi\u00f9 importanti, i confini tra il marchio di consumo di un'azienda e la sua proposta di valore per i dipendenti (EVP) si stanno confondendo. Per riflettere meglio il contributo fornito, ad esempio, dai dipendenti temporanei e dai freelance, in molte aziende l'EVP si \u00e8 evoluta verso una Talent Value Proposition (TVP). Il motivo: le aziende di successo vogliono assicurarsi che il loro marchio si rivolga a tutte le categorie lavorative. Il 68% delle aziende a forte crescita a livello mondiale adegua il proprio TVP per gruppi diversi (ad esempio per i dipendenti temporanei), mentre tra le aziende a crescita moderata solo il 47% effettua tali adeguamenti. La filosofia delle ricompense totali di un'azienda \u00e8 un'area in cui i valori del marchio possono brillare: I dipendenti di successo hanno quattro volte pi\u00f9 probabilit\u00e0 di lavorare per un'azienda che garantisce la parit\u00e0 di trattamento in termini di retribuzione e decisioni di promozione (78% contro 18%).<\/li>\n<li><strong>Dare un senso alla vita lavorativa quotidiana:<\/strong> Una giornata di lavoro efficace e pertinente \u00e8 essenziale per trattenere i migliori talenti. I dipendenti di successo sono tre volte pi\u00f9 propensi a lavorare per un'azienda che consente un rapido processo decisionale (81% contro 26%) e fornisce strumenti e risorse per svolgere il lavoro in modo efficiente (82% contro 30%). I piani di formazione personalizzati e semplici sono in cima alle priorit\u00e0 dei dipendenti: pi\u00f9 della met\u00e0 (56%) dei lavoratori a livello globale desidera una formazione curata che li aiuti a sviluppare le proprie competenze e a prepararsi per i lavori futuri. Il concetto di apprendimento curato non \u00e8 una novit\u00e0. Ci\u00f2 che \u00e8 nuovo, tuttavia, sono i suoi obiettivi: Lo studio dimostra che per i dipendenti di tutto il mondo il pensiero creativo e la formazione continua in ambito tecnologico sono le competenze pi\u00f9 importanti per rimanere competitivi.<\/li>\n<li><strong>Avviare un cambiamento basato sui dipendenti:<\/strong> Per garantire che i dipendenti siano al centro del cambiamento, le Risorse Umane dovrebbero avere voce in capitolo nella trasformazione aziendale. Lo studio ha rilevato che il 61% dei responsabili delle risorse umane di tutto il mondo \u00e8 coinvolto nella pianificazione di importanti progetti di cambiamento e il 54% nell'attuazione di tali piani. Ma solo due leader HR su cinque sono stati coinvolti nella fase di ideazione delle iniziative di trasformazione. I dipartimenti HR considerano la mancanza di apertura e di impegno da parte dei dipendenti come i principali ostacoli alla solidit\u00e0 del cambiamento: il \"turnover dei dipendenti\" e il \"calo della fiducia dei dipendenti\" sono due delle maggiori sfide a livello mondiale nei prossimi mesi.<\/li>\n<\/ul>\n<p><em>Fonte e ulteriori informazioni:\u00a0<a href=\"http:\/\/www.mercer.ch\">www.mercer.ch<\/a><\/em><\/p>","protected":false},"excerpt":{"rendered":"<p>In einem Wettbewerbsumfeld, in dem K\u00fcnstliche Intelligenz, Digitalisierung und Automatisierung f\u00fcr erhebliche Umw\u00e4lzungen sorgen, \u00e4ndern sich nicht nur fortlaufend die Arbeitsabl\u00e4ufe, sondern auch, wer die Arbeit macht. Insbesondere der Gig Economy prognostizieren F\u00fchrungskr\u00e4fte einen Aufw\u00e4rtstrend: Weltweit erwarten 79 Prozent, dass vor\u00fcbergehend Besch\u00e4ftigte und Freiberufler in den kommenden Jahren Vollzeitbesch\u00e4ftigte weitgehend ersetzen werden. Das ist eines [&hellip;]<\/p>\n","protected":false},"author":4,"featured_media":5009,"comment_status":"open","ping_status":"open","sticky":false,"template":"","format":"standard","meta":{"_acf_changed":false,"_yoast_wpseo_focuskw":"Gig Economy","_yoast_wpseo_metadesc":"Gig Economy ist ein neuer Trend: Immer mehr Unternehmer oder Privatpersonen stellen unabh\u00e4ngige Dienstleister tempor\u00e4r an bzw. buchen diesen \"gig-basiert\".","articlekey":"","footnotes":""},"categories":[26],"tags":[254,335,379,407,459],"class_list":["post-5008","post","type-post","status-publish","format-standard","has-post-thumbnail","hentry","category-hrm","tag-hrm","tag-management-und-unternehmensfuehrung","tag-personalauswahl","tag-recruiting","tag-studie"],"acf":[],"yoast_head":"<!-- This site is optimized with the Yoast SEO plugin v27.4 - https:\/\/yoast.com\/product\/yoast-seo-wordpress\/ -->\n<title>Gig Economy: Freiberufler und befristet Besch\u00e4ftigte dr\u00e4ngen auf den Arbeitsmarkt - Organisator<\/title>\n<meta name=\"description\" content=\"Gig Economy ist ein neuer Trend: Immer mehr Unternehmer oder Privatpersonen stellen unabh\u00e4ngige Dienstleister tempor\u00e4r an bzw. buchen diesen &quot;gig-basiert&quot;.\" \/>\n<meta name=\"robots\" content=\"index, follow, max-snippet:-1, max-image-preview:large, max-video-preview:-1\" \/>\n<link rel=\"canonical\" href=\"https:\/\/www.organisator.ch\/it\/risorse-umane\/hrm\/2019-03-13\/gig-economy-freiberufler-und-befristet-beschaeftigte-draengen-auf-den-arbeitsmarkt\/\" \/>\n<meta property=\"og:locale\" content=\"it_IT\" \/>\n<meta property=\"og:type\" content=\"article\" \/>\n<meta property=\"og:title\" content=\"Gig Economy: Freiberufler und befristet Besch\u00e4ftigte dr\u00e4ngen auf den Arbeitsmarkt\" \/>\n<meta property=\"og:description\" content=\"Gig Economy ist ein neuer Trend: Immer mehr Unternehmer oder Privatpersonen stellen unabh\u00e4ngige Dienstleister tempor\u00e4r an bzw. buchen diesen &quot;gig-basiert&quot;.\" \/>\n<meta property=\"og:url\" content=\"https:\/\/www.organisator.ch\/it\/risorse-umane\/hrm\/2019-03-13\/gig-economy-freiberufler-und-befristet-beschaeftigte-draengen-auf-den-arbeitsmarkt\/\" \/>\n<meta property=\"og:site_name\" content=\"Organisator\" \/>\n<meta property=\"article:publisher\" content=\"https:\/\/www.facebook.com\/OrganisatorFachmagazin\" \/>\n<meta property=\"article:published_time\" content=\"2019-03-13T07:47:47+00:00\" \/>\n<meta property=\"og:image\" content=\"https:\/\/www.organisator.ch\/wp-content\/uploads\/2019\/03\/Gig-Economy-Freiberufler-und-befristet-Beschaeftigte-draengen-auf-den-Arbeitsmarkt_Organisator.jpg\" \/>\n\t<meta property=\"og:image:width\" content=\"659\" \/>\n\t<meta property=\"og:image:height\" content=\"370\" \/>\n\t<meta property=\"og:image:type\" content=\"image\/jpeg\" \/>\n<meta name=\"author\" content=\"thomas.berner\" \/>\n<meta name=\"twitter:card\" content=\"summary_large_image\" \/>\n<meta name=\"twitter:title\" content=\"#GigEconomy: Freiberufler und befristet Besch\u00e4ftigte dr\u00e4ngen auf den Arbeitsmarkt\" \/>\n<meta name=\"twitter:description\" content=\"#GigEconomy ist ein neuer Trend: Immer mehr Unternehmer oder Privatpersonen stellen unabh\u00e4ngige Dienstleister tempor\u00e4r an bzw. buchen diesen &quot;gig-basiert&quot;.\" \/>\n<meta name=\"twitter:image\" content=\"https:\/\/www.organisator.ch\/wp-content\/uploads\/2019\/03\/Gig-Economy-Freiberufler-und-befristet-Besch\u00e4ftigte-dr\u00e4ngen-auf-den-Arbeitsmarkt_Organisator.jpg\" \/>\n<script type=\"application\/ld+json\" class=\"yoast-schema-graph\">{\"@context\":\"https:\\\/\\\/schema.org\",\"@graph\":[{\"@type\":\"Article\",\"@id\":\"https:\\\/\\\/www.organisator.ch\\\/human-resources\\\/hrm\\\/2019-03-13\\\/gig-economy-freiberufler-und-befristet-beschaeftigte-draengen-auf-den-arbeitsmarkt\\\/#article\",\"isPartOf\":{\"@id\":\"https:\\\/\\\/www.organisator.ch\\\/human-resources\\\/hrm\\\/2019-03-13\\\/gig-economy-freiberufler-und-befristet-beschaeftigte-draengen-auf-den-arbeitsmarkt\\\/\"},\"author\":{\"name\":\"thomas.berner\",\"@id\":\"https:\\\/\\\/www.organisator.ch\\\/#\\\/schema\\\/person\\\/6f650f90b2842cd4c0cc334b4e36f67e\"},\"headline\":\"Gig Economy: Freiberufler und befristet Besch\u00e4ftigte dr\u00e4ngen auf den Arbeitsmarkt\",\"datePublished\":\"2019-03-13T07:47:47+00:00\",\"mainEntityOfPage\":{\"@id\":\"https:\\\/\\\/www.organisator.ch\\\/human-resources\\\/hrm\\\/2019-03-13\\\/gig-economy-freiberufler-und-befristet-beschaeftigte-draengen-auf-den-arbeitsmarkt\\\/\"},\"wordCount\":1014,\"commentCount\":0,\"publisher\":{\"@id\":\"https:\\\/\\\/www.organisator.ch\\\/#organization\"},\"image\":{\"@id\":\"https:\\\/\\\/www.organisator.ch\\\/human-resources\\\/hrm\\\/2019-03-13\\\/gig-economy-freiberufler-und-befristet-beschaeftigte-draengen-auf-den-arbeitsmarkt\\\/#primaryimage\"},\"thumbnailUrl\":\"https:\\\/\\\/www.organisator.ch\\\/wp-content\\\/uploads\\\/2019\\\/03\\\/Gig-Economy-Freiberufler-und-befristet-Beschaeftigte-draengen-auf-den-Arbeitsmarkt_Organisator.jpg\",\"keywords\":[\"HRM\",\"Management und Unternehmensf\u00fchrung\",\"Personalauswahl\",\"Recruiting\",\"Studie\"],\"articleSection\":[\"HRM\"],\"inLanguage\":\"it-IT\"},{\"@type\":\"WebPage\",\"@id\":\"https:\\\/\\\/www.organisator.ch\\\/human-resources\\\/hrm\\\/2019-03-13\\\/gig-economy-freiberufler-und-befristet-beschaeftigte-draengen-auf-den-arbeitsmarkt\\\/\",\"url\":\"https:\\\/\\\/www.organisator.ch\\\/human-resources\\\/hrm\\\/2019-03-13\\\/gig-economy-freiberufler-und-befristet-beschaeftigte-draengen-auf-den-arbeitsmarkt\\\/\",\"name\":\"Gig Economy: Freiberufler und befristet Besch\u00e4ftigte dr\u00e4ngen auf den Arbeitsmarkt - Organisator\",\"isPartOf\":{\"@id\":\"https:\\\/\\\/www.organisator.ch\\\/#website\"},\"primaryImageOfPage\":{\"@id\":\"https:\\\/\\\/www.organisator.ch\\\/human-resources\\\/hrm\\\/2019-03-13\\\/gig-economy-freiberufler-und-befristet-beschaeftigte-draengen-auf-den-arbeitsmarkt\\\/#primaryimage\"},\"image\":{\"@id\":\"https:\\\/\\\/www.organisator.ch\\\/human-resources\\\/hrm\\\/2019-03-13\\\/gig-economy-freiberufler-und-befristet-beschaeftigte-draengen-auf-den-arbeitsmarkt\\\/#primaryimage\"},\"thumbnailUrl\":\"https:\\\/\\\/www.organisator.ch\\\/wp-content\\\/uploads\\\/2019\\\/03\\\/Gig-Economy-Freiberufler-und-befristet-Beschaeftigte-draengen-auf-den-Arbeitsmarkt_Organisator.jpg\",\"datePublished\":\"2019-03-13T07:47:47+00:00\",\"description\":\"Gig Economy ist ein neuer Trend: Immer mehr Unternehmer oder Privatpersonen stellen unabh\u00e4ngige Dienstleister tempor\u00e4r an bzw. buchen diesen \\\"gig-basiert\\\".\",\"breadcrumb\":{\"@id\":\"https:\\\/\\\/www.organisator.ch\\\/human-resources\\\/hrm\\\/2019-03-13\\\/gig-economy-freiberufler-und-befristet-beschaeftigte-draengen-auf-den-arbeitsmarkt\\\/#breadcrumb\"},\"inLanguage\":\"it-IT\",\"potentialAction\":[{\"@type\":\"ReadAction\",\"target\":[\"https:\\\/\\\/www.organisator.ch\\\/human-resources\\\/hrm\\\/2019-03-13\\\/gig-economy-freiberufler-und-befristet-beschaeftigte-draengen-auf-den-arbeitsmarkt\\\/\"]}]},{\"@type\":\"ImageObject\",\"inLanguage\":\"it-IT\",\"@id\":\"https:\\\/\\\/www.organisator.ch\\\/human-resources\\\/hrm\\\/2019-03-13\\\/gig-economy-freiberufler-und-befristet-beschaeftigte-draengen-auf-den-arbeitsmarkt\\\/#primaryimage\",\"url\":\"https:\\\/\\\/www.organisator.ch\\\/wp-content\\\/uploads\\\/2019\\\/03\\\/Gig-Economy-Freiberufler-und-befristet-Beschaeftigte-draengen-auf-den-Arbeitsmarkt_Organisator.jpg\",\"contentUrl\":\"https:\\\/\\\/www.organisator.ch\\\/wp-content\\\/uploads\\\/2019\\\/03\\\/Gig-Economy-Freiberufler-und-befristet-Beschaeftigte-draengen-auf-den-Arbeitsmarkt_Organisator.jpg\",\"width\":659,\"height\":370,\"caption\":\"Gig Economy: Freiberufler und vor\u00fcbergehend Besch\u00e4ftigte werden in den kommenden Jahren Vollzeit-Angestellte weitgehend ersetzen, besagt eine neue Studie. (Bild: pixabay.com)\"},{\"@type\":\"BreadcrumbList\",\"@id\":\"https:\\\/\\\/www.organisator.ch\\\/human-resources\\\/hrm\\\/2019-03-13\\\/gig-economy-freiberufler-und-befristet-beschaeftigte-draengen-auf-den-arbeitsmarkt\\\/#breadcrumb\",\"itemListElement\":[{\"@type\":\"ListItem\",\"position\":1,\"name\":\"Home\",\"item\":\"https:\\\/\\\/www.organisator.ch\\\/\"},{\"@type\":\"ListItem\",\"position\":2,\"name\":\"Gig Economy: Freiberufler und befristet Besch\u00e4ftigte dr\u00e4ngen auf den Arbeitsmarkt\"}]},{\"@type\":\"WebSite\",\"@id\":\"https:\\\/\\\/www.organisator.ch\\\/#website\",\"url\":\"https:\\\/\\\/www.organisator.ch\\\/\",\"name\":\"Organisator\",\"description\":\"Kompetent. Praxisnah. Der ORGANISATOR bereitet in 10 Ausgaben pro Jahr die wesentlichen Themen f\u00fcr F\u00fchrungskr\u00e4fte von KMU auf.\",\"publisher\":{\"@id\":\"https:\\\/\\\/www.organisator.ch\\\/#organization\"},\"potentialAction\":[{\"@type\":\"SearchAction\",\"target\":{\"@type\":\"EntryPoint\",\"urlTemplate\":\"https:\\\/\\\/www.organisator.ch\\\/?s={search_term_string}\"},\"query-input\":{\"@type\":\"PropertyValueSpecification\",\"valueRequired\":true,\"valueName\":\"search_term_string\"}}],\"inLanguage\":\"it-IT\"},{\"@type\":\"Organization\",\"@id\":\"https:\\\/\\\/www.organisator.ch\\\/#organization\",\"name\":\"Organisator\",\"url\":\"https:\\\/\\\/www.organisator.ch\\\/\",\"logo\":{\"@type\":\"ImageObject\",\"inLanguage\":\"it-IT\",\"@id\":\"https:\\\/\\\/www.organisator.ch\\\/#\\\/schema\\\/logo\\\/image\\\/\",\"url\":\"https:\\\/\\\/www.organisator.ch\\\/wp-content\\\/uploads\\\/2022\\\/01\\\/Logo_Organisator_Website.png\",\"contentUrl\":\"https:\\\/\\\/www.organisator.ch\\\/wp-content\\\/uploads\\\/2022\\\/01\\\/Logo_Organisator_Website.png\",\"width\":800,\"height\":77,\"caption\":\"Organisator\"},\"image\":{\"@id\":\"https:\\\/\\\/www.organisator.ch\\\/#\\\/schema\\\/logo\\\/image\\\/\"},\"sameAs\":[\"https:\\\/\\\/www.facebook.com\\\/OrganisatorFachmagazin\",\"https:\\\/\\\/www.linkedin.com\\\/showcase\\\/organisator-das-magazin-fr-kmu\",\"https:\\\/\\\/www.xing.com\\\/news\\\/pages\\\/organisator-ch-695\",\"https:\\\/\\\/www.youtube.com\\\/channel\\\/UCGP2Sq0iWaZwT3BdIAQFYpw\"]},{\"@type\":\"Person\",\"@id\":\"https:\\\/\\\/www.organisator.ch\\\/#\\\/schema\\\/person\\\/6f650f90b2842cd4c0cc334b4e36f67e\",\"name\":\"thomas.berner\",\"image\":{\"@type\":\"ImageObject\",\"inLanguage\":\"it-IT\",\"@id\":\"https:\\\/\\\/secure.gravatar.com\\\/avatar\\\/ac5001d2a36cb6c6cd3e50789007ffca834b477b74a2144564522e944eabff61?s=96&d=mm&r=g\",\"url\":\"https:\\\/\\\/secure.gravatar.com\\\/avatar\\\/ac5001d2a36cb6c6cd3e50789007ffca834b477b74a2144564522e944eabff61?s=96&d=mm&r=g\",\"contentUrl\":\"https:\\\/\\\/secure.gravatar.com\\\/avatar\\\/ac5001d2a36cb6c6cd3e50789007ffca834b477b74a2144564522e944eabff61?s=96&d=mm&r=g\",\"caption\":\"thomas.berner\"},\"url\":\"https:\\\/\\\/www.organisator.ch\\\/it\\\/author\\\/thomas-berner\\\/\"}]}<\/script>\n<!-- \/ Yoast SEO plugin. -->","yoast_head_json":{"title":"Gig economy: freelance e lavoratori temporanei entrano nel mercato del lavoro - Organizzatore","description":"La Gig economy \u00e8 una nuova tendenza: sempre pi\u00f9 imprenditori o privati assumono fornitori di servizi indipendenti su base temporanea o li ingaggiano \"gig-based\".","robots":{"index":"index","follow":"follow","max-snippet":"max-snippet:-1","max-image-preview":"max-image-preview:large","max-video-preview":"max-video-preview:-1"},"canonical":"https:\/\/www.organisator.ch\/it\/risorse-umane\/hrm\/2019-03-13\/gig-economy-freiberufler-und-befristet-beschaeftigte-draengen-auf-den-arbeitsmarkt\/","og_locale":"it_IT","og_type":"article","og_title":"Gig Economy: Freiberufler und befristet Besch\u00e4ftigte dr\u00e4ngen auf den Arbeitsmarkt","og_description":"Gig Economy ist ein neuer Trend: Immer mehr Unternehmer oder Privatpersonen stellen unabh\u00e4ngige Dienstleister tempor\u00e4r an bzw. buchen diesen \"gig-basiert\".","og_url":"https:\/\/www.organisator.ch\/it\/risorse-umane\/hrm\/2019-03-13\/gig-economy-freiberufler-und-befristet-beschaeftigte-draengen-auf-den-arbeitsmarkt\/","og_site_name":"Organisator","article_publisher":"https:\/\/www.facebook.com\/OrganisatorFachmagazin","article_published_time":"2019-03-13T07:47:47+00:00","og_image":[{"width":659,"height":370,"url":"https:\/\/www.organisator.ch\/wp-content\/uploads\/2019\/03\/Gig-Economy-Freiberufler-und-befristet-Beschaeftigte-draengen-auf-den-Arbeitsmarkt_Organisator.jpg","type":"image\/jpeg"}],"author":"thomas.berner","twitter_card":"summary_large_image","twitter_title":"#GigEconomy: Freiberufler und befristet Besch\u00e4ftigte dr\u00e4ngen auf den Arbeitsmarkt","twitter_description":"#GigEconomy ist ein neuer Trend: Immer mehr Unternehmer oder Privatpersonen stellen unabh\u00e4ngige Dienstleister tempor\u00e4r an bzw. buchen diesen \"gig-basiert\".","twitter_image":"https:\/\/www.organisator.ch\/wp-content\/uploads\/2019\/03\/Gig-Economy-Freiberufler-und-befristet-Besch\u00e4ftigte-dr\u00e4ngen-auf-den-Arbeitsmarkt_Organisator.jpg","schema":{"@context":"https:\/\/schema.org","@graph":[{"@type":"Article","@id":"https:\/\/www.organisator.ch\/human-resources\/hrm\/2019-03-13\/gig-economy-freiberufler-und-befristet-beschaeftigte-draengen-auf-den-arbeitsmarkt\/#article","isPartOf":{"@id":"https:\/\/www.organisator.ch\/human-resources\/hrm\/2019-03-13\/gig-economy-freiberufler-und-befristet-beschaeftigte-draengen-auf-den-arbeitsmarkt\/"},"author":{"name":"thomas.berner","@id":"https:\/\/www.organisator.ch\/#\/schema\/person\/6f650f90b2842cd4c0cc334b4e36f67e"},"headline":"Gig Economy: Freiberufler und befristet Besch\u00e4ftigte dr\u00e4ngen auf den Arbeitsmarkt","datePublished":"2019-03-13T07:47:47+00:00","mainEntityOfPage":{"@id":"https:\/\/www.organisator.ch\/human-resources\/hrm\/2019-03-13\/gig-economy-freiberufler-und-befristet-beschaeftigte-draengen-auf-den-arbeitsmarkt\/"},"wordCount":1014,"commentCount":0,"publisher":{"@id":"https:\/\/www.organisator.ch\/#organization"},"image":{"@id":"https:\/\/www.organisator.ch\/human-resources\/hrm\/2019-03-13\/gig-economy-freiberufler-und-befristet-beschaeftigte-draengen-auf-den-arbeitsmarkt\/#primaryimage"},"thumbnailUrl":"https:\/\/www.organisator.ch\/wp-content\/uploads\/2019\/03\/Gig-Economy-Freiberufler-und-befristet-Beschaeftigte-draengen-auf-den-Arbeitsmarkt_Organisator.jpg","keywords":["HRM","Management und Unternehmensf\u00fchrung","Personalauswahl","Recruiting","Studie"],"articleSection":["HRM"],"inLanguage":"it-IT"},{"@type":"WebPage","@id":"https:\/\/www.organisator.ch\/human-resources\/hrm\/2019-03-13\/gig-economy-freiberufler-und-befristet-beschaeftigte-draengen-auf-den-arbeitsmarkt\/","url":"https:\/\/www.organisator.ch\/human-resources\/hrm\/2019-03-13\/gig-economy-freiberufler-und-befristet-beschaeftigte-draengen-auf-den-arbeitsmarkt\/","name":"Gig economy: freelance e lavoratori temporanei entrano nel mercato del lavoro - Organizzatore","isPartOf":{"@id":"https:\/\/www.organisator.ch\/#website"},"primaryImageOfPage":{"@id":"https:\/\/www.organisator.ch\/human-resources\/hrm\/2019-03-13\/gig-economy-freiberufler-und-befristet-beschaeftigte-draengen-auf-den-arbeitsmarkt\/#primaryimage"},"image":{"@id":"https:\/\/www.organisator.ch\/human-resources\/hrm\/2019-03-13\/gig-economy-freiberufler-und-befristet-beschaeftigte-draengen-auf-den-arbeitsmarkt\/#primaryimage"},"thumbnailUrl":"https:\/\/www.organisator.ch\/wp-content\/uploads\/2019\/03\/Gig-Economy-Freiberufler-und-befristet-Beschaeftigte-draengen-auf-den-Arbeitsmarkt_Organisator.jpg","datePublished":"2019-03-13T07:47:47+00:00","description":"La Gig economy \u00e8 una nuova tendenza: sempre pi\u00f9 imprenditori o privati assumono fornitori di servizi indipendenti su base temporanea o li ingaggiano \"gig-based\".","breadcrumb":{"@id":"https:\/\/www.organisator.ch\/human-resources\/hrm\/2019-03-13\/gig-economy-freiberufler-und-befristet-beschaeftigte-draengen-auf-den-arbeitsmarkt\/#breadcrumb"},"inLanguage":"it-IT","potentialAction":[{"@type":"ReadAction","target":["https:\/\/www.organisator.ch\/human-resources\/hrm\/2019-03-13\/gig-economy-freiberufler-und-befristet-beschaeftigte-draengen-auf-den-arbeitsmarkt\/"]}]},{"@type":"ImageObject","inLanguage":"it-IT","@id":"https:\/\/www.organisator.ch\/human-resources\/hrm\/2019-03-13\/gig-economy-freiberufler-und-befristet-beschaeftigte-draengen-auf-den-arbeitsmarkt\/#primaryimage","url":"https:\/\/www.organisator.ch\/wp-content\/uploads\/2019\/03\/Gig-Economy-Freiberufler-und-befristet-Beschaeftigte-draengen-auf-den-Arbeitsmarkt_Organisator.jpg","contentUrl":"https:\/\/www.organisator.ch\/wp-content\/uploads\/2019\/03\/Gig-Economy-Freiberufler-und-befristet-Beschaeftigte-draengen-auf-den-Arbeitsmarkt_Organisator.jpg","width":659,"height":370,"caption":"Gig Economy: Freiberufler und vor\u00fcbergehend Besch\u00e4ftigte werden in den kommenden Jahren Vollzeit-Angestellte weitgehend ersetzen, besagt eine neue Studie. (Bild: pixabay.com)"},{"@type":"BreadcrumbList","@id":"https:\/\/www.organisator.ch\/human-resources\/hrm\/2019-03-13\/gig-economy-freiberufler-und-befristet-beschaeftigte-draengen-auf-den-arbeitsmarkt\/#breadcrumb","itemListElement":[{"@type":"ListItem","position":1,"name":"Home","item":"https:\/\/www.organisator.ch\/"},{"@type":"ListItem","position":2,"name":"Gig Economy: Freiberufler und befristet Besch\u00e4ftigte dr\u00e4ngen auf den Arbeitsmarkt"}]},{"@type":"WebSite","@id":"https:\/\/www.organisator.ch\/#website","url":"https:\/\/www.organisator.ch\/","name":"Organizzatore","description":"Competente. Pratico. In 10 numeri all'anno, ORGANISATOR presenta i temi essenziali per i manager delle PMI.","publisher":{"@id":"https:\/\/www.organisator.ch\/#organization"},"potentialAction":[{"@type":"SearchAction","target":{"@type":"EntryPoint","urlTemplate":"https:\/\/www.organisator.ch\/?s={search_term_string}"},"query-input":{"@type":"PropertyValueSpecification","valueRequired":true,"valueName":"search_term_string"}}],"inLanguage":"it-IT"},{"@type":"Organization","@id":"https:\/\/www.organisator.ch\/#organization","name":"Organizzatore","url":"https:\/\/www.organisator.ch\/","logo":{"@type":"ImageObject","inLanguage":"it-IT","@id":"https:\/\/www.organisator.ch\/#\/schema\/logo\/image\/","url":"https:\/\/www.organisator.ch\/wp-content\/uploads\/2022\/01\/Logo_Organisator_Website.png","contentUrl":"https:\/\/www.organisator.ch\/wp-content\/uploads\/2022\/01\/Logo_Organisator_Website.png","width":800,"height":77,"caption":"Organisator"},"image":{"@id":"https:\/\/www.organisator.ch\/#\/schema\/logo\/image\/"},"sameAs":["https:\/\/www.facebook.com\/OrganisatorFachmagazin","https:\/\/www.linkedin.com\/showcase\/organisator-das-magazin-fr-kmu","https:\/\/www.xing.com\/news\/pages\/organisator-ch-695","https:\/\/www.youtube.com\/channel\/UCGP2Sq0iWaZwT3BdIAQFYpw"]},{"@type":"Person","@id":"https:\/\/www.organisator.ch\/#\/schema\/person\/6f650f90b2842cd4c0cc334b4e36f67e","name":"Tommaso.berner","image":{"@type":"ImageObject","inLanguage":"it-IT","@id":"https:\/\/secure.gravatar.com\/avatar\/ac5001d2a36cb6c6cd3e50789007ffca834b477b74a2144564522e944eabff61?s=96&d=mm&r=g","url":"https:\/\/secure.gravatar.com\/avatar\/ac5001d2a36cb6c6cd3e50789007ffca834b477b74a2144564522e944eabff61?s=96&d=mm&r=g","contentUrl":"https:\/\/secure.gravatar.com\/avatar\/ac5001d2a36cb6c6cd3e50789007ffca834b477b74a2144564522e944eabff61?s=96&d=mm&r=g","caption":"thomas.berner"},"url":"https:\/\/www.organisator.ch\/it\/author\/thomas-berner\/"}]}},"_links":{"self":[{"href":"https:\/\/www.organisator.ch\/it\/wp-json\/wp\/v2\/posts\/5008","targetHints":{"allow":["GET"]}}],"collection":[{"href":"https:\/\/www.organisator.ch\/it\/wp-json\/wp\/v2\/posts"}],"about":[{"href":"https:\/\/www.organisator.ch\/it\/wp-json\/wp\/v2\/types\/post"}],"author":[{"embeddable":true,"href":"https:\/\/www.organisator.ch\/it\/wp-json\/wp\/v2\/users\/4"}],"replies":[{"embeddable":true,"href":"https:\/\/www.organisator.ch\/it\/wp-json\/wp\/v2\/comments?post=5008"}],"version-history":[{"count":0,"href":"https:\/\/www.organisator.ch\/it\/wp-json\/wp\/v2\/posts\/5008\/revisions"}],"wp:featuredmedia":[{"embeddable":true,"href":"https:\/\/www.organisator.ch\/it\/wp-json\/wp\/v2\/media\/5009"}],"wp:attachment":[{"href":"https:\/\/www.organisator.ch\/it\/wp-json\/wp\/v2\/media?parent=5008"}],"wp:term":[{"taxonomy":"category","embeddable":true,"href":"https:\/\/www.organisator.ch\/it\/wp-json\/wp\/v2\/categories?post=5008"},{"taxonomy":"post_tag","embeddable":true,"href":"https:\/\/www.organisator.ch\/it\/wp-json\/wp\/v2\/tags?post=5008"}],"curies":[{"name":"wp","href":"https:\/\/api.w.org\/{rel}","templated":true}]}}