{"id":5078,"date":"2019-03-29T11:06:44","date_gmt":"2019-03-29T10:06:44","guid":{"rendered":"https:\/\/www.organisator.ch\/?p=5078"},"modified":"2019-03-29T11:06:44","modified_gmt":"2019-03-29T10:06:44","slug":"swiss-international-air-lines-erneut-als-attraktivster-arbeitgeber-ausgezeichnet","status":"publish","type":"post","link":"https:\/\/www.organisator.ch\/it\/human-resources\/hrm\/2019-03-29\/swiss-international-air-lines-erneut-als-attraktivster-arbeitgeber-ausgezeichnet\/","title":{"rendered":"Swiss International Air Lines ancora una volta nominata datore di lavoro pi\u00f9 attraente"},"content":{"rendered":"<figure id=\"attachment_5079\" aria-describedby=\"caption-attachment-5079\" style=\"width: 680px\" class=\"wp-caption alignnone\"><img loading=\"lazy\" decoding=\"async\" class=\"size-medium wp-image-5079\" src=\"https:\/\/www.organisator.ch\/wp-content\/uploads\/2019\/03\/Swiss-International-Air-Lines-erneut-als-attraktivster-Arbeitgeber-ausgezeichnet-1_Organisator.jpg\" alt=\"\" width=\"680\" height=\"447\" srcset=\"https:\/\/www.organisator.ch\/wp-content\/uploads\/2019\/03\/Swiss-International-Air-Lines-erneut-als-attraktivster-Arbeitgeber-ausgezeichnet-1_Organisator.jpg 680w, https:\/\/www.organisator.ch\/wp-content\/uploads\/2019\/03\/Swiss-International-Air-Lines-erneut-als-attraktivster-Arbeitgeber-ausgezeichnet-1_Organisator-16x12.jpg 16w, https:\/\/www.organisator.ch\/wp-content\/uploads\/2019\/03\/Swiss-International-Air-Lines-erneut-als-attraktivster-Arbeitgeber-ausgezeichnet-1_Organisator-266x175.jpg 266w, https:\/\/www.organisator.ch\/wp-content\/uploads\/2019\/03\/Swiss-International-Air-Lines-erneut-als-attraktivster-Arbeitgeber-ausgezeichnet-1_Organisator-532x350.jpg 532w, https:\/\/www.organisator.ch\/wp-content\/uploads\/2019\/03\/Swiss-International-Air-Lines-erneut-als-attraktivster-Arbeitgeber-ausgezeichnet-1_Organisator-300x197.jpg 300w\" sizes=\"auto, (max-width: 680px) 100vw, 680px\" \/><figcaption id=\"caption-attachment-5079\" class=\"wp-caption-text\">I vincitori del Randstad Award: da sinistra a destra Alexandre Grange - Patek Philippe, Alana Gahler, Remo Hauser - entrambi Swiss International Air Lines. (Immagine: Randstad)<\/figcaption><\/figure>\n<p>Il 28 marzo 2019 si \u00e8 svolta la sesta cerimonia del Randstad Award all'Aura di Zurigo. Il motto dell'evento era \"imparare dai migliori\". In questo spirito, cinque esperti dell'industria delle risorse umane si sono scambiati opinioni sulle tendenze delle risorse umane e sui risultati dell'attuale Employer Brand Study in una vivace discussione. Il Randstad Employer Brand Research \u00e8 uno studio indipendente nel campo dell'\"employer branding\". Le aziende non possono chiedere di partecipare, sono selezionate per lo studio in base al loro numero di dipendenti.<\/p>\n<h2>\u00c8, dopo tutto, la ricompensa...<\/h2>\n<p>Lo studio di quest'anno ha scoperto - un po' con sorpresa dei presenti e contro le tendenze paneuropee - che in Svizzera una buona paga e altri benefici sono il primo fattore per l'occupazione, seguiti da una buona atmosfera di lavoro e dalla sicurezza del lavoro. In altri paesi europei, il fattore \"buona atmosfera di lavoro\" \u00e8 in testa. La cattiva retribuzione \u00e8 anche la ragione principale per cui i dipendenti svizzeri lasciano il loro lavoro, secondo lo studio. La mancanza di riconoscimento o l'insufficiente equilibrio tra lavoro e vita privata sono altre ragioni. Il gruppo ha concordato che una coerente \"proposta di valore del datore di lavoro\" \u00e8 quindi importante per essere attraente come datore di lavoro per tutte le generazioni. Il Dr. oec. HSG Marcel Oertig, partner della societ\u00e0 di consulenza Avenir Group, era rappresentativo: \"Bisogna entrare in dialogo con i dipendenti.<\/p>\n<figure id=\"attachment_5080\" aria-describedby=\"caption-attachment-5080\" style=\"width: 680px\" class=\"wp-caption alignnone\"><img loading=\"lazy\" decoding=\"async\" class=\"size-medium wp-image-5080\" src=\"https:\/\/www.organisator.ch\/wp-content\/uploads\/2019\/03\/Swiss-International-Air-Lines-erneut-als-attraktivster-Arbeitgeber-ausgezeichnet-2_Organisator.jpg\" alt=\"\" width=\"680\" height=\"339\" srcset=\"https:\/\/www.organisator.ch\/wp-content\/uploads\/2019\/03\/Swiss-International-Air-Lines-erneut-als-attraktivster-Arbeitgeber-ausgezeichnet-2_Organisator.jpg 680w, https:\/\/www.organisator.ch\/wp-content\/uploads\/2019\/03\/Swiss-International-Air-Lines-erneut-als-attraktivster-Arbeitgeber-ausgezeichnet-2_Organisator-16x8.jpg 16w, https:\/\/www.organisator.ch\/wp-content\/uploads\/2019\/03\/Swiss-International-Air-Lines-erneut-als-attraktivster-Arbeitgeber-ausgezeichnet-2_Organisator-351x175.jpg 351w, https:\/\/www.organisator.ch\/wp-content\/uploads\/2019\/03\/Swiss-International-Air-Lines-erneut-als-attraktivster-Arbeitgeber-ausgezeichnet-2_Organisator-300x150.jpg 300w\" sizes=\"auto, (max-width: 680px) 100vw, 680px\" \/><figcaption id=\"caption-attachment-5080\" class=\"wp-caption-text\">I fattori principali nella scelta di un datore di lavoro secondo l'ultimo Employer Branding Study. (Immagine: Thomas Berner)<\/figcaption><\/figure>\n<h2>Prendere strade anche scomode<\/h2>\n<p>Nicole Brandes, coach internazionale di management, ha mostrato ai partecipanti all'evento nel suo discorso chiave cosa distingue i veri leader e come condurre nel futuro tra digitalizzazione e umanit\u00e0. Pensare l'impensabile o prendere comunque strade rischiose - \"dove c'\u00e8 la paura, c'\u00e8 la strada\" - sono state tra le strategie menzionate dall'oratore per distinguere un leader o un'organizzazione dalla media.<\/p>\n<h2><strong>Il premio aiuta il reclutamento<\/strong><\/h2>\n<p>Il Randstad Award per il datore di lavoro pi\u00f9 attraente \u00e8 stato poi presentato. Per la seconda volta, il vincitore \u00e8 stato Swiss International Air Lines. Christoph Ulrich, responsabile delle risorse umane, ha dichiarato: \"Siamo molto contenti di aver difeso il nostro titolo. Swiss sta assumendo 1.000 nuovi dipendenti quest'anno. Un forte employer brand e una buona reputazione sul mercato del lavoro sono quindi cruciali\".<\/p>\n<p><span style=\"display: inline !important; float: none; background-color: transparent; color: #333333; cursor: text; font-family: Georgia,'Times New Roman','Bitstream Charter',Times,serif; font-size: 16px; font-style: normal; font-variant: normal; font-weight: 400; letter-spacing: normal; orphans: 2; text-align: left; text-decoration: none; text-indent: 0px; text-transform: none; -webkit-text-stroke-width: 0px; white-space: normal; word-spacing: 0px;\">Il Randstad Award viene assegnato ogni anno in 30 paesi al datore di lavoro pi\u00f9 attraente. I risultati si basano sul rappresentativo e, secondo Randstad, il pi\u00f9 completo studio di employer branding a livello mondiale.\u00a0<\/span><\/p>\n<h2><strong>I 10 datori di lavoro pi\u00f9 attraenti in Svizzera 2019<\/strong><\/h2>\n<ol>\n<li>Swiss International Air Lines<\/li>\n<li>Patek Philippe<\/li>\n<li>Rolex<\/li>\n<li>Aeroporto di Zurigo<\/li>\n<li>Swissport Internazionale<\/li>\n<li>Gruppo Swatch<\/li>\n<li>Migros<\/li>\n<li>Banque Pictet et Cie<\/li>\n<li>Lindt &amp; Spr\u00fcngli<\/li>\n<li>Siemens<\/li>\n<\/ol>\n<p>Quest'anno, Siemens \u00e8 entrata per la prima volta nella top 10 dei datori di lavoro pi\u00f9 attraenti. Glas Tr\u00f6sch ha fatto il pi\u00f9 grande balzo in avanti: L'azienda \u00e8 stata in grado di salire di 56 posti ed \u00e8 ora al 49\u00b0 posto.<\/p>\n<p><a href=\"http:\/\/www.randstad.ch\"><em>www.randstad.ch<\/em><\/a><\/p>","protected":false},"excerpt":{"rendered":"<p>Am 28. M\u00e4rz 2019 fand im Aura in Z\u00fcrich die sechste Randstad Award Verleihung statt. Das Motto des Events lautete \u00ablearning from the best\u00bb. In diesem Sinne haben sich f\u00fcnf Fachleute aus der HR-Branche in einer angeregten Diskussion \u00fcber Trends im HR sowie Erkenntnisse der aktuellen Employer Brand Studie ausgetauscht.\u00a0Die Randstad Employer Brand Research ist [&hellip;]<\/p>\n","protected":false},"author":4,"featured_media":5079,"comment_status":"open","ping_status":"open","sticky":false,"template":"","format":"standard","meta":{"_acf_changed":false,"_yoast_wpseo_focuskw":"Swiss International Air Lines","_yoast_wpseo_metadesc":"Erneut wird Swiss International Air Lines (SWISS) im Rahmen einer grossen unabh\u00e4ngigen Employer Brand Research als attraktivster Arbeitgeber bewertet.","articlekey":"","footnotes":""},"categories":[26],"tags":[66,254,411,492],"class_list":["post-5078","post","type-post","status-publish","format-standard","has-post-thumbnail","hentry","category-hrm","tag-awards","tag-hrm","tag-rekrutierung","tag-unternehmen"],"acf":[],"yoast_head":"<!-- This site is optimized with the Yoast SEO plugin v27.4 - https:\/\/yoast.com\/product\/yoast-seo-wordpress\/ -->\n<title>Swiss International Air Lines erneut als attraktivster Arbeitgeber ausgezeichnet - Organisator<\/title>\n<meta name=\"description\" content=\"Erneut wird Swiss International Air Lines (SWISS) im Rahmen einer grossen unabh\u00e4ngigen Employer Brand Research als attraktivster Arbeitgeber bewertet.\" \/>\n<meta name=\"robots\" content=\"index, follow, max-snippet:-1, max-image-preview:large, max-video-preview:-1\" \/>\n<link rel=\"canonical\" href=\"https:\/\/www.organisator.ch\/it\/risorse-umane\/hrm\/2019-03-29\/swiss-international-air-lines-erneut-als-attraktivster-arbeitgeber-ausgezeichnet\/\" \/>\n<meta property=\"og:locale\" content=\"it_IT\" \/>\n<meta property=\"og:type\" content=\"article\" \/>\n<meta property=\"og:title\" content=\"Swiss International Air Lines erneut als attraktivster Arbeitgeber ausgezeichnet\" \/>\n<meta property=\"og:description\" content=\"Erneut wird Swiss International Air Lines (SWISS) im Rahmen einer grossen unabh\u00e4ngigen Employer Brand Research als attraktivster Arbeitgeber bewertet.\" \/>\n<meta property=\"og:url\" content=\"https:\/\/www.organisator.ch\/it\/risorse-umane\/hrm\/2019-03-29\/swiss-international-air-lines-erneut-als-attraktivster-arbeitgeber-ausgezeichnet\/\" \/>\n<meta property=\"og:site_name\" content=\"Organisator\" \/>\n<meta property=\"article:publisher\" content=\"https:\/\/www.facebook.com\/OrganisatorFachmagazin\" \/>\n<meta property=\"article:published_time\" content=\"2019-03-29T10:06:44+00:00\" \/>\n<meta property=\"og:image\" content=\"https:\/\/www.organisator.ch\/wp-content\/uploads\/2019\/03\/Swiss-International-Air-Lines-erneut-als-attraktivster-Arbeitgeber-ausgezeichnet-1_Organisator.jpg\" \/>\n\t<meta property=\"og:image:width\" content=\"680\" \/>\n\t<meta property=\"og:image:height\" content=\"447\" \/>\n\t<meta property=\"og:image:type\" content=\"image\/jpeg\" \/>\n<meta name=\"author\" content=\"thomas.berner\" \/>\n<meta name=\"twitter:card\" content=\"summary_large_image\" \/>\n<meta name=\"twitter:title\" content=\"Swiss International Air Lines (#SWISS) erneut als attraktivster Arbeitgeber ausgezeichnet\" \/>\n<meta name=\"twitter:description\" content=\"Erneut wird Swiss International Air Lines (#SWISS) im Rahmen einer grossen unabh\u00e4ngigen Employer Brand Research als attraktivster Arbeitgeber bewertet.\" \/>\n<meta name=\"twitter:image\" content=\"https:\/\/www.organisator.ch\/wp-content\/uploads\/2019\/03\/Swiss-International-Air-Lines-erneut-als-attraktivster-Arbeitgeber-ausgezeichnet-1_Organisator.jpg\" \/>\n<script type=\"application\/ld+json\" class=\"yoast-schema-graph\">{\"@context\":\"https:\\\/\\\/schema.org\",\"@graph\":[{\"@type\":\"Article\",\"@id\":\"https:\\\/\\\/www.organisator.ch\\\/human-resources\\\/hrm\\\/2019-03-29\\\/swiss-international-air-lines-erneut-als-attraktivster-arbeitgeber-ausgezeichnet\\\/#article\",\"isPartOf\":{\"@id\":\"https:\\\/\\\/www.organisator.ch\\\/human-resources\\\/hrm\\\/2019-03-29\\\/swiss-international-air-lines-erneut-als-attraktivster-arbeitgeber-ausgezeichnet\\\/\"},\"author\":{\"name\":\"thomas.berner\",\"@id\":\"https:\\\/\\\/www.organisator.ch\\\/#\\\/schema\\\/person\\\/6f650f90b2842cd4c0cc334b4e36f67e\"},\"headline\":\"Swiss International Air Lines erneut als attraktivster Arbeitgeber ausgezeichnet\",\"datePublished\":\"2019-03-29T10:06:44+00:00\",\"mainEntityOfPage\":{\"@id\":\"https:\\\/\\\/www.organisator.ch\\\/human-resources\\\/hrm\\\/2019-03-29\\\/swiss-international-air-lines-erneut-als-attraktivster-arbeitgeber-ausgezeichnet\\\/\"},\"wordCount\":532,\"commentCount\":0,\"publisher\":{\"@id\":\"https:\\\/\\\/www.organisator.ch\\\/#organization\"},\"image\":{\"@id\":\"https:\\\/\\\/www.organisator.ch\\\/human-resources\\\/hrm\\\/2019-03-29\\\/swiss-international-air-lines-erneut-als-attraktivster-arbeitgeber-ausgezeichnet\\\/#primaryimage\"},\"thumbnailUrl\":\"https:\\\/\\\/www.organisator.ch\\\/wp-content\\\/uploads\\\/2019\\\/03\\\/Swiss-International-Air-Lines-erneut-als-attraktivster-Arbeitgeber-ausgezeichnet-1_Organisator.jpg\",\"keywords\":[\"Awards\",\"HRM\",\"Rekrutierung\",\"Unternehmen\"],\"articleSection\":[\"HRM\"],\"inLanguage\":\"it-IT\"},{\"@type\":\"WebPage\",\"@id\":\"https:\\\/\\\/www.organisator.ch\\\/human-resources\\\/hrm\\\/2019-03-29\\\/swiss-international-air-lines-erneut-als-attraktivster-arbeitgeber-ausgezeichnet\\\/\",\"url\":\"https:\\\/\\\/www.organisator.ch\\\/human-resources\\\/hrm\\\/2019-03-29\\\/swiss-international-air-lines-erneut-als-attraktivster-arbeitgeber-ausgezeichnet\\\/\",\"name\":\"Swiss International Air Lines erneut als attraktivster Arbeitgeber ausgezeichnet - Organisator\",\"isPartOf\":{\"@id\":\"https:\\\/\\\/www.organisator.ch\\\/#website\"},\"primaryImageOfPage\":{\"@id\":\"https:\\\/\\\/www.organisator.ch\\\/human-resources\\\/hrm\\\/2019-03-29\\\/swiss-international-air-lines-erneut-als-attraktivster-arbeitgeber-ausgezeichnet\\\/#primaryimage\"},\"image\":{\"@id\":\"https:\\\/\\\/www.organisator.ch\\\/human-resources\\\/hrm\\\/2019-03-29\\\/swiss-international-air-lines-erneut-als-attraktivster-arbeitgeber-ausgezeichnet\\\/#primaryimage\"},\"thumbnailUrl\":\"https:\\\/\\\/www.organisator.ch\\\/wp-content\\\/uploads\\\/2019\\\/03\\\/Swiss-International-Air-Lines-erneut-als-attraktivster-Arbeitgeber-ausgezeichnet-1_Organisator.jpg\",\"datePublished\":\"2019-03-29T10:06:44+00:00\",\"description\":\"Erneut wird Swiss International Air Lines (SWISS) im Rahmen einer grossen unabh\u00e4ngigen Employer Brand Research als attraktivster Arbeitgeber bewertet.\",\"breadcrumb\":{\"@id\":\"https:\\\/\\\/www.organisator.ch\\\/human-resources\\\/hrm\\\/2019-03-29\\\/swiss-international-air-lines-erneut-als-attraktivster-arbeitgeber-ausgezeichnet\\\/#breadcrumb\"},\"inLanguage\":\"it-IT\",\"potentialAction\":[{\"@type\":\"ReadAction\",\"target\":[\"https:\\\/\\\/www.organisator.ch\\\/human-resources\\\/hrm\\\/2019-03-29\\\/swiss-international-air-lines-erneut-als-attraktivster-arbeitgeber-ausgezeichnet\\\/\"]}]},{\"@type\":\"ImageObject\",\"inLanguage\":\"it-IT\",\"@id\":\"https:\\\/\\\/www.organisator.ch\\\/human-resources\\\/hrm\\\/2019-03-29\\\/swiss-international-air-lines-erneut-als-attraktivster-arbeitgeber-ausgezeichnet\\\/#primaryimage\",\"url\":\"https:\\\/\\\/www.organisator.ch\\\/wp-content\\\/uploads\\\/2019\\\/03\\\/Swiss-International-Air-Lines-erneut-als-attraktivster-Arbeitgeber-ausgezeichnet-1_Organisator.jpg\",\"contentUrl\":\"https:\\\/\\\/www.organisator.ch\\\/wp-content\\\/uploads\\\/2019\\\/03\\\/Swiss-International-Air-Lines-erneut-als-attraktivster-Arbeitgeber-ausgezeichnet-1_Organisator.jpg\",\"width\":680,\"height\":447,\"caption\":\"Gewinner des Randstad Awards: v.l.n.r. Alexandre Grange - Patek Philippe, Alana Gahler, Remo Hauser - beide Swiss International Air Line. (Bild: Randstad)\"},{\"@type\":\"BreadcrumbList\",\"@id\":\"https:\\\/\\\/www.organisator.ch\\\/human-resources\\\/hrm\\\/2019-03-29\\\/swiss-international-air-lines-erneut-als-attraktivster-arbeitgeber-ausgezeichnet\\\/#breadcrumb\",\"itemListElement\":[{\"@type\":\"ListItem\",\"position\":1,\"name\":\"Home\",\"item\":\"https:\\\/\\\/www.organisator.ch\\\/\"},{\"@type\":\"ListItem\",\"position\":2,\"name\":\"Swiss International Air Lines erneut als attraktivster Arbeitgeber ausgezeichnet\"}]},{\"@type\":\"WebSite\",\"@id\":\"https:\\\/\\\/www.organisator.ch\\\/#website\",\"url\":\"https:\\\/\\\/www.organisator.ch\\\/\",\"name\":\"Organisator\",\"description\":\"Kompetent. Praxisnah. Der ORGANISATOR bereitet in 10 Ausgaben pro Jahr die wesentlichen Themen f\u00fcr F\u00fchrungskr\u00e4fte von KMU auf.\",\"publisher\":{\"@id\":\"https:\\\/\\\/www.organisator.ch\\\/#organization\"},\"potentialAction\":[{\"@type\":\"SearchAction\",\"target\":{\"@type\":\"EntryPoint\",\"urlTemplate\":\"https:\\\/\\\/www.organisator.ch\\\/?s={search_term_string}\"},\"query-input\":{\"@type\":\"PropertyValueSpecification\",\"valueRequired\":true,\"valueName\":\"search_term_string\"}}],\"inLanguage\":\"it-IT\"},{\"@type\":\"Organization\",\"@id\":\"https:\\\/\\\/www.organisator.ch\\\/#organization\",\"name\":\"Organisator\",\"url\":\"https:\\\/\\\/www.organisator.ch\\\/\",\"logo\":{\"@type\":\"ImageObject\",\"inLanguage\":\"it-IT\",\"@id\":\"https:\\\/\\\/www.organisator.ch\\\/#\\\/schema\\\/logo\\\/image\\\/\",\"url\":\"https:\\\/\\\/www.organisator.ch\\\/wp-content\\\/uploads\\\/2022\\\/01\\\/Logo_Organisator_Website.png\",\"contentUrl\":\"https:\\\/\\\/www.organisator.ch\\\/wp-content\\\/uploads\\\/2022\\\/01\\\/Logo_Organisator_Website.png\",\"width\":800,\"height\":77,\"caption\":\"Organisator\"},\"image\":{\"@id\":\"https:\\\/\\\/www.organisator.ch\\\/#\\\/schema\\\/logo\\\/image\\\/\"},\"sameAs\":[\"https:\\\/\\\/www.facebook.com\\\/OrganisatorFachmagazin\",\"https:\\\/\\\/www.linkedin.com\\\/showcase\\\/organisator-das-magazin-fr-kmu\",\"https:\\\/\\\/www.xing.com\\\/news\\\/pages\\\/organisator-ch-695\",\"https:\\\/\\\/www.youtube.com\\\/channel\\\/UCGP2Sq0iWaZwT3BdIAQFYpw\"]},{\"@type\":\"Person\",\"@id\":\"https:\\\/\\\/www.organisator.ch\\\/#\\\/schema\\\/person\\\/6f650f90b2842cd4c0cc334b4e36f67e\",\"name\":\"thomas.berner\",\"image\":{\"@type\":\"ImageObject\",\"inLanguage\":\"it-IT\",\"@id\":\"https:\\\/\\\/secure.gravatar.com\\\/avatar\\\/ac5001d2a36cb6c6cd3e50789007ffca834b477b74a2144564522e944eabff61?s=96&d=mm&r=g\",\"url\":\"https:\\\/\\\/secure.gravatar.com\\\/avatar\\\/ac5001d2a36cb6c6cd3e50789007ffca834b477b74a2144564522e944eabff61?s=96&d=mm&r=g\",\"contentUrl\":\"https:\\\/\\\/secure.gravatar.com\\\/avatar\\\/ac5001d2a36cb6c6cd3e50789007ffca834b477b74a2144564522e944eabff61?s=96&d=mm&r=g\",\"caption\":\"thomas.berner\"},\"url\":\"https:\\\/\\\/www.organisator.ch\\\/it\\\/author\\\/thomas-berner\\\/\"}]}<\/script>\n<!-- \/ Yoast SEO plugin. -->","yoast_head_json":{"title":"Swiss International Air Lines \u00e8 stata nuovamente nominata datore di lavoro pi\u00f9 attraente - Organizzatore","description":"Ancora una volta, Swiss International Air Lines (SWISS) \u00e8 stata giudicata il datore di lavoro pi\u00f9 attraente in un'importante ricerca indipendente sul marchio del datore di lavoro.","robots":{"index":"index","follow":"follow","max-snippet":"max-snippet:-1","max-image-preview":"max-image-preview:large","max-video-preview":"max-video-preview:-1"},"canonical":"https:\/\/www.organisator.ch\/it\/risorse-umane\/hrm\/2019-03-29\/swiss-international-air-lines-erneut-als-attraktivster-arbeitgeber-ausgezeichnet\/","og_locale":"it_IT","og_type":"article","og_title":"Swiss International Air Lines erneut als attraktivster Arbeitgeber ausgezeichnet","og_description":"Erneut wird Swiss International Air Lines (SWISS) im Rahmen einer grossen unabh\u00e4ngigen Employer Brand Research als attraktivster Arbeitgeber bewertet.","og_url":"https:\/\/www.organisator.ch\/it\/risorse-umane\/hrm\/2019-03-29\/swiss-international-air-lines-erneut-als-attraktivster-arbeitgeber-ausgezeichnet\/","og_site_name":"Organisator","article_publisher":"https:\/\/www.facebook.com\/OrganisatorFachmagazin","article_published_time":"2019-03-29T10:06:44+00:00","og_image":[{"width":680,"height":447,"url":"https:\/\/www.organisator.ch\/wp-content\/uploads\/2019\/03\/Swiss-International-Air-Lines-erneut-als-attraktivster-Arbeitgeber-ausgezeichnet-1_Organisator.jpg","type":"image\/jpeg"}],"author":"thomas.berner","twitter_card":"summary_large_image","twitter_title":"Swiss International Air Lines (#SWISS) erneut als attraktivster Arbeitgeber ausgezeichnet","twitter_description":"Erneut wird Swiss International Air Lines (#SWISS) im Rahmen einer grossen unabh\u00e4ngigen Employer Brand Research als attraktivster Arbeitgeber bewertet.","twitter_image":"https:\/\/www.organisator.ch\/wp-content\/uploads\/2019\/03\/Swiss-International-Air-Lines-erneut-als-attraktivster-Arbeitgeber-ausgezeichnet-1_Organisator.jpg","schema":{"@context":"https:\/\/schema.org","@graph":[{"@type":"Article","@id":"https:\/\/www.organisator.ch\/human-resources\/hrm\/2019-03-29\/swiss-international-air-lines-erneut-als-attraktivster-arbeitgeber-ausgezeichnet\/#article","isPartOf":{"@id":"https:\/\/www.organisator.ch\/human-resources\/hrm\/2019-03-29\/swiss-international-air-lines-erneut-als-attraktivster-arbeitgeber-ausgezeichnet\/"},"author":{"name":"thomas.berner","@id":"https:\/\/www.organisator.ch\/#\/schema\/person\/6f650f90b2842cd4c0cc334b4e36f67e"},"headline":"Swiss International Air Lines erneut als attraktivster Arbeitgeber ausgezeichnet","datePublished":"2019-03-29T10:06:44+00:00","mainEntityOfPage":{"@id":"https:\/\/www.organisator.ch\/human-resources\/hrm\/2019-03-29\/swiss-international-air-lines-erneut-als-attraktivster-arbeitgeber-ausgezeichnet\/"},"wordCount":532,"commentCount":0,"publisher":{"@id":"https:\/\/www.organisator.ch\/#organization"},"image":{"@id":"https:\/\/www.organisator.ch\/human-resources\/hrm\/2019-03-29\/swiss-international-air-lines-erneut-als-attraktivster-arbeitgeber-ausgezeichnet\/#primaryimage"},"thumbnailUrl":"https:\/\/www.organisator.ch\/wp-content\/uploads\/2019\/03\/Swiss-International-Air-Lines-erneut-als-attraktivster-Arbeitgeber-ausgezeichnet-1_Organisator.jpg","keywords":["Awards","HRM","Rekrutierung","Unternehmen"],"articleSection":["HRM"],"inLanguage":"it-IT"},{"@type":"WebPage","@id":"https:\/\/www.organisator.ch\/human-resources\/hrm\/2019-03-29\/swiss-international-air-lines-erneut-als-attraktivster-arbeitgeber-ausgezeichnet\/","url":"https:\/\/www.organisator.ch\/human-resources\/hrm\/2019-03-29\/swiss-international-air-lines-erneut-als-attraktivster-arbeitgeber-ausgezeichnet\/","name":"Swiss International Air Lines \u00e8 stata nuovamente nominata datore di lavoro pi\u00f9 attraente - Organizzatore","isPartOf":{"@id":"https:\/\/www.organisator.ch\/#website"},"primaryImageOfPage":{"@id":"https:\/\/www.organisator.ch\/human-resources\/hrm\/2019-03-29\/swiss-international-air-lines-erneut-als-attraktivster-arbeitgeber-ausgezeichnet\/#primaryimage"},"image":{"@id":"https:\/\/www.organisator.ch\/human-resources\/hrm\/2019-03-29\/swiss-international-air-lines-erneut-als-attraktivster-arbeitgeber-ausgezeichnet\/#primaryimage"},"thumbnailUrl":"https:\/\/www.organisator.ch\/wp-content\/uploads\/2019\/03\/Swiss-International-Air-Lines-erneut-als-attraktivster-Arbeitgeber-ausgezeichnet-1_Organisator.jpg","datePublished":"2019-03-29T10:06:44+00:00","description":"Ancora una volta, Swiss International Air Lines (SWISS) \u00e8 stata giudicata il datore di lavoro pi\u00f9 attraente in un'importante ricerca indipendente sul marchio del datore di lavoro.","breadcrumb":{"@id":"https:\/\/www.organisator.ch\/human-resources\/hrm\/2019-03-29\/swiss-international-air-lines-erneut-als-attraktivster-arbeitgeber-ausgezeichnet\/#breadcrumb"},"inLanguage":"it-IT","potentialAction":[{"@type":"ReadAction","target":["https:\/\/www.organisator.ch\/human-resources\/hrm\/2019-03-29\/swiss-international-air-lines-erneut-als-attraktivster-arbeitgeber-ausgezeichnet\/"]}]},{"@type":"ImageObject","inLanguage":"it-IT","@id":"https:\/\/www.organisator.ch\/human-resources\/hrm\/2019-03-29\/swiss-international-air-lines-erneut-als-attraktivster-arbeitgeber-ausgezeichnet\/#primaryimage","url":"https:\/\/www.organisator.ch\/wp-content\/uploads\/2019\/03\/Swiss-International-Air-Lines-erneut-als-attraktivster-Arbeitgeber-ausgezeichnet-1_Organisator.jpg","contentUrl":"https:\/\/www.organisator.ch\/wp-content\/uploads\/2019\/03\/Swiss-International-Air-Lines-erneut-als-attraktivster-Arbeitgeber-ausgezeichnet-1_Organisator.jpg","width":680,"height":447,"caption":"Gewinner des Randstad Awards: v.l.n.r. Alexandre Grange - Patek Philippe, Alana Gahler, Remo Hauser - beide Swiss International Air Line. (Bild: Randstad)"},{"@type":"BreadcrumbList","@id":"https:\/\/www.organisator.ch\/human-resources\/hrm\/2019-03-29\/swiss-international-air-lines-erneut-als-attraktivster-arbeitgeber-ausgezeichnet\/#breadcrumb","itemListElement":[{"@type":"ListItem","position":1,"name":"Home","item":"https:\/\/www.organisator.ch\/"},{"@type":"ListItem","position":2,"name":"Swiss International Air Lines erneut als attraktivster Arbeitgeber ausgezeichnet"}]},{"@type":"WebSite","@id":"https:\/\/www.organisator.ch\/#website","url":"https:\/\/www.organisator.ch\/","name":"Organizzatore","description":"Competente. Pratico. In 10 numeri all'anno, ORGANISATOR presenta i temi essenziali per i manager delle PMI.","publisher":{"@id":"https:\/\/www.organisator.ch\/#organization"},"potentialAction":[{"@type":"SearchAction","target":{"@type":"EntryPoint","urlTemplate":"https:\/\/www.organisator.ch\/?s={search_term_string}"},"query-input":{"@type":"PropertyValueSpecification","valueRequired":true,"valueName":"search_term_string"}}],"inLanguage":"it-IT"},{"@type":"Organization","@id":"https:\/\/www.organisator.ch\/#organization","name":"Organizzatore","url":"https:\/\/www.organisator.ch\/","logo":{"@type":"ImageObject","inLanguage":"it-IT","@id":"https:\/\/www.organisator.ch\/#\/schema\/logo\/image\/","url":"https:\/\/www.organisator.ch\/wp-content\/uploads\/2022\/01\/Logo_Organisator_Website.png","contentUrl":"https:\/\/www.organisator.ch\/wp-content\/uploads\/2022\/01\/Logo_Organisator_Website.png","width":800,"height":77,"caption":"Organisator"},"image":{"@id":"https:\/\/www.organisator.ch\/#\/schema\/logo\/image\/"},"sameAs":["https:\/\/www.facebook.com\/OrganisatorFachmagazin","https:\/\/www.linkedin.com\/showcase\/organisator-das-magazin-fr-kmu","https:\/\/www.xing.com\/news\/pages\/organisator-ch-695","https:\/\/www.youtube.com\/channel\/UCGP2Sq0iWaZwT3BdIAQFYpw"]},{"@type":"Person","@id":"https:\/\/www.organisator.ch\/#\/schema\/person\/6f650f90b2842cd4c0cc334b4e36f67e","name":"Tommaso.berner","image":{"@type":"ImageObject","inLanguage":"it-IT","@id":"https:\/\/secure.gravatar.com\/avatar\/ac5001d2a36cb6c6cd3e50789007ffca834b477b74a2144564522e944eabff61?s=96&d=mm&r=g","url":"https:\/\/secure.gravatar.com\/avatar\/ac5001d2a36cb6c6cd3e50789007ffca834b477b74a2144564522e944eabff61?s=96&d=mm&r=g","contentUrl":"https:\/\/secure.gravatar.com\/avatar\/ac5001d2a36cb6c6cd3e50789007ffca834b477b74a2144564522e944eabff61?s=96&d=mm&r=g","caption":"thomas.berner"},"url":"https:\/\/www.organisator.ch\/it\/author\/thomas-berner\/"}]}},"_links":{"self":[{"href":"https:\/\/www.organisator.ch\/it\/wp-json\/wp\/v2\/posts\/5078","targetHints":{"allow":["GET"]}}],"collection":[{"href":"https:\/\/www.organisator.ch\/it\/wp-json\/wp\/v2\/posts"}],"about":[{"href":"https:\/\/www.organisator.ch\/it\/wp-json\/wp\/v2\/types\/post"}],"author":[{"embeddable":true,"href":"https:\/\/www.organisator.ch\/it\/wp-json\/wp\/v2\/users\/4"}],"replies":[{"embeddable":true,"href":"https:\/\/www.organisator.ch\/it\/wp-json\/wp\/v2\/comments?post=5078"}],"version-history":[{"count":0,"href":"https:\/\/www.organisator.ch\/it\/wp-json\/wp\/v2\/posts\/5078\/revisions"}],"wp:featuredmedia":[{"embeddable":true,"href":"https:\/\/www.organisator.ch\/it\/wp-json\/wp\/v2\/media\/5079"}],"wp:attachment":[{"href":"https:\/\/www.organisator.ch\/it\/wp-json\/wp\/v2\/media?parent=5078"}],"wp:term":[{"taxonomy":"category","embeddable":true,"href":"https:\/\/www.organisator.ch\/it\/wp-json\/wp\/v2\/categories?post=5078"},{"taxonomy":"post_tag","embeddable":true,"href":"https:\/\/www.organisator.ch\/it\/wp-json\/wp\/v2\/tags?post=5078"}],"curies":[{"name":"wp","href":"https:\/\/api.w.org\/{rel}","templated":true}]}}