{"id":511,"date":"2016-09-15T16:10:02","date_gmt":"2016-09-15T14:10:02","guid":{"rendered":"https:\/\/dev.umweltperspektiven.ch\/?p=511"},"modified":"2016-09-15T16:10:02","modified_gmt":"2016-09-15T14:10:02","slug":"grosse-biodiversitaetsverluste","status":"publish","type":"post","link":"https:\/\/www.organisator.ch\/it\/allgemein\/2016-09-15\/grosse-biodiversitaetsverluste\/","title":{"rendered":"Grandi perdite di biodiversit\u00e0"},"content":{"rendered":"<figure id=\"attachment_512\" aria-describedby=\"caption-attachment-512\" style=\"width: 680px\" class=\"wp-caption alignnone\"><a href=\"\/\/dev.umweltperspektiven.ch\/wp-content\/uploads\/2016\/12\/Grosse-Biodiversit\u00e4tsverluste-umweltperspektiven.jpg\"><img loading=\"lazy\" decoding=\"async\" class=\"size-medium wp-image-512\" src=\"\/\/dev.umweltperspektiven.ch\/wp-content\/uploads\/2016\/12\/Grosse-Biodiversit\u00e4tsverluste-umweltperspektiven.jpg\" alt=\"Per esempio, il cervo volante: preferisce habitat che sono diventati rari in Svizzera. (depositphotos)\" width=\"680\" height=\"454\" \/><\/a><figcaption id=\"caption-attachment-512\" class=\"wp-caption-text\">Per esempio, il cervo volante: preferisce habitat che sono diventati rari in Svizzera. (depositphotos)<\/figcaption><\/figure>\n<p>La misura in cui le specie autoctone sono sotto pressione a causa dei cambiamenti nel loro habitat \u00e8 illustrata dalla Lista Rossa delle specie di coleotteri che abitano il legno in Svizzera, pubblicata di recente dall'Ufficio federale dell'ambiente (<a href=\"http:\/\/www.bafu.admin.ch\/\" target=\"_blank\" rel=\"noreferrer noopener\" data-cke-saved-href=\"\/\/www.bafu.admin.ch\/\">Bafu<\/a>). I risultati sono allarmanti: circa 46% delle 256 specie di coleotteri studiate sono in pericolo - cio\u00e8 potrebbero estinguersi - e altre 18% lo sono potenzialmente. Rispetto alla media delle specie minacciate di tutti gli animali e le piante studiate finora (36%), i coleotteri che vivono nel legno sono significativamente pi\u00f9 minacciati.<\/p>\n<p>Anche la Lista Rossa delle Piante Vascolari, che \u00e8 stata rivista nello stesso periodo, \u00e8 degna di nota: 28% delle circa 2700 specie di piante native, che includono piante da fiore, felci, clubmosses ed equiseti, sono in pericolo, 16% potenzialmente in pericolo. Rispetto all'ultima valutazione del 2002, il deterioramento \u00e8 stato in qualche modo rallentato solo per un terzo delle specie minacciate in quel momento, mentre oltre 200 specie sono in condizioni peggiori oggi. Questo bilancio sobrio mostra che la conservazione e la promozione delle specie native richiede un'attenzione continua e maggiore.<\/p>\n<p><strong>Le specie hanno bisogno di habitat sufficienti con qualit\u00e0<\/strong><\/p>\n<p>Ogni specie ha bisogno di habitat adatti, ma la qualit\u00e0 di questi habitat \u00e8 compromessa o persa a causa delle attivit\u00e0 umane. Le quattro famiglie di coleotteri del gioiello, coleotteri delle corna, coleotteri delle rose e coleotteri del cervo che sono stati studiati preferiscono habitat che sono diventati rari in Svizzera: Foreste alluvionali, stand di legno vecchio e morto, foreste rade, bordi di foreste ricche di arbusti e siepi. Come riciclatori e decompositori di legno, sono indispensabili per l'equilibrio dell'ecosistema forestale. Molte di queste specie di coleotteri in pericolo dipendono da alberi molto vecchi, che stanno diventando sempre pi\u00f9 rari. Pertanto, \u00e8 importante lasciare i vecchi alberi come habitat per questi animali fino al loro decadimento, se possibile, mantenerli invece di abbatterli dove necessario e provvedere alla loro sostituzione in tempo utile.<\/p>\n<p>Il declino delle specie di piante vascolari colpisce principalmente le specie di piante vicino e nell'acqua, nei prati secchi, nei cespugli e nelle siepi cos\u00ec come nei campi e nei vigneti. Le aree di insediamento e i terreni coltivati sono particolarmente colpiti: dove i suoli sono sovrasaturi di azoto, le specie esigenti vengono spostate.<\/p>\n<p><strong>Promuovere la biodiversit\u00e0<\/strong><\/p>\n<p>Alcune delle specie di coleotteri nativi studiati reagiscono in modo estremamente sensibile ai cambiamenti ambientali. Come le piante vascolari, sono quindi buoni indicatori dello stato della biodiversit\u00e0. Sulla base delle Liste rosse e degli inventari di altre specie, la Confederazione e i cantoni stanno gi\u00e0 attuando misure di promozione della biodiversit\u00e0 nel bosco e nell'agricoltura, ma queste devono essere ulteriormente rafforzate. In termini concreti, questo significa che gli habitat dovrebbero essere migliorati, i vecchi alberi dovrebbero essere conservati il pi\u00f9 a lungo possibile, le riserve forestali, le isole di vecchia crescita e i bordi delle foreste a gradini dovrebbero essere creati, e la cura degli alberi dovrebbe essere effettuata con attenzione. Gli apporti di azoto devono essere ridotti.<\/p>\n<p>Dal 2012, il Consiglio federale mira a contrastare la perdita di biodiversit\u00e0 con la Strategia Biodiversit\u00e0 Svizzera e il relativo piano d'azione, attualmente in fase di elaborazione. Il successo dell'attuazione della strategia richiede un'ampia cooperazione tra tutte le parti interessate.<\/p>\n<p><em>Fonte: Ufficio federale dell'ambiente<\/em><\/p>","protected":false},"excerpt":{"rendered":"<p>Wie sehr einheimische Arten durch die Ver\u00e4nderungen ihres Lebensraums unter Druck geraten, verdeutlicht die neu erschienene Rote Liste der holzbewohnenden K\u00e4ferarten der Schweiz des Bundesamts f\u00fcr Umwelt (Bafu). Die Erkenntnisse sind alarmierend: Rund 46% der 256 untersuchten K\u00e4ferarten sind gef\u00e4hrdet \u2013 d.h. sie k\u00f6nnten aussterben \u2013 weitere 18% sind es potenziell. Im Vergleich zum Durchschnitt [&hellip;]<\/p>\n","protected":false},"author":1,"featured_media":512,"comment_status":"open","ping_status":"open","sticky":false,"template":"","format":"standard","meta":{"_acf_changed":false,"_yoast_wpseo_focuskw":"Biodiversit\u00e4tsverluste","_yoast_wpseo_metadesc":"Das Bundesamt f\u00fcr Umwelt hat erstmals eine Rote Liste zu vier Familien der einheimischen holzbewohnenden K\u00e4ferarten der Schweiz erstellt.","articlekey":"","footnotes":""},"categories":[1],"tags":[1468],"class_list":["post-511","post","type-post","status-publish","format-standard","has-post-thumbnail","hentry","category-allgemein","tag-kaefer-und-pflanzenarten"],"acf":[],"yoast_head":"<!-- This site is optimized with the Yoast SEO plugin v27.5 - https:\/\/yoast.com\/product\/yoast-seo-wordpress\/ -->\n<title>Grosse Biodiversit\u00e4tsverluste - Organisator<\/title>\n<meta name=\"description\" content=\"Das Bundesamt f\u00fcr Umwelt hat erstmals eine Rote Liste zu vier Familien der einheimischen holzbewohnenden K\u00e4ferarten der Schweiz erstellt.\" \/>\n<meta name=\"robots\" content=\"index, follow, max-snippet:-1, max-image-preview:large, max-video-preview:-1\" \/>\n<link rel=\"canonical\" href=\"https:\/\/www.organisator.ch\/it\/generale\/2016-09-15\/grosse-biodiversitaetsverluste\/\" \/>\n<meta property=\"og:locale\" content=\"it_IT\" \/>\n<meta property=\"og:type\" content=\"article\" \/>\n<meta property=\"og:title\" content=\"Grosse Biodiversit\u00e4tsverluste - Organisator\" \/>\n<meta property=\"og:description\" content=\"Das Bundesamt f\u00fcr Umwelt hat erstmals eine Rote Liste zu vier Familien der einheimischen holzbewohnenden K\u00e4ferarten der Schweiz erstellt.\" \/>\n<meta property=\"og:url\" content=\"https:\/\/www.organisator.ch\/it\/generale\/2016-09-15\/grosse-biodiversitaetsverluste\/\" \/>\n<meta property=\"og:site_name\" content=\"Organisator\" \/>\n<meta property=\"article:publisher\" content=\"https:\/\/www.facebook.com\/OrganisatorFachmagazin\" \/>\n<meta property=\"article:published_time\" content=\"2016-09-15T14:10:02+00:00\" \/>\n<meta property=\"og:image\" content=\"https:\/\/www.organisator.ch\/wp-content\/uploads\/2016\/12\/Grosse-Biodiversitaetsverluste-umweltperspektiven.jpg\" \/>\n\t<meta property=\"og:image:width\" content=\"1000\" \/>\n\t<meta property=\"og:image:height\" content=\"667\" \/>\n\t<meta property=\"og:image:type\" content=\"image\/jpeg\" \/>\n<meta name=\"author\" content=\"admin\" \/>\n<meta name=\"twitter:card\" content=\"summary_large_image\" \/>\n<script type=\"application\/ld+json\" class=\"yoast-schema-graph\">{\"@context\":\"https:\\\/\\\/schema.org\",\"@graph\":[{\"@type\":\"Article\",\"@id\":\"https:\\\/\\\/www.organisator.ch\\\/en\\\/general\\\/2016-09-15\\\/grosse-biodiversitaetsverluste\\\/#article\",\"isPartOf\":{\"@id\":\"https:\\\/\\\/www.organisator.ch\\\/en\\\/general\\\/2016-09-15\\\/grosse-biodiversitaetsverluste\\\/\"},\"author\":{\"name\":\"admin\",\"@id\":\"https:\\\/\\\/www.organisator.ch\\\/#\\\/schema\\\/person\\\/aa2bace6c5c5aad60102004a50c4eb1c\"},\"headline\":\"Grosse Biodiversit\u00e4tsverluste\",\"datePublished\":\"2016-09-15T14:10:02+00:00\",\"mainEntityOfPage\":{\"@id\":\"https:\\\/\\\/www.organisator.ch\\\/en\\\/general\\\/2016-09-15\\\/grosse-biodiversitaetsverluste\\\/\"},\"wordCount\":510,\"commentCount\":0,\"publisher\":{\"@id\":\"https:\\\/\\\/www.organisator.ch\\\/#organization\"},\"image\":{\"@id\":\"https:\\\/\\\/www.organisator.ch\\\/en\\\/general\\\/2016-09-15\\\/grosse-biodiversitaetsverluste\\\/#primaryimage\"},\"thumbnailUrl\":\"https:\\\/\\\/www.organisator.ch\\\/wp-content\\\/uploads\\\/2016\\\/12\\\/Grosse-Biodiversitaetsverluste-umweltperspektiven.jpg\",\"keywords\":[\"K\u00e4fer- und Pflanzenarten\"],\"articleSection\":[\"Allgemein\"],\"inLanguage\":\"it-IT\"},{\"@type\":\"WebPage\",\"@id\":\"https:\\\/\\\/www.organisator.ch\\\/en\\\/general\\\/2016-09-15\\\/grosse-biodiversitaetsverluste\\\/\",\"url\":\"https:\\\/\\\/www.organisator.ch\\\/en\\\/general\\\/2016-09-15\\\/grosse-biodiversitaetsverluste\\\/\",\"name\":\"Grosse Biodiversit\u00e4tsverluste - Organisator\",\"isPartOf\":{\"@id\":\"https:\\\/\\\/www.organisator.ch\\\/#website\"},\"primaryImageOfPage\":{\"@id\":\"https:\\\/\\\/www.organisator.ch\\\/en\\\/general\\\/2016-09-15\\\/grosse-biodiversitaetsverluste\\\/#primaryimage\"},\"image\":{\"@id\":\"https:\\\/\\\/www.organisator.ch\\\/en\\\/general\\\/2016-09-15\\\/grosse-biodiversitaetsverluste\\\/#primaryimage\"},\"thumbnailUrl\":\"https:\\\/\\\/www.organisator.ch\\\/wp-content\\\/uploads\\\/2016\\\/12\\\/Grosse-Biodiversitaetsverluste-umweltperspektiven.jpg\",\"datePublished\":\"2016-09-15T14:10:02+00:00\",\"description\":\"Das Bundesamt f\u00fcr Umwelt hat erstmals eine Rote Liste zu vier Familien der einheimischen holzbewohnenden K\u00e4ferarten der Schweiz erstellt.\",\"breadcrumb\":{\"@id\":\"https:\\\/\\\/www.organisator.ch\\\/en\\\/general\\\/2016-09-15\\\/grosse-biodiversitaetsverluste\\\/#breadcrumb\"},\"inLanguage\":\"it-IT\",\"potentialAction\":[{\"@type\":\"ReadAction\",\"target\":[\"https:\\\/\\\/www.organisator.ch\\\/en\\\/general\\\/2016-09-15\\\/grosse-biodiversitaetsverluste\\\/\"]}]},{\"@type\":\"ImageObject\",\"inLanguage\":\"it-IT\",\"@id\":\"https:\\\/\\\/www.organisator.ch\\\/en\\\/general\\\/2016-09-15\\\/grosse-biodiversitaetsverluste\\\/#primaryimage\",\"url\":\"https:\\\/\\\/www.organisator.ch\\\/wp-content\\\/uploads\\\/2016\\\/12\\\/Grosse-Biodiversitaetsverluste-umweltperspektiven.jpg\",\"contentUrl\":\"https:\\\/\\\/www.organisator.ch\\\/wp-content\\\/uploads\\\/2016\\\/12\\\/Grosse-Biodiversitaetsverluste-umweltperspektiven.jpg\",\"width\":1000,\"height\":667,\"caption\":\"Zum Beispiel der Hirschk\u00e4fer: Er bevorzugt Lebensr\u00e4ume, die in der Schweiz selten geworden sind. (depositphotos)\"},{\"@type\":\"BreadcrumbList\",\"@id\":\"https:\\\/\\\/www.organisator.ch\\\/en\\\/general\\\/2016-09-15\\\/grosse-biodiversitaetsverluste\\\/#breadcrumb\",\"itemListElement\":[{\"@type\":\"ListItem\",\"position\":1,\"name\":\"Home\",\"item\":\"https:\\\/\\\/www.organisator.ch\\\/\"},{\"@type\":\"ListItem\",\"position\":2,\"name\":\"Grosse Biodiversit\u00e4tsverluste\"}]},{\"@type\":\"WebSite\",\"@id\":\"https:\\\/\\\/www.organisator.ch\\\/#website\",\"url\":\"https:\\\/\\\/www.organisator.ch\\\/\",\"name\":\"Organisator\",\"description\":\"Kompetent. Praxisnah. Der ORGANISATOR bereitet in 10 Ausgaben pro Jahr die wesentlichen Themen f\u00fcr F\u00fchrungskr\u00e4fte von KMU auf.\",\"publisher\":{\"@id\":\"https:\\\/\\\/www.organisator.ch\\\/#organization\"},\"potentialAction\":[{\"@type\":\"SearchAction\",\"target\":{\"@type\":\"EntryPoint\",\"urlTemplate\":\"https:\\\/\\\/www.organisator.ch\\\/?s={search_term_string}\"},\"query-input\":{\"@type\":\"PropertyValueSpecification\",\"valueRequired\":true,\"valueName\":\"search_term_string\"}}],\"inLanguage\":\"it-IT\"},{\"@type\":\"Organization\",\"@id\":\"https:\\\/\\\/www.organisator.ch\\\/#organization\",\"name\":\"Organisator\",\"url\":\"https:\\\/\\\/www.organisator.ch\\\/\",\"logo\":{\"@type\":\"ImageObject\",\"inLanguage\":\"it-IT\",\"@id\":\"https:\\\/\\\/www.organisator.ch\\\/#\\\/schema\\\/logo\\\/image\\\/\",\"url\":\"https:\\\/\\\/www.organisator.ch\\\/wp-content\\\/uploads\\\/2022\\\/01\\\/Logo_Organisator_Website.png\",\"contentUrl\":\"https:\\\/\\\/www.organisator.ch\\\/wp-content\\\/uploads\\\/2022\\\/01\\\/Logo_Organisator_Website.png\",\"width\":800,\"height\":77,\"caption\":\"Organisator\"},\"image\":{\"@id\":\"https:\\\/\\\/www.organisator.ch\\\/#\\\/schema\\\/logo\\\/image\\\/\"},\"sameAs\":[\"https:\\\/\\\/www.facebook.com\\\/OrganisatorFachmagazin\",\"https:\\\/\\\/www.linkedin.com\\\/showcase\\\/organisator-das-magazin-fr-kmu\",\"https:\\\/\\\/www.xing.com\\\/news\\\/pages\\\/organisator-ch-695\",\"https:\\\/\\\/www.youtube.com\\\/channel\\\/UCGP2Sq0iWaZwT3BdIAQFYpw\"]},{\"@type\":\"Person\",\"@id\":\"https:\\\/\\\/www.organisator.ch\\\/#\\\/schema\\\/person\\\/aa2bace6c5c5aad60102004a50c4eb1c\",\"name\":\"admin\",\"image\":{\"@type\":\"ImageObject\",\"inLanguage\":\"it-IT\",\"@id\":\"https:\\\/\\\/secure.gravatar.com\\\/avatar\\\/ae2f4d718e6c49043e314ce431e7e645d646302a24a5ef5a8bc8e3f5a032e319?s=96&d=mm&r=g\",\"url\":\"https:\\\/\\\/secure.gravatar.com\\\/avatar\\\/ae2f4d718e6c49043e314ce431e7e645d646302a24a5ef5a8bc8e3f5a032e319?s=96&d=mm&r=g\",\"contentUrl\":\"https:\\\/\\\/secure.gravatar.com\\\/avatar\\\/ae2f4d718e6c49043e314ce431e7e645d646302a24a5ef5a8bc8e3f5a032e319?s=96&d=mm&r=g\",\"caption\":\"admin\"},\"sameAs\":[\"https:\\\/\\\/www.organisator.ch\"],\"url\":\"https:\\\/\\\/www.organisator.ch\\\/it\\\/author\\\/admin\\\/\"}]}<\/script>\n<!-- \/ Yoast SEO plugin. -->","yoast_head_json":{"title":"Grandi perdite di biodiversit\u00e0 - Organizzatore","description":"Per la prima volta, l'Ufficio federale dell'ambiente ha stilato una Lista rossa di quattro famiglie di coleotteri autoctoni che abitano il legno in Svizzera.","robots":{"index":"index","follow":"follow","max-snippet":"max-snippet:-1","max-image-preview":"max-image-preview:large","max-video-preview":"max-video-preview:-1"},"canonical":"https:\/\/www.organisator.ch\/it\/generale\/2016-09-15\/grosse-biodiversitaetsverluste\/","og_locale":"it_IT","og_type":"article","og_title":"Grosse Biodiversit\u00e4tsverluste - Organisator","og_description":"Das Bundesamt f\u00fcr Umwelt hat erstmals eine Rote Liste zu vier Familien der einheimischen holzbewohnenden K\u00e4ferarten der Schweiz erstellt.","og_url":"https:\/\/www.organisator.ch\/it\/generale\/2016-09-15\/grosse-biodiversitaetsverluste\/","og_site_name":"Organisator","article_publisher":"https:\/\/www.facebook.com\/OrganisatorFachmagazin","article_published_time":"2016-09-15T14:10:02+00:00","og_image":[{"width":1000,"height":667,"url":"https:\/\/www.organisator.ch\/wp-content\/uploads\/2016\/12\/Grosse-Biodiversitaetsverluste-umweltperspektiven.jpg","type":"image\/jpeg"}],"author":"admin","twitter_card":"summary_large_image","schema":{"@context":"https:\/\/schema.org","@graph":[{"@type":"Article","@id":"https:\/\/www.organisator.ch\/en\/general\/2016-09-15\/grosse-biodiversitaetsverluste\/#article","isPartOf":{"@id":"https:\/\/www.organisator.ch\/en\/general\/2016-09-15\/grosse-biodiversitaetsverluste\/"},"author":{"name":"admin","@id":"https:\/\/www.organisator.ch\/#\/schema\/person\/aa2bace6c5c5aad60102004a50c4eb1c"},"headline":"Grosse Biodiversit\u00e4tsverluste","datePublished":"2016-09-15T14:10:02+00:00","mainEntityOfPage":{"@id":"https:\/\/www.organisator.ch\/en\/general\/2016-09-15\/grosse-biodiversitaetsverluste\/"},"wordCount":510,"commentCount":0,"publisher":{"@id":"https:\/\/www.organisator.ch\/#organization"},"image":{"@id":"https:\/\/www.organisator.ch\/en\/general\/2016-09-15\/grosse-biodiversitaetsverluste\/#primaryimage"},"thumbnailUrl":"https:\/\/www.organisator.ch\/wp-content\/uploads\/2016\/12\/Grosse-Biodiversitaetsverluste-umweltperspektiven.jpg","keywords":["K\u00e4fer- und Pflanzenarten"],"articleSection":["Allgemein"],"inLanguage":"it-IT"},{"@type":"WebPage","@id":"https:\/\/www.organisator.ch\/en\/general\/2016-09-15\/grosse-biodiversitaetsverluste\/","url":"https:\/\/www.organisator.ch\/en\/general\/2016-09-15\/grosse-biodiversitaetsverluste\/","name":"Grandi perdite di biodiversit\u00e0 - Organizzatore","isPartOf":{"@id":"https:\/\/www.organisator.ch\/#website"},"primaryImageOfPage":{"@id":"https:\/\/www.organisator.ch\/en\/general\/2016-09-15\/grosse-biodiversitaetsverluste\/#primaryimage"},"image":{"@id":"https:\/\/www.organisator.ch\/en\/general\/2016-09-15\/grosse-biodiversitaetsverluste\/#primaryimage"},"thumbnailUrl":"https:\/\/www.organisator.ch\/wp-content\/uploads\/2016\/12\/Grosse-Biodiversitaetsverluste-umweltperspektiven.jpg","datePublished":"2016-09-15T14:10:02+00:00","description":"Per la prima volta, l'Ufficio federale dell'ambiente ha stilato una Lista rossa di quattro famiglie di coleotteri autoctoni che abitano il legno in Svizzera.","breadcrumb":{"@id":"https:\/\/www.organisator.ch\/en\/general\/2016-09-15\/grosse-biodiversitaetsverluste\/#breadcrumb"},"inLanguage":"it-IT","potentialAction":[{"@type":"ReadAction","target":["https:\/\/www.organisator.ch\/en\/general\/2016-09-15\/grosse-biodiversitaetsverluste\/"]}]},{"@type":"ImageObject","inLanguage":"it-IT","@id":"https:\/\/www.organisator.ch\/en\/general\/2016-09-15\/grosse-biodiversitaetsverluste\/#primaryimage","url":"https:\/\/www.organisator.ch\/wp-content\/uploads\/2016\/12\/Grosse-Biodiversitaetsverluste-umweltperspektiven.jpg","contentUrl":"https:\/\/www.organisator.ch\/wp-content\/uploads\/2016\/12\/Grosse-Biodiversitaetsverluste-umweltperspektiven.jpg","width":1000,"height":667,"caption":"Zum Beispiel der Hirschk\u00e4fer: Er bevorzugt Lebensr\u00e4ume, die in der Schweiz selten geworden sind. (depositphotos)"},{"@type":"BreadcrumbList","@id":"https:\/\/www.organisator.ch\/en\/general\/2016-09-15\/grosse-biodiversitaetsverluste\/#breadcrumb","itemListElement":[{"@type":"ListItem","position":1,"name":"Home","item":"https:\/\/www.organisator.ch\/"},{"@type":"ListItem","position":2,"name":"Grosse Biodiversit\u00e4tsverluste"}]},{"@type":"WebSite","@id":"https:\/\/www.organisator.ch\/#website","url":"https:\/\/www.organisator.ch\/","name":"Organizzatore","description":"Competente. Pratico. In 10 numeri all'anno, ORGANISATOR presenta i temi essenziali per i manager delle PMI.","publisher":{"@id":"https:\/\/www.organisator.ch\/#organization"},"potentialAction":[{"@type":"SearchAction","target":{"@type":"EntryPoint","urlTemplate":"https:\/\/www.organisator.ch\/?s={search_term_string}"},"query-input":{"@type":"PropertyValueSpecification","valueRequired":true,"valueName":"search_term_string"}}],"inLanguage":"it-IT"},{"@type":"Organization","@id":"https:\/\/www.organisator.ch\/#organization","name":"Organizzatore","url":"https:\/\/www.organisator.ch\/","logo":{"@type":"ImageObject","inLanguage":"it-IT","@id":"https:\/\/www.organisator.ch\/#\/schema\/logo\/image\/","url":"https:\/\/www.organisator.ch\/wp-content\/uploads\/2022\/01\/Logo_Organisator_Website.png","contentUrl":"https:\/\/www.organisator.ch\/wp-content\/uploads\/2022\/01\/Logo_Organisator_Website.png","width":800,"height":77,"caption":"Organisator"},"image":{"@id":"https:\/\/www.organisator.ch\/#\/schema\/logo\/image\/"},"sameAs":["https:\/\/www.facebook.com\/OrganisatorFachmagazin","https:\/\/www.linkedin.com\/showcase\/organisator-das-magazin-fr-kmu","https:\/\/www.xing.com\/news\/pages\/organisator-ch-695","https:\/\/www.youtube.com\/channel\/UCGP2Sq0iWaZwT3BdIAQFYpw"]},{"@type":"Person","@id":"https:\/\/www.organisator.ch\/#\/schema\/person\/aa2bace6c5c5aad60102004a50c4eb1c","name":"amministratore","image":{"@type":"ImageObject","inLanguage":"it-IT","@id":"https:\/\/secure.gravatar.com\/avatar\/ae2f4d718e6c49043e314ce431e7e645d646302a24a5ef5a8bc8e3f5a032e319?s=96&d=mm&r=g","url":"https:\/\/secure.gravatar.com\/avatar\/ae2f4d718e6c49043e314ce431e7e645d646302a24a5ef5a8bc8e3f5a032e319?s=96&d=mm&r=g","contentUrl":"https:\/\/secure.gravatar.com\/avatar\/ae2f4d718e6c49043e314ce431e7e645d646302a24a5ef5a8bc8e3f5a032e319?s=96&d=mm&r=g","caption":"admin"},"sameAs":["https:\/\/www.organisator.ch"],"url":"https:\/\/www.organisator.ch\/it\/author\/admin\/"}]}},"_links":{"self":[{"href":"https:\/\/www.organisator.ch\/it\/wp-json\/wp\/v2\/posts\/511","targetHints":{"allow":["GET"]}}],"collection":[{"href":"https:\/\/www.organisator.ch\/it\/wp-json\/wp\/v2\/posts"}],"about":[{"href":"https:\/\/www.organisator.ch\/it\/wp-json\/wp\/v2\/types\/post"}],"author":[{"embeddable":true,"href":"https:\/\/www.organisator.ch\/it\/wp-json\/wp\/v2\/users\/1"}],"replies":[{"embeddable":true,"href":"https:\/\/www.organisator.ch\/it\/wp-json\/wp\/v2\/comments?post=511"}],"version-history":[{"count":0,"href":"https:\/\/www.organisator.ch\/it\/wp-json\/wp\/v2\/posts\/511\/revisions"}],"wp:featuredmedia":[{"embeddable":true,"href":"https:\/\/www.organisator.ch\/it\/wp-json\/wp\/v2\/media\/512"}],"wp:attachment":[{"href":"https:\/\/www.organisator.ch\/it\/wp-json\/wp\/v2\/media?parent=511"}],"wp:term":[{"taxonomy":"category","embeddable":true,"href":"https:\/\/www.organisator.ch\/it\/wp-json\/wp\/v2\/categories?post=511"},{"taxonomy":"post_tag","embeddable":true,"href":"https:\/\/www.organisator.ch\/it\/wp-json\/wp\/v2\/tags?post=511"}],"curies":[{"name":"wp","href":"https:\/\/api.w.org\/{rel}","templated":true}]}}