{"id":5127,"date":"2019-04-11T11:38:44","date_gmt":"2019-04-11T09:38:44","guid":{"rendered":"https:\/\/www.organisator.ch\/?p=5127"},"modified":"2019-04-11T11:38:44","modified_gmt":"2019-04-11T09:38:44","slug":"exportstimmung-bei-schweizer-kmu-schwaecht-sich-leicht-ab","status":"publish","type":"post","link":"https:\/\/www.organisator.ch\/it\/allgemein\/2019-04-11\/exportstimmung-bei-schweizer-kmu-schwaecht-sich-leicht-ab\/","title":{"rendered":"Il sentimento di esportazione delle PMI svizzere si indebolisce leggermente"},"content":{"rendered":"<figure id=\"attachment_5128\" aria-describedby=\"caption-attachment-5128\" style=\"width: 680px\" class=\"wp-caption alignnone\"><img loading=\"lazy\" decoding=\"async\" class=\"size-medium wp-image-5128\" src=\"https:\/\/www.organisator.ch\/wp-content\/uploads\/2019\/04\/Exportstimmung-bei-Schweizer-KMU-schwaecht-sich-leicht-ab_Organisator.jpg\" alt=\"\" width=\"680\" height=\"408\" srcset=\"https:\/\/www.organisator.ch\/wp-content\/uploads\/2019\/04\/Exportstimmung-bei-Schweizer-KMU-schwaecht-sich-leicht-ab_Organisator.jpg 680w, https:\/\/www.organisator.ch\/wp-content\/uploads\/2019\/04\/Exportstimmung-bei-Schweizer-KMU-schwaecht-sich-leicht-ab_Organisator-16x10.jpg 16w, https:\/\/www.organisator.ch\/wp-content\/uploads\/2019\/04\/Exportstimmung-bei-Schweizer-KMU-schwaecht-sich-leicht-ab_Organisator-292x175.jpg 292w, https:\/\/www.organisator.ch\/wp-content\/uploads\/2019\/04\/Exportstimmung-bei-Schweizer-KMU-schwaecht-sich-leicht-ab_Organisator-583x350.jpg 583w, https:\/\/www.organisator.ch\/wp-content\/uploads\/2019\/04\/Exportstimmung-bei-Schweizer-KMU-schwaecht-sich-leicht-ab_Organisator-300x180.jpg 300w\" sizes=\"auto, (max-width: 680px) 100vw, 680px\" \/><figcaption id=\"caption-attachment-5128\" class=\"wp-caption-text\">Il sentimento delle esportazioni si indebolisce, ma cos\u00ec ritrova la sua strada verso la normalit\u00e0. (Immagine: Switzerland Global Enterprise)<\/figcaption><\/figure>\n<p>L'attuale sondaggio di Switzerland Global Enterprise (S-GE) sul sentimento delle esportazioni e il Credit Suisse Export Barometer confermano la tendenza al ribasso del sentimento delle esportazioni dei mesi precedenti. La ragione per le aspettative leggermente indebolite delle PMI \u00e8 probabilmente principalmente i segni di un continuo declino della crescita industriale in Europa e specialmente in Germania. Tuttavia, S-GE e Credit Suisse vedono i risultati del sondaggio e come un ritorno alla normalit\u00e0.<\/p>\n<h2>La gente \u00e8 felice di pagare per la qualit\u00e0 svizzera<\/h2>\n<p>Le PMI svizzere indicano la \"Swissness\" come un fattore chiave di successo nell'internazionalizzazione. Una gran parte delle PMI intervistate afferma che i clienti stranieri apprezzano la loro qualit\u00e0 e molti sono disposti a pagare di pi\u00f9 per essa. Dal punto di vista delle PMI, la stabilit\u00e0 economica e politica parlano a favore della Svizzera come business location. Sascha Jucker, economista del Credit Suisse, afferma: \"Anche se le aspettative di esportazione per la Svizzera si indeboliscono leggermente, la domanda estera di prodotti svizzeri rimane intatta. Il peggioramento del sentimento industriale in Europa \u00e8 anche contrastato dal sentimento un po' pi\u00f9 stabile negli Stati Uniti. Le prospettive per l'industria svizzera delle esportazioni restano quindi buone\".<\/p>\n<h2>\"Non c'\u00e8 motivo di preoccuparsi\"<\/h2>\n<p>Alberto Silini, Head of Consulting di Switzerland Global Enterprise (S-GE), afferma: \"L'indebolimento del sentimento delle esportazioni non \u00e8 motivo di preoccupazione. Piuttosto, gli esportatori devono ora posizionarsi nei vari mercati per il lungo termine. La qualit\u00e0 svizzera \u00e8 una carta vincente che possono giocare qui.<\/p>\n<p>Il mercato d'esportazione di gran lunga pi\u00f9 importante \u00e8 e rimane la Germania sotto ogni aspetto, secondo l'attuale barometro delle esportazioni. \u00c8 qui che l'81% delle PMI intervistate vuole esportare beni o servizi nei prossimi sei mesi. Con 63% delle menzioni, la Francia \u00e8 ancora una volta al secondo posto, seguita dagli Stati Uniti con 60% delle menzioni. L'Austria \u00e8 quarta con 55%, seguita da Italia e Cina con 50% ciascuna. Il settimo posto va alla Spagna con 47%, seguita dalla Polonia con 44%. Per quanto riguarda i nuovi mercati di esportazione, il 16% delle PMI intervistate ha detto di voler diventare attivo in Cina nei prossimi sei mesi. L'India segue con 14%, 11% puntano al Giappone e agli Emirati Arabi Uniti, e 10% nominano Russia e Indonesia come nuove destinazioni. Il 9% delle PMI vuole esportare in Sud America o nei paesi del Golfo.<\/p>\n<p><em>Fonte: <a href=\"http:\/\/www.s-ge.com\">Svizzera Impresa globale<\/a><\/em><\/p>","protected":false},"excerpt":{"rendered":"<p>Die aktuelle Umfrage von Switzerland Global Enterprise (S-GE) zur Exportstimmung wie auch das Credit Suisse Exportbarometer best\u00e4tigen den Abw\u00e4rtstrend der Vormonate bei der Exportstimmung. Grund f\u00fcr die leicht abgeschw\u00e4chten Erwartungen der KMU d\u00fcrften in erster Linie die Anzeichen f\u00fcr einen anhaltenden R\u00fcckgang des Industriewachstums in Europa und insbesondere in Deutschland sein. Gleichwohl sehen S-GE und [&hellip;]<\/p>\n","protected":false},"author":4,"featured_media":5128,"comment_status":"open","ping_status":"open","sticky":false,"template":"","format":"standard","meta":{"_acf_changed":false,"_yoast_wpseo_focuskw":"Exportstimmung","_yoast_wpseo_metadesc":"Die Exportstimmung bei Schweizer KMU schw\u00e4cht sich weiter ab, bleibt insgesamt aber positiv. F\u00fcr das 2. Quartal erwarten 47% aller KMU steigende Exporte.","articlekey":"","footnotes":""},"categories":[1],"tags":[63,189,335,531],"class_list":["post-5127","post","type-post","status-publish","format-standard","has-post-thumbnail","hentry","category-allgemein","tag-aussenwirtschaft","tag-export","tag-management-und-unternehmensfuehrung","tag-wirtschaftspolitik"],"acf":[],"yoast_head":"<!-- This site is optimized with the Yoast SEO plugin v27.5 - https:\/\/yoast.com\/product\/yoast-seo-wordpress\/ -->\n<title>Exportstimmung bei Schweizer KMU schw\u00e4cht sich leicht ab - Organisator<\/title>\n<meta name=\"description\" content=\"Die Exportstimmung bei Schweizer KMU schw\u00e4cht sich weiter ab, bleibt insgesamt aber positiv. F\u00fcr das 2. Quartal erwarten 47% aller KMU steigende Exporte.\" \/>\n<meta name=\"robots\" content=\"index, follow, max-snippet:-1, max-image-preview:large, max-video-preview:-1\" \/>\n<link rel=\"canonical\" href=\"https:\/\/www.organisator.ch\/it\/generale\/2019-04-11\/exportstimmung-bei-schweizer-kmu-schwaecht-sich-leicht-ab\/\" \/>\n<meta property=\"og:locale\" content=\"it_IT\" \/>\n<meta property=\"og:type\" content=\"article\" \/>\n<meta property=\"og:title\" content=\"Exportstimmung bei Schweizer KMU schw\u00e4cht sich leicht ab\" \/>\n<meta property=\"og:description\" content=\"Die Exportstimmung bei Schweizer KMU schw\u00e4cht sich weiter ab, bleibt insgesamt aber positiv. F\u00fcr das 2. Quartal erwarten 47% aller KMU steigende Exporte.\" \/>\n<meta property=\"og:url\" content=\"https:\/\/www.organisator.ch\/it\/generale\/2019-04-11\/exportstimmung-bei-schweizer-kmu-schwaecht-sich-leicht-ab\/\" \/>\n<meta property=\"og:site_name\" content=\"Organisator\" \/>\n<meta property=\"article:publisher\" content=\"https:\/\/www.facebook.com\/OrganisatorFachmagazin\" \/>\n<meta property=\"article:published_time\" content=\"2019-04-11T09:38:44+00:00\" \/>\n<meta property=\"og:image\" content=\"https:\/\/www.organisator.ch\/wp-content\/uploads\/2019\/04\/Exportstimmung-bei-Schweizer-KMU-schwaecht-sich-leicht-ab_Organisator.jpg\" \/>\n\t<meta property=\"og:image:width\" content=\"680\" \/>\n\t<meta property=\"og:image:height\" content=\"408\" \/>\n\t<meta property=\"og:image:type\" content=\"image\/jpeg\" \/>\n<meta name=\"author\" content=\"thomas.berner\" \/>\n<meta name=\"twitter:card\" content=\"summary_large_image\" \/>\n<meta name=\"twitter:title\" content=\"#Exportstimmung bei Schweizer KMU schw\u00e4cht sich leicht ab\" \/>\n<meta name=\"twitter:description\" content=\"Die #Exportstimmung bei Schweizer KMU schw\u00e4cht sich weiter ab, bleibt insgesamt aber positiv. F\u00fcr das 2. Quartal erwarten 47% aller KMU steigende Exporte.\" \/>\n<meta name=\"twitter:image\" content=\"https:\/\/www.organisator.ch\/wp-content\/uploads\/2019\/04\/Exportstimmung-bei-Schweizer-KMU-schw\u00e4cht-sich-leicht-ab_Organisator.jpg\" \/>\n<script type=\"application\/ld+json\" class=\"yoast-schema-graph\">{\"@context\":\"https:\\\/\\\/schema.org\",\"@graph\":[{\"@type\":\"Article\",\"@id\":\"https:\\\/\\\/www.organisator.ch\\\/en\\\/general\\\/2019-04-11\\\/exportstimmung-bei-schweizer-kmu-schwaecht-sich-leicht-ab\\\/#article\",\"isPartOf\":{\"@id\":\"https:\\\/\\\/www.organisator.ch\\\/en\\\/general\\\/2019-04-11\\\/exportstimmung-bei-schweizer-kmu-schwaecht-sich-leicht-ab\\\/\"},\"author\":{\"name\":\"thomas.berner\",\"@id\":\"https:\\\/\\\/www.organisator.ch\\\/#\\\/schema\\\/person\\\/6f650f90b2842cd4c0cc334b4e36f67e\"},\"headline\":\"Exportstimmung bei Schweizer KMU schw\u00e4cht sich leicht ab\",\"datePublished\":\"2019-04-11T09:38:44+00:00\",\"mainEntityOfPage\":{\"@id\":\"https:\\\/\\\/www.organisator.ch\\\/en\\\/general\\\/2019-04-11\\\/exportstimmung-bei-schweizer-kmu-schwaecht-sich-leicht-ab\\\/\"},\"wordCount\":401,\"commentCount\":0,\"publisher\":{\"@id\":\"https:\\\/\\\/www.organisator.ch\\\/#organization\"},\"image\":{\"@id\":\"https:\\\/\\\/www.organisator.ch\\\/en\\\/general\\\/2019-04-11\\\/exportstimmung-bei-schweizer-kmu-schwaecht-sich-leicht-ab\\\/#primaryimage\"},\"thumbnailUrl\":\"https:\\\/\\\/www.organisator.ch\\\/wp-content\\\/uploads\\\/2019\\\/04\\\/Exportstimmung-bei-Schweizer-KMU-schwaecht-sich-leicht-ab_Organisator.jpg\",\"keywords\":[\"Aussenwirtschaft\",\"Export\",\"Management und Unternehmensf\u00fchrung\",\"Wirtschaftspolitik\"],\"articleSection\":[\"Allgemein\"],\"inLanguage\":\"it-IT\"},{\"@type\":\"WebPage\",\"@id\":\"https:\\\/\\\/www.organisator.ch\\\/en\\\/general\\\/2019-04-11\\\/exportstimmung-bei-schweizer-kmu-schwaecht-sich-leicht-ab\\\/\",\"url\":\"https:\\\/\\\/www.organisator.ch\\\/en\\\/general\\\/2019-04-11\\\/exportstimmung-bei-schweizer-kmu-schwaecht-sich-leicht-ab\\\/\",\"name\":\"Exportstimmung bei Schweizer KMU schw\u00e4cht sich leicht ab - Organisator\",\"isPartOf\":{\"@id\":\"https:\\\/\\\/www.organisator.ch\\\/#website\"},\"primaryImageOfPage\":{\"@id\":\"https:\\\/\\\/www.organisator.ch\\\/en\\\/general\\\/2019-04-11\\\/exportstimmung-bei-schweizer-kmu-schwaecht-sich-leicht-ab\\\/#primaryimage\"},\"image\":{\"@id\":\"https:\\\/\\\/www.organisator.ch\\\/en\\\/general\\\/2019-04-11\\\/exportstimmung-bei-schweizer-kmu-schwaecht-sich-leicht-ab\\\/#primaryimage\"},\"thumbnailUrl\":\"https:\\\/\\\/www.organisator.ch\\\/wp-content\\\/uploads\\\/2019\\\/04\\\/Exportstimmung-bei-Schweizer-KMU-schwaecht-sich-leicht-ab_Organisator.jpg\",\"datePublished\":\"2019-04-11T09:38:44+00:00\",\"description\":\"Die Exportstimmung bei Schweizer KMU schw\u00e4cht sich weiter ab, bleibt insgesamt aber positiv. F\u00fcr das 2. Quartal erwarten 47% aller KMU steigende Exporte.\",\"breadcrumb\":{\"@id\":\"https:\\\/\\\/www.organisator.ch\\\/en\\\/general\\\/2019-04-11\\\/exportstimmung-bei-schweizer-kmu-schwaecht-sich-leicht-ab\\\/#breadcrumb\"},\"inLanguage\":\"it-IT\",\"potentialAction\":[{\"@type\":\"ReadAction\",\"target\":[\"https:\\\/\\\/www.organisator.ch\\\/en\\\/general\\\/2019-04-11\\\/exportstimmung-bei-schweizer-kmu-schwaecht-sich-leicht-ab\\\/\"]}]},{\"@type\":\"ImageObject\",\"inLanguage\":\"it-IT\",\"@id\":\"https:\\\/\\\/www.organisator.ch\\\/en\\\/general\\\/2019-04-11\\\/exportstimmung-bei-schweizer-kmu-schwaecht-sich-leicht-ab\\\/#primaryimage\",\"url\":\"https:\\\/\\\/www.organisator.ch\\\/wp-content\\\/uploads\\\/2019\\\/04\\\/Exportstimmung-bei-Schweizer-KMU-schwaecht-sich-leicht-ab_Organisator.jpg\",\"contentUrl\":\"https:\\\/\\\/www.organisator.ch\\\/wp-content\\\/uploads\\\/2019\\\/04\\\/Exportstimmung-bei-Schweizer-KMU-schwaecht-sich-leicht-ab_Organisator.jpg\",\"width\":680,\"height\":408,\"caption\":\"Die Exportstimmung schw\u00e4cht sich ab, findet aber damit zur\u00fcck zur Normalit\u00e4t. (Bild: Switzerland Global Enterprise)\"},{\"@type\":\"BreadcrumbList\",\"@id\":\"https:\\\/\\\/www.organisator.ch\\\/en\\\/general\\\/2019-04-11\\\/exportstimmung-bei-schweizer-kmu-schwaecht-sich-leicht-ab\\\/#breadcrumb\",\"itemListElement\":[{\"@type\":\"ListItem\",\"position\":1,\"name\":\"Home\",\"item\":\"https:\\\/\\\/www.organisator.ch\\\/\"},{\"@type\":\"ListItem\",\"position\":2,\"name\":\"Exportstimmung bei Schweizer KMU schw\u00e4cht sich leicht ab\"}]},{\"@type\":\"WebSite\",\"@id\":\"https:\\\/\\\/www.organisator.ch\\\/#website\",\"url\":\"https:\\\/\\\/www.organisator.ch\\\/\",\"name\":\"Organisator\",\"description\":\"Kompetent. Praxisnah. Der ORGANISATOR bereitet in 10 Ausgaben pro Jahr die wesentlichen Themen f\u00fcr F\u00fchrungskr\u00e4fte von KMU auf.\",\"publisher\":{\"@id\":\"https:\\\/\\\/www.organisator.ch\\\/#organization\"},\"potentialAction\":[{\"@type\":\"SearchAction\",\"target\":{\"@type\":\"EntryPoint\",\"urlTemplate\":\"https:\\\/\\\/www.organisator.ch\\\/?s={search_term_string}\"},\"query-input\":{\"@type\":\"PropertyValueSpecification\",\"valueRequired\":true,\"valueName\":\"search_term_string\"}}],\"inLanguage\":\"it-IT\"},{\"@type\":\"Organization\",\"@id\":\"https:\\\/\\\/www.organisator.ch\\\/#organization\",\"name\":\"Organisator\",\"url\":\"https:\\\/\\\/www.organisator.ch\\\/\",\"logo\":{\"@type\":\"ImageObject\",\"inLanguage\":\"it-IT\",\"@id\":\"https:\\\/\\\/www.organisator.ch\\\/#\\\/schema\\\/logo\\\/image\\\/\",\"url\":\"https:\\\/\\\/www.organisator.ch\\\/wp-content\\\/uploads\\\/2022\\\/01\\\/Logo_Organisator_Website.png\",\"contentUrl\":\"https:\\\/\\\/www.organisator.ch\\\/wp-content\\\/uploads\\\/2022\\\/01\\\/Logo_Organisator_Website.png\",\"width\":800,\"height\":77,\"caption\":\"Organisator\"},\"image\":{\"@id\":\"https:\\\/\\\/www.organisator.ch\\\/#\\\/schema\\\/logo\\\/image\\\/\"},\"sameAs\":[\"https:\\\/\\\/www.facebook.com\\\/OrganisatorFachmagazin\",\"https:\\\/\\\/www.linkedin.com\\\/showcase\\\/organisator-das-magazin-fr-kmu\",\"https:\\\/\\\/www.xing.com\\\/news\\\/pages\\\/organisator-ch-695\",\"https:\\\/\\\/www.youtube.com\\\/channel\\\/UCGP2Sq0iWaZwT3BdIAQFYpw\"]},{\"@type\":\"Person\",\"@id\":\"https:\\\/\\\/www.organisator.ch\\\/#\\\/schema\\\/person\\\/6f650f90b2842cd4c0cc334b4e36f67e\",\"name\":\"thomas.berner\",\"image\":{\"@type\":\"ImageObject\",\"inLanguage\":\"it-IT\",\"@id\":\"https:\\\/\\\/secure.gravatar.com\\\/avatar\\\/ac5001d2a36cb6c6cd3e50789007ffca834b477b74a2144564522e944eabff61?s=96&d=mm&r=g\",\"url\":\"https:\\\/\\\/secure.gravatar.com\\\/avatar\\\/ac5001d2a36cb6c6cd3e50789007ffca834b477b74a2144564522e944eabff61?s=96&d=mm&r=g\",\"contentUrl\":\"https:\\\/\\\/secure.gravatar.com\\\/avatar\\\/ac5001d2a36cb6c6cd3e50789007ffca834b477b74a2144564522e944eabff61?s=96&d=mm&r=g\",\"caption\":\"thomas.berner\"},\"url\":\"https:\\\/\\\/www.organisator.ch\\\/it\\\/author\\\/thomas-berner\\\/\"}]}<\/script>\n<!-- \/ Yoast SEO plugin. -->","yoast_head_json":{"title":"Il sentimento di esportazione delle PMI svizzere si indebolisce leggermente - Organizzatore","description":"Il sentimento di esportazione delle PMI svizzere continua a indebolirsi, ma rimane complessivamente positivo. Per il 2\u00b0 trimestre, 47% di tutte le PMI prevedono un aumento delle esportazioni.","robots":{"index":"index","follow":"follow","max-snippet":"max-snippet:-1","max-image-preview":"max-image-preview:large","max-video-preview":"max-video-preview:-1"},"canonical":"https:\/\/www.organisator.ch\/it\/generale\/2019-04-11\/exportstimmung-bei-schweizer-kmu-schwaecht-sich-leicht-ab\/","og_locale":"it_IT","og_type":"article","og_title":"Exportstimmung bei Schweizer KMU schw\u00e4cht sich leicht ab","og_description":"Die Exportstimmung bei Schweizer KMU schw\u00e4cht sich weiter ab, bleibt insgesamt aber positiv. F\u00fcr das 2. Quartal erwarten 47% aller KMU steigende Exporte.","og_url":"https:\/\/www.organisator.ch\/it\/generale\/2019-04-11\/exportstimmung-bei-schweizer-kmu-schwaecht-sich-leicht-ab\/","og_site_name":"Organisator","article_publisher":"https:\/\/www.facebook.com\/OrganisatorFachmagazin","article_published_time":"2019-04-11T09:38:44+00:00","og_image":[{"width":680,"height":408,"url":"https:\/\/www.organisator.ch\/wp-content\/uploads\/2019\/04\/Exportstimmung-bei-Schweizer-KMU-schwaecht-sich-leicht-ab_Organisator.jpg","type":"image\/jpeg"}],"author":"thomas.berner","twitter_card":"summary_large_image","twitter_title":"#Exportstimmung bei Schweizer KMU schw\u00e4cht sich leicht ab","twitter_description":"Die #Exportstimmung bei Schweizer KMU schw\u00e4cht sich weiter ab, bleibt insgesamt aber positiv. F\u00fcr das 2. Quartal erwarten 47% aller KMU steigende Exporte.","twitter_image":"https:\/\/www.organisator.ch\/wp-content\/uploads\/2019\/04\/Exportstimmung-bei-Schweizer-KMU-schw\u00e4cht-sich-leicht-ab_Organisator.jpg","schema":{"@context":"https:\/\/schema.org","@graph":[{"@type":"Article","@id":"https:\/\/www.organisator.ch\/en\/general\/2019-04-11\/exportstimmung-bei-schweizer-kmu-schwaecht-sich-leicht-ab\/#article","isPartOf":{"@id":"https:\/\/www.organisator.ch\/en\/general\/2019-04-11\/exportstimmung-bei-schweizer-kmu-schwaecht-sich-leicht-ab\/"},"author":{"name":"thomas.berner","@id":"https:\/\/www.organisator.ch\/#\/schema\/person\/6f650f90b2842cd4c0cc334b4e36f67e"},"headline":"Exportstimmung bei Schweizer KMU schw\u00e4cht sich leicht ab","datePublished":"2019-04-11T09:38:44+00:00","mainEntityOfPage":{"@id":"https:\/\/www.organisator.ch\/en\/general\/2019-04-11\/exportstimmung-bei-schweizer-kmu-schwaecht-sich-leicht-ab\/"},"wordCount":401,"commentCount":0,"publisher":{"@id":"https:\/\/www.organisator.ch\/#organization"},"image":{"@id":"https:\/\/www.organisator.ch\/en\/general\/2019-04-11\/exportstimmung-bei-schweizer-kmu-schwaecht-sich-leicht-ab\/#primaryimage"},"thumbnailUrl":"https:\/\/www.organisator.ch\/wp-content\/uploads\/2019\/04\/Exportstimmung-bei-Schweizer-KMU-schwaecht-sich-leicht-ab_Organisator.jpg","keywords":["Aussenwirtschaft","Export","Management und Unternehmensf\u00fchrung","Wirtschaftspolitik"],"articleSection":["Allgemein"],"inLanguage":"it-IT"},{"@type":"WebPage","@id":"https:\/\/www.organisator.ch\/en\/general\/2019-04-11\/exportstimmung-bei-schweizer-kmu-schwaecht-sich-leicht-ab\/","url":"https:\/\/www.organisator.ch\/en\/general\/2019-04-11\/exportstimmung-bei-schweizer-kmu-schwaecht-sich-leicht-ab\/","name":"Il sentimento di esportazione delle PMI svizzere si indebolisce leggermente - Organizzatore","isPartOf":{"@id":"https:\/\/www.organisator.ch\/#website"},"primaryImageOfPage":{"@id":"https:\/\/www.organisator.ch\/en\/general\/2019-04-11\/exportstimmung-bei-schweizer-kmu-schwaecht-sich-leicht-ab\/#primaryimage"},"image":{"@id":"https:\/\/www.organisator.ch\/en\/general\/2019-04-11\/exportstimmung-bei-schweizer-kmu-schwaecht-sich-leicht-ab\/#primaryimage"},"thumbnailUrl":"https:\/\/www.organisator.ch\/wp-content\/uploads\/2019\/04\/Exportstimmung-bei-Schweizer-KMU-schwaecht-sich-leicht-ab_Organisator.jpg","datePublished":"2019-04-11T09:38:44+00:00","description":"Il sentimento di esportazione delle PMI svizzere continua a indebolirsi, ma rimane complessivamente positivo. Per il 2\u00b0 trimestre, 47% di tutte le PMI prevedono un aumento delle esportazioni.","breadcrumb":{"@id":"https:\/\/www.organisator.ch\/en\/general\/2019-04-11\/exportstimmung-bei-schweizer-kmu-schwaecht-sich-leicht-ab\/#breadcrumb"},"inLanguage":"it-IT","potentialAction":[{"@type":"ReadAction","target":["https:\/\/www.organisator.ch\/en\/general\/2019-04-11\/exportstimmung-bei-schweizer-kmu-schwaecht-sich-leicht-ab\/"]}]},{"@type":"ImageObject","inLanguage":"it-IT","@id":"https:\/\/www.organisator.ch\/en\/general\/2019-04-11\/exportstimmung-bei-schweizer-kmu-schwaecht-sich-leicht-ab\/#primaryimage","url":"https:\/\/www.organisator.ch\/wp-content\/uploads\/2019\/04\/Exportstimmung-bei-Schweizer-KMU-schwaecht-sich-leicht-ab_Organisator.jpg","contentUrl":"https:\/\/www.organisator.ch\/wp-content\/uploads\/2019\/04\/Exportstimmung-bei-Schweizer-KMU-schwaecht-sich-leicht-ab_Organisator.jpg","width":680,"height":408,"caption":"Die Exportstimmung schw\u00e4cht sich ab, findet aber damit zur\u00fcck zur Normalit\u00e4t. (Bild: Switzerland Global Enterprise)"},{"@type":"BreadcrumbList","@id":"https:\/\/www.organisator.ch\/en\/general\/2019-04-11\/exportstimmung-bei-schweizer-kmu-schwaecht-sich-leicht-ab\/#breadcrumb","itemListElement":[{"@type":"ListItem","position":1,"name":"Home","item":"https:\/\/www.organisator.ch\/"},{"@type":"ListItem","position":2,"name":"Exportstimmung bei Schweizer KMU schw\u00e4cht sich leicht ab"}]},{"@type":"WebSite","@id":"https:\/\/www.organisator.ch\/#website","url":"https:\/\/www.organisator.ch\/","name":"Organizzatore","description":"Competente. Pratico. In 10 numeri all'anno, ORGANISATOR presenta i temi essenziali per i manager delle PMI.","publisher":{"@id":"https:\/\/www.organisator.ch\/#organization"},"potentialAction":[{"@type":"SearchAction","target":{"@type":"EntryPoint","urlTemplate":"https:\/\/www.organisator.ch\/?s={search_term_string}"},"query-input":{"@type":"PropertyValueSpecification","valueRequired":true,"valueName":"search_term_string"}}],"inLanguage":"it-IT"},{"@type":"Organization","@id":"https:\/\/www.organisator.ch\/#organization","name":"Organizzatore","url":"https:\/\/www.organisator.ch\/","logo":{"@type":"ImageObject","inLanguage":"it-IT","@id":"https:\/\/www.organisator.ch\/#\/schema\/logo\/image\/","url":"https:\/\/www.organisator.ch\/wp-content\/uploads\/2022\/01\/Logo_Organisator_Website.png","contentUrl":"https:\/\/www.organisator.ch\/wp-content\/uploads\/2022\/01\/Logo_Organisator_Website.png","width":800,"height":77,"caption":"Organisator"},"image":{"@id":"https:\/\/www.organisator.ch\/#\/schema\/logo\/image\/"},"sameAs":["https:\/\/www.facebook.com\/OrganisatorFachmagazin","https:\/\/www.linkedin.com\/showcase\/organisator-das-magazin-fr-kmu","https:\/\/www.xing.com\/news\/pages\/organisator-ch-695","https:\/\/www.youtube.com\/channel\/UCGP2Sq0iWaZwT3BdIAQFYpw"]},{"@type":"Person","@id":"https:\/\/www.organisator.ch\/#\/schema\/person\/6f650f90b2842cd4c0cc334b4e36f67e","name":"Tommaso.berner","image":{"@type":"ImageObject","inLanguage":"it-IT","@id":"https:\/\/secure.gravatar.com\/avatar\/ac5001d2a36cb6c6cd3e50789007ffca834b477b74a2144564522e944eabff61?s=96&d=mm&r=g","url":"https:\/\/secure.gravatar.com\/avatar\/ac5001d2a36cb6c6cd3e50789007ffca834b477b74a2144564522e944eabff61?s=96&d=mm&r=g","contentUrl":"https:\/\/secure.gravatar.com\/avatar\/ac5001d2a36cb6c6cd3e50789007ffca834b477b74a2144564522e944eabff61?s=96&d=mm&r=g","caption":"thomas.berner"},"url":"https:\/\/www.organisator.ch\/it\/author\/thomas-berner\/"}]}},"_links":{"self":[{"href":"https:\/\/www.organisator.ch\/it\/wp-json\/wp\/v2\/posts\/5127","targetHints":{"allow":["GET"]}}],"collection":[{"href":"https:\/\/www.organisator.ch\/it\/wp-json\/wp\/v2\/posts"}],"about":[{"href":"https:\/\/www.organisator.ch\/it\/wp-json\/wp\/v2\/types\/post"}],"author":[{"embeddable":true,"href":"https:\/\/www.organisator.ch\/it\/wp-json\/wp\/v2\/users\/4"}],"replies":[{"embeddable":true,"href":"https:\/\/www.organisator.ch\/it\/wp-json\/wp\/v2\/comments?post=5127"}],"version-history":[{"count":0,"href":"https:\/\/www.organisator.ch\/it\/wp-json\/wp\/v2\/posts\/5127\/revisions"}],"wp:featuredmedia":[{"embeddable":true,"href":"https:\/\/www.organisator.ch\/it\/wp-json\/wp\/v2\/media\/5128"}],"wp:attachment":[{"href":"https:\/\/www.organisator.ch\/it\/wp-json\/wp\/v2\/media?parent=5127"}],"wp:term":[{"taxonomy":"category","embeddable":true,"href":"https:\/\/www.organisator.ch\/it\/wp-json\/wp\/v2\/categories?post=5127"},{"taxonomy":"post_tag","embeddable":true,"href":"https:\/\/www.organisator.ch\/it\/wp-json\/wp\/v2\/tags?post=5127"}],"curies":[{"name":"wp","href":"https:\/\/api.w.org\/{rel}","templated":true}]}}