{"id":5133,"date":"2019-04-15T08:28:43","date_gmt":"2019-04-15T06:28:43","guid":{"rendered":"https:\/\/www.organisator.ch\/?p=5133"},"modified":"2019-04-15T08:28:43","modified_gmt":"2019-04-15T06:28:43","slug":"awk-group-mit-dem-prix-balance-dencouragement-ausgezeichnet","status":"publish","type":"post","link":"https:\/\/www.organisator.ch\/it\/management\/2019-04-15\/awk-group-mit-dem-prix-balance-dencouragement-ausgezeichnet\/","title":{"rendered":"AWK Group premiata con il Prix Balance d'encouragement"},"content":{"rendered":"<figure id=\"attachment_5146\" aria-describedby=\"caption-attachment-5146\" style=\"width: 680px\" class=\"wp-caption alignnone\"><img loading=\"lazy\" decoding=\"async\" class=\"size-medium wp-image-5146\" src=\"https:\/\/www.organisator.ch\/wp-content\/uploads\/2019\/04\/AWK-Group-mit-dem-Prix-Balance-dencouragement-ausgezeichnet_Organisator.jpg\" alt=\"\" width=\"680\" height=\"231\" srcset=\"https:\/\/www.organisator.ch\/wp-content\/uploads\/2019\/04\/AWK-Group-mit-dem-Prix-Balance-dencouragement-ausgezeichnet_Organisator.jpg 680w, https:\/\/www.organisator.ch\/wp-content\/uploads\/2019\/04\/AWK-Group-mit-dem-Prix-Balance-dencouragement-ausgezeichnet_Organisator-16x5.jpg 16w, https:\/\/www.organisator.ch\/wp-content\/uploads\/2019\/04\/AWK-Group-mit-dem-Prix-Balance-dencouragement-ausgezeichnet_Organisator-375x127.jpg 375w, https:\/\/www.organisator.ch\/wp-content\/uploads\/2019\/04\/AWK-Group-mit-dem-Prix-Balance-dencouragement-ausgezeichnet_Organisator-300x102.jpg 300w\" sizes=\"auto, (max-width: 680px) 100vw, 680px\" \/><figcaption id=\"caption-attachment-5146\" class=\"wp-caption-text\">AWK Group \u00e8 una delle sette aziende premiate quest'anno con il Prix Balance d'encouragement.<\/figcaption><\/figure>\n<p>Il certificato di riconoscimento rilasciato riconosce le condizioni progressive che promuovono la compatibilit\u00e0. Questo include le migliori pratiche come la diversit\u00e0, i modelli di orario di lavoro flessibile per uomini e donne e una cultura della compatibilit\u00e0 che d\u00e0 chiari segnali per un ambiente di lavoro orientato al futuro e un investimento sostenibile nei dipendenti. Con un indice di compatibilit\u00e0 di 79%, AWK ottiene risultati migliori di 7% rispetto alla media delle aziende partecipanti al Prix BalanceZH e supera la media dei risultati dei suoi concorrenti in 15 dei 17 punti dello studio.<\/p>\n<p>Per AWK, il riconoscimento come datore di lavoro associato alla certificazione \u00e8 un'importante conferma del percorso intrapreso e allo stesso tempo una grande motivazione per continuare a sfruttare responsabilmente il potenziale di ottimizzazione esistente. L'obiettivo \u00e8 sempre quello di offrire ai dipendenti AWK una cultura aziendale apprezzabile, vivere attivamente le pari opportunit\u00e0 e promuovere in modo specifico l'equilibrio tra interessi privati ed esigenze professionali.<\/p>\n<p>\"Siamo entusiasti. Questo premio riflette l'apprezzamento dei nostri dipendenti e dimostra chiaramente che il nostro impegno costante per condizioni di lavoro ottimali \u00e8 accolto positivamente. Allo stesso tempo, la nostra certificazione rafforza la percezione esterna di AWK come datore di lavoro interessante\", commenta Sandra Crouse, responsabile delle risorse umane di AWK Group.<\/p>\n<p>Il Prix BalanceZH \u00e8 una certificazione per i datori di lavoro che offrono condizioni eccellenti per l'equilibrio tra lavoro e vita privata. Dal 2011, l'Ufficio per l'uguaglianza di genere assegna il Prix BalanceZH ai datori di lavoro del Cantone di Zurigo. Questa volta, Great Place to Work \u00e8 stato coinvolto come partner indipendente e responsabile della metodologia, dell'implementazione e della valutazione del premio. Quest'anno, un totale di sette aziende ha ricevuto il Prix Balance d'encouragement per il loro coraggioso impegno.<\/p>\n<p><em>Fonte:\u00a0<a href=\"http:\/\/www.awk.ch\">www.awk.ch<\/a><\/em><\/p>","protected":false},"excerpt":{"rendered":"<p>Das erhaltene Anerkennungszertifikat w\u00fcrdigt fortschrittliche, die Vereinbarkeit f\u00f6rdernde Bedingungen. Dazu geh\u00f6ren Best Practices wie Diversity, flexible Arbeitszeitmodelle f\u00fcr Mann und Frau und eine Vereinbarkeitskultur, die klare Zeichen setzt f\u00fcr ein zukunftsbewusstes Arbeitsumfeld und eine nachhaltige Investition in die Mitarbeitenden. Mit einem Vereinbarkeitsindex von 79% schneidet AWK gesamthaft 7% besser ab als der Durchschnitt der am [&hellip;]<\/p>\n","protected":false},"author":4,"featured_media":5146,"comment_status":"open","ping_status":"open","sticky":false,"template":"","format":"standard","meta":{"_acf_changed":false,"_yoast_wpseo_focuskw":"Prix Balance d\u2019encouragement","_yoast_wpseo_metadesc":"Die AWK Group ist eines von sieben Unternehmen, das dieses Jahr mit dem Prix Balance d\u2019encouragement ausgezeichnet wurde.","articlekey":"","footnotes":""},"categories":[28],"tags":[66,335,492,496],"class_list":["post-5133","post","type-post","status-publish","format-standard","has-post-thumbnail","hentry","category-management","tag-awards","tag-management-und-unternehmensfuehrung","tag-unternehmen","tag-unternehmensfuehrung"],"acf":[],"yoast_head":"<!-- This site is optimized with the Yoast SEO plugin v27.4 - https:\/\/yoast.com\/product\/yoast-seo-wordpress\/ -->\n<title>AWK Group mit dem Prix Balance d\u2019encouragement ausgezeichnet - Organisator<\/title>\n<meta name=\"description\" content=\"Die AWK Group ist eines von sieben Unternehmen, das dieses Jahr mit dem Prix Balance d\u2019encouragement ausgezeichnet wurde.\" \/>\n<meta name=\"robots\" content=\"index, follow, max-snippet:-1, max-image-preview:large, max-video-preview:-1\" \/>\n<link rel=\"canonical\" href=\"https:\/\/www.organisator.ch\/it\/gestione-2\/2019-04-15\/awk-group-mit-dem-prix-balance-dencouragement-ausgezeichnet\/\" \/>\n<meta property=\"og:locale\" content=\"it_IT\" \/>\n<meta property=\"og:type\" content=\"article\" \/>\n<meta property=\"og:title\" content=\"AWK Group mit dem Prix Balance d\u2019encouragement ausgezeichnet\" \/>\n<meta property=\"og:description\" content=\"Die AWK Group ist eines von sieben Unternehmen, das dieses Jahr mit dem Prix Balance d\u2019encouragement ausgezeichnet wurde.\" \/>\n<meta property=\"og:url\" content=\"https:\/\/www.organisator.ch\/it\/gestione-2\/2019-04-15\/awk-group-mit-dem-prix-balance-dencouragement-ausgezeichnet\/\" \/>\n<meta property=\"og:site_name\" content=\"Organisator\" \/>\n<meta property=\"article:publisher\" content=\"https:\/\/www.facebook.com\/OrganisatorFachmagazin\" \/>\n<meta property=\"article:published_time\" content=\"2019-04-15T06:28:43+00:00\" \/>\n<meta property=\"og:image\" content=\"https:\/\/www.organisator.ch\/wp-content\/uploads\/2019\/04\/AWK-Group-mit-dem-Prix-Balance-dencouragement-ausgezeichnet_Organisator.jpg\" \/>\n\t<meta property=\"og:image:width\" content=\"680\" \/>\n\t<meta property=\"og:image:height\" content=\"231\" \/>\n\t<meta property=\"og:image:type\" content=\"image\/jpeg\" \/>\n<meta name=\"author\" content=\"thomas.berner\" \/>\n<meta name=\"twitter:card\" content=\"summary_large_image\" \/>\n<meta name=\"twitter:title\" content=\"#AWK Group mit dem Prix Balance d\u2019encouragement ausgezeichnet\" \/>\n<meta name=\"twitter:description\" content=\"Die #AWK Group ist eines von sieben Unternehmen, das dieses Jahr mit dem Prix Balance d\u2019encouragement ausgezeichnet wurde.\" \/>\n<meta name=\"twitter:image\" content=\"https:\/\/www.organisator.ch\/wp-content\/uploads\/2019\/04\/AWK-Group-mit-dem-Prix-Balance-dencouragement-ausgezeichnet_Organisator.jpg\" \/>\n<script type=\"application\/ld+json\" class=\"yoast-schema-graph\">{\"@context\":\"https:\\\/\\\/schema.org\",\"@graph\":[{\"@type\":\"Article\",\"@id\":\"https:\\\/\\\/www.organisator.ch\\\/management\\\/2019-04-15\\\/awk-group-mit-dem-prix-balance-dencouragement-ausgezeichnet\\\/#article\",\"isPartOf\":{\"@id\":\"https:\\\/\\\/www.organisator.ch\\\/management\\\/2019-04-15\\\/awk-group-mit-dem-prix-balance-dencouragement-ausgezeichnet\\\/\"},\"author\":{\"name\":\"thomas.berner\",\"@id\":\"https:\\\/\\\/www.organisator.ch\\\/#\\\/schema\\\/person\\\/6f650f90b2842cd4c0cc334b4e36f67e\"},\"headline\":\"AWK Group mit dem Prix Balance d\u2019encouragement ausgezeichnet\",\"datePublished\":\"2019-04-15T06:28:43+00:00\",\"mainEntityOfPage\":{\"@id\":\"https:\\\/\\\/www.organisator.ch\\\/management\\\/2019-04-15\\\/awk-group-mit-dem-prix-balance-dencouragement-ausgezeichnet\\\/\"},\"wordCount\":298,\"commentCount\":0,\"publisher\":{\"@id\":\"https:\\\/\\\/www.organisator.ch\\\/#organization\"},\"image\":{\"@id\":\"https:\\\/\\\/www.organisator.ch\\\/management\\\/2019-04-15\\\/awk-group-mit-dem-prix-balance-dencouragement-ausgezeichnet\\\/#primaryimage\"},\"thumbnailUrl\":\"https:\\\/\\\/www.organisator.ch\\\/wp-content\\\/uploads\\\/2019\\\/04\\\/AWK-Group-mit-dem-Prix-Balance-dencouragement-ausgezeichnet_Organisator.jpg\",\"keywords\":[\"Awards\",\"Management und Unternehmensf\u00fchrung\",\"Unternehmen\",\"Unternehmensf\u00fchrung\"],\"articleSection\":[\"MANAGEMENT\"],\"inLanguage\":\"it-IT\"},{\"@type\":\"WebPage\",\"@id\":\"https:\\\/\\\/www.organisator.ch\\\/management\\\/2019-04-15\\\/awk-group-mit-dem-prix-balance-dencouragement-ausgezeichnet\\\/\",\"url\":\"https:\\\/\\\/www.organisator.ch\\\/management\\\/2019-04-15\\\/awk-group-mit-dem-prix-balance-dencouragement-ausgezeichnet\\\/\",\"name\":\"AWK Group mit dem Prix Balance d\u2019encouragement ausgezeichnet - Organisator\",\"isPartOf\":{\"@id\":\"https:\\\/\\\/www.organisator.ch\\\/#website\"},\"primaryImageOfPage\":{\"@id\":\"https:\\\/\\\/www.organisator.ch\\\/management\\\/2019-04-15\\\/awk-group-mit-dem-prix-balance-dencouragement-ausgezeichnet\\\/#primaryimage\"},\"image\":{\"@id\":\"https:\\\/\\\/www.organisator.ch\\\/management\\\/2019-04-15\\\/awk-group-mit-dem-prix-balance-dencouragement-ausgezeichnet\\\/#primaryimage\"},\"thumbnailUrl\":\"https:\\\/\\\/www.organisator.ch\\\/wp-content\\\/uploads\\\/2019\\\/04\\\/AWK-Group-mit-dem-Prix-Balance-dencouragement-ausgezeichnet_Organisator.jpg\",\"datePublished\":\"2019-04-15T06:28:43+00:00\",\"description\":\"Die AWK Group ist eines von sieben Unternehmen, das dieses Jahr mit dem Prix Balance d\u2019encouragement ausgezeichnet wurde.\",\"breadcrumb\":{\"@id\":\"https:\\\/\\\/www.organisator.ch\\\/management\\\/2019-04-15\\\/awk-group-mit-dem-prix-balance-dencouragement-ausgezeichnet\\\/#breadcrumb\"},\"inLanguage\":\"it-IT\",\"potentialAction\":[{\"@type\":\"ReadAction\",\"target\":[\"https:\\\/\\\/www.organisator.ch\\\/management\\\/2019-04-15\\\/awk-group-mit-dem-prix-balance-dencouragement-ausgezeichnet\\\/\"]}]},{\"@type\":\"ImageObject\",\"inLanguage\":\"it-IT\",\"@id\":\"https:\\\/\\\/www.organisator.ch\\\/management\\\/2019-04-15\\\/awk-group-mit-dem-prix-balance-dencouragement-ausgezeichnet\\\/#primaryimage\",\"url\":\"https:\\\/\\\/www.organisator.ch\\\/wp-content\\\/uploads\\\/2019\\\/04\\\/AWK-Group-mit-dem-Prix-Balance-dencouragement-ausgezeichnet_Organisator.jpg\",\"contentUrl\":\"https:\\\/\\\/www.organisator.ch\\\/wp-content\\\/uploads\\\/2019\\\/04\\\/AWK-Group-mit-dem-Prix-Balance-dencouragement-ausgezeichnet_Organisator.jpg\",\"width\":680,\"height\":231,\"caption\":\"Die AWK Group ist eines von sieben Unternehmen, das dieses Jahr mit dem Prix Balance d'encouragement ausgezeichnet wurde.\"},{\"@type\":\"BreadcrumbList\",\"@id\":\"https:\\\/\\\/www.organisator.ch\\\/management\\\/2019-04-15\\\/awk-group-mit-dem-prix-balance-dencouragement-ausgezeichnet\\\/#breadcrumb\",\"itemListElement\":[{\"@type\":\"ListItem\",\"position\":1,\"name\":\"Home\",\"item\":\"https:\\\/\\\/www.organisator.ch\\\/\"},{\"@type\":\"ListItem\",\"position\":2,\"name\":\"AWK Group mit dem Prix Balance d\u2019encouragement ausgezeichnet\"}]},{\"@type\":\"WebSite\",\"@id\":\"https:\\\/\\\/www.organisator.ch\\\/#website\",\"url\":\"https:\\\/\\\/www.organisator.ch\\\/\",\"name\":\"Organisator\",\"description\":\"Kompetent. Praxisnah. Der ORGANISATOR bereitet in 10 Ausgaben pro Jahr die wesentlichen Themen f\u00fcr F\u00fchrungskr\u00e4fte von KMU auf.\",\"publisher\":{\"@id\":\"https:\\\/\\\/www.organisator.ch\\\/#organization\"},\"potentialAction\":[{\"@type\":\"SearchAction\",\"target\":{\"@type\":\"EntryPoint\",\"urlTemplate\":\"https:\\\/\\\/www.organisator.ch\\\/?s={search_term_string}\"},\"query-input\":{\"@type\":\"PropertyValueSpecification\",\"valueRequired\":true,\"valueName\":\"search_term_string\"}}],\"inLanguage\":\"it-IT\"},{\"@type\":\"Organization\",\"@id\":\"https:\\\/\\\/www.organisator.ch\\\/#organization\",\"name\":\"Organisator\",\"url\":\"https:\\\/\\\/www.organisator.ch\\\/\",\"logo\":{\"@type\":\"ImageObject\",\"inLanguage\":\"it-IT\",\"@id\":\"https:\\\/\\\/www.organisator.ch\\\/#\\\/schema\\\/logo\\\/image\\\/\",\"url\":\"https:\\\/\\\/www.organisator.ch\\\/wp-content\\\/uploads\\\/2022\\\/01\\\/Logo_Organisator_Website.png\",\"contentUrl\":\"https:\\\/\\\/www.organisator.ch\\\/wp-content\\\/uploads\\\/2022\\\/01\\\/Logo_Organisator_Website.png\",\"width\":800,\"height\":77,\"caption\":\"Organisator\"},\"image\":{\"@id\":\"https:\\\/\\\/www.organisator.ch\\\/#\\\/schema\\\/logo\\\/image\\\/\"},\"sameAs\":[\"https:\\\/\\\/www.facebook.com\\\/OrganisatorFachmagazin\",\"https:\\\/\\\/www.linkedin.com\\\/showcase\\\/organisator-das-magazin-fr-kmu\",\"https:\\\/\\\/www.xing.com\\\/news\\\/pages\\\/organisator-ch-695\",\"https:\\\/\\\/www.youtube.com\\\/channel\\\/UCGP2Sq0iWaZwT3BdIAQFYpw\"]},{\"@type\":\"Person\",\"@id\":\"https:\\\/\\\/www.organisator.ch\\\/#\\\/schema\\\/person\\\/6f650f90b2842cd4c0cc334b4e36f67e\",\"name\":\"thomas.berner\",\"image\":{\"@type\":\"ImageObject\",\"inLanguage\":\"it-IT\",\"@id\":\"https:\\\/\\\/secure.gravatar.com\\\/avatar\\\/ac5001d2a36cb6c6cd3e50789007ffca834b477b74a2144564522e944eabff61?s=96&d=mm&r=g\",\"url\":\"https:\\\/\\\/secure.gravatar.com\\\/avatar\\\/ac5001d2a36cb6c6cd3e50789007ffca834b477b74a2144564522e944eabff61?s=96&d=mm&r=g\",\"contentUrl\":\"https:\\\/\\\/secure.gravatar.com\\\/avatar\\\/ac5001d2a36cb6c6cd3e50789007ffca834b477b74a2144564522e944eabff61?s=96&d=mm&r=g\",\"caption\":\"thomas.berner\"},\"url\":\"https:\\\/\\\/www.organisator.ch\\\/it\\\/author\\\/thomas-berner\\\/\"}]}<\/script>\n<!-- \/ Yoast SEO plugin. -->","yoast_head_json":{"title":"AWK Group ha ricevuto il Prix Balance d'encouragement - Organizzatore","description":"AWK Group \u00e8 una delle sette aziende premiate quest'anno con il Prix Balance d'encouragement.","robots":{"index":"index","follow":"follow","max-snippet":"max-snippet:-1","max-image-preview":"max-image-preview:large","max-video-preview":"max-video-preview:-1"},"canonical":"https:\/\/www.organisator.ch\/it\/gestione-2\/2019-04-15\/awk-group-mit-dem-prix-balance-dencouragement-ausgezeichnet\/","og_locale":"it_IT","og_type":"article","og_title":"AWK Group mit dem Prix Balance d\u2019encouragement ausgezeichnet","og_description":"Die AWK Group ist eines von sieben Unternehmen, das dieses Jahr mit dem Prix Balance d\u2019encouragement ausgezeichnet wurde.","og_url":"https:\/\/www.organisator.ch\/it\/gestione-2\/2019-04-15\/awk-group-mit-dem-prix-balance-dencouragement-ausgezeichnet\/","og_site_name":"Organisator","article_publisher":"https:\/\/www.facebook.com\/OrganisatorFachmagazin","article_published_time":"2019-04-15T06:28:43+00:00","og_image":[{"width":680,"height":231,"url":"https:\/\/www.organisator.ch\/wp-content\/uploads\/2019\/04\/AWK-Group-mit-dem-Prix-Balance-dencouragement-ausgezeichnet_Organisator.jpg","type":"image\/jpeg"}],"author":"thomas.berner","twitter_card":"summary_large_image","twitter_title":"#AWK Group mit dem Prix Balance d\u2019encouragement ausgezeichnet","twitter_description":"Die #AWK Group ist eines von sieben Unternehmen, das dieses Jahr mit dem Prix Balance d\u2019encouragement ausgezeichnet wurde.","twitter_image":"https:\/\/www.organisator.ch\/wp-content\/uploads\/2019\/04\/AWK-Group-mit-dem-Prix-Balance-dencouragement-ausgezeichnet_Organisator.jpg","schema":{"@context":"https:\/\/schema.org","@graph":[{"@type":"Article","@id":"https:\/\/www.organisator.ch\/management\/2019-04-15\/awk-group-mit-dem-prix-balance-dencouragement-ausgezeichnet\/#article","isPartOf":{"@id":"https:\/\/www.organisator.ch\/management\/2019-04-15\/awk-group-mit-dem-prix-balance-dencouragement-ausgezeichnet\/"},"author":{"name":"thomas.berner","@id":"https:\/\/www.organisator.ch\/#\/schema\/person\/6f650f90b2842cd4c0cc334b4e36f67e"},"headline":"AWK Group mit dem Prix Balance d\u2019encouragement ausgezeichnet","datePublished":"2019-04-15T06:28:43+00:00","mainEntityOfPage":{"@id":"https:\/\/www.organisator.ch\/management\/2019-04-15\/awk-group-mit-dem-prix-balance-dencouragement-ausgezeichnet\/"},"wordCount":298,"commentCount":0,"publisher":{"@id":"https:\/\/www.organisator.ch\/#organization"},"image":{"@id":"https:\/\/www.organisator.ch\/management\/2019-04-15\/awk-group-mit-dem-prix-balance-dencouragement-ausgezeichnet\/#primaryimage"},"thumbnailUrl":"https:\/\/www.organisator.ch\/wp-content\/uploads\/2019\/04\/AWK-Group-mit-dem-Prix-Balance-dencouragement-ausgezeichnet_Organisator.jpg","keywords":["Awards","Management und Unternehmensf\u00fchrung","Unternehmen","Unternehmensf\u00fchrung"],"articleSection":["MANAGEMENT"],"inLanguage":"it-IT"},{"@type":"WebPage","@id":"https:\/\/www.organisator.ch\/management\/2019-04-15\/awk-group-mit-dem-prix-balance-dencouragement-ausgezeichnet\/","url":"https:\/\/www.organisator.ch\/management\/2019-04-15\/awk-group-mit-dem-prix-balance-dencouragement-ausgezeichnet\/","name":"AWK Group ha ricevuto il Prix Balance d'encouragement - Organizzatore","isPartOf":{"@id":"https:\/\/www.organisator.ch\/#website"},"primaryImageOfPage":{"@id":"https:\/\/www.organisator.ch\/management\/2019-04-15\/awk-group-mit-dem-prix-balance-dencouragement-ausgezeichnet\/#primaryimage"},"image":{"@id":"https:\/\/www.organisator.ch\/management\/2019-04-15\/awk-group-mit-dem-prix-balance-dencouragement-ausgezeichnet\/#primaryimage"},"thumbnailUrl":"https:\/\/www.organisator.ch\/wp-content\/uploads\/2019\/04\/AWK-Group-mit-dem-Prix-Balance-dencouragement-ausgezeichnet_Organisator.jpg","datePublished":"2019-04-15T06:28:43+00:00","description":"AWK Group \u00e8 una delle sette aziende premiate quest'anno con il Prix Balance d'encouragement.","breadcrumb":{"@id":"https:\/\/www.organisator.ch\/management\/2019-04-15\/awk-group-mit-dem-prix-balance-dencouragement-ausgezeichnet\/#breadcrumb"},"inLanguage":"it-IT","potentialAction":[{"@type":"ReadAction","target":["https:\/\/www.organisator.ch\/management\/2019-04-15\/awk-group-mit-dem-prix-balance-dencouragement-ausgezeichnet\/"]}]},{"@type":"ImageObject","inLanguage":"it-IT","@id":"https:\/\/www.organisator.ch\/management\/2019-04-15\/awk-group-mit-dem-prix-balance-dencouragement-ausgezeichnet\/#primaryimage","url":"https:\/\/www.organisator.ch\/wp-content\/uploads\/2019\/04\/AWK-Group-mit-dem-Prix-Balance-dencouragement-ausgezeichnet_Organisator.jpg","contentUrl":"https:\/\/www.organisator.ch\/wp-content\/uploads\/2019\/04\/AWK-Group-mit-dem-Prix-Balance-dencouragement-ausgezeichnet_Organisator.jpg","width":680,"height":231,"caption":"Die AWK Group ist eines von sieben Unternehmen, das dieses Jahr mit dem Prix Balance d'encouragement ausgezeichnet wurde."},{"@type":"BreadcrumbList","@id":"https:\/\/www.organisator.ch\/management\/2019-04-15\/awk-group-mit-dem-prix-balance-dencouragement-ausgezeichnet\/#breadcrumb","itemListElement":[{"@type":"ListItem","position":1,"name":"Home","item":"https:\/\/www.organisator.ch\/"},{"@type":"ListItem","position":2,"name":"AWK Group mit dem Prix Balance d\u2019encouragement ausgezeichnet"}]},{"@type":"WebSite","@id":"https:\/\/www.organisator.ch\/#website","url":"https:\/\/www.organisator.ch\/","name":"Organizzatore","description":"Competente. Pratico. In 10 numeri all'anno, ORGANISATOR presenta i temi essenziali per i manager delle PMI.","publisher":{"@id":"https:\/\/www.organisator.ch\/#organization"},"potentialAction":[{"@type":"SearchAction","target":{"@type":"EntryPoint","urlTemplate":"https:\/\/www.organisator.ch\/?s={search_term_string}"},"query-input":{"@type":"PropertyValueSpecification","valueRequired":true,"valueName":"search_term_string"}}],"inLanguage":"it-IT"},{"@type":"Organization","@id":"https:\/\/www.organisator.ch\/#organization","name":"Organizzatore","url":"https:\/\/www.organisator.ch\/","logo":{"@type":"ImageObject","inLanguage":"it-IT","@id":"https:\/\/www.organisator.ch\/#\/schema\/logo\/image\/","url":"https:\/\/www.organisator.ch\/wp-content\/uploads\/2022\/01\/Logo_Organisator_Website.png","contentUrl":"https:\/\/www.organisator.ch\/wp-content\/uploads\/2022\/01\/Logo_Organisator_Website.png","width":800,"height":77,"caption":"Organisator"},"image":{"@id":"https:\/\/www.organisator.ch\/#\/schema\/logo\/image\/"},"sameAs":["https:\/\/www.facebook.com\/OrganisatorFachmagazin","https:\/\/www.linkedin.com\/showcase\/organisator-das-magazin-fr-kmu","https:\/\/www.xing.com\/news\/pages\/organisator-ch-695","https:\/\/www.youtube.com\/channel\/UCGP2Sq0iWaZwT3BdIAQFYpw"]},{"@type":"Person","@id":"https:\/\/www.organisator.ch\/#\/schema\/person\/6f650f90b2842cd4c0cc334b4e36f67e","name":"Tommaso.berner","image":{"@type":"ImageObject","inLanguage":"it-IT","@id":"https:\/\/secure.gravatar.com\/avatar\/ac5001d2a36cb6c6cd3e50789007ffca834b477b74a2144564522e944eabff61?s=96&d=mm&r=g","url":"https:\/\/secure.gravatar.com\/avatar\/ac5001d2a36cb6c6cd3e50789007ffca834b477b74a2144564522e944eabff61?s=96&d=mm&r=g","contentUrl":"https:\/\/secure.gravatar.com\/avatar\/ac5001d2a36cb6c6cd3e50789007ffca834b477b74a2144564522e944eabff61?s=96&d=mm&r=g","caption":"thomas.berner"},"url":"https:\/\/www.organisator.ch\/it\/author\/thomas-berner\/"}]}},"_links":{"self":[{"href":"https:\/\/www.organisator.ch\/it\/wp-json\/wp\/v2\/posts\/5133","targetHints":{"allow":["GET"]}}],"collection":[{"href":"https:\/\/www.organisator.ch\/it\/wp-json\/wp\/v2\/posts"}],"about":[{"href":"https:\/\/www.organisator.ch\/it\/wp-json\/wp\/v2\/types\/post"}],"author":[{"embeddable":true,"href":"https:\/\/www.organisator.ch\/it\/wp-json\/wp\/v2\/users\/4"}],"replies":[{"embeddable":true,"href":"https:\/\/www.organisator.ch\/it\/wp-json\/wp\/v2\/comments?post=5133"}],"version-history":[{"count":0,"href":"https:\/\/www.organisator.ch\/it\/wp-json\/wp\/v2\/posts\/5133\/revisions"}],"wp:featuredmedia":[{"embeddable":true,"href":"https:\/\/www.organisator.ch\/it\/wp-json\/wp\/v2\/media\/5146"}],"wp:attachment":[{"href":"https:\/\/www.organisator.ch\/it\/wp-json\/wp\/v2\/media?parent=5133"}],"wp:term":[{"taxonomy":"category","embeddable":true,"href":"https:\/\/www.organisator.ch\/it\/wp-json\/wp\/v2\/categories?post=5133"},{"taxonomy":"post_tag","embeddable":true,"href":"https:\/\/www.organisator.ch\/it\/wp-json\/wp\/v2\/tags?post=5133"}],"curies":[{"name":"wp","href":"https:\/\/api.w.org\/{rel}","templated":true}]}}