{"id":5155,"date":"2019-04-16T13:31:50","date_gmt":"2019-04-16T11:31:50","guid":{"rendered":"https:\/\/www.organisator.ch\/?p=5155"},"modified":"2019-04-16T13:31:50","modified_gmt":"2019-04-16T11:31:50","slug":"hohe-mitarbeiterfluktuation-beunruhigt-schweizer-unternehmen","status":"publish","type":"post","link":"https:\/\/www.organisator.ch\/it\/human-resources\/hrm\/2019-04-16\/hohe-mitarbeiterfluktuation-beunruhigt-schweizer-unternehmen\/","title":{"rendered":"L'alto turnover dei dipendenti preoccupa le aziende svizzere"},"content":{"rendered":"<figure id=\"attachment_5158\" aria-describedby=\"caption-attachment-5158\" style=\"width: 680px\" class=\"wp-caption alignnone\"><img loading=\"lazy\" decoding=\"async\" class=\"size-medium wp-image-5158\" src=\"https:\/\/www.organisator.ch\/wp-content\/uploads\/2019\/04\/Hohe-Mitarbeiterfluktuation-beunruhigt-Schweizer-Unternehmen-2_Organisator.jpg\" alt=\"\" width=\"680\" height=\"549\" srcset=\"https:\/\/www.organisator.ch\/wp-content\/uploads\/2019\/04\/Hohe-Mitarbeiterfluktuation-beunruhigt-Schweizer-Unternehmen-2_Organisator.jpg 680w, https:\/\/www.organisator.ch\/wp-content\/uploads\/2019\/04\/Hohe-Mitarbeiterfluktuation-beunruhigt-Schweizer-Unternehmen-2_Organisator-16x12.jpg 16w, https:\/\/www.organisator.ch\/wp-content\/uploads\/2019\/04\/Hohe-Mitarbeiterfluktuation-beunruhigt-Schweizer-Unternehmen-2_Organisator-217x175.jpg 217w, https:\/\/www.organisator.ch\/wp-content\/uploads\/2019\/04\/Hohe-Mitarbeiterfluktuation-beunruhigt-Schweizer-Unternehmen-2_Organisator-434x350.jpg 434w, https:\/\/www.organisator.ch\/wp-content\/uploads\/2019\/04\/Hohe-Mitarbeiterfluktuation-beunruhigt-Schweizer-Unternehmen-2_Organisator-300x242.jpg 300w\" sizes=\"auto, (max-width: 680px) 100vw, 680px\" \/><figcaption id=\"caption-attachment-5158\" class=\"wp-caption-text\">Molte aziende svizzere hanno un alto turnover dei dipendenti. (Immagine: hudhummy \/ Pixabay.com)<\/figcaption><\/figure>\n<p><span lang=\"DE\">La carenza di lavoratori qualificati nel mercato del lavoro ha portato a un mercato di candidati in molti settori. Cos\u00ec, le scelte per molti impiegati sono aumentate significativamente. Tuttavia, questo porta anche ad un'alta disponibilit\u00e0 al cambiamento tra i dipendenti svizzeri: Pi\u00f9 di un terzo delle aziende (34 %) riferisce che il turnover volontario dei dipendenti \u00e8 aumentato negli ultimi tre anni. Questo \u00e8 dimostrato dall'attuale studio sul mercato del lavoro del fornitore di servizi per il personale Robert Half.<\/span><\/p>\n<h2>Rimanere attraente per i dipendenti<\/h2>\n<p><span lang=\"DE\">Di conseguenza, pi\u00f9 di un terzo degli intervistati (34 %) vede la pi\u00f9 grande sfida per la gestione dei talenti nel mantenere il team esistente motivato e impegnato. \"Attrarre nuovi dipendenti, abbreviare il processo di reclutamento e migliorare la comunicazione - questi rimangono in cima all'agenda. Sempre pi\u00f9 importanti per il successo dell'azienda, tuttavia, sono le misure per trattenere i dipendenti\", commenta <\/span>Zerrin Azeri, direttore associato alla Robert Half di Zurigo. <span lang=\"DE\">\"Le aziende devono quindi reagire rapidamente per rimanere attraenti per i dipendenti esistenti\".<\/span><\/p>\n<h2><span lang=\"DE\">Allineare i cambiamenti con le ragioni pi\u00f9 comuni per il cambiamento<\/span><\/h2>\n<p><span lang=\"DE\">Il turnover dei dipendenti \u00e8 un problema intersettoriale. Le ragioni delle dimissioni dei dipendenti, tuttavia, differiscono a seconda delle dimensioni dell'azienda. <\/span><span lang=\"DE\">Mentre nelle grandi aziende il salario troppo basso (44 %) \u00e8 la ragione pi\u00f9 citata, nelle piccole aziende \u00e8 la mancanza di libert\u00e0 (38 %) che spinge i dipendenti a cercare un nuovo datore di lavoro. Nelle aziende di medie dimensioni, ci sono non meno di tre motivi principali per cui i dipendenti lasciano l'azienda: scarso equilibrio tra lavoro e vita privata, mancanza di sviluppo di carriera e mancanza di riconoscimento delle prestazioni (32 % ciascuno).<\/span><\/p>\n<p><img loading=\"lazy\" decoding=\"async\" class=\"alignnone size-medium wp-image-5156\" src=\"https:\/\/www.organisator.ch\/wp-content\/uploads\/2019\/04\/Hohe-Mitarbeiterfluktuation-beunruhigt-Schweizer-Unternehmen_Organisator.jpg\" alt=\"\" width=\"680\" height=\"261\" srcset=\"https:\/\/www.organisator.ch\/wp-content\/uploads\/2019\/04\/Hohe-Mitarbeiterfluktuation-beunruhigt-Schweizer-Unternehmen_Organisator.jpg 680w, https:\/\/www.organisator.ch\/wp-content\/uploads\/2019\/04\/Hohe-Mitarbeiterfluktuation-beunruhigt-Schweizer-Unternehmen_Organisator-16x6.jpg 16w, https:\/\/www.organisator.ch\/wp-content\/uploads\/2019\/04\/Hohe-Mitarbeiterfluktuation-beunruhigt-Schweizer-Unternehmen_Organisator-375x144.jpg 375w, https:\/\/www.organisator.ch\/wp-content\/uploads\/2019\/04\/Hohe-Mitarbeiterfluktuation-beunruhigt-Schweizer-Unternehmen_Organisator-300x115.jpg 300w\" sizes=\"auto, (max-width: 680px) 100vw, 680px\" \/><\/p>\n<p><span lang=\"DE\">\"Affinch\u00e9 le misure siano efficaci, le aziende dovrebbero analizzare esattamente i motivi per cui i dipendenti se ne vanno. Per le grandi aziende, si raccomanda uno sguardo critico ai pacchetti salariali. Se i bilanci non permettono salti salariali pi\u00f9 grandi, forse offerte alternative forniscono incentivi ai dipendenti\", spiega Azeri. \"Le piccole e medie imprese, d'altra parte, dovrebbero pensare a come dare ai loro dipendenti una maggiore libert\u00e0 o sviluppare percorsi di carriera\".<\/span><\/p>\n<p><em>Fonte:\u00a0<\/em><em><a href=\"https:\/\/u7061146.ct.sendgrid.net\/wf\/click?upn=84Em28S1K9SvtzcUtu04Er51fWWHb2HIZFTAny-2FDEBA-3D_-2BPe06-2FbvfIwPZYvDYsJeB81vqS-2FiuPaFYYhOL6TovMuFsBcKdTq1q8VumHCBL55rzAQQeJQGcCj4z-2FlPlNjjSRJRrhD8nHk9vq4w2cFk0T97750htjB-2BC8CKYNz4L84B5hm8CTex54qbyQ1j-2BCOiC0pglMLNvIXYf8y16w-2BsebasxnvtLe5t-2FCz4FrpqV-2FYG8JkcDEQPzG09gQ3gyUsnmeuC6U-2Forn-2F3bBXAkrXZ-2BKNRInyvB3R8dGqCvXleEgFGotf5TzegpFz76g0PNN7oi2aOQjXFot1OYic-2Brf38eeiS49ar5vtd2lgLd65NRUUYNB9yE06G-2FX2CdtsMQZ7bww-2BA66L6sy5fiavD0etWhT4-3D\">www.roberthalf.ch<\/a><\/em><\/p>","protected":false},"excerpt":{"rendered":"<p>Der Fachkr\u00e4ftemangel auf dem Arbeitsmarkt hat in vielen Branchen zu einem Bewerbermarkt gef\u00fchrt. So sind die Wahlm\u00f6glichkeiten f\u00fcr viele Arbeitnehmer deutlich gestiegen. Allerdings f\u00fchrt das auch zu einer hohen Wechselbereitschaft bei Schweizer Arbeitnehmern: Mehr als ein Drittel der Unternehmen (34 %) gibt an, dass sich die freiwillige Mitarbeiterfluktuation in den vergangenen drei Jahren erh\u00f6ht hat. [&hellip;]<\/p>\n","protected":false},"author":4,"featured_media":5158,"comment_status":"open","ping_status":"open","sticky":false,"template":"","format":"standard","meta":{"_acf_changed":false,"_yoast_wpseo_focuskw":"Mitarbeiterfluktuation","_yoast_wpseo_metadesc":"Die aktuelle Arbeitsmarktstudie des Personaldienstleisters Robert Half bescheinigt eine hohe Mitarbeiterfluktuation in Unternehmen.","articlekey":"","footnotes":""},"categories":[26],"tags":[194,254,294,459],"class_list":["post-5155","post","type-post","status-publish","format-standard","has-post-thumbnail","hentry","category-hrm","tag-fachkraeftemangel","tag-hrm","tag-karriere","tag-studie"],"acf":[],"yoast_head":"<!-- This site is optimized with the Yoast SEO plugin v27.4 - https:\/\/yoast.com\/product\/yoast-seo-wordpress\/ -->\n<title>Hohe Mitarbeiterfluktuation beunruhigt Schweizer Unternehmen - Organisator<\/title>\n<meta name=\"description\" content=\"Die aktuelle Arbeitsmarktstudie des Personaldienstleisters Robert Half bescheinigt eine hohe Mitarbeiterfluktuation in Unternehmen.\" \/>\n<meta name=\"robots\" content=\"index, follow, max-snippet:-1, max-image-preview:large, max-video-preview:-1\" \/>\n<link rel=\"canonical\" href=\"https:\/\/www.organisator.ch\/it\/risorse-umane\/hrm\/2019-04-16\/hohe-mitarbeiterfluktuation-beunruhigt-schweizer-unternehmen\/\" \/>\n<meta property=\"og:locale\" content=\"it_IT\" \/>\n<meta property=\"og:type\" content=\"article\" \/>\n<meta property=\"og:title\" content=\"Hohe Mitarbeiterfluktuation beunruhigt Schweizer Unternehmen\" \/>\n<meta property=\"og:description\" content=\"Die aktuelle Arbeitsmarktstudie des Personaldienstleisters Robert Half bescheinigt eine hohe Mitarbeiterfluktuation in Unternehmen.\" \/>\n<meta property=\"og:url\" content=\"https:\/\/www.organisator.ch\/it\/risorse-umane\/hrm\/2019-04-16\/hohe-mitarbeiterfluktuation-beunruhigt-schweizer-unternehmen\/\" \/>\n<meta property=\"og:site_name\" content=\"Organisator\" \/>\n<meta property=\"article:publisher\" content=\"https:\/\/www.facebook.com\/OrganisatorFachmagazin\" \/>\n<meta property=\"article:published_time\" content=\"2019-04-16T11:31:50+00:00\" \/>\n<meta property=\"og:image\" content=\"https:\/\/www.organisator.ch\/wp-content\/uploads\/2019\/04\/Hohe-Mitarbeiterfluktuation-beunruhigt-Schweizer-Unternehmen-2_Organisator.jpg\" \/>\n\t<meta property=\"og:image:width\" content=\"680\" \/>\n\t<meta property=\"og:image:height\" content=\"549\" \/>\n\t<meta property=\"og:image:type\" content=\"image\/jpeg\" \/>\n<meta name=\"author\" content=\"thomas.berner\" \/>\n<meta name=\"twitter:card\" content=\"summary_large_image\" \/>\n<meta name=\"twitter:title\" content=\"Hohe #Mitarbeiterfluktuation beunruhigt Schweizer Unternehmen\" \/>\n<meta name=\"twitter:description\" content=\"Die aktuelle Arbeitsmarktstudie des Personaldienstleisters Robert Half bescheinigt eine hohe #Mitarbeiterfluktuation in Unternehmen.\" \/>\n<meta name=\"twitter:image\" content=\"https:\/\/www.organisator.ch\/wp-content\/uploads\/2019\/04\/Hohe-Mitarbeiterfluktuation-beunruhigt-Schweizer-Unternehmen-2_Organisator.jpg\" \/>\n<script type=\"application\/ld+json\" class=\"yoast-schema-graph\">{\"@context\":\"https:\\\/\\\/schema.org\",\"@graph\":[{\"@type\":\"Article\",\"@id\":\"https:\\\/\\\/www.organisator.ch\\\/human-resources\\\/hrm\\\/2019-04-16\\\/hohe-mitarbeiterfluktuation-beunruhigt-schweizer-unternehmen\\\/#article\",\"isPartOf\":{\"@id\":\"https:\\\/\\\/www.organisator.ch\\\/human-resources\\\/hrm\\\/2019-04-16\\\/hohe-mitarbeiterfluktuation-beunruhigt-schweizer-unternehmen\\\/\"},\"author\":{\"name\":\"thomas.berner\",\"@id\":\"https:\\\/\\\/www.organisator.ch\\\/#\\\/schema\\\/person\\\/6f650f90b2842cd4c0cc334b4e36f67e\"},\"headline\":\"Hohe Mitarbeiterfluktuation beunruhigt Schweizer Unternehmen\",\"datePublished\":\"2019-04-16T11:31:50+00:00\",\"mainEntityOfPage\":{\"@id\":\"https:\\\/\\\/www.organisator.ch\\\/human-resources\\\/hrm\\\/2019-04-16\\\/hohe-mitarbeiterfluktuation-beunruhigt-schweizer-unternehmen\\\/\"},\"wordCount\":340,\"commentCount\":2,\"publisher\":{\"@id\":\"https:\\\/\\\/www.organisator.ch\\\/#organization\"},\"image\":{\"@id\":\"https:\\\/\\\/www.organisator.ch\\\/human-resources\\\/hrm\\\/2019-04-16\\\/hohe-mitarbeiterfluktuation-beunruhigt-schweizer-unternehmen\\\/#primaryimage\"},\"thumbnailUrl\":\"https:\\\/\\\/www.organisator.ch\\\/wp-content\\\/uploads\\\/2019\\\/04\\\/Hohe-Mitarbeiterfluktuation-beunruhigt-Schweizer-Unternehmen-2_Organisator.jpg\",\"keywords\":[\"Fachkr\u00e4ftemangel\",\"HRM\",\"Karriere\",\"Studie\"],\"articleSection\":[\"HRM\"],\"inLanguage\":\"it-IT\"},{\"@type\":\"WebPage\",\"@id\":\"https:\\\/\\\/www.organisator.ch\\\/human-resources\\\/hrm\\\/2019-04-16\\\/hohe-mitarbeiterfluktuation-beunruhigt-schweizer-unternehmen\\\/\",\"url\":\"https:\\\/\\\/www.organisator.ch\\\/human-resources\\\/hrm\\\/2019-04-16\\\/hohe-mitarbeiterfluktuation-beunruhigt-schweizer-unternehmen\\\/\",\"name\":\"Hohe Mitarbeiterfluktuation beunruhigt Schweizer Unternehmen - Organisator\",\"isPartOf\":{\"@id\":\"https:\\\/\\\/www.organisator.ch\\\/#website\"},\"primaryImageOfPage\":{\"@id\":\"https:\\\/\\\/www.organisator.ch\\\/human-resources\\\/hrm\\\/2019-04-16\\\/hohe-mitarbeiterfluktuation-beunruhigt-schweizer-unternehmen\\\/#primaryimage\"},\"image\":{\"@id\":\"https:\\\/\\\/www.organisator.ch\\\/human-resources\\\/hrm\\\/2019-04-16\\\/hohe-mitarbeiterfluktuation-beunruhigt-schweizer-unternehmen\\\/#primaryimage\"},\"thumbnailUrl\":\"https:\\\/\\\/www.organisator.ch\\\/wp-content\\\/uploads\\\/2019\\\/04\\\/Hohe-Mitarbeiterfluktuation-beunruhigt-Schweizer-Unternehmen-2_Organisator.jpg\",\"datePublished\":\"2019-04-16T11:31:50+00:00\",\"description\":\"Die aktuelle Arbeitsmarktstudie des Personaldienstleisters Robert Half bescheinigt eine hohe Mitarbeiterfluktuation in Unternehmen.\",\"breadcrumb\":{\"@id\":\"https:\\\/\\\/www.organisator.ch\\\/human-resources\\\/hrm\\\/2019-04-16\\\/hohe-mitarbeiterfluktuation-beunruhigt-schweizer-unternehmen\\\/#breadcrumb\"},\"inLanguage\":\"it-IT\",\"potentialAction\":[{\"@type\":\"ReadAction\",\"target\":[\"https:\\\/\\\/www.organisator.ch\\\/human-resources\\\/hrm\\\/2019-04-16\\\/hohe-mitarbeiterfluktuation-beunruhigt-schweizer-unternehmen\\\/\"]}]},{\"@type\":\"ImageObject\",\"inLanguage\":\"it-IT\",\"@id\":\"https:\\\/\\\/www.organisator.ch\\\/human-resources\\\/hrm\\\/2019-04-16\\\/hohe-mitarbeiterfluktuation-beunruhigt-schweizer-unternehmen\\\/#primaryimage\",\"url\":\"https:\\\/\\\/www.organisator.ch\\\/wp-content\\\/uploads\\\/2019\\\/04\\\/Hohe-Mitarbeiterfluktuation-beunruhigt-Schweizer-Unternehmen-2_Organisator.jpg\",\"contentUrl\":\"https:\\\/\\\/www.organisator.ch\\\/wp-content\\\/uploads\\\/2019\\\/04\\\/Hohe-Mitarbeiterfluktuation-beunruhigt-Schweizer-Unternehmen-2_Organisator.jpg\",\"width\":680,\"height\":549,\"caption\":\"In vielen Schweizer Unternehmen herrscht eine hohe Mitarbeiterfluktuation. (Bild: hudhummy \\\/ Pixabay.com)\"},{\"@type\":\"BreadcrumbList\",\"@id\":\"https:\\\/\\\/www.organisator.ch\\\/human-resources\\\/hrm\\\/2019-04-16\\\/hohe-mitarbeiterfluktuation-beunruhigt-schweizer-unternehmen\\\/#breadcrumb\",\"itemListElement\":[{\"@type\":\"ListItem\",\"position\":1,\"name\":\"Home\",\"item\":\"https:\\\/\\\/www.organisator.ch\\\/\"},{\"@type\":\"ListItem\",\"position\":2,\"name\":\"Hohe Mitarbeiterfluktuation beunruhigt Schweizer Unternehmen\"}]},{\"@type\":\"WebSite\",\"@id\":\"https:\\\/\\\/www.organisator.ch\\\/#website\",\"url\":\"https:\\\/\\\/www.organisator.ch\\\/\",\"name\":\"Organisator\",\"description\":\"Kompetent. Praxisnah. Der ORGANISATOR bereitet in 10 Ausgaben pro Jahr die wesentlichen Themen f\u00fcr F\u00fchrungskr\u00e4fte von KMU auf.\",\"publisher\":{\"@id\":\"https:\\\/\\\/www.organisator.ch\\\/#organization\"},\"potentialAction\":[{\"@type\":\"SearchAction\",\"target\":{\"@type\":\"EntryPoint\",\"urlTemplate\":\"https:\\\/\\\/www.organisator.ch\\\/?s={search_term_string}\"},\"query-input\":{\"@type\":\"PropertyValueSpecification\",\"valueRequired\":true,\"valueName\":\"search_term_string\"}}],\"inLanguage\":\"it-IT\"},{\"@type\":\"Organization\",\"@id\":\"https:\\\/\\\/www.organisator.ch\\\/#organization\",\"name\":\"Organisator\",\"url\":\"https:\\\/\\\/www.organisator.ch\\\/\",\"logo\":{\"@type\":\"ImageObject\",\"inLanguage\":\"it-IT\",\"@id\":\"https:\\\/\\\/www.organisator.ch\\\/#\\\/schema\\\/logo\\\/image\\\/\",\"url\":\"https:\\\/\\\/www.organisator.ch\\\/wp-content\\\/uploads\\\/2022\\\/01\\\/Logo_Organisator_Website.png\",\"contentUrl\":\"https:\\\/\\\/www.organisator.ch\\\/wp-content\\\/uploads\\\/2022\\\/01\\\/Logo_Organisator_Website.png\",\"width\":800,\"height\":77,\"caption\":\"Organisator\"},\"image\":{\"@id\":\"https:\\\/\\\/www.organisator.ch\\\/#\\\/schema\\\/logo\\\/image\\\/\"},\"sameAs\":[\"https:\\\/\\\/www.facebook.com\\\/OrganisatorFachmagazin\",\"https:\\\/\\\/www.linkedin.com\\\/showcase\\\/organisator-das-magazin-fr-kmu\",\"https:\\\/\\\/www.xing.com\\\/news\\\/pages\\\/organisator-ch-695\",\"https:\\\/\\\/www.youtube.com\\\/channel\\\/UCGP2Sq0iWaZwT3BdIAQFYpw\"]},{\"@type\":\"Person\",\"@id\":\"https:\\\/\\\/www.organisator.ch\\\/#\\\/schema\\\/person\\\/6f650f90b2842cd4c0cc334b4e36f67e\",\"name\":\"thomas.berner\",\"image\":{\"@type\":\"ImageObject\",\"inLanguage\":\"it-IT\",\"@id\":\"https:\\\/\\\/secure.gravatar.com\\\/avatar\\\/ac5001d2a36cb6c6cd3e50789007ffca834b477b74a2144564522e944eabff61?s=96&d=mm&r=g\",\"url\":\"https:\\\/\\\/secure.gravatar.com\\\/avatar\\\/ac5001d2a36cb6c6cd3e50789007ffca834b477b74a2144564522e944eabff61?s=96&d=mm&r=g\",\"contentUrl\":\"https:\\\/\\\/secure.gravatar.com\\\/avatar\\\/ac5001d2a36cb6c6cd3e50789007ffca834b477b74a2144564522e944eabff61?s=96&d=mm&r=g\",\"caption\":\"thomas.berner\"},\"url\":\"https:\\\/\\\/www.organisator.ch\\\/it\\\/author\\\/thomas-berner\\\/\"}]}<\/script>\n<!-- \/ Yoast SEO plugin. -->","yoast_head_json":{"title":"L'elevato turnover del personale preoccupa le aziende svizzere - Organizzatore","description":"L'attuale studio sul mercato del lavoro condotto dal fornitore di servizi per il personale Robert Half attesta l'elevato turnover dei dipendenti nelle aziende.","robots":{"index":"index","follow":"follow","max-snippet":"max-snippet:-1","max-image-preview":"max-image-preview:large","max-video-preview":"max-video-preview:-1"},"canonical":"https:\/\/www.organisator.ch\/it\/risorse-umane\/hrm\/2019-04-16\/hohe-mitarbeiterfluktuation-beunruhigt-schweizer-unternehmen\/","og_locale":"it_IT","og_type":"article","og_title":"Hohe Mitarbeiterfluktuation beunruhigt Schweizer Unternehmen","og_description":"Die aktuelle Arbeitsmarktstudie des Personaldienstleisters Robert Half bescheinigt eine hohe Mitarbeiterfluktuation in Unternehmen.","og_url":"https:\/\/www.organisator.ch\/it\/risorse-umane\/hrm\/2019-04-16\/hohe-mitarbeiterfluktuation-beunruhigt-schweizer-unternehmen\/","og_site_name":"Organisator","article_publisher":"https:\/\/www.facebook.com\/OrganisatorFachmagazin","article_published_time":"2019-04-16T11:31:50+00:00","og_image":[{"width":680,"height":549,"url":"https:\/\/www.organisator.ch\/wp-content\/uploads\/2019\/04\/Hohe-Mitarbeiterfluktuation-beunruhigt-Schweizer-Unternehmen-2_Organisator.jpg","type":"image\/jpeg"}],"author":"thomas.berner","twitter_card":"summary_large_image","twitter_title":"Hohe #Mitarbeiterfluktuation beunruhigt Schweizer Unternehmen","twitter_description":"Die aktuelle Arbeitsmarktstudie des Personaldienstleisters Robert Half bescheinigt eine hohe #Mitarbeiterfluktuation in Unternehmen.","twitter_image":"https:\/\/www.organisator.ch\/wp-content\/uploads\/2019\/04\/Hohe-Mitarbeiterfluktuation-beunruhigt-Schweizer-Unternehmen-2_Organisator.jpg","schema":{"@context":"https:\/\/schema.org","@graph":[{"@type":"Article","@id":"https:\/\/www.organisator.ch\/human-resources\/hrm\/2019-04-16\/hohe-mitarbeiterfluktuation-beunruhigt-schweizer-unternehmen\/#article","isPartOf":{"@id":"https:\/\/www.organisator.ch\/human-resources\/hrm\/2019-04-16\/hohe-mitarbeiterfluktuation-beunruhigt-schweizer-unternehmen\/"},"author":{"name":"thomas.berner","@id":"https:\/\/www.organisator.ch\/#\/schema\/person\/6f650f90b2842cd4c0cc334b4e36f67e"},"headline":"Hohe Mitarbeiterfluktuation beunruhigt Schweizer Unternehmen","datePublished":"2019-04-16T11:31:50+00:00","mainEntityOfPage":{"@id":"https:\/\/www.organisator.ch\/human-resources\/hrm\/2019-04-16\/hohe-mitarbeiterfluktuation-beunruhigt-schweizer-unternehmen\/"},"wordCount":340,"commentCount":2,"publisher":{"@id":"https:\/\/www.organisator.ch\/#organization"},"image":{"@id":"https:\/\/www.organisator.ch\/human-resources\/hrm\/2019-04-16\/hohe-mitarbeiterfluktuation-beunruhigt-schweizer-unternehmen\/#primaryimage"},"thumbnailUrl":"https:\/\/www.organisator.ch\/wp-content\/uploads\/2019\/04\/Hohe-Mitarbeiterfluktuation-beunruhigt-Schweizer-Unternehmen-2_Organisator.jpg","keywords":["Fachkr\u00e4ftemangel","HRM","Karriere","Studie"],"articleSection":["HRM"],"inLanguage":"it-IT"},{"@type":"WebPage","@id":"https:\/\/www.organisator.ch\/human-resources\/hrm\/2019-04-16\/hohe-mitarbeiterfluktuation-beunruhigt-schweizer-unternehmen\/","url":"https:\/\/www.organisator.ch\/human-resources\/hrm\/2019-04-16\/hohe-mitarbeiterfluktuation-beunruhigt-schweizer-unternehmen\/","name":"L'elevato turnover del personale preoccupa le aziende svizzere - Organizzatore","isPartOf":{"@id":"https:\/\/www.organisator.ch\/#website"},"primaryImageOfPage":{"@id":"https:\/\/www.organisator.ch\/human-resources\/hrm\/2019-04-16\/hohe-mitarbeiterfluktuation-beunruhigt-schweizer-unternehmen\/#primaryimage"},"image":{"@id":"https:\/\/www.organisator.ch\/human-resources\/hrm\/2019-04-16\/hohe-mitarbeiterfluktuation-beunruhigt-schweizer-unternehmen\/#primaryimage"},"thumbnailUrl":"https:\/\/www.organisator.ch\/wp-content\/uploads\/2019\/04\/Hohe-Mitarbeiterfluktuation-beunruhigt-Schweizer-Unternehmen-2_Organisator.jpg","datePublished":"2019-04-16T11:31:50+00:00","description":"L'attuale studio sul mercato del lavoro condotto dal fornitore di servizi per il personale Robert Half attesta l'elevato turnover dei dipendenti nelle aziende.","breadcrumb":{"@id":"https:\/\/www.organisator.ch\/human-resources\/hrm\/2019-04-16\/hohe-mitarbeiterfluktuation-beunruhigt-schweizer-unternehmen\/#breadcrumb"},"inLanguage":"it-IT","potentialAction":[{"@type":"ReadAction","target":["https:\/\/www.organisator.ch\/human-resources\/hrm\/2019-04-16\/hohe-mitarbeiterfluktuation-beunruhigt-schweizer-unternehmen\/"]}]},{"@type":"ImageObject","inLanguage":"it-IT","@id":"https:\/\/www.organisator.ch\/human-resources\/hrm\/2019-04-16\/hohe-mitarbeiterfluktuation-beunruhigt-schweizer-unternehmen\/#primaryimage","url":"https:\/\/www.organisator.ch\/wp-content\/uploads\/2019\/04\/Hohe-Mitarbeiterfluktuation-beunruhigt-Schweizer-Unternehmen-2_Organisator.jpg","contentUrl":"https:\/\/www.organisator.ch\/wp-content\/uploads\/2019\/04\/Hohe-Mitarbeiterfluktuation-beunruhigt-Schweizer-Unternehmen-2_Organisator.jpg","width":680,"height":549,"caption":"In vielen Schweizer Unternehmen herrscht eine hohe Mitarbeiterfluktuation. (Bild: hudhummy \/ Pixabay.com)"},{"@type":"BreadcrumbList","@id":"https:\/\/www.organisator.ch\/human-resources\/hrm\/2019-04-16\/hohe-mitarbeiterfluktuation-beunruhigt-schweizer-unternehmen\/#breadcrumb","itemListElement":[{"@type":"ListItem","position":1,"name":"Home","item":"https:\/\/www.organisator.ch\/"},{"@type":"ListItem","position":2,"name":"Hohe Mitarbeiterfluktuation beunruhigt Schweizer Unternehmen"}]},{"@type":"WebSite","@id":"https:\/\/www.organisator.ch\/#website","url":"https:\/\/www.organisator.ch\/","name":"Organizzatore","description":"Competente. Pratico. In 10 numeri all'anno, ORGANISATOR presenta i temi essenziali per i manager delle PMI.","publisher":{"@id":"https:\/\/www.organisator.ch\/#organization"},"potentialAction":[{"@type":"SearchAction","target":{"@type":"EntryPoint","urlTemplate":"https:\/\/www.organisator.ch\/?s={search_term_string}"},"query-input":{"@type":"PropertyValueSpecification","valueRequired":true,"valueName":"search_term_string"}}],"inLanguage":"it-IT"},{"@type":"Organization","@id":"https:\/\/www.organisator.ch\/#organization","name":"Organizzatore","url":"https:\/\/www.organisator.ch\/","logo":{"@type":"ImageObject","inLanguage":"it-IT","@id":"https:\/\/www.organisator.ch\/#\/schema\/logo\/image\/","url":"https:\/\/www.organisator.ch\/wp-content\/uploads\/2022\/01\/Logo_Organisator_Website.png","contentUrl":"https:\/\/www.organisator.ch\/wp-content\/uploads\/2022\/01\/Logo_Organisator_Website.png","width":800,"height":77,"caption":"Organisator"},"image":{"@id":"https:\/\/www.organisator.ch\/#\/schema\/logo\/image\/"},"sameAs":["https:\/\/www.facebook.com\/OrganisatorFachmagazin","https:\/\/www.linkedin.com\/showcase\/organisator-das-magazin-fr-kmu","https:\/\/www.xing.com\/news\/pages\/organisator-ch-695","https:\/\/www.youtube.com\/channel\/UCGP2Sq0iWaZwT3BdIAQFYpw"]},{"@type":"Person","@id":"https:\/\/www.organisator.ch\/#\/schema\/person\/6f650f90b2842cd4c0cc334b4e36f67e","name":"Tommaso.berner","image":{"@type":"ImageObject","inLanguage":"it-IT","@id":"https:\/\/secure.gravatar.com\/avatar\/ac5001d2a36cb6c6cd3e50789007ffca834b477b74a2144564522e944eabff61?s=96&d=mm&r=g","url":"https:\/\/secure.gravatar.com\/avatar\/ac5001d2a36cb6c6cd3e50789007ffca834b477b74a2144564522e944eabff61?s=96&d=mm&r=g","contentUrl":"https:\/\/secure.gravatar.com\/avatar\/ac5001d2a36cb6c6cd3e50789007ffca834b477b74a2144564522e944eabff61?s=96&d=mm&r=g","caption":"thomas.berner"},"url":"https:\/\/www.organisator.ch\/it\/author\/thomas-berner\/"}]}},"_links":{"self":[{"href":"https:\/\/www.organisator.ch\/it\/wp-json\/wp\/v2\/posts\/5155","targetHints":{"allow":["GET"]}}],"collection":[{"href":"https:\/\/www.organisator.ch\/it\/wp-json\/wp\/v2\/posts"}],"about":[{"href":"https:\/\/www.organisator.ch\/it\/wp-json\/wp\/v2\/types\/post"}],"author":[{"embeddable":true,"href":"https:\/\/www.organisator.ch\/it\/wp-json\/wp\/v2\/users\/4"}],"replies":[{"embeddable":true,"href":"https:\/\/www.organisator.ch\/it\/wp-json\/wp\/v2\/comments?post=5155"}],"version-history":[{"count":0,"href":"https:\/\/www.organisator.ch\/it\/wp-json\/wp\/v2\/posts\/5155\/revisions"}],"wp:featuredmedia":[{"embeddable":true,"href":"https:\/\/www.organisator.ch\/it\/wp-json\/wp\/v2\/media\/5158"}],"wp:attachment":[{"href":"https:\/\/www.organisator.ch\/it\/wp-json\/wp\/v2\/media?parent=5155"}],"wp:term":[{"taxonomy":"category","embeddable":true,"href":"https:\/\/www.organisator.ch\/it\/wp-json\/wp\/v2\/categories?post=5155"},{"taxonomy":"post_tag","embeddable":true,"href":"https:\/\/www.organisator.ch\/it\/wp-json\/wp\/v2\/tags?post=5155"}],"curies":[{"name":"wp","href":"https:\/\/api.w.org\/{rel}","templated":true}]}}