{"id":5191,"date":"2019-04-30T07:55:19","date_gmt":"2019-04-30T05:55:19","guid":{"rendered":"https:\/\/www.organisator.ch\/?p=5191"},"modified":"2019-04-30T07:55:19","modified_gmt":"2019-04-30T05:55:19","slug":"100-jahr-jubilaeum-snv-das-jahrzehnt-1940-1950-in-dem-die-welt-nach-normen-schreit","status":"publish","type":"post","link":"https:\/\/www.organisator.ch\/it\/management\/2019-04-30\/100-jahr-jubilaeum-snv-das-jahrzehnt-1940-1950-in-dem-die-welt-nach-normen-schreit\/","title":{"rendered":"100 anni di anniversario SNV: il decennio 1940-1950 quando il mondo gridava per gli standard"},"content":{"rendered":"<p>La Seconda guerra mondiale interrompe parzialmente gli sforzi gi\u00e0 in atto per la definizione di standard internazionali. Dopo la fine della guerra, nell'ottobre 1946 fu fondata a Londra l'Organizzazione Internazionale per la Standardizzazione (ISO). \u00c8 nata dalla Federazione Internazionale delle Associazioni Nazionali di Standardizzazione (ISA), che esisteva dal 1926, e dal Comitato di Coordinamento delle Norme delle Nazioni Unite (UNSCC), che si era formato durante la guerra.<\/p>\n<h2><strong>Ottobre 1946: riunione di fondazione dell'ISO a Londra<\/strong><\/h2>\n<p>Alla conferenza di Londra partecipano 25 Paesi con oltre 60 delegati, a dimostrazione della grande importanza attribuita alla standardizzazione. A rappresentare la Svizzera ai negoziati di Londra ci sono Fritz Streiff, presidente della commissione per gli standard dell'Associazione svizzera dei costruttori di macchine, e Willy Kuert, responsabile dell'ufficio standard VSM e segretario dell'Associazione svizzera per gli standard. La conferenza si concentra sugli statuti e sui regolamenti attuativi dell'ISO.<\/p>\n<figure id=\"attachment_5192\" aria-describedby=\"caption-attachment-5192\" style=\"width: 680px\" class=\"wp-caption alignnone\"><img loading=\"lazy\" decoding=\"async\" class=\"size-medium wp-image-5192\" src=\"https:\/\/www.organisator.ch\/wp-content\/uploads\/2019\/04\/100-Jahr-Jubilaeum-SNV-Das-Jahrzehnt-1940-1950-in-dem-die-Welt-nach-Normen-schreit-1_Organisator.jpg\" alt=\"\" width=\"680\" height=\"347\" srcset=\"\" sizes=\"auto, (max-width: 680px) 100vw, 680px\" data-srcset=\"\" \/><figcaption id=\"caption-attachment-5192\" class=\"wp-caption-text\">Fondazione dell'ISO nel 1946: foto di gruppo. (Immagine: archivio ISO)<\/figcaption><\/figure>\n<h2><strong>Solo un'organizzazione per paese pu\u00f2 diventare membro<\/strong><\/h2>\n<p>L'ISO mira a facilitare il coordinamento e l'unificazione delle norme emesse dagli organismi nazionali di normazione e prevede uno scambio continuo di informazioni sul lavoro di normazione dei Paesi. L'adesione \u00e8 aperta a qualsiasi organismo di normazione nazionale, purch\u00e9 soddisfi le condizioni di ammissione e sia disposto ad accettare gli Statuti e i Regolamenti. Di ogni singolo Paese, deve diventare membro l'organizzazione che rappresenta nel modo pi\u00f9 completo gli organismi di normazione di quel Paese. Le lingue ufficiali dell'ISO adottate a Londra sono l'inglese, il francese e il russo. La sede dell'ISO sar\u00e0 Ginevra, dove l'ISO inizier\u00e0 le sue attivit\u00e0 nel febbraio 1947.<\/p>\n<p>La Conferenza di Londra designa Ginevra come sede dell'ISO. Viene istituito l'ufficio di Ginevra e l'ISO inizia le sue attivit\u00e0 il 23 febbraio 1947.<\/p>\n<figure id=\"attachment_5193\" aria-describedby=\"caption-attachment-5193\" style=\"width: 680px\" class=\"wp-caption alignnone\"><img loading=\"lazy\" decoding=\"async\" class=\"size-medium wp-image-5193\" src=\"https:\/\/www.organisator.ch\/wp-content\/uploads\/2019\/04\/100-Jahr-Jubilaeum-SNV-Das-Jahrzehnt-1940\u20131950-in-dem-die-Welt-nach-Normen-schreit-2_Organisator.jpg\" alt=\"\" width=\"680\" height=\"510\" srcset=\"https:\/\/www.organisator.ch\/wp-content\/uploads\/2019\/04\/100-Jahr-Jubilaeum-SNV-Das-Jahrzehnt-1940\u20131950-in-dem-die-Welt-nach-Normen-schreit-2_Organisator.jpg 680w, https:\/\/www.organisator.ch\/wp-content\/uploads\/2019\/04\/100-Jahr-Jubilaeum-SNV-Das-Jahrzehnt-1940\u20131950-in-dem-die-Welt-nach-Normen-schreit-2_Organisator-16x12.jpg 16w, https:\/\/www.organisator.ch\/wp-content\/uploads\/2019\/04\/100-Jahr-Jubilaeum-SNV-Das-Jahrzehnt-1940\u20131950-in-dem-die-Welt-nach-Normen-schreit-2_Organisator-233x175.jpg 233w, https:\/\/www.organisator.ch\/wp-content\/uploads\/2019\/04\/100-Jahr-Jubilaeum-SNV-Das-Jahrzehnt-1940\u20131950-in-dem-die-Welt-nach-Normen-schreit-2_Organisator-467x350.jpg 467w, https:\/\/www.organisator.ch\/wp-content\/uploads\/2019\/04\/100-Jahr-Jubilaeum-SNV-Das-Jahrzehnt-1940\u20131950-in-dem-die-Welt-nach-Normen-schreit-2_Organisator-300x225.jpg 300w\" sizes=\"auto, (max-width: 680px) 100vw, 680px\" \/><figcaption id=\"caption-attachment-5193\" class=\"wp-caption-text\">Ecco come si presentava l'ISO a Ginevra nei primi anni... (Immagine: archivio ISO)<\/figcaption><\/figure>\n<h2><strong>Organi dell'ISO<\/strong><\/h2>\n<p>La massima autorit\u00e0 dell'ISO \u00e8 il <strong>Assemblea generale<\/strong>che consiste nell'assemblea dei rappresentanti di tutti i membri. Di norma, si riunisce ogni tre anni. Per la prima <strong>Presidenti<\/strong> Howard Coonley, presidente del comitato esecutivo dell'American Standards Association, viene eletto presidente dell'ISO. L'organo esecutivo \u00e8 un <strong>Consiglio<\/strong>composto dal Presidente e da altri dieci membri, che insieme rappresentano undici diversi Paesi membri. Questo Consiglio \u00e8 dotato di ampi poteri ed \u00e8 responsabile della governance dell'ISO tra le Assemblee Generali. Per i primi cinque anni, Cina, Francia, Regno Unito, Unione Sovietica e Stati Uniti d'America hanno seggi permanenti nel Consiglio. I restanti sei seggi sono assegnati ad Australia, Belgio, Brasile, India, Norvegia e Svizzera. Il Consiglio elegge al suo interno un <strong>Vicepresidenti<\/strong> e un <strong>Traduttore<\/strong>. Gustave L. G\u00e9rard, Belgio, \u00e8 nominato Vicepresidente per il primo mandato e Fritz Streiff, Svizzera, \u00e8 nominato Tr\u00e9sorier. L'attivit\u00e0 dell'organizzazione deve essere condotta da una <strong>Segretario Generale<\/strong> guidato.<\/p>\n<h2><strong>La Svizzera riconosce il suo ruolo importante nell'ISO<\/strong><\/h2>\n<p>I rappresentanti svizzeri sono convinti che l'industria e le imprese svizzere possano trarre vantaggio dagli sforzi di standardizzazione internazionali e che la partecipazione attiva sia quindi di grande importanza.<\/p>\n<p>Cos\u00ec scriveva l'Associazione svizzera di normazione nel suo comunicato stampa dell'aprile 1947: \"L'organizzazione di normazione di un Paese che, come la Svizzera, dipende fortemente dalle esportazioni, deve cercare e mantenere i contatti con gli organismi di normazione stranieri con tutti i mezzi. Grazie alla nostra adesione all'ISO, abbiamo stabilito questi collegamenti indispensabili e potremo partecipare alla soluzione di compiti internazionali. Siamo particolarmente soddisfatti della designazione di Ginevra come sede della nuova organizzazione, dell'elezione al Consiglio dell'ISO e del trasferimento dell'ufficio del tr\u00e9sorier. Queste decisioni della Conferenza di Londra testimoniano la stima di cui gode il nostro Paese, e in particolare la standardizzazione svizzera, negli ambienti internazionali. Dovrebbero essere un incentivo per gli organismi di standardizzazione svizzeri a contribuire all'implementazione del lavoro ISO al meglio delle loro capacit\u00e0\".<\/p>\n<h2><strong>Collaborazione attiva con ISO da oltre 70 anni<\/strong><\/h2>\n<p>Decenni dopo la fondazione dell'ISO, la Svizzera \u00e8 ancora attivamente coinvolta nella standardizzazione internazionale e gode tuttora di uno status elevato all'interno dell'organizzazione. Il nostro Paese era ed \u00e8 spesso rappresentato nei comitati direttivi, ad esempio nel Consiglio ISO e nel Comitato direttivo tecnico. Attualmente la Svizzera \u00e8 rappresentata nei massimi organi con Urs Fischer nel Consiglio ISO e Marcel Knecht nel Comitato direttivo tecnico. Lo svizzero Nicolas Fleury \u00e8 Segretario generale aggiunto dal 2009 e l'attuale Tr\u00e9sorier \u00e8 anch'egli un privato svizzero.<\/p>\n<figure id=\"attachment_5194\" aria-describedby=\"caption-attachment-5194\" style=\"width: 420px\" class=\"wp-caption alignnone\"><img loading=\"lazy\" decoding=\"async\" class=\"size-full wp-image-5194\" src=\"https:\/\/www.organisator.ch\/wp-content\/uploads\/2019\/04\/100-Jahr-Jubilaeum-SNV-Das-Jahrzehnt-1940\u20131950-in-dem-die-Welt-nach-Normen-schreit-3_Organisator.jpg\" alt=\"\" width=\"420\" height=\"417\" srcset=\"https:\/\/www.organisator.ch\/wp-content\/uploads\/2019\/04\/100-Jahr-Jubilaeum-SNV-Das-Jahrzehnt-1940\u20131950-in-dem-die-Welt-nach-Normen-schreit-3_Organisator.jpg 420w, https:\/\/www.organisator.ch\/wp-content\/uploads\/2019\/04\/100-Jahr-Jubilaeum-SNV-Das-Jahrzehnt-1940\u20131950-in-dem-die-Welt-nach-Normen-schreit-3_Organisator-150x150.jpg 150w, https:\/\/www.organisator.ch\/wp-content\/uploads\/2019\/04\/100-Jahr-Jubilaeum-SNV-Das-Jahrzehnt-1940\u20131950-in-dem-die-Welt-nach-Normen-schreit-3_Organisator-12x12.jpg 12w, https:\/\/www.organisator.ch\/wp-content\/uploads\/2019\/04\/100-Jahr-Jubilaeum-SNV-Das-Jahrzehnt-1940\u20131950-in-dem-die-Welt-nach-Normen-schreit-3_Organisator-176x175.jpg 176w, https:\/\/www.organisator.ch\/wp-content\/uploads\/2019\/04\/100-Jahr-Jubilaeum-SNV-Das-Jahrzehnt-1940\u20131950-in-dem-die-Welt-nach-Normen-schreit-3_Organisator-353x350.jpg 353w, https:\/\/www.organisator.ch\/wp-content\/uploads\/2019\/04\/100-Jahr-Jubilaeum-SNV-Das-Jahrzehnt-1940\u20131950-in-dem-die-Welt-nach-Normen-schreit-3_Organisator-300x298.jpg 300w, https:\/\/www.organisator.ch\/wp-content\/uploads\/2019\/04\/100-Jahr-Jubilaeum-SNV-Das-Jahrzehnt-1940\u20131950-in-dem-die-Welt-nach-Normen-schreit-3_Organisator-100x100.jpg 100w\" sizes=\"auto, (max-width: 420px) 100vw, 420px\" \/><figcaption id=\"caption-attachment-5194\" class=\"wp-caption-text\">Urs Fischer, CEO di SNV, riflette sulla significativa collaborazione con ISO. (Immagine: SNV)<\/figcaption><\/figure>\n<h2><strong>Urs Fischer: \"Prova di fiducia<\/strong><\/h2>\n<p>\"La nostra stretta collaborazione e il fatto che l'ISO continui ad avere la sua sede e il suo segretariato centrale in Svizzera ci riempie di grande orgoglio e gioia. La consideriamo una prova speciale della fiducia dell'ISO e dei suoi membri e apprezziamo in modo eccezionale che il nostro know-how, la nostra affidabilit\u00e0 e la nostra collaborazione da quando esiste l'ISO siano indubbiamente riconosciuti. Il nostro centesimo anniversario ci offre un'occasione perfetta per ringraziare i nostri colleghi dell'ISO di Ginevra, ma anche tutti i membri, per la collaborazione estremamente piacevole e di successo.\"<\/p>\n<p><em>Fonti: Archivio <a href=\"http:\/\/www.snv.ch\">Associazione svizzera di normalizzazione (SNV)<\/a> e <a href=\"http:\/\/www.iso.org\">ISO<\/a><\/em><\/p>","protected":false},"excerpt":{"rendered":"<p>Der zweite Weltkrieg unterbricht teilweise die bereits bestehenden Bestrebungen nach internationalen Normen. Nach dessen Ende wird im Oktober 1946 in London die International Organization for Standardization (ISO) gegr\u00fcndet. Sie geht hervor aus der seit 1926 bestehenden International Federation of the National Standardizing Associations (ISA) sowie dem w\u00e4hrend des Krieges gebildeten United Nations Standards Coordinating Committee [&hellip;]<\/p>\n","protected":false},"author":4,"featured_media":5192,"comment_status":"open","ping_status":"open","sticky":false,"template":"","format":"standard","meta":{"_acf_changed":false,"_yoast_wpseo_focuskw":"Normen","_yoast_wpseo_metadesc":"1940 - 1950: Weltweit steigt das Bed\u00fcrfnis nach einheitlichen Normen mit dem Ziel, die Rationalisierung und die Industrialisierung voranzutreiben.","articlekey":"","footnotes":""},"categories":[28],"tags":[292,334,364,503,508],"class_list":["post-5191","post","type-post","status-publish","format-standard","has-post-thumbnail","hentry","category-management","tag-jubilaeum","tag-management","tag-normenstandards","tag-verbaende","tag-vermischtes"],"acf":[],"yoast_head":"<!-- This site is optimized with the Yoast SEO plugin v27.4 - https:\/\/yoast.com\/product\/yoast-seo-wordpress\/ -->\n<title>100-Jahr-Jubil\u00e4um SNV: Das Jahrzehnt 1940\u20131950, in dem die Welt nach Normen schreit - Organisator<\/title>\n<meta name=\"description\" content=\"1940 - 1950: Weltweit steigt das Bed\u00fcrfnis nach einheitlichen Normen mit dem Ziel, die Rationalisierung und die Industrialisierung voranzutreiben.\" \/>\n<meta name=\"robots\" content=\"index, follow, max-snippet:-1, max-image-preview:large, max-video-preview:-1\" \/>\n<link rel=\"canonical\" href=\"https:\/\/www.organisator.ch\/it\/gestione-2\/2019-04-30\/100-jahr-jubilaeum-snv-das-jahrzehnt-1940-1950-in-dem-die-welt-nach-normen-schreit\/\" \/>\n<meta property=\"og:locale\" content=\"it_IT\" \/>\n<meta property=\"og:type\" content=\"article\" \/>\n<meta property=\"og:title\" content=\"100-Jahr-Jubil\u00e4um SNV: Das Jahrzehnt 1940\u20131950, in dem die Welt nach Normen schreit\" \/>\n<meta property=\"og:description\" content=\"1940 - 1950: Weltweit steigt das Bed\u00fcrfnis nach einheitlichen Normen mit dem Ziel, die Rationalisierung und die Industrialisierung voranzutreiben.\" \/>\n<meta property=\"og:url\" content=\"https:\/\/www.organisator.ch\/it\/gestione-2\/2019-04-30\/100-jahr-jubilaeum-snv-das-jahrzehnt-1940-1950-in-dem-die-welt-nach-normen-schreit\/\" \/>\n<meta property=\"og:site_name\" content=\"Organisator\" \/>\n<meta property=\"article:publisher\" content=\"https:\/\/www.facebook.com\/OrganisatorFachmagazin\" \/>\n<meta property=\"article:published_time\" content=\"2019-04-30T05:55:19+00:00\" \/>\n<meta property=\"og:image\" content=\"https:\/\/www.organisator.ch\/wp-content\/uploads\/2019\/04\/100-Jahr-Jubilaeum-SNV-Das-Jahrzehnt-1940\u20131950-in-dem-die-Welt-nach-Normen-schreit-1_Organisator.jpg\" \/>\n\t<meta property=\"og:image:width\" content=\"680\" \/>\n\t<meta property=\"og:image:height\" content=\"347\" \/>\n\t<meta property=\"og:image:type\" content=\"image\/jpeg\" \/>\n<meta name=\"author\" content=\"thomas.berner\" \/>\n<meta name=\"twitter:card\" content=\"summary_large_image\" \/>\n<meta name=\"twitter:title\" content=\"100-Jahr-Jubil\u00e4um #SNV: Das Jahrzehnt 1940\u20131950, in dem die Welt nach #Normen schreit\" \/>\n<meta name=\"twitter:description\" content=\"1940 - 1950: Weltweit steigt das Bed\u00fcrfnis nach einheitlichen #Normen mit dem Ziel, die Rationalisierung und die Industrialisierung voranzutreiben.\" \/>\n<meta name=\"twitter:image\" content=\"https:\/\/www.organisator.ch\/wp-content\/uploads\/2019\/04\/100-Jahr-Jubil\u00e4um-SNV-Das-Jahrzehnt-1940\u20131950-in-dem-die-Welt-nach-Normen-schreit-1_Organisator.jpg\" \/>\n<script type=\"application\/ld+json\" class=\"yoast-schema-graph\">{\"@context\":\"https:\\\/\\\/schema.org\",\"@graph\":[{\"@type\":\"Article\",\"@id\":\"https:\\\/\\\/www.organisator.ch\\\/management\\\/2019-04-30\\\/100-jahr-jubilaeum-snv-das-jahrzehnt-1940-1950-in-dem-die-welt-nach-normen-schreit\\\/#article\",\"isPartOf\":{\"@id\":\"https:\\\/\\\/www.organisator.ch\\\/management\\\/2019-04-30\\\/100-jahr-jubilaeum-snv-das-jahrzehnt-1940-1950-in-dem-die-welt-nach-normen-schreit\\\/\"},\"author\":{\"name\":\"thomas.berner\",\"@id\":\"https:\\\/\\\/www.organisator.ch\\\/#\\\/schema\\\/person\\\/6f650f90b2842cd4c0cc334b4e36f67e\"},\"headline\":\"100-Jahr-Jubil\u00e4um SNV: Das Jahrzehnt 1940\u20131950, in dem die Welt nach Normen schreit\",\"datePublished\":\"2019-04-30T05:55:19+00:00\",\"mainEntityOfPage\":{\"@id\":\"https:\\\/\\\/www.organisator.ch\\\/management\\\/2019-04-30\\\/100-jahr-jubilaeum-snv-das-jahrzehnt-1940-1950-in-dem-die-welt-nach-normen-schreit\\\/\"},\"wordCount\":890,\"commentCount\":0,\"publisher\":{\"@id\":\"https:\\\/\\\/www.organisator.ch\\\/#organization\"},\"image\":{\"@id\":\"https:\\\/\\\/www.organisator.ch\\\/management\\\/2019-04-30\\\/100-jahr-jubilaeum-snv-das-jahrzehnt-1940-1950-in-dem-die-welt-nach-normen-schreit\\\/#primaryimage\"},\"thumbnailUrl\":\"https:\\\/\\\/www.organisator.ch\\\/wp-content\\\/uploads\\\/2019\\\/04\\\/100-Jahr-Jubilaeum-SNV-Das-Jahrzehnt-1940\u20131950-in-dem-die-Welt-nach-Normen-schreit-1_Organisator.jpg\",\"keywords\":[\"Jubil\u00e4um\",\"Management\",\"Normen\\\/Standards\",\"Verb\u00e4nde\",\"Vermischtes\"],\"articleSection\":[\"MANAGEMENT\"],\"inLanguage\":\"it-IT\"},{\"@type\":\"WebPage\",\"@id\":\"https:\\\/\\\/www.organisator.ch\\\/management\\\/2019-04-30\\\/100-jahr-jubilaeum-snv-das-jahrzehnt-1940-1950-in-dem-die-welt-nach-normen-schreit\\\/\",\"url\":\"https:\\\/\\\/www.organisator.ch\\\/management\\\/2019-04-30\\\/100-jahr-jubilaeum-snv-das-jahrzehnt-1940-1950-in-dem-die-welt-nach-normen-schreit\\\/\",\"name\":\"100-Jahr-Jubil\u00e4um SNV: Das Jahrzehnt 1940\u20131950, in dem die Welt nach Normen schreit - Organisator\",\"isPartOf\":{\"@id\":\"https:\\\/\\\/www.organisator.ch\\\/#website\"},\"primaryImageOfPage\":{\"@id\":\"https:\\\/\\\/www.organisator.ch\\\/management\\\/2019-04-30\\\/100-jahr-jubilaeum-snv-das-jahrzehnt-1940-1950-in-dem-die-welt-nach-normen-schreit\\\/#primaryimage\"},\"image\":{\"@id\":\"https:\\\/\\\/www.organisator.ch\\\/management\\\/2019-04-30\\\/100-jahr-jubilaeum-snv-das-jahrzehnt-1940-1950-in-dem-die-welt-nach-normen-schreit\\\/#primaryimage\"},\"thumbnailUrl\":\"https:\\\/\\\/www.organisator.ch\\\/wp-content\\\/uploads\\\/2019\\\/04\\\/100-Jahr-Jubilaeum-SNV-Das-Jahrzehnt-1940\u20131950-in-dem-die-Welt-nach-Normen-schreit-1_Organisator.jpg\",\"datePublished\":\"2019-04-30T05:55:19+00:00\",\"description\":\"1940 - 1950: Weltweit steigt das Bed\u00fcrfnis nach einheitlichen Normen mit dem Ziel, die Rationalisierung und die Industrialisierung voranzutreiben.\",\"breadcrumb\":{\"@id\":\"https:\\\/\\\/www.organisator.ch\\\/management\\\/2019-04-30\\\/100-jahr-jubilaeum-snv-das-jahrzehnt-1940-1950-in-dem-die-welt-nach-normen-schreit\\\/#breadcrumb\"},\"inLanguage\":\"it-IT\",\"potentialAction\":[{\"@type\":\"ReadAction\",\"target\":[\"https:\\\/\\\/www.organisator.ch\\\/management\\\/2019-04-30\\\/100-jahr-jubilaeum-snv-das-jahrzehnt-1940-1950-in-dem-die-welt-nach-normen-schreit\\\/\"]}]},{\"@type\":\"ImageObject\",\"inLanguage\":\"it-IT\",\"@id\":\"https:\\\/\\\/www.organisator.ch\\\/management\\\/2019-04-30\\\/100-jahr-jubilaeum-snv-das-jahrzehnt-1940-1950-in-dem-die-welt-nach-normen-schreit\\\/#primaryimage\",\"url\":\"https:\\\/\\\/www.organisator.ch\\\/wp-content\\\/uploads\\\/2019\\\/04\\\/100-Jahr-Jubilaeum-SNV-Das-Jahrzehnt-1940\u20131950-in-dem-die-Welt-nach-Normen-schreit-1_Organisator.jpg\",\"contentUrl\":\"https:\\\/\\\/www.organisator.ch\\\/wp-content\\\/uploads\\\/2019\\\/04\\\/100-Jahr-Jubilaeum-SNV-Das-Jahrzehnt-1940\u20131950-in-dem-die-Welt-nach-Normen-schreit-1_Organisator.jpg\",\"width\":680,\"height\":347,\"caption\":\"Gr\u00fcndung der ISO im Jahr 1946: Gruppenbild. (Bild:\"},{\"@type\":\"BreadcrumbList\",\"@id\":\"https:\\\/\\\/www.organisator.ch\\\/management\\\/2019-04-30\\\/100-jahr-jubilaeum-snv-das-jahrzehnt-1940-1950-in-dem-die-welt-nach-normen-schreit\\\/#breadcrumb\",\"itemListElement\":[{\"@type\":\"ListItem\",\"position\":1,\"name\":\"Home\",\"item\":\"https:\\\/\\\/www.organisator.ch\\\/\"},{\"@type\":\"ListItem\",\"position\":2,\"name\":\"100-Jahr-Jubil\u00e4um SNV: Das Jahrzehnt 1940\u20131950, in dem die Welt nach Normen schreit\"}]},{\"@type\":\"WebSite\",\"@id\":\"https:\\\/\\\/www.organisator.ch\\\/#website\",\"url\":\"https:\\\/\\\/www.organisator.ch\\\/\",\"name\":\"Organisator\",\"description\":\"Kompetent. Praxisnah. Der ORGANISATOR bereitet in 10 Ausgaben pro Jahr die wesentlichen Themen f\u00fcr F\u00fchrungskr\u00e4fte von KMU auf.\",\"publisher\":{\"@id\":\"https:\\\/\\\/www.organisator.ch\\\/#organization\"},\"potentialAction\":[{\"@type\":\"SearchAction\",\"target\":{\"@type\":\"EntryPoint\",\"urlTemplate\":\"https:\\\/\\\/www.organisator.ch\\\/?s={search_term_string}\"},\"query-input\":{\"@type\":\"PropertyValueSpecification\",\"valueRequired\":true,\"valueName\":\"search_term_string\"}}],\"inLanguage\":\"it-IT\"},{\"@type\":\"Organization\",\"@id\":\"https:\\\/\\\/www.organisator.ch\\\/#organization\",\"name\":\"Organisator\",\"url\":\"https:\\\/\\\/www.organisator.ch\\\/\",\"logo\":{\"@type\":\"ImageObject\",\"inLanguage\":\"it-IT\",\"@id\":\"https:\\\/\\\/www.organisator.ch\\\/#\\\/schema\\\/logo\\\/image\\\/\",\"url\":\"https:\\\/\\\/www.organisator.ch\\\/wp-content\\\/uploads\\\/2022\\\/01\\\/Logo_Organisator_Website.png\",\"contentUrl\":\"https:\\\/\\\/www.organisator.ch\\\/wp-content\\\/uploads\\\/2022\\\/01\\\/Logo_Organisator_Website.png\",\"width\":800,\"height\":77,\"caption\":\"Organisator\"},\"image\":{\"@id\":\"https:\\\/\\\/www.organisator.ch\\\/#\\\/schema\\\/logo\\\/image\\\/\"},\"sameAs\":[\"https:\\\/\\\/www.facebook.com\\\/OrganisatorFachmagazin\",\"https:\\\/\\\/www.linkedin.com\\\/showcase\\\/organisator-das-magazin-fr-kmu\",\"https:\\\/\\\/www.xing.com\\\/news\\\/pages\\\/organisator-ch-695\",\"https:\\\/\\\/www.youtube.com\\\/channel\\\/UCGP2Sq0iWaZwT3BdIAQFYpw\"]},{\"@type\":\"Person\",\"@id\":\"https:\\\/\\\/www.organisator.ch\\\/#\\\/schema\\\/person\\\/6f650f90b2842cd4c0cc334b4e36f67e\",\"name\":\"thomas.berner\",\"image\":{\"@type\":\"ImageObject\",\"inLanguage\":\"it-IT\",\"@id\":\"https:\\\/\\\/secure.gravatar.com\\\/avatar\\\/ac5001d2a36cb6c6cd3e50789007ffca834b477b74a2144564522e944eabff61?s=96&d=mm&r=g\",\"url\":\"https:\\\/\\\/secure.gravatar.com\\\/avatar\\\/ac5001d2a36cb6c6cd3e50789007ffca834b477b74a2144564522e944eabff61?s=96&d=mm&r=g\",\"contentUrl\":\"https:\\\/\\\/secure.gravatar.com\\\/avatar\\\/ac5001d2a36cb6c6cd3e50789007ffca834b477b74a2144564522e944eabff61?s=96&d=mm&r=g\",\"caption\":\"thomas.berner\"},\"url\":\"https:\\\/\\\/www.organisator.ch\\\/it\\\/author\\\/thomas-berner\\\/\"}]}<\/script>\n<!-- \/ Yoast SEO plugin. -->","yoast_head_json":{"title":"100\u00b0 anniversario SNV: il decennio 1940-1950, quando il mondo gridava per gli standard - Organizzatore","description":"1940 - 1950: la necessit\u00e0 di standard uniformi aumenta in tutto il mondo con l'obiettivo di promuovere la razionalizzazione e l'industrializzazione.","robots":{"index":"index","follow":"follow","max-snippet":"max-snippet:-1","max-image-preview":"max-image-preview:large","max-video-preview":"max-video-preview:-1"},"canonical":"https:\/\/www.organisator.ch\/it\/gestione-2\/2019-04-30\/100-jahr-jubilaeum-snv-das-jahrzehnt-1940-1950-in-dem-die-welt-nach-normen-schreit\/","og_locale":"it_IT","og_type":"article","og_title":"100-Jahr-Jubil\u00e4um SNV: Das Jahrzehnt 1940\u20131950, in dem die Welt nach Normen schreit","og_description":"1940 - 1950: Weltweit steigt das Bed\u00fcrfnis nach einheitlichen Normen mit dem Ziel, die Rationalisierung und die Industrialisierung voranzutreiben.","og_url":"https:\/\/www.organisator.ch\/it\/gestione-2\/2019-04-30\/100-jahr-jubilaeum-snv-das-jahrzehnt-1940-1950-in-dem-die-welt-nach-normen-schreit\/","og_site_name":"Organisator","article_publisher":"https:\/\/www.facebook.com\/OrganisatorFachmagazin","article_published_time":"2019-04-30T05:55:19+00:00","og_image":[{"width":680,"height":347,"url":"https:\/\/www.organisator.ch\/wp-content\/uploads\/2019\/04\/100-Jahr-Jubilaeum-SNV-Das-Jahrzehnt-1940\u20131950-in-dem-die-Welt-nach-Normen-schreit-1_Organisator.jpg","type":"image\/jpeg"}],"author":"thomas.berner","twitter_card":"summary_large_image","twitter_title":"100-Jahr-Jubil\u00e4um #SNV: Das Jahrzehnt 1940\u20131950, in dem die Welt nach #Normen schreit","twitter_description":"1940 - 1950: Weltweit steigt das Bed\u00fcrfnis nach einheitlichen #Normen mit dem Ziel, die Rationalisierung und die Industrialisierung voranzutreiben.","twitter_image":"https:\/\/www.organisator.ch\/wp-content\/uploads\/2019\/04\/100-Jahr-Jubil\u00e4um-SNV-Das-Jahrzehnt-1940\u20131950-in-dem-die-Welt-nach-Normen-schreit-1_Organisator.jpg","schema":{"@context":"https:\/\/schema.org","@graph":[{"@type":"Article","@id":"https:\/\/www.organisator.ch\/management\/2019-04-30\/100-jahr-jubilaeum-snv-das-jahrzehnt-1940-1950-in-dem-die-welt-nach-normen-schreit\/#article","isPartOf":{"@id":"https:\/\/www.organisator.ch\/management\/2019-04-30\/100-jahr-jubilaeum-snv-das-jahrzehnt-1940-1950-in-dem-die-welt-nach-normen-schreit\/"},"author":{"name":"thomas.berner","@id":"https:\/\/www.organisator.ch\/#\/schema\/person\/6f650f90b2842cd4c0cc334b4e36f67e"},"headline":"100-Jahr-Jubil\u00e4um SNV: Das Jahrzehnt 1940\u20131950, in dem die Welt nach Normen schreit","datePublished":"2019-04-30T05:55:19+00:00","mainEntityOfPage":{"@id":"https:\/\/www.organisator.ch\/management\/2019-04-30\/100-jahr-jubilaeum-snv-das-jahrzehnt-1940-1950-in-dem-die-welt-nach-normen-schreit\/"},"wordCount":890,"commentCount":0,"publisher":{"@id":"https:\/\/www.organisator.ch\/#organization"},"image":{"@id":"https:\/\/www.organisator.ch\/management\/2019-04-30\/100-jahr-jubilaeum-snv-das-jahrzehnt-1940-1950-in-dem-die-welt-nach-normen-schreit\/#primaryimage"},"thumbnailUrl":"https:\/\/www.organisator.ch\/wp-content\/uploads\/2019\/04\/100-Jahr-Jubilaeum-SNV-Das-Jahrzehnt-1940\u20131950-in-dem-die-Welt-nach-Normen-schreit-1_Organisator.jpg","keywords":["Jubil\u00e4um","Management","Normen\/Standards","Verb\u00e4nde","Vermischtes"],"articleSection":["MANAGEMENT"],"inLanguage":"it-IT"},{"@type":"WebPage","@id":"https:\/\/www.organisator.ch\/management\/2019-04-30\/100-jahr-jubilaeum-snv-das-jahrzehnt-1940-1950-in-dem-die-welt-nach-normen-schreit\/","url":"https:\/\/www.organisator.ch\/management\/2019-04-30\/100-jahr-jubilaeum-snv-das-jahrzehnt-1940-1950-in-dem-die-welt-nach-normen-schreit\/","name":"100\u00b0 anniversario SNV: il decennio 1940-1950, quando il mondo gridava per gli standard - Organizzatore","isPartOf":{"@id":"https:\/\/www.organisator.ch\/#website"},"primaryImageOfPage":{"@id":"https:\/\/www.organisator.ch\/management\/2019-04-30\/100-jahr-jubilaeum-snv-das-jahrzehnt-1940-1950-in-dem-die-welt-nach-normen-schreit\/#primaryimage"},"image":{"@id":"https:\/\/www.organisator.ch\/management\/2019-04-30\/100-jahr-jubilaeum-snv-das-jahrzehnt-1940-1950-in-dem-die-welt-nach-normen-schreit\/#primaryimage"},"thumbnailUrl":"https:\/\/www.organisator.ch\/wp-content\/uploads\/2019\/04\/100-Jahr-Jubilaeum-SNV-Das-Jahrzehnt-1940\u20131950-in-dem-die-Welt-nach-Normen-schreit-1_Organisator.jpg","datePublished":"2019-04-30T05:55:19+00:00","description":"1940 - 1950: la necessit\u00e0 di standard uniformi aumenta in tutto il mondo con l'obiettivo di promuovere la razionalizzazione e l'industrializzazione.","breadcrumb":{"@id":"https:\/\/www.organisator.ch\/management\/2019-04-30\/100-jahr-jubilaeum-snv-das-jahrzehnt-1940-1950-in-dem-die-welt-nach-normen-schreit\/#breadcrumb"},"inLanguage":"it-IT","potentialAction":[{"@type":"ReadAction","target":["https:\/\/www.organisator.ch\/management\/2019-04-30\/100-jahr-jubilaeum-snv-das-jahrzehnt-1940-1950-in-dem-die-welt-nach-normen-schreit\/"]}]},{"@type":"ImageObject","inLanguage":"it-IT","@id":"https:\/\/www.organisator.ch\/management\/2019-04-30\/100-jahr-jubilaeum-snv-das-jahrzehnt-1940-1950-in-dem-die-welt-nach-normen-schreit\/#primaryimage","url":"https:\/\/www.organisator.ch\/wp-content\/uploads\/2019\/04\/100-Jahr-Jubilaeum-SNV-Das-Jahrzehnt-1940\u20131950-in-dem-die-Welt-nach-Normen-schreit-1_Organisator.jpg","contentUrl":"https:\/\/www.organisator.ch\/wp-content\/uploads\/2019\/04\/100-Jahr-Jubilaeum-SNV-Das-Jahrzehnt-1940\u20131950-in-dem-die-Welt-nach-Normen-schreit-1_Organisator.jpg","width":680,"height":347,"caption":"Gr\u00fcndung der ISO im Jahr 1946: Gruppenbild. (Bild:"},{"@type":"BreadcrumbList","@id":"https:\/\/www.organisator.ch\/management\/2019-04-30\/100-jahr-jubilaeum-snv-das-jahrzehnt-1940-1950-in-dem-die-welt-nach-normen-schreit\/#breadcrumb","itemListElement":[{"@type":"ListItem","position":1,"name":"Home","item":"https:\/\/www.organisator.ch\/"},{"@type":"ListItem","position":2,"name":"100-Jahr-Jubil\u00e4um SNV: Das Jahrzehnt 1940\u20131950, in dem die Welt nach Normen schreit"}]},{"@type":"WebSite","@id":"https:\/\/www.organisator.ch\/#website","url":"https:\/\/www.organisator.ch\/","name":"Organizzatore","description":"Competente. Pratico. In 10 numeri all'anno, ORGANISATOR presenta i temi essenziali per i manager delle PMI.","publisher":{"@id":"https:\/\/www.organisator.ch\/#organization"},"potentialAction":[{"@type":"SearchAction","target":{"@type":"EntryPoint","urlTemplate":"https:\/\/www.organisator.ch\/?s={search_term_string}"},"query-input":{"@type":"PropertyValueSpecification","valueRequired":true,"valueName":"search_term_string"}}],"inLanguage":"it-IT"},{"@type":"Organization","@id":"https:\/\/www.organisator.ch\/#organization","name":"Organizzatore","url":"https:\/\/www.organisator.ch\/","logo":{"@type":"ImageObject","inLanguage":"it-IT","@id":"https:\/\/www.organisator.ch\/#\/schema\/logo\/image\/","url":"https:\/\/www.organisator.ch\/wp-content\/uploads\/2022\/01\/Logo_Organisator_Website.png","contentUrl":"https:\/\/www.organisator.ch\/wp-content\/uploads\/2022\/01\/Logo_Organisator_Website.png","width":800,"height":77,"caption":"Organisator"},"image":{"@id":"https:\/\/www.organisator.ch\/#\/schema\/logo\/image\/"},"sameAs":["https:\/\/www.facebook.com\/OrganisatorFachmagazin","https:\/\/www.linkedin.com\/showcase\/organisator-das-magazin-fr-kmu","https:\/\/www.xing.com\/news\/pages\/organisator-ch-695","https:\/\/www.youtube.com\/channel\/UCGP2Sq0iWaZwT3BdIAQFYpw"]},{"@type":"Person","@id":"https:\/\/www.organisator.ch\/#\/schema\/person\/6f650f90b2842cd4c0cc334b4e36f67e","name":"Tommaso.berner","image":{"@type":"ImageObject","inLanguage":"it-IT","@id":"https:\/\/secure.gravatar.com\/avatar\/ac5001d2a36cb6c6cd3e50789007ffca834b477b74a2144564522e944eabff61?s=96&d=mm&r=g","url":"https:\/\/secure.gravatar.com\/avatar\/ac5001d2a36cb6c6cd3e50789007ffca834b477b74a2144564522e944eabff61?s=96&d=mm&r=g","contentUrl":"https:\/\/secure.gravatar.com\/avatar\/ac5001d2a36cb6c6cd3e50789007ffca834b477b74a2144564522e944eabff61?s=96&d=mm&r=g","caption":"thomas.berner"},"url":"https:\/\/www.organisator.ch\/it\/author\/thomas-berner\/"}]}},"_links":{"self":[{"href":"https:\/\/www.organisator.ch\/it\/wp-json\/wp\/v2\/posts\/5191","targetHints":{"allow":["GET"]}}],"collection":[{"href":"https:\/\/www.organisator.ch\/it\/wp-json\/wp\/v2\/posts"}],"about":[{"href":"https:\/\/www.organisator.ch\/it\/wp-json\/wp\/v2\/types\/post"}],"author":[{"embeddable":true,"href":"https:\/\/www.organisator.ch\/it\/wp-json\/wp\/v2\/users\/4"}],"replies":[{"embeddable":true,"href":"https:\/\/www.organisator.ch\/it\/wp-json\/wp\/v2\/comments?post=5191"}],"version-history":[{"count":0,"href":"https:\/\/www.organisator.ch\/it\/wp-json\/wp\/v2\/posts\/5191\/revisions"}],"wp:featuredmedia":[{"embeddable":true,"href":"https:\/\/www.organisator.ch\/it\/wp-json\/wp\/v2\/media\/5192"}],"wp:attachment":[{"href":"https:\/\/www.organisator.ch\/it\/wp-json\/wp\/v2\/media?parent=5191"}],"wp:term":[{"taxonomy":"category","embeddable":true,"href":"https:\/\/www.organisator.ch\/it\/wp-json\/wp\/v2\/categories?post=5191"},{"taxonomy":"post_tag","embeddable":true,"href":"https:\/\/www.organisator.ch\/it\/wp-json\/wp\/v2\/tags?post=5191"}],"curies":[{"name":"wp","href":"https:\/\/api.w.org\/{rel}","templated":true}]}}