{"id":520,"date":"2016-09-20T16:13:21","date_gmt":"2016-09-20T14:13:21","guid":{"rendered":"https:\/\/dev.umweltperspektiven.ch\/?p=520"},"modified":"2022-02-09T11:06:57","modified_gmt":"2022-02-09T10:06:57","slug":"stiftung-klik-gibt-einblick-in-ihre-aktivitaeten","status":"publish","type":"post","link":"https:\/\/www.organisator.ch\/it\/sustainability\/2016-09-20\/stiftung-klik-gibt-einblick-in-ihre-aktivitaeten\/","title":{"rendered":"La Fondazione KliK fornisce informazioni sulle sue attivit\u00e0"},"content":{"rendered":"<figure id=\"attachment_521\" aria-describedby=\"caption-attachment-521\" style=\"width: 680px\" class=\"wp-caption alignnone\"><a href=\"\/\/dev.umweltperspektiven.ch\/wp-content\/uploads\/2016\/12\/Stiftung-KliK-gibt-Einblick-in-ihre-Aktivit\u00e4ten-umweltperspektiven.jpg\"><img loading=\"lazy\" decoding=\"async\" class=\"wp-image-521 size-medium\" src=\"\/\/www.umweltperspektiven.ch\/wp-content\/uploads\/2016\/12\/Stiftung-KliK-gibt-Einblick-in-ihre-Aktivit\u00e4ten-umweltperspektiven.jpg\" alt=\"La Fondazione KliK mostra il suo contributo alla protezione del clima con una mostra interattiva.\" width=\"680\" height=\"453\" \/><\/a><figcaption id=\"caption-attachment-521\" class=\"wp-caption-text\">La Fondazione KliK mostra il suo contributo alla protezione del clima con una mostra interattiva.<\/figcaption><\/figure>\n<p>Per conto delle compagnie di oli minerali, la Fondazione KliK adempie al loro obbligo legale di compensare una media di 5% delle emissioni di CO\u2082 generate dall'uso di benzina e diesel dal 2013 al 2020. Per raggiungere questo obiettivo, 6,5 milioni di tonnellate di CO\u2082 devono essere risparmiate attraverso progetti di protezione del clima riconosciuti dal governo federale. La Fondazione KliK raggiunge questo obiettivo promuovendo progetti e programmi innovativi nei settori dei trasporti, dell'ambiente, dell'edilizia e dell'agricoltura. Oltre al CO2, si riducono anche le emissioni di metano, protossido d'azoto e gas industriali ad alto impatto climatico.<\/p>\n<p><strong>Programmi di sostegno nel campo dei trasporti, edifici, agricoltura, imprese<\/strong><\/p>\n<p>Nell'Umwelt Arena, la Fondazione KliK mostra esempi concreti delle sue attivit\u00e0, i suoi progetti realizzati con successo in attraenti cortometraggi e brevi ritratti. I visitatori ricevono una panoramica delle offerte di KliK e del suo contributo alla protezione del clima in Svizzera.<\/p>\n<p>Il settore pubblico cos\u00ec come le aziende e i privati beneficiano delle diverse attivit\u00e0 di finanziamento. Ad esempio, grazie alle interessanti sovvenzioni della Fondazione KliK, numerose reti di teleriscaldamento vengono costruite con fonti di energia sostenibili, tendoni e cantieri vengono riscaldati con dispositivi mobili a pellet sostenibili e i privati possono acquistare a prezzi ridotti sistemi di riscaldamento intelligenti e soffioni e rubinetti per l'acqua calda.<\/p>\n<p>Orari di apertura:  Mostra: gioved\u00ec\/venerd\u00ec 10-18; sabato\/domenica 10-17. Eventi\/visite guidate: Da marted\u00ec a domenica su appuntamento. Per gli orari e le date di apertura attuali del corso indoor\/outdoor, vedere\u00a0 <a href=\"http:\/\/www.umweltarena.ch\/\" data-cke-saved-href=\"\/\/www.umweltarena.ch\/\">www.umweltarena.ch<\/a><\/p>\n<p><em>Fonte: Umwelt Arena \/ KliK<\/em><\/p>","protected":false},"excerpt":{"rendered":"<p>Die Stiftung KliK erf\u00fcllt im Auftrag der Mineral\u00f6lgesellschaften deren gesetzliche Pflicht, von 2013 bis 2020 durchschnittlich 5% der bei der Nutzung von Benzin und Diesel entstehenden CO\u2082-Emissionen zu kompensieren. Dazu m\u00fcssen 6.5 Mio. Tonnen CO\u2082 durch vom Bund anerkannte Klimaschutzprojekte eingespart werden. Dieses Ziel erreicht die Stiftung KliK durch die F\u00f6rderung von innovativen Projekten und [&hellip;]<\/p>\n","protected":false},"author":1,"featured_media":9418,"comment_status":"open","ping_status":"open","sticky":false,"template":"","format":"standard","meta":{"_acf_changed":false,"_yoast_wpseo_focuskw":"Stiftung KliK","_yoast_wpseo_metadesc":"Die Stiftung KliK stellt in der Umwelt Arena Spreitenbach mittels einer interaktiven Schauwand ihre Aktivit\u00e4ten rund um den Schweizer Klimaschutz vor.","articlekey":"","footnotes":""},"categories":[580],"tags":[928,1502,300,2352],"class_list":["post-520","post","type-post","status-publish","format-standard","has-post-thumbnail","hentry","category-sustainability","tag-co2","tag-klik","tag-klimaschutz","tag-umwelt-arena"],"acf":[],"yoast_head":"<!-- This site is optimized with the Yoast SEO plugin v27.5 - https:\/\/yoast.com\/product\/yoast-seo-wordpress\/ -->\n<title>Stiftung KliK gibt Einblick in ihre Aktivit\u00e4ten - Organisator<\/title>\n<meta name=\"description\" content=\"Die Stiftung KliK stellt in der Umwelt Arena Spreitenbach mittels einer interaktiven Schauwand ihre Aktivit\u00e4ten rund um den Schweizer Klimaschutz vor.\" \/>\n<meta name=\"robots\" content=\"index, follow, max-snippet:-1, max-image-preview:large, max-video-preview:-1\" \/>\n<link rel=\"canonical\" href=\"https:\/\/www.organisator.ch\/it\/sostenibilita\/2016-09-20\/stiftung-klik-gibt-einblick-in-ihre-aktivitaeten\/\" \/>\n<meta property=\"og:locale\" content=\"it_IT\" \/>\n<meta property=\"og:type\" content=\"article\" \/>\n<meta property=\"og:title\" content=\"Stiftung KliK gibt Einblick in ihre Aktivit\u00e4ten - Organisator\" \/>\n<meta property=\"og:description\" content=\"Die Stiftung KliK stellt in der Umwelt Arena Spreitenbach mittels einer interaktiven Schauwand ihre Aktivit\u00e4ten rund um den Schweizer Klimaschutz vor.\" \/>\n<meta property=\"og:url\" content=\"https:\/\/www.organisator.ch\/it\/sostenibilita\/2016-09-20\/stiftung-klik-gibt-einblick-in-ihre-aktivitaeten\/\" \/>\n<meta property=\"og:site_name\" content=\"Organisator\" \/>\n<meta property=\"article:publisher\" content=\"https:\/\/www.facebook.com\/OrganisatorFachmagazin\" \/>\n<meta property=\"article:published_time\" content=\"2016-09-20T14:13:21+00:00\" \/>\n<meta property=\"article:modified_time\" content=\"2022-02-09T10:06:57+00:00\" \/>\n<meta property=\"og:image\" content=\"https:\/\/www.organisator.ch\/wp-content\/uploads\/2016\/12\/Stiftung-KliK-gibt-Einblick-in-ihre-Aktivitaeten-umweltperspektiven.jpg\" \/>\n\t<meta property=\"og:image:width\" content=\"1280\" \/>\n\t<meta property=\"og:image:height\" content=\"853\" \/>\n\t<meta property=\"og:image:type\" content=\"image\/jpeg\" \/>\n<meta name=\"author\" content=\"admin\" \/>\n<meta name=\"twitter:card\" content=\"summary_large_image\" \/>\n<script type=\"application\/ld+json\" class=\"yoast-schema-graph\">{\"@context\":\"https:\\\/\\\/schema.org\",\"@graph\":[{\"@type\":\"Article\",\"@id\":\"https:\\\/\\\/www.organisator.ch\\\/sustainability\\\/2016-09-20\\\/stiftung-klik-gibt-einblick-in-ihre-aktivitaeten\\\/#article\",\"isPartOf\":{\"@id\":\"https:\\\/\\\/www.organisator.ch\\\/sustainability\\\/2016-09-20\\\/stiftung-klik-gibt-einblick-in-ihre-aktivitaeten\\\/\"},\"author\":{\"name\":\"admin\",\"@id\":\"https:\\\/\\\/www.organisator.ch\\\/#\\\/schema\\\/person\\\/aa2bace6c5c5aad60102004a50c4eb1c\"},\"headline\":\"Stiftung KliK gibt Einblick in ihre Aktivit\u00e4ten\",\"datePublished\":\"2016-09-20T14:13:21+00:00\",\"dateModified\":\"2022-02-09T10:06:57+00:00\",\"mainEntityOfPage\":{\"@id\":\"https:\\\/\\\/www.organisator.ch\\\/sustainability\\\/2016-09-20\\\/stiftung-klik-gibt-einblick-in-ihre-aktivitaeten\\\/\"},\"wordCount\":251,\"commentCount\":0,\"publisher\":{\"@id\":\"https:\\\/\\\/www.organisator.ch\\\/#organization\"},\"image\":{\"@id\":\"https:\\\/\\\/www.organisator.ch\\\/sustainability\\\/2016-09-20\\\/stiftung-klik-gibt-einblick-in-ihre-aktivitaeten\\\/#primaryimage\"},\"thumbnailUrl\":\"https:\\\/\\\/www.organisator.ch\\\/wp-content\\\/uploads\\\/2016\\\/12\\\/Stiftung-KliK-gibt-Einblick-in-ihre-Aktivitaeten-umweltperspektiven.jpg\",\"keywords\":[\"CO2\",\"Klik\",\"Klimaschutz\",\"Umwelt Arena\"],\"articleSection\":[\"SUSTAINABILITY\"],\"inLanguage\":\"it-IT\"},{\"@type\":\"WebPage\",\"@id\":\"https:\\\/\\\/www.organisator.ch\\\/sustainability\\\/2016-09-20\\\/stiftung-klik-gibt-einblick-in-ihre-aktivitaeten\\\/\",\"url\":\"https:\\\/\\\/www.organisator.ch\\\/sustainability\\\/2016-09-20\\\/stiftung-klik-gibt-einblick-in-ihre-aktivitaeten\\\/\",\"name\":\"Stiftung KliK gibt Einblick in ihre Aktivit\u00e4ten - Organisator\",\"isPartOf\":{\"@id\":\"https:\\\/\\\/www.organisator.ch\\\/#website\"},\"primaryImageOfPage\":{\"@id\":\"https:\\\/\\\/www.organisator.ch\\\/sustainability\\\/2016-09-20\\\/stiftung-klik-gibt-einblick-in-ihre-aktivitaeten\\\/#primaryimage\"},\"image\":{\"@id\":\"https:\\\/\\\/www.organisator.ch\\\/sustainability\\\/2016-09-20\\\/stiftung-klik-gibt-einblick-in-ihre-aktivitaeten\\\/#primaryimage\"},\"thumbnailUrl\":\"https:\\\/\\\/www.organisator.ch\\\/wp-content\\\/uploads\\\/2016\\\/12\\\/Stiftung-KliK-gibt-Einblick-in-ihre-Aktivitaeten-umweltperspektiven.jpg\",\"datePublished\":\"2016-09-20T14:13:21+00:00\",\"dateModified\":\"2022-02-09T10:06:57+00:00\",\"description\":\"Die Stiftung KliK stellt in der Umwelt Arena Spreitenbach mittels einer interaktiven Schauwand ihre Aktivit\u00e4ten rund um den Schweizer Klimaschutz vor.\",\"breadcrumb\":{\"@id\":\"https:\\\/\\\/www.organisator.ch\\\/sustainability\\\/2016-09-20\\\/stiftung-klik-gibt-einblick-in-ihre-aktivitaeten\\\/#breadcrumb\"},\"inLanguage\":\"it-IT\",\"potentialAction\":[{\"@type\":\"ReadAction\",\"target\":[\"https:\\\/\\\/www.organisator.ch\\\/sustainability\\\/2016-09-20\\\/stiftung-klik-gibt-einblick-in-ihre-aktivitaeten\\\/\"]}]},{\"@type\":\"ImageObject\",\"inLanguage\":\"it-IT\",\"@id\":\"https:\\\/\\\/www.organisator.ch\\\/sustainability\\\/2016-09-20\\\/stiftung-klik-gibt-einblick-in-ihre-aktivitaeten\\\/#primaryimage\",\"url\":\"https:\\\/\\\/www.organisator.ch\\\/wp-content\\\/uploads\\\/2016\\\/12\\\/Stiftung-KliK-gibt-Einblick-in-ihre-Aktivitaeten-umweltperspektiven.jpg\",\"contentUrl\":\"https:\\\/\\\/www.organisator.ch\\\/wp-content\\\/uploads\\\/2016\\\/12\\\/Stiftung-KliK-gibt-Einblick-in-ihre-Aktivitaeten-umweltperspektiven.jpg\",\"width\":1280,\"height\":853,\"caption\":\"Die Stiftung KliK zeigt mit einer interaktiven Ausstellung, was sie zum Klimaschutz beitr\u00e4gt.\"},{\"@type\":\"BreadcrumbList\",\"@id\":\"https:\\\/\\\/www.organisator.ch\\\/sustainability\\\/2016-09-20\\\/stiftung-klik-gibt-einblick-in-ihre-aktivitaeten\\\/#breadcrumb\",\"itemListElement\":[{\"@type\":\"ListItem\",\"position\":1,\"name\":\"Home\",\"item\":\"https:\\\/\\\/www.organisator.ch\\\/\"},{\"@type\":\"ListItem\",\"position\":2,\"name\":\"Stiftung KliK gibt Einblick in ihre Aktivit\u00e4ten\"}]},{\"@type\":\"WebSite\",\"@id\":\"https:\\\/\\\/www.organisator.ch\\\/#website\",\"url\":\"https:\\\/\\\/www.organisator.ch\\\/\",\"name\":\"Organisator\",\"description\":\"Kompetent. Praxisnah. Der ORGANISATOR bereitet in 10 Ausgaben pro Jahr die wesentlichen Themen f\u00fcr F\u00fchrungskr\u00e4fte von KMU auf.\",\"publisher\":{\"@id\":\"https:\\\/\\\/www.organisator.ch\\\/#organization\"},\"potentialAction\":[{\"@type\":\"SearchAction\",\"target\":{\"@type\":\"EntryPoint\",\"urlTemplate\":\"https:\\\/\\\/www.organisator.ch\\\/?s={search_term_string}\"},\"query-input\":{\"@type\":\"PropertyValueSpecification\",\"valueRequired\":true,\"valueName\":\"search_term_string\"}}],\"inLanguage\":\"it-IT\"},{\"@type\":\"Organization\",\"@id\":\"https:\\\/\\\/www.organisator.ch\\\/#organization\",\"name\":\"Organisator\",\"url\":\"https:\\\/\\\/www.organisator.ch\\\/\",\"logo\":{\"@type\":\"ImageObject\",\"inLanguage\":\"it-IT\",\"@id\":\"https:\\\/\\\/www.organisator.ch\\\/#\\\/schema\\\/logo\\\/image\\\/\",\"url\":\"https:\\\/\\\/www.organisator.ch\\\/wp-content\\\/uploads\\\/2022\\\/01\\\/Logo_Organisator_Website.png\",\"contentUrl\":\"https:\\\/\\\/www.organisator.ch\\\/wp-content\\\/uploads\\\/2022\\\/01\\\/Logo_Organisator_Website.png\",\"width\":800,\"height\":77,\"caption\":\"Organisator\"},\"image\":{\"@id\":\"https:\\\/\\\/www.organisator.ch\\\/#\\\/schema\\\/logo\\\/image\\\/\"},\"sameAs\":[\"https:\\\/\\\/www.facebook.com\\\/OrganisatorFachmagazin\",\"https:\\\/\\\/www.linkedin.com\\\/showcase\\\/organisator-das-magazin-fr-kmu\",\"https:\\\/\\\/www.xing.com\\\/news\\\/pages\\\/organisator-ch-695\",\"https:\\\/\\\/www.youtube.com\\\/channel\\\/UCGP2Sq0iWaZwT3BdIAQFYpw\"]},{\"@type\":\"Person\",\"@id\":\"https:\\\/\\\/www.organisator.ch\\\/#\\\/schema\\\/person\\\/aa2bace6c5c5aad60102004a50c4eb1c\",\"name\":\"admin\",\"image\":{\"@type\":\"ImageObject\",\"inLanguage\":\"it-IT\",\"@id\":\"https:\\\/\\\/secure.gravatar.com\\\/avatar\\\/ae2f4d718e6c49043e314ce431e7e645d646302a24a5ef5a8bc8e3f5a032e319?s=96&d=mm&r=g\",\"url\":\"https:\\\/\\\/secure.gravatar.com\\\/avatar\\\/ae2f4d718e6c49043e314ce431e7e645d646302a24a5ef5a8bc8e3f5a032e319?s=96&d=mm&r=g\",\"contentUrl\":\"https:\\\/\\\/secure.gravatar.com\\\/avatar\\\/ae2f4d718e6c49043e314ce431e7e645d646302a24a5ef5a8bc8e3f5a032e319?s=96&d=mm&r=g\",\"caption\":\"admin\"},\"sameAs\":[\"https:\\\/\\\/www.organisator.ch\"],\"url\":\"https:\\\/\\\/www.organisator.ch\\\/it\\\/author\\\/admin\\\/\"}]}<\/script>\n<!-- \/ Yoast SEO plugin. -->","yoast_head_json":{"title":"La Fondazione KliK presenta le sue attivit\u00e0 - Organizzatore","description":"La Fondazione KliK presenta le sue attivit\u00e0 relative alla protezione del clima in Svizzera attraverso una parete interattiva nell'Umwelt Arena di Spreitenbach.","robots":{"index":"index","follow":"follow","max-snippet":"max-snippet:-1","max-image-preview":"max-image-preview:large","max-video-preview":"max-video-preview:-1"},"canonical":"https:\/\/www.organisator.ch\/it\/sostenibilita\/2016-09-20\/stiftung-klik-gibt-einblick-in-ihre-aktivitaeten\/","og_locale":"it_IT","og_type":"article","og_title":"Stiftung KliK gibt Einblick in ihre Aktivit\u00e4ten - Organisator","og_description":"Die Stiftung KliK stellt in der Umwelt Arena Spreitenbach mittels einer interaktiven Schauwand ihre Aktivit\u00e4ten rund um den Schweizer Klimaschutz vor.","og_url":"https:\/\/www.organisator.ch\/it\/sostenibilita\/2016-09-20\/stiftung-klik-gibt-einblick-in-ihre-aktivitaeten\/","og_site_name":"Organisator","article_publisher":"https:\/\/www.facebook.com\/OrganisatorFachmagazin","article_published_time":"2016-09-20T14:13:21+00:00","article_modified_time":"2022-02-09T10:06:57+00:00","og_image":[{"width":1280,"height":853,"url":"https:\/\/www.organisator.ch\/wp-content\/uploads\/2016\/12\/Stiftung-KliK-gibt-Einblick-in-ihre-Aktivitaeten-umweltperspektiven.jpg","type":"image\/jpeg"}],"author":"admin","twitter_card":"summary_large_image","schema":{"@context":"https:\/\/schema.org","@graph":[{"@type":"Article","@id":"https:\/\/www.organisator.ch\/sustainability\/2016-09-20\/stiftung-klik-gibt-einblick-in-ihre-aktivitaeten\/#article","isPartOf":{"@id":"https:\/\/www.organisator.ch\/sustainability\/2016-09-20\/stiftung-klik-gibt-einblick-in-ihre-aktivitaeten\/"},"author":{"name":"admin","@id":"https:\/\/www.organisator.ch\/#\/schema\/person\/aa2bace6c5c5aad60102004a50c4eb1c"},"headline":"Stiftung KliK gibt Einblick in ihre Aktivit\u00e4ten","datePublished":"2016-09-20T14:13:21+00:00","dateModified":"2022-02-09T10:06:57+00:00","mainEntityOfPage":{"@id":"https:\/\/www.organisator.ch\/sustainability\/2016-09-20\/stiftung-klik-gibt-einblick-in-ihre-aktivitaeten\/"},"wordCount":251,"commentCount":0,"publisher":{"@id":"https:\/\/www.organisator.ch\/#organization"},"image":{"@id":"https:\/\/www.organisator.ch\/sustainability\/2016-09-20\/stiftung-klik-gibt-einblick-in-ihre-aktivitaeten\/#primaryimage"},"thumbnailUrl":"https:\/\/www.organisator.ch\/wp-content\/uploads\/2016\/12\/Stiftung-KliK-gibt-Einblick-in-ihre-Aktivitaeten-umweltperspektiven.jpg","keywords":["CO2","Klik","Klimaschutz","Umwelt Arena"],"articleSection":["SUSTAINABILITY"],"inLanguage":"it-IT"},{"@type":"WebPage","@id":"https:\/\/www.organisator.ch\/sustainability\/2016-09-20\/stiftung-klik-gibt-einblick-in-ihre-aktivitaeten\/","url":"https:\/\/www.organisator.ch\/sustainability\/2016-09-20\/stiftung-klik-gibt-einblick-in-ihre-aktivitaeten\/","name":"La Fondazione KliK presenta le sue attivit\u00e0 - Organizzatore","isPartOf":{"@id":"https:\/\/www.organisator.ch\/#website"},"primaryImageOfPage":{"@id":"https:\/\/www.organisator.ch\/sustainability\/2016-09-20\/stiftung-klik-gibt-einblick-in-ihre-aktivitaeten\/#primaryimage"},"image":{"@id":"https:\/\/www.organisator.ch\/sustainability\/2016-09-20\/stiftung-klik-gibt-einblick-in-ihre-aktivitaeten\/#primaryimage"},"thumbnailUrl":"https:\/\/www.organisator.ch\/wp-content\/uploads\/2016\/12\/Stiftung-KliK-gibt-Einblick-in-ihre-Aktivitaeten-umweltperspektiven.jpg","datePublished":"2016-09-20T14:13:21+00:00","dateModified":"2022-02-09T10:06:57+00:00","description":"La Fondazione KliK presenta le sue attivit\u00e0 relative alla protezione del clima in Svizzera attraverso una parete interattiva nell'Umwelt Arena di Spreitenbach.","breadcrumb":{"@id":"https:\/\/www.organisator.ch\/sustainability\/2016-09-20\/stiftung-klik-gibt-einblick-in-ihre-aktivitaeten\/#breadcrumb"},"inLanguage":"it-IT","potentialAction":[{"@type":"ReadAction","target":["https:\/\/www.organisator.ch\/sustainability\/2016-09-20\/stiftung-klik-gibt-einblick-in-ihre-aktivitaeten\/"]}]},{"@type":"ImageObject","inLanguage":"it-IT","@id":"https:\/\/www.organisator.ch\/sustainability\/2016-09-20\/stiftung-klik-gibt-einblick-in-ihre-aktivitaeten\/#primaryimage","url":"https:\/\/www.organisator.ch\/wp-content\/uploads\/2016\/12\/Stiftung-KliK-gibt-Einblick-in-ihre-Aktivitaeten-umweltperspektiven.jpg","contentUrl":"https:\/\/www.organisator.ch\/wp-content\/uploads\/2016\/12\/Stiftung-KliK-gibt-Einblick-in-ihre-Aktivitaeten-umweltperspektiven.jpg","width":1280,"height":853,"caption":"Die Stiftung KliK zeigt mit einer interaktiven Ausstellung, was sie zum Klimaschutz beitr\u00e4gt."},{"@type":"BreadcrumbList","@id":"https:\/\/www.organisator.ch\/sustainability\/2016-09-20\/stiftung-klik-gibt-einblick-in-ihre-aktivitaeten\/#breadcrumb","itemListElement":[{"@type":"ListItem","position":1,"name":"Home","item":"https:\/\/www.organisator.ch\/"},{"@type":"ListItem","position":2,"name":"Stiftung KliK gibt Einblick in ihre Aktivit\u00e4ten"}]},{"@type":"WebSite","@id":"https:\/\/www.organisator.ch\/#website","url":"https:\/\/www.organisator.ch\/","name":"Organizzatore","description":"Competente. Pratico. In 10 numeri all'anno, ORGANISATOR presenta i temi essenziali per i manager delle PMI.","publisher":{"@id":"https:\/\/www.organisator.ch\/#organization"},"potentialAction":[{"@type":"SearchAction","target":{"@type":"EntryPoint","urlTemplate":"https:\/\/www.organisator.ch\/?s={search_term_string}"},"query-input":{"@type":"PropertyValueSpecification","valueRequired":true,"valueName":"search_term_string"}}],"inLanguage":"it-IT"},{"@type":"Organization","@id":"https:\/\/www.organisator.ch\/#organization","name":"Organizzatore","url":"https:\/\/www.organisator.ch\/","logo":{"@type":"ImageObject","inLanguage":"it-IT","@id":"https:\/\/www.organisator.ch\/#\/schema\/logo\/image\/","url":"https:\/\/www.organisator.ch\/wp-content\/uploads\/2022\/01\/Logo_Organisator_Website.png","contentUrl":"https:\/\/www.organisator.ch\/wp-content\/uploads\/2022\/01\/Logo_Organisator_Website.png","width":800,"height":77,"caption":"Organisator"},"image":{"@id":"https:\/\/www.organisator.ch\/#\/schema\/logo\/image\/"},"sameAs":["https:\/\/www.facebook.com\/OrganisatorFachmagazin","https:\/\/www.linkedin.com\/showcase\/organisator-das-magazin-fr-kmu","https:\/\/www.xing.com\/news\/pages\/organisator-ch-695","https:\/\/www.youtube.com\/channel\/UCGP2Sq0iWaZwT3BdIAQFYpw"]},{"@type":"Person","@id":"https:\/\/www.organisator.ch\/#\/schema\/person\/aa2bace6c5c5aad60102004a50c4eb1c","name":"amministratore","image":{"@type":"ImageObject","inLanguage":"it-IT","@id":"https:\/\/secure.gravatar.com\/avatar\/ae2f4d718e6c49043e314ce431e7e645d646302a24a5ef5a8bc8e3f5a032e319?s=96&d=mm&r=g","url":"https:\/\/secure.gravatar.com\/avatar\/ae2f4d718e6c49043e314ce431e7e645d646302a24a5ef5a8bc8e3f5a032e319?s=96&d=mm&r=g","contentUrl":"https:\/\/secure.gravatar.com\/avatar\/ae2f4d718e6c49043e314ce431e7e645d646302a24a5ef5a8bc8e3f5a032e319?s=96&d=mm&r=g","caption":"admin"},"sameAs":["https:\/\/www.organisator.ch"],"url":"https:\/\/www.organisator.ch\/it\/author\/admin\/"}]}},"_links":{"self":[{"href":"https:\/\/www.organisator.ch\/it\/wp-json\/wp\/v2\/posts\/520","targetHints":{"allow":["GET"]}}],"collection":[{"href":"https:\/\/www.organisator.ch\/it\/wp-json\/wp\/v2\/posts"}],"about":[{"href":"https:\/\/www.organisator.ch\/it\/wp-json\/wp\/v2\/types\/post"}],"author":[{"embeddable":true,"href":"https:\/\/www.organisator.ch\/it\/wp-json\/wp\/v2\/users\/1"}],"replies":[{"embeddable":true,"href":"https:\/\/www.organisator.ch\/it\/wp-json\/wp\/v2\/comments?post=520"}],"version-history":[{"count":1,"href":"https:\/\/www.organisator.ch\/it\/wp-json\/wp\/v2\/posts\/520\/revisions"}],"predecessor-version":[{"id":10746,"href":"https:\/\/www.organisator.ch\/it\/wp-json\/wp\/v2\/posts\/520\/revisions\/10746"}],"wp:featuredmedia":[{"embeddable":true,"href":"https:\/\/www.organisator.ch\/it\/wp-json\/wp\/v2\/media\/9418"}],"wp:attachment":[{"href":"https:\/\/www.organisator.ch\/it\/wp-json\/wp\/v2\/media?parent=520"}],"wp:term":[{"taxonomy":"category","embeddable":true,"href":"https:\/\/www.organisator.ch\/it\/wp-json\/wp\/v2\/categories?post=520"},{"taxonomy":"post_tag","embeddable":true,"href":"https:\/\/www.organisator.ch\/it\/wp-json\/wp\/v2\/tags?post=520"}],"curies":[{"name":"wp","href":"https:\/\/api.w.org\/{rel}","templated":true}]}}