{"id":521,"date":"2016-05-26T11:27:40","date_gmt":"2016-05-26T09:27:40","guid":{"rendered":"http:\/\/dev.organisator.ch\/?p=521"},"modified":"2016-05-26T11:27:40","modified_gmt":"2016-05-26T09:27:40","slug":"neue-vorstandsmitglieder-beim-fachverband-procure-ch","status":"publish","type":"post","link":"https:\/\/www.organisator.ch\/it\/allgemein\/2016-05-26\/neue-vorstandsmitglieder-beim-fachverband-procure-ch\/","title":{"rendered":"Nuovi membri del consiglio dell'associazione di categoria procure.ch"},"content":{"rendered":"<figure id=\"attachment_522\" aria-describedby=\"caption-attachment-522\" style=\"width: 668px\" class=\"wp-caption alignnone\"><img loading=\"lazy\" decoding=\"async\" class=\"size-medium wp-image-522\" src=\"https:\/\/organisator.ch\/wp-content\/uploads\/2016\/12\/Neue-Vorstandsmitglieder-beim-Fachverband-procure.ch-organisator-668x1000.jpg\" alt=\"\" width=\"668\" height=\"1000\" srcset=\"https:\/\/www.organisator.ch\/wp-content\/uploads\/2016\/12\/Neue-Vorstandsmitglieder-beim-Fachverband-procure.ch-organisator-668x1000.jpg 668w, https:\/\/www.organisator.ch\/wp-content\/uploads\/2016\/12\/Neue-Vorstandsmitglieder-beim-Fachverband-procure.ch-organisator-684x1024.jpg 684w, https:\/\/www.organisator.ch\/wp-content\/uploads\/2016\/12\/Neue-Vorstandsmitglieder-beim-Fachverband-procure.ch-organisator-768x1150.jpg 768w, https:\/\/www.organisator.ch\/wp-content\/uploads\/2016\/12\/Neue-Vorstandsmitglieder-beim-Fachverband-procure.ch-organisator-8x12.jpg 8w, https:\/\/www.organisator.ch\/wp-content\/uploads\/2016\/12\/Neue-Vorstandsmitglieder-beim-Fachverband-procure.ch-organisator-117x175.jpg 117w, https:\/\/www.organisator.ch\/wp-content\/uploads\/2016\/12\/Neue-Vorstandsmitglieder-beim-Fachverband-procure.ch-organisator-234x350.jpg 234w, https:\/\/www.organisator.ch\/wp-content\/uploads\/2016\/12\/Neue-Vorstandsmitglieder-beim-Fachverband-procure.ch-organisator-534x800.jpg 534w, https:\/\/www.organisator.ch\/wp-content\/uploads\/2016\/12\/Neue-Vorstandsmitglieder-beim-Fachverband-procure.ch-organisator-300x449.jpg 300w, https:\/\/www.organisator.ch\/wp-content\/uploads\/2016\/12\/Neue-Vorstandsmitglieder-beim-Fachverband-procure.ch-organisator.jpg 784w\" sizes=\"auto, (max-width: 668px) 100vw, 668px\" \/><figcaption id=\"caption-attachment-522\" class=\"wp-caption-text\">Adrian Jungo, responsabile Supply Chain Management and Real Estate di Swisscom AG e neoeletto presidente di procure.ch con Andreas Kilchenmann, amministratore delegato di WellPack AG (da sinistra)<\/figcaption><\/figure>\n<div id='gallery-1' class='gallery galleryid-521 gallery-columns-3 gallery-size-thumbnail'><figure class='gallery-item'>\n\t\t\t<div class='gallery-icon portrait'>\n\t\t\t\t<a href='https:\/\/www.organisator.ch\/it\/allgemein\/2016-05-26\/neue-vorstandsmitglieder-beim-fachverband-procure-ch\/attachment\/neue-vorstandsmitglieder-beim-fachverband-procure-ch2-organisator\/'><img loading=\"lazy\" decoding=\"async\" width=\"150\" height=\"150\" src=\"https:\/\/www.organisator.ch\/wp-content\/uploads\/2016\/12\/Neue-Vorstandsmitglieder-beim-Fachverband-procure.ch2-organisator-150x150.jpg\" class=\"attachment-thumbnail size-thumbnail\" alt=\"\" srcset=\"https:\/\/www.organisator.ch\/wp-content\/uploads\/2016\/12\/Neue-Vorstandsmitglieder-beim-Fachverband-procure.ch2-organisator-150x150.jpg 150w, https:\/\/www.organisator.ch\/wp-content\/uploads\/2016\/12\/Neue-Vorstandsmitglieder-beim-Fachverband-procure.ch2-organisator-250x250.jpg 250w, https:\/\/www.organisator.ch\/wp-content\/uploads\/2016\/12\/Neue-Vorstandsmitglieder-beim-Fachverband-procure.ch2-organisator-100x100.jpg 100w\" sizes=\"auto, (max-width: 150px) 100vw, 150px\" \/><\/a>\n\t\t\t<\/div><\/figure><figure class='gallery-item'>\n\t\t\t<div class='gallery-icon portrait'>\n\t\t\t\t<a href='https:\/\/www.organisator.ch\/it\/allgemein\/2016-05-26\/neue-vorstandsmitglieder-beim-fachverband-procure-ch\/attachment\/neue-vorstandsmitglieder-beim-fachverband-procure-ch3-organisator\/'><img loading=\"lazy\" decoding=\"async\" width=\"150\" height=\"150\" src=\"https:\/\/www.organisator.ch\/wp-content\/uploads\/2016\/12\/Neue-Vorstandsmitglieder-beim-Fachverband-procure.ch3-organisator-150x150.jpg\" class=\"attachment-thumbnail size-thumbnail\" alt=\"\" srcset=\"https:\/\/www.organisator.ch\/wp-content\/uploads\/2016\/12\/Neue-Vorstandsmitglieder-beim-Fachverband-procure.ch3-organisator-150x150.jpg 150w, https:\/\/www.organisator.ch\/wp-content\/uploads\/2016\/12\/Neue-Vorstandsmitglieder-beim-Fachverband-procure.ch3-organisator-250x250.jpg 250w, https:\/\/www.organisator.ch\/wp-content\/uploads\/2016\/12\/Neue-Vorstandsmitglieder-beim-Fachverband-procure.ch3-organisator-100x100.jpg 100w\" sizes=\"auto, (max-width: 150px) 100vw, 150px\" \/><\/a>\n\t\t\t<\/div><\/figure>\n\t\t<\/div>\n\n<p><em>I relatori Hermann Scherer, Anitra Eggler e S\u00f8ren Vammen con il moderatore Mascha Santschi (2\u00b0 da destra) e Rudolf Strahm (anche lui con Mascha Santschi).<\/em><\/p>\n<p>Nel suo discorso di benvenuto, l'ex consigliere nazionale Rudolf Strahm si \u00e8 congratulato con l'associazione professionale procure.ch per i suoi 55 anni di manovre di successo in un panorama educativo in costante evoluzione. Il supervisore dei prezzi di lunga data ha sottolineato l'importanza degli acquisti nell'efficienza dei processi delle aziende e ha descritto la formazione professionale superiore come un punto chiave per la diffusione delle nuove tecnologie.<\/p>\n<p><strong>Presentazioni stimolanti<\/strong><\/p>\n<p>Hermann Scherer ha affascinato il pubblico con il suo appello a sfruttare tutte le opportunit\u00e0 che si presentano. Per il management coach tedesco, la cosiddetta opportunity intelligence costituisce la base per conquistare le persone e il mercato con coraggio, motivazione e passione attraverso un networking mirato. S\u00f8ren Vammen, CEO dell'associazione danese degli acquisti, attribuisce grande importanza al rapporto di fiducia tra cliente e fornitore. A condizione che si voglia entrare in una relazione d'affari a lungo termine e reciprocamente soddisfacente. L'approvvigionamento basato sul valore \u00e8 possibile solo con i partner giusti ed equilibrati. \"I pesci rossi hanno una capacit\u00e0 di attenzione pi\u00f9 lunga di molti lavoratori digitali\", ha detto Anitra Eggler. La dipendenza dal rilascio costante di dopamina degrada le persone in schiavi costantemente accessibili che si perdono negli abissi del web mondiale invece di realizzare se stessi. Il \"terapista digitale\" ha alzato uno specchio al pubblico e ha quantificato quanto tempo di vita \u00e8 stato sprecato come risultato.<\/p>\n<p><strong>Assemblea Generale con sostituzione del Consiglio di Amministrazione<\/strong><\/p>\n<p>Nella successiva Assemblea Generale, il Consiglio \u00e8 stato parzialmente sostituito. Adrian Jungo, top manager degli acquisti di Swisscom, \u00e8 stato eletto nuovo presidente. Non solo il presidente precedente, Andreas Kilchenmann, ha reso disponibile il suo ufficio a causa dei limiti di mandato. Anche i membri del consiglio di amministrazione J\u00f6rg Bortoluzzi e Peter Emch hanno fatto lo stesso. Tutti e tre sono stati debitamente salutati. Sono stati sostituiti da Martin Aschwanden, CPO di HG Commerciale e nuovo presidente della conferenza dei dirigenti regionali, e da Gian-Marco Caggia, che dirige la divisione acquisti delle FFS.<\/p>\n<p>Adrian Jungo \u00e8 dal 2012 responsabile del Supply Chain Management e Real Estate presso Swisscom (Svizzera) SA ed \u00e8 responsabile della gestione del personale e della gestione tecnica delle divisioni Acquisti, Logistica e Immobili di Swisscom SA. In precedenza, ha ricoperto diverse posizioni dirigenziali presso Swisscom. Dopo una formazione come economista aziendale HF, ha proseguito la sua formazione all'Universit\u00e0 di San Gallo (direttore degli acquisti e Executive MBA). Conosce gi\u00e0 molto bene l'associazione di categoria procure.ch attraverso il suo lavoro nel comitato consultivo e il suo anno come membro del consiglio.<\/p>\n<p>Martin Aschwanden \u00e8 responsabile della gestione dei materiali\/logistica e vice direttore del centro di profitto della HG Commerciale dal 2011 ed \u00e8 responsabile della gestione dei materiali, della logistica, della manutenzione degli immobili, dei progetti di costruzione, della sicurezza e della produzione di mostre proprie. L'approvvigionamento e la logistica sono stati i compiti principali della sua carriera, in cui ha ricoperto diverse posizioni di gestione. \u00c8 un acquirente certificato a livello federale e possiede un Master of Advanced Studies in Business Process and International Supply Management della FHNW. Martin Aschwanden \u00e8 stato associato all'associazione di categoria procure.ch per molti anni come responsabile della regione di Zurigo.<\/p>\n<p>Gian-Marco Caggia \u00e8 responsabile degli acquisti di infrastrutture presso le Ferrovie Federali Svizzere FFS dall'aprile 2012. Ha iniziato la sua carriera alla UPS United Parcel Service ed \u00e8 stato responsabile degli acquisti e della logistica in varie funzioni alla Posta, alle FFS e alla BLS. La laurea pi\u00f9 recente di Caggia \u00e8 un DAS in diritto commerciale dell'Universit\u00e0 di Berna, ha inoltre completato il corso SKU in Strategy &amp; General Management e possiede un diploma federale in gestione della logistica.<\/p>\n<p><em><a href=\"http:\/\/www.procure.ch\" target=\"_blank\" data-cke-saved-href=\"http:\/\/www.procure.ch\" rel=\"noopener\">www.procure.ch<\/a><\/em><\/p>\n<p>&nbsp;<\/p>","protected":false},"excerpt":{"rendered":"<p>Die Referenten Hermann Scherer, Anitra Eggler und S\u00f8ren Vammen mit Moderatorin Mascha Santschi (2. v.r.) sowie Rudolf Strahm (ebenfalls mit Mascha Santschi). In seiner Grussbotschaft gratulierte alt Nationalrat Rudolf Strahm dem Fachverband procure.ch zu 55 Jahren erfolgreichem Man\u00f6vrieren in einer sich stetig \u00e4ndernden Bildungslandschaft. Der langj\u00e4hrige Preis\u00fcberwacher wies auf den Stellenwert der Beschaffung in der [&hellip;]<\/p>\n","protected":false},"author":1,"featured_media":522,"comment_status":"open","ping_status":"open","sticky":false,"template":"","format":"standard","meta":{"_acf_changed":false,"_yoast_wpseo_focuskw":"Fachverband","_yoast_wpseo_metadesc":"An der Generalversammlung des Fachverbands procure.ch bildete als wichtigstes Traktandum die Neubesetzung des Vorstandes auf der Agenda.","articlekey":"","footnotes":""},"categories":[1],"tags":[275,503,504],"class_list":["post-521","post","type-post","status-publish","format-standard","has-post-thumbnail","hentry","category-allgemein","tag-institutionen","tag-verbaende","tag-vereine"],"acf":[],"yoast_head":"<!-- This site is optimized with the Yoast SEO plugin v27.5 - https:\/\/yoast.com\/product\/yoast-seo-wordpress\/ -->\n<title>Neue Vorstandsmitglieder beim Fachverband procure.ch - Organisator<\/title>\n<meta name=\"description\" content=\"An der Generalversammlung des Fachverbands procure.ch bildete als wichtigstes Traktandum die Neubesetzung des Vorstandes auf der Agenda.\" \/>\n<meta name=\"robots\" content=\"index, follow, max-snippet:-1, max-image-preview:large, max-video-preview:-1\" \/>\n<link rel=\"canonical\" href=\"https:\/\/www.organisator.ch\/it\/generale\/2016-05-26\/neue-vorstandsmitglieder-beim-fachverband-procure-ch\/\" \/>\n<meta property=\"og:locale\" content=\"it_IT\" \/>\n<meta property=\"og:type\" content=\"article\" \/>\n<meta property=\"og:title\" content=\"Neue Vorstandsmitglieder beim Fachverband procure.ch\" \/>\n<meta property=\"og:description\" content=\"An der Fr\u00fchjahrstagung des Fachverbands procure.ch vom 19. Mai 2015 im Hotel Bellevue Palace in Bern nutzten rund 200 Teilnehmende \u2013 mehrheitlich Einkaufsprofis \u2013 die Gelegenheit zu Horizonterweiterung und fachlichem Austausch. Zum 55-Jahr-Jubil\u00e4um erwartete das Publikum Referate zu Lieferantenmanagement und zu evolution\u00e4ren Themen wie Chancen-Intelligenz und Digitalisierung. Das letzte Drittel der Veranstaltung bildete die Generalversammlung und als wichtigstes Traktandum stand die teilweise Neubesetzung des Vorstandes auf der Agenda.\" \/>\n<meta property=\"og:url\" content=\"https:\/\/www.organisator.ch\/it\/generale\/2016-05-26\/neue-vorstandsmitglieder-beim-fachverband-procure-ch\/\" \/>\n<meta property=\"og:site_name\" content=\"Organisator\" \/>\n<meta property=\"article:publisher\" content=\"https:\/\/www.facebook.com\/OrganisatorFachmagazin\" \/>\n<meta property=\"article:published_time\" content=\"2016-05-26T09:27:40+00:00\" \/>\n<meta name=\"author\" content=\"admin\" \/>\n<meta name=\"twitter:card\" content=\"summary_large_image\" \/>\n<meta name=\"twitter:image\" content=\"https:\/\/www.organisator.ch\/wp-content\/uploads\/2016\/12\/Neue-Vorstandsmitglieder-beim-Fachverband-procure.ch-organisator.jpg\" \/>\n<script type=\"application\/ld+json\" class=\"yoast-schema-graph\">{\"@context\":\"https:\\\/\\\/schema.org\",\"@graph\":[{\"@type\":\"Article\",\"@id\":\"https:\\\/\\\/www.organisator.ch\\\/en\\\/general\\\/2016-05-26\\\/neue-vorstandsmitglieder-beim-fachverband-procure-ch\\\/#article\",\"isPartOf\":{\"@id\":\"https:\\\/\\\/www.organisator.ch\\\/en\\\/general\\\/2016-05-26\\\/neue-vorstandsmitglieder-beim-fachverband-procure-ch\\\/\"},\"author\":{\"name\":\"admin\",\"@id\":\"https:\\\/\\\/www.organisator.ch\\\/#\\\/schema\\\/person\\\/aa2bace6c5c5aad60102004a50c4eb1c\"},\"headline\":\"Neue Vorstandsmitglieder beim Fachverband procure.ch\",\"datePublished\":\"2016-05-26T09:27:40+00:00\",\"mainEntityOfPage\":{\"@id\":\"https:\\\/\\\/www.organisator.ch\\\/en\\\/general\\\/2016-05-26\\\/neue-vorstandsmitglieder-beim-fachverband-procure-ch\\\/\"},\"wordCount\":614,\"commentCount\":0,\"publisher\":{\"@id\":\"https:\\\/\\\/www.organisator.ch\\\/#organization\"},\"image\":{\"@id\":\"https:\\\/\\\/www.organisator.ch\\\/en\\\/general\\\/2016-05-26\\\/neue-vorstandsmitglieder-beim-fachverband-procure-ch\\\/#primaryimage\"},\"thumbnailUrl\":\"https:\\\/\\\/www.organisator.ch\\\/wp-content\\\/uploads\\\/2016\\\/12\\\/Neue-Vorstandsmitglieder-beim-Fachverband-procure.ch-organisator.jpg\",\"keywords\":[\"Institutionen\",\"Verb\u00e4nde\",\"Vereine\"],\"articleSection\":[\"Allgemein\"],\"inLanguage\":\"it-IT\"},{\"@type\":\"WebPage\",\"@id\":\"https:\\\/\\\/www.organisator.ch\\\/en\\\/general\\\/2016-05-26\\\/neue-vorstandsmitglieder-beim-fachverband-procure-ch\\\/\",\"url\":\"https:\\\/\\\/www.organisator.ch\\\/en\\\/general\\\/2016-05-26\\\/neue-vorstandsmitglieder-beim-fachverband-procure-ch\\\/\",\"name\":\"Neue Vorstandsmitglieder beim Fachverband procure.ch - Organisator\",\"isPartOf\":{\"@id\":\"https:\\\/\\\/www.organisator.ch\\\/#website\"},\"primaryImageOfPage\":{\"@id\":\"https:\\\/\\\/www.organisator.ch\\\/en\\\/general\\\/2016-05-26\\\/neue-vorstandsmitglieder-beim-fachverband-procure-ch\\\/#primaryimage\"},\"image\":{\"@id\":\"https:\\\/\\\/www.organisator.ch\\\/en\\\/general\\\/2016-05-26\\\/neue-vorstandsmitglieder-beim-fachverband-procure-ch\\\/#primaryimage\"},\"thumbnailUrl\":\"https:\\\/\\\/www.organisator.ch\\\/wp-content\\\/uploads\\\/2016\\\/12\\\/Neue-Vorstandsmitglieder-beim-Fachverband-procure.ch-organisator.jpg\",\"datePublished\":\"2016-05-26T09:27:40+00:00\",\"description\":\"An der Generalversammlung des Fachverbands procure.ch bildete als wichtigstes Traktandum die Neubesetzung des Vorstandes auf der Agenda.\",\"breadcrumb\":{\"@id\":\"https:\\\/\\\/www.organisator.ch\\\/en\\\/general\\\/2016-05-26\\\/neue-vorstandsmitglieder-beim-fachverband-procure-ch\\\/#breadcrumb\"},\"inLanguage\":\"it-IT\",\"potentialAction\":[{\"@type\":\"ReadAction\",\"target\":[\"https:\\\/\\\/www.organisator.ch\\\/en\\\/general\\\/2016-05-26\\\/neue-vorstandsmitglieder-beim-fachverband-procure-ch\\\/\"]}]},{\"@type\":\"ImageObject\",\"inLanguage\":\"it-IT\",\"@id\":\"https:\\\/\\\/www.organisator.ch\\\/en\\\/general\\\/2016-05-26\\\/neue-vorstandsmitglieder-beim-fachverband-procure-ch\\\/#primaryimage\",\"url\":\"https:\\\/\\\/www.organisator.ch\\\/wp-content\\\/uploads\\\/2016\\\/12\\\/Neue-Vorstandsmitglieder-beim-Fachverband-procure.ch-organisator.jpg\",\"contentUrl\":\"https:\\\/\\\/www.organisator.ch\\\/wp-content\\\/uploads\\\/2016\\\/12\\\/Neue-Vorstandsmitglieder-beim-Fachverband-procure.ch-organisator.jpg\",\"width\":784,\"height\":1174,\"caption\":\"Adrian Jungo, Leiter Supply Chain Management und Immobilien, Swisscom AG und neu gew\u00e4hlter Pr\u00e4sident von procure.ch mit Andreas Kilchenmann, Gesch\u00e4ftsf\u00fchrer, WellPack AG (von links)\"},{\"@type\":\"BreadcrumbList\",\"@id\":\"https:\\\/\\\/www.organisator.ch\\\/en\\\/general\\\/2016-05-26\\\/neue-vorstandsmitglieder-beim-fachverband-procure-ch\\\/#breadcrumb\",\"itemListElement\":[{\"@type\":\"ListItem\",\"position\":1,\"name\":\"Home\",\"item\":\"https:\\\/\\\/www.organisator.ch\\\/\"},{\"@type\":\"ListItem\",\"position\":2,\"name\":\"Neue Vorstandsmitglieder beim Fachverband procure.ch\"}]},{\"@type\":\"WebSite\",\"@id\":\"https:\\\/\\\/www.organisator.ch\\\/#website\",\"url\":\"https:\\\/\\\/www.organisator.ch\\\/\",\"name\":\"Organisator\",\"description\":\"Kompetent. Praxisnah. Der ORGANISATOR bereitet in 10 Ausgaben pro Jahr die wesentlichen Themen f\u00fcr F\u00fchrungskr\u00e4fte von KMU auf.\",\"publisher\":{\"@id\":\"https:\\\/\\\/www.organisator.ch\\\/#organization\"},\"potentialAction\":[{\"@type\":\"SearchAction\",\"target\":{\"@type\":\"EntryPoint\",\"urlTemplate\":\"https:\\\/\\\/www.organisator.ch\\\/?s={search_term_string}\"},\"query-input\":{\"@type\":\"PropertyValueSpecification\",\"valueRequired\":true,\"valueName\":\"search_term_string\"}}],\"inLanguage\":\"it-IT\"},{\"@type\":\"Organization\",\"@id\":\"https:\\\/\\\/www.organisator.ch\\\/#organization\",\"name\":\"Organisator\",\"url\":\"https:\\\/\\\/www.organisator.ch\\\/\",\"logo\":{\"@type\":\"ImageObject\",\"inLanguage\":\"it-IT\",\"@id\":\"https:\\\/\\\/www.organisator.ch\\\/#\\\/schema\\\/logo\\\/image\\\/\",\"url\":\"https:\\\/\\\/www.organisator.ch\\\/wp-content\\\/uploads\\\/2022\\\/01\\\/Logo_Organisator_Website.png\",\"contentUrl\":\"https:\\\/\\\/www.organisator.ch\\\/wp-content\\\/uploads\\\/2022\\\/01\\\/Logo_Organisator_Website.png\",\"width\":800,\"height\":77,\"caption\":\"Organisator\"},\"image\":{\"@id\":\"https:\\\/\\\/www.organisator.ch\\\/#\\\/schema\\\/logo\\\/image\\\/\"},\"sameAs\":[\"https:\\\/\\\/www.facebook.com\\\/OrganisatorFachmagazin\",\"https:\\\/\\\/www.linkedin.com\\\/showcase\\\/organisator-das-magazin-fr-kmu\",\"https:\\\/\\\/www.xing.com\\\/news\\\/pages\\\/organisator-ch-695\",\"https:\\\/\\\/www.youtube.com\\\/channel\\\/UCGP2Sq0iWaZwT3BdIAQFYpw\"]},{\"@type\":\"Person\",\"@id\":\"https:\\\/\\\/www.organisator.ch\\\/#\\\/schema\\\/person\\\/aa2bace6c5c5aad60102004a50c4eb1c\",\"name\":\"admin\",\"image\":{\"@type\":\"ImageObject\",\"inLanguage\":\"it-IT\",\"@id\":\"https:\\\/\\\/secure.gravatar.com\\\/avatar\\\/ae2f4d718e6c49043e314ce431e7e645d646302a24a5ef5a8bc8e3f5a032e319?s=96&d=mm&r=g\",\"url\":\"https:\\\/\\\/secure.gravatar.com\\\/avatar\\\/ae2f4d718e6c49043e314ce431e7e645d646302a24a5ef5a8bc8e3f5a032e319?s=96&d=mm&r=g\",\"contentUrl\":\"https:\\\/\\\/secure.gravatar.com\\\/avatar\\\/ae2f4d718e6c49043e314ce431e7e645d646302a24a5ef5a8bc8e3f5a032e319?s=96&d=mm&r=g\",\"caption\":\"admin\"},\"sameAs\":[\"https:\\\/\\\/www.organisator.ch\"],\"url\":\"https:\\\/\\\/www.organisator.ch\\\/it\\\/author\\\/admin\\\/\"}]}<\/script>\n<!-- \/ Yoast SEO plugin. -->","yoast_head_json":{"title":"Nuovi membri del consiglio direttivo dell'associazione di categoria procure.ch - Organizzatore","description":"All'assemblea generale dell'associazione di categoria procure.ch, il punto pi\u00f9 importante all'ordine del giorno era la sostituzione del consiglio direttivo.","robots":{"index":"index","follow":"follow","max-snippet":"max-snippet:-1","max-image-preview":"max-image-preview:large","max-video-preview":"max-video-preview:-1"},"canonical":"https:\/\/www.organisator.ch\/it\/generale\/2016-05-26\/neue-vorstandsmitglieder-beim-fachverband-procure-ch\/","og_locale":"it_IT","og_type":"article","og_title":"Neue Vorstandsmitglieder beim Fachverband procure.ch","og_description":"An der Fr\u00fchjahrstagung des Fachverbands procure.ch vom 19. Mai 2015 im Hotel Bellevue Palace in Bern nutzten rund 200 Teilnehmende \u2013 mehrheitlich Einkaufsprofis \u2013 die Gelegenheit zu Horizonterweiterung und fachlichem Austausch. Zum 55-Jahr-Jubil\u00e4um erwartete das Publikum Referate zu Lieferantenmanagement und zu evolution\u00e4ren Themen wie Chancen-Intelligenz und Digitalisierung. Das letzte Drittel der Veranstaltung bildete die Generalversammlung und als wichtigstes Traktandum stand die teilweise Neubesetzung des Vorstandes auf der Agenda.","og_url":"https:\/\/www.organisator.ch\/it\/generale\/2016-05-26\/neue-vorstandsmitglieder-beim-fachverband-procure-ch\/","og_site_name":"Organisator","article_publisher":"https:\/\/www.facebook.com\/OrganisatorFachmagazin","article_published_time":"2016-05-26T09:27:40+00:00","author":"admin","twitter_card":"summary_large_image","twitter_image":"https:\/\/www.organisator.ch\/wp-content\/uploads\/2016\/12\/Neue-Vorstandsmitglieder-beim-Fachverband-procure.ch-organisator.jpg","schema":{"@context":"https:\/\/schema.org","@graph":[{"@type":"Article","@id":"https:\/\/www.organisator.ch\/en\/general\/2016-05-26\/neue-vorstandsmitglieder-beim-fachverband-procure-ch\/#article","isPartOf":{"@id":"https:\/\/www.organisator.ch\/en\/general\/2016-05-26\/neue-vorstandsmitglieder-beim-fachverband-procure-ch\/"},"author":{"name":"admin","@id":"https:\/\/www.organisator.ch\/#\/schema\/person\/aa2bace6c5c5aad60102004a50c4eb1c"},"headline":"Neue Vorstandsmitglieder beim Fachverband procure.ch","datePublished":"2016-05-26T09:27:40+00:00","mainEntityOfPage":{"@id":"https:\/\/www.organisator.ch\/en\/general\/2016-05-26\/neue-vorstandsmitglieder-beim-fachverband-procure-ch\/"},"wordCount":614,"commentCount":0,"publisher":{"@id":"https:\/\/www.organisator.ch\/#organization"},"image":{"@id":"https:\/\/www.organisator.ch\/en\/general\/2016-05-26\/neue-vorstandsmitglieder-beim-fachverband-procure-ch\/#primaryimage"},"thumbnailUrl":"https:\/\/www.organisator.ch\/wp-content\/uploads\/2016\/12\/Neue-Vorstandsmitglieder-beim-Fachverband-procure.ch-organisator.jpg","keywords":["Institutionen","Verb\u00e4nde","Vereine"],"articleSection":["Allgemein"],"inLanguage":"it-IT"},{"@type":"WebPage","@id":"https:\/\/www.organisator.ch\/en\/general\/2016-05-26\/neue-vorstandsmitglieder-beim-fachverband-procure-ch\/","url":"https:\/\/www.organisator.ch\/en\/general\/2016-05-26\/neue-vorstandsmitglieder-beim-fachverband-procure-ch\/","name":"Nuovi membri del consiglio direttivo dell'associazione di categoria procure.ch - Organizzatore","isPartOf":{"@id":"https:\/\/www.organisator.ch\/#website"},"primaryImageOfPage":{"@id":"https:\/\/www.organisator.ch\/en\/general\/2016-05-26\/neue-vorstandsmitglieder-beim-fachverband-procure-ch\/#primaryimage"},"image":{"@id":"https:\/\/www.organisator.ch\/en\/general\/2016-05-26\/neue-vorstandsmitglieder-beim-fachverband-procure-ch\/#primaryimage"},"thumbnailUrl":"https:\/\/www.organisator.ch\/wp-content\/uploads\/2016\/12\/Neue-Vorstandsmitglieder-beim-Fachverband-procure.ch-organisator.jpg","datePublished":"2016-05-26T09:27:40+00:00","description":"All'assemblea generale dell'associazione di categoria procure.ch, il punto pi\u00f9 importante all'ordine del giorno era la sostituzione del consiglio direttivo.","breadcrumb":{"@id":"https:\/\/www.organisator.ch\/en\/general\/2016-05-26\/neue-vorstandsmitglieder-beim-fachverband-procure-ch\/#breadcrumb"},"inLanguage":"it-IT","potentialAction":[{"@type":"ReadAction","target":["https:\/\/www.organisator.ch\/en\/general\/2016-05-26\/neue-vorstandsmitglieder-beim-fachverband-procure-ch\/"]}]},{"@type":"ImageObject","inLanguage":"it-IT","@id":"https:\/\/www.organisator.ch\/en\/general\/2016-05-26\/neue-vorstandsmitglieder-beim-fachverband-procure-ch\/#primaryimage","url":"https:\/\/www.organisator.ch\/wp-content\/uploads\/2016\/12\/Neue-Vorstandsmitglieder-beim-Fachverband-procure.ch-organisator.jpg","contentUrl":"https:\/\/www.organisator.ch\/wp-content\/uploads\/2016\/12\/Neue-Vorstandsmitglieder-beim-Fachverband-procure.ch-organisator.jpg","width":784,"height":1174,"caption":"Adrian Jungo, Leiter Supply Chain Management und Immobilien, Swisscom AG und neu gew\u00e4hlter Pr\u00e4sident von procure.ch mit Andreas Kilchenmann, Gesch\u00e4ftsf\u00fchrer, WellPack AG (von links)"},{"@type":"BreadcrumbList","@id":"https:\/\/www.organisator.ch\/en\/general\/2016-05-26\/neue-vorstandsmitglieder-beim-fachverband-procure-ch\/#breadcrumb","itemListElement":[{"@type":"ListItem","position":1,"name":"Home","item":"https:\/\/www.organisator.ch\/"},{"@type":"ListItem","position":2,"name":"Neue Vorstandsmitglieder beim Fachverband procure.ch"}]},{"@type":"WebSite","@id":"https:\/\/www.organisator.ch\/#website","url":"https:\/\/www.organisator.ch\/","name":"Organizzatore","description":"Competente. Pratico. In 10 numeri all'anno, ORGANISATOR presenta i temi essenziali per i manager delle PMI.","publisher":{"@id":"https:\/\/www.organisator.ch\/#organization"},"potentialAction":[{"@type":"SearchAction","target":{"@type":"EntryPoint","urlTemplate":"https:\/\/www.organisator.ch\/?s={search_term_string}"},"query-input":{"@type":"PropertyValueSpecification","valueRequired":true,"valueName":"search_term_string"}}],"inLanguage":"it-IT"},{"@type":"Organization","@id":"https:\/\/www.organisator.ch\/#organization","name":"Organizzatore","url":"https:\/\/www.organisator.ch\/","logo":{"@type":"ImageObject","inLanguage":"it-IT","@id":"https:\/\/www.organisator.ch\/#\/schema\/logo\/image\/","url":"https:\/\/www.organisator.ch\/wp-content\/uploads\/2022\/01\/Logo_Organisator_Website.png","contentUrl":"https:\/\/www.organisator.ch\/wp-content\/uploads\/2022\/01\/Logo_Organisator_Website.png","width":800,"height":77,"caption":"Organisator"},"image":{"@id":"https:\/\/www.organisator.ch\/#\/schema\/logo\/image\/"},"sameAs":["https:\/\/www.facebook.com\/OrganisatorFachmagazin","https:\/\/www.linkedin.com\/showcase\/organisator-das-magazin-fr-kmu","https:\/\/www.xing.com\/news\/pages\/organisator-ch-695","https:\/\/www.youtube.com\/channel\/UCGP2Sq0iWaZwT3BdIAQFYpw"]},{"@type":"Person","@id":"https:\/\/www.organisator.ch\/#\/schema\/person\/aa2bace6c5c5aad60102004a50c4eb1c","name":"amministratore","image":{"@type":"ImageObject","inLanguage":"it-IT","@id":"https:\/\/secure.gravatar.com\/avatar\/ae2f4d718e6c49043e314ce431e7e645d646302a24a5ef5a8bc8e3f5a032e319?s=96&d=mm&r=g","url":"https:\/\/secure.gravatar.com\/avatar\/ae2f4d718e6c49043e314ce431e7e645d646302a24a5ef5a8bc8e3f5a032e319?s=96&d=mm&r=g","contentUrl":"https:\/\/secure.gravatar.com\/avatar\/ae2f4d718e6c49043e314ce431e7e645d646302a24a5ef5a8bc8e3f5a032e319?s=96&d=mm&r=g","caption":"admin"},"sameAs":["https:\/\/www.organisator.ch"],"url":"https:\/\/www.organisator.ch\/it\/author\/admin\/"}]}},"_links":{"self":[{"href":"https:\/\/www.organisator.ch\/it\/wp-json\/wp\/v2\/posts\/521","targetHints":{"allow":["GET"]}}],"collection":[{"href":"https:\/\/www.organisator.ch\/it\/wp-json\/wp\/v2\/posts"}],"about":[{"href":"https:\/\/www.organisator.ch\/it\/wp-json\/wp\/v2\/types\/post"}],"author":[{"embeddable":true,"href":"https:\/\/www.organisator.ch\/it\/wp-json\/wp\/v2\/users\/1"}],"replies":[{"embeddable":true,"href":"https:\/\/www.organisator.ch\/it\/wp-json\/wp\/v2\/comments?post=521"}],"version-history":[{"count":0,"href":"https:\/\/www.organisator.ch\/it\/wp-json\/wp\/v2\/posts\/521\/revisions"}],"wp:featuredmedia":[{"embeddable":true,"href":"https:\/\/www.organisator.ch\/it\/wp-json\/wp\/v2\/media\/522"}],"wp:attachment":[{"href":"https:\/\/www.organisator.ch\/it\/wp-json\/wp\/v2\/media?parent=521"}],"wp:term":[{"taxonomy":"category","embeddable":true,"href":"https:\/\/www.organisator.ch\/it\/wp-json\/wp\/v2\/categories?post=521"},{"taxonomy":"post_tag","embeddable":true,"href":"https:\/\/www.organisator.ch\/it\/wp-json\/wp\/v2\/tags?post=521"}],"curies":[{"name":"wp","href":"https:\/\/api.w.org\/{rel}","templated":true}]}}