{"id":5210,"date":"2019-05-02T11:39:06","date_gmt":"2019-05-02T09:39:06","guid":{"rendered":"https:\/\/www.organisator.ch\/?p=5210"},"modified":"2019-05-02T11:39:06","modified_gmt":"2019-05-02T09:39:06","slug":"interne-ceo-kommunikation-wird-wichtiger","status":"publish","type":"post","link":"https:\/\/www.organisator.ch\/it\/management\/2019-05-02\/interne-ceo-kommunikation-wird-wichtiger\/","title":{"rendered":"La comunicazione interna del CEO diventa pi\u00f9 importante"},"content":{"rendered":"<figure id=\"attachment_5211\" aria-describedby=\"caption-attachment-5211\" style=\"width: 680px\" class=\"wp-caption alignnone\"><img loading=\"lazy\" decoding=\"async\" class=\"size-medium wp-image-5211\" src=\"https:\/\/www.organisator.ch\/wp-content\/uploads\/2019\/05\/Interne-CEO-Kommunikation-wird-wichtiger_Organisator.jpg\" alt=\"\" width=\"680\" height=\"365\" srcset=\"https:\/\/www.organisator.ch\/wp-content\/uploads\/2019\/05\/Interne-CEO-Kommunikation-wird-wichtiger_Organisator.jpg 680w, https:\/\/www.organisator.ch\/wp-content\/uploads\/2019\/05\/Interne-CEO-Kommunikation-wird-wichtiger_Organisator-16x9.jpg 16w, https:\/\/www.organisator.ch\/wp-content\/uploads\/2019\/05\/Interne-CEO-Kommunikation-wird-wichtiger_Organisator-326x175.jpg 326w, https:\/\/www.organisator.ch\/wp-content\/uploads\/2019\/05\/Interne-CEO-Kommunikation-wird-wichtiger_Organisator-652x350.jpg 652w, https:\/\/www.organisator.ch\/wp-content\/uploads\/2019\/05\/Interne-CEO-Kommunikation-wird-wichtiger_Organisator-300x161.jpg 300w\" sizes=\"auto, (max-width: 680px) 100vw, 680px\" \/><figcaption id=\"caption-attachment-5211\" class=\"wp-caption-text\">Secondo un'indagine dell'associazione professionale Perikom, la comunicazione interna dei CEO sta diventando sempre pi\u00f9 importante. (Grafico: Perikom)<\/figcaption><\/figure>\n<p>Nel 2019, il fact check di Perikom sar\u00e0 accompagnato per la prima volta da una valutazione scientifica della HWZ Hochschule f\u00fcr Wirtschaft Z\u00fcrich e fornir\u00e0 un quadro preciso della situazione della comunicazione interna nelle grandi aziende svizzere. L'indagine sulla comunicazione interna dei CEO mira a capire come \u00e8 oggi la comunicazione degli amministratori delegati nei confronti dei dipendenti in relazione alla digitalizzazione nelle aziende con il maggior numero di dipendenti in Svizzera e come viene percepita e come si svilupper\u00e0 in futuro. I responsabili della comunicazione e delle risorse umane delle 120 aziende con il maggior numero di dipendenti in Svizzera sono stati invitati a partecipare all'indagine. Il tasso di compilazione del questionario \u00e8 del 55,8%; dei 120 esperti interpellati, 67 hanno compilato il questionario per intero.<\/p>\n<h2>Aumenta l'importanza della comunicazione dei CEO<\/h2>\n<p>I responsabili della comunicazione e delle risorse umane che hanno partecipato allo studio affermano la crescente importanza della comunicazione interna del CEO negli ultimi cinque anni (52% in qualche modo d'accordo, 30% \"completamente d'accordo\"). Alla domanda se la sua importanza continuer\u00e0 ad aumentare in futuro, le percentuali di accordo sono altrettanto alte (56% \"un po' d'accordo\", 31% \"completamente d'accordo\"). Solo una minoranza non \u00e8 d'accordo con questa valutazione (4,5% \"in disaccordo\", 7,5% \"piuttosto in disaccordo\").<\/p>\n<h2>La trasparenza promuove la fiducia nella leadership<\/h2>\n<p>Quali contenuti saranno pi\u00f9 importanti nella comunicazione interna del CEO in futuro? Qui vengono citati soprattutto la strategia e gli obiettivi, nonch\u00e9 i valori e gli atteggiamenti. I contenuti relativi a fatti e cifre sono considerati meno rilevanti. Ben il 63% degli intervistati concorda con la tesi che la trasparenza come segno di fiducia diventer\u00e0 ancora pi\u00f9 importante in futuro. Contribuisce a promuovere la fiducia nella leadership. Al contrario, solo il 13% dei rappresentanti aziendali intervistati ha potuto affermare che il loro CEO parla anche dei fallimenti ai dipendenti. Inoltre, il 25% ha affermato senza riserve che la propria azienda dispone di una strategia di comunicazione interna per il CEO. L'ulteriore valutazione dello studio mostrer\u00e0 anche quali sono i canali e gli strumenti principalmente utilizzati per la comunicazione del CEO.<\/p>\n<p>&nbsp;<\/p>\n<p><em>Lo studio completo sulla comunicazione interna del CEO \u00e8 attualmente in fase di preparazione. I risultati saranno presentati per la prima volta alla conferenza annuale Perikom il 23 maggio presso la HWZ Hochschule f\u00fcr Wirtschaft. <a href=\"http:\/\/www.perikom.ch\/\">www.perikom.ch<\/a><\/em><\/p>","protected":false},"excerpt":{"rendered":"<p>Der Perikom-Faktencheck wird 2019 erstmals durch eine wissenschaftliche Auswertung der HWZ Hochschule f\u00fcr Wirtschaft Z\u00fcrich begleitet und vermittelt ein akkurates Bild der Situation der internen Kommunikation von grossen Schweizer Unternehmen. Die Umfrage zur internen CEO-Kommunikation will Erkenntnisse dar\u00fcber gewinnen, wie sich die Kommunikation der Gesch\u00e4ftsf\u00fchrenden gegen\u00fcber den Mitarbeitenden im Zusammenhang mit der Digitalisierung in den [&hellip;]<\/p>\n","protected":false},"author":4,"featured_media":5211,"comment_status":"open","ping_status":"open","sticky":false,"template":"","format":"standard","meta":{"_acf_changed":false,"_yoast_wpseo_focuskw":"CEO-Kommunikation","_yoast_wpseo_metadesc":"In einer Umfrage geben \u00fcber 80 Prozent der antwortenden Kommunikationsspezialisten an, dass die interne CEO-Kommunikation in Zukunft wichtiger wird.","articlekey":"","footnotes":""},"categories":[28],"tags":[308,335,459,504],"class_list":["post-5210","post","type-post","status-publish","format-standard","has-post-thumbnail","hentry","category-management","tag-kommunikation","tag-management-und-unternehmensfuehrung","tag-studie","tag-vereine"],"acf":[],"yoast_head":"<!-- This site is optimized with the Yoast SEO plugin v27.4 - https:\/\/yoast.com\/product\/yoast-seo-wordpress\/ -->\n<title>Interne CEO-Kommunikation wird wichtiger - Organisator<\/title>\n<meta name=\"description\" content=\"In einer Umfrage geben \u00fcber 80 Prozent der antwortenden Kommunikationsspezialisten an, dass die interne CEO-Kommunikation in Zukunft wichtiger wird.\" \/>\n<meta name=\"robots\" content=\"index, follow, max-snippet:-1, max-image-preview:large, max-video-preview:-1\" \/>\n<link rel=\"canonical\" href=\"https:\/\/www.organisator.ch\/it\/gestione-2\/2019-05-02\/interne-ceo-kommunikation-wird-wichtiger\/\" \/>\n<meta property=\"og:locale\" content=\"it_IT\" \/>\n<meta property=\"og:type\" content=\"article\" \/>\n<meta property=\"og:title\" content=\"Interne CEO-Kommunikation wird wichtiger\" \/>\n<meta property=\"og:description\" content=\"In einer Umfrage geben \u00fcber 80 Prozent der antwortenden Kommunikationsspezialisten an, dass die interne CEO-Kommunikation in Zukunft wichtiger wird.\" \/>\n<meta property=\"og:url\" content=\"https:\/\/www.organisator.ch\/it\/gestione-2\/2019-05-02\/interne-ceo-kommunikation-wird-wichtiger\/\" \/>\n<meta property=\"og:site_name\" content=\"Organisator\" \/>\n<meta property=\"article:publisher\" content=\"https:\/\/www.facebook.com\/OrganisatorFachmagazin\" \/>\n<meta property=\"article:published_time\" content=\"2019-05-02T09:39:06+00:00\" \/>\n<meta property=\"og:image\" content=\"https:\/\/www.organisator.ch\/wp-content\/uploads\/2019\/05\/Interne-CEO-Kommunikation-wird-wichtiger_Organisator.jpg\" \/>\n\t<meta property=\"og:image:width\" content=\"680\" \/>\n\t<meta property=\"og:image:height\" content=\"365\" \/>\n\t<meta property=\"og:image:type\" content=\"image\/jpeg\" \/>\n<meta name=\"author\" content=\"thomas.berner\" \/>\n<meta name=\"twitter:card\" content=\"summary_large_image\" \/>\n<meta name=\"twitter:title\" content=\"Interne #CEO-Kommunikation wird wichtiger\" \/>\n<meta name=\"twitter:description\" content=\"In einer Umfrage geben \u00fcber 80 Prozent der antwortenden Kommunikationsspezialisten an, dass die interne #CEO-Kommunikation in Zukunft wichtiger wird.\" \/>\n<meta name=\"twitter:image\" content=\"https:\/\/www.organisator.ch\/wp-content\/uploads\/2019\/05\/Interne-CEO-Kommunikation-wird-wichtiger_Organisator.jpg\" \/>\n<script type=\"application\/ld+json\" class=\"yoast-schema-graph\">{\"@context\":\"https:\\\/\\\/schema.org\",\"@graph\":[{\"@type\":\"Article\",\"@id\":\"https:\\\/\\\/www.organisator.ch\\\/management\\\/2019-05-02\\\/interne-ceo-kommunikation-wird-wichtiger\\\/#article\",\"isPartOf\":{\"@id\":\"https:\\\/\\\/www.organisator.ch\\\/management\\\/2019-05-02\\\/interne-ceo-kommunikation-wird-wichtiger\\\/\"},\"author\":{\"name\":\"thomas.berner\",\"@id\":\"https:\\\/\\\/www.organisator.ch\\\/#\\\/schema\\\/person\\\/6f650f90b2842cd4c0cc334b4e36f67e\"},\"headline\":\"Interne CEO-Kommunikation wird wichtiger\",\"datePublished\":\"2019-05-02T09:39:06+00:00\",\"mainEntityOfPage\":{\"@id\":\"https:\\\/\\\/www.organisator.ch\\\/management\\\/2019-05-02\\\/interne-ceo-kommunikation-wird-wichtiger\\\/\"},\"wordCount\":370,\"commentCount\":0,\"publisher\":{\"@id\":\"https:\\\/\\\/www.organisator.ch\\\/#organization\"},\"image\":{\"@id\":\"https:\\\/\\\/www.organisator.ch\\\/management\\\/2019-05-02\\\/interne-ceo-kommunikation-wird-wichtiger\\\/#primaryimage\"},\"thumbnailUrl\":\"https:\\\/\\\/www.organisator.ch\\\/wp-content\\\/uploads\\\/2019\\\/05\\\/Interne-CEO-Kommunikation-wird-wichtiger_Organisator.jpg\",\"keywords\":[\"Kommunikation\",\"Management und Unternehmensf\u00fchrung\",\"Studie\",\"Vereine\"],\"articleSection\":[\"MANAGEMENT\"],\"inLanguage\":\"it-IT\"},{\"@type\":\"WebPage\",\"@id\":\"https:\\\/\\\/www.organisator.ch\\\/management\\\/2019-05-02\\\/interne-ceo-kommunikation-wird-wichtiger\\\/\",\"url\":\"https:\\\/\\\/www.organisator.ch\\\/management\\\/2019-05-02\\\/interne-ceo-kommunikation-wird-wichtiger\\\/\",\"name\":\"Interne CEO-Kommunikation wird wichtiger - Organisator\",\"isPartOf\":{\"@id\":\"https:\\\/\\\/www.organisator.ch\\\/#website\"},\"primaryImageOfPage\":{\"@id\":\"https:\\\/\\\/www.organisator.ch\\\/management\\\/2019-05-02\\\/interne-ceo-kommunikation-wird-wichtiger\\\/#primaryimage\"},\"image\":{\"@id\":\"https:\\\/\\\/www.organisator.ch\\\/management\\\/2019-05-02\\\/interne-ceo-kommunikation-wird-wichtiger\\\/#primaryimage\"},\"thumbnailUrl\":\"https:\\\/\\\/www.organisator.ch\\\/wp-content\\\/uploads\\\/2019\\\/05\\\/Interne-CEO-Kommunikation-wird-wichtiger_Organisator.jpg\",\"datePublished\":\"2019-05-02T09:39:06+00:00\",\"description\":\"In einer Umfrage geben \u00fcber 80 Prozent der antwortenden Kommunikationsspezialisten an, dass die interne CEO-Kommunikation in Zukunft wichtiger wird.\",\"breadcrumb\":{\"@id\":\"https:\\\/\\\/www.organisator.ch\\\/management\\\/2019-05-02\\\/interne-ceo-kommunikation-wird-wichtiger\\\/#breadcrumb\"},\"inLanguage\":\"it-IT\",\"potentialAction\":[{\"@type\":\"ReadAction\",\"target\":[\"https:\\\/\\\/www.organisator.ch\\\/management\\\/2019-05-02\\\/interne-ceo-kommunikation-wird-wichtiger\\\/\"]}]},{\"@type\":\"ImageObject\",\"inLanguage\":\"it-IT\",\"@id\":\"https:\\\/\\\/www.organisator.ch\\\/management\\\/2019-05-02\\\/interne-ceo-kommunikation-wird-wichtiger\\\/#primaryimage\",\"url\":\"https:\\\/\\\/www.organisator.ch\\\/wp-content\\\/uploads\\\/2019\\\/05\\\/Interne-CEO-Kommunikation-wird-wichtiger_Organisator.jpg\",\"contentUrl\":\"https:\\\/\\\/www.organisator.ch\\\/wp-content\\\/uploads\\\/2019\\\/05\\\/Interne-CEO-Kommunikation-wird-wichtiger_Organisator.jpg\",\"width\":680,\"height\":365,\"caption\":\"Gem\u00e4ss einer Umfrage des Fachvereins Perikom wird interne CEO-Kommunikation immer wichtiger. (Grafik: Perikom)\"},{\"@type\":\"BreadcrumbList\",\"@id\":\"https:\\\/\\\/www.organisator.ch\\\/management\\\/2019-05-02\\\/interne-ceo-kommunikation-wird-wichtiger\\\/#breadcrumb\",\"itemListElement\":[{\"@type\":\"ListItem\",\"position\":1,\"name\":\"Home\",\"item\":\"https:\\\/\\\/www.organisator.ch\\\/\"},{\"@type\":\"ListItem\",\"position\":2,\"name\":\"Interne CEO-Kommunikation wird wichtiger\"}]},{\"@type\":\"WebSite\",\"@id\":\"https:\\\/\\\/www.organisator.ch\\\/#website\",\"url\":\"https:\\\/\\\/www.organisator.ch\\\/\",\"name\":\"Organisator\",\"description\":\"Kompetent. Praxisnah. Der ORGANISATOR bereitet in 10 Ausgaben pro Jahr die wesentlichen Themen f\u00fcr F\u00fchrungskr\u00e4fte von KMU auf.\",\"publisher\":{\"@id\":\"https:\\\/\\\/www.organisator.ch\\\/#organization\"},\"potentialAction\":[{\"@type\":\"SearchAction\",\"target\":{\"@type\":\"EntryPoint\",\"urlTemplate\":\"https:\\\/\\\/www.organisator.ch\\\/?s={search_term_string}\"},\"query-input\":{\"@type\":\"PropertyValueSpecification\",\"valueRequired\":true,\"valueName\":\"search_term_string\"}}],\"inLanguage\":\"it-IT\"},{\"@type\":\"Organization\",\"@id\":\"https:\\\/\\\/www.organisator.ch\\\/#organization\",\"name\":\"Organisator\",\"url\":\"https:\\\/\\\/www.organisator.ch\\\/\",\"logo\":{\"@type\":\"ImageObject\",\"inLanguage\":\"it-IT\",\"@id\":\"https:\\\/\\\/www.organisator.ch\\\/#\\\/schema\\\/logo\\\/image\\\/\",\"url\":\"https:\\\/\\\/www.organisator.ch\\\/wp-content\\\/uploads\\\/2022\\\/01\\\/Logo_Organisator_Website.png\",\"contentUrl\":\"https:\\\/\\\/www.organisator.ch\\\/wp-content\\\/uploads\\\/2022\\\/01\\\/Logo_Organisator_Website.png\",\"width\":800,\"height\":77,\"caption\":\"Organisator\"},\"image\":{\"@id\":\"https:\\\/\\\/www.organisator.ch\\\/#\\\/schema\\\/logo\\\/image\\\/\"},\"sameAs\":[\"https:\\\/\\\/www.facebook.com\\\/OrganisatorFachmagazin\",\"https:\\\/\\\/www.linkedin.com\\\/showcase\\\/organisator-das-magazin-fr-kmu\",\"https:\\\/\\\/www.xing.com\\\/news\\\/pages\\\/organisator-ch-695\",\"https:\\\/\\\/www.youtube.com\\\/channel\\\/UCGP2Sq0iWaZwT3BdIAQFYpw\"]},{\"@type\":\"Person\",\"@id\":\"https:\\\/\\\/www.organisator.ch\\\/#\\\/schema\\\/person\\\/6f650f90b2842cd4c0cc334b4e36f67e\",\"name\":\"thomas.berner\",\"image\":{\"@type\":\"ImageObject\",\"inLanguage\":\"it-IT\",\"@id\":\"https:\\\/\\\/secure.gravatar.com\\\/avatar\\\/ac5001d2a36cb6c6cd3e50789007ffca834b477b74a2144564522e944eabff61?s=96&d=mm&r=g\",\"url\":\"https:\\\/\\\/secure.gravatar.com\\\/avatar\\\/ac5001d2a36cb6c6cd3e50789007ffca834b477b74a2144564522e944eabff61?s=96&d=mm&r=g\",\"contentUrl\":\"https:\\\/\\\/secure.gravatar.com\\\/avatar\\\/ac5001d2a36cb6c6cd3e50789007ffca834b477b74a2144564522e944eabff61?s=96&d=mm&r=g\",\"caption\":\"thomas.berner\"},\"url\":\"https:\\\/\\\/www.organisator.ch\\\/it\\\/author\\\/thomas-berner\\\/\"}]}<\/script>\n<!-- \/ Yoast SEO plugin. -->","yoast_head_json":{"title":"La comunicazione interna del CEO diventa pi\u00f9 importante - Organizzatore","description":"In un sondaggio, oltre l'80% degli specialisti della comunicazione intervistati afferma che la comunicazione interna del CEO diventer\u00e0 sempre pi\u00f9 importante in futuro.","robots":{"index":"index","follow":"follow","max-snippet":"max-snippet:-1","max-image-preview":"max-image-preview:large","max-video-preview":"max-video-preview:-1"},"canonical":"https:\/\/www.organisator.ch\/it\/gestione-2\/2019-05-02\/interne-ceo-kommunikation-wird-wichtiger\/","og_locale":"it_IT","og_type":"article","og_title":"Interne CEO-Kommunikation wird wichtiger","og_description":"In einer Umfrage geben \u00fcber 80 Prozent der antwortenden Kommunikationsspezialisten an, dass die interne CEO-Kommunikation in Zukunft wichtiger wird.","og_url":"https:\/\/www.organisator.ch\/it\/gestione-2\/2019-05-02\/interne-ceo-kommunikation-wird-wichtiger\/","og_site_name":"Organisator","article_publisher":"https:\/\/www.facebook.com\/OrganisatorFachmagazin","article_published_time":"2019-05-02T09:39:06+00:00","og_image":[{"width":680,"height":365,"url":"https:\/\/www.organisator.ch\/wp-content\/uploads\/2019\/05\/Interne-CEO-Kommunikation-wird-wichtiger_Organisator.jpg","type":"image\/jpeg"}],"author":"thomas.berner","twitter_card":"summary_large_image","twitter_title":"Interne #CEO-Kommunikation wird wichtiger","twitter_description":"In einer Umfrage geben \u00fcber 80 Prozent der antwortenden Kommunikationsspezialisten an, dass die interne #CEO-Kommunikation in Zukunft wichtiger wird.","twitter_image":"https:\/\/www.organisator.ch\/wp-content\/uploads\/2019\/05\/Interne-CEO-Kommunikation-wird-wichtiger_Organisator.jpg","schema":{"@context":"https:\/\/schema.org","@graph":[{"@type":"Article","@id":"https:\/\/www.organisator.ch\/management\/2019-05-02\/interne-ceo-kommunikation-wird-wichtiger\/#article","isPartOf":{"@id":"https:\/\/www.organisator.ch\/management\/2019-05-02\/interne-ceo-kommunikation-wird-wichtiger\/"},"author":{"name":"thomas.berner","@id":"https:\/\/www.organisator.ch\/#\/schema\/person\/6f650f90b2842cd4c0cc334b4e36f67e"},"headline":"Interne CEO-Kommunikation wird wichtiger","datePublished":"2019-05-02T09:39:06+00:00","mainEntityOfPage":{"@id":"https:\/\/www.organisator.ch\/management\/2019-05-02\/interne-ceo-kommunikation-wird-wichtiger\/"},"wordCount":370,"commentCount":0,"publisher":{"@id":"https:\/\/www.organisator.ch\/#organization"},"image":{"@id":"https:\/\/www.organisator.ch\/management\/2019-05-02\/interne-ceo-kommunikation-wird-wichtiger\/#primaryimage"},"thumbnailUrl":"https:\/\/www.organisator.ch\/wp-content\/uploads\/2019\/05\/Interne-CEO-Kommunikation-wird-wichtiger_Organisator.jpg","keywords":["Kommunikation","Management und Unternehmensf\u00fchrung","Studie","Vereine"],"articleSection":["MANAGEMENT"],"inLanguage":"it-IT"},{"@type":"WebPage","@id":"https:\/\/www.organisator.ch\/management\/2019-05-02\/interne-ceo-kommunikation-wird-wichtiger\/","url":"https:\/\/www.organisator.ch\/management\/2019-05-02\/interne-ceo-kommunikation-wird-wichtiger\/","name":"La comunicazione interna del CEO diventa pi\u00f9 importante - Organizzatore","isPartOf":{"@id":"https:\/\/www.organisator.ch\/#website"},"primaryImageOfPage":{"@id":"https:\/\/www.organisator.ch\/management\/2019-05-02\/interne-ceo-kommunikation-wird-wichtiger\/#primaryimage"},"image":{"@id":"https:\/\/www.organisator.ch\/management\/2019-05-02\/interne-ceo-kommunikation-wird-wichtiger\/#primaryimage"},"thumbnailUrl":"https:\/\/www.organisator.ch\/wp-content\/uploads\/2019\/05\/Interne-CEO-Kommunikation-wird-wichtiger_Organisator.jpg","datePublished":"2019-05-02T09:39:06+00:00","description":"In un sondaggio, oltre l'80% degli specialisti della comunicazione intervistati afferma che la comunicazione interna del CEO diventer\u00e0 sempre pi\u00f9 importante in futuro.","breadcrumb":{"@id":"https:\/\/www.organisator.ch\/management\/2019-05-02\/interne-ceo-kommunikation-wird-wichtiger\/#breadcrumb"},"inLanguage":"it-IT","potentialAction":[{"@type":"ReadAction","target":["https:\/\/www.organisator.ch\/management\/2019-05-02\/interne-ceo-kommunikation-wird-wichtiger\/"]}]},{"@type":"ImageObject","inLanguage":"it-IT","@id":"https:\/\/www.organisator.ch\/management\/2019-05-02\/interne-ceo-kommunikation-wird-wichtiger\/#primaryimage","url":"https:\/\/www.organisator.ch\/wp-content\/uploads\/2019\/05\/Interne-CEO-Kommunikation-wird-wichtiger_Organisator.jpg","contentUrl":"https:\/\/www.organisator.ch\/wp-content\/uploads\/2019\/05\/Interne-CEO-Kommunikation-wird-wichtiger_Organisator.jpg","width":680,"height":365,"caption":"Gem\u00e4ss einer Umfrage des Fachvereins Perikom wird interne CEO-Kommunikation immer wichtiger. (Grafik: Perikom)"},{"@type":"BreadcrumbList","@id":"https:\/\/www.organisator.ch\/management\/2019-05-02\/interne-ceo-kommunikation-wird-wichtiger\/#breadcrumb","itemListElement":[{"@type":"ListItem","position":1,"name":"Home","item":"https:\/\/www.organisator.ch\/"},{"@type":"ListItem","position":2,"name":"Interne CEO-Kommunikation wird wichtiger"}]},{"@type":"WebSite","@id":"https:\/\/www.organisator.ch\/#website","url":"https:\/\/www.organisator.ch\/","name":"Organizzatore","description":"Competente. Pratico. In 10 numeri all'anno, ORGANISATOR presenta i temi essenziali per i manager delle PMI.","publisher":{"@id":"https:\/\/www.organisator.ch\/#organization"},"potentialAction":[{"@type":"SearchAction","target":{"@type":"EntryPoint","urlTemplate":"https:\/\/www.organisator.ch\/?s={search_term_string}"},"query-input":{"@type":"PropertyValueSpecification","valueRequired":true,"valueName":"search_term_string"}}],"inLanguage":"it-IT"},{"@type":"Organization","@id":"https:\/\/www.organisator.ch\/#organization","name":"Organizzatore","url":"https:\/\/www.organisator.ch\/","logo":{"@type":"ImageObject","inLanguage":"it-IT","@id":"https:\/\/www.organisator.ch\/#\/schema\/logo\/image\/","url":"https:\/\/www.organisator.ch\/wp-content\/uploads\/2022\/01\/Logo_Organisator_Website.png","contentUrl":"https:\/\/www.organisator.ch\/wp-content\/uploads\/2022\/01\/Logo_Organisator_Website.png","width":800,"height":77,"caption":"Organisator"},"image":{"@id":"https:\/\/www.organisator.ch\/#\/schema\/logo\/image\/"},"sameAs":["https:\/\/www.facebook.com\/OrganisatorFachmagazin","https:\/\/www.linkedin.com\/showcase\/organisator-das-magazin-fr-kmu","https:\/\/www.xing.com\/news\/pages\/organisator-ch-695","https:\/\/www.youtube.com\/channel\/UCGP2Sq0iWaZwT3BdIAQFYpw"]},{"@type":"Person","@id":"https:\/\/www.organisator.ch\/#\/schema\/person\/6f650f90b2842cd4c0cc334b4e36f67e","name":"Tommaso.berner","image":{"@type":"ImageObject","inLanguage":"it-IT","@id":"https:\/\/secure.gravatar.com\/avatar\/ac5001d2a36cb6c6cd3e50789007ffca834b477b74a2144564522e944eabff61?s=96&d=mm&r=g","url":"https:\/\/secure.gravatar.com\/avatar\/ac5001d2a36cb6c6cd3e50789007ffca834b477b74a2144564522e944eabff61?s=96&d=mm&r=g","contentUrl":"https:\/\/secure.gravatar.com\/avatar\/ac5001d2a36cb6c6cd3e50789007ffca834b477b74a2144564522e944eabff61?s=96&d=mm&r=g","caption":"thomas.berner"},"url":"https:\/\/www.organisator.ch\/it\/author\/thomas-berner\/"}]}},"_links":{"self":[{"href":"https:\/\/www.organisator.ch\/it\/wp-json\/wp\/v2\/posts\/5210","targetHints":{"allow":["GET"]}}],"collection":[{"href":"https:\/\/www.organisator.ch\/it\/wp-json\/wp\/v2\/posts"}],"about":[{"href":"https:\/\/www.organisator.ch\/it\/wp-json\/wp\/v2\/types\/post"}],"author":[{"embeddable":true,"href":"https:\/\/www.organisator.ch\/it\/wp-json\/wp\/v2\/users\/4"}],"replies":[{"embeddable":true,"href":"https:\/\/www.organisator.ch\/it\/wp-json\/wp\/v2\/comments?post=5210"}],"version-history":[{"count":0,"href":"https:\/\/www.organisator.ch\/it\/wp-json\/wp\/v2\/posts\/5210\/revisions"}],"wp:featuredmedia":[{"embeddable":true,"href":"https:\/\/www.organisator.ch\/it\/wp-json\/wp\/v2\/media\/5211"}],"wp:attachment":[{"href":"https:\/\/www.organisator.ch\/it\/wp-json\/wp\/v2\/media?parent=5210"}],"wp:term":[{"taxonomy":"category","embeddable":true,"href":"https:\/\/www.organisator.ch\/it\/wp-json\/wp\/v2\/categories?post=5210"},{"taxonomy":"post_tag","embeddable":true,"href":"https:\/\/www.organisator.ch\/it\/wp-json\/wp\/v2\/tags?post=5210"}],"curies":[{"name":"wp","href":"https:\/\/api.w.org\/{rel}","templated":true}]}}