{"id":5217,"date":"2019-05-08T08:28:29","date_gmt":"2019-05-08T06:28:29","guid":{"rendered":"https:\/\/www.organisator.ch\/?p=5217"},"modified":"2019-05-08T08:28:29","modified_gmt":"2019-05-08T06:28:29","slug":"konflikte-am-arbeitsplatz-5-tipps-fuer-einen-friedlichen-umgang-mit-kollegen","status":"publish","type":"post","link":"https:\/\/www.organisator.ch\/it\/human-resources\/fit_im_job\/2019-05-08\/konflikte-am-arbeitsplatz-5-tipps-fuer-einen-friedlichen-umgang-mit-kollegen\/","title":{"rendered":"Conflitti sul posto di lavoro: 5 consigli per trattare pacificamente con i colleghi"},"content":{"rendered":"<figure id=\"attachment_5218\" aria-describedby=\"caption-attachment-5218\" style=\"width: 680px\" class=\"wp-caption alignnone\"><img loading=\"lazy\" decoding=\"async\" class=\"size-medium wp-image-5218\" src=\"https:\/\/www.organisator.ch\/wp-content\/uploads\/2019\/05\/Konflikte-am-Arbeitsplatz-5-Tipps-fuer-einen-friedlichen-Umgang-mit-Kollegen_Organisator.jpg\" alt=\"\" width=\"680\" height=\"452\" srcset=\"https:\/\/www.organisator.ch\/wp-content\/uploads\/2019\/05\/Konflikte-am-Arbeitsplatz-5-Tipps-fuer-einen-friedlichen-Umgang-mit-Kollegen_Organisator.jpg 680w, https:\/\/www.organisator.ch\/wp-content\/uploads\/2019\/05\/Konflikte-am-Arbeitsplatz-5-Tipps-fuer-einen-friedlichen-Umgang-mit-Kollegen_Organisator-16x12.jpg 16w, https:\/\/www.organisator.ch\/wp-content\/uploads\/2019\/05\/Konflikte-am-Arbeitsplatz-5-Tipps-fuer-einen-friedlichen-Umgang-mit-Kollegen_Organisator-263x175.jpg 263w, https:\/\/www.organisator.ch\/wp-content\/uploads\/2019\/05\/Konflikte-am-Arbeitsplatz-5-Tipps-fuer-einen-friedlichen-Umgang-mit-Kollegen_Organisator-527x350.jpg 527w, https:\/\/www.organisator.ch\/wp-content\/uploads\/2019\/05\/Konflikte-am-Arbeitsplatz-5-Tipps-fuer-einen-friedlichen-Umgang-mit-Kollegen_Organisator-300x199.jpg 300w\" sizes=\"auto, (max-width: 680px) 100vw, 680px\" \/><figcaption id=\"caption-attachment-5218\" class=\"wp-caption-text\">Finch\u00e9 la situazione non si aggrava: I conflitti sul posto di lavoro possono essere attenuati se si tengono a mente alcuni consigli. (Immagine: Fotolia.com)<\/figcaption><\/figure>\n<p>Prese in giro, scherzi alle spalle dei colleghi o un dipendente frustrato che assume il tono sbagliato: \"Tutto questo crea stress ed \u00e8 estenuante. Tali conflitti non solo distraggono dai compiti effettivi, ma a lungo andare hanno un effetto negativo sull'atmosfera dell'intero team\", spiega l'esperto di comunicazione e gestore dei conflitti Robert H\u00e4ckl del <a href=\"https:\/\/www.executive-mediation.com\/\">Mediazione esecutiva Ltd.<\/a> a K\u00f6nigstein im Taunus (Germania). Per evitare che i conflitti sul posto di lavoro diventino un'abitudine e si inaspriscano, ogni individuo pu\u00f2 contribuire a una convivenza armoniosa.<\/p>\n<h2>Suggerimento 1 - Rimanere obiettivi<\/h2>\n<p>Indipendentemente dal fatto che un collega dimentichi di inoltrare il messaggio telefonico di un cliente, che parli a voce troppo alta in un ufficio open space o che ci siano divergenze sui contenuti, il potenziale di conflitto sul posto di lavoro \u00e8 grande. \"Una parola pu\u00f2 seguire rapidamente un'altra\", sa Robert H\u00e4ckl. Spesso si sviluppa un certo automatismo di attacco, difesa e contrattacco, che nel peggiore dei casi degenera in una tangibile guerra di parole. \"\u00c8 importante rompere questo schema\", spiega l'esperto. \u00c8 fondamentale rimanere obiettivi ed eliminare la velocit\u00e0 dalla conversazione. \"Questo funziona molto bene se tutte le parti si prendono un momento di pausa, riprendono fiato e si riprendono\", aggiunge Robert H\u00e4ckl. In situazioni particolarmente accese, l'esperto consiglia anche di ritirarsi per qualche minuto, all'aria aperta o in un altro luogo di ritiro.<\/p>\n<h2>Suggerimento 2 - Attenzione alla scelta delle parole!<\/h2>\n<p>\"Quando si tratta di trovare soluzioni costruttive, il modo in cui certi problemi vengono discussi \u00e8 di fondamentale importanza\", spiega Robert H\u00e4ckl. Invece di attaccare gli altri e di assumere un atteggiamento di confronto diretto in termini di linguaggio, il problema reale dovrebbe essere avvicinato alla controparte. Non \u00e8 utile per chiarire un problema accusare le persone coinvolte di malizia complottista, ad esempio. \"\u00c8 meglio descrivere la propria percezione della situazione con i messaggi I\", consiglia Robert H\u00e4ckl. La situazione si sblocca quando si parla della propria percezione, dei propri sentimenti e della propria comprensione personale di una situazione. In questo modo, nessuno si vergogna di doversi difendere. Entrambe le parti sono cos\u00ec in grado di trovare una soluzione al problema.<\/p>\n<h2>Suggerimento 3 - Qual \u00e8 la posizione dell'altro?<\/h2>\n<p>Un conflitto coinvolge sempre almeno due parti. \"Pertanto, ciascuna delle parti deve essere pronta a trovare una soluzione. Questo include anche l'accoglienza della controparte\", sa Robert H\u00e4ckl. Questo inizia gi\u00e0 con il mettersi nei panni dell'altro e con il rendersi conto di come i propri messaggi potrebbero essere compresi nella foga del momento. Questo aiuta a comprendere meglio le cause reali del conflitto e a risolverlo.<\/p>\n<h2>Suggerimento 4 - Qual \u00e8 la cosa peggiore che pu\u00f2 accadere?<\/h2>\n<p>Se tutte le parti coinvolte insistono sul loro punto di vista, la riconciliazione \u00e8 difficilmente possibile. Pertanto, l'esperto raccomanda di visualizzare gli effetti della controversia per le settimane e i mesi successivi, creando cos\u00ec la disponibilit\u00e0 per un compromesso. \"Anche se un compromesso non soddisfa pienamente gli interessi individuali di entrambe le parti, di solito \u00e8 meglio di un contenzioso prolungato\", aggiunge l'esperto.<\/p>\n<h2>Suggerimento 5 - Su un terreno neutro<\/h2>\n<p>Se le tensioni si sono gi\u00e0 create, \u00e8 necessario usare tatto e competenza in materia di conflitti. Chi non ha i propri specialisti pu\u00f2 trovare aiuto in consulenti e mediatori esterni. In qualit\u00e0 di terzi neutrali, questi esperti forniscono impulsi mirati che tengono conto sia della cultura aziendale che dell'individualit\u00e0 dei dipendenti. Con il loro sostegno, tutte le persone coinvolte imparano a riconoscere il conflitto in quanto tale e a migliorare e risolvere le situazioni di tensione.<\/p>","protected":false},"excerpt":{"rendered":"<p>Sticheleien, Witze hinter dem R\u00fccken von Kollegen oder ein frustrierter Mitarbeiter, der sich im Ton vergreift: \u201eAll das erzeugt Stress und ist anstrengend. Solche Konflikte lenken nicht nur von den eigentlichen Aufgaben ab, sondern wirken sich auf lange Sicht negativ auf die Atmosph\u00e4re im gesamten Team aus\u201c, wei\u00df Kommunikationsexperte und Konfliktmanager Robert H\u00e4ckl von der [&hellip;]<\/p>\n","protected":false},"author":4,"featured_media":5218,"comment_status":"open","ping_status":"open","sticky":false,"template":"","format":"standard","meta":{"_acf_changed":false,"_yoast_wpseo_focuskw":"Konflikte am Arbeitsplatz","_yoast_wpseo_metadesc":"Konflikte am Arbeitsplatz sind keine Seltenheit. Schlie\u00dflich treffen hier t\u00e4glich verschiedene Charaktere und Standpunkte aufeinander.","articlekey":"","footnotes":""},"categories":[25],"tags":[51,115,208,254],"class_list":["post-5217","post","type-post","status-publish","format-standard","has-post-thumbnail","hentry","category-fit_im_job","tag-arbeitsplatzgestaltung","tag-checklisten","tag-fit-im-job","tag-hrm"],"acf":[],"yoast_head":"<!-- This site is optimized with the Yoast SEO plugin v27.4 - https:\/\/yoast.com\/product\/yoast-seo-wordpress\/ -->\n<title>Konflikte am Arbeitsplatz: 5 Tipps f\u00fcr einen friedlichen Umgang mit Kollegen - Organisator<\/title>\n<meta name=\"description\" content=\"Konflikte am Arbeitsplatz sind keine Seltenheit. Schlie\u00dflich treffen hier t\u00e4glich verschiedene Charaktere und Standpunkte aufeinander.\" \/>\n<meta name=\"robots\" content=\"index, follow, max-snippet:-1, max-image-preview:large, max-video-preview:-1\" \/>\n<link rel=\"canonical\" href=\"https:\/\/www.organisator.ch\/it\/risorse-umane\/fit_im_job\/2019-05-08\/konflikte-am-arbeitsplatz-5-tipps-fuer-einen-friedlichen-umgang-mit-kollegen\/\" \/>\n<meta property=\"og:locale\" content=\"it_IT\" \/>\n<meta property=\"og:type\" content=\"article\" \/>\n<meta property=\"og:title\" content=\"Konflikte am Arbeitsplatz: 5 Tipps f\u00fcr einen friedlichen Umgang mit Kollegen\" \/>\n<meta property=\"og:description\" content=\"Konflikte am Arbeitsplatz sind keine Seltenheit. Schlie\u00dflich treffen hier t\u00e4glich verschiedene Charaktere und Standpunkte aufeinander.\" \/>\n<meta property=\"og:url\" content=\"https:\/\/www.organisator.ch\/it\/risorse-umane\/fit_im_job\/2019-05-08\/konflikte-am-arbeitsplatz-5-tipps-fuer-einen-friedlichen-umgang-mit-kollegen\/\" \/>\n<meta property=\"og:site_name\" content=\"Organisator\" \/>\n<meta property=\"article:publisher\" content=\"https:\/\/www.facebook.com\/OrganisatorFachmagazin\" \/>\n<meta property=\"article:published_time\" content=\"2019-05-08T06:28:29+00:00\" \/>\n<meta property=\"og:image\" content=\"https:\/\/www.organisator.ch\/wp-content\/uploads\/2019\/05\/Konflikte-am-Arbeitsplatz-5-Tipps-fuer-einen-friedlichen-Umgang-mit-Kollegen_Organisator.jpg\" \/>\n\t<meta property=\"og:image:width\" content=\"680\" \/>\n\t<meta property=\"og:image:height\" content=\"452\" \/>\n\t<meta property=\"og:image:type\" content=\"image\/jpeg\" \/>\n<meta name=\"author\" content=\"thomas.berner\" \/>\n<meta name=\"twitter:card\" content=\"summary_large_image\" \/>\n<meta name=\"twitter:title\" content=\"#Konflikte am Arbeitsplatz: 5 Tipps f\u00fcr einen friedlichen Umgang mit Kollegen\" \/>\n<meta name=\"twitter:description\" content=\"#Konflikte am Arbeitsplatz sind keine Seltenheit. Schlie\u00dflich treffen hier t\u00e4glich verschiedene Charaktere und Standpunkte aufeinander.\" \/>\n<meta name=\"twitter:image\" content=\"https:\/\/www.organisator.ch\/wp-content\/uploads\/2019\/05\/Konflikte-am-Arbeitsplatz-5-Tipps-f\u00fcr-einen-friedlichen-Umgang-mit-Kollegen_Organisator.jpg\" \/>\n<script type=\"application\/ld+json\" class=\"yoast-schema-graph\">{\"@context\":\"https:\\\/\\\/schema.org\",\"@graph\":[{\"@type\":\"Article\",\"@id\":\"https:\\\/\\\/www.organisator.ch\\\/human-resources\\\/fit_im_job\\\/2019-05-08\\\/konflikte-am-arbeitsplatz-5-tipps-fuer-einen-friedlichen-umgang-mit-kollegen\\\/#article\",\"isPartOf\":{\"@id\":\"https:\\\/\\\/www.organisator.ch\\\/human-resources\\\/fit_im_job\\\/2019-05-08\\\/konflikte-am-arbeitsplatz-5-tipps-fuer-einen-friedlichen-umgang-mit-kollegen\\\/\"},\"author\":{\"name\":\"thomas.berner\",\"@id\":\"https:\\\/\\\/www.organisator.ch\\\/#\\\/schema\\\/person\\\/6f650f90b2842cd4c0cc334b4e36f67e\"},\"headline\":\"Konflikte am Arbeitsplatz: 5 Tipps f\u00fcr einen friedlichen Umgang mit Kollegen\",\"datePublished\":\"2019-05-08T06:28:29+00:00\",\"mainEntityOfPage\":{\"@id\":\"https:\\\/\\\/www.organisator.ch\\\/human-resources\\\/fit_im_job\\\/2019-05-08\\\/konflikte-am-arbeitsplatz-5-tipps-fuer-einen-friedlichen-umgang-mit-kollegen\\\/\"},\"wordCount\":636,\"commentCount\":0,\"publisher\":{\"@id\":\"https:\\\/\\\/www.organisator.ch\\\/#organization\"},\"image\":{\"@id\":\"https:\\\/\\\/www.organisator.ch\\\/human-resources\\\/fit_im_job\\\/2019-05-08\\\/konflikte-am-arbeitsplatz-5-tipps-fuer-einen-friedlichen-umgang-mit-kollegen\\\/#primaryimage\"},\"thumbnailUrl\":\"https:\\\/\\\/www.organisator.ch\\\/wp-content\\\/uploads\\\/2019\\\/05\\\/Konflikte-am-Arbeitsplatz-5-Tipps-fuer-einen-friedlichen-Umgang-mit-Kollegen_Organisator.jpg\",\"keywords\":[\"Arbeitsplatzgestaltung\",\"Checklisten\",\"Fit im Job\",\"HRM\"],\"articleSection\":[\"FIT IM JOB\"],\"inLanguage\":\"it-IT\"},{\"@type\":\"WebPage\",\"@id\":\"https:\\\/\\\/www.organisator.ch\\\/human-resources\\\/fit_im_job\\\/2019-05-08\\\/konflikte-am-arbeitsplatz-5-tipps-fuer-einen-friedlichen-umgang-mit-kollegen\\\/\",\"url\":\"https:\\\/\\\/www.organisator.ch\\\/human-resources\\\/fit_im_job\\\/2019-05-08\\\/konflikte-am-arbeitsplatz-5-tipps-fuer-einen-friedlichen-umgang-mit-kollegen\\\/\",\"name\":\"Konflikte am Arbeitsplatz: 5 Tipps f\u00fcr einen friedlichen Umgang mit Kollegen - Organisator\",\"isPartOf\":{\"@id\":\"https:\\\/\\\/www.organisator.ch\\\/#website\"},\"primaryImageOfPage\":{\"@id\":\"https:\\\/\\\/www.organisator.ch\\\/human-resources\\\/fit_im_job\\\/2019-05-08\\\/konflikte-am-arbeitsplatz-5-tipps-fuer-einen-friedlichen-umgang-mit-kollegen\\\/#primaryimage\"},\"image\":{\"@id\":\"https:\\\/\\\/www.organisator.ch\\\/human-resources\\\/fit_im_job\\\/2019-05-08\\\/konflikte-am-arbeitsplatz-5-tipps-fuer-einen-friedlichen-umgang-mit-kollegen\\\/#primaryimage\"},\"thumbnailUrl\":\"https:\\\/\\\/www.organisator.ch\\\/wp-content\\\/uploads\\\/2019\\\/05\\\/Konflikte-am-Arbeitsplatz-5-Tipps-fuer-einen-friedlichen-Umgang-mit-Kollegen_Organisator.jpg\",\"datePublished\":\"2019-05-08T06:28:29+00:00\",\"description\":\"Konflikte am Arbeitsplatz sind keine Seltenheit. Schlie\u00dflich treffen hier t\u00e4glich verschiedene Charaktere und Standpunkte aufeinander.\",\"breadcrumb\":{\"@id\":\"https:\\\/\\\/www.organisator.ch\\\/human-resources\\\/fit_im_job\\\/2019-05-08\\\/konflikte-am-arbeitsplatz-5-tipps-fuer-einen-friedlichen-umgang-mit-kollegen\\\/#breadcrumb\"},\"inLanguage\":\"it-IT\",\"potentialAction\":[{\"@type\":\"ReadAction\",\"target\":[\"https:\\\/\\\/www.organisator.ch\\\/human-resources\\\/fit_im_job\\\/2019-05-08\\\/konflikte-am-arbeitsplatz-5-tipps-fuer-einen-friedlichen-umgang-mit-kollegen\\\/\"]}]},{\"@type\":\"ImageObject\",\"inLanguage\":\"it-IT\",\"@id\":\"https:\\\/\\\/www.organisator.ch\\\/human-resources\\\/fit_im_job\\\/2019-05-08\\\/konflikte-am-arbeitsplatz-5-tipps-fuer-einen-friedlichen-umgang-mit-kollegen\\\/#primaryimage\",\"url\":\"https:\\\/\\\/www.organisator.ch\\\/wp-content\\\/uploads\\\/2019\\\/05\\\/Konflikte-am-Arbeitsplatz-5-Tipps-fuer-einen-friedlichen-Umgang-mit-Kollegen_Organisator.jpg\",\"contentUrl\":\"https:\\\/\\\/www.organisator.ch\\\/wp-content\\\/uploads\\\/2019\\\/05\\\/Konflikte-am-Arbeitsplatz-5-Tipps-fuer-einen-friedlichen-Umgang-mit-Kollegen_Organisator.jpg\",\"width\":680,\"height\":452,\"caption\":\"Bis es eskaliert: Konflikte am Arbeitsplatz lassen sich deeskaliere, wenn man ein paar Tipps beherzigt. (Bild: Fotolia.com)\"},{\"@type\":\"BreadcrumbList\",\"@id\":\"https:\\\/\\\/www.organisator.ch\\\/human-resources\\\/fit_im_job\\\/2019-05-08\\\/konflikte-am-arbeitsplatz-5-tipps-fuer-einen-friedlichen-umgang-mit-kollegen\\\/#breadcrumb\",\"itemListElement\":[{\"@type\":\"ListItem\",\"position\":1,\"name\":\"Home\",\"item\":\"https:\\\/\\\/www.organisator.ch\\\/\"},{\"@type\":\"ListItem\",\"position\":2,\"name\":\"Konflikte am Arbeitsplatz: 5 Tipps f\u00fcr einen friedlichen Umgang mit Kollegen\"}]},{\"@type\":\"WebSite\",\"@id\":\"https:\\\/\\\/www.organisator.ch\\\/#website\",\"url\":\"https:\\\/\\\/www.organisator.ch\\\/\",\"name\":\"Organisator\",\"description\":\"Kompetent. Praxisnah. Der ORGANISATOR bereitet in 10 Ausgaben pro Jahr die wesentlichen Themen f\u00fcr F\u00fchrungskr\u00e4fte von KMU auf.\",\"publisher\":{\"@id\":\"https:\\\/\\\/www.organisator.ch\\\/#organization\"},\"potentialAction\":[{\"@type\":\"SearchAction\",\"target\":{\"@type\":\"EntryPoint\",\"urlTemplate\":\"https:\\\/\\\/www.organisator.ch\\\/?s={search_term_string}\"},\"query-input\":{\"@type\":\"PropertyValueSpecification\",\"valueRequired\":true,\"valueName\":\"search_term_string\"}}],\"inLanguage\":\"it-IT\"},{\"@type\":\"Organization\",\"@id\":\"https:\\\/\\\/www.organisator.ch\\\/#organization\",\"name\":\"Organisator\",\"url\":\"https:\\\/\\\/www.organisator.ch\\\/\",\"logo\":{\"@type\":\"ImageObject\",\"inLanguage\":\"it-IT\",\"@id\":\"https:\\\/\\\/www.organisator.ch\\\/#\\\/schema\\\/logo\\\/image\\\/\",\"url\":\"https:\\\/\\\/www.organisator.ch\\\/wp-content\\\/uploads\\\/2022\\\/01\\\/Logo_Organisator_Website.png\",\"contentUrl\":\"https:\\\/\\\/www.organisator.ch\\\/wp-content\\\/uploads\\\/2022\\\/01\\\/Logo_Organisator_Website.png\",\"width\":800,\"height\":77,\"caption\":\"Organisator\"},\"image\":{\"@id\":\"https:\\\/\\\/www.organisator.ch\\\/#\\\/schema\\\/logo\\\/image\\\/\"},\"sameAs\":[\"https:\\\/\\\/www.facebook.com\\\/OrganisatorFachmagazin\",\"https:\\\/\\\/www.linkedin.com\\\/showcase\\\/organisator-das-magazin-fr-kmu\",\"https:\\\/\\\/www.xing.com\\\/news\\\/pages\\\/organisator-ch-695\",\"https:\\\/\\\/www.youtube.com\\\/channel\\\/UCGP2Sq0iWaZwT3BdIAQFYpw\"]},{\"@type\":\"Person\",\"@id\":\"https:\\\/\\\/www.organisator.ch\\\/#\\\/schema\\\/person\\\/6f650f90b2842cd4c0cc334b4e36f67e\",\"name\":\"thomas.berner\",\"image\":{\"@type\":\"ImageObject\",\"inLanguage\":\"it-IT\",\"@id\":\"https:\\\/\\\/secure.gravatar.com\\\/avatar\\\/ac5001d2a36cb6c6cd3e50789007ffca834b477b74a2144564522e944eabff61?s=96&d=mm&r=g\",\"url\":\"https:\\\/\\\/secure.gravatar.com\\\/avatar\\\/ac5001d2a36cb6c6cd3e50789007ffca834b477b74a2144564522e944eabff61?s=96&d=mm&r=g\",\"contentUrl\":\"https:\\\/\\\/secure.gravatar.com\\\/avatar\\\/ac5001d2a36cb6c6cd3e50789007ffca834b477b74a2144564522e944eabff61?s=96&d=mm&r=g\",\"caption\":\"thomas.berner\"},\"url\":\"https:\\\/\\\/www.organisator.ch\\\/it\\\/author\\\/thomas-berner\\\/\"}]}<\/script>\n<!-- \/ Yoast SEO plugin. -->","yoast_head_json":{"title":"Conflitti sul lavoro: 5 consigli per trattare pacificamente con i colleghi - Organizzatore","description":"I conflitti sul posto di lavoro non sono rari. Dopo tutto, qui si incontrano ogni giorno personaggi e punti di vista diversi.","robots":{"index":"index","follow":"follow","max-snippet":"max-snippet:-1","max-image-preview":"max-image-preview:large","max-video-preview":"max-video-preview:-1"},"canonical":"https:\/\/www.organisator.ch\/it\/risorse-umane\/fit_im_job\/2019-05-08\/konflikte-am-arbeitsplatz-5-tipps-fuer-einen-friedlichen-umgang-mit-kollegen\/","og_locale":"it_IT","og_type":"article","og_title":"Konflikte am Arbeitsplatz: 5 Tipps f\u00fcr einen friedlichen Umgang mit Kollegen","og_description":"Konflikte am Arbeitsplatz sind keine Seltenheit. Schlie\u00dflich treffen hier t\u00e4glich verschiedene Charaktere und Standpunkte aufeinander.","og_url":"https:\/\/www.organisator.ch\/it\/risorse-umane\/fit_im_job\/2019-05-08\/konflikte-am-arbeitsplatz-5-tipps-fuer-einen-friedlichen-umgang-mit-kollegen\/","og_site_name":"Organisator","article_publisher":"https:\/\/www.facebook.com\/OrganisatorFachmagazin","article_published_time":"2019-05-08T06:28:29+00:00","og_image":[{"width":680,"height":452,"url":"https:\/\/www.organisator.ch\/wp-content\/uploads\/2019\/05\/Konflikte-am-Arbeitsplatz-5-Tipps-fuer-einen-friedlichen-Umgang-mit-Kollegen_Organisator.jpg","type":"image\/jpeg"}],"author":"thomas.berner","twitter_card":"summary_large_image","twitter_title":"#Konflikte am Arbeitsplatz: 5 Tipps f\u00fcr einen friedlichen Umgang mit Kollegen","twitter_description":"#Konflikte am Arbeitsplatz sind keine Seltenheit. Schlie\u00dflich treffen hier t\u00e4glich verschiedene Charaktere und Standpunkte aufeinander.","twitter_image":"https:\/\/www.organisator.ch\/wp-content\/uploads\/2019\/05\/Konflikte-am-Arbeitsplatz-5-Tipps-f\u00fcr-einen-friedlichen-Umgang-mit-Kollegen_Organisator.jpg","schema":{"@context":"https:\/\/schema.org","@graph":[{"@type":"Article","@id":"https:\/\/www.organisator.ch\/human-resources\/fit_im_job\/2019-05-08\/konflikte-am-arbeitsplatz-5-tipps-fuer-einen-friedlichen-umgang-mit-kollegen\/#article","isPartOf":{"@id":"https:\/\/www.organisator.ch\/human-resources\/fit_im_job\/2019-05-08\/konflikte-am-arbeitsplatz-5-tipps-fuer-einen-friedlichen-umgang-mit-kollegen\/"},"author":{"name":"thomas.berner","@id":"https:\/\/www.organisator.ch\/#\/schema\/person\/6f650f90b2842cd4c0cc334b4e36f67e"},"headline":"Konflikte am Arbeitsplatz: 5 Tipps f\u00fcr einen friedlichen Umgang mit Kollegen","datePublished":"2019-05-08T06:28:29+00:00","mainEntityOfPage":{"@id":"https:\/\/www.organisator.ch\/human-resources\/fit_im_job\/2019-05-08\/konflikte-am-arbeitsplatz-5-tipps-fuer-einen-friedlichen-umgang-mit-kollegen\/"},"wordCount":636,"commentCount":0,"publisher":{"@id":"https:\/\/www.organisator.ch\/#organization"},"image":{"@id":"https:\/\/www.organisator.ch\/human-resources\/fit_im_job\/2019-05-08\/konflikte-am-arbeitsplatz-5-tipps-fuer-einen-friedlichen-umgang-mit-kollegen\/#primaryimage"},"thumbnailUrl":"https:\/\/www.organisator.ch\/wp-content\/uploads\/2019\/05\/Konflikte-am-Arbeitsplatz-5-Tipps-fuer-einen-friedlichen-Umgang-mit-Kollegen_Organisator.jpg","keywords":["Arbeitsplatzgestaltung","Checklisten","Fit im Job","HRM"],"articleSection":["FIT IM JOB"],"inLanguage":"it-IT"},{"@type":"WebPage","@id":"https:\/\/www.organisator.ch\/human-resources\/fit_im_job\/2019-05-08\/konflikte-am-arbeitsplatz-5-tipps-fuer-einen-friedlichen-umgang-mit-kollegen\/","url":"https:\/\/www.organisator.ch\/human-resources\/fit_im_job\/2019-05-08\/konflikte-am-arbeitsplatz-5-tipps-fuer-einen-friedlichen-umgang-mit-kollegen\/","name":"Conflitti sul lavoro: 5 consigli per trattare pacificamente con i colleghi - Organizzatore","isPartOf":{"@id":"https:\/\/www.organisator.ch\/#website"},"primaryImageOfPage":{"@id":"https:\/\/www.organisator.ch\/human-resources\/fit_im_job\/2019-05-08\/konflikte-am-arbeitsplatz-5-tipps-fuer-einen-friedlichen-umgang-mit-kollegen\/#primaryimage"},"image":{"@id":"https:\/\/www.organisator.ch\/human-resources\/fit_im_job\/2019-05-08\/konflikte-am-arbeitsplatz-5-tipps-fuer-einen-friedlichen-umgang-mit-kollegen\/#primaryimage"},"thumbnailUrl":"https:\/\/www.organisator.ch\/wp-content\/uploads\/2019\/05\/Konflikte-am-Arbeitsplatz-5-Tipps-fuer-einen-friedlichen-Umgang-mit-Kollegen_Organisator.jpg","datePublished":"2019-05-08T06:28:29+00:00","description":"I conflitti sul posto di lavoro non sono rari. Dopo tutto, qui si incontrano ogni giorno personaggi e punti di vista diversi.","breadcrumb":{"@id":"https:\/\/www.organisator.ch\/human-resources\/fit_im_job\/2019-05-08\/konflikte-am-arbeitsplatz-5-tipps-fuer-einen-friedlichen-umgang-mit-kollegen\/#breadcrumb"},"inLanguage":"it-IT","potentialAction":[{"@type":"ReadAction","target":["https:\/\/www.organisator.ch\/human-resources\/fit_im_job\/2019-05-08\/konflikte-am-arbeitsplatz-5-tipps-fuer-einen-friedlichen-umgang-mit-kollegen\/"]}]},{"@type":"ImageObject","inLanguage":"it-IT","@id":"https:\/\/www.organisator.ch\/human-resources\/fit_im_job\/2019-05-08\/konflikte-am-arbeitsplatz-5-tipps-fuer-einen-friedlichen-umgang-mit-kollegen\/#primaryimage","url":"https:\/\/www.organisator.ch\/wp-content\/uploads\/2019\/05\/Konflikte-am-Arbeitsplatz-5-Tipps-fuer-einen-friedlichen-Umgang-mit-Kollegen_Organisator.jpg","contentUrl":"https:\/\/www.organisator.ch\/wp-content\/uploads\/2019\/05\/Konflikte-am-Arbeitsplatz-5-Tipps-fuer-einen-friedlichen-Umgang-mit-Kollegen_Organisator.jpg","width":680,"height":452,"caption":"Bis es eskaliert: Konflikte am Arbeitsplatz lassen sich deeskaliere, wenn man ein paar Tipps beherzigt. (Bild: Fotolia.com)"},{"@type":"BreadcrumbList","@id":"https:\/\/www.organisator.ch\/human-resources\/fit_im_job\/2019-05-08\/konflikte-am-arbeitsplatz-5-tipps-fuer-einen-friedlichen-umgang-mit-kollegen\/#breadcrumb","itemListElement":[{"@type":"ListItem","position":1,"name":"Home","item":"https:\/\/www.organisator.ch\/"},{"@type":"ListItem","position":2,"name":"Konflikte am Arbeitsplatz: 5 Tipps f\u00fcr einen friedlichen Umgang mit Kollegen"}]},{"@type":"WebSite","@id":"https:\/\/www.organisator.ch\/#website","url":"https:\/\/www.organisator.ch\/","name":"Organizzatore","description":"Competente. Pratico. In 10 numeri all'anno, ORGANISATOR presenta i temi essenziali per i manager delle PMI.","publisher":{"@id":"https:\/\/www.organisator.ch\/#organization"},"potentialAction":[{"@type":"SearchAction","target":{"@type":"EntryPoint","urlTemplate":"https:\/\/www.organisator.ch\/?s={search_term_string}"},"query-input":{"@type":"PropertyValueSpecification","valueRequired":true,"valueName":"search_term_string"}}],"inLanguage":"it-IT"},{"@type":"Organization","@id":"https:\/\/www.organisator.ch\/#organization","name":"Organizzatore","url":"https:\/\/www.organisator.ch\/","logo":{"@type":"ImageObject","inLanguage":"it-IT","@id":"https:\/\/www.organisator.ch\/#\/schema\/logo\/image\/","url":"https:\/\/www.organisator.ch\/wp-content\/uploads\/2022\/01\/Logo_Organisator_Website.png","contentUrl":"https:\/\/www.organisator.ch\/wp-content\/uploads\/2022\/01\/Logo_Organisator_Website.png","width":800,"height":77,"caption":"Organisator"},"image":{"@id":"https:\/\/www.organisator.ch\/#\/schema\/logo\/image\/"},"sameAs":["https:\/\/www.facebook.com\/OrganisatorFachmagazin","https:\/\/www.linkedin.com\/showcase\/organisator-das-magazin-fr-kmu","https:\/\/www.xing.com\/news\/pages\/organisator-ch-695","https:\/\/www.youtube.com\/channel\/UCGP2Sq0iWaZwT3BdIAQFYpw"]},{"@type":"Person","@id":"https:\/\/www.organisator.ch\/#\/schema\/person\/6f650f90b2842cd4c0cc334b4e36f67e","name":"Tommaso.berner","image":{"@type":"ImageObject","inLanguage":"it-IT","@id":"https:\/\/secure.gravatar.com\/avatar\/ac5001d2a36cb6c6cd3e50789007ffca834b477b74a2144564522e944eabff61?s=96&d=mm&r=g","url":"https:\/\/secure.gravatar.com\/avatar\/ac5001d2a36cb6c6cd3e50789007ffca834b477b74a2144564522e944eabff61?s=96&d=mm&r=g","contentUrl":"https:\/\/secure.gravatar.com\/avatar\/ac5001d2a36cb6c6cd3e50789007ffca834b477b74a2144564522e944eabff61?s=96&d=mm&r=g","caption":"thomas.berner"},"url":"https:\/\/www.organisator.ch\/it\/author\/thomas-berner\/"}]}},"_links":{"self":[{"href":"https:\/\/www.organisator.ch\/it\/wp-json\/wp\/v2\/posts\/5217","targetHints":{"allow":["GET"]}}],"collection":[{"href":"https:\/\/www.organisator.ch\/it\/wp-json\/wp\/v2\/posts"}],"about":[{"href":"https:\/\/www.organisator.ch\/it\/wp-json\/wp\/v2\/types\/post"}],"author":[{"embeddable":true,"href":"https:\/\/www.organisator.ch\/it\/wp-json\/wp\/v2\/users\/4"}],"replies":[{"embeddable":true,"href":"https:\/\/www.organisator.ch\/it\/wp-json\/wp\/v2\/comments?post=5217"}],"version-history":[{"count":0,"href":"https:\/\/www.organisator.ch\/it\/wp-json\/wp\/v2\/posts\/5217\/revisions"}],"wp:featuredmedia":[{"embeddable":true,"href":"https:\/\/www.organisator.ch\/it\/wp-json\/wp\/v2\/media\/5218"}],"wp:attachment":[{"href":"https:\/\/www.organisator.ch\/it\/wp-json\/wp\/v2\/media?parent=5217"}],"wp:term":[{"taxonomy":"category","embeddable":true,"href":"https:\/\/www.organisator.ch\/it\/wp-json\/wp\/v2\/categories?post=5217"},{"taxonomy":"post_tag","embeddable":true,"href":"https:\/\/www.organisator.ch\/it\/wp-json\/wp\/v2\/tags?post=5217"}],"curies":[{"name":"wp","href":"https:\/\/api.w.org\/{rel}","templated":true}]}}