{"id":526,"date":"2016-09-21T16:15:59","date_gmt":"2016-09-21T14:15:59","guid":{"rendered":"https:\/\/dev.umweltperspektiven.ch\/?p=526"},"modified":"2016-09-21T16:15:59","modified_gmt":"2016-09-21T14:15:59","slug":"guetertransport-schiene-legt-zu","status":"publish","type":"post","link":"https:\/\/www.organisator.ch\/it\/allgemein\/2016-09-21\/guetertransport-schiene-legt-zu\/","title":{"rendered":"Trasporto merci: aumento della ferrovia"},"content":{"rendered":"<figure id=\"attachment_527\" aria-describedby=\"caption-attachment-527\" style=\"width: 680px\" class=\"wp-caption alignnone\"><a href=\"\/\/dev.umweltperspektiven.ch\/wp-content\/uploads\/2016\/12\/G\u00fctertransport-Schiene-legt-zu-umweltperspektiven.jpg\"><img loading=\"lazy\" decoding=\"async\" class=\"size-medium wp-image-527\" src=\"\/\/dev.umweltperspektiven.ch\/wp-content\/uploads\/2016\/12\/G\u00fctertransport-Schiene-legt-zu-umweltperspektiven.jpg\" alt=\"Trasporto merci al L\u00f6tschberg: il trasporto merci si sposta sempre pi\u00f9 verso la ferrovia. (Immagine: Wikimedia Commons)\" width=\"680\" height=\"448\" \/><\/a><figcaption id=\"caption-attachment-527\" class=\"wp-caption-text\">Trasporto merci al L\u00f6tschberg: il trasporto merci si sposta sempre pi\u00f9 verso la ferrovia. (Immagine: Wikimedia Commons)<\/figcaption><\/figure>\n<p>Il 71% del traffico merci transalpino \u00e8 stato trasportato su rotaia in Svizzera nella prima met\u00e0 del 2016.<\/p>\n<p>Questa \u00e8 la cifra pi\u00f9 alta dal 2001, quando sono state introdotte nuove condizioni quadro con l'introduzione della tassa sui veicoli pesanti (TTPCP) basata sulle prestazioni e il graduale aumento del limite di peso a 40 tonnellate. Nella prima met\u00e0 del 2016, meno di 500.000 camion hanno attraversato le Alpi svizzere per la prima volta.<\/p>\n<p>Le misure e gli strumenti della Confederazione per trasferire il traffico merci transalpino dalla strada alla ferrovia funzionano: grazie alla TTPCP, alla modernizzazione dell'infrastruttura ferroviaria e terminalistica, a una maggiore concorrenza e al sostegno finanziario, nel primo semestre del 2016 il traffico merci su rotaia ha potuto nuovamente aumentare la sua quota di mercato nel traffico merci attraverso le Alpi. Lo dimostra il rapporto sullo sviluppo del trasporto merci transalpino nella prima met\u00e0 del 2016, pubblicato oggi dall'Ufficio federale dei trasporti (UFT).<\/p>\n<p><strong>Trasporto su strada in declino<\/strong><\/p>\n<p>Un totale di 20,8 milioni di tonnellate di merci hanno viaggiato su strada e su rotaia attraverso le Alpi svizzere nella prima met\u00e0 dell'anno. Le ferrovie hanno trasportato quasi 14,8 milioni di tonnellate attraverso gli assi del Gottardo e del L\u00f6tschberg-Sempione, il 7,7% in pi\u00f9 rispetto allo stesso periodo dell'anno scorso. Sia il trasporto a carro e il trasporto combinato non accompagnato sono aumentati. Il volume delle merci trasportate su strada \u00e8 diminuito del 2,1 per cento. Di conseguenza, la quota di mercato della ferrovia nel volume di trasporto attraverso le Alpi \u00e8 aumentata al 71%. Questo \u00e8 il valore pi\u00f9 alto da quando sono state create nuove condizioni quadro nel 2001 con la LSVA e la graduale ammissione di veicoli da 40 tonnellate per il trasporto merci transalpino.<\/p>\n<p>Da gennaio a giugno 2016, 496.000 camion, autotreni e autoarticolati hanno attraversato i valichi alpini svizzeri. Al 3,8 per cento, il numero di viaggi \u00e8 sceso un po' pi\u00f9 bruscamente del volume di trasporto (- 2,1 per cento).<\/p>","protected":false},"excerpt":{"rendered":"<p>71 Prozent des alpenquerenden G\u00fcterverkehrs wurden im ersten Halbjahr 2016 in der Schweiz per Schiene transportiert. Dies ist der h\u00f6chste Wert seit 2001, als mit der Einf\u00fchrung der Leistungsabh\u00e4ngigen Schwerverkehrsabgabe (LSVA) und der schrittweisen Erh\u00f6hung der Gewichtslimite auf 40-Tonnen neue Rahmenbedingungen eingef\u00fchrt wurden. Im ersten Halbjahr 2016 fuhren zudem erstmals weniger als 500\u2018000 Lastwagen \u00fcber [&hellip;]<\/p>\n","protected":false},"author":1,"featured_media":9420,"comment_status":"open","ping_status":"open","sticky":false,"template":"","format":"standard","meta":{"_acf_changed":false,"_yoast_wpseo_focuskw":"G\u00fctertransport","_yoast_wpseo_metadesc":"Im ersten Halbjahr 2016 konnte die Bahn ihre Position im alpenquerenden G\u00fcterverkehr gegen\u00fcber der Strasse erneut st\u00e4rken.","articlekey":"","footnotes":""},"categories":[1],"tags":[763,1336,354,2055,2060],"class_list":["post-526","post","type-post","status-publish","format-standard","has-post-thumbnail","hentry","category-allgemein","tag-bahn","tag-guetertransport","tag-mobilitaet","tag-sbb","tag-schiene"],"acf":[],"yoast_head":"<!-- This site is optimized with the Yoast SEO plugin v27.4 - https:\/\/yoast.com\/product\/yoast-seo-wordpress\/ -->\n<title>G\u00fctertransport: Schiene legt zu - Organisator<\/title>\n<meta name=\"description\" content=\"Im ersten Halbjahr 2016 konnte die Bahn ihre Position im alpenquerenden G\u00fcterverkehr gegen\u00fcber der Strasse erneut st\u00e4rken.\" \/>\n<meta name=\"robots\" content=\"index, follow, max-snippet:-1, max-image-preview:large, max-video-preview:-1\" \/>\n<link rel=\"canonical\" href=\"https:\/\/www.organisator.ch\/it\/generale\/2016-09-21\/guetertransport-schiene-legt-zu\/\" \/>\n<meta property=\"og:locale\" content=\"it_IT\" \/>\n<meta property=\"og:type\" content=\"article\" \/>\n<meta property=\"og:title\" content=\"G\u00fctertransport: Schiene legt zu - Organisator\" \/>\n<meta property=\"og:description\" content=\"Im ersten Halbjahr 2016 konnte die Bahn ihre Position im alpenquerenden G\u00fcterverkehr gegen\u00fcber der Strasse erneut st\u00e4rken.\" \/>\n<meta property=\"og:url\" content=\"https:\/\/www.organisator.ch\/it\/generale\/2016-09-21\/guetertransport-schiene-legt-zu\/\" \/>\n<meta property=\"og:site_name\" content=\"Organisator\" \/>\n<meta property=\"article:publisher\" content=\"https:\/\/www.facebook.com\/OrganisatorFachmagazin\" \/>\n<meta property=\"article:published_time\" content=\"2016-09-21T14:15:59+00:00\" \/>\n<meta property=\"og:image\" content=\"https:\/\/www.organisator.ch\/wp-content\/uploads\/2016\/12\/Guetertransport-Schiene-legt-zu-umweltperspektiven.jpg\" \/>\n\t<meta property=\"og:image:width\" content=\"1920\" \/>\n\t<meta property=\"og:image:height\" content=\"1264\" \/>\n\t<meta property=\"og:image:type\" content=\"image\/jpeg\" \/>\n<meta name=\"author\" content=\"admin\" \/>\n<meta name=\"twitter:card\" content=\"summary_large_image\" \/>\n<script type=\"application\/ld+json\" class=\"yoast-schema-graph\">{\"@context\":\"https:\\\/\\\/schema.org\",\"@graph\":[{\"@type\":\"Article\",\"@id\":\"https:\\\/\\\/www.organisator.ch\\\/en\\\/general\\\/2016-09-21\\\/guetertransport-schiene-legt-zu\\\/#article\",\"isPartOf\":{\"@id\":\"https:\\\/\\\/www.organisator.ch\\\/en\\\/general\\\/2016-09-21\\\/guetertransport-schiene-legt-zu\\\/\"},\"author\":{\"name\":\"admin\",\"@id\":\"https:\\\/\\\/www.organisator.ch\\\/#\\\/schema\\\/person\\\/aa2bace6c5c5aad60102004a50c4eb1c\"},\"headline\":\"G\u00fctertransport: Schiene legt zu\",\"datePublished\":\"2016-09-21T14:15:59+00:00\",\"mainEntityOfPage\":{\"@id\":\"https:\\\/\\\/www.organisator.ch\\\/en\\\/general\\\/2016-09-21\\\/guetertransport-schiene-legt-zu\\\/\"},\"wordCount\":300,\"commentCount\":0,\"publisher\":{\"@id\":\"https:\\\/\\\/www.organisator.ch\\\/#organization\"},\"image\":{\"@id\":\"https:\\\/\\\/www.organisator.ch\\\/en\\\/general\\\/2016-09-21\\\/guetertransport-schiene-legt-zu\\\/#primaryimage\"},\"thumbnailUrl\":\"https:\\\/\\\/www.organisator.ch\\\/wp-content\\\/uploads\\\/2016\\\/12\\\/Guetertransport-Schiene-legt-zu-umweltperspektiven.jpg\",\"keywords\":[\"Bahn\",\"G\u00fctertransport\",\"Mobilit\u00e4t\",\"SBB\",\"Schiene\"],\"articleSection\":[\"Allgemein\"],\"inLanguage\":\"it-IT\"},{\"@type\":\"WebPage\",\"@id\":\"https:\\\/\\\/www.organisator.ch\\\/en\\\/general\\\/2016-09-21\\\/guetertransport-schiene-legt-zu\\\/\",\"url\":\"https:\\\/\\\/www.organisator.ch\\\/en\\\/general\\\/2016-09-21\\\/guetertransport-schiene-legt-zu\\\/\",\"name\":\"G\u00fctertransport: Schiene legt zu - Organisator\",\"isPartOf\":{\"@id\":\"https:\\\/\\\/www.organisator.ch\\\/#website\"},\"primaryImageOfPage\":{\"@id\":\"https:\\\/\\\/www.organisator.ch\\\/en\\\/general\\\/2016-09-21\\\/guetertransport-schiene-legt-zu\\\/#primaryimage\"},\"image\":{\"@id\":\"https:\\\/\\\/www.organisator.ch\\\/en\\\/general\\\/2016-09-21\\\/guetertransport-schiene-legt-zu\\\/#primaryimage\"},\"thumbnailUrl\":\"https:\\\/\\\/www.organisator.ch\\\/wp-content\\\/uploads\\\/2016\\\/12\\\/Guetertransport-Schiene-legt-zu-umweltperspektiven.jpg\",\"datePublished\":\"2016-09-21T14:15:59+00:00\",\"description\":\"Im ersten Halbjahr 2016 konnte die Bahn ihre Position im alpenquerenden G\u00fcterverkehr gegen\u00fcber der Strasse erneut st\u00e4rken.\",\"breadcrumb\":{\"@id\":\"https:\\\/\\\/www.organisator.ch\\\/en\\\/general\\\/2016-09-21\\\/guetertransport-schiene-legt-zu\\\/#breadcrumb\"},\"inLanguage\":\"it-IT\",\"potentialAction\":[{\"@type\":\"ReadAction\",\"target\":[\"https:\\\/\\\/www.organisator.ch\\\/en\\\/general\\\/2016-09-21\\\/guetertransport-schiene-legt-zu\\\/\"]}]},{\"@type\":\"ImageObject\",\"inLanguage\":\"it-IT\",\"@id\":\"https:\\\/\\\/www.organisator.ch\\\/en\\\/general\\\/2016-09-21\\\/guetertransport-schiene-legt-zu\\\/#primaryimage\",\"url\":\"https:\\\/\\\/www.organisator.ch\\\/wp-content\\\/uploads\\\/2016\\\/12\\\/Guetertransport-Schiene-legt-zu-umweltperspektiven.jpg\",\"contentUrl\":\"https:\\\/\\\/www.organisator.ch\\\/wp-content\\\/uploads\\\/2016\\\/12\\\/Guetertransport-Schiene-legt-zu-umweltperspektiven.jpg\",\"width\":1920,\"height\":1264,\"caption\":\"G\u00fctertransport am L\u00f6tschberg: Der G\u00fcterverkehr verlagert sich zunehmend auf die Schiene. (Bild: Wikimedia Commons)\"},{\"@type\":\"BreadcrumbList\",\"@id\":\"https:\\\/\\\/www.organisator.ch\\\/en\\\/general\\\/2016-09-21\\\/guetertransport-schiene-legt-zu\\\/#breadcrumb\",\"itemListElement\":[{\"@type\":\"ListItem\",\"position\":1,\"name\":\"Home\",\"item\":\"https:\\\/\\\/www.organisator.ch\\\/\"},{\"@type\":\"ListItem\",\"position\":2,\"name\":\"G\u00fctertransport: Schiene legt zu\"}]},{\"@type\":\"WebSite\",\"@id\":\"https:\\\/\\\/www.organisator.ch\\\/#website\",\"url\":\"https:\\\/\\\/www.organisator.ch\\\/\",\"name\":\"Organisator\",\"description\":\"Kompetent. Praxisnah. Der ORGANISATOR bereitet in 10 Ausgaben pro Jahr die wesentlichen Themen f\u00fcr F\u00fchrungskr\u00e4fte von KMU auf.\",\"publisher\":{\"@id\":\"https:\\\/\\\/www.organisator.ch\\\/#organization\"},\"potentialAction\":[{\"@type\":\"SearchAction\",\"target\":{\"@type\":\"EntryPoint\",\"urlTemplate\":\"https:\\\/\\\/www.organisator.ch\\\/?s={search_term_string}\"},\"query-input\":{\"@type\":\"PropertyValueSpecification\",\"valueRequired\":true,\"valueName\":\"search_term_string\"}}],\"inLanguage\":\"it-IT\"},{\"@type\":\"Organization\",\"@id\":\"https:\\\/\\\/www.organisator.ch\\\/#organization\",\"name\":\"Organisator\",\"url\":\"https:\\\/\\\/www.organisator.ch\\\/\",\"logo\":{\"@type\":\"ImageObject\",\"inLanguage\":\"it-IT\",\"@id\":\"https:\\\/\\\/www.organisator.ch\\\/#\\\/schema\\\/logo\\\/image\\\/\",\"url\":\"https:\\\/\\\/www.organisator.ch\\\/wp-content\\\/uploads\\\/2022\\\/01\\\/Logo_Organisator_Website.png\",\"contentUrl\":\"https:\\\/\\\/www.organisator.ch\\\/wp-content\\\/uploads\\\/2022\\\/01\\\/Logo_Organisator_Website.png\",\"width\":800,\"height\":77,\"caption\":\"Organisator\"},\"image\":{\"@id\":\"https:\\\/\\\/www.organisator.ch\\\/#\\\/schema\\\/logo\\\/image\\\/\"},\"sameAs\":[\"https:\\\/\\\/www.facebook.com\\\/OrganisatorFachmagazin\",\"https:\\\/\\\/www.linkedin.com\\\/showcase\\\/organisator-das-magazin-fr-kmu\",\"https:\\\/\\\/www.xing.com\\\/news\\\/pages\\\/organisator-ch-695\",\"https:\\\/\\\/www.youtube.com\\\/channel\\\/UCGP2Sq0iWaZwT3BdIAQFYpw\"]},{\"@type\":\"Person\",\"@id\":\"https:\\\/\\\/www.organisator.ch\\\/#\\\/schema\\\/person\\\/aa2bace6c5c5aad60102004a50c4eb1c\",\"name\":\"admin\",\"image\":{\"@type\":\"ImageObject\",\"inLanguage\":\"it-IT\",\"@id\":\"https:\\\/\\\/secure.gravatar.com\\\/avatar\\\/ae2f4d718e6c49043e314ce431e7e645d646302a24a5ef5a8bc8e3f5a032e319?s=96&d=mm&r=g\",\"url\":\"https:\\\/\\\/secure.gravatar.com\\\/avatar\\\/ae2f4d718e6c49043e314ce431e7e645d646302a24a5ef5a8bc8e3f5a032e319?s=96&d=mm&r=g\",\"contentUrl\":\"https:\\\/\\\/secure.gravatar.com\\\/avatar\\\/ae2f4d718e6c49043e314ce431e7e645d646302a24a5ef5a8bc8e3f5a032e319?s=96&d=mm&r=g\",\"caption\":\"admin\"},\"sameAs\":[\"https:\\\/\\\/www.organisator.ch\"],\"url\":\"https:\\\/\\\/www.organisator.ch\\\/it\\\/author\\\/admin\\\/\"}]}<\/script>\n<!-- \/ Yoast SEO plugin. -->","yoast_head_json":{"title":"Trasporto merci: incrementi ferroviari - Organizzatore","description":"Nella prima met\u00e0 del 2016, la ferrovia \u00e8 stata nuovamente in grado di rafforzare la propria posizione nel trasporto merci transalpino rispetto alla strada.","robots":{"index":"index","follow":"follow","max-snippet":"max-snippet:-1","max-image-preview":"max-image-preview:large","max-video-preview":"max-video-preview:-1"},"canonical":"https:\/\/www.organisator.ch\/it\/generale\/2016-09-21\/guetertransport-schiene-legt-zu\/","og_locale":"it_IT","og_type":"article","og_title":"G\u00fctertransport: Schiene legt zu - Organisator","og_description":"Im ersten Halbjahr 2016 konnte die Bahn ihre Position im alpenquerenden G\u00fcterverkehr gegen\u00fcber der Strasse erneut st\u00e4rken.","og_url":"https:\/\/www.organisator.ch\/it\/generale\/2016-09-21\/guetertransport-schiene-legt-zu\/","og_site_name":"Organisator","article_publisher":"https:\/\/www.facebook.com\/OrganisatorFachmagazin","article_published_time":"2016-09-21T14:15:59+00:00","og_image":[{"width":1920,"height":1264,"url":"https:\/\/www.organisator.ch\/wp-content\/uploads\/2016\/12\/Guetertransport-Schiene-legt-zu-umweltperspektiven.jpg","type":"image\/jpeg"}],"author":"admin","twitter_card":"summary_large_image","schema":{"@context":"https:\/\/schema.org","@graph":[{"@type":"Article","@id":"https:\/\/www.organisator.ch\/en\/general\/2016-09-21\/guetertransport-schiene-legt-zu\/#article","isPartOf":{"@id":"https:\/\/www.organisator.ch\/en\/general\/2016-09-21\/guetertransport-schiene-legt-zu\/"},"author":{"name":"admin","@id":"https:\/\/www.organisator.ch\/#\/schema\/person\/aa2bace6c5c5aad60102004a50c4eb1c"},"headline":"G\u00fctertransport: Schiene legt zu","datePublished":"2016-09-21T14:15:59+00:00","mainEntityOfPage":{"@id":"https:\/\/www.organisator.ch\/en\/general\/2016-09-21\/guetertransport-schiene-legt-zu\/"},"wordCount":300,"commentCount":0,"publisher":{"@id":"https:\/\/www.organisator.ch\/#organization"},"image":{"@id":"https:\/\/www.organisator.ch\/en\/general\/2016-09-21\/guetertransport-schiene-legt-zu\/#primaryimage"},"thumbnailUrl":"https:\/\/www.organisator.ch\/wp-content\/uploads\/2016\/12\/Guetertransport-Schiene-legt-zu-umweltperspektiven.jpg","keywords":["Bahn","G\u00fctertransport","Mobilit\u00e4t","SBB","Schiene"],"articleSection":["Allgemein"],"inLanguage":"it-IT"},{"@type":"WebPage","@id":"https:\/\/www.organisator.ch\/en\/general\/2016-09-21\/guetertransport-schiene-legt-zu\/","url":"https:\/\/www.organisator.ch\/en\/general\/2016-09-21\/guetertransport-schiene-legt-zu\/","name":"Trasporto merci: incrementi ferroviari - Organizzatore","isPartOf":{"@id":"https:\/\/www.organisator.ch\/#website"},"primaryImageOfPage":{"@id":"https:\/\/www.organisator.ch\/en\/general\/2016-09-21\/guetertransport-schiene-legt-zu\/#primaryimage"},"image":{"@id":"https:\/\/www.organisator.ch\/en\/general\/2016-09-21\/guetertransport-schiene-legt-zu\/#primaryimage"},"thumbnailUrl":"https:\/\/www.organisator.ch\/wp-content\/uploads\/2016\/12\/Guetertransport-Schiene-legt-zu-umweltperspektiven.jpg","datePublished":"2016-09-21T14:15:59+00:00","description":"Nella prima met\u00e0 del 2016, la ferrovia \u00e8 stata nuovamente in grado di rafforzare la propria posizione nel trasporto merci transalpino rispetto alla strada.","breadcrumb":{"@id":"https:\/\/www.organisator.ch\/en\/general\/2016-09-21\/guetertransport-schiene-legt-zu\/#breadcrumb"},"inLanguage":"it-IT","potentialAction":[{"@type":"ReadAction","target":["https:\/\/www.organisator.ch\/en\/general\/2016-09-21\/guetertransport-schiene-legt-zu\/"]}]},{"@type":"ImageObject","inLanguage":"it-IT","@id":"https:\/\/www.organisator.ch\/en\/general\/2016-09-21\/guetertransport-schiene-legt-zu\/#primaryimage","url":"https:\/\/www.organisator.ch\/wp-content\/uploads\/2016\/12\/Guetertransport-Schiene-legt-zu-umweltperspektiven.jpg","contentUrl":"https:\/\/www.organisator.ch\/wp-content\/uploads\/2016\/12\/Guetertransport-Schiene-legt-zu-umweltperspektiven.jpg","width":1920,"height":1264,"caption":"G\u00fctertransport am L\u00f6tschberg: Der G\u00fcterverkehr verlagert sich zunehmend auf die Schiene. (Bild: Wikimedia Commons)"},{"@type":"BreadcrumbList","@id":"https:\/\/www.organisator.ch\/en\/general\/2016-09-21\/guetertransport-schiene-legt-zu\/#breadcrumb","itemListElement":[{"@type":"ListItem","position":1,"name":"Home","item":"https:\/\/www.organisator.ch\/"},{"@type":"ListItem","position":2,"name":"G\u00fctertransport: Schiene legt zu"}]},{"@type":"WebSite","@id":"https:\/\/www.organisator.ch\/#website","url":"https:\/\/www.organisator.ch\/","name":"Organizzatore","description":"Competente. Pratico. In 10 numeri all'anno, ORGANISATOR presenta i temi essenziali per i manager delle PMI.","publisher":{"@id":"https:\/\/www.organisator.ch\/#organization"},"potentialAction":[{"@type":"SearchAction","target":{"@type":"EntryPoint","urlTemplate":"https:\/\/www.organisator.ch\/?s={search_term_string}"},"query-input":{"@type":"PropertyValueSpecification","valueRequired":true,"valueName":"search_term_string"}}],"inLanguage":"it-IT"},{"@type":"Organization","@id":"https:\/\/www.organisator.ch\/#organization","name":"Organizzatore","url":"https:\/\/www.organisator.ch\/","logo":{"@type":"ImageObject","inLanguage":"it-IT","@id":"https:\/\/www.organisator.ch\/#\/schema\/logo\/image\/","url":"https:\/\/www.organisator.ch\/wp-content\/uploads\/2022\/01\/Logo_Organisator_Website.png","contentUrl":"https:\/\/www.organisator.ch\/wp-content\/uploads\/2022\/01\/Logo_Organisator_Website.png","width":800,"height":77,"caption":"Organisator"},"image":{"@id":"https:\/\/www.organisator.ch\/#\/schema\/logo\/image\/"},"sameAs":["https:\/\/www.facebook.com\/OrganisatorFachmagazin","https:\/\/www.linkedin.com\/showcase\/organisator-das-magazin-fr-kmu","https:\/\/www.xing.com\/news\/pages\/organisator-ch-695","https:\/\/www.youtube.com\/channel\/UCGP2Sq0iWaZwT3BdIAQFYpw"]},{"@type":"Person","@id":"https:\/\/www.organisator.ch\/#\/schema\/person\/aa2bace6c5c5aad60102004a50c4eb1c","name":"amministratore","image":{"@type":"ImageObject","inLanguage":"it-IT","@id":"https:\/\/secure.gravatar.com\/avatar\/ae2f4d718e6c49043e314ce431e7e645d646302a24a5ef5a8bc8e3f5a032e319?s=96&d=mm&r=g","url":"https:\/\/secure.gravatar.com\/avatar\/ae2f4d718e6c49043e314ce431e7e645d646302a24a5ef5a8bc8e3f5a032e319?s=96&d=mm&r=g","contentUrl":"https:\/\/secure.gravatar.com\/avatar\/ae2f4d718e6c49043e314ce431e7e645d646302a24a5ef5a8bc8e3f5a032e319?s=96&d=mm&r=g","caption":"admin"},"sameAs":["https:\/\/www.organisator.ch"],"url":"https:\/\/www.organisator.ch\/it\/author\/admin\/"}]}},"_links":{"self":[{"href":"https:\/\/www.organisator.ch\/it\/wp-json\/wp\/v2\/posts\/526","targetHints":{"allow":["GET"]}}],"collection":[{"href":"https:\/\/www.organisator.ch\/it\/wp-json\/wp\/v2\/posts"}],"about":[{"href":"https:\/\/www.organisator.ch\/it\/wp-json\/wp\/v2\/types\/post"}],"author":[{"embeddable":true,"href":"https:\/\/www.organisator.ch\/it\/wp-json\/wp\/v2\/users\/1"}],"replies":[{"embeddable":true,"href":"https:\/\/www.organisator.ch\/it\/wp-json\/wp\/v2\/comments?post=526"}],"version-history":[{"count":0,"href":"https:\/\/www.organisator.ch\/it\/wp-json\/wp\/v2\/posts\/526\/revisions"}],"wp:featuredmedia":[{"embeddable":true,"href":"https:\/\/www.organisator.ch\/it\/wp-json\/wp\/v2\/media\/9420"}],"wp:attachment":[{"href":"https:\/\/www.organisator.ch\/it\/wp-json\/wp\/v2\/media?parent=526"}],"wp:term":[{"taxonomy":"category","embeddable":true,"href":"https:\/\/www.organisator.ch\/it\/wp-json\/wp\/v2\/categories?post=526"},{"taxonomy":"post_tag","embeddable":true,"href":"https:\/\/www.organisator.ch\/it\/wp-json\/wp\/v2\/tags?post=526"}],"curies":[{"name":"wp","href":"https:\/\/api.w.org\/{rel}","templated":true}]}}