{"id":5326,"date":"2019-06-03T14:50:55","date_gmt":"2019-06-03T12:50:55","guid":{"rendered":"https:\/\/www.organisator.ch\/?p=5326"},"modified":"2019-06-03T14:50:55","modified_gmt":"2019-06-03T12:50:55","slug":"persoenlichkeit-wichtiger-als-faehigkeiten","status":"publish","type":"post","link":"https:\/\/www.organisator.ch\/it\/human-resources\/hrm\/2019-06-03\/persoenlichkeit-wichtiger-als-faehigkeiten\/","title":{"rendered":"La personalit\u00e0 \u00e8 pi\u00f9 importante delle competenze"},"content":{"rendered":"<figure id=\"attachment_5327\" aria-describedby=\"caption-attachment-5327\" style=\"width: 680px\" class=\"wp-caption alignnone\"><img loading=\"lazy\" decoding=\"async\" class=\"size-medium wp-image-5327\" src=\"https:\/\/www.organisator.ch\/wp-content\/uploads\/2019\/06\/Persoenlichkeit-wichtiger-als-Faehigkeiten_Organisator.jpg\" alt=\"\" width=\"680\" height=\"410\" srcset=\"https:\/\/www.organisator.ch\/wp-content\/uploads\/2019\/06\/Persoenlichkeit-wichtiger-als-Faehigkeiten_Organisator.jpg 680w, https:\/\/www.organisator.ch\/wp-content\/uploads\/2019\/06\/Persoenlichkeit-wichtiger-als-Faehigkeiten_Organisator-16x10.jpg 16w, https:\/\/www.organisator.ch\/wp-content\/uploads\/2019\/06\/Persoenlichkeit-wichtiger-als-Faehigkeiten_Organisator-290x175.jpg 290w, https:\/\/www.organisator.ch\/wp-content\/uploads\/2019\/06\/Persoenlichkeit-wichtiger-als-Faehigkeiten_Organisator-580x350.jpg 580w, https:\/\/www.organisator.ch\/wp-content\/uploads\/2019\/06\/Persoenlichkeit-wichtiger-als-Faehigkeiten_Organisator-300x181.jpg 300w\" sizes=\"auto, (max-width: 680px) 100vw, 680px\" \/><figcaption id=\"caption-attachment-5327\" class=\"wp-caption-text\">La personalit\u00e0 \u00e8 pi\u00f9 importante delle sole competenze, dice Natalie Sch\u00fcrmann, responsabile dell'acquisizione del personale alla Opacc Software AG. (Immagine: Opacc)<\/figcaption><\/figure>\n<p>Il fatto che l'azienda IT Opacc abbia ricevuto ancora una volta una valutazione superiore sulla piattaforma di valutazione dei datori di lavoro kununu.com \u00e8 probabilmente dovuto a una serie di motivi. Per esempio, i ben noti processi di candidatura equi e trasparenti, l'apprezzamento dei candidati e - ultimo ma non meno importante - la nuova sede dell'azienda a Rothenburg, che offre eccellenti condizioni di lavoro, sono tra questi, secondo Opacc.<\/p>\n<h2>Processi di reclutamento equi<\/h2>\n<p>Natalie Sch\u00fcrmann, responsabile dell'acquisizione del personale alla Opacc Software AG, \u00e8 soddisfatta del risultato e vede confermate le sue idee: \"Ovviamente siamo stati valutati molto bene anche dai candidati respinti, il che ci rende particolarmente orgogliosi!\" I rifiuti sono inevitabili. All'Opacc, tuttavia, danno molta importanza al necessario rispetto per tutte le persone che si candidano, cos\u00ec come ai rifiuti rapidi e scritti in modo che i candidati possano riorientarsi di nuovo.<\/p>\n<p>Mentre molte aziende stanno sempre pi\u00f9 automatizzando e rendendo anonimi i loro processi di candidatura, Opacc si basa su interviste personali e processi a pi\u00f9 fasi e chiaramente regolati. Questo \u00e8 ovviamente apprezzato dai candidati e porta a commenti sulla piattaforma kununu.com come: \"Il processo di candidatura \u00e8 molto accurato, molto equo e molto rilassato\".<\/p>\n<h2><strong>La personalit\u00e0 \u00e8 pi\u00f9 importante delle competenze<\/strong><\/h2>\n<p>Per la Opacc, \u00e8 fondamentale che i nuovi dipendenti abbiano una personalit\u00e0 convincente e siano in grado e disposti a condividere la cultura aziendale. Natalie Sch\u00fcrmann: \"Nella prima intervista, mi concentro sulla personalit\u00e0 e sugli aspetti sociali. I candidati desiderati, che sono poi invitati al secondo colloquio, ricevono approfondimenti sul reparto specializzato e affrontano le domande del supervisore. Di regola, questo \u00e8 seguito - come terza tappa, per cos\u00ec dire - da una giornata pratica nel reparto specializzato. In questo modo ci assicuriamo di assumere persone che non solo soddisfino il profilo, ma che condividano anche la nostra cultura aziendale Opacc\".<\/p>\n<h2><strong>Il reclutamento professionale paga<\/strong><\/h2>\n<p>L'azienda della Svizzera centrale si basa su oltre 30 anni di esperienza nello sviluppo e nell'implementazione di software aziendali. Negli ultimi anni, sono state create numerose nuove posizioni con specialisti altamente qualificati. Tuttavia, il reclutamento sempre pi\u00f9 costoso di talenti agisce come un ostacolo all'ulteriore crescita. Questo rende ancora pi\u00f9 importante per i responsabili delle risorse umane ispirare i nuovi dipendenti per Opacc con una variet\u00e0 di sforzi.<\/p>\n<h2><strong>Primo posto come datore di lavoro pi\u00f9 popolare<\/strong><\/h2>\n<p>La piattaforma di rating kununu.com ha determinato quali sono le aziende svizzere che sono i datori di lavoro pi\u00f9 popolari. Opacc si trova in un eccellente 3\u00b0 posto in Svizzera ed \u00e8 stato valutato da quasi 200 dipendenti e candidati. 96% degli utenti partecipanti raccomanderebbero il loro datore di lavoro ad altri.<\/p>\n<p>Opacc ha attualmente una vasta gamma di lavori disponibili, dal project management al supporto, dall'ingegneria dei sistemi allo sviluppo.<\/p>\n<p><em>Fonte e ulteriori informazioni: <a href=\"http:\/\/www.opacc.ch\">www.opacc.ch<\/a><\/em><\/p>","protected":false},"excerpt":{"rendered":"<p>Dass das Informatik-Unternehmen Opacc auf der Arbeitgeber-Bewertungsplattform kununu.com erneut eine Top-Bewertung erfahren hat, d\u00fcrfte verschiedenste Gr\u00fcnde haben. So z\u00e4hlen etwa die bekanntermassen fairen und transparenten Bewerbungsprozesse, die Wertsch\u00e4tzung gegen\u00fcber den Kandidaten und \u2013 last but not least \u2013 der neuer\u00f6ffnete Firmensitz in Rothenburg, welcher hervorragende Arbeitsbedingungen bietet, dazu, wie Opacc mitteilt. Faire Rekrutierungsprozesse Natalie Sch\u00fcrmann, [&hellip;]<\/p>\n","protected":false},"author":4,"featured_media":5327,"comment_status":"open","ping_status":"open","sticky":false,"template":"","format":"standard","meta":{"_acf_changed":false,"_yoast_wpseo_focuskw":"F\u00e4higkeiten","_yoast_wpseo_metadesc":"Opacc geh\u00f6rt zu den beliebtesten Arbeitgebern auf der Plattform kununu.com. Auch die Bewerbungsprozesse werden herausragend bewertet.","articlekey":"","footnotes":""},"categories":[26],"tags":[51,254,286,411,492],"class_list":["post-5326","post","type-post","status-publish","format-standard","has-post-thumbnail","hentry","category-hrm","tag-arbeitsplatzgestaltung","tag-hrm","tag-it","tag-rekrutierung","tag-unternehmen"],"acf":[],"yoast_head":"<!-- This site is optimized with the Yoast SEO plugin v27.4 - https:\/\/yoast.com\/product\/yoast-seo-wordpress\/ -->\n<title>Pers\u00f6nlichkeit wichtiger als F\u00e4higkeiten - Organisator<\/title>\n<meta name=\"description\" content=\"Opacc geh\u00f6rt zu den beliebtesten Arbeitgebern auf der Plattform kununu.com. Auch die Bewerbungsprozesse werden herausragend bewertet.\" \/>\n<meta name=\"robots\" content=\"index, follow, max-snippet:-1, max-image-preview:large, max-video-preview:-1\" \/>\n<link rel=\"canonical\" href=\"https:\/\/www.organisator.ch\/it\/risorse-umane\/hrm\/2019-06-03\/persoenlichkeit-wichtiger-als-faehigkeiten\/\" \/>\n<meta property=\"og:locale\" content=\"it_IT\" \/>\n<meta property=\"og:type\" content=\"article\" \/>\n<meta property=\"og:title\" content=\"Pers\u00f6nlichkeit wichtiger als F\u00e4higkeiten\" \/>\n<meta property=\"og:description\" content=\"Opacc geh\u00f6rt zu den beliebtesten Arbeitgebern auf der Plattform kununu.com. Auch die Bewerbungsprozesse werden herausragend bewertet.\" \/>\n<meta property=\"og:url\" content=\"https:\/\/www.organisator.ch\/it\/risorse-umane\/hrm\/2019-06-03\/persoenlichkeit-wichtiger-als-faehigkeiten\/\" \/>\n<meta property=\"og:site_name\" content=\"Organisator\" \/>\n<meta property=\"article:publisher\" content=\"https:\/\/www.facebook.com\/OrganisatorFachmagazin\" \/>\n<meta property=\"article:published_time\" content=\"2019-06-03T12:50:55+00:00\" \/>\n<meta property=\"og:image\" content=\"https:\/\/www.organisator.ch\/wp-content\/uploads\/2019\/06\/Persoenlichkeit-wichtiger-als-Faehigkeiten_Organisator.jpg\" \/>\n\t<meta property=\"og:image:width\" content=\"680\" \/>\n\t<meta property=\"og:image:height\" content=\"410\" \/>\n\t<meta property=\"og:image:type\" content=\"image\/jpeg\" \/>\n<meta name=\"author\" content=\"thomas.berner\" \/>\n<meta name=\"twitter:card\" content=\"summary_large_image\" \/>\n<meta name=\"twitter:title\" content=\"#Pers\u00f6nlichkeit wichtiger als F\u00e4higkeiten\" \/>\n<meta name=\"twitter:description\" content=\"#Opacc geh\u00f6rt zu den beliebtesten Arbeitgebern auf der Plattform #kununu.com. Auch die #Bewerbungsprozesse werden herausragend bewertet.\" \/>\n<meta name=\"twitter:image\" content=\"https:\/\/www.organisator.ch\/wp-content\/uploads\/2019\/06\/Pers\u00f6nlichkeit-wichtiger-als-F\u00e4higkeiten_Organisator.jpg\" \/>\n<script type=\"application\/ld+json\" class=\"yoast-schema-graph\">{\"@context\":\"https:\\\/\\\/schema.org\",\"@graph\":[{\"@type\":\"Article\",\"@id\":\"https:\\\/\\\/www.organisator.ch\\\/human-resources\\\/hrm\\\/2019-06-03\\\/persoenlichkeit-wichtiger-als-faehigkeiten\\\/#article\",\"isPartOf\":{\"@id\":\"https:\\\/\\\/www.organisator.ch\\\/human-resources\\\/hrm\\\/2019-06-03\\\/persoenlichkeit-wichtiger-als-faehigkeiten\\\/\"},\"author\":{\"name\":\"thomas.berner\",\"@id\":\"https:\\\/\\\/www.organisator.ch\\\/#\\\/schema\\\/person\\\/6f650f90b2842cd4c0cc334b4e36f67e\"},\"headline\":\"Pers\u00f6nlichkeit wichtiger als F\u00e4higkeiten\",\"datePublished\":\"2019-06-03T12:50:55+00:00\",\"mainEntityOfPage\":{\"@id\":\"https:\\\/\\\/www.organisator.ch\\\/human-resources\\\/hrm\\\/2019-06-03\\\/persoenlichkeit-wichtiger-als-faehigkeiten\\\/\"},\"wordCount\":464,\"commentCount\":0,\"publisher\":{\"@id\":\"https:\\\/\\\/www.organisator.ch\\\/#organization\"},\"image\":{\"@id\":\"https:\\\/\\\/www.organisator.ch\\\/human-resources\\\/hrm\\\/2019-06-03\\\/persoenlichkeit-wichtiger-als-faehigkeiten\\\/#primaryimage\"},\"thumbnailUrl\":\"https:\\\/\\\/www.organisator.ch\\\/wp-content\\\/uploads\\\/2019\\\/06\\\/Persoenlichkeit-wichtiger-als-Faehigkeiten_Organisator.jpg\",\"keywords\":[\"Arbeitsplatzgestaltung\",\"HRM\",\"IT\",\"Rekrutierung\",\"Unternehmen\"],\"articleSection\":[\"HRM\"],\"inLanguage\":\"it-IT\"},{\"@type\":\"WebPage\",\"@id\":\"https:\\\/\\\/www.organisator.ch\\\/human-resources\\\/hrm\\\/2019-06-03\\\/persoenlichkeit-wichtiger-als-faehigkeiten\\\/\",\"url\":\"https:\\\/\\\/www.organisator.ch\\\/human-resources\\\/hrm\\\/2019-06-03\\\/persoenlichkeit-wichtiger-als-faehigkeiten\\\/\",\"name\":\"Pers\u00f6nlichkeit wichtiger als F\u00e4higkeiten - Organisator\",\"isPartOf\":{\"@id\":\"https:\\\/\\\/www.organisator.ch\\\/#website\"},\"primaryImageOfPage\":{\"@id\":\"https:\\\/\\\/www.organisator.ch\\\/human-resources\\\/hrm\\\/2019-06-03\\\/persoenlichkeit-wichtiger-als-faehigkeiten\\\/#primaryimage\"},\"image\":{\"@id\":\"https:\\\/\\\/www.organisator.ch\\\/human-resources\\\/hrm\\\/2019-06-03\\\/persoenlichkeit-wichtiger-als-faehigkeiten\\\/#primaryimage\"},\"thumbnailUrl\":\"https:\\\/\\\/www.organisator.ch\\\/wp-content\\\/uploads\\\/2019\\\/06\\\/Persoenlichkeit-wichtiger-als-Faehigkeiten_Organisator.jpg\",\"datePublished\":\"2019-06-03T12:50:55+00:00\",\"description\":\"Opacc geh\u00f6rt zu den beliebtesten Arbeitgebern auf der Plattform kununu.com. Auch die Bewerbungsprozesse werden herausragend bewertet.\",\"breadcrumb\":{\"@id\":\"https:\\\/\\\/www.organisator.ch\\\/human-resources\\\/hrm\\\/2019-06-03\\\/persoenlichkeit-wichtiger-als-faehigkeiten\\\/#breadcrumb\"},\"inLanguage\":\"it-IT\",\"potentialAction\":[{\"@type\":\"ReadAction\",\"target\":[\"https:\\\/\\\/www.organisator.ch\\\/human-resources\\\/hrm\\\/2019-06-03\\\/persoenlichkeit-wichtiger-als-faehigkeiten\\\/\"]}]},{\"@type\":\"ImageObject\",\"inLanguage\":\"it-IT\",\"@id\":\"https:\\\/\\\/www.organisator.ch\\\/human-resources\\\/hrm\\\/2019-06-03\\\/persoenlichkeit-wichtiger-als-faehigkeiten\\\/#primaryimage\",\"url\":\"https:\\\/\\\/www.organisator.ch\\\/wp-content\\\/uploads\\\/2019\\\/06\\\/Persoenlichkeit-wichtiger-als-Faehigkeiten_Organisator.jpg\",\"contentUrl\":\"https:\\\/\\\/www.organisator.ch\\\/wp-content\\\/uploads\\\/2019\\\/06\\\/Persoenlichkeit-wichtiger-als-Faehigkeiten_Organisator.jpg\",\"width\":680,\"height\":410,\"caption\":\"Pers\u00f6nlichkeit sei wichtiger als F\u00e4higkeiten allein, sagt Natalie Sch\u00fcrmann, zust\u00e4ndig f\u00fcr Personalakquisition bei Opacc Software AG. (Bild: Opacc)\"},{\"@type\":\"BreadcrumbList\",\"@id\":\"https:\\\/\\\/www.organisator.ch\\\/human-resources\\\/hrm\\\/2019-06-03\\\/persoenlichkeit-wichtiger-als-faehigkeiten\\\/#breadcrumb\",\"itemListElement\":[{\"@type\":\"ListItem\",\"position\":1,\"name\":\"Home\",\"item\":\"https:\\\/\\\/www.organisator.ch\\\/\"},{\"@type\":\"ListItem\",\"position\":2,\"name\":\"Pers\u00f6nlichkeit wichtiger als F\u00e4higkeiten\"}]},{\"@type\":\"WebSite\",\"@id\":\"https:\\\/\\\/www.organisator.ch\\\/#website\",\"url\":\"https:\\\/\\\/www.organisator.ch\\\/\",\"name\":\"Organisator\",\"description\":\"Kompetent. Praxisnah. Der ORGANISATOR bereitet in 10 Ausgaben pro Jahr die wesentlichen Themen f\u00fcr F\u00fchrungskr\u00e4fte von KMU auf.\",\"publisher\":{\"@id\":\"https:\\\/\\\/www.organisator.ch\\\/#organization\"},\"potentialAction\":[{\"@type\":\"SearchAction\",\"target\":{\"@type\":\"EntryPoint\",\"urlTemplate\":\"https:\\\/\\\/www.organisator.ch\\\/?s={search_term_string}\"},\"query-input\":{\"@type\":\"PropertyValueSpecification\",\"valueRequired\":true,\"valueName\":\"search_term_string\"}}],\"inLanguage\":\"it-IT\"},{\"@type\":\"Organization\",\"@id\":\"https:\\\/\\\/www.organisator.ch\\\/#organization\",\"name\":\"Organisator\",\"url\":\"https:\\\/\\\/www.organisator.ch\\\/\",\"logo\":{\"@type\":\"ImageObject\",\"inLanguage\":\"it-IT\",\"@id\":\"https:\\\/\\\/www.organisator.ch\\\/#\\\/schema\\\/logo\\\/image\\\/\",\"url\":\"https:\\\/\\\/www.organisator.ch\\\/wp-content\\\/uploads\\\/2022\\\/01\\\/Logo_Organisator_Website.png\",\"contentUrl\":\"https:\\\/\\\/www.organisator.ch\\\/wp-content\\\/uploads\\\/2022\\\/01\\\/Logo_Organisator_Website.png\",\"width\":800,\"height\":77,\"caption\":\"Organisator\"},\"image\":{\"@id\":\"https:\\\/\\\/www.organisator.ch\\\/#\\\/schema\\\/logo\\\/image\\\/\"},\"sameAs\":[\"https:\\\/\\\/www.facebook.com\\\/OrganisatorFachmagazin\",\"https:\\\/\\\/www.linkedin.com\\\/showcase\\\/organisator-das-magazin-fr-kmu\",\"https:\\\/\\\/www.xing.com\\\/news\\\/pages\\\/organisator-ch-695\",\"https:\\\/\\\/www.youtube.com\\\/channel\\\/UCGP2Sq0iWaZwT3BdIAQFYpw\"]},{\"@type\":\"Person\",\"@id\":\"https:\\\/\\\/www.organisator.ch\\\/#\\\/schema\\\/person\\\/6f650f90b2842cd4c0cc334b4e36f67e\",\"name\":\"thomas.berner\",\"image\":{\"@type\":\"ImageObject\",\"inLanguage\":\"it-IT\",\"@id\":\"https:\\\/\\\/secure.gravatar.com\\\/avatar\\\/ac5001d2a36cb6c6cd3e50789007ffca834b477b74a2144564522e944eabff61?s=96&d=mm&r=g\",\"url\":\"https:\\\/\\\/secure.gravatar.com\\\/avatar\\\/ac5001d2a36cb6c6cd3e50789007ffca834b477b74a2144564522e944eabff61?s=96&d=mm&r=g\",\"contentUrl\":\"https:\\\/\\\/secure.gravatar.com\\\/avatar\\\/ac5001d2a36cb6c6cd3e50789007ffca834b477b74a2144564522e944eabff61?s=96&d=mm&r=g\",\"caption\":\"thomas.berner\"},\"url\":\"https:\\\/\\\/www.organisator.ch\\\/it\\\/author\\\/thomas-berner\\\/\"}]}<\/script>\n<!-- \/ Yoast SEO plugin. -->","yoast_head_json":{"title":"La personalit\u00e0 \u00e8 pi\u00f9 importante delle competenze - Organizzatore","description":"Opacc \u00e8 uno dei datori di lavoro pi\u00f9 popolari sulla piattaforma kununu.com. Anche i processi di candidatura sono giudicati eccellenti.","robots":{"index":"index","follow":"follow","max-snippet":"max-snippet:-1","max-image-preview":"max-image-preview:large","max-video-preview":"max-video-preview:-1"},"canonical":"https:\/\/www.organisator.ch\/it\/risorse-umane\/hrm\/2019-06-03\/persoenlichkeit-wichtiger-als-faehigkeiten\/","og_locale":"it_IT","og_type":"article","og_title":"Pers\u00f6nlichkeit wichtiger als F\u00e4higkeiten","og_description":"Opacc geh\u00f6rt zu den beliebtesten Arbeitgebern auf der Plattform kununu.com. Auch die Bewerbungsprozesse werden herausragend bewertet.","og_url":"https:\/\/www.organisator.ch\/it\/risorse-umane\/hrm\/2019-06-03\/persoenlichkeit-wichtiger-als-faehigkeiten\/","og_site_name":"Organisator","article_publisher":"https:\/\/www.facebook.com\/OrganisatorFachmagazin","article_published_time":"2019-06-03T12:50:55+00:00","og_image":[{"width":680,"height":410,"url":"https:\/\/www.organisator.ch\/wp-content\/uploads\/2019\/06\/Persoenlichkeit-wichtiger-als-Faehigkeiten_Organisator.jpg","type":"image\/jpeg"}],"author":"thomas.berner","twitter_card":"summary_large_image","twitter_title":"#Pers\u00f6nlichkeit wichtiger als F\u00e4higkeiten","twitter_description":"#Opacc geh\u00f6rt zu den beliebtesten Arbeitgebern auf der Plattform #kununu.com. Auch die #Bewerbungsprozesse werden herausragend bewertet.","twitter_image":"https:\/\/www.organisator.ch\/wp-content\/uploads\/2019\/06\/Pers\u00f6nlichkeit-wichtiger-als-F\u00e4higkeiten_Organisator.jpg","schema":{"@context":"https:\/\/schema.org","@graph":[{"@type":"Article","@id":"https:\/\/www.organisator.ch\/human-resources\/hrm\/2019-06-03\/persoenlichkeit-wichtiger-als-faehigkeiten\/#article","isPartOf":{"@id":"https:\/\/www.organisator.ch\/human-resources\/hrm\/2019-06-03\/persoenlichkeit-wichtiger-als-faehigkeiten\/"},"author":{"name":"thomas.berner","@id":"https:\/\/www.organisator.ch\/#\/schema\/person\/6f650f90b2842cd4c0cc334b4e36f67e"},"headline":"Pers\u00f6nlichkeit wichtiger als F\u00e4higkeiten","datePublished":"2019-06-03T12:50:55+00:00","mainEntityOfPage":{"@id":"https:\/\/www.organisator.ch\/human-resources\/hrm\/2019-06-03\/persoenlichkeit-wichtiger-als-faehigkeiten\/"},"wordCount":464,"commentCount":0,"publisher":{"@id":"https:\/\/www.organisator.ch\/#organization"},"image":{"@id":"https:\/\/www.organisator.ch\/human-resources\/hrm\/2019-06-03\/persoenlichkeit-wichtiger-als-faehigkeiten\/#primaryimage"},"thumbnailUrl":"https:\/\/www.organisator.ch\/wp-content\/uploads\/2019\/06\/Persoenlichkeit-wichtiger-als-Faehigkeiten_Organisator.jpg","keywords":["Arbeitsplatzgestaltung","HRM","IT","Rekrutierung","Unternehmen"],"articleSection":["HRM"],"inLanguage":"it-IT"},{"@type":"WebPage","@id":"https:\/\/www.organisator.ch\/human-resources\/hrm\/2019-06-03\/persoenlichkeit-wichtiger-als-faehigkeiten\/","url":"https:\/\/www.organisator.ch\/human-resources\/hrm\/2019-06-03\/persoenlichkeit-wichtiger-als-faehigkeiten\/","name":"La personalit\u00e0 \u00e8 pi\u00f9 importante delle competenze - Organizzatore","isPartOf":{"@id":"https:\/\/www.organisator.ch\/#website"},"primaryImageOfPage":{"@id":"https:\/\/www.organisator.ch\/human-resources\/hrm\/2019-06-03\/persoenlichkeit-wichtiger-als-faehigkeiten\/#primaryimage"},"image":{"@id":"https:\/\/www.organisator.ch\/human-resources\/hrm\/2019-06-03\/persoenlichkeit-wichtiger-als-faehigkeiten\/#primaryimage"},"thumbnailUrl":"https:\/\/www.organisator.ch\/wp-content\/uploads\/2019\/06\/Persoenlichkeit-wichtiger-als-Faehigkeiten_Organisator.jpg","datePublished":"2019-06-03T12:50:55+00:00","description":"Opacc \u00e8 uno dei datori di lavoro pi\u00f9 popolari sulla piattaforma kununu.com. Anche i processi di candidatura sono giudicati eccellenti.","breadcrumb":{"@id":"https:\/\/www.organisator.ch\/human-resources\/hrm\/2019-06-03\/persoenlichkeit-wichtiger-als-faehigkeiten\/#breadcrumb"},"inLanguage":"it-IT","potentialAction":[{"@type":"ReadAction","target":["https:\/\/www.organisator.ch\/human-resources\/hrm\/2019-06-03\/persoenlichkeit-wichtiger-als-faehigkeiten\/"]}]},{"@type":"ImageObject","inLanguage":"it-IT","@id":"https:\/\/www.organisator.ch\/human-resources\/hrm\/2019-06-03\/persoenlichkeit-wichtiger-als-faehigkeiten\/#primaryimage","url":"https:\/\/www.organisator.ch\/wp-content\/uploads\/2019\/06\/Persoenlichkeit-wichtiger-als-Faehigkeiten_Organisator.jpg","contentUrl":"https:\/\/www.organisator.ch\/wp-content\/uploads\/2019\/06\/Persoenlichkeit-wichtiger-als-Faehigkeiten_Organisator.jpg","width":680,"height":410,"caption":"Pers\u00f6nlichkeit sei wichtiger als F\u00e4higkeiten allein, sagt Natalie Sch\u00fcrmann, zust\u00e4ndig f\u00fcr Personalakquisition bei Opacc Software AG. (Bild: Opacc)"},{"@type":"BreadcrumbList","@id":"https:\/\/www.organisator.ch\/human-resources\/hrm\/2019-06-03\/persoenlichkeit-wichtiger-als-faehigkeiten\/#breadcrumb","itemListElement":[{"@type":"ListItem","position":1,"name":"Home","item":"https:\/\/www.organisator.ch\/"},{"@type":"ListItem","position":2,"name":"Pers\u00f6nlichkeit wichtiger als F\u00e4higkeiten"}]},{"@type":"WebSite","@id":"https:\/\/www.organisator.ch\/#website","url":"https:\/\/www.organisator.ch\/","name":"Organizzatore","description":"Competente. Pratico. In 10 numeri all'anno, ORGANISATOR presenta i temi essenziali per i manager delle PMI.","publisher":{"@id":"https:\/\/www.organisator.ch\/#organization"},"potentialAction":[{"@type":"SearchAction","target":{"@type":"EntryPoint","urlTemplate":"https:\/\/www.organisator.ch\/?s={search_term_string}"},"query-input":{"@type":"PropertyValueSpecification","valueRequired":true,"valueName":"search_term_string"}}],"inLanguage":"it-IT"},{"@type":"Organization","@id":"https:\/\/www.organisator.ch\/#organization","name":"Organizzatore","url":"https:\/\/www.organisator.ch\/","logo":{"@type":"ImageObject","inLanguage":"it-IT","@id":"https:\/\/www.organisator.ch\/#\/schema\/logo\/image\/","url":"https:\/\/www.organisator.ch\/wp-content\/uploads\/2022\/01\/Logo_Organisator_Website.png","contentUrl":"https:\/\/www.organisator.ch\/wp-content\/uploads\/2022\/01\/Logo_Organisator_Website.png","width":800,"height":77,"caption":"Organisator"},"image":{"@id":"https:\/\/www.organisator.ch\/#\/schema\/logo\/image\/"},"sameAs":["https:\/\/www.facebook.com\/OrganisatorFachmagazin","https:\/\/www.linkedin.com\/showcase\/organisator-das-magazin-fr-kmu","https:\/\/www.xing.com\/news\/pages\/organisator-ch-695","https:\/\/www.youtube.com\/channel\/UCGP2Sq0iWaZwT3BdIAQFYpw"]},{"@type":"Person","@id":"https:\/\/www.organisator.ch\/#\/schema\/person\/6f650f90b2842cd4c0cc334b4e36f67e","name":"Tommaso.berner","image":{"@type":"ImageObject","inLanguage":"it-IT","@id":"https:\/\/secure.gravatar.com\/avatar\/ac5001d2a36cb6c6cd3e50789007ffca834b477b74a2144564522e944eabff61?s=96&d=mm&r=g","url":"https:\/\/secure.gravatar.com\/avatar\/ac5001d2a36cb6c6cd3e50789007ffca834b477b74a2144564522e944eabff61?s=96&d=mm&r=g","contentUrl":"https:\/\/secure.gravatar.com\/avatar\/ac5001d2a36cb6c6cd3e50789007ffca834b477b74a2144564522e944eabff61?s=96&d=mm&r=g","caption":"thomas.berner"},"url":"https:\/\/www.organisator.ch\/it\/author\/thomas-berner\/"}]}},"_links":{"self":[{"href":"https:\/\/www.organisator.ch\/it\/wp-json\/wp\/v2\/posts\/5326","targetHints":{"allow":["GET"]}}],"collection":[{"href":"https:\/\/www.organisator.ch\/it\/wp-json\/wp\/v2\/posts"}],"about":[{"href":"https:\/\/www.organisator.ch\/it\/wp-json\/wp\/v2\/types\/post"}],"author":[{"embeddable":true,"href":"https:\/\/www.organisator.ch\/it\/wp-json\/wp\/v2\/users\/4"}],"replies":[{"embeddable":true,"href":"https:\/\/www.organisator.ch\/it\/wp-json\/wp\/v2\/comments?post=5326"}],"version-history":[{"count":0,"href":"https:\/\/www.organisator.ch\/it\/wp-json\/wp\/v2\/posts\/5326\/revisions"}],"wp:featuredmedia":[{"embeddable":true,"href":"https:\/\/www.organisator.ch\/it\/wp-json\/wp\/v2\/media\/5327"}],"wp:attachment":[{"href":"https:\/\/www.organisator.ch\/it\/wp-json\/wp\/v2\/media?parent=5326"}],"wp:term":[{"taxonomy":"category","embeddable":true,"href":"https:\/\/www.organisator.ch\/it\/wp-json\/wp\/v2\/categories?post=5326"},{"taxonomy":"post_tag","embeddable":true,"href":"https:\/\/www.organisator.ch\/it\/wp-json\/wp\/v2\/tags?post=5326"}],"curies":[{"name":"wp","href":"https:\/\/api.w.org\/{rel}","templated":true}]}}