{"id":5364,"date":"2019-06-11T11:44:52","date_gmt":"2019-06-11T09:44:52","guid":{"rendered":"https:\/\/www.organisator.ch\/?p=5364"},"modified":"2019-06-11T11:44:52","modified_gmt":"2019-06-11T09:44:52","slug":"arbeit-und-konflikt-expertenpool-bietet-unterstuetzung","status":"publish","type":"post","link":"https:\/\/www.organisator.ch\/it\/management\/2019-06-11\/arbeit-und-konflikt-expertenpool-bietet-unterstuetzung\/","title":{"rendered":"Lavoro e conflitto: il pool di esperti offre supporto"},"content":{"rendered":"<p>\"Tutto \u00e8 iniziato tre anni fa con un'escalation di accuse di molestie da parte di una dipendente contro un membro della direzione. L'azienda ha raggiunto i suoi limiti con questa sfida. Il manager delle risorse umane era totalmente assorbito e non poteva fare il suo lavoro normale\", dice Judith Wissmann, fondatrice e presidente di <a href=\"http:\/\/www.arbeitundkonflikt.ch\">lavoro e conflitto.ch<\/a>. Gli esperti coinvolti nell'attuazione delle misure hanno riconosciuto che c'\u00e8 un grande bisogno di azione nelle aziende quando i dipendenti fanno delle accuse. Un gruppo sciolto di specialisti ha formato il pool di esperti Arbeitundkonflikt.ch e ha sviluppato strumenti che possono essere utilizzati per la prevenzione e l'intervento. Questi includono i passi che devono essere fatti da un punto di contatto o un questionario, i passi e il calendario per le indagini interne.<\/p>\n<h2>Centro di competenza interdisciplinare<\/h2>\n<p>Oggi, Arbeitundkonflikt.ch \u00e8 un centro di competenza interdisciplinare per la protezione dell'integrit\u00e0 personale per le aziende e le persone interessate. Le aree principali sono la prevenzione e l'intervento. Una delle specialit\u00e0 di Arbeitundkonflikt.ch sono i seminari e workshop interni e pubblici. In questa misura di prevenzione, i manager e i punti di contatto sono formati utilizzando video clip appositamente filmati per la formazione o scene dal vivo.<\/p>\n<h2>Esperti con esperienza<\/h2>\n<p>Il pool di esperti per il lavoro e il conflitto combina lo sviluppo organizzativo, il know-how legale, pedagogico e psicologico. Il pool di esperti \u00e8 composto da esperti di grande esperienza nella risoluzione dei conflitti, nelle indagini interne e nella mediazione. Il supporto alla comunicazione nelle crisi intorno ai conflitti sul posto di lavoro sono un altro campo d'azione. La piattaforma trova gli esperti adatti per ogni fase di escalation del conflitto e con il loro supporto alleggerisce i manager delle risorse umane, la leadership e altri punti di contatto nelle aziende e nelle organizzazioni.<\/p>\n<p><img loading=\"lazy\" decoding=\"async\" class=\"alignnone size-full wp-image-5365\" src=\"https:\/\/www.organisator.ch\/wp-content\/uploads\/2019\/06\/Expertenpool-bietet-Unterstuetzung-bei-Konflikten-am-Arbeitsplatz_Organisator.jpg\" alt=\"\" width=\"340\" height=\"140\" srcset=\"https:\/\/www.organisator.ch\/wp-content\/uploads\/2019\/06\/Expertenpool-bietet-Unterstuetzung-bei-Konflikten-am-Arbeitsplatz_Organisator.jpg 340w, https:\/\/www.organisator.ch\/wp-content\/uploads\/2019\/06\/Expertenpool-bietet-Unterstuetzung-bei-Konflikten-am-Arbeitsplatz_Organisator-16x7.jpg 16w, https:\/\/www.organisator.ch\/wp-content\/uploads\/2019\/06\/Expertenpool-bietet-Unterstuetzung-bei-Konflikten-am-Arbeitsplatz_Organisator-300x124.jpg 300w\" sizes=\"auto, (max-width: 340px) 100vw, 340px\" \/><\/p>","protected":false},"excerpt":{"rendered":"<p>\u00abAlles begann vor drei Jahren mit eskalierten Bel\u00e4stigungsvorw\u00fcrfen einer Mitarbeiterin gegen ein Gesch\u00e4ftsleitungsmitglied. Das Unternehmen stiess bei dieser Herausforderung an seine Grenzen. Der Personalchef war total absorbiert und konnte seine normale Arbeit nicht verrichten\u00bb, sagt Judith Wissmann, Gr\u00fcnderin und Pr\u00e4sidentin von Arbeitundkonflikt.ch. Die an der Umsetzung der Massnahmen beteiligten Fachleute erkannten, dass in den Betrieben [&hellip;]<\/p>\n","protected":false},"author":4,"featured_media":5365,"comment_status":"open","ping_status":"open","sticky":false,"template":"","format":"standard","meta":{"_acf_changed":false,"_yoast_wpseo_focuskw":"Arbeit und Konflikt","_yoast_wpseo_metadesc":"Der Expertenpool Arbeitundkonflikt.ch unterst\u00fctzt Unternehmen und Betroffene in heiklen und oftmals \u00fcberfordernden Situationen.","articlekey":"","footnotes":""},"categories":[28],"tags":[254,335,503],"class_list":["post-5364","post","type-post","status-publish","format-standard","has-post-thumbnail","hentry","category-management","tag-hrm","tag-management-und-unternehmensfuehrung","tag-verbaende"],"acf":[],"yoast_head":"<!-- This site is optimized with the Yoast SEO plugin v27.4 - https:\/\/yoast.com\/product\/yoast-seo-wordpress\/ -->\n<title>Arbeit und Konflikt: Expertenpool bietet Unterst\u00fctzung - Organisator<\/title>\n<meta name=\"description\" content=\"Der Expertenpool Arbeitundkonflikt.ch unterst\u00fctzt Unternehmen und Betroffene in heiklen und oftmals \u00fcberfordernden Situationen.\" \/>\n<meta name=\"robots\" content=\"index, follow, max-snippet:-1, max-image-preview:large, max-video-preview:-1\" \/>\n<link rel=\"canonical\" href=\"https:\/\/www.organisator.ch\/it\/gestione-2\/2019-06-11\/arbeit-und-konflikt-expertenpool-bietet-unterstuetzung\/\" \/>\n<meta property=\"og:locale\" content=\"it_IT\" \/>\n<meta property=\"og:type\" content=\"article\" \/>\n<meta property=\"og:title\" content=\"Arbeit und Konflikt: Expertenpool bietet Unterst\u00fctzung\" \/>\n<meta property=\"og:description\" content=\"Der Expertenpool Arbeitundkonflikt.ch unterst\u00fctzt Unternehmen und Betroffene in heiklen und oftmals \u00fcberfordernden Situationen.\" \/>\n<meta property=\"og:url\" content=\"https:\/\/www.organisator.ch\/it\/gestione-2\/2019-06-11\/arbeit-und-konflikt-expertenpool-bietet-unterstuetzung\/\" \/>\n<meta property=\"og:site_name\" content=\"Organisator\" \/>\n<meta property=\"article:publisher\" content=\"https:\/\/www.facebook.com\/OrganisatorFachmagazin\" \/>\n<meta property=\"article:published_time\" content=\"2019-06-11T09:44:52+00:00\" \/>\n<meta property=\"og:image\" content=\"https:\/\/www.organisator.ch\/wp-content\/uploads\/2019\/06\/Expertenpool-bietet-Unterstuetzung-bei-Konflikten-am-Arbeitsplatz_Organisator.jpg\" \/>\n\t<meta property=\"og:image:width\" content=\"340\" \/>\n\t<meta property=\"og:image:height\" content=\"140\" \/>\n\t<meta property=\"og:image:type\" content=\"image\/jpeg\" \/>\n<meta name=\"author\" content=\"thomas.berner\" \/>\n<meta name=\"twitter:card\" content=\"summary_large_image\" \/>\n<meta name=\"twitter:title\" content=\"Arbeit und Konflikt: #Expertenpool bietet Unterst\u00fctzung\" \/>\n<meta name=\"twitter:description\" content=\"Der Expertenpool #Arbeitundkonflikt.ch unterst\u00fctzt Unternehmen und Betroffene in heiklen und oftmals \u00fcberfordernden Situationen.\" \/>\n<meta name=\"twitter:image\" content=\"https:\/\/www.organisator.ch\/wp-content\/uploads\/2019\/06\/Expertenpool-bietet-Unterst\u00fctzung-bei-Konflikten-am-Arbeitsplatz_Organisator.jpg\" \/>\n<script type=\"application\/ld+json\" class=\"yoast-schema-graph\">{\"@context\":\"https:\\\/\\\/schema.org\",\"@graph\":[{\"@type\":\"Article\",\"@id\":\"https:\\\/\\\/www.organisator.ch\\\/management\\\/2019-06-11\\\/arbeit-und-konflikt-expertenpool-bietet-unterstuetzung\\\/#article\",\"isPartOf\":{\"@id\":\"https:\\\/\\\/www.organisator.ch\\\/management\\\/2019-06-11\\\/arbeit-und-konflikt-expertenpool-bietet-unterstuetzung\\\/\"},\"author\":{\"name\":\"thomas.berner\",\"@id\":\"https:\\\/\\\/www.organisator.ch\\\/#\\\/schema\\\/person\\\/6f650f90b2842cd4c0cc334b4e36f67e\"},\"headline\":\"Arbeit und Konflikt: Expertenpool bietet Unterst\u00fctzung\",\"datePublished\":\"2019-06-11T09:44:52+00:00\",\"mainEntityOfPage\":{\"@id\":\"https:\\\/\\\/www.organisator.ch\\\/management\\\/2019-06-11\\\/arbeit-und-konflikt-expertenpool-bietet-unterstuetzung\\\/\"},\"wordCount\":256,\"commentCount\":0,\"publisher\":{\"@id\":\"https:\\\/\\\/www.organisator.ch\\\/#organization\"},\"image\":{\"@id\":\"https:\\\/\\\/www.organisator.ch\\\/management\\\/2019-06-11\\\/arbeit-und-konflikt-expertenpool-bietet-unterstuetzung\\\/#primaryimage\"},\"thumbnailUrl\":\"https:\\\/\\\/www.organisator.ch\\\/wp-content\\\/uploads\\\/2019\\\/06\\\/Expertenpool-bietet-Unterstuetzung-bei-Konflikten-am-Arbeitsplatz_Organisator.jpg\",\"keywords\":[\"HRM\",\"Management und Unternehmensf\u00fchrung\",\"Verb\u00e4nde\"],\"articleSection\":[\"MANAGEMENT\"],\"inLanguage\":\"it-IT\"},{\"@type\":\"WebPage\",\"@id\":\"https:\\\/\\\/www.organisator.ch\\\/management\\\/2019-06-11\\\/arbeit-und-konflikt-expertenpool-bietet-unterstuetzung\\\/\",\"url\":\"https:\\\/\\\/www.organisator.ch\\\/management\\\/2019-06-11\\\/arbeit-und-konflikt-expertenpool-bietet-unterstuetzung\\\/\",\"name\":\"Arbeit und Konflikt: Expertenpool bietet Unterst\u00fctzung - Organisator\",\"isPartOf\":{\"@id\":\"https:\\\/\\\/www.organisator.ch\\\/#website\"},\"primaryImageOfPage\":{\"@id\":\"https:\\\/\\\/www.organisator.ch\\\/management\\\/2019-06-11\\\/arbeit-und-konflikt-expertenpool-bietet-unterstuetzung\\\/#primaryimage\"},\"image\":{\"@id\":\"https:\\\/\\\/www.organisator.ch\\\/management\\\/2019-06-11\\\/arbeit-und-konflikt-expertenpool-bietet-unterstuetzung\\\/#primaryimage\"},\"thumbnailUrl\":\"https:\\\/\\\/www.organisator.ch\\\/wp-content\\\/uploads\\\/2019\\\/06\\\/Expertenpool-bietet-Unterstuetzung-bei-Konflikten-am-Arbeitsplatz_Organisator.jpg\",\"datePublished\":\"2019-06-11T09:44:52+00:00\",\"description\":\"Der Expertenpool Arbeitundkonflikt.ch unterst\u00fctzt Unternehmen und Betroffene in heiklen und oftmals \u00fcberfordernden Situationen.\",\"breadcrumb\":{\"@id\":\"https:\\\/\\\/www.organisator.ch\\\/management\\\/2019-06-11\\\/arbeit-und-konflikt-expertenpool-bietet-unterstuetzung\\\/#breadcrumb\"},\"inLanguage\":\"it-IT\",\"potentialAction\":[{\"@type\":\"ReadAction\",\"target\":[\"https:\\\/\\\/www.organisator.ch\\\/management\\\/2019-06-11\\\/arbeit-und-konflikt-expertenpool-bietet-unterstuetzung\\\/\"]}]},{\"@type\":\"ImageObject\",\"inLanguage\":\"it-IT\",\"@id\":\"https:\\\/\\\/www.organisator.ch\\\/management\\\/2019-06-11\\\/arbeit-und-konflikt-expertenpool-bietet-unterstuetzung\\\/#primaryimage\",\"url\":\"https:\\\/\\\/www.organisator.ch\\\/wp-content\\\/uploads\\\/2019\\\/06\\\/Expertenpool-bietet-Unterstuetzung-bei-Konflikten-am-Arbeitsplatz_Organisator.jpg\",\"contentUrl\":\"https:\\\/\\\/www.organisator.ch\\\/wp-content\\\/uploads\\\/2019\\\/06\\\/Expertenpool-bietet-Unterstuetzung-bei-Konflikten-am-Arbeitsplatz_Organisator.jpg\",\"width\":340,\"height\":140},{\"@type\":\"BreadcrumbList\",\"@id\":\"https:\\\/\\\/www.organisator.ch\\\/management\\\/2019-06-11\\\/arbeit-und-konflikt-expertenpool-bietet-unterstuetzung\\\/#breadcrumb\",\"itemListElement\":[{\"@type\":\"ListItem\",\"position\":1,\"name\":\"Home\",\"item\":\"https:\\\/\\\/www.organisator.ch\\\/\"},{\"@type\":\"ListItem\",\"position\":2,\"name\":\"Arbeit und Konflikt: Expertenpool bietet Unterst\u00fctzung\"}]},{\"@type\":\"WebSite\",\"@id\":\"https:\\\/\\\/www.organisator.ch\\\/#website\",\"url\":\"https:\\\/\\\/www.organisator.ch\\\/\",\"name\":\"Organisator\",\"description\":\"Kompetent. Praxisnah. Der ORGANISATOR bereitet in 10 Ausgaben pro Jahr die wesentlichen Themen f\u00fcr F\u00fchrungskr\u00e4fte von KMU auf.\",\"publisher\":{\"@id\":\"https:\\\/\\\/www.organisator.ch\\\/#organization\"},\"potentialAction\":[{\"@type\":\"SearchAction\",\"target\":{\"@type\":\"EntryPoint\",\"urlTemplate\":\"https:\\\/\\\/www.organisator.ch\\\/?s={search_term_string}\"},\"query-input\":{\"@type\":\"PropertyValueSpecification\",\"valueRequired\":true,\"valueName\":\"search_term_string\"}}],\"inLanguage\":\"it-IT\"},{\"@type\":\"Organization\",\"@id\":\"https:\\\/\\\/www.organisator.ch\\\/#organization\",\"name\":\"Organisator\",\"url\":\"https:\\\/\\\/www.organisator.ch\\\/\",\"logo\":{\"@type\":\"ImageObject\",\"inLanguage\":\"it-IT\",\"@id\":\"https:\\\/\\\/www.organisator.ch\\\/#\\\/schema\\\/logo\\\/image\\\/\",\"url\":\"https:\\\/\\\/www.organisator.ch\\\/wp-content\\\/uploads\\\/2022\\\/01\\\/Logo_Organisator_Website.png\",\"contentUrl\":\"https:\\\/\\\/www.organisator.ch\\\/wp-content\\\/uploads\\\/2022\\\/01\\\/Logo_Organisator_Website.png\",\"width\":800,\"height\":77,\"caption\":\"Organisator\"},\"image\":{\"@id\":\"https:\\\/\\\/www.organisator.ch\\\/#\\\/schema\\\/logo\\\/image\\\/\"},\"sameAs\":[\"https:\\\/\\\/www.facebook.com\\\/OrganisatorFachmagazin\",\"https:\\\/\\\/www.linkedin.com\\\/showcase\\\/organisator-das-magazin-fr-kmu\",\"https:\\\/\\\/www.xing.com\\\/news\\\/pages\\\/organisator-ch-695\",\"https:\\\/\\\/www.youtube.com\\\/channel\\\/UCGP2Sq0iWaZwT3BdIAQFYpw\"]},{\"@type\":\"Person\",\"@id\":\"https:\\\/\\\/www.organisator.ch\\\/#\\\/schema\\\/person\\\/6f650f90b2842cd4c0cc334b4e36f67e\",\"name\":\"thomas.berner\",\"image\":{\"@type\":\"ImageObject\",\"inLanguage\":\"it-IT\",\"@id\":\"https:\\\/\\\/secure.gravatar.com\\\/avatar\\\/ac5001d2a36cb6c6cd3e50789007ffca834b477b74a2144564522e944eabff61?s=96&d=mm&r=g\",\"url\":\"https:\\\/\\\/secure.gravatar.com\\\/avatar\\\/ac5001d2a36cb6c6cd3e50789007ffca834b477b74a2144564522e944eabff61?s=96&d=mm&r=g\",\"contentUrl\":\"https:\\\/\\\/secure.gravatar.com\\\/avatar\\\/ac5001d2a36cb6c6cd3e50789007ffca834b477b74a2144564522e944eabff61?s=96&d=mm&r=g\",\"caption\":\"thomas.berner\"},\"url\":\"https:\\\/\\\/www.organisator.ch\\\/it\\\/author\\\/thomas-berner\\\/\"}]}<\/script>\n<!-- \/ Yoast SEO plugin. -->","yoast_head_json":{"title":"Lavoro e conflitti: un pool di esperti offre supporto - Organizzatore","description":"Il pool di esperti Arbeitundkonflikt.ch supporta le aziende e le persone interessate in situazioni delicate e spesso travolgenti.","robots":{"index":"index","follow":"follow","max-snippet":"max-snippet:-1","max-image-preview":"max-image-preview:large","max-video-preview":"max-video-preview:-1"},"canonical":"https:\/\/www.organisator.ch\/it\/gestione-2\/2019-06-11\/arbeit-und-konflikt-expertenpool-bietet-unterstuetzung\/","og_locale":"it_IT","og_type":"article","og_title":"Arbeit und Konflikt: Expertenpool bietet Unterst\u00fctzung","og_description":"Der Expertenpool Arbeitundkonflikt.ch unterst\u00fctzt Unternehmen und Betroffene in heiklen und oftmals \u00fcberfordernden Situationen.","og_url":"https:\/\/www.organisator.ch\/it\/gestione-2\/2019-06-11\/arbeit-und-konflikt-expertenpool-bietet-unterstuetzung\/","og_site_name":"Organisator","article_publisher":"https:\/\/www.facebook.com\/OrganisatorFachmagazin","article_published_time":"2019-06-11T09:44:52+00:00","og_image":[{"width":340,"height":140,"url":"https:\/\/www.organisator.ch\/wp-content\/uploads\/2019\/06\/Expertenpool-bietet-Unterstuetzung-bei-Konflikten-am-Arbeitsplatz_Organisator.jpg","type":"image\/jpeg"}],"author":"thomas.berner","twitter_card":"summary_large_image","twitter_title":"Arbeit und Konflikt: #Expertenpool bietet Unterst\u00fctzung","twitter_description":"Der Expertenpool #Arbeitundkonflikt.ch unterst\u00fctzt Unternehmen und Betroffene in heiklen und oftmals \u00fcberfordernden Situationen.","twitter_image":"https:\/\/www.organisator.ch\/wp-content\/uploads\/2019\/06\/Expertenpool-bietet-Unterst\u00fctzung-bei-Konflikten-am-Arbeitsplatz_Organisator.jpg","schema":{"@context":"https:\/\/schema.org","@graph":[{"@type":"Article","@id":"https:\/\/www.organisator.ch\/management\/2019-06-11\/arbeit-und-konflikt-expertenpool-bietet-unterstuetzung\/#article","isPartOf":{"@id":"https:\/\/www.organisator.ch\/management\/2019-06-11\/arbeit-und-konflikt-expertenpool-bietet-unterstuetzung\/"},"author":{"name":"thomas.berner","@id":"https:\/\/www.organisator.ch\/#\/schema\/person\/6f650f90b2842cd4c0cc334b4e36f67e"},"headline":"Arbeit und Konflikt: Expertenpool bietet Unterst\u00fctzung","datePublished":"2019-06-11T09:44:52+00:00","mainEntityOfPage":{"@id":"https:\/\/www.organisator.ch\/management\/2019-06-11\/arbeit-und-konflikt-expertenpool-bietet-unterstuetzung\/"},"wordCount":256,"commentCount":0,"publisher":{"@id":"https:\/\/www.organisator.ch\/#organization"},"image":{"@id":"https:\/\/www.organisator.ch\/management\/2019-06-11\/arbeit-und-konflikt-expertenpool-bietet-unterstuetzung\/#primaryimage"},"thumbnailUrl":"https:\/\/www.organisator.ch\/wp-content\/uploads\/2019\/06\/Expertenpool-bietet-Unterstuetzung-bei-Konflikten-am-Arbeitsplatz_Organisator.jpg","keywords":["HRM","Management und Unternehmensf\u00fchrung","Verb\u00e4nde"],"articleSection":["MANAGEMENT"],"inLanguage":"it-IT"},{"@type":"WebPage","@id":"https:\/\/www.organisator.ch\/management\/2019-06-11\/arbeit-und-konflikt-expertenpool-bietet-unterstuetzung\/","url":"https:\/\/www.organisator.ch\/management\/2019-06-11\/arbeit-und-konflikt-expertenpool-bietet-unterstuetzung\/","name":"Lavoro e conflitti: un pool di esperti offre supporto - Organizzatore","isPartOf":{"@id":"https:\/\/www.organisator.ch\/#website"},"primaryImageOfPage":{"@id":"https:\/\/www.organisator.ch\/management\/2019-06-11\/arbeit-und-konflikt-expertenpool-bietet-unterstuetzung\/#primaryimage"},"image":{"@id":"https:\/\/www.organisator.ch\/management\/2019-06-11\/arbeit-und-konflikt-expertenpool-bietet-unterstuetzung\/#primaryimage"},"thumbnailUrl":"https:\/\/www.organisator.ch\/wp-content\/uploads\/2019\/06\/Expertenpool-bietet-Unterstuetzung-bei-Konflikten-am-Arbeitsplatz_Organisator.jpg","datePublished":"2019-06-11T09:44:52+00:00","description":"Il pool di esperti Arbeitundkonflikt.ch supporta le aziende e le persone interessate in situazioni delicate e spesso travolgenti.","breadcrumb":{"@id":"https:\/\/www.organisator.ch\/management\/2019-06-11\/arbeit-und-konflikt-expertenpool-bietet-unterstuetzung\/#breadcrumb"},"inLanguage":"it-IT","potentialAction":[{"@type":"ReadAction","target":["https:\/\/www.organisator.ch\/management\/2019-06-11\/arbeit-und-konflikt-expertenpool-bietet-unterstuetzung\/"]}]},{"@type":"ImageObject","inLanguage":"it-IT","@id":"https:\/\/www.organisator.ch\/management\/2019-06-11\/arbeit-und-konflikt-expertenpool-bietet-unterstuetzung\/#primaryimage","url":"https:\/\/www.organisator.ch\/wp-content\/uploads\/2019\/06\/Expertenpool-bietet-Unterstuetzung-bei-Konflikten-am-Arbeitsplatz_Organisator.jpg","contentUrl":"https:\/\/www.organisator.ch\/wp-content\/uploads\/2019\/06\/Expertenpool-bietet-Unterstuetzung-bei-Konflikten-am-Arbeitsplatz_Organisator.jpg","width":340,"height":140},{"@type":"BreadcrumbList","@id":"https:\/\/www.organisator.ch\/management\/2019-06-11\/arbeit-und-konflikt-expertenpool-bietet-unterstuetzung\/#breadcrumb","itemListElement":[{"@type":"ListItem","position":1,"name":"Home","item":"https:\/\/www.organisator.ch\/"},{"@type":"ListItem","position":2,"name":"Arbeit und Konflikt: Expertenpool bietet Unterst\u00fctzung"}]},{"@type":"WebSite","@id":"https:\/\/www.organisator.ch\/#website","url":"https:\/\/www.organisator.ch\/","name":"Organizzatore","description":"Competente. Pratico. In 10 numeri all'anno, ORGANISATOR presenta i temi essenziali per i manager delle PMI.","publisher":{"@id":"https:\/\/www.organisator.ch\/#organization"},"potentialAction":[{"@type":"SearchAction","target":{"@type":"EntryPoint","urlTemplate":"https:\/\/www.organisator.ch\/?s={search_term_string}"},"query-input":{"@type":"PropertyValueSpecification","valueRequired":true,"valueName":"search_term_string"}}],"inLanguage":"it-IT"},{"@type":"Organization","@id":"https:\/\/www.organisator.ch\/#organization","name":"Organizzatore","url":"https:\/\/www.organisator.ch\/","logo":{"@type":"ImageObject","inLanguage":"it-IT","@id":"https:\/\/www.organisator.ch\/#\/schema\/logo\/image\/","url":"https:\/\/www.organisator.ch\/wp-content\/uploads\/2022\/01\/Logo_Organisator_Website.png","contentUrl":"https:\/\/www.organisator.ch\/wp-content\/uploads\/2022\/01\/Logo_Organisator_Website.png","width":800,"height":77,"caption":"Organisator"},"image":{"@id":"https:\/\/www.organisator.ch\/#\/schema\/logo\/image\/"},"sameAs":["https:\/\/www.facebook.com\/OrganisatorFachmagazin","https:\/\/www.linkedin.com\/showcase\/organisator-das-magazin-fr-kmu","https:\/\/www.xing.com\/news\/pages\/organisator-ch-695","https:\/\/www.youtube.com\/channel\/UCGP2Sq0iWaZwT3BdIAQFYpw"]},{"@type":"Person","@id":"https:\/\/www.organisator.ch\/#\/schema\/person\/6f650f90b2842cd4c0cc334b4e36f67e","name":"Tommaso.berner","image":{"@type":"ImageObject","inLanguage":"it-IT","@id":"https:\/\/secure.gravatar.com\/avatar\/ac5001d2a36cb6c6cd3e50789007ffca834b477b74a2144564522e944eabff61?s=96&d=mm&r=g","url":"https:\/\/secure.gravatar.com\/avatar\/ac5001d2a36cb6c6cd3e50789007ffca834b477b74a2144564522e944eabff61?s=96&d=mm&r=g","contentUrl":"https:\/\/secure.gravatar.com\/avatar\/ac5001d2a36cb6c6cd3e50789007ffca834b477b74a2144564522e944eabff61?s=96&d=mm&r=g","caption":"thomas.berner"},"url":"https:\/\/www.organisator.ch\/it\/author\/thomas-berner\/"}]}},"_links":{"self":[{"href":"https:\/\/www.organisator.ch\/it\/wp-json\/wp\/v2\/posts\/5364","targetHints":{"allow":["GET"]}}],"collection":[{"href":"https:\/\/www.organisator.ch\/it\/wp-json\/wp\/v2\/posts"}],"about":[{"href":"https:\/\/www.organisator.ch\/it\/wp-json\/wp\/v2\/types\/post"}],"author":[{"embeddable":true,"href":"https:\/\/www.organisator.ch\/it\/wp-json\/wp\/v2\/users\/4"}],"replies":[{"embeddable":true,"href":"https:\/\/www.organisator.ch\/it\/wp-json\/wp\/v2\/comments?post=5364"}],"version-history":[{"count":0,"href":"https:\/\/www.organisator.ch\/it\/wp-json\/wp\/v2\/posts\/5364\/revisions"}],"wp:featuredmedia":[{"embeddable":true,"href":"https:\/\/www.organisator.ch\/it\/wp-json\/wp\/v2\/media\/5365"}],"wp:attachment":[{"href":"https:\/\/www.organisator.ch\/it\/wp-json\/wp\/v2\/media?parent=5364"}],"wp:term":[{"taxonomy":"category","embeddable":true,"href":"https:\/\/www.organisator.ch\/it\/wp-json\/wp\/v2\/categories?post=5364"},{"taxonomy":"post_tag","embeddable":true,"href":"https:\/\/www.organisator.ch\/it\/wp-json\/wp\/v2\/tags?post=5364"}],"curies":[{"name":"wp","href":"https:\/\/api.w.org\/{rel}","templated":true}]}}