{"id":5389,"date":"2019-06-21T07:26:45","date_gmt":"2019-06-21T05:26:45","guid":{"rendered":"https:\/\/www.organisator.ch\/?p=5389"},"modified":"2019-06-21T07:26:45","modified_gmt":"2019-06-21T05:26:45","slug":"new-work-brauchen-unternehmen-noch-ein-buero","status":"publish","type":"post","link":"https:\/\/www.organisator.ch\/it\/management\/2019-06-21\/new-work-brauchen-unternehmen-noch-ein-buero\/","title":{"rendered":"Nuovo lavoro: le aziende hanno ancora bisogno di un ufficio?"},"content":{"rendered":"<figure id=\"attachment_5390\" aria-describedby=\"caption-attachment-5390\" style=\"width: 516px\" class=\"wp-caption alignnone\"><img loading=\"lazy\" decoding=\"async\" class=\"wp-image-5390 size-medium\" src=\"https:\/\/www.organisator.ch\/wp-content\/uploads\/2019\/06\/Dossier_Lunck_Bild_1922933-516x1000.jpg\" alt=\"\" width=\"516\" height=\"1000\" srcset=\"https:\/\/www.organisator.ch\/wp-content\/uploads\/2019\/06\/Dossier_Lunck_Bild_1922933-516x1000.jpg 516w, https:\/\/www.organisator.ch\/wp-content\/uploads\/2019\/06\/Dossier_Lunck_Bild_1922933-528x1024.jpg 528w, https:\/\/www.organisator.ch\/wp-content\/uploads\/2019\/06\/Dossier_Lunck_Bild_1922933-768x1489.jpg 768w, https:\/\/www.organisator.ch\/wp-content\/uploads\/2019\/06\/Dossier_Lunck_Bild_1922933-792x1536.jpg 792w, https:\/\/www.organisator.ch\/wp-content\/uploads\/2019\/06\/Dossier_Lunck_Bild_1922933-6x12.jpg 6w, https:\/\/www.organisator.ch\/wp-content\/uploads\/2019\/06\/Dossier_Lunck_Bild_1922933-90x175.jpg 90w, https:\/\/www.organisator.ch\/wp-content\/uploads\/2019\/06\/Dossier_Lunck_Bild_1922933-180x350.jpg 180w, https:\/\/www.organisator.ch\/wp-content\/uploads\/2019\/06\/Dossier_Lunck_Bild_1922933-413x800.jpg 413w, https:\/\/www.organisator.ch\/wp-content\/uploads\/2019\/06\/Dossier_Lunck_Bild_1922933-722x1400.jpg 722w, https:\/\/www.organisator.ch\/wp-content\/uploads\/2019\/06\/Dossier_Lunck_Bild_1922933-300x582.jpg 300w, https:\/\/www.organisator.ch\/wp-content\/uploads\/2019\/06\/Dossier_Lunck_Bild_1922933.jpg 888w\" sizes=\"auto, (max-width: 516px) 100vw, 516px\" \/><figcaption id=\"caption-attachment-5390\" class=\"wp-caption-text\">Nuovo lavoro: La collaborazione virtuale sta diventando sempre pi\u00f9 comune - ma gli uffici sono lontani dall'essere obsoleti.<\/figcaption><\/figure>\n<p>Di fronte alla guerra per i talenti, le aziende fanno bene a rispondere ai nuovi desideri della forza lavoro di oggi e di domani. Tuttavia, affinch\u00e9 i loro dipendenti siano in grado di lavorare in modo produttivo fuori dall'ufficio, le tecnologie per il lavoro collaborativo stanno diventando sempre pi\u00f9 importanti e una base per il successo aziendale.<\/p>\n<h2><strong>Creare una cultura della cooperazione<\/strong><\/h2>\n<p>Per favorire la collaborazione, il management deve innanzitutto creare una cultura collaborativa e plasmare un ambiente in cui tutti possano comunicare apertamente e lavorare in modo produttivo, indipendentemente da quando e dove lavorano. Molte aziende hanno gi\u00e0 riconosciuto l'importanza di collegare meglio i loro dipartimenti isolati e di costruire strutture di cooperazione a livello aziendale. Tuttavia, spesso non hanno ancora gli strumenti o le infrastrutture per realizzare questi obiettivi. Nel corso della diversificazione e della trasformazione della forza lavoro, l'uso di strumenti audiovisivi e piattaforme di comunicazione unificata \u00e8 quindi un passo importante per sostenere tutti i dipendenti e collegarli attraverso una filosofia e una cultura comune.<\/p>\n<p>Attualmente, la collaborazione virtuale sta diventando sempre pi\u00f9 diffusa - anche grazie a soluzioni adeguate come le piattaforme di comunicazione unificata. Le soluzioni tecniche migliorano quindi i mezzi di lavoro e danno ai dipendenti la libert\u00e0 di lavorare nel modo che preferiscono, anche se questo significa lavorare fuori dall'ufficio.<\/p>\n<h2><strong>Non sostituire l'ufficio<\/strong><\/h2>\n<p>Mentre molti lavoratori vorrebbero lavorare da casa o in viaggio, la comunicazione faccia a faccia \u00e8 ancora molto importante per i dipendenti di tutte le et\u00e0: in uno studio condotto dalla nostra azienda, 78% degli intervistati hanno detto che vorrebbero lavorare nell'ufficio aziendale almeno una volta alla settimana. A questo proposito, le aziende dovrebbero incoraggiare l'interazione faccia a faccia tra i loro dipendenti fornendo uno spazio per l'ufficio. Quindi le nuove tecnologie per la collaborazione dovrebbero integrare l'interazione faccia a faccia, non sostituire l'ufficio.<\/p>\n<p>Per i lavoratori di oggi, lo spazio dell'ufficio \u00e8 un luogo dove si possono discutere idee e prendere decisioni importanti. Ma dovrebbero anche permettere agli individui di lavorare in modo concentrato. Se si prendono in considerazione questi due requisiti, l'aspetto pi\u00f9 importante per la progettazione di un ufficio \u00e8 gi\u00e0 soddisfatto nella maggior parte dei casi: L'ufficio deve adattarsi alle esigenze dei dipendenti. Allo stesso tempo, \u00e8 essenziale che coloro che lavorano da casa o in viaggio non siano esclusi dalla forza lavoro.<\/p>\n<p>Le opzioni home office, lavoro mobile e ufficio insieme permettono un lavoro veramente flessibile. I dipendenti che hanno queste scelte a loro disposizione possono lavorare quando e dove vogliono. Con queste tre opzioni e i giusti strumenti di lavoro, le aziende offrono cos\u00ec ai loro dipendenti le migliori basi per un'attivit\u00e0 produttiva.<\/p>\n<h2><strong>Addio ai lavori 9-to-5<\/strong><\/h2>\n<p>Una cosa \u00e8 chiara: l'adattamento del tradizionale e rigido ambiente d'ufficio alle esigenze della forza lavoro di oggi \u00e8 da tempo atteso. Le aziende che si aspettano che i loro lavoratori si presentino alle 9 del mattino ogni giorno lavorativo, passino tutto il giorno in ufficio e se ne vadano alle 5 del pomeriggio, scopriranno rapidamente di perdere dipendenti, di rimanere indietro rispetto alla concorrenza e di lottare per reclutare la nuova generazione di giovani ed esperti di tecnologia. Le aziende che invece incoraggiano la collaborazione - sia attraverso strumenti di lavoro flessibili, spazi di lavoro moderni o anche con aree di gioco - beneficeranno sempre pi\u00f9 di una forza lavoro pi\u00f9 felice, pi\u00f9 motivata e pi\u00f9 produttiva.<\/p>\n<p><em><strong>Roland Lunck<br \/>\n<\/strong>\u00e8 Regional Vice President Germany di Fuze, il produttore di una piattaforma software cloud-based disponibile a livello globale per la comunicazione e la collaborazione per le aziende. <a href=\"https:\/\/de.fuze.com\">https:\/\/de.fuze.com<\/a><\/em><\/p>","protected":false},"excerpt":{"rendered":"<p>Angesichts des War for Talents sind Unternehmen gut be\u00adraten, auf die neuen W\u00fcnsche der heutigen und zuk\u00fcnftigen Arbeitskr\u00e4fte einzugehen. Damit ihre Mitarbeiter aber auch ausserhalb von B\u00fcros produktiv arbeiten k\u00f6nnen, werden Technologien f\u00fcr kollaboratives Arbeiten immer wichtiger und zu einer Grundlage f\u00fcr den Unternehmenserfolg. Kultur der Zusammenarbeit schaffen Um die Zusammen\u00adarbeit zu f\u00f6rdern, muss das [&hellip;]<\/p>\n","protected":false},"author":7,"featured_media":11428,"comment_status":"open","ping_status":"open","sticky":false,"template":"","format":"standard","meta":{"_acf_changed":false,"_yoast_wpseo_focuskw":"New Work","_yoast_wpseo_metadesc":"New Work ist ein umfassendes Thema. K\u00f6nnen Unternehmen durch den Trend zum flexiblen Arbeiten tats\u00e4chlich auch ohne B\u00fcro erfolgreich agieren?","articlekey":"","footnotes":""},"categories":[28],"tags":[51,102,335,363],"class_list":["post-5389","post","type-post","status-publish","format-standard","has-post-thumbnail","hentry","category-management","tag-arbeitsplatzgestaltung","tag-buero","tag-management-und-unternehmensfuehrung","tag-new-work"],"acf":[],"yoast_head":"<!-- This site is optimized with the Yoast SEO plugin v27.5 - https:\/\/yoast.com\/product\/yoast-seo-wordpress\/ -->\n<title>New Work: Brauchen Unternehmen noch ein B\u00fcro? - Organisator<\/title>\n<meta name=\"description\" content=\"New Work ist ein umfassendes Thema. K\u00f6nnen Unternehmen durch den Trend zum flexiblen Arbeiten tats\u00e4chlich auch ohne B\u00fcro erfolgreich agieren?\" \/>\n<meta name=\"robots\" content=\"index, follow, max-snippet:-1, max-image-preview:large, max-video-preview:-1\" \/>\n<link rel=\"canonical\" href=\"https:\/\/www.organisator.ch\/it\/gestione-2\/2019-06-21\/new-work-brauchen-unternehmen-noch-ein-buero\/\" \/>\n<meta property=\"og:locale\" content=\"it_IT\" \/>\n<meta property=\"og:type\" content=\"article\" \/>\n<meta property=\"og:title\" content=\"New Work: Brauchen Unternehmen noch ein B\u00fcro?\" \/>\n<meta property=\"og:description\" content=\"New Work ist ein umfassendes Thema. K\u00f6nnen Unternehmen durch den Trend zum flexiblen Arbeiten tats\u00e4chlich auch ohne B\u00fcro erfolgreich agieren?\" \/>\n<meta property=\"og:url\" content=\"https:\/\/www.organisator.ch\/it\/gestione-2\/2019-06-21\/new-work-brauchen-unternehmen-noch-ein-buero\/\" \/>\n<meta property=\"og:site_name\" content=\"Organisator\" \/>\n<meta property=\"article:publisher\" content=\"https:\/\/www.facebook.com\/OrganisatorFachmagazin\" \/>\n<meta property=\"article:published_time\" content=\"2019-06-21T05:26:45+00:00\" \/>\n<meta property=\"og:image\" content=\"https:\/\/www.organisator.ch\/wp-content\/uploads\/2019\/06\/Dossier_Lunck_Bild_1922933.jpg\" \/>\n\t<meta property=\"og:image:width\" content=\"888\" \/>\n\t<meta property=\"og:image:height\" content=\"1722\" \/>\n\t<meta property=\"og:image:type\" content=\"image\/jpeg\" \/>\n<meta name=\"author\" content=\"K4-Import\" \/>\n<meta name=\"twitter:card\" content=\"summary_large_image\" \/>\n<meta name=\"twitter:title\" content=\"#NewWork: Brauchen Unternehmen noch ein B\u00fcro?\" \/>\n<meta name=\"twitter:description\" content=\"#NewWork ist ein umfassendes Thema. K\u00f6nnen Unternehmen durch den Trend zum flexiblen Arbeiten tats\u00e4chlich auch ohne B\u00fcro erfolgreich agieren?\" \/>\n<meta name=\"twitter:image\" content=\"https:\/\/www.organisator.ch\/wp-content\/uploads\/2019\/06\/Dossier_Lunck_Bild_1922933.jpg\" \/>\n<script type=\"application\/ld+json\" class=\"yoast-schema-graph\">{\"@context\":\"https:\\\/\\\/schema.org\",\"@graph\":[{\"@type\":\"Article\",\"@id\":\"https:\\\/\\\/www.organisator.ch\\\/management\\\/2019-06-21\\\/new-work-brauchen-unternehmen-noch-ein-buero\\\/#article\",\"isPartOf\":{\"@id\":\"https:\\\/\\\/www.organisator.ch\\\/management\\\/2019-06-21\\\/new-work-brauchen-unternehmen-noch-ein-buero\\\/\"},\"author\":{\"name\":\"K4-Import\",\"@id\":\"https:\\\/\\\/www.organisator.ch\\\/#\\\/schema\\\/person\\\/dd8ffea01043c9c41d7718296a158fac\"},\"headline\":\"New Work: Brauchen Unternehmen noch ein B\u00fcro?\",\"datePublished\":\"2019-06-21T05:26:45+00:00\",\"mainEntityOfPage\":{\"@id\":\"https:\\\/\\\/www.organisator.ch\\\/management\\\/2019-06-21\\\/new-work-brauchen-unternehmen-noch-ein-buero\\\/\"},\"wordCount\":650,\"commentCount\":0,\"publisher\":{\"@id\":\"https:\\\/\\\/www.organisator.ch\\\/#organization\"},\"image\":{\"@id\":\"https:\\\/\\\/www.organisator.ch\\\/management\\\/2019-06-21\\\/new-work-brauchen-unternehmen-noch-ein-buero\\\/#primaryimage\"},\"thumbnailUrl\":\"https:\\\/\\\/www.organisator.ch\\\/wp-content\\\/uploads\\\/2019\\\/06\\\/Dossier_Lunck_Bild_1922933-1.jpg\",\"keywords\":[\"Arbeitsplatzgestaltung\",\"B\u00fcro\",\"Management und Unternehmensf\u00fchrung\",\"New Work\"],\"articleSection\":[\"MANAGEMENT\"],\"inLanguage\":\"it-IT\"},{\"@type\":\"WebPage\",\"@id\":\"https:\\\/\\\/www.organisator.ch\\\/management\\\/2019-06-21\\\/new-work-brauchen-unternehmen-noch-ein-buero\\\/\",\"url\":\"https:\\\/\\\/www.organisator.ch\\\/management\\\/2019-06-21\\\/new-work-brauchen-unternehmen-noch-ein-buero\\\/\",\"name\":\"New Work: Brauchen Unternehmen noch ein B\u00fcro? - Organisator\",\"isPartOf\":{\"@id\":\"https:\\\/\\\/www.organisator.ch\\\/#website\"},\"primaryImageOfPage\":{\"@id\":\"https:\\\/\\\/www.organisator.ch\\\/management\\\/2019-06-21\\\/new-work-brauchen-unternehmen-noch-ein-buero\\\/#primaryimage\"},\"image\":{\"@id\":\"https:\\\/\\\/www.organisator.ch\\\/management\\\/2019-06-21\\\/new-work-brauchen-unternehmen-noch-ein-buero\\\/#primaryimage\"},\"thumbnailUrl\":\"https:\\\/\\\/www.organisator.ch\\\/wp-content\\\/uploads\\\/2019\\\/06\\\/Dossier_Lunck_Bild_1922933-1.jpg\",\"datePublished\":\"2019-06-21T05:26:45+00:00\",\"description\":\"New Work ist ein umfassendes Thema. K\u00f6nnen Unternehmen durch den Trend zum flexiblen Arbeiten tats\u00e4chlich auch ohne B\u00fcro erfolgreich agieren?\",\"breadcrumb\":{\"@id\":\"https:\\\/\\\/www.organisator.ch\\\/management\\\/2019-06-21\\\/new-work-brauchen-unternehmen-noch-ein-buero\\\/#breadcrumb\"},\"inLanguage\":\"it-IT\",\"potentialAction\":[{\"@type\":\"ReadAction\",\"target\":[\"https:\\\/\\\/www.organisator.ch\\\/management\\\/2019-06-21\\\/new-work-brauchen-unternehmen-noch-ein-buero\\\/\"]}]},{\"@type\":\"ImageObject\",\"inLanguage\":\"it-IT\",\"@id\":\"https:\\\/\\\/www.organisator.ch\\\/management\\\/2019-06-21\\\/new-work-brauchen-unternehmen-noch-ein-buero\\\/#primaryimage\",\"url\":\"https:\\\/\\\/www.organisator.ch\\\/wp-content\\\/uploads\\\/2019\\\/06\\\/Dossier_Lunck_Bild_1922933-1.jpg\",\"contentUrl\":\"https:\\\/\\\/www.organisator.ch\\\/wp-content\\\/uploads\\\/2019\\\/06\\\/Dossier_Lunck_Bild_1922933-1.jpg\",\"width\":888,\"height\":1722,\"caption\":\"\u2022 Virtuelle Zusammenarbeit setzt sich immer mehr durch \u2013 B\u00fcros haben deswegen aber l\u00e4ngst nicht ausgedient.\"},{\"@type\":\"BreadcrumbList\",\"@id\":\"https:\\\/\\\/www.organisator.ch\\\/management\\\/2019-06-21\\\/new-work-brauchen-unternehmen-noch-ein-buero\\\/#breadcrumb\",\"itemListElement\":[{\"@type\":\"ListItem\",\"position\":1,\"name\":\"Home\",\"item\":\"https:\\\/\\\/www.organisator.ch\\\/\"},{\"@type\":\"ListItem\",\"position\":2,\"name\":\"New Work: Brauchen Unternehmen noch ein B\u00fcro?\"}]},{\"@type\":\"WebSite\",\"@id\":\"https:\\\/\\\/www.organisator.ch\\\/#website\",\"url\":\"https:\\\/\\\/www.organisator.ch\\\/\",\"name\":\"Organisator\",\"description\":\"Kompetent. Praxisnah. Der ORGANISATOR bereitet in 10 Ausgaben pro Jahr die wesentlichen Themen f\u00fcr F\u00fchrungskr\u00e4fte von KMU auf.\",\"publisher\":{\"@id\":\"https:\\\/\\\/www.organisator.ch\\\/#organization\"},\"potentialAction\":[{\"@type\":\"SearchAction\",\"target\":{\"@type\":\"EntryPoint\",\"urlTemplate\":\"https:\\\/\\\/www.organisator.ch\\\/?s={search_term_string}\"},\"query-input\":{\"@type\":\"PropertyValueSpecification\",\"valueRequired\":true,\"valueName\":\"search_term_string\"}}],\"inLanguage\":\"it-IT\"},{\"@type\":\"Organization\",\"@id\":\"https:\\\/\\\/www.organisator.ch\\\/#organization\",\"name\":\"Organisator\",\"url\":\"https:\\\/\\\/www.organisator.ch\\\/\",\"logo\":{\"@type\":\"ImageObject\",\"inLanguage\":\"it-IT\",\"@id\":\"https:\\\/\\\/www.organisator.ch\\\/#\\\/schema\\\/logo\\\/image\\\/\",\"url\":\"https:\\\/\\\/www.organisator.ch\\\/wp-content\\\/uploads\\\/2022\\\/01\\\/Logo_Organisator_Website.png\",\"contentUrl\":\"https:\\\/\\\/www.organisator.ch\\\/wp-content\\\/uploads\\\/2022\\\/01\\\/Logo_Organisator_Website.png\",\"width\":800,\"height\":77,\"caption\":\"Organisator\"},\"image\":{\"@id\":\"https:\\\/\\\/www.organisator.ch\\\/#\\\/schema\\\/logo\\\/image\\\/\"},\"sameAs\":[\"https:\\\/\\\/www.facebook.com\\\/OrganisatorFachmagazin\",\"https:\\\/\\\/www.linkedin.com\\\/showcase\\\/organisator-das-magazin-fr-kmu\",\"https:\\\/\\\/www.xing.com\\\/news\\\/pages\\\/organisator-ch-695\",\"https:\\\/\\\/www.youtube.com\\\/channel\\\/UCGP2Sq0iWaZwT3BdIAQFYpw\"]},{\"@type\":\"Person\",\"@id\":\"https:\\\/\\\/www.organisator.ch\\\/#\\\/schema\\\/person\\\/dd8ffea01043c9c41d7718296a158fac\",\"name\":\"K4-Import\",\"image\":{\"@type\":\"ImageObject\",\"inLanguage\":\"it-IT\",\"@id\":\"https:\\\/\\\/secure.gravatar.com\\\/avatar\\\/73620ab7215a54b074cc226514e02ed65cb79211bbaee1eb49b63b57e58aaad6?s=96&d=mm&r=g\",\"url\":\"https:\\\/\\\/secure.gravatar.com\\\/avatar\\\/73620ab7215a54b074cc226514e02ed65cb79211bbaee1eb49b63b57e58aaad6?s=96&d=mm&r=g\",\"contentUrl\":\"https:\\\/\\\/secure.gravatar.com\\\/avatar\\\/73620ab7215a54b074cc226514e02ed65cb79211bbaee1eb49b63b57e58aaad6?s=96&d=mm&r=g\",\"caption\":\"K4-Import\"},\"url\":\"https:\\\/\\\/www.organisator.ch\\\/it\\\/author\\\/k4-import\\\/\"}]}<\/script>\n<!-- \/ Yoast SEO plugin. -->","yoast_head_json":{"title":"Nuovo lavoro: le aziende hanno ancora bisogno di un ufficio? - Organizzatore","description":"Il nuovo lavoro \u00e8 un argomento completo. Le aziende possono effettivamente operare con successo senza un ufficio a causa della tendenza al lavoro flessibile?","robots":{"index":"index","follow":"follow","max-snippet":"max-snippet:-1","max-image-preview":"max-image-preview:large","max-video-preview":"max-video-preview:-1"},"canonical":"https:\/\/www.organisator.ch\/it\/gestione-2\/2019-06-21\/new-work-brauchen-unternehmen-noch-ein-buero\/","og_locale":"it_IT","og_type":"article","og_title":"New Work: Brauchen Unternehmen noch ein B\u00fcro?","og_description":"New Work ist ein umfassendes Thema. K\u00f6nnen Unternehmen durch den Trend zum flexiblen Arbeiten tats\u00e4chlich auch ohne B\u00fcro erfolgreich agieren?","og_url":"https:\/\/www.organisator.ch\/it\/gestione-2\/2019-06-21\/new-work-brauchen-unternehmen-noch-ein-buero\/","og_site_name":"Organisator","article_publisher":"https:\/\/www.facebook.com\/OrganisatorFachmagazin","article_published_time":"2019-06-21T05:26:45+00:00","og_image":[{"width":888,"height":1722,"url":"https:\/\/www.organisator.ch\/wp-content\/uploads\/2019\/06\/Dossier_Lunck_Bild_1922933.jpg","type":"image\/jpeg"}],"author":"K4-Import","twitter_card":"summary_large_image","twitter_title":"#NewWork: Brauchen Unternehmen noch ein B\u00fcro?","twitter_description":"#NewWork ist ein umfassendes Thema. K\u00f6nnen Unternehmen durch den Trend zum flexiblen Arbeiten tats\u00e4chlich auch ohne B\u00fcro erfolgreich agieren?","twitter_image":"https:\/\/www.organisator.ch\/wp-content\/uploads\/2019\/06\/Dossier_Lunck_Bild_1922933.jpg","schema":{"@context":"https:\/\/schema.org","@graph":[{"@type":"Article","@id":"https:\/\/www.organisator.ch\/management\/2019-06-21\/new-work-brauchen-unternehmen-noch-ein-buero\/#article","isPartOf":{"@id":"https:\/\/www.organisator.ch\/management\/2019-06-21\/new-work-brauchen-unternehmen-noch-ein-buero\/"},"author":{"name":"K4-Import","@id":"https:\/\/www.organisator.ch\/#\/schema\/person\/dd8ffea01043c9c41d7718296a158fac"},"headline":"New Work: Brauchen Unternehmen noch ein B\u00fcro?","datePublished":"2019-06-21T05:26:45+00:00","mainEntityOfPage":{"@id":"https:\/\/www.organisator.ch\/management\/2019-06-21\/new-work-brauchen-unternehmen-noch-ein-buero\/"},"wordCount":650,"commentCount":0,"publisher":{"@id":"https:\/\/www.organisator.ch\/#organization"},"image":{"@id":"https:\/\/www.organisator.ch\/management\/2019-06-21\/new-work-brauchen-unternehmen-noch-ein-buero\/#primaryimage"},"thumbnailUrl":"https:\/\/www.organisator.ch\/wp-content\/uploads\/2019\/06\/Dossier_Lunck_Bild_1922933-1.jpg","keywords":["Arbeitsplatzgestaltung","B\u00fcro","Management und Unternehmensf\u00fchrung","New Work"],"articleSection":["MANAGEMENT"],"inLanguage":"it-IT"},{"@type":"WebPage","@id":"https:\/\/www.organisator.ch\/management\/2019-06-21\/new-work-brauchen-unternehmen-noch-ein-buero\/","url":"https:\/\/www.organisator.ch\/management\/2019-06-21\/new-work-brauchen-unternehmen-noch-ein-buero\/","name":"Nuovo lavoro: le aziende hanno ancora bisogno di un ufficio? - Organizzatore","isPartOf":{"@id":"https:\/\/www.organisator.ch\/#website"},"primaryImageOfPage":{"@id":"https:\/\/www.organisator.ch\/management\/2019-06-21\/new-work-brauchen-unternehmen-noch-ein-buero\/#primaryimage"},"image":{"@id":"https:\/\/www.organisator.ch\/management\/2019-06-21\/new-work-brauchen-unternehmen-noch-ein-buero\/#primaryimage"},"thumbnailUrl":"https:\/\/www.organisator.ch\/wp-content\/uploads\/2019\/06\/Dossier_Lunck_Bild_1922933-1.jpg","datePublished":"2019-06-21T05:26:45+00:00","description":"Il nuovo lavoro \u00e8 un argomento completo. Le aziende possono effettivamente operare con successo senza un ufficio a causa della tendenza al lavoro flessibile?","breadcrumb":{"@id":"https:\/\/www.organisator.ch\/management\/2019-06-21\/new-work-brauchen-unternehmen-noch-ein-buero\/#breadcrumb"},"inLanguage":"it-IT","potentialAction":[{"@type":"ReadAction","target":["https:\/\/www.organisator.ch\/management\/2019-06-21\/new-work-brauchen-unternehmen-noch-ein-buero\/"]}]},{"@type":"ImageObject","inLanguage":"it-IT","@id":"https:\/\/www.organisator.ch\/management\/2019-06-21\/new-work-brauchen-unternehmen-noch-ein-buero\/#primaryimage","url":"https:\/\/www.organisator.ch\/wp-content\/uploads\/2019\/06\/Dossier_Lunck_Bild_1922933-1.jpg","contentUrl":"https:\/\/www.organisator.ch\/wp-content\/uploads\/2019\/06\/Dossier_Lunck_Bild_1922933-1.jpg","width":888,"height":1722,"caption":"\u2022 Virtuelle Zusammenarbeit setzt sich immer mehr durch \u2013 B\u00fcros haben deswegen aber l\u00e4ngst nicht ausgedient."},{"@type":"BreadcrumbList","@id":"https:\/\/www.organisator.ch\/management\/2019-06-21\/new-work-brauchen-unternehmen-noch-ein-buero\/#breadcrumb","itemListElement":[{"@type":"ListItem","position":1,"name":"Home","item":"https:\/\/www.organisator.ch\/"},{"@type":"ListItem","position":2,"name":"New Work: Brauchen Unternehmen noch ein B\u00fcro?"}]},{"@type":"WebSite","@id":"https:\/\/www.organisator.ch\/#website","url":"https:\/\/www.organisator.ch\/","name":"Organizzatore","description":"Competente. Pratico. In 10 numeri all'anno, ORGANISATOR presenta i temi essenziali per i manager delle PMI.","publisher":{"@id":"https:\/\/www.organisator.ch\/#organization"},"potentialAction":[{"@type":"SearchAction","target":{"@type":"EntryPoint","urlTemplate":"https:\/\/www.organisator.ch\/?s={search_term_string}"},"query-input":{"@type":"PropertyValueSpecification","valueRequired":true,"valueName":"search_term_string"}}],"inLanguage":"it-IT"},{"@type":"Organization","@id":"https:\/\/www.organisator.ch\/#organization","name":"Organizzatore","url":"https:\/\/www.organisator.ch\/","logo":{"@type":"ImageObject","inLanguage":"it-IT","@id":"https:\/\/www.organisator.ch\/#\/schema\/logo\/image\/","url":"https:\/\/www.organisator.ch\/wp-content\/uploads\/2022\/01\/Logo_Organisator_Website.png","contentUrl":"https:\/\/www.organisator.ch\/wp-content\/uploads\/2022\/01\/Logo_Organisator_Website.png","width":800,"height":77,"caption":"Organisator"},"image":{"@id":"https:\/\/www.organisator.ch\/#\/schema\/logo\/image\/"},"sameAs":["https:\/\/www.facebook.com\/OrganisatorFachmagazin","https:\/\/www.linkedin.com\/showcase\/organisator-das-magazin-fr-kmu","https:\/\/www.xing.com\/news\/pages\/organisator-ch-695","https:\/\/www.youtube.com\/channel\/UCGP2Sq0iWaZwT3BdIAQFYpw"]},{"@type":"Person","@id":"https:\/\/www.organisator.ch\/#\/schema\/person\/dd8ffea01043c9c41d7718296a158fac","name":"Importazione K4","image":{"@type":"ImageObject","inLanguage":"it-IT","@id":"https:\/\/secure.gravatar.com\/avatar\/73620ab7215a54b074cc226514e02ed65cb79211bbaee1eb49b63b57e58aaad6?s=96&d=mm&r=g","url":"https:\/\/secure.gravatar.com\/avatar\/73620ab7215a54b074cc226514e02ed65cb79211bbaee1eb49b63b57e58aaad6?s=96&d=mm&r=g","contentUrl":"https:\/\/secure.gravatar.com\/avatar\/73620ab7215a54b074cc226514e02ed65cb79211bbaee1eb49b63b57e58aaad6?s=96&d=mm&r=g","caption":"K4-Import"},"url":"https:\/\/www.organisator.ch\/it\/author\/k4-import\/"}]}},"_links":{"self":[{"href":"https:\/\/www.organisator.ch\/it\/wp-json\/wp\/v2\/posts\/5389","targetHints":{"allow":["GET"]}}],"collection":[{"href":"https:\/\/www.organisator.ch\/it\/wp-json\/wp\/v2\/posts"}],"about":[{"href":"https:\/\/www.organisator.ch\/it\/wp-json\/wp\/v2\/types\/post"}],"author":[{"embeddable":true,"href":"https:\/\/www.organisator.ch\/it\/wp-json\/wp\/v2\/users\/7"}],"replies":[{"embeddable":true,"href":"https:\/\/www.organisator.ch\/it\/wp-json\/wp\/v2\/comments?post=5389"}],"version-history":[{"count":0,"href":"https:\/\/www.organisator.ch\/it\/wp-json\/wp\/v2\/posts\/5389\/revisions"}],"wp:featuredmedia":[{"embeddable":true,"href":"https:\/\/www.organisator.ch\/it\/wp-json\/wp\/v2\/media\/11428"}],"wp:attachment":[{"href":"https:\/\/www.organisator.ch\/it\/wp-json\/wp\/v2\/media?parent=5389"}],"wp:term":[{"taxonomy":"category","embeddable":true,"href":"https:\/\/www.organisator.ch\/it\/wp-json\/wp\/v2\/categories?post=5389"},{"taxonomy":"post_tag","embeddable":true,"href":"https:\/\/www.organisator.ch\/it\/wp-json\/wp\/v2\/tags?post=5389"}],"curies":[{"name":"wp","href":"https:\/\/api.w.org\/{rel}","templated":true}]}}