{"id":5405,"date":"2019-06-17T09:28:25","date_gmt":"2019-06-17T07:28:25","guid":{"rendered":"https:\/\/www.organisator.ch\/?p=5405"},"modified":"2019-06-17T09:28:25","modified_gmt":"2019-06-17T07:28:25","slug":"teilzeitarbeit-in-der-schweiz-besonders-eltern-wollen-kaum-mehr-vollzeit-arbeiten","status":"publish","type":"post","link":"https:\/\/www.organisator.ch\/it\/management\/finanzen_recht\/2019-06-17\/teilzeitarbeit-in-der-schweiz-besonders-eltern-wollen-kaum-mehr-vollzeit-arbeiten\/","title":{"rendered":"Lavoro a tempo parziale in Svizzera: soprattutto i genitori non vogliono quasi pi\u00f9 lavorare a tempo pieno"},"content":{"rendered":"<figure id=\"attachment_5406\" aria-describedby=\"caption-attachment-5406\" style=\"width: 680px\" class=\"wp-caption alignnone\"><img loading=\"lazy\" decoding=\"async\" class=\"size-medium wp-image-5406\" src=\"https:\/\/www.organisator.ch\/wp-content\/uploads\/2019\/06\/Teilzeitarbeit-in-der-Schweiz-Besonders-Eltern-wollen-kaum-mehr-Vollzeit-arbeiten_Organisator.jpg\" alt=\"\" width=\"680\" height=\"466\" srcset=\"https:\/\/www.organisator.ch\/wp-content\/uploads\/2019\/06\/Teilzeitarbeit-in-der-Schweiz-Besonders-Eltern-wollen-kaum-mehr-Vollzeit-arbeiten_Organisator.jpg 680w, https:\/\/www.organisator.ch\/wp-content\/uploads\/2019\/06\/Teilzeitarbeit-in-der-Schweiz-Besonders-Eltern-wollen-kaum-mehr-Vollzeit-arbeiten_Organisator-16x12.jpg 16w, https:\/\/www.organisator.ch\/wp-content\/uploads\/2019\/06\/Teilzeitarbeit-in-der-Schweiz-Besonders-Eltern-wollen-kaum-mehr-Vollzeit-arbeiten_Organisator-255x175.jpg 255w, https:\/\/www.organisator.ch\/wp-content\/uploads\/2019\/06\/Teilzeitarbeit-in-der-Schweiz-Besonders-Eltern-wollen-kaum-mehr-Vollzeit-arbeiten_Organisator-511x350.jpg 511w, https:\/\/www.organisator.ch\/wp-content\/uploads\/2019\/06\/Teilzeitarbeit-in-der-Schweiz-Besonders-Eltern-wollen-kaum-mehr-Vollzeit-arbeiten_Organisator-300x206.jpg 300w\" sizes=\"auto, (max-width: 680px) 100vw, 680px\" \/><figcaption id=\"caption-attachment-5406\" class=\"wp-caption-text\">La maggior parte dei genitori vuole lavorare part-time. Tuttavia, sono poco consapevoli degli effetti che il lavoro a tempo parziale ha sul loro bilancio e sulla loro situazione pensionistica. (Immagine: zVg Swiss Life)<\/figcaption><\/figure>\n<p>La Svizzera \u00e8 una nazione a tempo parziale: 37% della forza lavoro svizzera lavora a tempo parziale. In un confronto europeo, questo significa il secondo posto dietro i Paesi Bassi. In 62% delle famiglie svizzere, almeno un genitore lavora a tempo parziale, secondo gli ultimi dati dell'Ufficio federale di statistica. Swiss Life ha voluto sapere pi\u00f9 precisamente quanto sono autodeterminate le famiglie svizzere nell'affrontare la questione del lavoro a tempo parziale e ha condotto un sondaggio rappresentativo su 912 genitori in famiglie con bambini fino a dodici anni. <span style=\"display: inline !important; float: none; background-color: transparent; color: #333333; cursor: text; font-family: Georgia,'Times New Roman','Bitstream Charter',Times,serif; font-size: 16px; font-style: normal; font-variant: normal; font-weight: 400; letter-spacing: normal; orphans: 2; text-align: left; text-decoration: none; text-indent: 0px; text-transform: none; -webkit-text-stroke-width: 0px; white-space: normal; word-spacing: 0px;\">I risultati sono rappresentativi per il gruppo target intervistato.<\/span><\/p>\n<h2>Solo l'8% dei genitori svizzeri vuole lavorare a tempo pieno<\/h2>\n<p>La famiglia e il lavoro a tempo pieno sembrano spesso essere un male necessario per i genitori svizzeri. Solo appena 8% di loro lavorerebbe a tempo pieno se potessero scegliere liberamente. Per i padri, la cifra \u00e8 un po' pi\u00f9 alta, 13%, e per le madri \u00e8 addirittura solo 4%. La realt\u00e0 \u00e8 diversa: Infatti, 76% dei padri intervistati e 11% delle madri lavorano oggi a tempo pieno. Il desiderio di un carico di lavoro ridotto \u00e8 accompagnato dal fatto che solo 12% dei genitori dichiara il successo professionale come un obiettivo importante per i prossimi dieci anni. Considerano molto pi\u00f9 desiderabile condurre una vita familiare felice (64%) e avere abbastanza tempo per i propri figli (54%).<\/p>\n<h2>I genitori svizzeri decidono autonomamente di lavorare a tempo parziale<\/h2>\n<p>I genitori svizzeri che lavorano a tempo parziale hanno generalmente preso una decisione consapevole di farlo. Solo il 5% lavora part-time perch\u00e9 non ha potuto trovare un lavoro a tempo pieno. Come motivo per decidere di lavorare a tempo parziale, il 94% delle madri dichiara di occuparsi dei bambini e di gestire la casa. Un migliore equilibrio tra lavoro e vita privata \u00e8 ci\u00f2 che spera il 34%. Per i padri, il motivo principale del lavoro a tempo parziale \u00e8 anche la cura dei bambini e il lavoro domestico (61%). Tuttavia, l'equilibrio tra lavoro e vita privata \u00e8 quasi altrettanto importante per loro: il 59% dei padri lo dichiara come una ragione importante per lavorare a tempo parziale.<\/p>\n<h2>I genitori part-time si sentono meno stressati sul lavoro e provano pi\u00f9 apprezzamento<\/h2>\n<p>Il lavoro part-time non solo lascia pi\u00f9 tempo per la famiglia, ma sembra anche essere collegato ad altri fattori positivi. Mentre il 28% dei genitori con un lavoro a tempo pieno si sentono molto stressati sul lavoro, la cifra per i genitori part-time \u00e8 solo 15%. E il maggiore stress percepito nel carico di lavoro a tempo pieno non \u00e8 ricompensato da un maggiore apprezzamento - al contrario: poco meno della met\u00e0 (46%) dei genitori con lavori part-time dicono che il loro lavoro d\u00e0 loro apprezzamento. Tra i genitori con un lavoro a tempo pieno, la cifra \u00e8 solo 37%.<\/p>\n<h2>Il denaro, non la carriera, \u00e8 la ragione principale per un lavoro a tempo pieno<\/h2>\n<p>Circa tre quarti (74%) dei genitori con un lavoro a tempo pieno citano il reddito pi\u00f9 alto come una ragione importante per il loro carico di lavoro. Solo 24% di loro lavorano a tempo pieno per il gusto di farlo. Si inserisce in questo quadro che l'autodeterminazione finanziaria \u00e8 molto importante per i genitori svizzeri. L'indipendenza finanziaria \u00e8 al secondo posto nella loro lista di priorit\u00e0 dopo la loro famiglia - anche prima degli amici e del lavoro.<\/p>\n<h2>Lavoro a tempo parziale: effetti sul bilancio e sulla propria situazione pensionistica poco conosciuti<\/h2>\n<p>Il lavoro a tempo parziale ha conseguenze finanziarie. Tanto pi\u00f9 sorprendente: solo il 39% dei genitori svizzeri ha gi\u00e0 calcolato in dettaglio come il lavoro a tempo parziale influisce sul bilancio familiare. Ancora meno, cio\u00e8 27%, hanno gi\u00e0 pensato seriamente a come il loro carico di lavoro influenzer\u00e0 la loro pensione. \u00c8 sorprendente quanti genitori vorrebbero lavorare part-time ma non hanno mai calcolato un tale scenario.<\/p>\n<h2>Il nuovo calcolatore online offre supporto per il controllo finanziario part-time<\/h2>\n<p>Oltre al salario, il lavoro part-time pu\u00f2 avere un impatto su tutta una serie di altri fattori, come le spese per la cura dei bambini, le detrazioni fiscali o la progressione delle tasse. Per aiutarvi a tenerne conto, Swiss Life ha sviluppato il <a href=\"http:\/\/www.swisslife.ch\/teilzeitrechner\">Calcolatrice part-time online<\/a> con l'aiuto del quale si possono facilmente mostrare gli effetti di diversi scenari sul bilancio familiare. Per le famiglie, il calcolatore \u00e8 un primo passo per trovare il giusto mix di tempo parziale e una maggiore sicurezza finanziaria per la loro vita autodeterminata.<\/p>\n<p><em>Fonte: <a href=\"http:\/\/www.swisslife.ch\">Vita Svizzera<\/a><\/em><\/p>","protected":false},"excerpt":{"rendered":"<p>Die Schweiz ist eine Teilzeitnation: 37% der Schweizer Erwerbst\u00e4tigen arbeiten Teilzeit. Im europ\u00e4ischen Vergleich bedeutet das Platz zwei hinter den Niederlanden. Bei 62% der Schweizer Familien arbeitet mindestens ein Elternteil Teilzeit, wie aktuelle Zahlen des Bundesamts f\u00fcr Statistik zeigen. Swiss Life wollte genauer wissen, wie selbstbestimmt Schweizer Familien mit dem Thema Teilzeitarbeit umgehen, und f\u00fchrte [&hellip;]<\/p>\n","protected":false},"author":4,"featured_media":5406,"comment_status":"open","ping_status":"open","sticky":false,"template":"","format":"standard","meta":{"_acf_changed":false,"_yoast_wpseo_focuskw":"Teilzeitarbeit","_yoast_wpseo_metadesc":"92% der Schweizer Eltern w\u00fcrden am liebsten Teilzeit arbeiten. Gleichzeitig ist ihnen finanzielle Selbstbestimmung wichtig.","articlekey":"","footnotes":""},"categories":[24],"tags":[51,202,459,476,516,538],"class_list":["post-5405","post","type-post","status-publish","format-standard","has-post-thumbnail","hentry","category-finanzen_recht","tag-arbeitsplatzgestaltung","tag-finanzenrecht","tag-studie","tag-teilzeitarbeit","tag-vorsorge","tag-work-life-balance"],"acf":[],"yoast_head":"<!-- This site is optimized with the Yoast SEO plugin v27.5 - https:\/\/yoast.com\/product\/yoast-seo-wordpress\/ -->\n<title>Teilzeitarbeit in der Schweiz: Besonders Eltern wollen kaum mehr Vollzeit arbeiten - Organisator<\/title>\n<meta name=\"description\" content=\"92% der Schweizer Eltern w\u00fcrden am liebsten Teilzeit arbeiten. Gleichzeitig ist ihnen finanzielle Selbstbestimmung wichtig.\" \/>\n<meta name=\"robots\" content=\"index, follow, max-snippet:-1, max-image-preview:large, max-video-preview:-1\" \/>\n<link rel=\"canonical\" href=\"https:\/\/www.organisator.ch\/it\/gestione-2\/finanzen_recht\/2019-06-17\/teilzeitarbeit-in-der-schweiz-besonders-eltern-wollen-kaum-mehr-vollzeit-arbeiten\/\" \/>\n<meta property=\"og:locale\" content=\"it_IT\" \/>\n<meta property=\"og:type\" content=\"article\" \/>\n<meta property=\"og:title\" content=\"Teilzeitarbeit in der Schweiz: Besonders Eltern wollen kaum mehr Vollzeit arbeiten\" \/>\n<meta property=\"og:description\" content=\"92% der Schweizer Eltern w\u00fcrden am liebsten Teilzeit arbeiten. Gleichzeitig ist ihnen finanzielle Selbstbestimmung wichtig.\" \/>\n<meta property=\"og:url\" content=\"https:\/\/www.organisator.ch\/it\/gestione-2\/finanzen_recht\/2019-06-17\/teilzeitarbeit-in-der-schweiz-besonders-eltern-wollen-kaum-mehr-vollzeit-arbeiten\/\" \/>\n<meta property=\"og:site_name\" content=\"Organisator\" \/>\n<meta property=\"article:publisher\" content=\"https:\/\/www.facebook.com\/OrganisatorFachmagazin\" \/>\n<meta property=\"article:published_time\" content=\"2019-06-17T07:28:25+00:00\" \/>\n<meta property=\"og:image\" content=\"https:\/\/www.organisator.ch\/wp-content\/uploads\/2019\/06\/Teilzeitarbeit-in-der-Schweiz-Besonders-Eltern-wollen-kaum-mehr-Vollzeit-arbeiten_Organisator.jpg\" \/>\n\t<meta property=\"og:image:width\" content=\"680\" \/>\n\t<meta property=\"og:image:height\" content=\"466\" \/>\n\t<meta property=\"og:image:type\" content=\"image\/jpeg\" \/>\n<meta name=\"author\" content=\"thomas.berner\" \/>\n<meta name=\"twitter:card\" content=\"summary_large_image\" \/>\n<meta name=\"twitter:title\" content=\"#Teilzeitarbeit in der Schweiz: Besonders Eltern wollen kaum mehr #Vollzeit arbeiten\" \/>\n<meta name=\"twitter:description\" content=\"92% der Schweizer Eltern w\u00fcrden am liebsten #Teilzeit arbeiten. Gleichzeitig ist ihnen finanzielle #Selbstbestimmung wichtig.\" \/>\n<meta name=\"twitter:image\" content=\"https:\/\/www.organisator.ch\/wp-content\/uploads\/2019\/06\/Teilzeitarbeit-in-der-Schweiz-Besonders-Eltern-wollen-kaum-mehr-Vollzeit-arbeiten_Organisator.jpg\" \/>\n<script type=\"application\/ld+json\" class=\"yoast-schema-graph\">{\"@context\":\"https:\\\/\\\/schema.org\",\"@graph\":[{\"@type\":\"Article\",\"@id\":\"https:\\\/\\\/www.organisator.ch\\\/management\\\/finanzen_recht\\\/2019-06-17\\\/teilzeitarbeit-in-der-schweiz-besonders-eltern-wollen-kaum-mehr-vollzeit-arbeiten\\\/#article\",\"isPartOf\":{\"@id\":\"https:\\\/\\\/www.organisator.ch\\\/management\\\/finanzen_recht\\\/2019-06-17\\\/teilzeitarbeit-in-der-schweiz-besonders-eltern-wollen-kaum-mehr-vollzeit-arbeiten\\\/\"},\"author\":{\"name\":\"thomas.berner\",\"@id\":\"https:\\\/\\\/www.organisator.ch\\\/#\\\/schema\\\/person\\\/6f650f90b2842cd4c0cc334b4e36f67e\"},\"headline\":\"Teilzeitarbeit in der Schweiz: Besonders Eltern wollen kaum mehr Vollzeit arbeiten\",\"datePublished\":\"2019-06-17T07:28:25+00:00\",\"mainEntityOfPage\":{\"@id\":\"https:\\\/\\\/www.organisator.ch\\\/management\\\/finanzen_recht\\\/2019-06-17\\\/teilzeitarbeit-in-der-schweiz-besonders-eltern-wollen-kaum-mehr-vollzeit-arbeiten\\\/\"},\"wordCount\":678,\"commentCount\":0,\"publisher\":{\"@id\":\"https:\\\/\\\/www.organisator.ch\\\/#organization\"},\"image\":{\"@id\":\"https:\\\/\\\/www.organisator.ch\\\/management\\\/finanzen_recht\\\/2019-06-17\\\/teilzeitarbeit-in-der-schweiz-besonders-eltern-wollen-kaum-mehr-vollzeit-arbeiten\\\/#primaryimage\"},\"thumbnailUrl\":\"https:\\\/\\\/www.organisator.ch\\\/wp-content\\\/uploads\\\/2019\\\/06\\\/Teilzeitarbeit-in-der-Schweiz-Besonders-Eltern-wollen-kaum-mehr-Vollzeit-arbeiten_Organisator.jpg\",\"keywords\":[\"Arbeitsplatzgestaltung\",\"Finanzen\\\/Recht\",\"Studie\",\"Teilzeitarbeit\",\"Vorsorge\",\"Work-Life-Balance\"],\"articleSection\":[\"FINANZEN\\\/RECHT\"],\"inLanguage\":\"it-IT\"},{\"@type\":\"WebPage\",\"@id\":\"https:\\\/\\\/www.organisator.ch\\\/management\\\/finanzen_recht\\\/2019-06-17\\\/teilzeitarbeit-in-der-schweiz-besonders-eltern-wollen-kaum-mehr-vollzeit-arbeiten\\\/\",\"url\":\"https:\\\/\\\/www.organisator.ch\\\/management\\\/finanzen_recht\\\/2019-06-17\\\/teilzeitarbeit-in-der-schweiz-besonders-eltern-wollen-kaum-mehr-vollzeit-arbeiten\\\/\",\"name\":\"Teilzeitarbeit in der Schweiz: Besonders Eltern wollen kaum mehr Vollzeit arbeiten - Organisator\",\"isPartOf\":{\"@id\":\"https:\\\/\\\/www.organisator.ch\\\/#website\"},\"primaryImageOfPage\":{\"@id\":\"https:\\\/\\\/www.organisator.ch\\\/management\\\/finanzen_recht\\\/2019-06-17\\\/teilzeitarbeit-in-der-schweiz-besonders-eltern-wollen-kaum-mehr-vollzeit-arbeiten\\\/#primaryimage\"},\"image\":{\"@id\":\"https:\\\/\\\/www.organisator.ch\\\/management\\\/finanzen_recht\\\/2019-06-17\\\/teilzeitarbeit-in-der-schweiz-besonders-eltern-wollen-kaum-mehr-vollzeit-arbeiten\\\/#primaryimage\"},\"thumbnailUrl\":\"https:\\\/\\\/www.organisator.ch\\\/wp-content\\\/uploads\\\/2019\\\/06\\\/Teilzeitarbeit-in-der-Schweiz-Besonders-Eltern-wollen-kaum-mehr-Vollzeit-arbeiten_Organisator.jpg\",\"datePublished\":\"2019-06-17T07:28:25+00:00\",\"description\":\"92% der Schweizer Eltern w\u00fcrden am liebsten Teilzeit arbeiten. Gleichzeitig ist ihnen finanzielle Selbstbestimmung wichtig.\",\"breadcrumb\":{\"@id\":\"https:\\\/\\\/www.organisator.ch\\\/management\\\/finanzen_recht\\\/2019-06-17\\\/teilzeitarbeit-in-der-schweiz-besonders-eltern-wollen-kaum-mehr-vollzeit-arbeiten\\\/#breadcrumb\"},\"inLanguage\":\"it-IT\",\"potentialAction\":[{\"@type\":\"ReadAction\",\"target\":[\"https:\\\/\\\/www.organisator.ch\\\/management\\\/finanzen_recht\\\/2019-06-17\\\/teilzeitarbeit-in-der-schweiz-besonders-eltern-wollen-kaum-mehr-vollzeit-arbeiten\\\/\"]}]},{\"@type\":\"ImageObject\",\"inLanguage\":\"it-IT\",\"@id\":\"https:\\\/\\\/www.organisator.ch\\\/management\\\/finanzen_recht\\\/2019-06-17\\\/teilzeitarbeit-in-der-schweiz-besonders-eltern-wollen-kaum-mehr-vollzeit-arbeiten\\\/#primaryimage\",\"url\":\"https:\\\/\\\/www.organisator.ch\\\/wp-content\\\/uploads\\\/2019\\\/06\\\/Teilzeitarbeit-in-der-Schweiz-Besonders-Eltern-wollen-kaum-mehr-Vollzeit-arbeiten_Organisator.jpg\",\"contentUrl\":\"https:\\\/\\\/www.organisator.ch\\\/wp-content\\\/uploads\\\/2019\\\/06\\\/Teilzeitarbeit-in-der-Schweiz-Besonders-Eltern-wollen-kaum-mehr-Vollzeit-arbeiten_Organisator.jpg\",\"width\":680,\"height\":466,\"caption\":\"Die meisten Eltern wollen Teilzeit arbeiten. Welche Auswirkungen auf Budget und die eigene Vorsorgesituation die Teilzeitarbeit hat, ist ihnen aber kaum bekannt. (Bild: zVg Swiss Life)\"},{\"@type\":\"BreadcrumbList\",\"@id\":\"https:\\\/\\\/www.organisator.ch\\\/management\\\/finanzen_recht\\\/2019-06-17\\\/teilzeitarbeit-in-der-schweiz-besonders-eltern-wollen-kaum-mehr-vollzeit-arbeiten\\\/#breadcrumb\",\"itemListElement\":[{\"@type\":\"ListItem\",\"position\":1,\"name\":\"Home\",\"item\":\"https:\\\/\\\/www.organisator.ch\\\/\"},{\"@type\":\"ListItem\",\"position\":2,\"name\":\"Teilzeitarbeit in der Schweiz: Besonders Eltern wollen kaum mehr Vollzeit arbeiten\"}]},{\"@type\":\"WebSite\",\"@id\":\"https:\\\/\\\/www.organisator.ch\\\/#website\",\"url\":\"https:\\\/\\\/www.organisator.ch\\\/\",\"name\":\"Organisator\",\"description\":\"Kompetent. Praxisnah. Der ORGANISATOR bereitet in 10 Ausgaben pro Jahr die wesentlichen Themen f\u00fcr F\u00fchrungskr\u00e4fte von KMU auf.\",\"publisher\":{\"@id\":\"https:\\\/\\\/www.organisator.ch\\\/#organization\"},\"potentialAction\":[{\"@type\":\"SearchAction\",\"target\":{\"@type\":\"EntryPoint\",\"urlTemplate\":\"https:\\\/\\\/www.organisator.ch\\\/?s={search_term_string}\"},\"query-input\":{\"@type\":\"PropertyValueSpecification\",\"valueRequired\":true,\"valueName\":\"search_term_string\"}}],\"inLanguage\":\"it-IT\"},{\"@type\":\"Organization\",\"@id\":\"https:\\\/\\\/www.organisator.ch\\\/#organization\",\"name\":\"Organisator\",\"url\":\"https:\\\/\\\/www.organisator.ch\\\/\",\"logo\":{\"@type\":\"ImageObject\",\"inLanguage\":\"it-IT\",\"@id\":\"https:\\\/\\\/www.organisator.ch\\\/#\\\/schema\\\/logo\\\/image\\\/\",\"url\":\"https:\\\/\\\/www.organisator.ch\\\/wp-content\\\/uploads\\\/2022\\\/01\\\/Logo_Organisator_Website.png\",\"contentUrl\":\"https:\\\/\\\/www.organisator.ch\\\/wp-content\\\/uploads\\\/2022\\\/01\\\/Logo_Organisator_Website.png\",\"width\":800,\"height\":77,\"caption\":\"Organisator\"},\"image\":{\"@id\":\"https:\\\/\\\/www.organisator.ch\\\/#\\\/schema\\\/logo\\\/image\\\/\"},\"sameAs\":[\"https:\\\/\\\/www.facebook.com\\\/OrganisatorFachmagazin\",\"https:\\\/\\\/www.linkedin.com\\\/showcase\\\/organisator-das-magazin-fr-kmu\",\"https:\\\/\\\/www.xing.com\\\/news\\\/pages\\\/organisator-ch-695\",\"https:\\\/\\\/www.youtube.com\\\/channel\\\/UCGP2Sq0iWaZwT3BdIAQFYpw\"]},{\"@type\":\"Person\",\"@id\":\"https:\\\/\\\/www.organisator.ch\\\/#\\\/schema\\\/person\\\/6f650f90b2842cd4c0cc334b4e36f67e\",\"name\":\"thomas.berner\",\"image\":{\"@type\":\"ImageObject\",\"inLanguage\":\"it-IT\",\"@id\":\"https:\\\/\\\/secure.gravatar.com\\\/avatar\\\/ac5001d2a36cb6c6cd3e50789007ffca834b477b74a2144564522e944eabff61?s=96&d=mm&r=g\",\"url\":\"https:\\\/\\\/secure.gravatar.com\\\/avatar\\\/ac5001d2a36cb6c6cd3e50789007ffca834b477b74a2144564522e944eabff61?s=96&d=mm&r=g\",\"contentUrl\":\"https:\\\/\\\/secure.gravatar.com\\\/avatar\\\/ac5001d2a36cb6c6cd3e50789007ffca834b477b74a2144564522e944eabff61?s=96&d=mm&r=g\",\"caption\":\"thomas.berner\"},\"url\":\"https:\\\/\\\/www.organisator.ch\\\/it\\\/author\\\/thomas-berner\\\/\"}]}<\/script>\n<!-- \/ Yoast SEO plugin. -->","yoast_head_json":{"title":"Lavoro a tempo parziale in Svizzera: soprattutto i genitori non vogliono pi\u00f9 lavorare a tempo pieno - Organizzatore","description":"92% dei genitori svizzeri preferirebbero lavorare a tempo parziale. Allo stesso tempo, l'autodeterminazione finanziaria \u00e8 importante per loro.","robots":{"index":"index","follow":"follow","max-snippet":"max-snippet:-1","max-image-preview":"max-image-preview:large","max-video-preview":"max-video-preview:-1"},"canonical":"https:\/\/www.organisator.ch\/it\/gestione-2\/finanzen_recht\/2019-06-17\/teilzeitarbeit-in-der-schweiz-besonders-eltern-wollen-kaum-mehr-vollzeit-arbeiten\/","og_locale":"it_IT","og_type":"article","og_title":"Teilzeitarbeit in der Schweiz: Besonders Eltern wollen kaum mehr Vollzeit arbeiten","og_description":"92% der Schweizer Eltern w\u00fcrden am liebsten Teilzeit arbeiten. Gleichzeitig ist ihnen finanzielle Selbstbestimmung wichtig.","og_url":"https:\/\/www.organisator.ch\/it\/gestione-2\/finanzen_recht\/2019-06-17\/teilzeitarbeit-in-der-schweiz-besonders-eltern-wollen-kaum-mehr-vollzeit-arbeiten\/","og_site_name":"Organisator","article_publisher":"https:\/\/www.facebook.com\/OrganisatorFachmagazin","article_published_time":"2019-06-17T07:28:25+00:00","og_image":[{"width":680,"height":466,"url":"https:\/\/www.organisator.ch\/wp-content\/uploads\/2019\/06\/Teilzeitarbeit-in-der-Schweiz-Besonders-Eltern-wollen-kaum-mehr-Vollzeit-arbeiten_Organisator.jpg","type":"image\/jpeg"}],"author":"thomas.berner","twitter_card":"summary_large_image","twitter_title":"#Teilzeitarbeit in der Schweiz: Besonders Eltern wollen kaum mehr #Vollzeit arbeiten","twitter_description":"92% der Schweizer Eltern w\u00fcrden am liebsten #Teilzeit arbeiten. Gleichzeitig ist ihnen finanzielle #Selbstbestimmung wichtig.","twitter_image":"https:\/\/www.organisator.ch\/wp-content\/uploads\/2019\/06\/Teilzeitarbeit-in-der-Schweiz-Besonders-Eltern-wollen-kaum-mehr-Vollzeit-arbeiten_Organisator.jpg","schema":{"@context":"https:\/\/schema.org","@graph":[{"@type":"Article","@id":"https:\/\/www.organisator.ch\/management\/finanzen_recht\/2019-06-17\/teilzeitarbeit-in-der-schweiz-besonders-eltern-wollen-kaum-mehr-vollzeit-arbeiten\/#article","isPartOf":{"@id":"https:\/\/www.organisator.ch\/management\/finanzen_recht\/2019-06-17\/teilzeitarbeit-in-der-schweiz-besonders-eltern-wollen-kaum-mehr-vollzeit-arbeiten\/"},"author":{"name":"thomas.berner","@id":"https:\/\/www.organisator.ch\/#\/schema\/person\/6f650f90b2842cd4c0cc334b4e36f67e"},"headline":"Teilzeitarbeit in der Schweiz: Besonders Eltern wollen kaum mehr Vollzeit arbeiten","datePublished":"2019-06-17T07:28:25+00:00","mainEntityOfPage":{"@id":"https:\/\/www.organisator.ch\/management\/finanzen_recht\/2019-06-17\/teilzeitarbeit-in-der-schweiz-besonders-eltern-wollen-kaum-mehr-vollzeit-arbeiten\/"},"wordCount":678,"commentCount":0,"publisher":{"@id":"https:\/\/www.organisator.ch\/#organization"},"image":{"@id":"https:\/\/www.organisator.ch\/management\/finanzen_recht\/2019-06-17\/teilzeitarbeit-in-der-schweiz-besonders-eltern-wollen-kaum-mehr-vollzeit-arbeiten\/#primaryimage"},"thumbnailUrl":"https:\/\/www.organisator.ch\/wp-content\/uploads\/2019\/06\/Teilzeitarbeit-in-der-Schweiz-Besonders-Eltern-wollen-kaum-mehr-Vollzeit-arbeiten_Organisator.jpg","keywords":["Arbeitsplatzgestaltung","Finanzen\/Recht","Studie","Teilzeitarbeit","Vorsorge","Work-Life-Balance"],"articleSection":["FINANZEN\/RECHT"],"inLanguage":"it-IT"},{"@type":"WebPage","@id":"https:\/\/www.organisator.ch\/management\/finanzen_recht\/2019-06-17\/teilzeitarbeit-in-der-schweiz-besonders-eltern-wollen-kaum-mehr-vollzeit-arbeiten\/","url":"https:\/\/www.organisator.ch\/management\/finanzen_recht\/2019-06-17\/teilzeitarbeit-in-der-schweiz-besonders-eltern-wollen-kaum-mehr-vollzeit-arbeiten\/","name":"Lavoro a tempo parziale in Svizzera: soprattutto i genitori non vogliono pi\u00f9 lavorare a tempo pieno - Organizzatore","isPartOf":{"@id":"https:\/\/www.organisator.ch\/#website"},"primaryImageOfPage":{"@id":"https:\/\/www.organisator.ch\/management\/finanzen_recht\/2019-06-17\/teilzeitarbeit-in-der-schweiz-besonders-eltern-wollen-kaum-mehr-vollzeit-arbeiten\/#primaryimage"},"image":{"@id":"https:\/\/www.organisator.ch\/management\/finanzen_recht\/2019-06-17\/teilzeitarbeit-in-der-schweiz-besonders-eltern-wollen-kaum-mehr-vollzeit-arbeiten\/#primaryimage"},"thumbnailUrl":"https:\/\/www.organisator.ch\/wp-content\/uploads\/2019\/06\/Teilzeitarbeit-in-der-Schweiz-Besonders-Eltern-wollen-kaum-mehr-Vollzeit-arbeiten_Organisator.jpg","datePublished":"2019-06-17T07:28:25+00:00","description":"92% dei genitori svizzeri preferirebbero lavorare a tempo parziale. Allo stesso tempo, l'autodeterminazione finanziaria \u00e8 importante per loro.","breadcrumb":{"@id":"https:\/\/www.organisator.ch\/management\/finanzen_recht\/2019-06-17\/teilzeitarbeit-in-der-schweiz-besonders-eltern-wollen-kaum-mehr-vollzeit-arbeiten\/#breadcrumb"},"inLanguage":"it-IT","potentialAction":[{"@type":"ReadAction","target":["https:\/\/www.organisator.ch\/management\/finanzen_recht\/2019-06-17\/teilzeitarbeit-in-der-schweiz-besonders-eltern-wollen-kaum-mehr-vollzeit-arbeiten\/"]}]},{"@type":"ImageObject","inLanguage":"it-IT","@id":"https:\/\/www.organisator.ch\/management\/finanzen_recht\/2019-06-17\/teilzeitarbeit-in-der-schweiz-besonders-eltern-wollen-kaum-mehr-vollzeit-arbeiten\/#primaryimage","url":"https:\/\/www.organisator.ch\/wp-content\/uploads\/2019\/06\/Teilzeitarbeit-in-der-Schweiz-Besonders-Eltern-wollen-kaum-mehr-Vollzeit-arbeiten_Organisator.jpg","contentUrl":"https:\/\/www.organisator.ch\/wp-content\/uploads\/2019\/06\/Teilzeitarbeit-in-der-Schweiz-Besonders-Eltern-wollen-kaum-mehr-Vollzeit-arbeiten_Organisator.jpg","width":680,"height":466,"caption":"Die meisten Eltern wollen Teilzeit arbeiten. Welche Auswirkungen auf Budget und die eigene Vorsorgesituation die Teilzeitarbeit hat, ist ihnen aber kaum bekannt. (Bild: zVg Swiss Life)"},{"@type":"BreadcrumbList","@id":"https:\/\/www.organisator.ch\/management\/finanzen_recht\/2019-06-17\/teilzeitarbeit-in-der-schweiz-besonders-eltern-wollen-kaum-mehr-vollzeit-arbeiten\/#breadcrumb","itemListElement":[{"@type":"ListItem","position":1,"name":"Home","item":"https:\/\/www.organisator.ch\/"},{"@type":"ListItem","position":2,"name":"Teilzeitarbeit in der Schweiz: Besonders Eltern wollen kaum mehr Vollzeit arbeiten"}]},{"@type":"WebSite","@id":"https:\/\/www.organisator.ch\/#website","url":"https:\/\/www.organisator.ch\/","name":"Organizzatore","description":"Competente. Pratico. In 10 numeri all'anno, ORGANISATOR presenta i temi essenziali per i manager delle PMI.","publisher":{"@id":"https:\/\/www.organisator.ch\/#organization"},"potentialAction":[{"@type":"SearchAction","target":{"@type":"EntryPoint","urlTemplate":"https:\/\/www.organisator.ch\/?s={search_term_string}"},"query-input":{"@type":"PropertyValueSpecification","valueRequired":true,"valueName":"search_term_string"}}],"inLanguage":"it-IT"},{"@type":"Organization","@id":"https:\/\/www.organisator.ch\/#organization","name":"Organizzatore","url":"https:\/\/www.organisator.ch\/","logo":{"@type":"ImageObject","inLanguage":"it-IT","@id":"https:\/\/www.organisator.ch\/#\/schema\/logo\/image\/","url":"https:\/\/www.organisator.ch\/wp-content\/uploads\/2022\/01\/Logo_Organisator_Website.png","contentUrl":"https:\/\/www.organisator.ch\/wp-content\/uploads\/2022\/01\/Logo_Organisator_Website.png","width":800,"height":77,"caption":"Organisator"},"image":{"@id":"https:\/\/www.organisator.ch\/#\/schema\/logo\/image\/"},"sameAs":["https:\/\/www.facebook.com\/OrganisatorFachmagazin","https:\/\/www.linkedin.com\/showcase\/organisator-das-magazin-fr-kmu","https:\/\/www.xing.com\/news\/pages\/organisator-ch-695","https:\/\/www.youtube.com\/channel\/UCGP2Sq0iWaZwT3BdIAQFYpw"]},{"@type":"Person","@id":"https:\/\/www.organisator.ch\/#\/schema\/person\/6f650f90b2842cd4c0cc334b4e36f67e","name":"Tommaso.berner","image":{"@type":"ImageObject","inLanguage":"it-IT","@id":"https:\/\/secure.gravatar.com\/avatar\/ac5001d2a36cb6c6cd3e50789007ffca834b477b74a2144564522e944eabff61?s=96&d=mm&r=g","url":"https:\/\/secure.gravatar.com\/avatar\/ac5001d2a36cb6c6cd3e50789007ffca834b477b74a2144564522e944eabff61?s=96&d=mm&r=g","contentUrl":"https:\/\/secure.gravatar.com\/avatar\/ac5001d2a36cb6c6cd3e50789007ffca834b477b74a2144564522e944eabff61?s=96&d=mm&r=g","caption":"thomas.berner"},"url":"https:\/\/www.organisator.ch\/it\/author\/thomas-berner\/"}]}},"_links":{"self":[{"href":"https:\/\/www.organisator.ch\/it\/wp-json\/wp\/v2\/posts\/5405","targetHints":{"allow":["GET"]}}],"collection":[{"href":"https:\/\/www.organisator.ch\/it\/wp-json\/wp\/v2\/posts"}],"about":[{"href":"https:\/\/www.organisator.ch\/it\/wp-json\/wp\/v2\/types\/post"}],"author":[{"embeddable":true,"href":"https:\/\/www.organisator.ch\/it\/wp-json\/wp\/v2\/users\/4"}],"replies":[{"embeddable":true,"href":"https:\/\/www.organisator.ch\/it\/wp-json\/wp\/v2\/comments?post=5405"}],"version-history":[{"count":0,"href":"https:\/\/www.organisator.ch\/it\/wp-json\/wp\/v2\/posts\/5405\/revisions"}],"wp:featuredmedia":[{"embeddable":true,"href":"https:\/\/www.organisator.ch\/it\/wp-json\/wp\/v2\/media\/5406"}],"wp:attachment":[{"href":"https:\/\/www.organisator.ch\/it\/wp-json\/wp\/v2\/media?parent=5405"}],"wp:term":[{"taxonomy":"category","embeddable":true,"href":"https:\/\/www.organisator.ch\/it\/wp-json\/wp\/v2\/categories?post=5405"},{"taxonomy":"post_tag","embeddable":true,"href":"https:\/\/www.organisator.ch\/it\/wp-json\/wp\/v2\/tags?post=5405"}],"curies":[{"name":"wp","href":"https:\/\/api.w.org\/{rel}","templated":true}]}}