{"id":5408,"date":"2019-06-17T17:18:33","date_gmt":"2019-06-17T15:18:33","guid":{"rendered":"https:\/\/www.organisator.ch\/?p=5408"},"modified":"2019-06-17T17:18:33","modified_gmt":"2019-06-17T15:18:33","slug":"finanzierung-durch-private-debt-gewinnt-an-bedeutung","status":"publish","type":"post","link":"https:\/\/www.organisator.ch\/it\/management\/finanzen_recht\/2019-06-17\/finanzierung-durch-private-debt-gewinnt-an-bedeutung\/","title":{"rendered":"Il finanziamento del debito privato acquista importanza"},"content":{"rendered":"<figure id=\"attachment_5410\" aria-describedby=\"caption-attachment-5410\" style=\"width: 680px\" class=\"wp-caption alignnone\"><img loading=\"lazy\" decoding=\"async\" class=\"size-medium wp-image-5410\" src=\"https:\/\/www.organisator.ch\/wp-content\/uploads\/2019\/06\/Finanzierung-durch-Private-Debt-gewinnt-an-Bedeutung_Organisator.jpg\" alt=\"\" width=\"680\" height=\"453\" srcset=\"https:\/\/www.organisator.ch\/wp-content\/uploads\/2019\/06\/Finanzierung-durch-Private-Debt-gewinnt-an-Bedeutung_Organisator.jpg 680w, https:\/\/www.organisator.ch\/wp-content\/uploads\/2019\/06\/Finanzierung-durch-Private-Debt-gewinnt-an-Bedeutung_Organisator-16x12.jpg 16w, https:\/\/www.organisator.ch\/wp-content\/uploads\/2019\/06\/Finanzierung-durch-Private-Debt-gewinnt-an-Bedeutung_Organisator-263x175.jpg 263w, https:\/\/www.organisator.ch\/wp-content\/uploads\/2019\/06\/Finanzierung-durch-Private-Debt-gewinnt-an-Bedeutung_Organisator-525x350.jpg 525w, https:\/\/www.organisator.ch\/wp-content\/uploads\/2019\/06\/Finanzierung-durch-Private-Debt-gewinnt-an-Bedeutung_Organisator-300x200.jpg 300w\" sizes=\"auto, (max-width: 680px) 100vw, 680px\" \/><figcaption id=\"caption-attachment-5410\" class=\"wp-caption-text\">Per la prima volta, uno studio condotto dall'Universit\u00e0 di Scienze Applicate e Arti di Lucerna per conto della Schwyzer Kantonalbank e di Remaco fa luce su un mercato finanziario finora poco conosciuto in Svizzera. (Immagine: Pixabay.com)<\/figcaption><\/figure>\n<p>Negli ultimi anni il mercato del finanziamento del debito non quotato in borsa ha guadagnato sempre pi\u00f9 attenzione. L'Universit\u00e0 di Scienze Applicate e Arti di Lucerna ha esaminato per la prima volta<br \/>\nin modo completo e sistematico il significato e il potenziale del debito privato in Svizzera. Per i mutuatari, il debito privato rappresenta una fonte di finanziamento alternativa a quella tradizionale.<br \/>\nfinanziamento bancario. Dal punto di vista dei prestatori di denaro, si tratta di una classe di attivit\u00e0 interessante.<\/p>\n<h2>Che cos'\u00e8 il debito privato?<\/h2>\n<p>Esistono diverse definizioni del termine \"debito privato\". In senso lato, il debito privato comprende qualsiasi finanziamento del debito delle imprese attraverso un'istituzione non finanziaria.<br \/>\nmercato quotato in borsa. Sono quindi comprese, in senso lato, tutte le forme di prestiti bancari, prestiti non bancari, prestiti cambiari, finanziamenti speciali,<br \/>\nPrestiti al consumo, finanziamenti immobiliari privati, ecc. A differenza del mercato pubblico, gli strumenti di debito privati sono tipicamente illiquidi. Pertanto, i finanziatori intendono<br \/>\ndi solito per mantenere l'impegno fino alla fine del mandato. Inoltre, di solito non esistono prezzi di mercato pubblici per questi strumenti. Il termine debito privato \u00e8 spesso inteso in senso pi\u00f9 ristretto e si limita - come nel contesto dello studio qui citato - al finanziamento del debito non scambiato delle imprese da parte di soggetti non bancari.<\/p>\n<h2>Il volume di mercato in Svizzera \u00e8 di circa tre miliardi di franchi svizzeri.<\/h2>\n<p>Fare i conti in un mercato non pubblico \u00e8 difficile. Sulla base di numerose interviste con gli attori del mercato, gli autori hanno elaborato una classificazione delle<br \/>\nmercato svizzero (vedi grafico). Il volume del mercato del debito privato \u00e8 stimato in circa tre miliardi di franchi svizzeri. Le singole operazioni di private equity di maggiori dimensioni hanno una forte influenza sui volumi di private debt. Tuttavia, gli autori osservano anche numerose piccole transazioni, ad esempio nel crowdlending, che contribuiscono anch'esse all'aumento. Anche a livello internazionale il mercato del debito privato \u00e8 in forte crescita. Il volume attualmente investito in fondi di private debt a livello mondiale \u00e8 stimato in oltre 750 miliardi di dollari. Solo nel 2018 si stima che siano stati raccolti oltre 100 miliardi di dollari di nuovi capitali.<\/p>\n<figure id=\"attachment_5409\" aria-describedby=\"caption-attachment-5409\" style=\"width: 680px\" class=\"wp-caption alignnone\"><img loading=\"lazy\" decoding=\"async\" class=\"size-medium wp-image-5409\" src=\"https:\/\/www.organisator.ch\/wp-content\/uploads\/2019\/06\/Private-Debt.jpg\" alt=\"\" width=\"680\" height=\"572\" srcset=\"https:\/\/www.organisator.ch\/wp-content\/uploads\/2019\/06\/Private-Debt.jpg 680w, https:\/\/www.organisator.ch\/wp-content\/uploads\/2019\/06\/Private-Debt-14x12.jpg 14w, https:\/\/www.organisator.ch\/wp-content\/uploads\/2019\/06\/Private-Debt-208x175.jpg 208w, https:\/\/www.organisator.ch\/wp-content\/uploads\/2019\/06\/Private-Debt-416x350.jpg 416w, https:\/\/www.organisator.ch\/wp-content\/uploads\/2019\/06\/Private-Debt-300x252.jpg 300w\" sizes=\"auto, (max-width: 680px) 100vw, 680px\" \/><figcaption id=\"caption-attachment-5409\" class=\"wp-caption-text\">Stima delle dimensioni del mercato del debito privato in Svizzera. (Grafico: Universit\u00e0 di Scienze Applicate e Arti di Lucerna)<\/figcaption><\/figure>\n<h2>Mercato di nicchia con potenziale per nuovi modelli di business<\/h2>\n<p>Rispetto ai volumi di prestito delle banche o dei mercati pubblici dei capitali di debito, il mercato del debito privato in Svizzera continua a operare in una nicchia. Per Thomas K. Birrer, professore all'Universit\u00e0 di Scienze Applicate e Arti di Lucerna e coautore dello studio, le banche rimarranno chiaramente i principali fornitori di credito per le PMI svizzere: \"Ci aspettiamo, tuttavia, che soprattutto nel caso di<br \/>\nI finanziamenti tramite piattaforme digitali continuano a registrare tassi di crescita elevati\". Gli autori vedono anche un grande potenziale nei modelli di business che combinano i vantaggi del classico finanziamento bancario con quelli delle piattaforme online. Tali piattaforme consentiranno anche l'inclusione di fondi e investitori istituzionali nel finanziamento dei prestiti alle imprese. Thomas K. Birrer afferma: \"Presumiamo che la variet\u00e0 dell'offerta di credito per le imprese in Svizzera aumenter\u00e0\".<\/p>\n<h2>C'\u00e8 la volont\u00e0 di investire nel debito privato<\/h2>\n<p>Gli investitori istituzionali investono in varia misura nella classe di attivit\u00e0 del debito privato e sperano, in primo luogo, di ottenere rendimenti pi\u00f9 elevati investendo in tali attivit\u00e0, in secondo luogo, di effettuare buoni investimenti nel segmento a pi\u00f9 lunga scadenza e, in terzo luogo, di ottenere effetti di diversificazione. La buona esperienza fatta finora \u00e8 anche il motivo per cui c'\u00e8 la volont\u00e0 di aumentare l'allocazione del debito privato. Tuttavia, come per gli altri investimenti, \u00e8 necessario considerare i rispettivi rischi e stabilire un accesso efficiente a opportunit\u00e0 di investimento adeguate.<\/p>","protected":false},"excerpt":{"rendered":"<p>Der Markt f\u00fcr nicht-\u00f6ffentlich gehandelte Fremdkapitalfinanzierungen hat in den letzten Jahren vermehrt an Aufmerksamkeit gewonnen. Die Hochschule Luzern untersuchte zum ersten Mal umfassend und systematisch die Bedeutung sowie das Potenzial von Private Debt in der Schweiz. F\u00fcr Geldnehmende stellt Private Debt eine alternative Finanzierungsquelle zur klassischen Bankfinanzierung dar. Aus Sicht der Geldgebenden ist es eine [&hellip;]<\/p>\n","protected":false},"author":4,"featured_media":5410,"comment_status":"open","ping_status":"open","sticky":false,"template":"","format":"standard","meta":{"_acf_changed":false,"_yoast_wpseo_focuskw":"Private Debt","_yoast_wpseo_metadesc":"Das Volumen des Schweizer Private-Debt-Marktes betr\u00e4gt etwa drei Milliarden Franken. Neue plattformbasierte Gesch\u00e4ftsmodelle bieten Potenzial f\u00fcr Wachstum.","articlekey":"","footnotes":""},"categories":[24],"tags":[202,218,334],"class_list":["post-5408","post","type-post","status-publish","format-standard","has-post-thumbnail","hentry","category-finanzen_recht","tag-finanzenrecht","tag-forschung","tag-management"],"acf":[],"yoast_head":"<!-- This site is optimized with the Yoast SEO plugin v27.5 - https:\/\/yoast.com\/product\/yoast-seo-wordpress\/ -->\n<title>Finanzierung durch Private Debt gewinnt an Bedeutung - Organisator<\/title>\n<meta name=\"description\" content=\"Das Volumen des Schweizer Private-Debt-Marktes betr\u00e4gt etwa drei Milliarden Franken. Neue plattformbasierte Gesch\u00e4ftsmodelle bieten Potenzial f\u00fcr Wachstum.\" \/>\n<meta name=\"robots\" content=\"index, follow, max-snippet:-1, max-image-preview:large, max-video-preview:-1\" \/>\n<link rel=\"canonical\" href=\"https:\/\/www.organisator.ch\/it\/gestione-2\/finanzen_recht\/2019-06-17\/finanzierung-durch-private-debt-gewinnt-an-bedeutung\/\" \/>\n<meta property=\"og:locale\" content=\"it_IT\" \/>\n<meta property=\"og:type\" content=\"article\" \/>\n<meta property=\"og:title\" content=\"Finanzierung durch Private Debt gewinnt an Bedeutung\" \/>\n<meta property=\"og:description\" content=\"Das Volumen des Schweizer Private-Debt-Marktes betr\u00e4gt etwa drei Milliarden Franken. Neue plattformbasierte Gesch\u00e4ftsmodelle bieten Potenzial f\u00fcr Wachstum.\" \/>\n<meta property=\"og:url\" content=\"https:\/\/www.organisator.ch\/it\/gestione-2\/finanzen_recht\/2019-06-17\/finanzierung-durch-private-debt-gewinnt-an-bedeutung\/\" \/>\n<meta property=\"og:site_name\" content=\"Organisator\" \/>\n<meta property=\"article:publisher\" content=\"https:\/\/www.facebook.com\/OrganisatorFachmagazin\" \/>\n<meta property=\"article:published_time\" content=\"2019-06-17T15:18:33+00:00\" \/>\n<meta property=\"og:image\" content=\"https:\/\/www.organisator.ch\/wp-content\/uploads\/2019\/06\/Finanzierung-durch-Private-Debt-gewinnt-an-Bedeutung_Organisator.jpg\" \/>\n\t<meta property=\"og:image:width\" content=\"680\" \/>\n\t<meta property=\"og:image:height\" content=\"453\" \/>\n\t<meta property=\"og:image:type\" content=\"image\/jpeg\" \/>\n<meta name=\"author\" content=\"thomas.berner\" \/>\n<meta name=\"twitter:card\" content=\"summary_large_image\" \/>\n<meta name=\"twitter:title\" content=\"#Finanzierung durch #PrivateDebt gewinnt an Bedeutung\" \/>\n<meta name=\"twitter:description\" content=\"Das Volumen des Schweizer #Private-Debt-Marktes betr\u00e4gt etwa drei Milliarden Franken. Neue plattformbasierte Gesch\u00e4ftsmodelle bieten Potenzial f\u00fcr Wachstum.\" \/>\n<meta name=\"twitter:image\" content=\"https:\/\/www.organisator.ch\/wp-content\/uploads\/2019\/06\/Finanzierung-durch-Private-Debt-gewinnt-an-Bedeutung_Organisator.jpg\" \/>\n<script type=\"application\/ld+json\" class=\"yoast-schema-graph\">{\"@context\":\"https:\\\/\\\/schema.org\",\"@graph\":[{\"@type\":\"Article\",\"@id\":\"https:\\\/\\\/www.organisator.ch\\\/management\\\/finanzen_recht\\\/2019-06-17\\\/finanzierung-durch-private-debt-gewinnt-an-bedeutung\\\/#article\",\"isPartOf\":{\"@id\":\"https:\\\/\\\/www.organisator.ch\\\/management\\\/finanzen_recht\\\/2019-06-17\\\/finanzierung-durch-private-debt-gewinnt-an-bedeutung\\\/\"},\"author\":{\"name\":\"thomas.berner\",\"@id\":\"https:\\\/\\\/www.organisator.ch\\\/#\\\/schema\\\/person\\\/6f650f90b2842cd4c0cc334b4e36f67e\"},\"headline\":\"Finanzierung durch Private Debt gewinnt an Bedeutung\",\"datePublished\":\"2019-06-17T15:18:33+00:00\",\"mainEntityOfPage\":{\"@id\":\"https:\\\/\\\/www.organisator.ch\\\/management\\\/finanzen_recht\\\/2019-06-17\\\/finanzierung-durch-private-debt-gewinnt-an-bedeutung\\\/\"},\"wordCount\":582,\"commentCount\":0,\"publisher\":{\"@id\":\"https:\\\/\\\/www.organisator.ch\\\/#organization\"},\"image\":{\"@id\":\"https:\\\/\\\/www.organisator.ch\\\/management\\\/finanzen_recht\\\/2019-06-17\\\/finanzierung-durch-private-debt-gewinnt-an-bedeutung\\\/#primaryimage\"},\"thumbnailUrl\":\"https:\\\/\\\/www.organisator.ch\\\/wp-content\\\/uploads\\\/2019\\\/06\\\/Finanzierung-durch-Private-Debt-gewinnt-an-Bedeutung_Organisator.jpg\",\"keywords\":[\"Finanzen\\\/Recht\",\"Forschung\",\"Management\"],\"articleSection\":[\"FINANZEN\\\/RECHT\"],\"inLanguage\":\"it-IT\"},{\"@type\":\"WebPage\",\"@id\":\"https:\\\/\\\/www.organisator.ch\\\/management\\\/finanzen_recht\\\/2019-06-17\\\/finanzierung-durch-private-debt-gewinnt-an-bedeutung\\\/\",\"url\":\"https:\\\/\\\/www.organisator.ch\\\/management\\\/finanzen_recht\\\/2019-06-17\\\/finanzierung-durch-private-debt-gewinnt-an-bedeutung\\\/\",\"name\":\"Finanzierung durch Private Debt gewinnt an Bedeutung - Organisator\",\"isPartOf\":{\"@id\":\"https:\\\/\\\/www.organisator.ch\\\/#website\"},\"primaryImageOfPage\":{\"@id\":\"https:\\\/\\\/www.organisator.ch\\\/management\\\/finanzen_recht\\\/2019-06-17\\\/finanzierung-durch-private-debt-gewinnt-an-bedeutung\\\/#primaryimage\"},\"image\":{\"@id\":\"https:\\\/\\\/www.organisator.ch\\\/management\\\/finanzen_recht\\\/2019-06-17\\\/finanzierung-durch-private-debt-gewinnt-an-bedeutung\\\/#primaryimage\"},\"thumbnailUrl\":\"https:\\\/\\\/www.organisator.ch\\\/wp-content\\\/uploads\\\/2019\\\/06\\\/Finanzierung-durch-Private-Debt-gewinnt-an-Bedeutung_Organisator.jpg\",\"datePublished\":\"2019-06-17T15:18:33+00:00\",\"description\":\"Das Volumen des Schweizer Private-Debt-Marktes betr\u00e4gt etwa drei Milliarden Franken. Neue plattformbasierte Gesch\u00e4ftsmodelle bieten Potenzial f\u00fcr Wachstum.\",\"breadcrumb\":{\"@id\":\"https:\\\/\\\/www.organisator.ch\\\/management\\\/finanzen_recht\\\/2019-06-17\\\/finanzierung-durch-private-debt-gewinnt-an-bedeutung\\\/#breadcrumb\"},\"inLanguage\":\"it-IT\",\"potentialAction\":[{\"@type\":\"ReadAction\",\"target\":[\"https:\\\/\\\/www.organisator.ch\\\/management\\\/finanzen_recht\\\/2019-06-17\\\/finanzierung-durch-private-debt-gewinnt-an-bedeutung\\\/\"]}]},{\"@type\":\"ImageObject\",\"inLanguage\":\"it-IT\",\"@id\":\"https:\\\/\\\/www.organisator.ch\\\/management\\\/finanzen_recht\\\/2019-06-17\\\/finanzierung-durch-private-debt-gewinnt-an-bedeutung\\\/#primaryimage\",\"url\":\"https:\\\/\\\/www.organisator.ch\\\/wp-content\\\/uploads\\\/2019\\\/06\\\/Finanzierung-durch-Private-Debt-gewinnt-an-Bedeutung_Organisator.jpg\",\"contentUrl\":\"https:\\\/\\\/www.organisator.ch\\\/wp-content\\\/uploads\\\/2019\\\/06\\\/Finanzierung-durch-Private-Debt-gewinnt-an-Bedeutung_Organisator.jpg\",\"width\":680,\"height\":453,\"caption\":\"Zum ersten Mal beleuchtet eine Studie der Hochschule Luzern im Auftrag der Schwyzer Kantonalbank und von Remaco einen bisher wenig bekannten Markt in der Schweiz. (Bild: Pixabay.com)\"},{\"@type\":\"BreadcrumbList\",\"@id\":\"https:\\\/\\\/www.organisator.ch\\\/management\\\/finanzen_recht\\\/2019-06-17\\\/finanzierung-durch-private-debt-gewinnt-an-bedeutung\\\/#breadcrumb\",\"itemListElement\":[{\"@type\":\"ListItem\",\"position\":1,\"name\":\"Home\",\"item\":\"https:\\\/\\\/www.organisator.ch\\\/\"},{\"@type\":\"ListItem\",\"position\":2,\"name\":\"Finanzierung durch Private Debt gewinnt an Bedeutung\"}]},{\"@type\":\"WebSite\",\"@id\":\"https:\\\/\\\/www.organisator.ch\\\/#website\",\"url\":\"https:\\\/\\\/www.organisator.ch\\\/\",\"name\":\"Organisator\",\"description\":\"Kompetent. Praxisnah. Der ORGANISATOR bereitet in 10 Ausgaben pro Jahr die wesentlichen Themen f\u00fcr F\u00fchrungskr\u00e4fte von KMU auf.\",\"publisher\":{\"@id\":\"https:\\\/\\\/www.organisator.ch\\\/#organization\"},\"potentialAction\":[{\"@type\":\"SearchAction\",\"target\":{\"@type\":\"EntryPoint\",\"urlTemplate\":\"https:\\\/\\\/www.organisator.ch\\\/?s={search_term_string}\"},\"query-input\":{\"@type\":\"PropertyValueSpecification\",\"valueRequired\":true,\"valueName\":\"search_term_string\"}}],\"inLanguage\":\"it-IT\"},{\"@type\":\"Organization\",\"@id\":\"https:\\\/\\\/www.organisator.ch\\\/#organization\",\"name\":\"Organisator\",\"url\":\"https:\\\/\\\/www.organisator.ch\\\/\",\"logo\":{\"@type\":\"ImageObject\",\"inLanguage\":\"it-IT\",\"@id\":\"https:\\\/\\\/www.organisator.ch\\\/#\\\/schema\\\/logo\\\/image\\\/\",\"url\":\"https:\\\/\\\/www.organisator.ch\\\/wp-content\\\/uploads\\\/2022\\\/01\\\/Logo_Organisator_Website.png\",\"contentUrl\":\"https:\\\/\\\/www.organisator.ch\\\/wp-content\\\/uploads\\\/2022\\\/01\\\/Logo_Organisator_Website.png\",\"width\":800,\"height\":77,\"caption\":\"Organisator\"},\"image\":{\"@id\":\"https:\\\/\\\/www.organisator.ch\\\/#\\\/schema\\\/logo\\\/image\\\/\"},\"sameAs\":[\"https:\\\/\\\/www.facebook.com\\\/OrganisatorFachmagazin\",\"https:\\\/\\\/www.linkedin.com\\\/showcase\\\/organisator-das-magazin-fr-kmu\",\"https:\\\/\\\/www.xing.com\\\/news\\\/pages\\\/organisator-ch-695\",\"https:\\\/\\\/www.youtube.com\\\/channel\\\/UCGP2Sq0iWaZwT3BdIAQFYpw\"]},{\"@type\":\"Person\",\"@id\":\"https:\\\/\\\/www.organisator.ch\\\/#\\\/schema\\\/person\\\/6f650f90b2842cd4c0cc334b4e36f67e\",\"name\":\"thomas.berner\",\"image\":{\"@type\":\"ImageObject\",\"inLanguage\":\"it-IT\",\"@id\":\"https:\\\/\\\/secure.gravatar.com\\\/avatar\\\/ac5001d2a36cb6c6cd3e50789007ffca834b477b74a2144564522e944eabff61?s=96&d=mm&r=g\",\"url\":\"https:\\\/\\\/secure.gravatar.com\\\/avatar\\\/ac5001d2a36cb6c6cd3e50789007ffca834b477b74a2144564522e944eabff61?s=96&d=mm&r=g\",\"contentUrl\":\"https:\\\/\\\/secure.gravatar.com\\\/avatar\\\/ac5001d2a36cb6c6cd3e50789007ffca834b477b74a2144564522e944eabff61?s=96&d=mm&r=g\",\"caption\":\"thomas.berner\"},\"url\":\"https:\\\/\\\/www.organisator.ch\\\/it\\\/author\\\/thomas-berner\\\/\"}]}<\/script>\n<!-- \/ Yoast SEO plugin. -->","yoast_head_json":{"title":"Il finanziamento del debito privato acquista importanza - Organizzatore","description":"Il volume del mercato svizzero del debito privato \u00e8 di circa tre miliardi di franchi svizzeri. I nuovi modelli di business basati su piattaforme offrono un potenziale di crescita.","robots":{"index":"index","follow":"follow","max-snippet":"max-snippet:-1","max-image-preview":"max-image-preview:large","max-video-preview":"max-video-preview:-1"},"canonical":"https:\/\/www.organisator.ch\/it\/gestione-2\/finanzen_recht\/2019-06-17\/finanzierung-durch-private-debt-gewinnt-an-bedeutung\/","og_locale":"it_IT","og_type":"article","og_title":"Finanzierung durch Private Debt gewinnt an Bedeutung","og_description":"Das Volumen des Schweizer Private-Debt-Marktes betr\u00e4gt etwa drei Milliarden Franken. Neue plattformbasierte Gesch\u00e4ftsmodelle bieten Potenzial f\u00fcr Wachstum.","og_url":"https:\/\/www.organisator.ch\/it\/gestione-2\/finanzen_recht\/2019-06-17\/finanzierung-durch-private-debt-gewinnt-an-bedeutung\/","og_site_name":"Organisator","article_publisher":"https:\/\/www.facebook.com\/OrganisatorFachmagazin","article_published_time":"2019-06-17T15:18:33+00:00","og_image":[{"width":680,"height":453,"url":"https:\/\/www.organisator.ch\/wp-content\/uploads\/2019\/06\/Finanzierung-durch-Private-Debt-gewinnt-an-Bedeutung_Organisator.jpg","type":"image\/jpeg"}],"author":"thomas.berner","twitter_card":"summary_large_image","twitter_title":"#Finanzierung durch #PrivateDebt gewinnt an Bedeutung","twitter_description":"Das Volumen des Schweizer #Private-Debt-Marktes betr\u00e4gt etwa drei Milliarden Franken. Neue plattformbasierte Gesch\u00e4ftsmodelle bieten Potenzial f\u00fcr Wachstum.","twitter_image":"https:\/\/www.organisator.ch\/wp-content\/uploads\/2019\/06\/Finanzierung-durch-Private-Debt-gewinnt-an-Bedeutung_Organisator.jpg","schema":{"@context":"https:\/\/schema.org","@graph":[{"@type":"Article","@id":"https:\/\/www.organisator.ch\/management\/finanzen_recht\/2019-06-17\/finanzierung-durch-private-debt-gewinnt-an-bedeutung\/#article","isPartOf":{"@id":"https:\/\/www.organisator.ch\/management\/finanzen_recht\/2019-06-17\/finanzierung-durch-private-debt-gewinnt-an-bedeutung\/"},"author":{"name":"thomas.berner","@id":"https:\/\/www.organisator.ch\/#\/schema\/person\/6f650f90b2842cd4c0cc334b4e36f67e"},"headline":"Finanzierung durch Private Debt gewinnt an Bedeutung","datePublished":"2019-06-17T15:18:33+00:00","mainEntityOfPage":{"@id":"https:\/\/www.organisator.ch\/management\/finanzen_recht\/2019-06-17\/finanzierung-durch-private-debt-gewinnt-an-bedeutung\/"},"wordCount":582,"commentCount":0,"publisher":{"@id":"https:\/\/www.organisator.ch\/#organization"},"image":{"@id":"https:\/\/www.organisator.ch\/management\/finanzen_recht\/2019-06-17\/finanzierung-durch-private-debt-gewinnt-an-bedeutung\/#primaryimage"},"thumbnailUrl":"https:\/\/www.organisator.ch\/wp-content\/uploads\/2019\/06\/Finanzierung-durch-Private-Debt-gewinnt-an-Bedeutung_Organisator.jpg","keywords":["Finanzen\/Recht","Forschung","Management"],"articleSection":["FINANZEN\/RECHT"],"inLanguage":"it-IT"},{"@type":"WebPage","@id":"https:\/\/www.organisator.ch\/management\/finanzen_recht\/2019-06-17\/finanzierung-durch-private-debt-gewinnt-an-bedeutung\/","url":"https:\/\/www.organisator.ch\/management\/finanzen_recht\/2019-06-17\/finanzierung-durch-private-debt-gewinnt-an-bedeutung\/","name":"Il finanziamento del debito privato acquista importanza - Organizzatore","isPartOf":{"@id":"https:\/\/www.organisator.ch\/#website"},"primaryImageOfPage":{"@id":"https:\/\/www.organisator.ch\/management\/finanzen_recht\/2019-06-17\/finanzierung-durch-private-debt-gewinnt-an-bedeutung\/#primaryimage"},"image":{"@id":"https:\/\/www.organisator.ch\/management\/finanzen_recht\/2019-06-17\/finanzierung-durch-private-debt-gewinnt-an-bedeutung\/#primaryimage"},"thumbnailUrl":"https:\/\/www.organisator.ch\/wp-content\/uploads\/2019\/06\/Finanzierung-durch-Private-Debt-gewinnt-an-Bedeutung_Organisator.jpg","datePublished":"2019-06-17T15:18:33+00:00","description":"Il volume del mercato svizzero del debito privato \u00e8 di circa tre miliardi di franchi svizzeri. I nuovi modelli di business basati su piattaforme offrono un potenziale di crescita.","breadcrumb":{"@id":"https:\/\/www.organisator.ch\/management\/finanzen_recht\/2019-06-17\/finanzierung-durch-private-debt-gewinnt-an-bedeutung\/#breadcrumb"},"inLanguage":"it-IT","potentialAction":[{"@type":"ReadAction","target":["https:\/\/www.organisator.ch\/management\/finanzen_recht\/2019-06-17\/finanzierung-durch-private-debt-gewinnt-an-bedeutung\/"]}]},{"@type":"ImageObject","inLanguage":"it-IT","@id":"https:\/\/www.organisator.ch\/management\/finanzen_recht\/2019-06-17\/finanzierung-durch-private-debt-gewinnt-an-bedeutung\/#primaryimage","url":"https:\/\/www.organisator.ch\/wp-content\/uploads\/2019\/06\/Finanzierung-durch-Private-Debt-gewinnt-an-Bedeutung_Organisator.jpg","contentUrl":"https:\/\/www.organisator.ch\/wp-content\/uploads\/2019\/06\/Finanzierung-durch-Private-Debt-gewinnt-an-Bedeutung_Organisator.jpg","width":680,"height":453,"caption":"Zum ersten Mal beleuchtet eine Studie der Hochschule Luzern im Auftrag der Schwyzer Kantonalbank und von Remaco einen bisher wenig bekannten Markt in der Schweiz. (Bild: Pixabay.com)"},{"@type":"BreadcrumbList","@id":"https:\/\/www.organisator.ch\/management\/finanzen_recht\/2019-06-17\/finanzierung-durch-private-debt-gewinnt-an-bedeutung\/#breadcrumb","itemListElement":[{"@type":"ListItem","position":1,"name":"Home","item":"https:\/\/www.organisator.ch\/"},{"@type":"ListItem","position":2,"name":"Finanzierung durch Private Debt gewinnt an Bedeutung"}]},{"@type":"WebSite","@id":"https:\/\/www.organisator.ch\/#website","url":"https:\/\/www.organisator.ch\/","name":"Organizzatore","description":"Competente. Pratico. In 10 numeri all'anno, ORGANISATOR presenta i temi essenziali per i manager delle PMI.","publisher":{"@id":"https:\/\/www.organisator.ch\/#organization"},"potentialAction":[{"@type":"SearchAction","target":{"@type":"EntryPoint","urlTemplate":"https:\/\/www.organisator.ch\/?s={search_term_string}"},"query-input":{"@type":"PropertyValueSpecification","valueRequired":true,"valueName":"search_term_string"}}],"inLanguage":"it-IT"},{"@type":"Organization","@id":"https:\/\/www.organisator.ch\/#organization","name":"Organizzatore","url":"https:\/\/www.organisator.ch\/","logo":{"@type":"ImageObject","inLanguage":"it-IT","@id":"https:\/\/www.organisator.ch\/#\/schema\/logo\/image\/","url":"https:\/\/www.organisator.ch\/wp-content\/uploads\/2022\/01\/Logo_Organisator_Website.png","contentUrl":"https:\/\/www.organisator.ch\/wp-content\/uploads\/2022\/01\/Logo_Organisator_Website.png","width":800,"height":77,"caption":"Organisator"},"image":{"@id":"https:\/\/www.organisator.ch\/#\/schema\/logo\/image\/"},"sameAs":["https:\/\/www.facebook.com\/OrganisatorFachmagazin","https:\/\/www.linkedin.com\/showcase\/organisator-das-magazin-fr-kmu","https:\/\/www.xing.com\/news\/pages\/organisator-ch-695","https:\/\/www.youtube.com\/channel\/UCGP2Sq0iWaZwT3BdIAQFYpw"]},{"@type":"Person","@id":"https:\/\/www.organisator.ch\/#\/schema\/person\/6f650f90b2842cd4c0cc334b4e36f67e","name":"Tommaso.berner","image":{"@type":"ImageObject","inLanguage":"it-IT","@id":"https:\/\/secure.gravatar.com\/avatar\/ac5001d2a36cb6c6cd3e50789007ffca834b477b74a2144564522e944eabff61?s=96&d=mm&r=g","url":"https:\/\/secure.gravatar.com\/avatar\/ac5001d2a36cb6c6cd3e50789007ffca834b477b74a2144564522e944eabff61?s=96&d=mm&r=g","contentUrl":"https:\/\/secure.gravatar.com\/avatar\/ac5001d2a36cb6c6cd3e50789007ffca834b477b74a2144564522e944eabff61?s=96&d=mm&r=g","caption":"thomas.berner"},"url":"https:\/\/www.organisator.ch\/it\/author\/thomas-berner\/"}]}},"_links":{"self":[{"href":"https:\/\/www.organisator.ch\/it\/wp-json\/wp\/v2\/posts\/5408","targetHints":{"allow":["GET"]}}],"collection":[{"href":"https:\/\/www.organisator.ch\/it\/wp-json\/wp\/v2\/posts"}],"about":[{"href":"https:\/\/www.organisator.ch\/it\/wp-json\/wp\/v2\/types\/post"}],"author":[{"embeddable":true,"href":"https:\/\/www.organisator.ch\/it\/wp-json\/wp\/v2\/users\/4"}],"replies":[{"embeddable":true,"href":"https:\/\/www.organisator.ch\/it\/wp-json\/wp\/v2\/comments?post=5408"}],"version-history":[{"count":0,"href":"https:\/\/www.organisator.ch\/it\/wp-json\/wp\/v2\/posts\/5408\/revisions"}],"wp:featuredmedia":[{"embeddable":true,"href":"https:\/\/www.organisator.ch\/it\/wp-json\/wp\/v2\/media\/5410"}],"wp:attachment":[{"href":"https:\/\/www.organisator.ch\/it\/wp-json\/wp\/v2\/media?parent=5408"}],"wp:term":[{"taxonomy":"category","embeddable":true,"href":"https:\/\/www.organisator.ch\/it\/wp-json\/wp\/v2\/categories?post=5408"},{"taxonomy":"post_tag","embeddable":true,"href":"https:\/\/www.organisator.ch\/it\/wp-json\/wp\/v2\/tags?post=5408"}],"curies":[{"name":"wp","href":"https:\/\/api.w.org\/{rel}","templated":true}]}}