{"id":5418,"date":"2019-06-19T16:23:10","date_gmt":"2019-06-19T14:23:10","guid":{"rendered":"https:\/\/www.organisator.ch\/?p=5418"},"modified":"2019-06-19T16:23:10","modified_gmt":"2019-06-19T14:23:10","slug":"arbeitswelt-der-zukunft-es-gibt-noch-viel-zu-tun","status":"publish","type":"post","link":"https:\/\/www.organisator.ch\/it\/management\/2019-06-19\/arbeitswelt-der-zukunft-es-gibt-noch-viel-zu-tun\/","title":{"rendered":"Il mondo del lavoro del futuro: c'\u00e8 ancora molto da fare"},"content":{"rendered":"<figure id=\"attachment_5419\" aria-describedby=\"caption-attachment-5419\" style=\"width: 680px\" class=\"wp-caption alignnone\"><img loading=\"lazy\" decoding=\"async\" class=\"size-medium wp-image-5419\" src=\"https:\/\/www.organisator.ch\/wp-content\/uploads\/2019\/06\/Arbeitswelt-der-Zukunft-Es-gibt-noch-viel-zu-tun-1_Organisator.jpg\" alt=\"\" width=\"680\" height=\"470\" srcset=\"https:\/\/www.organisator.ch\/wp-content\/uploads\/2019\/06\/Arbeitswelt-der-Zukunft-Es-gibt-noch-viel-zu-tun-1_Organisator.jpg 680w, https:\/\/www.organisator.ch\/wp-content\/uploads\/2019\/06\/Arbeitswelt-der-Zukunft-Es-gibt-noch-viel-zu-tun-1_Organisator-16x12.jpg 16w, https:\/\/www.organisator.ch\/wp-content\/uploads\/2019\/06\/Arbeitswelt-der-Zukunft-Es-gibt-noch-viel-zu-tun-1_Organisator-253x175.jpg 253w, https:\/\/www.organisator.ch\/wp-content\/uploads\/2019\/06\/Arbeitswelt-der-Zukunft-Es-gibt-noch-viel-zu-tun-1_Organisator-506x350.jpg 506w, https:\/\/www.organisator.ch\/wp-content\/uploads\/2019\/06\/Arbeitswelt-der-Zukunft-Es-gibt-noch-viel-zu-tun-1_Organisator-300x207.jpg 300w\" sizes=\"auto, (max-width: 680px) 100vw, 680px\" \/><figcaption id=\"caption-attachment-5419\" class=\"wp-caption-text\">Il 17 giugno a Neuhausen sono stati presentati i primi risultati di uno studio completo sul mondo del lavoro del futuro: (da sinistra) Michael Schmidt-Purrmann, amministratore delegato di Impulswerk GmbH e partner di Future Work Group, Heike Bauer, partner di New-Work.Team GmbH e Future Work Group e il Prof. Dr. Marc K. Peter, responsabile del Centro per la trasformazione digitale e il marketing della FHNW Olten. (Immagine: zVg)<\/figcaption><\/figure>\n<p>Nel corso di un discorso programmatico sul tema \"Mondo del lavoro 4.0 nell'ambiente della trasformazione digitale\", il Prof. Dr. Marc K. Peter della FHNW Olten ha presentato i primi risultati di uno studio condotto nel 2019. Si tratta di un approfondimento dell'indagine \"Trasformazione delle PMI\" gi\u00e0 pubblicata dal relatore nel 2017. Con circa 1.200 partecipanti, lo studio \"Mondo del lavoro 4.0\" \u00e8 il pi\u00f9 grande studio su questo tema realizzato finora in Svizzera. Si concentra sul campo d'azione \"Digital Leadership &amp; Culture\", prendendo in considerazione nuovi approcci alla leadership, alla cultura e al lavoro - tutte aree che giocano un ruolo nella trasformazione digitale. Il team del Prof. Dr. Marc K. Peter parte dalla tesi che la triade \"Persone - Luogo - Tecnologia\" sia al centro di una progettazione di successo del mondo del lavoro del futuro. Si tratta soprattutto di un'interazione significativa ed efficace di queste tre aree. In quest'ottica \u00e8 stato elaborato un questionario e l'indagine \u00e8 stata condotta nella primavera del 2019.<\/p>\n<h2>Sviluppare il mondo del lavoro del futuro: I dipendenti non sono sufficientemente coinvolti<\/h2>\n<p>Come gli intervistati intendono il mondo del lavoro 4.0? I termini dominanti nelle risposte sono la digitalizzazione, le nuove forme di lavoro, ma anche associazioni come la flessibilit\u00e0 dell'orario e del luogo di lavoro, il networking e il cambiamento in generale. I datori di lavoro affermano di essere \"all'inizio\" (43 %) del mondo del lavoro 4.0 o \"nel mezzo\" (45 %). \"Quindi c'\u00e8 ancora molto da fare\", conclude Marc K. Peter.<\/p>\n<p>Ci\u00f2 \u00e8 dimostrato anche dalla risposta alla domanda sul coinvolgimento dei dipendenti nell'implementazione del Mondo del Lavoro 4.0: solo il 27% degli intervistati ha risposto \"s\u00ec\". Ci\u00f2 significa che il 73% dei dipendenti non \u00e8 coinvolto nel processo di cambiamento, oppure che l'azienda non lo ritiene necessario! Una scoperta che dovrebbe farci riflettere.<\/p>\n<h2>Cooperazione intergenerazionale<\/h2>\n<p>Gli intervistati vedono nell'innovazione (66 %) e nella comunicazione (64%) i principali motori del mondo del lavoro del futuro. Gli ostacoli maggiori sono rappresentati dalla mancanza di know-how (42 %) e da una leadership o una struttura organizzativa non pi\u00f9 aggiornata (41%). Questo risultato mostra chiaramente quanto sia necessario un cambiamento culturale per poter realizzare il Mondo del Lavoro 4.0. Come raccomandazione per l'azione, gli autori dello studio citano l'inclusione consapevole e proattiva della Generazione Z in questo processo. \u00c8 importante sfruttare il loro potenziale per promuovere l'accettazione e la cooperazione intergenerazionale.<\/p>\n<h2>La digitalizzazione come fattore di stress<\/h2>\n<p>Oltre ai risultati dello studio, Marc K. Peter ha evidenziato altre sfide legate al mondo del lavoro 4.0: L'avanzare della digitalizzazione porta a un aumento dello stress. Secondo l'indice di stress lavorativo del <a href=\"https:\/\/gesundheitsfoerderung.ch\/\">Promozione della salute in Svizzera<\/a> quasi la met\u00e0 della forza lavoro si trova attualmente in un'area sensibile per quanto riguarda lo stress. Non spetta solo al management adottare misure preventive mirate, ma anche il mondo del lavoro 4.0 pu\u00f2 dare un contributo positivo, ad esempio rafforzando la flessibilit\u00e0 e la collaborazione. Tuttavia: Non si possono evitare nuove aree di tensione e nuove richieste alla cultura aziendale.<\/p>\n<p><em>I risultati dettagliati dello studio e una guida pratica saranno a disposizione della comunit\u00e0 imprenditoriale svizzera a partire dall'autunno 2019. <a href=\"https:\/\/www.arbeitswelt-zukunft.ch\/\">Ulteriori informazioni<\/a><\/em><\/p>\n<p><img loading=\"lazy\" decoding=\"async\" class=\"alignnone size-medium wp-image-5420\" src=\"https:\/\/www.organisator.ch\/wp-content\/uploads\/2019\/06\/Arbeitswelt-der-Zukunft-Es-gibt-noch-viel-zu-tun-2_Organisator.jpg\" alt=\"\" width=\"680\" height=\"958\" srcset=\"https:\/\/www.organisator.ch\/wp-content\/uploads\/2019\/06\/Arbeitswelt-der-Zukunft-Es-gibt-noch-viel-zu-tun-2_Organisator.jpg 680w, https:\/\/www.organisator.ch\/wp-content\/uploads\/2019\/06\/Arbeitswelt-der-Zukunft-Es-gibt-noch-viel-zu-tun-2_Organisator-9x12.jpg 9w, https:\/\/www.organisator.ch\/wp-content\/uploads\/2019\/06\/Arbeitswelt-der-Zukunft-Es-gibt-noch-viel-zu-tun-2_Organisator-124x175.jpg 124w, https:\/\/www.organisator.ch\/wp-content\/uploads\/2019\/06\/Arbeitswelt-der-Zukunft-Es-gibt-noch-viel-zu-tun-2_Organisator-248x350.jpg 248w, https:\/\/www.organisator.ch\/wp-content\/uploads\/2019\/06\/Arbeitswelt-der-Zukunft-Es-gibt-noch-viel-zu-tun-2_Organisator-568x800.jpg 568w, https:\/\/www.organisator.ch\/wp-content\/uploads\/2019\/06\/Arbeitswelt-der-Zukunft-Es-gibt-noch-viel-zu-tun-2_Organisator-300x423.jpg 300w\" sizes=\"auto, (max-width: 680px) 100vw, 680px\" \/><\/p>","protected":false},"excerpt":{"rendered":"<p>Im Rahmen eines Impulsreferats zum Thema \u00abArbeitswelt 4.0 im Umfeld der digitalen Transformation\u00bb stellte Prof. Dr. Marc K. Peter von der FHNW Olten erste Ergebnisse einer Studie vor, die 2019 durchgef\u00fchrt wurde. Dabei handelt es sich um eine Vertiefungsstudie zur bereits 2017 vom Referenten herausgegebenen Untersuchung \u00abKMU-Transformation\u00bb. Mit rund 1200 Teilnehmenden ist nun die Studie [&hellip;]<\/p>\n","protected":false},"author":4,"featured_media":5420,"comment_status":"open","ping_status":"open","sticky":false,"template":"","format":"standard","meta":{"_acf_changed":false,"_yoast_wpseo_focuskw":"Arbeitswelt der Zukunft","_yoast_wpseo_metadesc":"Am 17. Juni 2019 fand in Neuhausen a. Rhf. der 62. IST Techno-Ap\u00e9ro statt. Das Thema lautete: \u00abDigitale Arbeitswelt \u2013 Wie tickt die Wirtschaft von morgen?\u00bb","articlekey":"","footnotes":""},"categories":[28],"tags":[156,335,459,533],"class_list":["post-5418","post","type-post","status-publish","format-standard","has-post-thumbnail","hentry","category-management","tag-digitalisierung","tag-management-und-unternehmensfuehrung","tag-studie","tag-wissenschaft"],"acf":[],"yoast_head":"<!-- This site is optimized with the Yoast SEO plugin v27.4 - https:\/\/yoast.com\/product\/yoast-seo-wordpress\/ -->\n<title>Arbeitswelt der Zukunft: Es gibt noch viel zu tun - Organisator<\/title>\n<meta name=\"description\" content=\"Am 17. Juni 2019 fand in Neuhausen a. Rhf. der 62. IST Techno-Ap\u00e9ro statt. Das Thema lautete: \u00abDigitale Arbeitswelt \u2013 Wie tickt die Wirtschaft von morgen?\u00bb\" \/>\n<meta name=\"robots\" content=\"index, follow, max-snippet:-1, max-image-preview:large, max-video-preview:-1\" \/>\n<link rel=\"canonical\" href=\"https:\/\/www.organisator.ch\/it\/gestione-2\/2019-06-19\/arbeitswelt-der-zukunft-es-gibt-noch-viel-zu-tun\/\" \/>\n<meta property=\"og:locale\" content=\"it_IT\" \/>\n<meta property=\"og:type\" content=\"article\" \/>\n<meta property=\"og:title\" content=\"Arbeitswelt der Zukunft: Es gibt noch viel zu tun\" \/>\n<meta property=\"og:description\" content=\"Am 17. Juni 2019 fand in Neuhausen a. Rhf. der 62. IST Techno-Ap\u00e9ro statt. Das Thema lautete: \u00abDigitale Arbeitswelt \u2013 Wie tickt die Wirtschaft von morgen?\u00bb\" \/>\n<meta property=\"og:url\" content=\"https:\/\/www.organisator.ch\/it\/gestione-2\/2019-06-19\/arbeitswelt-der-zukunft-es-gibt-noch-viel-zu-tun\/\" \/>\n<meta property=\"og:site_name\" content=\"Organisator\" \/>\n<meta property=\"article:publisher\" content=\"https:\/\/www.facebook.com\/OrganisatorFachmagazin\" \/>\n<meta property=\"article:published_time\" content=\"2019-06-19T14:23:10+00:00\" \/>\n<meta property=\"og:image\" content=\"https:\/\/www.organisator.ch\/wp-content\/uploads\/2019\/06\/Arbeitswelt-der-Zukunft-Es-gibt-noch-viel-zu-tun-2_Organisator.jpg\" \/>\n\t<meta property=\"og:image:width\" content=\"680\" \/>\n\t<meta property=\"og:image:height\" content=\"958\" \/>\n\t<meta property=\"og:image:type\" content=\"image\/jpeg\" \/>\n<meta name=\"author\" content=\"thomas.berner\" \/>\n<meta name=\"twitter:card\" content=\"summary_large_image\" \/>\n<meta name=\"twitter:title\" content=\"#Arbeitswelt der Zukunft: Es gibt noch viel zu tun\" \/>\n<meta name=\"twitter:description\" content=\"Am 17. Juni 2019 fand in Neuhausen a. Rhf. der 62. IST Techno-Ap\u00e9ro statt. Das Thema lautete: \u00abDigitale Arbeitswelt \u2013 Wie tickt die Wirtschaft von morgen?\u00bb\" \/>\n<meta name=\"twitter:image\" content=\"https:\/\/www.organisator.ch\/wp-content\/uploads\/2019\/06\/Arbeitswelt-der-Zukunft-Es-gibt-noch-viel-zu-tun-2_Organisator.jpg\" \/>\n<script type=\"application\/ld+json\" class=\"yoast-schema-graph\">{\"@context\":\"https:\\\/\\\/schema.org\",\"@graph\":[{\"@type\":\"Article\",\"@id\":\"https:\\\/\\\/www.organisator.ch\\\/management\\\/2019-06-19\\\/arbeitswelt-der-zukunft-es-gibt-noch-viel-zu-tun\\\/#article\",\"isPartOf\":{\"@id\":\"https:\\\/\\\/www.organisator.ch\\\/management\\\/2019-06-19\\\/arbeitswelt-der-zukunft-es-gibt-noch-viel-zu-tun\\\/\"},\"author\":{\"name\":\"thomas.berner\",\"@id\":\"https:\\\/\\\/www.organisator.ch\\\/#\\\/schema\\\/person\\\/6f650f90b2842cd4c0cc334b4e36f67e\"},\"headline\":\"Arbeitswelt der Zukunft: Es gibt noch viel zu tun\",\"datePublished\":\"2019-06-19T14:23:10+00:00\",\"mainEntityOfPage\":{\"@id\":\"https:\\\/\\\/www.organisator.ch\\\/management\\\/2019-06-19\\\/arbeitswelt-der-zukunft-es-gibt-noch-viel-zu-tun\\\/\"},\"wordCount\":559,\"commentCount\":0,\"publisher\":{\"@id\":\"https:\\\/\\\/www.organisator.ch\\\/#organization\"},\"image\":{\"@id\":\"https:\\\/\\\/www.organisator.ch\\\/management\\\/2019-06-19\\\/arbeitswelt-der-zukunft-es-gibt-noch-viel-zu-tun\\\/#primaryimage\"},\"thumbnailUrl\":\"https:\\\/\\\/www.organisator.ch\\\/wp-content\\\/uploads\\\/2019\\\/06\\\/Arbeitswelt-der-Zukunft-Es-gibt-noch-viel-zu-tun-2_Organisator.jpg\",\"keywords\":[\"Digitalisierung\",\"Management und Unternehmensf\u00fchrung\",\"Studie\",\"Wissenschaft\"],\"articleSection\":[\"MANAGEMENT\"],\"inLanguage\":\"it-IT\"},{\"@type\":\"WebPage\",\"@id\":\"https:\\\/\\\/www.organisator.ch\\\/management\\\/2019-06-19\\\/arbeitswelt-der-zukunft-es-gibt-noch-viel-zu-tun\\\/\",\"url\":\"https:\\\/\\\/www.organisator.ch\\\/management\\\/2019-06-19\\\/arbeitswelt-der-zukunft-es-gibt-noch-viel-zu-tun\\\/\",\"name\":\"Arbeitswelt der Zukunft: Es gibt noch viel zu tun - Organisator\",\"isPartOf\":{\"@id\":\"https:\\\/\\\/www.organisator.ch\\\/#website\"},\"primaryImageOfPage\":{\"@id\":\"https:\\\/\\\/www.organisator.ch\\\/management\\\/2019-06-19\\\/arbeitswelt-der-zukunft-es-gibt-noch-viel-zu-tun\\\/#primaryimage\"},\"image\":{\"@id\":\"https:\\\/\\\/www.organisator.ch\\\/management\\\/2019-06-19\\\/arbeitswelt-der-zukunft-es-gibt-noch-viel-zu-tun\\\/#primaryimage\"},\"thumbnailUrl\":\"https:\\\/\\\/www.organisator.ch\\\/wp-content\\\/uploads\\\/2019\\\/06\\\/Arbeitswelt-der-Zukunft-Es-gibt-noch-viel-zu-tun-2_Organisator.jpg\",\"datePublished\":\"2019-06-19T14:23:10+00:00\",\"description\":\"Am 17. Juni 2019 fand in Neuhausen a. Rhf. der 62. IST Techno-Ap\u00e9ro statt. Das Thema lautete: \u00abDigitale Arbeitswelt \u2013 Wie tickt die Wirtschaft von morgen?\u00bb\",\"breadcrumb\":{\"@id\":\"https:\\\/\\\/www.organisator.ch\\\/management\\\/2019-06-19\\\/arbeitswelt-der-zukunft-es-gibt-noch-viel-zu-tun\\\/#breadcrumb\"},\"inLanguage\":\"it-IT\",\"potentialAction\":[{\"@type\":\"ReadAction\",\"target\":[\"https:\\\/\\\/www.organisator.ch\\\/management\\\/2019-06-19\\\/arbeitswelt-der-zukunft-es-gibt-noch-viel-zu-tun\\\/\"]}]},{\"@type\":\"ImageObject\",\"inLanguage\":\"it-IT\",\"@id\":\"https:\\\/\\\/www.organisator.ch\\\/management\\\/2019-06-19\\\/arbeitswelt-der-zukunft-es-gibt-noch-viel-zu-tun\\\/#primaryimage\",\"url\":\"https:\\\/\\\/www.organisator.ch\\\/wp-content\\\/uploads\\\/2019\\\/06\\\/Arbeitswelt-der-Zukunft-Es-gibt-noch-viel-zu-tun-2_Organisator.jpg\",\"contentUrl\":\"https:\\\/\\\/www.organisator.ch\\\/wp-content\\\/uploads\\\/2019\\\/06\\\/Arbeitswelt-der-Zukunft-Es-gibt-noch-viel-zu-tun-2_Organisator.jpg\",\"width\":680,\"height\":958},{\"@type\":\"BreadcrumbList\",\"@id\":\"https:\\\/\\\/www.organisator.ch\\\/management\\\/2019-06-19\\\/arbeitswelt-der-zukunft-es-gibt-noch-viel-zu-tun\\\/#breadcrumb\",\"itemListElement\":[{\"@type\":\"ListItem\",\"position\":1,\"name\":\"Home\",\"item\":\"https:\\\/\\\/www.organisator.ch\\\/\"},{\"@type\":\"ListItem\",\"position\":2,\"name\":\"Arbeitswelt der Zukunft: Es gibt noch viel zu tun\"}]},{\"@type\":\"WebSite\",\"@id\":\"https:\\\/\\\/www.organisator.ch\\\/#website\",\"url\":\"https:\\\/\\\/www.organisator.ch\\\/\",\"name\":\"Organisator\",\"description\":\"Kompetent. Praxisnah. Der ORGANISATOR bereitet in 10 Ausgaben pro Jahr die wesentlichen Themen f\u00fcr F\u00fchrungskr\u00e4fte von KMU auf.\",\"publisher\":{\"@id\":\"https:\\\/\\\/www.organisator.ch\\\/#organization\"},\"potentialAction\":[{\"@type\":\"SearchAction\",\"target\":{\"@type\":\"EntryPoint\",\"urlTemplate\":\"https:\\\/\\\/www.organisator.ch\\\/?s={search_term_string}\"},\"query-input\":{\"@type\":\"PropertyValueSpecification\",\"valueRequired\":true,\"valueName\":\"search_term_string\"}}],\"inLanguage\":\"it-IT\"},{\"@type\":\"Organization\",\"@id\":\"https:\\\/\\\/www.organisator.ch\\\/#organization\",\"name\":\"Organisator\",\"url\":\"https:\\\/\\\/www.organisator.ch\\\/\",\"logo\":{\"@type\":\"ImageObject\",\"inLanguage\":\"it-IT\",\"@id\":\"https:\\\/\\\/www.organisator.ch\\\/#\\\/schema\\\/logo\\\/image\\\/\",\"url\":\"https:\\\/\\\/www.organisator.ch\\\/wp-content\\\/uploads\\\/2022\\\/01\\\/Logo_Organisator_Website.png\",\"contentUrl\":\"https:\\\/\\\/www.organisator.ch\\\/wp-content\\\/uploads\\\/2022\\\/01\\\/Logo_Organisator_Website.png\",\"width\":800,\"height\":77,\"caption\":\"Organisator\"},\"image\":{\"@id\":\"https:\\\/\\\/www.organisator.ch\\\/#\\\/schema\\\/logo\\\/image\\\/\"},\"sameAs\":[\"https:\\\/\\\/www.facebook.com\\\/OrganisatorFachmagazin\",\"https:\\\/\\\/www.linkedin.com\\\/showcase\\\/organisator-das-magazin-fr-kmu\",\"https:\\\/\\\/www.xing.com\\\/news\\\/pages\\\/organisator-ch-695\",\"https:\\\/\\\/www.youtube.com\\\/channel\\\/UCGP2Sq0iWaZwT3BdIAQFYpw\"]},{\"@type\":\"Person\",\"@id\":\"https:\\\/\\\/www.organisator.ch\\\/#\\\/schema\\\/person\\\/6f650f90b2842cd4c0cc334b4e36f67e\",\"name\":\"thomas.berner\",\"image\":{\"@type\":\"ImageObject\",\"inLanguage\":\"it-IT\",\"@id\":\"https:\\\/\\\/secure.gravatar.com\\\/avatar\\\/ac5001d2a36cb6c6cd3e50789007ffca834b477b74a2144564522e944eabff61?s=96&d=mm&r=g\",\"url\":\"https:\\\/\\\/secure.gravatar.com\\\/avatar\\\/ac5001d2a36cb6c6cd3e50789007ffca834b477b74a2144564522e944eabff61?s=96&d=mm&r=g\",\"contentUrl\":\"https:\\\/\\\/secure.gravatar.com\\\/avatar\\\/ac5001d2a36cb6c6cd3e50789007ffca834b477b74a2144564522e944eabff61?s=96&d=mm&r=g\",\"caption\":\"thomas.berner\"},\"url\":\"https:\\\/\\\/www.organisator.ch\\\/it\\\/author\\\/thomas-berner\\\/\"}]}<\/script>\n<!-- \/ Yoast SEO plugin. -->","yoast_head_json":{"title":"Il mondo del lavoro del futuro: c'\u00e8 ancora molto da fare - Organizzatore","description":"La 62a IST Techno-Ap\u00e9ro si \u00e8 svolta a Neuhausen a. Rhf. il 17 giugno 2019. Il tema era: \"Mondo del lavoro digitale - Cosa fa girare l'economia di domani?\".","robots":{"index":"index","follow":"follow","max-snippet":"max-snippet:-1","max-image-preview":"max-image-preview:large","max-video-preview":"max-video-preview:-1"},"canonical":"https:\/\/www.organisator.ch\/it\/gestione-2\/2019-06-19\/arbeitswelt-der-zukunft-es-gibt-noch-viel-zu-tun\/","og_locale":"it_IT","og_type":"article","og_title":"Arbeitswelt der Zukunft: Es gibt noch viel zu tun","og_description":"Am 17. Juni 2019 fand in Neuhausen a. Rhf. der 62. IST Techno-Ap\u00e9ro statt. Das Thema lautete: \u00abDigitale Arbeitswelt \u2013 Wie tickt die Wirtschaft von morgen?\u00bb","og_url":"https:\/\/www.organisator.ch\/it\/gestione-2\/2019-06-19\/arbeitswelt-der-zukunft-es-gibt-noch-viel-zu-tun\/","og_site_name":"Organisator","article_publisher":"https:\/\/www.facebook.com\/OrganisatorFachmagazin","article_published_time":"2019-06-19T14:23:10+00:00","og_image":[{"width":680,"height":958,"url":"https:\/\/www.organisator.ch\/wp-content\/uploads\/2019\/06\/Arbeitswelt-der-Zukunft-Es-gibt-noch-viel-zu-tun-2_Organisator.jpg","type":"image\/jpeg"}],"author":"thomas.berner","twitter_card":"summary_large_image","twitter_title":"#Arbeitswelt der Zukunft: Es gibt noch viel zu tun","twitter_description":"Am 17. Juni 2019 fand in Neuhausen a. Rhf. der 62. IST Techno-Ap\u00e9ro statt. Das Thema lautete: \u00abDigitale Arbeitswelt \u2013 Wie tickt die Wirtschaft von morgen?\u00bb","twitter_image":"https:\/\/www.organisator.ch\/wp-content\/uploads\/2019\/06\/Arbeitswelt-der-Zukunft-Es-gibt-noch-viel-zu-tun-2_Organisator.jpg","schema":{"@context":"https:\/\/schema.org","@graph":[{"@type":"Article","@id":"https:\/\/www.organisator.ch\/management\/2019-06-19\/arbeitswelt-der-zukunft-es-gibt-noch-viel-zu-tun\/#article","isPartOf":{"@id":"https:\/\/www.organisator.ch\/management\/2019-06-19\/arbeitswelt-der-zukunft-es-gibt-noch-viel-zu-tun\/"},"author":{"name":"thomas.berner","@id":"https:\/\/www.organisator.ch\/#\/schema\/person\/6f650f90b2842cd4c0cc334b4e36f67e"},"headline":"Arbeitswelt der Zukunft: Es gibt noch viel zu tun","datePublished":"2019-06-19T14:23:10+00:00","mainEntityOfPage":{"@id":"https:\/\/www.organisator.ch\/management\/2019-06-19\/arbeitswelt-der-zukunft-es-gibt-noch-viel-zu-tun\/"},"wordCount":559,"commentCount":0,"publisher":{"@id":"https:\/\/www.organisator.ch\/#organization"},"image":{"@id":"https:\/\/www.organisator.ch\/management\/2019-06-19\/arbeitswelt-der-zukunft-es-gibt-noch-viel-zu-tun\/#primaryimage"},"thumbnailUrl":"https:\/\/www.organisator.ch\/wp-content\/uploads\/2019\/06\/Arbeitswelt-der-Zukunft-Es-gibt-noch-viel-zu-tun-2_Organisator.jpg","keywords":["Digitalisierung","Management und Unternehmensf\u00fchrung","Studie","Wissenschaft"],"articleSection":["MANAGEMENT"],"inLanguage":"it-IT"},{"@type":"WebPage","@id":"https:\/\/www.organisator.ch\/management\/2019-06-19\/arbeitswelt-der-zukunft-es-gibt-noch-viel-zu-tun\/","url":"https:\/\/www.organisator.ch\/management\/2019-06-19\/arbeitswelt-der-zukunft-es-gibt-noch-viel-zu-tun\/","name":"Il mondo del lavoro del futuro: c'\u00e8 ancora molto da fare - Organizzatore","isPartOf":{"@id":"https:\/\/www.organisator.ch\/#website"},"primaryImageOfPage":{"@id":"https:\/\/www.organisator.ch\/management\/2019-06-19\/arbeitswelt-der-zukunft-es-gibt-noch-viel-zu-tun\/#primaryimage"},"image":{"@id":"https:\/\/www.organisator.ch\/management\/2019-06-19\/arbeitswelt-der-zukunft-es-gibt-noch-viel-zu-tun\/#primaryimage"},"thumbnailUrl":"https:\/\/www.organisator.ch\/wp-content\/uploads\/2019\/06\/Arbeitswelt-der-Zukunft-Es-gibt-noch-viel-zu-tun-2_Organisator.jpg","datePublished":"2019-06-19T14:23:10+00:00","description":"La 62a IST Techno-Ap\u00e9ro si \u00e8 svolta a Neuhausen a. Rhf. il 17 giugno 2019. Il tema era: \"Mondo del lavoro digitale - Cosa fa girare l'economia di domani?\".","breadcrumb":{"@id":"https:\/\/www.organisator.ch\/management\/2019-06-19\/arbeitswelt-der-zukunft-es-gibt-noch-viel-zu-tun\/#breadcrumb"},"inLanguage":"it-IT","potentialAction":[{"@type":"ReadAction","target":["https:\/\/www.organisator.ch\/management\/2019-06-19\/arbeitswelt-der-zukunft-es-gibt-noch-viel-zu-tun\/"]}]},{"@type":"ImageObject","inLanguage":"it-IT","@id":"https:\/\/www.organisator.ch\/management\/2019-06-19\/arbeitswelt-der-zukunft-es-gibt-noch-viel-zu-tun\/#primaryimage","url":"https:\/\/www.organisator.ch\/wp-content\/uploads\/2019\/06\/Arbeitswelt-der-Zukunft-Es-gibt-noch-viel-zu-tun-2_Organisator.jpg","contentUrl":"https:\/\/www.organisator.ch\/wp-content\/uploads\/2019\/06\/Arbeitswelt-der-Zukunft-Es-gibt-noch-viel-zu-tun-2_Organisator.jpg","width":680,"height":958},{"@type":"BreadcrumbList","@id":"https:\/\/www.organisator.ch\/management\/2019-06-19\/arbeitswelt-der-zukunft-es-gibt-noch-viel-zu-tun\/#breadcrumb","itemListElement":[{"@type":"ListItem","position":1,"name":"Home","item":"https:\/\/www.organisator.ch\/"},{"@type":"ListItem","position":2,"name":"Arbeitswelt der Zukunft: Es gibt noch viel zu tun"}]},{"@type":"WebSite","@id":"https:\/\/www.organisator.ch\/#website","url":"https:\/\/www.organisator.ch\/","name":"Organizzatore","description":"Competente. Pratico. In 10 numeri all'anno, ORGANISATOR presenta i temi essenziali per i manager delle PMI.","publisher":{"@id":"https:\/\/www.organisator.ch\/#organization"},"potentialAction":[{"@type":"SearchAction","target":{"@type":"EntryPoint","urlTemplate":"https:\/\/www.organisator.ch\/?s={search_term_string}"},"query-input":{"@type":"PropertyValueSpecification","valueRequired":true,"valueName":"search_term_string"}}],"inLanguage":"it-IT"},{"@type":"Organization","@id":"https:\/\/www.organisator.ch\/#organization","name":"Organizzatore","url":"https:\/\/www.organisator.ch\/","logo":{"@type":"ImageObject","inLanguage":"it-IT","@id":"https:\/\/www.organisator.ch\/#\/schema\/logo\/image\/","url":"https:\/\/www.organisator.ch\/wp-content\/uploads\/2022\/01\/Logo_Organisator_Website.png","contentUrl":"https:\/\/www.organisator.ch\/wp-content\/uploads\/2022\/01\/Logo_Organisator_Website.png","width":800,"height":77,"caption":"Organisator"},"image":{"@id":"https:\/\/www.organisator.ch\/#\/schema\/logo\/image\/"},"sameAs":["https:\/\/www.facebook.com\/OrganisatorFachmagazin","https:\/\/www.linkedin.com\/showcase\/organisator-das-magazin-fr-kmu","https:\/\/www.xing.com\/news\/pages\/organisator-ch-695","https:\/\/www.youtube.com\/channel\/UCGP2Sq0iWaZwT3BdIAQFYpw"]},{"@type":"Person","@id":"https:\/\/www.organisator.ch\/#\/schema\/person\/6f650f90b2842cd4c0cc334b4e36f67e","name":"Tommaso.berner","image":{"@type":"ImageObject","inLanguage":"it-IT","@id":"https:\/\/secure.gravatar.com\/avatar\/ac5001d2a36cb6c6cd3e50789007ffca834b477b74a2144564522e944eabff61?s=96&d=mm&r=g","url":"https:\/\/secure.gravatar.com\/avatar\/ac5001d2a36cb6c6cd3e50789007ffca834b477b74a2144564522e944eabff61?s=96&d=mm&r=g","contentUrl":"https:\/\/secure.gravatar.com\/avatar\/ac5001d2a36cb6c6cd3e50789007ffca834b477b74a2144564522e944eabff61?s=96&d=mm&r=g","caption":"thomas.berner"},"url":"https:\/\/www.organisator.ch\/it\/author\/thomas-berner\/"}]}},"_links":{"self":[{"href":"https:\/\/www.organisator.ch\/it\/wp-json\/wp\/v2\/posts\/5418","targetHints":{"allow":["GET"]}}],"collection":[{"href":"https:\/\/www.organisator.ch\/it\/wp-json\/wp\/v2\/posts"}],"about":[{"href":"https:\/\/www.organisator.ch\/it\/wp-json\/wp\/v2\/types\/post"}],"author":[{"embeddable":true,"href":"https:\/\/www.organisator.ch\/it\/wp-json\/wp\/v2\/users\/4"}],"replies":[{"embeddable":true,"href":"https:\/\/www.organisator.ch\/it\/wp-json\/wp\/v2\/comments?post=5418"}],"version-history":[{"count":0,"href":"https:\/\/www.organisator.ch\/it\/wp-json\/wp\/v2\/posts\/5418\/revisions"}],"wp:featuredmedia":[{"embeddable":true,"href":"https:\/\/www.organisator.ch\/it\/wp-json\/wp\/v2\/media\/5420"}],"wp:attachment":[{"href":"https:\/\/www.organisator.ch\/it\/wp-json\/wp\/v2\/media?parent=5418"}],"wp:term":[{"taxonomy":"category","embeddable":true,"href":"https:\/\/www.organisator.ch\/it\/wp-json\/wp\/v2\/categories?post=5418"},{"taxonomy":"post_tag","embeddable":true,"href":"https:\/\/www.organisator.ch\/it\/wp-json\/wp\/v2\/tags?post=5418"}],"curies":[{"name":"wp","href":"https:\/\/api.w.org\/{rel}","templated":true}]}}