{"id":5435,"date":"2019-06-25T08:20:08","date_gmt":"2019-06-25T06:20:08","guid":{"rendered":"https:\/\/www.organisator.ch\/?p=5435"},"modified":"2019-06-25T08:20:08","modified_gmt":"2019-06-25T06:20:08","slug":"alpensymposium-verspricht-nach-boxenstopp-2020-wieder-erlebnis","status":"publish","type":"post","link":"https:\/\/www.organisator.ch\/it\/allgemein\/2019-06-25\/alpensymposium-verspricht-nach-boxenstopp-2020-wieder-erlebnis\/","title":{"rendered":"Alpine Symposium promette di nuovo esperienza dopo il pit stop nel 2020"},"content":{"rendered":"<figure id=\"attachment_5436\" aria-describedby=\"caption-attachment-5436\" style=\"width: 680px\" class=\"wp-caption alignnone\"><img loading=\"lazy\" decoding=\"async\" class=\"size-medium wp-image-5436\" src=\"https:\/\/www.organisator.ch\/wp-content\/uploads\/2019\/06\/Alpensymposium-verspricht-nach-Boxenstopp-2020-wieder-Erlebnis-1_Organisator.jpg\" alt=\"\" width=\"680\" height=\"375\" srcset=\"https:\/\/www.organisator.ch\/wp-content\/uploads\/2019\/06\/Alpensymposium-verspricht-nach-Boxenstopp-2020-wieder-Erlebnis-1_Organisator.jpg 680w, https:\/\/www.organisator.ch\/wp-content\/uploads\/2019\/06\/Alpensymposium-verspricht-nach-Boxenstopp-2020-wieder-Erlebnis-1_Organisator-16x9.jpg 16w, https:\/\/www.organisator.ch\/wp-content\/uploads\/2019\/06\/Alpensymposium-verspricht-nach-Boxenstopp-2020-wieder-Erlebnis-1_Organisator-317x175.jpg 317w, https:\/\/www.organisator.ch\/wp-content\/uploads\/2019\/06\/Alpensymposium-verspricht-nach-Boxenstopp-2020-wieder-Erlebnis-1_Organisator-635x350.jpg 635w, https:\/\/www.organisator.ch\/wp-content\/uploads\/2019\/06\/Alpensymposium-verspricht-nach-Boxenstopp-2020-wieder-Erlebnis-1_Organisator-300x165.jpg 300w\" sizes=\"auto, (max-width: 680px) 100vw, 680px\" \/><figcaption id=\"caption-attachment-5436\" class=\"wp-caption-text\">Il Simposio Alpino di Interlaken diventer\u00e0 di nuovo un'esperienza nel 2020. (Immagine: zVg)<\/figcaption><\/figure>\n<p>\"Innovazioni, creazioni ed emozioni sono gli ingredienti che mi hanno pienamente motivato ad affrontare la 17a edizione dell'Alpine Symposium dopo un anno di pausa\", spiega il fondatore e conduttore Oliver Stoldt. \"Voglio offrire ai partecipanti esperienze il 14 e 15 gennaio al Victoria-Jungfrau Grand Hotel &amp; Spa che li ispireranno sia negli affari che nella loro vita privata\". Stoldt \u00e8 convinto che un'idea frizzante, una visione, sia all'inizio di ogni successo. Non ci sono solo i Jobs, i Musk, gli Zuckerberg, i Gates e i Page che hanno innovato, ispirato e, soprattutto, condotto con intensit\u00e0 al successo globale e persino cambiato il mondo. Anche all'inizio di molte PMI e start-up di successo c'\u00e8 un lampo di ispirazione, un'intuizione che viene attuata con profitto con grande perseveranza e forza.<\/p>\n<h2>Futurista con prospettive<\/h2>\n<p>Gi\u00e0 prenotato \u00e8 Chris Riddell, un premiato futurista globale e riconosciuto oratore sulle tendenze emergenti nel mondo digitale iper-connesso. La sua esperienza globale offre prospettive e intuizioni uniche per le aziende del futuro. Con un talento per l'analisi delle tendenze, dei modelli e dei comportamenti emergenti, le intuizioni di Chris Riddell sono convincenti, stimolanti e ispiratrici. Come oratore, fornisce al pubblico gli strumenti e le conoscenze per trasformare il loro viaggio digitale in una storia di successo.<\/p>\n<figure id=\"attachment_5437\" aria-describedby=\"caption-attachment-5437\" style=\"width: 680px\" class=\"wp-caption alignnone\"><img loading=\"lazy\" decoding=\"async\" class=\"size-medium wp-image-5437\" src=\"https:\/\/www.organisator.ch\/wp-content\/uploads\/2019\/06\/Alpensymposium-verspricht-nach-Boxenstopp-2020-wieder-Erlebnis-2_Organisator.jpg\" alt=\"\" width=\"680\" height=\"542\" srcset=\"https:\/\/www.organisator.ch\/wp-content\/uploads\/2019\/06\/Alpensymposium-verspricht-nach-Boxenstopp-2020-wieder-Erlebnis-2_Organisator.jpg 680w, https:\/\/www.organisator.ch\/wp-content\/uploads\/2019\/06\/Alpensymposium-verspricht-nach-Boxenstopp-2020-wieder-Erlebnis-2_Organisator-16x12.jpg 16w, https:\/\/www.organisator.ch\/wp-content\/uploads\/2019\/06\/Alpensymposium-verspricht-nach-Boxenstopp-2020-wieder-Erlebnis-2_Organisator-220x175.jpg 220w, https:\/\/www.organisator.ch\/wp-content\/uploads\/2019\/06\/Alpensymposium-verspricht-nach-Boxenstopp-2020-wieder-Erlebnis-2_Organisator-439x350.jpg 439w, https:\/\/www.organisator.ch\/wp-content\/uploads\/2019\/06\/Alpensymposium-verspricht-nach-Boxenstopp-2020-wieder-Erlebnis-2_Organisator-300x239.jpg 300w\" sizes=\"auto, (max-width: 680px) 100vw, 680px\" \/><figcaption id=\"caption-attachment-5437\" class=\"wp-caption-text\">Oliver Stoldt ha sviluppato l'Alpine Symposium in un evento di successo per le PMI. (Immagine: zVg)<\/figcaption><\/figure>\n<h2>\u00c8 l'ora dello spettacolo...<\/h2>\n<p>Christian Lindemann \u00e8 stato un performer appassionato per 20 anni, intrattenendo e affascinando gli altri. Con 1.500 spettacoli con il Cirque du Soleil, ha celebrato il successo mondiale come il \"Re dei borseggiatori\". Come oratore, colma il divario tra i palcoscenici dello spettacolo del mondo e i palcoscenici quotidiani della vita, usando la creativit\u00e0, la passione, il coraggio, la fiducia in se stessi e la prontezza di spirito per insegnare le tecniche di un artista per conquistare le persone, ispirarle e avere un impatto.<\/p>\n<h2>Rialzarsi dopo un duro colpo del destino<\/h2>\n<p>Sulla strada per la sua terza Olimpiade e la migliore ciclista femminile di tutti i tempi, la tedesca Kristina Vogel ha subito un duro colpo nel 2018. In una collisione con un ciclista junior, ha subito fratture e lesioni multiple ed \u00e8 rimasta paraplegica. Tre mesi dopo, \u00e8 tornata al pubblico con un'intervista emotiva. Da allora, ha sfidato il suo destino e l'ha condiviso con il pubblico come modello. Con la sua contagiosa energia per la vita, \u00e8 sinonimo di fede in se stessi.<\/p>\n<h2>Nuovo moderatore<\/h2>\n<p>Il noto presentatore di SRF Tagesschau e l'esperto corrispondente estero Florian Inhauser moderer\u00e0 ora l'evento di due giorni. L'Alpine Symposium riunisce regolarmente 950 partecipanti al Victoria-Jungfrau Grand Hotel &amp; Spa di Interlaken. Tra gli imprenditori, i CEO, gli imprenditori innovativi e i rappresentanti delle PMI, l'evento si \u00e8 affermato come uno dei principali eventi per il trasferimento di conoscenze e il networking. Questo ha convinto anche UPC Business e Xing, che Oliver Stoldt \u00e8 riuscito a conquistare come presenting partner per l'Alpine Symposium. Il biglietto per l'Alpensymposium pu\u00f2 ora essere acquistato sia tramite il sito <a href=\"http:\/\/www.alpensymposium.ch\">Sito web dell'evento<\/a> e circa <a href=\"https:\/\/www.xing.com\/events\/17-alpensymposium-2020-2035837\">Xing<\/a> essere prenotato direttamente. Su questo tema, il 25 settembre 2019 si terranno a Zurigo le New Work Sessions, che XING e Premium Speakers organizzeranno e condurranno in stretta collaborazione.<\/p>","protected":false},"excerpt":{"rendered":"<p>\u00abInnovationen, Kreationen und Emotionen sind die Ingredienzen, die mich voll motiviert haben, nach einem Jahr Pause, die 17. Ausgabe des Alpensymposiums in Angriff zu nehmen\u00bb, erkl\u00e4rt der Gr\u00fcnder und Gastgeber Oliver Stoldt. \u00abIch will den Teilnehmenden am 14. und 15. Januar im Victoria-Jungfrau Grand Hotel &amp; Spa Erlebnisse bieten, die sie sowohl gesch\u00e4ftlich wie auch [&hellip;]<\/p>\n","protected":false},"author":4,"featured_media":5436,"comment_status":"open","ping_status":"open","sticky":false,"template":"","format":"standard","meta":{"_acf_changed":false,"_yoast_wpseo_focuskw":"Alpensymposium","_yoast_wpseo_metadesc":"Nach einem einj\u00e4hrigen Boxenstopp ist das Alpensymposium 2020 wieder mit Vollgas am Start. Mit dabei sind ein neuer Moderator sowie erste Referenten.","articlekey":"","footnotes":""},"categories":[1],"tags":[193,393,468,508],"class_list":["post-5435","post","type-post","status-publish","format-standard","has-post-thumbnail","hentry","category-allgemein","tag-fachkongressfachmesse","tag-produkte","tag-tagung","tag-vermischtes"],"acf":[],"yoast_head":"<!-- This site is optimized with the Yoast SEO plugin v27.5 - https:\/\/yoast.com\/product\/yoast-seo-wordpress\/ -->\n<title>Alpensymposium verspricht nach Boxenstopp 2020 wieder Erlebnis - Organisator<\/title>\n<meta name=\"description\" content=\"Nach einem einj\u00e4hrigen Boxenstopp ist das Alpensymposium 2020 wieder mit Vollgas am Start. Mit dabei sind ein neuer Moderator sowie erste Referenten.\" \/>\n<meta name=\"robots\" content=\"index, follow, max-snippet:-1, max-image-preview:large, max-video-preview:-1\" \/>\n<link rel=\"canonical\" href=\"https:\/\/www.organisator.ch\/it\/generale\/2019-06-25\/alpensymposium-verspricht-nach-boxenstopp-2020-wieder-erlebnis\/\" \/>\n<meta property=\"og:locale\" content=\"it_IT\" \/>\n<meta property=\"og:type\" content=\"article\" \/>\n<meta property=\"og:title\" content=\"Alpensymposium verspricht nach Boxenstopp 2020 wieder Erlebnis\" \/>\n<meta property=\"og:description\" content=\"Nach einem einj\u00e4hrigen Boxenstopp ist das Alpensymposium 2020 wieder mit Vollgas am Start. Mit dabei sind ein neuer Moderator sowie erste Referenten.\" \/>\n<meta property=\"og:url\" content=\"https:\/\/www.organisator.ch\/it\/generale\/2019-06-25\/alpensymposium-verspricht-nach-boxenstopp-2020-wieder-erlebnis\/\" \/>\n<meta property=\"og:site_name\" content=\"Organisator\" \/>\n<meta property=\"article:publisher\" content=\"https:\/\/www.facebook.com\/OrganisatorFachmagazin\" \/>\n<meta property=\"article:published_time\" content=\"2019-06-25T06:20:08+00:00\" \/>\n<meta property=\"og:image\" content=\"https:\/\/www.organisator.ch\/wp-content\/uploads\/2019\/06\/Alpensymposium-verspricht-nach-Boxenstopp-2020-wieder-Erlebnis-1_Organisator.jpg\" \/>\n\t<meta property=\"og:image:width\" content=\"680\" \/>\n\t<meta property=\"og:image:height\" content=\"375\" \/>\n\t<meta property=\"og:image:type\" content=\"image\/jpeg\" \/>\n<meta name=\"author\" content=\"thomas.berner\" \/>\n<meta name=\"twitter:card\" content=\"summary_large_image\" \/>\n<meta name=\"twitter:title\" content=\"#Alpensymposium verspricht nach Boxenstopp 2020 wieder Erlebnis\" \/>\n<meta name=\"twitter:description\" content=\"Nach einem einj\u00e4hrigen Boxenstopp ist das #Alpensymposium2020 wieder mit Vollgas am Start. Mit dabei sind ein neuer Moderator sowie erste Referenten.\" \/>\n<meta name=\"twitter:image\" content=\"https:\/\/www.organisator.ch\/wp-content\/uploads\/2019\/06\/Alpensymposium-verspricht-nach-Boxenstopp-2020-wieder-Erlebnis-1_Organisator.jpg\" \/>\n<script type=\"application\/ld+json\" class=\"yoast-schema-graph\">{\"@context\":\"https:\\\/\\\/schema.org\",\"@graph\":[{\"@type\":\"Article\",\"@id\":\"https:\\\/\\\/www.organisator.ch\\\/de\\\/allgemein\\\/2019-06-25\\\/alpensymposium-verspricht-nach-boxenstopp-2020-wieder-erlebnis\\\/#article\",\"isPartOf\":{\"@id\":\"https:\\\/\\\/www.organisator.ch\\\/de\\\/allgemein\\\/2019-06-25\\\/alpensymposium-verspricht-nach-boxenstopp-2020-wieder-erlebnis\\\/\"},\"author\":{\"name\":\"thomas.berner\",\"@id\":\"https:\\\/\\\/www.organisator.ch\\\/#\\\/schema\\\/person\\\/6f650f90b2842cd4c0cc334b4e36f67e\"},\"headline\":\"Alpensymposium verspricht nach Boxenstopp 2020 wieder Erlebnis\",\"datePublished\":\"2019-06-25T06:20:08+00:00\",\"mainEntityOfPage\":{\"@id\":\"https:\\\/\\\/www.organisator.ch\\\/de\\\/allgemein\\\/2019-06-25\\\/alpensymposium-verspricht-nach-boxenstopp-2020-wieder-erlebnis\\\/\"},\"wordCount\":553,\"commentCount\":0,\"publisher\":{\"@id\":\"https:\\\/\\\/www.organisator.ch\\\/#organization\"},\"image\":{\"@id\":\"https:\\\/\\\/www.organisator.ch\\\/de\\\/allgemein\\\/2019-06-25\\\/alpensymposium-verspricht-nach-boxenstopp-2020-wieder-erlebnis\\\/#primaryimage\"},\"thumbnailUrl\":\"https:\\\/\\\/www.organisator.ch\\\/wp-content\\\/uploads\\\/2019\\\/06\\\/Alpensymposium-verspricht-nach-Boxenstopp-2020-wieder-Erlebnis-1_Organisator.jpg\",\"keywords\":[\"Fachkongress\\\/Fachmesse\",\"Produkte\",\"Tagung\",\"Vermischtes\"],\"articleSection\":[\"Allgemein\"],\"inLanguage\":\"it-IT\"},{\"@type\":\"WebPage\",\"@id\":\"https:\\\/\\\/www.organisator.ch\\\/de\\\/allgemein\\\/2019-06-25\\\/alpensymposium-verspricht-nach-boxenstopp-2020-wieder-erlebnis\\\/\",\"url\":\"https:\\\/\\\/www.organisator.ch\\\/de\\\/allgemein\\\/2019-06-25\\\/alpensymposium-verspricht-nach-boxenstopp-2020-wieder-erlebnis\\\/\",\"name\":\"Alpensymposium verspricht nach Boxenstopp 2020 wieder Erlebnis - Organisator\",\"isPartOf\":{\"@id\":\"https:\\\/\\\/www.organisator.ch\\\/#website\"},\"primaryImageOfPage\":{\"@id\":\"https:\\\/\\\/www.organisator.ch\\\/de\\\/allgemein\\\/2019-06-25\\\/alpensymposium-verspricht-nach-boxenstopp-2020-wieder-erlebnis\\\/#primaryimage\"},\"image\":{\"@id\":\"https:\\\/\\\/www.organisator.ch\\\/de\\\/allgemein\\\/2019-06-25\\\/alpensymposium-verspricht-nach-boxenstopp-2020-wieder-erlebnis\\\/#primaryimage\"},\"thumbnailUrl\":\"https:\\\/\\\/www.organisator.ch\\\/wp-content\\\/uploads\\\/2019\\\/06\\\/Alpensymposium-verspricht-nach-Boxenstopp-2020-wieder-Erlebnis-1_Organisator.jpg\",\"datePublished\":\"2019-06-25T06:20:08+00:00\",\"description\":\"Nach einem einj\u00e4hrigen Boxenstopp ist das Alpensymposium 2020 wieder mit Vollgas am Start. Mit dabei sind ein neuer Moderator sowie erste Referenten.\",\"breadcrumb\":{\"@id\":\"https:\\\/\\\/www.organisator.ch\\\/de\\\/allgemein\\\/2019-06-25\\\/alpensymposium-verspricht-nach-boxenstopp-2020-wieder-erlebnis\\\/#breadcrumb\"},\"inLanguage\":\"it-IT\",\"potentialAction\":[{\"@type\":\"ReadAction\",\"target\":[\"https:\\\/\\\/www.organisator.ch\\\/de\\\/allgemein\\\/2019-06-25\\\/alpensymposium-verspricht-nach-boxenstopp-2020-wieder-erlebnis\\\/\"]}]},{\"@type\":\"ImageObject\",\"inLanguage\":\"it-IT\",\"@id\":\"https:\\\/\\\/www.organisator.ch\\\/de\\\/allgemein\\\/2019-06-25\\\/alpensymposium-verspricht-nach-boxenstopp-2020-wieder-erlebnis\\\/#primaryimage\",\"url\":\"https:\\\/\\\/www.organisator.ch\\\/wp-content\\\/uploads\\\/2019\\\/06\\\/Alpensymposium-verspricht-nach-Boxenstopp-2020-wieder-Erlebnis-1_Organisator.jpg\",\"contentUrl\":\"https:\\\/\\\/www.organisator.ch\\\/wp-content\\\/uploads\\\/2019\\\/06\\\/Alpensymposium-verspricht-nach-Boxenstopp-2020-wieder-Erlebnis-1_Organisator.jpg\",\"width\":680,\"height\":375,\"caption\":\"Das Alpensymposium im Interlaken soll 2020 wieder zu einem Erlebnis werden. (Bild: zVg)\"},{\"@type\":\"BreadcrumbList\",\"@id\":\"https:\\\/\\\/www.organisator.ch\\\/de\\\/allgemein\\\/2019-06-25\\\/alpensymposium-verspricht-nach-boxenstopp-2020-wieder-erlebnis\\\/#breadcrumb\",\"itemListElement\":[{\"@type\":\"ListItem\",\"position\":1,\"name\":\"Home\",\"item\":\"https:\\\/\\\/www.organisator.ch\\\/\"},{\"@type\":\"ListItem\",\"position\":2,\"name\":\"Alpensymposium verspricht nach Boxenstopp 2020 wieder Erlebnis\"}]},{\"@type\":\"WebSite\",\"@id\":\"https:\\\/\\\/www.organisator.ch\\\/#website\",\"url\":\"https:\\\/\\\/www.organisator.ch\\\/\",\"name\":\"Organisator\",\"description\":\"Kompetent. Praxisnah. Der ORGANISATOR bereitet in 10 Ausgaben pro Jahr die wesentlichen Themen f\u00fcr F\u00fchrungskr\u00e4fte von KMU auf.\",\"publisher\":{\"@id\":\"https:\\\/\\\/www.organisator.ch\\\/#organization\"},\"potentialAction\":[{\"@type\":\"SearchAction\",\"target\":{\"@type\":\"EntryPoint\",\"urlTemplate\":\"https:\\\/\\\/www.organisator.ch\\\/?s={search_term_string}\"},\"query-input\":{\"@type\":\"PropertyValueSpecification\",\"valueRequired\":true,\"valueName\":\"search_term_string\"}}],\"inLanguage\":\"it-IT\"},{\"@type\":\"Organization\",\"@id\":\"https:\\\/\\\/www.organisator.ch\\\/#organization\",\"name\":\"Organisator\",\"url\":\"https:\\\/\\\/www.organisator.ch\\\/\",\"logo\":{\"@type\":\"ImageObject\",\"inLanguage\":\"it-IT\",\"@id\":\"https:\\\/\\\/www.organisator.ch\\\/#\\\/schema\\\/logo\\\/image\\\/\",\"url\":\"https:\\\/\\\/www.organisator.ch\\\/wp-content\\\/uploads\\\/2022\\\/01\\\/Logo_Organisator_Website.png\",\"contentUrl\":\"https:\\\/\\\/www.organisator.ch\\\/wp-content\\\/uploads\\\/2022\\\/01\\\/Logo_Organisator_Website.png\",\"width\":800,\"height\":77,\"caption\":\"Organisator\"},\"image\":{\"@id\":\"https:\\\/\\\/www.organisator.ch\\\/#\\\/schema\\\/logo\\\/image\\\/\"},\"sameAs\":[\"https:\\\/\\\/www.facebook.com\\\/OrganisatorFachmagazin\",\"https:\\\/\\\/www.linkedin.com\\\/showcase\\\/organisator-das-magazin-fr-kmu\",\"https:\\\/\\\/www.xing.com\\\/news\\\/pages\\\/organisator-ch-695\",\"https:\\\/\\\/www.youtube.com\\\/channel\\\/UCGP2Sq0iWaZwT3BdIAQFYpw\"]},{\"@type\":\"Person\",\"@id\":\"https:\\\/\\\/www.organisator.ch\\\/#\\\/schema\\\/person\\\/6f650f90b2842cd4c0cc334b4e36f67e\",\"name\":\"thomas.berner\",\"image\":{\"@type\":\"ImageObject\",\"inLanguage\":\"it-IT\",\"@id\":\"https:\\\/\\\/secure.gravatar.com\\\/avatar\\\/ac5001d2a36cb6c6cd3e50789007ffca834b477b74a2144564522e944eabff61?s=96&d=mm&r=g\",\"url\":\"https:\\\/\\\/secure.gravatar.com\\\/avatar\\\/ac5001d2a36cb6c6cd3e50789007ffca834b477b74a2144564522e944eabff61?s=96&d=mm&r=g\",\"contentUrl\":\"https:\\\/\\\/secure.gravatar.com\\\/avatar\\\/ac5001d2a36cb6c6cd3e50789007ffca834b477b74a2144564522e944eabff61?s=96&d=mm&r=g\",\"caption\":\"thomas.berner\"},\"url\":\"https:\\\/\\\/www.organisator.ch\\\/it\\\/author\\\/thomas-berner\\\/\"}]}<\/script>\n<!-- \/ Yoast SEO plugin. -->","yoast_head_json":{"title":"Il Simposio delle Alpi promette di tornare a fare esperienza dopo il pit stop del 2020 - Organizzatore","description":"Dopo un pit-stop di un anno, l'Alpine Symposium 2020 \u00e8 tornato a pieno regime. Un nuovo moderatore e i primi relatori sono a bordo.","robots":{"index":"index","follow":"follow","max-snippet":"max-snippet:-1","max-image-preview":"max-image-preview:large","max-video-preview":"max-video-preview:-1"},"canonical":"https:\/\/www.organisator.ch\/it\/generale\/2019-06-25\/alpensymposium-verspricht-nach-boxenstopp-2020-wieder-erlebnis\/","og_locale":"it_IT","og_type":"article","og_title":"Alpensymposium verspricht nach Boxenstopp 2020 wieder Erlebnis","og_description":"Nach einem einj\u00e4hrigen Boxenstopp ist das Alpensymposium 2020 wieder mit Vollgas am Start. Mit dabei sind ein neuer Moderator sowie erste Referenten.","og_url":"https:\/\/www.organisator.ch\/it\/generale\/2019-06-25\/alpensymposium-verspricht-nach-boxenstopp-2020-wieder-erlebnis\/","og_site_name":"Organisator","article_publisher":"https:\/\/www.facebook.com\/OrganisatorFachmagazin","article_published_time":"2019-06-25T06:20:08+00:00","og_image":[{"width":680,"height":375,"url":"https:\/\/www.organisator.ch\/wp-content\/uploads\/2019\/06\/Alpensymposium-verspricht-nach-Boxenstopp-2020-wieder-Erlebnis-1_Organisator.jpg","type":"image\/jpeg"}],"author":"thomas.berner","twitter_card":"summary_large_image","twitter_title":"#Alpensymposium verspricht nach Boxenstopp 2020 wieder Erlebnis","twitter_description":"Nach einem einj\u00e4hrigen Boxenstopp ist das #Alpensymposium2020 wieder mit Vollgas am Start. Mit dabei sind ein neuer Moderator sowie erste Referenten.","twitter_image":"https:\/\/www.organisator.ch\/wp-content\/uploads\/2019\/06\/Alpensymposium-verspricht-nach-Boxenstopp-2020-wieder-Erlebnis-1_Organisator.jpg","schema":{"@context":"https:\/\/schema.org","@graph":[{"@type":"Article","@id":"https:\/\/www.organisator.ch\/de\/allgemein\/2019-06-25\/alpensymposium-verspricht-nach-boxenstopp-2020-wieder-erlebnis\/#article","isPartOf":{"@id":"https:\/\/www.organisator.ch\/de\/allgemein\/2019-06-25\/alpensymposium-verspricht-nach-boxenstopp-2020-wieder-erlebnis\/"},"author":{"name":"thomas.berner","@id":"https:\/\/www.organisator.ch\/#\/schema\/person\/6f650f90b2842cd4c0cc334b4e36f67e"},"headline":"Alpensymposium verspricht nach Boxenstopp 2020 wieder Erlebnis","datePublished":"2019-06-25T06:20:08+00:00","mainEntityOfPage":{"@id":"https:\/\/www.organisator.ch\/de\/allgemein\/2019-06-25\/alpensymposium-verspricht-nach-boxenstopp-2020-wieder-erlebnis\/"},"wordCount":553,"commentCount":0,"publisher":{"@id":"https:\/\/www.organisator.ch\/#organization"},"image":{"@id":"https:\/\/www.organisator.ch\/de\/allgemein\/2019-06-25\/alpensymposium-verspricht-nach-boxenstopp-2020-wieder-erlebnis\/#primaryimage"},"thumbnailUrl":"https:\/\/www.organisator.ch\/wp-content\/uploads\/2019\/06\/Alpensymposium-verspricht-nach-Boxenstopp-2020-wieder-Erlebnis-1_Organisator.jpg","keywords":["Fachkongress\/Fachmesse","Produkte","Tagung","Vermischtes"],"articleSection":["Allgemein"],"inLanguage":"it-IT"},{"@type":"WebPage","@id":"https:\/\/www.organisator.ch\/de\/allgemein\/2019-06-25\/alpensymposium-verspricht-nach-boxenstopp-2020-wieder-erlebnis\/","url":"https:\/\/www.organisator.ch\/de\/allgemein\/2019-06-25\/alpensymposium-verspricht-nach-boxenstopp-2020-wieder-erlebnis\/","name":"Il Simposio delle Alpi promette di tornare a fare esperienza dopo il pit stop del 2020 - Organizzatore","isPartOf":{"@id":"https:\/\/www.organisator.ch\/#website"},"primaryImageOfPage":{"@id":"https:\/\/www.organisator.ch\/de\/allgemein\/2019-06-25\/alpensymposium-verspricht-nach-boxenstopp-2020-wieder-erlebnis\/#primaryimage"},"image":{"@id":"https:\/\/www.organisator.ch\/de\/allgemein\/2019-06-25\/alpensymposium-verspricht-nach-boxenstopp-2020-wieder-erlebnis\/#primaryimage"},"thumbnailUrl":"https:\/\/www.organisator.ch\/wp-content\/uploads\/2019\/06\/Alpensymposium-verspricht-nach-Boxenstopp-2020-wieder-Erlebnis-1_Organisator.jpg","datePublished":"2019-06-25T06:20:08+00:00","description":"Dopo un pit-stop di un anno, l'Alpine Symposium 2020 \u00e8 tornato a pieno regime. Un nuovo moderatore e i primi relatori sono a bordo.","breadcrumb":{"@id":"https:\/\/www.organisator.ch\/de\/allgemein\/2019-06-25\/alpensymposium-verspricht-nach-boxenstopp-2020-wieder-erlebnis\/#breadcrumb"},"inLanguage":"it-IT","potentialAction":[{"@type":"ReadAction","target":["https:\/\/www.organisator.ch\/de\/allgemein\/2019-06-25\/alpensymposium-verspricht-nach-boxenstopp-2020-wieder-erlebnis\/"]}]},{"@type":"ImageObject","inLanguage":"it-IT","@id":"https:\/\/www.organisator.ch\/de\/allgemein\/2019-06-25\/alpensymposium-verspricht-nach-boxenstopp-2020-wieder-erlebnis\/#primaryimage","url":"https:\/\/www.organisator.ch\/wp-content\/uploads\/2019\/06\/Alpensymposium-verspricht-nach-Boxenstopp-2020-wieder-Erlebnis-1_Organisator.jpg","contentUrl":"https:\/\/www.organisator.ch\/wp-content\/uploads\/2019\/06\/Alpensymposium-verspricht-nach-Boxenstopp-2020-wieder-Erlebnis-1_Organisator.jpg","width":680,"height":375,"caption":"Das Alpensymposium im Interlaken soll 2020 wieder zu einem Erlebnis werden. (Bild: zVg)"},{"@type":"BreadcrumbList","@id":"https:\/\/www.organisator.ch\/de\/allgemein\/2019-06-25\/alpensymposium-verspricht-nach-boxenstopp-2020-wieder-erlebnis\/#breadcrumb","itemListElement":[{"@type":"ListItem","position":1,"name":"Home","item":"https:\/\/www.organisator.ch\/"},{"@type":"ListItem","position":2,"name":"Alpensymposium verspricht nach Boxenstopp 2020 wieder Erlebnis"}]},{"@type":"WebSite","@id":"https:\/\/www.organisator.ch\/#website","url":"https:\/\/www.organisator.ch\/","name":"Organizzatore","description":"Competente. Pratico. In 10 numeri all'anno, ORGANISATOR presenta i temi essenziali per i manager delle PMI.","publisher":{"@id":"https:\/\/www.organisator.ch\/#organization"},"potentialAction":[{"@type":"SearchAction","target":{"@type":"EntryPoint","urlTemplate":"https:\/\/www.organisator.ch\/?s={search_term_string}"},"query-input":{"@type":"PropertyValueSpecification","valueRequired":true,"valueName":"search_term_string"}}],"inLanguage":"it-IT"},{"@type":"Organization","@id":"https:\/\/www.organisator.ch\/#organization","name":"Organizzatore","url":"https:\/\/www.organisator.ch\/","logo":{"@type":"ImageObject","inLanguage":"it-IT","@id":"https:\/\/www.organisator.ch\/#\/schema\/logo\/image\/","url":"https:\/\/www.organisator.ch\/wp-content\/uploads\/2022\/01\/Logo_Organisator_Website.png","contentUrl":"https:\/\/www.organisator.ch\/wp-content\/uploads\/2022\/01\/Logo_Organisator_Website.png","width":800,"height":77,"caption":"Organisator"},"image":{"@id":"https:\/\/www.organisator.ch\/#\/schema\/logo\/image\/"},"sameAs":["https:\/\/www.facebook.com\/OrganisatorFachmagazin","https:\/\/www.linkedin.com\/showcase\/organisator-das-magazin-fr-kmu","https:\/\/www.xing.com\/news\/pages\/organisator-ch-695","https:\/\/www.youtube.com\/channel\/UCGP2Sq0iWaZwT3BdIAQFYpw"]},{"@type":"Person","@id":"https:\/\/www.organisator.ch\/#\/schema\/person\/6f650f90b2842cd4c0cc334b4e36f67e","name":"Tommaso.berner","image":{"@type":"ImageObject","inLanguage":"it-IT","@id":"https:\/\/secure.gravatar.com\/avatar\/ac5001d2a36cb6c6cd3e50789007ffca834b477b74a2144564522e944eabff61?s=96&d=mm&r=g","url":"https:\/\/secure.gravatar.com\/avatar\/ac5001d2a36cb6c6cd3e50789007ffca834b477b74a2144564522e944eabff61?s=96&d=mm&r=g","contentUrl":"https:\/\/secure.gravatar.com\/avatar\/ac5001d2a36cb6c6cd3e50789007ffca834b477b74a2144564522e944eabff61?s=96&d=mm&r=g","caption":"thomas.berner"},"url":"https:\/\/www.organisator.ch\/it\/author\/thomas-berner\/"}]}},"_links":{"self":[{"href":"https:\/\/www.organisator.ch\/it\/wp-json\/wp\/v2\/posts\/5435","targetHints":{"allow":["GET"]}}],"collection":[{"href":"https:\/\/www.organisator.ch\/it\/wp-json\/wp\/v2\/posts"}],"about":[{"href":"https:\/\/www.organisator.ch\/it\/wp-json\/wp\/v2\/types\/post"}],"author":[{"embeddable":true,"href":"https:\/\/www.organisator.ch\/it\/wp-json\/wp\/v2\/users\/4"}],"replies":[{"embeddable":true,"href":"https:\/\/www.organisator.ch\/it\/wp-json\/wp\/v2\/comments?post=5435"}],"version-history":[{"count":0,"href":"https:\/\/www.organisator.ch\/it\/wp-json\/wp\/v2\/posts\/5435\/revisions"}],"wp:featuredmedia":[{"embeddable":true,"href":"https:\/\/www.organisator.ch\/it\/wp-json\/wp\/v2\/media\/5436"}],"wp:attachment":[{"href":"https:\/\/www.organisator.ch\/it\/wp-json\/wp\/v2\/media?parent=5435"}],"wp:term":[{"taxonomy":"category","embeddable":true,"href":"https:\/\/www.organisator.ch\/it\/wp-json\/wp\/v2\/categories?post=5435"},{"taxonomy":"post_tag","embeddable":true,"href":"https:\/\/www.organisator.ch\/it\/wp-json\/wp\/v2\/tags?post=5435"}],"curies":[{"name":"wp","href":"https:\/\/api.w.org\/{rel}","templated":true}]}}