{"id":544,"date":"2016-06-02T11:40:26","date_gmt":"2016-06-02T09:40:26","guid":{"rendered":"http:\/\/dev.organisator.ch\/?p=544"},"modified":"2016-06-02T11:40:26","modified_gmt":"2016-06-02T09:40:26","slug":"obt-ag-regelt-nachfolge","status":"publish","type":"post","link":"https:\/\/www.organisator.ch\/it\/allgemein\/2016-06-02\/obt-ag-regelt-nachfolge\/","title":{"rendered":"OBT AG regola la successione"},"content":{"rendered":"<figure id=\"attachment_545\" aria-describedby=\"caption-attachment-545\" style=\"width: 520px\" class=\"wp-caption alignnone\"><img loading=\"lazy\" decoding=\"async\" class=\"size-full wp-image-545\" src=\"https:\/\/www.organisator.ch\/wp-content\/uploads\/2016\/12\/OBT-AG-regelt-Nachfolge-organisator.jpg\" alt=\"\" width=\"520\" height=\"520\" srcset=\"https:\/\/www.organisator.ch\/wp-content\/uploads\/2016\/12\/OBT-AG-regelt-Nachfolge-organisator.jpg 520w, https:\/\/www.organisator.ch\/wp-content\/uploads\/2016\/12\/OBT-AG-regelt-Nachfolge-organisator-150x150.jpg 150w, https:\/\/www.organisator.ch\/wp-content\/uploads\/2016\/12\/OBT-AG-regelt-Nachfolge-organisator-12x12.jpg 12w, https:\/\/www.organisator.ch\/wp-content\/uploads\/2016\/12\/OBT-AG-regelt-Nachfolge-organisator-175x175.jpg 175w, https:\/\/www.organisator.ch\/wp-content\/uploads\/2016\/12\/OBT-AG-regelt-Nachfolge-organisator-350x350.jpg 350w, https:\/\/www.organisator.ch\/wp-content\/uploads\/2016\/12\/OBT-AG-regelt-Nachfolge-organisator-250x250.jpg 250w, https:\/\/www.organisator.ch\/wp-content\/uploads\/2016\/12\/OBT-AG-regelt-Nachfolge-organisator-300x300.jpg 300w, https:\/\/www.organisator.ch\/wp-content\/uploads\/2016\/12\/OBT-AG-regelt-Nachfolge-organisator-100x100.jpg 100w\" sizes=\"auto, (max-width: 520px) 100vw, 520px\" \/><figcaption id=\"caption-attachment-545\" class=\"wp-caption-text\">Thomas Z\u00fcger, CEO designato della OBT AG.<\/figcaption><\/figure>\n<p>Thomas Kade andr\u00e0 in pensione alla fine di settembre 2017 dopo pi\u00f9 di 15 anni come CEO. Per questo motivo, l'assemblea dei soci OBT del 31 maggio 2016 ha eletto Thomas Z\u00fcger come suo successore a partire dal 1\u00b0 ottobre 2017.<\/p>\n<p>Thomas Z\u00fcger (nato nel 1968) \u00e8 un esperto fiduciario certificato ed economista aziendale. Il 1\u00b0 giugno 1996 \u00e8 entrato nell'allora OBT Treuhand AG come giovane consulente di gestione. Negli anni seguenti, ha costruito una clientela fedele grazie alla competenza e alla professionalit\u00e0. Nel 2000 Thomas Z\u00fcger \u00e8 stato promosso a membro della direzione e nel 2003 a responsabile dei servizi fiduciari a Svitto; nel 2008 \u00e8 stato nominato membro della direzione. Negli ultimi anni, ha potuto utilizzare i suoi punti di forza nella consulenza fiduciaria e fiscale per le PMI. Grazie alla sua esperienza bancaria pluriennale, supporta anche i clienti nelle questioni di finanziamento e nella pianificazione della successione. La carriera di Thomas Z\u00fcger gli ha dato le qualifiche ideali per dirigere un'azienda di consulenza e IT come OBT, secondo un comunicato della societ\u00e0.<\/p>\n<p><em>Fonte: <a href=\"http:\/\/www.obt.ch\" target=\"_blank\" data-cke-saved-href=\"http:\/\/www.obt.ch\" rel=\"noopener\">OBT AG<\/a><\/em><\/p>","protected":false},"excerpt":{"rendered":"<p>Thomas Kade wird per Ende September 2017 nach \u00fcber 15 Jahren T\u00e4tigkeit als CEO altershalber zur\u00fccktreten. Aus diesem Grund hat die OBT Partnerversammlung vom 31. Mai 2016 Thomas Z\u00fcger als Nachfolger per 1. Oktober 2017 gew\u00e4hlt. Thomas Z\u00fcger (Jahrgang 1968) ist dipl. Treuhandexperte und Betriebs\u00f6konom. Am 1. Juni 1996 trat er als junger Unternehmensberater in [&hellip;]<\/p>\n","protected":false},"author":1,"featured_media":545,"comment_status":"open","ping_status":"open","sticky":false,"template":"","format":"standard","meta":{"_acf_changed":false,"_yoast_wpseo_focuskw":"OBT AG","_yoast_wpseo_metadesc":"Thomas Z\u00fcger wurde an der Partnerversammlung vom 31. Mai 2016 als Nachfolger von Thomas Kade (amtierender CEO der OBT AG) per 1. Oktober 2017 gew\u00e4hlt.","articlekey":"","footnotes":""},"categories":[1],"tags":[381,492],"class_list":["post-544","post","type-post","status-publish","format-standard","has-post-thumbnail","hentry","category-allgemein","tag-personalia","tag-unternehmen"],"acf":[],"yoast_head":"<!-- This site is optimized with the Yoast SEO plugin v27.4 - https:\/\/yoast.com\/product\/yoast-seo-wordpress\/ -->\n<title>OBT AG regelt Nachfolge - Organisator<\/title>\n<meta name=\"description\" content=\"Thomas Z\u00fcger wurde an der Partnerversammlung vom 31. Mai 2016 als Nachfolger von Thomas Kade (amtierender CEO der OBT AG) per 1. Oktober 2017 gew\u00e4hlt.\" \/>\n<meta name=\"robots\" content=\"index, follow, max-snippet:-1, max-image-preview:large, max-video-preview:-1\" \/>\n<link rel=\"canonical\" href=\"https:\/\/www.organisator.ch\/it\/generale\/2016-06-02\/obt-ag-regelt-nachfolge\/\" \/>\n<meta property=\"og:locale\" content=\"it_IT\" \/>\n<meta property=\"og:type\" content=\"article\" \/>\n<meta property=\"og:title\" content=\"OBT AG regelt Nachfolge\" \/>\n<meta property=\"og:description\" content=\"Thomas Z\u00fcger wurde an der Partnerversammlung vom 31. Mai 2016 als Nachfolger von Thomas Kade (amtierender CEO der OBT AG) per 1. Oktober 2017 gew\u00e4hlt. OBT war es wichtig, die Nachfolgeplanung fr\u00fchzeitig anzugehen.\" \/>\n<meta property=\"og:url\" content=\"https:\/\/www.organisator.ch\/it\/generale\/2016-06-02\/obt-ag-regelt-nachfolge\/\" \/>\n<meta property=\"og:site_name\" content=\"Organisator\" \/>\n<meta property=\"article:publisher\" content=\"https:\/\/www.facebook.com\/OrganisatorFachmagazin\" \/>\n<meta property=\"article:published_time\" content=\"2016-06-02T09:40:26+00:00\" \/>\n<meta name=\"author\" content=\"admin\" \/>\n<meta name=\"twitter:card\" content=\"summary_large_image\" \/>\n<meta name=\"twitter:image\" content=\"https:\/\/www.organisator.ch\/wp-content\/uploads\/2016\/12\/OBT-AG-regelt-Nachfolge-organisator.jpg\" \/>\n<script type=\"application\/ld+json\" class=\"yoast-schema-graph\">{\"@context\":\"https:\\\/\\\/schema.org\",\"@graph\":[{\"@type\":\"Article\",\"@id\":\"https:\\\/\\\/www.organisator.ch\\\/fr\\\/general\\\/2016-06-02\\\/obt-ag-regelt-nachfolge\\\/#article\",\"isPartOf\":{\"@id\":\"https:\\\/\\\/www.organisator.ch\\\/fr\\\/general\\\/2016-06-02\\\/obt-ag-regelt-nachfolge\\\/\"},\"author\":{\"name\":\"admin\",\"@id\":\"https:\\\/\\\/www.organisator.ch\\\/#\\\/schema\\\/person\\\/aa2bace6c5c5aad60102004a50c4eb1c\"},\"headline\":\"OBT AG regelt Nachfolge\",\"datePublished\":\"2016-06-02T09:40:26+00:00\",\"mainEntityOfPage\":{\"@id\":\"https:\\\/\\\/www.organisator.ch\\\/fr\\\/general\\\/2016-06-02\\\/obt-ag-regelt-nachfolge\\\/\"},\"wordCount\":178,\"commentCount\":0,\"publisher\":{\"@id\":\"https:\\\/\\\/www.organisator.ch\\\/#organization\"},\"image\":{\"@id\":\"https:\\\/\\\/www.organisator.ch\\\/fr\\\/general\\\/2016-06-02\\\/obt-ag-regelt-nachfolge\\\/#primaryimage\"},\"thumbnailUrl\":\"https:\\\/\\\/www.organisator.ch\\\/wp-content\\\/uploads\\\/2016\\\/12\\\/OBT-AG-regelt-Nachfolge-organisator.jpg\",\"keywords\":[\"Personalia\",\"Unternehmen\"],\"articleSection\":[\"Allgemein\"],\"inLanguage\":\"it-IT\"},{\"@type\":\"WebPage\",\"@id\":\"https:\\\/\\\/www.organisator.ch\\\/fr\\\/general\\\/2016-06-02\\\/obt-ag-regelt-nachfolge\\\/\",\"url\":\"https:\\\/\\\/www.organisator.ch\\\/fr\\\/general\\\/2016-06-02\\\/obt-ag-regelt-nachfolge\\\/\",\"name\":\"OBT AG regelt Nachfolge - Organisator\",\"isPartOf\":{\"@id\":\"https:\\\/\\\/www.organisator.ch\\\/#website\"},\"primaryImageOfPage\":{\"@id\":\"https:\\\/\\\/www.organisator.ch\\\/fr\\\/general\\\/2016-06-02\\\/obt-ag-regelt-nachfolge\\\/#primaryimage\"},\"image\":{\"@id\":\"https:\\\/\\\/www.organisator.ch\\\/fr\\\/general\\\/2016-06-02\\\/obt-ag-regelt-nachfolge\\\/#primaryimage\"},\"thumbnailUrl\":\"https:\\\/\\\/www.organisator.ch\\\/wp-content\\\/uploads\\\/2016\\\/12\\\/OBT-AG-regelt-Nachfolge-organisator.jpg\",\"datePublished\":\"2016-06-02T09:40:26+00:00\",\"description\":\"Thomas Z\u00fcger wurde an der Partnerversammlung vom 31. Mai 2016 als Nachfolger von Thomas Kade (amtierender CEO der OBT AG) per 1. Oktober 2017 gew\u00e4hlt.\",\"breadcrumb\":{\"@id\":\"https:\\\/\\\/www.organisator.ch\\\/fr\\\/general\\\/2016-06-02\\\/obt-ag-regelt-nachfolge\\\/#breadcrumb\"},\"inLanguage\":\"it-IT\",\"potentialAction\":[{\"@type\":\"ReadAction\",\"target\":[\"https:\\\/\\\/www.organisator.ch\\\/fr\\\/general\\\/2016-06-02\\\/obt-ag-regelt-nachfolge\\\/\"]}]},{\"@type\":\"ImageObject\",\"inLanguage\":\"it-IT\",\"@id\":\"https:\\\/\\\/www.organisator.ch\\\/fr\\\/general\\\/2016-06-02\\\/obt-ag-regelt-nachfolge\\\/#primaryimage\",\"url\":\"https:\\\/\\\/www.organisator.ch\\\/wp-content\\\/uploads\\\/2016\\\/12\\\/OBT-AG-regelt-Nachfolge-organisator.jpg\",\"contentUrl\":\"https:\\\/\\\/www.organisator.ch\\\/wp-content\\\/uploads\\\/2016\\\/12\\\/OBT-AG-regelt-Nachfolge-organisator.jpg\",\"width\":520,\"height\":520,\"caption\":\"Thomas Z\u00fcger, designierter CEO von OBT AG.\"},{\"@type\":\"BreadcrumbList\",\"@id\":\"https:\\\/\\\/www.organisator.ch\\\/fr\\\/general\\\/2016-06-02\\\/obt-ag-regelt-nachfolge\\\/#breadcrumb\",\"itemListElement\":[{\"@type\":\"ListItem\",\"position\":1,\"name\":\"Home\",\"item\":\"https:\\\/\\\/www.organisator.ch\\\/\"},{\"@type\":\"ListItem\",\"position\":2,\"name\":\"OBT AG regelt Nachfolge\"}]},{\"@type\":\"WebSite\",\"@id\":\"https:\\\/\\\/www.organisator.ch\\\/#website\",\"url\":\"https:\\\/\\\/www.organisator.ch\\\/\",\"name\":\"Organisator\",\"description\":\"Kompetent. Praxisnah. Der ORGANISATOR bereitet in 10 Ausgaben pro Jahr die wesentlichen Themen f\u00fcr F\u00fchrungskr\u00e4fte von KMU auf.\",\"publisher\":{\"@id\":\"https:\\\/\\\/www.organisator.ch\\\/#organization\"},\"potentialAction\":[{\"@type\":\"SearchAction\",\"target\":{\"@type\":\"EntryPoint\",\"urlTemplate\":\"https:\\\/\\\/www.organisator.ch\\\/?s={search_term_string}\"},\"query-input\":{\"@type\":\"PropertyValueSpecification\",\"valueRequired\":true,\"valueName\":\"search_term_string\"}}],\"inLanguage\":\"it-IT\"},{\"@type\":\"Organization\",\"@id\":\"https:\\\/\\\/www.organisator.ch\\\/#organization\",\"name\":\"Organisator\",\"url\":\"https:\\\/\\\/www.organisator.ch\\\/\",\"logo\":{\"@type\":\"ImageObject\",\"inLanguage\":\"it-IT\",\"@id\":\"https:\\\/\\\/www.organisator.ch\\\/#\\\/schema\\\/logo\\\/image\\\/\",\"url\":\"https:\\\/\\\/www.organisator.ch\\\/wp-content\\\/uploads\\\/2022\\\/01\\\/Logo_Organisator_Website.png\",\"contentUrl\":\"https:\\\/\\\/www.organisator.ch\\\/wp-content\\\/uploads\\\/2022\\\/01\\\/Logo_Organisator_Website.png\",\"width\":800,\"height\":77,\"caption\":\"Organisator\"},\"image\":{\"@id\":\"https:\\\/\\\/www.organisator.ch\\\/#\\\/schema\\\/logo\\\/image\\\/\"},\"sameAs\":[\"https:\\\/\\\/www.facebook.com\\\/OrganisatorFachmagazin\",\"https:\\\/\\\/www.linkedin.com\\\/showcase\\\/organisator-das-magazin-fr-kmu\",\"https:\\\/\\\/www.xing.com\\\/news\\\/pages\\\/organisator-ch-695\",\"https:\\\/\\\/www.youtube.com\\\/channel\\\/UCGP2Sq0iWaZwT3BdIAQFYpw\"]},{\"@type\":\"Person\",\"@id\":\"https:\\\/\\\/www.organisator.ch\\\/#\\\/schema\\\/person\\\/aa2bace6c5c5aad60102004a50c4eb1c\",\"name\":\"admin\",\"image\":{\"@type\":\"ImageObject\",\"inLanguage\":\"it-IT\",\"@id\":\"https:\\\/\\\/secure.gravatar.com\\\/avatar\\\/ae2f4d718e6c49043e314ce431e7e645d646302a24a5ef5a8bc8e3f5a032e319?s=96&d=mm&r=g\",\"url\":\"https:\\\/\\\/secure.gravatar.com\\\/avatar\\\/ae2f4d718e6c49043e314ce431e7e645d646302a24a5ef5a8bc8e3f5a032e319?s=96&d=mm&r=g\",\"contentUrl\":\"https:\\\/\\\/secure.gravatar.com\\\/avatar\\\/ae2f4d718e6c49043e314ce431e7e645d646302a24a5ef5a8bc8e3f5a032e319?s=96&d=mm&r=g\",\"caption\":\"admin\"},\"sameAs\":[\"https:\\\/\\\/www.organisator.ch\"],\"url\":\"https:\\\/\\\/www.organisator.ch\\\/it\\\/author\\\/admin\\\/\"}]}<\/script>\n<!-- \/ Yoast SEO plugin. -->","yoast_head_json":{"title":"OBT AG risolve la successione - Organizzatore","description":"Thomas Z\u00fcger \u00e8 stato eletto successore di Thomas Kade (CEO ad interim di OBT AG) all'assemblea dei soci del 31 maggio 2016, con effetto dal 1\u00b0 ottobre 2017.","robots":{"index":"index","follow":"follow","max-snippet":"max-snippet:-1","max-image-preview":"max-image-preview:large","max-video-preview":"max-video-preview:-1"},"canonical":"https:\/\/www.organisator.ch\/it\/generale\/2016-06-02\/obt-ag-regelt-nachfolge\/","og_locale":"it_IT","og_type":"article","og_title":"OBT AG regelt Nachfolge","og_description":"Thomas Z\u00fcger wurde an der Partnerversammlung vom 31. Mai 2016 als Nachfolger von Thomas Kade (amtierender CEO der OBT AG) per 1. Oktober 2017 gew\u00e4hlt. OBT war es wichtig, die Nachfolgeplanung fr\u00fchzeitig anzugehen.","og_url":"https:\/\/www.organisator.ch\/it\/generale\/2016-06-02\/obt-ag-regelt-nachfolge\/","og_site_name":"Organisator","article_publisher":"https:\/\/www.facebook.com\/OrganisatorFachmagazin","article_published_time":"2016-06-02T09:40:26+00:00","author":"admin","twitter_card":"summary_large_image","twitter_image":"https:\/\/www.organisator.ch\/wp-content\/uploads\/2016\/12\/OBT-AG-regelt-Nachfolge-organisator.jpg","schema":{"@context":"https:\/\/schema.org","@graph":[{"@type":"Article","@id":"https:\/\/www.organisator.ch\/fr\/general\/2016-06-02\/obt-ag-regelt-nachfolge\/#article","isPartOf":{"@id":"https:\/\/www.organisator.ch\/fr\/general\/2016-06-02\/obt-ag-regelt-nachfolge\/"},"author":{"name":"admin","@id":"https:\/\/www.organisator.ch\/#\/schema\/person\/aa2bace6c5c5aad60102004a50c4eb1c"},"headline":"OBT AG regelt Nachfolge","datePublished":"2016-06-02T09:40:26+00:00","mainEntityOfPage":{"@id":"https:\/\/www.organisator.ch\/fr\/general\/2016-06-02\/obt-ag-regelt-nachfolge\/"},"wordCount":178,"commentCount":0,"publisher":{"@id":"https:\/\/www.organisator.ch\/#organization"},"image":{"@id":"https:\/\/www.organisator.ch\/fr\/general\/2016-06-02\/obt-ag-regelt-nachfolge\/#primaryimage"},"thumbnailUrl":"https:\/\/www.organisator.ch\/wp-content\/uploads\/2016\/12\/OBT-AG-regelt-Nachfolge-organisator.jpg","keywords":["Personalia","Unternehmen"],"articleSection":["Allgemein"],"inLanguage":"it-IT"},{"@type":"WebPage","@id":"https:\/\/www.organisator.ch\/fr\/general\/2016-06-02\/obt-ag-regelt-nachfolge\/","url":"https:\/\/www.organisator.ch\/fr\/general\/2016-06-02\/obt-ag-regelt-nachfolge\/","name":"OBT AG risolve la successione - Organizzatore","isPartOf":{"@id":"https:\/\/www.organisator.ch\/#website"},"primaryImageOfPage":{"@id":"https:\/\/www.organisator.ch\/fr\/general\/2016-06-02\/obt-ag-regelt-nachfolge\/#primaryimage"},"image":{"@id":"https:\/\/www.organisator.ch\/fr\/general\/2016-06-02\/obt-ag-regelt-nachfolge\/#primaryimage"},"thumbnailUrl":"https:\/\/www.organisator.ch\/wp-content\/uploads\/2016\/12\/OBT-AG-regelt-Nachfolge-organisator.jpg","datePublished":"2016-06-02T09:40:26+00:00","description":"Thomas Z\u00fcger \u00e8 stato eletto successore di Thomas Kade (CEO ad interim di OBT AG) all'assemblea dei soci del 31 maggio 2016, con effetto dal 1\u00b0 ottobre 2017.","breadcrumb":{"@id":"https:\/\/www.organisator.ch\/fr\/general\/2016-06-02\/obt-ag-regelt-nachfolge\/#breadcrumb"},"inLanguage":"it-IT","potentialAction":[{"@type":"ReadAction","target":["https:\/\/www.organisator.ch\/fr\/general\/2016-06-02\/obt-ag-regelt-nachfolge\/"]}]},{"@type":"ImageObject","inLanguage":"it-IT","@id":"https:\/\/www.organisator.ch\/fr\/general\/2016-06-02\/obt-ag-regelt-nachfolge\/#primaryimage","url":"https:\/\/www.organisator.ch\/wp-content\/uploads\/2016\/12\/OBT-AG-regelt-Nachfolge-organisator.jpg","contentUrl":"https:\/\/www.organisator.ch\/wp-content\/uploads\/2016\/12\/OBT-AG-regelt-Nachfolge-organisator.jpg","width":520,"height":520,"caption":"Thomas Z\u00fcger, designierter CEO von OBT AG."},{"@type":"BreadcrumbList","@id":"https:\/\/www.organisator.ch\/fr\/general\/2016-06-02\/obt-ag-regelt-nachfolge\/#breadcrumb","itemListElement":[{"@type":"ListItem","position":1,"name":"Home","item":"https:\/\/www.organisator.ch\/"},{"@type":"ListItem","position":2,"name":"OBT AG regelt Nachfolge"}]},{"@type":"WebSite","@id":"https:\/\/www.organisator.ch\/#website","url":"https:\/\/www.organisator.ch\/","name":"Organizzatore","description":"Competente. Pratico. In 10 numeri all'anno, ORGANISATOR presenta i temi essenziali per i manager delle PMI.","publisher":{"@id":"https:\/\/www.organisator.ch\/#organization"},"potentialAction":[{"@type":"SearchAction","target":{"@type":"EntryPoint","urlTemplate":"https:\/\/www.organisator.ch\/?s={search_term_string}"},"query-input":{"@type":"PropertyValueSpecification","valueRequired":true,"valueName":"search_term_string"}}],"inLanguage":"it-IT"},{"@type":"Organization","@id":"https:\/\/www.organisator.ch\/#organization","name":"Organizzatore","url":"https:\/\/www.organisator.ch\/","logo":{"@type":"ImageObject","inLanguage":"it-IT","@id":"https:\/\/www.organisator.ch\/#\/schema\/logo\/image\/","url":"https:\/\/www.organisator.ch\/wp-content\/uploads\/2022\/01\/Logo_Organisator_Website.png","contentUrl":"https:\/\/www.organisator.ch\/wp-content\/uploads\/2022\/01\/Logo_Organisator_Website.png","width":800,"height":77,"caption":"Organisator"},"image":{"@id":"https:\/\/www.organisator.ch\/#\/schema\/logo\/image\/"},"sameAs":["https:\/\/www.facebook.com\/OrganisatorFachmagazin","https:\/\/www.linkedin.com\/showcase\/organisator-das-magazin-fr-kmu","https:\/\/www.xing.com\/news\/pages\/organisator-ch-695","https:\/\/www.youtube.com\/channel\/UCGP2Sq0iWaZwT3BdIAQFYpw"]},{"@type":"Person","@id":"https:\/\/www.organisator.ch\/#\/schema\/person\/aa2bace6c5c5aad60102004a50c4eb1c","name":"amministratore","image":{"@type":"ImageObject","inLanguage":"it-IT","@id":"https:\/\/secure.gravatar.com\/avatar\/ae2f4d718e6c49043e314ce431e7e645d646302a24a5ef5a8bc8e3f5a032e319?s=96&d=mm&r=g","url":"https:\/\/secure.gravatar.com\/avatar\/ae2f4d718e6c49043e314ce431e7e645d646302a24a5ef5a8bc8e3f5a032e319?s=96&d=mm&r=g","contentUrl":"https:\/\/secure.gravatar.com\/avatar\/ae2f4d718e6c49043e314ce431e7e645d646302a24a5ef5a8bc8e3f5a032e319?s=96&d=mm&r=g","caption":"admin"},"sameAs":["https:\/\/www.organisator.ch"],"url":"https:\/\/www.organisator.ch\/it\/author\/admin\/"}]}},"_links":{"self":[{"href":"https:\/\/www.organisator.ch\/it\/wp-json\/wp\/v2\/posts\/544","targetHints":{"allow":["GET"]}}],"collection":[{"href":"https:\/\/www.organisator.ch\/it\/wp-json\/wp\/v2\/posts"}],"about":[{"href":"https:\/\/www.organisator.ch\/it\/wp-json\/wp\/v2\/types\/post"}],"author":[{"embeddable":true,"href":"https:\/\/www.organisator.ch\/it\/wp-json\/wp\/v2\/users\/1"}],"replies":[{"embeddable":true,"href":"https:\/\/www.organisator.ch\/it\/wp-json\/wp\/v2\/comments?post=544"}],"version-history":[{"count":0,"href":"https:\/\/www.organisator.ch\/it\/wp-json\/wp\/v2\/posts\/544\/revisions"}],"wp:featuredmedia":[{"embeddable":true,"href":"https:\/\/www.organisator.ch\/it\/wp-json\/wp\/v2\/media\/545"}],"wp:attachment":[{"href":"https:\/\/www.organisator.ch\/it\/wp-json\/wp\/v2\/media?parent=544"}],"wp:term":[{"taxonomy":"category","embeddable":true,"href":"https:\/\/www.organisator.ch\/it\/wp-json\/wp\/v2\/categories?post=544"},{"taxonomy":"post_tag","embeddable":true,"href":"https:\/\/www.organisator.ch\/it\/wp-json\/wp\/v2\/tags?post=544"}],"curies":[{"name":"wp","href":"https:\/\/api.w.org\/{rel}","templated":true}]}}