{"id":5456,"date":"2019-07-01T08:18:40","date_gmt":"2019-07-01T06:18:40","guid":{"rendered":"https:\/\/www.organisator.ch\/?p=5456"},"modified":"2019-07-01T08:18:40","modified_gmt":"2019-07-01T06:18:40","slug":"snv-von-1960-1970-alles-andere-als-n-o-r-m-al","status":"publish","type":"post","link":"https:\/\/www.organisator.ch\/it\/allgemein\/2019-07-01\/snv-von-1960-1970-alles-andere-als-n-o-r-m-al\/","title":{"rendered":"SNV dal 1960 al 1970: tutto tranne N-O-R-M-al"},"content":{"rendered":"<figure id=\"attachment_5459\" aria-describedby=\"caption-attachment-5459\" style=\"width: 680px\" class=\"wp-caption alignnone\"><img loading=\"lazy\" decoding=\"async\" class=\"size-medium wp-image-5459\" src=\"https:\/\/www.organisator.ch\/wp-content\/uploads\/2019\/07\/SNV-von-1960-1970-Alles-andere-als-N-O-R-M-al-1_Organisator.jpg\" alt=\"\" width=\"680\" height=\"442\" srcset=\"\" sizes=\"auto, (max-width: 680px) 100vw, 680px\" data-srcset=\"\" \/><figcaption id=\"caption-attachment-5459\" class=\"wp-caption-text\">Gli standard servono ad aprire le porte e a promuovere le esportazioni. (Immagine: SNV)<\/figcaption><\/figure>\n<p>Mentre si cerca l'individualit\u00e0 nel contesto culturale e sociale, il lavoro di standardizzazione nazionale e internazionale continua ad affermarsi nell'ambiente economico. Le aziende hanno un interesse sfrenato per la standardizzazione, che apre loro l'accesso a nuovi mercati internazionali.<\/p>\n<h2><strong>Fondazione del CEN - Rafforzare l'economia europea con il lavoro sulle norme <\/strong><\/h2>\n<p>Nel 1961, il Comitato europeo di normalizzazione (CEN, Comit\u00e9 Europ\u00e9en de Normalisation) \u00e8 stato fondato con lo scopo di rafforzare l'economia europea e promuovere la protezione dell'ambiente. Grazie a standard uniformi in tutta Europa, i beni e i servizi nel mercato unico europeo dovrebbero essere liberati dalle barriere commerciali tecniche e quindi essere anche in grado di giocare un ruolo di successo nel mercato globale. La prima pietra del CEN \u00e8 stata posta gi\u00e0 nel 1960 a Zurigo; la sede del CEN \u00e8 a Bruxelles.<\/p>\n<p>Oggi, pi\u00f9 di 200 000 esperti sono coinvolti nel lavoro del CEN. I risultati del loro lavoro raggiungono oltre 600 milioni di persone. Il CEN ha 34 membri nazionali che rappresentano il loro paese. La Svizzera e i suoi interessi sono rappresentati dalla SNV. Il CEN \u00e8 l'organizzazione ufficiale di standardizzazione europea per tutti i settori eccetto l'ingegneria elettrica e le telecomunicazioni (ETSI). Maggiori informazioni sul CEN sono disponibili su <a href=\"http:\/\/www.cen.eu\/\">www.cen.eu<\/a><\/p>\n<h2><strong>La SNV si costituisce come associazione<\/strong><\/h2>\n<p>Gli anni '60 sono stati significativi anche per l'Associazione svizzera di normalizzazione (SNV). Nel 1962, i responsabili della SNV hanno trovato la forma organizzativa appropriata che \u00e8 ancora valida oggi. La SNV fu costituita come associazione con Willi Ruggaber come presidente (1962-1972).<\/p>\n<p>Nel 1968, la SNV celebra il suo 50\u00b0 anniversario e guarda indietro a mezzo secolo di attivit\u00e0 di successo con diverse centinaia di specialisti coinvolti. Nella NZZ del 25 settembre 1968, Willi Ruggaber spiega ai lettori la standardizzazione come segue: \"L'obiettivo principale della standardizzazione, tuttavia, \u00e8 quello di ottenere un aumento delle prestazioni nella tecnologia, negli affari, nell'amministrazione e nella scienza. Da un punto di vista commerciale, la redditivit\u00e0 deve essere migliorata attraverso il risparmio dei costi dei materiali, dei salari della manodopera e delle spese generali, per cui la riduzione del tipo ha la maggiore influenza sui prezzi e sulla competitivit\u00e0. La riduzione del tipo non solo porta una significativa diminuzione dei costi per il produttore, ma libera anche il capitale per l'utente riducendo le scorte. Grazie alla standardizzazione, soprattutto i beni prodotti in serie possono essere fabbricati in modo pi\u00f9 economico e i prezzi di vendita possono essere abbassati, cos\u00ec che una parte crescente della popolazione pu\u00f2 permettersi sempre pi\u00f9 beni. Si pu\u00f2 dedurre che la standardizzazione pu\u00f2 essere un mezzo importante per aumentare il livello di vita\".<\/p>\n<p>Nello stesso numero del 1968 della NZZ, Alfred J. Furrer, allora direttore della Rieter Technology e poi presidente della SNV (1981-1991), spiega le conquiste della standardizzazione tessile che sono di vitale importanza per il successo delle esportazioni dell'industria tessile svizzera. Per esempio, la lunghezza dei filati naturali e sintetici sulle bobine, le prove di solidit\u00e0 dei colori, il restringimento dei tessuti durante il lavaggio e anche l'etichettatura di cura dei tessuti.<\/p>\n<h2><strong>Il potere dei fiori con gli standard<\/strong><\/h2>\n<p>Mentre negli anni '60 i giovani in particolare andavano contro le convenzioni sociali, il loro stile di vita era plasmato da norme che non venivano notate da loro. I seguaci del movimento flower power si rendevano conto che il loro abbigliamento colorato e individuale coinvolgeva probabilmente anche vari esperti svizzeri del settore della standardizzazione? O che, per esempio, il traffico ferroviario e stradale transfrontaliero, cos\u00ec come l'illuminazione e il suono ai concerti sono semplificati grazie a norme uniformi?<\/p>\n<h2><strong>Come nasce uno standard?<\/strong><\/h2>\n<p>La standardizzazione ha influenzato a lungo la vita quotidiana, anche se non tutti i settori sono ugualmente interessati. Per esempio, gli strumenti musicali non sono molto standardizzati a livello internazionale. Nel 2017, l'Autorit\u00e0 di standardizzazione della Cina (SAC) presenta una domanda all'Organizzazione internazionale per la standardizzazione (ISO) per istituire un comitato per decidere sulle norme per gli strumenti musicali. La domanda \u00e8 respinta perch\u00e9 troppo pochi membri vogliono impegnarsi in questa domanda.<\/p>\n<p>Tuttavia, se una proposta viene accettata, il gruppo di lavoro corrispondente inizia il suo lavoro di standardizzazione. Gli standard non sono sviluppati dal legislatore, da un'autorit\u00e0 o da un regolatore statale, ma dalle parti interessate stesse. Tutti coloro che sono interessati all'argomento possono partecipare al lavoro tecnico nei comitati degli standard e contribuire con la loro esperienza. Per garantire che il mercato accetti gli standard che vengono elaborati, \u00e8 importante ottenere la pi\u00f9 ampia partecipazione possibile al processo di standardizzazione. In questo modo, una moltitudine di opinioni e interessi sono incorporati nello standard sviluppato. Ogni standard \u00e8 presentato al pubblico di esperti per un commento prima della sua adozione finale. In questa fase di inchiesta pubblica, il progetto di norma viene pubblicato per la prima volta al di fuori del comitato di normazione responsabile ed \u00e8 disponibile anche per gli esperti che non sono membri di un organismo di normazione riconosciuto.<\/p>\n<p>Una panoramica aggiornata dei progetti di norme da commentare si trova sul portale dei progetti del Centro svizzero d'informazione sulle regole tecniche (<a href=\"http:\/\/www.switec.info\/de\/entwurfsportal\/\">Portale di design SWITEC<\/a>). Il seguente diagramma mostra come viene creato uno standard:<\/p>\n<figure id=\"attachment_5462\" aria-describedby=\"caption-attachment-5462\" style=\"width: 680px\" class=\"wp-caption alignnone\"><img loading=\"lazy\" decoding=\"async\" class=\"size-medium wp-image-5462\" src=\"https:\/\/www.organisator.ch\/wp-content\/uploads\/2019\/07\/SNV-von-1960\u20131970-Alles-andere-als-N-O-R-M-al-2_Organisator.jpg\" alt=\"\" width=\"680\" height=\"398\" srcset=\"https:\/\/www.organisator.ch\/wp-content\/uploads\/2019\/07\/SNV-von-1960\u20131970-Alles-andere-als-N-O-R-M-al-2_Organisator.jpg 680w, https:\/\/www.organisator.ch\/wp-content\/uploads\/2019\/07\/SNV-von-1960\u20131970-Alles-andere-als-N-O-R-M-al-2_Organisator-16x9.jpg 16w, https:\/\/www.organisator.ch\/wp-content\/uploads\/2019\/07\/SNV-von-1960\u20131970-Alles-andere-als-N-O-R-M-al-2_Organisator-299x175.jpg 299w, https:\/\/www.organisator.ch\/wp-content\/uploads\/2019\/07\/SNV-von-1960\u20131970-Alles-andere-als-N-O-R-M-al-2_Organisator-598x350.jpg 598w, https:\/\/www.organisator.ch\/wp-content\/uploads\/2019\/07\/SNV-von-1960\u20131970-Alles-andere-als-N-O-R-M-al-2_Organisator-300x176.jpg 300w\" sizes=\"auto, (max-width: 680px) 100vw, 680px\" \/><figcaption id=\"caption-attachment-5462\" class=\"wp-caption-text\">Il processo di standardizzazione (Immagine: SNV)<\/figcaption><\/figure>\n<p>&nbsp;<\/p>\n<p>&nbsp;<\/p>","protected":false},"excerpt":{"rendered":"<p>W\u00e4hrend im kulturellen und gesellschaftlichen Kontext Individualit\u00e4t angestrebt wird, etabliert sich im wirtschaftlichen Umfeld weiter die Arbeit der nationalen und internationalen Normung. Die Unternehmen haben ein ungebremstes Interesse an einer Vereinheitlichung, die ihnen den Zugang zu neuen internationalen M\u00e4rkten \u00f6ffnet. Gr\u00fcndung der CEN \u2013 St\u00e4rkung der europ\u00e4ischen Wirtschaft mit Normenarbeit Im Jahr 1961 wird das [&hellip;]<\/p>\n","protected":false},"author":4,"featured_media":5459,"comment_status":"open","ping_status":"open","sticky":false,"template":"","format":"standard","meta":{"_acf_changed":false,"_yoast_wpseo_focuskw":"Normen","_yoast_wpseo_metadesc":"Ein weiteres Jahrzehnt in der 100-j\u00e4hrigen Geschichte der Schweizerischen Normen-Vereinigung SNV: Die 1960er-Jahre.","articlekey":"","footnotes":""},"categories":[1],"tags":[364,503,508],"class_list":["post-5456","post","type-post","status-publish","format-standard","has-post-thumbnail","hentry","category-allgemein","tag-normenstandards","tag-verbaende","tag-vermischtes"],"acf":[],"yoast_head":"<!-- This site is optimized with the Yoast SEO plugin v27.5 - https:\/\/yoast.com\/product\/yoast-seo-wordpress\/ -->\n<title>SNV von 1960\u20131970: Alles andere als N-O-R-M-al - Organisator<\/title>\n<meta name=\"description\" content=\"Ein weiteres Jahrzehnt in der 100-j\u00e4hrigen Geschichte der Schweizerischen Normen-Vereinigung SNV: Die 1960er-Jahre.\" \/>\n<meta name=\"robots\" content=\"index, follow, max-snippet:-1, max-image-preview:large, max-video-preview:-1\" \/>\n<link rel=\"canonical\" href=\"https:\/\/www.organisator.ch\/it\/generale\/2019-07-01\/snv-von-1960-1970-alles-andere-als-n-o-r-m-al\/\" \/>\n<meta property=\"og:locale\" content=\"it_IT\" \/>\n<meta property=\"og:type\" content=\"article\" \/>\n<meta property=\"og:title\" content=\"SNV von 1960\u20131970: Alles andere als N-O-R-M-al\" \/>\n<meta property=\"og:description\" content=\"Ein weiteres Jahrzehnt in der 100-j\u00e4hrigen Geschichte der Schweizerischen Normen-Vereinigung SNV: Die 1960er-Jahre.\" \/>\n<meta property=\"og:url\" content=\"https:\/\/www.organisator.ch\/it\/generale\/2019-07-01\/snv-von-1960-1970-alles-andere-als-n-o-r-m-al\/\" \/>\n<meta property=\"og:site_name\" content=\"Organisator\" \/>\n<meta property=\"article:publisher\" content=\"https:\/\/www.facebook.com\/OrganisatorFachmagazin\" \/>\n<meta property=\"article:published_time\" content=\"2019-07-01T06:18:40+00:00\" \/>\n<meta property=\"og:image\" content=\"https:\/\/www.organisator.ch\/wp-content\/uploads\/2019\/07\/SNV-von-1960\u20131970-Alles-andere-als-N-O-R-M-al-1_Organisator.jpg\" \/>\n\t<meta property=\"og:image:width\" content=\"680\" \/>\n\t<meta property=\"og:image:height\" content=\"442\" \/>\n\t<meta property=\"og:image:type\" content=\"image\/jpeg\" \/>\n<meta name=\"author\" content=\"thomas.berner\" \/>\n<meta name=\"twitter:card\" content=\"summary_large_image\" \/>\n<meta name=\"twitter:title\" content=\"#SNV von 1960\u20131970: Alles andere als N-O-R-M-al\" \/>\n<meta name=\"twitter:description\" content=\"Ein weiteres Jahrzehnt in der 100-j\u00e4hrigen Geschichte der Schweizerischen Normen-#Vereinigung #SNV: Die 1960er-Jahre.\" \/>\n<meta name=\"twitter:image\" content=\"https:\/\/www.organisator.ch\/wp-content\/uploads\/2019\/07\/SNV-von-1960\u20131970-Alles-andere-als-N-O-R-M-al-1_Organisator.jpg\" \/>\n<script type=\"application\/ld+json\" class=\"yoast-schema-graph\">{\"@context\":\"https:\\\/\\\/schema.org\",\"@graph\":[{\"@type\":\"Article\",\"@id\":\"https:\\\/\\\/www.organisator.ch\\\/en\\\/general\\\/2019-07-01\\\/snv-von-1960-1970-alles-andere-als-n-o-r-m-al\\\/#article\",\"isPartOf\":{\"@id\":\"https:\\\/\\\/www.organisator.ch\\\/en\\\/general\\\/2019-07-01\\\/snv-von-1960-1970-alles-andere-als-n-o-r-m-al\\\/\"},\"author\":{\"name\":\"thomas.berner\",\"@id\":\"https:\\\/\\\/www.organisator.ch\\\/#\\\/schema\\\/person\\\/6f650f90b2842cd4c0cc334b4e36f67e\"},\"headline\":\"SNV von 1960\u20131970: Alles andere als N-O-R-M-al\",\"datePublished\":\"2019-07-01T06:18:40+00:00\",\"mainEntityOfPage\":{\"@id\":\"https:\\\/\\\/www.organisator.ch\\\/en\\\/general\\\/2019-07-01\\\/snv-von-1960-1970-alles-andere-als-n-o-r-m-al\\\/\"},\"wordCount\":821,\"commentCount\":0,\"publisher\":{\"@id\":\"https:\\\/\\\/www.organisator.ch\\\/#organization\"},\"image\":{\"@id\":\"https:\\\/\\\/www.organisator.ch\\\/en\\\/general\\\/2019-07-01\\\/snv-von-1960-1970-alles-andere-als-n-o-r-m-al\\\/#primaryimage\"},\"thumbnailUrl\":\"https:\\\/\\\/www.organisator.ch\\\/wp-content\\\/uploads\\\/2019\\\/07\\\/SNV-von-1960\u20131970-Alles-andere-als-N-O-R-M-al-1_Organisator.jpg\",\"keywords\":[\"Normen\\\/Standards\",\"Verb\u00e4nde\",\"Vermischtes\"],\"articleSection\":[\"Allgemein\"],\"inLanguage\":\"it-IT\"},{\"@type\":\"WebPage\",\"@id\":\"https:\\\/\\\/www.organisator.ch\\\/en\\\/general\\\/2019-07-01\\\/snv-von-1960-1970-alles-andere-als-n-o-r-m-al\\\/\",\"url\":\"https:\\\/\\\/www.organisator.ch\\\/en\\\/general\\\/2019-07-01\\\/snv-von-1960-1970-alles-andere-als-n-o-r-m-al\\\/\",\"name\":\"SNV von 1960\u20131970: Alles andere als N-O-R-M-al - Organisator\",\"isPartOf\":{\"@id\":\"https:\\\/\\\/www.organisator.ch\\\/#website\"},\"primaryImageOfPage\":{\"@id\":\"https:\\\/\\\/www.organisator.ch\\\/en\\\/general\\\/2019-07-01\\\/snv-von-1960-1970-alles-andere-als-n-o-r-m-al\\\/#primaryimage\"},\"image\":{\"@id\":\"https:\\\/\\\/www.organisator.ch\\\/en\\\/general\\\/2019-07-01\\\/snv-von-1960-1970-alles-andere-als-n-o-r-m-al\\\/#primaryimage\"},\"thumbnailUrl\":\"https:\\\/\\\/www.organisator.ch\\\/wp-content\\\/uploads\\\/2019\\\/07\\\/SNV-von-1960\u20131970-Alles-andere-als-N-O-R-M-al-1_Organisator.jpg\",\"datePublished\":\"2019-07-01T06:18:40+00:00\",\"description\":\"Ein weiteres Jahrzehnt in der 100-j\u00e4hrigen Geschichte der Schweizerischen Normen-Vereinigung SNV: Die 1960er-Jahre.\",\"breadcrumb\":{\"@id\":\"https:\\\/\\\/www.organisator.ch\\\/en\\\/general\\\/2019-07-01\\\/snv-von-1960-1970-alles-andere-als-n-o-r-m-al\\\/#breadcrumb\"},\"inLanguage\":\"it-IT\",\"potentialAction\":[{\"@type\":\"ReadAction\",\"target\":[\"https:\\\/\\\/www.organisator.ch\\\/en\\\/general\\\/2019-07-01\\\/snv-von-1960-1970-alles-andere-als-n-o-r-m-al\\\/\"]}]},{\"@type\":\"ImageObject\",\"inLanguage\":\"it-IT\",\"@id\":\"https:\\\/\\\/www.organisator.ch\\\/en\\\/general\\\/2019-07-01\\\/snv-von-1960-1970-alles-andere-als-n-o-r-m-al\\\/#primaryimage\",\"url\":\"https:\\\/\\\/www.organisator.ch\\\/wp-content\\\/uploads\\\/2019\\\/07\\\/SNV-von-1960\u20131970-Alles-andere-als-N-O-R-M-al-1_Organisator.jpg\",\"contentUrl\":\"https:\\\/\\\/www.organisator.ch\\\/wp-content\\\/uploads\\\/2019\\\/07\\\/SNV-von-1960\u20131970-Alles-andere-als-N-O-R-M-al-1_Organisator.jpg\",\"width\":680,\"height\":442,\"caption\":\"Normen dienen als T\u00fcr\u00f6ffner und f\u00f6rdern den Export. (Bild: SNV)\"},{\"@type\":\"BreadcrumbList\",\"@id\":\"https:\\\/\\\/www.organisator.ch\\\/en\\\/general\\\/2019-07-01\\\/snv-von-1960-1970-alles-andere-als-n-o-r-m-al\\\/#breadcrumb\",\"itemListElement\":[{\"@type\":\"ListItem\",\"position\":1,\"name\":\"Home\",\"item\":\"https:\\\/\\\/www.organisator.ch\\\/\"},{\"@type\":\"ListItem\",\"position\":2,\"name\":\"SNV von 1960\u20131970: Alles andere als N-O-R-M-al\"}]},{\"@type\":\"WebSite\",\"@id\":\"https:\\\/\\\/www.organisator.ch\\\/#website\",\"url\":\"https:\\\/\\\/www.organisator.ch\\\/\",\"name\":\"Organisator\",\"description\":\"Kompetent. Praxisnah. Der ORGANISATOR bereitet in 10 Ausgaben pro Jahr die wesentlichen Themen f\u00fcr F\u00fchrungskr\u00e4fte von KMU auf.\",\"publisher\":{\"@id\":\"https:\\\/\\\/www.organisator.ch\\\/#organization\"},\"potentialAction\":[{\"@type\":\"SearchAction\",\"target\":{\"@type\":\"EntryPoint\",\"urlTemplate\":\"https:\\\/\\\/www.organisator.ch\\\/?s={search_term_string}\"},\"query-input\":{\"@type\":\"PropertyValueSpecification\",\"valueRequired\":true,\"valueName\":\"search_term_string\"}}],\"inLanguage\":\"it-IT\"},{\"@type\":\"Organization\",\"@id\":\"https:\\\/\\\/www.organisator.ch\\\/#organization\",\"name\":\"Organisator\",\"url\":\"https:\\\/\\\/www.organisator.ch\\\/\",\"logo\":{\"@type\":\"ImageObject\",\"inLanguage\":\"it-IT\",\"@id\":\"https:\\\/\\\/www.organisator.ch\\\/#\\\/schema\\\/logo\\\/image\\\/\",\"url\":\"https:\\\/\\\/www.organisator.ch\\\/wp-content\\\/uploads\\\/2022\\\/01\\\/Logo_Organisator_Website.png\",\"contentUrl\":\"https:\\\/\\\/www.organisator.ch\\\/wp-content\\\/uploads\\\/2022\\\/01\\\/Logo_Organisator_Website.png\",\"width\":800,\"height\":77,\"caption\":\"Organisator\"},\"image\":{\"@id\":\"https:\\\/\\\/www.organisator.ch\\\/#\\\/schema\\\/logo\\\/image\\\/\"},\"sameAs\":[\"https:\\\/\\\/www.facebook.com\\\/OrganisatorFachmagazin\",\"https:\\\/\\\/www.linkedin.com\\\/showcase\\\/organisator-das-magazin-fr-kmu\",\"https:\\\/\\\/www.xing.com\\\/news\\\/pages\\\/organisator-ch-695\",\"https:\\\/\\\/www.youtube.com\\\/channel\\\/UCGP2Sq0iWaZwT3BdIAQFYpw\"]},{\"@type\":\"Person\",\"@id\":\"https:\\\/\\\/www.organisator.ch\\\/#\\\/schema\\\/person\\\/6f650f90b2842cd4c0cc334b4e36f67e\",\"name\":\"thomas.berner\",\"image\":{\"@type\":\"ImageObject\",\"inLanguage\":\"it-IT\",\"@id\":\"https:\\\/\\\/secure.gravatar.com\\\/avatar\\\/ac5001d2a36cb6c6cd3e50789007ffca834b477b74a2144564522e944eabff61?s=96&d=mm&r=g\",\"url\":\"https:\\\/\\\/secure.gravatar.com\\\/avatar\\\/ac5001d2a36cb6c6cd3e50789007ffca834b477b74a2144564522e944eabff61?s=96&d=mm&r=g\",\"contentUrl\":\"https:\\\/\\\/secure.gravatar.com\\\/avatar\\\/ac5001d2a36cb6c6cd3e50789007ffca834b477b74a2144564522e944eabff61?s=96&d=mm&r=g\",\"caption\":\"thomas.berner\"},\"url\":\"https:\\\/\\\/www.organisator.ch\\\/it\\\/author\\\/thomas-berner\\\/\"}]}<\/script>\n<!-- \/ Yoast SEO plugin. -->","yoast_head_json":{"title":"SNV dal 1960 al 1970: tutto tranne N-O-R-M-al - Organizzatore","description":"Un altro decennio nella storia centenaria dell'Associazione svizzera per la standardizzazione SNV: gli anni Sessanta.","robots":{"index":"index","follow":"follow","max-snippet":"max-snippet:-1","max-image-preview":"max-image-preview:large","max-video-preview":"max-video-preview:-1"},"canonical":"https:\/\/www.organisator.ch\/it\/generale\/2019-07-01\/snv-von-1960-1970-alles-andere-als-n-o-r-m-al\/","og_locale":"it_IT","og_type":"article","og_title":"SNV von 1960\u20131970: Alles andere als N-O-R-M-al","og_description":"Ein weiteres Jahrzehnt in der 100-j\u00e4hrigen Geschichte der Schweizerischen Normen-Vereinigung SNV: Die 1960er-Jahre.","og_url":"https:\/\/www.organisator.ch\/it\/generale\/2019-07-01\/snv-von-1960-1970-alles-andere-als-n-o-r-m-al\/","og_site_name":"Organisator","article_publisher":"https:\/\/www.facebook.com\/OrganisatorFachmagazin","article_published_time":"2019-07-01T06:18:40+00:00","og_image":[{"width":680,"height":442,"url":"https:\/\/www.organisator.ch\/wp-content\/uploads\/2019\/07\/SNV-von-1960\u20131970-Alles-andere-als-N-O-R-M-al-1_Organisator.jpg","type":"image\/jpeg"}],"author":"thomas.berner","twitter_card":"summary_large_image","twitter_title":"#SNV von 1960\u20131970: Alles andere als N-O-R-M-al","twitter_description":"Ein weiteres Jahrzehnt in der 100-j\u00e4hrigen Geschichte der Schweizerischen Normen-#Vereinigung #SNV: Die 1960er-Jahre.","twitter_image":"https:\/\/www.organisator.ch\/wp-content\/uploads\/2019\/07\/SNV-von-1960\u20131970-Alles-andere-als-N-O-R-M-al-1_Organisator.jpg","schema":{"@context":"https:\/\/schema.org","@graph":[{"@type":"Article","@id":"https:\/\/www.organisator.ch\/en\/general\/2019-07-01\/snv-von-1960-1970-alles-andere-als-n-o-r-m-al\/#article","isPartOf":{"@id":"https:\/\/www.organisator.ch\/en\/general\/2019-07-01\/snv-von-1960-1970-alles-andere-als-n-o-r-m-al\/"},"author":{"name":"thomas.berner","@id":"https:\/\/www.organisator.ch\/#\/schema\/person\/6f650f90b2842cd4c0cc334b4e36f67e"},"headline":"SNV von 1960\u20131970: Alles andere als N-O-R-M-al","datePublished":"2019-07-01T06:18:40+00:00","mainEntityOfPage":{"@id":"https:\/\/www.organisator.ch\/en\/general\/2019-07-01\/snv-von-1960-1970-alles-andere-als-n-o-r-m-al\/"},"wordCount":821,"commentCount":0,"publisher":{"@id":"https:\/\/www.organisator.ch\/#organization"},"image":{"@id":"https:\/\/www.organisator.ch\/en\/general\/2019-07-01\/snv-von-1960-1970-alles-andere-als-n-o-r-m-al\/#primaryimage"},"thumbnailUrl":"https:\/\/www.organisator.ch\/wp-content\/uploads\/2019\/07\/SNV-von-1960\u20131970-Alles-andere-als-N-O-R-M-al-1_Organisator.jpg","keywords":["Normen\/Standards","Verb\u00e4nde","Vermischtes"],"articleSection":["Allgemein"],"inLanguage":"it-IT"},{"@type":"WebPage","@id":"https:\/\/www.organisator.ch\/en\/general\/2019-07-01\/snv-von-1960-1970-alles-andere-als-n-o-r-m-al\/","url":"https:\/\/www.organisator.ch\/en\/general\/2019-07-01\/snv-von-1960-1970-alles-andere-als-n-o-r-m-al\/","name":"SNV dal 1960 al 1970: tutto tranne N-O-R-M-al - Organizzatore","isPartOf":{"@id":"https:\/\/www.organisator.ch\/#website"},"primaryImageOfPage":{"@id":"https:\/\/www.organisator.ch\/en\/general\/2019-07-01\/snv-von-1960-1970-alles-andere-als-n-o-r-m-al\/#primaryimage"},"image":{"@id":"https:\/\/www.organisator.ch\/en\/general\/2019-07-01\/snv-von-1960-1970-alles-andere-als-n-o-r-m-al\/#primaryimage"},"thumbnailUrl":"https:\/\/www.organisator.ch\/wp-content\/uploads\/2019\/07\/SNV-von-1960\u20131970-Alles-andere-als-N-O-R-M-al-1_Organisator.jpg","datePublished":"2019-07-01T06:18:40+00:00","description":"Un altro decennio nella storia centenaria dell'Associazione svizzera per la standardizzazione SNV: gli anni Sessanta.","breadcrumb":{"@id":"https:\/\/www.organisator.ch\/en\/general\/2019-07-01\/snv-von-1960-1970-alles-andere-als-n-o-r-m-al\/#breadcrumb"},"inLanguage":"it-IT","potentialAction":[{"@type":"ReadAction","target":["https:\/\/www.organisator.ch\/en\/general\/2019-07-01\/snv-von-1960-1970-alles-andere-als-n-o-r-m-al\/"]}]},{"@type":"ImageObject","inLanguage":"it-IT","@id":"https:\/\/www.organisator.ch\/en\/general\/2019-07-01\/snv-von-1960-1970-alles-andere-als-n-o-r-m-al\/#primaryimage","url":"https:\/\/www.organisator.ch\/wp-content\/uploads\/2019\/07\/SNV-von-1960\u20131970-Alles-andere-als-N-O-R-M-al-1_Organisator.jpg","contentUrl":"https:\/\/www.organisator.ch\/wp-content\/uploads\/2019\/07\/SNV-von-1960\u20131970-Alles-andere-als-N-O-R-M-al-1_Organisator.jpg","width":680,"height":442,"caption":"Normen dienen als T\u00fcr\u00f6ffner und f\u00f6rdern den Export. (Bild: SNV)"},{"@type":"BreadcrumbList","@id":"https:\/\/www.organisator.ch\/en\/general\/2019-07-01\/snv-von-1960-1970-alles-andere-als-n-o-r-m-al\/#breadcrumb","itemListElement":[{"@type":"ListItem","position":1,"name":"Home","item":"https:\/\/www.organisator.ch\/"},{"@type":"ListItem","position":2,"name":"SNV von 1960\u20131970: Alles andere als N-O-R-M-al"}]},{"@type":"WebSite","@id":"https:\/\/www.organisator.ch\/#website","url":"https:\/\/www.organisator.ch\/","name":"Organizzatore","description":"Competente. Pratico. In 10 numeri all'anno, ORGANISATOR presenta i temi essenziali per i manager delle PMI.","publisher":{"@id":"https:\/\/www.organisator.ch\/#organization"},"potentialAction":[{"@type":"SearchAction","target":{"@type":"EntryPoint","urlTemplate":"https:\/\/www.organisator.ch\/?s={search_term_string}"},"query-input":{"@type":"PropertyValueSpecification","valueRequired":true,"valueName":"search_term_string"}}],"inLanguage":"it-IT"},{"@type":"Organization","@id":"https:\/\/www.organisator.ch\/#organization","name":"Organizzatore","url":"https:\/\/www.organisator.ch\/","logo":{"@type":"ImageObject","inLanguage":"it-IT","@id":"https:\/\/www.organisator.ch\/#\/schema\/logo\/image\/","url":"https:\/\/www.organisator.ch\/wp-content\/uploads\/2022\/01\/Logo_Organisator_Website.png","contentUrl":"https:\/\/www.organisator.ch\/wp-content\/uploads\/2022\/01\/Logo_Organisator_Website.png","width":800,"height":77,"caption":"Organisator"},"image":{"@id":"https:\/\/www.organisator.ch\/#\/schema\/logo\/image\/"},"sameAs":["https:\/\/www.facebook.com\/OrganisatorFachmagazin","https:\/\/www.linkedin.com\/showcase\/organisator-das-magazin-fr-kmu","https:\/\/www.xing.com\/news\/pages\/organisator-ch-695","https:\/\/www.youtube.com\/channel\/UCGP2Sq0iWaZwT3BdIAQFYpw"]},{"@type":"Person","@id":"https:\/\/www.organisator.ch\/#\/schema\/person\/6f650f90b2842cd4c0cc334b4e36f67e","name":"Tommaso.berner","image":{"@type":"ImageObject","inLanguage":"it-IT","@id":"https:\/\/secure.gravatar.com\/avatar\/ac5001d2a36cb6c6cd3e50789007ffca834b477b74a2144564522e944eabff61?s=96&d=mm&r=g","url":"https:\/\/secure.gravatar.com\/avatar\/ac5001d2a36cb6c6cd3e50789007ffca834b477b74a2144564522e944eabff61?s=96&d=mm&r=g","contentUrl":"https:\/\/secure.gravatar.com\/avatar\/ac5001d2a36cb6c6cd3e50789007ffca834b477b74a2144564522e944eabff61?s=96&d=mm&r=g","caption":"thomas.berner"},"url":"https:\/\/www.organisator.ch\/it\/author\/thomas-berner\/"}]}},"_links":{"self":[{"href":"https:\/\/www.organisator.ch\/it\/wp-json\/wp\/v2\/posts\/5456","targetHints":{"allow":["GET"]}}],"collection":[{"href":"https:\/\/www.organisator.ch\/it\/wp-json\/wp\/v2\/posts"}],"about":[{"href":"https:\/\/www.organisator.ch\/it\/wp-json\/wp\/v2\/types\/post"}],"author":[{"embeddable":true,"href":"https:\/\/www.organisator.ch\/it\/wp-json\/wp\/v2\/users\/4"}],"replies":[{"embeddable":true,"href":"https:\/\/www.organisator.ch\/it\/wp-json\/wp\/v2\/comments?post=5456"}],"version-history":[{"count":0,"href":"https:\/\/www.organisator.ch\/it\/wp-json\/wp\/v2\/posts\/5456\/revisions"}],"wp:featuredmedia":[{"embeddable":true,"href":"https:\/\/www.organisator.ch\/it\/wp-json\/wp\/v2\/media\/5459"}],"wp:attachment":[{"href":"https:\/\/www.organisator.ch\/it\/wp-json\/wp\/v2\/media?parent=5456"}],"wp:term":[{"taxonomy":"category","embeddable":true,"href":"https:\/\/www.organisator.ch\/it\/wp-json\/wp\/v2\/categories?post=5456"},{"taxonomy":"post_tag","embeddable":true,"href":"https:\/\/www.organisator.ch\/it\/wp-json\/wp\/v2\/tags?post=5456"}],"curies":[{"name":"wp","href":"https:\/\/api.w.org\/{rel}","templated":true}]}}