{"id":5480,"date":"2019-07-02T08:36:00","date_gmt":"2019-07-02T06:36:00","guid":{"rendered":"https:\/\/www.organisator.ch\/?p=5480"},"modified":"2019-07-02T08:36:00","modified_gmt":"2019-07-02T06:36:00","slug":"international-leadership-forum-luzern-wie-lassen-sich-kmu-zu-internationalem-erfolg-fuehren","status":"publish","type":"post","link":"https:\/\/www.organisator.ch\/it\/management\/2019-07-02\/international-leadership-forum-luzern-wie-lassen-sich-kmu-zu-internationalem-erfolg-fuehren\/","title":{"rendered":"International Leadership Forum Lucerna: Come si possono condurre le PMI al successo internazionale?"},"content":{"rendered":"<figure id=\"attachment_5481\" aria-describedby=\"caption-attachment-5481\" style=\"width: 680px\" class=\"wp-caption alignnone\"><img loading=\"lazy\" decoding=\"async\" class=\"size-medium wp-image-5481\" src=\"https:\/\/www.organisator.ch\/wp-content\/uploads\/2019\/07\/International-Leadership-Forum-Luzern-Wie-lassen-sich-KMU-zu-internationalem-Erfolg-fuehren-1_Organisator.jpg\" alt=\"\" width=\"680\" height=\"378\" srcset=\"https:\/\/www.organisator.ch\/wp-content\/uploads\/2019\/07\/International-Leadership-Forum-Luzern-Wie-lassen-sich-KMU-zu-internationalem-Erfolg-fuehren-1_Organisator.jpg 680w, https:\/\/www.organisator.ch\/wp-content\/uploads\/2019\/07\/International-Leadership-Forum-Luzern-Wie-lassen-sich-KMU-zu-internationalem-Erfolg-fuehren-1_Organisator-16x9.jpg 16w, https:\/\/www.organisator.ch\/wp-content\/uploads\/2019\/07\/International-Leadership-Forum-Luzern-Wie-lassen-sich-KMU-zu-internationalem-Erfolg-fuehren-1_Organisator-315x175.jpg 315w, https:\/\/www.organisator.ch\/wp-content\/uploads\/2019\/07\/International-Leadership-Forum-Luzern-Wie-lassen-sich-KMU-zu-internationalem-Erfolg-fuehren-1_Organisator-630x350.jpg 630w, https:\/\/www.organisator.ch\/wp-content\/uploads\/2019\/07\/International-Leadership-Forum-Luzern-Wie-lassen-sich-KMU-zu-internationalem-Erfolg-fuehren-1_Organisator-300x167.jpg 300w\" sizes=\"auto, (max-width: 680px) 100vw, 680px\" \/><figcaption id=\"caption-attachment-5481\" class=\"wp-caption-text\">Sebastian Huber d\u00e0 il benvenuto agli ospiti del primo International Leadership Forum di Lucerna. (Immagine: Thomas Berner)<\/figcaption><\/figure>\n<p>Il pomeriggio del 26 giugno 2019, presso l'Hotel Radisson Lakefront di Lucerna, si \u00e8 riunito un gruppo di visitatori piccolo e gestibile. Tuttavia, questo ambiente \"intimo\" ha permesso una discussione approfondita sul tema della conferenza \"Leading SMEs to International Success\". L'Istituto di economia aziendale e regionale della Lucerne School of Business ha invitato il Prof. Dr. Ingo Stolz all'evento. Ha guidato un progetto di ricerca sull'\"internazionalizzazione delle PMI\", sostenuto dalla Societ\u00e0 svizzera per l'organizzazione SGO e finanziato da Innosuisse. Questo progetto di ricerca ha affrontato, tra l'altro, la questione di come guidare una PMI verso un'internazionalizzazione di successo e di come garantire il successo del mercato internazionale a lungo termine. \u00c8 sorprendente quanto poco si sapesse finora sulle risposte giuste a questo problema, scrive il Prof. Stolz nella prefazione dello studio.<\/p>\n<h2>Cosa serve per il successo internazionale<\/h2>\n<p>Insieme a Thomas Affolter, Partner e Responsabile della Regione di Mercato Svizzera Centrale di KPMG, il Prof. Stolz riassume alcuni risultati chiave del progetto di ricerca. Le PMI che vogliono posizionarsi a livello internazionale si trovano in diverse aree di tensione. Ad esempio, si tratta del ruolo del manager, ma anche - e questo \u00e8 spesso decisivo - delle competenze e delle risorse esistenti. \"L'internazionalizzazione delle PMI \u00e8 un compito di leadership\", concordano Affolter e Stolz. L'internazionalizzazione deriva essenzialmente da processi imprenditoriali caratterizzati da un'azione continua e proattiva come base per la creazione e l'identificazione di opportunit\u00e0. Dallo studio dei vari \"percorsi di internazionalizzazione\" delle PMI, \u00e8 possibile individuare un modello composto da tre fasi: In primo luogo, una fase di avvio, che comporta l'esplorazione delle opportunit\u00e0. Segue una fase di consolidamento, durante la quale le aziende testano e valutano varie possibilit\u00e0. A questo segue, nella fase di costituzione, l'attuazione coerente e la scalabilit\u00e0 di progetti concreti di internazionalizzazione. Affinch\u00e9 tutto ci\u00f2 abbia successo, sono necessari la consapevolezza del rischio, la strategia, la capacit\u00e0 di apprendimento dell'organizzazione, lo spirito imprenditoriale, la conoscenza interculturale, i partenariati internazionali e un orientamento al mercato basato sulla conoscenza dei propri punti di forza. Nell'ambito del suddetto progetto di ricerca, \u00e8 stato sviluppato uno strumento per misurare e valutare la \"capacit\u00e0 di internazionalizzazione\" di una PMI.<\/p>\n<figure id=\"attachment_5482\" aria-describedby=\"caption-attachment-5482\" style=\"width: 680px\" class=\"wp-caption alignnone\"><img loading=\"lazy\" decoding=\"async\" class=\"size-medium wp-image-5482\" src=\"https:\/\/www.organisator.ch\/wp-content\/uploads\/2019\/07\/International-Leadership-Forum-Luzern-Wie-lassen-sich-KMU-zu-internationalem-Erfolg-fuehren-2_Organisator.jpg\" alt=\"\" width=\"680\" height=\"445\" srcset=\"https:\/\/www.organisator.ch\/wp-content\/uploads\/2019\/07\/International-Leadership-Forum-Luzern-Wie-lassen-sich-KMU-zu-internationalem-Erfolg-fuehren-2_Organisator.jpg 680w, https:\/\/www.organisator.ch\/wp-content\/uploads\/2019\/07\/International-Leadership-Forum-Luzern-Wie-lassen-sich-KMU-zu-internationalem-Erfolg-fuehren-2_Organisator-16x10.jpg 16w, https:\/\/www.organisator.ch\/wp-content\/uploads\/2019\/07\/International-Leadership-Forum-Luzern-Wie-lassen-sich-KMU-zu-internationalem-Erfolg-fuehren-2_Organisator-267x175.jpg 267w, https:\/\/www.organisator.ch\/wp-content\/uploads\/2019\/07\/International-Leadership-Forum-Luzern-Wie-lassen-sich-KMU-zu-internationalem-Erfolg-fuehren-2_Organisator-535x350.jpg 535w, https:\/\/www.organisator.ch\/wp-content\/uploads\/2019\/07\/International-Leadership-Forum-Luzern-Wie-lassen-sich-KMU-zu-internationalem-Erfolg-fuehren-2_Organisator-300x196.jpg 300w\" sizes=\"auto, (max-width: 680px) 100vw, 680px\" \/><figcaption id=\"caption-attachment-5482\" class=\"wp-caption-text\">Katharina Ueltschi ha spiegato la sua strategia di internazionalizzazione con le macchine per cucire Bernina a Singapore, in occasione dell'International Leadership Forum di Lucerna. (Immagine: Thomas Berner)<\/figcaption><\/figure>\n<h2><strong>Qualit\u00e0 svizzera per il mercato asiatico<\/strong><\/h2>\n<p>Katharina Ueltschi ha dato un'idea di come pu\u00f2 essere l'internazionalizzazione nella pratica. \u00c8 l'amministratore delegato di Bernina Singapore. Lei, che vive anch'essa in questa citt\u00e0-stato, si \u00e8 prefissata il compito di rendere popolare il cucito con le macchine per cucire Bernina nella regione asiatica. L'autrice ha raccontato come sia riuscita a sfruttare la sua rete internazionale, costruita nel corso delle sue varie posizioni professionali presso grandi marchi del lusso, per creare una filiale in Asia. \"La rete \u00e8 assolutamente fondamentale\", ha dichiarato Ueltschi. \u00c8 stato l'unico modo in cui \u00e8 riuscita a farsi strada con il marchio Bernina. A Singapore, ad esempio, \u00e8 fondamentale conoscere personalmente le importanti famiglie di magnati. Inoltre, si muove principalmente nelle reti locali, \"non nei numerosi club di espatriati\". Perch\u00e9 cos\u00ec potrei rimanere in Svizzera\", continua Ueltschi. Questa coltivazione di relazioni le ha permesso di aprire un concept store per le macchine Bernina in una buona posizione. La sua strategia \u00e8 chiara: andare direttamente al cliente finale, senza intermediari. Di conseguenza, Katharina Ueltschi sta investendo molto nel marketing di Bernina Singapore per aumentare la \"consapevolezza del marchio\" - \"\u00e8 un must assoluto! - per aumentarlo.<\/p>\n<h2>I workshop mostrano diverse strategie di internazionalizzazione<\/h2>\n<p>In tre workshop, altre aziende hanno fornito informazioni sulle loro strategie di internazionalizzazione. Pohland AG, fornitore di sistemi e assemblaggi meccatronici con 17 dipendenti, realizza attualmente solo l'8% del suo fatturato all'estero, principalmente in Germania. L'amministratore delegato Carsten Pohland si \u00e8 posto l'obiettivo di aumentare questa quota al 20% nei prossimi cinque anni. I primi approcci sono stati promettenti, e ora il mercato tedesco deve essere ulteriormente sviluppato attraverso misure mirate lungo il percorso del cliente, sempre nell'ambito delle possibilit\u00e0 a disposizione della piccola azienda. Un'azienda molto pi\u00f9 grande \u00e8 Leister AG, produttrice di attrezzature per la saldatura delle materie plastiche. Nel suo workshop, Christoph Baumgartner, membro del consiglio di amministrazione, ha dato ai partecipanti consigli pratici su ci\u00f2 che le aziende dovrebbero cercare nelle loro strategie di internazionalizzazione. Infine, ha fatto riferimento all'esperienza della sua azienda, ad esempio con una rete di partner di distribuzione cresciuta organicamente. La start-up SwissLuggage AG con il CEO J\u00fcrg Mischler, invece, ha proceduto in modo molto sistematico: Per la strategia di distribuzione internazionale, \u00e8 stata innanzitutto analizzata la struttura esistente, sono stati identificati i casi migliori e sono stati illustrati gli obiettivi e le opzioni strategiche mediante un'analisi SWOT. Su questa base, il produttore di valigie di alta qualit\u00e0 ha sviluppato uno scenario concreto, che \u00e8 stato poi implementato. I risultati sono promettenti: grazie a una soluzione espositiva sofisticata, i prodotti attirano l'attenzione e le vendite del commercio specializzato.<\/p>\n<figure id=\"attachment_5483\" aria-describedby=\"caption-attachment-5483\" style=\"width: 680px\" class=\"wp-caption alignnone\"><img loading=\"lazy\" decoding=\"async\" class=\"size-medium wp-image-5483\" src=\"https:\/\/www.organisator.ch\/wp-content\/uploads\/2019\/07\/International-Leadership-Forum-Luzern-Wie-lassen-sich-KMU-zu-internationalem-Erfolg-fuehren-3_Organisator.jpg\" alt=\"\" width=\"680\" height=\"412\" srcset=\"https:\/\/www.organisator.ch\/wp-content\/uploads\/2019\/07\/International-Leadership-Forum-Luzern-Wie-lassen-sich-KMU-zu-internationalem-Erfolg-fuehren-3_Organisator.jpg 680w, https:\/\/www.organisator.ch\/wp-content\/uploads\/2019\/07\/International-Leadership-Forum-Luzern-Wie-lassen-sich-KMU-zu-internationalem-Erfolg-fuehren-3_Organisator-16x10.jpg 16w, https:\/\/www.organisator.ch\/wp-content\/uploads\/2019\/07\/International-Leadership-Forum-Luzern-Wie-lassen-sich-KMU-zu-internationalem-Erfolg-fuehren-3_Organisator-289x175.jpg 289w, https:\/\/www.organisator.ch\/wp-content\/uploads\/2019\/07\/International-Leadership-Forum-Luzern-Wie-lassen-sich-KMU-zu-internationalem-Erfolg-fuehren-3_Organisator-578x350.jpg 578w, https:\/\/www.organisator.ch\/wp-content\/uploads\/2019\/07\/International-Leadership-Forum-Luzern-Wie-lassen-sich-KMU-zu-internationalem-Erfolg-fuehren-3_Organisator-300x182.jpg 300w\" sizes=\"auto, (max-width: 680px) 100vw, 680px\" \/><figcaption id=\"caption-attachment-5483\" class=\"wp-caption-text\">Il Prof. Dr. Ingo Stolz (seduto) e Carsten Pohland durante il workshop \"Meaningful scaling for SMEs\". (Foto: Thomas Berner)<\/figcaption><\/figure>\n<h2>Molte risposte corrette<\/h2>\n<p>Davanti alla plenaria, J\u00fcrg Brand, presidente del consiglio di amministrazione di vonRoll hydro AG, ha illustrato le prospettive internazionali orientate all'innovazione - con l'esempio di \"zerowaterloss\", che mira a prevenire le perdite d'acqua attraverso le tubature che perdono - e Oliver Imfeld, manager di DJ Bobo, ha mostrato cosa si pu\u00f2 imparare dal suo successo commerciale internazionale. Perch\u00e9 anche una star dello spettacolo \u00e8 in fondo una PMI.<\/p>\n<p>Nel complesso, l'International Leadership Forum di Lucerna \u00e8 stato caratterizzato da una grande vicinanza alla pratica. Le aziende presenti e coinvolte nel progetto di ricerca sono state in grado di dimostrare che esistono molte risposte corrette alla domanda su come condurre una PMI al successo internazionale. Attendiamo con ansia l'ulteriore sviluppo dell'evento e la sua prossima realizzazione. In ogni caso, speriamo che l'International Leadership Forum di Lucerna abbia un impatto pi\u00f9 ampio.<\/p>\n<p><em>Ulteriori informazioni:<\/em><\/p>\n<ul>\n<li><em><a href=\"https:\/\/www.hslu.ch\/ilfl\">https:\/\/www.hslu.ch\/ilfl<\/a> (con link ai singoli relatori)<\/em><\/li>\n<li><em>Allo studio (direttamente come download o per ordinare tramite modulo: <a href=\"https:\/\/www.hslu.ch\/kmu-international\">https:\/\/www.hslu.ch\/kmu-international<\/a>)<\/em><\/li>\n<li><em>Intervista di Ingo Stolz a CNN Money Svizzera: <a href=\"https:\/\/www.cnnmoney.ch\/shows\/living-markets\/videos\/ingo-stolz-why-swiss-start-ups-shouldnt-compete-price\">https:\/\/www.cnnmoney.ch\/shows\/living-markets\/videos\/ingo-stolz-why-swiss-start-ups-shouldnt-compete-price<\/a><\/em><\/li>\n<\/ul>\n<p>&nbsp;<\/p>","protected":false},"excerpt":{"rendered":"<p>Es war eine kleine, \u00fcberschaubare Besucherschar, die sich am Nachmittag des 26. Juni 2019 im Hotel Radisson Lakefront in Luzern einfanden. Dieser \u00abintime\u00bb Rahmen erlaubte jedoch erst recht eine vertiefte Auseinandersetzung mit dem Tagungsthema \u00abKMU zum internationalen Erfolg f\u00fchren\u00bb. Zum Anlass eingeladen hatte das Institut f\u00fcr Betriebs- und Regional\u00f6konomie der Hochschule Luzern \u2013 Wirtschaft mit [&hellip;]<\/p>\n","protected":false},"author":4,"featured_media":5483,"comment_status":"open","ping_status":"open","sticky":false,"template":"","format":"standard","meta":{"_acf_changed":false,"_yoast_wpseo_focuskw":"International Leadership Forum","_yoast_wpseo_metadesc":"Am 26. Juni 2019 fand erstmals das International Leadership Forum Luzern statt. Der Anlass bildete den Abschluss eines mehrj\u00e4hrigen Forschungsprojekts.","articlekey":"","footnotes":""},"categories":[28],"tags":[193,280,335,492,533],"class_list":["post-5480","post","type-post","status-publish","format-standard","has-post-thumbnail","hentry","category-management","tag-fachkongressfachmesse","tag-internationalisierung","tag-management-und-unternehmensfuehrung","tag-unternehmen","tag-wissenschaft"],"acf":[],"yoast_head":"<!-- This site is optimized with the Yoast SEO plugin v27.4 - https:\/\/yoast.com\/product\/yoast-seo-wordpress\/ -->\n<title>International Leadership Forum Luzern: Wie lassen sich KMU zu internationalem Erfolg f\u00fchren? - Organisator<\/title>\n<meta name=\"description\" content=\"Am 26. Juni 2019 fand erstmals das International Leadership Forum Luzern statt. Der Anlass bildete den Abschluss eines mehrj\u00e4hrigen Forschungsprojekts.\" \/>\n<meta name=\"robots\" content=\"index, follow, max-snippet:-1, max-image-preview:large, max-video-preview:-1\" \/>\n<link rel=\"canonical\" href=\"https:\/\/www.organisator.ch\/it\/gestione-2\/2019-07-02\/international-leadership-forum-luzern-wie-lassen-sich-kmu-zu-internationalem-erfolg-fuehren\/\" \/>\n<meta property=\"og:locale\" content=\"it_IT\" \/>\n<meta property=\"og:type\" content=\"article\" \/>\n<meta property=\"og:title\" content=\"International Leadership Forum Luzern: Wie lassen sich KMU zu internationalem Erfolg f\u00fchren?\" \/>\n<meta property=\"og:description\" content=\"Am 26. Juni 2019 fand erstmals das International Leadership Forum Luzern statt. Der Anlass bildete den Abschluss eines mehrj\u00e4hrigen Forschungsprojekts.\" \/>\n<meta property=\"og:url\" content=\"https:\/\/www.organisator.ch\/it\/gestione-2\/2019-07-02\/international-leadership-forum-luzern-wie-lassen-sich-kmu-zu-internationalem-erfolg-fuehren\/\" \/>\n<meta property=\"og:site_name\" content=\"Organisator\" \/>\n<meta property=\"article:publisher\" content=\"https:\/\/www.facebook.com\/OrganisatorFachmagazin\" \/>\n<meta property=\"article:published_time\" content=\"2019-07-02T06:36:00+00:00\" \/>\n<meta property=\"og:image\" content=\"https:\/\/www.organisator.ch\/wp-content\/uploads\/2019\/07\/International-Leadership-Forum-Luzern-Wie-lassen-sich-KMU-zu-internationalem-Erfolg-fuehren-1_Organisator.jpg\" \/>\n\t<meta property=\"og:image:width\" content=\"680\" \/>\n\t<meta property=\"og:image:height\" content=\"378\" \/>\n\t<meta property=\"og:image:type\" content=\"image\/jpeg\" \/>\n<meta name=\"author\" content=\"thomas.berner\" \/>\n<meta name=\"twitter:card\" content=\"summary_large_image\" \/>\n<meta name=\"twitter:title\" content=\"International Leadership Forum Luzern #ILFL: Wie lassen sich KMU zu internationalem Erfolg f\u00fchren?\" \/>\n<meta name=\"twitter:description\" content=\"Am 26. Juni 2019 fand erstmals das International Leadership Forum Luzern #ILFL statt. Der Anlass bildete den Abschluss eines mehrj\u00e4hrigen #Forschungsprojekts.\" \/>\n<meta name=\"twitter:image\" content=\"https:\/\/www.organisator.ch\/wp-content\/uploads\/2019\/07\/International-Leadership-Forum-Luzern-Wie-lassen-sich-KMU-zu-internationalem-Erfolg-f\u00fchren-1_Organisator.jpg\" \/>\n<script type=\"application\/ld+json\" class=\"yoast-schema-graph\">{\"@context\":\"https:\\\/\\\/schema.org\",\"@graph\":[{\"@type\":\"Article\",\"@id\":\"https:\\\/\\\/www.organisator.ch\\\/management\\\/2019-07-02\\\/international-leadership-forum-luzern-wie-lassen-sich-kmu-zu-internationalem-erfolg-fuehren\\\/#article\",\"isPartOf\":{\"@id\":\"https:\\\/\\\/www.organisator.ch\\\/management\\\/2019-07-02\\\/international-leadership-forum-luzern-wie-lassen-sich-kmu-zu-internationalem-erfolg-fuehren\\\/\"},\"author\":{\"name\":\"thomas.berner\",\"@id\":\"https:\\\/\\\/www.organisator.ch\\\/#\\\/schema\\\/person\\\/6f650f90b2842cd4c0cc334b4e36f67e\"},\"headline\":\"International Leadership Forum Luzern: Wie lassen sich KMU zu internationalem Erfolg f\u00fchren?\",\"datePublished\":\"2019-07-02T06:36:00+00:00\",\"mainEntityOfPage\":{\"@id\":\"https:\\\/\\\/www.organisator.ch\\\/management\\\/2019-07-02\\\/international-leadership-forum-luzern-wie-lassen-sich-kmu-zu-internationalem-erfolg-fuehren\\\/\"},\"wordCount\":1051,\"commentCount\":0,\"publisher\":{\"@id\":\"https:\\\/\\\/www.organisator.ch\\\/#organization\"},\"image\":{\"@id\":\"https:\\\/\\\/www.organisator.ch\\\/management\\\/2019-07-02\\\/international-leadership-forum-luzern-wie-lassen-sich-kmu-zu-internationalem-erfolg-fuehren\\\/#primaryimage\"},\"thumbnailUrl\":\"https:\\\/\\\/www.organisator.ch\\\/wp-content\\\/uploads\\\/2019\\\/07\\\/International-Leadership-Forum-Luzern-Wie-lassen-sich-KMU-zu-internationalem-Erfolg-fuehren-3_Organisator.jpg\",\"keywords\":[\"Fachkongress\\\/Fachmesse\",\"Internationalisierung\",\"Management und Unternehmensf\u00fchrung\",\"Unternehmen\",\"Wissenschaft\"],\"articleSection\":[\"MANAGEMENT\"],\"inLanguage\":\"it-IT\"},{\"@type\":\"WebPage\",\"@id\":\"https:\\\/\\\/www.organisator.ch\\\/management\\\/2019-07-02\\\/international-leadership-forum-luzern-wie-lassen-sich-kmu-zu-internationalem-erfolg-fuehren\\\/\",\"url\":\"https:\\\/\\\/www.organisator.ch\\\/management\\\/2019-07-02\\\/international-leadership-forum-luzern-wie-lassen-sich-kmu-zu-internationalem-erfolg-fuehren\\\/\",\"name\":\"International Leadership Forum Luzern: Wie lassen sich KMU zu internationalem Erfolg f\u00fchren? - Organisator\",\"isPartOf\":{\"@id\":\"https:\\\/\\\/www.organisator.ch\\\/#website\"},\"primaryImageOfPage\":{\"@id\":\"https:\\\/\\\/www.organisator.ch\\\/management\\\/2019-07-02\\\/international-leadership-forum-luzern-wie-lassen-sich-kmu-zu-internationalem-erfolg-fuehren\\\/#primaryimage\"},\"image\":{\"@id\":\"https:\\\/\\\/www.organisator.ch\\\/management\\\/2019-07-02\\\/international-leadership-forum-luzern-wie-lassen-sich-kmu-zu-internationalem-erfolg-fuehren\\\/#primaryimage\"},\"thumbnailUrl\":\"https:\\\/\\\/www.organisator.ch\\\/wp-content\\\/uploads\\\/2019\\\/07\\\/International-Leadership-Forum-Luzern-Wie-lassen-sich-KMU-zu-internationalem-Erfolg-fuehren-3_Organisator.jpg\",\"datePublished\":\"2019-07-02T06:36:00+00:00\",\"description\":\"Am 26. Juni 2019 fand erstmals das International Leadership Forum Luzern statt. Der Anlass bildete den Abschluss eines mehrj\u00e4hrigen Forschungsprojekts.\",\"breadcrumb\":{\"@id\":\"https:\\\/\\\/www.organisator.ch\\\/management\\\/2019-07-02\\\/international-leadership-forum-luzern-wie-lassen-sich-kmu-zu-internationalem-erfolg-fuehren\\\/#breadcrumb\"},\"inLanguage\":\"it-IT\",\"potentialAction\":[{\"@type\":\"ReadAction\",\"target\":[\"https:\\\/\\\/www.organisator.ch\\\/management\\\/2019-07-02\\\/international-leadership-forum-luzern-wie-lassen-sich-kmu-zu-internationalem-erfolg-fuehren\\\/\"]}]},{\"@type\":\"ImageObject\",\"inLanguage\":\"it-IT\",\"@id\":\"https:\\\/\\\/www.organisator.ch\\\/management\\\/2019-07-02\\\/international-leadership-forum-luzern-wie-lassen-sich-kmu-zu-internationalem-erfolg-fuehren\\\/#primaryimage\",\"url\":\"https:\\\/\\\/www.organisator.ch\\\/wp-content\\\/uploads\\\/2019\\\/07\\\/International-Leadership-Forum-Luzern-Wie-lassen-sich-KMU-zu-internationalem-Erfolg-fuehren-3_Organisator.jpg\",\"contentUrl\":\"https:\\\/\\\/www.organisator.ch\\\/wp-content\\\/uploads\\\/2019\\\/07\\\/International-Leadership-Forum-Luzern-Wie-lassen-sich-KMU-zu-internationalem-Erfolg-fuehren-3_Organisator.jpg\",\"width\":680,\"height\":412,\"caption\":\"Prof. Dr. Ingo Stolz (sitzend) und Carsten Pohland im Workshop zum Thema \\\"Sinnvolle Skalierung f\u00fcr KMU\\\". (Bild: Thomas Berner)\"},{\"@type\":\"BreadcrumbList\",\"@id\":\"https:\\\/\\\/www.organisator.ch\\\/management\\\/2019-07-02\\\/international-leadership-forum-luzern-wie-lassen-sich-kmu-zu-internationalem-erfolg-fuehren\\\/#breadcrumb\",\"itemListElement\":[{\"@type\":\"ListItem\",\"position\":1,\"name\":\"Home\",\"item\":\"https:\\\/\\\/www.organisator.ch\\\/\"},{\"@type\":\"ListItem\",\"position\":2,\"name\":\"International Leadership Forum Luzern: Wie lassen sich KMU zu internationalem Erfolg f\u00fchren?\"}]},{\"@type\":\"WebSite\",\"@id\":\"https:\\\/\\\/www.organisator.ch\\\/#website\",\"url\":\"https:\\\/\\\/www.organisator.ch\\\/\",\"name\":\"Organisator\",\"description\":\"Kompetent. Praxisnah. Der ORGANISATOR bereitet in 10 Ausgaben pro Jahr die wesentlichen Themen f\u00fcr F\u00fchrungskr\u00e4fte von KMU auf.\",\"publisher\":{\"@id\":\"https:\\\/\\\/www.organisator.ch\\\/#organization\"},\"potentialAction\":[{\"@type\":\"SearchAction\",\"target\":{\"@type\":\"EntryPoint\",\"urlTemplate\":\"https:\\\/\\\/www.organisator.ch\\\/?s={search_term_string}\"},\"query-input\":{\"@type\":\"PropertyValueSpecification\",\"valueRequired\":true,\"valueName\":\"search_term_string\"}}],\"inLanguage\":\"it-IT\"},{\"@type\":\"Organization\",\"@id\":\"https:\\\/\\\/www.organisator.ch\\\/#organization\",\"name\":\"Organisator\",\"url\":\"https:\\\/\\\/www.organisator.ch\\\/\",\"logo\":{\"@type\":\"ImageObject\",\"inLanguage\":\"it-IT\",\"@id\":\"https:\\\/\\\/www.organisator.ch\\\/#\\\/schema\\\/logo\\\/image\\\/\",\"url\":\"https:\\\/\\\/www.organisator.ch\\\/wp-content\\\/uploads\\\/2022\\\/01\\\/Logo_Organisator_Website.png\",\"contentUrl\":\"https:\\\/\\\/www.organisator.ch\\\/wp-content\\\/uploads\\\/2022\\\/01\\\/Logo_Organisator_Website.png\",\"width\":800,\"height\":77,\"caption\":\"Organisator\"},\"image\":{\"@id\":\"https:\\\/\\\/www.organisator.ch\\\/#\\\/schema\\\/logo\\\/image\\\/\"},\"sameAs\":[\"https:\\\/\\\/www.facebook.com\\\/OrganisatorFachmagazin\",\"https:\\\/\\\/www.linkedin.com\\\/showcase\\\/organisator-das-magazin-fr-kmu\",\"https:\\\/\\\/www.xing.com\\\/news\\\/pages\\\/organisator-ch-695\",\"https:\\\/\\\/www.youtube.com\\\/channel\\\/UCGP2Sq0iWaZwT3BdIAQFYpw\"]},{\"@type\":\"Person\",\"@id\":\"https:\\\/\\\/www.organisator.ch\\\/#\\\/schema\\\/person\\\/6f650f90b2842cd4c0cc334b4e36f67e\",\"name\":\"thomas.berner\",\"image\":{\"@type\":\"ImageObject\",\"inLanguage\":\"it-IT\",\"@id\":\"https:\\\/\\\/secure.gravatar.com\\\/avatar\\\/ac5001d2a36cb6c6cd3e50789007ffca834b477b74a2144564522e944eabff61?s=96&d=mm&r=g\",\"url\":\"https:\\\/\\\/secure.gravatar.com\\\/avatar\\\/ac5001d2a36cb6c6cd3e50789007ffca834b477b74a2144564522e944eabff61?s=96&d=mm&r=g\",\"contentUrl\":\"https:\\\/\\\/secure.gravatar.com\\\/avatar\\\/ac5001d2a36cb6c6cd3e50789007ffca834b477b74a2144564522e944eabff61?s=96&d=mm&r=g\",\"caption\":\"thomas.berner\"},\"url\":\"https:\\\/\\\/www.organisator.ch\\\/it\\\/author\\\/thomas-berner\\\/\"}]}<\/script>\n<!-- \/ Yoast SEO plugin. -->","yoast_head_json":{"title":"International Leadership Forum Lucerna: come guidare le PMI al successo internazionale? - Organizzatore","description":"Il 26 giugno 2019 si \u00e8 svolto per la prima volta l'International Leadership Forum di Lucerna. L'evento ha segnato la conclusione di un progetto di ricerca pluriennale.","robots":{"index":"index","follow":"follow","max-snippet":"max-snippet:-1","max-image-preview":"max-image-preview:large","max-video-preview":"max-video-preview:-1"},"canonical":"https:\/\/www.organisator.ch\/it\/gestione-2\/2019-07-02\/international-leadership-forum-luzern-wie-lassen-sich-kmu-zu-internationalem-erfolg-fuehren\/","og_locale":"it_IT","og_type":"article","og_title":"International Leadership Forum Luzern: Wie lassen sich KMU zu internationalem Erfolg f\u00fchren?","og_description":"Am 26. Juni 2019 fand erstmals das International Leadership Forum Luzern statt. Der Anlass bildete den Abschluss eines mehrj\u00e4hrigen Forschungsprojekts.","og_url":"https:\/\/www.organisator.ch\/it\/gestione-2\/2019-07-02\/international-leadership-forum-luzern-wie-lassen-sich-kmu-zu-internationalem-erfolg-fuehren\/","og_site_name":"Organisator","article_publisher":"https:\/\/www.facebook.com\/OrganisatorFachmagazin","article_published_time":"2019-07-02T06:36:00+00:00","og_image":[{"width":680,"height":378,"url":"https:\/\/www.organisator.ch\/wp-content\/uploads\/2019\/07\/International-Leadership-Forum-Luzern-Wie-lassen-sich-KMU-zu-internationalem-Erfolg-fuehren-1_Organisator.jpg","type":"image\/jpeg"}],"author":"thomas.berner","twitter_card":"summary_large_image","twitter_title":"International Leadership Forum Luzern #ILFL: Wie lassen sich KMU zu internationalem Erfolg f\u00fchren?","twitter_description":"Am 26. Juni 2019 fand erstmals das International Leadership Forum Luzern #ILFL statt. Der Anlass bildete den Abschluss eines mehrj\u00e4hrigen #Forschungsprojekts.","twitter_image":"https:\/\/www.organisator.ch\/wp-content\/uploads\/2019\/07\/International-Leadership-Forum-Luzern-Wie-lassen-sich-KMU-zu-internationalem-Erfolg-f\u00fchren-1_Organisator.jpg","schema":{"@context":"https:\/\/schema.org","@graph":[{"@type":"Article","@id":"https:\/\/www.organisator.ch\/management\/2019-07-02\/international-leadership-forum-luzern-wie-lassen-sich-kmu-zu-internationalem-erfolg-fuehren\/#article","isPartOf":{"@id":"https:\/\/www.organisator.ch\/management\/2019-07-02\/international-leadership-forum-luzern-wie-lassen-sich-kmu-zu-internationalem-erfolg-fuehren\/"},"author":{"name":"thomas.berner","@id":"https:\/\/www.organisator.ch\/#\/schema\/person\/6f650f90b2842cd4c0cc334b4e36f67e"},"headline":"International Leadership Forum Luzern: Wie lassen sich KMU zu internationalem Erfolg f\u00fchren?","datePublished":"2019-07-02T06:36:00+00:00","mainEntityOfPage":{"@id":"https:\/\/www.organisator.ch\/management\/2019-07-02\/international-leadership-forum-luzern-wie-lassen-sich-kmu-zu-internationalem-erfolg-fuehren\/"},"wordCount":1051,"commentCount":0,"publisher":{"@id":"https:\/\/www.organisator.ch\/#organization"},"image":{"@id":"https:\/\/www.organisator.ch\/management\/2019-07-02\/international-leadership-forum-luzern-wie-lassen-sich-kmu-zu-internationalem-erfolg-fuehren\/#primaryimage"},"thumbnailUrl":"https:\/\/www.organisator.ch\/wp-content\/uploads\/2019\/07\/International-Leadership-Forum-Luzern-Wie-lassen-sich-KMU-zu-internationalem-Erfolg-fuehren-3_Organisator.jpg","keywords":["Fachkongress\/Fachmesse","Internationalisierung","Management und Unternehmensf\u00fchrung","Unternehmen","Wissenschaft"],"articleSection":["MANAGEMENT"],"inLanguage":"it-IT"},{"@type":"WebPage","@id":"https:\/\/www.organisator.ch\/management\/2019-07-02\/international-leadership-forum-luzern-wie-lassen-sich-kmu-zu-internationalem-erfolg-fuehren\/","url":"https:\/\/www.organisator.ch\/management\/2019-07-02\/international-leadership-forum-luzern-wie-lassen-sich-kmu-zu-internationalem-erfolg-fuehren\/","name":"International Leadership Forum Lucerna: come guidare le PMI al successo internazionale? - Organizzatore","isPartOf":{"@id":"https:\/\/www.organisator.ch\/#website"},"primaryImageOfPage":{"@id":"https:\/\/www.organisator.ch\/management\/2019-07-02\/international-leadership-forum-luzern-wie-lassen-sich-kmu-zu-internationalem-erfolg-fuehren\/#primaryimage"},"image":{"@id":"https:\/\/www.organisator.ch\/management\/2019-07-02\/international-leadership-forum-luzern-wie-lassen-sich-kmu-zu-internationalem-erfolg-fuehren\/#primaryimage"},"thumbnailUrl":"https:\/\/www.organisator.ch\/wp-content\/uploads\/2019\/07\/International-Leadership-Forum-Luzern-Wie-lassen-sich-KMU-zu-internationalem-Erfolg-fuehren-3_Organisator.jpg","datePublished":"2019-07-02T06:36:00+00:00","description":"Il 26 giugno 2019 si \u00e8 svolto per la prima volta l'International Leadership Forum di Lucerna. L'evento ha segnato la conclusione di un progetto di ricerca pluriennale.","breadcrumb":{"@id":"https:\/\/www.organisator.ch\/management\/2019-07-02\/international-leadership-forum-luzern-wie-lassen-sich-kmu-zu-internationalem-erfolg-fuehren\/#breadcrumb"},"inLanguage":"it-IT","potentialAction":[{"@type":"ReadAction","target":["https:\/\/www.organisator.ch\/management\/2019-07-02\/international-leadership-forum-luzern-wie-lassen-sich-kmu-zu-internationalem-erfolg-fuehren\/"]}]},{"@type":"ImageObject","inLanguage":"it-IT","@id":"https:\/\/www.organisator.ch\/management\/2019-07-02\/international-leadership-forum-luzern-wie-lassen-sich-kmu-zu-internationalem-erfolg-fuehren\/#primaryimage","url":"https:\/\/www.organisator.ch\/wp-content\/uploads\/2019\/07\/International-Leadership-Forum-Luzern-Wie-lassen-sich-KMU-zu-internationalem-Erfolg-fuehren-3_Organisator.jpg","contentUrl":"https:\/\/www.organisator.ch\/wp-content\/uploads\/2019\/07\/International-Leadership-Forum-Luzern-Wie-lassen-sich-KMU-zu-internationalem-Erfolg-fuehren-3_Organisator.jpg","width":680,"height":412,"caption":"Prof. Dr. Ingo Stolz (sitzend) und Carsten Pohland im Workshop zum Thema \"Sinnvolle Skalierung f\u00fcr KMU\". (Bild: Thomas Berner)"},{"@type":"BreadcrumbList","@id":"https:\/\/www.organisator.ch\/management\/2019-07-02\/international-leadership-forum-luzern-wie-lassen-sich-kmu-zu-internationalem-erfolg-fuehren\/#breadcrumb","itemListElement":[{"@type":"ListItem","position":1,"name":"Home","item":"https:\/\/www.organisator.ch\/"},{"@type":"ListItem","position":2,"name":"International Leadership Forum Luzern: Wie lassen sich KMU zu internationalem Erfolg f\u00fchren?"}]},{"@type":"WebSite","@id":"https:\/\/www.organisator.ch\/#website","url":"https:\/\/www.organisator.ch\/","name":"Organizzatore","description":"Competente. Pratico. In 10 numeri all'anno, ORGANISATOR presenta i temi essenziali per i manager delle PMI.","publisher":{"@id":"https:\/\/www.organisator.ch\/#organization"},"potentialAction":[{"@type":"SearchAction","target":{"@type":"EntryPoint","urlTemplate":"https:\/\/www.organisator.ch\/?s={search_term_string}"},"query-input":{"@type":"PropertyValueSpecification","valueRequired":true,"valueName":"search_term_string"}}],"inLanguage":"it-IT"},{"@type":"Organization","@id":"https:\/\/www.organisator.ch\/#organization","name":"Organizzatore","url":"https:\/\/www.organisator.ch\/","logo":{"@type":"ImageObject","inLanguage":"it-IT","@id":"https:\/\/www.organisator.ch\/#\/schema\/logo\/image\/","url":"https:\/\/www.organisator.ch\/wp-content\/uploads\/2022\/01\/Logo_Organisator_Website.png","contentUrl":"https:\/\/www.organisator.ch\/wp-content\/uploads\/2022\/01\/Logo_Organisator_Website.png","width":800,"height":77,"caption":"Organisator"},"image":{"@id":"https:\/\/www.organisator.ch\/#\/schema\/logo\/image\/"},"sameAs":["https:\/\/www.facebook.com\/OrganisatorFachmagazin","https:\/\/www.linkedin.com\/showcase\/organisator-das-magazin-fr-kmu","https:\/\/www.xing.com\/news\/pages\/organisator-ch-695","https:\/\/www.youtube.com\/channel\/UCGP2Sq0iWaZwT3BdIAQFYpw"]},{"@type":"Person","@id":"https:\/\/www.organisator.ch\/#\/schema\/person\/6f650f90b2842cd4c0cc334b4e36f67e","name":"Tommaso.berner","image":{"@type":"ImageObject","inLanguage":"it-IT","@id":"https:\/\/secure.gravatar.com\/avatar\/ac5001d2a36cb6c6cd3e50789007ffca834b477b74a2144564522e944eabff61?s=96&d=mm&r=g","url":"https:\/\/secure.gravatar.com\/avatar\/ac5001d2a36cb6c6cd3e50789007ffca834b477b74a2144564522e944eabff61?s=96&d=mm&r=g","contentUrl":"https:\/\/secure.gravatar.com\/avatar\/ac5001d2a36cb6c6cd3e50789007ffca834b477b74a2144564522e944eabff61?s=96&d=mm&r=g","caption":"thomas.berner"},"url":"https:\/\/www.organisator.ch\/it\/author\/thomas-berner\/"}]}},"_links":{"self":[{"href":"https:\/\/www.organisator.ch\/it\/wp-json\/wp\/v2\/posts\/5480","targetHints":{"allow":["GET"]}}],"collection":[{"href":"https:\/\/www.organisator.ch\/it\/wp-json\/wp\/v2\/posts"}],"about":[{"href":"https:\/\/www.organisator.ch\/it\/wp-json\/wp\/v2\/types\/post"}],"author":[{"embeddable":true,"href":"https:\/\/www.organisator.ch\/it\/wp-json\/wp\/v2\/users\/4"}],"replies":[{"embeddable":true,"href":"https:\/\/www.organisator.ch\/it\/wp-json\/wp\/v2\/comments?post=5480"}],"version-history":[{"count":0,"href":"https:\/\/www.organisator.ch\/it\/wp-json\/wp\/v2\/posts\/5480\/revisions"}],"wp:featuredmedia":[{"embeddable":true,"href":"https:\/\/www.organisator.ch\/it\/wp-json\/wp\/v2\/media\/5483"}],"wp:attachment":[{"href":"https:\/\/www.organisator.ch\/it\/wp-json\/wp\/v2\/media?parent=5480"}],"wp:term":[{"taxonomy":"category","embeddable":true,"href":"https:\/\/www.organisator.ch\/it\/wp-json\/wp\/v2\/categories?post=5480"},{"taxonomy":"post_tag","embeddable":true,"href":"https:\/\/www.organisator.ch\/it\/wp-json\/wp\/v2\/tags?post=5480"}],"curies":[{"name":"wp","href":"https:\/\/api.w.org\/{rel}","templated":true}]}}